{"id":5455,"date":"2022-03-22T08:48:02","date_gmt":"2022-03-22T08:48:02","guid":{"rendered":"https:\/\/allasorias.hu\/hirek\/?p=5455"},"modified":"2022-03-22T08:48:02","modified_gmt":"2022-03-22T08:48:02","slug":"terveznek-letszambovitest-a-magyarorszagi-vallalatok","status":"publish","type":"post","link":"https:\/\/allasorias.hu\/hirek\/terveznek-letszambovitest-a-magyarorszagi-vallalatok\/","title":{"rendered":"Terveznek l\u00e9tsz\u00e1mb\u0151v\u00edt\u00e9st a magyarorsz\u00e1gi v\u00e1llalatok"},"content":{"rendered":"<p><strong>Az \u00e1ll\u00e1skeres\u0151k k\u00fcl\u00f6n\u00f6sen az IT, technol\u00f3gia, t\u00e1vk\u00f6zl\u00e9s, kommunik\u00e1ci\u00f3 \u00e9s m\u00e9dia, illetve a nagy- \u00e9s kiskereskedelmi szegmensekben sz\u00e1m\u00edthatnak \u00e9l\u00e9nk munkaer\u0151keresletre \u2013 der\u00fcl ki a ManpowerGroup ma k\u00f6zz\u00e9tett Munkaer\u0151piaci El\u0151rejelz\u00e9s\u00e9b\u0151l. <\/strong><\/p>\n<p>A k\u00f6vetkez\u0151 negyed\u00e9vben a hazai munk\u00e1ltat\u00f3k 32 sz\u00e1zal\u00e9ka jelez el\u0151re b\u0151v\u00fcl\u00e9st jelenlegi munkaer\u0151-\u00e1llom\u00e1ny\u00e1ban, mik\u00f6zben cs\u00f6kkent\u00e9st 19 sz\u00e1zal\u00e9kuk tervez. A hazai c\u00e9gek k\u00f6zel harmada tervez l\u00e9tsz\u00e1mb\u0151v\u00edt\u00e9st a m\u00e1sodik negyed\u00e9vben. A ManpowerGroup a vil\u00e1g 40 orsz\u00e1g\u00e1ban, \u00f6sszesen t\u00f6bb mint 41 ezer munk\u00e1ltat\u00f3 k\u00f6r\u00e9ben folytatta le negyed\u00e9ves felm\u00e9r\u00e9s\u00e9t, melynek keret\u00e9ben Magyarorsz\u00e1gon a munk\u00e1ltat\u00f3k 515 f\u0151s reprezentat\u00edv mint\u00e1j\u00e1t k\u00e9rdezt\u00e9k meg m\u00e1sodik negyed\u00e9ves munkaer\u0151-felv\u00e9teli sz\u00e1nd\u00e9kaikr\u00f3l. A munk\u00e1ltat\u00f3i v\u00e1laszokb\u00f3l sz\u00e1rmaztatott Nett\u00f3 Foglalkoztat\u00e1si Mutat\u00f3 +13 sz\u00e1zal\u00e9kos \u00e1tlagos \u00e9rt\u00e9ke 4 sz\u00e1zal\u00e9kponttal elmarad ugyan az el\u0151z\u0151 negyed\u00e9v +17 sz\u00e1zal\u00e9kos \u00e9rt\u00e9k\u00e9t\u0151l, de jelent\u0151sen magasabb az egy \u00e9vvel kor\u00e1bbi +2 sz\u00e1zal\u00e9kos szintn\u00e9l. \u201eKiemelked\u0151 \u00e9vkezd\u00e9s k\u00f6vet\u0151en a m\u00e1sodik negyed\u00e9vre foglalkoztat\u00e1si felm\u00e9r\u00e9s\u00fcnk valamivel visszafogottabb, de tov\u00e1bbra is er\u0151teljes n\u00f6veked\u00e9st prognosztiz\u00e1l \u2013 mondta Feh\u00e9r Tam\u00e1s, a ManpowerGroup Magyarorsz\u00e1g \u00fcgyvezet\u0151 igazgat\u00f3ja. \u2013 Nem hagyhatjuk azonban figyelmen k\u00edv\u00fcl, hogy a felm\u00e9r\u00e9s m\u00e9g az ukr\u00e1n-orosz h\u00e1bor\u00fa kit\u00f6r\u00e9se el\u0151tt zajlott. Ez a fejlem\u00e9ny ugyanis egyes szektorokban \u00f3vatosabb l\u00e9tsz\u00e1mtervez\u00e9st eredm\u00e9nyezhet, ami k\u00f6nnyen a kor\u00e1bbi v\u00e1rakoz\u00e1sokt\u00f3l elmarad\u00f3 sz\u00e1mokban \u00f6lthet testet&#8221;. A 13 sz\u00e1zal\u00e9kos l\u00e9tsz\u00e1mb\u0151v\u00edt\u00e9si mutat\u00f3 egy \u00e1tlagos m\u00e9rt\u00e9k, az egyes szektorok k\u00f6z\u00f6tt jelent\u0151s k\u00fcl\u00f6nbs\u00e9g fedezhet\u0151 fel. A legnagyobb felfut\u00e1st (35%-os nett\u00f3 foglalkoztat\u00e1si mutat\u00f3val) az IT, technol\u00f3gia, t\u00e1vk\u00f6zl\u00e9s, kommunik\u00e1ci\u00f3 \u00e9s m\u00e9dia szektorban v\u00e1rj\u00e1k. Szint\u00e9n jelent\u0151s l\u00e9tsz\u00e1mb\u0151v\u00fcl\u00e9s v\u00e1rhat\u00f3 a nagy- \u00e9s kiskereskedelemben (30%), de \u00e1tlag felett b\u0151v\u00fclhet a l\u00e9tsz\u00e1m t\u00f6bbek k\u00f6z\u00f6tt az \u00e9p\u00edt\u0151iparban (20%), a gy\u00e1rt\u00e1sban (18%), illetve a banki, biztos\u00edt\u00e1si \u00e9s ingatlan szegmensben (16%) is Ugyanakkor a m\u00e1r a h\u00e1bor\u00fa kit\u00f6r\u00e9s\u00e9t megel\u0151z\u0151en is l\u00e9tsz\u00e1mcs\u00f6kkent\u00e9st v\u00e1rtak az \u00e9tterem \u00e9s hotel szegmensben (-6%), valamint a non-profit szf\u00e9r\u00e1kban (oktat\u00e1s, eg\u00e9szs\u00e9g\u00fcgy, szoci\u00e1lis munka, korm\u00e1nyzat). Az orsz\u00e1g r\u00e9gi\u00f3it vizsg\u00e1lva szint\u00e9n jelent\u0151s elt\u00e9r\u00e9sek tapasztalhat\u00f3k, ugyanakkor visszaes\u00e9sre egyik orsz\u00e1gr\u00e9szben sem sz\u00e1m\u00edtanak. A legsz\u00e9lesebb k\u00f6r\u0171 l\u00e9tsz\u00e1mb\u0151v\u00fcl\u00e9st Budapesten (+18 sz\u00e1zal\u00e9kos Nett\u00f3 Foglalkoztat\u00e1si Mutat\u00f3) \u00e9s a D\u00e9l-Alf\u00f6ld\u00f6n (17%) v\u00e1rj\u00e1k. A legink\u00e1bb visszafogott v\u00e1rakoz\u00e1sokat a D\u00e9l- (1%) \u00e9s K\u00f6z\u00e9p-Dun\u00e1nt\u00fal (0%) ter\u00fclet\u00e9n m\u00e9rt\u00e9k a felm\u00e9r\u00e9s k\u00e9sz\u00edt\u0151i. A l\u00e9tsz\u00e1mn\u00f6vel\u00e9st tervez\u0151 c\u00e9gek ar\u00e1nya a nagy, 250 f\u0151 feletti c\u00e9gekn\u00e9l a magasabb: ebben a k\u00f6rben 16 sz\u00e1zal\u00e9k a Nett\u00f3 Foglalkoztat\u00e1si Mutat\u00f3 \u00e9rt\u00e9ke. C\u00e9gm\u00e9ret szerint azonban ez\u00fattal jelent\u0151s elt\u00e9r\u00e9s nincsen a foglalkoztat\u00f3k k\u00f6z\u00f6tt, mert m\u00e9g a leggyeng\u00e9bb \u00e9rt\u00e9kkel b\u00edr\u00f3 kateg\u00f3ria, az 50-249 f\u0151t foglalkoztat\u00f3 k\u00f6z\u00e9pv\u00e1llalati k\u00f6r is 9 sz\u00e1zal\u00e9kos mutat\u00f3val rendelkezik. A ManpowerGroup glob\u00e1lis Munkaer\u0151piaci El\u0151rejelz\u00e9se vil\u00e1gszerte optimizmust mutat, a 40 vizsg\u00e1lt orsz\u00e1gb\u00f3l csup\u00e1n G\u00f6r\u00f6gorsz\u00e1gban jeleznek el\u0151re minim\u00e1lis visszaes\u00e9st (-2%). A glob\u00e1lis der\u0171l\u00e1t\u00e1st jelzi, hogy nemzetk\u00f6zi \u00f6sszehasonl\u00edt\u00e1sban a +13 sz\u00e1zal\u00e9kos magyarorsz\u00e1gi kil\u00e1t\u00e1sok a szer\u00e9nyebbek k\u00f6z\u00f6tt, a 40-es lista 31. hely\u00e9n szerepelnek. Az \u00e9len Braz\u00edlia (+40%), Sv\u00e9dorsz\u00e1g, India, Mexik\u00f3 \u00e9s Kolumbia (38-38%) szerepelnek. A vizsg\u00e1lt k\u00f6rben szerepl\u0151 uni\u00f3s orsz\u00e1gok k\u00f6z\u00fcl a legl\u00e1tv\u00e1nyosabb munkaer\u0151-b\u0151v\u00fcl\u00e9s az eml\u00edtett Sv\u00e9dorsz\u00e1gon k\u00edv\u00fcl Hollandi\u00e1ban (36%), Belgiumban (34%) \u00e9s \u00cdrorsz\u00e1gban (32%) v\u00e1rhat\u00f3. Kelet-K\u00f6z\u00e9p-Eur\u00f3pa orsz\u00e1gaiban enn\u00e9l \u00e1ltal\u00e1ban j\u00f3val kisebb m\u00e9rt\u00e9k\u0171 b\u0151v\u00edt\u00e9sre sz\u00e1m\u00edtanak: Jellemz\u0151 p\u00e9ld\u00e1ul, hogy a V4 orsz\u00e1gok k\u00f6z\u00fcl mind Szlov\u00e1kia \u00e9s Csehorsz\u00e1g (11-11%), mind Lengyelorsz\u00e1g (5%) munkaer\u0151b\u0151v\u00edt\u00e9si kil\u00e1t\u00e1sai elmaradnak Magyarorsz\u00e1g\u00e9t\u00f3l.<\/p>\n<p>Forr\u00e1s: profitline.hu<\/p>\n","protected":false},"excerpt":{"rendered":"<p>Az \u00e1ll\u00e1skeres\u0151k k\u00fcl\u00f6n\u00f6sen az IT, technol\u00f3gia, t\u00e1vk\u00f6zl\u00e9s, kommunik\u00e1ci\u00f3 \u00e9s m\u00e9dia, illetve a nagy- \u00e9s kiskereskedelmi szegmensekben sz\u00e1m\u00edthatnak \u00e9l\u00e9nk munkaer\u0151keresletre \u2013 der\u00fcl ki a ManpowerGroup ma k\u00f6zz\u00e9tett Munkaer\u0151piaci El\u0151rejelz\u00e9s\u00e9b\u0151l. A k\u00f6vetkez\u0151 negyed\u00e9vben a hazai munk\u00e1ltat\u00f3k 32 sz\u00e1zal\u00e9ka jelez el\u0151re b\u0151v\u00fcl\u00e9st jelenlegi munkaer\u0151-\u00e1llom\u00e1ny\u00e1ban, mik\u00f6zben cs\u00f6kkent\u00e9st 19 sz\u00e1zal\u00e9kuk tervez. A hazai c\u00e9gek k\u00f6zel harmada tervez l\u00e9tsz\u00e1mb\u0151v\u00edt\u00e9st a m\u00e1sodik [&hellip;]<\/p>\n","protected":false},"author":1,"featured_media":4637,"comment_status":"open","ping_status":"open","sticky":false,"template":"","format":"standard","meta":{"_monsterinsights_skip_tracking":false,"_monsterinsights_sitenote_active":false,"_monsterinsights_sitenote_note":"","_monsterinsights_sitenote_category":0,"footnotes":""},"categories":[200],"tags":[],"class_list":["post-5455","post","type-post","status-publish","format-standard","has-post-thumbnail","hentry","category-munkaeropiac"],"aioseo_notices":[],"_links":{"self":[{"href":"https:\/\/allasorias.hu\/hirek\/wp-json\/wp\/v2\/posts\/5455","targetHints":{"allow":["GET"]}}],"collection":[{"href":"https:\/\/allasorias.hu\/hirek\/wp-json\/wp\/v2\/posts"}],"about":[{"href":"https:\/\/allasorias.hu\/hirek\/wp-json\/wp\/v2\/types\/post"}],"author":[{"embeddable":true,"href":"https:\/\/allasorias.hu\/hirek\/wp-json\/wp\/v2\/users\/1"}],"replies":[{"embeddable":true,"href":"https:\/\/allasorias.hu\/hirek\/wp-json\/wp\/v2\/comments?post=5455"}],"version-history":[{"count":1,"href":"https:\/\/allasorias.hu\/hirek\/wp-json\/wp\/v2\/posts\/5455\/revisions"}],"predecessor-version":[{"id":5456,"href":"https:\/\/allasorias.hu\/hirek\/wp-json\/wp\/v2\/posts\/5455\/revisions\/5456"}],"wp:featuredmedia":[{"embeddable":true,"href":"https:\/\/allasorias.hu\/hirek\/wp-json\/wp\/v2\/media\/4637"}],"wp:attachment":[{"href":"https:\/\/allasorias.hu\/hirek\/wp-json\/wp\/v2\/media?parent=5455"}],"wp:term":[{"taxonomy":"category","embeddable":true,"href":"https:\/\/allasorias.hu\/hirek\/wp-json\/wp\/v2\/categories?post=5455"},{"taxonomy":"post_tag","embeddable":true,"href":"https:\/\/allasorias.hu\/hirek\/wp-json\/wp\/v2\/tags?post=5455"}],"curies":[{"name":"wp","href":"https:\/\/api.w.org\/{rel}","templated":true}]}}