{"id":5452,"date":"2022-03-21T10:16:00","date_gmt":"2022-03-21T10:16:00","guid":{"rendered":"https:\/\/allasorias.hu\/hirek\/?p=5452"},"modified":"2022-03-21T10:16:00","modified_gmt":"2022-03-21T10:16:00","slug":"megujult-a-gepkezelo-kepzesek-rendszere","status":"publish","type":"post","link":"https:\/\/allasorias.hu\/hirek\/megujult-a-gepkezelo-kepzesek-rendszere\/","title":{"rendered":"Meg\u00fajult a g\u00e9pkezel\u0151 k\u00e9pz\u00e9sek rendszere"},"content":{"rendered":"<p><strong>D\u00e9csi Andr\u00e1s, haz\u00e1nk meghat\u00e1roz\u00f3 k\u00e9pz\u0151int\u00e9zete, a DEKRA Akademie Kft. \u00fcgyvezet\u0151je arr\u00f3l t\u00e1j\u00e9koztatta a sajt\u00f3t, hogy a g\u00e9pkezel\u0151k oktat\u00e1sa eddig is kiemelt helyet foglalt el k\u00e9pz\u00e9si palett\u00e1jukon, hiszen a gazdas\u00e1g szinte minden ter\u00fclet\u00e9n haszn\u00e1lnak valamilyen emel\u0151-, rakod\u00f3- vagy sz\u00e1ll\u00edt\u00f3g\u00e9pet.<\/strong><\/p>\n<p>Az \u00e9p\u00edt\u0151ipar, a kereskedelem, valamint a mez\u0151gazdas\u00e1g munkaer\u0151piaci ig\u00e9nyeinek n\u00f6veked\u00e9s\u00e9vel az elm\u00falt \u00e9vekben megn\u0151tt a kereslet az olyan munkav\u00e1llal\u00f3k ir\u00e1nt, akik k\u00fcl\u00f6nf\u00e9le g\u00e9pek kezel\u00e9s\u00e9hez sz\u00fcks\u00e9ges tud\u00e1ssal \u00e9s bizony\u00edtv\u00e1nnyal rendelkeztek. D\u00e9csi Andr\u00e1s, haz\u00e1nk meghat\u00e1roz\u00f3 k\u00e9pz\u0151int\u00e9zete, a DEKRA Akademie Kft. \u00fcgyvezet\u0151je arr\u00f3l t\u00e1j\u00e9koztatta a sajt\u00f3t, hogy a g\u00e9pkezel\u0151k oktat\u00e1sa eddig is kiemelt helyet foglalt el k\u00e9pz\u00e9si palett\u00e1jukon, hiszen a gazdas\u00e1g szinte minden ter\u00fclet\u00e9n haszn\u00e1lnak valamilyen emel\u0151-, rakod\u00f3- vagy sz\u00e1ll\u00edt\u00f3g\u00e9pet. K\u00fcl\u00f6n\u00f6sen az \u00e9p\u00edt\u0151ipar fellend\u00fcl\u00e9s\u00e9vel n\u00f6vekedett egyenes ar\u00e1nyban a g\u00e9pkeze\u00adl\u0151k\u00e9pz\u00e9sek ig\u00e9nye, \u00e9s ezt az emelked\u00e9st az alapanyag-ell\u00e1t\u00e1si probl\u00e9m\u00e1k, illetve az \u00e1ltal\u00e1nos \u00e1remelked\u00e9s sem fogta vissza \u2013 \u00edrja a veol.hu. Az \u00fcgyvezet\u0151 egy\u00fattal felh\u00edvta a figyelmet arra, hogy az idei \u00e9vt\u0151l meg\u00fajult a g\u00e9pkezel\u0151k\u00e9pz\u00e9sek rendszere. Az egyik legfontosabb v\u00e1ltoz\u00e1s, hogy a k\u00e9pz\u00e9sek v\u00e9g\u00e9n a r\u00e9sztvev\u0151k nem bizony\u00edtv\u00e1nyt kapnak, hanem jogos\u00edtv\u00e1nyt vehetnek \u00e1t. Az \u00faj g\u00e9pkezel\u0151i hat\u00f3s\u00e1gi rendelet \u00f6t g\u00e9pkateg\u00f3ri\u00e1ban \u00f6sszesen 82 f\u00e9le munkag\u00e9pet \u00e9rint, k\u00f6zt\u00fck egyebek mellett a f\u00f6ldmunkag\u00e9peket, a targonc\u00e1kat \u00e9s a sz\u00e1ll\u00edt\u00f3g\u00e9peket, valamint az emel\u0151- \u00e9s rakod\u00f3g\u00e9peket. \u2013 F\u00fcggetlen\u00fcl a t\u00f6rv\u00e9nyi szab\u00e1lyoz\u00e1st\u00f3l \u00e9s a jogszab\u00e1lyi k\u00f6telezetts\u00e9gt\u0151l, az \u00e9p\u00edt\u0151iparban k\u00fcl\u00f6n\u00f6sen vesz\u00e9lyes, s\u0151t, val\u00f3sz\u00edn\u0171leg a legvesz\u00e9lyesebb ter\u00fclet a munkag\u00e9pek kezel\u00e9se. Ez\u00e9rt a munkaad\u00f3k jellemz\u0151en nem foglalkoztatnak olyan munkaer\u0151t, aki nem rendelkezik a kezelni k\u00edv\u00e1nt g\u00e9pek munkav\u00e9gz\u00e9si jogosults\u00e1gaival, enged\u00e9lyeivel..<\/p>\n<p>&nbsp;<\/p>\n<p>Forr\u00e1s: veol.hu, hirklikk.hu<\/p>\n","protected":false},"excerpt":{"rendered":"<p>D\u00e9csi Andr\u00e1s, haz\u00e1nk meghat\u00e1roz\u00f3 k\u00e9pz\u0151int\u00e9zete, a DEKRA Akademie Kft. \u00fcgyvezet\u0151je arr\u00f3l t\u00e1j\u00e9koztatta a sajt\u00f3t, hogy a g\u00e9pkezel\u0151k oktat\u00e1sa eddig is kiemelt helyet foglalt el k\u00e9pz\u00e9si palett\u00e1jukon, hiszen a gazdas\u00e1g szinte minden ter\u00fclet\u00e9n haszn\u00e1lnak valamilyen emel\u0151-, rakod\u00f3- vagy sz\u00e1ll\u00edt\u00f3g\u00e9pet. Az \u00e9p\u00edt\u0151ipar, a kereskedelem, valamint a mez\u0151gazdas\u00e1g munkaer\u0151piaci ig\u00e9nyeinek n\u00f6veked\u00e9s\u00e9vel az elm\u00falt \u00e9vekben megn\u0151tt a kereslet az [&hellip;]<\/p>\n","protected":false},"author":1,"featured_media":5453,"comment_status":"open","ping_status":"open","sticky":false,"template":"","format":"standard","meta":{"_monsterinsights_skip_tracking":false,"_monsterinsights_sitenote_active":false,"_monsterinsights_sitenote_note":"","_monsterinsights_sitenote_category":0,"footnotes":""},"categories":[200],"tags":[],"class_list":["post-5452","post","type-post","status-publish","format-standard","has-post-thumbnail","hentry","category-munkaeropiac"],"aioseo_notices":[],"_links":{"self":[{"href":"https:\/\/allasorias.hu\/hirek\/wp-json\/wp\/v2\/posts\/5452","targetHints":{"allow":["GET"]}}],"collection":[{"href":"https:\/\/allasorias.hu\/hirek\/wp-json\/wp\/v2\/posts"}],"about":[{"href":"https:\/\/allasorias.hu\/hirek\/wp-json\/wp\/v2\/types\/post"}],"author":[{"embeddable":true,"href":"https:\/\/allasorias.hu\/hirek\/wp-json\/wp\/v2\/users\/1"}],"replies":[{"embeddable":true,"href":"https:\/\/allasorias.hu\/hirek\/wp-json\/wp\/v2\/comments?post=5452"}],"version-history":[{"count":1,"href":"https:\/\/allasorias.hu\/hirek\/wp-json\/wp\/v2\/posts\/5452\/revisions"}],"predecessor-version":[{"id":5454,"href":"https:\/\/allasorias.hu\/hirek\/wp-json\/wp\/v2\/posts\/5452\/revisions\/5454"}],"wp:featuredmedia":[{"embeddable":true,"href":"https:\/\/allasorias.hu\/hirek\/wp-json\/wp\/v2\/media\/5453"}],"wp:attachment":[{"href":"https:\/\/allasorias.hu\/hirek\/wp-json\/wp\/v2\/media?parent=5452"}],"wp:term":[{"taxonomy":"category","embeddable":true,"href":"https:\/\/allasorias.hu\/hirek\/wp-json\/wp\/v2\/categories?post=5452"},{"taxonomy":"post_tag","embeddable":true,"href":"https:\/\/allasorias.hu\/hirek\/wp-json\/wp\/v2\/tags?post=5452"}],"curies":[{"name":"wp","href":"https:\/\/api.w.org\/{rel}","templated":true}]}}