{"id":5450,"date":"2022-03-18T08:40:19","date_gmt":"2022-03-18T08:40:19","guid":{"rendered":"https:\/\/allasorias.hu\/hirek\/?p=5450"},"modified":"2022-03-18T08:40:19","modified_gmt":"2022-03-18T08:40:19","slug":"valt-a-munkaeropiac","status":"publish","type":"post","link":"https:\/\/allasorias.hu\/hirek\/valt-a-munkaeropiac\/","title":{"rendered":"V\u00e1lt a munkaer\u0151piac"},"content":{"rendered":"<p><strong>A munkav\u00e1llal\u00f3k sz\u00e1m\u00e1ra a kisz\u00e1m\u00edthat\u00f3 jelen mellett a hossz\u00fa t\u00e1v\u00fa munkalehet\u0151s\u00e9g szerepel kiemelten az indokl\u00e1sban \u2013 der\u00fcl ki a szektor k\u00e9tharmad\u00e1t lefed\u0151 Magyar Munkaer\u0151-k\u00f6lcs\u00f6nz\u0151k Orsz\u00e1gos Sz\u00f6vets\u00e9ge tagszervezeteinek \u00e9s \u00e9rdekk\u00e9pviseleti munk\u00e1jukat t\u00e1mogat\u00f3 t\u00f6bb piacvezet\u0151 c\u00e9g k\u00f6r\u00e9ben v\u00e9gzett legfrissebb k\u00f6z\u00f6s kutat\u00e1sb\u00f3l.<\/strong><\/p>\n<p>Egyre t\u00f6bben d\u00f6ntenek a munkaer\u0151-k\u00f6lcs\u00f6nz\u00e9s mellett: munkaad\u00f3i oldalon a piac v\u00e1ltoz\u00e1saira val\u00f3 gyors reakci\u00f3k\u00e9pess\u00e9ge, rugalmass\u00e1ga \u00e9s az adminisztr\u00e1ci\u00f3s terhekt\u0151l val\u00f3 mentess\u00e9g a legf\u0151bb \u00e9rv \u2013 der\u00fcl ki egy kutat\u00e1sb\u00f3l. Csizmadia G\u00e1bor eln\u00f6k szerint 65 ezer bet\u00f6ltetlen \u00e1ll\u00e1s van ma Magyarorsz\u00e1gon, amit v\u00e1rhat\u00f3an megdupl\u00e1znak a folyamatban l\u00e9v\u0151, id\u00e9n lez\u00e1rul\u00f3 ipari beruh\u00e1z\u00e1sok. \u201eAz atipikus foglalkoztat\u00e1s rugalmass\u00e1ga mellett kisz\u00e1m\u00edthat\u00f3, tervezhet\u0151 j\u00f6v\u0151t biztos\u00edt, \u00fagy a munkav\u00e1llal\u00f3i, mint a munkaad\u00f3i oldalon. Fordul\u00f3ponthoz \u00e9rkezett a munkaer\u0151-piac. \u201dV\u00e1laszaik alapj\u00e1n a k\u00f6lcs\u00f6nz\u00f6tt dolgoz\u00f3k munkav\u00e9gz\u00e9s\u00e9t a b\u00e9rutal\u00e1s pontoss\u00e1ga, a bejelentett munkaviszony, a hossz\u00fa t\u00e1v\u00fa munkalehet\u0151s\u00e9g, az \u00fcgyint\u00e9z\u00e9s sor\u00e1n tapasztalt seg\u00edts\u00e9gny\u00fajt\u00e1s, a munk\u00e1ba j\u00e1r\u00e1s t\u00e1mogat\u00e1sa, a szakmai fejl\u0151d\u00e9s lehet\u0151s\u00e9ge, \u201eaz egyik munka v\u00e9gezt\u00e9vel azonnal kapok m\u00e1sik aj\u00e1nlatot\u201d opci\u00f3ja seg\u00edti. A k\u00f6lcs\u00f6nvev\u0151k a sorozatos eredm\u00e9nytelen interj\u00fak, id\u0151- \u00e9s energia-megtakar\u00edt\u00e1s, a c\u00e9gen bel\u00fcli fluktu\u00e1ci\u00f3 cs\u00f6kkent\u00e9se, a lok\u00e1lis munkaer\u0151piacr\u00f3l nem elegend\u0151 munkaer\u0151, a v\u00e1llalat gyorsan felfut\u00f3 termel\u00e9si ig\u00e9ny\u00e9hez a megfelel\u0151 szakember kiv\u00e1laszt\u00e1sa, az \u00fczletmenet sz\u00e1m\u00e1ra biztos\u00edtott rugalmass\u00e1ga, a toborz\u00e1si \u00e9s adminisztr\u00e1ci\u00f3s terhek cs\u00f6kkent\u00e9se, a szezon\u00e1lis munkaterhel\u00e9s, a l\u00e9tsz\u00e1mb\u0151v\u00edt\u00e9s lehetetlens\u00e9ge, s mert \u00edgy nem keletkezik b\u00e9rk\u00f6lts\u00e9g, vagy \u00e9ppen a vonatkoz\u00f3 tapasztalathi\u00e1ny miatt d\u00f6nt\u00f6ttek munkaer\u0151-k\u00f6lcs\u00f6nz\u0151 c\u00e9g bevon\u00e1sa mellett. \u00c9rvk\u00e9nt eml\u00edtett\u00e9k a HR vezet\u0151k a nagy munkaer\u0151-\u00e1raml\u00e1s dinamikus mozg\u00e1s\u00e1t, a hirtelen felfut\u00e1s \u00e9s a kialakult munkaer\u0151-hi\u00e1ny eset\u00e9n is gyors seg\u00edts\u00e9gk\u00e9nt a k\u00fclf\u00f6ldi munkav\u00e1llal\u00f3k foglalkoztat\u00e1s\u00e1t. \u201eTudtam, hogy nagyobb l\u00e9tsz\u00e1m\u00fa adatb\u00e1zissal rendelkeznek, mint a v\u00e1llalat, ahol dolgozom\u201d \u2013 hangzott el. A munkaer\u0151-hi\u00e1ny azonnali p\u00f3tl\u00e1sa, az id\u0151szakos projektek vagy k\u00fcl\u00f6nleges szaktud\u00e1s sz\u00fcks\u00e9ge, a kapacit\u00e1shi\u00e1ny, de ak\u00e1r a gyakornokok felkutat\u00e1sa, ahogy a m\u00e1r l\u00e9tez\u0151 \u00fczlet\u00e1g \u00e1tv\u00e9tele kapcs\u00e1n megl\u00e9v\u0151 strukt\u00far\u00e1ja is okot ad.<\/p>\n<p>Forr\u00e1s: uzletem.hu<\/p>\n","protected":false},"excerpt":{"rendered":"<p>A munkav\u00e1llal\u00f3k sz\u00e1m\u00e1ra a kisz\u00e1m\u00edthat\u00f3 jelen mellett a hossz\u00fa t\u00e1v\u00fa munkalehet\u0151s\u00e9g szerepel kiemelten az indokl\u00e1sban \u2013 der\u00fcl ki a szektor k\u00e9tharmad\u00e1t lefed\u0151 Magyar Munkaer\u0151-k\u00f6lcs\u00f6nz\u0151k Orsz\u00e1gos Sz\u00f6vets\u00e9ge tagszervezeteinek \u00e9s \u00e9rdekk\u00e9pviseleti munk\u00e1jukat t\u00e1mogat\u00f3 t\u00f6bb piacvezet\u0151 c\u00e9g k\u00f6r\u00e9ben v\u00e9gzett legfrissebb k\u00f6z\u00f6s kutat\u00e1sb\u00f3l. Egyre t\u00f6bben d\u00f6ntenek a munkaer\u0151-k\u00f6lcs\u00f6nz\u00e9s mellett: munkaad\u00f3i oldalon a piac v\u00e1ltoz\u00e1saira val\u00f3 gyors reakci\u00f3k\u00e9pess\u00e9ge, rugalmass\u00e1ga \u00e9s [&hellip;]<\/p>\n","protected":false},"author":1,"featured_media":4956,"comment_status":"open","ping_status":"open","sticky":false,"template":"","format":"standard","meta":{"_monsterinsights_skip_tracking":false,"footnotes":""},"categories":[200],"tags":[],"class_list":["post-5450","post","type-post","status-publish","format-standard","has-post-thumbnail","hentry","category-munkaeropiac"],"aioseo_notices":[],"aioseo_head":"\n\t\t<!-- All in One SEO 5.0.0.1 - aioseo.com -->\n\t<meta name=\"description\" content=\"A munkav\u00e1llal\u00f3k sz\u00e1m\u00e1ra a kisz\u00e1m\u00edthat\u00f3 jelen mellett a hossz\u00fa t\u00e1v\u00fa munkalehet\u0151s\u00e9g szerepel kiemelten az indokl\u00e1sban \u2013 der\u00fcl ki a szektor k\u00e9tharmad\u00e1t lefed\u0151 Magyar Munkaer\u0151-k\u00f6lcs\u00f6nz\u0151k Orsz\u00e1gos Sz\u00f6vets\u00e9ge tagszervezeteinek \u00e9s \u00e9rdekk\u00e9pviseleti munk\u00e1jukat t\u00e1mogat\u00f3 t\u00f6bb piacvezet\u0151 c\u00e9g k\u00f6r\u00e9ben v\u00e9gzett legfrissebb k\u00f6z\u00f6s kutat\u00e1sb\u00f3l. Egyre t\u00f6bben d\u00f6ntenek a munkaer\u0151-k\u00f6lcs\u00f6nz\u00e9s mellett: munkaad\u00f3i oldalon a piac v\u00e1ltoz\u00e1saira val\u00f3 gyors reakci\u00f3k\u00e9pess\u00e9ge, rugalmass\u00e1ga \u00e9s\" \/>\n\t<meta name=\"robots\" content=\"max-image-preview:large\" \/>\n\t<meta name=\"author\" content=\"Juh\u00e1sz P\u00e9ter\"\/>\n\t<link rel=\"canonical\" href=\"https:\/\/allasorias.hu\/hirek\/valt-a-munkaeropiac\/\" \/>\n\t<meta name=\"generator\" content=\"All in One SEO (AIOSEO) 5.0.0.1\" \/>\n\t\t<meta property=\"og:locale\" content=\"hu_HU\" \/>\n\t\t<meta property=\"og:site_name\" content=\"AllasOrias.hu | H\u00edrek-lapszemle | \u00dczleti h\u00edrek az \u00e1ll\u00e1s \u00e9s a munka vil\u00e1g\u00e1b\u00f3l\" \/>\n\t\t<meta property=\"og:type\" content=\"article\" \/>\n\t\t<meta property=\"og:title\" content=\"V\u00e1lt a munkaer\u0151piac | AllasOrias.hu | H\u00edrek-lapszemle\" \/>\n\t\t<meta property=\"og:description\" content=\"A munkav\u00e1llal\u00f3k sz\u00e1m\u00e1ra a kisz\u00e1m\u00edthat\u00f3 jelen mellett a hossz\u00fa t\u00e1v\u00fa munkalehet\u0151s\u00e9g szerepel kiemelten az indokl\u00e1sban \u2013 der\u00fcl ki a szektor k\u00e9tharmad\u00e1t lefed\u0151 Magyar Munkaer\u0151-k\u00f6lcs\u00f6nz\u0151k Orsz\u00e1gos Sz\u00f6vets\u00e9ge tagszervezeteinek \u00e9s \u00e9rdekk\u00e9pviseleti munk\u00e1jukat t\u00e1mogat\u00f3 t\u00f6bb piacvezet\u0151 c\u00e9g k\u00f6r\u00e9ben v\u00e9gzett legfrissebb k\u00f6z\u00f6s kutat\u00e1sb\u00f3l. Egyre t\u00f6bben d\u00f6ntenek a munkaer\u0151-k\u00f6lcs\u00f6nz\u00e9s mellett: munkaad\u00f3i oldalon a piac v\u00e1ltoz\u00e1saira val\u00f3 gyors reakci\u00f3k\u00e9pess\u00e9ge, rugalmass\u00e1ga \u00e9s\" \/>\n\t\t<meta property=\"og:url\" content=\"https:\/\/allasorias.hu\/hirek\/valt-a-munkaeropiac\/\" \/>\n\t\t<meta property=\"og:image\" content=\"https:\/\/allasorias.hu\/hirek\/wp-content\/uploads\/2021\/08\/fired-worker-with-personal-things-table.jpg\" \/>\n\t\t<meta property=\"og:image:secure_url\" content=\"https:\/\/allasorias.hu\/hirek\/wp-content\/uploads\/2021\/08\/fired-worker-with-personal-things-table.jpg\" \/>\n\t\t<meta property=\"og:image:width\" content=\"1920\" \/>\n\t\t<meta property=\"og:image:height\" content=\"1280\" \/>\n\t\t<meta property=\"article:published_time\" content=\"2022-03-18T08:40:19+00:00\" \/>\n\t\t<meta property=\"article:modified_time\" content=\"2022-03-18T08:40:19+00:00\" \/>\n\t\t<meta property=\"article:publisher\" content=\"https:\/\/www.facebook.com\/allasorias\" \/>\n\t\t<meta name=\"twitter:card\" content=\"summary_large_image\" \/>\n\t\t<meta name=\"twitter:title\" content=\"V\u00e1lt a munkaer\u0151piac | AllasOrias.hu | H\u00edrek-lapszemle\" \/>\n\t\t<meta name=\"twitter:description\" content=\"A munkav\u00e1llal\u00f3k sz\u00e1m\u00e1ra a kisz\u00e1m\u00edthat\u00f3 jelen mellett a hossz\u00fa t\u00e1v\u00fa munkalehet\u0151s\u00e9g szerepel kiemelten az indokl\u00e1sban \u2013 der\u00fcl ki a szektor k\u00e9tharmad\u00e1t lefed\u0151 Magyar Munkaer\u0151-k\u00f6lcs\u00f6nz\u0151k Orsz\u00e1gos Sz\u00f6vets\u00e9ge tagszervezeteinek \u00e9s \u00e9rdekk\u00e9pviseleti munk\u00e1jukat t\u00e1mogat\u00f3 t\u00f6bb piacvezet\u0151 c\u00e9g k\u00f6r\u00e9ben v\u00e9gzett legfrissebb k\u00f6z\u00f6s kutat\u00e1sb\u00f3l. Egyre t\u00f6bben d\u00f6ntenek a munkaer\u0151-k\u00f6lcs\u00f6nz\u00e9s mellett: munkaad\u00f3i oldalon a piac v\u00e1ltoz\u00e1saira val\u00f3 gyors reakci\u00f3k\u00e9pess\u00e9ge, rugalmass\u00e1ga \u00e9s\" \/>\n\t\t<meta name=\"twitter:image\" content=\"https:\/\/allasorias.hu\/hirek\/wp-content\/uploads\/2021\/08\/fired-worker-with-personal-things-table.jpg\" \/>\n\t\t<meta name=\"twitter:label1\" content=\"Written by\" \/>\n\t\t<meta name=\"twitter:data1\" content=\"Juh\u00e1sz P\u00e9ter\" \/>\n\t\t<meta name=\"twitter:label2\" content=\"Est. reading time\" \/>\n\t\t<meta name=\"twitter:data2\" content=\"2 minutes\" \/>\n\t\t<script type=\"application\/ld+json\" class=\"aioseo-schema\">\n\t\t\t{\"@context\":\"https:\\\/\\\/schema.org\",\"@graph\":[{\"@type\":\"Article\",\"@id\":\"https:\\\/\\\/allasorias.hu\\\/hirek\\\/valt-a-munkaeropiac\\\/#article\",\"name\":\"V\\u00e1lt a munkaer\\u0151piac | AllasOrias.hu | H\\u00edrek-lapszemle\",\"headline\":\"V\\u00e1lt a munkaer\\u0151piac\",\"author\":{\"@id\":\"https:\\\/\\\/allasorias.hu\\\/hirek\\\/author\\\/admin-allasorias\\\/#author\"},\"publisher\":{\"@id\":\"https:\\\/\\\/allasorias.hu\\\/hirek\\\/#organization\"},\"image\":{\"@type\":\"ImageObject\",\"url\":\"https:\\\/\\\/allasorias.hu\\\/hirek\\\/wp-content\\\/uploads\\\/2021\\\/08\\\/fired-worker-with-personal-things-table.jpg\",\"width\":1920,\"height\":1280,\"caption\":\"Fired worker with personal things at table\"},\"datePublished\":\"2022-03-18T08:40:19+02:00\",\"dateModified\":\"2022-03-18T08:40:19+02:00\",\"inLanguage\":\"hu-HU\",\"mainEntityOfPage\":{\"@id\":\"https:\\\/\\\/allasorias.hu\\\/hirek\\\/valt-a-munkaeropiac\\\/#webpage\"},\"isPartOf\":{\"@id\":\"https:\\\/\\\/allasorias.hu\\\/hirek\\\/valt-a-munkaeropiac\\\/#webpage\"},\"articleSection\":\"Munkaer\\u0151piac\"},{\"@type\":\"BreadcrumbList\",\"@id\":\"https:\\\/\\\/allasorias.hu\\\/hirek\\\/valt-a-munkaeropiac\\\/#breadcrumblist\",\"itemListElement\":[{\"@type\":\"ListItem\",\"@id\":\"https:\\\/\\\/allasorias.hu\\\/hirek#listItem\",\"position\":1,\"name\":\"Home\",\"item\":\"https:\\\/\\\/allasorias.hu\\\/hirek\",\"nextItem\":{\"@type\":\"ListItem\",\"@id\":\"https:\\\/\\\/allasorias.hu\\\/hirek\\\/temak\\\/munkaeropiac\\\/#listItem\",\"name\":\"Munkaer\\u0151piac\"}},{\"@type\":\"ListItem\",\"@id\":\"https:\\\/\\\/allasorias.hu\\\/hirek\\\/temak\\\/munkaeropiac\\\/#listItem\",\"position\":2,\"name\":\"Munkaer\\u0151piac\",\"item\":\"https:\\\/\\\/allasorias.hu\\\/hirek\\\/temak\\\/munkaeropiac\\\/\",\"nextItem\":{\"@type\":\"ListItem\",\"@id\":\"https:\\\/\\\/allasorias.hu\\\/hirek\\\/valt-a-munkaeropiac\\\/#listItem\",\"name\":\"V\\u00e1lt a munkaer\\u0151piac\"},\"previousItem\":{\"@type\":\"ListItem\",\"@id\":\"https:\\\/\\\/allasorias.hu\\\/hirek#listItem\",\"name\":\"Home\"}},{\"@type\":\"ListItem\",\"@id\":\"https:\\\/\\\/allasorias.hu\\\/hirek\\\/valt-a-munkaeropiac\\\/#listItem\",\"position\":3,\"name\":\"V\\u00e1lt a munkaer\\u0151piac\",\"previousItem\":{\"@type\":\"ListItem\",\"@id\":\"https:\\\/\\\/allasorias.hu\\\/hirek\\\/temak\\\/munkaeropiac\\\/#listItem\",\"name\":\"Munkaer\\u0151piac\"}}]},{\"@type\":\"Organization\",\"@id\":\"https:\\\/\\\/allasorias.hu\\\/hirek\\\/#organization\",\"name\":\"AllasOrias.hu | H\\u00edrek-lapszemle\",\"description\":\"\\u00dczleti h\\u00edrek az \\u00e1ll\\u00e1s \\u00e9s a munka vil\\u00e1g\\u00e1b\\u00f3l\",\"url\":\"https:\\\/\\\/allasorias.hu\\\/hirek\\\/\",\"logo\":{\"@type\":\"ImageObject\",\"url\":\"https:\\\/\\\/allasorias.hu\\\/hirek\\\/wp-content\\\/uploads\\\/2022\\\/10\\\/allasorias_site_facebok_logo.png\",\"@id\":\"https:\\\/\\\/allasorias.hu\\\/hirek\\\/valt-a-munkaeropiac\\\/#organizationLogo\"},\"image\":{\"@id\":\"https:\\\/\\\/allasorias.hu\\\/hirek\\\/valt-a-munkaeropiac\\\/#organizationLogo\"},\"sameAs\":[\"https:\\\/\\\/www.facebook.com\\\/allasorias\",\"https:\\\/\\\/www.linkedin.com\\\/company\\\/allasorias\"]},{\"@type\":\"Person\",\"@id\":\"https:\\\/\\\/allasorias.hu\\\/hirek\\\/author\\\/admin-allasorias\\\/#author\",\"url\":\"https:\\\/\\\/allasorias.hu\\\/hirek\\\/author\\\/admin-allasorias\\\/\",\"name\":\"Juh\\u00e1sz P\\u00e9ter\",\"image\":{\"@type\":\"ImageObject\",\"@id\":\"https:\\\/\\\/allasorias.hu\\\/hirek\\\/valt-a-munkaeropiac\\\/#authorImage\",\"url\":\"https:\\\/\\\/secure.gravatar.com\\\/avatar\\\/36e6bcb83148978b992977cb0f54d22feb0cce8a0a849a9410532bb2623ba4c6?s=96&d=mm&r=g\",\"width\":96,\"height\":96,\"caption\":\"Juh\\u00e1sz P\\u00e9ter\"}},{\"@type\":\"WebPage\",\"@id\":\"https:\\\/\\\/allasorias.hu\\\/hirek\\\/valt-a-munkaeropiac\\\/#webpage\",\"url\":\"https:\\\/\\\/allasorias.hu\\\/hirek\\\/valt-a-munkaeropiac\\\/\",\"name\":\"V\\u00e1lt a munkaer\\u0151piac | AllasOrias.hu | H\\u00edrek-lapszemle\",\"description\":\"A munkav\\u00e1llal\\u00f3k sz\\u00e1m\\u00e1ra a kisz\\u00e1m\\u00edthat\\u00f3 jelen mellett a hossz\\u00fa t\\u00e1v\\u00fa munkalehet\\u0151s\\u00e9g szerepel kiemelten az indokl\\u00e1sban \\u2013 der\\u00fcl ki a szektor k\\u00e9tharmad\\u00e1t lefed\\u0151 Magyar Munkaer\\u0151-k\\u00f6lcs\\u00f6nz\\u0151k Orsz\\u00e1gos Sz\\u00f6vets\\u00e9ge tagszervezeteinek \\u00e9s \\u00e9rdekk\\u00e9pviseleti munk\\u00e1jukat t\\u00e1mogat\\u00f3 t\\u00f6bb piacvezet\\u0151 c\\u00e9g k\\u00f6r\\u00e9ben v\\u00e9gzett legfrissebb k\\u00f6z\\u00f6s kutat\\u00e1sb\\u00f3l. Egyre t\\u00f6bben d\\u00f6ntenek a munkaer\\u0151-k\\u00f6lcs\\u00f6nz\\u00e9s mellett: munkaad\\u00f3i oldalon a piac v\\u00e1ltoz\\u00e1saira val\\u00f3 gyors reakci\\u00f3k\\u00e9pess\\u00e9ge, rugalmass\\u00e1ga \\u00e9s\",\"inLanguage\":\"hu-HU\",\"isPartOf\":{\"@id\":\"https:\\\/\\\/allasorias.hu\\\/hirek\\\/#website\"},\"breadcrumb\":{\"@id\":\"https:\\\/\\\/allasorias.hu\\\/hirek\\\/valt-a-munkaeropiac\\\/#breadcrumblist\"},\"author\":{\"@id\":\"https:\\\/\\\/allasorias.hu\\\/hirek\\\/author\\\/admin-allasorias\\\/#author\"},\"creator\":{\"@id\":\"https:\\\/\\\/allasorias.hu\\\/hirek\\\/author\\\/admin-allasorias\\\/#author\"},\"image\":{\"@type\":\"ImageObject\",\"url\":\"https:\\\/\\\/allasorias.hu\\\/hirek\\\/wp-content\\\/uploads\\\/2021\\\/08\\\/fired-worker-with-personal-things-table.jpg\",\"@id\":\"https:\\\/\\\/allasorias.hu\\\/hirek\\\/valt-a-munkaeropiac\\\/#mainImage\",\"width\":1920,\"height\":1280,\"caption\":\"Fired worker with personal things at table\"},\"primaryImageOfPage\":{\"@id\":\"https:\\\/\\\/allasorias.hu\\\/hirek\\\/valt-a-munkaeropiac\\\/#mainImage\"},\"datePublished\":\"2022-03-18T08:40:19+02:00\",\"dateModified\":\"2022-03-18T08:40:19+02:00\"},{\"@type\":\"WebSite\",\"@id\":\"https:\\\/\\\/allasorias.hu\\\/hirek\\\/#website\",\"url\":\"https:\\\/\\\/allasorias.hu\\\/hirek\\\/\",\"name\":\"AllasOrias.hu | H\\u00edrek-lapszemle\",\"description\":\"\\u00dczleti h\\u00edrek az \\u00e1ll\\u00e1s \\u00e9s a munka vil\\u00e1g\\u00e1b\\u00f3l\",\"inLanguage\":\"hu-HU\",\"publisher\":{\"@id\":\"https:\\\/\\\/allasorias.hu\\\/hirek\\\/#organization\"}}]}\n\t\t<\/script>\n\t\t<!-- All in One SEO -->\n\n","aioseo_head_json":{"title":"V\u00e1lt a munkaer\u0151piac | AllasOrias.hu | H\u00edrek-lapszemle","description":"A munkav\u00e1llal\u00f3k sz\u00e1m\u00e1ra a kisz\u00e1m\u00edthat\u00f3 jelen mellett a hossz\u00fa t\u00e1v\u00fa munkalehet\u0151s\u00e9g szerepel kiemelten az indokl\u00e1sban \u2013 der\u00fcl ki a szektor k\u00e9tharmad\u00e1t lefed\u0151 Magyar Munkaer\u0151-k\u00f6lcs\u00f6nz\u0151k Orsz\u00e1gos Sz\u00f6vets\u00e9ge tagszervezeteinek \u00e9s \u00e9rdekk\u00e9pviseleti munk\u00e1jukat t\u00e1mogat\u00f3 t\u00f6bb piacvezet\u0151 c\u00e9g k\u00f6r\u00e9ben v\u00e9gzett legfrissebb k\u00f6z\u00f6s kutat\u00e1sb\u00f3l. Egyre t\u00f6bben d\u00f6ntenek a munkaer\u0151-k\u00f6lcs\u00f6nz\u00e9s mellett: munkaad\u00f3i oldalon a piac v\u00e1ltoz\u00e1saira val\u00f3 gyors reakci\u00f3k\u00e9pess\u00e9ge, rugalmass\u00e1ga \u00e9s","canonical_url":"https:\/\/allasorias.hu\/hirek\/valt-a-munkaeropiac\/","robots":"max-image-preview:large","keywords":"","webmasterTools":{"miscellaneous":""},"schema":{"@context":"https:\/\/schema.org","@graph":[{"@type":"Article","@id":"https:\/\/allasorias.hu\/hirek\/valt-a-munkaeropiac\/#article","name":"V\u00e1lt a munkaer\u0151piac | AllasOrias.hu | H\u00edrek-lapszemle","headline":"V\u00e1lt a munkaer\u0151piac","author":{"@id":"https:\/\/allasorias.hu\/hirek\/author\/admin-allasorias\/#author"},"publisher":{"@id":"https:\/\/allasorias.hu\/hirek\/#organization"},"image":{"@type":"ImageObject","url":"https:\/\/allasorias.hu\/hirek\/wp-content\/uploads\/2021\/08\/fired-worker-with-personal-things-table.jpg","width":1920,"height":1280,"caption":"Fired worker with personal things at table"},"datePublished":"2022-03-18T08:40:19+02:00","dateModified":"2022-03-18T08:40:19+02:00","inLanguage":"hu-HU","mainEntityOfPage":{"@id":"https:\/\/allasorias.hu\/hirek\/valt-a-munkaeropiac\/#webpage"},"isPartOf":{"@id":"https:\/\/allasorias.hu\/hirek\/valt-a-munkaeropiac\/#webpage"},"articleSection":"Munkaer\u0151piac"},{"@type":"BreadcrumbList","@id":"https:\/\/allasorias.hu\/hirek\/valt-a-munkaeropiac\/#breadcrumblist","itemListElement":[{"@type":"ListItem","@id":"https:\/\/allasorias.hu\/hirek#listItem","position":1,"name":"Home","item":"https:\/\/allasorias.hu\/hirek","nextItem":{"@type":"ListItem","@id":"https:\/\/allasorias.hu\/hirek\/temak\/munkaeropiac\/#listItem","name":"Munkaer\u0151piac"}},{"@type":"ListItem","@id":"https:\/\/allasorias.hu\/hirek\/temak\/munkaeropiac\/#listItem","position":2,"name":"Munkaer\u0151piac","item":"https:\/\/allasorias.hu\/hirek\/temak\/munkaeropiac\/","nextItem":{"@type":"ListItem","@id":"https:\/\/allasorias.hu\/hirek\/valt-a-munkaeropiac\/#listItem","name":"V\u00e1lt a munkaer\u0151piac"},"previousItem":{"@type":"ListItem","@id":"https:\/\/allasorias.hu\/hirek#listItem","name":"Home"}},{"@type":"ListItem","@id":"https:\/\/allasorias.hu\/hirek\/valt-a-munkaeropiac\/#listItem","position":3,"name":"V\u00e1lt a munkaer\u0151piac","previousItem":{"@type":"ListItem","@id":"https:\/\/allasorias.hu\/hirek\/temak\/munkaeropiac\/#listItem","name":"Munkaer\u0151piac"}}]},{"@type":"Organization","@id":"https:\/\/allasorias.hu\/hirek\/#organization","name":"AllasOrias.hu | H\u00edrek-lapszemle","description":"\u00dczleti h\u00edrek az \u00e1ll\u00e1s \u00e9s a munka vil\u00e1g\u00e1b\u00f3l","url":"https:\/\/allasorias.hu\/hirek\/","logo":{"@type":"ImageObject","url":"https:\/\/allasorias.hu\/hirek\/wp-content\/uploads\/2022\/10\/allasorias_site_facebok_logo.png","@id":"https:\/\/allasorias.hu\/hirek\/valt-a-munkaeropiac\/#organizationLogo"},"image":{"@id":"https:\/\/allasorias.hu\/hirek\/valt-a-munkaeropiac\/#organizationLogo"},"sameAs":["https:\/\/www.facebook.com\/allasorias","https:\/\/www.linkedin.com\/company\/allasorias"]},{"@type":"Person","@id":"https:\/\/allasorias.hu\/hirek\/author\/admin-allasorias\/#author","url":"https:\/\/allasorias.hu\/hirek\/author\/admin-allasorias\/","name":"Juh\u00e1sz P\u00e9ter","image":{"@type":"ImageObject","@id":"https:\/\/allasorias.hu\/hirek\/valt-a-munkaeropiac\/#authorImage","url":"https:\/\/secure.gravatar.com\/avatar\/36e6bcb83148978b992977cb0f54d22feb0cce8a0a849a9410532bb2623ba4c6?s=96&d=mm&r=g","width":96,"height":96,"caption":"Juh\u00e1sz P\u00e9ter"}},{"@type":"WebPage","@id":"https:\/\/allasorias.hu\/hirek\/valt-a-munkaeropiac\/#webpage","url":"https:\/\/allasorias.hu\/hirek\/valt-a-munkaeropiac\/","name":"V\u00e1lt a munkaer\u0151piac | AllasOrias.hu | H\u00edrek-lapszemle","description":"A munkav\u00e1llal\u00f3k sz\u00e1m\u00e1ra a kisz\u00e1m\u00edthat\u00f3 jelen mellett a hossz\u00fa t\u00e1v\u00fa munkalehet\u0151s\u00e9g szerepel kiemelten az indokl\u00e1sban \u2013 der\u00fcl ki a szektor k\u00e9tharmad\u00e1t lefed\u0151 Magyar Munkaer\u0151-k\u00f6lcs\u00f6nz\u0151k Orsz\u00e1gos Sz\u00f6vets\u00e9ge tagszervezeteinek \u00e9s \u00e9rdekk\u00e9pviseleti munk\u00e1jukat t\u00e1mogat\u00f3 t\u00f6bb piacvezet\u0151 c\u00e9g k\u00f6r\u00e9ben v\u00e9gzett legfrissebb k\u00f6z\u00f6s kutat\u00e1sb\u00f3l. Egyre t\u00f6bben d\u00f6ntenek a munkaer\u0151-k\u00f6lcs\u00f6nz\u00e9s mellett: munkaad\u00f3i oldalon a piac v\u00e1ltoz\u00e1saira val\u00f3 gyors reakci\u00f3k\u00e9pess\u00e9ge, rugalmass\u00e1ga \u00e9s","inLanguage":"hu-HU","isPartOf":{"@id":"https:\/\/allasorias.hu\/hirek\/#website"},"breadcrumb":{"@id":"https:\/\/allasorias.hu\/hirek\/valt-a-munkaeropiac\/#breadcrumblist"},"author":{"@id":"https:\/\/allasorias.hu\/hirek\/author\/admin-allasorias\/#author"},"creator":{"@id":"https:\/\/allasorias.hu\/hirek\/author\/admin-allasorias\/#author"},"image":{"@type":"ImageObject","url":"https:\/\/allasorias.hu\/hirek\/wp-content\/uploads\/2021\/08\/fired-worker-with-personal-things-table.jpg","@id":"https:\/\/allasorias.hu\/hirek\/valt-a-munkaeropiac\/#mainImage","width":1920,"height":1280,"caption":"Fired worker with personal things at table"},"primaryImageOfPage":{"@id":"https:\/\/allasorias.hu\/hirek\/valt-a-munkaeropiac\/#mainImage"},"datePublished":"2022-03-18T08:40:19+02:00","dateModified":"2022-03-18T08:40:19+02:00"},{"@type":"WebSite","@id":"https:\/\/allasorias.hu\/hirek\/#website","url":"https:\/\/allasorias.hu\/hirek\/","name":"AllasOrias.hu | H\u00edrek-lapszemle","description":"\u00dczleti h\u00edrek az \u00e1ll\u00e1s \u00e9s a munka vil\u00e1g\u00e1b\u00f3l","inLanguage":"hu-HU","publisher":{"@id":"https:\/\/allasorias.hu\/hirek\/#organization"}}]},"og:locale":"hu_HU","og:site_name":"AllasOrias.hu | H\u00edrek-lapszemle | \u00dczleti h\u00edrek az \u00e1ll\u00e1s \u00e9s a munka vil\u00e1g\u00e1b\u00f3l","og:type":"article","og:title":"V\u00e1lt a munkaer\u0151piac | AllasOrias.hu | H\u00edrek-lapszemle","og:description":"A munkav\u00e1llal\u00f3k sz\u00e1m\u00e1ra a kisz\u00e1m\u00edthat\u00f3 jelen mellett a hossz\u00fa t\u00e1v\u00fa munkalehet\u0151s\u00e9g szerepel kiemelten az indokl\u00e1sban \u2013 der\u00fcl ki a szektor k\u00e9tharmad\u00e1t lefed\u0151 Magyar Munkaer\u0151-k\u00f6lcs\u00f6nz\u0151k Orsz\u00e1gos Sz\u00f6vets\u00e9ge tagszervezeteinek \u00e9s \u00e9rdekk\u00e9pviseleti munk\u00e1jukat t\u00e1mogat\u00f3 t\u00f6bb piacvezet\u0151 c\u00e9g k\u00f6r\u00e9ben v\u00e9gzett legfrissebb k\u00f6z\u00f6s kutat\u00e1sb\u00f3l. Egyre t\u00f6bben d\u00f6ntenek a munkaer\u0151-k\u00f6lcs\u00f6nz\u00e9s mellett: munkaad\u00f3i oldalon a piac v\u00e1ltoz\u00e1saira val\u00f3 gyors reakci\u00f3k\u00e9pess\u00e9ge, rugalmass\u00e1ga \u00e9s","og:url":"https:\/\/allasorias.hu\/hirek\/valt-a-munkaeropiac\/","og:image":"https:\/\/allasorias.hu\/hirek\/wp-content\/uploads\/2021\/08\/fired-worker-with-personal-things-table.jpg","og:image:secure_url":"https:\/\/allasorias.hu\/hirek\/wp-content\/uploads\/2021\/08\/fired-worker-with-personal-things-table.jpg","og:image:width":1920,"og:image:height":1280,"article:published_time":"2022-03-18T08:40:19+00:00","article:modified_time":"2022-03-18T08:40:19+00:00","article:publisher":"https:\/\/www.facebook.com\/allasorias","twitter:card":"summary_large_image","twitter:title":"V\u00e1lt a munkaer\u0151piac | AllasOrias.hu | H\u00edrek-lapszemle","twitter:description":"A munkav\u00e1llal\u00f3k sz\u00e1m\u00e1ra a kisz\u00e1m\u00edthat\u00f3 jelen mellett a hossz\u00fa t\u00e1v\u00fa munkalehet\u0151s\u00e9g szerepel kiemelten az indokl\u00e1sban \u2013 der\u00fcl ki a szektor k\u00e9tharmad\u00e1t lefed\u0151 Magyar Munkaer\u0151-k\u00f6lcs\u00f6nz\u0151k Orsz\u00e1gos Sz\u00f6vets\u00e9ge tagszervezeteinek \u00e9s \u00e9rdekk\u00e9pviseleti munk\u00e1jukat t\u00e1mogat\u00f3 t\u00f6bb piacvezet\u0151 c\u00e9g k\u00f6r\u00e9ben v\u00e9gzett legfrissebb k\u00f6z\u00f6s kutat\u00e1sb\u00f3l. Egyre t\u00f6bben d\u00f6ntenek a munkaer\u0151-k\u00f6lcs\u00f6nz\u00e9s mellett: munkaad\u00f3i oldalon a piac v\u00e1ltoz\u00e1saira val\u00f3 gyors reakci\u00f3k\u00e9pess\u00e9ge, rugalmass\u00e1ga \u00e9s","twitter:image":"https:\/\/allasorias.hu\/hirek\/wp-content\/uploads\/2021\/08\/fired-worker-with-personal-things-table.jpg","twitter:label1":"Written by","twitter:data1":"Juh\u00e1sz P\u00e9ter","twitter:label2":"Est. reading time","twitter:data2":"2 minutes"},"aioseo_meta_data":{"post_id":"5450","title":null,"description":null,"keywords":[],"keyphrases":{"focus":{"keyphrase":"","score":0,"analysis":{"keyphraseInTitle":{"score":0,"maxScore":9,"error":1}}},"additional":[]},"primary_term":null,"canonical_url":null,"og_title":null,"og_description":null,"og_object_type":"default","og_image_type":"default","og_image_url":null,"og_image_width":null,"og_image_height":null,"og_image_custom_url":null,"og_image_custom_fields":null,"og_video":"","og_custom_url":null,"og_article_section":null,"og_article_tags":[],"twitter_use_og":false,"twitter_card":"default","twitter_image_type":"default","twitter_image_url":null,"twitter_image_custom_url":null,"twitter_image_custom_fields":null,"twitter_title":null,"twitter_description":null,"schema":{"blockGraphs":[],"customGraphs":[],"default":{"data":{"Article":[],"Course":[],"Dataset":[],"FAQPage":[],"Movie":[],"Person":[],"Product":[],"ProductReview":[],"Car":[],"Recipe":[],"Service":[],"SoftwareApplication":[],"WebPage":[]},"graphName":"","isEnabled":true},"graphs":[],"defaultGraph":"Article","defaultPostTypeGraph":""},"schema_type":"default","schema_type_options":"{\"article\":{\"articleType\":\"BlogPosting\"},\"course\":{\"name\":\"\",\"description\":\"\",\"provider\":\"\"},\"faq\":{\"pages\":[]},\"product\":{\"reviews\":[]},\"recipe\":{\"ingredients\":[],\"instructions\":[],\"keywords\":[]},\"software\":{\"reviews\":[],\"operatingSystems\":[]},\"webPage\":{\"webPageType\":\"WebPage\"}}","pillar_content":false,"robots_default":true,"robots_noindex":false,"robots_noarchive":false,"robots_nosnippet":false,"robots_nofollow":false,"robots_noimageindex":false,"robots_noodp":false,"robots_notranslate":false,"robots_max_snippet":"-1","robots_max_videopreview":"-1","robots_max_imagepreview":"large","priority":null,"frequency":"default","location":null,"local_seo":null,"breadcrumb_settings":null,"limit_modified_date":false,"ai":null,"created":"2022-03-18 08:39:24","updated":"2025-10-02 16:50:43","seo_analyzer_scan_date":null,"focus_keyword":null,"additional_keywords":null,"truseo_locale":null},"aioseo_breadcrumb":"<div class=\"aioseo-breadcrumbs\"><span class=\"aioseo-breadcrumb\">\n\t\t\t<a href=\"https:\/\/allasorias.hu\/hirek\" title=\"Home\">Home<\/a>\n\t\t<\/span><span class=\"aioseo-breadcrumb-separator\">&raquo;<\/span><span class=\"aioseo-breadcrumb\">\n\t\t\t<a href=\"https:\/\/allasorias.hu\/hirek\/temak\/munkaeropiac\/\" title=\"Munkaer\u0151piac\">Munkaer\u0151piac<\/a>\n\t\t<\/span><span class=\"aioseo-breadcrumb-separator\">&raquo;<\/span><span class=\"aioseo-breadcrumb\">\n\t\t\tV\u00e1lt a munkaer\u0151piac\n\t\t<\/span><\/div>","aioseo_breadcrumb_json":[{"label":"Home","link":"https:\/\/allasorias.hu\/hirek"},{"label":"Munkaer\u0151piac","link":"https:\/\/allasorias.hu\/hirek\/temak\/munkaeropiac\/"},{"label":"V\u00e1lt a munkaer\u0151piac","link":"https:\/\/allasorias.hu\/hirek\/valt-a-munkaeropiac\/"}],"_links":{"self":[{"href":"https:\/\/allasorias.hu\/hirek\/wp-json\/wp\/v2\/posts\/5450","targetHints":{"allow":["GET"]}}],"collection":[{"href":"https:\/\/allasorias.hu\/hirek\/wp-json\/wp\/v2\/posts"}],"about":[{"href":"https:\/\/allasorias.hu\/hirek\/wp-json\/wp\/v2\/types\/post"}],"author":[{"embeddable":true,"href":"https:\/\/allasorias.hu\/hirek\/wp-json\/wp\/v2\/users\/1"}],"replies":[{"embeddable":true,"href":"https:\/\/allasorias.hu\/hirek\/wp-json\/wp\/v2\/comments?post=5450"}],"version-history":[{"count":1,"href":"https:\/\/allasorias.hu\/hirek\/wp-json\/wp\/v2\/posts\/5450\/revisions"}],"predecessor-version":[{"id":5451,"href":"https:\/\/allasorias.hu\/hirek\/wp-json\/wp\/v2\/posts\/5450\/revisions\/5451"}],"wp:featuredmedia":[{"embeddable":true,"href":"https:\/\/allasorias.hu\/hirek\/wp-json\/wp\/v2\/media\/4956"}],"wp:attachment":[{"href":"https:\/\/allasorias.hu\/hirek\/wp-json\/wp\/v2\/media?parent=5450"}],"wp:term":[{"taxonomy":"category","embeddable":true,"href":"https:\/\/allasorias.hu\/hirek\/wp-json\/wp\/v2\/categories?post=5450"},{"taxonomy":"post_tag","embeddable":true,"href":"https:\/\/allasorias.hu\/hirek\/wp-json\/wp\/v2\/tags?post=5450"}],"curies":[{"name":"wp","href":"https:\/\/api.w.org\/{rel}","templated":true}]}}