{"id":5433,"date":"2022-03-10T07:43:00","date_gmt":"2022-03-10T07:43:00","guid":{"rendered":"https:\/\/allasorias.hu\/hirek\/?p=5433"},"modified":"2022-03-10T07:43:00","modified_gmt":"2022-03-10T07:43:00","slug":"az-ukranok-nem-nalunk-allnanak-munkaba","status":"publish","type":"post","link":"https:\/\/allasorias.hu\/hirek\/az-ukranok-nem-nalunk-allnanak-munkaba\/","title":{"rendered":"Az ukr\u00e1nok nem n\u00e1lunk \u00e1lln\u00e1nak munk\u00e1ba"},"content":{"rendered":"<p>Az ukr\u00e1n menek\u00fcltek az alacsonyabb nyelvi korl\u00e1tok \u00e9s a versenyk\u00e9pesebb fizet\u00e9sek miatt sokkal ink\u00e1bb v\u00e1laszthatj\u00e1k Lengyelorsz\u00e1got, vagy Csehorsz\u00e1got, pedig az \u00e9p\u00edt\u0151iparban p\u00e9ld\u00e1ul k\u00f6nnyen el tudn\u00e1nak helyezkedni.Hi\u00e1ba tudn\u00e1 a k\u00f6nnyed\u00e9n felsz\u00edvni a magyar munkaer\u0151piac az ukr\u00e1n menek\u00fclteket, \u0151k minden bizonnyal nem haz\u00e1nkban akarnak majd munk\u00e1t v\u00e1llalni &#8211; der\u00fcl ki a Portfolio podcastj\u00e9b\u0151l.<\/p>\n<p>A magyar gazdas\u00e1g egyik legnagyobb h\u00e1tr\u00e1ltat\u00f3 t\u00e9nyez\u0151je volt az elm\u00falt \u00e9vekben a hatalmas munkaer\u0151hi\u00e1ny. A jelens\u00e9g els\u0151sorban az \u00e9p\u00edt\u0151iparban okozott komoly gondokat, ahol a szakemberek adott egyre nagyobb b\u00e9rek mellett vend\u00e9gmunk\u00e1sokkal igyekeztek orvosolni a helyzetet &#8211; k\u00f6zt\u00fck rengeteg ukr\u00e1nnal. &#8222;K\u00f6r\u00fclbel\u00fcl 100 000 k\u00fclf\u00f6ldi munkav\u00e1llal\u00f3, vend\u00e9gmunk\u00e1s dolgozik ma Magyarorsz\u00e1gon, ezek k\u00f6z\u00fcl k\u00f6r\u00fclbel\u00fcl 60 000 ukr\u00e1n. Ezek persze nem egzakt adatok, hiszen hivatalos statisztika nem vezeti ezt&#8221; &#8211; mondta Toldi G\u00e1bor, a DTC Solution HR-szolg\u00e1ltat\u00f3 c\u00e9g tulajdonos-\u00fcgyvezet\u0151je a Portfolio podcastj\u00e9ben. A h\u00e1bor\u00fa vonatkoz\u00e1s\u00e1ban elmondta azt is, hogy ugyan van egy sz\u0171k r\u00e9teg az ukr\u00e1n vend\u00e9gmunk\u00e1sok k\u00f6z\u00f6tt, akik ink\u00e1bb hazamentek, de nem ez a jellemz\u0151 &#8211; sokan ink\u00e1bb azzal fordulnak a c\u00e9gvezet\u00e9s fel\u00e9, hogy az Ukrajn\u00e1b\u00f3l menek\u00fcl\u0151 rokonoknak tudnak-e munk\u00e1t, sz\u00e1ll\u00e1st adni. Az esetlegesen itthon elhelyezked\u0151 menek\u00fcltek kapcs\u00e1n kiemelte, hogy a magyar munkaer\u0151piacon olyan m\u00e9rt\u00e9k\u0171 hi\u00e1ny van \u00e9s olyannyira nem tal\u00e1lnak embert, hogy szerinte a piac gond n\u00e9lk\u00fcl fel tudn\u00e1 sz\u00edvni ezt a munkav\u00e1llal\u00f3i \u00e1llom\u00e1nyt.100 000 ember sim\u00e1n elf\u00e9r a jelenlegi kapacit\u00e1sig\u00e9nyek mellett &#8211; hangs\u00falyozta. A rengeteg munkav\u00e1llal\u00f3 egy jelent\u0151s r\u00e9sze bizony\u00e1ra az \u00e9p\u00edt\u0151iparban helyezkedne el &#8211; a szakma pedig m\u00e1r elkezdett erre felk\u00e9sz\u00fclni. Koji L\u00e1szl\u00f3, az \u00c9VOSZ eln\u00f6ke kor\u00e1bban m\u00e1r kijelentette, hogy a jelenlegi helyzetben szerinte &#8222;az \u00e9p\u00edt\u0151ipari szakm\u00e1nak fontos felel\u0151ss\u00e9ge, hogy aki Ukrajn\u00e1b\u00f3l \u00e9rkezik \u00e9s munk\u00e1t szeretne, adjunk neki&#8221; &#8211; jelezve, hogy k\u00e9szek elhelyezni az ukr\u00e1n menek\u00fclteket. Toldi G\u00e1bor besz\u00e9lget\u0151partnere azonban ki\u00e1br\u00e1nd\u00edtotta a hirtelen megugr\u00f3 munkaer\u0151-k\u00edn\u00e1latban bizakod\u00f3 hangokat. Baja S\u00e1ndor, a Randstad hazai \u00fcgyvezet\u0151je szerint az ukr\u00e1n menek\u00fcltek t\u00falnyom\u00f3 r\u00e9sze nem itthon akar majd elhelyezkedni. &#8222;Az ukr\u00e1n menek\u00fcltek els\u0151sorban nem fel\u00e9nk fogj\u00e1k venni az ir\u00e1nyt. Egyr\u00e9szt Lengyelorsz\u00e1gban m\u00e1r \u00edgy is t\u00f6bb milli\u00f3 ukr\u00e1n dolgozik, hiszen oda ak\u00e1r f\u00e9l \u00e9v alatt is t\u00f6k\u00e9letesen beilleszkednek, k\u00f6nnyebben lek\u00fczdik a nyelvi korl\u00e1tot, valamint a fizet\u00e9sek is magasabbak valamivel. Ut\u00f3bbi tekintet\u00e9ben a csehek m\u00e9g el\u0151r\u00e9bb j\u00e1rnak, m\u00edg itthon egyes megy\u00e9kben m\u00e9g minim\u00e1lb\u00e9ren pr\u00f3b\u00e1lj\u00e1k megoldani a munkaer\u0151-hi\u00e1ny probl\u00e9m\u00e1j\u00e1t. Mindezek f\u00e9ny\u00e9ben az ukr\u00e1n menek\u00fcltek nagyr\u00e9sze bizony\u00e1ra nem Magyarorsz\u00e1gon akar majd munk\u00e1t v\u00e1llalni&#8221; &#8211; lombozta le a bizakod\u00f3 ked\u00e9lyeket. Fontos ugyanakkor hozz\u00e1tenni, hogy bizony\u00e1ra t\u00f6bb milli\u00f3an fogj\u00e1k elhagyni Ukrajn\u00e1t, akik egy r\u00e9sze biztosan Magyarorsz\u00e1gon fog maradni. Ugyan egyes becsl\u00e9sek szerint az eddig haz\u00e1nkba \u00e9rkez\u0151 menek\u00fcltek 80-90%-a val\u00f3ban tov\u00e1bb is \u00e1llt nyugat fel\u00e9, t\u00edzezrek itt maradtak, a menek\u00fcltek sz\u00e1ma pedig egyre csak n\u00f6vekedni fog. Az ENSZ Menek\u00fclt\u00fcgyi F\u0151bizotts\u00e1ga 4 milli\u00f3 menek\u00fclttel sz\u00e1mol, az Eur\u00f3pai Uni\u00f3 5-tel, ilyen sok ember k\u00f6z\u00fcl pedig eg\u00e9szen k\u00f6nnyen lehet ak\u00e1r t\u00f6bb sz\u00e1zezer is, akik Magyarorsz\u00e1gon telepednek le &#8211; m\u00e1r csak a jelent\u0151s k\u00e1rp\u00e1taljai magyars\u00e1g miatt is. Az \u0151 integr\u00e1l\u00e1sukban jelent\u0151s szerepe lesz a munkaer\u0151piacnak, azon bel\u00fcl is az \u00e9p\u00edt\u0151iparnak.<\/p>\n<p>Forr\u00e1s: portfolio.hu<\/p>\n","protected":false},"excerpt":{"rendered":"<p>Az ukr\u00e1n menek\u00fcltek az alacsonyabb nyelvi korl\u00e1tok \u00e9s a versenyk\u00e9pesebb fizet\u00e9sek miatt sokkal ink\u00e1bb v\u00e1laszthatj\u00e1k Lengyelorsz\u00e1got, vagy Csehorsz\u00e1got, pedig az \u00e9p\u00edt\u0151iparban p\u00e9ld\u00e1ul k\u00f6nnyen el tudn\u00e1nak helyezkedni.Hi\u00e1ba tudn\u00e1 a k\u00f6nnyed\u00e9n felsz\u00edvni a magyar munkaer\u0151piac az ukr\u00e1n menek\u00fclteket, \u0151k minden bizonnyal nem haz\u00e1nkban akarnak majd munk\u00e1t v\u00e1llalni &#8211; der\u00fcl ki a Portfolio podcastj\u00e9b\u0151l. A magyar gazdas\u00e1g egyik [&hellip;]<\/p>\n","protected":false},"author":1,"featured_media":5434,"comment_status":"open","ping_status":"open","sticky":false,"template":"","format":"standard","meta":{"_monsterinsights_skip_tracking":false,"footnotes":""},"categories":[201,200],"tags":[],"class_list":["post-5433","post","type-post","status-publish","format-standard","has-post-thumbnail","hentry","category-kulfold","category-munkaeropiac"],"aioseo_notices":[],"aioseo_head":"\n\t\t<!-- All in One SEO 5.0.0.1 - aioseo.com -->\n\t<meta name=\"description\" content=\"Az ukr\u00e1n menek\u00fcltek az alacsonyabb nyelvi korl\u00e1tok \u00e9s a versenyk\u00e9pesebb fizet\u00e9sek miatt sokkal ink\u00e1bb v\u00e1laszthatj\u00e1k Lengyelorsz\u00e1got, vagy Csehorsz\u00e1got, pedig az \u00e9p\u00edt\u0151iparban p\u00e9ld\u00e1ul k\u00f6nnyen el tudn\u00e1nak helyezkedni.Hi\u00e1ba tudn\u00e1 a k\u00f6nnyed\u00e9n felsz\u00edvni a magyar munkaer\u0151piac az ukr\u00e1n menek\u00fclteket, \u0151k minden bizonnyal nem haz\u00e1nkban akarnak majd munk\u00e1t v\u00e1llalni - der\u00fcl ki a Portfolio podcastj\u00e9b\u0151l. A magyar gazdas\u00e1g egyik\" \/>\n\t<meta name=\"robots\" content=\"max-image-preview:large\" \/>\n\t<meta name=\"author\" content=\"Juh\u00e1sz P\u00e9ter\"\/>\n\t<link rel=\"canonical\" href=\"https:\/\/allasorias.hu\/hirek\/az-ukranok-nem-nalunk-allnanak-munkaba\/\" \/>\n\t<meta name=\"generator\" content=\"All in One SEO (AIOSEO) 5.0.0.1\" \/>\n\t\t<meta property=\"og:locale\" content=\"hu_HU\" \/>\n\t\t<meta property=\"og:site_name\" content=\"AllasOrias.hu | H\u00edrek-lapszemle | \u00dczleti h\u00edrek az \u00e1ll\u00e1s \u00e9s a munka vil\u00e1g\u00e1b\u00f3l\" \/>\n\t\t<meta property=\"og:type\" content=\"article\" \/>\n\t\t<meta property=\"og:title\" content=\"Az ukr\u00e1nok nem n\u00e1lunk \u00e1lln\u00e1nak munk\u00e1ba | AllasOrias.hu | H\u00edrek-lapszemle\" \/>\n\t\t<meta property=\"og:description\" content=\"Az ukr\u00e1n menek\u00fcltek az alacsonyabb nyelvi korl\u00e1tok \u00e9s a versenyk\u00e9pesebb fizet\u00e9sek miatt sokkal ink\u00e1bb v\u00e1laszthatj\u00e1k Lengyelorsz\u00e1got, vagy Csehorsz\u00e1got, pedig az \u00e9p\u00edt\u0151iparban p\u00e9ld\u00e1ul k\u00f6nnyen el tudn\u00e1nak helyezkedni.Hi\u00e1ba tudn\u00e1 a k\u00f6nnyed\u00e9n felsz\u00edvni a magyar munkaer\u0151piac az ukr\u00e1n menek\u00fclteket, \u0151k minden bizonnyal nem haz\u00e1nkban akarnak majd munk\u00e1t v\u00e1llalni - der\u00fcl ki a Portfolio podcastj\u00e9b\u0151l. A magyar gazdas\u00e1g egyik\" \/>\n\t\t<meta property=\"og:url\" content=\"https:\/\/allasorias.hu\/hirek\/az-ukranok-nem-nalunk-allnanak-munkaba\/\" \/>\n\t\t<meta property=\"og:image\" content=\"https:\/\/allasorias.hu\/hirek\/wp-content\/uploads\/2022\/03\/flag-ukraine.jpg\" \/>\n\t\t<meta property=\"og:image:secure_url\" content=\"https:\/\/allasorias.hu\/hirek\/wp-content\/uploads\/2022\/03\/flag-ukraine.jpg\" \/>\n\t\t<meta property=\"og:image:width\" content=\"1920\" \/>\n\t\t<meta property=\"og:image:height\" content=\"1280\" \/>\n\t\t<meta property=\"article:published_time\" content=\"2022-03-10T07:43:00+00:00\" \/>\n\t\t<meta property=\"article:modified_time\" content=\"2022-03-10T07:43:00+00:00\" \/>\n\t\t<meta property=\"article:publisher\" content=\"https:\/\/www.facebook.com\/allasorias\" \/>\n\t\t<meta name=\"twitter:card\" content=\"summary_large_image\" \/>\n\t\t<meta name=\"twitter:title\" content=\"Az ukr\u00e1nok nem n\u00e1lunk \u00e1lln\u00e1nak munk\u00e1ba | AllasOrias.hu | H\u00edrek-lapszemle\" \/>\n\t\t<meta name=\"twitter:description\" content=\"Az ukr\u00e1n menek\u00fcltek az alacsonyabb nyelvi korl\u00e1tok \u00e9s a versenyk\u00e9pesebb fizet\u00e9sek miatt sokkal ink\u00e1bb v\u00e1laszthatj\u00e1k Lengyelorsz\u00e1got, vagy Csehorsz\u00e1got, pedig az \u00e9p\u00edt\u0151iparban p\u00e9ld\u00e1ul k\u00f6nnyen el tudn\u00e1nak helyezkedni.Hi\u00e1ba tudn\u00e1 a k\u00f6nnyed\u00e9n felsz\u00edvni a magyar munkaer\u0151piac az ukr\u00e1n menek\u00fclteket, \u0151k minden bizonnyal nem haz\u00e1nkban akarnak majd munk\u00e1t v\u00e1llalni - der\u00fcl ki a Portfolio podcastj\u00e9b\u0151l. A magyar gazdas\u00e1g egyik\" \/>\n\t\t<meta name=\"twitter:image\" content=\"https:\/\/allasorias.hu\/hirek\/wp-content\/uploads\/2022\/03\/flag-ukraine.jpg\" \/>\n\t\t<meta name=\"twitter:label1\" content=\"Written by\" \/>\n\t\t<meta name=\"twitter:data1\" content=\"Juh\u00e1sz P\u00e9ter\" \/>\n\t\t<meta name=\"twitter:label2\" content=\"Est. reading time\" \/>\n\t\t<meta name=\"twitter:data2\" content=\"4 minutes\" \/>\n\t\t<script type=\"application\/ld+json\" class=\"aioseo-schema\">\n\t\t\t{\"@context\":\"https:\\\/\\\/schema.org\",\"@graph\":[{\"@type\":\"Article\",\"@id\":\"https:\\\/\\\/allasorias.hu\\\/hirek\\\/az-ukranok-nem-nalunk-allnanak-munkaba\\\/#article\",\"name\":\"Az ukr\\u00e1nok nem n\\u00e1lunk \\u00e1lln\\u00e1nak munk\\u00e1ba | AllasOrias.hu | H\\u00edrek-lapszemle\",\"headline\":\"Az ukr\\u00e1nok nem n\\u00e1lunk \\u00e1lln\\u00e1nak munk\\u00e1ba\",\"author\":{\"@id\":\"https:\\\/\\\/allasorias.hu\\\/hirek\\\/author\\\/admin-allasorias\\\/#author\"},\"publisher\":{\"@id\":\"https:\\\/\\\/allasorias.hu\\\/hirek\\\/#organization\"},\"image\":{\"@type\":\"ImageObject\",\"url\":\"https:\\\/\\\/allasorias.hu\\\/hirek\\\/wp-content\\\/uploads\\\/2022\\\/03\\\/flag-ukraine.jpg\",\"width\":1920,\"height\":1280,\"caption\":\"Flag of Ukraine\"},\"datePublished\":\"2022-03-10T07:43:00+02:00\",\"dateModified\":\"2022-03-10T07:43:00+02:00\",\"inLanguage\":\"hu-HU\",\"mainEntityOfPage\":{\"@id\":\"https:\\\/\\\/allasorias.hu\\\/hirek\\\/az-ukranok-nem-nalunk-allnanak-munkaba\\\/#webpage\"},\"isPartOf\":{\"@id\":\"https:\\\/\\\/allasorias.hu\\\/hirek\\\/az-ukranok-nem-nalunk-allnanak-munkaba\\\/#webpage\"},\"articleSection\":\"K\\u00fclf\\u00f6ld, Munkaer\\u0151piac\"},{\"@type\":\"BreadcrumbList\",\"@id\":\"https:\\\/\\\/allasorias.hu\\\/hirek\\\/az-ukranok-nem-nalunk-allnanak-munkaba\\\/#breadcrumblist\",\"itemListElement\":[{\"@type\":\"ListItem\",\"@id\":\"https:\\\/\\\/allasorias.hu\\\/hirek#listItem\",\"position\":1,\"name\":\"Home\",\"item\":\"https:\\\/\\\/allasorias.hu\\\/hirek\",\"nextItem\":{\"@type\":\"ListItem\",\"@id\":\"https:\\\/\\\/allasorias.hu\\\/hirek\\\/temak\\\/munkaeropiac\\\/#listItem\",\"name\":\"Munkaer\\u0151piac\"}},{\"@type\":\"ListItem\",\"@id\":\"https:\\\/\\\/allasorias.hu\\\/hirek\\\/temak\\\/munkaeropiac\\\/#listItem\",\"position\":2,\"name\":\"Munkaer\\u0151piac\",\"item\":\"https:\\\/\\\/allasorias.hu\\\/hirek\\\/temak\\\/munkaeropiac\\\/\",\"nextItem\":{\"@type\":\"ListItem\",\"@id\":\"https:\\\/\\\/allasorias.hu\\\/hirek\\\/az-ukranok-nem-nalunk-allnanak-munkaba\\\/#listItem\",\"name\":\"Az ukr\\u00e1nok nem n\\u00e1lunk \\u00e1lln\\u00e1nak munk\\u00e1ba\"},\"previousItem\":{\"@type\":\"ListItem\",\"@id\":\"https:\\\/\\\/allasorias.hu\\\/hirek#listItem\",\"name\":\"Home\"}},{\"@type\":\"ListItem\",\"@id\":\"https:\\\/\\\/allasorias.hu\\\/hirek\\\/az-ukranok-nem-nalunk-allnanak-munkaba\\\/#listItem\",\"position\":3,\"name\":\"Az ukr\\u00e1nok nem n\\u00e1lunk \\u00e1lln\\u00e1nak munk\\u00e1ba\",\"previousItem\":{\"@type\":\"ListItem\",\"@id\":\"https:\\\/\\\/allasorias.hu\\\/hirek\\\/temak\\\/munkaeropiac\\\/#listItem\",\"name\":\"Munkaer\\u0151piac\"}}]},{\"@type\":\"Organization\",\"@id\":\"https:\\\/\\\/allasorias.hu\\\/hirek\\\/#organization\",\"name\":\"AllasOrias.hu | H\\u00edrek-lapszemle\",\"description\":\"\\u00dczleti h\\u00edrek az \\u00e1ll\\u00e1s \\u00e9s a munka vil\\u00e1g\\u00e1b\\u00f3l\",\"url\":\"https:\\\/\\\/allasorias.hu\\\/hirek\\\/\",\"logo\":{\"@type\":\"ImageObject\",\"url\":\"https:\\\/\\\/allasorias.hu\\\/hirek\\\/wp-content\\\/uploads\\\/2022\\\/10\\\/allasorias_site_facebok_logo.png\",\"@id\":\"https:\\\/\\\/allasorias.hu\\\/hirek\\\/az-ukranok-nem-nalunk-allnanak-munkaba\\\/#organizationLogo\"},\"image\":{\"@id\":\"https:\\\/\\\/allasorias.hu\\\/hirek\\\/az-ukranok-nem-nalunk-allnanak-munkaba\\\/#organizationLogo\"},\"sameAs\":[\"https:\\\/\\\/www.facebook.com\\\/allasorias\",\"https:\\\/\\\/www.linkedin.com\\\/company\\\/allasorias\"]},{\"@type\":\"Person\",\"@id\":\"https:\\\/\\\/allasorias.hu\\\/hirek\\\/author\\\/admin-allasorias\\\/#author\",\"url\":\"https:\\\/\\\/allasorias.hu\\\/hirek\\\/author\\\/admin-allasorias\\\/\",\"name\":\"Juh\\u00e1sz P\\u00e9ter\",\"image\":{\"@type\":\"ImageObject\",\"@id\":\"https:\\\/\\\/allasorias.hu\\\/hirek\\\/az-ukranok-nem-nalunk-allnanak-munkaba\\\/#authorImage\",\"url\":\"https:\\\/\\\/secure.gravatar.com\\\/avatar\\\/36e6bcb83148978b992977cb0f54d22feb0cce8a0a849a9410532bb2623ba4c6?s=96&d=mm&r=g\",\"width\":96,\"height\":96,\"caption\":\"Juh\\u00e1sz P\\u00e9ter\"}},{\"@type\":\"WebPage\",\"@id\":\"https:\\\/\\\/allasorias.hu\\\/hirek\\\/az-ukranok-nem-nalunk-allnanak-munkaba\\\/#webpage\",\"url\":\"https:\\\/\\\/allasorias.hu\\\/hirek\\\/az-ukranok-nem-nalunk-allnanak-munkaba\\\/\",\"name\":\"Az ukr\\u00e1nok nem n\\u00e1lunk \\u00e1lln\\u00e1nak munk\\u00e1ba | AllasOrias.hu | H\\u00edrek-lapszemle\",\"description\":\"Az ukr\\u00e1n menek\\u00fcltek az alacsonyabb nyelvi korl\\u00e1tok \\u00e9s a versenyk\\u00e9pesebb fizet\\u00e9sek miatt sokkal ink\\u00e1bb v\\u00e1laszthatj\\u00e1k Lengyelorsz\\u00e1got, vagy Csehorsz\\u00e1got, pedig az \\u00e9p\\u00edt\\u0151iparban p\\u00e9ld\\u00e1ul k\\u00f6nnyen el tudn\\u00e1nak helyezkedni.Hi\\u00e1ba tudn\\u00e1 a k\\u00f6nnyed\\u00e9n felsz\\u00edvni a magyar munkaer\\u0151piac az ukr\\u00e1n menek\\u00fclteket, \\u0151k minden bizonnyal nem haz\\u00e1nkban akarnak majd munk\\u00e1t v\\u00e1llalni - der\\u00fcl ki a Portfolio podcastj\\u00e9b\\u0151l. A magyar gazdas\\u00e1g egyik\",\"inLanguage\":\"hu-HU\",\"isPartOf\":{\"@id\":\"https:\\\/\\\/allasorias.hu\\\/hirek\\\/#website\"},\"breadcrumb\":{\"@id\":\"https:\\\/\\\/allasorias.hu\\\/hirek\\\/az-ukranok-nem-nalunk-allnanak-munkaba\\\/#breadcrumblist\"},\"author\":{\"@id\":\"https:\\\/\\\/allasorias.hu\\\/hirek\\\/author\\\/admin-allasorias\\\/#author\"},\"creator\":{\"@id\":\"https:\\\/\\\/allasorias.hu\\\/hirek\\\/author\\\/admin-allasorias\\\/#author\"},\"image\":{\"@type\":\"ImageObject\",\"url\":\"https:\\\/\\\/allasorias.hu\\\/hirek\\\/wp-content\\\/uploads\\\/2022\\\/03\\\/flag-ukraine.jpg\",\"@id\":\"https:\\\/\\\/allasorias.hu\\\/hirek\\\/az-ukranok-nem-nalunk-allnanak-munkaba\\\/#mainImage\",\"width\":1920,\"height\":1280,\"caption\":\"Flag of Ukraine\"},\"primaryImageOfPage\":{\"@id\":\"https:\\\/\\\/allasorias.hu\\\/hirek\\\/az-ukranok-nem-nalunk-allnanak-munkaba\\\/#mainImage\"},\"datePublished\":\"2022-03-10T07:43:00+02:00\",\"dateModified\":\"2022-03-10T07:43:00+02:00\"},{\"@type\":\"WebSite\",\"@id\":\"https:\\\/\\\/allasorias.hu\\\/hirek\\\/#website\",\"url\":\"https:\\\/\\\/allasorias.hu\\\/hirek\\\/\",\"name\":\"AllasOrias.hu | H\\u00edrek-lapszemle\",\"description\":\"\\u00dczleti h\\u00edrek az \\u00e1ll\\u00e1s \\u00e9s a munka vil\\u00e1g\\u00e1b\\u00f3l\",\"inLanguage\":\"hu-HU\",\"publisher\":{\"@id\":\"https:\\\/\\\/allasorias.hu\\\/hirek\\\/#organization\"}}]}\n\t\t<\/script>\n\t\t<!-- All in One SEO -->\n\n","aioseo_head_json":{"title":"Az ukr\u00e1nok nem n\u00e1lunk \u00e1lln\u00e1nak munk\u00e1ba | AllasOrias.hu | H\u00edrek-lapszemle","description":"Az ukr\u00e1n menek\u00fcltek az alacsonyabb nyelvi korl\u00e1tok \u00e9s a versenyk\u00e9pesebb fizet\u00e9sek miatt sokkal ink\u00e1bb v\u00e1laszthatj\u00e1k Lengyelorsz\u00e1got, vagy Csehorsz\u00e1got, pedig az \u00e9p\u00edt\u0151iparban p\u00e9ld\u00e1ul k\u00f6nnyen el tudn\u00e1nak helyezkedni.Hi\u00e1ba tudn\u00e1 a k\u00f6nnyed\u00e9n felsz\u00edvni a magyar munkaer\u0151piac az ukr\u00e1n menek\u00fclteket, \u0151k minden bizonnyal nem haz\u00e1nkban akarnak majd munk\u00e1t v\u00e1llalni - der\u00fcl ki a Portfolio podcastj\u00e9b\u0151l. A magyar gazdas\u00e1g egyik","canonical_url":"https:\/\/allasorias.hu\/hirek\/az-ukranok-nem-nalunk-allnanak-munkaba\/","robots":"max-image-preview:large","keywords":"","webmasterTools":{"miscellaneous":""},"schema":{"@context":"https:\/\/schema.org","@graph":[{"@type":"Article","@id":"https:\/\/allasorias.hu\/hirek\/az-ukranok-nem-nalunk-allnanak-munkaba\/#article","name":"Az ukr\u00e1nok nem n\u00e1lunk \u00e1lln\u00e1nak munk\u00e1ba | AllasOrias.hu | H\u00edrek-lapszemle","headline":"Az ukr\u00e1nok nem n\u00e1lunk \u00e1lln\u00e1nak munk\u00e1ba","author":{"@id":"https:\/\/allasorias.hu\/hirek\/author\/admin-allasorias\/#author"},"publisher":{"@id":"https:\/\/allasorias.hu\/hirek\/#organization"},"image":{"@type":"ImageObject","url":"https:\/\/allasorias.hu\/hirek\/wp-content\/uploads\/2022\/03\/flag-ukraine.jpg","width":1920,"height":1280,"caption":"Flag of Ukraine"},"datePublished":"2022-03-10T07:43:00+02:00","dateModified":"2022-03-10T07:43:00+02:00","inLanguage":"hu-HU","mainEntityOfPage":{"@id":"https:\/\/allasorias.hu\/hirek\/az-ukranok-nem-nalunk-allnanak-munkaba\/#webpage"},"isPartOf":{"@id":"https:\/\/allasorias.hu\/hirek\/az-ukranok-nem-nalunk-allnanak-munkaba\/#webpage"},"articleSection":"K\u00fclf\u00f6ld, Munkaer\u0151piac"},{"@type":"BreadcrumbList","@id":"https:\/\/allasorias.hu\/hirek\/az-ukranok-nem-nalunk-allnanak-munkaba\/#breadcrumblist","itemListElement":[{"@type":"ListItem","@id":"https:\/\/allasorias.hu\/hirek#listItem","position":1,"name":"Home","item":"https:\/\/allasorias.hu\/hirek","nextItem":{"@type":"ListItem","@id":"https:\/\/allasorias.hu\/hirek\/temak\/munkaeropiac\/#listItem","name":"Munkaer\u0151piac"}},{"@type":"ListItem","@id":"https:\/\/allasorias.hu\/hirek\/temak\/munkaeropiac\/#listItem","position":2,"name":"Munkaer\u0151piac","item":"https:\/\/allasorias.hu\/hirek\/temak\/munkaeropiac\/","nextItem":{"@type":"ListItem","@id":"https:\/\/allasorias.hu\/hirek\/az-ukranok-nem-nalunk-allnanak-munkaba\/#listItem","name":"Az ukr\u00e1nok nem n\u00e1lunk \u00e1lln\u00e1nak munk\u00e1ba"},"previousItem":{"@type":"ListItem","@id":"https:\/\/allasorias.hu\/hirek#listItem","name":"Home"}},{"@type":"ListItem","@id":"https:\/\/allasorias.hu\/hirek\/az-ukranok-nem-nalunk-allnanak-munkaba\/#listItem","position":3,"name":"Az ukr\u00e1nok nem n\u00e1lunk \u00e1lln\u00e1nak munk\u00e1ba","previousItem":{"@type":"ListItem","@id":"https:\/\/allasorias.hu\/hirek\/temak\/munkaeropiac\/#listItem","name":"Munkaer\u0151piac"}}]},{"@type":"Organization","@id":"https:\/\/allasorias.hu\/hirek\/#organization","name":"AllasOrias.hu | H\u00edrek-lapszemle","description":"\u00dczleti h\u00edrek az \u00e1ll\u00e1s \u00e9s a munka vil\u00e1g\u00e1b\u00f3l","url":"https:\/\/allasorias.hu\/hirek\/","logo":{"@type":"ImageObject","url":"https:\/\/allasorias.hu\/hirek\/wp-content\/uploads\/2022\/10\/allasorias_site_facebok_logo.png","@id":"https:\/\/allasorias.hu\/hirek\/az-ukranok-nem-nalunk-allnanak-munkaba\/#organizationLogo"},"image":{"@id":"https:\/\/allasorias.hu\/hirek\/az-ukranok-nem-nalunk-allnanak-munkaba\/#organizationLogo"},"sameAs":["https:\/\/www.facebook.com\/allasorias","https:\/\/www.linkedin.com\/company\/allasorias"]},{"@type":"Person","@id":"https:\/\/allasorias.hu\/hirek\/author\/admin-allasorias\/#author","url":"https:\/\/allasorias.hu\/hirek\/author\/admin-allasorias\/","name":"Juh\u00e1sz P\u00e9ter","image":{"@type":"ImageObject","@id":"https:\/\/allasorias.hu\/hirek\/az-ukranok-nem-nalunk-allnanak-munkaba\/#authorImage","url":"https:\/\/secure.gravatar.com\/avatar\/36e6bcb83148978b992977cb0f54d22feb0cce8a0a849a9410532bb2623ba4c6?s=96&d=mm&r=g","width":96,"height":96,"caption":"Juh\u00e1sz P\u00e9ter"}},{"@type":"WebPage","@id":"https:\/\/allasorias.hu\/hirek\/az-ukranok-nem-nalunk-allnanak-munkaba\/#webpage","url":"https:\/\/allasorias.hu\/hirek\/az-ukranok-nem-nalunk-allnanak-munkaba\/","name":"Az ukr\u00e1nok nem n\u00e1lunk \u00e1lln\u00e1nak munk\u00e1ba | AllasOrias.hu | H\u00edrek-lapszemle","description":"Az ukr\u00e1n menek\u00fcltek az alacsonyabb nyelvi korl\u00e1tok \u00e9s a versenyk\u00e9pesebb fizet\u00e9sek miatt sokkal ink\u00e1bb v\u00e1laszthatj\u00e1k Lengyelorsz\u00e1got, vagy Csehorsz\u00e1got, pedig az \u00e9p\u00edt\u0151iparban p\u00e9ld\u00e1ul k\u00f6nnyen el tudn\u00e1nak helyezkedni.Hi\u00e1ba tudn\u00e1 a k\u00f6nnyed\u00e9n felsz\u00edvni a magyar munkaer\u0151piac az ukr\u00e1n menek\u00fclteket, \u0151k minden bizonnyal nem haz\u00e1nkban akarnak majd munk\u00e1t v\u00e1llalni - der\u00fcl ki a Portfolio podcastj\u00e9b\u0151l. A magyar gazdas\u00e1g egyik","inLanguage":"hu-HU","isPartOf":{"@id":"https:\/\/allasorias.hu\/hirek\/#website"},"breadcrumb":{"@id":"https:\/\/allasorias.hu\/hirek\/az-ukranok-nem-nalunk-allnanak-munkaba\/#breadcrumblist"},"author":{"@id":"https:\/\/allasorias.hu\/hirek\/author\/admin-allasorias\/#author"},"creator":{"@id":"https:\/\/allasorias.hu\/hirek\/author\/admin-allasorias\/#author"},"image":{"@type":"ImageObject","url":"https:\/\/allasorias.hu\/hirek\/wp-content\/uploads\/2022\/03\/flag-ukraine.jpg","@id":"https:\/\/allasorias.hu\/hirek\/az-ukranok-nem-nalunk-allnanak-munkaba\/#mainImage","width":1920,"height":1280,"caption":"Flag of Ukraine"},"primaryImageOfPage":{"@id":"https:\/\/allasorias.hu\/hirek\/az-ukranok-nem-nalunk-allnanak-munkaba\/#mainImage"},"datePublished":"2022-03-10T07:43:00+02:00","dateModified":"2022-03-10T07:43:00+02:00"},{"@type":"WebSite","@id":"https:\/\/allasorias.hu\/hirek\/#website","url":"https:\/\/allasorias.hu\/hirek\/","name":"AllasOrias.hu | H\u00edrek-lapszemle","description":"\u00dczleti h\u00edrek az \u00e1ll\u00e1s \u00e9s a munka vil\u00e1g\u00e1b\u00f3l","inLanguage":"hu-HU","publisher":{"@id":"https:\/\/allasorias.hu\/hirek\/#organization"}}]},"og:locale":"hu_HU","og:site_name":"AllasOrias.hu | H\u00edrek-lapszemle | \u00dczleti h\u00edrek az \u00e1ll\u00e1s \u00e9s a munka vil\u00e1g\u00e1b\u00f3l","og:type":"article","og:title":"Az ukr\u00e1nok nem n\u00e1lunk \u00e1lln\u00e1nak munk\u00e1ba | AllasOrias.hu | H\u00edrek-lapszemle","og:description":"Az ukr\u00e1n menek\u00fcltek az alacsonyabb nyelvi korl\u00e1tok \u00e9s a versenyk\u00e9pesebb fizet\u00e9sek miatt sokkal ink\u00e1bb v\u00e1laszthatj\u00e1k Lengyelorsz\u00e1got, vagy Csehorsz\u00e1got, pedig az \u00e9p\u00edt\u0151iparban p\u00e9ld\u00e1ul k\u00f6nnyen el tudn\u00e1nak helyezkedni.Hi\u00e1ba tudn\u00e1 a k\u00f6nnyed\u00e9n felsz\u00edvni a magyar munkaer\u0151piac az ukr\u00e1n menek\u00fclteket, \u0151k minden bizonnyal nem haz\u00e1nkban akarnak majd munk\u00e1t v\u00e1llalni - der\u00fcl ki a Portfolio podcastj\u00e9b\u0151l. A magyar gazdas\u00e1g egyik","og:url":"https:\/\/allasorias.hu\/hirek\/az-ukranok-nem-nalunk-allnanak-munkaba\/","og:image":"https:\/\/allasorias.hu\/hirek\/wp-content\/uploads\/2022\/03\/flag-ukraine.jpg","og:image:secure_url":"https:\/\/allasorias.hu\/hirek\/wp-content\/uploads\/2022\/03\/flag-ukraine.jpg","og:image:width":1920,"og:image:height":1280,"article:published_time":"2022-03-10T07:43:00+00:00","article:modified_time":"2022-03-10T07:43:00+00:00","article:publisher":"https:\/\/www.facebook.com\/allasorias","twitter:card":"summary_large_image","twitter:title":"Az ukr\u00e1nok nem n\u00e1lunk \u00e1lln\u00e1nak munk\u00e1ba | AllasOrias.hu | H\u00edrek-lapszemle","twitter:description":"Az ukr\u00e1n menek\u00fcltek az alacsonyabb nyelvi korl\u00e1tok \u00e9s a versenyk\u00e9pesebb fizet\u00e9sek miatt sokkal ink\u00e1bb v\u00e1laszthatj\u00e1k Lengyelorsz\u00e1got, vagy Csehorsz\u00e1got, pedig az \u00e9p\u00edt\u0151iparban p\u00e9ld\u00e1ul k\u00f6nnyen el tudn\u00e1nak helyezkedni.Hi\u00e1ba tudn\u00e1 a k\u00f6nnyed\u00e9n felsz\u00edvni a magyar munkaer\u0151piac az ukr\u00e1n menek\u00fclteket, \u0151k minden bizonnyal nem haz\u00e1nkban akarnak majd munk\u00e1t v\u00e1llalni - der\u00fcl ki a Portfolio podcastj\u00e9b\u0151l. A magyar gazdas\u00e1g egyik","twitter:image":"https:\/\/allasorias.hu\/hirek\/wp-content\/uploads\/2022\/03\/flag-ukraine.jpg","twitter:label1":"Written by","twitter:data1":"Juh\u00e1sz P\u00e9ter","twitter:label2":"Est. reading time","twitter:data2":"4 minutes"},"aioseo_meta_data":{"post_id":"5433","title":null,"description":null,"keywords":[],"keyphrases":{"focus":{"keyphrase":"","score":0,"analysis":{"keyphraseInTitle":{"score":0,"maxScore":9,"error":1}}},"additional":[]},"primary_term":null,"canonical_url":null,"og_title":null,"og_description":null,"og_object_type":"default","og_image_type":"default","og_image_url":null,"og_image_width":null,"og_image_height":null,"og_image_custom_url":null,"og_image_custom_fields":null,"og_video":"","og_custom_url":null,"og_article_section":null,"og_article_tags":[],"twitter_use_og":false,"twitter_card":"default","twitter_image_type":"default","twitter_image_url":null,"twitter_image_custom_url":null,"twitter_image_custom_fields":null,"twitter_title":null,"twitter_description":null,"schema":{"blockGraphs":[],"customGraphs":[],"default":{"data":{"Article":[],"Course":[],"Dataset":[],"FAQPage":[],"Movie":[],"Person":[],"Product":[],"ProductReview":[],"Car":[],"Recipe":[],"Service":[],"SoftwareApplication":[],"WebPage":[]},"graphName":"","isEnabled":true},"graphs":[],"defaultGraph":"Article","defaultPostTypeGraph":""},"schema_type":"default","schema_type_options":"{\"article\":{\"articleType\":\"BlogPosting\"},\"course\":{\"name\":\"\",\"description\":\"\",\"provider\":\"\"},\"faq\":{\"pages\":[]},\"product\":{\"reviews\":[]},\"recipe\":{\"ingredients\":[],\"instructions\":[],\"keywords\":[]},\"software\":{\"reviews\":[],\"operatingSystems\":[]},\"webPage\":{\"webPageType\":\"WebPage\"}}","pillar_content":false,"robots_default":true,"robots_noindex":false,"robots_noarchive":false,"robots_nosnippet":false,"robots_nofollow":false,"robots_noimageindex":false,"robots_noodp":false,"robots_notranslate":false,"robots_max_snippet":"-1","robots_max_videopreview":"-1","robots_max_imagepreview":"large","priority":null,"frequency":"default","location":null,"local_seo":null,"breadcrumb_settings":null,"limit_modified_date":false,"ai":null,"created":"2022-03-10 07:34:56","updated":"2025-10-02 16:49:57","seo_analyzer_scan_date":null,"focus_keyword":null,"additional_keywords":null,"truseo_locale":null},"aioseo_breadcrumb":"<div class=\"aioseo-breadcrumbs\"><span class=\"aioseo-breadcrumb\">\n\t\t\t<a href=\"https:\/\/allasorias.hu\/hirek\" title=\"Home\">Home<\/a>\n\t\t<\/span><span class=\"aioseo-breadcrumb-separator\">&raquo;<\/span><span class=\"aioseo-breadcrumb\">\n\t\t\t<a href=\"https:\/\/allasorias.hu\/hirek\/temak\/munkaeropiac\/\" title=\"Munkaer\u0151piac\">Munkaer\u0151piac<\/a>\n\t\t<\/span><span class=\"aioseo-breadcrumb-separator\">&raquo;<\/span><span class=\"aioseo-breadcrumb\">\n\t\t\tAz ukr\u00e1nok nem n\u00e1lunk \u00e1lln\u00e1nak munk\u00e1ba\n\t\t<\/span><\/div>","aioseo_breadcrumb_json":[{"label":"Home","link":"https:\/\/allasorias.hu\/hirek"},{"label":"Munkaer\u0151piac","link":"https:\/\/allasorias.hu\/hirek\/temak\/munkaeropiac\/"},{"label":"Az ukr\u00e1nok nem n\u00e1lunk \u00e1lln\u00e1nak munk\u00e1ba","link":"https:\/\/allasorias.hu\/hirek\/az-ukranok-nem-nalunk-allnanak-munkaba\/"}],"_links":{"self":[{"href":"https:\/\/allasorias.hu\/hirek\/wp-json\/wp\/v2\/posts\/5433","targetHints":{"allow":["GET"]}}],"collection":[{"href":"https:\/\/allasorias.hu\/hirek\/wp-json\/wp\/v2\/posts"}],"about":[{"href":"https:\/\/allasorias.hu\/hirek\/wp-json\/wp\/v2\/types\/post"}],"author":[{"embeddable":true,"href":"https:\/\/allasorias.hu\/hirek\/wp-json\/wp\/v2\/users\/1"}],"replies":[{"embeddable":true,"href":"https:\/\/allasorias.hu\/hirek\/wp-json\/wp\/v2\/comments?post=5433"}],"version-history":[{"count":1,"href":"https:\/\/allasorias.hu\/hirek\/wp-json\/wp\/v2\/posts\/5433\/revisions"}],"predecessor-version":[{"id":5435,"href":"https:\/\/allasorias.hu\/hirek\/wp-json\/wp\/v2\/posts\/5433\/revisions\/5435"}],"wp:featuredmedia":[{"embeddable":true,"href":"https:\/\/allasorias.hu\/hirek\/wp-json\/wp\/v2\/media\/5434"}],"wp:attachment":[{"href":"https:\/\/allasorias.hu\/hirek\/wp-json\/wp\/v2\/media?parent=5433"}],"wp:term":[{"taxonomy":"category","embeddable":true,"href":"https:\/\/allasorias.hu\/hirek\/wp-json\/wp\/v2\/categories?post=5433"},{"taxonomy":"post_tag","embeddable":true,"href":"https:\/\/allasorias.hu\/hirek\/wp-json\/wp\/v2\/tags?post=5433"}],"curies":[{"name":"wp","href":"https:\/\/api.w.org\/{rel}","templated":true}]}}