{"id":5431,"date":"2022-03-09T07:27:52","date_gmt":"2022-03-09T07:27:52","guid":{"rendered":"https:\/\/allasorias.hu\/hirek\/?p=5431"},"modified":"2022-03-09T07:27:52","modified_gmt":"2022-03-09T07:27:52","slug":"atrendezodes-a-munkaeropiacon","status":"publish","type":"post","link":"https:\/\/allasorias.hu\/hirek\/atrendezodes-a-munkaeropiacon\/","title":{"rendered":"\u00c1trendez\u0151d\u00e9s a munkaer\u0151piacon"},"content":{"rendered":"<p><strong>Komoly kih\u00edv\u00e1s el\u00e9 \u00e1ll\u00edtja a munk\u00e1ltat\u00f3kat, ha meg akarj\u00e1k szerezni \u00e9s tartani a munkat\u00e1rsakat. Jelent\u0151sen megugrottak a b\u00e9rek, \u00fajra a j\u00e1rv\u00e1ny el\u0151tti szinten az elv\u00e1ndorl\u00e1s, mik\u00f6zben egyre irre\u00e1lisabb ig\u00e9nyek jelentek meg a jelentkez\u0151k k\u00f6r\u00e9ben. <\/strong><\/p>\n<p>Egy betan\u00edtott munk\u00e1s brutt\u00f3 \u00e1tlagb\u00e9re Pest megy\u00e9ben 2018-ban havi 250 ezer forint volt, juttat\u00e1sokkal \u00e9s p\u00f3tl\u00e9kokkal egy\u00fctt. Ugyanaz a betan\u00edtott munk\u00e1s a 2021. decemberi adatok szerint 454 ezer forintot keresett, 82 sz\u00e1zal\u00e9kkal t\u00f6bbet, mint h\u00e1rom \u00e9vvel kor\u00e1bban. Ez a b\u00e9rszint egy k\u00f6z\u00e9pvezet\u0151 b\u00e9r\u00e9t sem \u00e9ri el minden esetben a szoci\u00e1lis szf\u00e9r\u00e1ban1. A pluszjuttat\u00e1sok \u00f6sszege emelkedett a legjelent\u0151sebb m\u00e9rt\u00e9kben. M\u00edg 2018-ban a pluszjuttat\u00e1sok \u00e1tlagos \u00f6sszege 50 ezer forint volt havonta, ez 2021-ben 144 ezer forintra n\u0151tt. Az \u00e1tlag\u00f3rab\u00e9r 2018-ban brutt\u00f3 1100 forint volt, 2021-ben pedig 1550 forint \u2013 ismertette Csik\u00f3s-Nagy Katalin fluktu\u00e1ci\u00f3kezel\u00e9s-szak\u00e9rt\u0151, a HR-Evolution Kft. \u00fcgyvezet\u0151je. De nemcsak a b\u00e9rek magasak a k\u00e9kgall\u00e9rosok k\u00f6z\u00f6tt, hanem a fluktu\u00e1ci\u00f3 is. B\u00e1r a 2021. \u00e9vi fluktu\u00e1ci\u00f3kutat\u00e1s2 m\u00e9g tart, ez\u00e9rt pontos adatok nem \u00e1llnak rendelkez\u00e9sre, azonban a tapasztalataink \u00e9s a piaci visszajelz\u00e9sek alapj\u00e1n a munkahelyi elv\u00e1ndorl\u00e1s a 2020. \u00e9vi 26 sz\u00e1zal\u00e9kos m\u00e9lypont ut\u00e1n tavaly \u00fajra megk\u00f6zel\u00edti a j\u00e1rv\u00e1ny el\u0151tti 30 sz\u00e1zal\u00e9kos szintet. Ezt t\u00e1masztja al\u00e1, hogy a foglalkoztatottak sz\u00e1ma a 2020. \u00e9vi es\u00e9st k\u00f6vet\u0151en, 2021. m\u00e1sodik f\u00e9l\u00e9v\u00e9ben j\u00f3val meghaladta a j\u00e1rv\u00e1ny el\u0151tti szintet. Ezzel egy id\u0151ben a HR-vezet\u0151k visszajelz\u00e9sei alapj\u00e1n egyre irre\u00e1lisabbak a munkav\u00e1llal\u00f3k ig\u00e9nyei a b\u00e9rek \u00e9s juttat\u00e1sok ter\u00e9n, amit m\u00e1r nem tudnak megadni a munk\u00e1ltat\u00f3k. Mindez rendk\u00edv\u00fcl neh\u00e9z kih\u00edv\u00e1s el\u00e9 \u00e1ll\u00edtja a munkaad\u00f3kat. Egyre nehezebb megtartani a munkav\u00e1llal\u00f3kat, \u00fajakat szerezni pedig m\u00e9g nehezebb. S\u00falyosb\u00edtja a helyzetet, hogy sorozatosan \u00e9rkeznek h\u00edrek egyfajta b\u00e9rversenyr\u0151l, amikor a c\u00e9gek egym\u00e1st t\u00fallicit\u00e1lva, egyre magasabb b\u00e9rekkel pr\u00f3b\u00e1lj\u00e1k elcs\u00e1b\u00edtani a versenyt\u00e1rs dolgoz\u00f3it. Ak\u00e1r a k\u00f6z\u00f6ss\u00e9gi oldalakon keresik fel a dolgoz\u00f3t aj\u00e1nlatokkal \u2013 mondta Csik\u00f3s-Nagy Katalin. A fluktu\u00e1ci\u00f3kezel\u00e9s-szak\u00e9rt\u0151 szerint azok a munk\u00e1ltat\u00f3k lesznek a dolgoz\u00f3k\u00e9rt foly\u00f3 verseny nyertesei, akik komplexen foglalkoznak a munkav\u00e1llal\u00f3k j\u00f3l\u00e9t\u00e9vel. Egyr\u00e9szt t\u00f6rekedni kell arra, hogy a k\u00edn\u00e1lt b\u00e9r benne legyen az \u00e1tlagban, figyelembe v\u00e9ve a munka saj\u00e1toss\u00e1gait. Ezzel p\u00e1rhuzamosan er\u0151s\u00edteni kell a munkav\u00e1llal\u00f3i elk\u00f6telezetts\u00e9get. A b\u00e9rt t\u00f6bb t\u00e9nyez\u0151 is befoly\u00e1solja, mint a munkak\u00f6r\u00fclm\u00e9nyek, hogy neh\u00e9z fizikai, vagy k\u00f6nnyen elv\u00e9gezhet\u0151, elsaj\u00e1t\u00edthat\u00f3 munk\u00e1r\u00f3l van sz\u00f3, hogy milyen a bej\u00e1r\u00e1si lehet\u0151s\u00e9g, mennyire t\u00e1vol van, mennyit kell t\u00fal\u00f3r\u00e1zni, a munka-mag\u00e1n\u00e9let egyens\u00falya tarthat\u00f3-e, \u00e9s \u00edgy tov\u00e1bb. Ezek fontos t\u00e9nyez\u0151k, ugyanis van, amit lehet kompenz\u00e1lni b\u00e9rrel, \u00e9s van, amit nem. P\u00e9ld\u00e1ul a neh\u00e9z munkak\u00f6r\u00fclm\u00e9nyeket kompenz\u00e1lhatja a magasabb b\u00e9r, de az elk\u00f6telez\u0151d\u00e9sre nem a b\u00e9rrel tudunk igaz\u00e1n hatni. A kutat\u00e1sok azt bizony\u00edtj\u00e1k, hogy a magasabb b\u00e9r legfeljebb h\u00e1rom-hat h\u00f3napig okoz el\u00e9gedetts\u00e9g\u00e9rz\u00e9st a munkav\u00e1llal\u00f3ban. Hi\u00e1ba akarok b\u00e9rrel kompenz\u00e1lni, ha nem \u00e9rzi j\u00f3l mag\u00e1t a munkahelyen \u2013 magyar\u00e1zza a szak\u00e9rt\u0151. Enn\u00e9lfogva a b\u00e9rfejleszt\u00e9s mellett egyform\u00e1n fontos a munkav\u00e1llal\u00f3i elk\u00f6telez\u0151d\u00e9s er\u0151s\u00edt\u00e9se. T\u00f6rekedni kell az \u00e9rzelmi k\u00f6t\u0151d\u00e9st er\u0151s\u00edt\u0151 t\u00e9nyez\u0151k fejleszt\u00e9s\u00e9re, mint a munka\u00e9lm\u00e9ny, a t\u00e1mogat\u00f3 vezet\u0151, a j\u00f3 l\u00e9gk\u00f6r, a k\u00f6z\u00f6ss\u00e9g vagy a k\u00fcl\u00f6nb\u00f6z\u0151 wellbeing (j\u00f3ll\u00e9t) programok, mint p\u00e9ld\u00e1ul a Munkav\u00e1llal\u00f3 T\u00e1mogat\u00f3 Program (EAP).A HR-Evolution fluktu\u00e1ci\u00f3kutat\u00e1s adatai azt t\u00e1masztj\u00e1k al\u00e1, ha a munkak\u00f6r\u00fclm\u00e9nyek \u00e1tlagosak, ehhez viszony\u00edtva a munkav\u00e1llal\u00f3 legal\u00e1bb \u00e1tlagos vagy jobb b\u00e9rt kap, \u00e9s j\u00f3 a csapat, megbecs\u00fcltnek \u00e9rzi mag\u00e1t a munkahely\u00e9n, nem lehet elcs\u00e1b\u00edtani. Pont, mint egy h\u00e1zass\u00e1gban: ha valakire odafigyelnek \u00e9s j\u00f3l \u00e9rzi mag\u00e1t a p\u00e1rkapcsolat\u00e1ban, nincs es\u00e9lye egy harmadiknak.<\/p>\n<p>Forr\u00e1s: digitalhungary.hu<\/p>\n","protected":false},"excerpt":{"rendered":"<p>Komoly kih\u00edv\u00e1s el\u00e9 \u00e1ll\u00edtja a munk\u00e1ltat\u00f3kat, ha meg akarj\u00e1k szerezni \u00e9s tartani a munkat\u00e1rsakat. Jelent\u0151sen megugrottak a b\u00e9rek, \u00fajra a j\u00e1rv\u00e1ny el\u0151tti szinten az elv\u00e1ndorl\u00e1s, mik\u00f6zben egyre irre\u00e1lisabb ig\u00e9nyek jelentek meg a jelentkez\u0151k k\u00f6r\u00e9ben. Egy betan\u00edtott munk\u00e1s brutt\u00f3 \u00e1tlagb\u00e9re Pest megy\u00e9ben 2018-ban havi 250 ezer forint volt, juttat\u00e1sokkal \u00e9s p\u00f3tl\u00e9kokkal egy\u00fctt. Ugyanaz a betan\u00edtott munk\u00e1s [&hellip;]<\/p>\n","protected":false},"author":1,"featured_media":4637,"comment_status":"open","ping_status":"open","sticky":false,"template":"","format":"standard","meta":{"_monsterinsights_skip_tracking":false,"footnotes":""},"categories":[198,200],"tags":[],"class_list":["post-5431","post","type-post","status-publish","format-standard","has-post-thumbnail","hentry","category-gazdasag","category-munkaeropiac"],"aioseo_notices":[],"aioseo_head":"\n\t\t<!-- All in One SEO 5.0.0.1 - aioseo.com -->\n\t<meta name=\"description\" content=\"Komoly kih\u00edv\u00e1s el\u00e9 \u00e1ll\u00edtja a munk\u00e1ltat\u00f3kat, ha meg akarj\u00e1k szerezni \u00e9s tartani a munkat\u00e1rsakat. Jelent\u0151sen megugrottak a b\u00e9rek, \u00fajra a j\u00e1rv\u00e1ny el\u0151tti szinten az elv\u00e1ndorl\u00e1s, mik\u00f6zben egyre irre\u00e1lisabb ig\u00e9nyek jelentek meg a jelentkez\u0151k k\u00f6r\u00e9ben. Egy betan\u00edtott munk\u00e1s brutt\u00f3 \u00e1tlagb\u00e9re Pest megy\u00e9ben 2018-ban havi 250 ezer forint volt, juttat\u00e1sokkal \u00e9s p\u00f3tl\u00e9kokkal egy\u00fctt. Ugyanaz a betan\u00edtott munk\u00e1s\" \/>\n\t<meta name=\"robots\" content=\"max-image-preview:large\" \/>\n\t<meta name=\"author\" content=\"Juh\u00e1sz P\u00e9ter\"\/>\n\t<link rel=\"canonical\" href=\"https:\/\/allasorias.hu\/hirek\/atrendezodes-a-munkaeropiacon\/\" \/>\n\t<meta name=\"generator\" content=\"All in One SEO (AIOSEO) 5.0.0.1\" \/>\n\t\t<meta property=\"og:locale\" content=\"hu_HU\" \/>\n\t\t<meta property=\"og:site_name\" content=\"AllasOrias.hu | H\u00edrek-lapszemle | \u00dczleti h\u00edrek az \u00e1ll\u00e1s \u00e9s a munka vil\u00e1g\u00e1b\u00f3l\" \/>\n\t\t<meta property=\"og:type\" content=\"article\" \/>\n\t\t<meta property=\"og:title\" content=\"\u00c1trendez\u0151d\u00e9s a munkaer\u0151piacon | AllasOrias.hu | H\u00edrek-lapszemle\" \/>\n\t\t<meta property=\"og:description\" content=\"Komoly kih\u00edv\u00e1s el\u00e9 \u00e1ll\u00edtja a munk\u00e1ltat\u00f3kat, ha meg akarj\u00e1k szerezni \u00e9s tartani a munkat\u00e1rsakat. Jelent\u0151sen megugrottak a b\u00e9rek, \u00fajra a j\u00e1rv\u00e1ny el\u0151tti szinten az elv\u00e1ndorl\u00e1s, mik\u00f6zben egyre irre\u00e1lisabb ig\u00e9nyek jelentek meg a jelentkez\u0151k k\u00f6r\u00e9ben. Egy betan\u00edtott munk\u00e1s brutt\u00f3 \u00e1tlagb\u00e9re Pest megy\u00e9ben 2018-ban havi 250 ezer forint volt, juttat\u00e1sokkal \u00e9s p\u00f3tl\u00e9kokkal egy\u00fctt. Ugyanaz a betan\u00edtott munk\u00e1s\" \/>\n\t\t<meta property=\"og:url\" content=\"https:\/\/allasorias.hu\/hirek\/atrendezodes-a-munkaeropiacon\/\" \/>\n\t\t<meta property=\"og:image\" content=\"https:\/\/allasorias.hu\/hirek\/wp-content\/uploads\/2021\/03\/businessman-drawing-circle-select-group-people-standing-out-crowd.jpg\" \/>\n\t\t<meta property=\"og:image:secure_url\" content=\"https:\/\/allasorias.hu\/hirek\/wp-content\/uploads\/2021\/03\/businessman-drawing-circle-select-group-people-standing-out-crowd.jpg\" \/>\n\t\t<meta property=\"og:image:width\" content=\"1920\" \/>\n\t\t<meta property=\"og:image:height\" content=\"1001\" \/>\n\t\t<meta property=\"article:published_time\" content=\"2022-03-09T07:27:52+00:00\" \/>\n\t\t<meta property=\"article:modified_time\" content=\"2022-03-09T07:27:52+00:00\" \/>\n\t\t<meta property=\"article:publisher\" content=\"https:\/\/www.facebook.com\/allasorias\" \/>\n\t\t<meta name=\"twitter:card\" content=\"summary_large_image\" \/>\n\t\t<meta name=\"twitter:title\" content=\"\u00c1trendez\u0151d\u00e9s a munkaer\u0151piacon | AllasOrias.hu | H\u00edrek-lapszemle\" \/>\n\t\t<meta name=\"twitter:description\" content=\"Komoly kih\u00edv\u00e1s el\u00e9 \u00e1ll\u00edtja a munk\u00e1ltat\u00f3kat, ha meg akarj\u00e1k szerezni \u00e9s tartani a munkat\u00e1rsakat. Jelent\u0151sen megugrottak a b\u00e9rek, \u00fajra a j\u00e1rv\u00e1ny el\u0151tti szinten az elv\u00e1ndorl\u00e1s, mik\u00f6zben egyre irre\u00e1lisabb ig\u00e9nyek jelentek meg a jelentkez\u0151k k\u00f6r\u00e9ben. Egy betan\u00edtott munk\u00e1s brutt\u00f3 \u00e1tlagb\u00e9re Pest megy\u00e9ben 2018-ban havi 250 ezer forint volt, juttat\u00e1sokkal \u00e9s p\u00f3tl\u00e9kokkal egy\u00fctt. Ugyanaz a betan\u00edtott munk\u00e1s\" \/>\n\t\t<meta name=\"twitter:image\" content=\"https:\/\/allasorias.hu\/hirek\/wp-content\/uploads\/2021\/03\/businessman-drawing-circle-select-group-people-standing-out-crowd.jpg\" \/>\n\t\t<meta name=\"twitter:label1\" content=\"Written by\" \/>\n\t\t<meta name=\"twitter:data1\" content=\"Juh\u00e1sz P\u00e9ter\" \/>\n\t\t<meta name=\"twitter:label2\" content=\"Est. reading time\" \/>\n\t\t<meta name=\"twitter:data2\" content=\"4 minutes\" \/>\n\t\t<script type=\"application\/ld+json\" class=\"aioseo-schema\">\n\t\t\t{\"@context\":\"https:\\\/\\\/schema.org\",\"@graph\":[{\"@type\":\"Article\",\"@id\":\"https:\\\/\\\/allasorias.hu\\\/hirek\\\/atrendezodes-a-munkaeropiacon\\\/#article\",\"name\":\"\\u00c1trendez\\u0151d\\u00e9s a munkaer\\u0151piacon | AllasOrias.hu | H\\u00edrek-lapszemle\",\"headline\":\"\\u00c1trendez\\u0151d\\u00e9s a munkaer\\u0151piacon\",\"author\":{\"@id\":\"https:\\\/\\\/allasorias.hu\\\/hirek\\\/author\\\/admin-allasorias\\\/#author\"},\"publisher\":{\"@id\":\"https:\\\/\\\/allasorias.hu\\\/hirek\\\/#organization\"},\"image\":{\"@type\":\"ImageObject\",\"url\":\"https:\\\/\\\/allasorias.hu\\\/hirek\\\/wp-content\\\/uploads\\\/2021\\\/03\\\/businessman-drawing-circle-select-group-people-standing-out-crowd.jpg\",\"width\":1920,\"height\":1001,\"caption\":\"Human resource management and recruitment employment business concept. Businessman drawing circle select group people standing out of crowd\"},\"datePublished\":\"2022-03-09T07:27:52+02:00\",\"dateModified\":\"2022-03-09T07:27:52+02:00\",\"inLanguage\":\"hu-HU\",\"mainEntityOfPage\":{\"@id\":\"https:\\\/\\\/allasorias.hu\\\/hirek\\\/atrendezodes-a-munkaeropiacon\\\/#webpage\"},\"isPartOf\":{\"@id\":\"https:\\\/\\\/allasorias.hu\\\/hirek\\\/atrendezodes-a-munkaeropiacon\\\/#webpage\"},\"articleSection\":\"Gazdas\\u00e1g, Munkaer\\u0151piac\"},{\"@type\":\"BreadcrumbList\",\"@id\":\"https:\\\/\\\/allasorias.hu\\\/hirek\\\/atrendezodes-a-munkaeropiacon\\\/#breadcrumblist\",\"itemListElement\":[{\"@type\":\"ListItem\",\"@id\":\"https:\\\/\\\/allasorias.hu\\\/hirek#listItem\",\"position\":1,\"name\":\"Home\",\"item\":\"https:\\\/\\\/allasorias.hu\\\/hirek\",\"nextItem\":{\"@type\":\"ListItem\",\"@id\":\"https:\\\/\\\/allasorias.hu\\\/hirek\\\/temak\\\/gazdasag\\\/#listItem\",\"name\":\"Gazdas\\u00e1g\"}},{\"@type\":\"ListItem\",\"@id\":\"https:\\\/\\\/allasorias.hu\\\/hirek\\\/temak\\\/gazdasag\\\/#listItem\",\"position\":2,\"name\":\"Gazdas\\u00e1g\",\"item\":\"https:\\\/\\\/allasorias.hu\\\/hirek\\\/temak\\\/gazdasag\\\/\",\"nextItem\":{\"@type\":\"ListItem\",\"@id\":\"https:\\\/\\\/allasorias.hu\\\/hirek\\\/atrendezodes-a-munkaeropiacon\\\/#listItem\",\"name\":\"\\u00c1trendez\\u0151d\\u00e9s a munkaer\\u0151piacon\"},\"previousItem\":{\"@type\":\"ListItem\",\"@id\":\"https:\\\/\\\/allasorias.hu\\\/hirek#listItem\",\"name\":\"Home\"}},{\"@type\":\"ListItem\",\"@id\":\"https:\\\/\\\/allasorias.hu\\\/hirek\\\/atrendezodes-a-munkaeropiacon\\\/#listItem\",\"position\":3,\"name\":\"\\u00c1trendez\\u0151d\\u00e9s a munkaer\\u0151piacon\",\"previousItem\":{\"@type\":\"ListItem\",\"@id\":\"https:\\\/\\\/allasorias.hu\\\/hirek\\\/temak\\\/gazdasag\\\/#listItem\",\"name\":\"Gazdas\\u00e1g\"}}]},{\"@type\":\"Organization\",\"@id\":\"https:\\\/\\\/allasorias.hu\\\/hirek\\\/#organization\",\"name\":\"AllasOrias.hu | H\\u00edrek-lapszemle\",\"description\":\"\\u00dczleti h\\u00edrek az \\u00e1ll\\u00e1s \\u00e9s a munka vil\\u00e1g\\u00e1b\\u00f3l\",\"url\":\"https:\\\/\\\/allasorias.hu\\\/hirek\\\/\",\"logo\":{\"@type\":\"ImageObject\",\"url\":\"https:\\\/\\\/allasorias.hu\\\/hirek\\\/wp-content\\\/uploads\\\/2022\\\/10\\\/allasorias_site_facebok_logo.png\",\"@id\":\"https:\\\/\\\/allasorias.hu\\\/hirek\\\/atrendezodes-a-munkaeropiacon\\\/#organizationLogo\"},\"image\":{\"@id\":\"https:\\\/\\\/allasorias.hu\\\/hirek\\\/atrendezodes-a-munkaeropiacon\\\/#organizationLogo\"},\"sameAs\":[\"https:\\\/\\\/www.facebook.com\\\/allasorias\",\"https:\\\/\\\/www.linkedin.com\\\/company\\\/allasorias\"]},{\"@type\":\"Person\",\"@id\":\"https:\\\/\\\/allasorias.hu\\\/hirek\\\/author\\\/admin-allasorias\\\/#author\",\"url\":\"https:\\\/\\\/allasorias.hu\\\/hirek\\\/author\\\/admin-allasorias\\\/\",\"name\":\"Juh\\u00e1sz P\\u00e9ter\",\"image\":{\"@type\":\"ImageObject\",\"@id\":\"https:\\\/\\\/allasorias.hu\\\/hirek\\\/atrendezodes-a-munkaeropiacon\\\/#authorImage\",\"url\":\"https:\\\/\\\/secure.gravatar.com\\\/avatar\\\/36e6bcb83148978b992977cb0f54d22feb0cce8a0a849a9410532bb2623ba4c6?s=96&d=mm&r=g\",\"width\":96,\"height\":96,\"caption\":\"Juh\\u00e1sz P\\u00e9ter\"}},{\"@type\":\"WebPage\",\"@id\":\"https:\\\/\\\/allasorias.hu\\\/hirek\\\/atrendezodes-a-munkaeropiacon\\\/#webpage\",\"url\":\"https:\\\/\\\/allasorias.hu\\\/hirek\\\/atrendezodes-a-munkaeropiacon\\\/\",\"name\":\"\\u00c1trendez\\u0151d\\u00e9s a munkaer\\u0151piacon | AllasOrias.hu | H\\u00edrek-lapszemle\",\"description\":\"Komoly kih\\u00edv\\u00e1s el\\u00e9 \\u00e1ll\\u00edtja a munk\\u00e1ltat\\u00f3kat, ha meg akarj\\u00e1k szerezni \\u00e9s tartani a munkat\\u00e1rsakat. Jelent\\u0151sen megugrottak a b\\u00e9rek, \\u00fajra a j\\u00e1rv\\u00e1ny el\\u0151tti szinten az elv\\u00e1ndorl\\u00e1s, mik\\u00f6zben egyre irre\\u00e1lisabb ig\\u00e9nyek jelentek meg a jelentkez\\u0151k k\\u00f6r\\u00e9ben. Egy betan\\u00edtott munk\\u00e1s brutt\\u00f3 \\u00e1tlagb\\u00e9re Pest megy\\u00e9ben 2018-ban havi 250 ezer forint volt, juttat\\u00e1sokkal \\u00e9s p\\u00f3tl\\u00e9kokkal egy\\u00fctt. Ugyanaz a betan\\u00edtott munk\\u00e1s\",\"inLanguage\":\"hu-HU\",\"isPartOf\":{\"@id\":\"https:\\\/\\\/allasorias.hu\\\/hirek\\\/#website\"},\"breadcrumb\":{\"@id\":\"https:\\\/\\\/allasorias.hu\\\/hirek\\\/atrendezodes-a-munkaeropiacon\\\/#breadcrumblist\"},\"author\":{\"@id\":\"https:\\\/\\\/allasorias.hu\\\/hirek\\\/author\\\/admin-allasorias\\\/#author\"},\"creator\":{\"@id\":\"https:\\\/\\\/allasorias.hu\\\/hirek\\\/author\\\/admin-allasorias\\\/#author\"},\"image\":{\"@type\":\"ImageObject\",\"url\":\"https:\\\/\\\/allasorias.hu\\\/hirek\\\/wp-content\\\/uploads\\\/2021\\\/03\\\/businessman-drawing-circle-select-group-people-standing-out-crowd.jpg\",\"@id\":\"https:\\\/\\\/allasorias.hu\\\/hirek\\\/atrendezodes-a-munkaeropiacon\\\/#mainImage\",\"width\":1920,\"height\":1001,\"caption\":\"Human resource management and recruitment employment business concept. Businessman drawing circle select group people standing out of crowd\"},\"primaryImageOfPage\":{\"@id\":\"https:\\\/\\\/allasorias.hu\\\/hirek\\\/atrendezodes-a-munkaeropiacon\\\/#mainImage\"},\"datePublished\":\"2022-03-09T07:27:52+02:00\",\"dateModified\":\"2022-03-09T07:27:52+02:00\"},{\"@type\":\"WebSite\",\"@id\":\"https:\\\/\\\/allasorias.hu\\\/hirek\\\/#website\",\"url\":\"https:\\\/\\\/allasorias.hu\\\/hirek\\\/\",\"name\":\"AllasOrias.hu | H\\u00edrek-lapszemle\",\"description\":\"\\u00dczleti h\\u00edrek az \\u00e1ll\\u00e1s \\u00e9s a munka vil\\u00e1g\\u00e1b\\u00f3l\",\"inLanguage\":\"hu-HU\",\"publisher\":{\"@id\":\"https:\\\/\\\/allasorias.hu\\\/hirek\\\/#organization\"}}]}\n\t\t<\/script>\n\t\t<!-- All in One SEO -->\n\n","aioseo_head_json":{"title":"\u00c1trendez\u0151d\u00e9s a munkaer\u0151piacon | AllasOrias.hu | H\u00edrek-lapszemle","description":"Komoly kih\u00edv\u00e1s el\u00e9 \u00e1ll\u00edtja a munk\u00e1ltat\u00f3kat, ha meg akarj\u00e1k szerezni \u00e9s tartani a munkat\u00e1rsakat. Jelent\u0151sen megugrottak a b\u00e9rek, \u00fajra a j\u00e1rv\u00e1ny el\u0151tti szinten az elv\u00e1ndorl\u00e1s, mik\u00f6zben egyre irre\u00e1lisabb ig\u00e9nyek jelentek meg a jelentkez\u0151k k\u00f6r\u00e9ben. Egy betan\u00edtott munk\u00e1s brutt\u00f3 \u00e1tlagb\u00e9re Pest megy\u00e9ben 2018-ban havi 250 ezer forint volt, juttat\u00e1sokkal \u00e9s p\u00f3tl\u00e9kokkal egy\u00fctt. Ugyanaz a betan\u00edtott munk\u00e1s","canonical_url":"https:\/\/allasorias.hu\/hirek\/atrendezodes-a-munkaeropiacon\/","robots":"max-image-preview:large","keywords":"","webmasterTools":{"miscellaneous":""},"schema":{"@context":"https:\/\/schema.org","@graph":[{"@type":"Article","@id":"https:\/\/allasorias.hu\/hirek\/atrendezodes-a-munkaeropiacon\/#article","name":"\u00c1trendez\u0151d\u00e9s a munkaer\u0151piacon | AllasOrias.hu | H\u00edrek-lapszemle","headline":"\u00c1trendez\u0151d\u00e9s a munkaer\u0151piacon","author":{"@id":"https:\/\/allasorias.hu\/hirek\/author\/admin-allasorias\/#author"},"publisher":{"@id":"https:\/\/allasorias.hu\/hirek\/#organization"},"image":{"@type":"ImageObject","url":"https:\/\/allasorias.hu\/hirek\/wp-content\/uploads\/2021\/03\/businessman-drawing-circle-select-group-people-standing-out-crowd.jpg","width":1920,"height":1001,"caption":"Human resource management and recruitment employment business concept. Businessman drawing circle select group people standing out of crowd"},"datePublished":"2022-03-09T07:27:52+02:00","dateModified":"2022-03-09T07:27:52+02:00","inLanguage":"hu-HU","mainEntityOfPage":{"@id":"https:\/\/allasorias.hu\/hirek\/atrendezodes-a-munkaeropiacon\/#webpage"},"isPartOf":{"@id":"https:\/\/allasorias.hu\/hirek\/atrendezodes-a-munkaeropiacon\/#webpage"},"articleSection":"Gazdas\u00e1g, Munkaer\u0151piac"},{"@type":"BreadcrumbList","@id":"https:\/\/allasorias.hu\/hirek\/atrendezodes-a-munkaeropiacon\/#breadcrumblist","itemListElement":[{"@type":"ListItem","@id":"https:\/\/allasorias.hu\/hirek#listItem","position":1,"name":"Home","item":"https:\/\/allasorias.hu\/hirek","nextItem":{"@type":"ListItem","@id":"https:\/\/allasorias.hu\/hirek\/temak\/gazdasag\/#listItem","name":"Gazdas\u00e1g"}},{"@type":"ListItem","@id":"https:\/\/allasorias.hu\/hirek\/temak\/gazdasag\/#listItem","position":2,"name":"Gazdas\u00e1g","item":"https:\/\/allasorias.hu\/hirek\/temak\/gazdasag\/","nextItem":{"@type":"ListItem","@id":"https:\/\/allasorias.hu\/hirek\/atrendezodes-a-munkaeropiacon\/#listItem","name":"\u00c1trendez\u0151d\u00e9s a munkaer\u0151piacon"},"previousItem":{"@type":"ListItem","@id":"https:\/\/allasorias.hu\/hirek#listItem","name":"Home"}},{"@type":"ListItem","@id":"https:\/\/allasorias.hu\/hirek\/atrendezodes-a-munkaeropiacon\/#listItem","position":3,"name":"\u00c1trendez\u0151d\u00e9s a munkaer\u0151piacon","previousItem":{"@type":"ListItem","@id":"https:\/\/allasorias.hu\/hirek\/temak\/gazdasag\/#listItem","name":"Gazdas\u00e1g"}}]},{"@type":"Organization","@id":"https:\/\/allasorias.hu\/hirek\/#organization","name":"AllasOrias.hu | H\u00edrek-lapszemle","description":"\u00dczleti h\u00edrek az \u00e1ll\u00e1s \u00e9s a munka vil\u00e1g\u00e1b\u00f3l","url":"https:\/\/allasorias.hu\/hirek\/","logo":{"@type":"ImageObject","url":"https:\/\/allasorias.hu\/hirek\/wp-content\/uploads\/2022\/10\/allasorias_site_facebok_logo.png","@id":"https:\/\/allasorias.hu\/hirek\/atrendezodes-a-munkaeropiacon\/#organizationLogo"},"image":{"@id":"https:\/\/allasorias.hu\/hirek\/atrendezodes-a-munkaeropiacon\/#organizationLogo"},"sameAs":["https:\/\/www.facebook.com\/allasorias","https:\/\/www.linkedin.com\/company\/allasorias"]},{"@type":"Person","@id":"https:\/\/allasorias.hu\/hirek\/author\/admin-allasorias\/#author","url":"https:\/\/allasorias.hu\/hirek\/author\/admin-allasorias\/","name":"Juh\u00e1sz P\u00e9ter","image":{"@type":"ImageObject","@id":"https:\/\/allasorias.hu\/hirek\/atrendezodes-a-munkaeropiacon\/#authorImage","url":"https:\/\/secure.gravatar.com\/avatar\/36e6bcb83148978b992977cb0f54d22feb0cce8a0a849a9410532bb2623ba4c6?s=96&d=mm&r=g","width":96,"height":96,"caption":"Juh\u00e1sz P\u00e9ter"}},{"@type":"WebPage","@id":"https:\/\/allasorias.hu\/hirek\/atrendezodes-a-munkaeropiacon\/#webpage","url":"https:\/\/allasorias.hu\/hirek\/atrendezodes-a-munkaeropiacon\/","name":"\u00c1trendez\u0151d\u00e9s a munkaer\u0151piacon | AllasOrias.hu | H\u00edrek-lapszemle","description":"Komoly kih\u00edv\u00e1s el\u00e9 \u00e1ll\u00edtja a munk\u00e1ltat\u00f3kat, ha meg akarj\u00e1k szerezni \u00e9s tartani a munkat\u00e1rsakat. Jelent\u0151sen megugrottak a b\u00e9rek, \u00fajra a j\u00e1rv\u00e1ny el\u0151tti szinten az elv\u00e1ndorl\u00e1s, mik\u00f6zben egyre irre\u00e1lisabb ig\u00e9nyek jelentek meg a jelentkez\u0151k k\u00f6r\u00e9ben. Egy betan\u00edtott munk\u00e1s brutt\u00f3 \u00e1tlagb\u00e9re Pest megy\u00e9ben 2018-ban havi 250 ezer forint volt, juttat\u00e1sokkal \u00e9s p\u00f3tl\u00e9kokkal egy\u00fctt. Ugyanaz a betan\u00edtott munk\u00e1s","inLanguage":"hu-HU","isPartOf":{"@id":"https:\/\/allasorias.hu\/hirek\/#website"},"breadcrumb":{"@id":"https:\/\/allasorias.hu\/hirek\/atrendezodes-a-munkaeropiacon\/#breadcrumblist"},"author":{"@id":"https:\/\/allasorias.hu\/hirek\/author\/admin-allasorias\/#author"},"creator":{"@id":"https:\/\/allasorias.hu\/hirek\/author\/admin-allasorias\/#author"},"image":{"@type":"ImageObject","url":"https:\/\/allasorias.hu\/hirek\/wp-content\/uploads\/2021\/03\/businessman-drawing-circle-select-group-people-standing-out-crowd.jpg","@id":"https:\/\/allasorias.hu\/hirek\/atrendezodes-a-munkaeropiacon\/#mainImage","width":1920,"height":1001,"caption":"Human resource management and recruitment employment business concept. Businessman drawing circle select group people standing out of crowd"},"primaryImageOfPage":{"@id":"https:\/\/allasorias.hu\/hirek\/atrendezodes-a-munkaeropiacon\/#mainImage"},"datePublished":"2022-03-09T07:27:52+02:00","dateModified":"2022-03-09T07:27:52+02:00"},{"@type":"WebSite","@id":"https:\/\/allasorias.hu\/hirek\/#website","url":"https:\/\/allasorias.hu\/hirek\/","name":"AllasOrias.hu | H\u00edrek-lapszemle","description":"\u00dczleti h\u00edrek az \u00e1ll\u00e1s \u00e9s a munka vil\u00e1g\u00e1b\u00f3l","inLanguage":"hu-HU","publisher":{"@id":"https:\/\/allasorias.hu\/hirek\/#organization"}}]},"og:locale":"hu_HU","og:site_name":"AllasOrias.hu | H\u00edrek-lapszemle | \u00dczleti h\u00edrek az \u00e1ll\u00e1s \u00e9s a munka vil\u00e1g\u00e1b\u00f3l","og:type":"article","og:title":"\u00c1trendez\u0151d\u00e9s a munkaer\u0151piacon | AllasOrias.hu | H\u00edrek-lapszemle","og:description":"Komoly kih\u00edv\u00e1s el\u00e9 \u00e1ll\u00edtja a munk\u00e1ltat\u00f3kat, ha meg akarj\u00e1k szerezni \u00e9s tartani a munkat\u00e1rsakat. Jelent\u0151sen megugrottak a b\u00e9rek, \u00fajra a j\u00e1rv\u00e1ny el\u0151tti szinten az elv\u00e1ndorl\u00e1s, mik\u00f6zben egyre irre\u00e1lisabb ig\u00e9nyek jelentek meg a jelentkez\u0151k k\u00f6r\u00e9ben. Egy betan\u00edtott munk\u00e1s brutt\u00f3 \u00e1tlagb\u00e9re Pest megy\u00e9ben 2018-ban havi 250 ezer forint volt, juttat\u00e1sokkal \u00e9s p\u00f3tl\u00e9kokkal egy\u00fctt. Ugyanaz a betan\u00edtott munk\u00e1s","og:url":"https:\/\/allasorias.hu\/hirek\/atrendezodes-a-munkaeropiacon\/","og:image":"https:\/\/allasorias.hu\/hirek\/wp-content\/uploads\/2021\/03\/businessman-drawing-circle-select-group-people-standing-out-crowd.jpg","og:image:secure_url":"https:\/\/allasorias.hu\/hirek\/wp-content\/uploads\/2021\/03\/businessman-drawing-circle-select-group-people-standing-out-crowd.jpg","og:image:width":1920,"og:image:height":1001,"article:published_time":"2022-03-09T07:27:52+00:00","article:modified_time":"2022-03-09T07:27:52+00:00","article:publisher":"https:\/\/www.facebook.com\/allasorias","twitter:card":"summary_large_image","twitter:title":"\u00c1trendez\u0151d\u00e9s a munkaer\u0151piacon | AllasOrias.hu | H\u00edrek-lapszemle","twitter:description":"Komoly kih\u00edv\u00e1s el\u00e9 \u00e1ll\u00edtja a munk\u00e1ltat\u00f3kat, ha meg akarj\u00e1k szerezni \u00e9s tartani a munkat\u00e1rsakat. Jelent\u0151sen megugrottak a b\u00e9rek, \u00fajra a j\u00e1rv\u00e1ny el\u0151tti szinten az elv\u00e1ndorl\u00e1s, mik\u00f6zben egyre irre\u00e1lisabb ig\u00e9nyek jelentek meg a jelentkez\u0151k k\u00f6r\u00e9ben. Egy betan\u00edtott munk\u00e1s brutt\u00f3 \u00e1tlagb\u00e9re Pest megy\u00e9ben 2018-ban havi 250 ezer forint volt, juttat\u00e1sokkal \u00e9s p\u00f3tl\u00e9kokkal egy\u00fctt. Ugyanaz a betan\u00edtott munk\u00e1s","twitter:image":"https:\/\/allasorias.hu\/hirek\/wp-content\/uploads\/2021\/03\/businessman-drawing-circle-select-group-people-standing-out-crowd.jpg","twitter:label1":"Written by","twitter:data1":"Juh\u00e1sz P\u00e9ter","twitter:label2":"Est. reading time","twitter:data2":"4 minutes"},"aioseo_meta_data":{"post_id":"5431","title":null,"description":null,"keywords":[],"keyphrases":{"focus":{"keyphrase":"","score":0,"analysis":{"keyphraseInTitle":{"score":0,"maxScore":9,"error":1}}},"additional":[]},"primary_term":null,"canonical_url":null,"og_title":null,"og_description":null,"og_object_type":"default","og_image_type":"default","og_image_url":null,"og_image_width":null,"og_image_height":null,"og_image_custom_url":null,"og_image_custom_fields":null,"og_video":"","og_custom_url":null,"og_article_section":null,"og_article_tags":[],"twitter_use_og":false,"twitter_card":"default","twitter_image_type":"default","twitter_image_url":null,"twitter_image_custom_url":null,"twitter_image_custom_fields":null,"twitter_title":null,"twitter_description":null,"schema":{"blockGraphs":[],"customGraphs":[],"default":{"data":{"Article":[],"Course":[],"Dataset":[],"FAQPage":[],"Movie":[],"Person":[],"Product":[],"ProductReview":[],"Car":[],"Recipe":[],"Service":[],"SoftwareApplication":[],"WebPage":[]},"graphName":"","isEnabled":true},"graphs":[],"defaultGraph":"Article","defaultPostTypeGraph":""},"schema_type":"default","schema_type_options":"{\"article\":{\"articleType\":\"BlogPosting\"},\"course\":{\"name\":\"\",\"description\":\"\",\"provider\":\"\"},\"faq\":{\"pages\":[]},\"product\":{\"reviews\":[]},\"recipe\":{\"ingredients\":[],\"instructions\":[],\"keywords\":[]},\"software\":{\"reviews\":[],\"operatingSystems\":[]},\"webPage\":{\"webPageType\":\"WebPage\"}}","pillar_content":false,"robots_default":true,"robots_noindex":false,"robots_noarchive":false,"robots_nosnippet":false,"robots_nofollow":false,"robots_noimageindex":false,"robots_noodp":false,"robots_notranslate":false,"robots_max_snippet":"-1","robots_max_videopreview":"-1","robots_max_imagepreview":"large","priority":null,"frequency":"default","location":null,"local_seo":null,"breadcrumb_settings":null,"limit_modified_date":false,"ai":null,"created":"2022-03-09 07:25:24","updated":"2025-10-02 16:49:57","seo_analyzer_scan_date":null,"focus_keyword":null,"additional_keywords":null,"truseo_locale":null},"aioseo_breadcrumb":"<div class=\"aioseo-breadcrumbs\"><span class=\"aioseo-breadcrumb\">\n\t\t\t<a href=\"https:\/\/allasorias.hu\/hirek\" title=\"Home\">Home<\/a>\n\t\t<\/span><span class=\"aioseo-breadcrumb-separator\">&raquo;<\/span><span class=\"aioseo-breadcrumb\">\n\t\t\t<a href=\"https:\/\/allasorias.hu\/hirek\/temak\/gazdasag\/\" title=\"Gazdas\u00e1g\">Gazdas\u00e1g<\/a>\n\t\t<\/span><span class=\"aioseo-breadcrumb-separator\">&raquo;<\/span><span class=\"aioseo-breadcrumb\">\n\t\t\t\u00c1trendez\u0151d\u00e9s a munkaer\u0151piacon\n\t\t<\/span><\/div>","aioseo_breadcrumb_json":[{"label":"Home","link":"https:\/\/allasorias.hu\/hirek"},{"label":"Gazdas\u00e1g","link":"https:\/\/allasorias.hu\/hirek\/temak\/gazdasag\/"},{"label":"\u00c1trendez\u0151d\u00e9s a munkaer\u0151piacon","link":"https:\/\/allasorias.hu\/hirek\/atrendezodes-a-munkaeropiacon\/"}],"_links":{"self":[{"href":"https:\/\/allasorias.hu\/hirek\/wp-json\/wp\/v2\/posts\/5431","targetHints":{"allow":["GET"]}}],"collection":[{"href":"https:\/\/allasorias.hu\/hirek\/wp-json\/wp\/v2\/posts"}],"about":[{"href":"https:\/\/allasorias.hu\/hirek\/wp-json\/wp\/v2\/types\/post"}],"author":[{"embeddable":true,"href":"https:\/\/allasorias.hu\/hirek\/wp-json\/wp\/v2\/users\/1"}],"replies":[{"embeddable":true,"href":"https:\/\/allasorias.hu\/hirek\/wp-json\/wp\/v2\/comments?post=5431"}],"version-history":[{"count":1,"href":"https:\/\/allasorias.hu\/hirek\/wp-json\/wp\/v2\/posts\/5431\/revisions"}],"predecessor-version":[{"id":5432,"href":"https:\/\/allasorias.hu\/hirek\/wp-json\/wp\/v2\/posts\/5431\/revisions\/5432"}],"wp:featuredmedia":[{"embeddable":true,"href":"https:\/\/allasorias.hu\/hirek\/wp-json\/wp\/v2\/media\/4637"}],"wp:attachment":[{"href":"https:\/\/allasorias.hu\/hirek\/wp-json\/wp\/v2\/media?parent=5431"}],"wp:term":[{"taxonomy":"category","embeddable":true,"href":"https:\/\/allasorias.hu\/hirek\/wp-json\/wp\/v2\/categories?post=5431"},{"taxonomy":"post_tag","embeddable":true,"href":"https:\/\/allasorias.hu\/hirek\/wp-json\/wp\/v2\/tags?post=5431"}],"curies":[{"name":"wp","href":"https:\/\/api.w.org\/{rel}","templated":true}]}}