{"id":5417,"date":"2022-03-02T08:18:14","date_gmt":"2022-03-02T08:18:14","guid":{"rendered":"https:\/\/allasorias.hu\/hirek\/?p=5417"},"modified":"2022-03-02T08:18:14","modified_gmt":"2022-03-02T08:18:14","slug":"kormanyzati-tamogatasra-szamithatnak-a-vallalkozasok","status":"publish","type":"post","link":"https:\/\/allasorias.hu\/hirek\/kormanyzati-tamogatasra-szamithatnak-a-vallalkozasok\/","title":{"rendered":"Korm\u00e1nyzati t\u00e1mogat\u00e1sra sz\u00e1m\u00edthatnak a v\u00e1llalkoz\u00e1sok"},"content":{"rendered":"<p><strong>A v\u00e1llalkoz\u00e1sok munkaer\u0151-t\u00e1mogat\u00e1sa\u00a0\u00a0 els\u0151 h\u00e1rom h\u00f3napj\u00e1ban a t\u00e1mogat\u00e1s 230-240 ezer forintt\u00f3l indulva ak\u00e1r az 520 ezer forintot is el\u00e9rheti, ezt az \u00f6sszeget a korm\u00e1ny biztos\u00edtja. M\u00e1r t\u00f6bb mint 42 ezer embert \u00e9rtek el, akiknek a foglalkoztat\u00e1sa \u00e9rdek\u00e9ben csaknem 23 milli\u00e1rd forint t\u00e1mogat\u00e1st fizettek ki \u2013 mondta az Innov\u00e1ci\u00f3s \u00e9s Technol\u00f3giai Miniszt\u00e9rium (ITM) foglalkoztat\u00e1spolitik\u00e1\u00e9rt felel\u0151s \u00e1llamtitk\u00e1ra. <\/strong><\/p>\n<p>Bod\u00f3 S\u00e1ndor a Kossuth r\u00e1di\u00f3 J\u00f3 reggelt, Magyarorsz\u00e1g c\u00edm\u0171 m\u0171sor\u00e1ban hozz\u00e1tette, a program seg\u00edts\u00e9g\u00e9vel a v\u00e1llalkoz\u00e1sok \u00faj munkaer\u0151t tudnak felvenni. A program els\u0151 h\u00e1rom h\u00f3napj\u00e1ban a t\u00e1mogat\u00e1s 230-240 ezer forintt\u00f3l indulva ak\u00e1r az 520 ezer forintot is el\u00e9rheti, ezt az \u00f6sszeget a korm\u00e1ny biztos\u00edtja. A t\u00e1mogat\u00e1s \u00f6sszege att\u00f3l f\u00fcgg, hogy a felvett dolgoz\u00f3 milyen \u00e9letkor\u00fa, milyen v\u00e9gzetts\u00e9ggel rendelkezik vagy esetleg hosszabb t\u00e1von volt-e regisztr\u00e1lt \u00e1ll\u00e1skeres\u0151. A betanul\u00e1s id\u0151szak\u00e1t k\u00f6vet\u0151 hat h\u00f3napban a munkaad\u00f3k havi 150 ezer forint t\u00e1mogat\u00e1st ig\u00e9nyelhetnek, amit munkab\u00e9rre ford\u00edtanak. Az \u00e1llamtitk\u00e1r az M1 csatorn\u00e1n k\u00f6z\u00f6lte, ennek a legl\u00e9nyegesebb \u00fczenete a munkaad\u00f3k \u00e9s a munkav\u00e1llal\u00f3k fel\u00e9, hogy a korm\u00e1nyzati seg\u00edts\u00e9gre sz\u00e1m\u00edthatnak. Bod\u00f3 S\u00e1ndor kiemelte, Magyarorsz\u00e1gon m\u00e1r h\u00f3napok \u00f3ta a foglalkoztatottak sz\u00e1ma 4,7 milli\u00f3, a munkaer\u0151piacnak stabil alapot ad a magas foglalkoztatotts\u00e1g.<\/p>\n<p>Forr\u00e1s: hirado.hu<\/p>\n","protected":false},"excerpt":{"rendered":"<p>A v\u00e1llalkoz\u00e1sok munkaer\u0151-t\u00e1mogat\u00e1sa\u00a0\u00a0 els\u0151 h\u00e1rom h\u00f3napj\u00e1ban a t\u00e1mogat\u00e1s 230-240 ezer forintt\u00f3l indulva ak\u00e1r az 520 ezer forintot is el\u00e9rheti, ezt az \u00f6sszeget a korm\u00e1ny biztos\u00edtja. M\u00e1r t\u00f6bb mint 42 ezer embert \u00e9rtek el, akiknek a foglalkoztat\u00e1sa \u00e9rdek\u00e9ben csaknem 23 milli\u00e1rd forint t\u00e1mogat\u00e1st fizettek ki \u2013 mondta az Innov\u00e1ci\u00f3s \u00e9s Technol\u00f3giai Miniszt\u00e9rium (ITM) foglalkoztat\u00e1spolitik\u00e1\u00e9rt felel\u0151s \u00e1llamtitk\u00e1ra. [&hellip;]<\/p>\n","protected":false},"author":1,"featured_media":4904,"comment_status":"open","ping_status":"open","sticky":false,"template":"","format":"standard","meta":{"_monsterinsights_skip_tracking":false,"footnotes":""},"categories":[200],"tags":[],"class_list":["post-5417","post","type-post","status-publish","format-standard","has-post-thumbnail","hentry","category-munkaeropiac"],"aioseo_notices":[],"aioseo_head":"\n\t\t<!-- All in One SEO 5.0.0.1 - aioseo.com -->\n\t<meta name=\"description\" content=\"A v\u00e1llalkoz\u00e1sok munkaer\u0151-t\u00e1mogat\u00e1sa els\u0151 h\u00e1rom h\u00f3napj\u00e1ban a t\u00e1mogat\u00e1s 230-240 ezer forintt\u00f3l indulva ak\u00e1r az 520 ezer forintot is el\u00e9rheti, ezt az \u00f6sszeget a korm\u00e1ny biztos\u00edtja. M\u00e1r t\u00f6bb mint 42 ezer embert \u00e9rtek el, akiknek a foglalkoztat\u00e1sa \u00e9rdek\u00e9ben csaknem 23 milli\u00e1rd forint t\u00e1mogat\u00e1st fizettek ki \u2013 mondta az Innov\u00e1ci\u00f3s \u00e9s Technol\u00f3giai Miniszt\u00e9rium (ITM) foglalkoztat\u00e1spolitik\u00e1\u00e9rt felel\u0151s \u00e1llamtitk\u00e1ra.\" \/>\n\t<meta name=\"robots\" content=\"max-image-preview:large\" \/>\n\t<meta name=\"author\" content=\"Juh\u00e1sz P\u00e9ter\"\/>\n\t<link rel=\"canonical\" href=\"https:\/\/allasorias.hu\/hirek\/kormanyzati-tamogatasra-szamithatnak-a-vallalkozasok\/\" \/>\n\t<meta name=\"generator\" content=\"All in One SEO (AIOSEO) 5.0.0.1\" \/>\n\t\t<meta property=\"og:locale\" content=\"hu_HU\" \/>\n\t\t<meta property=\"og:site_name\" content=\"AllasOrias.hu | H\u00edrek-lapszemle | \u00dczleti h\u00edrek az \u00e1ll\u00e1s \u00e9s a munka vil\u00e1g\u00e1b\u00f3l\" \/>\n\t\t<meta property=\"og:type\" content=\"article\" \/>\n\t\t<meta property=\"og:title\" content=\"Korm\u00e1nyzati t\u00e1mogat\u00e1sra sz\u00e1m\u00edthatnak a v\u00e1llalkoz\u00e1sok | AllasOrias.hu | H\u00edrek-lapszemle\" \/>\n\t\t<meta property=\"og:description\" content=\"A v\u00e1llalkoz\u00e1sok munkaer\u0151-t\u00e1mogat\u00e1sa els\u0151 h\u00e1rom h\u00f3napj\u00e1ban a t\u00e1mogat\u00e1s 230-240 ezer forintt\u00f3l indulva ak\u00e1r az 520 ezer forintot is el\u00e9rheti, ezt az \u00f6sszeget a korm\u00e1ny biztos\u00edtja. M\u00e1r t\u00f6bb mint 42 ezer embert \u00e9rtek el, akiknek a foglalkoztat\u00e1sa \u00e9rdek\u00e9ben csaknem 23 milli\u00e1rd forint t\u00e1mogat\u00e1st fizettek ki \u2013 mondta az Innov\u00e1ci\u00f3s \u00e9s Technol\u00f3giai Miniszt\u00e9rium (ITM) foglalkoztat\u00e1spolitik\u00e1\u00e9rt felel\u0151s \u00e1llamtitk\u00e1ra.\" \/>\n\t\t<meta property=\"og:url\" content=\"https:\/\/allasorias.hu\/hirek\/kormanyzati-tamogatasra-szamithatnak-a-vallalkozasok\/\" \/>\n\t\t<meta property=\"og:image\" content=\"https:\/\/allasorias.hu\/hirek\/wp-content\/uploads\/2021\/07\/close-up-shoot-hands-shaking-front-car.jpg\" \/>\n\t\t<meta property=\"og:image:secure_url\" content=\"https:\/\/allasorias.hu\/hirek\/wp-content\/uploads\/2021\/07\/close-up-shoot-hands-shaking-front-car.jpg\" \/>\n\t\t<meta property=\"og:image:width\" content=\"1920\" \/>\n\t\t<meta property=\"og:image:height\" content=\"1282\" \/>\n\t\t<meta property=\"article:published_time\" content=\"2022-03-02T08:18:14+00:00\" \/>\n\t\t<meta property=\"article:modified_time\" content=\"2022-03-02T08:18:14+00:00\" \/>\n\t\t<meta property=\"article:publisher\" content=\"https:\/\/www.facebook.com\/allasorias\" \/>\n\t\t<meta name=\"twitter:card\" content=\"summary_large_image\" \/>\n\t\t<meta name=\"twitter:title\" content=\"Korm\u00e1nyzati t\u00e1mogat\u00e1sra sz\u00e1m\u00edthatnak a v\u00e1llalkoz\u00e1sok | AllasOrias.hu | H\u00edrek-lapszemle\" \/>\n\t\t<meta name=\"twitter:description\" content=\"A v\u00e1llalkoz\u00e1sok munkaer\u0151-t\u00e1mogat\u00e1sa els\u0151 h\u00e1rom h\u00f3napj\u00e1ban a t\u00e1mogat\u00e1s 230-240 ezer forintt\u00f3l indulva ak\u00e1r az 520 ezer forintot is el\u00e9rheti, ezt az \u00f6sszeget a korm\u00e1ny biztos\u00edtja. M\u00e1r t\u00f6bb mint 42 ezer embert \u00e9rtek el, akiknek a foglalkoztat\u00e1sa \u00e9rdek\u00e9ben csaknem 23 milli\u00e1rd forint t\u00e1mogat\u00e1st fizettek ki \u2013 mondta az Innov\u00e1ci\u00f3s \u00e9s Technol\u00f3giai Miniszt\u00e9rium (ITM) foglalkoztat\u00e1spolitik\u00e1\u00e9rt felel\u0151s \u00e1llamtitk\u00e1ra.\" \/>\n\t\t<meta name=\"twitter:image\" content=\"https:\/\/allasorias.hu\/hirek\/wp-content\/uploads\/2021\/07\/close-up-shoot-hands-shaking-front-car.jpg\" \/>\n\t\t<meta name=\"twitter:label1\" content=\"Written by\" \/>\n\t\t<meta name=\"twitter:data1\" content=\"Juh\u00e1sz P\u00e9ter\" \/>\n\t\t<meta name=\"twitter:label2\" content=\"Est. reading time\" \/>\n\t\t<meta name=\"twitter:data2\" content=\"1 minute\" \/>\n\t\t<script type=\"application\/ld+json\" class=\"aioseo-schema\">\n\t\t\t{\"@context\":\"https:\\\/\\\/schema.org\",\"@graph\":[{\"@type\":\"Article\",\"@id\":\"https:\\\/\\\/allasorias.hu\\\/hirek\\\/kormanyzati-tamogatasra-szamithatnak-a-vallalkozasok\\\/#article\",\"name\":\"Korm\\u00e1nyzati t\\u00e1mogat\\u00e1sra sz\\u00e1m\\u00edthatnak a v\\u00e1llalkoz\\u00e1sok | AllasOrias.hu | H\\u00edrek-lapszemle\",\"headline\":\"Korm\\u00e1nyzati t\\u00e1mogat\\u00e1sra sz\\u00e1m\\u00edthatnak a v\\u00e1llalkoz\\u00e1sok\",\"author\":{\"@id\":\"https:\\\/\\\/allasorias.hu\\\/hirek\\\/author\\\/admin-allasorias\\\/#author\"},\"publisher\":{\"@id\":\"https:\\\/\\\/allasorias.hu\\\/hirek\\\/#organization\"},\"image\":{\"@type\":\"ImageObject\",\"url\":\"https:\\\/\\\/allasorias.hu\\\/hirek\\\/wp-content\\\/uploads\\\/2021\\\/07\\\/close-up-shoot-hands-shaking-front-car.jpg\",\"width\":1920,\"height\":1282,\"caption\":\"Close-up shoot of the hands shaking in front of the car.\"},\"datePublished\":\"2022-03-02T08:18:14+02:00\",\"dateModified\":\"2022-03-02T08:18:14+02:00\",\"inLanguage\":\"hu-HU\",\"mainEntityOfPage\":{\"@id\":\"https:\\\/\\\/allasorias.hu\\\/hirek\\\/kormanyzati-tamogatasra-szamithatnak-a-vallalkozasok\\\/#webpage\"},\"isPartOf\":{\"@id\":\"https:\\\/\\\/allasorias.hu\\\/hirek\\\/kormanyzati-tamogatasra-szamithatnak-a-vallalkozasok\\\/#webpage\"},\"articleSection\":\"Munkaer\\u0151piac\"},{\"@type\":\"BreadcrumbList\",\"@id\":\"https:\\\/\\\/allasorias.hu\\\/hirek\\\/kormanyzati-tamogatasra-szamithatnak-a-vallalkozasok\\\/#breadcrumblist\",\"itemListElement\":[{\"@type\":\"ListItem\",\"@id\":\"https:\\\/\\\/allasorias.hu\\\/hirek#listItem\",\"position\":1,\"name\":\"Home\",\"item\":\"https:\\\/\\\/allasorias.hu\\\/hirek\",\"nextItem\":{\"@type\":\"ListItem\",\"@id\":\"https:\\\/\\\/allasorias.hu\\\/hirek\\\/temak\\\/munkaeropiac\\\/#listItem\",\"name\":\"Munkaer\\u0151piac\"}},{\"@type\":\"ListItem\",\"@id\":\"https:\\\/\\\/allasorias.hu\\\/hirek\\\/temak\\\/munkaeropiac\\\/#listItem\",\"position\":2,\"name\":\"Munkaer\\u0151piac\",\"item\":\"https:\\\/\\\/allasorias.hu\\\/hirek\\\/temak\\\/munkaeropiac\\\/\",\"nextItem\":{\"@type\":\"ListItem\",\"@id\":\"https:\\\/\\\/allasorias.hu\\\/hirek\\\/kormanyzati-tamogatasra-szamithatnak-a-vallalkozasok\\\/#listItem\",\"name\":\"Korm\\u00e1nyzati t\\u00e1mogat\\u00e1sra sz\\u00e1m\\u00edthatnak a v\\u00e1llalkoz\\u00e1sok\"},\"previousItem\":{\"@type\":\"ListItem\",\"@id\":\"https:\\\/\\\/allasorias.hu\\\/hirek#listItem\",\"name\":\"Home\"}},{\"@type\":\"ListItem\",\"@id\":\"https:\\\/\\\/allasorias.hu\\\/hirek\\\/kormanyzati-tamogatasra-szamithatnak-a-vallalkozasok\\\/#listItem\",\"position\":3,\"name\":\"Korm\\u00e1nyzati t\\u00e1mogat\\u00e1sra sz\\u00e1m\\u00edthatnak a v\\u00e1llalkoz\\u00e1sok\",\"previousItem\":{\"@type\":\"ListItem\",\"@id\":\"https:\\\/\\\/allasorias.hu\\\/hirek\\\/temak\\\/munkaeropiac\\\/#listItem\",\"name\":\"Munkaer\\u0151piac\"}}]},{\"@type\":\"Organization\",\"@id\":\"https:\\\/\\\/allasorias.hu\\\/hirek\\\/#organization\",\"name\":\"AllasOrias.hu | H\\u00edrek-lapszemle\",\"description\":\"\\u00dczleti h\\u00edrek az \\u00e1ll\\u00e1s \\u00e9s a munka vil\\u00e1g\\u00e1b\\u00f3l\",\"url\":\"https:\\\/\\\/allasorias.hu\\\/hirek\\\/\",\"logo\":{\"@type\":\"ImageObject\",\"url\":\"https:\\\/\\\/allasorias.hu\\\/hirek\\\/wp-content\\\/uploads\\\/2022\\\/10\\\/allasorias_site_facebok_logo.png\",\"@id\":\"https:\\\/\\\/allasorias.hu\\\/hirek\\\/kormanyzati-tamogatasra-szamithatnak-a-vallalkozasok\\\/#organizationLogo\"},\"image\":{\"@id\":\"https:\\\/\\\/allasorias.hu\\\/hirek\\\/kormanyzati-tamogatasra-szamithatnak-a-vallalkozasok\\\/#organizationLogo\"},\"sameAs\":[\"https:\\\/\\\/www.facebook.com\\\/allasorias\",\"https:\\\/\\\/www.linkedin.com\\\/company\\\/allasorias\"]},{\"@type\":\"Person\",\"@id\":\"https:\\\/\\\/allasorias.hu\\\/hirek\\\/author\\\/admin-allasorias\\\/#author\",\"url\":\"https:\\\/\\\/allasorias.hu\\\/hirek\\\/author\\\/admin-allasorias\\\/\",\"name\":\"Juh\\u00e1sz P\\u00e9ter\",\"image\":{\"@type\":\"ImageObject\",\"@id\":\"https:\\\/\\\/allasorias.hu\\\/hirek\\\/kormanyzati-tamogatasra-szamithatnak-a-vallalkozasok\\\/#authorImage\",\"url\":\"https:\\\/\\\/secure.gravatar.com\\\/avatar\\\/36e6bcb83148978b992977cb0f54d22feb0cce8a0a849a9410532bb2623ba4c6?s=96&d=mm&r=g\",\"width\":96,\"height\":96,\"caption\":\"Juh\\u00e1sz P\\u00e9ter\"}},{\"@type\":\"WebPage\",\"@id\":\"https:\\\/\\\/allasorias.hu\\\/hirek\\\/kormanyzati-tamogatasra-szamithatnak-a-vallalkozasok\\\/#webpage\",\"url\":\"https:\\\/\\\/allasorias.hu\\\/hirek\\\/kormanyzati-tamogatasra-szamithatnak-a-vallalkozasok\\\/\",\"name\":\"Korm\\u00e1nyzati t\\u00e1mogat\\u00e1sra sz\\u00e1m\\u00edthatnak a v\\u00e1llalkoz\\u00e1sok | AllasOrias.hu | H\\u00edrek-lapszemle\",\"description\":\"A v\\u00e1llalkoz\\u00e1sok munkaer\\u0151-t\\u00e1mogat\\u00e1sa els\\u0151 h\\u00e1rom h\\u00f3napj\\u00e1ban a t\\u00e1mogat\\u00e1s 230-240 ezer forintt\\u00f3l indulva ak\\u00e1r az 520 ezer forintot is el\\u00e9rheti, ezt az \\u00f6sszeget a korm\\u00e1ny biztos\\u00edtja. M\\u00e1r t\\u00f6bb mint 42 ezer embert \\u00e9rtek el, akiknek a foglalkoztat\\u00e1sa \\u00e9rdek\\u00e9ben csaknem 23 milli\\u00e1rd forint t\\u00e1mogat\\u00e1st fizettek ki \\u2013 mondta az Innov\\u00e1ci\\u00f3s \\u00e9s Technol\\u00f3giai Miniszt\\u00e9rium (ITM) foglalkoztat\\u00e1spolitik\\u00e1\\u00e9rt felel\\u0151s \\u00e1llamtitk\\u00e1ra.\",\"inLanguage\":\"hu-HU\",\"isPartOf\":{\"@id\":\"https:\\\/\\\/allasorias.hu\\\/hirek\\\/#website\"},\"breadcrumb\":{\"@id\":\"https:\\\/\\\/allasorias.hu\\\/hirek\\\/kormanyzati-tamogatasra-szamithatnak-a-vallalkozasok\\\/#breadcrumblist\"},\"author\":{\"@id\":\"https:\\\/\\\/allasorias.hu\\\/hirek\\\/author\\\/admin-allasorias\\\/#author\"},\"creator\":{\"@id\":\"https:\\\/\\\/allasorias.hu\\\/hirek\\\/author\\\/admin-allasorias\\\/#author\"},\"image\":{\"@type\":\"ImageObject\",\"url\":\"https:\\\/\\\/allasorias.hu\\\/hirek\\\/wp-content\\\/uploads\\\/2021\\\/07\\\/close-up-shoot-hands-shaking-front-car.jpg\",\"@id\":\"https:\\\/\\\/allasorias.hu\\\/hirek\\\/kormanyzati-tamogatasra-szamithatnak-a-vallalkozasok\\\/#mainImage\",\"width\":1920,\"height\":1282,\"caption\":\"Close-up shoot of the hands shaking in front of the car.\"},\"primaryImageOfPage\":{\"@id\":\"https:\\\/\\\/allasorias.hu\\\/hirek\\\/kormanyzati-tamogatasra-szamithatnak-a-vallalkozasok\\\/#mainImage\"},\"datePublished\":\"2022-03-02T08:18:14+02:00\",\"dateModified\":\"2022-03-02T08:18:14+02:00\"},{\"@type\":\"WebSite\",\"@id\":\"https:\\\/\\\/allasorias.hu\\\/hirek\\\/#website\",\"url\":\"https:\\\/\\\/allasorias.hu\\\/hirek\\\/\",\"name\":\"AllasOrias.hu | H\\u00edrek-lapszemle\",\"description\":\"\\u00dczleti h\\u00edrek az \\u00e1ll\\u00e1s \\u00e9s a munka vil\\u00e1g\\u00e1b\\u00f3l\",\"inLanguage\":\"hu-HU\",\"publisher\":{\"@id\":\"https:\\\/\\\/allasorias.hu\\\/hirek\\\/#organization\"}}]}\n\t\t<\/script>\n\t\t<!-- All in One SEO -->\n\n","aioseo_head_json":{"title":"Korm\u00e1nyzati t\u00e1mogat\u00e1sra sz\u00e1m\u00edthatnak a v\u00e1llalkoz\u00e1sok | AllasOrias.hu | H\u00edrek-lapszemle","description":"A v\u00e1llalkoz\u00e1sok munkaer\u0151-t\u00e1mogat\u00e1sa els\u0151 h\u00e1rom h\u00f3napj\u00e1ban a t\u00e1mogat\u00e1s 230-240 ezer forintt\u00f3l indulva ak\u00e1r az 520 ezer forintot is el\u00e9rheti, ezt az \u00f6sszeget a korm\u00e1ny biztos\u00edtja. M\u00e1r t\u00f6bb mint 42 ezer embert \u00e9rtek el, akiknek a foglalkoztat\u00e1sa \u00e9rdek\u00e9ben csaknem 23 milli\u00e1rd forint t\u00e1mogat\u00e1st fizettek ki \u2013 mondta az Innov\u00e1ci\u00f3s \u00e9s Technol\u00f3giai Miniszt\u00e9rium (ITM) foglalkoztat\u00e1spolitik\u00e1\u00e9rt felel\u0151s \u00e1llamtitk\u00e1ra.","canonical_url":"https:\/\/allasorias.hu\/hirek\/kormanyzati-tamogatasra-szamithatnak-a-vallalkozasok\/","robots":"max-image-preview:large","keywords":"","webmasterTools":{"miscellaneous":""},"schema":{"@context":"https:\/\/schema.org","@graph":[{"@type":"Article","@id":"https:\/\/allasorias.hu\/hirek\/kormanyzati-tamogatasra-szamithatnak-a-vallalkozasok\/#article","name":"Korm\u00e1nyzati t\u00e1mogat\u00e1sra sz\u00e1m\u00edthatnak a v\u00e1llalkoz\u00e1sok | AllasOrias.hu | H\u00edrek-lapszemle","headline":"Korm\u00e1nyzati t\u00e1mogat\u00e1sra sz\u00e1m\u00edthatnak a v\u00e1llalkoz\u00e1sok","author":{"@id":"https:\/\/allasorias.hu\/hirek\/author\/admin-allasorias\/#author"},"publisher":{"@id":"https:\/\/allasorias.hu\/hirek\/#organization"},"image":{"@type":"ImageObject","url":"https:\/\/allasorias.hu\/hirek\/wp-content\/uploads\/2021\/07\/close-up-shoot-hands-shaking-front-car.jpg","width":1920,"height":1282,"caption":"Close-up shoot of the hands shaking in front of the car."},"datePublished":"2022-03-02T08:18:14+02:00","dateModified":"2022-03-02T08:18:14+02:00","inLanguage":"hu-HU","mainEntityOfPage":{"@id":"https:\/\/allasorias.hu\/hirek\/kormanyzati-tamogatasra-szamithatnak-a-vallalkozasok\/#webpage"},"isPartOf":{"@id":"https:\/\/allasorias.hu\/hirek\/kormanyzati-tamogatasra-szamithatnak-a-vallalkozasok\/#webpage"},"articleSection":"Munkaer\u0151piac"},{"@type":"BreadcrumbList","@id":"https:\/\/allasorias.hu\/hirek\/kormanyzati-tamogatasra-szamithatnak-a-vallalkozasok\/#breadcrumblist","itemListElement":[{"@type":"ListItem","@id":"https:\/\/allasorias.hu\/hirek#listItem","position":1,"name":"Home","item":"https:\/\/allasorias.hu\/hirek","nextItem":{"@type":"ListItem","@id":"https:\/\/allasorias.hu\/hirek\/temak\/munkaeropiac\/#listItem","name":"Munkaer\u0151piac"}},{"@type":"ListItem","@id":"https:\/\/allasorias.hu\/hirek\/temak\/munkaeropiac\/#listItem","position":2,"name":"Munkaer\u0151piac","item":"https:\/\/allasorias.hu\/hirek\/temak\/munkaeropiac\/","nextItem":{"@type":"ListItem","@id":"https:\/\/allasorias.hu\/hirek\/kormanyzati-tamogatasra-szamithatnak-a-vallalkozasok\/#listItem","name":"Korm\u00e1nyzati t\u00e1mogat\u00e1sra sz\u00e1m\u00edthatnak a v\u00e1llalkoz\u00e1sok"},"previousItem":{"@type":"ListItem","@id":"https:\/\/allasorias.hu\/hirek#listItem","name":"Home"}},{"@type":"ListItem","@id":"https:\/\/allasorias.hu\/hirek\/kormanyzati-tamogatasra-szamithatnak-a-vallalkozasok\/#listItem","position":3,"name":"Korm\u00e1nyzati t\u00e1mogat\u00e1sra sz\u00e1m\u00edthatnak a v\u00e1llalkoz\u00e1sok","previousItem":{"@type":"ListItem","@id":"https:\/\/allasorias.hu\/hirek\/temak\/munkaeropiac\/#listItem","name":"Munkaer\u0151piac"}}]},{"@type":"Organization","@id":"https:\/\/allasorias.hu\/hirek\/#organization","name":"AllasOrias.hu | H\u00edrek-lapszemle","description":"\u00dczleti h\u00edrek az \u00e1ll\u00e1s \u00e9s a munka vil\u00e1g\u00e1b\u00f3l","url":"https:\/\/allasorias.hu\/hirek\/","logo":{"@type":"ImageObject","url":"https:\/\/allasorias.hu\/hirek\/wp-content\/uploads\/2022\/10\/allasorias_site_facebok_logo.png","@id":"https:\/\/allasorias.hu\/hirek\/kormanyzati-tamogatasra-szamithatnak-a-vallalkozasok\/#organizationLogo"},"image":{"@id":"https:\/\/allasorias.hu\/hirek\/kormanyzati-tamogatasra-szamithatnak-a-vallalkozasok\/#organizationLogo"},"sameAs":["https:\/\/www.facebook.com\/allasorias","https:\/\/www.linkedin.com\/company\/allasorias"]},{"@type":"Person","@id":"https:\/\/allasorias.hu\/hirek\/author\/admin-allasorias\/#author","url":"https:\/\/allasorias.hu\/hirek\/author\/admin-allasorias\/","name":"Juh\u00e1sz P\u00e9ter","image":{"@type":"ImageObject","@id":"https:\/\/allasorias.hu\/hirek\/kormanyzati-tamogatasra-szamithatnak-a-vallalkozasok\/#authorImage","url":"https:\/\/secure.gravatar.com\/avatar\/36e6bcb83148978b992977cb0f54d22feb0cce8a0a849a9410532bb2623ba4c6?s=96&d=mm&r=g","width":96,"height":96,"caption":"Juh\u00e1sz P\u00e9ter"}},{"@type":"WebPage","@id":"https:\/\/allasorias.hu\/hirek\/kormanyzati-tamogatasra-szamithatnak-a-vallalkozasok\/#webpage","url":"https:\/\/allasorias.hu\/hirek\/kormanyzati-tamogatasra-szamithatnak-a-vallalkozasok\/","name":"Korm\u00e1nyzati t\u00e1mogat\u00e1sra sz\u00e1m\u00edthatnak a v\u00e1llalkoz\u00e1sok | AllasOrias.hu | H\u00edrek-lapszemle","description":"A v\u00e1llalkoz\u00e1sok munkaer\u0151-t\u00e1mogat\u00e1sa els\u0151 h\u00e1rom h\u00f3napj\u00e1ban a t\u00e1mogat\u00e1s 230-240 ezer forintt\u00f3l indulva ak\u00e1r az 520 ezer forintot is el\u00e9rheti, ezt az \u00f6sszeget a korm\u00e1ny biztos\u00edtja. M\u00e1r t\u00f6bb mint 42 ezer embert \u00e9rtek el, akiknek a foglalkoztat\u00e1sa \u00e9rdek\u00e9ben csaknem 23 milli\u00e1rd forint t\u00e1mogat\u00e1st fizettek ki \u2013 mondta az Innov\u00e1ci\u00f3s \u00e9s Technol\u00f3giai Miniszt\u00e9rium (ITM) foglalkoztat\u00e1spolitik\u00e1\u00e9rt felel\u0151s \u00e1llamtitk\u00e1ra.","inLanguage":"hu-HU","isPartOf":{"@id":"https:\/\/allasorias.hu\/hirek\/#website"},"breadcrumb":{"@id":"https:\/\/allasorias.hu\/hirek\/kormanyzati-tamogatasra-szamithatnak-a-vallalkozasok\/#breadcrumblist"},"author":{"@id":"https:\/\/allasorias.hu\/hirek\/author\/admin-allasorias\/#author"},"creator":{"@id":"https:\/\/allasorias.hu\/hirek\/author\/admin-allasorias\/#author"},"image":{"@type":"ImageObject","url":"https:\/\/allasorias.hu\/hirek\/wp-content\/uploads\/2021\/07\/close-up-shoot-hands-shaking-front-car.jpg","@id":"https:\/\/allasorias.hu\/hirek\/kormanyzati-tamogatasra-szamithatnak-a-vallalkozasok\/#mainImage","width":1920,"height":1282,"caption":"Close-up shoot of the hands shaking in front of the car."},"primaryImageOfPage":{"@id":"https:\/\/allasorias.hu\/hirek\/kormanyzati-tamogatasra-szamithatnak-a-vallalkozasok\/#mainImage"},"datePublished":"2022-03-02T08:18:14+02:00","dateModified":"2022-03-02T08:18:14+02:00"},{"@type":"WebSite","@id":"https:\/\/allasorias.hu\/hirek\/#website","url":"https:\/\/allasorias.hu\/hirek\/","name":"AllasOrias.hu | H\u00edrek-lapszemle","description":"\u00dczleti h\u00edrek az \u00e1ll\u00e1s \u00e9s a munka vil\u00e1g\u00e1b\u00f3l","inLanguage":"hu-HU","publisher":{"@id":"https:\/\/allasorias.hu\/hirek\/#organization"}}]},"og:locale":"hu_HU","og:site_name":"AllasOrias.hu | H\u00edrek-lapszemle | \u00dczleti h\u00edrek az \u00e1ll\u00e1s \u00e9s a munka vil\u00e1g\u00e1b\u00f3l","og:type":"article","og:title":"Korm\u00e1nyzati t\u00e1mogat\u00e1sra sz\u00e1m\u00edthatnak a v\u00e1llalkoz\u00e1sok | AllasOrias.hu | H\u00edrek-lapszemle","og:description":"A v\u00e1llalkoz\u00e1sok munkaer\u0151-t\u00e1mogat\u00e1sa els\u0151 h\u00e1rom h\u00f3napj\u00e1ban a t\u00e1mogat\u00e1s 230-240 ezer forintt\u00f3l indulva ak\u00e1r az 520 ezer forintot is el\u00e9rheti, ezt az \u00f6sszeget a korm\u00e1ny biztos\u00edtja. M\u00e1r t\u00f6bb mint 42 ezer embert \u00e9rtek el, akiknek a foglalkoztat\u00e1sa \u00e9rdek\u00e9ben csaknem 23 milli\u00e1rd forint t\u00e1mogat\u00e1st fizettek ki \u2013 mondta az Innov\u00e1ci\u00f3s \u00e9s Technol\u00f3giai Miniszt\u00e9rium (ITM) foglalkoztat\u00e1spolitik\u00e1\u00e9rt felel\u0151s \u00e1llamtitk\u00e1ra.","og:url":"https:\/\/allasorias.hu\/hirek\/kormanyzati-tamogatasra-szamithatnak-a-vallalkozasok\/","og:image":"https:\/\/allasorias.hu\/hirek\/wp-content\/uploads\/2021\/07\/close-up-shoot-hands-shaking-front-car.jpg","og:image:secure_url":"https:\/\/allasorias.hu\/hirek\/wp-content\/uploads\/2021\/07\/close-up-shoot-hands-shaking-front-car.jpg","og:image:width":1920,"og:image:height":1282,"article:published_time":"2022-03-02T08:18:14+00:00","article:modified_time":"2022-03-02T08:18:14+00:00","article:publisher":"https:\/\/www.facebook.com\/allasorias","twitter:card":"summary_large_image","twitter:title":"Korm\u00e1nyzati t\u00e1mogat\u00e1sra sz\u00e1m\u00edthatnak a v\u00e1llalkoz\u00e1sok | AllasOrias.hu | H\u00edrek-lapszemle","twitter:description":"A v\u00e1llalkoz\u00e1sok munkaer\u0151-t\u00e1mogat\u00e1sa els\u0151 h\u00e1rom h\u00f3napj\u00e1ban a t\u00e1mogat\u00e1s 230-240 ezer forintt\u00f3l indulva ak\u00e1r az 520 ezer forintot is el\u00e9rheti, ezt az \u00f6sszeget a korm\u00e1ny biztos\u00edtja. M\u00e1r t\u00f6bb mint 42 ezer embert \u00e9rtek el, akiknek a foglalkoztat\u00e1sa \u00e9rdek\u00e9ben csaknem 23 milli\u00e1rd forint t\u00e1mogat\u00e1st fizettek ki \u2013 mondta az Innov\u00e1ci\u00f3s \u00e9s Technol\u00f3giai Miniszt\u00e9rium (ITM) foglalkoztat\u00e1spolitik\u00e1\u00e9rt felel\u0151s \u00e1llamtitk\u00e1ra.","twitter:image":"https:\/\/allasorias.hu\/hirek\/wp-content\/uploads\/2021\/07\/close-up-shoot-hands-shaking-front-car.jpg","twitter:label1":"Written by","twitter:data1":"Juh\u00e1sz P\u00e9ter","twitter:label2":"Est. reading time","twitter:data2":"1 minute"},"aioseo_meta_data":{"post_id":"5417","title":null,"description":null,"keywords":[],"keyphrases":{"focus":[],"additional":[]},"primary_term":null,"canonical_url":null,"og_title":null,"og_description":null,"og_object_type":"default","og_image_type":"default","og_image_url":null,"og_image_width":null,"og_image_height":null,"og_image_custom_url":null,"og_image_custom_fields":null,"og_video":"","og_custom_url":null,"og_article_section":null,"og_article_tags":[],"twitter_use_og":false,"twitter_card":"default","twitter_image_type":"default","twitter_image_url":null,"twitter_image_custom_url":null,"twitter_image_custom_fields":null,"twitter_title":null,"twitter_description":null,"schema":{"blockGraphs":[],"customGraphs":[],"default":{"data":{"Article":[],"Course":[],"Dataset":[],"FAQPage":[],"Movie":[],"Person":[],"Product":[],"ProductReview":[],"Car":[],"Recipe":[],"Service":[],"SoftwareApplication":[],"WebPage":[]},"graphName":"","isEnabled":true},"graphs":[],"defaultGraph":"Article","defaultPostTypeGraph":""},"schema_type":"default","schema_type_options":"{\"article\":{\"articleType\":\"BlogPosting\"},\"course\":{\"name\":\"\",\"description\":\"\",\"provider\":\"\"},\"faq\":{\"pages\":[]},\"product\":{\"reviews\":[]},\"recipe\":{\"ingredients\":[],\"instructions\":[],\"keywords\":[]},\"software\":{\"reviews\":[],\"operatingSystems\":[]},\"webPage\":{\"webPageType\":\"WebPage\"}}","pillar_content":false,"robots_default":true,"robots_noindex":false,"robots_noarchive":false,"robots_nosnippet":false,"robots_nofollow":false,"robots_noimageindex":false,"robots_noodp":false,"robots_notranslate":false,"robots_max_snippet":"-1","robots_max_videopreview":"-1","robots_max_imagepreview":"large","priority":null,"frequency":"default","location":null,"local_seo":null,"breadcrumb_settings":null,"limit_modified_date":false,"ai":null,"created":"2022-03-02 08:16:23","updated":"2025-10-02 16:49:05","seo_analyzer_scan_date":null,"focus_keyword":null,"additional_keywords":null,"truseo_locale":null},"aioseo_breadcrumb":"<div class=\"aioseo-breadcrumbs\"><span class=\"aioseo-breadcrumb\">\n\t\t\t<a href=\"https:\/\/allasorias.hu\/hirek\" title=\"Home\">Home<\/a>\n\t\t<\/span><span class=\"aioseo-breadcrumb-separator\">&raquo;<\/span><span class=\"aioseo-breadcrumb\">\n\t\t\t<a href=\"https:\/\/allasorias.hu\/hirek\/temak\/munkaeropiac\/\" title=\"Munkaer\u0151piac\">Munkaer\u0151piac<\/a>\n\t\t<\/span><span class=\"aioseo-breadcrumb-separator\">&raquo;<\/span><span class=\"aioseo-breadcrumb\">\n\t\t\tKorm\u00e1nyzati t\u00e1mogat\u00e1sra sz\u00e1m\u00edthatnak a v\u00e1llalkoz\u00e1sok\n\t\t<\/span><\/div>","aioseo_breadcrumb_json":[{"label":"Home","link":"https:\/\/allasorias.hu\/hirek"},{"label":"Munkaer\u0151piac","link":"https:\/\/allasorias.hu\/hirek\/temak\/munkaeropiac\/"},{"label":"Korm\u00e1nyzati t\u00e1mogat\u00e1sra sz\u00e1m\u00edthatnak a v\u00e1llalkoz\u00e1sok","link":"https:\/\/allasorias.hu\/hirek\/kormanyzati-tamogatasra-szamithatnak-a-vallalkozasok\/"}],"_links":{"self":[{"href":"https:\/\/allasorias.hu\/hirek\/wp-json\/wp\/v2\/posts\/5417","targetHints":{"allow":["GET"]}}],"collection":[{"href":"https:\/\/allasorias.hu\/hirek\/wp-json\/wp\/v2\/posts"}],"about":[{"href":"https:\/\/allasorias.hu\/hirek\/wp-json\/wp\/v2\/types\/post"}],"author":[{"embeddable":true,"href":"https:\/\/allasorias.hu\/hirek\/wp-json\/wp\/v2\/users\/1"}],"replies":[{"embeddable":true,"href":"https:\/\/allasorias.hu\/hirek\/wp-json\/wp\/v2\/comments?post=5417"}],"version-history":[{"count":1,"href":"https:\/\/allasorias.hu\/hirek\/wp-json\/wp\/v2\/posts\/5417\/revisions"}],"predecessor-version":[{"id":5418,"href":"https:\/\/allasorias.hu\/hirek\/wp-json\/wp\/v2\/posts\/5417\/revisions\/5418"}],"wp:featuredmedia":[{"embeddable":true,"href":"https:\/\/allasorias.hu\/hirek\/wp-json\/wp\/v2\/media\/4904"}],"wp:attachment":[{"href":"https:\/\/allasorias.hu\/hirek\/wp-json\/wp\/v2\/media?parent=5417"}],"wp:term":[{"taxonomy":"category","embeddable":true,"href":"https:\/\/allasorias.hu\/hirek\/wp-json\/wp\/v2\/categories?post=5417"},{"taxonomy":"post_tag","embeddable":true,"href":"https:\/\/allasorias.hu\/hirek\/wp-json\/wp\/v2\/tags?post=5417"}],"curies":[{"name":"wp","href":"https:\/\/api.w.org\/{rel}","templated":true}]}}