{"id":5388,"date":"2022-02-17T07:55:21","date_gmt":"2022-02-17T07:55:21","guid":{"rendered":"https:\/\/allasorias.hu\/hirek\/?p=5388"},"modified":"2022-02-17T07:55:21","modified_gmt":"2022-02-17T07:55:21","slug":"elvaras-lesz-a-tavmunkavegzes","status":"publish","type":"post","link":"https:\/\/allasorias.hu\/hirek\/elvaras-lesz-a-tavmunkavegzes\/","title":{"rendered":"Elv\u00e1r\u00e1s lesz a t\u00e1vmunkav\u00e9gz\u00e9s"},"content":{"rendered":"<p><strong>A t\u00e1vmunkav\u00e9gz\u00e9sre val\u00f3 \u00e1t\u00e1ll\u00e1s nem csup\u00e1n a hazai, de a glob\u00e1lis munkaer\u0151piacra is hat\u00e1ssal van, ugyanis a home office t\u00e9rnyer\u00e9s\u00e9vel a munkav\u00e9gz\u00e9s hely\u00e9nek fizikai korl\u00e1tai v\u00e9konyodni l\u00e1tszanak bizonyos munkak\u00f6r\u00f6k eset\u00e9ben. Egyre gyakoribb jelens\u00e9g k\u00fclf\u00f6ldi c\u00e9gekn\u00e9l val\u00f3 munkav\u00e1llal\u00e1s \u00fagy, hogy a koll\u00e9ga saj\u00e1t orsz\u00e1g\u00e1ban, otthon\u00e1ban tart\u00f3zkodik \u00e9s onnan l\u00e1tja el a feladatait.<\/strong><\/p>\n<p>K\u00fcl\u00f6n\u00f6sen jellemz\u0151 ez a fajta hat\u00e1rokon \u00e1t\u00edvel\u0151 fel\u00e1ll\u00e1s az otthonr\u00f3l is v\u00e9gezhet\u0151 munk\u00e1kon bel\u00fcl a munk\u00e1ltat\u00f3k \u00e1ltal k\u00fcl\u00f6n\u00f6sen keresett szakm\u00e1k \u2013 p\u00e9ld\u00e1ul IT szakemberek \u2013 eset\u00e9ben. Ennek k\u00f6vetkezt\u00e9ben a munkaer\u0151piac egy r\u00e9sze mindink\u00e1bb globaliz\u00e1l\u00f3dik; emellett egyre gyakrabban a fizet\u00e9sek \u00e9s juttat\u00e1sok \u00e9s kev\u00e9sb\u00e9 a c\u00e9g elhelyezked\u00e9se j\u00e1tszik d\u00f6nt\u0151 szerepet a munkahelyv\u00e1laszt\u00e1s sor\u00e1n. A j\u00e1rv\u00e1nyhelyzet kezdete \u00f3ta a munkakeres\u0151k ig\u00e9nyei is igazodtak a v\u00e1ltoz\u00e1sokhoz: gyakori elv\u00e1r\u00e1ss\u00e1 v\u00e1lt el a home office lehet\u0151s\u00e9ge azokon a ter\u00fcleteken, ahol ez kivitelezhet\u0151, amelynek teljes\u00edt\u00e9se a v\u00e1llalatok r\u00e9sz\u00e9r\u0151l gyakran d\u00f6nt\u0151 jelent\u0151s\u00e9g\u0171 lehet a toborz\u00e1si versenyben. Az egyre nagyobb teret nyer\u0151 t\u00e1vmunkav\u00e9gz\u00e9ssel megny\u00edlhat a lehet\u0151s\u00e9g a magyar v\u00e1llalatok sz\u00e1m\u00e1ra is, hogy k\u00fclf\u00f6ldr\u0151l toborozzanak munkav\u00e1llal\u00f3kat. A nemzetk\u00f6zi piacon egyre jellemz\u0151bb, hogy t\u00e1vmunkacsoportok j\u00f6nnek l\u00e9tre \u00fagy, hogy a koll\u00e9g\u00e1k ak\u00e1r t\u00f6bb orsz\u00e1gb\u00f3l vannak jelen online form\u00e1ban \u00e9s \u00e9l\u0151ben m\u00e9g csak nem is tal\u00e1lkoznak egym\u00e1ssal. A munkav\u00e1llal\u00f3k sz\u00e9lesed\u0151 lehet\u0151s\u00e9gei mellett azonban jelent\u0151s h\u00e1tr\u00e1nyokat is okozhat a jelens\u00e9g, els\u0151sorban a szervezet bels\u0151 m\u0171k\u00f6d\u00e9s\u00e9hez kapcsol\u00f3d\u00f3an, amennyiben erre nem ford\u00edt k\u00fcl\u00f6n figyelmet a v\u00e1llalat. Egy 2020-as, 61 ezer Microsoft dolgoz\u00f3 \u00fczeneteib\u0151l, levelez\u00e9seib\u0151l, h\u00edv\u00e1saib\u00f3l \u00e9s munk\u00e1val t\u00f6lt\u00f6tt \u00f3r\u00e1ib\u00f3l kinyert adatokon alapul\u00f3 kutat\u00e1sb\u00f3l kider\u00fclt, hogy a v\u00e1llalaton bel\u00fcli kapcsolataik \u00e9s kommunik\u00e1ci\u00f3s h\u00e1l\u00f3zataik a kor\u00e1bbin\u00e1l l\u00e9nyegesen statikusabb\u00e1 v\u00e1ltak. A koll\u00e9g\u00e1k egyre gyakrabban v\u00e1lasztott\u00e1k az \u00edr\u00e1sbeli csatorn\u00e1kat a sz\u00f3beli helyett, amivel az inform\u00e1lis besz\u00e9lget\u00e9sek jelent\u0151sen visszaszorultak. A kapcsolattart\u00e1s form\u00e1j\u00e1nak v\u00e1ltoz\u00e1sai a bels\u0151 inform\u00e1ci\u00f3k \u00e1raml\u00e1s\u00e1t jelent\u0151sen g\u00e1tolt\u00e1k, valamint a tud\u00e1s\u00e1tad\u00e1s szempontj\u00e1b\u00f3l is h\u00e1tr\u00e1nyt okoztak. Az egyre ink\u00e1bb elterjedt home office munkav\u00e9gz\u00e9s miatt egyre kev\u00e9sb\u00e9 jelent h\u00e1tr\u00e1nyt egy adott munkak\u00f6r bet\u00f6lt\u00e9s\u00e9n\u00e9l, ha valaki akad\u00e1lyozott a munkahelyre val\u00f3 bej\u00e1r\u00e1sban, ez pedig kedvez\u0151bb helyzetbe hozta p\u00e9ld\u00e1ul a mozg\u00e1ss\u00e9r\u00fclt embereket az \u00e1ll\u00e1spiacon. A Profession.hu id\u00e9n Az emberi oldal elnevez\u00e9s\u0171 kezdem\u00e9nyez\u00e9s\u00e9vel a megv\u00e1ltozott munkak\u00e9pess\u00e9g\u0171 emberek elhelyezked\u00e9s\u00e9t t\u00e1mogatja szakmai \u00f6sszefog\u00e1ssal \u00e9s 1 forint\u00e9rt feladhat\u00f3 \u00e1ll\u00e1shirdet\u00e9ssel. A munk\u00e1ltat\u00f3k igyekeznek hossz\u00fa t\u00e1v\u00fa home office strat\u00e9gi\u00e1t l\u00e9trehozni az eddigi tapasztalataik alapj\u00e1n, viszont \u2013 ahogyan a kutat\u00e1s is felh\u00edvja erre a figyelmet \u2013 ezek egyel\u0151re m\u00e9g r\u00f6vidt\u00e1v\u00fa eredm\u00e9nyek, amiket \u00e9rdemes folyamatosan monitorozni \u00e9s felm\u00e9rni a t\u00e1vmunka vagy hibrid munkav\u00e9gz\u00e9s el\u0151nyeit, h\u00e1tr\u00e1nyait \u00e9s az ezzel kapcsolatos dolgoz\u00f3i visszajelz\u00e9seket. Minden bizonnyal hamis eredm\u00e9nyhez vezet, ha puszt\u00e1n a t\u00e1vmunk\u00e1ban \u00e9s irod\u00e1ban dolgoz\u00f3 munkav\u00e1llal\u00f3k munkam\u00f3dszereit \u00e9s eredm\u00e9nyess\u00e9g\u00e9t hasonl\u00edtjuk \u00f6ssze. A torzul\u00e1s okoz\u00f3ja ilyenkor t\u00f6bbek k\u00f6z\u00f6tt, hogy a legt\u00f6bb helyen m\u00e9g jelent\u0151sen form\u00e1l\u00f3dik a t\u00e1vmunkav\u00e9gz\u00e9s m\u00f3dja, ez pedig a j\u00f6v\u0151ben sem lesz m\u00e1sk\u00e9pp annak ellen\u00e9re, hogy v\u00e1rhat\u00f3an kev\u00e9sb\u00e9 lesznek mark\u00e1nsak a v\u00e1ltoz\u00e1sok. Az otthonr\u00f3l t\u00f6rt\u00e9n\u0151 munkav\u00e9gz\u00e9s egyre ink\u00e1bb elv\u00e1r\u00e1ss\u00e1 v\u00e1lik a munkav\u00e1llal\u00f3k r\u00e9sz\u00e9r\u0151l, ehhez pedig a c\u00e9geknek is alkalmazkodniuk kellett. A Citrix Systems nemzetk\u00f6zi riportja szerint az otthonr\u00f3l (is) dolgoz\u00f3 munkav\u00e1llal\u00f3k jelent\u0151s r\u00e9sze, 90 sz\u00e1zal\u00e9ka nem szeretne teljes m\u00e9rt\u00e9kben visszat\u00e9rni az irodai munkav\u00e9gz\u00e9shez a j\u00f6v\u0151ben, 18 sz\u00e1zal\u00e9kuk pedig prefer\u00e1ln\u00e1 a hibrid munkav\u00e9gz\u00e9snek egy olyan form\u00e1j\u00e1t, amelyn\u00e9l t\u00falnyom\u00f3r\u00e9szt az irod\u00e1b\u00f3l dolgozn\u00e1nak. \u201eA t\u00e1vmunk\u00e1val \u00e9s a home office-szal kapcsolatos hossz\u00fa t\u00e1v\u00fa v\u00e1llalati d\u00f6nt\u00e9sek meghozatala el\u0151tt \u00e9rdemes folyamatosan m\u00e9rni a munkav\u00e1llal\u00f3k visszajelz\u00e9seit, ig\u00e9nyeit \u00e9s v\u00e9g\u00fcl a hosszabb t\u00e1v\u00fa tendenci\u00e1k alapj\u00e1n m\u00e9rlegelni. 2022-ben is kulcsfontoss\u00e1g\u00fa lesz a v\u00e1llalatok sz\u00e1m\u00e1ra a tehets\u00e9ges munkav\u00e1llal\u00f3k sikeres toborz\u00e1sa \u00e9s megtart\u00e1sa, ehhez pedig a t\u00e1vmunkav\u00e9gz\u00e9s k\u00fcl\u00f6nb\u00f6z\u0151 biztos\u00edt\u00e1sa k\u00fcl\u00f6nb\u00f6z\u0151 form\u00e1ban m\u00e1r sz\u00e1mos szakter\u00fcleten elv\u00e1r\u00e1ss\u00e1 v\u00e1lt, \u00edgy d\u00f6nt\u0151 szerepet j\u00e1tszhat a munkakeres\u0151k v\u00e9gs\u0151 d\u00f6nt\u00e9s\u00e9ben.\u201d \u2013 mondta Simon-G\u00f6r\u00f6cs Lili, a Profession.hu HR igazgat\u00f3ja.<\/p>\n<p>Forr\u00e1s: profitline.hu<\/p>\n","protected":false},"excerpt":{"rendered":"<p>A t\u00e1vmunkav\u00e9gz\u00e9sre val\u00f3 \u00e1t\u00e1ll\u00e1s nem csup\u00e1n a hazai, de a glob\u00e1lis munkaer\u0151piacra is hat\u00e1ssal van, ugyanis a home office t\u00e9rnyer\u00e9s\u00e9vel a munkav\u00e9gz\u00e9s hely\u00e9nek fizikai korl\u00e1tai v\u00e9konyodni l\u00e1tszanak bizonyos munkak\u00f6r\u00f6k eset\u00e9ben. Egyre gyakoribb jelens\u00e9g k\u00fclf\u00f6ldi c\u00e9gekn\u00e9l val\u00f3 munkav\u00e1llal\u00e1s \u00fagy, hogy a koll\u00e9ga saj\u00e1t orsz\u00e1g\u00e1ban, otthon\u00e1ban tart\u00f3zkodik \u00e9s onnan l\u00e1tja el a feladatait. K\u00fcl\u00f6n\u00f6sen jellemz\u0151 ez a [&hellip;]<\/p>\n","protected":false},"author":1,"featured_media":4707,"comment_status":"open","ping_status":"open","sticky":false,"template":"","format":"standard","meta":{"_monsterinsights_skip_tracking":false,"footnotes":""},"categories":[200],"tags":[],"class_list":["post-5388","post","type-post","status-publish","format-standard","has-post-thumbnail","hentry","category-munkaeropiac"],"aioseo_notices":[],"aioseo_head":"\n\t\t<!-- All in One SEO 5.0.0.1 - aioseo.com -->\n\t<meta name=\"description\" content=\"A t\u00e1vmunkav\u00e9gz\u00e9sre val\u00f3 \u00e1t\u00e1ll\u00e1s nem csup\u00e1n a hazai, de a glob\u00e1lis munkaer\u0151piacra is hat\u00e1ssal van, ugyanis a home office t\u00e9rnyer\u00e9s\u00e9vel a munkav\u00e9gz\u00e9s hely\u00e9nek fizikai korl\u00e1tai v\u00e9konyodni l\u00e1tszanak bizonyos munkak\u00f6r\u00f6k eset\u00e9ben. Egyre gyakoribb jelens\u00e9g k\u00fclf\u00f6ldi c\u00e9gekn\u00e9l val\u00f3 munkav\u00e1llal\u00e1s \u00fagy, hogy a koll\u00e9ga saj\u00e1t orsz\u00e1g\u00e1ban, otthon\u00e1ban tart\u00f3zkodik \u00e9s onnan l\u00e1tja el a feladatait. K\u00fcl\u00f6n\u00f6sen jellemz\u0151 ez a\" \/>\n\t<meta name=\"robots\" content=\"max-image-preview:large\" \/>\n\t<meta name=\"author\" content=\"Juh\u00e1sz P\u00e9ter\"\/>\n\t<link rel=\"canonical\" href=\"https:\/\/allasorias.hu\/hirek\/elvaras-lesz-a-tavmunkavegzes\/\" \/>\n\t<meta name=\"generator\" content=\"All in One SEO (AIOSEO) 5.0.0.1\" \/>\n\t\t<meta property=\"og:locale\" content=\"hu_HU\" \/>\n\t\t<meta property=\"og:site_name\" content=\"AllasOrias.hu | H\u00edrek-lapszemle | \u00dczleti h\u00edrek az \u00e1ll\u00e1s \u00e9s a munka vil\u00e1g\u00e1b\u00f3l\" \/>\n\t\t<meta property=\"og:type\" content=\"article\" \/>\n\t\t<meta property=\"og:title\" content=\"Elv\u00e1r\u00e1s lesz a t\u00e1vmunkav\u00e9gz\u00e9s | AllasOrias.hu | H\u00edrek-lapszemle\" \/>\n\t\t<meta property=\"og:description\" content=\"A t\u00e1vmunkav\u00e9gz\u00e9sre val\u00f3 \u00e1t\u00e1ll\u00e1s nem csup\u00e1n a hazai, de a glob\u00e1lis munkaer\u0151piacra is hat\u00e1ssal van, ugyanis a home office t\u00e9rnyer\u00e9s\u00e9vel a munkav\u00e9gz\u00e9s hely\u00e9nek fizikai korl\u00e1tai v\u00e9konyodni l\u00e1tszanak bizonyos munkak\u00f6r\u00f6k eset\u00e9ben. Egyre gyakoribb jelens\u00e9g k\u00fclf\u00f6ldi c\u00e9gekn\u00e9l val\u00f3 munkav\u00e1llal\u00e1s \u00fagy, hogy a koll\u00e9ga saj\u00e1t orsz\u00e1g\u00e1ban, otthon\u00e1ban tart\u00f3zkodik \u00e9s onnan l\u00e1tja el a feladatait. K\u00fcl\u00f6n\u00f6sen jellemz\u0151 ez a\" \/>\n\t\t<meta property=\"og:url\" content=\"https:\/\/allasorias.hu\/hirek\/elvaras-lesz-a-tavmunkavegzes\/\" \/>\n\t\t<meta property=\"og:image\" content=\"https:\/\/allasorias.hu\/hirek\/wp-content\/uploads\/2021\/04\/young-asia-businessman-using-laptop-talk-colleagues-about-plan-video-call-meeting-while-work-from-home-living-room-self-isolation-social-distancing-quarantine-corona-virus-prevention.jpg\" \/>\n\t\t<meta property=\"og:image:secure_url\" content=\"https:\/\/allasorias.hu\/hirek\/wp-content\/uploads\/2021\/04\/young-asia-businessman-using-laptop-talk-colleagues-about-plan-video-call-meeting-while-work-from-home-living-room-self-isolation-social-distancing-quarantine-corona-virus-prevention.jpg\" \/>\n\t\t<meta property=\"og:image:width\" content=\"1920\" \/>\n\t\t<meta property=\"og:image:height\" content=\"1080\" \/>\n\t\t<meta property=\"article:published_time\" content=\"2022-02-17T07:55:21+00:00\" \/>\n\t\t<meta property=\"article:modified_time\" content=\"2022-02-17T07:55:21+00:00\" \/>\n\t\t<meta property=\"article:publisher\" content=\"https:\/\/www.facebook.com\/allasorias\" \/>\n\t\t<meta name=\"twitter:card\" content=\"summary_large_image\" \/>\n\t\t<meta name=\"twitter:title\" content=\"Elv\u00e1r\u00e1s lesz a t\u00e1vmunkav\u00e9gz\u00e9s | AllasOrias.hu | H\u00edrek-lapszemle\" \/>\n\t\t<meta name=\"twitter:description\" content=\"A t\u00e1vmunkav\u00e9gz\u00e9sre val\u00f3 \u00e1t\u00e1ll\u00e1s nem csup\u00e1n a hazai, de a glob\u00e1lis munkaer\u0151piacra is hat\u00e1ssal van, ugyanis a home office t\u00e9rnyer\u00e9s\u00e9vel a munkav\u00e9gz\u00e9s hely\u00e9nek fizikai korl\u00e1tai v\u00e9konyodni l\u00e1tszanak bizonyos munkak\u00f6r\u00f6k eset\u00e9ben. Egyre gyakoribb jelens\u00e9g k\u00fclf\u00f6ldi c\u00e9gekn\u00e9l val\u00f3 munkav\u00e1llal\u00e1s \u00fagy, hogy a koll\u00e9ga saj\u00e1t orsz\u00e1g\u00e1ban, otthon\u00e1ban tart\u00f3zkodik \u00e9s onnan l\u00e1tja el a feladatait. K\u00fcl\u00f6n\u00f6sen jellemz\u0151 ez a\" \/>\n\t\t<meta name=\"twitter:image\" content=\"https:\/\/allasorias.hu\/hirek\/wp-content\/uploads\/2021\/04\/young-asia-businessman-using-laptop-talk-colleagues-about-plan-video-call-meeting-while-work-from-home-living-room-self-isolation-social-distancing-quarantine-corona-virus-prevention.jpg\" \/>\n\t\t<meta name=\"twitter:label1\" content=\"Written by\" \/>\n\t\t<meta name=\"twitter:data1\" content=\"Juh\u00e1sz P\u00e9ter\" \/>\n\t\t<meta name=\"twitter:label2\" content=\"Est. reading time\" \/>\n\t\t<meta name=\"twitter:data2\" content=\"5 minutes\" \/>\n\t\t<script type=\"application\/ld+json\" class=\"aioseo-schema\">\n\t\t\t{\"@context\":\"https:\\\/\\\/schema.org\",\"@graph\":[{\"@type\":\"Article\",\"@id\":\"https:\\\/\\\/allasorias.hu\\\/hirek\\\/elvaras-lesz-a-tavmunkavegzes\\\/#article\",\"name\":\"Elv\\u00e1r\\u00e1s lesz a t\\u00e1vmunkav\\u00e9gz\\u00e9s | AllasOrias.hu | H\\u00edrek-lapszemle\",\"headline\":\"Elv\\u00e1r\\u00e1s lesz a t\\u00e1vmunkav\\u00e9gz\\u00e9s\",\"author\":{\"@id\":\"https:\\\/\\\/allasorias.hu\\\/hirek\\\/author\\\/admin-allasorias\\\/#author\"},\"publisher\":{\"@id\":\"https:\\\/\\\/allasorias.hu\\\/hirek\\\/#organization\"},\"image\":{\"@type\":\"ImageObject\",\"url\":\"https:\\\/\\\/allasorias.hu\\\/hirek\\\/wp-content\\\/uploads\\\/2021\\\/04\\\/young-asia-businessman-using-laptop-talk-colleagues-about-plan-video-call-meeting-while-work-from-home-living-room-self-isolation-social-distancing-quarantine-corona-virus-prevention.jpg\",\"width\":1920,\"height\":1080,\"caption\":\"Young Asia businessman using laptop talk to colleagues about plan in video call meeting while work from home at living room. Self-isolation, social distancing, quarantine for corona virus prevention.\"},\"datePublished\":\"2022-02-17T07:55:21+02:00\",\"dateModified\":\"2022-02-17T07:55:21+02:00\",\"inLanguage\":\"hu-HU\",\"mainEntityOfPage\":{\"@id\":\"https:\\\/\\\/allasorias.hu\\\/hirek\\\/elvaras-lesz-a-tavmunkavegzes\\\/#webpage\"},\"isPartOf\":{\"@id\":\"https:\\\/\\\/allasorias.hu\\\/hirek\\\/elvaras-lesz-a-tavmunkavegzes\\\/#webpage\"},\"articleSection\":\"Munkaer\\u0151piac\"},{\"@type\":\"BreadcrumbList\",\"@id\":\"https:\\\/\\\/allasorias.hu\\\/hirek\\\/elvaras-lesz-a-tavmunkavegzes\\\/#breadcrumblist\",\"itemListElement\":[{\"@type\":\"ListItem\",\"@id\":\"https:\\\/\\\/allasorias.hu\\\/hirek#listItem\",\"position\":1,\"name\":\"Home\",\"item\":\"https:\\\/\\\/allasorias.hu\\\/hirek\",\"nextItem\":{\"@type\":\"ListItem\",\"@id\":\"https:\\\/\\\/allasorias.hu\\\/hirek\\\/temak\\\/munkaeropiac\\\/#listItem\",\"name\":\"Munkaer\\u0151piac\"}},{\"@type\":\"ListItem\",\"@id\":\"https:\\\/\\\/allasorias.hu\\\/hirek\\\/temak\\\/munkaeropiac\\\/#listItem\",\"position\":2,\"name\":\"Munkaer\\u0151piac\",\"item\":\"https:\\\/\\\/allasorias.hu\\\/hirek\\\/temak\\\/munkaeropiac\\\/\",\"nextItem\":{\"@type\":\"ListItem\",\"@id\":\"https:\\\/\\\/allasorias.hu\\\/hirek\\\/elvaras-lesz-a-tavmunkavegzes\\\/#listItem\",\"name\":\"Elv\\u00e1r\\u00e1s lesz a t\\u00e1vmunkav\\u00e9gz\\u00e9s\"},\"previousItem\":{\"@type\":\"ListItem\",\"@id\":\"https:\\\/\\\/allasorias.hu\\\/hirek#listItem\",\"name\":\"Home\"}},{\"@type\":\"ListItem\",\"@id\":\"https:\\\/\\\/allasorias.hu\\\/hirek\\\/elvaras-lesz-a-tavmunkavegzes\\\/#listItem\",\"position\":3,\"name\":\"Elv\\u00e1r\\u00e1s lesz a t\\u00e1vmunkav\\u00e9gz\\u00e9s\",\"previousItem\":{\"@type\":\"ListItem\",\"@id\":\"https:\\\/\\\/allasorias.hu\\\/hirek\\\/temak\\\/munkaeropiac\\\/#listItem\",\"name\":\"Munkaer\\u0151piac\"}}]},{\"@type\":\"Organization\",\"@id\":\"https:\\\/\\\/allasorias.hu\\\/hirek\\\/#organization\",\"name\":\"AllasOrias.hu | H\\u00edrek-lapszemle\",\"description\":\"\\u00dczleti h\\u00edrek az \\u00e1ll\\u00e1s \\u00e9s a munka vil\\u00e1g\\u00e1b\\u00f3l\",\"url\":\"https:\\\/\\\/allasorias.hu\\\/hirek\\\/\",\"logo\":{\"@type\":\"ImageObject\",\"url\":\"https:\\\/\\\/allasorias.hu\\\/hirek\\\/wp-content\\\/uploads\\\/2022\\\/10\\\/allasorias_site_facebok_logo.png\",\"@id\":\"https:\\\/\\\/allasorias.hu\\\/hirek\\\/elvaras-lesz-a-tavmunkavegzes\\\/#organizationLogo\"},\"image\":{\"@id\":\"https:\\\/\\\/allasorias.hu\\\/hirek\\\/elvaras-lesz-a-tavmunkavegzes\\\/#organizationLogo\"},\"sameAs\":[\"https:\\\/\\\/www.facebook.com\\\/allasorias\",\"https:\\\/\\\/www.linkedin.com\\\/company\\\/allasorias\"]},{\"@type\":\"Person\",\"@id\":\"https:\\\/\\\/allasorias.hu\\\/hirek\\\/author\\\/admin-allasorias\\\/#author\",\"url\":\"https:\\\/\\\/allasorias.hu\\\/hirek\\\/author\\\/admin-allasorias\\\/\",\"name\":\"Juh\\u00e1sz P\\u00e9ter\",\"image\":{\"@type\":\"ImageObject\",\"@id\":\"https:\\\/\\\/allasorias.hu\\\/hirek\\\/elvaras-lesz-a-tavmunkavegzes\\\/#authorImage\",\"url\":\"https:\\\/\\\/secure.gravatar.com\\\/avatar\\\/36e6bcb83148978b992977cb0f54d22feb0cce8a0a849a9410532bb2623ba4c6?s=96&d=mm&r=g\",\"width\":96,\"height\":96,\"caption\":\"Juh\\u00e1sz P\\u00e9ter\"}},{\"@type\":\"WebPage\",\"@id\":\"https:\\\/\\\/allasorias.hu\\\/hirek\\\/elvaras-lesz-a-tavmunkavegzes\\\/#webpage\",\"url\":\"https:\\\/\\\/allasorias.hu\\\/hirek\\\/elvaras-lesz-a-tavmunkavegzes\\\/\",\"name\":\"Elv\\u00e1r\\u00e1s lesz a t\\u00e1vmunkav\\u00e9gz\\u00e9s | AllasOrias.hu | H\\u00edrek-lapszemle\",\"description\":\"A t\\u00e1vmunkav\\u00e9gz\\u00e9sre val\\u00f3 \\u00e1t\\u00e1ll\\u00e1s nem csup\\u00e1n a hazai, de a glob\\u00e1lis munkaer\\u0151piacra is hat\\u00e1ssal van, ugyanis a home office t\\u00e9rnyer\\u00e9s\\u00e9vel a munkav\\u00e9gz\\u00e9s hely\\u00e9nek fizikai korl\\u00e1tai v\\u00e9konyodni l\\u00e1tszanak bizonyos munkak\\u00f6r\\u00f6k eset\\u00e9ben. Egyre gyakoribb jelens\\u00e9g k\\u00fclf\\u00f6ldi c\\u00e9gekn\\u00e9l val\\u00f3 munkav\\u00e1llal\\u00e1s \\u00fagy, hogy a koll\\u00e9ga saj\\u00e1t orsz\\u00e1g\\u00e1ban, otthon\\u00e1ban tart\\u00f3zkodik \\u00e9s onnan l\\u00e1tja el a feladatait. K\\u00fcl\\u00f6n\\u00f6sen jellemz\\u0151 ez a\",\"inLanguage\":\"hu-HU\",\"isPartOf\":{\"@id\":\"https:\\\/\\\/allasorias.hu\\\/hirek\\\/#website\"},\"breadcrumb\":{\"@id\":\"https:\\\/\\\/allasorias.hu\\\/hirek\\\/elvaras-lesz-a-tavmunkavegzes\\\/#breadcrumblist\"},\"author\":{\"@id\":\"https:\\\/\\\/allasorias.hu\\\/hirek\\\/author\\\/admin-allasorias\\\/#author\"},\"creator\":{\"@id\":\"https:\\\/\\\/allasorias.hu\\\/hirek\\\/author\\\/admin-allasorias\\\/#author\"},\"image\":{\"@type\":\"ImageObject\",\"url\":\"https:\\\/\\\/allasorias.hu\\\/hirek\\\/wp-content\\\/uploads\\\/2021\\\/04\\\/young-asia-businessman-using-laptop-talk-colleagues-about-plan-video-call-meeting-while-work-from-home-living-room-self-isolation-social-distancing-quarantine-corona-virus-prevention.jpg\",\"@id\":\"https:\\\/\\\/allasorias.hu\\\/hirek\\\/elvaras-lesz-a-tavmunkavegzes\\\/#mainImage\",\"width\":1920,\"height\":1080,\"caption\":\"Young Asia businessman using laptop talk to colleagues about plan in video call meeting while work from home at living room. Self-isolation, social distancing, quarantine for corona virus prevention.\"},\"primaryImageOfPage\":{\"@id\":\"https:\\\/\\\/allasorias.hu\\\/hirek\\\/elvaras-lesz-a-tavmunkavegzes\\\/#mainImage\"},\"datePublished\":\"2022-02-17T07:55:21+02:00\",\"dateModified\":\"2022-02-17T07:55:21+02:00\"},{\"@type\":\"WebSite\",\"@id\":\"https:\\\/\\\/allasorias.hu\\\/hirek\\\/#website\",\"url\":\"https:\\\/\\\/allasorias.hu\\\/hirek\\\/\",\"name\":\"AllasOrias.hu | H\\u00edrek-lapszemle\",\"description\":\"\\u00dczleti h\\u00edrek az \\u00e1ll\\u00e1s \\u00e9s a munka vil\\u00e1g\\u00e1b\\u00f3l\",\"inLanguage\":\"hu-HU\",\"publisher\":{\"@id\":\"https:\\\/\\\/allasorias.hu\\\/hirek\\\/#organization\"}}]}\n\t\t<\/script>\n\t\t<!-- All in One SEO -->\n\n","aioseo_head_json":{"title":"Elv\u00e1r\u00e1s lesz a t\u00e1vmunkav\u00e9gz\u00e9s | AllasOrias.hu | H\u00edrek-lapszemle","description":"A t\u00e1vmunkav\u00e9gz\u00e9sre val\u00f3 \u00e1t\u00e1ll\u00e1s nem csup\u00e1n a hazai, de a glob\u00e1lis munkaer\u0151piacra is hat\u00e1ssal van, ugyanis a home office t\u00e9rnyer\u00e9s\u00e9vel a munkav\u00e9gz\u00e9s hely\u00e9nek fizikai korl\u00e1tai v\u00e9konyodni l\u00e1tszanak bizonyos munkak\u00f6r\u00f6k eset\u00e9ben. Egyre gyakoribb jelens\u00e9g k\u00fclf\u00f6ldi c\u00e9gekn\u00e9l val\u00f3 munkav\u00e1llal\u00e1s \u00fagy, hogy a koll\u00e9ga saj\u00e1t orsz\u00e1g\u00e1ban, otthon\u00e1ban tart\u00f3zkodik \u00e9s onnan l\u00e1tja el a feladatait. K\u00fcl\u00f6n\u00f6sen jellemz\u0151 ez a","canonical_url":"https:\/\/allasorias.hu\/hirek\/elvaras-lesz-a-tavmunkavegzes\/","robots":"max-image-preview:large","keywords":"","webmasterTools":{"miscellaneous":""},"schema":{"@context":"https:\/\/schema.org","@graph":[{"@type":"Article","@id":"https:\/\/allasorias.hu\/hirek\/elvaras-lesz-a-tavmunkavegzes\/#article","name":"Elv\u00e1r\u00e1s lesz a t\u00e1vmunkav\u00e9gz\u00e9s | AllasOrias.hu | H\u00edrek-lapszemle","headline":"Elv\u00e1r\u00e1s lesz a t\u00e1vmunkav\u00e9gz\u00e9s","author":{"@id":"https:\/\/allasorias.hu\/hirek\/author\/admin-allasorias\/#author"},"publisher":{"@id":"https:\/\/allasorias.hu\/hirek\/#organization"},"image":{"@type":"ImageObject","url":"https:\/\/allasorias.hu\/hirek\/wp-content\/uploads\/2021\/04\/young-asia-businessman-using-laptop-talk-colleagues-about-plan-video-call-meeting-while-work-from-home-living-room-self-isolation-social-distancing-quarantine-corona-virus-prevention.jpg","width":1920,"height":1080,"caption":"Young Asia businessman using laptop talk to colleagues about plan in video call meeting while work from home at living room. Self-isolation, social distancing, quarantine for corona virus prevention."},"datePublished":"2022-02-17T07:55:21+02:00","dateModified":"2022-02-17T07:55:21+02:00","inLanguage":"hu-HU","mainEntityOfPage":{"@id":"https:\/\/allasorias.hu\/hirek\/elvaras-lesz-a-tavmunkavegzes\/#webpage"},"isPartOf":{"@id":"https:\/\/allasorias.hu\/hirek\/elvaras-lesz-a-tavmunkavegzes\/#webpage"},"articleSection":"Munkaer\u0151piac"},{"@type":"BreadcrumbList","@id":"https:\/\/allasorias.hu\/hirek\/elvaras-lesz-a-tavmunkavegzes\/#breadcrumblist","itemListElement":[{"@type":"ListItem","@id":"https:\/\/allasorias.hu\/hirek#listItem","position":1,"name":"Home","item":"https:\/\/allasorias.hu\/hirek","nextItem":{"@type":"ListItem","@id":"https:\/\/allasorias.hu\/hirek\/temak\/munkaeropiac\/#listItem","name":"Munkaer\u0151piac"}},{"@type":"ListItem","@id":"https:\/\/allasorias.hu\/hirek\/temak\/munkaeropiac\/#listItem","position":2,"name":"Munkaer\u0151piac","item":"https:\/\/allasorias.hu\/hirek\/temak\/munkaeropiac\/","nextItem":{"@type":"ListItem","@id":"https:\/\/allasorias.hu\/hirek\/elvaras-lesz-a-tavmunkavegzes\/#listItem","name":"Elv\u00e1r\u00e1s lesz a t\u00e1vmunkav\u00e9gz\u00e9s"},"previousItem":{"@type":"ListItem","@id":"https:\/\/allasorias.hu\/hirek#listItem","name":"Home"}},{"@type":"ListItem","@id":"https:\/\/allasorias.hu\/hirek\/elvaras-lesz-a-tavmunkavegzes\/#listItem","position":3,"name":"Elv\u00e1r\u00e1s lesz a t\u00e1vmunkav\u00e9gz\u00e9s","previousItem":{"@type":"ListItem","@id":"https:\/\/allasorias.hu\/hirek\/temak\/munkaeropiac\/#listItem","name":"Munkaer\u0151piac"}}]},{"@type":"Organization","@id":"https:\/\/allasorias.hu\/hirek\/#organization","name":"AllasOrias.hu | H\u00edrek-lapszemle","description":"\u00dczleti h\u00edrek az \u00e1ll\u00e1s \u00e9s a munka vil\u00e1g\u00e1b\u00f3l","url":"https:\/\/allasorias.hu\/hirek\/","logo":{"@type":"ImageObject","url":"https:\/\/allasorias.hu\/hirek\/wp-content\/uploads\/2022\/10\/allasorias_site_facebok_logo.png","@id":"https:\/\/allasorias.hu\/hirek\/elvaras-lesz-a-tavmunkavegzes\/#organizationLogo"},"image":{"@id":"https:\/\/allasorias.hu\/hirek\/elvaras-lesz-a-tavmunkavegzes\/#organizationLogo"},"sameAs":["https:\/\/www.facebook.com\/allasorias","https:\/\/www.linkedin.com\/company\/allasorias"]},{"@type":"Person","@id":"https:\/\/allasorias.hu\/hirek\/author\/admin-allasorias\/#author","url":"https:\/\/allasorias.hu\/hirek\/author\/admin-allasorias\/","name":"Juh\u00e1sz P\u00e9ter","image":{"@type":"ImageObject","@id":"https:\/\/allasorias.hu\/hirek\/elvaras-lesz-a-tavmunkavegzes\/#authorImage","url":"https:\/\/secure.gravatar.com\/avatar\/36e6bcb83148978b992977cb0f54d22feb0cce8a0a849a9410532bb2623ba4c6?s=96&d=mm&r=g","width":96,"height":96,"caption":"Juh\u00e1sz P\u00e9ter"}},{"@type":"WebPage","@id":"https:\/\/allasorias.hu\/hirek\/elvaras-lesz-a-tavmunkavegzes\/#webpage","url":"https:\/\/allasorias.hu\/hirek\/elvaras-lesz-a-tavmunkavegzes\/","name":"Elv\u00e1r\u00e1s lesz a t\u00e1vmunkav\u00e9gz\u00e9s | AllasOrias.hu | H\u00edrek-lapszemle","description":"A t\u00e1vmunkav\u00e9gz\u00e9sre val\u00f3 \u00e1t\u00e1ll\u00e1s nem csup\u00e1n a hazai, de a glob\u00e1lis munkaer\u0151piacra is hat\u00e1ssal van, ugyanis a home office t\u00e9rnyer\u00e9s\u00e9vel a munkav\u00e9gz\u00e9s hely\u00e9nek fizikai korl\u00e1tai v\u00e9konyodni l\u00e1tszanak bizonyos munkak\u00f6r\u00f6k eset\u00e9ben. Egyre gyakoribb jelens\u00e9g k\u00fclf\u00f6ldi c\u00e9gekn\u00e9l val\u00f3 munkav\u00e1llal\u00e1s \u00fagy, hogy a koll\u00e9ga saj\u00e1t orsz\u00e1g\u00e1ban, otthon\u00e1ban tart\u00f3zkodik \u00e9s onnan l\u00e1tja el a feladatait. K\u00fcl\u00f6n\u00f6sen jellemz\u0151 ez a","inLanguage":"hu-HU","isPartOf":{"@id":"https:\/\/allasorias.hu\/hirek\/#website"},"breadcrumb":{"@id":"https:\/\/allasorias.hu\/hirek\/elvaras-lesz-a-tavmunkavegzes\/#breadcrumblist"},"author":{"@id":"https:\/\/allasorias.hu\/hirek\/author\/admin-allasorias\/#author"},"creator":{"@id":"https:\/\/allasorias.hu\/hirek\/author\/admin-allasorias\/#author"},"image":{"@type":"ImageObject","url":"https:\/\/allasorias.hu\/hirek\/wp-content\/uploads\/2021\/04\/young-asia-businessman-using-laptop-talk-colleagues-about-plan-video-call-meeting-while-work-from-home-living-room-self-isolation-social-distancing-quarantine-corona-virus-prevention.jpg","@id":"https:\/\/allasorias.hu\/hirek\/elvaras-lesz-a-tavmunkavegzes\/#mainImage","width":1920,"height":1080,"caption":"Young Asia businessman using laptop talk to colleagues about plan in video call meeting while work from home at living room. Self-isolation, social distancing, quarantine for corona virus prevention."},"primaryImageOfPage":{"@id":"https:\/\/allasorias.hu\/hirek\/elvaras-lesz-a-tavmunkavegzes\/#mainImage"},"datePublished":"2022-02-17T07:55:21+02:00","dateModified":"2022-02-17T07:55:21+02:00"},{"@type":"WebSite","@id":"https:\/\/allasorias.hu\/hirek\/#website","url":"https:\/\/allasorias.hu\/hirek\/","name":"AllasOrias.hu | H\u00edrek-lapszemle","description":"\u00dczleti h\u00edrek az \u00e1ll\u00e1s \u00e9s a munka vil\u00e1g\u00e1b\u00f3l","inLanguage":"hu-HU","publisher":{"@id":"https:\/\/allasorias.hu\/hirek\/#organization"}}]},"og:locale":"hu_HU","og:site_name":"AllasOrias.hu | H\u00edrek-lapszemle | \u00dczleti h\u00edrek az \u00e1ll\u00e1s \u00e9s a munka vil\u00e1g\u00e1b\u00f3l","og:type":"article","og:title":"Elv\u00e1r\u00e1s lesz a t\u00e1vmunkav\u00e9gz\u00e9s | AllasOrias.hu | H\u00edrek-lapszemle","og:description":"A t\u00e1vmunkav\u00e9gz\u00e9sre val\u00f3 \u00e1t\u00e1ll\u00e1s nem csup\u00e1n a hazai, de a glob\u00e1lis munkaer\u0151piacra is hat\u00e1ssal van, ugyanis a home office t\u00e9rnyer\u00e9s\u00e9vel a munkav\u00e9gz\u00e9s hely\u00e9nek fizikai korl\u00e1tai v\u00e9konyodni l\u00e1tszanak bizonyos munkak\u00f6r\u00f6k eset\u00e9ben. Egyre gyakoribb jelens\u00e9g k\u00fclf\u00f6ldi c\u00e9gekn\u00e9l val\u00f3 munkav\u00e1llal\u00e1s \u00fagy, hogy a koll\u00e9ga saj\u00e1t orsz\u00e1g\u00e1ban, otthon\u00e1ban tart\u00f3zkodik \u00e9s onnan l\u00e1tja el a feladatait. K\u00fcl\u00f6n\u00f6sen jellemz\u0151 ez a","og:url":"https:\/\/allasorias.hu\/hirek\/elvaras-lesz-a-tavmunkavegzes\/","og:image":"https:\/\/allasorias.hu\/hirek\/wp-content\/uploads\/2021\/04\/young-asia-businessman-using-laptop-talk-colleagues-about-plan-video-call-meeting-while-work-from-home-living-room-self-isolation-social-distancing-quarantine-corona-virus-prevention.jpg","og:image:secure_url":"https:\/\/allasorias.hu\/hirek\/wp-content\/uploads\/2021\/04\/young-asia-businessman-using-laptop-talk-colleagues-about-plan-video-call-meeting-while-work-from-home-living-room-self-isolation-social-distancing-quarantine-corona-virus-prevention.jpg","og:image:width":1920,"og:image:height":1080,"article:published_time":"2022-02-17T07:55:21+00:00","article:modified_time":"2022-02-17T07:55:21+00:00","article:publisher":"https:\/\/www.facebook.com\/allasorias","twitter:card":"summary_large_image","twitter:title":"Elv\u00e1r\u00e1s lesz a t\u00e1vmunkav\u00e9gz\u00e9s | AllasOrias.hu | H\u00edrek-lapszemle","twitter:description":"A t\u00e1vmunkav\u00e9gz\u00e9sre val\u00f3 \u00e1t\u00e1ll\u00e1s nem csup\u00e1n a hazai, de a glob\u00e1lis munkaer\u0151piacra is hat\u00e1ssal van, ugyanis a home office t\u00e9rnyer\u00e9s\u00e9vel a munkav\u00e9gz\u00e9s hely\u00e9nek fizikai korl\u00e1tai v\u00e9konyodni l\u00e1tszanak bizonyos munkak\u00f6r\u00f6k eset\u00e9ben. Egyre gyakoribb jelens\u00e9g k\u00fclf\u00f6ldi c\u00e9gekn\u00e9l val\u00f3 munkav\u00e1llal\u00e1s \u00fagy, hogy a koll\u00e9ga saj\u00e1t orsz\u00e1g\u00e1ban, otthon\u00e1ban tart\u00f3zkodik \u00e9s onnan l\u00e1tja el a feladatait. K\u00fcl\u00f6n\u00f6sen jellemz\u0151 ez a","twitter:image":"https:\/\/allasorias.hu\/hirek\/wp-content\/uploads\/2021\/04\/young-asia-businessman-using-laptop-talk-colleagues-about-plan-video-call-meeting-while-work-from-home-living-room-self-isolation-social-distancing-quarantine-corona-virus-prevention.jpg","twitter:label1":"Written by","twitter:data1":"Juh\u00e1sz P\u00e9ter","twitter:label2":"Est. reading time","twitter:data2":"5 minutes"},"aioseo_meta_data":{"post_id":"5388","title":null,"description":null,"keywords":[],"keyphrases":{"focus":[],"additional":[]},"primary_term":null,"canonical_url":null,"og_title":null,"og_description":null,"og_object_type":"default","og_image_type":"default","og_image_url":null,"og_image_width":null,"og_image_height":null,"og_image_custom_url":null,"og_image_custom_fields":null,"og_video":"","og_custom_url":null,"og_article_section":null,"og_article_tags":[],"twitter_use_og":false,"twitter_card":"default","twitter_image_type":"default","twitter_image_url":null,"twitter_image_custom_url":null,"twitter_image_custom_fields":null,"twitter_title":null,"twitter_description":null,"schema":{"blockGraphs":[],"customGraphs":[],"default":{"data":{"Article":[],"Course":[],"Dataset":[],"FAQPage":[],"Movie":[],"Person":[],"Product":[],"ProductReview":[],"Car":[],"Recipe":[],"Service":[],"SoftwareApplication":[],"WebPage":[]},"graphName":"","isEnabled":true},"graphs":[],"defaultGraph":"Article","defaultPostTypeGraph":""},"schema_type":"default","schema_type_options":"{\"article\":{\"articleType\":\"BlogPosting\"},\"course\":{\"name\":\"\",\"description\":\"\",\"provider\":\"\"},\"faq\":{\"pages\":[]},\"product\":{\"reviews\":[]},\"recipe\":{\"ingredients\":[],\"instructions\":[],\"keywords\":[]},\"software\":{\"reviews\":[],\"operatingSystems\":[]},\"webPage\":{\"webPageType\":\"WebPage\"}}","pillar_content":false,"robots_default":true,"robots_noindex":false,"robots_noarchive":false,"robots_nosnippet":false,"robots_nofollow":false,"robots_noimageindex":false,"robots_noodp":false,"robots_notranslate":false,"robots_max_snippet":"-1","robots_max_videopreview":"-1","robots_max_imagepreview":"large","priority":null,"frequency":"default","location":null,"local_seo":null,"breadcrumb_settings":null,"limit_modified_date":false,"ai":null,"created":"2022-02-17 07:54:14","updated":"2025-10-02 16:47:53","seo_analyzer_scan_date":null,"focus_keyword":null,"additional_keywords":null,"truseo_locale":null},"aioseo_breadcrumb":"<div class=\"aioseo-breadcrumbs\"><span class=\"aioseo-breadcrumb\">\n\t\t\t<a href=\"https:\/\/allasorias.hu\/hirek\" title=\"Home\">Home<\/a>\n\t\t<\/span><span class=\"aioseo-breadcrumb-separator\">&raquo;<\/span><span class=\"aioseo-breadcrumb\">\n\t\t\t<a href=\"https:\/\/allasorias.hu\/hirek\/temak\/munkaeropiac\/\" title=\"Munkaer\u0151piac\">Munkaer\u0151piac<\/a>\n\t\t<\/span><span class=\"aioseo-breadcrumb-separator\">&raquo;<\/span><span class=\"aioseo-breadcrumb\">\n\t\t\tElv\u00e1r\u00e1s lesz a t\u00e1vmunkav\u00e9gz\u00e9s\n\t\t<\/span><\/div>","aioseo_breadcrumb_json":[{"label":"Home","link":"https:\/\/allasorias.hu\/hirek"},{"label":"Munkaer\u0151piac","link":"https:\/\/allasorias.hu\/hirek\/temak\/munkaeropiac\/"},{"label":"Elv\u00e1r\u00e1s lesz a t\u00e1vmunkav\u00e9gz\u00e9s","link":"https:\/\/allasorias.hu\/hirek\/elvaras-lesz-a-tavmunkavegzes\/"}],"_links":{"self":[{"href":"https:\/\/allasorias.hu\/hirek\/wp-json\/wp\/v2\/posts\/5388","targetHints":{"allow":["GET"]}}],"collection":[{"href":"https:\/\/allasorias.hu\/hirek\/wp-json\/wp\/v2\/posts"}],"about":[{"href":"https:\/\/allasorias.hu\/hirek\/wp-json\/wp\/v2\/types\/post"}],"author":[{"embeddable":true,"href":"https:\/\/allasorias.hu\/hirek\/wp-json\/wp\/v2\/users\/1"}],"replies":[{"embeddable":true,"href":"https:\/\/allasorias.hu\/hirek\/wp-json\/wp\/v2\/comments?post=5388"}],"version-history":[{"count":1,"href":"https:\/\/allasorias.hu\/hirek\/wp-json\/wp\/v2\/posts\/5388\/revisions"}],"predecessor-version":[{"id":5389,"href":"https:\/\/allasorias.hu\/hirek\/wp-json\/wp\/v2\/posts\/5388\/revisions\/5389"}],"wp:featuredmedia":[{"embeddable":true,"href":"https:\/\/allasorias.hu\/hirek\/wp-json\/wp\/v2\/media\/4707"}],"wp:attachment":[{"href":"https:\/\/allasorias.hu\/hirek\/wp-json\/wp\/v2\/media?parent=5388"}],"wp:term":[{"taxonomy":"category","embeddable":true,"href":"https:\/\/allasorias.hu\/hirek\/wp-json\/wp\/v2\/categories?post=5388"},{"taxonomy":"post_tag","embeddable":true,"href":"https:\/\/allasorias.hu\/hirek\/wp-json\/wp\/v2\/tags?post=5388"}],"curies":[{"name":"wp","href":"https:\/\/api.w.org\/{rel}","templated":true}]}}