{"id":5378,"date":"2022-02-11T07:42:56","date_gmt":"2022-02-11T07:42:56","guid":{"rendered":"https:\/\/allasorias.hu\/hirek\/?p=5378"},"modified":"2022-02-11T07:42:56","modified_gmt":"2022-02-11T07:42:56","slug":"elegedetlenek-a-szocialis-agazatban","status":"publish","type":"post","link":"https:\/\/allasorias.hu\/hirek\/elegedetlenek-a-szocialis-agazatban\/","title":{"rendered":"El\u00e9gedetlenek a szoci\u00e1lis \u00e1gazatban"},"content":{"rendered":"<p><strong>A korm\u00e1nyzat 20%, a f\u0151v\u00e1ros pedig 15% b\u00e9remel\u00e9st \u00edg\u00e9rt a szoci\u00e1lis dolgoz\u00f3knak. Egyik se val\u00f3sult meg teljes eg\u00e9sz\u00e9ben. Pet\u00edci\u00f3t ind\u00edtott a Szoci\u00e1lis \u00c1gazatban Dolgoz\u00f3k Szakszervezete (SZ\u00c1D), mert \u00e1ll\u00e1spontjuk szerint a\u00a0 2021-ben be\u00edg\u00e9rt k\u00e9t b\u00e9remel\u00e9sb\u0151l m\u00e9g egyet sem kaptak meg, sem a korm\u00e1ny\u00e9t, sem a f\u0151v\u00e1ros\u00e9t. K\u00f6ves Ferenc, a szakszervezet eln\u00f6ke Facebookon jelentette be, k\u00fcl\u00f6nb\u00f6z\u0151 akci\u00f3kkal is k\u00e9sz\u00fclnek annak \u00e9rdek\u00e9ben, hogy kiharcolj\u00e1k az \u00e1gazatban dolgoz\u00f3k b\u00e9remel\u00e9s\u00e9t. <\/strong><\/p>\n<p>A korm\u00e1nyzati b\u00e9remel\u00e9s \u00e9rtelm\u00e9ben minden dolgoz\u00f3nak, a 2021. novemberi fizet\u00e9seket alapul v\u00e9ve, 2022. janu\u00e1r 1-j\u00e9t\u0151l 20%-kal magasabb b\u00e9r j\u00e1r. A val\u00f3s\u00e1gban azonban ez j\u00f3val alacsonyabb. A szakszervezetek \u00e1ll\u00e1spontja szerint a b\u00e9remel\u00e9s nem csak alacsonyabb, de m\u00e9g csak \u00e1gazati b\u00e9remel\u00e9snek sem tekinthet\u0151. A 20 sz\u00e1zal\u00e9kba ugyanis belesz\u00e1molt\u00e1k a garant\u00e1lt b\u00e9rminimum \u00e1ltal\u00e1nos emel\u00e9s\u00e9t is, az \u00e1gazati b\u00e9remel\u00e9snek viszont ezen fel\u00fcl k\u00e9ne t\u00f6rt\u00e9nnie a szakszervezetek szerint. Ami a f\u0151v\u00e1rosi b\u00e9remel\u00e9st illeti, 2021 j\u00fanius\u00e1ban Budapest b\u00e9rmeg\u00e1llapod\u00e1st \u00edrt al\u00e1 a szakszervezetekkel, mely szerint abban az \u00e9vben a j\u00e1rv\u00e1ny \u00e9s a korm\u00e1nyzati megszor\u00edt\u00e1sok miatt nem fog tudni b\u00e9rt emelni a f\u0151v\u00e1rosi \u00f6nkorm\u00e1nyzat, a 2022-ben viszont biztos\u00edtani fogj\u00e1k a 15%-os b\u00e9remel\u00e9st. Kiss Ambrus a janu\u00e1r 26-i k\u00f6zgy\u0171l\u00e9sen arra utalt, hogy a f\u0151v\u00e1rosnak a korm\u00e1nyzati b\u00e9remel\u00e9st kell kieg\u00e9sz\u00edtenie, \u00e9s a galib\u00e1t az okozza, hogy a korm\u00e1ny b\u00e9remel\u00e9se val\u00f3j\u00e1ban nem 20%-os. A szakszervezetek szerint viszont nem puszt\u00e1n err\u0151l van sz\u00f3. A kultur\u00e1lis \u00e9s szoci\u00e1lis szakszervezetek szerint a b\u00e9rsz\u00f6vets\u00e9g \u00e9rtelm\u00e9ben a 15%-os b\u00e9remel\u00e9s a korm\u00e1nyzati b\u00e9remel\u00e9sen fel\u00fcl is j\u00e1r, nem csak azt kieg\u00e9sz\u00edtve. S\u0151t, Kar\u00e1csony Gergely f\u0151polg\u00e1rmester is azt \u00edrta Facebook-oldal\u00e1n a janu\u00e1r 26-i k\u00f6zgy\u0171l\u00e9s el\u0151tt, hogy a szoci\u00e1lis, a kultur\u00e1lis \u00e9s a k\u00f6znevel\u00e9si ter\u00fcleten dolgoz\u00f3k b\u00e9remel\u00e9s\u00e9r\u0151l a korm\u00e1ny \u00e1ltal meg\u00edg\u00e9rt \u00e1llami kompenz\u00e1ci\u00f3 fel\u00fcl val\u00f3s\u00edtj\u00e1k meg a b\u00e9remel\u00e9st. K\u00f6ves Ferenc meger\u0151s\u00edtette: a b\u00e9rsz\u00f6vets\u00e9gbe foglalt 15 sz\u00e1zal\u00e9kos b\u00e9remel\u00e9s \u00edg\u00e9rete el\u0151bb volt a f\u0151v\u00e1ros r\u00e9sz\u00e9r\u0151l, mint a korm\u00e1ny \u00e1ll\u00edt\u00f3lagos 20 sz\u00e1zal\u00e9kos b\u00e9remel\u00e9se, \u00edgy nem sz\u00e1molhatj\u00e1k hozz\u00e1 a garant\u00e1lt b\u00e9rminimum megemel\u00e9s\u00e9t. Az \u00e1gazatban dolgoz\u00f3knak eleg\u00fck van a f\u0151v\u00e1ros \u00e9s a korm\u00e1ny megszegett \u00edg\u00e9reteib\u0151l. A SZ\u00c1D pet\u00edci\u00f3j\u00e1t \u00f3r\u00e1kkal k\u00e9s\u0151bb hogy megosztott\u00e1k m\u00e1r 100-an al\u00e1\u00edrt\u00e1k.<\/p>\n<p>Forr\u00e1s: szakszervezetek.hu, M\u00e9rce<\/p>\n<p>&nbsp;<\/p>\n","protected":false},"excerpt":{"rendered":"<p>A korm\u00e1nyzat 20%, a f\u0151v\u00e1ros pedig 15% b\u00e9remel\u00e9st \u00edg\u00e9rt a szoci\u00e1lis dolgoz\u00f3knak. Egyik se val\u00f3sult meg teljes eg\u00e9sz\u00e9ben. Pet\u00edci\u00f3t ind\u00edtott a Szoci\u00e1lis \u00c1gazatban Dolgoz\u00f3k Szakszervezete (SZ\u00c1D), mert \u00e1ll\u00e1spontjuk szerint a\u00a0 2021-ben be\u00edg\u00e9rt k\u00e9t b\u00e9remel\u00e9sb\u0151l m\u00e9g egyet sem kaptak meg, sem a korm\u00e1ny\u00e9t, sem a f\u0151v\u00e1ros\u00e9t. K\u00f6ves Ferenc, a szakszervezet eln\u00f6ke Facebookon jelentette be, k\u00fcl\u00f6nb\u00f6z\u0151 akci\u00f3kkal [&hellip;]<\/p>\n","protected":false},"author":1,"featured_media":4933,"comment_status":"open","ping_status":"open","sticky":false,"template":"","format":"standard","meta":{"_monsterinsights_skip_tracking":false,"footnotes":""},"categories":[200],"tags":[],"class_list":["post-5378","post","type-post","status-publish","format-standard","has-post-thumbnail","hentry","category-munkaeropiac"],"aioseo_notices":[],"aioseo_head":"\n\t\t<!-- All in One SEO 5.0.0.1 - aioseo.com -->\n\t<meta name=\"description\" content=\"A korm\u00e1nyzat 20%, a f\u0151v\u00e1ros pedig 15% b\u00e9remel\u00e9st \u00edg\u00e9rt a szoci\u00e1lis dolgoz\u00f3knak. Egyik se val\u00f3sult meg teljes eg\u00e9sz\u00e9ben. Pet\u00edci\u00f3t ind\u00edtott a Szoci\u00e1lis \u00c1gazatban Dolgoz\u00f3k Szakszervezete (SZ\u00c1D), mert \u00e1ll\u00e1spontjuk szerint a 2021-ben be\u00edg\u00e9rt k\u00e9t b\u00e9remel\u00e9sb\u0151l m\u00e9g egyet sem kaptak meg, sem a korm\u00e1ny\u00e9t, sem a f\u0151v\u00e1ros\u00e9t. K\u00f6ves Ferenc, a szakszervezet eln\u00f6ke Facebookon jelentette be, k\u00fcl\u00f6nb\u00f6z\u0151 akci\u00f3kkal\" \/>\n\t<meta name=\"robots\" content=\"max-image-preview:large\" \/>\n\t<meta name=\"author\" content=\"Juh\u00e1sz P\u00e9ter\"\/>\n\t<link rel=\"canonical\" href=\"https:\/\/allasorias.hu\/hirek\/elegedetlenek-a-szocialis-agazatban\/\" \/>\n\t<meta name=\"generator\" content=\"All in One SEO (AIOSEO) 5.0.0.1\" \/>\n\t\t<meta property=\"og:locale\" content=\"hu_HU\" \/>\n\t\t<meta property=\"og:site_name\" content=\"AllasOrias.hu | H\u00edrek-lapszemle | \u00dczleti h\u00edrek az \u00e1ll\u00e1s \u00e9s a munka vil\u00e1g\u00e1b\u00f3l\" \/>\n\t\t<meta property=\"og:type\" content=\"article\" \/>\n\t\t<meta property=\"og:title\" content=\"El\u00e9gedetlenek a szoci\u00e1lis \u00e1gazatban | AllasOrias.hu | H\u00edrek-lapszemle\" \/>\n\t\t<meta property=\"og:description\" content=\"A korm\u00e1nyzat 20%, a f\u0151v\u00e1ros pedig 15% b\u00e9remel\u00e9st \u00edg\u00e9rt a szoci\u00e1lis dolgoz\u00f3knak. Egyik se val\u00f3sult meg teljes eg\u00e9sz\u00e9ben. Pet\u00edci\u00f3t ind\u00edtott a Szoci\u00e1lis \u00c1gazatban Dolgoz\u00f3k Szakszervezete (SZ\u00c1D), mert \u00e1ll\u00e1spontjuk szerint a 2021-ben be\u00edg\u00e9rt k\u00e9t b\u00e9remel\u00e9sb\u0151l m\u00e9g egyet sem kaptak meg, sem a korm\u00e1ny\u00e9t, sem a f\u0151v\u00e1ros\u00e9t. K\u00f6ves Ferenc, a szakszervezet eln\u00f6ke Facebookon jelentette be, k\u00fcl\u00f6nb\u00f6z\u0151 akci\u00f3kkal\" \/>\n\t\t<meta property=\"og:url\" content=\"https:\/\/allasorias.hu\/hirek\/elegedetlenek-a-szocialis-agazatban\/\" \/>\n\t\t<meta property=\"og:image\" content=\"https:\/\/allasorias.hu\/hirek\/wp-content\/uploads\/2021\/07\/busy-businesswoman-working-home-office.jpg\" \/>\n\t\t<meta property=\"og:image:secure_url\" content=\"https:\/\/allasorias.hu\/hirek\/wp-content\/uploads\/2021\/07\/busy-businesswoman-working-home-office.jpg\" \/>\n\t\t<meta property=\"og:image:width\" content=\"1920\" \/>\n\t\t<meta property=\"og:image:height\" content=\"1280\" \/>\n\t\t<meta property=\"article:published_time\" content=\"2022-02-11T07:42:56+00:00\" \/>\n\t\t<meta property=\"article:modified_time\" content=\"2022-02-11T07:42:56+00:00\" \/>\n\t\t<meta property=\"article:publisher\" content=\"https:\/\/www.facebook.com\/allasorias\" \/>\n\t\t<meta name=\"twitter:card\" content=\"summary_large_image\" \/>\n\t\t<meta name=\"twitter:title\" content=\"El\u00e9gedetlenek a szoci\u00e1lis \u00e1gazatban | AllasOrias.hu | H\u00edrek-lapszemle\" \/>\n\t\t<meta name=\"twitter:description\" content=\"A korm\u00e1nyzat 20%, a f\u0151v\u00e1ros pedig 15% b\u00e9remel\u00e9st \u00edg\u00e9rt a szoci\u00e1lis dolgoz\u00f3knak. Egyik se val\u00f3sult meg teljes eg\u00e9sz\u00e9ben. Pet\u00edci\u00f3t ind\u00edtott a Szoci\u00e1lis \u00c1gazatban Dolgoz\u00f3k Szakszervezete (SZ\u00c1D), mert \u00e1ll\u00e1spontjuk szerint a 2021-ben be\u00edg\u00e9rt k\u00e9t b\u00e9remel\u00e9sb\u0151l m\u00e9g egyet sem kaptak meg, sem a korm\u00e1ny\u00e9t, sem a f\u0151v\u00e1ros\u00e9t. K\u00f6ves Ferenc, a szakszervezet eln\u00f6ke Facebookon jelentette be, k\u00fcl\u00f6nb\u00f6z\u0151 akci\u00f3kkal\" \/>\n\t\t<meta name=\"twitter:image\" content=\"https:\/\/allasorias.hu\/hirek\/wp-content\/uploads\/2021\/07\/busy-businesswoman-working-home-office.jpg\" \/>\n\t\t<meta name=\"twitter:label1\" content=\"Written by\" \/>\n\t\t<meta name=\"twitter:data1\" content=\"Juh\u00e1sz P\u00e9ter\" \/>\n\t\t<meta name=\"twitter:label2\" content=\"Est. reading time\" \/>\n\t\t<meta name=\"twitter:data2\" content=\"3 minutes\" \/>\n\t\t<script type=\"application\/ld+json\" class=\"aioseo-schema\">\n\t\t\t{\"@context\":\"https:\\\/\\\/schema.org\",\"@graph\":[{\"@type\":\"Article\",\"@id\":\"https:\\\/\\\/allasorias.hu\\\/hirek\\\/elegedetlenek-a-szocialis-agazatban\\\/#article\",\"name\":\"El\\u00e9gedetlenek a szoci\\u00e1lis \\u00e1gazatban | AllasOrias.hu | H\\u00edrek-lapszemle\",\"headline\":\"El\\u00e9gedetlenek a szoci\\u00e1lis \\u00e1gazatban\",\"author\":{\"@id\":\"https:\\\/\\\/allasorias.hu\\\/hirek\\\/author\\\/admin-allasorias\\\/#author\"},\"publisher\":{\"@id\":\"https:\\\/\\\/allasorias.hu\\\/hirek\\\/#organization\"},\"image\":{\"@type\":\"ImageObject\",\"url\":\"https:\\\/\\\/allasorias.hu\\\/hirek\\\/wp-content\\\/uploads\\\/2021\\\/07\\\/busy-businesswoman-working-home-office.jpg\",\"width\":1920,\"height\":1280,\"caption\":\"Really bad news about my home finances\"},\"datePublished\":\"2022-02-11T07:42:56+02:00\",\"dateModified\":\"2022-02-11T07:42:56+02:00\",\"inLanguage\":\"hu-HU\",\"mainEntityOfPage\":{\"@id\":\"https:\\\/\\\/allasorias.hu\\\/hirek\\\/elegedetlenek-a-szocialis-agazatban\\\/#webpage\"},\"isPartOf\":{\"@id\":\"https:\\\/\\\/allasorias.hu\\\/hirek\\\/elegedetlenek-a-szocialis-agazatban\\\/#webpage\"},\"articleSection\":\"Munkaer\\u0151piac\"},{\"@type\":\"BreadcrumbList\",\"@id\":\"https:\\\/\\\/allasorias.hu\\\/hirek\\\/elegedetlenek-a-szocialis-agazatban\\\/#breadcrumblist\",\"itemListElement\":[{\"@type\":\"ListItem\",\"@id\":\"https:\\\/\\\/allasorias.hu\\\/hirek#listItem\",\"position\":1,\"name\":\"Home\",\"item\":\"https:\\\/\\\/allasorias.hu\\\/hirek\",\"nextItem\":{\"@type\":\"ListItem\",\"@id\":\"https:\\\/\\\/allasorias.hu\\\/hirek\\\/temak\\\/munkaeropiac\\\/#listItem\",\"name\":\"Munkaer\\u0151piac\"}},{\"@type\":\"ListItem\",\"@id\":\"https:\\\/\\\/allasorias.hu\\\/hirek\\\/temak\\\/munkaeropiac\\\/#listItem\",\"position\":2,\"name\":\"Munkaer\\u0151piac\",\"item\":\"https:\\\/\\\/allasorias.hu\\\/hirek\\\/temak\\\/munkaeropiac\\\/\",\"nextItem\":{\"@type\":\"ListItem\",\"@id\":\"https:\\\/\\\/allasorias.hu\\\/hirek\\\/elegedetlenek-a-szocialis-agazatban\\\/#listItem\",\"name\":\"El\\u00e9gedetlenek a szoci\\u00e1lis \\u00e1gazatban\"},\"previousItem\":{\"@type\":\"ListItem\",\"@id\":\"https:\\\/\\\/allasorias.hu\\\/hirek#listItem\",\"name\":\"Home\"}},{\"@type\":\"ListItem\",\"@id\":\"https:\\\/\\\/allasorias.hu\\\/hirek\\\/elegedetlenek-a-szocialis-agazatban\\\/#listItem\",\"position\":3,\"name\":\"El\\u00e9gedetlenek a szoci\\u00e1lis \\u00e1gazatban\",\"previousItem\":{\"@type\":\"ListItem\",\"@id\":\"https:\\\/\\\/allasorias.hu\\\/hirek\\\/temak\\\/munkaeropiac\\\/#listItem\",\"name\":\"Munkaer\\u0151piac\"}}]},{\"@type\":\"Organization\",\"@id\":\"https:\\\/\\\/allasorias.hu\\\/hirek\\\/#organization\",\"name\":\"AllasOrias.hu | H\\u00edrek-lapszemle\",\"description\":\"\\u00dczleti h\\u00edrek az \\u00e1ll\\u00e1s \\u00e9s a munka vil\\u00e1g\\u00e1b\\u00f3l\",\"url\":\"https:\\\/\\\/allasorias.hu\\\/hirek\\\/\",\"logo\":{\"@type\":\"ImageObject\",\"url\":\"https:\\\/\\\/allasorias.hu\\\/hirek\\\/wp-content\\\/uploads\\\/2022\\\/10\\\/allasorias_site_facebok_logo.png\",\"@id\":\"https:\\\/\\\/allasorias.hu\\\/hirek\\\/elegedetlenek-a-szocialis-agazatban\\\/#organizationLogo\"},\"image\":{\"@id\":\"https:\\\/\\\/allasorias.hu\\\/hirek\\\/elegedetlenek-a-szocialis-agazatban\\\/#organizationLogo\"},\"sameAs\":[\"https:\\\/\\\/www.facebook.com\\\/allasorias\",\"https:\\\/\\\/www.linkedin.com\\\/company\\\/allasorias\"]},{\"@type\":\"Person\",\"@id\":\"https:\\\/\\\/allasorias.hu\\\/hirek\\\/author\\\/admin-allasorias\\\/#author\",\"url\":\"https:\\\/\\\/allasorias.hu\\\/hirek\\\/author\\\/admin-allasorias\\\/\",\"name\":\"Juh\\u00e1sz P\\u00e9ter\",\"image\":{\"@type\":\"ImageObject\",\"@id\":\"https:\\\/\\\/allasorias.hu\\\/hirek\\\/elegedetlenek-a-szocialis-agazatban\\\/#authorImage\",\"url\":\"https:\\\/\\\/secure.gravatar.com\\\/avatar\\\/36e6bcb83148978b992977cb0f54d22feb0cce8a0a849a9410532bb2623ba4c6?s=96&d=mm&r=g\",\"width\":96,\"height\":96,\"caption\":\"Juh\\u00e1sz P\\u00e9ter\"}},{\"@type\":\"WebPage\",\"@id\":\"https:\\\/\\\/allasorias.hu\\\/hirek\\\/elegedetlenek-a-szocialis-agazatban\\\/#webpage\",\"url\":\"https:\\\/\\\/allasorias.hu\\\/hirek\\\/elegedetlenek-a-szocialis-agazatban\\\/\",\"name\":\"El\\u00e9gedetlenek a szoci\\u00e1lis \\u00e1gazatban | AllasOrias.hu | H\\u00edrek-lapszemle\",\"description\":\"A korm\\u00e1nyzat 20%, a f\\u0151v\\u00e1ros pedig 15% b\\u00e9remel\\u00e9st \\u00edg\\u00e9rt a szoci\\u00e1lis dolgoz\\u00f3knak. Egyik se val\\u00f3sult meg teljes eg\\u00e9sz\\u00e9ben. Pet\\u00edci\\u00f3t ind\\u00edtott a Szoci\\u00e1lis \\u00c1gazatban Dolgoz\\u00f3k Szakszervezete (SZ\\u00c1D), mert \\u00e1ll\\u00e1spontjuk szerint a 2021-ben be\\u00edg\\u00e9rt k\\u00e9t b\\u00e9remel\\u00e9sb\\u0151l m\\u00e9g egyet sem kaptak meg, sem a korm\\u00e1ny\\u00e9t, sem a f\\u0151v\\u00e1ros\\u00e9t. K\\u00f6ves Ferenc, a szakszervezet eln\\u00f6ke Facebookon jelentette be, k\\u00fcl\\u00f6nb\\u00f6z\\u0151 akci\\u00f3kkal\",\"inLanguage\":\"hu-HU\",\"isPartOf\":{\"@id\":\"https:\\\/\\\/allasorias.hu\\\/hirek\\\/#website\"},\"breadcrumb\":{\"@id\":\"https:\\\/\\\/allasorias.hu\\\/hirek\\\/elegedetlenek-a-szocialis-agazatban\\\/#breadcrumblist\"},\"author\":{\"@id\":\"https:\\\/\\\/allasorias.hu\\\/hirek\\\/author\\\/admin-allasorias\\\/#author\"},\"creator\":{\"@id\":\"https:\\\/\\\/allasorias.hu\\\/hirek\\\/author\\\/admin-allasorias\\\/#author\"},\"image\":{\"@type\":\"ImageObject\",\"url\":\"https:\\\/\\\/allasorias.hu\\\/hirek\\\/wp-content\\\/uploads\\\/2021\\\/07\\\/busy-businesswoman-working-home-office.jpg\",\"@id\":\"https:\\\/\\\/allasorias.hu\\\/hirek\\\/elegedetlenek-a-szocialis-agazatban\\\/#mainImage\",\"width\":1920,\"height\":1280,\"caption\":\"Really bad news about my home finances\"},\"primaryImageOfPage\":{\"@id\":\"https:\\\/\\\/allasorias.hu\\\/hirek\\\/elegedetlenek-a-szocialis-agazatban\\\/#mainImage\"},\"datePublished\":\"2022-02-11T07:42:56+02:00\",\"dateModified\":\"2022-02-11T07:42:56+02:00\"},{\"@type\":\"WebSite\",\"@id\":\"https:\\\/\\\/allasorias.hu\\\/hirek\\\/#website\",\"url\":\"https:\\\/\\\/allasorias.hu\\\/hirek\\\/\",\"name\":\"AllasOrias.hu | H\\u00edrek-lapszemle\",\"description\":\"\\u00dczleti h\\u00edrek az \\u00e1ll\\u00e1s \\u00e9s a munka vil\\u00e1g\\u00e1b\\u00f3l\",\"inLanguage\":\"hu-HU\",\"publisher\":{\"@id\":\"https:\\\/\\\/allasorias.hu\\\/hirek\\\/#organization\"}}]}\n\t\t<\/script>\n\t\t<!-- All in One SEO -->\n\n","aioseo_head_json":{"title":"El\u00e9gedetlenek a szoci\u00e1lis \u00e1gazatban | AllasOrias.hu | H\u00edrek-lapszemle","description":"A korm\u00e1nyzat 20%, a f\u0151v\u00e1ros pedig 15% b\u00e9remel\u00e9st \u00edg\u00e9rt a szoci\u00e1lis dolgoz\u00f3knak. Egyik se val\u00f3sult meg teljes eg\u00e9sz\u00e9ben. Pet\u00edci\u00f3t ind\u00edtott a Szoci\u00e1lis \u00c1gazatban Dolgoz\u00f3k Szakszervezete (SZ\u00c1D), mert \u00e1ll\u00e1spontjuk szerint a 2021-ben be\u00edg\u00e9rt k\u00e9t b\u00e9remel\u00e9sb\u0151l m\u00e9g egyet sem kaptak meg, sem a korm\u00e1ny\u00e9t, sem a f\u0151v\u00e1ros\u00e9t. K\u00f6ves Ferenc, a szakszervezet eln\u00f6ke Facebookon jelentette be, k\u00fcl\u00f6nb\u00f6z\u0151 akci\u00f3kkal","canonical_url":"https:\/\/allasorias.hu\/hirek\/elegedetlenek-a-szocialis-agazatban\/","robots":"max-image-preview:large","keywords":"","webmasterTools":{"miscellaneous":""},"schema":{"@context":"https:\/\/schema.org","@graph":[{"@type":"Article","@id":"https:\/\/allasorias.hu\/hirek\/elegedetlenek-a-szocialis-agazatban\/#article","name":"El\u00e9gedetlenek a szoci\u00e1lis \u00e1gazatban | AllasOrias.hu | H\u00edrek-lapszemle","headline":"El\u00e9gedetlenek a szoci\u00e1lis \u00e1gazatban","author":{"@id":"https:\/\/allasorias.hu\/hirek\/author\/admin-allasorias\/#author"},"publisher":{"@id":"https:\/\/allasorias.hu\/hirek\/#organization"},"image":{"@type":"ImageObject","url":"https:\/\/allasorias.hu\/hirek\/wp-content\/uploads\/2021\/07\/busy-businesswoman-working-home-office.jpg","width":1920,"height":1280,"caption":"Really bad news about my home finances"},"datePublished":"2022-02-11T07:42:56+02:00","dateModified":"2022-02-11T07:42:56+02:00","inLanguage":"hu-HU","mainEntityOfPage":{"@id":"https:\/\/allasorias.hu\/hirek\/elegedetlenek-a-szocialis-agazatban\/#webpage"},"isPartOf":{"@id":"https:\/\/allasorias.hu\/hirek\/elegedetlenek-a-szocialis-agazatban\/#webpage"},"articleSection":"Munkaer\u0151piac"},{"@type":"BreadcrumbList","@id":"https:\/\/allasorias.hu\/hirek\/elegedetlenek-a-szocialis-agazatban\/#breadcrumblist","itemListElement":[{"@type":"ListItem","@id":"https:\/\/allasorias.hu\/hirek#listItem","position":1,"name":"Home","item":"https:\/\/allasorias.hu\/hirek","nextItem":{"@type":"ListItem","@id":"https:\/\/allasorias.hu\/hirek\/temak\/munkaeropiac\/#listItem","name":"Munkaer\u0151piac"}},{"@type":"ListItem","@id":"https:\/\/allasorias.hu\/hirek\/temak\/munkaeropiac\/#listItem","position":2,"name":"Munkaer\u0151piac","item":"https:\/\/allasorias.hu\/hirek\/temak\/munkaeropiac\/","nextItem":{"@type":"ListItem","@id":"https:\/\/allasorias.hu\/hirek\/elegedetlenek-a-szocialis-agazatban\/#listItem","name":"El\u00e9gedetlenek a szoci\u00e1lis \u00e1gazatban"},"previousItem":{"@type":"ListItem","@id":"https:\/\/allasorias.hu\/hirek#listItem","name":"Home"}},{"@type":"ListItem","@id":"https:\/\/allasorias.hu\/hirek\/elegedetlenek-a-szocialis-agazatban\/#listItem","position":3,"name":"El\u00e9gedetlenek a szoci\u00e1lis \u00e1gazatban","previousItem":{"@type":"ListItem","@id":"https:\/\/allasorias.hu\/hirek\/temak\/munkaeropiac\/#listItem","name":"Munkaer\u0151piac"}}]},{"@type":"Organization","@id":"https:\/\/allasorias.hu\/hirek\/#organization","name":"AllasOrias.hu | H\u00edrek-lapszemle","description":"\u00dczleti h\u00edrek az \u00e1ll\u00e1s \u00e9s a munka vil\u00e1g\u00e1b\u00f3l","url":"https:\/\/allasorias.hu\/hirek\/","logo":{"@type":"ImageObject","url":"https:\/\/allasorias.hu\/hirek\/wp-content\/uploads\/2022\/10\/allasorias_site_facebok_logo.png","@id":"https:\/\/allasorias.hu\/hirek\/elegedetlenek-a-szocialis-agazatban\/#organizationLogo"},"image":{"@id":"https:\/\/allasorias.hu\/hirek\/elegedetlenek-a-szocialis-agazatban\/#organizationLogo"},"sameAs":["https:\/\/www.facebook.com\/allasorias","https:\/\/www.linkedin.com\/company\/allasorias"]},{"@type":"Person","@id":"https:\/\/allasorias.hu\/hirek\/author\/admin-allasorias\/#author","url":"https:\/\/allasorias.hu\/hirek\/author\/admin-allasorias\/","name":"Juh\u00e1sz P\u00e9ter","image":{"@type":"ImageObject","@id":"https:\/\/allasorias.hu\/hirek\/elegedetlenek-a-szocialis-agazatban\/#authorImage","url":"https:\/\/secure.gravatar.com\/avatar\/36e6bcb83148978b992977cb0f54d22feb0cce8a0a849a9410532bb2623ba4c6?s=96&d=mm&r=g","width":96,"height":96,"caption":"Juh\u00e1sz P\u00e9ter"}},{"@type":"WebPage","@id":"https:\/\/allasorias.hu\/hirek\/elegedetlenek-a-szocialis-agazatban\/#webpage","url":"https:\/\/allasorias.hu\/hirek\/elegedetlenek-a-szocialis-agazatban\/","name":"El\u00e9gedetlenek a szoci\u00e1lis \u00e1gazatban | AllasOrias.hu | H\u00edrek-lapszemle","description":"A korm\u00e1nyzat 20%, a f\u0151v\u00e1ros pedig 15% b\u00e9remel\u00e9st \u00edg\u00e9rt a szoci\u00e1lis dolgoz\u00f3knak. Egyik se val\u00f3sult meg teljes eg\u00e9sz\u00e9ben. Pet\u00edci\u00f3t ind\u00edtott a Szoci\u00e1lis \u00c1gazatban Dolgoz\u00f3k Szakszervezete (SZ\u00c1D), mert \u00e1ll\u00e1spontjuk szerint a 2021-ben be\u00edg\u00e9rt k\u00e9t b\u00e9remel\u00e9sb\u0151l m\u00e9g egyet sem kaptak meg, sem a korm\u00e1ny\u00e9t, sem a f\u0151v\u00e1ros\u00e9t. K\u00f6ves Ferenc, a szakszervezet eln\u00f6ke Facebookon jelentette be, k\u00fcl\u00f6nb\u00f6z\u0151 akci\u00f3kkal","inLanguage":"hu-HU","isPartOf":{"@id":"https:\/\/allasorias.hu\/hirek\/#website"},"breadcrumb":{"@id":"https:\/\/allasorias.hu\/hirek\/elegedetlenek-a-szocialis-agazatban\/#breadcrumblist"},"author":{"@id":"https:\/\/allasorias.hu\/hirek\/author\/admin-allasorias\/#author"},"creator":{"@id":"https:\/\/allasorias.hu\/hirek\/author\/admin-allasorias\/#author"},"image":{"@type":"ImageObject","url":"https:\/\/allasorias.hu\/hirek\/wp-content\/uploads\/2021\/07\/busy-businesswoman-working-home-office.jpg","@id":"https:\/\/allasorias.hu\/hirek\/elegedetlenek-a-szocialis-agazatban\/#mainImage","width":1920,"height":1280,"caption":"Really bad news about my home finances"},"primaryImageOfPage":{"@id":"https:\/\/allasorias.hu\/hirek\/elegedetlenek-a-szocialis-agazatban\/#mainImage"},"datePublished":"2022-02-11T07:42:56+02:00","dateModified":"2022-02-11T07:42:56+02:00"},{"@type":"WebSite","@id":"https:\/\/allasorias.hu\/hirek\/#website","url":"https:\/\/allasorias.hu\/hirek\/","name":"AllasOrias.hu | H\u00edrek-lapszemle","description":"\u00dczleti h\u00edrek az \u00e1ll\u00e1s \u00e9s a munka vil\u00e1g\u00e1b\u00f3l","inLanguage":"hu-HU","publisher":{"@id":"https:\/\/allasorias.hu\/hirek\/#organization"}}]},"og:locale":"hu_HU","og:site_name":"AllasOrias.hu | H\u00edrek-lapszemle | \u00dczleti h\u00edrek az \u00e1ll\u00e1s \u00e9s a munka vil\u00e1g\u00e1b\u00f3l","og:type":"article","og:title":"El\u00e9gedetlenek a szoci\u00e1lis \u00e1gazatban | AllasOrias.hu | H\u00edrek-lapszemle","og:description":"A korm\u00e1nyzat 20%, a f\u0151v\u00e1ros pedig 15% b\u00e9remel\u00e9st \u00edg\u00e9rt a szoci\u00e1lis dolgoz\u00f3knak. Egyik se val\u00f3sult meg teljes eg\u00e9sz\u00e9ben. Pet\u00edci\u00f3t ind\u00edtott a Szoci\u00e1lis \u00c1gazatban Dolgoz\u00f3k Szakszervezete (SZ\u00c1D), mert \u00e1ll\u00e1spontjuk szerint a 2021-ben be\u00edg\u00e9rt k\u00e9t b\u00e9remel\u00e9sb\u0151l m\u00e9g egyet sem kaptak meg, sem a korm\u00e1ny\u00e9t, sem a f\u0151v\u00e1ros\u00e9t. K\u00f6ves Ferenc, a szakszervezet eln\u00f6ke Facebookon jelentette be, k\u00fcl\u00f6nb\u00f6z\u0151 akci\u00f3kkal","og:url":"https:\/\/allasorias.hu\/hirek\/elegedetlenek-a-szocialis-agazatban\/","og:image":"https:\/\/allasorias.hu\/hirek\/wp-content\/uploads\/2021\/07\/busy-businesswoman-working-home-office.jpg","og:image:secure_url":"https:\/\/allasorias.hu\/hirek\/wp-content\/uploads\/2021\/07\/busy-businesswoman-working-home-office.jpg","og:image:width":1920,"og:image:height":1280,"article:published_time":"2022-02-11T07:42:56+00:00","article:modified_time":"2022-02-11T07:42:56+00:00","article:publisher":"https:\/\/www.facebook.com\/allasorias","twitter:card":"summary_large_image","twitter:title":"El\u00e9gedetlenek a szoci\u00e1lis \u00e1gazatban | AllasOrias.hu | H\u00edrek-lapszemle","twitter:description":"A korm\u00e1nyzat 20%, a f\u0151v\u00e1ros pedig 15% b\u00e9remel\u00e9st \u00edg\u00e9rt a szoci\u00e1lis dolgoz\u00f3knak. Egyik se val\u00f3sult meg teljes eg\u00e9sz\u00e9ben. Pet\u00edci\u00f3t ind\u00edtott a Szoci\u00e1lis \u00c1gazatban Dolgoz\u00f3k Szakszervezete (SZ\u00c1D), mert \u00e1ll\u00e1spontjuk szerint a 2021-ben be\u00edg\u00e9rt k\u00e9t b\u00e9remel\u00e9sb\u0151l m\u00e9g egyet sem kaptak meg, sem a korm\u00e1ny\u00e9t, sem a f\u0151v\u00e1ros\u00e9t. K\u00f6ves Ferenc, a szakszervezet eln\u00f6ke Facebookon jelentette be, k\u00fcl\u00f6nb\u00f6z\u0151 akci\u00f3kkal","twitter:image":"https:\/\/allasorias.hu\/hirek\/wp-content\/uploads\/2021\/07\/busy-businesswoman-working-home-office.jpg","twitter:label1":"Written by","twitter:data1":"Juh\u00e1sz P\u00e9ter","twitter:label2":"Est. reading time","twitter:data2":"3 minutes"},"aioseo_meta_data":{"post_id":"5378","title":null,"description":null,"keywords":[],"keyphrases":{"focus":[],"additional":[]},"primary_term":null,"canonical_url":null,"og_title":null,"og_description":null,"og_object_type":"default","og_image_type":"default","og_image_url":null,"og_image_width":null,"og_image_height":null,"og_image_custom_url":null,"og_image_custom_fields":null,"og_video":"","og_custom_url":null,"og_article_section":null,"og_article_tags":[],"twitter_use_og":false,"twitter_card":"default","twitter_image_type":"default","twitter_image_url":null,"twitter_image_custom_url":null,"twitter_image_custom_fields":null,"twitter_title":null,"twitter_description":null,"schema":{"blockGraphs":[],"customGraphs":[],"default":{"data":{"Article":[],"Course":[],"Dataset":[],"FAQPage":[],"Movie":[],"Person":[],"Product":[],"ProductReview":[],"Car":[],"Recipe":[],"Service":[],"SoftwareApplication":[],"WebPage":[]},"graphName":"","isEnabled":true},"graphs":[],"defaultGraph":"Article","defaultPostTypeGraph":""},"schema_type":"default","schema_type_options":"{\"article\":{\"articleType\":\"BlogPosting\"},\"course\":{\"name\":\"\",\"description\":\"\",\"provider\":\"\"},\"faq\":{\"pages\":[]},\"product\":{\"reviews\":[]},\"recipe\":{\"ingredients\":[],\"instructions\":[],\"keywords\":[]},\"software\":{\"reviews\":[],\"operatingSystems\":[]},\"webPage\":{\"webPageType\":\"WebPage\"}}","pillar_content":false,"robots_default":true,"robots_noindex":false,"robots_noarchive":false,"robots_nosnippet":false,"robots_nofollow":false,"robots_noimageindex":false,"robots_noodp":false,"robots_notranslate":false,"robots_max_snippet":"-1","robots_max_videopreview":"-1","robots_max_imagepreview":"large","priority":null,"frequency":"default","location":null,"local_seo":null,"breadcrumb_settings":null,"limit_modified_date":false,"ai":null,"created":"2022-02-11 07:33:48","updated":"2025-10-02 16:46:50","seo_analyzer_scan_date":null,"focus_keyword":null,"additional_keywords":null,"truseo_locale":null},"aioseo_breadcrumb":"<div class=\"aioseo-breadcrumbs\"><span class=\"aioseo-breadcrumb\">\n\t\t\t<a href=\"https:\/\/allasorias.hu\/hirek\" title=\"Home\">Home<\/a>\n\t\t<\/span><span class=\"aioseo-breadcrumb-separator\">&raquo;<\/span><span class=\"aioseo-breadcrumb\">\n\t\t\t<a href=\"https:\/\/allasorias.hu\/hirek\/temak\/munkaeropiac\/\" title=\"Munkaer\u0151piac\">Munkaer\u0151piac<\/a>\n\t\t<\/span><span class=\"aioseo-breadcrumb-separator\">&raquo;<\/span><span class=\"aioseo-breadcrumb\">\n\t\t\tEl\u00e9gedetlenek a szoci\u00e1lis \u00e1gazatban\n\t\t<\/span><\/div>","aioseo_breadcrumb_json":[{"label":"Home","link":"https:\/\/allasorias.hu\/hirek"},{"label":"Munkaer\u0151piac","link":"https:\/\/allasorias.hu\/hirek\/temak\/munkaeropiac\/"},{"label":"El\u00e9gedetlenek a szoci\u00e1lis \u00e1gazatban","link":"https:\/\/allasorias.hu\/hirek\/elegedetlenek-a-szocialis-agazatban\/"}],"_links":{"self":[{"href":"https:\/\/allasorias.hu\/hirek\/wp-json\/wp\/v2\/posts\/5378","targetHints":{"allow":["GET"]}}],"collection":[{"href":"https:\/\/allasorias.hu\/hirek\/wp-json\/wp\/v2\/posts"}],"about":[{"href":"https:\/\/allasorias.hu\/hirek\/wp-json\/wp\/v2\/types\/post"}],"author":[{"embeddable":true,"href":"https:\/\/allasorias.hu\/hirek\/wp-json\/wp\/v2\/users\/1"}],"replies":[{"embeddable":true,"href":"https:\/\/allasorias.hu\/hirek\/wp-json\/wp\/v2\/comments?post=5378"}],"version-history":[{"count":1,"href":"https:\/\/allasorias.hu\/hirek\/wp-json\/wp\/v2\/posts\/5378\/revisions"}],"predecessor-version":[{"id":5379,"href":"https:\/\/allasorias.hu\/hirek\/wp-json\/wp\/v2\/posts\/5378\/revisions\/5379"}],"wp:featuredmedia":[{"embeddable":true,"href":"https:\/\/allasorias.hu\/hirek\/wp-json\/wp\/v2\/media\/4933"}],"wp:attachment":[{"href":"https:\/\/allasorias.hu\/hirek\/wp-json\/wp\/v2\/media?parent=5378"}],"wp:term":[{"taxonomy":"category","embeddable":true,"href":"https:\/\/allasorias.hu\/hirek\/wp-json\/wp\/v2\/categories?post=5378"},{"taxonomy":"post_tag","embeddable":true,"href":"https:\/\/allasorias.hu\/hirek\/wp-json\/wp\/v2\/tags?post=5378"}],"curies":[{"name":"wp","href":"https:\/\/api.w.org\/{rel}","templated":true}]}}