{"id":5371,"date":"2022-02-08T08:55:16","date_gmt":"2022-02-08T08:55:16","guid":{"rendered":"https:\/\/allasorias.hu\/hirek\/?p=5371"},"modified":"2022-02-08T08:55:16","modified_gmt":"2022-02-08T08:55:16","slug":"tobbet-fizetnek-a-diakmunkaert","status":"publish","type":"post","link":"https:\/\/allasorias.hu\/hirek\/tobbet-fizetnek-a-diakmunkaert\/","title":{"rendered":"T\u00f6bbet fizetnek a di\u00e1kmunk\u00e1\u00e9rt"},"content":{"rendered":"<p><strong>A napokban kapja k\u00e9zhez nagyj\u00e1b\u00f3l 300 ezer fiatal munkav\u00e1llal\u00f3 a janu\u00e1ri fizet\u00e9s\u00e9t, amelyet m\u00e1r nem terhel a 15 sz\u00e1zal\u00e9kos szem\u00e9lyi j\u00f6vedelemad\u00f3 A 25 \u00e9ven aluliak szja-mentess\u00e9ge \u00e9s a minim\u00e1lb\u00e9r emelked\u00e9se k\u00f6vetkezt\u00e9ben a di\u00e1kmunka is j\u00f3val kedvez\u0151bb\u00e9 v\u00e1lik 2022-ben, az \u00e1tlagos nett\u00f3 \u00f3rab\u00e9rek ak\u00e1r 200 forinttal is emelkedhetnek \u2013 mondja Kott Zolt\u00e1n, a MEL\u00d3-DI\u00c1K eln\u00f6k-vez\u00e9rigazgat\u00f3ja.<\/strong><\/p>\n<p>A napokban kapja k\u00e9zhez nagyj\u00e1b\u00f3l 300 ezer fiatal munkav\u00e1llal\u00f3 a janu\u00e1ri fizet\u00e9s\u00e9t, amelyet m\u00e1r nem terhel a 15 sz\u00e1zal\u00e9kos szem\u00e9lyi j\u00f6vedelemad\u00f3. A 25 \u00e9v alattiak sz\u00e1m\u00e1ra bevezetett kedvezm\u00e9ny a di\u00e1k munkav\u00e1llal\u00f3kat is \u00e9rinti, akiknek t\u00falnyom\u00f3 t\u00f6bbs\u00e9ge ebbe a koroszt\u00e1lyba tartozik. Az iskolasz\u00f6vetkezetek keret\u00e9ben v\u00e9gzett di\u00e1kmunka eset\u00e9ben a brutt\u00f3 b\u00e9reket eddig is csup\u00e1n az szja terhelte, \u00edgy a munk\u00e1t v\u00e1llal\u00f3 tanul\u00f3k nett\u00f3 b\u00e9re jelent\u0151sen emelkedhet az id\u00e9n \u2013 hangs\u00falyozza Kott Zolt\u00e1n, a MEL\u00d3-DI\u00c1K eln\u00f6k-vez\u00e9rigazgat\u00f3ja. Az iskolasz\u00f6vetkezet nemr\u00e9g lez\u00e1rult reprezentat\u00edv felm\u00e9r\u00e9se szerint a v\u00e1ltoz\u00e1sokat a di\u00e1kok is j\u00f3l fogadt\u00e1k, a megk\u00e9rdezettek 77 sz\u00e1zal\u00e9ka nyilatkozott \u00fagy, hogy \u201enagyon \u00f6r\u00fcl\u201d az szja elenged\u00e9s\u00e9nek, 40 sz\u00e1zal\u00e9kuk pedig azt mondta: sz\u00edvesebben v\u00e1llal munk\u00e1t, ha a b\u00e9r\u00e9t egy\u00e1ltal\u00e1n nem terheli ad\u00f3. A di\u00e1kokat kedvez\u0151en \u00e9rinti a minim\u00e1lb\u00e9r emel\u00e9se is, aminek eredm\u00e9nyek\u00e9nt az \u00f3rab\u00e9r m\u00e1r sehol nem lehet 1150 forintn\u00e1l kevesebb, a legal\u00e1bb k\u00f6z\u00e9pfok\u00fa v\u00e9gzetts\u00e9get ig\u00e9nyl\u0151 munk\u00e1k eset\u00e9ben pedig legal\u00e1bb 1495 forint. \u201eAz \u00e1ltalunk megk\u00e9rdezett di\u00e1kok t\u00f6bbs\u00e9ge 1150 \u00e9s 1500 forint k\u00f6z\u00f6tti \u00f3rab\u00e9r\u00e9rt m\u00e1r sz\u00edvesen v\u00e1llalna munk\u00e1t, de MEL\u00d3-DI\u00c1K partnerei sz\u00e1mos olyan lehet\u0151s\u00e9get k\u00edn\u00e1lnak, ahol az \u00f3rab\u00e9r meghaladja a garant\u00e1lt b\u00e9rminimum \u00f6sszeg\u00e9t is. A dolgozni k\u00edv\u00e1n\u00f3 tanul\u00f3k \u00edgy biztosan megtal\u00e1lj\u00e1k a sz\u00e1mukra legkedvez\u0151bbet\u201d \u2013 mondja Kott Zolt\u00e1n. A di\u00e1k munkav\u00e1llal\u00f3knak k\u00edn\u00e1lt \u00e1tlagos brutt\u00f3 \u00f3rab\u00e9rek 2021-ben a MEL\u00d3-DI\u00c1K adatai szerint a fizikai \u00e9s a hagyom\u00e1nyos irodai munkak\u00f6r\u00f6kben, valamint a vend\u00e9gl\u00e1t\u00e1s ter\u00fclet\u00e9n is brutt\u00f3 1200 \u00e9s 1300 forint k\u00f6z\u00f6tt mozogtak, az IT-ismereteket is ig\u00e9nyl\u0151 irodai munk\u00e1kn\u00e1l pedig 1700 forint f\u00f6l\u00f6tt voltak. Ezek az \u00f6sszegek az id\u00e9n m\u00e1r \u201enett\u00f3nak\u201d sz\u00e1m\u00edtanak \u00e9s a minim\u00e1lb\u00e9r-emel\u00e9s miatt v\u00e1rhat\u00f3an emelkednek is, a nett\u00f3 \u00f3rab\u00e9rek \u00edgy \u00e1tlagosan ak\u00e1r 200 forinttal is meghaladhatj\u00e1k az egy \u00e9vvel kor\u00e1bbit.<\/p>\n<p>Forr\u00e1s: piacesprofit.hu<\/p>\n","protected":false},"excerpt":{"rendered":"<p>A napokban kapja k\u00e9zhez nagyj\u00e1b\u00f3l 300 ezer fiatal munkav\u00e1llal\u00f3 a janu\u00e1ri fizet\u00e9s\u00e9t, amelyet m\u00e1r nem terhel a 15 sz\u00e1zal\u00e9kos szem\u00e9lyi j\u00f6vedelemad\u00f3 A 25 \u00e9ven aluliak szja-mentess\u00e9ge \u00e9s a minim\u00e1lb\u00e9r emelked\u00e9se k\u00f6vetkezt\u00e9ben a di\u00e1kmunka is j\u00f3val kedvez\u0151bb\u00e9 v\u00e1lik 2022-ben, az \u00e1tlagos nett\u00f3 \u00f3rab\u00e9rek ak\u00e1r 200 forinttal is emelkedhetnek \u2013 mondja Kott Zolt\u00e1n, a MEL\u00d3-DI\u00c1K eln\u00f6k-vez\u00e9rigazgat\u00f3ja. A [&hellip;]<\/p>\n","protected":false},"author":1,"featured_media":5032,"comment_status":"open","ping_status":"open","sticky":false,"template":"","format":"standard","meta":{"_monsterinsights_skip_tracking":false,"footnotes":""},"categories":[200],"tags":[],"class_list":["post-5371","post","type-post","status-publish","format-standard","has-post-thumbnail","hentry","category-munkaeropiac"],"aioseo_notices":[],"aioseo_head":"\n\t\t<!-- All in One SEO 5.0.0.1 - aioseo.com -->\n\t<meta name=\"description\" content=\"A napokban kapja k\u00e9zhez nagyj\u00e1b\u00f3l 300 ezer fiatal munkav\u00e1llal\u00f3 a janu\u00e1ri fizet\u00e9s\u00e9t, amelyet m\u00e1r nem terhel a 15 sz\u00e1zal\u00e9kos szem\u00e9lyi j\u00f6vedelemad\u00f3 A 25 \u00e9ven aluliak szja-mentess\u00e9ge \u00e9s a minim\u00e1lb\u00e9r emelked\u00e9se k\u00f6vetkezt\u00e9ben a di\u00e1kmunka is j\u00f3val kedvez\u0151bb\u00e9 v\u00e1lik 2022-ben, az \u00e1tlagos nett\u00f3 \u00f3rab\u00e9rek ak\u00e1r 200 forinttal is emelkedhetnek \u2013 mondja Kott Zolt\u00e1n, a MEL\u00d3-DI\u00c1K eln\u00f6k-vez\u00e9rigazgat\u00f3ja. A\" \/>\n\t<meta name=\"robots\" content=\"max-image-preview:large\" \/>\n\t<meta name=\"author\" content=\"Juh\u00e1sz P\u00e9ter\"\/>\n\t<link rel=\"canonical\" href=\"https:\/\/allasorias.hu\/hirek\/tobbet-fizetnek-a-diakmunkaert\/\" \/>\n\t<meta name=\"generator\" content=\"All in One SEO (AIOSEO) 5.0.0.1\" \/>\n\t\t<meta property=\"og:locale\" content=\"hu_HU\" \/>\n\t\t<meta property=\"og:site_name\" content=\"AllasOrias.hu | H\u00edrek-lapszemle | \u00dczleti h\u00edrek az \u00e1ll\u00e1s \u00e9s a munka vil\u00e1g\u00e1b\u00f3l\" \/>\n\t\t<meta property=\"og:type\" content=\"article\" \/>\n\t\t<meta property=\"og:title\" content=\"T\u00f6bbet fizetnek a di\u00e1kmunk\u00e1\u00e9rt | AllasOrias.hu | H\u00edrek-lapszemle\" \/>\n\t\t<meta property=\"og:description\" content=\"A napokban kapja k\u00e9zhez nagyj\u00e1b\u00f3l 300 ezer fiatal munkav\u00e1llal\u00f3 a janu\u00e1ri fizet\u00e9s\u00e9t, amelyet m\u00e1r nem terhel a 15 sz\u00e1zal\u00e9kos szem\u00e9lyi j\u00f6vedelemad\u00f3 A 25 \u00e9ven aluliak szja-mentess\u00e9ge \u00e9s a minim\u00e1lb\u00e9r emelked\u00e9se k\u00f6vetkezt\u00e9ben a di\u00e1kmunka is j\u00f3val kedvez\u0151bb\u00e9 v\u00e1lik 2022-ben, az \u00e1tlagos nett\u00f3 \u00f3rab\u00e9rek ak\u00e1r 200 forinttal is emelkedhetnek \u2013 mondja Kott Zolt\u00e1n, a MEL\u00d3-DI\u00c1K eln\u00f6k-vez\u00e9rigazgat\u00f3ja. A\" \/>\n\t\t<meta property=\"og:url\" content=\"https:\/\/allasorias.hu\/hirek\/tobbet-fizetnek-a-diakmunkaert\/\" \/>\n\t\t<meta property=\"og:image\" content=\"https:\/\/allasorias.hu\/hirek\/wp-content\/uploads\/2021\/09\/tn4-diakmunka8.jpg\" \/>\n\t\t<meta property=\"og:image:secure_url\" content=\"https:\/\/allasorias.hu\/hirek\/wp-content\/uploads\/2021\/09\/tn4-diakmunka8.jpg\" \/>\n\t\t<meta property=\"og:image:width\" content=\"750\" \/>\n\t\t<meta property=\"og:image:height\" content=\"501\" \/>\n\t\t<meta property=\"article:published_time\" content=\"2022-02-08T08:55:16+00:00\" \/>\n\t\t<meta property=\"article:modified_time\" content=\"2022-02-08T08:55:16+00:00\" \/>\n\t\t<meta property=\"article:publisher\" content=\"https:\/\/www.facebook.com\/allasorias\" \/>\n\t\t<meta name=\"twitter:card\" content=\"summary_large_image\" \/>\n\t\t<meta name=\"twitter:title\" content=\"T\u00f6bbet fizetnek a di\u00e1kmunk\u00e1\u00e9rt | AllasOrias.hu | H\u00edrek-lapszemle\" \/>\n\t\t<meta name=\"twitter:description\" content=\"A napokban kapja k\u00e9zhez nagyj\u00e1b\u00f3l 300 ezer fiatal munkav\u00e1llal\u00f3 a janu\u00e1ri fizet\u00e9s\u00e9t, amelyet m\u00e1r nem terhel a 15 sz\u00e1zal\u00e9kos szem\u00e9lyi j\u00f6vedelemad\u00f3 A 25 \u00e9ven aluliak szja-mentess\u00e9ge \u00e9s a minim\u00e1lb\u00e9r emelked\u00e9se k\u00f6vetkezt\u00e9ben a di\u00e1kmunka is j\u00f3val kedvez\u0151bb\u00e9 v\u00e1lik 2022-ben, az \u00e1tlagos nett\u00f3 \u00f3rab\u00e9rek ak\u00e1r 200 forinttal is emelkedhetnek \u2013 mondja Kott Zolt\u00e1n, a MEL\u00d3-DI\u00c1K eln\u00f6k-vez\u00e9rigazgat\u00f3ja. A\" \/>\n\t\t<meta name=\"twitter:image\" content=\"https:\/\/allasorias.hu\/hirek\/wp-content\/uploads\/2021\/09\/tn4-diakmunka8.jpg\" \/>\n\t\t<meta name=\"twitter:label1\" content=\"Written by\" \/>\n\t\t<meta name=\"twitter:data1\" content=\"Juh\u00e1sz P\u00e9ter\" \/>\n\t\t<meta name=\"twitter:label2\" content=\"Est. reading time\" \/>\n\t\t<meta name=\"twitter:data2\" content=\"2 minutes\" \/>\n\t\t<script type=\"application\/ld+json\" class=\"aioseo-schema\">\n\t\t\t{\"@context\":\"https:\\\/\\\/schema.org\",\"@graph\":[{\"@type\":\"Article\",\"@id\":\"https:\\\/\\\/allasorias.hu\\\/hirek\\\/tobbet-fizetnek-a-diakmunkaert\\\/#article\",\"name\":\"T\\u00f6bbet fizetnek a di\\u00e1kmunk\\u00e1\\u00e9rt | AllasOrias.hu | H\\u00edrek-lapszemle\",\"headline\":\"T\\u00f6bbet fizetnek a di\\u00e1kmunk\\u00e1\\u00e9rt\",\"author\":{\"@id\":\"https:\\\/\\\/allasorias.hu\\\/hirek\\\/author\\\/admin-allasorias\\\/#author\"},\"publisher\":{\"@id\":\"https:\\\/\\\/allasorias.hu\\\/hirek\\\/#organization\"},\"image\":{\"@type\":\"ImageObject\",\"url\":\"https:\\\/\\\/allasorias.hu\\\/hirek\\\/wp-content\\\/uploads\\\/2021\\\/09\\\/tn4-diakmunka8.jpg\",\"width\":750,\"height\":501},\"datePublished\":\"2022-02-08T08:55:16+02:00\",\"dateModified\":\"2022-02-08T08:55:16+02:00\",\"inLanguage\":\"hu-HU\",\"mainEntityOfPage\":{\"@id\":\"https:\\\/\\\/allasorias.hu\\\/hirek\\\/tobbet-fizetnek-a-diakmunkaert\\\/#webpage\"},\"isPartOf\":{\"@id\":\"https:\\\/\\\/allasorias.hu\\\/hirek\\\/tobbet-fizetnek-a-diakmunkaert\\\/#webpage\"},\"articleSection\":\"Munkaer\\u0151piac\"},{\"@type\":\"BreadcrumbList\",\"@id\":\"https:\\\/\\\/allasorias.hu\\\/hirek\\\/tobbet-fizetnek-a-diakmunkaert\\\/#breadcrumblist\",\"itemListElement\":[{\"@type\":\"ListItem\",\"@id\":\"https:\\\/\\\/allasorias.hu\\\/hirek#listItem\",\"position\":1,\"name\":\"Home\",\"item\":\"https:\\\/\\\/allasorias.hu\\\/hirek\",\"nextItem\":{\"@type\":\"ListItem\",\"@id\":\"https:\\\/\\\/allasorias.hu\\\/hirek\\\/temak\\\/munkaeropiac\\\/#listItem\",\"name\":\"Munkaer\\u0151piac\"}},{\"@type\":\"ListItem\",\"@id\":\"https:\\\/\\\/allasorias.hu\\\/hirek\\\/temak\\\/munkaeropiac\\\/#listItem\",\"position\":2,\"name\":\"Munkaer\\u0151piac\",\"item\":\"https:\\\/\\\/allasorias.hu\\\/hirek\\\/temak\\\/munkaeropiac\\\/\",\"nextItem\":{\"@type\":\"ListItem\",\"@id\":\"https:\\\/\\\/allasorias.hu\\\/hirek\\\/tobbet-fizetnek-a-diakmunkaert\\\/#listItem\",\"name\":\"T\\u00f6bbet fizetnek a di\\u00e1kmunk\\u00e1\\u00e9rt\"},\"previousItem\":{\"@type\":\"ListItem\",\"@id\":\"https:\\\/\\\/allasorias.hu\\\/hirek#listItem\",\"name\":\"Home\"}},{\"@type\":\"ListItem\",\"@id\":\"https:\\\/\\\/allasorias.hu\\\/hirek\\\/tobbet-fizetnek-a-diakmunkaert\\\/#listItem\",\"position\":3,\"name\":\"T\\u00f6bbet fizetnek a di\\u00e1kmunk\\u00e1\\u00e9rt\",\"previousItem\":{\"@type\":\"ListItem\",\"@id\":\"https:\\\/\\\/allasorias.hu\\\/hirek\\\/temak\\\/munkaeropiac\\\/#listItem\",\"name\":\"Munkaer\\u0151piac\"}}]},{\"@type\":\"Organization\",\"@id\":\"https:\\\/\\\/allasorias.hu\\\/hirek\\\/#organization\",\"name\":\"AllasOrias.hu | H\\u00edrek-lapszemle\",\"description\":\"\\u00dczleti h\\u00edrek az \\u00e1ll\\u00e1s \\u00e9s a munka vil\\u00e1g\\u00e1b\\u00f3l\",\"url\":\"https:\\\/\\\/allasorias.hu\\\/hirek\\\/\",\"logo\":{\"@type\":\"ImageObject\",\"url\":\"https:\\\/\\\/allasorias.hu\\\/hirek\\\/wp-content\\\/uploads\\\/2022\\\/10\\\/allasorias_site_facebok_logo.png\",\"@id\":\"https:\\\/\\\/allasorias.hu\\\/hirek\\\/tobbet-fizetnek-a-diakmunkaert\\\/#organizationLogo\"},\"image\":{\"@id\":\"https:\\\/\\\/allasorias.hu\\\/hirek\\\/tobbet-fizetnek-a-diakmunkaert\\\/#organizationLogo\"},\"sameAs\":[\"https:\\\/\\\/www.facebook.com\\\/allasorias\",\"https:\\\/\\\/www.linkedin.com\\\/company\\\/allasorias\"]},{\"@type\":\"Person\",\"@id\":\"https:\\\/\\\/allasorias.hu\\\/hirek\\\/author\\\/admin-allasorias\\\/#author\",\"url\":\"https:\\\/\\\/allasorias.hu\\\/hirek\\\/author\\\/admin-allasorias\\\/\",\"name\":\"Juh\\u00e1sz P\\u00e9ter\",\"image\":{\"@type\":\"ImageObject\",\"@id\":\"https:\\\/\\\/allasorias.hu\\\/hirek\\\/tobbet-fizetnek-a-diakmunkaert\\\/#authorImage\",\"url\":\"https:\\\/\\\/secure.gravatar.com\\\/avatar\\\/36e6bcb83148978b992977cb0f54d22feb0cce8a0a849a9410532bb2623ba4c6?s=96&d=mm&r=g\",\"width\":96,\"height\":96,\"caption\":\"Juh\\u00e1sz P\\u00e9ter\"}},{\"@type\":\"WebPage\",\"@id\":\"https:\\\/\\\/allasorias.hu\\\/hirek\\\/tobbet-fizetnek-a-diakmunkaert\\\/#webpage\",\"url\":\"https:\\\/\\\/allasorias.hu\\\/hirek\\\/tobbet-fizetnek-a-diakmunkaert\\\/\",\"name\":\"T\\u00f6bbet fizetnek a di\\u00e1kmunk\\u00e1\\u00e9rt | AllasOrias.hu | H\\u00edrek-lapszemle\",\"description\":\"A napokban kapja k\\u00e9zhez nagyj\\u00e1b\\u00f3l 300 ezer fiatal munkav\\u00e1llal\\u00f3 a janu\\u00e1ri fizet\\u00e9s\\u00e9t, amelyet m\\u00e1r nem terhel a 15 sz\\u00e1zal\\u00e9kos szem\\u00e9lyi j\\u00f6vedelemad\\u00f3 A 25 \\u00e9ven aluliak szja-mentess\\u00e9ge \\u00e9s a minim\\u00e1lb\\u00e9r emelked\\u00e9se k\\u00f6vetkezt\\u00e9ben a di\\u00e1kmunka is j\\u00f3val kedvez\\u0151bb\\u00e9 v\\u00e1lik 2022-ben, az \\u00e1tlagos nett\\u00f3 \\u00f3rab\\u00e9rek ak\\u00e1r 200 forinttal is emelkedhetnek \\u2013 mondja Kott Zolt\\u00e1n, a MEL\\u00d3-DI\\u00c1K eln\\u00f6k-vez\\u00e9rigazgat\\u00f3ja. A\",\"inLanguage\":\"hu-HU\",\"isPartOf\":{\"@id\":\"https:\\\/\\\/allasorias.hu\\\/hirek\\\/#website\"},\"breadcrumb\":{\"@id\":\"https:\\\/\\\/allasorias.hu\\\/hirek\\\/tobbet-fizetnek-a-diakmunkaert\\\/#breadcrumblist\"},\"author\":{\"@id\":\"https:\\\/\\\/allasorias.hu\\\/hirek\\\/author\\\/admin-allasorias\\\/#author\"},\"creator\":{\"@id\":\"https:\\\/\\\/allasorias.hu\\\/hirek\\\/author\\\/admin-allasorias\\\/#author\"},\"image\":{\"@type\":\"ImageObject\",\"url\":\"https:\\\/\\\/allasorias.hu\\\/hirek\\\/wp-content\\\/uploads\\\/2021\\\/09\\\/tn4-diakmunka8.jpg\",\"@id\":\"https:\\\/\\\/allasorias.hu\\\/hirek\\\/tobbet-fizetnek-a-diakmunkaert\\\/#mainImage\",\"width\":750,\"height\":501},\"primaryImageOfPage\":{\"@id\":\"https:\\\/\\\/allasorias.hu\\\/hirek\\\/tobbet-fizetnek-a-diakmunkaert\\\/#mainImage\"},\"datePublished\":\"2022-02-08T08:55:16+02:00\",\"dateModified\":\"2022-02-08T08:55:16+02:00\"},{\"@type\":\"WebSite\",\"@id\":\"https:\\\/\\\/allasorias.hu\\\/hirek\\\/#website\",\"url\":\"https:\\\/\\\/allasorias.hu\\\/hirek\\\/\",\"name\":\"AllasOrias.hu | H\\u00edrek-lapszemle\",\"description\":\"\\u00dczleti h\\u00edrek az \\u00e1ll\\u00e1s \\u00e9s a munka vil\\u00e1g\\u00e1b\\u00f3l\",\"inLanguage\":\"hu-HU\",\"publisher\":{\"@id\":\"https:\\\/\\\/allasorias.hu\\\/hirek\\\/#organization\"}}]}\n\t\t<\/script>\n\t\t<!-- All in One SEO -->\n\n","aioseo_head_json":{"title":"T\u00f6bbet fizetnek a di\u00e1kmunk\u00e1\u00e9rt | AllasOrias.hu | H\u00edrek-lapszemle","description":"A napokban kapja k\u00e9zhez nagyj\u00e1b\u00f3l 300 ezer fiatal munkav\u00e1llal\u00f3 a janu\u00e1ri fizet\u00e9s\u00e9t, amelyet m\u00e1r nem terhel a 15 sz\u00e1zal\u00e9kos szem\u00e9lyi j\u00f6vedelemad\u00f3 A 25 \u00e9ven aluliak szja-mentess\u00e9ge \u00e9s a minim\u00e1lb\u00e9r emelked\u00e9se k\u00f6vetkezt\u00e9ben a di\u00e1kmunka is j\u00f3val kedvez\u0151bb\u00e9 v\u00e1lik 2022-ben, az \u00e1tlagos nett\u00f3 \u00f3rab\u00e9rek ak\u00e1r 200 forinttal is emelkedhetnek \u2013 mondja Kott Zolt\u00e1n, a MEL\u00d3-DI\u00c1K eln\u00f6k-vez\u00e9rigazgat\u00f3ja. A","canonical_url":"https:\/\/allasorias.hu\/hirek\/tobbet-fizetnek-a-diakmunkaert\/","robots":"max-image-preview:large","keywords":"","webmasterTools":{"miscellaneous":""},"schema":{"@context":"https:\/\/schema.org","@graph":[{"@type":"Article","@id":"https:\/\/allasorias.hu\/hirek\/tobbet-fizetnek-a-diakmunkaert\/#article","name":"T\u00f6bbet fizetnek a di\u00e1kmunk\u00e1\u00e9rt | AllasOrias.hu | H\u00edrek-lapszemle","headline":"T\u00f6bbet fizetnek a di\u00e1kmunk\u00e1\u00e9rt","author":{"@id":"https:\/\/allasorias.hu\/hirek\/author\/admin-allasorias\/#author"},"publisher":{"@id":"https:\/\/allasorias.hu\/hirek\/#organization"},"image":{"@type":"ImageObject","url":"https:\/\/allasorias.hu\/hirek\/wp-content\/uploads\/2021\/09\/tn4-diakmunka8.jpg","width":750,"height":501},"datePublished":"2022-02-08T08:55:16+02:00","dateModified":"2022-02-08T08:55:16+02:00","inLanguage":"hu-HU","mainEntityOfPage":{"@id":"https:\/\/allasorias.hu\/hirek\/tobbet-fizetnek-a-diakmunkaert\/#webpage"},"isPartOf":{"@id":"https:\/\/allasorias.hu\/hirek\/tobbet-fizetnek-a-diakmunkaert\/#webpage"},"articleSection":"Munkaer\u0151piac"},{"@type":"BreadcrumbList","@id":"https:\/\/allasorias.hu\/hirek\/tobbet-fizetnek-a-diakmunkaert\/#breadcrumblist","itemListElement":[{"@type":"ListItem","@id":"https:\/\/allasorias.hu\/hirek#listItem","position":1,"name":"Home","item":"https:\/\/allasorias.hu\/hirek","nextItem":{"@type":"ListItem","@id":"https:\/\/allasorias.hu\/hirek\/temak\/munkaeropiac\/#listItem","name":"Munkaer\u0151piac"}},{"@type":"ListItem","@id":"https:\/\/allasorias.hu\/hirek\/temak\/munkaeropiac\/#listItem","position":2,"name":"Munkaer\u0151piac","item":"https:\/\/allasorias.hu\/hirek\/temak\/munkaeropiac\/","nextItem":{"@type":"ListItem","@id":"https:\/\/allasorias.hu\/hirek\/tobbet-fizetnek-a-diakmunkaert\/#listItem","name":"T\u00f6bbet fizetnek a di\u00e1kmunk\u00e1\u00e9rt"},"previousItem":{"@type":"ListItem","@id":"https:\/\/allasorias.hu\/hirek#listItem","name":"Home"}},{"@type":"ListItem","@id":"https:\/\/allasorias.hu\/hirek\/tobbet-fizetnek-a-diakmunkaert\/#listItem","position":3,"name":"T\u00f6bbet fizetnek a di\u00e1kmunk\u00e1\u00e9rt","previousItem":{"@type":"ListItem","@id":"https:\/\/allasorias.hu\/hirek\/temak\/munkaeropiac\/#listItem","name":"Munkaer\u0151piac"}}]},{"@type":"Organization","@id":"https:\/\/allasorias.hu\/hirek\/#organization","name":"AllasOrias.hu | H\u00edrek-lapszemle","description":"\u00dczleti h\u00edrek az \u00e1ll\u00e1s \u00e9s a munka vil\u00e1g\u00e1b\u00f3l","url":"https:\/\/allasorias.hu\/hirek\/","logo":{"@type":"ImageObject","url":"https:\/\/allasorias.hu\/hirek\/wp-content\/uploads\/2022\/10\/allasorias_site_facebok_logo.png","@id":"https:\/\/allasorias.hu\/hirek\/tobbet-fizetnek-a-diakmunkaert\/#organizationLogo"},"image":{"@id":"https:\/\/allasorias.hu\/hirek\/tobbet-fizetnek-a-diakmunkaert\/#organizationLogo"},"sameAs":["https:\/\/www.facebook.com\/allasorias","https:\/\/www.linkedin.com\/company\/allasorias"]},{"@type":"Person","@id":"https:\/\/allasorias.hu\/hirek\/author\/admin-allasorias\/#author","url":"https:\/\/allasorias.hu\/hirek\/author\/admin-allasorias\/","name":"Juh\u00e1sz P\u00e9ter","image":{"@type":"ImageObject","@id":"https:\/\/allasorias.hu\/hirek\/tobbet-fizetnek-a-diakmunkaert\/#authorImage","url":"https:\/\/secure.gravatar.com\/avatar\/36e6bcb83148978b992977cb0f54d22feb0cce8a0a849a9410532bb2623ba4c6?s=96&d=mm&r=g","width":96,"height":96,"caption":"Juh\u00e1sz P\u00e9ter"}},{"@type":"WebPage","@id":"https:\/\/allasorias.hu\/hirek\/tobbet-fizetnek-a-diakmunkaert\/#webpage","url":"https:\/\/allasorias.hu\/hirek\/tobbet-fizetnek-a-diakmunkaert\/","name":"T\u00f6bbet fizetnek a di\u00e1kmunk\u00e1\u00e9rt | AllasOrias.hu | H\u00edrek-lapszemle","description":"A napokban kapja k\u00e9zhez nagyj\u00e1b\u00f3l 300 ezer fiatal munkav\u00e1llal\u00f3 a janu\u00e1ri fizet\u00e9s\u00e9t, amelyet m\u00e1r nem terhel a 15 sz\u00e1zal\u00e9kos szem\u00e9lyi j\u00f6vedelemad\u00f3 A 25 \u00e9ven aluliak szja-mentess\u00e9ge \u00e9s a minim\u00e1lb\u00e9r emelked\u00e9se k\u00f6vetkezt\u00e9ben a di\u00e1kmunka is j\u00f3val kedvez\u0151bb\u00e9 v\u00e1lik 2022-ben, az \u00e1tlagos nett\u00f3 \u00f3rab\u00e9rek ak\u00e1r 200 forinttal is emelkedhetnek \u2013 mondja Kott Zolt\u00e1n, a MEL\u00d3-DI\u00c1K eln\u00f6k-vez\u00e9rigazgat\u00f3ja. A","inLanguage":"hu-HU","isPartOf":{"@id":"https:\/\/allasorias.hu\/hirek\/#website"},"breadcrumb":{"@id":"https:\/\/allasorias.hu\/hirek\/tobbet-fizetnek-a-diakmunkaert\/#breadcrumblist"},"author":{"@id":"https:\/\/allasorias.hu\/hirek\/author\/admin-allasorias\/#author"},"creator":{"@id":"https:\/\/allasorias.hu\/hirek\/author\/admin-allasorias\/#author"},"image":{"@type":"ImageObject","url":"https:\/\/allasorias.hu\/hirek\/wp-content\/uploads\/2021\/09\/tn4-diakmunka8.jpg","@id":"https:\/\/allasorias.hu\/hirek\/tobbet-fizetnek-a-diakmunkaert\/#mainImage","width":750,"height":501},"primaryImageOfPage":{"@id":"https:\/\/allasorias.hu\/hirek\/tobbet-fizetnek-a-diakmunkaert\/#mainImage"},"datePublished":"2022-02-08T08:55:16+02:00","dateModified":"2022-02-08T08:55:16+02:00"},{"@type":"WebSite","@id":"https:\/\/allasorias.hu\/hirek\/#website","url":"https:\/\/allasorias.hu\/hirek\/","name":"AllasOrias.hu | H\u00edrek-lapszemle","description":"\u00dczleti h\u00edrek az \u00e1ll\u00e1s \u00e9s a munka vil\u00e1g\u00e1b\u00f3l","inLanguage":"hu-HU","publisher":{"@id":"https:\/\/allasorias.hu\/hirek\/#organization"}}]},"og:locale":"hu_HU","og:site_name":"AllasOrias.hu | H\u00edrek-lapszemle | \u00dczleti h\u00edrek az \u00e1ll\u00e1s \u00e9s a munka vil\u00e1g\u00e1b\u00f3l","og:type":"article","og:title":"T\u00f6bbet fizetnek a di\u00e1kmunk\u00e1\u00e9rt | AllasOrias.hu | H\u00edrek-lapszemle","og:description":"A napokban kapja k\u00e9zhez nagyj\u00e1b\u00f3l 300 ezer fiatal munkav\u00e1llal\u00f3 a janu\u00e1ri fizet\u00e9s\u00e9t, amelyet m\u00e1r nem terhel a 15 sz\u00e1zal\u00e9kos szem\u00e9lyi j\u00f6vedelemad\u00f3 A 25 \u00e9ven aluliak szja-mentess\u00e9ge \u00e9s a minim\u00e1lb\u00e9r emelked\u00e9se k\u00f6vetkezt\u00e9ben a di\u00e1kmunka is j\u00f3val kedvez\u0151bb\u00e9 v\u00e1lik 2022-ben, az \u00e1tlagos nett\u00f3 \u00f3rab\u00e9rek ak\u00e1r 200 forinttal is emelkedhetnek \u2013 mondja Kott Zolt\u00e1n, a MEL\u00d3-DI\u00c1K eln\u00f6k-vez\u00e9rigazgat\u00f3ja. A","og:url":"https:\/\/allasorias.hu\/hirek\/tobbet-fizetnek-a-diakmunkaert\/","og:image":"https:\/\/allasorias.hu\/hirek\/wp-content\/uploads\/2021\/09\/tn4-diakmunka8.jpg","og:image:secure_url":"https:\/\/allasorias.hu\/hirek\/wp-content\/uploads\/2021\/09\/tn4-diakmunka8.jpg","og:image:width":750,"og:image:height":501,"article:published_time":"2022-02-08T08:55:16+00:00","article:modified_time":"2022-02-08T08:55:16+00:00","article:publisher":"https:\/\/www.facebook.com\/allasorias","twitter:card":"summary_large_image","twitter:title":"T\u00f6bbet fizetnek a di\u00e1kmunk\u00e1\u00e9rt | AllasOrias.hu | H\u00edrek-lapszemle","twitter:description":"A napokban kapja k\u00e9zhez nagyj\u00e1b\u00f3l 300 ezer fiatal munkav\u00e1llal\u00f3 a janu\u00e1ri fizet\u00e9s\u00e9t, amelyet m\u00e1r nem terhel a 15 sz\u00e1zal\u00e9kos szem\u00e9lyi j\u00f6vedelemad\u00f3 A 25 \u00e9ven aluliak szja-mentess\u00e9ge \u00e9s a minim\u00e1lb\u00e9r emelked\u00e9se k\u00f6vetkezt\u00e9ben a di\u00e1kmunka is j\u00f3val kedvez\u0151bb\u00e9 v\u00e1lik 2022-ben, az \u00e1tlagos nett\u00f3 \u00f3rab\u00e9rek ak\u00e1r 200 forinttal is emelkedhetnek \u2013 mondja Kott Zolt\u00e1n, a MEL\u00d3-DI\u00c1K eln\u00f6k-vez\u00e9rigazgat\u00f3ja. A","twitter:image":"https:\/\/allasorias.hu\/hirek\/wp-content\/uploads\/2021\/09\/tn4-diakmunka8.jpg","twitter:label1":"Written by","twitter:data1":"Juh\u00e1sz P\u00e9ter","twitter:label2":"Est. reading time","twitter:data2":"2 minutes"},"aioseo_meta_data":{"post_id":"5371","title":null,"description":null,"keywords":[],"keyphrases":{"focus":[],"additional":[]},"primary_term":null,"canonical_url":null,"og_title":null,"og_description":null,"og_object_type":"default","og_image_type":"default","og_image_url":null,"og_image_width":null,"og_image_height":null,"og_image_custom_url":null,"og_image_custom_fields":null,"og_video":"","og_custom_url":null,"og_article_section":null,"og_article_tags":[],"twitter_use_og":false,"twitter_card":"default","twitter_image_type":"default","twitter_image_url":null,"twitter_image_custom_url":null,"twitter_image_custom_fields":null,"twitter_title":null,"twitter_description":null,"schema":{"blockGraphs":[],"customGraphs":[],"default":{"data":{"Article":[],"Course":[],"Dataset":[],"FAQPage":[],"Movie":[],"Person":[],"Product":[],"ProductReview":[],"Car":[],"Recipe":[],"Service":[],"SoftwareApplication":[],"WebPage":[]},"graphName":"","isEnabled":true},"graphs":[],"defaultGraph":"Article","defaultPostTypeGraph":""},"schema_type":"default","schema_type_options":"{\"article\":{\"articleType\":\"BlogPosting\"},\"course\":{\"name\":\"\",\"description\":\"\",\"provider\":\"\"},\"faq\":{\"pages\":[]},\"product\":{\"reviews\":[]},\"recipe\":{\"ingredients\":[],\"instructions\":[],\"keywords\":[]},\"software\":{\"reviews\":[],\"operatingSystems\":[]},\"webPage\":{\"webPageType\":\"WebPage\"}}","pillar_content":false,"robots_default":true,"robots_noindex":false,"robots_noarchive":false,"robots_nosnippet":false,"robots_nofollow":false,"robots_noimageindex":false,"robots_noodp":false,"robots_notranslate":false,"robots_max_snippet":"-1","robots_max_videopreview":"-1","robots_max_imagepreview":"large","priority":null,"frequency":"default","location":null,"local_seo":null,"breadcrumb_settings":null,"limit_modified_date":false,"ai":null,"created":"2022-02-08 08:54:37","updated":"2025-10-02 16:46:50","seo_analyzer_scan_date":null,"focus_keyword":null,"additional_keywords":null,"truseo_locale":null},"aioseo_breadcrumb":"<div class=\"aioseo-breadcrumbs\"><span class=\"aioseo-breadcrumb\">\n\t\t\t<a href=\"https:\/\/allasorias.hu\/hirek\" title=\"Home\">Home<\/a>\n\t\t<\/span><span class=\"aioseo-breadcrumb-separator\">&raquo;<\/span><span class=\"aioseo-breadcrumb\">\n\t\t\t<a href=\"https:\/\/allasorias.hu\/hirek\/temak\/munkaeropiac\/\" title=\"Munkaer\u0151piac\">Munkaer\u0151piac<\/a>\n\t\t<\/span><span class=\"aioseo-breadcrumb-separator\">&raquo;<\/span><span class=\"aioseo-breadcrumb\">\n\t\t\tT\u00f6bbet fizetnek a di\u00e1kmunk\u00e1\u00e9rt\n\t\t<\/span><\/div>","aioseo_breadcrumb_json":[{"label":"Home","link":"https:\/\/allasorias.hu\/hirek"},{"label":"Munkaer\u0151piac","link":"https:\/\/allasorias.hu\/hirek\/temak\/munkaeropiac\/"},{"label":"T\u00f6bbet fizetnek a di\u00e1kmunk\u00e1\u00e9rt","link":"https:\/\/allasorias.hu\/hirek\/tobbet-fizetnek-a-diakmunkaert\/"}],"_links":{"self":[{"href":"https:\/\/allasorias.hu\/hirek\/wp-json\/wp\/v2\/posts\/5371","targetHints":{"allow":["GET"]}}],"collection":[{"href":"https:\/\/allasorias.hu\/hirek\/wp-json\/wp\/v2\/posts"}],"about":[{"href":"https:\/\/allasorias.hu\/hirek\/wp-json\/wp\/v2\/types\/post"}],"author":[{"embeddable":true,"href":"https:\/\/allasorias.hu\/hirek\/wp-json\/wp\/v2\/users\/1"}],"replies":[{"embeddable":true,"href":"https:\/\/allasorias.hu\/hirek\/wp-json\/wp\/v2\/comments?post=5371"}],"version-history":[{"count":1,"href":"https:\/\/allasorias.hu\/hirek\/wp-json\/wp\/v2\/posts\/5371\/revisions"}],"predecessor-version":[{"id":5372,"href":"https:\/\/allasorias.hu\/hirek\/wp-json\/wp\/v2\/posts\/5371\/revisions\/5372"}],"wp:featuredmedia":[{"embeddable":true,"href":"https:\/\/allasorias.hu\/hirek\/wp-json\/wp\/v2\/media\/5032"}],"wp:attachment":[{"href":"https:\/\/allasorias.hu\/hirek\/wp-json\/wp\/v2\/media?parent=5371"}],"wp:term":[{"taxonomy":"category","embeddable":true,"href":"https:\/\/allasorias.hu\/hirek\/wp-json\/wp\/v2\/categories?post=5371"},{"taxonomy":"post_tag","embeddable":true,"href":"https:\/\/allasorias.hu\/hirek\/wp-json\/wp\/v2\/tags?post=5371"}],"curies":[{"name":"wp","href":"https:\/\/api.w.org\/{rel}","templated":true}]}}