{"id":5366,"date":"2022-02-04T10:13:23","date_gmt":"2022-02-04T10:13:23","guid":{"rendered":"https:\/\/allasorias.hu\/hirek\/?p=5366"},"modified":"2022-12-23T08:52:17","modified_gmt":"2022-12-23T08:52:17","slug":"a-budapestiek-nagy-resze-egyetert-a-pedagogussztrajkkal","status":"publish","type":"post","link":"https:\/\/allasorias.hu\/hirek\/a-budapestiek-nagy-resze-egyetert-a-pedagogussztrajkkal\/","title":{"rendered":"A budapestiek nagy r\u00e9sze egyet\u00e9rt a pedag\u00f3gussztr\u00e1jkkal"},"content":{"rendered":"<p><strong>Min\u00e9l iskol\u00e1zottabb valaki, ann\u00e1l ink\u00e1bb szolid\u00e1ris. Sokan egyet\u00e9rtenek, m\u00e1sok nem a pedag\u00f3gusok sztr\u00e1jkj\u00e1val. A Pulzus Kutat\u00f3 reprezentat\u00edv felm\u00e9r\u00e9st k\u00e9sz\u00edtett a napi.hu sz\u00e1m\u00e1ra arr\u00f3l, hogy a magyarok egyet\u00e9rtenek-e a pedag\u00f3gusok sztr\u00e1jkj\u00e1val. A v\u00e1laszad\u00f3k 67 sz\u00e1zal\u00e9ka egyet\u00e9rt. <\/strong><\/p>\n<p>18%\u00a0 r\u00e9szben egyet\u00e9rt vele, hiszen a pedag\u00f3gusok b\u00e9re alacsony, de valamilyen m\u00e1s m\u00f3dj\u00e1t v\u00e1lasztan\u00e1 az \u00e9rdek\u00e9rv\u00e9nyes\u00edt\u00e9snek. 15% \u00fagy v\u00e1laszolt, hogy nem \u00e9rt egyet a tan\u00e1rok munkabesz\u00fcntet\u00e9s\u00e9vel, mert \u00e9pp el\u00e9g kedvezm\u00e9nyt kapnak\u00a0 a hossz\u00fa sz\u00fcnetek \u00e9s a r\u00f6vid munkanapok r\u00e9v\u00e9n. A koroszt\u00e1lyos bont\u00e1s szerint azok a legkev\u00e9sb\u00e9 toler\u00e1nsok a sztr\u00e1jkol\u00f3kkal, akiket k\u00f6zvetlen\u00fcl is legink\u00e1bb \u00e9rinthet a tan\u00e1rok munkabesz\u00fcntet\u00e9se. A 18-39 \u00e9ves koroszt\u00e1ly mind\u00f6ssze 64 sz\u00e1zal\u00e9ka \u00e9rtett egyet a sztr\u00e1jkkal, minden id\u0151sebb koroszt\u00e1lyban magasabb volt az ar\u00e1ny. A felm\u00e9r\u00e9s arra is r\u00e1mutat, hogy min\u00e9l iskol\u00e1zottabb valaki, ann\u00e1l szolid\u00e1risabb a pedag\u00f3gusokkal. Telep\u00fcl\u00e9sek tekintet\u00e9ben a f\u0151v\u00e1rosban a legmagasabb azoknak az ar\u00e1nya, akik t\u00e1mogatj\u00e1k a tan\u00e1rok munkabesz\u00fcntet\u00e9s\u00e9t, Budapesten \u00f6tb\u0151l n\u00e9gy megk\u00e9rdezett egyet\u00e9rtett a sztr\u00e1jkkal.<\/p>\n<p>Forr\u00e1s: hrportal.hu<\/p>\n","protected":false},"excerpt":{"rendered":"<p>Min\u00e9l iskol\u00e1zottabb valaki, ann\u00e1l ink\u00e1bb szolid\u00e1ris. Sokan egyet\u00e9rtenek, m\u00e1sok nem a pedag\u00f3gusok sztr\u00e1jkj\u00e1val. A Pulzus Kutat\u00f3 reprezentat\u00edv felm\u00e9r\u00e9st k\u00e9sz\u00edtett a napi.hu sz\u00e1m\u00e1ra arr\u00f3l, hogy a magyarok egyet\u00e9rtenek-e a pedag\u00f3gusok sztr\u00e1jkj\u00e1val. A v\u00e1laszad\u00f3k 67 sz\u00e1zal\u00e9ka egyet\u00e9rt. 18%\u00a0 r\u00e9szben egyet\u00e9rt vele, hiszen a pedag\u00f3gusok b\u00e9re alacsony, de valamilyen m\u00e1s m\u00f3dj\u00e1t v\u00e1lasztan\u00e1 az \u00e9rdek\u00e9rv\u00e9nyes\u00edt\u00e9snek. 15% \u00fagy v\u00e1laszolt, hogy [&hellip;]<\/p>\n","protected":false},"author":1,"featured_media":6079,"comment_status":"open","ping_status":"open","sticky":false,"template":"","format":"standard","meta":{"_monsterinsights_skip_tracking":false,"footnotes":""},"categories":[200],"tags":[],"class_list":["post-5366","post","type-post","status-publish","format-standard","has-post-thumbnail","hentry","category-munkaeropiac"],"aioseo_notices":[],"aioseo_head":"\n\t\t<!-- All in One SEO 5.0.0.1 - aioseo.com -->\n\t<meta name=\"description\" content=\"Min\u00e9l iskol\u00e1zottabb valaki, ann\u00e1l ink\u00e1bb szolid\u00e1ris. Sokan egyet\u00e9rtenek, m\u00e1sok nem a pedag\u00f3gusok sztr\u00e1jkj\u00e1val. A Pulzus Kutat\u00f3 reprezentat\u00edv felm\u00e9r\u00e9st k\u00e9sz\u00edtett a napi.hu sz\u00e1m\u00e1ra arr\u00f3l, hogy a magyarok egyet\u00e9rtenek-e a pedag\u00f3gusok sztr\u00e1jkj\u00e1val. A v\u00e1laszad\u00f3k 67 sz\u00e1zal\u00e9ka egyet\u00e9rt. 18% r\u00e9szben egyet\u00e9rt vele, hiszen a pedag\u00f3gusok b\u00e9re alacsony, de valamilyen m\u00e1s m\u00f3dj\u00e1t v\u00e1lasztan\u00e1 az \u00e9rdek\u00e9rv\u00e9nyes\u00edt\u00e9snek. 15% \u00fagy v\u00e1laszolt, hogy\" \/>\n\t<meta name=\"robots\" content=\"max-image-preview:large\" \/>\n\t<meta name=\"author\" content=\"Juh\u00e1sz P\u00e9ter\"\/>\n\t<link rel=\"canonical\" href=\"https:\/\/allasorias.hu\/hirek\/a-budapestiek-nagy-resze-egyetert-a-pedagogussztrajkkal\/\" \/>\n\t<meta name=\"generator\" content=\"All in One SEO (AIOSEO) 5.0.0.1\" \/>\n\t\t<meta property=\"og:locale\" content=\"hu_HU\" \/>\n\t\t<meta property=\"og:site_name\" content=\"AllasOrias.hu | H\u00edrek-lapszemle | \u00dczleti h\u00edrek az \u00e1ll\u00e1s \u00e9s a munka vil\u00e1g\u00e1b\u00f3l\" \/>\n\t\t<meta property=\"og:type\" content=\"article\" \/>\n\t\t<meta property=\"og:title\" content=\"A budapestiek nagy r\u00e9sze egyet\u00e9rt a pedag\u00f3gussztr\u00e1jkkal | AllasOrias.hu | H\u00edrek-lapszemle\" \/>\n\t\t<meta property=\"og:description\" content=\"Min\u00e9l iskol\u00e1zottabb valaki, ann\u00e1l ink\u00e1bb szolid\u00e1ris. Sokan egyet\u00e9rtenek, m\u00e1sok nem a pedag\u00f3gusok sztr\u00e1jkj\u00e1val. A Pulzus Kutat\u00f3 reprezentat\u00edv felm\u00e9r\u00e9st k\u00e9sz\u00edtett a napi.hu sz\u00e1m\u00e1ra arr\u00f3l, hogy a magyarok egyet\u00e9rtenek-e a pedag\u00f3gusok sztr\u00e1jkj\u00e1val. A v\u00e1laszad\u00f3k 67 sz\u00e1zal\u00e9ka egyet\u00e9rt. 18% r\u00e9szben egyet\u00e9rt vele, hiszen a pedag\u00f3gusok b\u00e9re alacsony, de valamilyen m\u00e1s m\u00f3dj\u00e1t v\u00e1lasztan\u00e1 az \u00e9rdek\u00e9rv\u00e9nyes\u00edt\u00e9snek. 15% \u00fagy v\u00e1laszolt, hogy\" \/>\n\t\t<meta property=\"og:url\" content=\"https:\/\/allasorias.hu\/hirek\/a-budapestiek-nagy-resze-egyetert-a-pedagogussztrajkkal\/\" \/>\n\t\t<meta property=\"og:image\" content=\"https:\/\/allasorias.hu\/hirek\/wp-content\/uploads\/2022\/02\/school-classroom-with-books-backpack.jpg\" \/>\n\t\t<meta property=\"og:image:secure_url\" content=\"https:\/\/allasorias.hu\/hirek\/wp-content\/uploads\/2022\/02\/school-classroom-with-books-backpack.jpg\" \/>\n\t\t<meta property=\"og:image:width\" content=\"1000\" \/>\n\t\t<meta property=\"og:image:height\" content=\"579\" \/>\n\t\t<meta property=\"article:published_time\" content=\"2022-02-04T10:13:23+00:00\" \/>\n\t\t<meta property=\"article:modified_time\" content=\"2022-12-23T08:52:17+00:00\" \/>\n\t\t<meta property=\"article:publisher\" content=\"https:\/\/www.facebook.com\/allasorias\" \/>\n\t\t<meta name=\"twitter:card\" content=\"summary_large_image\" \/>\n\t\t<meta name=\"twitter:title\" content=\"A budapestiek nagy r\u00e9sze egyet\u00e9rt a pedag\u00f3gussztr\u00e1jkkal | AllasOrias.hu | H\u00edrek-lapszemle\" \/>\n\t\t<meta name=\"twitter:description\" content=\"Min\u00e9l iskol\u00e1zottabb valaki, ann\u00e1l ink\u00e1bb szolid\u00e1ris. Sokan egyet\u00e9rtenek, m\u00e1sok nem a pedag\u00f3gusok sztr\u00e1jkj\u00e1val. A Pulzus Kutat\u00f3 reprezentat\u00edv felm\u00e9r\u00e9st k\u00e9sz\u00edtett a napi.hu sz\u00e1m\u00e1ra arr\u00f3l, hogy a magyarok egyet\u00e9rtenek-e a pedag\u00f3gusok sztr\u00e1jkj\u00e1val. A v\u00e1laszad\u00f3k 67 sz\u00e1zal\u00e9ka egyet\u00e9rt. 18% r\u00e9szben egyet\u00e9rt vele, hiszen a pedag\u00f3gusok b\u00e9re alacsony, de valamilyen m\u00e1s m\u00f3dj\u00e1t v\u00e1lasztan\u00e1 az \u00e9rdek\u00e9rv\u00e9nyes\u00edt\u00e9snek. 15% \u00fagy v\u00e1laszolt, hogy\" \/>\n\t\t<meta name=\"twitter:image\" content=\"https:\/\/allasorias.hu\/hirek\/wp-content\/uploads\/2022\/02\/school-classroom-with-books-backpack.jpg\" \/>\n\t\t<meta name=\"twitter:label1\" content=\"Written by\" \/>\n\t\t<meta name=\"twitter:data1\" content=\"Juh\u00e1sz P\u00e9ter\" \/>\n\t\t<meta name=\"twitter:label2\" content=\"Est. reading time\" \/>\n\t\t<meta name=\"twitter:data2\" content=\"1 minute\" \/>\n\t\t<script type=\"application\/ld+json\" class=\"aioseo-schema\">\n\t\t\t{\"@context\":\"https:\\\/\\\/schema.org\",\"@graph\":[{\"@type\":\"Article\",\"@id\":\"https:\\\/\\\/allasorias.hu\\\/hirek\\\/a-budapestiek-nagy-resze-egyetert-a-pedagogussztrajkkal\\\/#article\",\"name\":\"A budapestiek nagy r\\u00e9sze egyet\\u00e9rt a pedag\\u00f3gussztr\\u00e1jkkal | AllasOrias.hu | H\\u00edrek-lapszemle\",\"headline\":\"A budapestiek nagy r\\u00e9sze egyet\\u00e9rt a pedag\\u00f3gussztr\\u00e1jkkal\",\"author\":{\"@id\":\"https:\\\/\\\/allasorias.hu\\\/hirek\\\/author\\\/admin-allasorias\\\/#author\"},\"publisher\":{\"@id\":\"https:\\\/\\\/allasorias.hu\\\/hirek\\\/#organization\"},\"image\":{\"@type\":\"ImageObject\",\"url\":\"https:\\\/\\\/allasorias.hu\\\/hirek\\\/wp-content\\\/uploads\\\/2022\\\/02\\\/school-classroom-with-books-backpack.jpg\",\"width\":1000,\"height\":579},\"datePublished\":\"2022-02-04T10:13:23+02:00\",\"dateModified\":\"2022-12-23T08:52:17+02:00\",\"inLanguage\":\"hu-HU\",\"mainEntityOfPage\":{\"@id\":\"https:\\\/\\\/allasorias.hu\\\/hirek\\\/a-budapestiek-nagy-resze-egyetert-a-pedagogussztrajkkal\\\/#webpage\"},\"isPartOf\":{\"@id\":\"https:\\\/\\\/allasorias.hu\\\/hirek\\\/a-budapestiek-nagy-resze-egyetert-a-pedagogussztrajkkal\\\/#webpage\"},\"articleSection\":\"Munkaer\\u0151piac\"},{\"@type\":\"BreadcrumbList\",\"@id\":\"https:\\\/\\\/allasorias.hu\\\/hirek\\\/a-budapestiek-nagy-resze-egyetert-a-pedagogussztrajkkal\\\/#breadcrumblist\",\"itemListElement\":[{\"@type\":\"ListItem\",\"@id\":\"https:\\\/\\\/allasorias.hu\\\/hirek#listItem\",\"position\":1,\"name\":\"Home\",\"item\":\"https:\\\/\\\/allasorias.hu\\\/hirek\",\"nextItem\":{\"@type\":\"ListItem\",\"@id\":\"https:\\\/\\\/allasorias.hu\\\/hirek\\\/temak\\\/munkaeropiac\\\/#listItem\",\"name\":\"Munkaer\\u0151piac\"}},{\"@type\":\"ListItem\",\"@id\":\"https:\\\/\\\/allasorias.hu\\\/hirek\\\/temak\\\/munkaeropiac\\\/#listItem\",\"position\":2,\"name\":\"Munkaer\\u0151piac\",\"item\":\"https:\\\/\\\/allasorias.hu\\\/hirek\\\/temak\\\/munkaeropiac\\\/\",\"nextItem\":{\"@type\":\"ListItem\",\"@id\":\"https:\\\/\\\/allasorias.hu\\\/hirek\\\/a-budapestiek-nagy-resze-egyetert-a-pedagogussztrajkkal\\\/#listItem\",\"name\":\"A budapestiek nagy r\\u00e9sze egyet\\u00e9rt a pedag\\u00f3gussztr\\u00e1jkkal\"},\"previousItem\":{\"@type\":\"ListItem\",\"@id\":\"https:\\\/\\\/allasorias.hu\\\/hirek#listItem\",\"name\":\"Home\"}},{\"@type\":\"ListItem\",\"@id\":\"https:\\\/\\\/allasorias.hu\\\/hirek\\\/a-budapestiek-nagy-resze-egyetert-a-pedagogussztrajkkal\\\/#listItem\",\"position\":3,\"name\":\"A budapestiek nagy r\\u00e9sze egyet\\u00e9rt a pedag\\u00f3gussztr\\u00e1jkkal\",\"previousItem\":{\"@type\":\"ListItem\",\"@id\":\"https:\\\/\\\/allasorias.hu\\\/hirek\\\/temak\\\/munkaeropiac\\\/#listItem\",\"name\":\"Munkaer\\u0151piac\"}}]},{\"@type\":\"Organization\",\"@id\":\"https:\\\/\\\/allasorias.hu\\\/hirek\\\/#organization\",\"name\":\"AllasOrias.hu | H\\u00edrek-lapszemle\",\"description\":\"\\u00dczleti h\\u00edrek az \\u00e1ll\\u00e1s \\u00e9s a munka vil\\u00e1g\\u00e1b\\u00f3l\",\"url\":\"https:\\\/\\\/allasorias.hu\\\/hirek\\\/\",\"logo\":{\"@type\":\"ImageObject\",\"url\":\"https:\\\/\\\/allasorias.hu\\\/hirek\\\/wp-content\\\/uploads\\\/2022\\\/10\\\/allasorias_site_facebok_logo.png\",\"@id\":\"https:\\\/\\\/allasorias.hu\\\/hirek\\\/a-budapestiek-nagy-resze-egyetert-a-pedagogussztrajkkal\\\/#organizationLogo\"},\"image\":{\"@id\":\"https:\\\/\\\/allasorias.hu\\\/hirek\\\/a-budapestiek-nagy-resze-egyetert-a-pedagogussztrajkkal\\\/#organizationLogo\"},\"sameAs\":[\"https:\\\/\\\/www.facebook.com\\\/allasorias\",\"https:\\\/\\\/www.linkedin.com\\\/company\\\/allasorias\"]},{\"@type\":\"Person\",\"@id\":\"https:\\\/\\\/allasorias.hu\\\/hirek\\\/author\\\/admin-allasorias\\\/#author\",\"url\":\"https:\\\/\\\/allasorias.hu\\\/hirek\\\/author\\\/admin-allasorias\\\/\",\"name\":\"Juh\\u00e1sz P\\u00e9ter\",\"image\":{\"@type\":\"ImageObject\",\"@id\":\"https:\\\/\\\/allasorias.hu\\\/hirek\\\/a-budapestiek-nagy-resze-egyetert-a-pedagogussztrajkkal\\\/#authorImage\",\"url\":\"https:\\\/\\\/secure.gravatar.com\\\/avatar\\\/36e6bcb83148978b992977cb0f54d22feb0cce8a0a849a9410532bb2623ba4c6?s=96&d=mm&r=g\",\"width\":96,\"height\":96,\"caption\":\"Juh\\u00e1sz P\\u00e9ter\"}},{\"@type\":\"WebPage\",\"@id\":\"https:\\\/\\\/allasorias.hu\\\/hirek\\\/a-budapestiek-nagy-resze-egyetert-a-pedagogussztrajkkal\\\/#webpage\",\"url\":\"https:\\\/\\\/allasorias.hu\\\/hirek\\\/a-budapestiek-nagy-resze-egyetert-a-pedagogussztrajkkal\\\/\",\"name\":\"A budapestiek nagy r\\u00e9sze egyet\\u00e9rt a pedag\\u00f3gussztr\\u00e1jkkal | AllasOrias.hu | H\\u00edrek-lapszemle\",\"description\":\"Min\\u00e9l iskol\\u00e1zottabb valaki, ann\\u00e1l ink\\u00e1bb szolid\\u00e1ris. Sokan egyet\\u00e9rtenek, m\\u00e1sok nem a pedag\\u00f3gusok sztr\\u00e1jkj\\u00e1val. A Pulzus Kutat\\u00f3 reprezentat\\u00edv felm\\u00e9r\\u00e9st k\\u00e9sz\\u00edtett a napi.hu sz\\u00e1m\\u00e1ra arr\\u00f3l, hogy a magyarok egyet\\u00e9rtenek-e a pedag\\u00f3gusok sztr\\u00e1jkj\\u00e1val. A v\\u00e1laszad\\u00f3k 67 sz\\u00e1zal\\u00e9ka egyet\\u00e9rt. 18% r\\u00e9szben egyet\\u00e9rt vele, hiszen a pedag\\u00f3gusok b\\u00e9re alacsony, de valamilyen m\\u00e1s m\\u00f3dj\\u00e1t v\\u00e1lasztan\\u00e1 az \\u00e9rdek\\u00e9rv\\u00e9nyes\\u00edt\\u00e9snek. 15% \\u00fagy v\\u00e1laszolt, hogy\",\"inLanguage\":\"hu-HU\",\"isPartOf\":{\"@id\":\"https:\\\/\\\/allasorias.hu\\\/hirek\\\/#website\"},\"breadcrumb\":{\"@id\":\"https:\\\/\\\/allasorias.hu\\\/hirek\\\/a-budapestiek-nagy-resze-egyetert-a-pedagogussztrajkkal\\\/#breadcrumblist\"},\"author\":{\"@id\":\"https:\\\/\\\/allasorias.hu\\\/hirek\\\/author\\\/admin-allasorias\\\/#author\"},\"creator\":{\"@id\":\"https:\\\/\\\/allasorias.hu\\\/hirek\\\/author\\\/admin-allasorias\\\/#author\"},\"image\":{\"@type\":\"ImageObject\",\"url\":\"https:\\\/\\\/allasorias.hu\\\/hirek\\\/wp-content\\\/uploads\\\/2022\\\/02\\\/school-classroom-with-books-backpack.jpg\",\"@id\":\"https:\\\/\\\/allasorias.hu\\\/hirek\\\/a-budapestiek-nagy-resze-egyetert-a-pedagogussztrajkkal\\\/#mainImage\",\"width\":1000,\"height\":579},\"primaryImageOfPage\":{\"@id\":\"https:\\\/\\\/allasorias.hu\\\/hirek\\\/a-budapestiek-nagy-resze-egyetert-a-pedagogussztrajkkal\\\/#mainImage\"},\"datePublished\":\"2022-02-04T10:13:23+02:00\",\"dateModified\":\"2022-12-23T08:52:17+02:00\"},{\"@type\":\"WebSite\",\"@id\":\"https:\\\/\\\/allasorias.hu\\\/hirek\\\/#website\",\"url\":\"https:\\\/\\\/allasorias.hu\\\/hirek\\\/\",\"name\":\"AllasOrias.hu | H\\u00edrek-lapszemle\",\"description\":\"\\u00dczleti h\\u00edrek az \\u00e1ll\\u00e1s \\u00e9s a munka vil\\u00e1g\\u00e1b\\u00f3l\",\"inLanguage\":\"hu-HU\",\"publisher\":{\"@id\":\"https:\\\/\\\/allasorias.hu\\\/hirek\\\/#organization\"}}]}\n\t\t<\/script>\n\t\t<!-- All in One SEO -->\n\n","aioseo_head_json":{"title":"A budapestiek nagy r\u00e9sze egyet\u00e9rt a pedag\u00f3gussztr\u00e1jkkal | AllasOrias.hu | H\u00edrek-lapszemle","description":"Min\u00e9l iskol\u00e1zottabb valaki, ann\u00e1l ink\u00e1bb szolid\u00e1ris. Sokan egyet\u00e9rtenek, m\u00e1sok nem a pedag\u00f3gusok sztr\u00e1jkj\u00e1val. A Pulzus Kutat\u00f3 reprezentat\u00edv felm\u00e9r\u00e9st k\u00e9sz\u00edtett a napi.hu sz\u00e1m\u00e1ra arr\u00f3l, hogy a magyarok egyet\u00e9rtenek-e a pedag\u00f3gusok sztr\u00e1jkj\u00e1val. A v\u00e1laszad\u00f3k 67 sz\u00e1zal\u00e9ka egyet\u00e9rt. 18% r\u00e9szben egyet\u00e9rt vele, hiszen a pedag\u00f3gusok b\u00e9re alacsony, de valamilyen m\u00e1s m\u00f3dj\u00e1t v\u00e1lasztan\u00e1 az \u00e9rdek\u00e9rv\u00e9nyes\u00edt\u00e9snek. 15% \u00fagy v\u00e1laszolt, hogy","canonical_url":"https:\/\/allasorias.hu\/hirek\/a-budapestiek-nagy-resze-egyetert-a-pedagogussztrajkkal\/","robots":"max-image-preview:large","keywords":"","webmasterTools":{"miscellaneous":""},"schema":{"@context":"https:\/\/schema.org","@graph":[{"@type":"Article","@id":"https:\/\/allasorias.hu\/hirek\/a-budapestiek-nagy-resze-egyetert-a-pedagogussztrajkkal\/#article","name":"A budapestiek nagy r\u00e9sze egyet\u00e9rt a pedag\u00f3gussztr\u00e1jkkal | AllasOrias.hu | H\u00edrek-lapszemle","headline":"A budapestiek nagy r\u00e9sze egyet\u00e9rt a pedag\u00f3gussztr\u00e1jkkal","author":{"@id":"https:\/\/allasorias.hu\/hirek\/author\/admin-allasorias\/#author"},"publisher":{"@id":"https:\/\/allasorias.hu\/hirek\/#organization"},"image":{"@type":"ImageObject","url":"https:\/\/allasorias.hu\/hirek\/wp-content\/uploads\/2022\/02\/school-classroom-with-books-backpack.jpg","width":1000,"height":579},"datePublished":"2022-02-04T10:13:23+02:00","dateModified":"2022-12-23T08:52:17+02:00","inLanguage":"hu-HU","mainEntityOfPage":{"@id":"https:\/\/allasorias.hu\/hirek\/a-budapestiek-nagy-resze-egyetert-a-pedagogussztrajkkal\/#webpage"},"isPartOf":{"@id":"https:\/\/allasorias.hu\/hirek\/a-budapestiek-nagy-resze-egyetert-a-pedagogussztrajkkal\/#webpage"},"articleSection":"Munkaer\u0151piac"},{"@type":"BreadcrumbList","@id":"https:\/\/allasorias.hu\/hirek\/a-budapestiek-nagy-resze-egyetert-a-pedagogussztrajkkal\/#breadcrumblist","itemListElement":[{"@type":"ListItem","@id":"https:\/\/allasorias.hu\/hirek#listItem","position":1,"name":"Home","item":"https:\/\/allasorias.hu\/hirek","nextItem":{"@type":"ListItem","@id":"https:\/\/allasorias.hu\/hirek\/temak\/munkaeropiac\/#listItem","name":"Munkaer\u0151piac"}},{"@type":"ListItem","@id":"https:\/\/allasorias.hu\/hirek\/temak\/munkaeropiac\/#listItem","position":2,"name":"Munkaer\u0151piac","item":"https:\/\/allasorias.hu\/hirek\/temak\/munkaeropiac\/","nextItem":{"@type":"ListItem","@id":"https:\/\/allasorias.hu\/hirek\/a-budapestiek-nagy-resze-egyetert-a-pedagogussztrajkkal\/#listItem","name":"A budapestiek nagy r\u00e9sze egyet\u00e9rt a pedag\u00f3gussztr\u00e1jkkal"},"previousItem":{"@type":"ListItem","@id":"https:\/\/allasorias.hu\/hirek#listItem","name":"Home"}},{"@type":"ListItem","@id":"https:\/\/allasorias.hu\/hirek\/a-budapestiek-nagy-resze-egyetert-a-pedagogussztrajkkal\/#listItem","position":3,"name":"A budapestiek nagy r\u00e9sze egyet\u00e9rt a pedag\u00f3gussztr\u00e1jkkal","previousItem":{"@type":"ListItem","@id":"https:\/\/allasorias.hu\/hirek\/temak\/munkaeropiac\/#listItem","name":"Munkaer\u0151piac"}}]},{"@type":"Organization","@id":"https:\/\/allasorias.hu\/hirek\/#organization","name":"AllasOrias.hu | H\u00edrek-lapszemle","description":"\u00dczleti h\u00edrek az \u00e1ll\u00e1s \u00e9s a munka vil\u00e1g\u00e1b\u00f3l","url":"https:\/\/allasorias.hu\/hirek\/","logo":{"@type":"ImageObject","url":"https:\/\/allasorias.hu\/hirek\/wp-content\/uploads\/2022\/10\/allasorias_site_facebok_logo.png","@id":"https:\/\/allasorias.hu\/hirek\/a-budapestiek-nagy-resze-egyetert-a-pedagogussztrajkkal\/#organizationLogo"},"image":{"@id":"https:\/\/allasorias.hu\/hirek\/a-budapestiek-nagy-resze-egyetert-a-pedagogussztrajkkal\/#organizationLogo"},"sameAs":["https:\/\/www.facebook.com\/allasorias","https:\/\/www.linkedin.com\/company\/allasorias"]},{"@type":"Person","@id":"https:\/\/allasorias.hu\/hirek\/author\/admin-allasorias\/#author","url":"https:\/\/allasorias.hu\/hirek\/author\/admin-allasorias\/","name":"Juh\u00e1sz P\u00e9ter","image":{"@type":"ImageObject","@id":"https:\/\/allasorias.hu\/hirek\/a-budapestiek-nagy-resze-egyetert-a-pedagogussztrajkkal\/#authorImage","url":"https:\/\/secure.gravatar.com\/avatar\/36e6bcb83148978b992977cb0f54d22feb0cce8a0a849a9410532bb2623ba4c6?s=96&d=mm&r=g","width":96,"height":96,"caption":"Juh\u00e1sz P\u00e9ter"}},{"@type":"WebPage","@id":"https:\/\/allasorias.hu\/hirek\/a-budapestiek-nagy-resze-egyetert-a-pedagogussztrajkkal\/#webpage","url":"https:\/\/allasorias.hu\/hirek\/a-budapestiek-nagy-resze-egyetert-a-pedagogussztrajkkal\/","name":"A budapestiek nagy r\u00e9sze egyet\u00e9rt a pedag\u00f3gussztr\u00e1jkkal | AllasOrias.hu | H\u00edrek-lapszemle","description":"Min\u00e9l iskol\u00e1zottabb valaki, ann\u00e1l ink\u00e1bb szolid\u00e1ris. Sokan egyet\u00e9rtenek, m\u00e1sok nem a pedag\u00f3gusok sztr\u00e1jkj\u00e1val. A Pulzus Kutat\u00f3 reprezentat\u00edv felm\u00e9r\u00e9st k\u00e9sz\u00edtett a napi.hu sz\u00e1m\u00e1ra arr\u00f3l, hogy a magyarok egyet\u00e9rtenek-e a pedag\u00f3gusok sztr\u00e1jkj\u00e1val. A v\u00e1laszad\u00f3k 67 sz\u00e1zal\u00e9ka egyet\u00e9rt. 18% r\u00e9szben egyet\u00e9rt vele, hiszen a pedag\u00f3gusok b\u00e9re alacsony, de valamilyen m\u00e1s m\u00f3dj\u00e1t v\u00e1lasztan\u00e1 az \u00e9rdek\u00e9rv\u00e9nyes\u00edt\u00e9snek. 15% \u00fagy v\u00e1laszolt, hogy","inLanguage":"hu-HU","isPartOf":{"@id":"https:\/\/allasorias.hu\/hirek\/#website"},"breadcrumb":{"@id":"https:\/\/allasorias.hu\/hirek\/a-budapestiek-nagy-resze-egyetert-a-pedagogussztrajkkal\/#breadcrumblist"},"author":{"@id":"https:\/\/allasorias.hu\/hirek\/author\/admin-allasorias\/#author"},"creator":{"@id":"https:\/\/allasorias.hu\/hirek\/author\/admin-allasorias\/#author"},"image":{"@type":"ImageObject","url":"https:\/\/allasorias.hu\/hirek\/wp-content\/uploads\/2022\/02\/school-classroom-with-books-backpack.jpg","@id":"https:\/\/allasorias.hu\/hirek\/a-budapestiek-nagy-resze-egyetert-a-pedagogussztrajkkal\/#mainImage","width":1000,"height":579},"primaryImageOfPage":{"@id":"https:\/\/allasorias.hu\/hirek\/a-budapestiek-nagy-resze-egyetert-a-pedagogussztrajkkal\/#mainImage"},"datePublished":"2022-02-04T10:13:23+02:00","dateModified":"2022-12-23T08:52:17+02:00"},{"@type":"WebSite","@id":"https:\/\/allasorias.hu\/hirek\/#website","url":"https:\/\/allasorias.hu\/hirek\/","name":"AllasOrias.hu | H\u00edrek-lapszemle","description":"\u00dczleti h\u00edrek az \u00e1ll\u00e1s \u00e9s a munka vil\u00e1g\u00e1b\u00f3l","inLanguage":"hu-HU","publisher":{"@id":"https:\/\/allasorias.hu\/hirek\/#organization"}}]},"og:locale":"hu_HU","og:site_name":"AllasOrias.hu | H\u00edrek-lapszemle | \u00dczleti h\u00edrek az \u00e1ll\u00e1s \u00e9s a munka vil\u00e1g\u00e1b\u00f3l","og:type":"article","og:title":"A budapestiek nagy r\u00e9sze egyet\u00e9rt a pedag\u00f3gussztr\u00e1jkkal | AllasOrias.hu | H\u00edrek-lapszemle","og:description":"Min\u00e9l iskol\u00e1zottabb valaki, ann\u00e1l ink\u00e1bb szolid\u00e1ris. Sokan egyet\u00e9rtenek, m\u00e1sok nem a pedag\u00f3gusok sztr\u00e1jkj\u00e1val. A Pulzus Kutat\u00f3 reprezentat\u00edv felm\u00e9r\u00e9st k\u00e9sz\u00edtett a napi.hu sz\u00e1m\u00e1ra arr\u00f3l, hogy a magyarok egyet\u00e9rtenek-e a pedag\u00f3gusok sztr\u00e1jkj\u00e1val. A v\u00e1laszad\u00f3k 67 sz\u00e1zal\u00e9ka egyet\u00e9rt. 18% r\u00e9szben egyet\u00e9rt vele, hiszen a pedag\u00f3gusok b\u00e9re alacsony, de valamilyen m\u00e1s m\u00f3dj\u00e1t v\u00e1lasztan\u00e1 az \u00e9rdek\u00e9rv\u00e9nyes\u00edt\u00e9snek. 15% \u00fagy v\u00e1laszolt, hogy","og:url":"https:\/\/allasorias.hu\/hirek\/a-budapestiek-nagy-resze-egyetert-a-pedagogussztrajkkal\/","og:image":"https:\/\/allasorias.hu\/hirek\/wp-content\/uploads\/2022\/02\/school-classroom-with-books-backpack.jpg","og:image:secure_url":"https:\/\/allasorias.hu\/hirek\/wp-content\/uploads\/2022\/02\/school-classroom-with-books-backpack.jpg","og:image:width":1000,"og:image:height":579,"article:published_time":"2022-02-04T10:13:23+00:00","article:modified_time":"2022-12-23T08:52:17+00:00","article:publisher":"https:\/\/www.facebook.com\/allasorias","twitter:card":"summary_large_image","twitter:title":"A budapestiek nagy r\u00e9sze egyet\u00e9rt a pedag\u00f3gussztr\u00e1jkkal | AllasOrias.hu | H\u00edrek-lapszemle","twitter:description":"Min\u00e9l iskol\u00e1zottabb valaki, ann\u00e1l ink\u00e1bb szolid\u00e1ris. Sokan egyet\u00e9rtenek, m\u00e1sok nem a pedag\u00f3gusok sztr\u00e1jkj\u00e1val. A Pulzus Kutat\u00f3 reprezentat\u00edv felm\u00e9r\u00e9st k\u00e9sz\u00edtett a napi.hu sz\u00e1m\u00e1ra arr\u00f3l, hogy a magyarok egyet\u00e9rtenek-e a pedag\u00f3gusok sztr\u00e1jkj\u00e1val. A v\u00e1laszad\u00f3k 67 sz\u00e1zal\u00e9ka egyet\u00e9rt. 18% r\u00e9szben egyet\u00e9rt vele, hiszen a pedag\u00f3gusok b\u00e9re alacsony, de valamilyen m\u00e1s m\u00f3dj\u00e1t v\u00e1lasztan\u00e1 az \u00e9rdek\u00e9rv\u00e9nyes\u00edt\u00e9snek. 15% \u00fagy v\u00e1laszolt, hogy","twitter:image":"https:\/\/allasorias.hu\/hirek\/wp-content\/uploads\/2022\/02\/school-classroom-with-books-backpack.jpg","twitter:label1":"Written by","twitter:data1":"Juh\u00e1sz P\u00e9ter","twitter:label2":"Est. reading time","twitter:data2":"1 minute"},"aioseo_meta_data":{"post_id":"5366","title":null,"description":null,"keywords":[],"keyphrases":{"focus":{"keyphrase":"","score":0,"analysis":{"keyphraseInTitle":{"score":0,"maxScore":9,"error":1}}},"additional":[]},"primary_term":null,"canonical_url":null,"og_title":null,"og_description":null,"og_object_type":"default","og_image_type":"default","og_image_url":null,"og_image_width":null,"og_image_height":null,"og_image_custom_url":null,"og_image_custom_fields":null,"og_video":"","og_custom_url":null,"og_article_section":null,"og_article_tags":[],"twitter_use_og":false,"twitter_card":"default","twitter_image_type":"default","twitter_image_url":null,"twitter_image_custom_url":null,"twitter_image_custom_fields":null,"twitter_title":null,"twitter_description":null,"schema":{"blockGraphs":[],"customGraphs":[],"default":{"data":{"Article":[],"Course":[],"Dataset":[],"FAQPage":[],"Movie":[],"Person":[],"Product":[],"ProductReview":[],"Car":[],"Recipe":[],"Service":[],"SoftwareApplication":[],"WebPage":[]},"graphName":"Article","isEnabled":true},"graphs":[],"defaultGraph":"Article","defaultPostTypeGraph":""},"schema_type":"default","schema_type_options":"{\"article\":{\"articleType\":\"BlogPosting\"},\"course\":{\"name\":\"\",\"description\":\"\",\"provider\":\"\"},\"faq\":{\"pages\":[]},\"product\":{\"reviews\":[]},\"recipe\":{\"ingredients\":[],\"instructions\":[],\"keywords\":[]},\"software\":{\"reviews\":[],\"operatingSystems\":[]},\"webPage\":{\"webPageType\":\"WebPage\"}}","pillar_content":false,"robots_default":true,"robots_noindex":false,"robots_noarchive":false,"robots_nosnippet":false,"robots_nofollow":false,"robots_noimageindex":false,"robots_noodp":false,"robots_notranslate":false,"robots_max_snippet":"-1","robots_max_videopreview":"-1","robots_max_imagepreview":"large","priority":null,"frequency":"default","location":null,"local_seo":null,"breadcrumb_settings":null,"limit_modified_date":false,"ai":null,"created":"2022-02-04 10:09:45","updated":"2025-10-02 16:46:50","seo_analyzer_scan_date":null,"focus_keyword":null,"additional_keywords":null,"truseo_locale":null},"aioseo_breadcrumb":"<div class=\"aioseo-breadcrumbs\"><span class=\"aioseo-breadcrumb\">\n\t\t\t<a href=\"https:\/\/allasorias.hu\/hirek\" title=\"Home\">Home<\/a>\n\t\t<\/span><span class=\"aioseo-breadcrumb-separator\">&raquo;<\/span><span class=\"aioseo-breadcrumb\">\n\t\t\t<a href=\"https:\/\/allasorias.hu\/hirek\/temak\/munkaeropiac\/\" title=\"Munkaer\u0151piac\">Munkaer\u0151piac<\/a>\n\t\t<\/span><span class=\"aioseo-breadcrumb-separator\">&raquo;<\/span><span class=\"aioseo-breadcrumb\">\n\t\t\tA budapestiek nagy r\u00e9sze egyet\u00e9rt a pedag\u00f3gussztr\u00e1jkkal\n\t\t<\/span><\/div>","aioseo_breadcrumb_json":[{"label":"Home","link":"https:\/\/allasorias.hu\/hirek"},{"label":"Munkaer\u0151piac","link":"https:\/\/allasorias.hu\/hirek\/temak\/munkaeropiac\/"},{"label":"A budapestiek nagy r\u00e9sze egyet\u00e9rt a pedag\u00f3gussztr\u00e1jkkal","link":"https:\/\/allasorias.hu\/hirek\/a-budapestiek-nagy-resze-egyetert-a-pedagogussztrajkkal\/"}],"_links":{"self":[{"href":"https:\/\/allasorias.hu\/hirek\/wp-json\/wp\/v2\/posts\/5366","targetHints":{"allow":["GET"]}}],"collection":[{"href":"https:\/\/allasorias.hu\/hirek\/wp-json\/wp\/v2\/posts"}],"about":[{"href":"https:\/\/allasorias.hu\/hirek\/wp-json\/wp\/v2\/types\/post"}],"author":[{"embeddable":true,"href":"https:\/\/allasorias.hu\/hirek\/wp-json\/wp\/v2\/users\/1"}],"replies":[{"embeddable":true,"href":"https:\/\/allasorias.hu\/hirek\/wp-json\/wp\/v2\/comments?post=5366"}],"version-history":[{"count":1,"href":"https:\/\/allasorias.hu\/hirek\/wp-json\/wp\/v2\/posts\/5366\/revisions"}],"predecessor-version":[{"id":5368,"href":"https:\/\/allasorias.hu\/hirek\/wp-json\/wp\/v2\/posts\/5366\/revisions\/5368"}],"wp:featuredmedia":[{"embeddable":true,"href":"https:\/\/allasorias.hu\/hirek\/wp-json\/wp\/v2\/media\/6079"}],"wp:attachment":[{"href":"https:\/\/allasorias.hu\/hirek\/wp-json\/wp\/v2\/media?parent=5366"}],"wp:term":[{"taxonomy":"category","embeddable":true,"href":"https:\/\/allasorias.hu\/hirek\/wp-json\/wp\/v2\/categories?post=5366"},{"taxonomy":"post_tag","embeddable":true,"href":"https:\/\/allasorias.hu\/hirek\/wp-json\/wp\/v2\/tags?post=5366"}],"curies":[{"name":"wp","href":"https:\/\/api.w.org\/{rel}","templated":true}]}}