{"id":5364,"date":"2022-02-04T10:09:38","date_gmt":"2022-02-04T10:09:38","guid":{"rendered":"https:\/\/allasorias.hu\/hirek\/?p=5364"},"modified":"2022-02-04T10:09:38","modified_gmt":"2022-02-04T10:09:38","slug":"szukseg-lenne-a-kisgyermekes-anyak-foglalkoztatasara","status":"publish","type":"post","link":"https:\/\/allasorias.hu\/hirek\/szukseg-lenne-a-kisgyermekes-anyak-foglalkoztatasara\/","title":{"rendered":"Sz\u00fcks\u00e9g lenne a kisgyermekes any\u00e1k foglalkoztat\u00e1s\u00e1ra"},"content":{"rendered":"<p><strong>Az ut\u00f3bbi \u00e9vtized munkaer\u0151hi\u00e1nyos id\u0151szaka megtan\u00edtotta a piacot, hogy minden lehets\u00e9ges er\u0151forr\u00e1st ki kell akn\u00e1zni, azaz be kell vonni a kor\u00e1bban nagyobb es\u00e9llyel kimarad\u00f3 r\u00e9tegeket, a n\u0151ket, pl\u00e1ne az \u00e9desany\u00e1kat, a di\u00e1kokat, a nyugd\u00edjasokat \u00e9s a megv\u00e1ltozott munkak\u00e9pess\u00e9g\u0171eket is. Sz\u00fcks\u00e9g lenne a kisgyermekes any\u00e1k foglalkoztat\u00e1s\u00e1ra Magyarorsz\u00e1gon. A n\u0151k, azon bel\u00fcl is a gyermeket nevel\u0151 n\u0151k foglalkoztatotts\u00e1ga nem csak haz\u00e1nkban, de az EU minden tag\u00e1llam\u00e1ban alacsony, \u00e1m a statisztik\u00e1k szerint mi a sor v\u00e9g\u00e9n kullogunk.<\/strong><\/p>\n<p>A 2 \u00e9ven aluli gyermeket nevel\u0151 magyar any\u00e1k alig \u00f6t\u00f6de akt\u00edv a munkaer\u0151piacon, holott nagyobb sz\u00fcks\u00e9g lenne a munk\u00e1jukra, mint valaha. A statisztikai hivatal Munkaer\u0151-piaci es\u00e9lyegyenl\u0151s\u00e9g c\u00edm\u0171 t\u00e1bl\u00e1zatb\u00f3l kider\u00fcl, hogy a foglalkoztatott n\u00e9lk\u00fcli h\u00e1ztart\u00e1sokban \u00e9l\u0151k ar\u00e1nya a 18-59 \u00e9vesek k\u00f6r\u00e9ben a 2004-es 11,9 sz\u00e1zal\u00e9kr\u00f3l 2019-re 5,8 sz\u00e1zal\u00e9kra cs\u00f6kkent, az 15-64 \u00e9ves egy \u00e9vvel kor\u00e1bban nem foglalkoztatottak k\u00f6z\u00fcl a foglalkoztatottakk\u00e1 v\u00e1l\u00f3k ar\u00e1nya 9,3 sz\u00e1zal\u00e9kr\u00f3l 12,3 sz\u00e1zal\u00e9kra emelkedett. Ezen bel\u00fcl a gyermeket nem nevel\u0151 n\u0151k foglalkoztat\u00e1si r\u00e1t\u00e1ja 10 \u00e9v alatt nagyj\u00e1b\u00f3l 10 sz\u00e1zal\u00e9kponttal n\u0151tt, 2019-ben k\u00f6zel 90 sz\u00e1zal\u00e9kuk volt foglalkoztatott. Emellett a gyermekes any\u00e1k foglalkoztat\u00e1sa is emelkedett: az \u00f3vod\u00e1s kor\u00fa gyermeket nevel\u0151k k\u00f6z\u00fcl 17 sz\u00e1zal\u00e9kkal dolgoztak t\u00f6bben. De hi\u00e1ba dolgozott a 3 \u00e9v alattiakat nevel\u0151 n\u0151k 18 sz\u00e1zal\u00e9ka, ez azonban eur\u00f3pai \u00f6sszehasonl\u00edt\u00e1sban m\u00e9g mindig kiugr\u00f3an alacsony ar\u00e1nynak sz\u00e1m\u00edt. Az EU27 orsz\u00e1ga k\u00f6z\u00fcl ezzel az eredm\u00e9nnyel a lista 23. hely\u00e9n helyezkedik el haz\u00e1nk, csup\u00e1n Olaszorsz\u00e1got, G\u00f6r\u00f6gorsz\u00e1got, Spanyolorsz\u00e1got \u00e9s \u00cdrorsz\u00e1got el\u0151zz\u00fck. Mint ahogy a grafikonon is l\u00e1tszik, \u00e9vr\u0151l \u00e9vre folyamatosan emelkedik ugyan a gyermeket nevel\u0151 any\u00e1k foglalkoztat\u00e1si ar\u00e1nya, a fekete oszlopok, a 0 \u00e9s 2 \u00e9v k\u00f6z\u00f6ttieket nevel\u0151k ar\u00e1nya m\u00e9g mindig b\u0151ven 20 sz\u00e1zal\u00e9k alatt van. Nagyot n\u0151tt ugyanakkor 15 \u00e9v alatt az \u00f3vod\u00e1s kor\u00fa gyermeket nevel\u0151k foglalkoztat\u00e1si r\u00e1t\u00e1ja: 58,4 sz\u00e1zal\u00e9kr\u00f3l 75,1 sz\u00e1zal\u00e9kra \u2013 b\u00e1r m\u00e9g itt is van hov\u00e1 fejl\u0151dni. Annak, hogy egy gyermeket nevel\u0151 n\u0151 sikeresen beilleszkedjen a munkaer\u0151piacra, sz\u00e1mos akad\u00e1lyoz\u00f3 t\u00e9nyez\u0151je van. Mint ahogy arr\u00f3l a P\u00e9nzcentrum m\u00e1r kor\u00e1bban is \u00edrt a csal\u00e1di t\u00e1mogat\u00e1sokkal kapcsolatban, sz\u00e1mos kutat\u00e1sban felh\u00edvt\u00e1k a figyelmet arra, hogy a t\u00f6rv\u00e9nyhoz\u00f3k sok esetben nem sz\u00e1molnak a ter\u00fcleti egyenl\u0151tlens\u00e9gekkel, \u00e9s hogy a munk\u00e1hoz val\u00f3 hozz\u00e1f\u00e9r\u00e9s nem mindenki sz\u00e1m\u00e1ra k\u00f6nny\u0171. Gondoljunk csak egy vid\u00e9ki kistelep\u00fcl\u00e9sen \u00e9l\u0151 h\u00e1rom-, de ak\u00e1r csak k\u00e9tgyerekes any\u00e1ra, akinek a 30 kilom\u00e9terre l\u00e9v\u0151 munkahely\u00e9t csak 2 \u00e1tsz\u00e1ll\u00e1ssal tudja megk\u00f6zel\u00edteni az am\u00fagy is csak ritk\u00e1n j\u00e1r\u00f3 buszokkal. Sz\u00e1m\u00e1ra es\u00e9lytelen a munk\u00e1ba j\u00e1r\u00e1s, hiszen sem az \u00f3voda, sem a b\u00f6lcs\u0151de, sem az iskola nem \u0151rzi estig a gyerekeit. M\u00e1r ha vannak a telep\u00fcl\u00e9s\u00e9n ilyen jelleg\u0171 int\u00e9zm\u00e9nyek, j\u00f3 es\u00e9llyel persze nincsenek, vagy ott is \u00f3ri\u00e1si munkaer\u0151hi\u00e1nnyal k\u00fczdenek. A kisgyermekes any\u00e1k munkav\u00e1llal\u00e1s\u00e1nak r\u00e9szletes adatai alapj\u00e1n l\u00e1tszik, hogy a 2 \u00e9v alatti gyermeket nevel\u0151 n\u0151k d\u00f6nt\u0151 h\u00e1nyada nem dolgozik, de emellett kap valamilyen juttat\u00e1st (gyedet vagy gyest): 2019-ben az any\u00e1k 84,1 sz\u00e1zal\u00e9ka volt ebben a helyzetben. Az adatok szerint az any\u00e1k 7 sz\u00e1zal\u00e9ka dolgozik, de semmilyen juttat\u00e1st nem kap, ami az\u00e9rt meglep\u0151, mert alanyi jogon minden kisgyermeket nevel\u0151 sz\u00fcl\u0151nek j\u00e1r a gyes, mellette pedig a gyermek f\u00e9l\u00e9ves kora ut\u00e1n korl\u00e1toz\u00e1s n\u00e9lk\u00fcl lehet keres\u0151tev\u00e9kenys\u00e9get folytatni. Magyarorsz\u00e1gon minden 2 \u00e9v alatti gyermeket nevel\u0151 sz\u00fcl\u0151nek j\u00e1r vagy gyes, vagy a gyed munkav\u00e1llal\u00e1s mellett is \u2013 olvashat\u00f3 a KSH Demogr\u00e1fiai Portr\u00e9 2021 c\u00edm\u0171 kiadv\u00e1ny\u00e1ban. Magas azon n\u0151k ar\u00e1nya is, akik nem dolgoznak, \u00e9s nem r\u00e9szes\u00fclnek juttat\u00e1sban, ar\u00e1nyuk 2019-ben 3,2 sz\u00e1zal\u00e9kot tett ki. Ezek szerint a csal\u00e1dok egy r\u00e9sze nem veszi ig\u00e9nybe a nekik j\u00e1r\u00f3 juttat\u00e1sokat.<\/p>\n<p>&nbsp;<\/p>\n<p>Forr\u00e1s: penzcentrum.hu<\/p>\n","protected":false},"excerpt":{"rendered":"<p>Az ut\u00f3bbi \u00e9vtized munkaer\u0151hi\u00e1nyos id\u0151szaka megtan\u00edtotta a piacot, hogy minden lehets\u00e9ges er\u0151forr\u00e1st ki kell akn\u00e1zni, azaz be kell vonni a kor\u00e1bban nagyobb es\u00e9llyel kimarad\u00f3 r\u00e9tegeket, a n\u0151ket, pl\u00e1ne az \u00e9desany\u00e1kat, a di\u00e1kokat, a nyugd\u00edjasokat \u00e9s a megv\u00e1ltozott munkak\u00e9pess\u00e9g\u0171eket is. Sz\u00fcks\u00e9g lenne a kisgyermekes any\u00e1k foglalkoztat\u00e1s\u00e1ra Magyarorsz\u00e1gon. A n\u0151k, azon bel\u00fcl is a gyermeket nevel\u0151 n\u0151k [&hellip;]<\/p>\n","protected":false},"author":1,"featured_media":4975,"comment_status":"open","ping_status":"open","sticky":false,"template":"","format":"standard","meta":{"_monsterinsights_skip_tracking":false,"footnotes":""},"categories":[200],"tags":[],"class_list":["post-5364","post","type-post","status-publish","format-standard","has-post-thumbnail","hentry","category-munkaeropiac"],"aioseo_notices":[],"aioseo_head":"\n\t\t<!-- All in One SEO 5.0.0.1 - aioseo.com -->\n\t<meta name=\"description\" content=\"Az ut\u00f3bbi \u00e9vtized munkaer\u0151hi\u00e1nyos id\u0151szaka megtan\u00edtotta a piacot, hogy minden lehets\u00e9ges er\u0151forr\u00e1st ki kell akn\u00e1zni, azaz be kell vonni a kor\u00e1bban nagyobb es\u00e9llyel kimarad\u00f3 r\u00e9tegeket, a n\u0151ket, pl\u00e1ne az \u00e9desany\u00e1kat, a di\u00e1kokat, a nyugd\u00edjasokat \u00e9s a megv\u00e1ltozott munkak\u00e9pess\u00e9g\u0171eket is. Sz\u00fcks\u00e9g lenne a kisgyermekes any\u00e1k foglalkoztat\u00e1s\u00e1ra Magyarorsz\u00e1gon. A n\u0151k, azon bel\u00fcl is a gyermeket nevel\u0151 n\u0151k\" \/>\n\t<meta name=\"robots\" content=\"max-image-preview:large\" \/>\n\t<meta name=\"author\" content=\"Juh\u00e1sz P\u00e9ter\"\/>\n\t<link rel=\"canonical\" href=\"https:\/\/allasorias.hu\/hirek\/szukseg-lenne-a-kisgyermekes-anyak-foglalkoztatasara\/\" \/>\n\t<meta name=\"generator\" content=\"All in One SEO (AIOSEO) 5.0.0.1\" \/>\n\t\t<meta property=\"og:locale\" content=\"hu_HU\" \/>\n\t\t<meta property=\"og:site_name\" content=\"AllasOrias.hu | H\u00edrek-lapszemle | \u00dczleti h\u00edrek az \u00e1ll\u00e1s \u00e9s a munka vil\u00e1g\u00e1b\u00f3l\" \/>\n\t\t<meta property=\"og:type\" content=\"article\" \/>\n\t\t<meta property=\"og:title\" content=\"Sz\u00fcks\u00e9g lenne a kisgyermekes any\u00e1k foglalkoztat\u00e1s\u00e1ra | AllasOrias.hu | H\u00edrek-lapszemle\" \/>\n\t\t<meta property=\"og:description\" content=\"Az ut\u00f3bbi \u00e9vtized munkaer\u0151hi\u00e1nyos id\u0151szaka megtan\u00edtotta a piacot, hogy minden lehets\u00e9ges er\u0151forr\u00e1st ki kell akn\u00e1zni, azaz be kell vonni a kor\u00e1bban nagyobb es\u00e9llyel kimarad\u00f3 r\u00e9tegeket, a n\u0151ket, pl\u00e1ne az \u00e9desany\u00e1kat, a di\u00e1kokat, a nyugd\u00edjasokat \u00e9s a megv\u00e1ltozott munkak\u00e9pess\u00e9g\u0171eket is. Sz\u00fcks\u00e9g lenne a kisgyermekes any\u00e1k foglalkoztat\u00e1s\u00e1ra Magyarorsz\u00e1gon. A n\u0151k, azon bel\u00fcl is a gyermeket nevel\u0151 n\u0151k\" \/>\n\t\t<meta property=\"og:url\" content=\"https:\/\/allasorias.hu\/hirek\/szukseg-lenne-a-kisgyermekes-anyak-foglalkoztatasara\/\" \/>\n\t\t<meta property=\"og:image\" content=\"https:\/\/allasorias.hu\/hirek\/wp-content\/uploads\/2021\/08\/young-mother-playing-with-her-little-baby-bed.jpg\" \/>\n\t\t<meta property=\"og:image:secure_url\" content=\"https:\/\/allasorias.hu\/hirek\/wp-content\/uploads\/2021\/08\/young-mother-playing-with-her-little-baby-bed.jpg\" \/>\n\t\t<meta property=\"og:image:width\" content=\"1920\" \/>\n\t\t<meta property=\"og:image:height\" content=\"1280\" \/>\n\t\t<meta property=\"article:published_time\" content=\"2022-02-04T10:09:38+00:00\" \/>\n\t\t<meta property=\"article:modified_time\" content=\"2022-02-04T10:09:38+00:00\" \/>\n\t\t<meta property=\"article:publisher\" content=\"https:\/\/www.facebook.com\/allasorias\" \/>\n\t\t<meta name=\"twitter:card\" content=\"summary_large_image\" \/>\n\t\t<meta name=\"twitter:title\" content=\"Sz\u00fcks\u00e9g lenne a kisgyermekes any\u00e1k foglalkoztat\u00e1s\u00e1ra | AllasOrias.hu | H\u00edrek-lapszemle\" \/>\n\t\t<meta name=\"twitter:description\" content=\"Az ut\u00f3bbi \u00e9vtized munkaer\u0151hi\u00e1nyos id\u0151szaka megtan\u00edtotta a piacot, hogy minden lehets\u00e9ges er\u0151forr\u00e1st ki kell akn\u00e1zni, azaz be kell vonni a kor\u00e1bban nagyobb es\u00e9llyel kimarad\u00f3 r\u00e9tegeket, a n\u0151ket, pl\u00e1ne az \u00e9desany\u00e1kat, a di\u00e1kokat, a nyugd\u00edjasokat \u00e9s a megv\u00e1ltozott munkak\u00e9pess\u00e9g\u0171eket is. Sz\u00fcks\u00e9g lenne a kisgyermekes any\u00e1k foglalkoztat\u00e1s\u00e1ra Magyarorsz\u00e1gon. A n\u0151k, azon bel\u00fcl is a gyermeket nevel\u0151 n\u0151k\" \/>\n\t\t<meta name=\"twitter:image\" content=\"https:\/\/allasorias.hu\/hirek\/wp-content\/uploads\/2021\/08\/young-mother-playing-with-her-little-baby-bed.jpg\" \/>\n\t\t<meta name=\"twitter:label1\" content=\"Written by\" \/>\n\t\t<meta name=\"twitter:data1\" content=\"Juh\u00e1sz P\u00e9ter\" \/>\n\t\t<meta name=\"twitter:label2\" content=\"Est. reading time\" \/>\n\t\t<meta name=\"twitter:data2\" content=\"4 minutes\" \/>\n\t\t<script type=\"application\/ld+json\" class=\"aioseo-schema\">\n\t\t\t{\"@context\":\"https:\\\/\\\/schema.org\",\"@graph\":[{\"@type\":\"Article\",\"@id\":\"https:\\\/\\\/allasorias.hu\\\/hirek\\\/szukseg-lenne-a-kisgyermekes-anyak-foglalkoztatasara\\\/#article\",\"name\":\"Sz\\u00fcks\\u00e9g lenne a kisgyermekes any\\u00e1k foglalkoztat\\u00e1s\\u00e1ra | AllasOrias.hu | H\\u00edrek-lapszemle\",\"headline\":\"Sz\\u00fcks\\u00e9g lenne a kisgyermekes any\\u00e1k foglalkoztat\\u00e1s\\u00e1ra\",\"author\":{\"@id\":\"https:\\\/\\\/allasorias.hu\\\/hirek\\\/author\\\/admin-allasorias\\\/#author\"},\"publisher\":{\"@id\":\"https:\\\/\\\/allasorias.hu\\\/hirek\\\/#organization\"},\"image\":{\"@type\":\"ImageObject\",\"url\":\"https:\\\/\\\/allasorias.hu\\\/hirek\\\/wp-content\\\/uploads\\\/2021\\\/08\\\/young-mother-playing-with-her-little-baby-bed.jpg\",\"width\":1920,\"height\":1280,\"caption\":\"Young mother playing with her little baby on the bed - indoors\"},\"datePublished\":\"2022-02-04T10:09:38+02:00\",\"dateModified\":\"2022-02-04T10:09:38+02:00\",\"inLanguage\":\"hu-HU\",\"mainEntityOfPage\":{\"@id\":\"https:\\\/\\\/allasorias.hu\\\/hirek\\\/szukseg-lenne-a-kisgyermekes-anyak-foglalkoztatasara\\\/#webpage\"},\"isPartOf\":{\"@id\":\"https:\\\/\\\/allasorias.hu\\\/hirek\\\/szukseg-lenne-a-kisgyermekes-anyak-foglalkoztatasara\\\/#webpage\"},\"articleSection\":\"Munkaer\\u0151piac\"},{\"@type\":\"BreadcrumbList\",\"@id\":\"https:\\\/\\\/allasorias.hu\\\/hirek\\\/szukseg-lenne-a-kisgyermekes-anyak-foglalkoztatasara\\\/#breadcrumblist\",\"itemListElement\":[{\"@type\":\"ListItem\",\"@id\":\"https:\\\/\\\/allasorias.hu\\\/hirek#listItem\",\"position\":1,\"name\":\"Home\",\"item\":\"https:\\\/\\\/allasorias.hu\\\/hirek\",\"nextItem\":{\"@type\":\"ListItem\",\"@id\":\"https:\\\/\\\/allasorias.hu\\\/hirek\\\/temak\\\/munkaeropiac\\\/#listItem\",\"name\":\"Munkaer\\u0151piac\"}},{\"@type\":\"ListItem\",\"@id\":\"https:\\\/\\\/allasorias.hu\\\/hirek\\\/temak\\\/munkaeropiac\\\/#listItem\",\"position\":2,\"name\":\"Munkaer\\u0151piac\",\"item\":\"https:\\\/\\\/allasorias.hu\\\/hirek\\\/temak\\\/munkaeropiac\\\/\",\"nextItem\":{\"@type\":\"ListItem\",\"@id\":\"https:\\\/\\\/allasorias.hu\\\/hirek\\\/szukseg-lenne-a-kisgyermekes-anyak-foglalkoztatasara\\\/#listItem\",\"name\":\"Sz\\u00fcks\\u00e9g lenne a kisgyermekes any\\u00e1k foglalkoztat\\u00e1s\\u00e1ra\"},\"previousItem\":{\"@type\":\"ListItem\",\"@id\":\"https:\\\/\\\/allasorias.hu\\\/hirek#listItem\",\"name\":\"Home\"}},{\"@type\":\"ListItem\",\"@id\":\"https:\\\/\\\/allasorias.hu\\\/hirek\\\/szukseg-lenne-a-kisgyermekes-anyak-foglalkoztatasara\\\/#listItem\",\"position\":3,\"name\":\"Sz\\u00fcks\\u00e9g lenne a kisgyermekes any\\u00e1k foglalkoztat\\u00e1s\\u00e1ra\",\"previousItem\":{\"@type\":\"ListItem\",\"@id\":\"https:\\\/\\\/allasorias.hu\\\/hirek\\\/temak\\\/munkaeropiac\\\/#listItem\",\"name\":\"Munkaer\\u0151piac\"}}]},{\"@type\":\"Organization\",\"@id\":\"https:\\\/\\\/allasorias.hu\\\/hirek\\\/#organization\",\"name\":\"AllasOrias.hu | H\\u00edrek-lapszemle\",\"description\":\"\\u00dczleti h\\u00edrek az \\u00e1ll\\u00e1s \\u00e9s a munka vil\\u00e1g\\u00e1b\\u00f3l\",\"url\":\"https:\\\/\\\/allasorias.hu\\\/hirek\\\/\",\"logo\":{\"@type\":\"ImageObject\",\"url\":\"https:\\\/\\\/allasorias.hu\\\/hirek\\\/wp-content\\\/uploads\\\/2022\\\/10\\\/allasorias_site_facebok_logo.png\",\"@id\":\"https:\\\/\\\/allasorias.hu\\\/hirek\\\/szukseg-lenne-a-kisgyermekes-anyak-foglalkoztatasara\\\/#organizationLogo\"},\"image\":{\"@id\":\"https:\\\/\\\/allasorias.hu\\\/hirek\\\/szukseg-lenne-a-kisgyermekes-anyak-foglalkoztatasara\\\/#organizationLogo\"},\"sameAs\":[\"https:\\\/\\\/www.facebook.com\\\/allasorias\",\"https:\\\/\\\/www.linkedin.com\\\/company\\\/allasorias\"]},{\"@type\":\"Person\",\"@id\":\"https:\\\/\\\/allasorias.hu\\\/hirek\\\/author\\\/admin-allasorias\\\/#author\",\"url\":\"https:\\\/\\\/allasorias.hu\\\/hirek\\\/author\\\/admin-allasorias\\\/\",\"name\":\"Juh\\u00e1sz P\\u00e9ter\",\"image\":{\"@type\":\"ImageObject\",\"@id\":\"https:\\\/\\\/allasorias.hu\\\/hirek\\\/szukseg-lenne-a-kisgyermekes-anyak-foglalkoztatasara\\\/#authorImage\",\"url\":\"https:\\\/\\\/secure.gravatar.com\\\/avatar\\\/36e6bcb83148978b992977cb0f54d22feb0cce8a0a849a9410532bb2623ba4c6?s=96&d=mm&r=g\",\"width\":96,\"height\":96,\"caption\":\"Juh\\u00e1sz P\\u00e9ter\"}},{\"@type\":\"WebPage\",\"@id\":\"https:\\\/\\\/allasorias.hu\\\/hirek\\\/szukseg-lenne-a-kisgyermekes-anyak-foglalkoztatasara\\\/#webpage\",\"url\":\"https:\\\/\\\/allasorias.hu\\\/hirek\\\/szukseg-lenne-a-kisgyermekes-anyak-foglalkoztatasara\\\/\",\"name\":\"Sz\\u00fcks\\u00e9g lenne a kisgyermekes any\\u00e1k foglalkoztat\\u00e1s\\u00e1ra | AllasOrias.hu | H\\u00edrek-lapszemle\",\"description\":\"Az ut\\u00f3bbi \\u00e9vtized munkaer\\u0151hi\\u00e1nyos id\\u0151szaka megtan\\u00edtotta a piacot, hogy minden lehets\\u00e9ges er\\u0151forr\\u00e1st ki kell akn\\u00e1zni, azaz be kell vonni a kor\\u00e1bban nagyobb es\\u00e9llyel kimarad\\u00f3 r\\u00e9tegeket, a n\\u0151ket, pl\\u00e1ne az \\u00e9desany\\u00e1kat, a di\\u00e1kokat, a nyugd\\u00edjasokat \\u00e9s a megv\\u00e1ltozott munkak\\u00e9pess\\u00e9g\\u0171eket is. Sz\\u00fcks\\u00e9g lenne a kisgyermekes any\\u00e1k foglalkoztat\\u00e1s\\u00e1ra Magyarorsz\\u00e1gon. A n\\u0151k, azon bel\\u00fcl is a gyermeket nevel\\u0151 n\\u0151k\",\"inLanguage\":\"hu-HU\",\"isPartOf\":{\"@id\":\"https:\\\/\\\/allasorias.hu\\\/hirek\\\/#website\"},\"breadcrumb\":{\"@id\":\"https:\\\/\\\/allasorias.hu\\\/hirek\\\/szukseg-lenne-a-kisgyermekes-anyak-foglalkoztatasara\\\/#breadcrumblist\"},\"author\":{\"@id\":\"https:\\\/\\\/allasorias.hu\\\/hirek\\\/author\\\/admin-allasorias\\\/#author\"},\"creator\":{\"@id\":\"https:\\\/\\\/allasorias.hu\\\/hirek\\\/author\\\/admin-allasorias\\\/#author\"},\"image\":{\"@type\":\"ImageObject\",\"url\":\"https:\\\/\\\/allasorias.hu\\\/hirek\\\/wp-content\\\/uploads\\\/2021\\\/08\\\/young-mother-playing-with-her-little-baby-bed.jpg\",\"@id\":\"https:\\\/\\\/allasorias.hu\\\/hirek\\\/szukseg-lenne-a-kisgyermekes-anyak-foglalkoztatasara\\\/#mainImage\",\"width\":1920,\"height\":1280,\"caption\":\"Young mother playing with her little baby on the bed - indoors\"},\"primaryImageOfPage\":{\"@id\":\"https:\\\/\\\/allasorias.hu\\\/hirek\\\/szukseg-lenne-a-kisgyermekes-anyak-foglalkoztatasara\\\/#mainImage\"},\"datePublished\":\"2022-02-04T10:09:38+02:00\",\"dateModified\":\"2022-02-04T10:09:38+02:00\"},{\"@type\":\"WebSite\",\"@id\":\"https:\\\/\\\/allasorias.hu\\\/hirek\\\/#website\",\"url\":\"https:\\\/\\\/allasorias.hu\\\/hirek\\\/\",\"name\":\"AllasOrias.hu | H\\u00edrek-lapszemle\",\"description\":\"\\u00dczleti h\\u00edrek az \\u00e1ll\\u00e1s \\u00e9s a munka vil\\u00e1g\\u00e1b\\u00f3l\",\"inLanguage\":\"hu-HU\",\"publisher\":{\"@id\":\"https:\\\/\\\/allasorias.hu\\\/hirek\\\/#organization\"}}]}\n\t\t<\/script>\n\t\t<!-- All in One SEO -->\n\n","aioseo_head_json":{"title":"Sz\u00fcks\u00e9g lenne a kisgyermekes any\u00e1k foglalkoztat\u00e1s\u00e1ra | AllasOrias.hu | H\u00edrek-lapszemle","description":"Az ut\u00f3bbi \u00e9vtized munkaer\u0151hi\u00e1nyos id\u0151szaka megtan\u00edtotta a piacot, hogy minden lehets\u00e9ges er\u0151forr\u00e1st ki kell akn\u00e1zni, azaz be kell vonni a kor\u00e1bban nagyobb es\u00e9llyel kimarad\u00f3 r\u00e9tegeket, a n\u0151ket, pl\u00e1ne az \u00e9desany\u00e1kat, a di\u00e1kokat, a nyugd\u00edjasokat \u00e9s a megv\u00e1ltozott munkak\u00e9pess\u00e9g\u0171eket is. Sz\u00fcks\u00e9g lenne a kisgyermekes any\u00e1k foglalkoztat\u00e1s\u00e1ra Magyarorsz\u00e1gon. A n\u0151k, azon bel\u00fcl is a gyermeket nevel\u0151 n\u0151k","canonical_url":"https:\/\/allasorias.hu\/hirek\/szukseg-lenne-a-kisgyermekes-anyak-foglalkoztatasara\/","robots":"max-image-preview:large","keywords":"","webmasterTools":{"miscellaneous":""},"schema":{"@context":"https:\/\/schema.org","@graph":[{"@type":"Article","@id":"https:\/\/allasorias.hu\/hirek\/szukseg-lenne-a-kisgyermekes-anyak-foglalkoztatasara\/#article","name":"Sz\u00fcks\u00e9g lenne a kisgyermekes any\u00e1k foglalkoztat\u00e1s\u00e1ra | AllasOrias.hu | H\u00edrek-lapszemle","headline":"Sz\u00fcks\u00e9g lenne a kisgyermekes any\u00e1k foglalkoztat\u00e1s\u00e1ra","author":{"@id":"https:\/\/allasorias.hu\/hirek\/author\/admin-allasorias\/#author"},"publisher":{"@id":"https:\/\/allasorias.hu\/hirek\/#organization"},"image":{"@type":"ImageObject","url":"https:\/\/allasorias.hu\/hirek\/wp-content\/uploads\/2021\/08\/young-mother-playing-with-her-little-baby-bed.jpg","width":1920,"height":1280,"caption":"Young mother playing with her little baby on the bed - indoors"},"datePublished":"2022-02-04T10:09:38+02:00","dateModified":"2022-02-04T10:09:38+02:00","inLanguage":"hu-HU","mainEntityOfPage":{"@id":"https:\/\/allasorias.hu\/hirek\/szukseg-lenne-a-kisgyermekes-anyak-foglalkoztatasara\/#webpage"},"isPartOf":{"@id":"https:\/\/allasorias.hu\/hirek\/szukseg-lenne-a-kisgyermekes-anyak-foglalkoztatasara\/#webpage"},"articleSection":"Munkaer\u0151piac"},{"@type":"BreadcrumbList","@id":"https:\/\/allasorias.hu\/hirek\/szukseg-lenne-a-kisgyermekes-anyak-foglalkoztatasara\/#breadcrumblist","itemListElement":[{"@type":"ListItem","@id":"https:\/\/allasorias.hu\/hirek#listItem","position":1,"name":"Home","item":"https:\/\/allasorias.hu\/hirek","nextItem":{"@type":"ListItem","@id":"https:\/\/allasorias.hu\/hirek\/temak\/munkaeropiac\/#listItem","name":"Munkaer\u0151piac"}},{"@type":"ListItem","@id":"https:\/\/allasorias.hu\/hirek\/temak\/munkaeropiac\/#listItem","position":2,"name":"Munkaer\u0151piac","item":"https:\/\/allasorias.hu\/hirek\/temak\/munkaeropiac\/","nextItem":{"@type":"ListItem","@id":"https:\/\/allasorias.hu\/hirek\/szukseg-lenne-a-kisgyermekes-anyak-foglalkoztatasara\/#listItem","name":"Sz\u00fcks\u00e9g lenne a kisgyermekes any\u00e1k foglalkoztat\u00e1s\u00e1ra"},"previousItem":{"@type":"ListItem","@id":"https:\/\/allasorias.hu\/hirek#listItem","name":"Home"}},{"@type":"ListItem","@id":"https:\/\/allasorias.hu\/hirek\/szukseg-lenne-a-kisgyermekes-anyak-foglalkoztatasara\/#listItem","position":3,"name":"Sz\u00fcks\u00e9g lenne a kisgyermekes any\u00e1k foglalkoztat\u00e1s\u00e1ra","previousItem":{"@type":"ListItem","@id":"https:\/\/allasorias.hu\/hirek\/temak\/munkaeropiac\/#listItem","name":"Munkaer\u0151piac"}}]},{"@type":"Organization","@id":"https:\/\/allasorias.hu\/hirek\/#organization","name":"AllasOrias.hu | H\u00edrek-lapszemle","description":"\u00dczleti h\u00edrek az \u00e1ll\u00e1s \u00e9s a munka vil\u00e1g\u00e1b\u00f3l","url":"https:\/\/allasorias.hu\/hirek\/","logo":{"@type":"ImageObject","url":"https:\/\/allasorias.hu\/hirek\/wp-content\/uploads\/2022\/10\/allasorias_site_facebok_logo.png","@id":"https:\/\/allasorias.hu\/hirek\/szukseg-lenne-a-kisgyermekes-anyak-foglalkoztatasara\/#organizationLogo"},"image":{"@id":"https:\/\/allasorias.hu\/hirek\/szukseg-lenne-a-kisgyermekes-anyak-foglalkoztatasara\/#organizationLogo"},"sameAs":["https:\/\/www.facebook.com\/allasorias","https:\/\/www.linkedin.com\/company\/allasorias"]},{"@type":"Person","@id":"https:\/\/allasorias.hu\/hirek\/author\/admin-allasorias\/#author","url":"https:\/\/allasorias.hu\/hirek\/author\/admin-allasorias\/","name":"Juh\u00e1sz P\u00e9ter","image":{"@type":"ImageObject","@id":"https:\/\/allasorias.hu\/hirek\/szukseg-lenne-a-kisgyermekes-anyak-foglalkoztatasara\/#authorImage","url":"https:\/\/secure.gravatar.com\/avatar\/36e6bcb83148978b992977cb0f54d22feb0cce8a0a849a9410532bb2623ba4c6?s=96&d=mm&r=g","width":96,"height":96,"caption":"Juh\u00e1sz P\u00e9ter"}},{"@type":"WebPage","@id":"https:\/\/allasorias.hu\/hirek\/szukseg-lenne-a-kisgyermekes-anyak-foglalkoztatasara\/#webpage","url":"https:\/\/allasorias.hu\/hirek\/szukseg-lenne-a-kisgyermekes-anyak-foglalkoztatasara\/","name":"Sz\u00fcks\u00e9g lenne a kisgyermekes any\u00e1k foglalkoztat\u00e1s\u00e1ra | AllasOrias.hu | H\u00edrek-lapszemle","description":"Az ut\u00f3bbi \u00e9vtized munkaer\u0151hi\u00e1nyos id\u0151szaka megtan\u00edtotta a piacot, hogy minden lehets\u00e9ges er\u0151forr\u00e1st ki kell akn\u00e1zni, azaz be kell vonni a kor\u00e1bban nagyobb es\u00e9llyel kimarad\u00f3 r\u00e9tegeket, a n\u0151ket, pl\u00e1ne az \u00e9desany\u00e1kat, a di\u00e1kokat, a nyugd\u00edjasokat \u00e9s a megv\u00e1ltozott munkak\u00e9pess\u00e9g\u0171eket is. Sz\u00fcks\u00e9g lenne a kisgyermekes any\u00e1k foglalkoztat\u00e1s\u00e1ra Magyarorsz\u00e1gon. A n\u0151k, azon bel\u00fcl is a gyermeket nevel\u0151 n\u0151k","inLanguage":"hu-HU","isPartOf":{"@id":"https:\/\/allasorias.hu\/hirek\/#website"},"breadcrumb":{"@id":"https:\/\/allasorias.hu\/hirek\/szukseg-lenne-a-kisgyermekes-anyak-foglalkoztatasara\/#breadcrumblist"},"author":{"@id":"https:\/\/allasorias.hu\/hirek\/author\/admin-allasorias\/#author"},"creator":{"@id":"https:\/\/allasorias.hu\/hirek\/author\/admin-allasorias\/#author"},"image":{"@type":"ImageObject","url":"https:\/\/allasorias.hu\/hirek\/wp-content\/uploads\/2021\/08\/young-mother-playing-with-her-little-baby-bed.jpg","@id":"https:\/\/allasorias.hu\/hirek\/szukseg-lenne-a-kisgyermekes-anyak-foglalkoztatasara\/#mainImage","width":1920,"height":1280,"caption":"Young mother playing with her little baby on the bed - indoors"},"primaryImageOfPage":{"@id":"https:\/\/allasorias.hu\/hirek\/szukseg-lenne-a-kisgyermekes-anyak-foglalkoztatasara\/#mainImage"},"datePublished":"2022-02-04T10:09:38+02:00","dateModified":"2022-02-04T10:09:38+02:00"},{"@type":"WebSite","@id":"https:\/\/allasorias.hu\/hirek\/#website","url":"https:\/\/allasorias.hu\/hirek\/","name":"AllasOrias.hu | H\u00edrek-lapszemle","description":"\u00dczleti h\u00edrek az \u00e1ll\u00e1s \u00e9s a munka vil\u00e1g\u00e1b\u00f3l","inLanguage":"hu-HU","publisher":{"@id":"https:\/\/allasorias.hu\/hirek\/#organization"}}]},"og:locale":"hu_HU","og:site_name":"AllasOrias.hu | H\u00edrek-lapszemle | \u00dczleti h\u00edrek az \u00e1ll\u00e1s \u00e9s a munka vil\u00e1g\u00e1b\u00f3l","og:type":"article","og:title":"Sz\u00fcks\u00e9g lenne a kisgyermekes any\u00e1k foglalkoztat\u00e1s\u00e1ra | AllasOrias.hu | H\u00edrek-lapszemle","og:description":"Az ut\u00f3bbi \u00e9vtized munkaer\u0151hi\u00e1nyos id\u0151szaka megtan\u00edtotta a piacot, hogy minden lehets\u00e9ges er\u0151forr\u00e1st ki kell akn\u00e1zni, azaz be kell vonni a kor\u00e1bban nagyobb es\u00e9llyel kimarad\u00f3 r\u00e9tegeket, a n\u0151ket, pl\u00e1ne az \u00e9desany\u00e1kat, a di\u00e1kokat, a nyugd\u00edjasokat \u00e9s a megv\u00e1ltozott munkak\u00e9pess\u00e9g\u0171eket is. Sz\u00fcks\u00e9g lenne a kisgyermekes any\u00e1k foglalkoztat\u00e1s\u00e1ra Magyarorsz\u00e1gon. A n\u0151k, azon bel\u00fcl is a gyermeket nevel\u0151 n\u0151k","og:url":"https:\/\/allasorias.hu\/hirek\/szukseg-lenne-a-kisgyermekes-anyak-foglalkoztatasara\/","og:image":"https:\/\/allasorias.hu\/hirek\/wp-content\/uploads\/2021\/08\/young-mother-playing-with-her-little-baby-bed.jpg","og:image:secure_url":"https:\/\/allasorias.hu\/hirek\/wp-content\/uploads\/2021\/08\/young-mother-playing-with-her-little-baby-bed.jpg","og:image:width":1920,"og:image:height":1280,"article:published_time":"2022-02-04T10:09:38+00:00","article:modified_time":"2022-02-04T10:09:38+00:00","article:publisher":"https:\/\/www.facebook.com\/allasorias","twitter:card":"summary_large_image","twitter:title":"Sz\u00fcks\u00e9g lenne a kisgyermekes any\u00e1k foglalkoztat\u00e1s\u00e1ra | AllasOrias.hu | H\u00edrek-lapszemle","twitter:description":"Az ut\u00f3bbi \u00e9vtized munkaer\u0151hi\u00e1nyos id\u0151szaka megtan\u00edtotta a piacot, hogy minden lehets\u00e9ges er\u0151forr\u00e1st ki kell akn\u00e1zni, azaz be kell vonni a kor\u00e1bban nagyobb es\u00e9llyel kimarad\u00f3 r\u00e9tegeket, a n\u0151ket, pl\u00e1ne az \u00e9desany\u00e1kat, a di\u00e1kokat, a nyugd\u00edjasokat \u00e9s a megv\u00e1ltozott munkak\u00e9pess\u00e9g\u0171eket is. Sz\u00fcks\u00e9g lenne a kisgyermekes any\u00e1k foglalkoztat\u00e1s\u00e1ra Magyarorsz\u00e1gon. A n\u0151k, azon bel\u00fcl is a gyermeket nevel\u0151 n\u0151k","twitter:image":"https:\/\/allasorias.hu\/hirek\/wp-content\/uploads\/2021\/08\/young-mother-playing-with-her-little-baby-bed.jpg","twitter:label1":"Written by","twitter:data1":"Juh\u00e1sz P\u00e9ter","twitter:label2":"Est. reading time","twitter:data2":"4 minutes"},"aioseo_meta_data":{"post_id":"5364","title":null,"description":null,"keywords":[],"keyphrases":{"focus":[],"additional":[]},"primary_term":null,"canonical_url":null,"og_title":null,"og_description":null,"og_object_type":"default","og_image_type":"default","og_image_url":null,"og_image_width":null,"og_image_height":null,"og_image_custom_url":null,"og_image_custom_fields":null,"og_video":"","og_custom_url":null,"og_article_section":null,"og_article_tags":[],"twitter_use_og":false,"twitter_card":"default","twitter_image_type":"default","twitter_image_url":null,"twitter_image_custom_url":null,"twitter_image_custom_fields":null,"twitter_title":null,"twitter_description":null,"schema":{"blockGraphs":[],"customGraphs":[],"default":{"data":{"Article":[],"Course":[],"Dataset":[],"FAQPage":[],"Movie":[],"Person":[],"Product":[],"ProductReview":[],"Car":[],"Recipe":[],"Service":[],"SoftwareApplication":[],"WebPage":[]},"graphName":"","isEnabled":true},"graphs":[],"defaultGraph":"Article","defaultPostTypeGraph":""},"schema_type":"default","schema_type_options":"{\"article\":{\"articleType\":\"BlogPosting\"},\"course\":{\"name\":\"\",\"description\":\"\",\"provider\":\"\"},\"faq\":{\"pages\":[]},\"product\":{\"reviews\":[]},\"recipe\":{\"ingredients\":[],\"instructions\":[],\"keywords\":[]},\"software\":{\"reviews\":[],\"operatingSystems\":[]},\"webPage\":{\"webPageType\":\"WebPage\"}}","pillar_content":false,"robots_default":true,"robots_noindex":false,"robots_noarchive":false,"robots_nosnippet":false,"robots_nofollow":false,"robots_noimageindex":false,"robots_noodp":false,"robots_notranslate":false,"robots_max_snippet":"-1","robots_max_videopreview":"-1","robots_max_imagepreview":"large","priority":null,"frequency":"default","location":null,"local_seo":null,"breadcrumb_settings":null,"limit_modified_date":false,"ai":null,"created":"2022-02-04 10:08:58","updated":"2025-10-02 16:46:50","seo_analyzer_scan_date":null,"focus_keyword":null,"additional_keywords":null,"truseo_locale":null},"aioseo_breadcrumb":"<div class=\"aioseo-breadcrumbs\"><span class=\"aioseo-breadcrumb\">\n\t\t\t<a href=\"https:\/\/allasorias.hu\/hirek\" title=\"Home\">Home<\/a>\n\t\t<\/span><span class=\"aioseo-breadcrumb-separator\">&raquo;<\/span><span class=\"aioseo-breadcrumb\">\n\t\t\t<a href=\"https:\/\/allasorias.hu\/hirek\/temak\/munkaeropiac\/\" title=\"Munkaer\u0151piac\">Munkaer\u0151piac<\/a>\n\t\t<\/span><span class=\"aioseo-breadcrumb-separator\">&raquo;<\/span><span class=\"aioseo-breadcrumb\">\n\t\t\tSz\u00fcks\u00e9g lenne a kisgyermekes any\u00e1k foglalkoztat\u00e1s\u00e1ra\n\t\t<\/span><\/div>","aioseo_breadcrumb_json":[{"label":"Home","link":"https:\/\/allasorias.hu\/hirek"},{"label":"Munkaer\u0151piac","link":"https:\/\/allasorias.hu\/hirek\/temak\/munkaeropiac\/"},{"label":"Sz\u00fcks\u00e9g lenne a kisgyermekes any\u00e1k foglalkoztat\u00e1s\u00e1ra","link":"https:\/\/allasorias.hu\/hirek\/szukseg-lenne-a-kisgyermekes-anyak-foglalkoztatasara\/"}],"_links":{"self":[{"href":"https:\/\/allasorias.hu\/hirek\/wp-json\/wp\/v2\/posts\/5364","targetHints":{"allow":["GET"]}}],"collection":[{"href":"https:\/\/allasorias.hu\/hirek\/wp-json\/wp\/v2\/posts"}],"about":[{"href":"https:\/\/allasorias.hu\/hirek\/wp-json\/wp\/v2\/types\/post"}],"author":[{"embeddable":true,"href":"https:\/\/allasorias.hu\/hirek\/wp-json\/wp\/v2\/users\/1"}],"replies":[{"embeddable":true,"href":"https:\/\/allasorias.hu\/hirek\/wp-json\/wp\/v2\/comments?post=5364"}],"version-history":[{"count":1,"href":"https:\/\/allasorias.hu\/hirek\/wp-json\/wp\/v2\/posts\/5364\/revisions"}],"predecessor-version":[{"id":5365,"href":"https:\/\/allasorias.hu\/hirek\/wp-json\/wp\/v2\/posts\/5364\/revisions\/5365"}],"wp:featuredmedia":[{"embeddable":true,"href":"https:\/\/allasorias.hu\/hirek\/wp-json\/wp\/v2\/media\/4975"}],"wp:attachment":[{"href":"https:\/\/allasorias.hu\/hirek\/wp-json\/wp\/v2\/media?parent=5364"}],"wp:term":[{"taxonomy":"category","embeddable":true,"href":"https:\/\/allasorias.hu\/hirek\/wp-json\/wp\/v2\/categories?post=5364"},{"taxonomy":"post_tag","embeddable":true,"href":"https:\/\/allasorias.hu\/hirek\/wp-json\/wp\/v2\/tags?post=5364"}],"curies":[{"name":"wp","href":"https:\/\/api.w.org\/{rel}","templated":true}]}}