{"id":5360,"date":"2022-02-02T09:18:27","date_gmt":"2022-02-02T09:18:27","guid":{"rendered":"https:\/\/allasorias.hu\/hirek\/?p=5360"},"modified":"2022-02-02T09:18:27","modified_gmt":"2022-02-02T09:18:27","slug":"megindult-az-atrendezodes-a-foglalkozasok-kozott","status":"publish","type":"post","link":"https:\/\/allasorias.hu\/hirek\/megindult-az-atrendezodes-a-foglalkozasok-kozott\/","title":{"rendered":"Megindult az \u00e1trendez\u0151d\u00e9s a foglalkoz\u00e1sok k\u00f6z\u00f6tt"},"content":{"rendered":"<p><strong>A foglalkoztatott k\u00f6r\u00fclbel\u00fcl 315 ezer f\u0151b\u0151l 55 ezren maradtak munka n\u00e9lk\u00fcl, d\u00f6nt\u0151en (90 sz\u00e1zal\u00e9kuk) ell\u00e1t\u00e1s n\u00e9lk\u00fcl \u2013 der\u00fclt ki a Munkaer\u0151piaci t\u00fck\u00f6r leg\u00fajabb, 2020-as sz\u00e1m\u00e1b\u00f3l. Mintegy 350 ezren vesz\u00edtett\u00e9k el az \u00e1ll\u00e1sukat a 2020. m\u00e1rciusi t\u00f6megesek le\u00e9p\u00edt\u00e9sek idej\u00e9n. Az \u00e1ll\u00e1sveszt\u0151k azonban p\u00e1r h\u00f3napon bel\u00fcl ism\u00e9t munk\u00e1ba \u00e1lltak. A 2020. m\u00e1rciusi t\u00f6meges \u00e1ll\u00e1sveszt\u00e9sek ar\u00e1nyaiban a fiatal, 15\u201324 \u00e9v k\u00f6z\u00f6tti koroszt\u00e1lyt s\u00fajtott\u00e1k a legnagyobb m\u00e9rt\u00e9kben. <\/strong><\/p>\n<p>A K\u00f6zgazdas\u00e1g- \u00e9s Region\u00e1lis Tudom\u00e1nyi Kutat\u00f3k\u00f6zpont K\u00f6zgazdas\u00e1gtudom\u00e1nyi Int\u00e9zet\u00e9nek kutat\u00f3i a Nemzeti Ad\u00f3- \u00e9s V\u00e1mhivatal j\u00e1rul\u00e9kbevall\u00e1sai alapj\u00e1n vizsg\u00e1lt\u00e1k meg a koronav\u00edrus-j\u00e1rv\u00e1ny berobban\u00e1s\u00e1t k\u00f6vet\u0151 id\u0151szak munkaer\u0151piaci folyamatait. Mint \u00edrj\u00e1k, 2020 tavasz\u00e1n \u00f6sszesen 350 ezren vesztett\u00e9k el \u00e1ll\u00e1sukat, ami az el\u0151z\u0151 \u00e9v azonos id\u0151szak\u00e1hoz k\u00e9pest 135 ezer f\u0151s n\u00f6vekm\u00e9nyt jelentett, ugyanakkor a gazdas\u00e1g \u00e9s a munkaer\u0151piac alkalmazkod\u00e1s\u00e1t mutatja, hogy az \u00e1ll\u00e1sveszt\u0151k nagyj\u00e1b\u00f3l fele volt ism\u00e9t foglalkoztatott 2020 okt\u00f3ber\u00e9ben. R\u00e1ad\u00e1sul azt is hozz\u00e1teszik, hogy a j\u00e1rv\u00e1ny harmadik hull\u00e1m\u00e1ban, 2021 tavasz\u00e1n m\u00e1r semmilyen t\u00f6bbletki\u00e1raml\u00e1st nem tapasztaltak a munkaer\u0151piacon. A koroszt\u00e1lyok k\u00f6z\u00fcl sz\u00e1mszer\u0171en a legt\u00f6bb elbocs\u00e1t\u00e1s a 25 \u00e9s 54 \u00e9v k\u00f6z\u00f6ttiek k\u00f6r\u00e9ben t\u00f6rt\u00e9nt, ez a k\u00f6zel h\u00e1rommilli\u00f3s csoportban 120 ezer \u00e1ll\u00e1sveszt\u00e9st jelent, de viszonylag magas volt a 65 \u00e9v felettiek eset\u00e9ben is, de itt feltehet\u0151en a nyugd\u00edj melletti munkaviszony megsz\u0171n\u00e9s\u00e9t jelentette. Egyed\u00fcl az 55\u201364 \u00e9ves koroszt\u00e1lyban nem tapasztaltak a kutat\u00f3k kiugr\u00f3 \u00e1ll\u00e1sveszt\u00e9st. A foglalkoz\u00e1si csoportok szerinti bont\u00e1sban a legdr\u00e1maibb cs\u00f6kken\u00e9s mind az abszol\u00fat sz\u00e1mot, mind a sz\u00e1zal\u00e9kos v\u00e1ltoz\u00e1st tekintve a vend\u00e9gl\u00e1t\u00f3ipari foglalkoz\u00e1sokat (szak\u00e1cs, cukr\u00e1sz, pultos, pinc\u00e9r, vend\u00e9gl\u0151s) jellemezte: az els\u0151 hull\u00e1mban t\u00f6bb mint 18 ezer f\u0151vel, csaknem 25 sz\u00e1zal\u00e9kkal cs\u00f6kkent a l\u00e9tsz\u00e1m, \u00e9s m\u00e9g 2021 m\u00e1jus\u00e1ban is mintegy 19 sz\u00e1zal\u00e9kkal, 13 ezer f\u0151vel kevesebben dolgoztak ezekben a munkak\u00f6r\u00f6kben. Hasonl\u00f3 sz\u00e1mban, de kisebb ar\u00e1nyban cs\u00f6kkent a kereskedelmi \u00e9s egyszer\u0171 sz\u00e1ll\u00edt\u00e1si foglalkoz\u00e1sok l\u00e9tsz\u00e1ma, de a m\u00e1sodik hull\u00e1m el\u0151tti id\u0151szakra, 2020 okt\u00f3ber\u00e9re jelent\u0151sen visszapattant. Ezzel egy id\u0151ben viszont m\u00e1s foglalkoz\u00e1sok eset\u00e9n jelent\u0151s b\u0151v\u00fcl\u00e9s t\u00f6rt\u00e9nt, a legnagyobb m\u00e9rt\u00e9kben a szoftver- \u00e9s alkalmaz\u00e1sfejleszt\u0151k, a magasan k\u00e9pzett \u00fcgyint\u00e9z\u0151k, ipari m\u00e9rn\u00f6k\u00f6k, egyszer\u0171 ipari foglalkoz\u00e1s\u00faak l\u00e9tsz\u00e1ma n\u00f6vekedett. Sz\u00e9ls\u0151s\u00e9ges p\u00e1ly\u00e1t \u00edrt le az egyszer\u0171 ipari foglalkoz\u00e1sok csoportja (FEOR-k\u00f3d: 931), amelynek l\u00e9tsz\u00e1ma az els\u0151 hull\u00e1mban \u2013 a termel\u00e9si l\u00e1ncok akadoz\u00e1sa, a kereskedelem le\u00e1ll\u00e1sa miatt \u2013 mintegy 15 ezer f\u0151vel, 9 sz\u00e1zal\u00e9kkal cs\u00f6kkent, 2021 m\u00e1jus\u00e1ra azonban t\u00f6bb mint 2 sz\u00e1zal\u00e9kkal (3,6 ezerrel) t\u00f6bb ember dolgozott ebben a csoportban. A szoftverfejleszt\u0151i szakma jelent\u0151s, mintegy 7 sz\u00e1zal\u00e9kos (3 ezer f\u0151) b\u0151v\u00fcl\u00e9st k\u00f6nyvelhetett el 2021 m\u00e1jus\u00e1ra, itt a l\u00e9tsz\u00e1m m\u00e1r 2020 m\u00e1jus\u00e1t\u00f3l fokozatosan n\u00f6vekedett. Ami al\u00e1t\u00e1masztja, hogy a j\u00e1rv\u00e1ny felgyors\u00edtotta a digitaliz\u00e1ci\u00f3 fejl\u0151d\u00e9s\u00e9vel j\u00e1r\u00f3 trendet. Id\u00e9n janu\u00e1rt\u00f3l a 25 \u00e9v alatti munkav\u00e1llal\u00f3k mentes\u00fclnek az szja-fizet\u00e9s terhe al\u00f3l, ami \u00e9rezhet\u0151 b\u00e9remel\u00e9st hoz az \u00e9rintett korcsoportban. A legut\u00f3bbi sz\u00e1m\u00edt\u00e1sok szerint a minim\u00e1lb\u00e9rb\u0151l 30 ezer, a garant\u00e1lt b\u00e9rminimumb\u00f3l 39 ezer, m\u00edg az \u00e1tlagb\u00e9rb\u0151l 64 ezer forintot vihetnek haza t\u00f6bbletk\u00e9nt havonta, ugyanakkor a di\u00e1kmunka jellegzetess\u00e9ge miatt a t\u00f6bbs\u00e9gnek v\u00e1rhat\u00f3an csak p\u00e1r t\u00edzezer forinttal n\u0151 a nett\u00f3 b\u00e9re. A k\u00f6lts\u00e9gvet\u00e9snek \u00e9ves szinten 140 milli\u00e1rd forint kies\u00e9st jelent az ad\u00f3cs\u00f6kkent\u00e9s.<\/p>\n<p>Forr\u00e1s: vg.hu<\/p>\n","protected":false},"excerpt":{"rendered":"<p>A foglalkoztatott k\u00f6r\u00fclbel\u00fcl 315 ezer f\u0151b\u0151l 55 ezren maradtak munka n\u00e9lk\u00fcl, d\u00f6nt\u0151en (90 sz\u00e1zal\u00e9kuk) ell\u00e1t\u00e1s n\u00e9lk\u00fcl \u2013 der\u00fclt ki a Munkaer\u0151piaci t\u00fck\u00f6r leg\u00fajabb, 2020-as sz\u00e1m\u00e1b\u00f3l. Mintegy 350 ezren vesz\u00edtett\u00e9k el az \u00e1ll\u00e1sukat a 2020. m\u00e1rciusi t\u00f6megesek le\u00e9p\u00edt\u00e9sek idej\u00e9n. Az \u00e1ll\u00e1sveszt\u0151k azonban p\u00e1r h\u00f3napon bel\u00fcl ism\u00e9t munk\u00e1ba \u00e1lltak. A 2020. m\u00e1rciusi t\u00f6meges \u00e1ll\u00e1sveszt\u00e9sek ar\u00e1nyaiban a fiatal, [&hellip;]<\/p>\n","protected":false},"author":1,"featured_media":4637,"comment_status":"open","ping_status":"open","sticky":false,"template":"","format":"standard","meta":{"_monsterinsights_skip_tracking":false,"footnotes":""},"categories":[200],"tags":[],"class_list":["post-5360","post","type-post","status-publish","format-standard","has-post-thumbnail","hentry","category-munkaeropiac"],"aioseo_notices":[],"aioseo_head":"\n\t\t<!-- All in One SEO 5.0.0.1 - aioseo.com -->\n\t<meta name=\"description\" content=\"A foglalkoztatott k\u00f6r\u00fclbel\u00fcl 315 ezer f\u0151b\u0151l 55 ezren maradtak munka n\u00e9lk\u00fcl, d\u00f6nt\u0151en (90 sz\u00e1zal\u00e9kuk) ell\u00e1t\u00e1s n\u00e9lk\u00fcl \u2013 der\u00fclt ki a Munkaer\u0151piaci t\u00fck\u00f6r leg\u00fajabb, 2020-as sz\u00e1m\u00e1b\u00f3l. Mintegy 350 ezren vesz\u00edtett\u00e9k el az \u00e1ll\u00e1sukat a 2020. m\u00e1rciusi t\u00f6megesek le\u00e9p\u00edt\u00e9sek idej\u00e9n. Az \u00e1ll\u00e1sveszt\u0151k azonban p\u00e1r h\u00f3napon bel\u00fcl ism\u00e9t munk\u00e1ba \u00e1lltak. A 2020. m\u00e1rciusi t\u00f6meges \u00e1ll\u00e1sveszt\u00e9sek ar\u00e1nyaiban a fiatal,\" \/>\n\t<meta name=\"robots\" content=\"max-image-preview:large\" \/>\n\t<meta name=\"author\" content=\"Juh\u00e1sz P\u00e9ter\"\/>\n\t<link rel=\"canonical\" href=\"https:\/\/allasorias.hu\/hirek\/megindult-az-atrendezodes-a-foglalkozasok-kozott\/\" \/>\n\t<meta name=\"generator\" content=\"All in One SEO (AIOSEO) 5.0.0.1\" \/>\n\t\t<meta property=\"og:locale\" content=\"hu_HU\" \/>\n\t\t<meta property=\"og:site_name\" content=\"AllasOrias.hu | H\u00edrek-lapszemle | \u00dczleti h\u00edrek az \u00e1ll\u00e1s \u00e9s a munka vil\u00e1g\u00e1b\u00f3l\" \/>\n\t\t<meta property=\"og:type\" content=\"article\" \/>\n\t\t<meta property=\"og:title\" content=\"Megindult az \u00e1trendez\u0151d\u00e9s a foglalkoz\u00e1sok k\u00f6z\u00f6tt | AllasOrias.hu | H\u00edrek-lapszemle\" \/>\n\t\t<meta property=\"og:description\" content=\"A foglalkoztatott k\u00f6r\u00fclbel\u00fcl 315 ezer f\u0151b\u0151l 55 ezren maradtak munka n\u00e9lk\u00fcl, d\u00f6nt\u0151en (90 sz\u00e1zal\u00e9kuk) ell\u00e1t\u00e1s n\u00e9lk\u00fcl \u2013 der\u00fclt ki a Munkaer\u0151piaci t\u00fck\u00f6r leg\u00fajabb, 2020-as sz\u00e1m\u00e1b\u00f3l. Mintegy 350 ezren vesz\u00edtett\u00e9k el az \u00e1ll\u00e1sukat a 2020. m\u00e1rciusi t\u00f6megesek le\u00e9p\u00edt\u00e9sek idej\u00e9n. Az \u00e1ll\u00e1sveszt\u0151k azonban p\u00e1r h\u00f3napon bel\u00fcl ism\u00e9t munk\u00e1ba \u00e1lltak. A 2020. m\u00e1rciusi t\u00f6meges \u00e1ll\u00e1sveszt\u00e9sek ar\u00e1nyaiban a fiatal,\" \/>\n\t\t<meta property=\"og:url\" content=\"https:\/\/allasorias.hu\/hirek\/megindult-az-atrendezodes-a-foglalkozasok-kozott\/\" \/>\n\t\t<meta property=\"og:image\" content=\"https:\/\/allasorias.hu\/hirek\/wp-content\/uploads\/2021\/03\/businessman-drawing-circle-select-group-people-standing-out-crowd.jpg\" \/>\n\t\t<meta property=\"og:image:secure_url\" content=\"https:\/\/allasorias.hu\/hirek\/wp-content\/uploads\/2021\/03\/businessman-drawing-circle-select-group-people-standing-out-crowd.jpg\" \/>\n\t\t<meta property=\"og:image:width\" content=\"1920\" \/>\n\t\t<meta property=\"og:image:height\" content=\"1001\" \/>\n\t\t<meta property=\"article:published_time\" content=\"2022-02-02T09:18:27+00:00\" \/>\n\t\t<meta property=\"article:modified_time\" content=\"2022-02-02T09:18:27+00:00\" \/>\n\t\t<meta property=\"article:publisher\" content=\"https:\/\/www.facebook.com\/allasorias\" \/>\n\t\t<meta name=\"twitter:card\" content=\"summary_large_image\" \/>\n\t\t<meta name=\"twitter:title\" content=\"Megindult az \u00e1trendez\u0151d\u00e9s a foglalkoz\u00e1sok k\u00f6z\u00f6tt | AllasOrias.hu | H\u00edrek-lapszemle\" \/>\n\t\t<meta name=\"twitter:description\" content=\"A foglalkoztatott k\u00f6r\u00fclbel\u00fcl 315 ezer f\u0151b\u0151l 55 ezren maradtak munka n\u00e9lk\u00fcl, d\u00f6nt\u0151en (90 sz\u00e1zal\u00e9kuk) ell\u00e1t\u00e1s n\u00e9lk\u00fcl \u2013 der\u00fclt ki a Munkaer\u0151piaci t\u00fck\u00f6r leg\u00fajabb, 2020-as sz\u00e1m\u00e1b\u00f3l. Mintegy 350 ezren vesz\u00edtett\u00e9k el az \u00e1ll\u00e1sukat a 2020. m\u00e1rciusi t\u00f6megesek le\u00e9p\u00edt\u00e9sek idej\u00e9n. Az \u00e1ll\u00e1sveszt\u0151k azonban p\u00e1r h\u00f3napon bel\u00fcl ism\u00e9t munk\u00e1ba \u00e1lltak. A 2020. m\u00e1rciusi t\u00f6meges \u00e1ll\u00e1sveszt\u00e9sek ar\u00e1nyaiban a fiatal,\" \/>\n\t\t<meta name=\"twitter:image\" content=\"https:\/\/allasorias.hu\/hirek\/wp-content\/uploads\/2021\/03\/businessman-drawing-circle-select-group-people-standing-out-crowd.jpg\" \/>\n\t\t<meta name=\"twitter:label1\" content=\"Written by\" \/>\n\t\t<meta name=\"twitter:data1\" content=\"Juh\u00e1sz P\u00e9ter\" \/>\n\t\t<meta name=\"twitter:label2\" content=\"Est. reading time\" \/>\n\t\t<meta name=\"twitter:data2\" content=\"4 minutes\" \/>\n\t\t<script type=\"application\/ld+json\" class=\"aioseo-schema\">\n\t\t\t{\"@context\":\"https:\\\/\\\/schema.org\",\"@graph\":[{\"@type\":\"Article\",\"@id\":\"https:\\\/\\\/allasorias.hu\\\/hirek\\\/megindult-az-atrendezodes-a-foglalkozasok-kozott\\\/#article\",\"name\":\"Megindult az \\u00e1trendez\\u0151d\\u00e9s a foglalkoz\\u00e1sok k\\u00f6z\\u00f6tt | AllasOrias.hu | H\\u00edrek-lapszemle\",\"headline\":\"Megindult az \\u00e1trendez\\u0151d\\u00e9s a foglalkoz\\u00e1sok k\\u00f6z\\u00f6tt\",\"author\":{\"@id\":\"https:\\\/\\\/allasorias.hu\\\/hirek\\\/author\\\/admin-allasorias\\\/#author\"},\"publisher\":{\"@id\":\"https:\\\/\\\/allasorias.hu\\\/hirek\\\/#organization\"},\"image\":{\"@type\":\"ImageObject\",\"url\":\"https:\\\/\\\/allasorias.hu\\\/hirek\\\/wp-content\\\/uploads\\\/2021\\\/03\\\/businessman-drawing-circle-select-group-people-standing-out-crowd.jpg\",\"width\":1920,\"height\":1001,\"caption\":\"Human resource management and recruitment employment business concept. Businessman drawing circle select group people standing out of crowd\"},\"datePublished\":\"2022-02-02T09:18:27+02:00\",\"dateModified\":\"2022-02-02T09:18:27+02:00\",\"inLanguage\":\"hu-HU\",\"mainEntityOfPage\":{\"@id\":\"https:\\\/\\\/allasorias.hu\\\/hirek\\\/megindult-az-atrendezodes-a-foglalkozasok-kozott\\\/#webpage\"},\"isPartOf\":{\"@id\":\"https:\\\/\\\/allasorias.hu\\\/hirek\\\/megindult-az-atrendezodes-a-foglalkozasok-kozott\\\/#webpage\"},\"articleSection\":\"Munkaer\\u0151piac\"},{\"@type\":\"BreadcrumbList\",\"@id\":\"https:\\\/\\\/allasorias.hu\\\/hirek\\\/megindult-az-atrendezodes-a-foglalkozasok-kozott\\\/#breadcrumblist\",\"itemListElement\":[{\"@type\":\"ListItem\",\"@id\":\"https:\\\/\\\/allasorias.hu\\\/hirek#listItem\",\"position\":1,\"name\":\"Home\",\"item\":\"https:\\\/\\\/allasorias.hu\\\/hirek\",\"nextItem\":{\"@type\":\"ListItem\",\"@id\":\"https:\\\/\\\/allasorias.hu\\\/hirek\\\/temak\\\/munkaeropiac\\\/#listItem\",\"name\":\"Munkaer\\u0151piac\"}},{\"@type\":\"ListItem\",\"@id\":\"https:\\\/\\\/allasorias.hu\\\/hirek\\\/temak\\\/munkaeropiac\\\/#listItem\",\"position\":2,\"name\":\"Munkaer\\u0151piac\",\"item\":\"https:\\\/\\\/allasorias.hu\\\/hirek\\\/temak\\\/munkaeropiac\\\/\",\"nextItem\":{\"@type\":\"ListItem\",\"@id\":\"https:\\\/\\\/allasorias.hu\\\/hirek\\\/megindult-az-atrendezodes-a-foglalkozasok-kozott\\\/#listItem\",\"name\":\"Megindult az \\u00e1trendez\\u0151d\\u00e9s a foglalkoz\\u00e1sok k\\u00f6z\\u00f6tt\"},\"previousItem\":{\"@type\":\"ListItem\",\"@id\":\"https:\\\/\\\/allasorias.hu\\\/hirek#listItem\",\"name\":\"Home\"}},{\"@type\":\"ListItem\",\"@id\":\"https:\\\/\\\/allasorias.hu\\\/hirek\\\/megindult-az-atrendezodes-a-foglalkozasok-kozott\\\/#listItem\",\"position\":3,\"name\":\"Megindult az \\u00e1trendez\\u0151d\\u00e9s a foglalkoz\\u00e1sok k\\u00f6z\\u00f6tt\",\"previousItem\":{\"@type\":\"ListItem\",\"@id\":\"https:\\\/\\\/allasorias.hu\\\/hirek\\\/temak\\\/munkaeropiac\\\/#listItem\",\"name\":\"Munkaer\\u0151piac\"}}]},{\"@type\":\"Organization\",\"@id\":\"https:\\\/\\\/allasorias.hu\\\/hirek\\\/#organization\",\"name\":\"AllasOrias.hu | H\\u00edrek-lapszemle\",\"description\":\"\\u00dczleti h\\u00edrek az \\u00e1ll\\u00e1s \\u00e9s a munka vil\\u00e1g\\u00e1b\\u00f3l\",\"url\":\"https:\\\/\\\/allasorias.hu\\\/hirek\\\/\",\"logo\":{\"@type\":\"ImageObject\",\"url\":\"https:\\\/\\\/allasorias.hu\\\/hirek\\\/wp-content\\\/uploads\\\/2022\\\/10\\\/allasorias_site_facebok_logo.png\",\"@id\":\"https:\\\/\\\/allasorias.hu\\\/hirek\\\/megindult-az-atrendezodes-a-foglalkozasok-kozott\\\/#organizationLogo\"},\"image\":{\"@id\":\"https:\\\/\\\/allasorias.hu\\\/hirek\\\/megindult-az-atrendezodes-a-foglalkozasok-kozott\\\/#organizationLogo\"},\"sameAs\":[\"https:\\\/\\\/www.facebook.com\\\/allasorias\",\"https:\\\/\\\/www.linkedin.com\\\/company\\\/allasorias\"]},{\"@type\":\"Person\",\"@id\":\"https:\\\/\\\/allasorias.hu\\\/hirek\\\/author\\\/admin-allasorias\\\/#author\",\"url\":\"https:\\\/\\\/allasorias.hu\\\/hirek\\\/author\\\/admin-allasorias\\\/\",\"name\":\"Juh\\u00e1sz P\\u00e9ter\",\"image\":{\"@type\":\"ImageObject\",\"@id\":\"https:\\\/\\\/allasorias.hu\\\/hirek\\\/megindult-az-atrendezodes-a-foglalkozasok-kozott\\\/#authorImage\",\"url\":\"https:\\\/\\\/secure.gravatar.com\\\/avatar\\\/36e6bcb83148978b992977cb0f54d22feb0cce8a0a849a9410532bb2623ba4c6?s=96&d=mm&r=g\",\"width\":96,\"height\":96,\"caption\":\"Juh\\u00e1sz P\\u00e9ter\"}},{\"@type\":\"WebPage\",\"@id\":\"https:\\\/\\\/allasorias.hu\\\/hirek\\\/megindult-az-atrendezodes-a-foglalkozasok-kozott\\\/#webpage\",\"url\":\"https:\\\/\\\/allasorias.hu\\\/hirek\\\/megindult-az-atrendezodes-a-foglalkozasok-kozott\\\/\",\"name\":\"Megindult az \\u00e1trendez\\u0151d\\u00e9s a foglalkoz\\u00e1sok k\\u00f6z\\u00f6tt | AllasOrias.hu | H\\u00edrek-lapszemle\",\"description\":\"A foglalkoztatott k\\u00f6r\\u00fclbel\\u00fcl 315 ezer f\\u0151b\\u0151l 55 ezren maradtak munka n\\u00e9lk\\u00fcl, d\\u00f6nt\\u0151en (90 sz\\u00e1zal\\u00e9kuk) ell\\u00e1t\\u00e1s n\\u00e9lk\\u00fcl \\u2013 der\\u00fclt ki a Munkaer\\u0151piaci t\\u00fck\\u00f6r leg\\u00fajabb, 2020-as sz\\u00e1m\\u00e1b\\u00f3l. Mintegy 350 ezren vesz\\u00edtett\\u00e9k el az \\u00e1ll\\u00e1sukat a 2020. m\\u00e1rciusi t\\u00f6megesek le\\u00e9p\\u00edt\\u00e9sek idej\\u00e9n. Az \\u00e1ll\\u00e1sveszt\\u0151k azonban p\\u00e1r h\\u00f3napon bel\\u00fcl ism\\u00e9t munk\\u00e1ba \\u00e1lltak. A 2020. m\\u00e1rciusi t\\u00f6meges \\u00e1ll\\u00e1sveszt\\u00e9sek ar\\u00e1nyaiban a fiatal,\",\"inLanguage\":\"hu-HU\",\"isPartOf\":{\"@id\":\"https:\\\/\\\/allasorias.hu\\\/hirek\\\/#website\"},\"breadcrumb\":{\"@id\":\"https:\\\/\\\/allasorias.hu\\\/hirek\\\/megindult-az-atrendezodes-a-foglalkozasok-kozott\\\/#breadcrumblist\"},\"author\":{\"@id\":\"https:\\\/\\\/allasorias.hu\\\/hirek\\\/author\\\/admin-allasorias\\\/#author\"},\"creator\":{\"@id\":\"https:\\\/\\\/allasorias.hu\\\/hirek\\\/author\\\/admin-allasorias\\\/#author\"},\"image\":{\"@type\":\"ImageObject\",\"url\":\"https:\\\/\\\/allasorias.hu\\\/hirek\\\/wp-content\\\/uploads\\\/2021\\\/03\\\/businessman-drawing-circle-select-group-people-standing-out-crowd.jpg\",\"@id\":\"https:\\\/\\\/allasorias.hu\\\/hirek\\\/megindult-az-atrendezodes-a-foglalkozasok-kozott\\\/#mainImage\",\"width\":1920,\"height\":1001,\"caption\":\"Human resource management and recruitment employment business concept. Businessman drawing circle select group people standing out of crowd\"},\"primaryImageOfPage\":{\"@id\":\"https:\\\/\\\/allasorias.hu\\\/hirek\\\/megindult-az-atrendezodes-a-foglalkozasok-kozott\\\/#mainImage\"},\"datePublished\":\"2022-02-02T09:18:27+02:00\",\"dateModified\":\"2022-02-02T09:18:27+02:00\"},{\"@type\":\"WebSite\",\"@id\":\"https:\\\/\\\/allasorias.hu\\\/hirek\\\/#website\",\"url\":\"https:\\\/\\\/allasorias.hu\\\/hirek\\\/\",\"name\":\"AllasOrias.hu | H\\u00edrek-lapszemle\",\"description\":\"\\u00dczleti h\\u00edrek az \\u00e1ll\\u00e1s \\u00e9s a munka vil\\u00e1g\\u00e1b\\u00f3l\",\"inLanguage\":\"hu-HU\",\"publisher\":{\"@id\":\"https:\\\/\\\/allasorias.hu\\\/hirek\\\/#organization\"}}]}\n\t\t<\/script>\n\t\t<!-- All in One SEO -->\n\n","aioseo_head_json":{"title":"Megindult az \u00e1trendez\u0151d\u00e9s a foglalkoz\u00e1sok k\u00f6z\u00f6tt | AllasOrias.hu | H\u00edrek-lapszemle","description":"A foglalkoztatott k\u00f6r\u00fclbel\u00fcl 315 ezer f\u0151b\u0151l 55 ezren maradtak munka n\u00e9lk\u00fcl, d\u00f6nt\u0151en (90 sz\u00e1zal\u00e9kuk) ell\u00e1t\u00e1s n\u00e9lk\u00fcl \u2013 der\u00fclt ki a Munkaer\u0151piaci t\u00fck\u00f6r leg\u00fajabb, 2020-as sz\u00e1m\u00e1b\u00f3l. Mintegy 350 ezren vesz\u00edtett\u00e9k el az \u00e1ll\u00e1sukat a 2020. m\u00e1rciusi t\u00f6megesek le\u00e9p\u00edt\u00e9sek idej\u00e9n. Az \u00e1ll\u00e1sveszt\u0151k azonban p\u00e1r h\u00f3napon bel\u00fcl ism\u00e9t munk\u00e1ba \u00e1lltak. A 2020. m\u00e1rciusi t\u00f6meges \u00e1ll\u00e1sveszt\u00e9sek ar\u00e1nyaiban a fiatal,","canonical_url":"https:\/\/allasorias.hu\/hirek\/megindult-az-atrendezodes-a-foglalkozasok-kozott\/","robots":"max-image-preview:large","keywords":"","webmasterTools":{"miscellaneous":""},"schema":{"@context":"https:\/\/schema.org","@graph":[{"@type":"Article","@id":"https:\/\/allasorias.hu\/hirek\/megindult-az-atrendezodes-a-foglalkozasok-kozott\/#article","name":"Megindult az \u00e1trendez\u0151d\u00e9s a foglalkoz\u00e1sok k\u00f6z\u00f6tt | AllasOrias.hu | H\u00edrek-lapszemle","headline":"Megindult az \u00e1trendez\u0151d\u00e9s a foglalkoz\u00e1sok k\u00f6z\u00f6tt","author":{"@id":"https:\/\/allasorias.hu\/hirek\/author\/admin-allasorias\/#author"},"publisher":{"@id":"https:\/\/allasorias.hu\/hirek\/#organization"},"image":{"@type":"ImageObject","url":"https:\/\/allasorias.hu\/hirek\/wp-content\/uploads\/2021\/03\/businessman-drawing-circle-select-group-people-standing-out-crowd.jpg","width":1920,"height":1001,"caption":"Human resource management and recruitment employment business concept. Businessman drawing circle select group people standing out of crowd"},"datePublished":"2022-02-02T09:18:27+02:00","dateModified":"2022-02-02T09:18:27+02:00","inLanguage":"hu-HU","mainEntityOfPage":{"@id":"https:\/\/allasorias.hu\/hirek\/megindult-az-atrendezodes-a-foglalkozasok-kozott\/#webpage"},"isPartOf":{"@id":"https:\/\/allasorias.hu\/hirek\/megindult-az-atrendezodes-a-foglalkozasok-kozott\/#webpage"},"articleSection":"Munkaer\u0151piac"},{"@type":"BreadcrumbList","@id":"https:\/\/allasorias.hu\/hirek\/megindult-az-atrendezodes-a-foglalkozasok-kozott\/#breadcrumblist","itemListElement":[{"@type":"ListItem","@id":"https:\/\/allasorias.hu\/hirek#listItem","position":1,"name":"Home","item":"https:\/\/allasorias.hu\/hirek","nextItem":{"@type":"ListItem","@id":"https:\/\/allasorias.hu\/hirek\/temak\/munkaeropiac\/#listItem","name":"Munkaer\u0151piac"}},{"@type":"ListItem","@id":"https:\/\/allasorias.hu\/hirek\/temak\/munkaeropiac\/#listItem","position":2,"name":"Munkaer\u0151piac","item":"https:\/\/allasorias.hu\/hirek\/temak\/munkaeropiac\/","nextItem":{"@type":"ListItem","@id":"https:\/\/allasorias.hu\/hirek\/megindult-az-atrendezodes-a-foglalkozasok-kozott\/#listItem","name":"Megindult az \u00e1trendez\u0151d\u00e9s a foglalkoz\u00e1sok k\u00f6z\u00f6tt"},"previousItem":{"@type":"ListItem","@id":"https:\/\/allasorias.hu\/hirek#listItem","name":"Home"}},{"@type":"ListItem","@id":"https:\/\/allasorias.hu\/hirek\/megindult-az-atrendezodes-a-foglalkozasok-kozott\/#listItem","position":3,"name":"Megindult az \u00e1trendez\u0151d\u00e9s a foglalkoz\u00e1sok k\u00f6z\u00f6tt","previousItem":{"@type":"ListItem","@id":"https:\/\/allasorias.hu\/hirek\/temak\/munkaeropiac\/#listItem","name":"Munkaer\u0151piac"}}]},{"@type":"Organization","@id":"https:\/\/allasorias.hu\/hirek\/#organization","name":"AllasOrias.hu | H\u00edrek-lapszemle","description":"\u00dczleti h\u00edrek az \u00e1ll\u00e1s \u00e9s a munka vil\u00e1g\u00e1b\u00f3l","url":"https:\/\/allasorias.hu\/hirek\/","logo":{"@type":"ImageObject","url":"https:\/\/allasorias.hu\/hirek\/wp-content\/uploads\/2022\/10\/allasorias_site_facebok_logo.png","@id":"https:\/\/allasorias.hu\/hirek\/megindult-az-atrendezodes-a-foglalkozasok-kozott\/#organizationLogo"},"image":{"@id":"https:\/\/allasorias.hu\/hirek\/megindult-az-atrendezodes-a-foglalkozasok-kozott\/#organizationLogo"},"sameAs":["https:\/\/www.facebook.com\/allasorias","https:\/\/www.linkedin.com\/company\/allasorias"]},{"@type":"Person","@id":"https:\/\/allasorias.hu\/hirek\/author\/admin-allasorias\/#author","url":"https:\/\/allasorias.hu\/hirek\/author\/admin-allasorias\/","name":"Juh\u00e1sz P\u00e9ter","image":{"@type":"ImageObject","@id":"https:\/\/allasorias.hu\/hirek\/megindult-az-atrendezodes-a-foglalkozasok-kozott\/#authorImage","url":"https:\/\/secure.gravatar.com\/avatar\/36e6bcb83148978b992977cb0f54d22feb0cce8a0a849a9410532bb2623ba4c6?s=96&d=mm&r=g","width":96,"height":96,"caption":"Juh\u00e1sz P\u00e9ter"}},{"@type":"WebPage","@id":"https:\/\/allasorias.hu\/hirek\/megindult-az-atrendezodes-a-foglalkozasok-kozott\/#webpage","url":"https:\/\/allasorias.hu\/hirek\/megindult-az-atrendezodes-a-foglalkozasok-kozott\/","name":"Megindult az \u00e1trendez\u0151d\u00e9s a foglalkoz\u00e1sok k\u00f6z\u00f6tt | AllasOrias.hu | H\u00edrek-lapszemle","description":"A foglalkoztatott k\u00f6r\u00fclbel\u00fcl 315 ezer f\u0151b\u0151l 55 ezren maradtak munka n\u00e9lk\u00fcl, d\u00f6nt\u0151en (90 sz\u00e1zal\u00e9kuk) ell\u00e1t\u00e1s n\u00e9lk\u00fcl \u2013 der\u00fclt ki a Munkaer\u0151piaci t\u00fck\u00f6r leg\u00fajabb, 2020-as sz\u00e1m\u00e1b\u00f3l. Mintegy 350 ezren vesz\u00edtett\u00e9k el az \u00e1ll\u00e1sukat a 2020. m\u00e1rciusi t\u00f6megesek le\u00e9p\u00edt\u00e9sek idej\u00e9n. Az \u00e1ll\u00e1sveszt\u0151k azonban p\u00e1r h\u00f3napon bel\u00fcl ism\u00e9t munk\u00e1ba \u00e1lltak. A 2020. m\u00e1rciusi t\u00f6meges \u00e1ll\u00e1sveszt\u00e9sek ar\u00e1nyaiban a fiatal,","inLanguage":"hu-HU","isPartOf":{"@id":"https:\/\/allasorias.hu\/hirek\/#website"},"breadcrumb":{"@id":"https:\/\/allasorias.hu\/hirek\/megindult-az-atrendezodes-a-foglalkozasok-kozott\/#breadcrumblist"},"author":{"@id":"https:\/\/allasorias.hu\/hirek\/author\/admin-allasorias\/#author"},"creator":{"@id":"https:\/\/allasorias.hu\/hirek\/author\/admin-allasorias\/#author"},"image":{"@type":"ImageObject","url":"https:\/\/allasorias.hu\/hirek\/wp-content\/uploads\/2021\/03\/businessman-drawing-circle-select-group-people-standing-out-crowd.jpg","@id":"https:\/\/allasorias.hu\/hirek\/megindult-az-atrendezodes-a-foglalkozasok-kozott\/#mainImage","width":1920,"height":1001,"caption":"Human resource management and recruitment employment business concept. Businessman drawing circle select group people standing out of crowd"},"primaryImageOfPage":{"@id":"https:\/\/allasorias.hu\/hirek\/megindult-az-atrendezodes-a-foglalkozasok-kozott\/#mainImage"},"datePublished":"2022-02-02T09:18:27+02:00","dateModified":"2022-02-02T09:18:27+02:00"},{"@type":"WebSite","@id":"https:\/\/allasorias.hu\/hirek\/#website","url":"https:\/\/allasorias.hu\/hirek\/","name":"AllasOrias.hu | H\u00edrek-lapszemle","description":"\u00dczleti h\u00edrek az \u00e1ll\u00e1s \u00e9s a munka vil\u00e1g\u00e1b\u00f3l","inLanguage":"hu-HU","publisher":{"@id":"https:\/\/allasorias.hu\/hirek\/#organization"}}]},"og:locale":"hu_HU","og:site_name":"AllasOrias.hu | H\u00edrek-lapszemle | \u00dczleti h\u00edrek az \u00e1ll\u00e1s \u00e9s a munka vil\u00e1g\u00e1b\u00f3l","og:type":"article","og:title":"Megindult az \u00e1trendez\u0151d\u00e9s a foglalkoz\u00e1sok k\u00f6z\u00f6tt | AllasOrias.hu | H\u00edrek-lapszemle","og:description":"A foglalkoztatott k\u00f6r\u00fclbel\u00fcl 315 ezer f\u0151b\u0151l 55 ezren maradtak munka n\u00e9lk\u00fcl, d\u00f6nt\u0151en (90 sz\u00e1zal\u00e9kuk) ell\u00e1t\u00e1s n\u00e9lk\u00fcl \u2013 der\u00fclt ki a Munkaer\u0151piaci t\u00fck\u00f6r leg\u00fajabb, 2020-as sz\u00e1m\u00e1b\u00f3l. Mintegy 350 ezren vesz\u00edtett\u00e9k el az \u00e1ll\u00e1sukat a 2020. m\u00e1rciusi t\u00f6megesek le\u00e9p\u00edt\u00e9sek idej\u00e9n. Az \u00e1ll\u00e1sveszt\u0151k azonban p\u00e1r h\u00f3napon bel\u00fcl ism\u00e9t munk\u00e1ba \u00e1lltak. A 2020. m\u00e1rciusi t\u00f6meges \u00e1ll\u00e1sveszt\u00e9sek ar\u00e1nyaiban a fiatal,","og:url":"https:\/\/allasorias.hu\/hirek\/megindult-az-atrendezodes-a-foglalkozasok-kozott\/","og:image":"https:\/\/allasorias.hu\/hirek\/wp-content\/uploads\/2021\/03\/businessman-drawing-circle-select-group-people-standing-out-crowd.jpg","og:image:secure_url":"https:\/\/allasorias.hu\/hirek\/wp-content\/uploads\/2021\/03\/businessman-drawing-circle-select-group-people-standing-out-crowd.jpg","og:image:width":1920,"og:image:height":1001,"article:published_time":"2022-02-02T09:18:27+00:00","article:modified_time":"2022-02-02T09:18:27+00:00","article:publisher":"https:\/\/www.facebook.com\/allasorias","twitter:card":"summary_large_image","twitter:title":"Megindult az \u00e1trendez\u0151d\u00e9s a foglalkoz\u00e1sok k\u00f6z\u00f6tt | AllasOrias.hu | H\u00edrek-lapszemle","twitter:description":"A foglalkoztatott k\u00f6r\u00fclbel\u00fcl 315 ezer f\u0151b\u0151l 55 ezren maradtak munka n\u00e9lk\u00fcl, d\u00f6nt\u0151en (90 sz\u00e1zal\u00e9kuk) ell\u00e1t\u00e1s n\u00e9lk\u00fcl \u2013 der\u00fclt ki a Munkaer\u0151piaci t\u00fck\u00f6r leg\u00fajabb, 2020-as sz\u00e1m\u00e1b\u00f3l. Mintegy 350 ezren vesz\u00edtett\u00e9k el az \u00e1ll\u00e1sukat a 2020. m\u00e1rciusi t\u00f6megesek le\u00e9p\u00edt\u00e9sek idej\u00e9n. Az \u00e1ll\u00e1sveszt\u0151k azonban p\u00e1r h\u00f3napon bel\u00fcl ism\u00e9t munk\u00e1ba \u00e1lltak. A 2020. m\u00e1rciusi t\u00f6meges \u00e1ll\u00e1sveszt\u00e9sek ar\u00e1nyaiban a fiatal,","twitter:image":"https:\/\/allasorias.hu\/hirek\/wp-content\/uploads\/2021\/03\/businessman-drawing-circle-select-group-people-standing-out-crowd.jpg","twitter:label1":"Written by","twitter:data1":"Juh\u00e1sz P\u00e9ter","twitter:label2":"Est. reading time","twitter:data2":"4 minutes"},"aioseo_meta_data":{"post_id":"5360","title":null,"description":null,"keywords":[],"keyphrases":{"focus":[],"additional":[]},"primary_term":null,"canonical_url":null,"og_title":null,"og_description":null,"og_object_type":"default","og_image_type":"default","og_image_url":null,"og_image_width":null,"og_image_height":null,"og_image_custom_url":null,"og_image_custom_fields":null,"og_video":"","og_custom_url":null,"og_article_section":null,"og_article_tags":[],"twitter_use_og":false,"twitter_card":"default","twitter_image_type":"default","twitter_image_url":null,"twitter_image_custom_url":null,"twitter_image_custom_fields":null,"twitter_title":null,"twitter_description":null,"schema":{"blockGraphs":[],"customGraphs":[],"default":{"data":{"Article":[],"Course":[],"Dataset":[],"FAQPage":[],"Movie":[],"Person":[],"Product":[],"ProductReview":[],"Car":[],"Recipe":[],"Service":[],"SoftwareApplication":[],"WebPage":[]},"graphName":"","isEnabled":true},"graphs":[],"defaultGraph":"Article","defaultPostTypeGraph":""},"schema_type":"default","schema_type_options":"{\"article\":{\"articleType\":\"BlogPosting\"},\"course\":{\"name\":\"\",\"description\":\"\",\"provider\":\"\"},\"faq\":{\"pages\":[]},\"product\":{\"reviews\":[]},\"recipe\":{\"ingredients\":[],\"instructions\":[],\"keywords\":[]},\"software\":{\"reviews\":[],\"operatingSystems\":[]},\"webPage\":{\"webPageType\":\"WebPage\"}}","pillar_content":false,"robots_default":true,"robots_noindex":false,"robots_noarchive":false,"robots_nosnippet":false,"robots_nofollow":false,"robots_noimageindex":false,"robots_noodp":false,"robots_notranslate":false,"robots_max_snippet":"-1","robots_max_videopreview":"-1","robots_max_imagepreview":"large","priority":null,"frequency":"default","location":null,"local_seo":null,"breadcrumb_settings":null,"limit_modified_date":false,"ai":null,"created":"2022-02-02 08:44:28","updated":"2025-10-02 16:45:20","seo_analyzer_scan_date":null,"focus_keyword":null,"additional_keywords":null,"truseo_locale":null},"aioseo_breadcrumb":"<div class=\"aioseo-breadcrumbs\"><span class=\"aioseo-breadcrumb\">\n\t\t\t<a href=\"https:\/\/allasorias.hu\/hirek\" title=\"Home\">Home<\/a>\n\t\t<\/span><span class=\"aioseo-breadcrumb-separator\">&raquo;<\/span><span class=\"aioseo-breadcrumb\">\n\t\t\t<a href=\"https:\/\/allasorias.hu\/hirek\/temak\/munkaeropiac\/\" title=\"Munkaer\u0151piac\">Munkaer\u0151piac<\/a>\n\t\t<\/span><span class=\"aioseo-breadcrumb-separator\">&raquo;<\/span><span class=\"aioseo-breadcrumb\">\n\t\t\tMegindult az \u00e1trendez\u0151d\u00e9s a foglalkoz\u00e1sok k\u00f6z\u00f6tt\n\t\t<\/span><\/div>","aioseo_breadcrumb_json":[{"label":"Home","link":"https:\/\/allasorias.hu\/hirek"},{"label":"Munkaer\u0151piac","link":"https:\/\/allasorias.hu\/hirek\/temak\/munkaeropiac\/"},{"label":"Megindult az \u00e1trendez\u0151d\u00e9s a foglalkoz\u00e1sok k\u00f6z\u00f6tt","link":"https:\/\/allasorias.hu\/hirek\/megindult-az-atrendezodes-a-foglalkozasok-kozott\/"}],"_links":{"self":[{"href":"https:\/\/allasorias.hu\/hirek\/wp-json\/wp\/v2\/posts\/5360","targetHints":{"allow":["GET"]}}],"collection":[{"href":"https:\/\/allasorias.hu\/hirek\/wp-json\/wp\/v2\/posts"}],"about":[{"href":"https:\/\/allasorias.hu\/hirek\/wp-json\/wp\/v2\/types\/post"}],"author":[{"embeddable":true,"href":"https:\/\/allasorias.hu\/hirek\/wp-json\/wp\/v2\/users\/1"}],"replies":[{"embeddable":true,"href":"https:\/\/allasorias.hu\/hirek\/wp-json\/wp\/v2\/comments?post=5360"}],"version-history":[{"count":1,"href":"https:\/\/allasorias.hu\/hirek\/wp-json\/wp\/v2\/posts\/5360\/revisions"}],"predecessor-version":[{"id":5361,"href":"https:\/\/allasorias.hu\/hirek\/wp-json\/wp\/v2\/posts\/5360\/revisions\/5361"}],"wp:featuredmedia":[{"embeddable":true,"href":"https:\/\/allasorias.hu\/hirek\/wp-json\/wp\/v2\/media\/4637"}],"wp:attachment":[{"href":"https:\/\/allasorias.hu\/hirek\/wp-json\/wp\/v2\/media?parent=5360"}],"wp:term":[{"taxonomy":"category","embeddable":true,"href":"https:\/\/allasorias.hu\/hirek\/wp-json\/wp\/v2\/categories?post=5360"},{"taxonomy":"post_tag","embeddable":true,"href":"https:\/\/allasorias.hu\/hirek\/wp-json\/wp\/v2\/tags?post=5360"}],"curies":[{"name":"wp","href":"https:\/\/api.w.org\/{rel}","templated":true}]}}