{"id":5358,"date":"2022-02-01T07:29:54","date_gmt":"2022-02-01T07:29:54","guid":{"rendered":"https:\/\/allasorias.hu\/hirek\/?p=5358"},"modified":"2022-02-01T07:29:54","modified_gmt":"2022-02-01T07:29:54","slug":"elezodik-a-munkaeropiaci-helyzet","status":"publish","type":"post","link":"https:\/\/allasorias.hu\/hirek\/elezodik-a-munkaeropiaci-helyzet\/","title":{"rendered":"\u00c9lez\u0151dik a munkaer\u0151piaci helyzet"},"content":{"rendered":"<p><strong>A Work Force a 2021-es \u00e9vben 14 partner\u00e9nek mintegy ezer k\u00fclf\u00f6ldi munkav\u00e1llal\u00f3t k\u00f6lcs\u00f6nz\u00f6tt, ez a tapasztalat kellett ahhoz, hogy a sz\u00fcks\u00e9ges min\u0151s\u00edt\u00e9st megkaphass\u00e1k. A Korm\u00e1nyrendelet, ami lehet\u0151v\u00e9 teszi az \u00fagynevezett harmadik orsz\u00e1gb\u00f3l \u00e9rkezett munkav\u00e1llal\u00f3k k\u00f6r\u00e9nek kib\u0151v\u00edt\u00e9s\u00e9t azoknak a munkaer\u0151-k\u00f6lcs\u00f6nz\u0151 c\u00e9gek sz\u00e1m\u00e1ra, akiket min\u0151s\u00edtett foglalkoztat\u00f3k\u00e9nt nyilv\u00e1ntart\u00e1sba vesznek, tavaly szeptembere \u00f3ta van hat\u00e1lyban.<\/strong><\/p>\n<p>A szerb \u00e9s ukr\u00e1n munkaer\u0151 hazai megjelen\u00e9se semmi ahhoz k\u00e9pest, amilyen &#8222;\u00e1tj\u00e1r\u00f3h\u00e1z&#8221; alakulhat ki az \u00e1ll\u00e1spiacon, miut\u00e1n valahogy musz\u00e1j enyh\u00edteni a munkaer\u0151-piaci gondokat. \u00c9lez\u0151dik a verseny &#8211; nem csak az Eur\u00f3pai Uni\u00f3ban, idehaza is.\u00a0 A Szerbi\u00e1b\u00f3l vagy Ukrajn\u00e1b\u00f3l \u00e9rkezett munkav\u00e1llal\u00f3kat b\u00e1rmely munkaer\u0151-k\u00f6lcs\u00f6nz\u0151 kik\u00f6lcs\u00f6n\u00f6zheti, m\u00edg egy\u00e9b harmadik orsz\u00e1gb\u00f3l (p\u00e9ld\u00e1ul Vietn\u00e1mb\u00f3l, Indon\u00e9zi\u00e1b\u00f3l, Mong\u00f3li\u00e1b\u00f3l, vagy a F\u00fcl\u00f6p-szigetekr\u0151l) \u00e9rkez\u0151ket csak azok a szolg\u00e1ltat\u00f3k, akiket a kihirdetett korm\u00e1nyrendelet \u00e9rtelm\u00e9ben min\u0151s\u00edtettek. Ilyen, min\u0151s\u00edtett foglalkoztat\u00f3i st\u00e1tuszt szerzett a Work Force HR szolg\u00e1ltat\u00f3, \u00edgy a kor\u00e1bbin\u00e1l is t\u00f6bb orsz\u00e1gb\u00f3l toborozhat majd munkav\u00e1llal\u00f3kat a munkaer\u0151-piaci gondok enyh\u00edt\u00e9s\u00e9re. &#8211; \u00edrta sajt\u00f3k\u00f6zlem\u00e9ny\u00e9ben a c\u00e9g. A Work Force a 2021-es \u00e9vben 14 partner\u00e9nek mintegy ezer k\u00fclf\u00f6ldi munkav\u00e1llal\u00f3t k\u00f6lcs\u00f6nz\u00f6tt, ez a tapasztalat kellett ahhoz, hogy a sz\u00fcks\u00e9ges min\u0151s\u00edt\u00e9st megkaphass\u00e1k. A Korm\u00e1nyrendelet, ami lehet\u0151v\u00e9 teszi az \u00fagynevezett harmadik orsz\u00e1gb\u00f3l \u00e9rkezett munkav\u00e1llal\u00f3k k\u00f6r\u00e9nek kib\u0151v\u00edt\u00e9s\u00e9t azoknak a munkaer\u0151-k\u00f6lcs\u00f6nz\u0151 c\u00e9gek sz\u00e1m\u00e1ra, akiket min\u0151s\u00edtett foglalkoztat\u00f3k\u00e9nt nyilv\u00e1ntart\u00e1sba vesznek, tavaly szeptembere \u00f3ta van hat\u00e1lyban. &#8222;Egyre \u00e9lez\u0151dik a verseny Eur\u00f3p\u00e1ban az Ukrajn\u00e1b\u00f3l, Szerbi\u00e1b\u00f3l vagy m\u00e1s balk\u00e1ni orsz\u00e1gokb\u00f3l \u00e9rkez\u0151 munkav\u00e1llal\u00f3k ir\u00e1nt, amibe mostanra a n\u00e9metorsz\u00e1gi munk\u00e1ltat\u00f3k is bekapcsol\u00f3dtak. Ez l\u00e9p\u00e9sk\u00e9nyszerbe hozza a magyar foglalkoztat\u00f3kat: vagy versenybe sz\u00e1llnak ezek\u00e9rt a munkav\u00e1llal\u00f3k\u00e9rt mind a b\u00e9rekkel, mind a b\u00e9ren k\u00edv\u00fcli juttat\u00e1sokkal \u00e9s felt\u00e9telekkel, vagy \u00e9lnek a Korm\u00e1nyrendelet adta lehet\u0151s\u00e9ggel\u201d \u2013 k\u00f6z\u00f6lte Czellecz Zolt\u00e1n, a min\u0151s\u00edtett foglalkoztat\u00f3k\u00e9nt nyilv\u00e1ntart\u00e1sba vett, Work Force oper\u00e1ci\u00f3s igazgat\u00f3ja. A c\u00e9g eddigi tapasztalatai szerint eddig f\u0151k\u00e9nt a gy\u00e1rt\u00e1s, illetve termel\u00e9s \u00e9s a logisztika sz\u00edvja fel a legink\u00e1bb a k\u00fclf\u00f6ldi munkav\u00e1llal\u00f3kat. Czellecz Zolt\u00e1n szerint a kor\u00e1bban a vend\u00e9gl\u00e1t\u00e1sban \u00e9s a turizmusban dolgoz\u00f3k k\u00f6z\u00fcl sokan kerestek munk\u00e1t m\u00e1s \u00e1gazatokban, ami \u00e1tmenetileg enyh\u00edtette a munkaer\u0151-hi\u00e1nyt. Viszont ahogy \u00fajra nyithattak az \u00e9ttermek, k\u00e1v\u00e9z\u00f3k, sz\u00e1llod\u00e1k, illetve beindult a belf\u00f6ldi turizmus, sokan visszat\u00e9rtek a kor\u00e1bbi munkahely\u00fckre &#8211; az ell\u00e1t\u00e1si l\u00e1ncok HR-menedzsel\u00e9si lehet\u0151s\u00e9g\u00e9t nehez\u00edtve. Sok c\u00e9g\u00a0 le\u00e1ll\u00edtotta a kor\u00e1bban tervezett l\u00e9tsz\u00e1mb\u0151v\u00edt\u00e9st, \u00e9s ak\u00e1r cs\u00f6kkenthetik is a l\u00e9tsz\u00e1mot. 2022-ben ehhez k\u00e9pest a Work Forcen\u00e1l arra sz\u00e1m\u00edtanak, hogy jelent\u0151s javul\u00e1s \u00e1ll be az alapanyag-, illetve alkatr\u00e9szell\u00e1t\u00e1sban, ezzel \u00f6sszhangban pedig a munkaer\u0151 ir\u00e1nti kereslet is \u00faj lend\u00fcletet kap majd. &#8211; A jelenlegi munkaer\u0151piaci viszonyok k\u00f6z\u00f6tt pedig ennek kiszolg\u00e1l\u00e1s\u00e1hoz elengedhetetlen lesz a harmadik orsz\u00e1gbeli munkaer\u0151 toborz\u00e1sa &#8211; tette hozz\u00e1 az igazgat\u00f3.<\/p>\n<p>Forr\u00e1s: napi.hu<\/p>\n","protected":false},"excerpt":{"rendered":"<p>A Work Force a 2021-es \u00e9vben 14 partner\u00e9nek mintegy ezer k\u00fclf\u00f6ldi munkav\u00e1llal\u00f3t k\u00f6lcs\u00f6nz\u00f6tt, ez a tapasztalat kellett ahhoz, hogy a sz\u00fcks\u00e9ges min\u0151s\u00edt\u00e9st megkaphass\u00e1k. A Korm\u00e1nyrendelet, ami lehet\u0151v\u00e9 teszi az \u00fagynevezett harmadik orsz\u00e1gb\u00f3l \u00e9rkezett munkav\u00e1llal\u00f3k k\u00f6r\u00e9nek kib\u0151v\u00edt\u00e9s\u00e9t azoknak a munkaer\u0151-k\u00f6lcs\u00f6nz\u0151 c\u00e9gek sz\u00e1m\u00e1ra, akiket min\u0151s\u00edtett foglalkoztat\u00f3k\u00e9nt nyilv\u00e1ntart\u00e1sba vesznek, tavaly szeptembere \u00f3ta van hat\u00e1lyban. A szerb \u00e9s ukr\u00e1n [&hellip;]<\/p>\n","protected":false},"author":1,"featured_media":2671,"comment_status":"open","ping_status":"open","sticky":false,"template":"","format":"standard","meta":{"_monsterinsights_skip_tracking":false,"footnotes":""},"categories":[200],"tags":[],"class_list":["post-5358","post","type-post","status-publish","format-standard","has-post-thumbnail","hentry","category-munkaeropiac"],"aioseo_notices":[],"aioseo_head":"\n\t\t<!-- All in One SEO 5.0.0.1 - aioseo.com -->\n\t<meta name=\"description\" content=\"A Work Force a 2021-es \u00e9vben 14 partner\u00e9nek mintegy ezer k\u00fclf\u00f6ldi munkav\u00e1llal\u00f3t k\u00f6lcs\u00f6nz\u00f6tt, ez a tapasztalat kellett ahhoz, hogy a sz\u00fcks\u00e9ges min\u0151s\u00edt\u00e9st megkaphass\u00e1k. A Korm\u00e1nyrendelet, ami lehet\u0151v\u00e9 teszi az \u00fagynevezett harmadik orsz\u00e1gb\u00f3l \u00e9rkezett munkav\u00e1llal\u00f3k k\u00f6r\u00e9nek kib\u0151v\u00edt\u00e9s\u00e9t azoknak a munkaer\u0151-k\u00f6lcs\u00f6nz\u0151 c\u00e9gek sz\u00e1m\u00e1ra, akiket min\u0151s\u00edtett foglalkoztat\u00f3k\u00e9nt nyilv\u00e1ntart\u00e1sba vesznek, tavaly szeptembere \u00f3ta van hat\u00e1lyban. A szerb \u00e9s ukr\u00e1n\" \/>\n\t<meta name=\"robots\" content=\"max-image-preview:large\" \/>\n\t<meta name=\"author\" content=\"Juh\u00e1sz P\u00e9ter\"\/>\n\t<link rel=\"canonical\" href=\"https:\/\/allasorias.hu\/hirek\/elezodik-a-munkaeropiaci-helyzet\/\" \/>\n\t<meta name=\"generator\" content=\"All in One SEO (AIOSEO) 5.0.0.1\" \/>\n\t\t<meta property=\"og:locale\" content=\"hu_HU\" \/>\n\t\t<meta property=\"og:site_name\" content=\"AllasOrias.hu | H\u00edrek-lapszemle | \u00dczleti h\u00edrek az \u00e1ll\u00e1s \u00e9s a munka vil\u00e1g\u00e1b\u00f3l\" \/>\n\t\t<meta property=\"og:type\" content=\"article\" \/>\n\t\t<meta property=\"og:title\" content=\"\u00c9lez\u0151dik a munkaer\u0151piaci helyzet | AllasOrias.hu | H\u00edrek-lapszemle\" \/>\n\t\t<meta property=\"og:description\" content=\"A Work Force a 2021-es \u00e9vben 14 partner\u00e9nek mintegy ezer k\u00fclf\u00f6ldi munkav\u00e1llal\u00f3t k\u00f6lcs\u00f6nz\u00f6tt, ez a tapasztalat kellett ahhoz, hogy a sz\u00fcks\u00e9ges min\u0151s\u00edt\u00e9st megkaphass\u00e1k. A Korm\u00e1nyrendelet, ami lehet\u0151v\u00e9 teszi az \u00fagynevezett harmadik orsz\u00e1gb\u00f3l \u00e9rkezett munkav\u00e1llal\u00f3k k\u00f6r\u00e9nek kib\u0151v\u00edt\u00e9s\u00e9t azoknak a munkaer\u0151-k\u00f6lcs\u00f6nz\u0151 c\u00e9gek sz\u00e1m\u00e1ra, akiket min\u0151s\u00edtett foglalkoztat\u00f3k\u00e9nt nyilv\u00e1ntart\u00e1sba vesznek, tavaly szeptembere \u00f3ta van hat\u00e1lyban. A szerb \u00e9s ukr\u00e1n\" \/>\n\t\t<meta property=\"og:url\" content=\"https:\/\/allasorias.hu\/hirek\/elezodik-a-munkaeropiaci-helyzet\/\" \/>\n\t\t<meta property=\"og:image\" content=\"https:\/\/allasorias.hu\/hirek\/wp-content\/uploads\/2019\/03\/munkaerokolcsonzes.png\" \/>\n\t\t<meta property=\"og:image:secure_url\" content=\"https:\/\/allasorias.hu\/hirek\/wp-content\/uploads\/2019\/03\/munkaerokolcsonzes.png\" \/>\n\t\t<meta property=\"og:image:width\" content=\"594\" \/>\n\t\t<meta property=\"og:image:height\" content=\"282\" \/>\n\t\t<meta property=\"article:published_time\" content=\"2022-02-01T07:29:54+00:00\" \/>\n\t\t<meta property=\"article:modified_time\" content=\"2022-02-01T07:29:54+00:00\" \/>\n\t\t<meta property=\"article:publisher\" content=\"https:\/\/www.facebook.com\/allasorias\" \/>\n\t\t<meta name=\"twitter:card\" content=\"summary_large_image\" \/>\n\t\t<meta name=\"twitter:title\" content=\"\u00c9lez\u0151dik a munkaer\u0151piaci helyzet | AllasOrias.hu | H\u00edrek-lapszemle\" \/>\n\t\t<meta name=\"twitter:description\" content=\"A Work Force a 2021-es \u00e9vben 14 partner\u00e9nek mintegy ezer k\u00fclf\u00f6ldi munkav\u00e1llal\u00f3t k\u00f6lcs\u00f6nz\u00f6tt, ez a tapasztalat kellett ahhoz, hogy a sz\u00fcks\u00e9ges min\u0151s\u00edt\u00e9st megkaphass\u00e1k. A Korm\u00e1nyrendelet, ami lehet\u0151v\u00e9 teszi az \u00fagynevezett harmadik orsz\u00e1gb\u00f3l \u00e9rkezett munkav\u00e1llal\u00f3k k\u00f6r\u00e9nek kib\u0151v\u00edt\u00e9s\u00e9t azoknak a munkaer\u0151-k\u00f6lcs\u00f6nz\u0151 c\u00e9gek sz\u00e1m\u00e1ra, akiket min\u0151s\u00edtett foglalkoztat\u00f3k\u00e9nt nyilv\u00e1ntart\u00e1sba vesznek, tavaly szeptembere \u00f3ta van hat\u00e1lyban. A szerb \u00e9s ukr\u00e1n\" \/>\n\t\t<meta name=\"twitter:image\" content=\"https:\/\/allasorias.hu\/hirek\/wp-content\/uploads\/2019\/03\/munkaerokolcsonzes.png\" \/>\n\t\t<meta name=\"twitter:label1\" content=\"Written by\" \/>\n\t\t<meta name=\"twitter:data1\" content=\"Juh\u00e1sz P\u00e9ter\" \/>\n\t\t<meta name=\"twitter:label2\" content=\"Est. reading time\" \/>\n\t\t<meta name=\"twitter:data2\" content=\"3 minutes\" \/>\n\t\t<script type=\"application\/ld+json\" class=\"aioseo-schema\">\n\t\t\t{\"@context\":\"https:\\\/\\\/schema.org\",\"@graph\":[{\"@type\":\"Article\",\"@id\":\"https:\\\/\\\/allasorias.hu\\\/hirek\\\/elezodik-a-munkaeropiaci-helyzet\\\/#article\",\"name\":\"\\u00c9lez\\u0151dik a munkaer\\u0151piaci helyzet | AllasOrias.hu | H\\u00edrek-lapszemle\",\"headline\":\"\\u00c9lez\\u0151dik a munkaer\\u0151piaci helyzet\",\"author\":{\"@id\":\"https:\\\/\\\/allasorias.hu\\\/hirek\\\/author\\\/admin-allasorias\\\/#author\"},\"publisher\":{\"@id\":\"https:\\\/\\\/allasorias.hu\\\/hirek\\\/#organization\"},\"image\":{\"@type\":\"ImageObject\",\"url\":\"https:\\\/\\\/allasorias.hu\\\/hirek\\\/wp-content\\\/uploads\\\/2019\\\/03\\\/munkaerokolcsonzes.png\",\"width\":594,\"height\":282},\"datePublished\":\"2022-02-01T07:29:54+02:00\",\"dateModified\":\"2022-02-01T07:29:54+02:00\",\"inLanguage\":\"hu-HU\",\"mainEntityOfPage\":{\"@id\":\"https:\\\/\\\/allasorias.hu\\\/hirek\\\/elezodik-a-munkaeropiaci-helyzet\\\/#webpage\"},\"isPartOf\":{\"@id\":\"https:\\\/\\\/allasorias.hu\\\/hirek\\\/elezodik-a-munkaeropiaci-helyzet\\\/#webpage\"},\"articleSection\":\"Munkaer\\u0151piac\"},{\"@type\":\"BreadcrumbList\",\"@id\":\"https:\\\/\\\/allasorias.hu\\\/hirek\\\/elezodik-a-munkaeropiaci-helyzet\\\/#breadcrumblist\",\"itemListElement\":[{\"@type\":\"ListItem\",\"@id\":\"https:\\\/\\\/allasorias.hu\\\/hirek#listItem\",\"position\":1,\"name\":\"Home\",\"item\":\"https:\\\/\\\/allasorias.hu\\\/hirek\",\"nextItem\":{\"@type\":\"ListItem\",\"@id\":\"https:\\\/\\\/allasorias.hu\\\/hirek\\\/temak\\\/munkaeropiac\\\/#listItem\",\"name\":\"Munkaer\\u0151piac\"}},{\"@type\":\"ListItem\",\"@id\":\"https:\\\/\\\/allasorias.hu\\\/hirek\\\/temak\\\/munkaeropiac\\\/#listItem\",\"position\":2,\"name\":\"Munkaer\\u0151piac\",\"item\":\"https:\\\/\\\/allasorias.hu\\\/hirek\\\/temak\\\/munkaeropiac\\\/\",\"nextItem\":{\"@type\":\"ListItem\",\"@id\":\"https:\\\/\\\/allasorias.hu\\\/hirek\\\/elezodik-a-munkaeropiaci-helyzet\\\/#listItem\",\"name\":\"\\u00c9lez\\u0151dik a munkaer\\u0151piaci helyzet\"},\"previousItem\":{\"@type\":\"ListItem\",\"@id\":\"https:\\\/\\\/allasorias.hu\\\/hirek#listItem\",\"name\":\"Home\"}},{\"@type\":\"ListItem\",\"@id\":\"https:\\\/\\\/allasorias.hu\\\/hirek\\\/elezodik-a-munkaeropiaci-helyzet\\\/#listItem\",\"position\":3,\"name\":\"\\u00c9lez\\u0151dik a munkaer\\u0151piaci helyzet\",\"previousItem\":{\"@type\":\"ListItem\",\"@id\":\"https:\\\/\\\/allasorias.hu\\\/hirek\\\/temak\\\/munkaeropiac\\\/#listItem\",\"name\":\"Munkaer\\u0151piac\"}}]},{\"@type\":\"Organization\",\"@id\":\"https:\\\/\\\/allasorias.hu\\\/hirek\\\/#organization\",\"name\":\"AllasOrias.hu | H\\u00edrek-lapszemle\",\"description\":\"\\u00dczleti h\\u00edrek az \\u00e1ll\\u00e1s \\u00e9s a munka vil\\u00e1g\\u00e1b\\u00f3l\",\"url\":\"https:\\\/\\\/allasorias.hu\\\/hirek\\\/\",\"logo\":{\"@type\":\"ImageObject\",\"url\":\"https:\\\/\\\/allasorias.hu\\\/hirek\\\/wp-content\\\/uploads\\\/2022\\\/10\\\/allasorias_site_facebok_logo.png\",\"@id\":\"https:\\\/\\\/allasorias.hu\\\/hirek\\\/elezodik-a-munkaeropiaci-helyzet\\\/#organizationLogo\"},\"image\":{\"@id\":\"https:\\\/\\\/allasorias.hu\\\/hirek\\\/elezodik-a-munkaeropiaci-helyzet\\\/#organizationLogo\"},\"sameAs\":[\"https:\\\/\\\/www.facebook.com\\\/allasorias\",\"https:\\\/\\\/www.linkedin.com\\\/company\\\/allasorias\"]},{\"@type\":\"Person\",\"@id\":\"https:\\\/\\\/allasorias.hu\\\/hirek\\\/author\\\/admin-allasorias\\\/#author\",\"url\":\"https:\\\/\\\/allasorias.hu\\\/hirek\\\/author\\\/admin-allasorias\\\/\",\"name\":\"Juh\\u00e1sz P\\u00e9ter\",\"image\":{\"@type\":\"ImageObject\",\"@id\":\"https:\\\/\\\/allasorias.hu\\\/hirek\\\/elezodik-a-munkaeropiaci-helyzet\\\/#authorImage\",\"url\":\"https:\\\/\\\/secure.gravatar.com\\\/avatar\\\/36e6bcb83148978b992977cb0f54d22feb0cce8a0a849a9410532bb2623ba4c6?s=96&d=mm&r=g\",\"width\":96,\"height\":96,\"caption\":\"Juh\\u00e1sz P\\u00e9ter\"}},{\"@type\":\"WebPage\",\"@id\":\"https:\\\/\\\/allasorias.hu\\\/hirek\\\/elezodik-a-munkaeropiaci-helyzet\\\/#webpage\",\"url\":\"https:\\\/\\\/allasorias.hu\\\/hirek\\\/elezodik-a-munkaeropiaci-helyzet\\\/\",\"name\":\"\\u00c9lez\\u0151dik a munkaer\\u0151piaci helyzet | AllasOrias.hu | H\\u00edrek-lapszemle\",\"description\":\"A Work Force a 2021-es \\u00e9vben 14 partner\\u00e9nek mintegy ezer k\\u00fclf\\u00f6ldi munkav\\u00e1llal\\u00f3t k\\u00f6lcs\\u00f6nz\\u00f6tt, ez a tapasztalat kellett ahhoz, hogy a sz\\u00fcks\\u00e9ges min\\u0151s\\u00edt\\u00e9st megkaphass\\u00e1k. A Korm\\u00e1nyrendelet, ami lehet\\u0151v\\u00e9 teszi az \\u00fagynevezett harmadik orsz\\u00e1gb\\u00f3l \\u00e9rkezett munkav\\u00e1llal\\u00f3k k\\u00f6r\\u00e9nek kib\\u0151v\\u00edt\\u00e9s\\u00e9t azoknak a munkaer\\u0151-k\\u00f6lcs\\u00f6nz\\u0151 c\\u00e9gek sz\\u00e1m\\u00e1ra, akiket min\\u0151s\\u00edtett foglalkoztat\\u00f3k\\u00e9nt nyilv\\u00e1ntart\\u00e1sba vesznek, tavaly szeptembere \\u00f3ta van hat\\u00e1lyban. A szerb \\u00e9s ukr\\u00e1n\",\"inLanguage\":\"hu-HU\",\"isPartOf\":{\"@id\":\"https:\\\/\\\/allasorias.hu\\\/hirek\\\/#website\"},\"breadcrumb\":{\"@id\":\"https:\\\/\\\/allasorias.hu\\\/hirek\\\/elezodik-a-munkaeropiaci-helyzet\\\/#breadcrumblist\"},\"author\":{\"@id\":\"https:\\\/\\\/allasorias.hu\\\/hirek\\\/author\\\/admin-allasorias\\\/#author\"},\"creator\":{\"@id\":\"https:\\\/\\\/allasorias.hu\\\/hirek\\\/author\\\/admin-allasorias\\\/#author\"},\"image\":{\"@type\":\"ImageObject\",\"url\":\"https:\\\/\\\/allasorias.hu\\\/hirek\\\/wp-content\\\/uploads\\\/2019\\\/03\\\/munkaerokolcsonzes.png\",\"@id\":\"https:\\\/\\\/allasorias.hu\\\/hirek\\\/elezodik-a-munkaeropiaci-helyzet\\\/#mainImage\",\"width\":594,\"height\":282},\"primaryImageOfPage\":{\"@id\":\"https:\\\/\\\/allasorias.hu\\\/hirek\\\/elezodik-a-munkaeropiaci-helyzet\\\/#mainImage\"},\"datePublished\":\"2022-02-01T07:29:54+02:00\",\"dateModified\":\"2022-02-01T07:29:54+02:00\"},{\"@type\":\"WebSite\",\"@id\":\"https:\\\/\\\/allasorias.hu\\\/hirek\\\/#website\",\"url\":\"https:\\\/\\\/allasorias.hu\\\/hirek\\\/\",\"name\":\"AllasOrias.hu | H\\u00edrek-lapszemle\",\"description\":\"\\u00dczleti h\\u00edrek az \\u00e1ll\\u00e1s \\u00e9s a munka vil\\u00e1g\\u00e1b\\u00f3l\",\"inLanguage\":\"hu-HU\",\"publisher\":{\"@id\":\"https:\\\/\\\/allasorias.hu\\\/hirek\\\/#organization\"}}]}\n\t\t<\/script>\n\t\t<!-- All in One SEO -->\n\n","aioseo_head_json":{"title":"\u00c9lez\u0151dik a munkaer\u0151piaci helyzet | AllasOrias.hu | H\u00edrek-lapszemle","description":"A Work Force a 2021-es \u00e9vben 14 partner\u00e9nek mintegy ezer k\u00fclf\u00f6ldi munkav\u00e1llal\u00f3t k\u00f6lcs\u00f6nz\u00f6tt, ez a tapasztalat kellett ahhoz, hogy a sz\u00fcks\u00e9ges min\u0151s\u00edt\u00e9st megkaphass\u00e1k. A Korm\u00e1nyrendelet, ami lehet\u0151v\u00e9 teszi az \u00fagynevezett harmadik orsz\u00e1gb\u00f3l \u00e9rkezett munkav\u00e1llal\u00f3k k\u00f6r\u00e9nek kib\u0151v\u00edt\u00e9s\u00e9t azoknak a munkaer\u0151-k\u00f6lcs\u00f6nz\u0151 c\u00e9gek sz\u00e1m\u00e1ra, akiket min\u0151s\u00edtett foglalkoztat\u00f3k\u00e9nt nyilv\u00e1ntart\u00e1sba vesznek, tavaly szeptembere \u00f3ta van hat\u00e1lyban. A szerb \u00e9s ukr\u00e1n","canonical_url":"https:\/\/allasorias.hu\/hirek\/elezodik-a-munkaeropiaci-helyzet\/","robots":"max-image-preview:large","keywords":"","webmasterTools":{"miscellaneous":""},"schema":{"@context":"https:\/\/schema.org","@graph":[{"@type":"Article","@id":"https:\/\/allasorias.hu\/hirek\/elezodik-a-munkaeropiaci-helyzet\/#article","name":"\u00c9lez\u0151dik a munkaer\u0151piaci helyzet | AllasOrias.hu | H\u00edrek-lapszemle","headline":"\u00c9lez\u0151dik a munkaer\u0151piaci helyzet","author":{"@id":"https:\/\/allasorias.hu\/hirek\/author\/admin-allasorias\/#author"},"publisher":{"@id":"https:\/\/allasorias.hu\/hirek\/#organization"},"image":{"@type":"ImageObject","url":"https:\/\/allasorias.hu\/hirek\/wp-content\/uploads\/2019\/03\/munkaerokolcsonzes.png","width":594,"height":282},"datePublished":"2022-02-01T07:29:54+02:00","dateModified":"2022-02-01T07:29:54+02:00","inLanguage":"hu-HU","mainEntityOfPage":{"@id":"https:\/\/allasorias.hu\/hirek\/elezodik-a-munkaeropiaci-helyzet\/#webpage"},"isPartOf":{"@id":"https:\/\/allasorias.hu\/hirek\/elezodik-a-munkaeropiaci-helyzet\/#webpage"},"articleSection":"Munkaer\u0151piac"},{"@type":"BreadcrumbList","@id":"https:\/\/allasorias.hu\/hirek\/elezodik-a-munkaeropiaci-helyzet\/#breadcrumblist","itemListElement":[{"@type":"ListItem","@id":"https:\/\/allasorias.hu\/hirek#listItem","position":1,"name":"Home","item":"https:\/\/allasorias.hu\/hirek","nextItem":{"@type":"ListItem","@id":"https:\/\/allasorias.hu\/hirek\/temak\/munkaeropiac\/#listItem","name":"Munkaer\u0151piac"}},{"@type":"ListItem","@id":"https:\/\/allasorias.hu\/hirek\/temak\/munkaeropiac\/#listItem","position":2,"name":"Munkaer\u0151piac","item":"https:\/\/allasorias.hu\/hirek\/temak\/munkaeropiac\/","nextItem":{"@type":"ListItem","@id":"https:\/\/allasorias.hu\/hirek\/elezodik-a-munkaeropiaci-helyzet\/#listItem","name":"\u00c9lez\u0151dik a munkaer\u0151piaci helyzet"},"previousItem":{"@type":"ListItem","@id":"https:\/\/allasorias.hu\/hirek#listItem","name":"Home"}},{"@type":"ListItem","@id":"https:\/\/allasorias.hu\/hirek\/elezodik-a-munkaeropiaci-helyzet\/#listItem","position":3,"name":"\u00c9lez\u0151dik a munkaer\u0151piaci helyzet","previousItem":{"@type":"ListItem","@id":"https:\/\/allasorias.hu\/hirek\/temak\/munkaeropiac\/#listItem","name":"Munkaer\u0151piac"}}]},{"@type":"Organization","@id":"https:\/\/allasorias.hu\/hirek\/#organization","name":"AllasOrias.hu | H\u00edrek-lapszemle","description":"\u00dczleti h\u00edrek az \u00e1ll\u00e1s \u00e9s a munka vil\u00e1g\u00e1b\u00f3l","url":"https:\/\/allasorias.hu\/hirek\/","logo":{"@type":"ImageObject","url":"https:\/\/allasorias.hu\/hirek\/wp-content\/uploads\/2022\/10\/allasorias_site_facebok_logo.png","@id":"https:\/\/allasorias.hu\/hirek\/elezodik-a-munkaeropiaci-helyzet\/#organizationLogo"},"image":{"@id":"https:\/\/allasorias.hu\/hirek\/elezodik-a-munkaeropiaci-helyzet\/#organizationLogo"},"sameAs":["https:\/\/www.facebook.com\/allasorias","https:\/\/www.linkedin.com\/company\/allasorias"]},{"@type":"Person","@id":"https:\/\/allasorias.hu\/hirek\/author\/admin-allasorias\/#author","url":"https:\/\/allasorias.hu\/hirek\/author\/admin-allasorias\/","name":"Juh\u00e1sz P\u00e9ter","image":{"@type":"ImageObject","@id":"https:\/\/allasorias.hu\/hirek\/elezodik-a-munkaeropiaci-helyzet\/#authorImage","url":"https:\/\/secure.gravatar.com\/avatar\/36e6bcb83148978b992977cb0f54d22feb0cce8a0a849a9410532bb2623ba4c6?s=96&d=mm&r=g","width":96,"height":96,"caption":"Juh\u00e1sz P\u00e9ter"}},{"@type":"WebPage","@id":"https:\/\/allasorias.hu\/hirek\/elezodik-a-munkaeropiaci-helyzet\/#webpage","url":"https:\/\/allasorias.hu\/hirek\/elezodik-a-munkaeropiaci-helyzet\/","name":"\u00c9lez\u0151dik a munkaer\u0151piaci helyzet | AllasOrias.hu | H\u00edrek-lapszemle","description":"A Work Force a 2021-es \u00e9vben 14 partner\u00e9nek mintegy ezer k\u00fclf\u00f6ldi munkav\u00e1llal\u00f3t k\u00f6lcs\u00f6nz\u00f6tt, ez a tapasztalat kellett ahhoz, hogy a sz\u00fcks\u00e9ges min\u0151s\u00edt\u00e9st megkaphass\u00e1k. A Korm\u00e1nyrendelet, ami lehet\u0151v\u00e9 teszi az \u00fagynevezett harmadik orsz\u00e1gb\u00f3l \u00e9rkezett munkav\u00e1llal\u00f3k k\u00f6r\u00e9nek kib\u0151v\u00edt\u00e9s\u00e9t azoknak a munkaer\u0151-k\u00f6lcs\u00f6nz\u0151 c\u00e9gek sz\u00e1m\u00e1ra, akiket min\u0151s\u00edtett foglalkoztat\u00f3k\u00e9nt nyilv\u00e1ntart\u00e1sba vesznek, tavaly szeptembere \u00f3ta van hat\u00e1lyban. A szerb \u00e9s ukr\u00e1n","inLanguage":"hu-HU","isPartOf":{"@id":"https:\/\/allasorias.hu\/hirek\/#website"},"breadcrumb":{"@id":"https:\/\/allasorias.hu\/hirek\/elezodik-a-munkaeropiaci-helyzet\/#breadcrumblist"},"author":{"@id":"https:\/\/allasorias.hu\/hirek\/author\/admin-allasorias\/#author"},"creator":{"@id":"https:\/\/allasorias.hu\/hirek\/author\/admin-allasorias\/#author"},"image":{"@type":"ImageObject","url":"https:\/\/allasorias.hu\/hirek\/wp-content\/uploads\/2019\/03\/munkaerokolcsonzes.png","@id":"https:\/\/allasorias.hu\/hirek\/elezodik-a-munkaeropiaci-helyzet\/#mainImage","width":594,"height":282},"primaryImageOfPage":{"@id":"https:\/\/allasorias.hu\/hirek\/elezodik-a-munkaeropiaci-helyzet\/#mainImage"},"datePublished":"2022-02-01T07:29:54+02:00","dateModified":"2022-02-01T07:29:54+02:00"},{"@type":"WebSite","@id":"https:\/\/allasorias.hu\/hirek\/#website","url":"https:\/\/allasorias.hu\/hirek\/","name":"AllasOrias.hu | H\u00edrek-lapszemle","description":"\u00dczleti h\u00edrek az \u00e1ll\u00e1s \u00e9s a munka vil\u00e1g\u00e1b\u00f3l","inLanguage":"hu-HU","publisher":{"@id":"https:\/\/allasorias.hu\/hirek\/#organization"}}]},"og:locale":"hu_HU","og:site_name":"AllasOrias.hu | H\u00edrek-lapszemle | \u00dczleti h\u00edrek az \u00e1ll\u00e1s \u00e9s a munka vil\u00e1g\u00e1b\u00f3l","og:type":"article","og:title":"\u00c9lez\u0151dik a munkaer\u0151piaci helyzet | AllasOrias.hu | H\u00edrek-lapszemle","og:description":"A Work Force a 2021-es \u00e9vben 14 partner\u00e9nek mintegy ezer k\u00fclf\u00f6ldi munkav\u00e1llal\u00f3t k\u00f6lcs\u00f6nz\u00f6tt, ez a tapasztalat kellett ahhoz, hogy a sz\u00fcks\u00e9ges min\u0151s\u00edt\u00e9st megkaphass\u00e1k. A Korm\u00e1nyrendelet, ami lehet\u0151v\u00e9 teszi az \u00fagynevezett harmadik orsz\u00e1gb\u00f3l \u00e9rkezett munkav\u00e1llal\u00f3k k\u00f6r\u00e9nek kib\u0151v\u00edt\u00e9s\u00e9t azoknak a munkaer\u0151-k\u00f6lcs\u00f6nz\u0151 c\u00e9gek sz\u00e1m\u00e1ra, akiket min\u0151s\u00edtett foglalkoztat\u00f3k\u00e9nt nyilv\u00e1ntart\u00e1sba vesznek, tavaly szeptembere \u00f3ta van hat\u00e1lyban. A szerb \u00e9s ukr\u00e1n","og:url":"https:\/\/allasorias.hu\/hirek\/elezodik-a-munkaeropiaci-helyzet\/","og:image":"https:\/\/allasorias.hu\/hirek\/wp-content\/uploads\/2019\/03\/munkaerokolcsonzes.png","og:image:secure_url":"https:\/\/allasorias.hu\/hirek\/wp-content\/uploads\/2019\/03\/munkaerokolcsonzes.png","og:image:width":594,"og:image:height":282,"article:published_time":"2022-02-01T07:29:54+00:00","article:modified_time":"2022-02-01T07:29:54+00:00","article:publisher":"https:\/\/www.facebook.com\/allasorias","twitter:card":"summary_large_image","twitter:title":"\u00c9lez\u0151dik a munkaer\u0151piaci helyzet | AllasOrias.hu | H\u00edrek-lapszemle","twitter:description":"A Work Force a 2021-es \u00e9vben 14 partner\u00e9nek mintegy ezer k\u00fclf\u00f6ldi munkav\u00e1llal\u00f3t k\u00f6lcs\u00f6nz\u00f6tt, ez a tapasztalat kellett ahhoz, hogy a sz\u00fcks\u00e9ges min\u0151s\u00edt\u00e9st megkaphass\u00e1k. A Korm\u00e1nyrendelet, ami lehet\u0151v\u00e9 teszi az \u00fagynevezett harmadik orsz\u00e1gb\u00f3l \u00e9rkezett munkav\u00e1llal\u00f3k k\u00f6r\u00e9nek kib\u0151v\u00edt\u00e9s\u00e9t azoknak a munkaer\u0151-k\u00f6lcs\u00f6nz\u0151 c\u00e9gek sz\u00e1m\u00e1ra, akiket min\u0151s\u00edtett foglalkoztat\u00f3k\u00e9nt nyilv\u00e1ntart\u00e1sba vesznek, tavaly szeptembere \u00f3ta van hat\u00e1lyban. A szerb \u00e9s ukr\u00e1n","twitter:image":"https:\/\/allasorias.hu\/hirek\/wp-content\/uploads\/2019\/03\/munkaerokolcsonzes.png","twitter:label1":"Written by","twitter:data1":"Juh\u00e1sz P\u00e9ter","twitter:label2":"Est. reading time","twitter:data2":"3 minutes"},"aioseo_meta_data":{"post_id":"5358","title":null,"description":null,"keywords":[],"keyphrases":{"focus":[],"additional":[]},"primary_term":null,"canonical_url":null,"og_title":null,"og_description":null,"og_object_type":"default","og_image_type":"default","og_image_url":null,"og_image_width":null,"og_image_height":null,"og_image_custom_url":null,"og_image_custom_fields":null,"og_video":"","og_custom_url":null,"og_article_section":null,"og_article_tags":[],"twitter_use_og":false,"twitter_card":"default","twitter_image_type":"default","twitter_image_url":null,"twitter_image_custom_url":null,"twitter_image_custom_fields":null,"twitter_title":null,"twitter_description":null,"schema":{"blockGraphs":[],"customGraphs":[],"default":{"data":{"Article":[],"Course":[],"Dataset":[],"FAQPage":[],"Movie":[],"Person":[],"Product":[],"ProductReview":[],"Car":[],"Recipe":[],"Service":[],"SoftwareApplication":[],"WebPage":[]},"graphName":"","isEnabled":true},"graphs":[],"defaultGraph":"Article","defaultPostTypeGraph":""},"schema_type":"default","schema_type_options":"{\"article\":{\"articleType\":\"BlogPosting\"},\"course\":{\"name\":\"\",\"description\":\"\",\"provider\":\"\"},\"faq\":{\"pages\":[]},\"product\":{\"reviews\":[]},\"recipe\":{\"ingredients\":[],\"instructions\":[],\"keywords\":[]},\"software\":{\"reviews\":[],\"operatingSystems\":[]},\"webPage\":{\"webPageType\":\"WebPage\"}}","pillar_content":false,"robots_default":true,"robots_noindex":false,"robots_noarchive":false,"robots_nosnippet":false,"robots_nofollow":false,"robots_noimageindex":false,"robots_noodp":false,"robots_notranslate":false,"robots_max_snippet":"-1","robots_max_videopreview":"-1","robots_max_imagepreview":"large","priority":null,"frequency":"default","location":null,"local_seo":null,"breadcrumb_settings":null,"limit_modified_date":false,"ai":null,"created":"2022-02-01 07:27:18","updated":"2025-10-02 16:45:20","seo_analyzer_scan_date":null,"focus_keyword":null,"additional_keywords":null,"truseo_locale":null},"aioseo_breadcrumb":"<div class=\"aioseo-breadcrumbs\"><span class=\"aioseo-breadcrumb\">\n\t\t\t<a href=\"https:\/\/allasorias.hu\/hirek\" title=\"Home\">Home<\/a>\n\t\t<\/span><span class=\"aioseo-breadcrumb-separator\">&raquo;<\/span><span class=\"aioseo-breadcrumb\">\n\t\t\t<a href=\"https:\/\/allasorias.hu\/hirek\/temak\/munkaeropiac\/\" title=\"Munkaer\u0151piac\">Munkaer\u0151piac<\/a>\n\t\t<\/span><span class=\"aioseo-breadcrumb-separator\">&raquo;<\/span><span class=\"aioseo-breadcrumb\">\n\t\t\t\u00c9lez\u0151dik a munkaer\u0151piaci helyzet\n\t\t<\/span><\/div>","aioseo_breadcrumb_json":[{"label":"Home","link":"https:\/\/allasorias.hu\/hirek"},{"label":"Munkaer\u0151piac","link":"https:\/\/allasorias.hu\/hirek\/temak\/munkaeropiac\/"},{"label":"\u00c9lez\u0151dik a munkaer\u0151piaci helyzet","link":"https:\/\/allasorias.hu\/hirek\/elezodik-a-munkaeropiaci-helyzet\/"}],"_links":{"self":[{"href":"https:\/\/allasorias.hu\/hirek\/wp-json\/wp\/v2\/posts\/5358","targetHints":{"allow":["GET"]}}],"collection":[{"href":"https:\/\/allasorias.hu\/hirek\/wp-json\/wp\/v2\/posts"}],"about":[{"href":"https:\/\/allasorias.hu\/hirek\/wp-json\/wp\/v2\/types\/post"}],"author":[{"embeddable":true,"href":"https:\/\/allasorias.hu\/hirek\/wp-json\/wp\/v2\/users\/1"}],"replies":[{"embeddable":true,"href":"https:\/\/allasorias.hu\/hirek\/wp-json\/wp\/v2\/comments?post=5358"}],"version-history":[{"count":1,"href":"https:\/\/allasorias.hu\/hirek\/wp-json\/wp\/v2\/posts\/5358\/revisions"}],"predecessor-version":[{"id":5359,"href":"https:\/\/allasorias.hu\/hirek\/wp-json\/wp\/v2\/posts\/5358\/revisions\/5359"}],"wp:featuredmedia":[{"embeddable":true,"href":"https:\/\/allasorias.hu\/hirek\/wp-json\/wp\/v2\/media\/2671"}],"wp:attachment":[{"href":"https:\/\/allasorias.hu\/hirek\/wp-json\/wp\/v2\/media?parent=5358"}],"wp:term":[{"taxonomy":"category","embeddable":true,"href":"https:\/\/allasorias.hu\/hirek\/wp-json\/wp\/v2\/categories?post=5358"},{"taxonomy":"post_tag","embeddable":true,"href":"https:\/\/allasorias.hu\/hirek\/wp-json\/wp\/v2\/tags?post=5358"}],"curies":[{"name":"wp","href":"https:\/\/api.w.org\/{rel}","templated":true}]}}