{"id":5331,"date":"2022-01-19T08:39:02","date_gmt":"2022-01-19T08:39:02","guid":{"rendered":"https:\/\/allasorias.hu\/hirek\/?p=5331"},"modified":"2022-01-19T08:39:02","modified_gmt":"2022-01-19T08:39:02","slug":"kedvezoen-alakulnak-a-munkaberek","status":"publish","type":"post","link":"https:\/\/allasorias.hu\/hirek\/kedvezoen-alakulnak-a-munkaberek\/","title":{"rendered":"Kedvez\u0151en alakulnak a munkab\u00e9rek"},"content":{"rendered":"<p><strong>Az \u00e1ll\u00e1skeres\u00e9si j\u00e1rad\u00e9k a minim\u00e1lb\u00e9rrel megegyez\u0151en 200 ezer forintra n\u0151tt, a nyugd\u00edj el\u0151tti seg\u00e9ly \u00f6sszege csaknem 20 sz\u00e1zal\u00e9kkal emelkedett \u00e9s a munkaer\u0151piaci programok t\u00e1mogat\u00e1sait is 20 sz\u00e1zal\u00e9kkal emelt\u00e9k. Folyamatosan n\u0151nek a b\u00e9rek, k\u00e9tsz\u00e1mjegy\u0171 emel\u00e9s sok helyen kalkul\u00e1lhat\u00f3 a versenyszf\u00e9r\u00e1ban is \u2013 hangs\u00falyozta Bod\u00f3 S\u00e1ndor, az Innov\u00e1ci\u00f3s \u00e9s Technol\u00f3giai Miniszt\u00e9rium (ITM) foglalkoztat\u00e1spolitik\u00e1\u00e9rt felel\u0151s \u00e1llamtitk\u00e1ra az M1 m\u0171sor\u00e1ban.<\/strong><\/p>\n<p>Kiemelte, hogy a munkaer\u0151piacon kisz\u00e1m\u00edthat\u00f3 folyamatok zajlanak, a minim\u00e1lb\u00e9rhez kapcsol\u00f3d\u00f3 egy\u00e9b juttat\u00e1sok is emelkednek. Az \u00e1ll\u00e1skeres\u00e9si j\u00e1rad\u00e9k a minim\u00e1lb\u00e9rrel megegyez\u0151en 200 ezer forintra n\u0151tt, a nyugd\u00edj el\u0151tti seg\u00e9ly \u00f6sszege csaknem 20 sz\u00e1zal\u00e9kkal emelkedett \u00e9s a munkaer\u0151piaci programok t\u00e1mogat\u00e1sait is 20 sz\u00e1zal\u00e9kkal emelt\u00e9k. Ez a munkaad\u00f3k \u00e9s munkav\u00e1llal\u00f3k sz\u00e1m\u00e1ra egyform\u00e1n kedvez\u0151, mivel plusz forr\u00e1sok ker\u00fclnek a rendszerbe \u2013 mondta. K\u00f6z\u00f6lte azt is, a foglalkoztatottak sz\u00e1m\u00e1nak emelked\u00e9se folytat\u00f3dik \u2013 ez jelenleg 4,7 milli\u00f3 \u2013, a regisztr\u00e1lt \u00e1ll\u00e1skeres\u0151k sz\u00e1ma 240 ezer k\u00f6r\u00fcl alakul \u2013 mondta .Minden munkav\u00e1llal\u00f3 fontos, \u00edgy a v\u00e1llalkoz\u00e1sok munkaer\u0151t\u00e1mogat\u00e1sa elnevez\u00e9s\u0171 munkaer\u0151piaci program most is el\u00e9rhet\u0151, a megemelt \u00f6sszeggel tudj\u00e1k t\u00e1mogatni a programban r\u00e9szt vev\u0151ket \u2013 ismertette. Hozz\u00e1tette, hogy a munkaer\u0151piacon legink\u00e1bb h\u00e1tr\u00e1nyban l\u00e9v\u0151kre terjesztett\u00e9k ki a programot, az alacsony iskolai v\u00e9gzetts\u00e9g\u0171ekre, a hosszabb ideje regisztr\u00e1lt \u00e1ll\u00e1skeres\u0151kre, \u00e9s a fiatal szakk\u00e9pzettekre. Kit\u00e9rt arra is, hogy kett\u0151s k\u00e9pet mutat a munkaer\u0151piac: vannak olyan \u00e1gazatok, mint az \u00e9p\u00edt\u0151ipar, ahol neh\u00e9z j\u00f3 munkaer\u0151t tal\u00e1lni. \u00c9s m\u00e9g mindig van olyan \u00e1gazat, p\u00e9ld\u00e1ul a turizmus, ahol a j\u00e1rv\u00e1ny hat\u00e1sait m\u00e9g nem tudt\u00e1k kiheverni.<\/p>\n<p>Forr\u00e1s: hirado.hu,mti<\/p>\n","protected":false},"excerpt":{"rendered":"<p>Az \u00e1ll\u00e1skeres\u00e9si j\u00e1rad\u00e9k a minim\u00e1lb\u00e9rrel megegyez\u0151en 200 ezer forintra n\u0151tt, a nyugd\u00edj el\u0151tti seg\u00e9ly \u00f6sszege csaknem 20 sz\u00e1zal\u00e9kkal emelkedett \u00e9s a munkaer\u0151piaci programok t\u00e1mogat\u00e1sait is 20 sz\u00e1zal\u00e9kkal emelt\u00e9k. Folyamatosan n\u0151nek a b\u00e9rek, k\u00e9tsz\u00e1mjegy\u0171 emel\u00e9s sok helyen kalkul\u00e1lhat\u00f3 a versenyszf\u00e9r\u00e1ban is \u2013 hangs\u00falyozta Bod\u00f3 S\u00e1ndor, az Innov\u00e1ci\u00f3s \u00e9s Technol\u00f3giai Miniszt\u00e9rium (ITM) foglalkoztat\u00e1spolitik\u00e1\u00e9rt felel\u0151s \u00e1llamtitk\u00e1ra az M1 [&hellip;]<\/p>\n","protected":false},"author":1,"featured_media":4879,"comment_status":"open","ping_status":"open","sticky":false,"template":"","format":"standard","meta":{"_monsterinsights_skip_tracking":false,"footnotes":""},"categories":[200],"tags":[],"class_list":["post-5331","post","type-post","status-publish","format-standard","has-post-thumbnail","hentry","category-munkaeropiac"],"aioseo_notices":[],"aioseo_head":"\n\t\t<!-- All in One SEO 5.0.0.1 - aioseo.com -->\n\t<meta name=\"description\" content=\"Az \u00e1ll\u00e1skeres\u00e9si j\u00e1rad\u00e9k a minim\u00e1lb\u00e9rrel megegyez\u0151en 200 ezer forintra n\u0151tt, a nyugd\u00edj el\u0151tti seg\u00e9ly \u00f6sszege csaknem 20 sz\u00e1zal\u00e9kkal emelkedett \u00e9s a munkaer\u0151piaci programok t\u00e1mogat\u00e1sait is 20 sz\u00e1zal\u00e9kkal emelt\u00e9k. Folyamatosan n\u0151nek a b\u00e9rek, k\u00e9tsz\u00e1mjegy\u0171 emel\u00e9s sok helyen kalkul\u00e1lhat\u00f3 a versenyszf\u00e9r\u00e1ban is \u2013 hangs\u00falyozta Bod\u00f3 S\u00e1ndor, az Innov\u00e1ci\u00f3s \u00e9s Technol\u00f3giai Miniszt\u00e9rium (ITM) foglalkoztat\u00e1spolitik\u00e1\u00e9rt felel\u0151s \u00e1llamtitk\u00e1ra az M1\" \/>\n\t<meta name=\"robots\" content=\"max-image-preview:large\" \/>\n\t<meta name=\"author\" content=\"Juh\u00e1sz P\u00e9ter\"\/>\n\t<link rel=\"canonical\" href=\"https:\/\/allasorias.hu\/hirek\/kedvezoen-alakulnak-a-munkaberek\/\" \/>\n\t<meta name=\"generator\" content=\"All in One SEO (AIOSEO) 5.0.0.1\" \/>\n\t\t<meta property=\"og:locale\" content=\"hu_HU\" \/>\n\t\t<meta property=\"og:site_name\" content=\"AllasOrias.hu | H\u00edrek-lapszemle | \u00dczleti h\u00edrek az \u00e1ll\u00e1s \u00e9s a munka vil\u00e1g\u00e1b\u00f3l\" \/>\n\t\t<meta property=\"og:type\" content=\"article\" \/>\n\t\t<meta property=\"og:title\" content=\"Kedvez\u0151en alakulnak a munkab\u00e9rek | AllasOrias.hu | H\u00edrek-lapszemle\" \/>\n\t\t<meta property=\"og:description\" content=\"Az \u00e1ll\u00e1skeres\u00e9si j\u00e1rad\u00e9k a minim\u00e1lb\u00e9rrel megegyez\u0151en 200 ezer forintra n\u0151tt, a nyugd\u00edj el\u0151tti seg\u00e9ly \u00f6sszege csaknem 20 sz\u00e1zal\u00e9kkal emelkedett \u00e9s a munkaer\u0151piaci programok t\u00e1mogat\u00e1sait is 20 sz\u00e1zal\u00e9kkal emelt\u00e9k. Folyamatosan n\u0151nek a b\u00e9rek, k\u00e9tsz\u00e1mjegy\u0171 emel\u00e9s sok helyen kalkul\u00e1lhat\u00f3 a versenyszf\u00e9r\u00e1ban is \u2013 hangs\u00falyozta Bod\u00f3 S\u00e1ndor, az Innov\u00e1ci\u00f3s \u00e9s Technol\u00f3giai Miniszt\u00e9rium (ITM) foglalkoztat\u00e1spolitik\u00e1\u00e9rt felel\u0151s \u00e1llamtitk\u00e1ra az M1\" \/>\n\t\t<meta property=\"og:url\" content=\"https:\/\/allasorias.hu\/hirek\/kedvezoen-alakulnak-a-munkaberek\/\" \/>\n\t\t<meta property=\"og:image\" content=\"https:\/\/allasorias.hu\/hirek\/wp-content\/uploads\/2021\/06\/gazdasag-2.jpg\" \/>\n\t\t<meta property=\"og:image:secure_url\" content=\"https:\/\/allasorias.hu\/hirek\/wp-content\/uploads\/2021\/06\/gazdasag-2.jpg\" \/>\n\t\t<meta property=\"og:image:width\" content=\"1920\" \/>\n\t\t<meta property=\"og:image:height\" content=\"1280\" \/>\n\t\t<meta property=\"article:published_time\" content=\"2022-01-19T08:39:02+00:00\" \/>\n\t\t<meta property=\"article:modified_time\" content=\"2022-01-19T08:39:02+00:00\" \/>\n\t\t<meta property=\"article:publisher\" content=\"https:\/\/www.facebook.com\/allasorias\" \/>\n\t\t<meta name=\"twitter:card\" content=\"summary_large_image\" \/>\n\t\t<meta name=\"twitter:title\" content=\"Kedvez\u0151en alakulnak a munkab\u00e9rek | AllasOrias.hu | H\u00edrek-lapszemle\" \/>\n\t\t<meta name=\"twitter:description\" content=\"Az \u00e1ll\u00e1skeres\u00e9si j\u00e1rad\u00e9k a minim\u00e1lb\u00e9rrel megegyez\u0151en 200 ezer forintra n\u0151tt, a nyugd\u00edj el\u0151tti seg\u00e9ly \u00f6sszege csaknem 20 sz\u00e1zal\u00e9kkal emelkedett \u00e9s a munkaer\u0151piaci programok t\u00e1mogat\u00e1sait is 20 sz\u00e1zal\u00e9kkal emelt\u00e9k. Folyamatosan n\u0151nek a b\u00e9rek, k\u00e9tsz\u00e1mjegy\u0171 emel\u00e9s sok helyen kalkul\u00e1lhat\u00f3 a versenyszf\u00e9r\u00e1ban is \u2013 hangs\u00falyozta Bod\u00f3 S\u00e1ndor, az Innov\u00e1ci\u00f3s \u00e9s Technol\u00f3giai Miniszt\u00e9rium (ITM) foglalkoztat\u00e1spolitik\u00e1\u00e9rt felel\u0151s \u00e1llamtitk\u00e1ra az M1\" \/>\n\t\t<meta name=\"twitter:image\" content=\"https:\/\/allasorias.hu\/hirek\/wp-content\/uploads\/2021\/06\/gazdasag-2.jpg\" \/>\n\t\t<meta name=\"twitter:label1\" content=\"Written by\" \/>\n\t\t<meta name=\"twitter:data1\" content=\"Juh\u00e1sz P\u00e9ter\" \/>\n\t\t<meta name=\"twitter:label2\" content=\"Est. reading time\" \/>\n\t\t<meta name=\"twitter:data2\" content=\"2 minutes\" \/>\n\t\t<script type=\"application\/ld+json\" class=\"aioseo-schema\">\n\t\t\t{\"@context\":\"https:\\\/\\\/schema.org\",\"@graph\":[{\"@type\":\"Article\",\"@id\":\"https:\\\/\\\/allasorias.hu\\\/hirek\\\/kedvezoen-alakulnak-a-munkaberek\\\/#article\",\"name\":\"Kedvez\\u0151en alakulnak a munkab\\u00e9rek | AllasOrias.hu | H\\u00edrek-lapszemle\",\"headline\":\"Kedvez\\u0151en alakulnak a munkab\\u00e9rek\",\"author\":{\"@id\":\"https:\\\/\\\/allasorias.hu\\\/hirek\\\/author\\\/admin-allasorias\\\/#author\"},\"publisher\":{\"@id\":\"https:\\\/\\\/allasorias.hu\\\/hirek\\\/#organization\"},\"image\":{\"@type\":\"ImageObject\",\"url\":\"https:\\\/\\\/allasorias.hu\\\/hirek\\\/wp-content\\\/uploads\\\/2021\\\/06\\\/gazdasag-2.jpg\",\"width\":1920,\"height\":1280,\"caption\":\"Business man pressing high tech type of modern graph on a virtual background\"},\"datePublished\":\"2022-01-19T08:39:02+02:00\",\"dateModified\":\"2022-01-19T08:39:02+02:00\",\"inLanguage\":\"hu-HU\",\"mainEntityOfPage\":{\"@id\":\"https:\\\/\\\/allasorias.hu\\\/hirek\\\/kedvezoen-alakulnak-a-munkaberek\\\/#webpage\"},\"isPartOf\":{\"@id\":\"https:\\\/\\\/allasorias.hu\\\/hirek\\\/kedvezoen-alakulnak-a-munkaberek\\\/#webpage\"},\"articleSection\":\"Munkaer\\u0151piac\"},{\"@type\":\"BreadcrumbList\",\"@id\":\"https:\\\/\\\/allasorias.hu\\\/hirek\\\/kedvezoen-alakulnak-a-munkaberek\\\/#breadcrumblist\",\"itemListElement\":[{\"@type\":\"ListItem\",\"@id\":\"https:\\\/\\\/allasorias.hu\\\/hirek#listItem\",\"position\":1,\"name\":\"Home\",\"item\":\"https:\\\/\\\/allasorias.hu\\\/hirek\",\"nextItem\":{\"@type\":\"ListItem\",\"@id\":\"https:\\\/\\\/allasorias.hu\\\/hirek\\\/temak\\\/munkaeropiac\\\/#listItem\",\"name\":\"Munkaer\\u0151piac\"}},{\"@type\":\"ListItem\",\"@id\":\"https:\\\/\\\/allasorias.hu\\\/hirek\\\/temak\\\/munkaeropiac\\\/#listItem\",\"position\":2,\"name\":\"Munkaer\\u0151piac\",\"item\":\"https:\\\/\\\/allasorias.hu\\\/hirek\\\/temak\\\/munkaeropiac\\\/\",\"nextItem\":{\"@type\":\"ListItem\",\"@id\":\"https:\\\/\\\/allasorias.hu\\\/hirek\\\/kedvezoen-alakulnak-a-munkaberek\\\/#listItem\",\"name\":\"Kedvez\\u0151en alakulnak a munkab\\u00e9rek\"},\"previousItem\":{\"@type\":\"ListItem\",\"@id\":\"https:\\\/\\\/allasorias.hu\\\/hirek#listItem\",\"name\":\"Home\"}},{\"@type\":\"ListItem\",\"@id\":\"https:\\\/\\\/allasorias.hu\\\/hirek\\\/kedvezoen-alakulnak-a-munkaberek\\\/#listItem\",\"position\":3,\"name\":\"Kedvez\\u0151en alakulnak a munkab\\u00e9rek\",\"previousItem\":{\"@type\":\"ListItem\",\"@id\":\"https:\\\/\\\/allasorias.hu\\\/hirek\\\/temak\\\/munkaeropiac\\\/#listItem\",\"name\":\"Munkaer\\u0151piac\"}}]},{\"@type\":\"Organization\",\"@id\":\"https:\\\/\\\/allasorias.hu\\\/hirek\\\/#organization\",\"name\":\"AllasOrias.hu | H\\u00edrek-lapszemle\",\"description\":\"\\u00dczleti h\\u00edrek az \\u00e1ll\\u00e1s \\u00e9s a munka vil\\u00e1g\\u00e1b\\u00f3l\",\"url\":\"https:\\\/\\\/allasorias.hu\\\/hirek\\\/\",\"logo\":{\"@type\":\"ImageObject\",\"url\":\"https:\\\/\\\/allasorias.hu\\\/hirek\\\/wp-content\\\/uploads\\\/2022\\\/10\\\/allasorias_site_facebok_logo.png\",\"@id\":\"https:\\\/\\\/allasorias.hu\\\/hirek\\\/kedvezoen-alakulnak-a-munkaberek\\\/#organizationLogo\"},\"image\":{\"@id\":\"https:\\\/\\\/allasorias.hu\\\/hirek\\\/kedvezoen-alakulnak-a-munkaberek\\\/#organizationLogo\"},\"sameAs\":[\"https:\\\/\\\/www.facebook.com\\\/allasorias\",\"https:\\\/\\\/www.linkedin.com\\\/company\\\/allasorias\"]},{\"@type\":\"Person\",\"@id\":\"https:\\\/\\\/allasorias.hu\\\/hirek\\\/author\\\/admin-allasorias\\\/#author\",\"url\":\"https:\\\/\\\/allasorias.hu\\\/hirek\\\/author\\\/admin-allasorias\\\/\",\"name\":\"Juh\\u00e1sz P\\u00e9ter\",\"image\":{\"@type\":\"ImageObject\",\"@id\":\"https:\\\/\\\/allasorias.hu\\\/hirek\\\/kedvezoen-alakulnak-a-munkaberek\\\/#authorImage\",\"url\":\"https:\\\/\\\/secure.gravatar.com\\\/avatar\\\/36e6bcb83148978b992977cb0f54d22feb0cce8a0a849a9410532bb2623ba4c6?s=96&d=mm&r=g\",\"width\":96,\"height\":96,\"caption\":\"Juh\\u00e1sz P\\u00e9ter\"}},{\"@type\":\"WebPage\",\"@id\":\"https:\\\/\\\/allasorias.hu\\\/hirek\\\/kedvezoen-alakulnak-a-munkaberek\\\/#webpage\",\"url\":\"https:\\\/\\\/allasorias.hu\\\/hirek\\\/kedvezoen-alakulnak-a-munkaberek\\\/\",\"name\":\"Kedvez\\u0151en alakulnak a munkab\\u00e9rek | AllasOrias.hu | H\\u00edrek-lapszemle\",\"description\":\"Az \\u00e1ll\\u00e1skeres\\u00e9si j\\u00e1rad\\u00e9k a minim\\u00e1lb\\u00e9rrel megegyez\\u0151en 200 ezer forintra n\\u0151tt, a nyugd\\u00edj el\\u0151tti seg\\u00e9ly \\u00f6sszege csaknem 20 sz\\u00e1zal\\u00e9kkal emelkedett \\u00e9s a munkaer\\u0151piaci programok t\\u00e1mogat\\u00e1sait is 20 sz\\u00e1zal\\u00e9kkal emelt\\u00e9k. Folyamatosan n\\u0151nek a b\\u00e9rek, k\\u00e9tsz\\u00e1mjegy\\u0171 emel\\u00e9s sok helyen kalkul\\u00e1lhat\\u00f3 a versenyszf\\u00e9r\\u00e1ban is \\u2013 hangs\\u00falyozta Bod\\u00f3 S\\u00e1ndor, az Innov\\u00e1ci\\u00f3s \\u00e9s Technol\\u00f3giai Miniszt\\u00e9rium (ITM) foglalkoztat\\u00e1spolitik\\u00e1\\u00e9rt felel\\u0151s \\u00e1llamtitk\\u00e1ra az M1\",\"inLanguage\":\"hu-HU\",\"isPartOf\":{\"@id\":\"https:\\\/\\\/allasorias.hu\\\/hirek\\\/#website\"},\"breadcrumb\":{\"@id\":\"https:\\\/\\\/allasorias.hu\\\/hirek\\\/kedvezoen-alakulnak-a-munkaberek\\\/#breadcrumblist\"},\"author\":{\"@id\":\"https:\\\/\\\/allasorias.hu\\\/hirek\\\/author\\\/admin-allasorias\\\/#author\"},\"creator\":{\"@id\":\"https:\\\/\\\/allasorias.hu\\\/hirek\\\/author\\\/admin-allasorias\\\/#author\"},\"image\":{\"@type\":\"ImageObject\",\"url\":\"https:\\\/\\\/allasorias.hu\\\/hirek\\\/wp-content\\\/uploads\\\/2021\\\/06\\\/gazdasag-2.jpg\",\"@id\":\"https:\\\/\\\/allasorias.hu\\\/hirek\\\/kedvezoen-alakulnak-a-munkaberek\\\/#mainImage\",\"width\":1920,\"height\":1280,\"caption\":\"Business man pressing high tech type of modern graph on a virtual background\"},\"primaryImageOfPage\":{\"@id\":\"https:\\\/\\\/allasorias.hu\\\/hirek\\\/kedvezoen-alakulnak-a-munkaberek\\\/#mainImage\"},\"datePublished\":\"2022-01-19T08:39:02+02:00\",\"dateModified\":\"2022-01-19T08:39:02+02:00\"},{\"@type\":\"WebSite\",\"@id\":\"https:\\\/\\\/allasorias.hu\\\/hirek\\\/#website\",\"url\":\"https:\\\/\\\/allasorias.hu\\\/hirek\\\/\",\"name\":\"AllasOrias.hu | H\\u00edrek-lapszemle\",\"description\":\"\\u00dczleti h\\u00edrek az \\u00e1ll\\u00e1s \\u00e9s a munka vil\\u00e1g\\u00e1b\\u00f3l\",\"inLanguage\":\"hu-HU\",\"publisher\":{\"@id\":\"https:\\\/\\\/allasorias.hu\\\/hirek\\\/#organization\"}}]}\n\t\t<\/script>\n\t\t<!-- All in One SEO -->\n\n","aioseo_head_json":{"title":"Kedvez\u0151en alakulnak a munkab\u00e9rek | AllasOrias.hu | H\u00edrek-lapszemle","description":"Az \u00e1ll\u00e1skeres\u00e9si j\u00e1rad\u00e9k a minim\u00e1lb\u00e9rrel megegyez\u0151en 200 ezer forintra n\u0151tt, a nyugd\u00edj el\u0151tti seg\u00e9ly \u00f6sszege csaknem 20 sz\u00e1zal\u00e9kkal emelkedett \u00e9s a munkaer\u0151piaci programok t\u00e1mogat\u00e1sait is 20 sz\u00e1zal\u00e9kkal emelt\u00e9k. Folyamatosan n\u0151nek a b\u00e9rek, k\u00e9tsz\u00e1mjegy\u0171 emel\u00e9s sok helyen kalkul\u00e1lhat\u00f3 a versenyszf\u00e9r\u00e1ban is \u2013 hangs\u00falyozta Bod\u00f3 S\u00e1ndor, az Innov\u00e1ci\u00f3s \u00e9s Technol\u00f3giai Miniszt\u00e9rium (ITM) foglalkoztat\u00e1spolitik\u00e1\u00e9rt felel\u0151s \u00e1llamtitk\u00e1ra az M1","canonical_url":"https:\/\/allasorias.hu\/hirek\/kedvezoen-alakulnak-a-munkaberek\/","robots":"max-image-preview:large","keywords":"","webmasterTools":{"miscellaneous":""},"schema":{"@context":"https:\/\/schema.org","@graph":[{"@type":"Article","@id":"https:\/\/allasorias.hu\/hirek\/kedvezoen-alakulnak-a-munkaberek\/#article","name":"Kedvez\u0151en alakulnak a munkab\u00e9rek | AllasOrias.hu | H\u00edrek-lapszemle","headline":"Kedvez\u0151en alakulnak a munkab\u00e9rek","author":{"@id":"https:\/\/allasorias.hu\/hirek\/author\/admin-allasorias\/#author"},"publisher":{"@id":"https:\/\/allasorias.hu\/hirek\/#organization"},"image":{"@type":"ImageObject","url":"https:\/\/allasorias.hu\/hirek\/wp-content\/uploads\/2021\/06\/gazdasag-2.jpg","width":1920,"height":1280,"caption":"Business man pressing high tech type of modern graph on a virtual background"},"datePublished":"2022-01-19T08:39:02+02:00","dateModified":"2022-01-19T08:39:02+02:00","inLanguage":"hu-HU","mainEntityOfPage":{"@id":"https:\/\/allasorias.hu\/hirek\/kedvezoen-alakulnak-a-munkaberek\/#webpage"},"isPartOf":{"@id":"https:\/\/allasorias.hu\/hirek\/kedvezoen-alakulnak-a-munkaberek\/#webpage"},"articleSection":"Munkaer\u0151piac"},{"@type":"BreadcrumbList","@id":"https:\/\/allasorias.hu\/hirek\/kedvezoen-alakulnak-a-munkaberek\/#breadcrumblist","itemListElement":[{"@type":"ListItem","@id":"https:\/\/allasorias.hu\/hirek#listItem","position":1,"name":"Home","item":"https:\/\/allasorias.hu\/hirek","nextItem":{"@type":"ListItem","@id":"https:\/\/allasorias.hu\/hirek\/temak\/munkaeropiac\/#listItem","name":"Munkaer\u0151piac"}},{"@type":"ListItem","@id":"https:\/\/allasorias.hu\/hirek\/temak\/munkaeropiac\/#listItem","position":2,"name":"Munkaer\u0151piac","item":"https:\/\/allasorias.hu\/hirek\/temak\/munkaeropiac\/","nextItem":{"@type":"ListItem","@id":"https:\/\/allasorias.hu\/hirek\/kedvezoen-alakulnak-a-munkaberek\/#listItem","name":"Kedvez\u0151en alakulnak a munkab\u00e9rek"},"previousItem":{"@type":"ListItem","@id":"https:\/\/allasorias.hu\/hirek#listItem","name":"Home"}},{"@type":"ListItem","@id":"https:\/\/allasorias.hu\/hirek\/kedvezoen-alakulnak-a-munkaberek\/#listItem","position":3,"name":"Kedvez\u0151en alakulnak a munkab\u00e9rek","previousItem":{"@type":"ListItem","@id":"https:\/\/allasorias.hu\/hirek\/temak\/munkaeropiac\/#listItem","name":"Munkaer\u0151piac"}}]},{"@type":"Organization","@id":"https:\/\/allasorias.hu\/hirek\/#organization","name":"AllasOrias.hu | H\u00edrek-lapszemle","description":"\u00dczleti h\u00edrek az \u00e1ll\u00e1s \u00e9s a munka vil\u00e1g\u00e1b\u00f3l","url":"https:\/\/allasorias.hu\/hirek\/","logo":{"@type":"ImageObject","url":"https:\/\/allasorias.hu\/hirek\/wp-content\/uploads\/2022\/10\/allasorias_site_facebok_logo.png","@id":"https:\/\/allasorias.hu\/hirek\/kedvezoen-alakulnak-a-munkaberek\/#organizationLogo"},"image":{"@id":"https:\/\/allasorias.hu\/hirek\/kedvezoen-alakulnak-a-munkaberek\/#organizationLogo"},"sameAs":["https:\/\/www.facebook.com\/allasorias","https:\/\/www.linkedin.com\/company\/allasorias"]},{"@type":"Person","@id":"https:\/\/allasorias.hu\/hirek\/author\/admin-allasorias\/#author","url":"https:\/\/allasorias.hu\/hirek\/author\/admin-allasorias\/","name":"Juh\u00e1sz P\u00e9ter","image":{"@type":"ImageObject","@id":"https:\/\/allasorias.hu\/hirek\/kedvezoen-alakulnak-a-munkaberek\/#authorImage","url":"https:\/\/secure.gravatar.com\/avatar\/36e6bcb83148978b992977cb0f54d22feb0cce8a0a849a9410532bb2623ba4c6?s=96&d=mm&r=g","width":96,"height":96,"caption":"Juh\u00e1sz P\u00e9ter"}},{"@type":"WebPage","@id":"https:\/\/allasorias.hu\/hirek\/kedvezoen-alakulnak-a-munkaberek\/#webpage","url":"https:\/\/allasorias.hu\/hirek\/kedvezoen-alakulnak-a-munkaberek\/","name":"Kedvez\u0151en alakulnak a munkab\u00e9rek | AllasOrias.hu | H\u00edrek-lapszemle","description":"Az \u00e1ll\u00e1skeres\u00e9si j\u00e1rad\u00e9k a minim\u00e1lb\u00e9rrel megegyez\u0151en 200 ezer forintra n\u0151tt, a nyugd\u00edj el\u0151tti seg\u00e9ly \u00f6sszege csaknem 20 sz\u00e1zal\u00e9kkal emelkedett \u00e9s a munkaer\u0151piaci programok t\u00e1mogat\u00e1sait is 20 sz\u00e1zal\u00e9kkal emelt\u00e9k. Folyamatosan n\u0151nek a b\u00e9rek, k\u00e9tsz\u00e1mjegy\u0171 emel\u00e9s sok helyen kalkul\u00e1lhat\u00f3 a versenyszf\u00e9r\u00e1ban is \u2013 hangs\u00falyozta Bod\u00f3 S\u00e1ndor, az Innov\u00e1ci\u00f3s \u00e9s Technol\u00f3giai Miniszt\u00e9rium (ITM) foglalkoztat\u00e1spolitik\u00e1\u00e9rt felel\u0151s \u00e1llamtitk\u00e1ra az M1","inLanguage":"hu-HU","isPartOf":{"@id":"https:\/\/allasorias.hu\/hirek\/#website"},"breadcrumb":{"@id":"https:\/\/allasorias.hu\/hirek\/kedvezoen-alakulnak-a-munkaberek\/#breadcrumblist"},"author":{"@id":"https:\/\/allasorias.hu\/hirek\/author\/admin-allasorias\/#author"},"creator":{"@id":"https:\/\/allasorias.hu\/hirek\/author\/admin-allasorias\/#author"},"image":{"@type":"ImageObject","url":"https:\/\/allasorias.hu\/hirek\/wp-content\/uploads\/2021\/06\/gazdasag-2.jpg","@id":"https:\/\/allasorias.hu\/hirek\/kedvezoen-alakulnak-a-munkaberek\/#mainImage","width":1920,"height":1280,"caption":"Business man pressing high tech type of modern graph on a virtual background"},"primaryImageOfPage":{"@id":"https:\/\/allasorias.hu\/hirek\/kedvezoen-alakulnak-a-munkaberek\/#mainImage"},"datePublished":"2022-01-19T08:39:02+02:00","dateModified":"2022-01-19T08:39:02+02:00"},{"@type":"WebSite","@id":"https:\/\/allasorias.hu\/hirek\/#website","url":"https:\/\/allasorias.hu\/hirek\/","name":"AllasOrias.hu | H\u00edrek-lapszemle","description":"\u00dczleti h\u00edrek az \u00e1ll\u00e1s \u00e9s a munka vil\u00e1g\u00e1b\u00f3l","inLanguage":"hu-HU","publisher":{"@id":"https:\/\/allasorias.hu\/hirek\/#organization"}}]},"og:locale":"hu_HU","og:site_name":"AllasOrias.hu | H\u00edrek-lapszemle | \u00dczleti h\u00edrek az \u00e1ll\u00e1s \u00e9s a munka vil\u00e1g\u00e1b\u00f3l","og:type":"article","og:title":"Kedvez\u0151en alakulnak a munkab\u00e9rek | AllasOrias.hu | H\u00edrek-lapszemle","og:description":"Az \u00e1ll\u00e1skeres\u00e9si j\u00e1rad\u00e9k a minim\u00e1lb\u00e9rrel megegyez\u0151en 200 ezer forintra n\u0151tt, a nyugd\u00edj el\u0151tti seg\u00e9ly \u00f6sszege csaknem 20 sz\u00e1zal\u00e9kkal emelkedett \u00e9s a munkaer\u0151piaci programok t\u00e1mogat\u00e1sait is 20 sz\u00e1zal\u00e9kkal emelt\u00e9k. Folyamatosan n\u0151nek a b\u00e9rek, k\u00e9tsz\u00e1mjegy\u0171 emel\u00e9s sok helyen kalkul\u00e1lhat\u00f3 a versenyszf\u00e9r\u00e1ban is \u2013 hangs\u00falyozta Bod\u00f3 S\u00e1ndor, az Innov\u00e1ci\u00f3s \u00e9s Technol\u00f3giai Miniszt\u00e9rium (ITM) foglalkoztat\u00e1spolitik\u00e1\u00e9rt felel\u0151s \u00e1llamtitk\u00e1ra az M1","og:url":"https:\/\/allasorias.hu\/hirek\/kedvezoen-alakulnak-a-munkaberek\/","og:image":"https:\/\/allasorias.hu\/hirek\/wp-content\/uploads\/2021\/06\/gazdasag-2.jpg","og:image:secure_url":"https:\/\/allasorias.hu\/hirek\/wp-content\/uploads\/2021\/06\/gazdasag-2.jpg","og:image:width":1920,"og:image:height":1280,"article:published_time":"2022-01-19T08:39:02+00:00","article:modified_time":"2022-01-19T08:39:02+00:00","article:publisher":"https:\/\/www.facebook.com\/allasorias","twitter:card":"summary_large_image","twitter:title":"Kedvez\u0151en alakulnak a munkab\u00e9rek | AllasOrias.hu | H\u00edrek-lapszemle","twitter:description":"Az \u00e1ll\u00e1skeres\u00e9si j\u00e1rad\u00e9k a minim\u00e1lb\u00e9rrel megegyez\u0151en 200 ezer forintra n\u0151tt, a nyugd\u00edj el\u0151tti seg\u00e9ly \u00f6sszege csaknem 20 sz\u00e1zal\u00e9kkal emelkedett \u00e9s a munkaer\u0151piaci programok t\u00e1mogat\u00e1sait is 20 sz\u00e1zal\u00e9kkal emelt\u00e9k. Folyamatosan n\u0151nek a b\u00e9rek, k\u00e9tsz\u00e1mjegy\u0171 emel\u00e9s sok helyen kalkul\u00e1lhat\u00f3 a versenyszf\u00e9r\u00e1ban is \u2013 hangs\u00falyozta Bod\u00f3 S\u00e1ndor, az Innov\u00e1ci\u00f3s \u00e9s Technol\u00f3giai Miniszt\u00e9rium (ITM) foglalkoztat\u00e1spolitik\u00e1\u00e9rt felel\u0151s \u00e1llamtitk\u00e1ra az M1","twitter:image":"https:\/\/allasorias.hu\/hirek\/wp-content\/uploads\/2021\/06\/gazdasag-2.jpg","twitter:label1":"Written by","twitter:data1":"Juh\u00e1sz P\u00e9ter","twitter:label2":"Est. reading time","twitter:data2":"2 minutes"},"aioseo_meta_data":{"post_id":"5331","title":null,"description":null,"keywords":[],"keyphrases":{"focus":[],"additional":[]},"primary_term":null,"canonical_url":null,"og_title":null,"og_description":null,"og_object_type":"default","og_image_type":"default","og_image_url":null,"og_image_width":null,"og_image_height":null,"og_image_custom_url":null,"og_image_custom_fields":null,"og_video":"","og_custom_url":null,"og_article_section":null,"og_article_tags":[],"twitter_use_og":false,"twitter_card":"default","twitter_image_type":"default","twitter_image_url":null,"twitter_image_custom_url":null,"twitter_image_custom_fields":null,"twitter_title":null,"twitter_description":null,"schema":{"blockGraphs":[],"customGraphs":[],"default":{"data":{"Article":[],"Course":[],"Dataset":[],"FAQPage":[],"Movie":[],"Person":[],"Product":[],"ProductReview":[],"Car":[],"Recipe":[],"Service":[],"SoftwareApplication":[],"WebPage":[]},"graphName":"","isEnabled":true},"graphs":[],"defaultGraph":"Article","defaultPostTypeGraph":""},"schema_type":"default","schema_type_options":"{\"article\":{\"articleType\":\"BlogPosting\"},\"course\":{\"name\":\"\",\"description\":\"\",\"provider\":\"\"},\"faq\":{\"pages\":[]},\"product\":{\"reviews\":[]},\"recipe\":{\"ingredients\":[],\"instructions\":[],\"keywords\":[]},\"software\":{\"reviews\":[],\"operatingSystems\":[]},\"webPage\":{\"webPageType\":\"WebPage\"}}","pillar_content":false,"robots_default":true,"robots_noindex":false,"robots_noarchive":false,"robots_nosnippet":false,"robots_nofollow":false,"robots_noimageindex":false,"robots_noodp":false,"robots_notranslate":false,"robots_max_snippet":"-1","robots_max_videopreview":"-1","robots_max_imagepreview":"large","priority":null,"frequency":"default","location":null,"local_seo":null,"breadcrumb_settings":null,"limit_modified_date":false,"ai":null,"created":"2022-01-19 08:37:56","updated":"2025-10-02 16:44:34","seo_analyzer_scan_date":null,"focus_keyword":null,"additional_keywords":null,"truseo_locale":null},"aioseo_breadcrumb":"<div class=\"aioseo-breadcrumbs\"><span class=\"aioseo-breadcrumb\">\n\t\t\t<a href=\"https:\/\/allasorias.hu\/hirek\" title=\"Home\">Home<\/a>\n\t\t<\/span><span class=\"aioseo-breadcrumb-separator\">&raquo;<\/span><span class=\"aioseo-breadcrumb\">\n\t\t\t<a href=\"https:\/\/allasorias.hu\/hirek\/temak\/munkaeropiac\/\" title=\"Munkaer\u0151piac\">Munkaer\u0151piac<\/a>\n\t\t<\/span><span class=\"aioseo-breadcrumb-separator\">&raquo;<\/span><span class=\"aioseo-breadcrumb\">\n\t\t\tKedvez\u0151en alakulnak a munkab\u00e9rek\n\t\t<\/span><\/div>","aioseo_breadcrumb_json":[{"label":"Home","link":"https:\/\/allasorias.hu\/hirek"},{"label":"Munkaer\u0151piac","link":"https:\/\/allasorias.hu\/hirek\/temak\/munkaeropiac\/"},{"label":"Kedvez\u0151en alakulnak a munkab\u00e9rek","link":"https:\/\/allasorias.hu\/hirek\/kedvezoen-alakulnak-a-munkaberek\/"}],"_links":{"self":[{"href":"https:\/\/allasorias.hu\/hirek\/wp-json\/wp\/v2\/posts\/5331","targetHints":{"allow":["GET"]}}],"collection":[{"href":"https:\/\/allasorias.hu\/hirek\/wp-json\/wp\/v2\/posts"}],"about":[{"href":"https:\/\/allasorias.hu\/hirek\/wp-json\/wp\/v2\/types\/post"}],"author":[{"embeddable":true,"href":"https:\/\/allasorias.hu\/hirek\/wp-json\/wp\/v2\/users\/1"}],"replies":[{"embeddable":true,"href":"https:\/\/allasorias.hu\/hirek\/wp-json\/wp\/v2\/comments?post=5331"}],"version-history":[{"count":1,"href":"https:\/\/allasorias.hu\/hirek\/wp-json\/wp\/v2\/posts\/5331\/revisions"}],"predecessor-version":[{"id":5332,"href":"https:\/\/allasorias.hu\/hirek\/wp-json\/wp\/v2\/posts\/5331\/revisions\/5332"}],"wp:featuredmedia":[{"embeddable":true,"href":"https:\/\/allasorias.hu\/hirek\/wp-json\/wp\/v2\/media\/4879"}],"wp:attachment":[{"href":"https:\/\/allasorias.hu\/hirek\/wp-json\/wp\/v2\/media?parent=5331"}],"wp:term":[{"taxonomy":"category","embeddable":true,"href":"https:\/\/allasorias.hu\/hirek\/wp-json\/wp\/v2\/categories?post=5331"},{"taxonomy":"post_tag","embeddable":true,"href":"https:\/\/allasorias.hu\/hirek\/wp-json\/wp\/v2\/tags?post=5331"}],"curies":[{"name":"wp","href":"https:\/\/api.w.org\/{rel}","templated":true}]}}