{"id":5321,"date":"2022-01-14T07:38:29","date_gmt":"2022-01-14T07:38:29","guid":{"rendered":"https:\/\/allasorias.hu\/hirek\/?p=5321"},"modified":"2022-01-14T07:38:29","modified_gmt":"2022-01-14T07:38:29","slug":"szamitanak-a-megvaltozott-munkakepessegu-emberekre","status":"publish","type":"post","link":"https:\/\/allasorias.hu\/hirek\/szamitanak-a-megvaltozott-munkakepessegu-emberekre\/","title":{"rendered":"Sz\u00e1m\u00edtanak a megv\u00e1ltozott munkak\u00e9pess\u00e9g\u0171 emberekre"},"content":{"rendered":"<p><strong>Folyamatosan seg\u00edtik a megv\u00e1ltozott munkak\u00e9pess\u00e9g\u0171eket, akiknek &#8222;nem t\u0171nt el a munkav\u00e9gz\u0151 k\u00e9pess\u00e9g\u00fck&#8221;, a megmaradt munkak\u00e9pess\u00e9g\u00fcket &#8211; \u00e9rt\u00e9ket teremtve &#8211; m\u00e1soknak is meg tudj\u00e1k mutatni&#8221; \u2013 hangs\u00falyozta F\u00fcl\u00f6p Attila \u00e1llamtitk\u00e1r. A megv\u00e1ltozott munkak\u00e9pess\u00e9g\u0171 magyar emberek csaknem fele munk\u00e1b\u00f3l tartja el mag\u00e1t \u00e9s csal\u00e1dj\u00e1t\u00a0 &#8211; emelte ki az Emberi Er\u0151forr\u00e1sok Miniszt\u00e9rium\u00e1nak szoci\u00e1lis \u00fcgyek\u00e9rt felel\u0151s \u00e1llamtitk\u00e1ra\u00a0 Sz\u00e9kesfeh\u00e9rv\u00e1ron, a K\u00e9zm\u0171-, Erfo-, F\u0151kefe K\u00f6zhaszn\u00fa Nonprofit Kft. \u00faj telephely\u00e9nek \u00e1tad\u00e1s\u00e1n. <\/strong><\/p>\n<p>Folyamatosan seg\u00edtik a megv\u00e1ltozott munkak\u00e9pess\u00e9g\u0171eket, akiknek &#8222;nem t\u0171nt el a munkav\u00e9gz\u0151 k\u00e9pess\u00e9g\u00fck&#8221;, a megmaradt munkak\u00e9pess\u00e9g\u00fcket &#8211; \u00e9rt\u00e9ket teremtve &#8211; m\u00e1soknak is meg tudj\u00e1k mutatni&#8221;. Azt mondta, e c\u00e9lcsoport szoci\u00e1lis biztons\u00e1g\u00e1nak legfontosabb r\u00e9sze a munkahelyhez jut\u00e1s, ez\u00e9rt &#8222;ezt az utat tov\u00e1bb szeretn\u00e9 folytatni a korm\u00e1ny&#8221;. F\u00fcl\u00f6p Attila arr\u00f3l is besz\u00e9lt, hogy minden ilyen ter\u00fcleten megteremtett munkalehet\u0151s\u00e9g k\u00e9tszeresen is \u00e9rt\u00e9k: egyr\u00e9szt hozz\u00e1adott gazdas\u00e1gi \u00e9rt\u00e9ket teremtenek az eg\u00e9sz orsz\u00e1gnak, m\u00e1sr\u00e9szt a megv\u00e1ltozott munkak\u00e9pess\u00e9g\u0171 emberek rendszeres j\u00f6vedelemre tesznek szert, azaz az egy\u00e9ni l\u00e9tbiztons\u00e1got is szolg\u00e1lj\u00e1k.<\/p>\n<p>Forr\u00e1s: penzcentrum.hu<\/p>\n<p>&nbsp;<\/p>\n","protected":false},"excerpt":{"rendered":"<p>Folyamatosan seg\u00edtik a megv\u00e1ltozott munkak\u00e9pess\u00e9g\u0171eket, akiknek &#8222;nem t\u0171nt el a munkav\u00e9gz\u0151 k\u00e9pess\u00e9g\u00fck&#8221;, a megmaradt munkak\u00e9pess\u00e9g\u00fcket &#8211; \u00e9rt\u00e9ket teremtve &#8211; m\u00e1soknak is meg tudj\u00e1k mutatni&#8221; \u2013 hangs\u00falyozta F\u00fcl\u00f6p Attila \u00e1llamtitk\u00e1r. A megv\u00e1ltozott munkak\u00e9pess\u00e9g\u0171 magyar emberek csaknem fele munk\u00e1b\u00f3l tartja el mag\u00e1t \u00e9s csal\u00e1dj\u00e1t\u00a0 &#8211; emelte ki az Emberi Er\u0151forr\u00e1sok Miniszt\u00e9rium\u00e1nak szoci\u00e1lis \u00fcgyek\u00e9rt felel\u0151s \u00e1llamtitk\u00e1ra\u00a0 Sz\u00e9kesfeh\u00e9rv\u00e1ron, a [&hellip;]<\/p>\n","protected":false},"author":1,"featured_media":2263,"comment_status":"open","ping_status":"open","sticky":false,"template":"","format":"standard","meta":{"_monsterinsights_skip_tracking":false,"footnotes":""},"categories":[200],"tags":[],"class_list":["post-5321","post","type-post","status-publish","format-standard","has-post-thumbnail","hentry","category-munkaeropiac"],"aioseo_notices":[],"aioseo_head":"\n\t\t<!-- All in One SEO 5.0.0.1 - aioseo.com -->\n\t<meta name=\"description\" content=\"Folyamatosan seg\u00edtik a megv\u00e1ltozott munkak\u00e9pess\u00e9g\u0171eket, akiknek &quot;nem t\u0171nt el a munkav\u00e9gz\u0151 k\u00e9pess\u00e9g\u00fck&quot;, a megmaradt munkak\u00e9pess\u00e9g\u00fcket - \u00e9rt\u00e9ket teremtve - m\u00e1soknak is meg tudj\u00e1k mutatni&quot; \u2013 hangs\u00falyozta F\u00fcl\u00f6p Attila \u00e1llamtitk\u00e1r. A megv\u00e1ltozott munkak\u00e9pess\u00e9g\u0171 magyar emberek csaknem fele munk\u00e1b\u00f3l tartja el mag\u00e1t \u00e9s csal\u00e1dj\u00e1t - emelte ki az Emberi Er\u0151forr\u00e1sok Miniszt\u00e9rium\u00e1nak szoci\u00e1lis \u00fcgyek\u00e9rt felel\u0151s \u00e1llamtitk\u00e1ra Sz\u00e9kesfeh\u00e9rv\u00e1ron, a\" \/>\n\t<meta name=\"robots\" content=\"max-image-preview:large\" \/>\n\t<meta name=\"author\" content=\"Juh\u00e1sz P\u00e9ter\"\/>\n\t<link rel=\"canonical\" href=\"https:\/\/allasorias.hu\/hirek\/szamitanak-a-megvaltozott-munkakepessegu-emberekre\/\" \/>\n\t<meta name=\"generator\" content=\"All in One SEO (AIOSEO) 5.0.0.1\" \/>\n\t\t<meta property=\"og:locale\" content=\"hu_HU\" \/>\n\t\t<meta property=\"og:site_name\" content=\"AllasOrias.hu | H\u00edrek-lapszemle | \u00dczleti h\u00edrek az \u00e1ll\u00e1s \u00e9s a munka vil\u00e1g\u00e1b\u00f3l\" \/>\n\t\t<meta property=\"og:type\" content=\"article\" \/>\n\t\t<meta property=\"og:title\" content=\"Sz\u00e1m\u00edtanak a megv\u00e1ltozott munkak\u00e9pess\u00e9g\u0171 emberekre | AllasOrias.hu | H\u00edrek-lapszemle\" \/>\n\t\t<meta property=\"og:description\" content=\"Folyamatosan seg\u00edtik a megv\u00e1ltozott munkak\u00e9pess\u00e9g\u0171eket, akiknek &quot;nem t\u0171nt el a munkav\u00e9gz\u0151 k\u00e9pess\u00e9g\u00fck&quot;, a megmaradt munkak\u00e9pess\u00e9g\u00fcket - \u00e9rt\u00e9ket teremtve - m\u00e1soknak is meg tudj\u00e1k mutatni&quot; \u2013 hangs\u00falyozta F\u00fcl\u00f6p Attila \u00e1llamtitk\u00e1r. A megv\u00e1ltozott munkak\u00e9pess\u00e9g\u0171 magyar emberek csaknem fele munk\u00e1b\u00f3l tartja el mag\u00e1t \u00e9s csal\u00e1dj\u00e1t - emelte ki az Emberi Er\u0151forr\u00e1sok Miniszt\u00e9rium\u00e1nak szoci\u00e1lis \u00fcgyek\u00e9rt felel\u0151s \u00e1llamtitk\u00e1ra Sz\u00e9kesfeh\u00e9rv\u00e1ron, a\" \/>\n\t\t<meta property=\"og:url\" content=\"https:\/\/allasorias.hu\/hirek\/szamitanak-a-megvaltozott-munkakepessegu-emberekre\/\" \/>\n\t\t<meta property=\"og:image\" content=\"https:\/\/allasorias.hu\/hirek\/wp-content\/uploads\/2018\/12\/disabled-2199122_640.jpg\" \/>\n\t\t<meta property=\"og:image:secure_url\" content=\"https:\/\/allasorias.hu\/hirek\/wp-content\/uploads\/2018\/12\/disabled-2199122_640.jpg\" \/>\n\t\t<meta property=\"og:image:width\" content=\"640\" \/>\n\t\t<meta property=\"og:image:height\" content=\"425\" \/>\n\t\t<meta property=\"article:published_time\" content=\"2022-01-14T07:38:29+00:00\" \/>\n\t\t<meta property=\"article:modified_time\" content=\"2022-01-14T07:38:29+00:00\" \/>\n\t\t<meta property=\"article:publisher\" content=\"https:\/\/www.facebook.com\/allasorias\" \/>\n\t\t<meta name=\"twitter:card\" content=\"summary_large_image\" \/>\n\t\t<meta name=\"twitter:title\" content=\"Sz\u00e1m\u00edtanak a megv\u00e1ltozott munkak\u00e9pess\u00e9g\u0171 emberekre | AllasOrias.hu | H\u00edrek-lapszemle\" \/>\n\t\t<meta name=\"twitter:description\" content=\"Folyamatosan seg\u00edtik a megv\u00e1ltozott munkak\u00e9pess\u00e9g\u0171eket, akiknek &quot;nem t\u0171nt el a munkav\u00e9gz\u0151 k\u00e9pess\u00e9g\u00fck&quot;, a megmaradt munkak\u00e9pess\u00e9g\u00fcket - \u00e9rt\u00e9ket teremtve - m\u00e1soknak is meg tudj\u00e1k mutatni&quot; \u2013 hangs\u00falyozta F\u00fcl\u00f6p Attila \u00e1llamtitk\u00e1r. A megv\u00e1ltozott munkak\u00e9pess\u00e9g\u0171 magyar emberek csaknem fele munk\u00e1b\u00f3l tartja el mag\u00e1t \u00e9s csal\u00e1dj\u00e1t - emelte ki az Emberi Er\u0151forr\u00e1sok Miniszt\u00e9rium\u00e1nak szoci\u00e1lis \u00fcgyek\u00e9rt felel\u0151s \u00e1llamtitk\u00e1ra Sz\u00e9kesfeh\u00e9rv\u00e1ron, a\" \/>\n\t\t<meta name=\"twitter:image\" content=\"https:\/\/allasorias.hu\/hirek\/wp-content\/uploads\/2018\/12\/disabled-2199122_640.jpg\" \/>\n\t\t<meta name=\"twitter:label1\" content=\"Written by\" \/>\n\t\t<meta name=\"twitter:data1\" content=\"Juh\u00e1sz P\u00e9ter\" \/>\n\t\t<meta name=\"twitter:label2\" content=\"Est. reading time\" \/>\n\t\t<meta name=\"twitter:data2\" content=\"1 minute\" \/>\n\t\t<script type=\"application\/ld+json\" class=\"aioseo-schema\">\n\t\t\t{\"@context\":\"https:\\\/\\\/schema.org\",\"@graph\":[{\"@type\":\"Article\",\"@id\":\"https:\\\/\\\/allasorias.hu\\\/hirek\\\/szamitanak-a-megvaltozott-munkakepessegu-emberekre\\\/#article\",\"name\":\"Sz\\u00e1m\\u00edtanak a megv\\u00e1ltozott munkak\\u00e9pess\\u00e9g\\u0171 emberekre | AllasOrias.hu | H\\u00edrek-lapszemle\",\"headline\":\"Sz\\u00e1m\\u00edtanak a megv\\u00e1ltozott munkak\\u00e9pess\\u00e9g\\u0171 emberekre\",\"author\":{\"@id\":\"https:\\\/\\\/allasorias.hu\\\/hirek\\\/author\\\/admin-allasorias\\\/#author\"},\"publisher\":{\"@id\":\"https:\\\/\\\/allasorias.hu\\\/hirek\\\/#organization\"},\"image\":{\"@type\":\"ImageObject\",\"url\":\"https:\\\/\\\/allasorias.hu\\\/hirek\\\/wp-content\\\/uploads\\\/2018\\\/12\\\/disabled-2199122_640.jpg\",\"width\":640,\"height\":425},\"datePublished\":\"2022-01-14T07:38:29+02:00\",\"dateModified\":\"2022-01-14T07:38:29+02:00\",\"inLanguage\":\"hu-HU\",\"mainEntityOfPage\":{\"@id\":\"https:\\\/\\\/allasorias.hu\\\/hirek\\\/szamitanak-a-megvaltozott-munkakepessegu-emberekre\\\/#webpage\"},\"isPartOf\":{\"@id\":\"https:\\\/\\\/allasorias.hu\\\/hirek\\\/szamitanak-a-megvaltozott-munkakepessegu-emberekre\\\/#webpage\"},\"articleSection\":\"Munkaer\\u0151piac\"},{\"@type\":\"BreadcrumbList\",\"@id\":\"https:\\\/\\\/allasorias.hu\\\/hirek\\\/szamitanak-a-megvaltozott-munkakepessegu-emberekre\\\/#breadcrumblist\",\"itemListElement\":[{\"@type\":\"ListItem\",\"@id\":\"https:\\\/\\\/allasorias.hu\\\/hirek#listItem\",\"position\":1,\"name\":\"Home\",\"item\":\"https:\\\/\\\/allasorias.hu\\\/hirek\",\"nextItem\":{\"@type\":\"ListItem\",\"@id\":\"https:\\\/\\\/allasorias.hu\\\/hirek\\\/temak\\\/munkaeropiac\\\/#listItem\",\"name\":\"Munkaer\\u0151piac\"}},{\"@type\":\"ListItem\",\"@id\":\"https:\\\/\\\/allasorias.hu\\\/hirek\\\/temak\\\/munkaeropiac\\\/#listItem\",\"position\":2,\"name\":\"Munkaer\\u0151piac\",\"item\":\"https:\\\/\\\/allasorias.hu\\\/hirek\\\/temak\\\/munkaeropiac\\\/\",\"nextItem\":{\"@type\":\"ListItem\",\"@id\":\"https:\\\/\\\/allasorias.hu\\\/hirek\\\/szamitanak-a-megvaltozott-munkakepessegu-emberekre\\\/#listItem\",\"name\":\"Sz\\u00e1m\\u00edtanak a megv\\u00e1ltozott munkak\\u00e9pess\\u00e9g\\u0171 emberekre\"},\"previousItem\":{\"@type\":\"ListItem\",\"@id\":\"https:\\\/\\\/allasorias.hu\\\/hirek#listItem\",\"name\":\"Home\"}},{\"@type\":\"ListItem\",\"@id\":\"https:\\\/\\\/allasorias.hu\\\/hirek\\\/szamitanak-a-megvaltozott-munkakepessegu-emberekre\\\/#listItem\",\"position\":3,\"name\":\"Sz\\u00e1m\\u00edtanak a megv\\u00e1ltozott munkak\\u00e9pess\\u00e9g\\u0171 emberekre\",\"previousItem\":{\"@type\":\"ListItem\",\"@id\":\"https:\\\/\\\/allasorias.hu\\\/hirek\\\/temak\\\/munkaeropiac\\\/#listItem\",\"name\":\"Munkaer\\u0151piac\"}}]},{\"@type\":\"Organization\",\"@id\":\"https:\\\/\\\/allasorias.hu\\\/hirek\\\/#organization\",\"name\":\"AllasOrias.hu | H\\u00edrek-lapszemle\",\"description\":\"\\u00dczleti h\\u00edrek az \\u00e1ll\\u00e1s \\u00e9s a munka vil\\u00e1g\\u00e1b\\u00f3l\",\"url\":\"https:\\\/\\\/allasorias.hu\\\/hirek\\\/\",\"logo\":{\"@type\":\"ImageObject\",\"url\":\"https:\\\/\\\/allasorias.hu\\\/hirek\\\/wp-content\\\/uploads\\\/2022\\\/10\\\/allasorias_site_facebok_logo.png\",\"@id\":\"https:\\\/\\\/allasorias.hu\\\/hirek\\\/szamitanak-a-megvaltozott-munkakepessegu-emberekre\\\/#organizationLogo\"},\"image\":{\"@id\":\"https:\\\/\\\/allasorias.hu\\\/hirek\\\/szamitanak-a-megvaltozott-munkakepessegu-emberekre\\\/#organizationLogo\"},\"sameAs\":[\"https:\\\/\\\/www.facebook.com\\\/allasorias\",\"https:\\\/\\\/www.linkedin.com\\\/company\\\/allasorias\"]},{\"@type\":\"Person\",\"@id\":\"https:\\\/\\\/allasorias.hu\\\/hirek\\\/author\\\/admin-allasorias\\\/#author\",\"url\":\"https:\\\/\\\/allasorias.hu\\\/hirek\\\/author\\\/admin-allasorias\\\/\",\"name\":\"Juh\\u00e1sz P\\u00e9ter\",\"image\":{\"@type\":\"ImageObject\",\"@id\":\"https:\\\/\\\/allasorias.hu\\\/hirek\\\/szamitanak-a-megvaltozott-munkakepessegu-emberekre\\\/#authorImage\",\"url\":\"https:\\\/\\\/secure.gravatar.com\\\/avatar\\\/36e6bcb83148978b992977cb0f54d22feb0cce8a0a849a9410532bb2623ba4c6?s=96&d=mm&r=g\",\"width\":96,\"height\":96,\"caption\":\"Juh\\u00e1sz P\\u00e9ter\"}},{\"@type\":\"WebPage\",\"@id\":\"https:\\\/\\\/allasorias.hu\\\/hirek\\\/szamitanak-a-megvaltozott-munkakepessegu-emberekre\\\/#webpage\",\"url\":\"https:\\\/\\\/allasorias.hu\\\/hirek\\\/szamitanak-a-megvaltozott-munkakepessegu-emberekre\\\/\",\"name\":\"Sz\\u00e1m\\u00edtanak a megv\\u00e1ltozott munkak\\u00e9pess\\u00e9g\\u0171 emberekre | AllasOrias.hu | H\\u00edrek-lapszemle\",\"description\":\"Folyamatosan seg\\u00edtik a megv\\u00e1ltozott munkak\\u00e9pess\\u00e9g\\u0171eket, akiknek \\\"nem t\\u0171nt el a munkav\\u00e9gz\\u0151 k\\u00e9pess\\u00e9g\\u00fck\\\", a megmaradt munkak\\u00e9pess\\u00e9g\\u00fcket - \\u00e9rt\\u00e9ket teremtve - m\\u00e1soknak is meg tudj\\u00e1k mutatni\\\" \\u2013 hangs\\u00falyozta F\\u00fcl\\u00f6p Attila \\u00e1llamtitk\\u00e1r. A megv\\u00e1ltozott munkak\\u00e9pess\\u00e9g\\u0171 magyar emberek csaknem fele munk\\u00e1b\\u00f3l tartja el mag\\u00e1t \\u00e9s csal\\u00e1dj\\u00e1t - emelte ki az Emberi Er\\u0151forr\\u00e1sok Miniszt\\u00e9rium\\u00e1nak szoci\\u00e1lis \\u00fcgyek\\u00e9rt felel\\u0151s \\u00e1llamtitk\\u00e1ra Sz\\u00e9kesfeh\\u00e9rv\\u00e1ron, a\",\"inLanguage\":\"hu-HU\",\"isPartOf\":{\"@id\":\"https:\\\/\\\/allasorias.hu\\\/hirek\\\/#website\"},\"breadcrumb\":{\"@id\":\"https:\\\/\\\/allasorias.hu\\\/hirek\\\/szamitanak-a-megvaltozott-munkakepessegu-emberekre\\\/#breadcrumblist\"},\"author\":{\"@id\":\"https:\\\/\\\/allasorias.hu\\\/hirek\\\/author\\\/admin-allasorias\\\/#author\"},\"creator\":{\"@id\":\"https:\\\/\\\/allasorias.hu\\\/hirek\\\/author\\\/admin-allasorias\\\/#author\"},\"image\":{\"@type\":\"ImageObject\",\"url\":\"https:\\\/\\\/allasorias.hu\\\/hirek\\\/wp-content\\\/uploads\\\/2018\\\/12\\\/disabled-2199122_640.jpg\",\"@id\":\"https:\\\/\\\/allasorias.hu\\\/hirek\\\/szamitanak-a-megvaltozott-munkakepessegu-emberekre\\\/#mainImage\",\"width\":640,\"height\":425},\"primaryImageOfPage\":{\"@id\":\"https:\\\/\\\/allasorias.hu\\\/hirek\\\/szamitanak-a-megvaltozott-munkakepessegu-emberekre\\\/#mainImage\"},\"datePublished\":\"2022-01-14T07:38:29+02:00\",\"dateModified\":\"2022-01-14T07:38:29+02:00\"},{\"@type\":\"WebSite\",\"@id\":\"https:\\\/\\\/allasorias.hu\\\/hirek\\\/#website\",\"url\":\"https:\\\/\\\/allasorias.hu\\\/hirek\\\/\",\"name\":\"AllasOrias.hu | H\\u00edrek-lapszemle\",\"description\":\"\\u00dczleti h\\u00edrek az \\u00e1ll\\u00e1s \\u00e9s a munka vil\\u00e1g\\u00e1b\\u00f3l\",\"inLanguage\":\"hu-HU\",\"publisher\":{\"@id\":\"https:\\\/\\\/allasorias.hu\\\/hirek\\\/#organization\"}}]}\n\t\t<\/script>\n\t\t<!-- All in One SEO -->\n\n","aioseo_head_json":{"title":"Sz\u00e1m\u00edtanak a megv\u00e1ltozott munkak\u00e9pess\u00e9g\u0171 emberekre | AllasOrias.hu | H\u00edrek-lapszemle","description":"Folyamatosan seg\u00edtik a megv\u00e1ltozott munkak\u00e9pess\u00e9g\u0171eket, akiknek \"nem t\u0171nt el a munkav\u00e9gz\u0151 k\u00e9pess\u00e9g\u00fck\", a megmaradt munkak\u00e9pess\u00e9g\u00fcket - \u00e9rt\u00e9ket teremtve - m\u00e1soknak is meg tudj\u00e1k mutatni\" \u2013 hangs\u00falyozta F\u00fcl\u00f6p Attila \u00e1llamtitk\u00e1r. A megv\u00e1ltozott munkak\u00e9pess\u00e9g\u0171 magyar emberek csaknem fele munk\u00e1b\u00f3l tartja el mag\u00e1t \u00e9s csal\u00e1dj\u00e1t - emelte ki az Emberi Er\u0151forr\u00e1sok Miniszt\u00e9rium\u00e1nak szoci\u00e1lis \u00fcgyek\u00e9rt felel\u0151s \u00e1llamtitk\u00e1ra Sz\u00e9kesfeh\u00e9rv\u00e1ron, a","canonical_url":"https:\/\/allasorias.hu\/hirek\/szamitanak-a-megvaltozott-munkakepessegu-emberekre\/","robots":"max-image-preview:large","keywords":"","webmasterTools":{"miscellaneous":""},"schema":{"@context":"https:\/\/schema.org","@graph":[{"@type":"Article","@id":"https:\/\/allasorias.hu\/hirek\/szamitanak-a-megvaltozott-munkakepessegu-emberekre\/#article","name":"Sz\u00e1m\u00edtanak a megv\u00e1ltozott munkak\u00e9pess\u00e9g\u0171 emberekre | AllasOrias.hu | H\u00edrek-lapszemle","headline":"Sz\u00e1m\u00edtanak a megv\u00e1ltozott munkak\u00e9pess\u00e9g\u0171 emberekre","author":{"@id":"https:\/\/allasorias.hu\/hirek\/author\/admin-allasorias\/#author"},"publisher":{"@id":"https:\/\/allasorias.hu\/hirek\/#organization"},"image":{"@type":"ImageObject","url":"https:\/\/allasorias.hu\/hirek\/wp-content\/uploads\/2018\/12\/disabled-2199122_640.jpg","width":640,"height":425},"datePublished":"2022-01-14T07:38:29+02:00","dateModified":"2022-01-14T07:38:29+02:00","inLanguage":"hu-HU","mainEntityOfPage":{"@id":"https:\/\/allasorias.hu\/hirek\/szamitanak-a-megvaltozott-munkakepessegu-emberekre\/#webpage"},"isPartOf":{"@id":"https:\/\/allasorias.hu\/hirek\/szamitanak-a-megvaltozott-munkakepessegu-emberekre\/#webpage"},"articleSection":"Munkaer\u0151piac"},{"@type":"BreadcrumbList","@id":"https:\/\/allasorias.hu\/hirek\/szamitanak-a-megvaltozott-munkakepessegu-emberekre\/#breadcrumblist","itemListElement":[{"@type":"ListItem","@id":"https:\/\/allasorias.hu\/hirek#listItem","position":1,"name":"Home","item":"https:\/\/allasorias.hu\/hirek","nextItem":{"@type":"ListItem","@id":"https:\/\/allasorias.hu\/hirek\/temak\/munkaeropiac\/#listItem","name":"Munkaer\u0151piac"}},{"@type":"ListItem","@id":"https:\/\/allasorias.hu\/hirek\/temak\/munkaeropiac\/#listItem","position":2,"name":"Munkaer\u0151piac","item":"https:\/\/allasorias.hu\/hirek\/temak\/munkaeropiac\/","nextItem":{"@type":"ListItem","@id":"https:\/\/allasorias.hu\/hirek\/szamitanak-a-megvaltozott-munkakepessegu-emberekre\/#listItem","name":"Sz\u00e1m\u00edtanak a megv\u00e1ltozott munkak\u00e9pess\u00e9g\u0171 emberekre"},"previousItem":{"@type":"ListItem","@id":"https:\/\/allasorias.hu\/hirek#listItem","name":"Home"}},{"@type":"ListItem","@id":"https:\/\/allasorias.hu\/hirek\/szamitanak-a-megvaltozott-munkakepessegu-emberekre\/#listItem","position":3,"name":"Sz\u00e1m\u00edtanak a megv\u00e1ltozott munkak\u00e9pess\u00e9g\u0171 emberekre","previousItem":{"@type":"ListItem","@id":"https:\/\/allasorias.hu\/hirek\/temak\/munkaeropiac\/#listItem","name":"Munkaer\u0151piac"}}]},{"@type":"Organization","@id":"https:\/\/allasorias.hu\/hirek\/#organization","name":"AllasOrias.hu | H\u00edrek-lapszemle","description":"\u00dczleti h\u00edrek az \u00e1ll\u00e1s \u00e9s a munka vil\u00e1g\u00e1b\u00f3l","url":"https:\/\/allasorias.hu\/hirek\/","logo":{"@type":"ImageObject","url":"https:\/\/allasorias.hu\/hirek\/wp-content\/uploads\/2022\/10\/allasorias_site_facebok_logo.png","@id":"https:\/\/allasorias.hu\/hirek\/szamitanak-a-megvaltozott-munkakepessegu-emberekre\/#organizationLogo"},"image":{"@id":"https:\/\/allasorias.hu\/hirek\/szamitanak-a-megvaltozott-munkakepessegu-emberekre\/#organizationLogo"},"sameAs":["https:\/\/www.facebook.com\/allasorias","https:\/\/www.linkedin.com\/company\/allasorias"]},{"@type":"Person","@id":"https:\/\/allasorias.hu\/hirek\/author\/admin-allasorias\/#author","url":"https:\/\/allasorias.hu\/hirek\/author\/admin-allasorias\/","name":"Juh\u00e1sz P\u00e9ter","image":{"@type":"ImageObject","@id":"https:\/\/allasorias.hu\/hirek\/szamitanak-a-megvaltozott-munkakepessegu-emberekre\/#authorImage","url":"https:\/\/secure.gravatar.com\/avatar\/36e6bcb83148978b992977cb0f54d22feb0cce8a0a849a9410532bb2623ba4c6?s=96&d=mm&r=g","width":96,"height":96,"caption":"Juh\u00e1sz P\u00e9ter"}},{"@type":"WebPage","@id":"https:\/\/allasorias.hu\/hirek\/szamitanak-a-megvaltozott-munkakepessegu-emberekre\/#webpage","url":"https:\/\/allasorias.hu\/hirek\/szamitanak-a-megvaltozott-munkakepessegu-emberekre\/","name":"Sz\u00e1m\u00edtanak a megv\u00e1ltozott munkak\u00e9pess\u00e9g\u0171 emberekre | AllasOrias.hu | H\u00edrek-lapszemle","description":"Folyamatosan seg\u00edtik a megv\u00e1ltozott munkak\u00e9pess\u00e9g\u0171eket, akiknek \"nem t\u0171nt el a munkav\u00e9gz\u0151 k\u00e9pess\u00e9g\u00fck\", a megmaradt munkak\u00e9pess\u00e9g\u00fcket - \u00e9rt\u00e9ket teremtve - m\u00e1soknak is meg tudj\u00e1k mutatni\" \u2013 hangs\u00falyozta F\u00fcl\u00f6p Attila \u00e1llamtitk\u00e1r. A megv\u00e1ltozott munkak\u00e9pess\u00e9g\u0171 magyar emberek csaknem fele munk\u00e1b\u00f3l tartja el mag\u00e1t \u00e9s csal\u00e1dj\u00e1t - emelte ki az Emberi Er\u0151forr\u00e1sok Miniszt\u00e9rium\u00e1nak szoci\u00e1lis \u00fcgyek\u00e9rt felel\u0151s \u00e1llamtitk\u00e1ra Sz\u00e9kesfeh\u00e9rv\u00e1ron, a","inLanguage":"hu-HU","isPartOf":{"@id":"https:\/\/allasorias.hu\/hirek\/#website"},"breadcrumb":{"@id":"https:\/\/allasorias.hu\/hirek\/szamitanak-a-megvaltozott-munkakepessegu-emberekre\/#breadcrumblist"},"author":{"@id":"https:\/\/allasorias.hu\/hirek\/author\/admin-allasorias\/#author"},"creator":{"@id":"https:\/\/allasorias.hu\/hirek\/author\/admin-allasorias\/#author"},"image":{"@type":"ImageObject","url":"https:\/\/allasorias.hu\/hirek\/wp-content\/uploads\/2018\/12\/disabled-2199122_640.jpg","@id":"https:\/\/allasorias.hu\/hirek\/szamitanak-a-megvaltozott-munkakepessegu-emberekre\/#mainImage","width":640,"height":425},"primaryImageOfPage":{"@id":"https:\/\/allasorias.hu\/hirek\/szamitanak-a-megvaltozott-munkakepessegu-emberekre\/#mainImage"},"datePublished":"2022-01-14T07:38:29+02:00","dateModified":"2022-01-14T07:38:29+02:00"},{"@type":"WebSite","@id":"https:\/\/allasorias.hu\/hirek\/#website","url":"https:\/\/allasorias.hu\/hirek\/","name":"AllasOrias.hu | H\u00edrek-lapszemle","description":"\u00dczleti h\u00edrek az \u00e1ll\u00e1s \u00e9s a munka vil\u00e1g\u00e1b\u00f3l","inLanguage":"hu-HU","publisher":{"@id":"https:\/\/allasorias.hu\/hirek\/#organization"}}]},"og:locale":"hu_HU","og:site_name":"AllasOrias.hu | H\u00edrek-lapszemle | \u00dczleti h\u00edrek az \u00e1ll\u00e1s \u00e9s a munka vil\u00e1g\u00e1b\u00f3l","og:type":"article","og:title":"Sz\u00e1m\u00edtanak a megv\u00e1ltozott munkak\u00e9pess\u00e9g\u0171 emberekre | AllasOrias.hu | H\u00edrek-lapszemle","og:description":"Folyamatosan seg\u00edtik a megv\u00e1ltozott munkak\u00e9pess\u00e9g\u0171eket, akiknek &quot;nem t\u0171nt el a munkav\u00e9gz\u0151 k\u00e9pess\u00e9g\u00fck&quot;, a megmaradt munkak\u00e9pess\u00e9g\u00fcket - \u00e9rt\u00e9ket teremtve - m\u00e1soknak is meg tudj\u00e1k mutatni&quot; \u2013 hangs\u00falyozta F\u00fcl\u00f6p Attila \u00e1llamtitk\u00e1r. A megv\u00e1ltozott munkak\u00e9pess\u00e9g\u0171 magyar emberek csaknem fele munk\u00e1b\u00f3l tartja el mag\u00e1t \u00e9s csal\u00e1dj\u00e1t - emelte ki az Emberi Er\u0151forr\u00e1sok Miniszt\u00e9rium\u00e1nak szoci\u00e1lis \u00fcgyek\u00e9rt felel\u0151s \u00e1llamtitk\u00e1ra Sz\u00e9kesfeh\u00e9rv\u00e1ron, a","og:url":"https:\/\/allasorias.hu\/hirek\/szamitanak-a-megvaltozott-munkakepessegu-emberekre\/","og:image":"https:\/\/allasorias.hu\/hirek\/wp-content\/uploads\/2018\/12\/disabled-2199122_640.jpg","og:image:secure_url":"https:\/\/allasorias.hu\/hirek\/wp-content\/uploads\/2018\/12\/disabled-2199122_640.jpg","og:image:width":640,"og:image:height":425,"article:published_time":"2022-01-14T07:38:29+00:00","article:modified_time":"2022-01-14T07:38:29+00:00","article:publisher":"https:\/\/www.facebook.com\/allasorias","twitter:card":"summary_large_image","twitter:title":"Sz\u00e1m\u00edtanak a megv\u00e1ltozott munkak\u00e9pess\u00e9g\u0171 emberekre | AllasOrias.hu | H\u00edrek-lapszemle","twitter:description":"Folyamatosan seg\u00edtik a megv\u00e1ltozott munkak\u00e9pess\u00e9g\u0171eket, akiknek &quot;nem t\u0171nt el a munkav\u00e9gz\u0151 k\u00e9pess\u00e9g\u00fck&quot;, a megmaradt munkak\u00e9pess\u00e9g\u00fcket - \u00e9rt\u00e9ket teremtve - m\u00e1soknak is meg tudj\u00e1k mutatni&quot; \u2013 hangs\u00falyozta F\u00fcl\u00f6p Attila \u00e1llamtitk\u00e1r. A megv\u00e1ltozott munkak\u00e9pess\u00e9g\u0171 magyar emberek csaknem fele munk\u00e1b\u00f3l tartja el mag\u00e1t \u00e9s csal\u00e1dj\u00e1t - emelte ki az Emberi Er\u0151forr\u00e1sok Miniszt\u00e9rium\u00e1nak szoci\u00e1lis \u00fcgyek\u00e9rt felel\u0151s \u00e1llamtitk\u00e1ra Sz\u00e9kesfeh\u00e9rv\u00e1ron, a","twitter:image":"https:\/\/allasorias.hu\/hirek\/wp-content\/uploads\/2018\/12\/disabled-2199122_640.jpg","twitter:label1":"Written by","twitter:data1":"Juh\u00e1sz P\u00e9ter","twitter:label2":"Est. reading time","twitter:data2":"1 minute"},"aioseo_meta_data":{"post_id":"5321","title":null,"description":null,"keywords":[],"keyphrases":{"focus":[],"additional":[]},"primary_term":null,"canonical_url":null,"og_title":null,"og_description":null,"og_object_type":"default","og_image_type":"default","og_image_url":null,"og_image_width":null,"og_image_height":null,"og_image_custom_url":null,"og_image_custom_fields":null,"og_video":"","og_custom_url":null,"og_article_section":null,"og_article_tags":[],"twitter_use_og":false,"twitter_card":"default","twitter_image_type":"default","twitter_image_url":null,"twitter_image_custom_url":null,"twitter_image_custom_fields":null,"twitter_title":null,"twitter_description":null,"schema":{"blockGraphs":[],"customGraphs":[],"default":{"data":{"Article":[],"Course":[],"Dataset":[],"FAQPage":[],"Movie":[],"Person":[],"Product":[],"ProductReview":[],"Car":[],"Recipe":[],"Service":[],"SoftwareApplication":[],"WebPage":[]},"graphName":"","isEnabled":true},"graphs":[],"defaultGraph":"Article","defaultPostTypeGraph":""},"schema_type":"default","schema_type_options":"{\"article\":{\"articleType\":\"BlogPosting\"},\"course\":{\"name\":\"\",\"description\":\"\",\"provider\":\"\"},\"faq\":{\"pages\":[]},\"product\":{\"reviews\":[]},\"recipe\":{\"ingredients\":[],\"instructions\":[],\"keywords\":[]},\"software\":{\"reviews\":[],\"operatingSystems\":[]},\"webPage\":{\"webPageType\":\"WebPage\"}}","pillar_content":false,"robots_default":true,"robots_noindex":false,"robots_noarchive":false,"robots_nosnippet":false,"robots_nofollow":false,"robots_noimageindex":false,"robots_noodp":false,"robots_notranslate":false,"robots_max_snippet":"-1","robots_max_videopreview":"-1","robots_max_imagepreview":"large","priority":null,"frequency":"default","location":null,"local_seo":null,"breadcrumb_settings":null,"limit_modified_date":false,"ai":null,"created":"2022-01-14 07:36:04","updated":"2025-10-02 16:42:37","seo_analyzer_scan_date":null,"focus_keyword":null,"additional_keywords":null,"truseo_locale":null},"aioseo_breadcrumb":"<div class=\"aioseo-breadcrumbs\"><span class=\"aioseo-breadcrumb\">\n\t\t\t<a href=\"https:\/\/allasorias.hu\/hirek\" title=\"Home\">Home<\/a>\n\t\t<\/span><span class=\"aioseo-breadcrumb-separator\">&raquo;<\/span><span class=\"aioseo-breadcrumb\">\n\t\t\t<a href=\"https:\/\/allasorias.hu\/hirek\/temak\/munkaeropiac\/\" title=\"Munkaer\u0151piac\">Munkaer\u0151piac<\/a>\n\t\t<\/span><span class=\"aioseo-breadcrumb-separator\">&raquo;<\/span><span class=\"aioseo-breadcrumb\">\n\t\t\tSz\u00e1m\u00edtanak a megv\u00e1ltozott munkak\u00e9pess\u00e9g\u0171 emberekre\n\t\t<\/span><\/div>","aioseo_breadcrumb_json":[{"label":"Home","link":"https:\/\/allasorias.hu\/hirek"},{"label":"Munkaer\u0151piac","link":"https:\/\/allasorias.hu\/hirek\/temak\/munkaeropiac\/"},{"label":"Sz\u00e1m\u00edtanak a megv\u00e1ltozott munkak\u00e9pess\u00e9g\u0171 emberekre","link":"https:\/\/allasorias.hu\/hirek\/szamitanak-a-megvaltozott-munkakepessegu-emberekre\/"}],"_links":{"self":[{"href":"https:\/\/allasorias.hu\/hirek\/wp-json\/wp\/v2\/posts\/5321","targetHints":{"allow":["GET"]}}],"collection":[{"href":"https:\/\/allasorias.hu\/hirek\/wp-json\/wp\/v2\/posts"}],"about":[{"href":"https:\/\/allasorias.hu\/hirek\/wp-json\/wp\/v2\/types\/post"}],"author":[{"embeddable":true,"href":"https:\/\/allasorias.hu\/hirek\/wp-json\/wp\/v2\/users\/1"}],"replies":[{"embeddable":true,"href":"https:\/\/allasorias.hu\/hirek\/wp-json\/wp\/v2\/comments?post=5321"}],"version-history":[{"count":1,"href":"https:\/\/allasorias.hu\/hirek\/wp-json\/wp\/v2\/posts\/5321\/revisions"}],"predecessor-version":[{"id":5322,"href":"https:\/\/allasorias.hu\/hirek\/wp-json\/wp\/v2\/posts\/5321\/revisions\/5322"}],"wp:featuredmedia":[{"embeddable":true,"href":"https:\/\/allasorias.hu\/hirek\/wp-json\/wp\/v2\/media\/2263"}],"wp:attachment":[{"href":"https:\/\/allasorias.hu\/hirek\/wp-json\/wp\/v2\/media?parent=5321"}],"wp:term":[{"taxonomy":"category","embeddable":true,"href":"https:\/\/allasorias.hu\/hirek\/wp-json\/wp\/v2\/categories?post=5321"},{"taxonomy":"post_tag","embeddable":true,"href":"https:\/\/allasorias.hu\/hirek\/wp-json\/wp\/v2\/tags?post=5321"}],"curies":[{"name":"wp","href":"https:\/\/api.w.org\/{rel}","templated":true}]}}