{"id":5304,"date":"2022-01-06T07:34:35","date_gmt":"2022-01-06T07:34:35","guid":{"rendered":"https:\/\/allasorias.hu\/hirek\/?p=5304"},"modified":"2022-01-06T07:34:35","modified_gmt":"2022-01-06T07:34:35","slug":"kedvezoen-alakul-a-helyzet-a-munkaeropiacon","status":"publish","type":"post","link":"https:\/\/allasorias.hu\/hirek\/kedvezoen-alakul-a-helyzet-a-munkaeropiacon\/","title":{"rendered":"Kedvez\u0151en alakul a helyzet a munkaer\u0151piacon"},"content":{"rendered":"<p><strong>Az idei \u00e9vben tov\u00e1bb n\u0151het a hazai foglalkoztat\u00e1s, ennek a tere azonban m\u00e1r visszafogott.\u00a0 A KSH friss adatai alapj\u00e1n tavaly szeptember \u00e9s november k\u00f6z\u00f6tt rekordot d\u00f6nt\u00f6tt a foglalkoztat\u00e1s, mik\u00f6zben a munkan\u00e9lk\u00fclis\u00e9g el\u0151sz\u00f6r cs\u00f6kkent a j\u00e1rv\u00e1ny el\u0151tti szintre. Az els\u0151dleges munkaer\u0151piac er\u0151s\u00f6d\u00e9se mellett azonban novemberben a k\u00fclf\u00f6ldi munkav\u00e1llal\u00e1s is felfutott. <\/strong><\/p>\n<p>Szeptember \u00e9s november k\u00f6z\u00f6tt 4 milli\u00f3 687 ezren dolgoztak, ami a rendszerv\u00e1lt\u00e1s \u00f3ta nem l\u00e1tott rekordot jelent. Mindez jelzi, hogy a magyar gazdas\u00e1g maga m\u00f6g\u00f6tt hagyta a koronav\u00edrus-v\u00e1ls\u00e1g kedvez\u0151tlen id\u0151szak\u00e1t. Az els\u0151dleges munkaer\u0151piacon is kedvez\u0151en alakul a helyzet: sz\u00e1m\u00edt\u00e1saink szerint a k\u00f6zfoglalkoztatottak \u00e9s az \u00e1tmenetileg k\u00fclf\u00f6ld\u00f6n dolgoz\u00f3 magyarok n\u00e9lk\u00fcl 4 milli\u00f3 520 ezren dolgoztak haz\u00e1nkban. Az al\u00e1bbi \u00e1br\u00e1n l\u00e1that\u00f3, hogy a lez\u00e1r\u00e1sokkal tark\u00edtott koronav\u00edrus-hull\u00e1mok id\u0151szak\u00e1ban k\u00e9tszer is (2020 \u00e9s 2021 els\u0151 fel\u00e9ben) visszaesett a foglalkoztatottak sz\u00e1ma, az elm\u00falt h\u00f3napokban azonban a gazdas\u00e1g n\u00f6veked\u00e9s\u00e9vel p\u00e1rhuzamosan a foglalkoztat\u00e1s is megl\u00f3dult. A munkan\u00e9lk\u00fcliek sz\u00e1ma az id\u0151szakban 177 ezer f\u0151 volt, ami 3,6%-os r\u00e1t\u00e1t jelentett. Ilyen alacsony munkan\u00e9lk\u00fclis\u00e9get utolj\u00e1ra a v\u00edrusv\u00e1ls\u00e1g el\u0151tti id\u0151szakban l\u00e1thattunk, vagyis a visszat\u00e9rt\u00fck a teljes foglalkoztat\u00e1shoz k\u00f6zeli \u00e1llapothoz. Az al\u00e1bbi \u00e1br\u00e1n azonban \u00e9rdemes megfigyelni, hogy a v\u00e1ls\u00e1g id\u0151szak\u00e1ban a munkan\u00e9lk\u00fcliek j\u00f3val t\u00f6bben lehettek, mint ahogy azt a hivatalos statisztika mutatja. A KSH m\u00f3dszertani okokb\u00f3l az \u00e1ll\u00e1sveszt\u0151k egy r\u00e9sz\u00e9t nem a munkan\u00e9lk\u00fcliek, hanem az inakt\u00edvak t\u00e1bor\u00e1ba sorolta (pl. nem kerestek 1 h\u00f3napja \u00e1ll\u00e1st, nem tudtak volna azonnal munk\u00e1ba \u00e1llni a v\u00edrus\/lez\u00e1r\u00e1s miatt), a narancss\u00e1rga vonal azonban \u00fagy sz\u00e1mol, hogy mindenki munkan\u00e9lk\u00fcli volt, aki elvesz\u00edtette az \u00e1ll\u00e1s\u00e1t. \u00d6sszess\u00e9g\u00e9ben a hazai munkaer\u0151piac a tavalyi \u00e9v v\u00e9g\u00e9re maga m\u00f6g\u00f6tt hagyta a v\u00e1ls\u00e1g nyomait. Ez persze nem azt jelenti, hogy mindenkinek \u00fajra olyan \u00e1ll\u00e1sa van, amilyet szeretne vagy amilyen munkak\u00f6rben a v\u00e1ls\u00e1g el\u0151tt dolgozott, hiszen a gazdas\u00e1g strukt\u00far\u00e1ja \u00e9rdemben \u00e1talakult. Annyit viszont elmondhatunk, hogy a foglalkoztat\u00e1s \u00faj cs\u00facsot \u00e9rt el, a munkan\u00e9lk\u00fclis\u00e9g pedig a j\u00e1rv\u00e1ny el\u0151tti szintre s\u00fcllyedt. Igaz, novemberben kism\u00e9rt\u00e9kben a k\u00fclf\u00f6ldi munkav\u00e1llal\u00e1s is emelkedett az el\u0151z\u0151 h\u00f3napokhoz k\u00e9pest. Ami a kil\u00e1t\u00e1sokat illeti, a k\u00f6vetkez\u0151 id\u0151szakban kism\u00e9rt\u00e9kben tov\u00e1bb emelkedhet a foglalkoztat\u00e1s, ha a j\u00e1rv\u00e1ny nem okoz \u00fajabb s\u00falyos probl\u00e9m\u00e1t a vil\u00e1ggazdas\u00e1gban. A magyar v\u00e1llalatok ak\u00e1r dinamikusabban is b\u0151v\u00edten\u00e9k a l\u00e9tsz\u00e1mot, ennek azonban m\u00e1r nincs nagy tere, hiszen a munkaer\u0151piac feszes, a munkan\u00e9lk\u00fcliek l\u00e9tsz\u00e1ma alacsony szintre cs\u00f6kkent. A k\u00f6vetkez\u0151 id\u0151szakban \u00edgy a j\u00e1rv\u00e1ny el\u0151tt m\u00e1r &#8222;megszokott probl\u00e9ma&#8221;, a munkaer\u0151hi\u00e1ny lehet a legnagyobb kih\u00edv\u00e1s a hazai munkaer\u0151piacon.<\/p>\n<p>Forr\u00e1s: portfolio.hu<\/p>\n","protected":false},"excerpt":{"rendered":"<p>Az idei \u00e9vben tov\u00e1bb n\u0151het a hazai foglalkoztat\u00e1s, ennek a tere azonban m\u00e1r visszafogott.\u00a0 A KSH friss adatai alapj\u00e1n tavaly szeptember \u00e9s november k\u00f6z\u00f6tt rekordot d\u00f6nt\u00f6tt a foglalkoztat\u00e1s, mik\u00f6zben a munkan\u00e9lk\u00fclis\u00e9g el\u0151sz\u00f6r cs\u00f6kkent a j\u00e1rv\u00e1ny el\u0151tti szintre. Az els\u0151dleges munkaer\u0151piac er\u0151s\u00f6d\u00e9se mellett azonban novemberben a k\u00fclf\u00f6ldi munkav\u00e1llal\u00e1s is felfutott. Szeptember \u00e9s november k\u00f6z\u00f6tt 4 milli\u00f3 [&hellip;]<\/p>\n","protected":false},"author":1,"featured_media":4879,"comment_status":"open","ping_status":"open","sticky":false,"template":"","format":"standard","meta":{"_monsterinsights_skip_tracking":false,"footnotes":""},"categories":[200],"tags":[],"class_list":["post-5304","post","type-post","status-publish","format-standard","has-post-thumbnail","hentry","category-munkaeropiac"],"aioseo_notices":[],"aioseo_head":"\n\t\t<!-- All in One SEO 5.0.0.1 - aioseo.com -->\n\t<meta name=\"description\" content=\"Az idei \u00e9vben tov\u00e1bb n\u0151het a hazai foglalkoztat\u00e1s, ennek a tere azonban m\u00e1r visszafogott. A KSH friss adatai alapj\u00e1n tavaly szeptember \u00e9s november k\u00f6z\u00f6tt rekordot d\u00f6nt\u00f6tt a foglalkoztat\u00e1s, mik\u00f6zben a munkan\u00e9lk\u00fclis\u00e9g el\u0151sz\u00f6r cs\u00f6kkent a j\u00e1rv\u00e1ny el\u0151tti szintre. Az els\u0151dleges munkaer\u0151piac er\u0151s\u00f6d\u00e9se mellett azonban novemberben a k\u00fclf\u00f6ldi munkav\u00e1llal\u00e1s is felfutott. Szeptember \u00e9s november k\u00f6z\u00f6tt 4 milli\u00f3\" \/>\n\t<meta name=\"robots\" content=\"max-image-preview:large\" \/>\n\t<meta name=\"author\" content=\"Juh\u00e1sz P\u00e9ter\"\/>\n\t<link rel=\"canonical\" href=\"https:\/\/allasorias.hu\/hirek\/kedvezoen-alakul-a-helyzet-a-munkaeropiacon\/\" \/>\n\t<meta name=\"generator\" content=\"All in One SEO (AIOSEO) 5.0.0.1\" \/>\n\t\t<meta property=\"og:locale\" content=\"hu_HU\" \/>\n\t\t<meta property=\"og:site_name\" content=\"AllasOrias.hu | H\u00edrek-lapszemle | \u00dczleti h\u00edrek az \u00e1ll\u00e1s \u00e9s a munka vil\u00e1g\u00e1b\u00f3l\" \/>\n\t\t<meta property=\"og:type\" content=\"article\" \/>\n\t\t<meta property=\"og:title\" content=\"Kedvez\u0151en alakul a helyzet a munkaer\u0151piacon | AllasOrias.hu | H\u00edrek-lapszemle\" \/>\n\t\t<meta property=\"og:description\" content=\"Az idei \u00e9vben tov\u00e1bb n\u0151het a hazai foglalkoztat\u00e1s, ennek a tere azonban m\u00e1r visszafogott. A KSH friss adatai alapj\u00e1n tavaly szeptember \u00e9s november k\u00f6z\u00f6tt rekordot d\u00f6nt\u00f6tt a foglalkoztat\u00e1s, mik\u00f6zben a munkan\u00e9lk\u00fclis\u00e9g el\u0151sz\u00f6r cs\u00f6kkent a j\u00e1rv\u00e1ny el\u0151tti szintre. Az els\u0151dleges munkaer\u0151piac er\u0151s\u00f6d\u00e9se mellett azonban novemberben a k\u00fclf\u00f6ldi munkav\u00e1llal\u00e1s is felfutott. Szeptember \u00e9s november k\u00f6z\u00f6tt 4 milli\u00f3\" \/>\n\t\t<meta property=\"og:url\" content=\"https:\/\/allasorias.hu\/hirek\/kedvezoen-alakul-a-helyzet-a-munkaeropiacon\/\" \/>\n\t\t<meta property=\"og:image\" content=\"https:\/\/allasorias.hu\/hirek\/wp-content\/uploads\/2021\/06\/gazdasag-2.jpg\" \/>\n\t\t<meta property=\"og:image:secure_url\" content=\"https:\/\/allasorias.hu\/hirek\/wp-content\/uploads\/2021\/06\/gazdasag-2.jpg\" \/>\n\t\t<meta property=\"og:image:width\" content=\"1920\" \/>\n\t\t<meta property=\"og:image:height\" content=\"1280\" \/>\n\t\t<meta property=\"article:published_time\" content=\"2022-01-06T07:34:35+00:00\" \/>\n\t\t<meta property=\"article:modified_time\" content=\"2022-01-06T07:34:35+00:00\" \/>\n\t\t<meta property=\"article:publisher\" content=\"https:\/\/www.facebook.com\/allasorias\" \/>\n\t\t<meta name=\"twitter:card\" content=\"summary_large_image\" \/>\n\t\t<meta name=\"twitter:title\" content=\"Kedvez\u0151en alakul a helyzet a munkaer\u0151piacon | AllasOrias.hu | H\u00edrek-lapszemle\" \/>\n\t\t<meta name=\"twitter:description\" content=\"Az idei \u00e9vben tov\u00e1bb n\u0151het a hazai foglalkoztat\u00e1s, ennek a tere azonban m\u00e1r visszafogott. A KSH friss adatai alapj\u00e1n tavaly szeptember \u00e9s november k\u00f6z\u00f6tt rekordot d\u00f6nt\u00f6tt a foglalkoztat\u00e1s, mik\u00f6zben a munkan\u00e9lk\u00fclis\u00e9g el\u0151sz\u00f6r cs\u00f6kkent a j\u00e1rv\u00e1ny el\u0151tti szintre. Az els\u0151dleges munkaer\u0151piac er\u0151s\u00f6d\u00e9se mellett azonban novemberben a k\u00fclf\u00f6ldi munkav\u00e1llal\u00e1s is felfutott. Szeptember \u00e9s november k\u00f6z\u00f6tt 4 milli\u00f3\" \/>\n\t\t<meta name=\"twitter:image\" content=\"https:\/\/allasorias.hu\/hirek\/wp-content\/uploads\/2021\/06\/gazdasag-2.jpg\" \/>\n\t\t<meta name=\"twitter:label1\" content=\"Written by\" \/>\n\t\t<meta name=\"twitter:data1\" content=\"Juh\u00e1sz P\u00e9ter\" \/>\n\t\t<meta name=\"twitter:label2\" content=\"Est. reading time\" \/>\n\t\t<meta name=\"twitter:data2\" content=\"3 minutes\" \/>\n\t\t<script type=\"application\/ld+json\" class=\"aioseo-schema\">\n\t\t\t{\"@context\":\"https:\\\/\\\/schema.org\",\"@graph\":[{\"@type\":\"Article\",\"@id\":\"https:\\\/\\\/allasorias.hu\\\/hirek\\\/kedvezoen-alakul-a-helyzet-a-munkaeropiacon\\\/#article\",\"name\":\"Kedvez\\u0151en alakul a helyzet a munkaer\\u0151piacon | AllasOrias.hu | H\\u00edrek-lapszemle\",\"headline\":\"Kedvez\\u0151en alakul a helyzet a munkaer\\u0151piacon\",\"author\":{\"@id\":\"https:\\\/\\\/allasorias.hu\\\/hirek\\\/author\\\/admin-allasorias\\\/#author\"},\"publisher\":{\"@id\":\"https:\\\/\\\/allasorias.hu\\\/hirek\\\/#organization\"},\"image\":{\"@type\":\"ImageObject\",\"url\":\"https:\\\/\\\/allasorias.hu\\\/hirek\\\/wp-content\\\/uploads\\\/2021\\\/06\\\/gazdasag-2.jpg\",\"width\":1920,\"height\":1280,\"caption\":\"Business man pressing high tech type of modern graph on a virtual background\"},\"datePublished\":\"2022-01-06T07:34:35+02:00\",\"dateModified\":\"2022-01-06T07:34:35+02:00\",\"inLanguage\":\"hu-HU\",\"mainEntityOfPage\":{\"@id\":\"https:\\\/\\\/allasorias.hu\\\/hirek\\\/kedvezoen-alakul-a-helyzet-a-munkaeropiacon\\\/#webpage\"},\"isPartOf\":{\"@id\":\"https:\\\/\\\/allasorias.hu\\\/hirek\\\/kedvezoen-alakul-a-helyzet-a-munkaeropiacon\\\/#webpage\"},\"articleSection\":\"Munkaer\\u0151piac\"},{\"@type\":\"BreadcrumbList\",\"@id\":\"https:\\\/\\\/allasorias.hu\\\/hirek\\\/kedvezoen-alakul-a-helyzet-a-munkaeropiacon\\\/#breadcrumblist\",\"itemListElement\":[{\"@type\":\"ListItem\",\"@id\":\"https:\\\/\\\/allasorias.hu\\\/hirek#listItem\",\"position\":1,\"name\":\"Home\",\"item\":\"https:\\\/\\\/allasorias.hu\\\/hirek\",\"nextItem\":{\"@type\":\"ListItem\",\"@id\":\"https:\\\/\\\/allasorias.hu\\\/hirek\\\/temak\\\/munkaeropiac\\\/#listItem\",\"name\":\"Munkaer\\u0151piac\"}},{\"@type\":\"ListItem\",\"@id\":\"https:\\\/\\\/allasorias.hu\\\/hirek\\\/temak\\\/munkaeropiac\\\/#listItem\",\"position\":2,\"name\":\"Munkaer\\u0151piac\",\"item\":\"https:\\\/\\\/allasorias.hu\\\/hirek\\\/temak\\\/munkaeropiac\\\/\",\"nextItem\":{\"@type\":\"ListItem\",\"@id\":\"https:\\\/\\\/allasorias.hu\\\/hirek\\\/kedvezoen-alakul-a-helyzet-a-munkaeropiacon\\\/#listItem\",\"name\":\"Kedvez\\u0151en alakul a helyzet a munkaer\\u0151piacon\"},\"previousItem\":{\"@type\":\"ListItem\",\"@id\":\"https:\\\/\\\/allasorias.hu\\\/hirek#listItem\",\"name\":\"Home\"}},{\"@type\":\"ListItem\",\"@id\":\"https:\\\/\\\/allasorias.hu\\\/hirek\\\/kedvezoen-alakul-a-helyzet-a-munkaeropiacon\\\/#listItem\",\"position\":3,\"name\":\"Kedvez\\u0151en alakul a helyzet a munkaer\\u0151piacon\",\"previousItem\":{\"@type\":\"ListItem\",\"@id\":\"https:\\\/\\\/allasorias.hu\\\/hirek\\\/temak\\\/munkaeropiac\\\/#listItem\",\"name\":\"Munkaer\\u0151piac\"}}]},{\"@type\":\"Organization\",\"@id\":\"https:\\\/\\\/allasorias.hu\\\/hirek\\\/#organization\",\"name\":\"AllasOrias.hu | H\\u00edrek-lapszemle\",\"description\":\"\\u00dczleti h\\u00edrek az \\u00e1ll\\u00e1s \\u00e9s a munka vil\\u00e1g\\u00e1b\\u00f3l\",\"url\":\"https:\\\/\\\/allasorias.hu\\\/hirek\\\/\",\"logo\":{\"@type\":\"ImageObject\",\"url\":\"https:\\\/\\\/allasorias.hu\\\/hirek\\\/wp-content\\\/uploads\\\/2022\\\/10\\\/allasorias_site_facebok_logo.png\",\"@id\":\"https:\\\/\\\/allasorias.hu\\\/hirek\\\/kedvezoen-alakul-a-helyzet-a-munkaeropiacon\\\/#organizationLogo\"},\"image\":{\"@id\":\"https:\\\/\\\/allasorias.hu\\\/hirek\\\/kedvezoen-alakul-a-helyzet-a-munkaeropiacon\\\/#organizationLogo\"},\"sameAs\":[\"https:\\\/\\\/www.facebook.com\\\/allasorias\",\"https:\\\/\\\/www.linkedin.com\\\/company\\\/allasorias\"]},{\"@type\":\"Person\",\"@id\":\"https:\\\/\\\/allasorias.hu\\\/hirek\\\/author\\\/admin-allasorias\\\/#author\",\"url\":\"https:\\\/\\\/allasorias.hu\\\/hirek\\\/author\\\/admin-allasorias\\\/\",\"name\":\"Juh\\u00e1sz P\\u00e9ter\",\"image\":{\"@type\":\"ImageObject\",\"@id\":\"https:\\\/\\\/allasorias.hu\\\/hirek\\\/kedvezoen-alakul-a-helyzet-a-munkaeropiacon\\\/#authorImage\",\"url\":\"https:\\\/\\\/secure.gravatar.com\\\/avatar\\\/36e6bcb83148978b992977cb0f54d22feb0cce8a0a849a9410532bb2623ba4c6?s=96&d=mm&r=g\",\"width\":96,\"height\":96,\"caption\":\"Juh\\u00e1sz P\\u00e9ter\"}},{\"@type\":\"WebPage\",\"@id\":\"https:\\\/\\\/allasorias.hu\\\/hirek\\\/kedvezoen-alakul-a-helyzet-a-munkaeropiacon\\\/#webpage\",\"url\":\"https:\\\/\\\/allasorias.hu\\\/hirek\\\/kedvezoen-alakul-a-helyzet-a-munkaeropiacon\\\/\",\"name\":\"Kedvez\\u0151en alakul a helyzet a munkaer\\u0151piacon | AllasOrias.hu | H\\u00edrek-lapszemle\",\"description\":\"Az idei \\u00e9vben tov\\u00e1bb n\\u0151het a hazai foglalkoztat\\u00e1s, ennek a tere azonban m\\u00e1r visszafogott. A KSH friss adatai alapj\\u00e1n tavaly szeptember \\u00e9s november k\\u00f6z\\u00f6tt rekordot d\\u00f6nt\\u00f6tt a foglalkoztat\\u00e1s, mik\\u00f6zben a munkan\\u00e9lk\\u00fclis\\u00e9g el\\u0151sz\\u00f6r cs\\u00f6kkent a j\\u00e1rv\\u00e1ny el\\u0151tti szintre. Az els\\u0151dleges munkaer\\u0151piac er\\u0151s\\u00f6d\\u00e9se mellett azonban novemberben a k\\u00fclf\\u00f6ldi munkav\\u00e1llal\\u00e1s is felfutott. Szeptember \\u00e9s november k\\u00f6z\\u00f6tt 4 milli\\u00f3\",\"inLanguage\":\"hu-HU\",\"isPartOf\":{\"@id\":\"https:\\\/\\\/allasorias.hu\\\/hirek\\\/#website\"},\"breadcrumb\":{\"@id\":\"https:\\\/\\\/allasorias.hu\\\/hirek\\\/kedvezoen-alakul-a-helyzet-a-munkaeropiacon\\\/#breadcrumblist\"},\"author\":{\"@id\":\"https:\\\/\\\/allasorias.hu\\\/hirek\\\/author\\\/admin-allasorias\\\/#author\"},\"creator\":{\"@id\":\"https:\\\/\\\/allasorias.hu\\\/hirek\\\/author\\\/admin-allasorias\\\/#author\"},\"image\":{\"@type\":\"ImageObject\",\"url\":\"https:\\\/\\\/allasorias.hu\\\/hirek\\\/wp-content\\\/uploads\\\/2021\\\/06\\\/gazdasag-2.jpg\",\"@id\":\"https:\\\/\\\/allasorias.hu\\\/hirek\\\/kedvezoen-alakul-a-helyzet-a-munkaeropiacon\\\/#mainImage\",\"width\":1920,\"height\":1280,\"caption\":\"Business man pressing high tech type of modern graph on a virtual background\"},\"primaryImageOfPage\":{\"@id\":\"https:\\\/\\\/allasorias.hu\\\/hirek\\\/kedvezoen-alakul-a-helyzet-a-munkaeropiacon\\\/#mainImage\"},\"datePublished\":\"2022-01-06T07:34:35+02:00\",\"dateModified\":\"2022-01-06T07:34:35+02:00\"},{\"@type\":\"WebSite\",\"@id\":\"https:\\\/\\\/allasorias.hu\\\/hirek\\\/#website\",\"url\":\"https:\\\/\\\/allasorias.hu\\\/hirek\\\/\",\"name\":\"AllasOrias.hu | H\\u00edrek-lapszemle\",\"description\":\"\\u00dczleti h\\u00edrek az \\u00e1ll\\u00e1s \\u00e9s a munka vil\\u00e1g\\u00e1b\\u00f3l\",\"inLanguage\":\"hu-HU\",\"publisher\":{\"@id\":\"https:\\\/\\\/allasorias.hu\\\/hirek\\\/#organization\"}}]}\n\t\t<\/script>\n\t\t<!-- All in One SEO -->\n\n","aioseo_head_json":{"title":"Kedvez\u0151en alakul a helyzet a munkaer\u0151piacon | AllasOrias.hu | H\u00edrek-lapszemle","description":"Az idei \u00e9vben tov\u00e1bb n\u0151het a hazai foglalkoztat\u00e1s, ennek a tere azonban m\u00e1r visszafogott. A KSH friss adatai alapj\u00e1n tavaly szeptember \u00e9s november k\u00f6z\u00f6tt rekordot d\u00f6nt\u00f6tt a foglalkoztat\u00e1s, mik\u00f6zben a munkan\u00e9lk\u00fclis\u00e9g el\u0151sz\u00f6r cs\u00f6kkent a j\u00e1rv\u00e1ny el\u0151tti szintre. Az els\u0151dleges munkaer\u0151piac er\u0151s\u00f6d\u00e9se mellett azonban novemberben a k\u00fclf\u00f6ldi munkav\u00e1llal\u00e1s is felfutott. Szeptember \u00e9s november k\u00f6z\u00f6tt 4 milli\u00f3","canonical_url":"https:\/\/allasorias.hu\/hirek\/kedvezoen-alakul-a-helyzet-a-munkaeropiacon\/","robots":"max-image-preview:large","keywords":"","webmasterTools":{"miscellaneous":""},"schema":{"@context":"https:\/\/schema.org","@graph":[{"@type":"Article","@id":"https:\/\/allasorias.hu\/hirek\/kedvezoen-alakul-a-helyzet-a-munkaeropiacon\/#article","name":"Kedvez\u0151en alakul a helyzet a munkaer\u0151piacon | AllasOrias.hu | H\u00edrek-lapszemle","headline":"Kedvez\u0151en alakul a helyzet a munkaer\u0151piacon","author":{"@id":"https:\/\/allasorias.hu\/hirek\/author\/admin-allasorias\/#author"},"publisher":{"@id":"https:\/\/allasorias.hu\/hirek\/#organization"},"image":{"@type":"ImageObject","url":"https:\/\/allasorias.hu\/hirek\/wp-content\/uploads\/2021\/06\/gazdasag-2.jpg","width":1920,"height":1280,"caption":"Business man pressing high tech type of modern graph on a virtual background"},"datePublished":"2022-01-06T07:34:35+02:00","dateModified":"2022-01-06T07:34:35+02:00","inLanguage":"hu-HU","mainEntityOfPage":{"@id":"https:\/\/allasorias.hu\/hirek\/kedvezoen-alakul-a-helyzet-a-munkaeropiacon\/#webpage"},"isPartOf":{"@id":"https:\/\/allasorias.hu\/hirek\/kedvezoen-alakul-a-helyzet-a-munkaeropiacon\/#webpage"},"articleSection":"Munkaer\u0151piac"},{"@type":"BreadcrumbList","@id":"https:\/\/allasorias.hu\/hirek\/kedvezoen-alakul-a-helyzet-a-munkaeropiacon\/#breadcrumblist","itemListElement":[{"@type":"ListItem","@id":"https:\/\/allasorias.hu\/hirek#listItem","position":1,"name":"Home","item":"https:\/\/allasorias.hu\/hirek","nextItem":{"@type":"ListItem","@id":"https:\/\/allasorias.hu\/hirek\/temak\/munkaeropiac\/#listItem","name":"Munkaer\u0151piac"}},{"@type":"ListItem","@id":"https:\/\/allasorias.hu\/hirek\/temak\/munkaeropiac\/#listItem","position":2,"name":"Munkaer\u0151piac","item":"https:\/\/allasorias.hu\/hirek\/temak\/munkaeropiac\/","nextItem":{"@type":"ListItem","@id":"https:\/\/allasorias.hu\/hirek\/kedvezoen-alakul-a-helyzet-a-munkaeropiacon\/#listItem","name":"Kedvez\u0151en alakul a helyzet a munkaer\u0151piacon"},"previousItem":{"@type":"ListItem","@id":"https:\/\/allasorias.hu\/hirek#listItem","name":"Home"}},{"@type":"ListItem","@id":"https:\/\/allasorias.hu\/hirek\/kedvezoen-alakul-a-helyzet-a-munkaeropiacon\/#listItem","position":3,"name":"Kedvez\u0151en alakul a helyzet a munkaer\u0151piacon","previousItem":{"@type":"ListItem","@id":"https:\/\/allasorias.hu\/hirek\/temak\/munkaeropiac\/#listItem","name":"Munkaer\u0151piac"}}]},{"@type":"Organization","@id":"https:\/\/allasorias.hu\/hirek\/#organization","name":"AllasOrias.hu | H\u00edrek-lapszemle","description":"\u00dczleti h\u00edrek az \u00e1ll\u00e1s \u00e9s a munka vil\u00e1g\u00e1b\u00f3l","url":"https:\/\/allasorias.hu\/hirek\/","logo":{"@type":"ImageObject","url":"https:\/\/allasorias.hu\/hirek\/wp-content\/uploads\/2022\/10\/allasorias_site_facebok_logo.png","@id":"https:\/\/allasorias.hu\/hirek\/kedvezoen-alakul-a-helyzet-a-munkaeropiacon\/#organizationLogo"},"image":{"@id":"https:\/\/allasorias.hu\/hirek\/kedvezoen-alakul-a-helyzet-a-munkaeropiacon\/#organizationLogo"},"sameAs":["https:\/\/www.facebook.com\/allasorias","https:\/\/www.linkedin.com\/company\/allasorias"]},{"@type":"Person","@id":"https:\/\/allasorias.hu\/hirek\/author\/admin-allasorias\/#author","url":"https:\/\/allasorias.hu\/hirek\/author\/admin-allasorias\/","name":"Juh\u00e1sz P\u00e9ter","image":{"@type":"ImageObject","@id":"https:\/\/allasorias.hu\/hirek\/kedvezoen-alakul-a-helyzet-a-munkaeropiacon\/#authorImage","url":"https:\/\/secure.gravatar.com\/avatar\/36e6bcb83148978b992977cb0f54d22feb0cce8a0a849a9410532bb2623ba4c6?s=96&d=mm&r=g","width":96,"height":96,"caption":"Juh\u00e1sz P\u00e9ter"}},{"@type":"WebPage","@id":"https:\/\/allasorias.hu\/hirek\/kedvezoen-alakul-a-helyzet-a-munkaeropiacon\/#webpage","url":"https:\/\/allasorias.hu\/hirek\/kedvezoen-alakul-a-helyzet-a-munkaeropiacon\/","name":"Kedvez\u0151en alakul a helyzet a munkaer\u0151piacon | AllasOrias.hu | H\u00edrek-lapszemle","description":"Az idei \u00e9vben tov\u00e1bb n\u0151het a hazai foglalkoztat\u00e1s, ennek a tere azonban m\u00e1r visszafogott. A KSH friss adatai alapj\u00e1n tavaly szeptember \u00e9s november k\u00f6z\u00f6tt rekordot d\u00f6nt\u00f6tt a foglalkoztat\u00e1s, mik\u00f6zben a munkan\u00e9lk\u00fclis\u00e9g el\u0151sz\u00f6r cs\u00f6kkent a j\u00e1rv\u00e1ny el\u0151tti szintre. Az els\u0151dleges munkaer\u0151piac er\u0151s\u00f6d\u00e9se mellett azonban novemberben a k\u00fclf\u00f6ldi munkav\u00e1llal\u00e1s is felfutott. Szeptember \u00e9s november k\u00f6z\u00f6tt 4 milli\u00f3","inLanguage":"hu-HU","isPartOf":{"@id":"https:\/\/allasorias.hu\/hirek\/#website"},"breadcrumb":{"@id":"https:\/\/allasorias.hu\/hirek\/kedvezoen-alakul-a-helyzet-a-munkaeropiacon\/#breadcrumblist"},"author":{"@id":"https:\/\/allasorias.hu\/hirek\/author\/admin-allasorias\/#author"},"creator":{"@id":"https:\/\/allasorias.hu\/hirek\/author\/admin-allasorias\/#author"},"image":{"@type":"ImageObject","url":"https:\/\/allasorias.hu\/hirek\/wp-content\/uploads\/2021\/06\/gazdasag-2.jpg","@id":"https:\/\/allasorias.hu\/hirek\/kedvezoen-alakul-a-helyzet-a-munkaeropiacon\/#mainImage","width":1920,"height":1280,"caption":"Business man pressing high tech type of modern graph on a virtual background"},"primaryImageOfPage":{"@id":"https:\/\/allasorias.hu\/hirek\/kedvezoen-alakul-a-helyzet-a-munkaeropiacon\/#mainImage"},"datePublished":"2022-01-06T07:34:35+02:00","dateModified":"2022-01-06T07:34:35+02:00"},{"@type":"WebSite","@id":"https:\/\/allasorias.hu\/hirek\/#website","url":"https:\/\/allasorias.hu\/hirek\/","name":"AllasOrias.hu | H\u00edrek-lapszemle","description":"\u00dczleti h\u00edrek az \u00e1ll\u00e1s \u00e9s a munka vil\u00e1g\u00e1b\u00f3l","inLanguage":"hu-HU","publisher":{"@id":"https:\/\/allasorias.hu\/hirek\/#organization"}}]},"og:locale":"hu_HU","og:site_name":"AllasOrias.hu | H\u00edrek-lapszemle | \u00dczleti h\u00edrek az \u00e1ll\u00e1s \u00e9s a munka vil\u00e1g\u00e1b\u00f3l","og:type":"article","og:title":"Kedvez\u0151en alakul a helyzet a munkaer\u0151piacon | AllasOrias.hu | H\u00edrek-lapszemle","og:description":"Az idei \u00e9vben tov\u00e1bb n\u0151het a hazai foglalkoztat\u00e1s, ennek a tere azonban m\u00e1r visszafogott. A KSH friss adatai alapj\u00e1n tavaly szeptember \u00e9s november k\u00f6z\u00f6tt rekordot d\u00f6nt\u00f6tt a foglalkoztat\u00e1s, mik\u00f6zben a munkan\u00e9lk\u00fclis\u00e9g el\u0151sz\u00f6r cs\u00f6kkent a j\u00e1rv\u00e1ny el\u0151tti szintre. Az els\u0151dleges munkaer\u0151piac er\u0151s\u00f6d\u00e9se mellett azonban novemberben a k\u00fclf\u00f6ldi munkav\u00e1llal\u00e1s is felfutott. Szeptember \u00e9s november k\u00f6z\u00f6tt 4 milli\u00f3","og:url":"https:\/\/allasorias.hu\/hirek\/kedvezoen-alakul-a-helyzet-a-munkaeropiacon\/","og:image":"https:\/\/allasorias.hu\/hirek\/wp-content\/uploads\/2021\/06\/gazdasag-2.jpg","og:image:secure_url":"https:\/\/allasorias.hu\/hirek\/wp-content\/uploads\/2021\/06\/gazdasag-2.jpg","og:image:width":1920,"og:image:height":1280,"article:published_time":"2022-01-06T07:34:35+00:00","article:modified_time":"2022-01-06T07:34:35+00:00","article:publisher":"https:\/\/www.facebook.com\/allasorias","twitter:card":"summary_large_image","twitter:title":"Kedvez\u0151en alakul a helyzet a munkaer\u0151piacon | AllasOrias.hu | H\u00edrek-lapszemle","twitter:description":"Az idei \u00e9vben tov\u00e1bb n\u0151het a hazai foglalkoztat\u00e1s, ennek a tere azonban m\u00e1r visszafogott. A KSH friss adatai alapj\u00e1n tavaly szeptember \u00e9s november k\u00f6z\u00f6tt rekordot d\u00f6nt\u00f6tt a foglalkoztat\u00e1s, mik\u00f6zben a munkan\u00e9lk\u00fclis\u00e9g el\u0151sz\u00f6r cs\u00f6kkent a j\u00e1rv\u00e1ny el\u0151tti szintre. Az els\u0151dleges munkaer\u0151piac er\u0151s\u00f6d\u00e9se mellett azonban novemberben a k\u00fclf\u00f6ldi munkav\u00e1llal\u00e1s is felfutott. Szeptember \u00e9s november k\u00f6z\u00f6tt 4 milli\u00f3","twitter:image":"https:\/\/allasorias.hu\/hirek\/wp-content\/uploads\/2021\/06\/gazdasag-2.jpg","twitter:label1":"Written by","twitter:data1":"Juh\u00e1sz P\u00e9ter","twitter:label2":"Est. reading time","twitter:data2":"3 minutes"},"aioseo_meta_data":{"post_id":"5304","title":null,"description":null,"keywords":[],"keyphrases":{"focus":[],"additional":[]},"primary_term":null,"canonical_url":null,"og_title":null,"og_description":null,"og_object_type":"default","og_image_type":"default","og_image_url":null,"og_image_width":null,"og_image_height":null,"og_image_custom_url":null,"og_image_custom_fields":null,"og_video":"","og_custom_url":null,"og_article_section":null,"og_article_tags":[],"twitter_use_og":false,"twitter_card":"default","twitter_image_type":"default","twitter_image_url":null,"twitter_image_custom_url":null,"twitter_image_custom_fields":null,"twitter_title":null,"twitter_description":null,"schema":{"blockGraphs":[],"customGraphs":[],"default":{"data":{"Article":[],"Course":[],"Dataset":[],"FAQPage":[],"Movie":[],"Person":[],"Product":[],"ProductReview":[],"Car":[],"Recipe":[],"Service":[],"SoftwareApplication":[],"WebPage":[]},"graphName":"","isEnabled":true},"graphs":[],"defaultGraph":"Article","defaultPostTypeGraph":""},"schema_type":"default","schema_type_options":"{\"article\":{\"articleType\":\"BlogPosting\"},\"course\":{\"name\":\"\",\"description\":\"\",\"provider\":\"\"},\"faq\":{\"pages\":[]},\"product\":{\"reviews\":[]},\"recipe\":{\"ingredients\":[],\"instructions\":[],\"keywords\":[]},\"software\":{\"reviews\":[],\"operatingSystems\":[]},\"webPage\":{\"webPageType\":\"WebPage\"}}","pillar_content":false,"robots_default":true,"robots_noindex":false,"robots_noarchive":false,"robots_nosnippet":false,"robots_nofollow":false,"robots_noimageindex":false,"robots_noodp":false,"robots_notranslate":false,"robots_max_snippet":"-1","robots_max_videopreview":"-1","robots_max_imagepreview":"large","priority":null,"frequency":"default","location":null,"local_seo":null,"breadcrumb_settings":null,"limit_modified_date":false,"ai":null,"created":"2022-01-06 07:33:57","updated":"2025-10-02 16:41:45","seo_analyzer_scan_date":null,"focus_keyword":null,"additional_keywords":null,"truseo_locale":null},"aioseo_breadcrumb":"<div class=\"aioseo-breadcrumbs\"><span class=\"aioseo-breadcrumb\">\n\t\t\t<a href=\"https:\/\/allasorias.hu\/hirek\" title=\"Home\">Home<\/a>\n\t\t<\/span><span class=\"aioseo-breadcrumb-separator\">&raquo;<\/span><span class=\"aioseo-breadcrumb\">\n\t\t\t<a href=\"https:\/\/allasorias.hu\/hirek\/temak\/munkaeropiac\/\" title=\"Munkaer\u0151piac\">Munkaer\u0151piac<\/a>\n\t\t<\/span><span class=\"aioseo-breadcrumb-separator\">&raquo;<\/span><span class=\"aioseo-breadcrumb\">\n\t\t\tKedvez\u0151en alakul a helyzet a munkaer\u0151piacon\n\t\t<\/span><\/div>","aioseo_breadcrumb_json":[{"label":"Home","link":"https:\/\/allasorias.hu\/hirek"},{"label":"Munkaer\u0151piac","link":"https:\/\/allasorias.hu\/hirek\/temak\/munkaeropiac\/"},{"label":"Kedvez\u0151en alakul a helyzet a munkaer\u0151piacon","link":"https:\/\/allasorias.hu\/hirek\/kedvezoen-alakul-a-helyzet-a-munkaeropiacon\/"}],"_links":{"self":[{"href":"https:\/\/allasorias.hu\/hirek\/wp-json\/wp\/v2\/posts\/5304","targetHints":{"allow":["GET"]}}],"collection":[{"href":"https:\/\/allasorias.hu\/hirek\/wp-json\/wp\/v2\/posts"}],"about":[{"href":"https:\/\/allasorias.hu\/hirek\/wp-json\/wp\/v2\/types\/post"}],"author":[{"embeddable":true,"href":"https:\/\/allasorias.hu\/hirek\/wp-json\/wp\/v2\/users\/1"}],"replies":[{"embeddable":true,"href":"https:\/\/allasorias.hu\/hirek\/wp-json\/wp\/v2\/comments?post=5304"}],"version-history":[{"count":1,"href":"https:\/\/allasorias.hu\/hirek\/wp-json\/wp\/v2\/posts\/5304\/revisions"}],"predecessor-version":[{"id":5305,"href":"https:\/\/allasorias.hu\/hirek\/wp-json\/wp\/v2\/posts\/5304\/revisions\/5305"}],"wp:featuredmedia":[{"embeddable":true,"href":"https:\/\/allasorias.hu\/hirek\/wp-json\/wp\/v2\/media\/4879"}],"wp:attachment":[{"href":"https:\/\/allasorias.hu\/hirek\/wp-json\/wp\/v2\/media?parent=5304"}],"wp:term":[{"taxonomy":"category","embeddable":true,"href":"https:\/\/allasorias.hu\/hirek\/wp-json\/wp\/v2\/categories?post=5304"},{"taxonomy":"post_tag","embeddable":true,"href":"https:\/\/allasorias.hu\/hirek\/wp-json\/wp\/v2\/tags?post=5304"}],"curies":[{"name":"wp","href":"https:\/\/api.w.org\/{rel}","templated":true}]}}