{"id":5301,"date":"2022-01-05T07:51:36","date_gmt":"2022-01-05T07:51:36","guid":{"rendered":"https:\/\/allasorias.hu\/hirek\/?p=5301"},"modified":"2022-01-05T07:51:36","modified_gmt":"2022-01-05T07:51:36","slug":"segitik-a-fiatalok-munkaba-allasat","status":"publish","type":"post","link":"https:\/\/allasorias.hu\/hirek\/segitik-a-fiatalok-munkaba-allasat\/","title":{"rendered":"Seg\u00edtik a fiatalok munk\u00e1ba \u00e1ll\u00e1s\u00e1t"},"content":{"rendered":"<p><strong>Zsig\u00f3 R\u00f3bert: Seg\u00edtj\u00fck a fiatalok munkaer\u0151piacra t\u00f6rt\u00e9n\u0151 kil\u00e9p\u00e9s\u00e9t, a saj\u00e1t otthonhoz jut\u00e1st \u00e9s a csal\u00e1dalap\u00edt\u00e1st is. A korm\u00e1ny elk\u00f6telezett abban, hogy a gyermekeket nevel\u0151 csal\u00e1dok t\u00e1mogat\u00e1sa mellett seg\u00edtse a fiatalok \u00e9letkezd\u00e9s\u00e9t, kil\u00e9p\u00e9s\u00e9t a munkaer\u0151piacra, saj\u00e1t otthonhoz jut\u00e1s\u00e1t \u00e9s csal\u00e1dalap\u00edt\u00e1s\u00e1t &#8211; mondta a csal\u00e1dok\u00e9rt felel\u0151s parlamenti \u00e1llamtitk\u00e1r a korm\u00e1ny Facebook-oldal\u00e1ra h\u00e9tf\u0151n felt\u00f6lt\u00f6tt vide\u00f3ban.<\/strong><\/p>\n<p>Zsig\u00f3 R\u00f3bert: Seg\u00edtj\u00fck a fiatalok munkaer\u0151piacra t\u00f6rt\u00e9n\u0151 kil\u00e9p\u00e9s\u00e9t, a saj\u00e1t otthonhoz jut\u00e1st \u00e9s a csal\u00e1dalap\u00edt\u00e1st is. Zsig\u00f3 R\u00f3bert\u00a0 hozz\u00e1tette: mindez\u00e9rt janu\u00e1r 1-j\u00e9t\u0151l a 25 \u00e9vn\u00e9l fiatalabbak mentes\u00fclnek a 15 sz\u00e1zal\u00e9kos szja-megfizet\u00e9s\u00e9t\u0151l. A munk\u00e1t v\u00e1llal\u00f3 fiatalok nett\u00f3 fizet\u00e9se \u00edgy 22 sz\u00e1zal\u00e9kkal emelkedik, eg\u00e9szen annak a h\u00f3napnak a v\u00e9g\u00e9ig, amelyben bet\u00f6ltik a 25. \u00e9let\u00e9v\u00fcket &#8211; k\u00f6z\u00f6lte. Mint mondta, az elm\u00falt t\u00edz \u00e9vben m\u00e1sf\u00e9lszeres\u00e9re n\u0151tt a munk\u00e1t v\u00e1llal\u00f3 fiatalok sz\u00e1ma. \u00cdgy a szem\u00e9lyij\u00f6vedelemad\u00f3-mentess\u00e9g 280 ezer m\u00e1r dolgoz\u00f3 fiatalt \u00e9rint, de ak\u00e1r a koroszt\u00e1ly egymilli\u00f3 tagj\u00e1t is \u00e9rintheti az int\u00e9zked\u00e9s &#8211; f\u0171zte hozz\u00e1 az \u00e1llamtitk\u00e1r. Azok, akik nyolc \u00f3r\u00e1ban dolgoznak, havonta 41 600 forinttal is t\u00f6bbet vihetnek haza. Ez \u00e9ves szinten f\u00e9lmilli\u00f3 forint t\u00f6bbletj\u00f6vedelmet jelent nekik &#8211; mondta Zsig\u00f3 R\u00f3bert.<\/p>\n<p>Forr\u00e1s: magyarhirlap.hu<\/p>\n","protected":false},"excerpt":{"rendered":"<p>Zsig\u00f3 R\u00f3bert: Seg\u00edtj\u00fck a fiatalok munkaer\u0151piacra t\u00f6rt\u00e9n\u0151 kil\u00e9p\u00e9s\u00e9t, a saj\u00e1t otthonhoz jut\u00e1st \u00e9s a csal\u00e1dalap\u00edt\u00e1st is. A korm\u00e1ny elk\u00f6telezett abban, hogy a gyermekeket nevel\u0151 csal\u00e1dok t\u00e1mogat\u00e1sa mellett seg\u00edtse a fiatalok \u00e9letkezd\u00e9s\u00e9t, kil\u00e9p\u00e9s\u00e9t a munkaer\u0151piacra, saj\u00e1t otthonhoz jut\u00e1s\u00e1t \u00e9s csal\u00e1dalap\u00edt\u00e1s\u00e1t &#8211; mondta a csal\u00e1dok\u00e9rt felel\u0151s parlamenti \u00e1llamtitk\u00e1r a korm\u00e1ny Facebook-oldal\u00e1ra h\u00e9tf\u0151n felt\u00f6lt\u00f6tt vide\u00f3ban. Zsig\u00f3 R\u00f3bert: Seg\u00edtj\u00fck [&hellip;]<\/p>\n","protected":false},"author":1,"featured_media":4488,"comment_status":"open","ping_status":"open","sticky":false,"template":"","format":"standard","meta":{"_monsterinsights_skip_tracking":false,"footnotes":""},"categories":[200],"tags":[],"class_list":["post-5301","post","type-post","status-publish","format-standard","has-post-thumbnail","hentry","category-munkaeropiac"],"aioseo_notices":[],"aioseo_head":"\n\t\t<!-- All in One SEO 5.0.0.1 - aioseo.com -->\n\t<meta name=\"description\" content=\"Zsig\u00f3 R\u00f3bert: Seg\u00edtj\u00fck a fiatalok munkaer\u0151piacra t\u00f6rt\u00e9n\u0151 kil\u00e9p\u00e9s\u00e9t, a saj\u00e1t otthonhoz jut\u00e1st \u00e9s a csal\u00e1dalap\u00edt\u00e1st is. A korm\u00e1ny elk\u00f6telezett abban, hogy a gyermekeket nevel\u0151 csal\u00e1dok t\u00e1mogat\u00e1sa mellett seg\u00edtse a fiatalok \u00e9letkezd\u00e9s\u00e9t, kil\u00e9p\u00e9s\u00e9t a munkaer\u0151piacra, saj\u00e1t otthonhoz jut\u00e1s\u00e1t \u00e9s csal\u00e1dalap\u00edt\u00e1s\u00e1t - mondta a csal\u00e1dok\u00e9rt felel\u0151s parlamenti \u00e1llamtitk\u00e1r a korm\u00e1ny Facebook-oldal\u00e1ra h\u00e9tf\u0151n felt\u00f6lt\u00f6tt vide\u00f3ban. Zsig\u00f3 R\u00f3bert: Seg\u00edtj\u00fck\" \/>\n\t<meta name=\"robots\" content=\"max-image-preview:large\" \/>\n\t<meta name=\"author\" content=\"Juh\u00e1sz P\u00e9ter\"\/>\n\t<link rel=\"canonical\" href=\"https:\/\/allasorias.hu\/hirek\/segitik-a-fiatalok-munkaba-allasat\/\" \/>\n\t<meta name=\"generator\" content=\"All in One SEO (AIOSEO) 5.0.0.1\" \/>\n\t\t<meta property=\"og:locale\" content=\"hu_HU\" \/>\n\t\t<meta property=\"og:site_name\" content=\"AllasOrias.hu | H\u00edrek-lapszemle | \u00dczleti h\u00edrek az \u00e1ll\u00e1s \u00e9s a munka vil\u00e1g\u00e1b\u00f3l\" \/>\n\t\t<meta property=\"og:type\" content=\"article\" \/>\n\t\t<meta property=\"og:title\" content=\"Seg\u00edtik a fiatalok munk\u00e1ba \u00e1ll\u00e1s\u00e1t | AllasOrias.hu | H\u00edrek-lapszemle\" \/>\n\t\t<meta property=\"og:description\" content=\"Zsig\u00f3 R\u00f3bert: Seg\u00edtj\u00fck a fiatalok munkaer\u0151piacra t\u00f6rt\u00e9n\u0151 kil\u00e9p\u00e9s\u00e9t, a saj\u00e1t otthonhoz jut\u00e1st \u00e9s a csal\u00e1dalap\u00edt\u00e1st is. A korm\u00e1ny elk\u00f6telezett abban, hogy a gyermekeket nevel\u0151 csal\u00e1dok t\u00e1mogat\u00e1sa mellett seg\u00edtse a fiatalok \u00e9letkezd\u00e9s\u00e9t, kil\u00e9p\u00e9s\u00e9t a munkaer\u0151piacra, saj\u00e1t otthonhoz jut\u00e1s\u00e1t \u00e9s csal\u00e1dalap\u00edt\u00e1s\u00e1t - mondta a csal\u00e1dok\u00e9rt felel\u0151s parlamenti \u00e1llamtitk\u00e1r a korm\u00e1ny Facebook-oldal\u00e1ra h\u00e9tf\u0151n felt\u00f6lt\u00f6tt vide\u00f3ban. Zsig\u00f3 R\u00f3bert: Seg\u00edtj\u00fck\" \/>\n\t\t<meta property=\"og:url\" content=\"https:\/\/allasorias.hu\/hirek\/segitik-a-fiatalok-munkaba-allasat\/\" \/>\n\t\t<meta property=\"og:image\" content=\"https:\/\/allasorias.hu\/hirek\/wp-content\/uploads\/2020\/12\/young-attractive-smiling-student-showing-thumb-up-outdoors-campus-university.jpg\" \/>\n\t\t<meta property=\"og:image:secure_url\" content=\"https:\/\/allasorias.hu\/hirek\/wp-content\/uploads\/2020\/12\/young-attractive-smiling-student-showing-thumb-up-outdoors-campus-university.jpg\" \/>\n\t\t<meta property=\"og:image:width\" content=\"1920\" \/>\n\t\t<meta property=\"og:image:height\" content=\"1280\" \/>\n\t\t<meta property=\"article:published_time\" content=\"2022-01-05T07:51:36+00:00\" \/>\n\t\t<meta property=\"article:modified_time\" content=\"2022-01-05T07:51:36+00:00\" \/>\n\t\t<meta property=\"article:publisher\" content=\"https:\/\/www.facebook.com\/allasorias\" \/>\n\t\t<meta name=\"twitter:card\" content=\"summary_large_image\" \/>\n\t\t<meta name=\"twitter:title\" content=\"Seg\u00edtik a fiatalok munk\u00e1ba \u00e1ll\u00e1s\u00e1t | AllasOrias.hu | H\u00edrek-lapszemle\" \/>\n\t\t<meta name=\"twitter:description\" content=\"Zsig\u00f3 R\u00f3bert: Seg\u00edtj\u00fck a fiatalok munkaer\u0151piacra t\u00f6rt\u00e9n\u0151 kil\u00e9p\u00e9s\u00e9t, a saj\u00e1t otthonhoz jut\u00e1st \u00e9s a csal\u00e1dalap\u00edt\u00e1st is. A korm\u00e1ny elk\u00f6telezett abban, hogy a gyermekeket nevel\u0151 csal\u00e1dok t\u00e1mogat\u00e1sa mellett seg\u00edtse a fiatalok \u00e9letkezd\u00e9s\u00e9t, kil\u00e9p\u00e9s\u00e9t a munkaer\u0151piacra, saj\u00e1t otthonhoz jut\u00e1s\u00e1t \u00e9s csal\u00e1dalap\u00edt\u00e1s\u00e1t - mondta a csal\u00e1dok\u00e9rt felel\u0151s parlamenti \u00e1llamtitk\u00e1r a korm\u00e1ny Facebook-oldal\u00e1ra h\u00e9tf\u0151n felt\u00f6lt\u00f6tt vide\u00f3ban. Zsig\u00f3 R\u00f3bert: Seg\u00edtj\u00fck\" \/>\n\t\t<meta name=\"twitter:image\" content=\"https:\/\/allasorias.hu\/hirek\/wp-content\/uploads\/2020\/12\/young-attractive-smiling-student-showing-thumb-up-outdoors-campus-university.jpg\" \/>\n\t\t<meta name=\"twitter:label1\" content=\"Written by\" \/>\n\t\t<meta name=\"twitter:data1\" content=\"Juh\u00e1sz P\u00e9ter\" \/>\n\t\t<meta name=\"twitter:label2\" content=\"Est. reading time\" \/>\n\t\t<meta name=\"twitter:data2\" content=\"1 minute\" \/>\n\t\t<script type=\"application\/ld+json\" class=\"aioseo-schema\">\n\t\t\t{\"@context\":\"https:\\\/\\\/schema.org\",\"@graph\":[{\"@type\":\"Article\",\"@id\":\"https:\\\/\\\/allasorias.hu\\\/hirek\\\/segitik-a-fiatalok-munkaba-allasat\\\/#article\",\"name\":\"Seg\\u00edtik a fiatalok munk\\u00e1ba \\u00e1ll\\u00e1s\\u00e1t | AllasOrias.hu | H\\u00edrek-lapszemle\",\"headline\":\"Seg\\u00edtik a fiatalok munk\\u00e1ba \\u00e1ll\\u00e1s\\u00e1t\",\"author\":{\"@id\":\"https:\\\/\\\/allasorias.hu\\\/hirek\\\/author\\\/admin-allasorias\\\/#author\"},\"publisher\":{\"@id\":\"https:\\\/\\\/allasorias.hu\\\/hirek\\\/#organization\"},\"image\":{\"@type\":\"ImageObject\",\"url\":\"https:\\\/\\\/allasorias.hu\\\/hirek\\\/wp-content\\\/uploads\\\/2020\\\/12\\\/young-attractive-smiling-student-showing-thumb-up-outdoors-campus-university.jpg\",\"width\":1920,\"height\":1280,\"caption\":\"Young attractive smiling student showing thumb up outdoors on campus at the university. Selective focus\"},\"datePublished\":\"2022-01-05T07:51:36+02:00\",\"dateModified\":\"2022-01-05T07:51:36+02:00\",\"inLanguage\":\"hu-HU\",\"mainEntityOfPage\":{\"@id\":\"https:\\\/\\\/allasorias.hu\\\/hirek\\\/segitik-a-fiatalok-munkaba-allasat\\\/#webpage\"},\"isPartOf\":{\"@id\":\"https:\\\/\\\/allasorias.hu\\\/hirek\\\/segitik-a-fiatalok-munkaba-allasat\\\/#webpage\"},\"articleSection\":\"Munkaer\\u0151piac\"},{\"@type\":\"BreadcrumbList\",\"@id\":\"https:\\\/\\\/allasorias.hu\\\/hirek\\\/segitik-a-fiatalok-munkaba-allasat\\\/#breadcrumblist\",\"itemListElement\":[{\"@type\":\"ListItem\",\"@id\":\"https:\\\/\\\/allasorias.hu\\\/hirek#listItem\",\"position\":1,\"name\":\"Home\",\"item\":\"https:\\\/\\\/allasorias.hu\\\/hirek\",\"nextItem\":{\"@type\":\"ListItem\",\"@id\":\"https:\\\/\\\/allasorias.hu\\\/hirek\\\/temak\\\/munkaeropiac\\\/#listItem\",\"name\":\"Munkaer\\u0151piac\"}},{\"@type\":\"ListItem\",\"@id\":\"https:\\\/\\\/allasorias.hu\\\/hirek\\\/temak\\\/munkaeropiac\\\/#listItem\",\"position\":2,\"name\":\"Munkaer\\u0151piac\",\"item\":\"https:\\\/\\\/allasorias.hu\\\/hirek\\\/temak\\\/munkaeropiac\\\/\",\"nextItem\":{\"@type\":\"ListItem\",\"@id\":\"https:\\\/\\\/allasorias.hu\\\/hirek\\\/segitik-a-fiatalok-munkaba-allasat\\\/#listItem\",\"name\":\"Seg\\u00edtik a fiatalok munk\\u00e1ba \\u00e1ll\\u00e1s\\u00e1t\"},\"previousItem\":{\"@type\":\"ListItem\",\"@id\":\"https:\\\/\\\/allasorias.hu\\\/hirek#listItem\",\"name\":\"Home\"}},{\"@type\":\"ListItem\",\"@id\":\"https:\\\/\\\/allasorias.hu\\\/hirek\\\/segitik-a-fiatalok-munkaba-allasat\\\/#listItem\",\"position\":3,\"name\":\"Seg\\u00edtik a fiatalok munk\\u00e1ba \\u00e1ll\\u00e1s\\u00e1t\",\"previousItem\":{\"@type\":\"ListItem\",\"@id\":\"https:\\\/\\\/allasorias.hu\\\/hirek\\\/temak\\\/munkaeropiac\\\/#listItem\",\"name\":\"Munkaer\\u0151piac\"}}]},{\"@type\":\"Organization\",\"@id\":\"https:\\\/\\\/allasorias.hu\\\/hirek\\\/#organization\",\"name\":\"AllasOrias.hu | H\\u00edrek-lapszemle\",\"description\":\"\\u00dczleti h\\u00edrek az \\u00e1ll\\u00e1s \\u00e9s a munka vil\\u00e1g\\u00e1b\\u00f3l\",\"url\":\"https:\\\/\\\/allasorias.hu\\\/hirek\\\/\",\"logo\":{\"@type\":\"ImageObject\",\"url\":\"https:\\\/\\\/allasorias.hu\\\/hirek\\\/wp-content\\\/uploads\\\/2022\\\/10\\\/allasorias_site_facebok_logo.png\",\"@id\":\"https:\\\/\\\/allasorias.hu\\\/hirek\\\/segitik-a-fiatalok-munkaba-allasat\\\/#organizationLogo\"},\"image\":{\"@id\":\"https:\\\/\\\/allasorias.hu\\\/hirek\\\/segitik-a-fiatalok-munkaba-allasat\\\/#organizationLogo\"},\"sameAs\":[\"https:\\\/\\\/www.facebook.com\\\/allasorias\",\"https:\\\/\\\/www.linkedin.com\\\/company\\\/allasorias\"]},{\"@type\":\"Person\",\"@id\":\"https:\\\/\\\/allasorias.hu\\\/hirek\\\/author\\\/admin-allasorias\\\/#author\",\"url\":\"https:\\\/\\\/allasorias.hu\\\/hirek\\\/author\\\/admin-allasorias\\\/\",\"name\":\"Juh\\u00e1sz P\\u00e9ter\",\"image\":{\"@type\":\"ImageObject\",\"@id\":\"https:\\\/\\\/allasorias.hu\\\/hirek\\\/segitik-a-fiatalok-munkaba-allasat\\\/#authorImage\",\"url\":\"https:\\\/\\\/secure.gravatar.com\\\/avatar\\\/36e6bcb83148978b992977cb0f54d22feb0cce8a0a849a9410532bb2623ba4c6?s=96&d=mm&r=g\",\"width\":96,\"height\":96,\"caption\":\"Juh\\u00e1sz P\\u00e9ter\"}},{\"@type\":\"WebPage\",\"@id\":\"https:\\\/\\\/allasorias.hu\\\/hirek\\\/segitik-a-fiatalok-munkaba-allasat\\\/#webpage\",\"url\":\"https:\\\/\\\/allasorias.hu\\\/hirek\\\/segitik-a-fiatalok-munkaba-allasat\\\/\",\"name\":\"Seg\\u00edtik a fiatalok munk\\u00e1ba \\u00e1ll\\u00e1s\\u00e1t | AllasOrias.hu | H\\u00edrek-lapszemle\",\"description\":\"Zsig\\u00f3 R\\u00f3bert: Seg\\u00edtj\\u00fck a fiatalok munkaer\\u0151piacra t\\u00f6rt\\u00e9n\\u0151 kil\\u00e9p\\u00e9s\\u00e9t, a saj\\u00e1t otthonhoz jut\\u00e1st \\u00e9s a csal\\u00e1dalap\\u00edt\\u00e1st is. A korm\\u00e1ny elk\\u00f6telezett abban, hogy a gyermekeket nevel\\u0151 csal\\u00e1dok t\\u00e1mogat\\u00e1sa mellett seg\\u00edtse a fiatalok \\u00e9letkezd\\u00e9s\\u00e9t, kil\\u00e9p\\u00e9s\\u00e9t a munkaer\\u0151piacra, saj\\u00e1t otthonhoz jut\\u00e1s\\u00e1t \\u00e9s csal\\u00e1dalap\\u00edt\\u00e1s\\u00e1t - mondta a csal\\u00e1dok\\u00e9rt felel\\u0151s parlamenti \\u00e1llamtitk\\u00e1r a korm\\u00e1ny Facebook-oldal\\u00e1ra h\\u00e9tf\\u0151n felt\\u00f6lt\\u00f6tt vide\\u00f3ban. Zsig\\u00f3 R\\u00f3bert: Seg\\u00edtj\\u00fck\",\"inLanguage\":\"hu-HU\",\"isPartOf\":{\"@id\":\"https:\\\/\\\/allasorias.hu\\\/hirek\\\/#website\"},\"breadcrumb\":{\"@id\":\"https:\\\/\\\/allasorias.hu\\\/hirek\\\/segitik-a-fiatalok-munkaba-allasat\\\/#breadcrumblist\"},\"author\":{\"@id\":\"https:\\\/\\\/allasorias.hu\\\/hirek\\\/author\\\/admin-allasorias\\\/#author\"},\"creator\":{\"@id\":\"https:\\\/\\\/allasorias.hu\\\/hirek\\\/author\\\/admin-allasorias\\\/#author\"},\"image\":{\"@type\":\"ImageObject\",\"url\":\"https:\\\/\\\/allasorias.hu\\\/hirek\\\/wp-content\\\/uploads\\\/2020\\\/12\\\/young-attractive-smiling-student-showing-thumb-up-outdoors-campus-university.jpg\",\"@id\":\"https:\\\/\\\/allasorias.hu\\\/hirek\\\/segitik-a-fiatalok-munkaba-allasat\\\/#mainImage\",\"width\":1920,\"height\":1280,\"caption\":\"Young attractive smiling student showing thumb up outdoors on campus at the university. Selective focus\"},\"primaryImageOfPage\":{\"@id\":\"https:\\\/\\\/allasorias.hu\\\/hirek\\\/segitik-a-fiatalok-munkaba-allasat\\\/#mainImage\"},\"datePublished\":\"2022-01-05T07:51:36+02:00\",\"dateModified\":\"2022-01-05T07:51:36+02:00\"},{\"@type\":\"WebSite\",\"@id\":\"https:\\\/\\\/allasorias.hu\\\/hirek\\\/#website\",\"url\":\"https:\\\/\\\/allasorias.hu\\\/hirek\\\/\",\"name\":\"AllasOrias.hu | H\\u00edrek-lapszemle\",\"description\":\"\\u00dczleti h\\u00edrek az \\u00e1ll\\u00e1s \\u00e9s a munka vil\\u00e1g\\u00e1b\\u00f3l\",\"inLanguage\":\"hu-HU\",\"publisher\":{\"@id\":\"https:\\\/\\\/allasorias.hu\\\/hirek\\\/#organization\"}}]}\n\t\t<\/script>\n\t\t<!-- All in One SEO -->\n\n","aioseo_head_json":{"title":"Seg\u00edtik a fiatalok munk\u00e1ba \u00e1ll\u00e1s\u00e1t | AllasOrias.hu | H\u00edrek-lapszemle","description":"Zsig\u00f3 R\u00f3bert: Seg\u00edtj\u00fck a fiatalok munkaer\u0151piacra t\u00f6rt\u00e9n\u0151 kil\u00e9p\u00e9s\u00e9t, a saj\u00e1t otthonhoz jut\u00e1st \u00e9s a csal\u00e1dalap\u00edt\u00e1st is. A korm\u00e1ny elk\u00f6telezett abban, hogy a gyermekeket nevel\u0151 csal\u00e1dok t\u00e1mogat\u00e1sa mellett seg\u00edtse a fiatalok \u00e9letkezd\u00e9s\u00e9t, kil\u00e9p\u00e9s\u00e9t a munkaer\u0151piacra, saj\u00e1t otthonhoz jut\u00e1s\u00e1t \u00e9s csal\u00e1dalap\u00edt\u00e1s\u00e1t - mondta a csal\u00e1dok\u00e9rt felel\u0151s parlamenti \u00e1llamtitk\u00e1r a korm\u00e1ny Facebook-oldal\u00e1ra h\u00e9tf\u0151n felt\u00f6lt\u00f6tt vide\u00f3ban. Zsig\u00f3 R\u00f3bert: Seg\u00edtj\u00fck","canonical_url":"https:\/\/allasorias.hu\/hirek\/segitik-a-fiatalok-munkaba-allasat\/","robots":"max-image-preview:large","keywords":"","webmasterTools":{"miscellaneous":""},"schema":{"@context":"https:\/\/schema.org","@graph":[{"@type":"Article","@id":"https:\/\/allasorias.hu\/hirek\/segitik-a-fiatalok-munkaba-allasat\/#article","name":"Seg\u00edtik a fiatalok munk\u00e1ba \u00e1ll\u00e1s\u00e1t | AllasOrias.hu | H\u00edrek-lapszemle","headline":"Seg\u00edtik a fiatalok munk\u00e1ba \u00e1ll\u00e1s\u00e1t","author":{"@id":"https:\/\/allasorias.hu\/hirek\/author\/admin-allasorias\/#author"},"publisher":{"@id":"https:\/\/allasorias.hu\/hirek\/#organization"},"image":{"@type":"ImageObject","url":"https:\/\/allasorias.hu\/hirek\/wp-content\/uploads\/2020\/12\/young-attractive-smiling-student-showing-thumb-up-outdoors-campus-university.jpg","width":1920,"height":1280,"caption":"Young attractive smiling student showing thumb up outdoors on campus at the university. Selective focus"},"datePublished":"2022-01-05T07:51:36+02:00","dateModified":"2022-01-05T07:51:36+02:00","inLanguage":"hu-HU","mainEntityOfPage":{"@id":"https:\/\/allasorias.hu\/hirek\/segitik-a-fiatalok-munkaba-allasat\/#webpage"},"isPartOf":{"@id":"https:\/\/allasorias.hu\/hirek\/segitik-a-fiatalok-munkaba-allasat\/#webpage"},"articleSection":"Munkaer\u0151piac"},{"@type":"BreadcrumbList","@id":"https:\/\/allasorias.hu\/hirek\/segitik-a-fiatalok-munkaba-allasat\/#breadcrumblist","itemListElement":[{"@type":"ListItem","@id":"https:\/\/allasorias.hu\/hirek#listItem","position":1,"name":"Home","item":"https:\/\/allasorias.hu\/hirek","nextItem":{"@type":"ListItem","@id":"https:\/\/allasorias.hu\/hirek\/temak\/munkaeropiac\/#listItem","name":"Munkaer\u0151piac"}},{"@type":"ListItem","@id":"https:\/\/allasorias.hu\/hirek\/temak\/munkaeropiac\/#listItem","position":2,"name":"Munkaer\u0151piac","item":"https:\/\/allasorias.hu\/hirek\/temak\/munkaeropiac\/","nextItem":{"@type":"ListItem","@id":"https:\/\/allasorias.hu\/hirek\/segitik-a-fiatalok-munkaba-allasat\/#listItem","name":"Seg\u00edtik a fiatalok munk\u00e1ba \u00e1ll\u00e1s\u00e1t"},"previousItem":{"@type":"ListItem","@id":"https:\/\/allasorias.hu\/hirek#listItem","name":"Home"}},{"@type":"ListItem","@id":"https:\/\/allasorias.hu\/hirek\/segitik-a-fiatalok-munkaba-allasat\/#listItem","position":3,"name":"Seg\u00edtik a fiatalok munk\u00e1ba \u00e1ll\u00e1s\u00e1t","previousItem":{"@type":"ListItem","@id":"https:\/\/allasorias.hu\/hirek\/temak\/munkaeropiac\/#listItem","name":"Munkaer\u0151piac"}}]},{"@type":"Organization","@id":"https:\/\/allasorias.hu\/hirek\/#organization","name":"AllasOrias.hu | H\u00edrek-lapszemle","description":"\u00dczleti h\u00edrek az \u00e1ll\u00e1s \u00e9s a munka vil\u00e1g\u00e1b\u00f3l","url":"https:\/\/allasorias.hu\/hirek\/","logo":{"@type":"ImageObject","url":"https:\/\/allasorias.hu\/hirek\/wp-content\/uploads\/2022\/10\/allasorias_site_facebok_logo.png","@id":"https:\/\/allasorias.hu\/hirek\/segitik-a-fiatalok-munkaba-allasat\/#organizationLogo"},"image":{"@id":"https:\/\/allasorias.hu\/hirek\/segitik-a-fiatalok-munkaba-allasat\/#organizationLogo"},"sameAs":["https:\/\/www.facebook.com\/allasorias","https:\/\/www.linkedin.com\/company\/allasorias"]},{"@type":"Person","@id":"https:\/\/allasorias.hu\/hirek\/author\/admin-allasorias\/#author","url":"https:\/\/allasorias.hu\/hirek\/author\/admin-allasorias\/","name":"Juh\u00e1sz P\u00e9ter","image":{"@type":"ImageObject","@id":"https:\/\/allasorias.hu\/hirek\/segitik-a-fiatalok-munkaba-allasat\/#authorImage","url":"https:\/\/secure.gravatar.com\/avatar\/36e6bcb83148978b992977cb0f54d22feb0cce8a0a849a9410532bb2623ba4c6?s=96&d=mm&r=g","width":96,"height":96,"caption":"Juh\u00e1sz P\u00e9ter"}},{"@type":"WebPage","@id":"https:\/\/allasorias.hu\/hirek\/segitik-a-fiatalok-munkaba-allasat\/#webpage","url":"https:\/\/allasorias.hu\/hirek\/segitik-a-fiatalok-munkaba-allasat\/","name":"Seg\u00edtik a fiatalok munk\u00e1ba \u00e1ll\u00e1s\u00e1t | AllasOrias.hu | H\u00edrek-lapszemle","description":"Zsig\u00f3 R\u00f3bert: Seg\u00edtj\u00fck a fiatalok munkaer\u0151piacra t\u00f6rt\u00e9n\u0151 kil\u00e9p\u00e9s\u00e9t, a saj\u00e1t otthonhoz jut\u00e1st \u00e9s a csal\u00e1dalap\u00edt\u00e1st is. A korm\u00e1ny elk\u00f6telezett abban, hogy a gyermekeket nevel\u0151 csal\u00e1dok t\u00e1mogat\u00e1sa mellett seg\u00edtse a fiatalok \u00e9letkezd\u00e9s\u00e9t, kil\u00e9p\u00e9s\u00e9t a munkaer\u0151piacra, saj\u00e1t otthonhoz jut\u00e1s\u00e1t \u00e9s csal\u00e1dalap\u00edt\u00e1s\u00e1t - mondta a csal\u00e1dok\u00e9rt felel\u0151s parlamenti \u00e1llamtitk\u00e1r a korm\u00e1ny Facebook-oldal\u00e1ra h\u00e9tf\u0151n felt\u00f6lt\u00f6tt vide\u00f3ban. Zsig\u00f3 R\u00f3bert: Seg\u00edtj\u00fck","inLanguage":"hu-HU","isPartOf":{"@id":"https:\/\/allasorias.hu\/hirek\/#website"},"breadcrumb":{"@id":"https:\/\/allasorias.hu\/hirek\/segitik-a-fiatalok-munkaba-allasat\/#breadcrumblist"},"author":{"@id":"https:\/\/allasorias.hu\/hirek\/author\/admin-allasorias\/#author"},"creator":{"@id":"https:\/\/allasorias.hu\/hirek\/author\/admin-allasorias\/#author"},"image":{"@type":"ImageObject","url":"https:\/\/allasorias.hu\/hirek\/wp-content\/uploads\/2020\/12\/young-attractive-smiling-student-showing-thumb-up-outdoors-campus-university.jpg","@id":"https:\/\/allasorias.hu\/hirek\/segitik-a-fiatalok-munkaba-allasat\/#mainImage","width":1920,"height":1280,"caption":"Young attractive smiling student showing thumb up outdoors on campus at the university. Selective focus"},"primaryImageOfPage":{"@id":"https:\/\/allasorias.hu\/hirek\/segitik-a-fiatalok-munkaba-allasat\/#mainImage"},"datePublished":"2022-01-05T07:51:36+02:00","dateModified":"2022-01-05T07:51:36+02:00"},{"@type":"WebSite","@id":"https:\/\/allasorias.hu\/hirek\/#website","url":"https:\/\/allasorias.hu\/hirek\/","name":"AllasOrias.hu | H\u00edrek-lapszemle","description":"\u00dczleti h\u00edrek az \u00e1ll\u00e1s \u00e9s a munka vil\u00e1g\u00e1b\u00f3l","inLanguage":"hu-HU","publisher":{"@id":"https:\/\/allasorias.hu\/hirek\/#organization"}}]},"og:locale":"hu_HU","og:site_name":"AllasOrias.hu | H\u00edrek-lapszemle | \u00dczleti h\u00edrek az \u00e1ll\u00e1s \u00e9s a munka vil\u00e1g\u00e1b\u00f3l","og:type":"article","og:title":"Seg\u00edtik a fiatalok munk\u00e1ba \u00e1ll\u00e1s\u00e1t | AllasOrias.hu | H\u00edrek-lapszemle","og:description":"Zsig\u00f3 R\u00f3bert: Seg\u00edtj\u00fck a fiatalok munkaer\u0151piacra t\u00f6rt\u00e9n\u0151 kil\u00e9p\u00e9s\u00e9t, a saj\u00e1t otthonhoz jut\u00e1st \u00e9s a csal\u00e1dalap\u00edt\u00e1st is. A korm\u00e1ny elk\u00f6telezett abban, hogy a gyermekeket nevel\u0151 csal\u00e1dok t\u00e1mogat\u00e1sa mellett seg\u00edtse a fiatalok \u00e9letkezd\u00e9s\u00e9t, kil\u00e9p\u00e9s\u00e9t a munkaer\u0151piacra, saj\u00e1t otthonhoz jut\u00e1s\u00e1t \u00e9s csal\u00e1dalap\u00edt\u00e1s\u00e1t - mondta a csal\u00e1dok\u00e9rt felel\u0151s parlamenti \u00e1llamtitk\u00e1r a korm\u00e1ny Facebook-oldal\u00e1ra h\u00e9tf\u0151n felt\u00f6lt\u00f6tt vide\u00f3ban. Zsig\u00f3 R\u00f3bert: Seg\u00edtj\u00fck","og:url":"https:\/\/allasorias.hu\/hirek\/segitik-a-fiatalok-munkaba-allasat\/","og:image":"https:\/\/allasorias.hu\/hirek\/wp-content\/uploads\/2020\/12\/young-attractive-smiling-student-showing-thumb-up-outdoors-campus-university.jpg","og:image:secure_url":"https:\/\/allasorias.hu\/hirek\/wp-content\/uploads\/2020\/12\/young-attractive-smiling-student-showing-thumb-up-outdoors-campus-university.jpg","og:image:width":1920,"og:image:height":1280,"article:published_time":"2022-01-05T07:51:36+00:00","article:modified_time":"2022-01-05T07:51:36+00:00","article:publisher":"https:\/\/www.facebook.com\/allasorias","twitter:card":"summary_large_image","twitter:title":"Seg\u00edtik a fiatalok munk\u00e1ba \u00e1ll\u00e1s\u00e1t | AllasOrias.hu | H\u00edrek-lapszemle","twitter:description":"Zsig\u00f3 R\u00f3bert: Seg\u00edtj\u00fck a fiatalok munkaer\u0151piacra t\u00f6rt\u00e9n\u0151 kil\u00e9p\u00e9s\u00e9t, a saj\u00e1t otthonhoz jut\u00e1st \u00e9s a csal\u00e1dalap\u00edt\u00e1st is. A korm\u00e1ny elk\u00f6telezett abban, hogy a gyermekeket nevel\u0151 csal\u00e1dok t\u00e1mogat\u00e1sa mellett seg\u00edtse a fiatalok \u00e9letkezd\u00e9s\u00e9t, kil\u00e9p\u00e9s\u00e9t a munkaer\u0151piacra, saj\u00e1t otthonhoz jut\u00e1s\u00e1t \u00e9s csal\u00e1dalap\u00edt\u00e1s\u00e1t - mondta a csal\u00e1dok\u00e9rt felel\u0151s parlamenti \u00e1llamtitk\u00e1r a korm\u00e1ny Facebook-oldal\u00e1ra h\u00e9tf\u0151n felt\u00f6lt\u00f6tt vide\u00f3ban. Zsig\u00f3 R\u00f3bert: Seg\u00edtj\u00fck","twitter:image":"https:\/\/allasorias.hu\/hirek\/wp-content\/uploads\/2020\/12\/young-attractive-smiling-student-showing-thumb-up-outdoors-campus-university.jpg","twitter:label1":"Written by","twitter:data1":"Juh\u00e1sz P\u00e9ter","twitter:label2":"Est. reading time","twitter:data2":"1 minute"},"aioseo_meta_data":{"post_id":"5301","title":null,"description":null,"keywords":[],"keyphrases":{"focus":[],"additional":[]},"primary_term":null,"canonical_url":null,"og_title":null,"og_description":null,"og_object_type":"default","og_image_type":"default","og_image_url":null,"og_image_width":null,"og_image_height":null,"og_image_custom_url":null,"og_image_custom_fields":null,"og_video":"","og_custom_url":null,"og_article_section":null,"og_article_tags":[],"twitter_use_og":false,"twitter_card":"default","twitter_image_type":"default","twitter_image_url":null,"twitter_image_custom_url":null,"twitter_image_custom_fields":null,"twitter_title":null,"twitter_description":null,"schema":{"blockGraphs":[],"customGraphs":[],"default":{"data":{"Article":[],"Course":[],"Dataset":[],"FAQPage":[],"Movie":[],"Person":[],"Product":[],"ProductReview":[],"Car":[],"Recipe":[],"Service":[],"SoftwareApplication":[],"WebPage":[]},"graphName":"","isEnabled":true},"graphs":[],"defaultGraph":"Article","defaultPostTypeGraph":""},"schema_type":"default","schema_type_options":"{\"article\":{\"articleType\":\"BlogPosting\"},\"course\":{\"name\":\"\",\"description\":\"\",\"provider\":\"\"},\"faq\":{\"pages\":[]},\"product\":{\"reviews\":[]},\"recipe\":{\"ingredients\":[],\"instructions\":[],\"keywords\":[]},\"software\":{\"reviews\":[],\"operatingSystems\":[]},\"webPage\":{\"webPageType\":\"WebPage\"}}","pillar_content":false,"robots_default":true,"robots_noindex":false,"robots_noarchive":false,"robots_nosnippet":false,"robots_nofollow":false,"robots_noimageindex":false,"robots_noodp":false,"robots_notranslate":false,"robots_max_snippet":"-1","robots_max_videopreview":"-1","robots_max_imagepreview":"large","priority":null,"frequency":"default","location":null,"local_seo":null,"breadcrumb_settings":null,"limit_modified_date":false,"ai":null,"created":"2022-01-05 07:25:24","updated":"2025-10-02 16:41:45","seo_analyzer_scan_date":null,"focus_keyword":null,"additional_keywords":null,"truseo_locale":null},"aioseo_breadcrumb":"<div class=\"aioseo-breadcrumbs\"><span class=\"aioseo-breadcrumb\">\n\t\t\t<a href=\"https:\/\/allasorias.hu\/hirek\" title=\"Home\">Home<\/a>\n\t\t<\/span><span class=\"aioseo-breadcrumb-separator\">&raquo;<\/span><span class=\"aioseo-breadcrumb\">\n\t\t\t<a href=\"https:\/\/allasorias.hu\/hirek\/temak\/munkaeropiac\/\" title=\"Munkaer\u0151piac\">Munkaer\u0151piac<\/a>\n\t\t<\/span><span class=\"aioseo-breadcrumb-separator\">&raquo;<\/span><span class=\"aioseo-breadcrumb\">\n\t\t\tSeg\u00edtik a fiatalok munk\u00e1ba \u00e1ll\u00e1s\u00e1t\n\t\t<\/span><\/div>","aioseo_breadcrumb_json":[{"label":"Home","link":"https:\/\/allasorias.hu\/hirek"},{"label":"Munkaer\u0151piac","link":"https:\/\/allasorias.hu\/hirek\/temak\/munkaeropiac\/"},{"label":"Seg\u00edtik a fiatalok munk\u00e1ba \u00e1ll\u00e1s\u00e1t","link":"https:\/\/allasorias.hu\/hirek\/segitik-a-fiatalok-munkaba-allasat\/"}],"_links":{"self":[{"href":"https:\/\/allasorias.hu\/hirek\/wp-json\/wp\/v2\/posts\/5301","targetHints":{"allow":["GET"]}}],"collection":[{"href":"https:\/\/allasorias.hu\/hirek\/wp-json\/wp\/v2\/posts"}],"about":[{"href":"https:\/\/allasorias.hu\/hirek\/wp-json\/wp\/v2\/types\/post"}],"author":[{"embeddable":true,"href":"https:\/\/allasorias.hu\/hirek\/wp-json\/wp\/v2\/users\/1"}],"replies":[{"embeddable":true,"href":"https:\/\/allasorias.hu\/hirek\/wp-json\/wp\/v2\/comments?post=5301"}],"version-history":[{"count":1,"href":"https:\/\/allasorias.hu\/hirek\/wp-json\/wp\/v2\/posts\/5301\/revisions"}],"predecessor-version":[{"id":5302,"href":"https:\/\/allasorias.hu\/hirek\/wp-json\/wp\/v2\/posts\/5301\/revisions\/5302"}],"wp:featuredmedia":[{"embeddable":true,"href":"https:\/\/allasorias.hu\/hirek\/wp-json\/wp\/v2\/media\/4488"}],"wp:attachment":[{"href":"https:\/\/allasorias.hu\/hirek\/wp-json\/wp\/v2\/media?parent=5301"}],"wp:term":[{"taxonomy":"category","embeddable":true,"href":"https:\/\/allasorias.hu\/hirek\/wp-json\/wp\/v2\/categories?post=5301"},{"taxonomy":"post_tag","embeddable":true,"href":"https:\/\/allasorias.hu\/hirek\/wp-json\/wp\/v2\/tags?post=5301"}],"curies":[{"name":"wp","href":"https:\/\/api.w.org\/{rel}","templated":true}]}}