{"id":5264,"date":"2021-12-17T08:26:32","date_gmt":"2021-12-17T08:26:32","guid":{"rendered":"https:\/\/allasorias.hu\/hirek\/?p=5264"},"modified":"2021-12-17T08:26:32","modified_gmt":"2021-12-17T08:26:32","slug":"a-villanyautok-rosszul-hatnak-a-munkaeropiacra","status":"publish","type":"post","link":"https:\/\/allasorias.hu\/hirek\/a-villanyautok-rosszul-hatnak-a-munkaeropiacra\/","title":{"rendered":"A villanyaut\u00f3k rosszul hatnak a munkaer\u0151piacra"},"content":{"rendered":"<p><strong>A p\u00e1rizsi kl\u00edmaegyezm\u00e9ny, valamint az uni\u00f3s z\u00f6ld meg\u00e1llapod\u00e1s k\u00f6vetkezm\u00e9nyei vesz\u00e9lybe sodorhatj\u00e1k az \u00e1gazat munkaer\u0151piac\u00e1t &#8211; figyelmeztet a Clepa, amelynek h\u00edrlevele h\u00e1rom k\u00fcl\u00f6nf\u00e9le forgat\u00f3k\u00f6nyvet v\u00e1zol fel az eur\u00f3pai j\u00e1rm\u0171ipar 2020-2040 k\u00f6z\u00f6tti id\u0151szak\u00e1r\u00f3l. Az eur\u00f3pai aut\u00f3besz\u00e1ll\u00edt\u00f3k sz\u00f6vets\u00e9ge (Clepa) hat\u00e1stanulm\u00e1nyt k\u00e9sz\u00edttetett a PwC piackutat\u00f3val, arr\u00f3l, hogyan befoly\u00e1solja az eur\u00f3pai aut\u00f3ipari munkahelyek j\u00f6v\u0151j\u00e9t a teljesen elektromos aut\u00f3k gy\u00e1rt\u00e1s\u00e1ra t\u00f6rt\u00e9n\u0151 \u00e1tt\u00e9r\u00e9s. <\/strong><\/p>\n<p>A h\u00e1rom szcen\u00e1ri\u00f3 k\u00f6z\u00f6tt van a m\u00e9rs\u00e9kelt \u00e9s fokozatos \u00e1talakul\u00e1s elveit vall\u00f3 vegyes technol\u00f3giai megk\u00f6zel\u00edt\u00e9s, a Fit for 55 kl\u00edmav\u00e9delmi egyezm\u00e9nynek megfelel\u0151 menetrend, valamint egy ann\u00e1l is radik\u00e1lisabb fordulat az elektromos aut\u00f3kra val\u00f3 \u00e1tt\u00e9r\u00e9sre. Az els\u0151 szcen\u00e1ri\u00f3 2030-ra a villanyaut\u00f3k r\u00e9szesed\u00e9s\u00e9nek t\u00f6bb mint \u00f6tven sz\u00e1zal\u00e9kos, a m\u00e1sodik majdnem 80 sz\u00e1zal\u00e9kos, a harmadik pedig k\u00f6zel 100 sz\u00e1zal\u00e9kos r\u00e9szar\u00e1ny\u00e1val sz\u00e1mol. Az aut\u00f3ipar foglalkoztatja tizenh\u00e1rom uni\u00f3s orsz\u00e1g dolgoz\u00f3inak t\u00f6bb mint \u00f6t sz\u00e1zal\u00e9k\u00e1t \u00fagy, hogy ezeknek a dolgoz\u00f3knak t\u00f6bb mint hatvan sz\u00e1zal\u00e9ka az aut\u00f3ipari besz\u00e1ll\u00edt\u00f3kt\u00f3l kapja a fizet\u00e9s\u00e9t. A rendhagy\u00f3 \u00e9s hi\u00e1nyp\u00f3tl\u00f3 tanulm\u00e1ny h\u00e9t eur\u00f3pai orsz\u00e1gban (itt zajlik az aut\u00f3ipari termel\u00e9s 74 sz\u00e1zal\u00e9ka) v\u00e9gzett kock\u00e1zatelemz\u00e9st a tervezett v\u00e1ltoz\u00e1sok f\u00e9ny\u00e9ben: N\u00e9metorsz\u00e1g, Spanyolorsz\u00e1g, Franciaorsz\u00e1g, Olaszorsz\u00e1g, Csehorsz\u00e1g, Lengyelorsz\u00e1g \u00e9s Rom\u00e1nia tartozik k\u00f6z\u00e9j\u00fck. Az egyik legf\u0151bb meg\u00e1llap\u00edt\u00e1sa a munk\u00e1nak az, hogy m\u00edg az aut\u00f3gy\u00e1rt\u00f3k viszonylag kisebb fok\u00fa le\u00e9p\u00edt\u00e9ssel tudj\u00e1k levez\u00e9nyelni az \u00e1t\u00e1ll\u00e1st villanyaut\u00f3-gy\u00e1rt\u00e1sra, addig az alkatr\u00e9sz-besz\u00e1ll\u00edt\u00f3kn\u00e1l nagyobb \u00e1ldozatot k\u00edv\u00e1n a transzform\u00e1ci\u00f3. Ugyanez \u00e9rv\u00e9nyes a szektorok p\u00e9nz\u00fcgyi lehet\u0151s\u00e9geire is, a besz\u00e1ll\u00edt\u00f3k ezen a ter\u00fcleten is h\u00e1tr\u00e1nyban vannak a nagyobb likvidit\u00e1s\u00fa \u00e9s b\u0151s\u00e9ges tartal\u00e9kokkal rendelkez\u0151 aut\u00f3gy\u00e1rt\u00f3kkal szemben. A tanulm\u00e1ny szerint, ha a harmadik, azaz az er\u0151szakos EV-\u00e1t\u00e1ll\u00e1st szorgalmazza az uni\u00f3s politika, akkor m\u00e1r 2030-2035 k\u00f6z\u00f6tt le\u00e9p\u00edt\u00e9sben, \u00e1tszervez\u00e9sben \u00e9rintett\u00e9 v\u00e1lik az aut\u00f3ipari dolgoz\u00f3k hetven sz\u00e1zal\u00e9ka. A dolgoz\u00f3k egy r\u00e9sz\u00e9t felszippantja majd a tervezett eur\u00f3pai akkumul\u00e1toripari \u00fczlet\u00e1g fejleszt\u00e9se, de err\u0151l konkr\u00e9tumok jelenleg m\u00e9g nincsenek. \u00dagy t\u0171nik, hogy az \u00e1talak\u00edt\u00e1s nyertesei a nyugat-eur\u00f3pai \u00e1llamok lesznek (mintegy 56,2 milli\u00e1rd eur\u00f3 t\u00f6bblet hozz\u00e1adott \u00e9rt\u00e9kkel), ahol m\u00e1r most is jelent\u0151s villanymotor-gy\u00e1rt\u00e1s zajlik, m\u00edg a K\u00f6z\u00e9p-Kelet-Eur\u00f3pai r\u00e9gi\u00f3 tov\u00e1bbra is a bels\u0151\u00e9g\u00e9s\u0171 motorgy\u00e1rt\u00e1st\u00f3l f\u00fcgg. Szak\u00e9rt\u0151k szerint a j\u00f6v\u0151ben a hagyom\u00e1nyos (mechanikai k\u00e9pzetts\u00e9ggel b\u00edr\u00f3) motorgy\u00e1ri munk\u00e1sok helyett magasabban \u00e9s szoftveresen k\u00e9pzett dolgoz\u00f3k (t\u00f6bbnyire m\u00e9rn\u00f6k\u00f6k) kellenek majd, \u00faj, t\u00f6meges munkahelyeket csakis az eur\u00f3pai akkumul\u00e1toripar felvir\u00e1goztat\u00e1sa hozhat l\u00e9tre.. A PwC tanulm\u00e1nya arra a meg\u00e1llap\u00edt\u00e1sra jutott, hogy mintegy 70 milli\u00e1rd eur\u00f3t (a teljes r\u00e1ford\u00edt\u00e1s hetven sz\u00e1zal\u00e9ka) em\u00e9szt majd fel az akkumul\u00e1torok gy\u00e1rt\u00e1sa (alapanyagok, cell\u00e1k, modulok, \u00f6sszeszerel\u00e9s) a vizsg\u00e1lt id\u0151szakban. Ezek azonban f\u0151k\u00e9nt nagy, most \u00e9p\u00fcl\u0151 centrumokban k\u00e9sz\u00fclnek (szerencs\u00e9re Magyarorsz\u00e1gon m\u00e1r van, \u00e9s lesz is n\u00e9h\u00e1ny ilyen) majd, nem az eddigi, hagyom\u00e1nyos aut\u00f3ipari besz\u00e1ll\u00edt\u00f3i egys\u00e9gekn\u00e9l. Nagy lesz a verseny, ami nem baj, de ebb\u0151l a p\u00e9nz- \u00e9s munkaes\u0151b\u0151l kimaradnak az eur\u00f3pai besz\u00e1ll\u00edt\u00f3i l\u00e1nc munkav\u00e1llal\u00f3inak 20 sz\u00e1zal\u00e9k\u00e1nak foglakkoztat\u00f3 kis- \u00e9s k\u00f6z\u00e9pv\u00e1llalkoz\u00e1sok.<\/p>\n<p>Forr\u00e1s: autoszektor.hu<\/p>\n","protected":false},"excerpt":{"rendered":"<p>A p\u00e1rizsi kl\u00edmaegyezm\u00e9ny, valamint az uni\u00f3s z\u00f6ld meg\u00e1llapod\u00e1s k\u00f6vetkezm\u00e9nyei vesz\u00e9lybe sodorhatj\u00e1k az \u00e1gazat munkaer\u0151piac\u00e1t &#8211; figyelmeztet a Clepa, amelynek h\u00edrlevele h\u00e1rom k\u00fcl\u00f6nf\u00e9le forgat\u00f3k\u00f6nyvet v\u00e1zol fel az eur\u00f3pai j\u00e1rm\u0171ipar 2020-2040 k\u00f6z\u00f6tti id\u0151szak\u00e1r\u00f3l. Az eur\u00f3pai aut\u00f3besz\u00e1ll\u00edt\u00f3k sz\u00f6vets\u00e9ge (Clepa) hat\u00e1stanulm\u00e1nyt k\u00e9sz\u00edttetett a PwC piackutat\u00f3val, arr\u00f3l, hogyan befoly\u00e1solja az eur\u00f3pai aut\u00f3ipari munkahelyek j\u00f6v\u0151j\u00e9t a teljesen elektromos aut\u00f3k gy\u00e1rt\u00e1s\u00e1ra t\u00f6rt\u00e9n\u0151 [&hellip;]<\/p>\n","protected":false},"author":1,"featured_media":5266,"comment_status":"open","ping_status":"open","sticky":false,"template":"","format":"standard","meta":{"_monsterinsights_skip_tracking":false,"footnotes":""},"categories":[200],"tags":[],"class_list":["post-5264","post","type-post","status-publish","format-standard","has-post-thumbnail","hentry","category-munkaeropiac"],"aioseo_notices":[],"aioseo_head":"\n\t\t<!-- All in One SEO 5.0.0.1 - aioseo.com -->\n\t<meta name=\"description\" content=\"A p\u00e1rizsi kl\u00edmaegyezm\u00e9ny, valamint az uni\u00f3s z\u00f6ld meg\u00e1llapod\u00e1s k\u00f6vetkezm\u00e9nyei vesz\u00e9lybe sodorhatj\u00e1k az \u00e1gazat munkaer\u0151piac\u00e1t - figyelmeztet a Clepa, amelynek h\u00edrlevele h\u00e1rom k\u00fcl\u00f6nf\u00e9le forgat\u00f3k\u00f6nyvet v\u00e1zol fel az eur\u00f3pai j\u00e1rm\u0171ipar 2020-2040 k\u00f6z\u00f6tti id\u0151szak\u00e1r\u00f3l. Az eur\u00f3pai aut\u00f3besz\u00e1ll\u00edt\u00f3k sz\u00f6vets\u00e9ge (Clepa) hat\u00e1stanulm\u00e1nyt k\u00e9sz\u00edttetett a PwC piackutat\u00f3val, arr\u00f3l, hogyan befoly\u00e1solja az eur\u00f3pai aut\u00f3ipari munkahelyek j\u00f6v\u0151j\u00e9t a teljesen elektromos aut\u00f3k gy\u00e1rt\u00e1s\u00e1ra t\u00f6rt\u00e9n\u0151\" \/>\n\t<meta name=\"robots\" content=\"max-image-preview:large\" \/>\n\t<meta name=\"author\" content=\"Juh\u00e1sz P\u00e9ter\"\/>\n\t<link rel=\"canonical\" href=\"https:\/\/allasorias.hu\/hirek\/a-villanyautok-rosszul-hatnak-a-munkaeropiacra\/\" \/>\n\t<meta name=\"generator\" content=\"All in One SEO (AIOSEO) 5.0.0.1\" \/>\n\t\t<meta property=\"og:locale\" content=\"hu_HU\" \/>\n\t\t<meta property=\"og:site_name\" content=\"AllasOrias.hu | H\u00edrek-lapszemle | \u00dczleti h\u00edrek az \u00e1ll\u00e1s \u00e9s a munka vil\u00e1g\u00e1b\u00f3l\" \/>\n\t\t<meta property=\"og:type\" content=\"article\" \/>\n\t\t<meta property=\"og:title\" content=\"A villanyaut\u00f3k rosszul hatnak a munkaer\u0151piacra | AllasOrias.hu | H\u00edrek-lapszemle\" \/>\n\t\t<meta property=\"og:description\" content=\"A p\u00e1rizsi kl\u00edmaegyezm\u00e9ny, valamint az uni\u00f3s z\u00f6ld meg\u00e1llapod\u00e1s k\u00f6vetkezm\u00e9nyei vesz\u00e9lybe sodorhatj\u00e1k az \u00e1gazat munkaer\u0151piac\u00e1t - figyelmeztet a Clepa, amelynek h\u00edrlevele h\u00e1rom k\u00fcl\u00f6nf\u00e9le forgat\u00f3k\u00f6nyvet v\u00e1zol fel az eur\u00f3pai j\u00e1rm\u0171ipar 2020-2040 k\u00f6z\u00f6tti id\u0151szak\u00e1r\u00f3l. Az eur\u00f3pai aut\u00f3besz\u00e1ll\u00edt\u00f3k sz\u00f6vets\u00e9ge (Clepa) hat\u00e1stanulm\u00e1nyt k\u00e9sz\u00edttetett a PwC piackutat\u00f3val, arr\u00f3l, hogyan befoly\u00e1solja az eur\u00f3pai aut\u00f3ipari munkahelyek j\u00f6v\u0151j\u00e9t a teljesen elektromos aut\u00f3k gy\u00e1rt\u00e1s\u00e1ra t\u00f6rt\u00e9n\u0151\" \/>\n\t\t<meta property=\"og:url\" content=\"https:\/\/allasorias.hu\/hirek\/a-villanyautok-rosszul-hatnak-a-munkaeropiacra\/\" \/>\n\t\t<meta property=\"og:image\" content=\"https:\/\/allasorias.hu\/hirek\/wp-content\/uploads\/2021\/12\/electric-car-charging-station-street.jpg\" \/>\n\t\t<meta property=\"og:image:secure_url\" content=\"https:\/\/allasorias.hu\/hirek\/wp-content\/uploads\/2021\/12\/electric-car-charging-station-street.jpg\" \/>\n\t\t<meta property=\"og:image:width\" content=\"1920\" \/>\n\t\t<meta property=\"og:image:height\" content=\"1280\" \/>\n\t\t<meta property=\"article:published_time\" content=\"2021-12-17T08:26:32+00:00\" \/>\n\t\t<meta property=\"article:modified_time\" content=\"2021-12-17T08:26:32+00:00\" \/>\n\t\t<meta property=\"article:publisher\" content=\"https:\/\/www.facebook.com\/allasorias\" \/>\n\t\t<meta name=\"twitter:card\" content=\"summary_large_image\" \/>\n\t\t<meta name=\"twitter:title\" content=\"A villanyaut\u00f3k rosszul hatnak a munkaer\u0151piacra | AllasOrias.hu | H\u00edrek-lapszemle\" \/>\n\t\t<meta name=\"twitter:description\" content=\"A p\u00e1rizsi kl\u00edmaegyezm\u00e9ny, valamint az uni\u00f3s z\u00f6ld meg\u00e1llapod\u00e1s k\u00f6vetkezm\u00e9nyei vesz\u00e9lybe sodorhatj\u00e1k az \u00e1gazat munkaer\u0151piac\u00e1t - figyelmeztet a Clepa, amelynek h\u00edrlevele h\u00e1rom k\u00fcl\u00f6nf\u00e9le forgat\u00f3k\u00f6nyvet v\u00e1zol fel az eur\u00f3pai j\u00e1rm\u0171ipar 2020-2040 k\u00f6z\u00f6tti id\u0151szak\u00e1r\u00f3l. Az eur\u00f3pai aut\u00f3besz\u00e1ll\u00edt\u00f3k sz\u00f6vets\u00e9ge (Clepa) hat\u00e1stanulm\u00e1nyt k\u00e9sz\u00edttetett a PwC piackutat\u00f3val, arr\u00f3l, hogyan befoly\u00e1solja az eur\u00f3pai aut\u00f3ipari munkahelyek j\u00f6v\u0151j\u00e9t a teljesen elektromos aut\u00f3k gy\u00e1rt\u00e1s\u00e1ra t\u00f6rt\u00e9n\u0151\" \/>\n\t\t<meta name=\"twitter:image\" content=\"https:\/\/allasorias.hu\/hirek\/wp-content\/uploads\/2021\/12\/electric-car-charging-station-street.jpg\" \/>\n\t\t<meta name=\"twitter:label1\" content=\"Written by\" \/>\n\t\t<meta name=\"twitter:data1\" content=\"Juh\u00e1sz P\u00e9ter\" \/>\n\t\t<meta name=\"twitter:label2\" content=\"Est. reading time\" \/>\n\t\t<meta name=\"twitter:data2\" content=\"4 minutes\" \/>\n\t\t<script type=\"application\/ld+json\" class=\"aioseo-schema\">\n\t\t\t{\"@context\":\"https:\\\/\\\/schema.org\",\"@graph\":[{\"@type\":\"Article\",\"@id\":\"https:\\\/\\\/allasorias.hu\\\/hirek\\\/a-villanyautok-rosszul-hatnak-a-munkaeropiacra\\\/#article\",\"name\":\"A villanyaut\\u00f3k rosszul hatnak a munkaer\\u0151piacra | AllasOrias.hu | H\\u00edrek-lapszemle\",\"headline\":\"A villanyaut\\u00f3k rosszul hatnak a munkaer\\u0151piacra\",\"author\":{\"@id\":\"https:\\\/\\\/allasorias.hu\\\/hirek\\\/author\\\/admin-allasorias\\\/#author\"},\"publisher\":{\"@id\":\"https:\\\/\\\/allasorias.hu\\\/hirek\\\/#organization\"},\"image\":{\"@type\":\"ImageObject\",\"url\":\"https:\\\/\\\/allasorias.hu\\\/hirek\\\/wp-content\\\/uploads\\\/2021\\\/12\\\/electric-car-charging-station-street.jpg\",\"width\":1920,\"height\":1280,\"caption\":\"electric car, charging station on the street, in the parking lot Shopping Mall.\"},\"datePublished\":\"2021-12-17T08:26:32+02:00\",\"dateModified\":\"2021-12-17T08:26:32+02:00\",\"inLanguage\":\"hu-HU\",\"mainEntityOfPage\":{\"@id\":\"https:\\\/\\\/allasorias.hu\\\/hirek\\\/a-villanyautok-rosszul-hatnak-a-munkaeropiacra\\\/#webpage\"},\"isPartOf\":{\"@id\":\"https:\\\/\\\/allasorias.hu\\\/hirek\\\/a-villanyautok-rosszul-hatnak-a-munkaeropiacra\\\/#webpage\"},\"articleSection\":\"Munkaer\\u0151piac\"},{\"@type\":\"BreadcrumbList\",\"@id\":\"https:\\\/\\\/allasorias.hu\\\/hirek\\\/a-villanyautok-rosszul-hatnak-a-munkaeropiacra\\\/#breadcrumblist\",\"itemListElement\":[{\"@type\":\"ListItem\",\"@id\":\"https:\\\/\\\/allasorias.hu\\\/hirek#listItem\",\"position\":1,\"name\":\"Home\",\"item\":\"https:\\\/\\\/allasorias.hu\\\/hirek\",\"nextItem\":{\"@type\":\"ListItem\",\"@id\":\"https:\\\/\\\/allasorias.hu\\\/hirek\\\/temak\\\/munkaeropiac\\\/#listItem\",\"name\":\"Munkaer\\u0151piac\"}},{\"@type\":\"ListItem\",\"@id\":\"https:\\\/\\\/allasorias.hu\\\/hirek\\\/temak\\\/munkaeropiac\\\/#listItem\",\"position\":2,\"name\":\"Munkaer\\u0151piac\",\"item\":\"https:\\\/\\\/allasorias.hu\\\/hirek\\\/temak\\\/munkaeropiac\\\/\",\"nextItem\":{\"@type\":\"ListItem\",\"@id\":\"https:\\\/\\\/allasorias.hu\\\/hirek\\\/a-villanyautok-rosszul-hatnak-a-munkaeropiacra\\\/#listItem\",\"name\":\"A villanyaut\\u00f3k rosszul hatnak a munkaer\\u0151piacra\"},\"previousItem\":{\"@type\":\"ListItem\",\"@id\":\"https:\\\/\\\/allasorias.hu\\\/hirek#listItem\",\"name\":\"Home\"}},{\"@type\":\"ListItem\",\"@id\":\"https:\\\/\\\/allasorias.hu\\\/hirek\\\/a-villanyautok-rosszul-hatnak-a-munkaeropiacra\\\/#listItem\",\"position\":3,\"name\":\"A villanyaut\\u00f3k rosszul hatnak a munkaer\\u0151piacra\",\"previousItem\":{\"@type\":\"ListItem\",\"@id\":\"https:\\\/\\\/allasorias.hu\\\/hirek\\\/temak\\\/munkaeropiac\\\/#listItem\",\"name\":\"Munkaer\\u0151piac\"}}]},{\"@type\":\"Organization\",\"@id\":\"https:\\\/\\\/allasorias.hu\\\/hirek\\\/#organization\",\"name\":\"AllasOrias.hu | H\\u00edrek-lapszemle\",\"description\":\"\\u00dczleti h\\u00edrek az \\u00e1ll\\u00e1s \\u00e9s a munka vil\\u00e1g\\u00e1b\\u00f3l\",\"url\":\"https:\\\/\\\/allasorias.hu\\\/hirek\\\/\",\"logo\":{\"@type\":\"ImageObject\",\"url\":\"https:\\\/\\\/allasorias.hu\\\/hirek\\\/wp-content\\\/uploads\\\/2022\\\/10\\\/allasorias_site_facebok_logo.png\",\"@id\":\"https:\\\/\\\/allasorias.hu\\\/hirek\\\/a-villanyautok-rosszul-hatnak-a-munkaeropiacra\\\/#organizationLogo\"},\"image\":{\"@id\":\"https:\\\/\\\/allasorias.hu\\\/hirek\\\/a-villanyautok-rosszul-hatnak-a-munkaeropiacra\\\/#organizationLogo\"},\"sameAs\":[\"https:\\\/\\\/www.facebook.com\\\/allasorias\",\"https:\\\/\\\/www.linkedin.com\\\/company\\\/allasorias\"]},{\"@type\":\"Person\",\"@id\":\"https:\\\/\\\/allasorias.hu\\\/hirek\\\/author\\\/admin-allasorias\\\/#author\",\"url\":\"https:\\\/\\\/allasorias.hu\\\/hirek\\\/author\\\/admin-allasorias\\\/\",\"name\":\"Juh\\u00e1sz P\\u00e9ter\",\"image\":{\"@type\":\"ImageObject\",\"@id\":\"https:\\\/\\\/allasorias.hu\\\/hirek\\\/a-villanyautok-rosszul-hatnak-a-munkaeropiacra\\\/#authorImage\",\"url\":\"https:\\\/\\\/secure.gravatar.com\\\/avatar\\\/36e6bcb83148978b992977cb0f54d22feb0cce8a0a849a9410532bb2623ba4c6?s=96&d=mm&r=g\",\"width\":96,\"height\":96,\"caption\":\"Juh\\u00e1sz P\\u00e9ter\"}},{\"@type\":\"WebPage\",\"@id\":\"https:\\\/\\\/allasorias.hu\\\/hirek\\\/a-villanyautok-rosszul-hatnak-a-munkaeropiacra\\\/#webpage\",\"url\":\"https:\\\/\\\/allasorias.hu\\\/hirek\\\/a-villanyautok-rosszul-hatnak-a-munkaeropiacra\\\/\",\"name\":\"A villanyaut\\u00f3k rosszul hatnak a munkaer\\u0151piacra | AllasOrias.hu | H\\u00edrek-lapszemle\",\"description\":\"A p\\u00e1rizsi kl\\u00edmaegyezm\\u00e9ny, valamint az uni\\u00f3s z\\u00f6ld meg\\u00e1llapod\\u00e1s k\\u00f6vetkezm\\u00e9nyei vesz\\u00e9lybe sodorhatj\\u00e1k az \\u00e1gazat munkaer\\u0151piac\\u00e1t - figyelmeztet a Clepa, amelynek h\\u00edrlevele h\\u00e1rom k\\u00fcl\\u00f6nf\\u00e9le forgat\\u00f3k\\u00f6nyvet v\\u00e1zol fel az eur\\u00f3pai j\\u00e1rm\\u0171ipar 2020-2040 k\\u00f6z\\u00f6tti id\\u0151szak\\u00e1r\\u00f3l. Az eur\\u00f3pai aut\\u00f3besz\\u00e1ll\\u00edt\\u00f3k sz\\u00f6vets\\u00e9ge (Clepa) hat\\u00e1stanulm\\u00e1nyt k\\u00e9sz\\u00edttetett a PwC piackutat\\u00f3val, arr\\u00f3l, hogyan befoly\\u00e1solja az eur\\u00f3pai aut\\u00f3ipari munkahelyek j\\u00f6v\\u0151j\\u00e9t a teljesen elektromos aut\\u00f3k gy\\u00e1rt\\u00e1s\\u00e1ra t\\u00f6rt\\u00e9n\\u0151\",\"inLanguage\":\"hu-HU\",\"isPartOf\":{\"@id\":\"https:\\\/\\\/allasorias.hu\\\/hirek\\\/#website\"},\"breadcrumb\":{\"@id\":\"https:\\\/\\\/allasorias.hu\\\/hirek\\\/a-villanyautok-rosszul-hatnak-a-munkaeropiacra\\\/#breadcrumblist\"},\"author\":{\"@id\":\"https:\\\/\\\/allasorias.hu\\\/hirek\\\/author\\\/admin-allasorias\\\/#author\"},\"creator\":{\"@id\":\"https:\\\/\\\/allasorias.hu\\\/hirek\\\/author\\\/admin-allasorias\\\/#author\"},\"image\":{\"@type\":\"ImageObject\",\"url\":\"https:\\\/\\\/allasorias.hu\\\/hirek\\\/wp-content\\\/uploads\\\/2021\\\/12\\\/electric-car-charging-station-street.jpg\",\"@id\":\"https:\\\/\\\/allasorias.hu\\\/hirek\\\/a-villanyautok-rosszul-hatnak-a-munkaeropiacra\\\/#mainImage\",\"width\":1920,\"height\":1280,\"caption\":\"electric car, charging station on the street, in the parking lot Shopping Mall.\"},\"primaryImageOfPage\":{\"@id\":\"https:\\\/\\\/allasorias.hu\\\/hirek\\\/a-villanyautok-rosszul-hatnak-a-munkaeropiacra\\\/#mainImage\"},\"datePublished\":\"2021-12-17T08:26:32+02:00\",\"dateModified\":\"2021-12-17T08:26:32+02:00\"},{\"@type\":\"WebSite\",\"@id\":\"https:\\\/\\\/allasorias.hu\\\/hirek\\\/#website\",\"url\":\"https:\\\/\\\/allasorias.hu\\\/hirek\\\/\",\"name\":\"AllasOrias.hu | H\\u00edrek-lapszemle\",\"description\":\"\\u00dczleti h\\u00edrek az \\u00e1ll\\u00e1s \\u00e9s a munka vil\\u00e1g\\u00e1b\\u00f3l\",\"inLanguage\":\"hu-HU\",\"publisher\":{\"@id\":\"https:\\\/\\\/allasorias.hu\\\/hirek\\\/#organization\"}}]}\n\t\t<\/script>\n\t\t<!-- All in One SEO -->\n\n","aioseo_head_json":{"title":"A villanyaut\u00f3k rosszul hatnak a munkaer\u0151piacra | AllasOrias.hu | H\u00edrek-lapszemle","description":"A p\u00e1rizsi kl\u00edmaegyezm\u00e9ny, valamint az uni\u00f3s z\u00f6ld meg\u00e1llapod\u00e1s k\u00f6vetkezm\u00e9nyei vesz\u00e9lybe sodorhatj\u00e1k az \u00e1gazat munkaer\u0151piac\u00e1t - figyelmeztet a Clepa, amelynek h\u00edrlevele h\u00e1rom k\u00fcl\u00f6nf\u00e9le forgat\u00f3k\u00f6nyvet v\u00e1zol fel az eur\u00f3pai j\u00e1rm\u0171ipar 2020-2040 k\u00f6z\u00f6tti id\u0151szak\u00e1r\u00f3l. Az eur\u00f3pai aut\u00f3besz\u00e1ll\u00edt\u00f3k sz\u00f6vets\u00e9ge (Clepa) hat\u00e1stanulm\u00e1nyt k\u00e9sz\u00edttetett a PwC piackutat\u00f3val, arr\u00f3l, hogyan befoly\u00e1solja az eur\u00f3pai aut\u00f3ipari munkahelyek j\u00f6v\u0151j\u00e9t a teljesen elektromos aut\u00f3k gy\u00e1rt\u00e1s\u00e1ra t\u00f6rt\u00e9n\u0151","canonical_url":"https:\/\/allasorias.hu\/hirek\/a-villanyautok-rosszul-hatnak-a-munkaeropiacra\/","robots":"max-image-preview:large","keywords":"","webmasterTools":{"miscellaneous":""},"schema":{"@context":"https:\/\/schema.org","@graph":[{"@type":"Article","@id":"https:\/\/allasorias.hu\/hirek\/a-villanyautok-rosszul-hatnak-a-munkaeropiacra\/#article","name":"A villanyaut\u00f3k rosszul hatnak a munkaer\u0151piacra | AllasOrias.hu | H\u00edrek-lapszemle","headline":"A villanyaut\u00f3k rosszul hatnak a munkaer\u0151piacra","author":{"@id":"https:\/\/allasorias.hu\/hirek\/author\/admin-allasorias\/#author"},"publisher":{"@id":"https:\/\/allasorias.hu\/hirek\/#organization"},"image":{"@type":"ImageObject","url":"https:\/\/allasorias.hu\/hirek\/wp-content\/uploads\/2021\/12\/electric-car-charging-station-street.jpg","width":1920,"height":1280,"caption":"electric car, charging station on the street, in the parking lot Shopping Mall."},"datePublished":"2021-12-17T08:26:32+02:00","dateModified":"2021-12-17T08:26:32+02:00","inLanguage":"hu-HU","mainEntityOfPage":{"@id":"https:\/\/allasorias.hu\/hirek\/a-villanyautok-rosszul-hatnak-a-munkaeropiacra\/#webpage"},"isPartOf":{"@id":"https:\/\/allasorias.hu\/hirek\/a-villanyautok-rosszul-hatnak-a-munkaeropiacra\/#webpage"},"articleSection":"Munkaer\u0151piac"},{"@type":"BreadcrumbList","@id":"https:\/\/allasorias.hu\/hirek\/a-villanyautok-rosszul-hatnak-a-munkaeropiacra\/#breadcrumblist","itemListElement":[{"@type":"ListItem","@id":"https:\/\/allasorias.hu\/hirek#listItem","position":1,"name":"Home","item":"https:\/\/allasorias.hu\/hirek","nextItem":{"@type":"ListItem","@id":"https:\/\/allasorias.hu\/hirek\/temak\/munkaeropiac\/#listItem","name":"Munkaer\u0151piac"}},{"@type":"ListItem","@id":"https:\/\/allasorias.hu\/hirek\/temak\/munkaeropiac\/#listItem","position":2,"name":"Munkaer\u0151piac","item":"https:\/\/allasorias.hu\/hirek\/temak\/munkaeropiac\/","nextItem":{"@type":"ListItem","@id":"https:\/\/allasorias.hu\/hirek\/a-villanyautok-rosszul-hatnak-a-munkaeropiacra\/#listItem","name":"A villanyaut\u00f3k rosszul hatnak a munkaer\u0151piacra"},"previousItem":{"@type":"ListItem","@id":"https:\/\/allasorias.hu\/hirek#listItem","name":"Home"}},{"@type":"ListItem","@id":"https:\/\/allasorias.hu\/hirek\/a-villanyautok-rosszul-hatnak-a-munkaeropiacra\/#listItem","position":3,"name":"A villanyaut\u00f3k rosszul hatnak a munkaer\u0151piacra","previousItem":{"@type":"ListItem","@id":"https:\/\/allasorias.hu\/hirek\/temak\/munkaeropiac\/#listItem","name":"Munkaer\u0151piac"}}]},{"@type":"Organization","@id":"https:\/\/allasorias.hu\/hirek\/#organization","name":"AllasOrias.hu | H\u00edrek-lapszemle","description":"\u00dczleti h\u00edrek az \u00e1ll\u00e1s \u00e9s a munka vil\u00e1g\u00e1b\u00f3l","url":"https:\/\/allasorias.hu\/hirek\/","logo":{"@type":"ImageObject","url":"https:\/\/allasorias.hu\/hirek\/wp-content\/uploads\/2022\/10\/allasorias_site_facebok_logo.png","@id":"https:\/\/allasorias.hu\/hirek\/a-villanyautok-rosszul-hatnak-a-munkaeropiacra\/#organizationLogo"},"image":{"@id":"https:\/\/allasorias.hu\/hirek\/a-villanyautok-rosszul-hatnak-a-munkaeropiacra\/#organizationLogo"},"sameAs":["https:\/\/www.facebook.com\/allasorias","https:\/\/www.linkedin.com\/company\/allasorias"]},{"@type":"Person","@id":"https:\/\/allasorias.hu\/hirek\/author\/admin-allasorias\/#author","url":"https:\/\/allasorias.hu\/hirek\/author\/admin-allasorias\/","name":"Juh\u00e1sz P\u00e9ter","image":{"@type":"ImageObject","@id":"https:\/\/allasorias.hu\/hirek\/a-villanyautok-rosszul-hatnak-a-munkaeropiacra\/#authorImage","url":"https:\/\/secure.gravatar.com\/avatar\/36e6bcb83148978b992977cb0f54d22feb0cce8a0a849a9410532bb2623ba4c6?s=96&d=mm&r=g","width":96,"height":96,"caption":"Juh\u00e1sz P\u00e9ter"}},{"@type":"WebPage","@id":"https:\/\/allasorias.hu\/hirek\/a-villanyautok-rosszul-hatnak-a-munkaeropiacra\/#webpage","url":"https:\/\/allasorias.hu\/hirek\/a-villanyautok-rosszul-hatnak-a-munkaeropiacra\/","name":"A villanyaut\u00f3k rosszul hatnak a munkaer\u0151piacra | AllasOrias.hu | H\u00edrek-lapszemle","description":"A p\u00e1rizsi kl\u00edmaegyezm\u00e9ny, valamint az uni\u00f3s z\u00f6ld meg\u00e1llapod\u00e1s k\u00f6vetkezm\u00e9nyei vesz\u00e9lybe sodorhatj\u00e1k az \u00e1gazat munkaer\u0151piac\u00e1t - figyelmeztet a Clepa, amelynek h\u00edrlevele h\u00e1rom k\u00fcl\u00f6nf\u00e9le forgat\u00f3k\u00f6nyvet v\u00e1zol fel az eur\u00f3pai j\u00e1rm\u0171ipar 2020-2040 k\u00f6z\u00f6tti id\u0151szak\u00e1r\u00f3l. Az eur\u00f3pai aut\u00f3besz\u00e1ll\u00edt\u00f3k sz\u00f6vets\u00e9ge (Clepa) hat\u00e1stanulm\u00e1nyt k\u00e9sz\u00edttetett a PwC piackutat\u00f3val, arr\u00f3l, hogyan befoly\u00e1solja az eur\u00f3pai aut\u00f3ipari munkahelyek j\u00f6v\u0151j\u00e9t a teljesen elektromos aut\u00f3k gy\u00e1rt\u00e1s\u00e1ra t\u00f6rt\u00e9n\u0151","inLanguage":"hu-HU","isPartOf":{"@id":"https:\/\/allasorias.hu\/hirek\/#website"},"breadcrumb":{"@id":"https:\/\/allasorias.hu\/hirek\/a-villanyautok-rosszul-hatnak-a-munkaeropiacra\/#breadcrumblist"},"author":{"@id":"https:\/\/allasorias.hu\/hirek\/author\/admin-allasorias\/#author"},"creator":{"@id":"https:\/\/allasorias.hu\/hirek\/author\/admin-allasorias\/#author"},"image":{"@type":"ImageObject","url":"https:\/\/allasorias.hu\/hirek\/wp-content\/uploads\/2021\/12\/electric-car-charging-station-street.jpg","@id":"https:\/\/allasorias.hu\/hirek\/a-villanyautok-rosszul-hatnak-a-munkaeropiacra\/#mainImage","width":1920,"height":1280,"caption":"electric car, charging station on the street, in the parking lot Shopping Mall."},"primaryImageOfPage":{"@id":"https:\/\/allasorias.hu\/hirek\/a-villanyautok-rosszul-hatnak-a-munkaeropiacra\/#mainImage"},"datePublished":"2021-12-17T08:26:32+02:00","dateModified":"2021-12-17T08:26:32+02:00"},{"@type":"WebSite","@id":"https:\/\/allasorias.hu\/hirek\/#website","url":"https:\/\/allasorias.hu\/hirek\/","name":"AllasOrias.hu | H\u00edrek-lapszemle","description":"\u00dczleti h\u00edrek az \u00e1ll\u00e1s \u00e9s a munka vil\u00e1g\u00e1b\u00f3l","inLanguage":"hu-HU","publisher":{"@id":"https:\/\/allasorias.hu\/hirek\/#organization"}}]},"og:locale":"hu_HU","og:site_name":"AllasOrias.hu | H\u00edrek-lapszemle | \u00dczleti h\u00edrek az \u00e1ll\u00e1s \u00e9s a munka vil\u00e1g\u00e1b\u00f3l","og:type":"article","og:title":"A villanyaut\u00f3k rosszul hatnak a munkaer\u0151piacra | AllasOrias.hu | H\u00edrek-lapszemle","og:description":"A p\u00e1rizsi kl\u00edmaegyezm\u00e9ny, valamint az uni\u00f3s z\u00f6ld meg\u00e1llapod\u00e1s k\u00f6vetkezm\u00e9nyei vesz\u00e9lybe sodorhatj\u00e1k az \u00e1gazat munkaer\u0151piac\u00e1t - figyelmeztet a Clepa, amelynek h\u00edrlevele h\u00e1rom k\u00fcl\u00f6nf\u00e9le forgat\u00f3k\u00f6nyvet v\u00e1zol fel az eur\u00f3pai j\u00e1rm\u0171ipar 2020-2040 k\u00f6z\u00f6tti id\u0151szak\u00e1r\u00f3l. Az eur\u00f3pai aut\u00f3besz\u00e1ll\u00edt\u00f3k sz\u00f6vets\u00e9ge (Clepa) hat\u00e1stanulm\u00e1nyt k\u00e9sz\u00edttetett a PwC piackutat\u00f3val, arr\u00f3l, hogyan befoly\u00e1solja az eur\u00f3pai aut\u00f3ipari munkahelyek j\u00f6v\u0151j\u00e9t a teljesen elektromos aut\u00f3k gy\u00e1rt\u00e1s\u00e1ra t\u00f6rt\u00e9n\u0151","og:url":"https:\/\/allasorias.hu\/hirek\/a-villanyautok-rosszul-hatnak-a-munkaeropiacra\/","og:image":"https:\/\/allasorias.hu\/hirek\/wp-content\/uploads\/2021\/12\/electric-car-charging-station-street.jpg","og:image:secure_url":"https:\/\/allasorias.hu\/hirek\/wp-content\/uploads\/2021\/12\/electric-car-charging-station-street.jpg","og:image:width":1920,"og:image:height":1280,"article:published_time":"2021-12-17T08:26:32+00:00","article:modified_time":"2021-12-17T08:26:32+00:00","article:publisher":"https:\/\/www.facebook.com\/allasorias","twitter:card":"summary_large_image","twitter:title":"A villanyaut\u00f3k rosszul hatnak a munkaer\u0151piacra | AllasOrias.hu | H\u00edrek-lapszemle","twitter:description":"A p\u00e1rizsi kl\u00edmaegyezm\u00e9ny, valamint az uni\u00f3s z\u00f6ld meg\u00e1llapod\u00e1s k\u00f6vetkezm\u00e9nyei vesz\u00e9lybe sodorhatj\u00e1k az \u00e1gazat munkaer\u0151piac\u00e1t - figyelmeztet a Clepa, amelynek h\u00edrlevele h\u00e1rom k\u00fcl\u00f6nf\u00e9le forgat\u00f3k\u00f6nyvet v\u00e1zol fel az eur\u00f3pai j\u00e1rm\u0171ipar 2020-2040 k\u00f6z\u00f6tti id\u0151szak\u00e1r\u00f3l. Az eur\u00f3pai aut\u00f3besz\u00e1ll\u00edt\u00f3k sz\u00f6vets\u00e9ge (Clepa) hat\u00e1stanulm\u00e1nyt k\u00e9sz\u00edttetett a PwC piackutat\u00f3val, arr\u00f3l, hogyan befoly\u00e1solja az eur\u00f3pai aut\u00f3ipari munkahelyek j\u00f6v\u0151j\u00e9t a teljesen elektromos aut\u00f3k gy\u00e1rt\u00e1s\u00e1ra t\u00f6rt\u00e9n\u0151","twitter:image":"https:\/\/allasorias.hu\/hirek\/wp-content\/uploads\/2021\/12\/electric-car-charging-station-street.jpg","twitter:label1":"Written by","twitter:data1":"Juh\u00e1sz P\u00e9ter","twitter:label2":"Est. reading time","twitter:data2":"4 minutes"},"aioseo_meta_data":{"post_id":"5264","title":null,"description":null,"keywords":[],"keyphrases":{"focus":[],"additional":[]},"primary_term":null,"canonical_url":null,"og_title":null,"og_description":null,"og_object_type":"default","og_image_type":"default","og_image_url":null,"og_image_width":null,"og_image_height":null,"og_image_custom_url":null,"og_image_custom_fields":null,"og_video":"","og_custom_url":null,"og_article_section":null,"og_article_tags":[],"twitter_use_og":false,"twitter_card":"default","twitter_image_type":"default","twitter_image_url":null,"twitter_image_custom_url":null,"twitter_image_custom_fields":null,"twitter_title":null,"twitter_description":null,"schema":{"blockGraphs":[],"customGraphs":[],"default":{"data":{"Article":[],"Course":[],"Dataset":[],"FAQPage":[],"Movie":[],"Person":[],"Product":[],"ProductReview":[],"Car":[],"Recipe":[],"Service":[],"SoftwareApplication":[],"WebPage":[]},"graphName":"","isEnabled":true},"graphs":[],"defaultGraph":"Article","defaultPostTypeGraph":""},"schema_type":"default","schema_type_options":"{\"article\":{\"articleType\":\"BlogPosting\"},\"course\":{\"name\":\"\",\"description\":\"\",\"provider\":\"\"},\"faq\":{\"pages\":[]},\"product\":{\"reviews\":[]},\"recipe\":{\"ingredients\":[],\"instructions\":[],\"keywords\":[]},\"software\":{\"reviews\":[],\"operatingSystems\":[]},\"webPage\":{\"webPageType\":\"WebPage\"}}","pillar_content":false,"robots_default":true,"robots_noindex":false,"robots_noarchive":false,"robots_nosnippet":false,"robots_nofollow":false,"robots_noimageindex":false,"robots_noodp":false,"robots_notranslate":false,"robots_max_snippet":"-1","robots_max_videopreview":"-1","robots_max_imagepreview":"large","priority":null,"frequency":"default","location":null,"local_seo":{"locations":{"business":{"name":"","businessType":"","image":"","areaServed":"","urls":{"website":"","aboutPage":"","contactPage":""},"address":{"streetLine1":"","streetLine2":"","zipCode":"","city":"","state":"","country":"","addressFormat":"#streetLineOne\n#streetLineTwo\n#city, #state #zipCode"},"contact":{"email":"","phone":"","phoneFormatted":"","fax":"","faxFormatted":""},"ids":{"vat":"","tax":"","chamberOfCommerce":""},"payment":{"priceRange":"","currenciesAccepted":"","methods":""}}},"openingHours":{"useDefaults":true,"show":true,"alwaysOpen":false,"use24hFormat":false,"timezone":"","labels":{"closed":"","alwaysOpen":""},"days":{"monday":{"open24h":false,"closed":false,"openTime":"09:00","closeTime":"17:00"},"tuesday":{"open24h":false,"closed":false,"openTime":"09:00","closeTime":"17:00"},"wednesday":{"open24h":false,"closed":false,"openTime":"09:00","closeTime":"17:00"},"thursday":{"open24h":false,"closed":false,"openTime":"09:00","closeTime":"17:00"},"friday":{"open24h":false,"closed":false,"openTime":"09:00","closeTime":"17:00"},"saturday":{"open24h":false,"closed":false,"openTime":"09:00","closeTime":"17:00"},"sunday":{"open24h":false,"closed":false,"openTime":"09:00","closeTime":"17:00"}}}},"breadcrumb_settings":null,"limit_modified_date":false,"ai":null,"created":"2021-12-17 08:23:58","updated":"2025-10-02 16:33:37","seo_analyzer_scan_date":null,"focus_keyword":null,"additional_keywords":null,"truseo_locale":null},"aioseo_breadcrumb":"<div class=\"aioseo-breadcrumbs\"><span class=\"aioseo-breadcrumb\">\n\t\t\t<a href=\"https:\/\/allasorias.hu\/hirek\" title=\"Home\">Home<\/a>\n\t\t<\/span><span class=\"aioseo-breadcrumb-separator\">&raquo;<\/span><span class=\"aioseo-breadcrumb\">\n\t\t\t<a href=\"https:\/\/allasorias.hu\/hirek\/temak\/munkaeropiac\/\" title=\"Munkaer\u0151piac\">Munkaer\u0151piac<\/a>\n\t\t<\/span><span class=\"aioseo-breadcrumb-separator\">&raquo;<\/span><span class=\"aioseo-breadcrumb\">\n\t\t\tA villanyaut\u00f3k rosszul hatnak a munkaer\u0151piacra\n\t\t<\/span><\/div>","aioseo_breadcrumb_json":[{"label":"Home","link":"https:\/\/allasorias.hu\/hirek"},{"label":"Munkaer\u0151piac","link":"https:\/\/allasorias.hu\/hirek\/temak\/munkaeropiac\/"},{"label":"A villanyaut\u00f3k rosszul hatnak a munkaer\u0151piacra","link":"https:\/\/allasorias.hu\/hirek\/a-villanyautok-rosszul-hatnak-a-munkaeropiacra\/"}],"_links":{"self":[{"href":"https:\/\/allasorias.hu\/hirek\/wp-json\/wp\/v2\/posts\/5264","targetHints":{"allow":["GET"]}}],"collection":[{"href":"https:\/\/allasorias.hu\/hirek\/wp-json\/wp\/v2\/posts"}],"about":[{"href":"https:\/\/allasorias.hu\/hirek\/wp-json\/wp\/v2\/types\/post"}],"author":[{"embeddable":true,"href":"https:\/\/allasorias.hu\/hirek\/wp-json\/wp\/v2\/users\/1"}],"replies":[{"embeddable":true,"href":"https:\/\/allasorias.hu\/hirek\/wp-json\/wp\/v2\/comments?post=5264"}],"version-history":[{"count":1,"href":"https:\/\/allasorias.hu\/hirek\/wp-json\/wp\/v2\/posts\/5264\/revisions"}],"predecessor-version":[{"id":5267,"href":"https:\/\/allasorias.hu\/hirek\/wp-json\/wp\/v2\/posts\/5264\/revisions\/5267"}],"wp:featuredmedia":[{"embeddable":true,"href":"https:\/\/allasorias.hu\/hirek\/wp-json\/wp\/v2\/media\/5266"}],"wp:attachment":[{"href":"https:\/\/allasorias.hu\/hirek\/wp-json\/wp\/v2\/media?parent=5264"}],"wp:term":[{"taxonomy":"category","embeddable":true,"href":"https:\/\/allasorias.hu\/hirek\/wp-json\/wp\/v2\/categories?post=5264"},{"taxonomy":"post_tag","embeddable":true,"href":"https:\/\/allasorias.hu\/hirek\/wp-json\/wp\/v2\/tags?post=5264"}],"curies":[{"name":"wp","href":"https:\/\/api.w.org\/{rel}","templated":true}]}}