{"id":5257,"date":"2021-12-15T08:43:04","date_gmt":"2021-12-15T08:43:04","guid":{"rendered":"https:\/\/allasorias.hu\/hirek\/?p=5257"},"modified":"2021-12-15T08:43:04","modified_gmt":"2021-12-15T08:43:04","slug":"letszambovites-oltast-sem-kernek-a-munkaadok","status":"publish","type":"post","link":"https:\/\/allasorias.hu\/hirek\/letszambovites-oltast-sem-kernek-a-munkaadok\/","title":{"rendered":"L\u00e9tsz\u00e1mb\u0151v\u00edt\u00e9s, olt\u00e1st sem k\u00e9rnek a munkaad\u00f3k"},"content":{"rendered":"<p><strong>A ManpowerGroup a vil\u00e1g 40 orsz\u00e1g\u00e1ban zajl\u00f3 kutat\u00e1s keret\u00e9ben Magyarorsz\u00e1gon 504 munk\u00e1ltat\u00f3b\u00f3l \u00e1ll\u00f3 reprezentat\u00edv mint\u00e1n v\u00e9gzett felm\u00e9r\u00e9st azok els\u0151 negyed\u00e9ves munkaer\u0151-felv\u00e9teli sz\u00e1nd\u00e9kair\u00f3l. 2022 els\u0151 negyed\u00e9v\u00e9ben a hazai munk\u00e1ltat\u00f3k 34 sz\u00e1zal\u00e9ka tervezi b\u0151v\u00edteni jelenlegi munkaer\u0151keret\u00e9t, mik\u00f6zben cs\u00f6kkent\u00e9st 17 sz\u00e1zal\u00e9kuk tervez. Ehhez hasonl\u00f3 optimizmusra a piaci szerepl\u0151k k\u00f6r\u00e9ben utolj\u00e1ra 2018 harmadik negyed\u00e9v\u00e9ben volt p\u00e9lda \u2013 der\u00fcl ki a ManpowerGroup ma k\u00f6zz\u00e9tett Munkaer\u0151piaci El\u0151rejelz\u00e9s\u00e9b\u0151l. <\/strong><\/p>\n<p>A v\u00e1laszok alapj\u00e1n a Munkaer\u0151piaci El\u0151rejelz\u00e9s szezon\u00e1lis hat\u00e1sokkal korrig\u00e1lt nett\u00f3 \u00e9rt\u00e9ke +19 sz\u00e1zal\u00e9kon \u00e1ll, ami 17 sz\u00e1zal\u00e9kponttal haladja meg az egy \u00e9vvel kor\u00e1bbi szintet, \u00e9s 8 sz\u00e1zal\u00e9kponttal a mostani, negyedik negyed\u00e9vre vonatkoz\u00f3 v\u00e1rakoz\u00e1sokn\u00e1l is magasabb szintet \u00e9rt el. \u201eA friss adataink azt mutatj\u00e1k, hogy a hazai v\u00e1llalkoz\u00e1sok tov\u00e1bbi konjunkt\u00far\u00e1ra sz\u00e1m\u00edtanak, ehhez pedig minden kor\u00e1bbin\u00e1l nagyobb sz\u00e1mban tartj\u00e1k sz\u00fcks\u00e9gesnek \u00fajabb munkaer\u0151 felv\u00e9tel\u00e9t \u2013 mondta Feh\u00e9r Tam\u00e1s, a ManpowerGroup \u00fcgyvezet\u0151 igazgat\u00f3ja. Mindez a m\u00e1r jelenleg is korl\u00e1tozott k\u00edn\u00e1lattal rendelkez\u0151 munkaer\u0151piac egyre t\u00f6bb szegmens\u00e9ben okozhat kisebb-nagyobb fesz\u00fclts\u00e9geket, a j\u00e1rv\u00e1ny el\u0151tti id\u0151szakhoz hasonl\u00f3an \u00fajra \u00e1ltal\u00e1nos jelens\u00e9gg\u00e9 v\u00e1lhat a munkaer\u0151hi\u00e1ny. A 19 sz\u00e1zal\u00e9kos l\u00e9tsz\u00e1mb\u0151v\u00edt\u00e9si mutat\u00f3 egy \u00e1tlagos m\u00e9rt\u00e9k, az orsz\u00e1g r\u00e9gi\u00f3it vizsg\u00e1lva jelent\u0151s elt\u00e9r\u00e9sek tapasztalhat\u00f3k. A legsz\u00e9lesebb k\u00f6r\u0171 l\u00e9tsz\u00e1mb\u0151v\u00fcl\u00e9st Budapesten (30%) v\u00e1rj\u00e1k, de az \u00c9szak-Alf\u00f6ld\u00f6n (20%), valamint Nyugat-Dun\u00e1nt\u00falon (20%) \u00e9s D\u00e9l-Dun\u00e1nt\u00falon is (18%) jelent\u0151s a n\u00f6veked\u00e9si kil\u00e1t\u00e1s. Jelent\u0151sen visszafogottabbak a v\u00e1rakoz\u00e1sok a D\u00e9l-Alf\u00f6ld\u00f6n (9%), m\u00edg a K\u00f6z\u00e9p-Dun\u00e1nt\u00falon (~0%) stagn\u00e1l\u00e1s v\u00e1rhat\u00f3 az \u00faj munkaer\u0151 felv\u00e9tel\u00e9nek tekintet\u00e9ben. Az egyes szektorok k\u00f6z\u00f6tt is jelent\u0151s k\u00fcl\u00f6nbs\u00e9g fedezhet\u0151 fel. A legsz\u00e9lesebb k\u00f6rben a technol\u00f3giai c\u00e9gek (30%), illetve a banki, p\u00e9nz\u00fcgyi v\u00e1llalkoz\u00e1sok k\u00f6r\u00e9ben (27%) jeleznek el\u0151re l\u00e9tsz\u00e1mb\u0151v\u00edt\u00e9st, (27%) de a j\u00e1rv\u00e1ny kit\u00f6r\u00e9s\u00e9t kor\u00e1bban legink\u00e1bb megszenved\u0151 \u00e9tterem-vend\u00e9gl\u00e1t\u00e1s szektorban (23%) is \u00e1tlag feletti az el\u0151rejelzett ig\u00e9ny a munkaer\u0151felv\u00e9telre. A gy\u00e1rt\u00e1s (17%) \u00e9s az \u00e9p\u00edt\u0151ipar (16%) ter\u00fclet\u00e9n visszafogottabb a munk\u00e1ltat\u00f3k v\u00e1rakoz\u00e1s. A nagy- \u00e9s kiskereskedelemben a c\u00e9gek 10 sz\u00e1zal\u00e9ka tervezi b\u0151v\u00edteni a l\u00e9tsz\u00e1mot, ami ugyan \u00e1tlag alatti \u00e9rt\u00e9k, de ezen a ter\u00fcleten az \u00e9v v\u00e9gi f\u0151szezont k\u00f6vet\u0151 id\u0151szakban ak\u00e1r negat\u00edv \u00e9rt\u00e9kek sem okozn\u00e1nak meglepet\u00e9st. A l\u00e9tsz\u00e1mn\u00f6vel\u00e9st tervez\u0151k ar\u00e1nya a k\u00f6zepes, 50 f\u0151 feletti \u00e9s a nagy, 250 f\u0151 feletti c\u00e9gek k\u00f6r\u00e9ben a legnagyobb: 22, illetve 28 sz\u00e1zal\u00e9kos. Mindez azt is jelenti, hogy bizonyos t\u00e9rs\u00e9gekben a hirtelen megn\u00f6vekv\u0151 munkaer\u0151ig\u00e9ny k\u00f6nnyebben okozhat hi\u00e1nyokat is a szakm\u00e1k sz\u00e9les k\u00f6r\u00e9ben. Az 50 f\u0151 alatti kis-, illetve a 10 f\u0151 alatti mikrov\u00e1llalkoz\u00e1sok ugyanakkor kev\u00e9sb\u00e9 bizakod\u00f3ak, k\u00f6r\u00fckben az \u00e1tlagos v\u00e1rakoz\u00e1s 11, illetve 9 sz\u00e1zal\u00e9kos m\u00e9rt\u00e9k\u0171. A ManpowerGroup glob\u00e1lis Munkaer\u0151piaci El\u0151rejelz\u00e9se vil\u00e1gszerte optimizmust mutat, a 40 vizsg\u00e1lt orsz\u00e1g mindegyik\u00e9ben j\u00f3val nagyobb a b\u0151v\u00edt\u00e9sben gondolkod\u00f3 c\u00e9gek sz\u00e1ma az elbocs\u00e1t\u00e1st tervez\u0151k\u00e9n\u00e9l. Nemzetk\u00f6zi \u00f6sszehasonl\u00edt\u00e1sban a magyarorsz\u00e1gi kil\u00e1t\u00e1sok a k\u00f6z\u00e9pmez\u0151nyben, a 40-es lista 25. hely\u00e9n szerepelnek. A legnagyobb b\u0151v\u00fcl\u00e9s \u00c9szak-Amerik\u00e1ban, illetve Latin-Amerik\u00e1ban v\u00e1rhat\u00f3, mindk\u00e9t r\u00e9gi\u00f3 41%-os \u00e1tlagos munkaer\u0151piaci mutat\u00f3val rendelkezik. A m\u00e1sodik legakt\u00edvabb r\u00e9gi\u00f3 v\u00e1rhat\u00f3an D\u00e9l- \u00e9s Kelet-\u00c1zsia lesz (34%), itt k\u00fcl\u00f6n\u00f6sen kiugr\u00f3 India 49%-os indexe. A vizsg\u00e1lt k\u00f6rben szerepl\u0151 uni\u00f3s orsz\u00e1gok k\u00f6z\u00fcl a legl\u00e1tv\u00e1nyosabb munkaer\u0151-b\u0151v\u00fcl\u00e9s \u00cdrorsz\u00e1gban \u00e9s Hollandi\u00e1ban v\u00e1rhat\u00f3 (mindk\u00e9t orsz\u00e1gban 47%-os a mutat\u00f3), mik\u00f6zben a legkisebb m\u00e9rt\u00e9kben v\u00e1rhat\u00f3an Csehorsz\u00e1g \u00e9s G\u00f6r\u00f6gorsz\u00e1g c\u00e9gei sz\u00edvnak fel \u00faj munkaer\u0151t. A ManpowerGroup jelenlegi felm\u00e9r\u00e9s\u00e9ben a munk\u00e1ltat\u00f3k \u00e1ltal elrendelhet\u0151 k\u00f6telez\u0151 olt\u00e1sokat \u00e9rint\u0151en is tett fel k\u00e9rd\u00e9st. A v\u00e1laszokb\u00f3l az der\u00fclt ki, hogy a c\u00e9geknek 23 sz\u00e1zal\u00e9ka, \u00e1ltal\u00e1nos, tov\u00e1bbi 17 sz\u00e1zal\u00e9ka egyes munkak\u00f6r\u00f6ket \u00e9rint\u0151 olt\u00e1si k\u00f6telezetts\u00e9g bevezet\u00e9s\u00e9t tervezi vagy m\u00e1r v\u00e9gre is hajtotta azt. A c\u00e9gek tov\u00e1bbi 39 sz\u00e1zal\u00e9ka az olt\u00e1s el\u0151nyeinek bemutat\u00e1s\u00e1val \u00f6szt\u00f6n\u00f6zn\u00e9 az olt\u00e1st, 10 sz\u00e1zal\u00e9kuk az \u00f6szt\u00f6nz\u00e9st valamilyen konkr\u00e9t juttat\u00e1ssal (p\u00e9ld\u00e1ul b\u00f3nusz fizet\u00e9s\u00e9vel) is al\u00e1t\u00e1masztan\u00e1.<\/p>\n<p>Forr\u00e1s: penzcentrum.hu<\/p>\n","protected":false},"excerpt":{"rendered":"<p>A ManpowerGroup a vil\u00e1g 40 orsz\u00e1g\u00e1ban zajl\u00f3 kutat\u00e1s keret\u00e9ben Magyarorsz\u00e1gon 504 munk\u00e1ltat\u00f3b\u00f3l \u00e1ll\u00f3 reprezentat\u00edv mint\u00e1n v\u00e9gzett felm\u00e9r\u00e9st azok els\u0151 negyed\u00e9ves munkaer\u0151-felv\u00e9teli sz\u00e1nd\u00e9kair\u00f3l. 2022 els\u0151 negyed\u00e9v\u00e9ben a hazai munk\u00e1ltat\u00f3k 34 sz\u00e1zal\u00e9ka tervezi b\u0151v\u00edteni jelenlegi munkaer\u0151keret\u00e9t, mik\u00f6zben cs\u00f6kkent\u00e9st 17 sz\u00e1zal\u00e9kuk tervez. Ehhez hasonl\u00f3 optimizmusra a piaci szerepl\u0151k k\u00f6r\u00e9ben utolj\u00e1ra 2018 harmadik negyed\u00e9v\u00e9ben volt p\u00e9lda \u2013 der\u00fcl ki [&hellip;]<\/p>\n","protected":false},"author":1,"featured_media":5258,"comment_status":"open","ping_status":"open","sticky":false,"template":"","format":"standard","meta":{"_monsterinsights_skip_tracking":false,"footnotes":""},"categories":[200],"tags":[],"class_list":["post-5257","post","type-post","status-publish","format-standard","has-post-thumbnail","hentry","category-munkaeropiac"],"aioseo_notices":[],"aioseo_head":"\n\t\t<!-- All in One SEO 5.0.0.1 - aioseo.com -->\n\t<meta name=\"description\" content=\"A ManpowerGroup a vil\u00e1g 40 orsz\u00e1g\u00e1ban zajl\u00f3 kutat\u00e1s keret\u00e9ben Magyarorsz\u00e1gon 504 munk\u00e1ltat\u00f3b\u00f3l \u00e1ll\u00f3 reprezentat\u00edv mint\u00e1n v\u00e9gzett felm\u00e9r\u00e9st azok els\u0151 negyed\u00e9ves munkaer\u0151-felv\u00e9teli sz\u00e1nd\u00e9kair\u00f3l. 2022 els\u0151 negyed\u00e9v\u00e9ben a hazai munk\u00e1ltat\u00f3k 34 sz\u00e1zal\u00e9ka tervezi b\u0151v\u00edteni jelenlegi munkaer\u0151keret\u00e9t, mik\u00f6zben cs\u00f6kkent\u00e9st 17 sz\u00e1zal\u00e9kuk tervez. Ehhez hasonl\u00f3 optimizmusra a piaci szerepl\u0151k k\u00f6r\u00e9ben utolj\u00e1ra 2018 harmadik negyed\u00e9v\u00e9ben volt p\u00e9lda \u2013 der\u00fcl ki\" \/>\n\t<meta name=\"robots\" content=\"max-image-preview:large\" \/>\n\t<meta name=\"author\" content=\"Juh\u00e1sz P\u00e9ter\"\/>\n\t<link rel=\"canonical\" href=\"https:\/\/allasorias.hu\/hirek\/letszambovites-oltast-sem-kernek-a-munkaadok\/\" \/>\n\t<meta name=\"generator\" content=\"All in One SEO (AIOSEO) 5.0.0.1\" \/>\n\t\t<meta property=\"og:locale\" content=\"hu_HU\" \/>\n\t\t<meta property=\"og:site_name\" content=\"AllasOrias.hu | H\u00edrek-lapszemle | \u00dczleti h\u00edrek az \u00e1ll\u00e1s \u00e9s a munka vil\u00e1g\u00e1b\u00f3l\" \/>\n\t\t<meta property=\"og:type\" content=\"article\" \/>\n\t\t<meta property=\"og:title\" content=\"L\u00e9tsz\u00e1mb\u0151v\u00edt\u00e9s, olt\u00e1st sem k\u00e9rnek a munkaad\u00f3k | AllasOrias.hu | H\u00edrek-lapszemle\" \/>\n\t\t<meta property=\"og:description\" content=\"A ManpowerGroup a vil\u00e1g 40 orsz\u00e1g\u00e1ban zajl\u00f3 kutat\u00e1s keret\u00e9ben Magyarorsz\u00e1gon 504 munk\u00e1ltat\u00f3b\u00f3l \u00e1ll\u00f3 reprezentat\u00edv mint\u00e1n v\u00e9gzett felm\u00e9r\u00e9st azok els\u0151 negyed\u00e9ves munkaer\u0151-felv\u00e9teli sz\u00e1nd\u00e9kair\u00f3l. 2022 els\u0151 negyed\u00e9v\u00e9ben a hazai munk\u00e1ltat\u00f3k 34 sz\u00e1zal\u00e9ka tervezi b\u0151v\u00edteni jelenlegi munkaer\u0151keret\u00e9t, mik\u00f6zben cs\u00f6kkent\u00e9st 17 sz\u00e1zal\u00e9kuk tervez. Ehhez hasonl\u00f3 optimizmusra a piaci szerepl\u0151k k\u00f6r\u00e9ben utolj\u00e1ra 2018 harmadik negyed\u00e9v\u00e9ben volt p\u00e9lda \u2013 der\u00fcl ki\" \/>\n\t\t<meta property=\"og:url\" content=\"https:\/\/allasorias.hu\/hirek\/letszambovites-oltast-sem-kernek-a-munkaadok\/\" \/>\n\t\t<meta property=\"og:image\" content=\"https:\/\/allasorias.hu\/hirek\/wp-content\/uploads\/2021\/12\/manpower-human-resource-planning.jpg\" \/>\n\t\t<meta property=\"og:image:secure_url\" content=\"https:\/\/allasorias.hu\/hirek\/wp-content\/uploads\/2021\/12\/manpower-human-resource-planning.jpg\" \/>\n\t\t<meta property=\"og:image:width\" content=\"1920\" \/>\n\t\t<meta property=\"og:image:height\" content=\"1043\" \/>\n\t\t<meta property=\"article:published_time\" content=\"2021-12-15T08:43:04+00:00\" \/>\n\t\t<meta property=\"article:modified_time\" content=\"2021-12-15T08:43:04+00:00\" \/>\n\t\t<meta property=\"article:publisher\" content=\"https:\/\/www.facebook.com\/allasorias\" \/>\n\t\t<meta name=\"twitter:card\" content=\"summary_large_image\" \/>\n\t\t<meta name=\"twitter:title\" content=\"L\u00e9tsz\u00e1mb\u0151v\u00edt\u00e9s, olt\u00e1st sem k\u00e9rnek a munkaad\u00f3k | AllasOrias.hu | H\u00edrek-lapszemle\" \/>\n\t\t<meta name=\"twitter:description\" content=\"A ManpowerGroup a vil\u00e1g 40 orsz\u00e1g\u00e1ban zajl\u00f3 kutat\u00e1s keret\u00e9ben Magyarorsz\u00e1gon 504 munk\u00e1ltat\u00f3b\u00f3l \u00e1ll\u00f3 reprezentat\u00edv mint\u00e1n v\u00e9gzett felm\u00e9r\u00e9st azok els\u0151 negyed\u00e9ves munkaer\u0151-felv\u00e9teli sz\u00e1nd\u00e9kair\u00f3l. 2022 els\u0151 negyed\u00e9v\u00e9ben a hazai munk\u00e1ltat\u00f3k 34 sz\u00e1zal\u00e9ka tervezi b\u0151v\u00edteni jelenlegi munkaer\u0151keret\u00e9t, mik\u00f6zben cs\u00f6kkent\u00e9st 17 sz\u00e1zal\u00e9kuk tervez. Ehhez hasonl\u00f3 optimizmusra a piaci szerepl\u0151k k\u00f6r\u00e9ben utolj\u00e1ra 2018 harmadik negyed\u00e9v\u00e9ben volt p\u00e9lda \u2013 der\u00fcl ki\" \/>\n\t\t<meta name=\"twitter:image\" content=\"https:\/\/allasorias.hu\/hirek\/wp-content\/uploads\/2021\/12\/manpower-human-resource-planning.jpg\" \/>\n\t\t<meta name=\"twitter:label1\" content=\"Written by\" \/>\n\t\t<meta name=\"twitter:data1\" content=\"Juh\u00e1sz P\u00e9ter\" \/>\n\t\t<meta name=\"twitter:label2\" content=\"Est. reading time\" \/>\n\t\t<meta name=\"twitter:data2\" content=\"4 minutes\" \/>\n\t\t<script type=\"application\/ld+json\" class=\"aioseo-schema\">\n\t\t\t{\"@context\":\"https:\\\/\\\/schema.org\",\"@graph\":[{\"@type\":\"Article\",\"@id\":\"https:\\\/\\\/allasorias.hu\\\/hirek\\\/letszambovites-oltast-sem-kernek-a-munkaadok\\\/#article\",\"name\":\"L\\u00e9tsz\\u00e1mb\\u0151v\\u00edt\\u00e9s, olt\\u00e1st sem k\\u00e9rnek a munkaad\\u00f3k | AllasOrias.hu | H\\u00edrek-lapszemle\",\"headline\":\"L\\u00e9tsz\\u00e1mb\\u0151v\\u00edt\\u00e9s, olt\\u00e1st sem k\\u00e9rnek a munkaad\\u00f3k\",\"author\":{\"@id\":\"https:\\\/\\\/allasorias.hu\\\/hirek\\\/author\\\/admin-allasorias\\\/#author\"},\"publisher\":{\"@id\":\"https:\\\/\\\/allasorias.hu\\\/hirek\\\/#organization\"},\"image\":{\"@type\":\"ImageObject\",\"url\":\"https:\\\/\\\/allasorias.hu\\\/hirek\\\/wp-content\\\/uploads\\\/2021\\\/12\\\/manpower-human-resource-planning.jpg\",\"width\":1920,\"height\":1043,\"caption\":\"Business administrator in action of manpower or human resource planning or business organisation on a virtual dashboard.\"},\"datePublished\":\"2021-12-15T08:43:04+02:00\",\"dateModified\":\"2021-12-15T08:43:04+02:00\",\"inLanguage\":\"hu-HU\",\"mainEntityOfPage\":{\"@id\":\"https:\\\/\\\/allasorias.hu\\\/hirek\\\/letszambovites-oltast-sem-kernek-a-munkaadok\\\/#webpage\"},\"isPartOf\":{\"@id\":\"https:\\\/\\\/allasorias.hu\\\/hirek\\\/letszambovites-oltast-sem-kernek-a-munkaadok\\\/#webpage\"},\"articleSection\":\"Munkaer\\u0151piac\"},{\"@type\":\"BreadcrumbList\",\"@id\":\"https:\\\/\\\/allasorias.hu\\\/hirek\\\/letszambovites-oltast-sem-kernek-a-munkaadok\\\/#breadcrumblist\",\"itemListElement\":[{\"@type\":\"ListItem\",\"@id\":\"https:\\\/\\\/allasorias.hu\\\/hirek#listItem\",\"position\":1,\"name\":\"Home\",\"item\":\"https:\\\/\\\/allasorias.hu\\\/hirek\",\"nextItem\":{\"@type\":\"ListItem\",\"@id\":\"https:\\\/\\\/allasorias.hu\\\/hirek\\\/temak\\\/munkaeropiac\\\/#listItem\",\"name\":\"Munkaer\\u0151piac\"}},{\"@type\":\"ListItem\",\"@id\":\"https:\\\/\\\/allasorias.hu\\\/hirek\\\/temak\\\/munkaeropiac\\\/#listItem\",\"position\":2,\"name\":\"Munkaer\\u0151piac\",\"item\":\"https:\\\/\\\/allasorias.hu\\\/hirek\\\/temak\\\/munkaeropiac\\\/\",\"nextItem\":{\"@type\":\"ListItem\",\"@id\":\"https:\\\/\\\/allasorias.hu\\\/hirek\\\/letszambovites-oltast-sem-kernek-a-munkaadok\\\/#listItem\",\"name\":\"L\\u00e9tsz\\u00e1mb\\u0151v\\u00edt\\u00e9s, olt\\u00e1st sem k\\u00e9rnek a munkaad\\u00f3k\"},\"previousItem\":{\"@type\":\"ListItem\",\"@id\":\"https:\\\/\\\/allasorias.hu\\\/hirek#listItem\",\"name\":\"Home\"}},{\"@type\":\"ListItem\",\"@id\":\"https:\\\/\\\/allasorias.hu\\\/hirek\\\/letszambovites-oltast-sem-kernek-a-munkaadok\\\/#listItem\",\"position\":3,\"name\":\"L\\u00e9tsz\\u00e1mb\\u0151v\\u00edt\\u00e9s, olt\\u00e1st sem k\\u00e9rnek a munkaad\\u00f3k\",\"previousItem\":{\"@type\":\"ListItem\",\"@id\":\"https:\\\/\\\/allasorias.hu\\\/hirek\\\/temak\\\/munkaeropiac\\\/#listItem\",\"name\":\"Munkaer\\u0151piac\"}}]},{\"@type\":\"Organization\",\"@id\":\"https:\\\/\\\/allasorias.hu\\\/hirek\\\/#organization\",\"name\":\"AllasOrias.hu | H\\u00edrek-lapszemle\",\"description\":\"\\u00dczleti h\\u00edrek az \\u00e1ll\\u00e1s \\u00e9s a munka vil\\u00e1g\\u00e1b\\u00f3l\",\"url\":\"https:\\\/\\\/allasorias.hu\\\/hirek\\\/\",\"logo\":{\"@type\":\"ImageObject\",\"url\":\"https:\\\/\\\/allasorias.hu\\\/hirek\\\/wp-content\\\/uploads\\\/2022\\\/10\\\/allasorias_site_facebok_logo.png\",\"@id\":\"https:\\\/\\\/allasorias.hu\\\/hirek\\\/letszambovites-oltast-sem-kernek-a-munkaadok\\\/#organizationLogo\"},\"image\":{\"@id\":\"https:\\\/\\\/allasorias.hu\\\/hirek\\\/letszambovites-oltast-sem-kernek-a-munkaadok\\\/#organizationLogo\"},\"sameAs\":[\"https:\\\/\\\/www.facebook.com\\\/allasorias\",\"https:\\\/\\\/www.linkedin.com\\\/company\\\/allasorias\"]},{\"@type\":\"Person\",\"@id\":\"https:\\\/\\\/allasorias.hu\\\/hirek\\\/author\\\/admin-allasorias\\\/#author\",\"url\":\"https:\\\/\\\/allasorias.hu\\\/hirek\\\/author\\\/admin-allasorias\\\/\",\"name\":\"Juh\\u00e1sz P\\u00e9ter\",\"image\":{\"@type\":\"ImageObject\",\"@id\":\"https:\\\/\\\/allasorias.hu\\\/hirek\\\/letszambovites-oltast-sem-kernek-a-munkaadok\\\/#authorImage\",\"url\":\"https:\\\/\\\/secure.gravatar.com\\\/avatar\\\/36e6bcb83148978b992977cb0f54d22feb0cce8a0a849a9410532bb2623ba4c6?s=96&d=mm&r=g\",\"width\":96,\"height\":96,\"caption\":\"Juh\\u00e1sz P\\u00e9ter\"}},{\"@type\":\"WebPage\",\"@id\":\"https:\\\/\\\/allasorias.hu\\\/hirek\\\/letszambovites-oltast-sem-kernek-a-munkaadok\\\/#webpage\",\"url\":\"https:\\\/\\\/allasorias.hu\\\/hirek\\\/letszambovites-oltast-sem-kernek-a-munkaadok\\\/\",\"name\":\"L\\u00e9tsz\\u00e1mb\\u0151v\\u00edt\\u00e9s, olt\\u00e1st sem k\\u00e9rnek a munkaad\\u00f3k | AllasOrias.hu | H\\u00edrek-lapszemle\",\"description\":\"A ManpowerGroup a vil\\u00e1g 40 orsz\\u00e1g\\u00e1ban zajl\\u00f3 kutat\\u00e1s keret\\u00e9ben Magyarorsz\\u00e1gon 504 munk\\u00e1ltat\\u00f3b\\u00f3l \\u00e1ll\\u00f3 reprezentat\\u00edv mint\\u00e1n v\\u00e9gzett felm\\u00e9r\\u00e9st azok els\\u0151 negyed\\u00e9ves munkaer\\u0151-felv\\u00e9teli sz\\u00e1nd\\u00e9kair\\u00f3l. 2022 els\\u0151 negyed\\u00e9v\\u00e9ben a hazai munk\\u00e1ltat\\u00f3k 34 sz\\u00e1zal\\u00e9ka tervezi b\\u0151v\\u00edteni jelenlegi munkaer\\u0151keret\\u00e9t, mik\\u00f6zben cs\\u00f6kkent\\u00e9st 17 sz\\u00e1zal\\u00e9kuk tervez. Ehhez hasonl\\u00f3 optimizmusra a piaci szerepl\\u0151k k\\u00f6r\\u00e9ben utolj\\u00e1ra 2018 harmadik negyed\\u00e9v\\u00e9ben volt p\\u00e9lda \\u2013 der\\u00fcl ki\",\"inLanguage\":\"hu-HU\",\"isPartOf\":{\"@id\":\"https:\\\/\\\/allasorias.hu\\\/hirek\\\/#website\"},\"breadcrumb\":{\"@id\":\"https:\\\/\\\/allasorias.hu\\\/hirek\\\/letszambovites-oltast-sem-kernek-a-munkaadok\\\/#breadcrumblist\"},\"author\":{\"@id\":\"https:\\\/\\\/allasorias.hu\\\/hirek\\\/author\\\/admin-allasorias\\\/#author\"},\"creator\":{\"@id\":\"https:\\\/\\\/allasorias.hu\\\/hirek\\\/author\\\/admin-allasorias\\\/#author\"},\"image\":{\"@type\":\"ImageObject\",\"url\":\"https:\\\/\\\/allasorias.hu\\\/hirek\\\/wp-content\\\/uploads\\\/2021\\\/12\\\/manpower-human-resource-planning.jpg\",\"@id\":\"https:\\\/\\\/allasorias.hu\\\/hirek\\\/letszambovites-oltast-sem-kernek-a-munkaadok\\\/#mainImage\",\"width\":1920,\"height\":1043,\"caption\":\"Business administrator in action of manpower or human resource planning or business organisation on a virtual dashboard.\"},\"primaryImageOfPage\":{\"@id\":\"https:\\\/\\\/allasorias.hu\\\/hirek\\\/letszambovites-oltast-sem-kernek-a-munkaadok\\\/#mainImage\"},\"datePublished\":\"2021-12-15T08:43:04+02:00\",\"dateModified\":\"2021-12-15T08:43:04+02:00\"},{\"@type\":\"WebSite\",\"@id\":\"https:\\\/\\\/allasorias.hu\\\/hirek\\\/#website\",\"url\":\"https:\\\/\\\/allasorias.hu\\\/hirek\\\/\",\"name\":\"AllasOrias.hu | H\\u00edrek-lapszemle\",\"description\":\"\\u00dczleti h\\u00edrek az \\u00e1ll\\u00e1s \\u00e9s a munka vil\\u00e1g\\u00e1b\\u00f3l\",\"inLanguage\":\"hu-HU\",\"publisher\":{\"@id\":\"https:\\\/\\\/allasorias.hu\\\/hirek\\\/#organization\"}}]}\n\t\t<\/script>\n\t\t<!-- All in One SEO -->\n\n","aioseo_head_json":{"title":"L\u00e9tsz\u00e1mb\u0151v\u00edt\u00e9s, olt\u00e1st sem k\u00e9rnek a munkaad\u00f3k | AllasOrias.hu | H\u00edrek-lapszemle","description":"A ManpowerGroup a vil\u00e1g 40 orsz\u00e1g\u00e1ban zajl\u00f3 kutat\u00e1s keret\u00e9ben Magyarorsz\u00e1gon 504 munk\u00e1ltat\u00f3b\u00f3l \u00e1ll\u00f3 reprezentat\u00edv mint\u00e1n v\u00e9gzett felm\u00e9r\u00e9st azok els\u0151 negyed\u00e9ves munkaer\u0151-felv\u00e9teli sz\u00e1nd\u00e9kair\u00f3l. 2022 els\u0151 negyed\u00e9v\u00e9ben a hazai munk\u00e1ltat\u00f3k 34 sz\u00e1zal\u00e9ka tervezi b\u0151v\u00edteni jelenlegi munkaer\u0151keret\u00e9t, mik\u00f6zben cs\u00f6kkent\u00e9st 17 sz\u00e1zal\u00e9kuk tervez. Ehhez hasonl\u00f3 optimizmusra a piaci szerepl\u0151k k\u00f6r\u00e9ben utolj\u00e1ra 2018 harmadik negyed\u00e9v\u00e9ben volt p\u00e9lda \u2013 der\u00fcl ki","canonical_url":"https:\/\/allasorias.hu\/hirek\/letszambovites-oltast-sem-kernek-a-munkaadok\/","robots":"max-image-preview:large","keywords":"","webmasterTools":{"miscellaneous":""},"schema":{"@context":"https:\/\/schema.org","@graph":[{"@type":"Article","@id":"https:\/\/allasorias.hu\/hirek\/letszambovites-oltast-sem-kernek-a-munkaadok\/#article","name":"L\u00e9tsz\u00e1mb\u0151v\u00edt\u00e9s, olt\u00e1st sem k\u00e9rnek a munkaad\u00f3k | AllasOrias.hu | H\u00edrek-lapszemle","headline":"L\u00e9tsz\u00e1mb\u0151v\u00edt\u00e9s, olt\u00e1st sem k\u00e9rnek a munkaad\u00f3k","author":{"@id":"https:\/\/allasorias.hu\/hirek\/author\/admin-allasorias\/#author"},"publisher":{"@id":"https:\/\/allasorias.hu\/hirek\/#organization"},"image":{"@type":"ImageObject","url":"https:\/\/allasorias.hu\/hirek\/wp-content\/uploads\/2021\/12\/manpower-human-resource-planning.jpg","width":1920,"height":1043,"caption":"Business administrator in action of manpower or human resource planning or business organisation on a virtual dashboard."},"datePublished":"2021-12-15T08:43:04+02:00","dateModified":"2021-12-15T08:43:04+02:00","inLanguage":"hu-HU","mainEntityOfPage":{"@id":"https:\/\/allasorias.hu\/hirek\/letszambovites-oltast-sem-kernek-a-munkaadok\/#webpage"},"isPartOf":{"@id":"https:\/\/allasorias.hu\/hirek\/letszambovites-oltast-sem-kernek-a-munkaadok\/#webpage"},"articleSection":"Munkaer\u0151piac"},{"@type":"BreadcrumbList","@id":"https:\/\/allasorias.hu\/hirek\/letszambovites-oltast-sem-kernek-a-munkaadok\/#breadcrumblist","itemListElement":[{"@type":"ListItem","@id":"https:\/\/allasorias.hu\/hirek#listItem","position":1,"name":"Home","item":"https:\/\/allasorias.hu\/hirek","nextItem":{"@type":"ListItem","@id":"https:\/\/allasorias.hu\/hirek\/temak\/munkaeropiac\/#listItem","name":"Munkaer\u0151piac"}},{"@type":"ListItem","@id":"https:\/\/allasorias.hu\/hirek\/temak\/munkaeropiac\/#listItem","position":2,"name":"Munkaer\u0151piac","item":"https:\/\/allasorias.hu\/hirek\/temak\/munkaeropiac\/","nextItem":{"@type":"ListItem","@id":"https:\/\/allasorias.hu\/hirek\/letszambovites-oltast-sem-kernek-a-munkaadok\/#listItem","name":"L\u00e9tsz\u00e1mb\u0151v\u00edt\u00e9s, olt\u00e1st sem k\u00e9rnek a munkaad\u00f3k"},"previousItem":{"@type":"ListItem","@id":"https:\/\/allasorias.hu\/hirek#listItem","name":"Home"}},{"@type":"ListItem","@id":"https:\/\/allasorias.hu\/hirek\/letszambovites-oltast-sem-kernek-a-munkaadok\/#listItem","position":3,"name":"L\u00e9tsz\u00e1mb\u0151v\u00edt\u00e9s, olt\u00e1st sem k\u00e9rnek a munkaad\u00f3k","previousItem":{"@type":"ListItem","@id":"https:\/\/allasorias.hu\/hirek\/temak\/munkaeropiac\/#listItem","name":"Munkaer\u0151piac"}}]},{"@type":"Organization","@id":"https:\/\/allasorias.hu\/hirek\/#organization","name":"AllasOrias.hu | H\u00edrek-lapszemle","description":"\u00dczleti h\u00edrek az \u00e1ll\u00e1s \u00e9s a munka vil\u00e1g\u00e1b\u00f3l","url":"https:\/\/allasorias.hu\/hirek\/","logo":{"@type":"ImageObject","url":"https:\/\/allasorias.hu\/hirek\/wp-content\/uploads\/2022\/10\/allasorias_site_facebok_logo.png","@id":"https:\/\/allasorias.hu\/hirek\/letszambovites-oltast-sem-kernek-a-munkaadok\/#organizationLogo"},"image":{"@id":"https:\/\/allasorias.hu\/hirek\/letszambovites-oltast-sem-kernek-a-munkaadok\/#organizationLogo"},"sameAs":["https:\/\/www.facebook.com\/allasorias","https:\/\/www.linkedin.com\/company\/allasorias"]},{"@type":"Person","@id":"https:\/\/allasorias.hu\/hirek\/author\/admin-allasorias\/#author","url":"https:\/\/allasorias.hu\/hirek\/author\/admin-allasorias\/","name":"Juh\u00e1sz P\u00e9ter","image":{"@type":"ImageObject","@id":"https:\/\/allasorias.hu\/hirek\/letszambovites-oltast-sem-kernek-a-munkaadok\/#authorImage","url":"https:\/\/secure.gravatar.com\/avatar\/36e6bcb83148978b992977cb0f54d22feb0cce8a0a849a9410532bb2623ba4c6?s=96&d=mm&r=g","width":96,"height":96,"caption":"Juh\u00e1sz P\u00e9ter"}},{"@type":"WebPage","@id":"https:\/\/allasorias.hu\/hirek\/letszambovites-oltast-sem-kernek-a-munkaadok\/#webpage","url":"https:\/\/allasorias.hu\/hirek\/letszambovites-oltast-sem-kernek-a-munkaadok\/","name":"L\u00e9tsz\u00e1mb\u0151v\u00edt\u00e9s, olt\u00e1st sem k\u00e9rnek a munkaad\u00f3k | AllasOrias.hu | H\u00edrek-lapszemle","description":"A ManpowerGroup a vil\u00e1g 40 orsz\u00e1g\u00e1ban zajl\u00f3 kutat\u00e1s keret\u00e9ben Magyarorsz\u00e1gon 504 munk\u00e1ltat\u00f3b\u00f3l \u00e1ll\u00f3 reprezentat\u00edv mint\u00e1n v\u00e9gzett felm\u00e9r\u00e9st azok els\u0151 negyed\u00e9ves munkaer\u0151-felv\u00e9teli sz\u00e1nd\u00e9kair\u00f3l. 2022 els\u0151 negyed\u00e9v\u00e9ben a hazai munk\u00e1ltat\u00f3k 34 sz\u00e1zal\u00e9ka tervezi b\u0151v\u00edteni jelenlegi munkaer\u0151keret\u00e9t, mik\u00f6zben cs\u00f6kkent\u00e9st 17 sz\u00e1zal\u00e9kuk tervez. Ehhez hasonl\u00f3 optimizmusra a piaci szerepl\u0151k k\u00f6r\u00e9ben utolj\u00e1ra 2018 harmadik negyed\u00e9v\u00e9ben volt p\u00e9lda \u2013 der\u00fcl ki","inLanguage":"hu-HU","isPartOf":{"@id":"https:\/\/allasorias.hu\/hirek\/#website"},"breadcrumb":{"@id":"https:\/\/allasorias.hu\/hirek\/letszambovites-oltast-sem-kernek-a-munkaadok\/#breadcrumblist"},"author":{"@id":"https:\/\/allasorias.hu\/hirek\/author\/admin-allasorias\/#author"},"creator":{"@id":"https:\/\/allasorias.hu\/hirek\/author\/admin-allasorias\/#author"},"image":{"@type":"ImageObject","url":"https:\/\/allasorias.hu\/hirek\/wp-content\/uploads\/2021\/12\/manpower-human-resource-planning.jpg","@id":"https:\/\/allasorias.hu\/hirek\/letszambovites-oltast-sem-kernek-a-munkaadok\/#mainImage","width":1920,"height":1043,"caption":"Business administrator in action of manpower or human resource planning or business organisation on a virtual dashboard."},"primaryImageOfPage":{"@id":"https:\/\/allasorias.hu\/hirek\/letszambovites-oltast-sem-kernek-a-munkaadok\/#mainImage"},"datePublished":"2021-12-15T08:43:04+02:00","dateModified":"2021-12-15T08:43:04+02:00"},{"@type":"WebSite","@id":"https:\/\/allasorias.hu\/hirek\/#website","url":"https:\/\/allasorias.hu\/hirek\/","name":"AllasOrias.hu | H\u00edrek-lapszemle","description":"\u00dczleti h\u00edrek az \u00e1ll\u00e1s \u00e9s a munka vil\u00e1g\u00e1b\u00f3l","inLanguage":"hu-HU","publisher":{"@id":"https:\/\/allasorias.hu\/hirek\/#organization"}}]},"og:locale":"hu_HU","og:site_name":"AllasOrias.hu | H\u00edrek-lapszemle | \u00dczleti h\u00edrek az \u00e1ll\u00e1s \u00e9s a munka vil\u00e1g\u00e1b\u00f3l","og:type":"article","og:title":"L\u00e9tsz\u00e1mb\u0151v\u00edt\u00e9s, olt\u00e1st sem k\u00e9rnek a munkaad\u00f3k | AllasOrias.hu | H\u00edrek-lapszemle","og:description":"A ManpowerGroup a vil\u00e1g 40 orsz\u00e1g\u00e1ban zajl\u00f3 kutat\u00e1s keret\u00e9ben Magyarorsz\u00e1gon 504 munk\u00e1ltat\u00f3b\u00f3l \u00e1ll\u00f3 reprezentat\u00edv mint\u00e1n v\u00e9gzett felm\u00e9r\u00e9st azok els\u0151 negyed\u00e9ves munkaer\u0151-felv\u00e9teli sz\u00e1nd\u00e9kair\u00f3l. 2022 els\u0151 negyed\u00e9v\u00e9ben a hazai munk\u00e1ltat\u00f3k 34 sz\u00e1zal\u00e9ka tervezi b\u0151v\u00edteni jelenlegi munkaer\u0151keret\u00e9t, mik\u00f6zben cs\u00f6kkent\u00e9st 17 sz\u00e1zal\u00e9kuk tervez. Ehhez hasonl\u00f3 optimizmusra a piaci szerepl\u0151k k\u00f6r\u00e9ben utolj\u00e1ra 2018 harmadik negyed\u00e9v\u00e9ben volt p\u00e9lda \u2013 der\u00fcl ki","og:url":"https:\/\/allasorias.hu\/hirek\/letszambovites-oltast-sem-kernek-a-munkaadok\/","og:image":"https:\/\/allasorias.hu\/hirek\/wp-content\/uploads\/2021\/12\/manpower-human-resource-planning.jpg","og:image:secure_url":"https:\/\/allasorias.hu\/hirek\/wp-content\/uploads\/2021\/12\/manpower-human-resource-planning.jpg","og:image:width":1920,"og:image:height":1043,"article:published_time":"2021-12-15T08:43:04+00:00","article:modified_time":"2021-12-15T08:43:04+00:00","article:publisher":"https:\/\/www.facebook.com\/allasorias","twitter:card":"summary_large_image","twitter:title":"L\u00e9tsz\u00e1mb\u0151v\u00edt\u00e9s, olt\u00e1st sem k\u00e9rnek a munkaad\u00f3k | AllasOrias.hu | H\u00edrek-lapszemle","twitter:description":"A ManpowerGroup a vil\u00e1g 40 orsz\u00e1g\u00e1ban zajl\u00f3 kutat\u00e1s keret\u00e9ben Magyarorsz\u00e1gon 504 munk\u00e1ltat\u00f3b\u00f3l \u00e1ll\u00f3 reprezentat\u00edv mint\u00e1n v\u00e9gzett felm\u00e9r\u00e9st azok els\u0151 negyed\u00e9ves munkaer\u0151-felv\u00e9teli sz\u00e1nd\u00e9kair\u00f3l. 2022 els\u0151 negyed\u00e9v\u00e9ben a hazai munk\u00e1ltat\u00f3k 34 sz\u00e1zal\u00e9ka tervezi b\u0151v\u00edteni jelenlegi munkaer\u0151keret\u00e9t, mik\u00f6zben cs\u00f6kkent\u00e9st 17 sz\u00e1zal\u00e9kuk tervez. Ehhez hasonl\u00f3 optimizmusra a piaci szerepl\u0151k k\u00f6r\u00e9ben utolj\u00e1ra 2018 harmadik negyed\u00e9v\u00e9ben volt p\u00e9lda \u2013 der\u00fcl ki","twitter:image":"https:\/\/allasorias.hu\/hirek\/wp-content\/uploads\/2021\/12\/manpower-human-resource-planning.jpg","twitter:label1":"Written by","twitter:data1":"Juh\u00e1sz P\u00e9ter","twitter:label2":"Est. reading time","twitter:data2":"4 minutes"},"aioseo_meta_data":{"post_id":"5257","title":null,"description":null,"keywords":[],"keyphrases":{"focus":[],"additional":[]},"primary_term":null,"canonical_url":null,"og_title":null,"og_description":null,"og_object_type":"default","og_image_type":"default","og_image_url":null,"og_image_width":null,"og_image_height":null,"og_image_custom_url":null,"og_image_custom_fields":null,"og_video":"","og_custom_url":null,"og_article_section":null,"og_article_tags":[],"twitter_use_og":false,"twitter_card":"default","twitter_image_type":"default","twitter_image_url":null,"twitter_image_custom_url":null,"twitter_image_custom_fields":null,"twitter_title":null,"twitter_description":null,"schema":{"blockGraphs":[],"customGraphs":[],"default":{"data":{"Article":[],"Course":[],"Dataset":[],"FAQPage":[],"Movie":[],"Person":[],"Product":[],"ProductReview":[],"Car":[],"Recipe":[],"Service":[],"SoftwareApplication":[],"WebPage":[]},"graphName":"","isEnabled":true},"graphs":[],"defaultGraph":"Article","defaultPostTypeGraph":""},"schema_type":"default","schema_type_options":"{\"article\":{\"articleType\":\"BlogPosting\"},\"course\":{\"name\":\"\",\"description\":\"\",\"provider\":\"\"},\"faq\":{\"pages\":[]},\"product\":{\"reviews\":[]},\"recipe\":{\"ingredients\":[],\"instructions\":[],\"keywords\":[]},\"software\":{\"reviews\":[],\"operatingSystems\":[]},\"webPage\":{\"webPageType\":\"WebPage\"}}","pillar_content":false,"robots_default":true,"robots_noindex":false,"robots_noarchive":false,"robots_nosnippet":false,"robots_nofollow":false,"robots_noimageindex":false,"robots_noodp":false,"robots_notranslate":false,"robots_max_snippet":"-1","robots_max_videopreview":"-1","robots_max_imagepreview":"large","priority":null,"frequency":"default","location":null,"local_seo":{"locations":{"business":{"name":"","businessType":"","image":"","areaServed":"","urls":{"website":"","aboutPage":"","contactPage":""},"address":{"streetLine1":"","streetLine2":"","zipCode":"","city":"","state":"","country":"","addressFormat":"#streetLineOne\n#streetLineTwo\n#city, #state #zipCode"},"contact":{"email":"","phone":"","phoneFormatted":"","fax":"","faxFormatted":""},"ids":{"vat":"","tax":"","chamberOfCommerce":""},"payment":{"priceRange":"","currenciesAccepted":"","methods":""}}},"openingHours":{"useDefaults":true,"show":true,"alwaysOpen":false,"use24hFormat":false,"timezone":"","labels":{"closed":"","alwaysOpen":""},"days":{"monday":{"open24h":false,"closed":false,"openTime":"09:00","closeTime":"17:00"},"tuesday":{"open24h":false,"closed":false,"openTime":"09:00","closeTime":"17:00"},"wednesday":{"open24h":false,"closed":false,"openTime":"09:00","closeTime":"17:00"},"thursday":{"open24h":false,"closed":false,"openTime":"09:00","closeTime":"17:00"},"friday":{"open24h":false,"closed":false,"openTime":"09:00","closeTime":"17:00"},"saturday":{"open24h":false,"closed":false,"openTime":"09:00","closeTime":"17:00"},"sunday":{"open24h":false,"closed":false,"openTime":"09:00","closeTime":"17:00"}}}},"breadcrumb_settings":null,"limit_modified_date":false,"ai":null,"created":"2021-12-15 08:39:56","updated":"2025-10-02 16:33:37","seo_analyzer_scan_date":null,"focus_keyword":null,"additional_keywords":null,"truseo_locale":null},"aioseo_breadcrumb":"<div class=\"aioseo-breadcrumbs\"><span class=\"aioseo-breadcrumb\">\n\t\t\t<a href=\"https:\/\/allasorias.hu\/hirek\" title=\"Home\">Home<\/a>\n\t\t<\/span><span class=\"aioseo-breadcrumb-separator\">&raquo;<\/span><span class=\"aioseo-breadcrumb\">\n\t\t\t<a href=\"https:\/\/allasorias.hu\/hirek\/temak\/munkaeropiac\/\" title=\"Munkaer\u0151piac\">Munkaer\u0151piac<\/a>\n\t\t<\/span><span class=\"aioseo-breadcrumb-separator\">&raquo;<\/span><span class=\"aioseo-breadcrumb\">\n\t\t\tL\u00e9tsz\u00e1mb\u0151v\u00edt\u00e9s, olt\u00e1st sem k\u00e9rnek a munkaad\u00f3k\n\t\t<\/span><\/div>","aioseo_breadcrumb_json":[{"label":"Home","link":"https:\/\/allasorias.hu\/hirek"},{"label":"Munkaer\u0151piac","link":"https:\/\/allasorias.hu\/hirek\/temak\/munkaeropiac\/"},{"label":"L\u00e9tsz\u00e1mb\u0151v\u00edt\u00e9s, olt\u00e1st sem k\u00e9rnek a munkaad\u00f3k","link":"https:\/\/allasorias.hu\/hirek\/letszambovites-oltast-sem-kernek-a-munkaadok\/"}],"_links":{"self":[{"href":"https:\/\/allasorias.hu\/hirek\/wp-json\/wp\/v2\/posts\/5257","targetHints":{"allow":["GET"]}}],"collection":[{"href":"https:\/\/allasorias.hu\/hirek\/wp-json\/wp\/v2\/posts"}],"about":[{"href":"https:\/\/allasorias.hu\/hirek\/wp-json\/wp\/v2\/types\/post"}],"author":[{"embeddable":true,"href":"https:\/\/allasorias.hu\/hirek\/wp-json\/wp\/v2\/users\/1"}],"replies":[{"embeddable":true,"href":"https:\/\/allasorias.hu\/hirek\/wp-json\/wp\/v2\/comments?post=5257"}],"version-history":[{"count":1,"href":"https:\/\/allasorias.hu\/hirek\/wp-json\/wp\/v2\/posts\/5257\/revisions"}],"predecessor-version":[{"id":5259,"href":"https:\/\/allasorias.hu\/hirek\/wp-json\/wp\/v2\/posts\/5257\/revisions\/5259"}],"wp:featuredmedia":[{"embeddable":true,"href":"https:\/\/allasorias.hu\/hirek\/wp-json\/wp\/v2\/media\/5258"}],"wp:attachment":[{"href":"https:\/\/allasorias.hu\/hirek\/wp-json\/wp\/v2\/media?parent=5257"}],"wp:term":[{"taxonomy":"category","embeddable":true,"href":"https:\/\/allasorias.hu\/hirek\/wp-json\/wp\/v2\/categories?post=5257"},{"taxonomy":"post_tag","embeddable":true,"href":"https:\/\/allasorias.hu\/hirek\/wp-json\/wp\/v2\/tags?post=5257"}],"curies":[{"name":"wp","href":"https:\/\/api.w.org\/{rel}","templated":true}]}}