{"id":5255,"date":"2021-12-14T07:31:06","date_gmt":"2021-12-14T07:31:06","guid":{"rendered":"https:\/\/allasorias.hu\/hirek\/?p=5255"},"modified":"2021-12-14T07:31:06","modified_gmt":"2021-12-14T07:31:06","slug":"fontos-a-fiatalok-szamara-munkahelyukon-a-megbecsules","status":"publish","type":"post","link":"https:\/\/allasorias.hu\/hirek\/fontos-a-fiatalok-szamara-munkahelyukon-a-megbecsules\/","title":{"rendered":"Fontos a fiatalok sz\u00e1m\u00e1ra munkahely\u00fck\u00f6n a megbecs\u00fcl\u00e9s"},"content":{"rendered":"<p><strong>Viszonylag kevesen vannak azok a fiatalok, akik megbecs\u00fcltnek \u00e9rzik magukat a munkahely\u00fck\u00f6n: a m\u00e1sodik \u00e9s harmadik negyed\u00e9vben is t\u00edzb\u0151l n\u00e9gy\u00fck gondolta \u00edgy. Fordulat l\u00e1tszik azonban a fiatalok munkaer\u0151piac\u00e1n: a K&amp;H ifj\u00fas\u00e1gi indexe szerint a harmadik negyed\u00e9vben a dolgoz\u00f3 fiatalok 62 sz\u00e1zal\u00e9ka l\u00e1tta biztosnak a munkahely\u00e9t, ez jelent\u0151s javul\u00e1s a m\u00e1sodik negyed\u00e9vben m\u00e9rt 52 sz\u00e1zal\u00e9khoz viszony\u00edtva \u00e9s b\u0151ven meghaladja a j\u00e1rv\u00e1ny legs\u00falyosabb id\u0151szak\u00e1t jellemz\u0151 45 sz\u00e1zal\u00e9kos ar\u00e1nyt.<\/strong><\/p>\n<p>Tov\u00e1bbra is viszonylag kevesen vannak azok a fiatalok, akik megbecs\u00fcltnek \u00e9rzik magukat a munkahely\u00fck\u00f6n: a m\u00e1sodik \u00e9s harmadik negyed\u00e9vben is t\u00edzb\u0151l n\u00e9gy\u00fck gondolta \u00edgy. Sz\u00e1mottev\u0151 javul\u00e1s t\u00f6rt\u00e9nt a dolgoz\u00f3 fiatalokn\u00e1l mind\u00f6ssze egy negyed\u00e9v leforg\u00e1sa alatt: az idei harmadik negyed\u00e9vben m\u00e1r 62 sz\u00e1zal\u00e9k tartotta biztosnak munkahely\u00e9t, m\u00edg a m\u00e1sodik negyed\u00e9vben ehhez k\u00e9pest valamivel bor\u00fal\u00e1t\u00f3bban \u00edt\u00e9lt\u00e9k meg a foglalkoztat\u00e1si helyzet\u00fcket &#8211; der\u00fcl ki a K&amp;H ifj\u00fas\u00e1gi index\u00e9b\u0151l. A legfrissebb hivatalos KSH-adatok szerint a 20-24 \u00e9s a 25-29 \u00e9vesek foglalkoztat\u00e1si r\u00e1t\u00e1ja az idei m\u00e1sodik negyed\u00e9vben 49 \u00e9s 80 sz\u00e1zal\u00e9kot tett ki, ez valamelyest meghaladja az egy \u00e9vvel kor\u00e1bbi \u2013 a j\u00e1rv\u00e1ny miatt gyeng\u00e9nek mondhat\u00f3 &#8211; 47 \u00e9s 80 sz\u00e1zal\u00e9kos \u00e9rt\u00e9ket. Ugyanakkor m\u00e9g elmarad a pand\u00e9mia el\u0151tti szintt\u0151l: 2019 m\u00e1sodik negyed\u00e9t a 20-24 \u00e9vesek 49 sz\u00e1zal\u00e9kos r\u00e1t\u00e1val z\u00e1rt\u00e1k, a 25-29 \u00e9veseket pedig k\u00f6zel 83 sz\u00e1zal\u00e9kos mutat\u00f3 jellemezte. A t\u00e9nyadatok szerint teh\u00e1t \u00e9ves szinten jobb lett a helyzet\u00fck: a K&amp;H ifj\u00fas\u00e1gi index reprezentat\u00edv felm\u00e9r\u00e9s szerint az idei \u00e9ven bel\u00fcl jelent\u0151s v\u00e1ltoz\u00e1s t\u00f6rt\u00e9nt. Mik\u00f6zben a m\u00e1sodik negyed\u00e9ves eredm\u00e9nyek szerint akkor a dolgoz\u00f3 20-29 \u00e9vesek 52 sz\u00e1zal\u00e9ka tartotta stabilnak a munkahely\u00e9t, a harmadik negyed\u00e9vben 62 sz\u00e1zal\u00e9kra n\u0151tt az ar\u00e1nyuk. Azaz h\u00e1rom h\u00f3nap alatt jelent\u0151sen n\u0151tt a munkahely\u00fcket biztosnak \u00e9rz\u0151 fiatalok ar\u00e1nya. A felm\u00e9r\u00e9s hossz\u00fa t\u00e1v\u00fa adatait vizsg\u00e1lva kider\u00fcl, hogy a j\u00e1rv\u00e1nyhat\u00e1s miatt a m\u00falt \u00e9v harmadik negyed\u00e9v\u00e9ben a megk\u00e9rdezett fiatalok 45 sz\u00e1zal\u00e9ka mondta biztosnak az \u00e1ll\u00e1s\u00e1t, a pand\u00e9mia el\u0151tt jellemz\u0151en 60-70 sz\u00e1zal\u00e9kuk mondta ugyanezt. A kutat\u00e1s v\u00e1laszt adott arra is, hogy a dolgoz\u00f3 fiatalok mennyire \u00e9rzik magukat megbecs\u00fcltnek a munkahely\u00fck\u00f6n. Ezen a t\u00e9ren nem volt javul\u00e1s: a m\u00e1sodik \u00e9s harmadik negyed\u00e9vben is mind\u00f6ssze 39 sz\u00e1zal\u00e9kuk v\u00e1laszolt igennel. Szemben az idei els\u0151 negyed\u00e9v\u00e9vel \u00e9s a m\u00falt \u00e9v utols\u00f3 h\u00e1rom h\u00f3napj\u00e1val, amikor k\u00f6zel 50 sz\u00e1zal\u00e9kos volt az ar\u00e1nyuk, azaz minden m\u00e1sodik dolgoz\u00f3 fiatal \u00e9rezte megbecs\u00fcltnek mag\u00e1t. A j\u00e1rv\u00e1ny kedvez\u0151tlen hat\u00e1sai miatt 2020 m\u00e1sodik \u00e9s harmadik negyed\u00e9v\u00e9ben volt hasonl\u00f3an alacsony az ar\u00e1ny, akkor a megk\u00e9rdezettek 36, illetve 38 sz\u00e1zal\u00e9ka \u00e9rezte azt, hogy megbecs\u00fclik a munk\u00e1j\u00e1t.<\/p>\n<p>Forr\u00e1s: mmonline.hu<\/p>\n","protected":false},"excerpt":{"rendered":"<p>Viszonylag kevesen vannak azok a fiatalok, akik megbecs\u00fcltnek \u00e9rzik magukat a munkahely\u00fck\u00f6n: a m\u00e1sodik \u00e9s harmadik negyed\u00e9vben is t\u00edzb\u0151l n\u00e9gy\u00fck gondolta \u00edgy. Fordulat l\u00e1tszik azonban a fiatalok munkaer\u0151piac\u00e1n: a K&amp;H ifj\u00fas\u00e1gi indexe szerint a harmadik negyed\u00e9vben a dolgoz\u00f3 fiatalok 62 sz\u00e1zal\u00e9ka l\u00e1tta biztosnak a munkahely\u00e9t, ez jelent\u0151s javul\u00e1s a m\u00e1sodik negyed\u00e9vben m\u00e9rt 52 sz\u00e1zal\u00e9khoz viszony\u00edtva [&hellip;]<\/p>\n","protected":false},"author":1,"featured_media":4894,"comment_status":"open","ping_status":"open","sticky":false,"template":"","format":"standard","meta":{"_monsterinsights_skip_tracking":false,"footnotes":""},"categories":[200],"tags":[],"class_list":["post-5255","post","type-post","status-publish","format-standard","has-post-thumbnail","hentry","category-munkaeropiac"],"aioseo_notices":[],"aioseo_head":"\n\t\t<!-- All in One SEO 5.0.0.1 - aioseo.com -->\n\t<meta name=\"description\" content=\"Viszonylag kevesen vannak azok a fiatalok, akik megbecs\u00fcltnek \u00e9rzik magukat a munkahely\u00fck\u00f6n: a m\u00e1sodik \u00e9s harmadik negyed\u00e9vben is t\u00edzb\u0151l n\u00e9gy\u00fck gondolta \u00edgy. Fordulat l\u00e1tszik azonban a fiatalok munkaer\u0151piac\u00e1n: a K&amp;H ifj\u00fas\u00e1gi indexe szerint a harmadik negyed\u00e9vben a dolgoz\u00f3 fiatalok 62 sz\u00e1zal\u00e9ka l\u00e1tta biztosnak a munkahely\u00e9t, ez jelent\u0151s javul\u00e1s a m\u00e1sodik negyed\u00e9vben m\u00e9rt 52 sz\u00e1zal\u00e9khoz viszony\u00edtva\" \/>\n\t<meta name=\"robots\" content=\"max-image-preview:large\" \/>\n\t<meta name=\"author\" content=\"Juh\u00e1sz P\u00e9ter\"\/>\n\t<link rel=\"canonical\" href=\"https:\/\/allasorias.hu\/hirek\/fontos-a-fiatalok-szamara-munkahelyukon-a-megbecsules\/\" \/>\n\t<meta name=\"generator\" content=\"All in One SEO (AIOSEO) 5.0.0.1\" \/>\n\t\t<meta property=\"og:locale\" content=\"hu_HU\" \/>\n\t\t<meta property=\"og:site_name\" content=\"AllasOrias.hu | H\u00edrek-lapszemle | \u00dczleti h\u00edrek az \u00e1ll\u00e1s \u00e9s a munka vil\u00e1g\u00e1b\u00f3l\" \/>\n\t\t<meta property=\"og:type\" content=\"article\" \/>\n\t\t<meta property=\"og:title\" content=\"Fontos a fiatalok sz\u00e1m\u00e1ra munkahely\u00fck\u00f6n a megbecs\u00fcl\u00e9s | AllasOrias.hu | H\u00edrek-lapszemle\" \/>\n\t\t<meta property=\"og:description\" content=\"Viszonylag kevesen vannak azok a fiatalok, akik megbecs\u00fcltnek \u00e9rzik magukat a munkahely\u00fck\u00f6n: a m\u00e1sodik \u00e9s harmadik negyed\u00e9vben is t\u00edzb\u0151l n\u00e9gy\u00fck gondolta \u00edgy. Fordulat l\u00e1tszik azonban a fiatalok munkaer\u0151piac\u00e1n: a K&amp;H ifj\u00fas\u00e1gi indexe szerint a harmadik negyed\u00e9vben a dolgoz\u00f3 fiatalok 62 sz\u00e1zal\u00e9ka l\u00e1tta biztosnak a munkahely\u00e9t, ez jelent\u0151s javul\u00e1s a m\u00e1sodik negyed\u00e9vben m\u00e9rt 52 sz\u00e1zal\u00e9khoz viszony\u00edtva\" \/>\n\t\t<meta property=\"og:url\" content=\"https:\/\/allasorias.hu\/hirek\/fontos-a-fiatalok-szamara-munkahelyukon-a-megbecsules\/\" \/>\n\t\t<meta property=\"og:image\" content=\"https:\/\/allasorias.hu\/hirek\/wp-content\/uploads\/2021\/07\/handshake-with-senior-manager-client-business-meeting-modern-office.jpg\" \/>\n\t\t<meta property=\"og:image:secure_url\" content=\"https:\/\/allasorias.hu\/hirek\/wp-content\/uploads\/2021\/07\/handshake-with-senior-manager-client-business-meeting-modern-office.jpg\" \/>\n\t\t<meta property=\"og:image:width\" content=\"1920\" \/>\n\t\t<meta property=\"og:image:height\" content=\"1280\" \/>\n\t\t<meta property=\"article:published_time\" content=\"2021-12-14T07:31:06+00:00\" \/>\n\t\t<meta property=\"article:modified_time\" content=\"2021-12-14T07:31:06+00:00\" \/>\n\t\t<meta property=\"article:publisher\" content=\"https:\/\/www.facebook.com\/allasorias\" \/>\n\t\t<meta name=\"twitter:card\" content=\"summary_large_image\" \/>\n\t\t<meta name=\"twitter:title\" content=\"Fontos a fiatalok sz\u00e1m\u00e1ra munkahely\u00fck\u00f6n a megbecs\u00fcl\u00e9s | AllasOrias.hu | H\u00edrek-lapszemle\" \/>\n\t\t<meta name=\"twitter:description\" content=\"Viszonylag kevesen vannak azok a fiatalok, akik megbecs\u00fcltnek \u00e9rzik magukat a munkahely\u00fck\u00f6n: a m\u00e1sodik \u00e9s harmadik negyed\u00e9vben is t\u00edzb\u0151l n\u00e9gy\u00fck gondolta \u00edgy. Fordulat l\u00e1tszik azonban a fiatalok munkaer\u0151piac\u00e1n: a K&amp;H ifj\u00fas\u00e1gi indexe szerint a harmadik negyed\u00e9vben a dolgoz\u00f3 fiatalok 62 sz\u00e1zal\u00e9ka l\u00e1tta biztosnak a munkahely\u00e9t, ez jelent\u0151s javul\u00e1s a m\u00e1sodik negyed\u00e9vben m\u00e9rt 52 sz\u00e1zal\u00e9khoz viszony\u00edtva\" \/>\n\t\t<meta name=\"twitter:image\" content=\"https:\/\/allasorias.hu\/hirek\/wp-content\/uploads\/2021\/07\/handshake-with-senior-manager-client-business-meeting-modern-office.jpg\" \/>\n\t\t<meta name=\"twitter:label1\" content=\"Written by\" \/>\n\t\t<meta name=\"twitter:data1\" content=\"Juh\u00e1sz P\u00e9ter\" \/>\n\t\t<meta name=\"twitter:label2\" content=\"Est. reading time\" \/>\n\t\t<meta name=\"twitter:data2\" content=\"3 minutes\" \/>\n\t\t<script type=\"application\/ld+json\" class=\"aioseo-schema\">\n\t\t\t{\"@context\":\"https:\\\/\\\/schema.org\",\"@graph\":[{\"@type\":\"Article\",\"@id\":\"https:\\\/\\\/allasorias.hu\\\/hirek\\\/fontos-a-fiatalok-szamara-munkahelyukon-a-megbecsules\\\/#article\",\"name\":\"Fontos a fiatalok sz\\u00e1m\\u00e1ra munkahely\\u00fck\\u00f6n a megbecs\\u00fcl\\u00e9s | AllasOrias.hu | H\\u00edrek-lapszemle\",\"headline\":\"Fontos a fiatalok sz\\u00e1m\\u00e1ra munkahely\\u00fck\\u00f6n a megbecs\\u00fcl\\u00e9s\",\"author\":{\"@id\":\"https:\\\/\\\/allasorias.hu\\\/hirek\\\/author\\\/admin-allasorias\\\/#author\"},\"publisher\":{\"@id\":\"https:\\\/\\\/allasorias.hu\\\/hirek\\\/#organization\"},\"image\":{\"@type\":\"ImageObject\",\"url\":\"https:\\\/\\\/allasorias.hu\\\/hirek\\\/wp-content\\\/uploads\\\/2021\\\/07\\\/handshake-with-senior-manager-client-business-meeting-modern-office.jpg\",\"width\":1920,\"height\":1280,\"caption\":\"handshake with a senior Manager and a client at a business meeting in a modern office\"},\"datePublished\":\"2021-12-14T07:31:06+02:00\",\"dateModified\":\"2021-12-14T07:31:06+02:00\",\"inLanguage\":\"hu-HU\",\"mainEntityOfPage\":{\"@id\":\"https:\\\/\\\/allasorias.hu\\\/hirek\\\/fontos-a-fiatalok-szamara-munkahelyukon-a-megbecsules\\\/#webpage\"},\"isPartOf\":{\"@id\":\"https:\\\/\\\/allasorias.hu\\\/hirek\\\/fontos-a-fiatalok-szamara-munkahelyukon-a-megbecsules\\\/#webpage\"},\"articleSection\":\"Munkaer\\u0151piac\"},{\"@type\":\"BreadcrumbList\",\"@id\":\"https:\\\/\\\/allasorias.hu\\\/hirek\\\/fontos-a-fiatalok-szamara-munkahelyukon-a-megbecsules\\\/#breadcrumblist\",\"itemListElement\":[{\"@type\":\"ListItem\",\"@id\":\"https:\\\/\\\/allasorias.hu\\\/hirek#listItem\",\"position\":1,\"name\":\"Home\",\"item\":\"https:\\\/\\\/allasorias.hu\\\/hirek\",\"nextItem\":{\"@type\":\"ListItem\",\"@id\":\"https:\\\/\\\/allasorias.hu\\\/hirek\\\/temak\\\/munkaeropiac\\\/#listItem\",\"name\":\"Munkaer\\u0151piac\"}},{\"@type\":\"ListItem\",\"@id\":\"https:\\\/\\\/allasorias.hu\\\/hirek\\\/temak\\\/munkaeropiac\\\/#listItem\",\"position\":2,\"name\":\"Munkaer\\u0151piac\",\"item\":\"https:\\\/\\\/allasorias.hu\\\/hirek\\\/temak\\\/munkaeropiac\\\/\",\"nextItem\":{\"@type\":\"ListItem\",\"@id\":\"https:\\\/\\\/allasorias.hu\\\/hirek\\\/fontos-a-fiatalok-szamara-munkahelyukon-a-megbecsules\\\/#listItem\",\"name\":\"Fontos a fiatalok sz\\u00e1m\\u00e1ra munkahely\\u00fck\\u00f6n a megbecs\\u00fcl\\u00e9s\"},\"previousItem\":{\"@type\":\"ListItem\",\"@id\":\"https:\\\/\\\/allasorias.hu\\\/hirek#listItem\",\"name\":\"Home\"}},{\"@type\":\"ListItem\",\"@id\":\"https:\\\/\\\/allasorias.hu\\\/hirek\\\/fontos-a-fiatalok-szamara-munkahelyukon-a-megbecsules\\\/#listItem\",\"position\":3,\"name\":\"Fontos a fiatalok sz\\u00e1m\\u00e1ra munkahely\\u00fck\\u00f6n a megbecs\\u00fcl\\u00e9s\",\"previousItem\":{\"@type\":\"ListItem\",\"@id\":\"https:\\\/\\\/allasorias.hu\\\/hirek\\\/temak\\\/munkaeropiac\\\/#listItem\",\"name\":\"Munkaer\\u0151piac\"}}]},{\"@type\":\"Organization\",\"@id\":\"https:\\\/\\\/allasorias.hu\\\/hirek\\\/#organization\",\"name\":\"AllasOrias.hu | H\\u00edrek-lapszemle\",\"description\":\"\\u00dczleti h\\u00edrek az \\u00e1ll\\u00e1s \\u00e9s a munka vil\\u00e1g\\u00e1b\\u00f3l\",\"url\":\"https:\\\/\\\/allasorias.hu\\\/hirek\\\/\",\"logo\":{\"@type\":\"ImageObject\",\"url\":\"https:\\\/\\\/allasorias.hu\\\/hirek\\\/wp-content\\\/uploads\\\/2022\\\/10\\\/allasorias_site_facebok_logo.png\",\"@id\":\"https:\\\/\\\/allasorias.hu\\\/hirek\\\/fontos-a-fiatalok-szamara-munkahelyukon-a-megbecsules\\\/#organizationLogo\"},\"image\":{\"@id\":\"https:\\\/\\\/allasorias.hu\\\/hirek\\\/fontos-a-fiatalok-szamara-munkahelyukon-a-megbecsules\\\/#organizationLogo\"},\"sameAs\":[\"https:\\\/\\\/www.facebook.com\\\/allasorias\",\"https:\\\/\\\/www.linkedin.com\\\/company\\\/allasorias\"]},{\"@type\":\"Person\",\"@id\":\"https:\\\/\\\/allasorias.hu\\\/hirek\\\/author\\\/admin-allasorias\\\/#author\",\"url\":\"https:\\\/\\\/allasorias.hu\\\/hirek\\\/author\\\/admin-allasorias\\\/\",\"name\":\"Juh\\u00e1sz P\\u00e9ter\",\"image\":{\"@type\":\"ImageObject\",\"@id\":\"https:\\\/\\\/allasorias.hu\\\/hirek\\\/fontos-a-fiatalok-szamara-munkahelyukon-a-megbecsules\\\/#authorImage\",\"url\":\"https:\\\/\\\/secure.gravatar.com\\\/avatar\\\/36e6bcb83148978b992977cb0f54d22feb0cce8a0a849a9410532bb2623ba4c6?s=96&d=mm&r=g\",\"width\":96,\"height\":96,\"caption\":\"Juh\\u00e1sz P\\u00e9ter\"}},{\"@type\":\"WebPage\",\"@id\":\"https:\\\/\\\/allasorias.hu\\\/hirek\\\/fontos-a-fiatalok-szamara-munkahelyukon-a-megbecsules\\\/#webpage\",\"url\":\"https:\\\/\\\/allasorias.hu\\\/hirek\\\/fontos-a-fiatalok-szamara-munkahelyukon-a-megbecsules\\\/\",\"name\":\"Fontos a fiatalok sz\\u00e1m\\u00e1ra munkahely\\u00fck\\u00f6n a megbecs\\u00fcl\\u00e9s | AllasOrias.hu | H\\u00edrek-lapszemle\",\"description\":\"Viszonylag kevesen vannak azok a fiatalok, akik megbecs\\u00fcltnek \\u00e9rzik magukat a munkahely\\u00fck\\u00f6n: a m\\u00e1sodik \\u00e9s harmadik negyed\\u00e9vben is t\\u00edzb\\u0151l n\\u00e9gy\\u00fck gondolta \\u00edgy. Fordulat l\\u00e1tszik azonban a fiatalok munkaer\\u0151piac\\u00e1n: a K&H ifj\\u00fas\\u00e1gi indexe szerint a harmadik negyed\\u00e9vben a dolgoz\\u00f3 fiatalok 62 sz\\u00e1zal\\u00e9ka l\\u00e1tta biztosnak a munkahely\\u00e9t, ez jelent\\u0151s javul\\u00e1s a m\\u00e1sodik negyed\\u00e9vben m\\u00e9rt 52 sz\\u00e1zal\\u00e9khoz viszony\\u00edtva\",\"inLanguage\":\"hu-HU\",\"isPartOf\":{\"@id\":\"https:\\\/\\\/allasorias.hu\\\/hirek\\\/#website\"},\"breadcrumb\":{\"@id\":\"https:\\\/\\\/allasorias.hu\\\/hirek\\\/fontos-a-fiatalok-szamara-munkahelyukon-a-megbecsules\\\/#breadcrumblist\"},\"author\":{\"@id\":\"https:\\\/\\\/allasorias.hu\\\/hirek\\\/author\\\/admin-allasorias\\\/#author\"},\"creator\":{\"@id\":\"https:\\\/\\\/allasorias.hu\\\/hirek\\\/author\\\/admin-allasorias\\\/#author\"},\"image\":{\"@type\":\"ImageObject\",\"url\":\"https:\\\/\\\/allasorias.hu\\\/hirek\\\/wp-content\\\/uploads\\\/2021\\\/07\\\/handshake-with-senior-manager-client-business-meeting-modern-office.jpg\",\"@id\":\"https:\\\/\\\/allasorias.hu\\\/hirek\\\/fontos-a-fiatalok-szamara-munkahelyukon-a-megbecsules\\\/#mainImage\",\"width\":1920,\"height\":1280,\"caption\":\"handshake with a senior Manager and a client at a business meeting in a modern office\"},\"primaryImageOfPage\":{\"@id\":\"https:\\\/\\\/allasorias.hu\\\/hirek\\\/fontos-a-fiatalok-szamara-munkahelyukon-a-megbecsules\\\/#mainImage\"},\"datePublished\":\"2021-12-14T07:31:06+02:00\",\"dateModified\":\"2021-12-14T07:31:06+02:00\"},{\"@type\":\"WebSite\",\"@id\":\"https:\\\/\\\/allasorias.hu\\\/hirek\\\/#website\",\"url\":\"https:\\\/\\\/allasorias.hu\\\/hirek\\\/\",\"name\":\"AllasOrias.hu | H\\u00edrek-lapszemle\",\"description\":\"\\u00dczleti h\\u00edrek az \\u00e1ll\\u00e1s \\u00e9s a munka vil\\u00e1g\\u00e1b\\u00f3l\",\"inLanguage\":\"hu-HU\",\"publisher\":{\"@id\":\"https:\\\/\\\/allasorias.hu\\\/hirek\\\/#organization\"}}]}\n\t\t<\/script>\n\t\t<!-- All in One SEO -->\n\n","aioseo_head_json":{"title":"Fontos a fiatalok sz\u00e1m\u00e1ra munkahely\u00fck\u00f6n a megbecs\u00fcl\u00e9s | AllasOrias.hu | H\u00edrek-lapszemle","description":"Viszonylag kevesen vannak azok a fiatalok, akik megbecs\u00fcltnek \u00e9rzik magukat a munkahely\u00fck\u00f6n: a m\u00e1sodik \u00e9s harmadik negyed\u00e9vben is t\u00edzb\u0151l n\u00e9gy\u00fck gondolta \u00edgy. Fordulat l\u00e1tszik azonban a fiatalok munkaer\u0151piac\u00e1n: a K&H ifj\u00fas\u00e1gi indexe szerint a harmadik negyed\u00e9vben a dolgoz\u00f3 fiatalok 62 sz\u00e1zal\u00e9ka l\u00e1tta biztosnak a munkahely\u00e9t, ez jelent\u0151s javul\u00e1s a m\u00e1sodik negyed\u00e9vben m\u00e9rt 52 sz\u00e1zal\u00e9khoz viszony\u00edtva","canonical_url":"https:\/\/allasorias.hu\/hirek\/fontos-a-fiatalok-szamara-munkahelyukon-a-megbecsules\/","robots":"max-image-preview:large","keywords":"","webmasterTools":{"miscellaneous":""},"schema":{"@context":"https:\/\/schema.org","@graph":[{"@type":"Article","@id":"https:\/\/allasorias.hu\/hirek\/fontos-a-fiatalok-szamara-munkahelyukon-a-megbecsules\/#article","name":"Fontos a fiatalok sz\u00e1m\u00e1ra munkahely\u00fck\u00f6n a megbecs\u00fcl\u00e9s | AllasOrias.hu | H\u00edrek-lapszemle","headline":"Fontos a fiatalok sz\u00e1m\u00e1ra munkahely\u00fck\u00f6n a megbecs\u00fcl\u00e9s","author":{"@id":"https:\/\/allasorias.hu\/hirek\/author\/admin-allasorias\/#author"},"publisher":{"@id":"https:\/\/allasorias.hu\/hirek\/#organization"},"image":{"@type":"ImageObject","url":"https:\/\/allasorias.hu\/hirek\/wp-content\/uploads\/2021\/07\/handshake-with-senior-manager-client-business-meeting-modern-office.jpg","width":1920,"height":1280,"caption":"handshake with a senior Manager and a client at a business meeting in a modern office"},"datePublished":"2021-12-14T07:31:06+02:00","dateModified":"2021-12-14T07:31:06+02:00","inLanguage":"hu-HU","mainEntityOfPage":{"@id":"https:\/\/allasorias.hu\/hirek\/fontos-a-fiatalok-szamara-munkahelyukon-a-megbecsules\/#webpage"},"isPartOf":{"@id":"https:\/\/allasorias.hu\/hirek\/fontos-a-fiatalok-szamara-munkahelyukon-a-megbecsules\/#webpage"},"articleSection":"Munkaer\u0151piac"},{"@type":"BreadcrumbList","@id":"https:\/\/allasorias.hu\/hirek\/fontos-a-fiatalok-szamara-munkahelyukon-a-megbecsules\/#breadcrumblist","itemListElement":[{"@type":"ListItem","@id":"https:\/\/allasorias.hu\/hirek#listItem","position":1,"name":"Home","item":"https:\/\/allasorias.hu\/hirek","nextItem":{"@type":"ListItem","@id":"https:\/\/allasorias.hu\/hirek\/temak\/munkaeropiac\/#listItem","name":"Munkaer\u0151piac"}},{"@type":"ListItem","@id":"https:\/\/allasorias.hu\/hirek\/temak\/munkaeropiac\/#listItem","position":2,"name":"Munkaer\u0151piac","item":"https:\/\/allasorias.hu\/hirek\/temak\/munkaeropiac\/","nextItem":{"@type":"ListItem","@id":"https:\/\/allasorias.hu\/hirek\/fontos-a-fiatalok-szamara-munkahelyukon-a-megbecsules\/#listItem","name":"Fontos a fiatalok sz\u00e1m\u00e1ra munkahely\u00fck\u00f6n a megbecs\u00fcl\u00e9s"},"previousItem":{"@type":"ListItem","@id":"https:\/\/allasorias.hu\/hirek#listItem","name":"Home"}},{"@type":"ListItem","@id":"https:\/\/allasorias.hu\/hirek\/fontos-a-fiatalok-szamara-munkahelyukon-a-megbecsules\/#listItem","position":3,"name":"Fontos a fiatalok sz\u00e1m\u00e1ra munkahely\u00fck\u00f6n a megbecs\u00fcl\u00e9s","previousItem":{"@type":"ListItem","@id":"https:\/\/allasorias.hu\/hirek\/temak\/munkaeropiac\/#listItem","name":"Munkaer\u0151piac"}}]},{"@type":"Organization","@id":"https:\/\/allasorias.hu\/hirek\/#organization","name":"AllasOrias.hu | H\u00edrek-lapszemle","description":"\u00dczleti h\u00edrek az \u00e1ll\u00e1s \u00e9s a munka vil\u00e1g\u00e1b\u00f3l","url":"https:\/\/allasorias.hu\/hirek\/","logo":{"@type":"ImageObject","url":"https:\/\/allasorias.hu\/hirek\/wp-content\/uploads\/2022\/10\/allasorias_site_facebok_logo.png","@id":"https:\/\/allasorias.hu\/hirek\/fontos-a-fiatalok-szamara-munkahelyukon-a-megbecsules\/#organizationLogo"},"image":{"@id":"https:\/\/allasorias.hu\/hirek\/fontos-a-fiatalok-szamara-munkahelyukon-a-megbecsules\/#organizationLogo"},"sameAs":["https:\/\/www.facebook.com\/allasorias","https:\/\/www.linkedin.com\/company\/allasorias"]},{"@type":"Person","@id":"https:\/\/allasorias.hu\/hirek\/author\/admin-allasorias\/#author","url":"https:\/\/allasorias.hu\/hirek\/author\/admin-allasorias\/","name":"Juh\u00e1sz P\u00e9ter","image":{"@type":"ImageObject","@id":"https:\/\/allasorias.hu\/hirek\/fontos-a-fiatalok-szamara-munkahelyukon-a-megbecsules\/#authorImage","url":"https:\/\/secure.gravatar.com\/avatar\/36e6bcb83148978b992977cb0f54d22feb0cce8a0a849a9410532bb2623ba4c6?s=96&d=mm&r=g","width":96,"height":96,"caption":"Juh\u00e1sz P\u00e9ter"}},{"@type":"WebPage","@id":"https:\/\/allasorias.hu\/hirek\/fontos-a-fiatalok-szamara-munkahelyukon-a-megbecsules\/#webpage","url":"https:\/\/allasorias.hu\/hirek\/fontos-a-fiatalok-szamara-munkahelyukon-a-megbecsules\/","name":"Fontos a fiatalok sz\u00e1m\u00e1ra munkahely\u00fck\u00f6n a megbecs\u00fcl\u00e9s | AllasOrias.hu | H\u00edrek-lapszemle","description":"Viszonylag kevesen vannak azok a fiatalok, akik megbecs\u00fcltnek \u00e9rzik magukat a munkahely\u00fck\u00f6n: a m\u00e1sodik \u00e9s harmadik negyed\u00e9vben is t\u00edzb\u0151l n\u00e9gy\u00fck gondolta \u00edgy. Fordulat l\u00e1tszik azonban a fiatalok munkaer\u0151piac\u00e1n: a K&H ifj\u00fas\u00e1gi indexe szerint a harmadik negyed\u00e9vben a dolgoz\u00f3 fiatalok 62 sz\u00e1zal\u00e9ka l\u00e1tta biztosnak a munkahely\u00e9t, ez jelent\u0151s javul\u00e1s a m\u00e1sodik negyed\u00e9vben m\u00e9rt 52 sz\u00e1zal\u00e9khoz viszony\u00edtva","inLanguage":"hu-HU","isPartOf":{"@id":"https:\/\/allasorias.hu\/hirek\/#website"},"breadcrumb":{"@id":"https:\/\/allasorias.hu\/hirek\/fontos-a-fiatalok-szamara-munkahelyukon-a-megbecsules\/#breadcrumblist"},"author":{"@id":"https:\/\/allasorias.hu\/hirek\/author\/admin-allasorias\/#author"},"creator":{"@id":"https:\/\/allasorias.hu\/hirek\/author\/admin-allasorias\/#author"},"image":{"@type":"ImageObject","url":"https:\/\/allasorias.hu\/hirek\/wp-content\/uploads\/2021\/07\/handshake-with-senior-manager-client-business-meeting-modern-office.jpg","@id":"https:\/\/allasorias.hu\/hirek\/fontos-a-fiatalok-szamara-munkahelyukon-a-megbecsules\/#mainImage","width":1920,"height":1280,"caption":"handshake with a senior Manager and a client at a business meeting in a modern office"},"primaryImageOfPage":{"@id":"https:\/\/allasorias.hu\/hirek\/fontos-a-fiatalok-szamara-munkahelyukon-a-megbecsules\/#mainImage"},"datePublished":"2021-12-14T07:31:06+02:00","dateModified":"2021-12-14T07:31:06+02:00"},{"@type":"WebSite","@id":"https:\/\/allasorias.hu\/hirek\/#website","url":"https:\/\/allasorias.hu\/hirek\/","name":"AllasOrias.hu | H\u00edrek-lapszemle","description":"\u00dczleti h\u00edrek az \u00e1ll\u00e1s \u00e9s a munka vil\u00e1g\u00e1b\u00f3l","inLanguage":"hu-HU","publisher":{"@id":"https:\/\/allasorias.hu\/hirek\/#organization"}}]},"og:locale":"hu_HU","og:site_name":"AllasOrias.hu | H\u00edrek-lapszemle | \u00dczleti h\u00edrek az \u00e1ll\u00e1s \u00e9s a munka vil\u00e1g\u00e1b\u00f3l","og:type":"article","og:title":"Fontos a fiatalok sz\u00e1m\u00e1ra munkahely\u00fck\u00f6n a megbecs\u00fcl\u00e9s | AllasOrias.hu | H\u00edrek-lapszemle","og:description":"Viszonylag kevesen vannak azok a fiatalok, akik megbecs\u00fcltnek \u00e9rzik magukat a munkahely\u00fck\u00f6n: a m\u00e1sodik \u00e9s harmadik negyed\u00e9vben is t\u00edzb\u0151l n\u00e9gy\u00fck gondolta \u00edgy. Fordulat l\u00e1tszik azonban a fiatalok munkaer\u0151piac\u00e1n: a K&amp;H ifj\u00fas\u00e1gi indexe szerint a harmadik negyed\u00e9vben a dolgoz\u00f3 fiatalok 62 sz\u00e1zal\u00e9ka l\u00e1tta biztosnak a munkahely\u00e9t, ez jelent\u0151s javul\u00e1s a m\u00e1sodik negyed\u00e9vben m\u00e9rt 52 sz\u00e1zal\u00e9khoz viszony\u00edtva","og:url":"https:\/\/allasorias.hu\/hirek\/fontos-a-fiatalok-szamara-munkahelyukon-a-megbecsules\/","og:image":"https:\/\/allasorias.hu\/hirek\/wp-content\/uploads\/2021\/07\/handshake-with-senior-manager-client-business-meeting-modern-office.jpg","og:image:secure_url":"https:\/\/allasorias.hu\/hirek\/wp-content\/uploads\/2021\/07\/handshake-with-senior-manager-client-business-meeting-modern-office.jpg","og:image:width":1920,"og:image:height":1280,"article:published_time":"2021-12-14T07:31:06+00:00","article:modified_time":"2021-12-14T07:31:06+00:00","article:publisher":"https:\/\/www.facebook.com\/allasorias","twitter:card":"summary_large_image","twitter:title":"Fontos a fiatalok sz\u00e1m\u00e1ra munkahely\u00fck\u00f6n a megbecs\u00fcl\u00e9s | AllasOrias.hu | H\u00edrek-lapszemle","twitter:description":"Viszonylag kevesen vannak azok a fiatalok, akik megbecs\u00fcltnek \u00e9rzik magukat a munkahely\u00fck\u00f6n: a m\u00e1sodik \u00e9s harmadik negyed\u00e9vben is t\u00edzb\u0151l n\u00e9gy\u00fck gondolta \u00edgy. Fordulat l\u00e1tszik azonban a fiatalok munkaer\u0151piac\u00e1n: a K&amp;H ifj\u00fas\u00e1gi indexe szerint a harmadik negyed\u00e9vben a dolgoz\u00f3 fiatalok 62 sz\u00e1zal\u00e9ka l\u00e1tta biztosnak a munkahely\u00e9t, ez jelent\u0151s javul\u00e1s a m\u00e1sodik negyed\u00e9vben m\u00e9rt 52 sz\u00e1zal\u00e9khoz viszony\u00edtva","twitter:image":"https:\/\/allasorias.hu\/hirek\/wp-content\/uploads\/2021\/07\/handshake-with-senior-manager-client-business-meeting-modern-office.jpg","twitter:label1":"Written by","twitter:data1":"Juh\u00e1sz P\u00e9ter","twitter:label2":"Est. reading time","twitter:data2":"3 minutes"},"aioseo_meta_data":{"post_id":"5255","title":null,"description":null,"keywords":[],"keyphrases":{"focus":[],"additional":[]},"primary_term":null,"canonical_url":null,"og_title":null,"og_description":null,"og_object_type":"default","og_image_type":"default","og_image_url":null,"og_image_width":null,"og_image_height":null,"og_image_custom_url":null,"og_image_custom_fields":null,"og_video":"","og_custom_url":null,"og_article_section":null,"og_article_tags":[],"twitter_use_og":false,"twitter_card":"default","twitter_image_type":"default","twitter_image_url":null,"twitter_image_custom_url":null,"twitter_image_custom_fields":null,"twitter_title":null,"twitter_description":null,"schema":{"blockGraphs":[],"customGraphs":[],"default":{"data":{"Article":[],"Course":[],"Dataset":[],"FAQPage":[],"Movie":[],"Person":[],"Product":[],"ProductReview":[],"Car":[],"Recipe":[],"Service":[],"SoftwareApplication":[],"WebPage":[]},"graphName":"","isEnabled":true},"graphs":[],"defaultGraph":"Article","defaultPostTypeGraph":""},"schema_type":"default","schema_type_options":"{\"article\":{\"articleType\":\"BlogPosting\"},\"course\":{\"name\":\"\",\"description\":\"\",\"provider\":\"\"},\"faq\":{\"pages\":[]},\"product\":{\"reviews\":[]},\"recipe\":{\"ingredients\":[],\"instructions\":[],\"keywords\":[]},\"software\":{\"reviews\":[],\"operatingSystems\":[]},\"webPage\":{\"webPageType\":\"WebPage\"}}","pillar_content":false,"robots_default":true,"robots_noindex":false,"robots_noarchive":false,"robots_nosnippet":false,"robots_nofollow":false,"robots_noimageindex":false,"robots_noodp":false,"robots_notranslate":false,"robots_max_snippet":"-1","robots_max_videopreview":"-1","robots_max_imagepreview":"large","priority":null,"frequency":"default","location":null,"local_seo":{"locations":{"business":{"name":"","businessType":"","image":"","areaServed":"","urls":{"website":"","aboutPage":"","contactPage":""},"address":{"streetLine1":"","streetLine2":"","zipCode":"","city":"","state":"","country":"","addressFormat":"#streetLineOne\n#streetLineTwo\n#city, #state #zipCode"},"contact":{"email":"","phone":"","phoneFormatted":"","fax":"","faxFormatted":""},"ids":{"vat":"","tax":"","chamberOfCommerce":""},"payment":{"priceRange":"","currenciesAccepted":"","methods":""}}},"openingHours":{"useDefaults":true,"show":true,"alwaysOpen":false,"use24hFormat":false,"timezone":"","labels":{"closed":"","alwaysOpen":""},"days":{"monday":{"open24h":false,"closed":false,"openTime":"09:00","closeTime":"17:00"},"tuesday":{"open24h":false,"closed":false,"openTime":"09:00","closeTime":"17:00"},"wednesday":{"open24h":false,"closed":false,"openTime":"09:00","closeTime":"17:00"},"thursday":{"open24h":false,"closed":false,"openTime":"09:00","closeTime":"17:00"},"friday":{"open24h":false,"closed":false,"openTime":"09:00","closeTime":"17:00"},"saturday":{"open24h":false,"closed":false,"openTime":"09:00","closeTime":"17:00"},"sunday":{"open24h":false,"closed":false,"openTime":"09:00","closeTime":"17:00"}}}},"breadcrumb_settings":null,"limit_modified_date":false,"ai":null,"created":"2021-12-14 07:28:54","updated":"2025-10-02 16:33:37","seo_analyzer_scan_date":null,"focus_keyword":null,"additional_keywords":null,"truseo_locale":null},"aioseo_breadcrumb":"<div class=\"aioseo-breadcrumbs\"><span class=\"aioseo-breadcrumb\">\n\t\t\t<a href=\"https:\/\/allasorias.hu\/hirek\" title=\"Home\">Home<\/a>\n\t\t<\/span><span class=\"aioseo-breadcrumb-separator\">&raquo;<\/span><span class=\"aioseo-breadcrumb\">\n\t\t\t<a href=\"https:\/\/allasorias.hu\/hirek\/temak\/munkaeropiac\/\" title=\"Munkaer\u0151piac\">Munkaer\u0151piac<\/a>\n\t\t<\/span><span class=\"aioseo-breadcrumb-separator\">&raquo;<\/span><span class=\"aioseo-breadcrumb\">\n\t\t\tFontos a fiatalok sz\u00e1m\u00e1ra munkahely\u00fck\u00f6n a megbecs\u00fcl\u00e9s\n\t\t<\/span><\/div>","aioseo_breadcrumb_json":[{"label":"Home","link":"https:\/\/allasorias.hu\/hirek"},{"label":"Munkaer\u0151piac","link":"https:\/\/allasorias.hu\/hirek\/temak\/munkaeropiac\/"},{"label":"Fontos a fiatalok sz\u00e1m\u00e1ra munkahely\u00fck\u00f6n a megbecs\u00fcl\u00e9s","link":"https:\/\/allasorias.hu\/hirek\/fontos-a-fiatalok-szamara-munkahelyukon-a-megbecsules\/"}],"_links":{"self":[{"href":"https:\/\/allasorias.hu\/hirek\/wp-json\/wp\/v2\/posts\/5255","targetHints":{"allow":["GET"]}}],"collection":[{"href":"https:\/\/allasorias.hu\/hirek\/wp-json\/wp\/v2\/posts"}],"about":[{"href":"https:\/\/allasorias.hu\/hirek\/wp-json\/wp\/v2\/types\/post"}],"author":[{"embeddable":true,"href":"https:\/\/allasorias.hu\/hirek\/wp-json\/wp\/v2\/users\/1"}],"replies":[{"embeddable":true,"href":"https:\/\/allasorias.hu\/hirek\/wp-json\/wp\/v2\/comments?post=5255"}],"version-history":[{"count":1,"href":"https:\/\/allasorias.hu\/hirek\/wp-json\/wp\/v2\/posts\/5255\/revisions"}],"predecessor-version":[{"id":5256,"href":"https:\/\/allasorias.hu\/hirek\/wp-json\/wp\/v2\/posts\/5255\/revisions\/5256"}],"wp:featuredmedia":[{"embeddable":true,"href":"https:\/\/allasorias.hu\/hirek\/wp-json\/wp\/v2\/media\/4894"}],"wp:attachment":[{"href":"https:\/\/allasorias.hu\/hirek\/wp-json\/wp\/v2\/media?parent=5255"}],"wp:term":[{"taxonomy":"category","embeddable":true,"href":"https:\/\/allasorias.hu\/hirek\/wp-json\/wp\/v2\/categories?post=5255"},{"taxonomy":"post_tag","embeddable":true,"href":"https:\/\/allasorias.hu\/hirek\/wp-json\/wp\/v2\/tags?post=5255"}],"curies":[{"name":"wp","href":"https:\/\/api.w.org\/{rel}","templated":true}]}}