{"id":5248,"date":"2021-12-10T08:23:49","date_gmt":"2021-12-10T08:23:49","guid":{"rendered":"https:\/\/allasorias.hu\/hirek\/?p=5248"},"modified":"2021-12-10T08:23:49","modified_gmt":"2021-12-10T08:23:49","slug":"a-pandemia-hatasa-a-fiatal-munkaerore","status":"publish","type":"post","link":"https:\/\/allasorias.hu\/hirek\/a-pandemia-hatasa-a-fiatal-munkaerore\/","title":{"rendered":"A pand\u00e9mia hat\u00e1sa a fiatal munkaer\u0151re"},"content":{"rendered":"<p><strong>Rossz hat\u00e1ssal volt a j\u00e1rv\u00e1ny a munkaer\u0151piacon l\u00e9v\u0151 fiatalokra. A KSH okt\u00f3ber v\u00e9gi adatai alapj\u00e1n b\u00e1r a teljes lakoss\u00e1g k\u00f6r\u00e9ben a tavalyi szinthez k\u00e9pest cs\u00f6kkent a munkan\u00e9lk\u00fclis\u00e9g, a fiatalok k\u00f6r\u00e9ben romlottak a mutat\u00f3k. A p\u00e1lyakezd\u0151k, friss v\u00e9gz\u0151s\u00f6k k\u00f6r\u00e9ben sokan nehezen tal\u00e1lj\u00e1k a hely\u00fcket a munkaer\u0151piacon, ezzel egyid\u0151ben viszont sz\u00e1mos ter\u00fclet k\u00fczd jelent\u0151s munkaer\u0151hi\u00e1nnyal. <\/strong><\/p>\n<p>Ezt t\u00e1masztja al\u00e1 a Coca-Cola Magyarorsz\u00e1g #\u00e9nj\u00f6v\u0151m programj\u00e1nak Kantar-Hoffmann \u00e1ltal v\u00e9gzett \u00faj kutat\u00e1sa is, amely nemr\u00e9g tov\u00e1bbi szegmenseit t\u00e1rta fel a hazai nem dolgoz\u00f3 \u00e9s nem is tanul\u00f3 fiataloknak. Sz\u00e1mukra a megold\u00e1s sok esetben az \u00f6nfejleszt\u00e9sben, \u00e1tk\u00e9pz\u00e9sben \u00e9s az \u00f6nismeretre alapul\u00f3 k\u00e9szs\u00e9gfejleszt\u00e9sen rejlik. A fiatalok munkaer\u0151piaci elhelyezked\u00e9s\u00e9t t\u00e1mogat\u00f3 #\u00e9nj\u00f6v\u0151m program 2017 \u00f3ta szervez ingyenes szem\u00e9lyes \u00e9s online workshopokat, amelyek c\u00e9lja, hogy k\u00e9szs\u00e9gfejleszt\u00e9ssel t\u00e1mogass\u00e1k a nem tanul\u00f3 \u00e9s nem is dolgoz\u00f3 fiatalokat. A program az indul\u00e1sa \u00f3ta folyamatosan b\u0151v\u00edtette c\u00e9lcsoportjait, \u00edgy a p\u00e1lyakezd\u0151 fiatalok mellett m\u00e1r egyetemist\u00e1knak, p\u00e1lyav\u00e1laszt\u00e1s el\u0151tt \u00e1ll\u00f3 k\u00f6z\u00e9piskol\u00e1soknak, h\u00e1tr\u00e1nyos helyzet\u0171 roma fiataloknak, kismam\u00e1knak, kisgyermekes sz\u00fcl\u0151knek, fiatal v\u00e1llalkoz\u00f3knak \u00e9s fogyat\u00e9koss\u00e1ggal \u00e9l\u0151 fiataloknak is seg\u00edtenek. A program Kantar Hoffmann \u00e1ltal k\u00e9sz\u00edtett, Eurostat adatokra alapul\u00f3 kutat\u00e1sa nemr\u00e9g h\u00e1rom \u00faj szegmens\u00e9t t\u00e1rta fel a hazai 15-35 \u00e9v k\u00f6z\u00f6tti, \u00fan. NEET (Not in Education, Employment or Training) fiataloknak: a j\u00e1rv\u00e1ny el\u0151tti csoportokat \u00edgy m\u00e1r a szolg\u00e1ltat\u00f3 szektorb\u00f3l kiesett fiatalok, a k\u00fclf\u00f6ldr\u0151l hazat\u00e9r\u0151k \u00e9s a j\u00e1rv\u00e1ny miatt \u00e1ll\u00e1skeres\u0151 poz\u00edci\u00f3ban ragadt p\u00e1lyakezd\u0151k is b\u0151v\u00edtik. A kutat\u00e1s egy \u00fan. vesz\u00e9lyeztetetts\u00e9gi h\u00e1l\u00f3 seg\u00edts\u00e9g\u00e9vel kategoriz\u00e1lta be a k\u00fcl\u00f6nb\u00f6z\u0151 NEET csoportokat, ahol egy \u00e1ll\u00e1skeres\u0151 kor\u00e1bbi tapasztalatai \u00e9s motiv\u00e1ci\u00f3s szintje hat\u00e1rozza meg, milyen es\u00e9lyei vannak a munkaer\u0151piacon. Mivel a NEET fiatalok csoportja rendk\u00edv\u00fcl heterog\u00e9n, \u00edgy minden esetben m\u00e1s jelenti a seg\u00edts\u00e9get. A program \u00faj kutat\u00e1sa most egyid\u0151ben vizsg\u00e1lta azt, hogyan \u00e9rintette a j\u00e1rv\u00e1ny a megl\u00e9v\u0151 c\u00e9lcsoportokat, milyen \u00faj csoportokkal b\u0151v\u00fclt a NEET fiatalok k\u00f6re, \u00e9s mi jelenthet nekik legink\u00e1bb relev\u00e1ns seg\u00edts\u00e9get a j\u00e1rv\u00e1ny ut\u00e1n. M\u00edg a j\u00e1rv\u00e1ny egy\u00e9rtelm\u0171en a vend\u00e9gl\u00e1t\u00f3iparban, a sz\u00e1ll\u00edt\u00e1sban \u00e9s a m\u0171v\u00e9szeti ter\u00fcleteken dolgoz\u00f3kat \u00e9rintette a legrosszabbul, az \u00e9p\u00edt\u0151iparban \u00e9s az oktat\u00e1sban dolgoz\u00f3k sz\u00e1ma ezzel p\u00e1rhuzamosan n\u0151tt. A kiesett fiatalok egy r\u00e9sz\u00e9t alkalmazt\u00e1k a munkaer\u0151hi\u00e1nnyal k\u00fczd\u0151 \u00e1gazatok, a t\u00f6bbiek viszont jelenleg a NEET szegmens \u00faj, \u00e1ll\u00e1skeres\u0151 csoportj\u00e1t k\u00e9pezik. A kutat\u00e1s azonban azt is felt\u00e1rta, hogy ezek a fiatalok sok esetben k\u00e9nyszerb\u0151l vagy a lehet\u0151s\u00e9gek hi\u00e1nya miatt dolgoztak a szolg\u00e1ltat\u00f3 szektorban. A megk\u00e9rdezettek egy r\u00e9sz\u00e9nek j\u00f3 lehet\u0151s\u00e9g lehet a j\u00e1rv\u00e1ny ut\u00e1ni \u00fajrakezd\u00e9s arra, hogy jobban felm\u00e9rj\u00e9k saj\u00e1t k\u00e9szs\u00e9geiket, ig\u00e9nyeiket \u00e9s k\u00f6zelebb ker\u00fclhessenek a sz\u00e1mukra legink\u00e1bb alkalmas munk\u00e1hoz, vagy egy \u00faj munkahely mellett tanulni kezdjenek olyan ter\u00fcleteken, amelyek kor\u00e1bban vonz\u00f3k voltak sz\u00e1mukra . B\u00e1r sok esetben egyik napr\u00f3l a m\u00e1sikra vesztett\u00e9k el \u00e1ll\u00e1sukat \u00e9s d\u00f6nt\u00f6ttek a hazak\u00f6lt\u00f6z\u00e9s mellett, a legkev\u00e9sb\u00e9 vesz\u00e9lyeztetett poz\u00edci\u00f3ban m\u00e9gis a k\u00fclf\u00f6ldr\u0151l hazat\u00e9r\u0151 fiatalok vannak. Egyr\u00e9szt a k\u00fclf\u00f6ld\u00f6n szerzett tapasztalataik az el\u0151ny\u00fckre v\u00e1lnak itthon is, m\u00e1sr\u00e9szt t\u0151l\u00fck nem idegen az \u00fajrakezd\u00e9s \u00e9lm\u00e9nye, \u00edgy sok esetben b\u00e1trabban mernek belev\u00e1gni egy \u00faj szakm\u00e1ba is. A kutat\u00e1sban megk\u00e9rdezett alanyok t\u00f6rt\u00e9neteib\u0151l az is kider\u00fclt: sokan hazat\u00e9r\u00e9s ut\u00e1n kezdtek el p\u00e1lyav\u00e1lt\u00e1son vagy saj\u00e1t v\u00e1llalkoz\u00e1s ind\u00edt\u00e1s\u00e1n gondolkodni. Vesz\u00e9lyeztetetts\u00e9g szempontj\u00e1b\u00f3l \u0151k \u00e1llnak a legrosszabb helyen: m\u00e1r fiatalon hossz\u00fa t\u00e1v\u00fa munkan\u00e9lk\u00fclis\u00e9gben ragadtak, nehezen tudnak elindulni. Besz\u0171k\u00fclt munkaer\u0151piacon, ki\u00e9lezett versenyben kell munk\u00e1t tal\u00e1lniuk, \u00e9s h\u00e1tr\u00e1nyt jelent sz\u00e1mukra a tapasztalat hi\u00e1nya is. Az elny\u00fal\u00f3 munkakeres\u00e9s, a bez\u00e1rts\u00e1g \u00e9s elbizonytalanod\u00e1s pedig tov\u00e1bb n\u00f6veli az es\u00e9ly\u00e9t annak, hogy motiv\u00e1ci\u00f3t vesztenek. Tov\u00e1bbi h\u00e1tr\u00e1nyt jelenthet, hogy a j\u00e1rv\u00e1ny sok esetben a p\u00e1lyaorient\u00e1ci\u00f3s \u00e9s p\u00e1lyav\u00e1laszt\u00e1si szolg\u00e1ltat\u00e1sok m\u0171k\u00f6d\u00e9s\u00e9t is korl\u00e1tozta.<\/p>\n<p>Forr\u00e1s: penzcentrum.hu<\/p>\n","protected":false},"excerpt":{"rendered":"<p>Rossz hat\u00e1ssal volt a j\u00e1rv\u00e1ny a munkaer\u0151piacon l\u00e9v\u0151 fiatalokra. A KSH okt\u00f3ber v\u00e9gi adatai alapj\u00e1n b\u00e1r a teljes lakoss\u00e1g k\u00f6r\u00e9ben a tavalyi szinthez k\u00e9pest cs\u00f6kkent a munkan\u00e9lk\u00fclis\u00e9g, a fiatalok k\u00f6r\u00e9ben romlottak a mutat\u00f3k. A p\u00e1lyakezd\u0151k, friss v\u00e9gz\u0151s\u00f6k k\u00f6r\u00e9ben sokan nehezen tal\u00e1lj\u00e1k a hely\u00fcket a munkaer\u0151piacon, ezzel egyid\u0151ben viszont sz\u00e1mos ter\u00fclet k\u00fczd jelent\u0151s munkaer\u0151hi\u00e1nnyal. Ezt t\u00e1masztja [&hellip;]<\/p>\n","protected":false},"author":1,"featured_media":4607,"comment_status":"open","ping_status":"open","sticky":false,"template":"","format":"standard","meta":{"_monsterinsights_skip_tracking":false,"footnotes":""},"categories":[200],"tags":[],"class_list":["post-5248","post","type-post","status-publish","format-standard","has-post-thumbnail","hentry","category-munkaeropiac"],"aioseo_notices":[],"aioseo_head":"\n\t\t<!-- All in One SEO 5.0.0.1 - aioseo.com -->\n\t<meta name=\"description\" content=\"Rossz hat\u00e1ssal volt a j\u00e1rv\u00e1ny a munkaer\u0151piacon l\u00e9v\u0151 fiatalokra. A KSH okt\u00f3ber v\u00e9gi adatai alapj\u00e1n b\u00e1r a teljes lakoss\u00e1g k\u00f6r\u00e9ben a tavalyi szinthez k\u00e9pest cs\u00f6kkent a munkan\u00e9lk\u00fclis\u00e9g, a fiatalok k\u00f6r\u00e9ben romlottak a mutat\u00f3k. A p\u00e1lyakezd\u0151k, friss v\u00e9gz\u0151s\u00f6k k\u00f6r\u00e9ben sokan nehezen tal\u00e1lj\u00e1k a hely\u00fcket a munkaer\u0151piacon, ezzel egyid\u0151ben viszont sz\u00e1mos ter\u00fclet k\u00fczd jelent\u0151s munkaer\u0151hi\u00e1nnyal. Ezt t\u00e1masztja\" \/>\n\t<meta name=\"robots\" content=\"max-image-preview:large\" \/>\n\t<meta name=\"author\" content=\"Juh\u00e1sz P\u00e9ter\"\/>\n\t<link rel=\"canonical\" href=\"https:\/\/allasorias.hu\/hirek\/a-pandemia-hatasa-a-fiatal-munkaerore\/\" \/>\n\t<meta name=\"generator\" content=\"All in One SEO (AIOSEO) 5.0.0.1\" \/>\n\t\t<meta property=\"og:locale\" content=\"hu_HU\" \/>\n\t\t<meta property=\"og:site_name\" content=\"AllasOrias.hu | H\u00edrek-lapszemle | \u00dczleti h\u00edrek az \u00e1ll\u00e1s \u00e9s a munka vil\u00e1g\u00e1b\u00f3l\" \/>\n\t\t<meta property=\"og:type\" content=\"article\" \/>\n\t\t<meta property=\"og:title\" content=\"A pand\u00e9mia hat\u00e1sa a fiatal munkaer\u0151re | AllasOrias.hu | H\u00edrek-lapszemle\" \/>\n\t\t<meta property=\"og:description\" content=\"Rossz hat\u00e1ssal volt a j\u00e1rv\u00e1ny a munkaer\u0151piacon l\u00e9v\u0151 fiatalokra. A KSH okt\u00f3ber v\u00e9gi adatai alapj\u00e1n b\u00e1r a teljes lakoss\u00e1g k\u00f6r\u00e9ben a tavalyi szinthez k\u00e9pest cs\u00f6kkent a munkan\u00e9lk\u00fclis\u00e9g, a fiatalok k\u00f6r\u00e9ben romlottak a mutat\u00f3k. A p\u00e1lyakezd\u0151k, friss v\u00e9gz\u0151s\u00f6k k\u00f6r\u00e9ben sokan nehezen tal\u00e1lj\u00e1k a hely\u00fcket a munkaer\u0151piacon, ezzel egyid\u0151ben viszont sz\u00e1mos ter\u00fclet k\u00fczd jelent\u0151s munkaer\u0151hi\u00e1nnyal. Ezt t\u00e1masztja\" \/>\n\t\t<meta property=\"og:url\" content=\"https:\/\/allasorias.hu\/hirek\/a-pandemia-hatasa-a-fiatal-munkaerore\/\" \/>\n\t\t<meta property=\"og:image\" content=\"https:\/\/allasorias.hu\/hirek\/wp-content\/uploads\/2021\/02\/office-new-normal-men-wearing-medical-mask-covid-19.jpg\" \/>\n\t\t<meta property=\"og:image:secure_url\" content=\"https:\/\/allasorias.hu\/hirek\/wp-content\/uploads\/2021\/02\/office-new-normal-men-wearing-medical-mask-covid-19.jpg\" \/>\n\t\t<meta property=\"og:image:width\" content=\"1920\" \/>\n\t\t<meta property=\"og:image:height\" content=\"1281\" \/>\n\t\t<meta property=\"article:published_time\" content=\"2021-12-10T08:23:49+00:00\" \/>\n\t\t<meta property=\"article:modified_time\" content=\"2021-12-10T08:23:49+00:00\" \/>\n\t\t<meta property=\"article:publisher\" content=\"https:\/\/www.facebook.com\/allasorias\" \/>\n\t\t<meta name=\"twitter:card\" content=\"summary_large_image\" \/>\n\t\t<meta name=\"twitter:title\" content=\"A pand\u00e9mia hat\u00e1sa a fiatal munkaer\u0151re | AllasOrias.hu | H\u00edrek-lapszemle\" \/>\n\t\t<meta name=\"twitter:description\" content=\"Rossz hat\u00e1ssal volt a j\u00e1rv\u00e1ny a munkaer\u0151piacon l\u00e9v\u0151 fiatalokra. A KSH okt\u00f3ber v\u00e9gi adatai alapj\u00e1n b\u00e1r a teljes lakoss\u00e1g k\u00f6r\u00e9ben a tavalyi szinthez k\u00e9pest cs\u00f6kkent a munkan\u00e9lk\u00fclis\u00e9g, a fiatalok k\u00f6r\u00e9ben romlottak a mutat\u00f3k. A p\u00e1lyakezd\u0151k, friss v\u00e9gz\u0151s\u00f6k k\u00f6r\u00e9ben sokan nehezen tal\u00e1lj\u00e1k a hely\u00fcket a munkaer\u0151piacon, ezzel egyid\u0151ben viszont sz\u00e1mos ter\u00fclet k\u00fczd jelent\u0151s munkaer\u0151hi\u00e1nnyal. Ezt t\u00e1masztja\" \/>\n\t\t<meta name=\"twitter:image\" content=\"https:\/\/allasorias.hu\/hirek\/wp-content\/uploads\/2021\/02\/office-new-normal-men-wearing-medical-mask-covid-19.jpg\" \/>\n\t\t<meta name=\"twitter:label1\" content=\"Written by\" \/>\n\t\t<meta name=\"twitter:data1\" content=\"Juh\u00e1sz P\u00e9ter\" \/>\n\t\t<meta name=\"twitter:label2\" content=\"Est. reading time\" \/>\n\t\t<meta name=\"twitter:data2\" content=\"4 minutes\" \/>\n\t\t<script type=\"application\/ld+json\" class=\"aioseo-schema\">\n\t\t\t{\"@context\":\"https:\\\/\\\/schema.org\",\"@graph\":[{\"@type\":\"Article\",\"@id\":\"https:\\\/\\\/allasorias.hu\\\/hirek\\\/a-pandemia-hatasa-a-fiatal-munkaerore\\\/#article\",\"name\":\"A pand\\u00e9mia hat\\u00e1sa a fiatal munkaer\\u0151re | AllasOrias.hu | H\\u00edrek-lapszemle\",\"headline\":\"A pand\\u00e9mia hat\\u00e1sa a fiatal munkaer\\u0151re\",\"author\":{\"@id\":\"https:\\\/\\\/allasorias.hu\\\/hirek\\\/author\\\/admin-allasorias\\\/#author\"},\"publisher\":{\"@id\":\"https:\\\/\\\/allasorias.hu\\\/hirek\\\/#organization\"},\"image\":{\"@type\":\"ImageObject\",\"url\":\"https:\\\/\\\/allasorias.hu\\\/hirek\\\/wp-content\\\/uploads\\\/2021\\\/02\\\/office-new-normal-men-wearing-medical-mask-covid-19.jpg\",\"width\":1920,\"height\":1281,\"caption\":\"Office in new normal, men wearing medical mask covid 19\"},\"datePublished\":\"2021-12-10T08:23:49+02:00\",\"dateModified\":\"2021-12-10T08:23:49+02:00\",\"inLanguage\":\"hu-HU\",\"mainEntityOfPage\":{\"@id\":\"https:\\\/\\\/allasorias.hu\\\/hirek\\\/a-pandemia-hatasa-a-fiatal-munkaerore\\\/#webpage\"},\"isPartOf\":{\"@id\":\"https:\\\/\\\/allasorias.hu\\\/hirek\\\/a-pandemia-hatasa-a-fiatal-munkaerore\\\/#webpage\"},\"articleSection\":\"Munkaer\\u0151piac\"},{\"@type\":\"BreadcrumbList\",\"@id\":\"https:\\\/\\\/allasorias.hu\\\/hirek\\\/a-pandemia-hatasa-a-fiatal-munkaerore\\\/#breadcrumblist\",\"itemListElement\":[{\"@type\":\"ListItem\",\"@id\":\"https:\\\/\\\/allasorias.hu\\\/hirek#listItem\",\"position\":1,\"name\":\"Home\",\"item\":\"https:\\\/\\\/allasorias.hu\\\/hirek\",\"nextItem\":{\"@type\":\"ListItem\",\"@id\":\"https:\\\/\\\/allasorias.hu\\\/hirek\\\/temak\\\/munkaeropiac\\\/#listItem\",\"name\":\"Munkaer\\u0151piac\"}},{\"@type\":\"ListItem\",\"@id\":\"https:\\\/\\\/allasorias.hu\\\/hirek\\\/temak\\\/munkaeropiac\\\/#listItem\",\"position\":2,\"name\":\"Munkaer\\u0151piac\",\"item\":\"https:\\\/\\\/allasorias.hu\\\/hirek\\\/temak\\\/munkaeropiac\\\/\",\"nextItem\":{\"@type\":\"ListItem\",\"@id\":\"https:\\\/\\\/allasorias.hu\\\/hirek\\\/a-pandemia-hatasa-a-fiatal-munkaerore\\\/#listItem\",\"name\":\"A pand\\u00e9mia hat\\u00e1sa a fiatal munkaer\\u0151re\"},\"previousItem\":{\"@type\":\"ListItem\",\"@id\":\"https:\\\/\\\/allasorias.hu\\\/hirek#listItem\",\"name\":\"Home\"}},{\"@type\":\"ListItem\",\"@id\":\"https:\\\/\\\/allasorias.hu\\\/hirek\\\/a-pandemia-hatasa-a-fiatal-munkaerore\\\/#listItem\",\"position\":3,\"name\":\"A pand\\u00e9mia hat\\u00e1sa a fiatal munkaer\\u0151re\",\"previousItem\":{\"@type\":\"ListItem\",\"@id\":\"https:\\\/\\\/allasorias.hu\\\/hirek\\\/temak\\\/munkaeropiac\\\/#listItem\",\"name\":\"Munkaer\\u0151piac\"}}]},{\"@type\":\"Organization\",\"@id\":\"https:\\\/\\\/allasorias.hu\\\/hirek\\\/#organization\",\"name\":\"AllasOrias.hu | H\\u00edrek-lapszemle\",\"description\":\"\\u00dczleti h\\u00edrek az \\u00e1ll\\u00e1s \\u00e9s a munka vil\\u00e1g\\u00e1b\\u00f3l\",\"url\":\"https:\\\/\\\/allasorias.hu\\\/hirek\\\/\",\"logo\":{\"@type\":\"ImageObject\",\"url\":\"https:\\\/\\\/allasorias.hu\\\/hirek\\\/wp-content\\\/uploads\\\/2022\\\/10\\\/allasorias_site_facebok_logo.png\",\"@id\":\"https:\\\/\\\/allasorias.hu\\\/hirek\\\/a-pandemia-hatasa-a-fiatal-munkaerore\\\/#organizationLogo\"},\"image\":{\"@id\":\"https:\\\/\\\/allasorias.hu\\\/hirek\\\/a-pandemia-hatasa-a-fiatal-munkaerore\\\/#organizationLogo\"},\"sameAs\":[\"https:\\\/\\\/www.facebook.com\\\/allasorias\",\"https:\\\/\\\/www.linkedin.com\\\/company\\\/allasorias\"]},{\"@type\":\"Person\",\"@id\":\"https:\\\/\\\/allasorias.hu\\\/hirek\\\/author\\\/admin-allasorias\\\/#author\",\"url\":\"https:\\\/\\\/allasorias.hu\\\/hirek\\\/author\\\/admin-allasorias\\\/\",\"name\":\"Juh\\u00e1sz P\\u00e9ter\",\"image\":{\"@type\":\"ImageObject\",\"@id\":\"https:\\\/\\\/allasorias.hu\\\/hirek\\\/a-pandemia-hatasa-a-fiatal-munkaerore\\\/#authorImage\",\"url\":\"https:\\\/\\\/secure.gravatar.com\\\/avatar\\\/36e6bcb83148978b992977cb0f54d22feb0cce8a0a849a9410532bb2623ba4c6?s=96&d=mm&r=g\",\"width\":96,\"height\":96,\"caption\":\"Juh\\u00e1sz P\\u00e9ter\"}},{\"@type\":\"WebPage\",\"@id\":\"https:\\\/\\\/allasorias.hu\\\/hirek\\\/a-pandemia-hatasa-a-fiatal-munkaerore\\\/#webpage\",\"url\":\"https:\\\/\\\/allasorias.hu\\\/hirek\\\/a-pandemia-hatasa-a-fiatal-munkaerore\\\/\",\"name\":\"A pand\\u00e9mia hat\\u00e1sa a fiatal munkaer\\u0151re | AllasOrias.hu | H\\u00edrek-lapszemle\",\"description\":\"Rossz hat\\u00e1ssal volt a j\\u00e1rv\\u00e1ny a munkaer\\u0151piacon l\\u00e9v\\u0151 fiatalokra. A KSH okt\\u00f3ber v\\u00e9gi adatai alapj\\u00e1n b\\u00e1r a teljes lakoss\\u00e1g k\\u00f6r\\u00e9ben a tavalyi szinthez k\\u00e9pest cs\\u00f6kkent a munkan\\u00e9lk\\u00fclis\\u00e9g, a fiatalok k\\u00f6r\\u00e9ben romlottak a mutat\\u00f3k. A p\\u00e1lyakezd\\u0151k, friss v\\u00e9gz\\u0151s\\u00f6k k\\u00f6r\\u00e9ben sokan nehezen tal\\u00e1lj\\u00e1k a hely\\u00fcket a munkaer\\u0151piacon, ezzel egyid\\u0151ben viszont sz\\u00e1mos ter\\u00fclet k\\u00fczd jelent\\u0151s munkaer\\u0151hi\\u00e1nnyal. Ezt t\\u00e1masztja\",\"inLanguage\":\"hu-HU\",\"isPartOf\":{\"@id\":\"https:\\\/\\\/allasorias.hu\\\/hirek\\\/#website\"},\"breadcrumb\":{\"@id\":\"https:\\\/\\\/allasorias.hu\\\/hirek\\\/a-pandemia-hatasa-a-fiatal-munkaerore\\\/#breadcrumblist\"},\"author\":{\"@id\":\"https:\\\/\\\/allasorias.hu\\\/hirek\\\/author\\\/admin-allasorias\\\/#author\"},\"creator\":{\"@id\":\"https:\\\/\\\/allasorias.hu\\\/hirek\\\/author\\\/admin-allasorias\\\/#author\"},\"image\":{\"@type\":\"ImageObject\",\"url\":\"https:\\\/\\\/allasorias.hu\\\/hirek\\\/wp-content\\\/uploads\\\/2021\\\/02\\\/office-new-normal-men-wearing-medical-mask-covid-19.jpg\",\"@id\":\"https:\\\/\\\/allasorias.hu\\\/hirek\\\/a-pandemia-hatasa-a-fiatal-munkaerore\\\/#mainImage\",\"width\":1920,\"height\":1281,\"caption\":\"Office in new normal, men wearing medical mask covid 19\"},\"primaryImageOfPage\":{\"@id\":\"https:\\\/\\\/allasorias.hu\\\/hirek\\\/a-pandemia-hatasa-a-fiatal-munkaerore\\\/#mainImage\"},\"datePublished\":\"2021-12-10T08:23:49+02:00\",\"dateModified\":\"2021-12-10T08:23:49+02:00\"},{\"@type\":\"WebSite\",\"@id\":\"https:\\\/\\\/allasorias.hu\\\/hirek\\\/#website\",\"url\":\"https:\\\/\\\/allasorias.hu\\\/hirek\\\/\",\"name\":\"AllasOrias.hu | H\\u00edrek-lapszemle\",\"description\":\"\\u00dczleti h\\u00edrek az \\u00e1ll\\u00e1s \\u00e9s a munka vil\\u00e1g\\u00e1b\\u00f3l\",\"inLanguage\":\"hu-HU\",\"publisher\":{\"@id\":\"https:\\\/\\\/allasorias.hu\\\/hirek\\\/#organization\"}}]}\n\t\t<\/script>\n\t\t<!-- All in One SEO -->\n\n","aioseo_head_json":{"title":"A pand\u00e9mia hat\u00e1sa a fiatal munkaer\u0151re | AllasOrias.hu | H\u00edrek-lapszemle","description":"Rossz hat\u00e1ssal volt a j\u00e1rv\u00e1ny a munkaer\u0151piacon l\u00e9v\u0151 fiatalokra. A KSH okt\u00f3ber v\u00e9gi adatai alapj\u00e1n b\u00e1r a teljes lakoss\u00e1g k\u00f6r\u00e9ben a tavalyi szinthez k\u00e9pest cs\u00f6kkent a munkan\u00e9lk\u00fclis\u00e9g, a fiatalok k\u00f6r\u00e9ben romlottak a mutat\u00f3k. A p\u00e1lyakezd\u0151k, friss v\u00e9gz\u0151s\u00f6k k\u00f6r\u00e9ben sokan nehezen tal\u00e1lj\u00e1k a hely\u00fcket a munkaer\u0151piacon, ezzel egyid\u0151ben viszont sz\u00e1mos ter\u00fclet k\u00fczd jelent\u0151s munkaer\u0151hi\u00e1nnyal. Ezt t\u00e1masztja","canonical_url":"https:\/\/allasorias.hu\/hirek\/a-pandemia-hatasa-a-fiatal-munkaerore\/","robots":"max-image-preview:large","keywords":"","webmasterTools":{"miscellaneous":""},"schema":{"@context":"https:\/\/schema.org","@graph":[{"@type":"Article","@id":"https:\/\/allasorias.hu\/hirek\/a-pandemia-hatasa-a-fiatal-munkaerore\/#article","name":"A pand\u00e9mia hat\u00e1sa a fiatal munkaer\u0151re | AllasOrias.hu | H\u00edrek-lapszemle","headline":"A pand\u00e9mia hat\u00e1sa a fiatal munkaer\u0151re","author":{"@id":"https:\/\/allasorias.hu\/hirek\/author\/admin-allasorias\/#author"},"publisher":{"@id":"https:\/\/allasorias.hu\/hirek\/#organization"},"image":{"@type":"ImageObject","url":"https:\/\/allasorias.hu\/hirek\/wp-content\/uploads\/2021\/02\/office-new-normal-men-wearing-medical-mask-covid-19.jpg","width":1920,"height":1281,"caption":"Office in new normal, men wearing medical mask covid 19"},"datePublished":"2021-12-10T08:23:49+02:00","dateModified":"2021-12-10T08:23:49+02:00","inLanguage":"hu-HU","mainEntityOfPage":{"@id":"https:\/\/allasorias.hu\/hirek\/a-pandemia-hatasa-a-fiatal-munkaerore\/#webpage"},"isPartOf":{"@id":"https:\/\/allasorias.hu\/hirek\/a-pandemia-hatasa-a-fiatal-munkaerore\/#webpage"},"articleSection":"Munkaer\u0151piac"},{"@type":"BreadcrumbList","@id":"https:\/\/allasorias.hu\/hirek\/a-pandemia-hatasa-a-fiatal-munkaerore\/#breadcrumblist","itemListElement":[{"@type":"ListItem","@id":"https:\/\/allasorias.hu\/hirek#listItem","position":1,"name":"Home","item":"https:\/\/allasorias.hu\/hirek","nextItem":{"@type":"ListItem","@id":"https:\/\/allasorias.hu\/hirek\/temak\/munkaeropiac\/#listItem","name":"Munkaer\u0151piac"}},{"@type":"ListItem","@id":"https:\/\/allasorias.hu\/hirek\/temak\/munkaeropiac\/#listItem","position":2,"name":"Munkaer\u0151piac","item":"https:\/\/allasorias.hu\/hirek\/temak\/munkaeropiac\/","nextItem":{"@type":"ListItem","@id":"https:\/\/allasorias.hu\/hirek\/a-pandemia-hatasa-a-fiatal-munkaerore\/#listItem","name":"A pand\u00e9mia hat\u00e1sa a fiatal munkaer\u0151re"},"previousItem":{"@type":"ListItem","@id":"https:\/\/allasorias.hu\/hirek#listItem","name":"Home"}},{"@type":"ListItem","@id":"https:\/\/allasorias.hu\/hirek\/a-pandemia-hatasa-a-fiatal-munkaerore\/#listItem","position":3,"name":"A pand\u00e9mia hat\u00e1sa a fiatal munkaer\u0151re","previousItem":{"@type":"ListItem","@id":"https:\/\/allasorias.hu\/hirek\/temak\/munkaeropiac\/#listItem","name":"Munkaer\u0151piac"}}]},{"@type":"Organization","@id":"https:\/\/allasorias.hu\/hirek\/#organization","name":"AllasOrias.hu | H\u00edrek-lapszemle","description":"\u00dczleti h\u00edrek az \u00e1ll\u00e1s \u00e9s a munka vil\u00e1g\u00e1b\u00f3l","url":"https:\/\/allasorias.hu\/hirek\/","logo":{"@type":"ImageObject","url":"https:\/\/allasorias.hu\/hirek\/wp-content\/uploads\/2022\/10\/allasorias_site_facebok_logo.png","@id":"https:\/\/allasorias.hu\/hirek\/a-pandemia-hatasa-a-fiatal-munkaerore\/#organizationLogo"},"image":{"@id":"https:\/\/allasorias.hu\/hirek\/a-pandemia-hatasa-a-fiatal-munkaerore\/#organizationLogo"},"sameAs":["https:\/\/www.facebook.com\/allasorias","https:\/\/www.linkedin.com\/company\/allasorias"]},{"@type":"Person","@id":"https:\/\/allasorias.hu\/hirek\/author\/admin-allasorias\/#author","url":"https:\/\/allasorias.hu\/hirek\/author\/admin-allasorias\/","name":"Juh\u00e1sz P\u00e9ter","image":{"@type":"ImageObject","@id":"https:\/\/allasorias.hu\/hirek\/a-pandemia-hatasa-a-fiatal-munkaerore\/#authorImage","url":"https:\/\/secure.gravatar.com\/avatar\/36e6bcb83148978b992977cb0f54d22feb0cce8a0a849a9410532bb2623ba4c6?s=96&d=mm&r=g","width":96,"height":96,"caption":"Juh\u00e1sz P\u00e9ter"}},{"@type":"WebPage","@id":"https:\/\/allasorias.hu\/hirek\/a-pandemia-hatasa-a-fiatal-munkaerore\/#webpage","url":"https:\/\/allasorias.hu\/hirek\/a-pandemia-hatasa-a-fiatal-munkaerore\/","name":"A pand\u00e9mia hat\u00e1sa a fiatal munkaer\u0151re | AllasOrias.hu | H\u00edrek-lapszemle","description":"Rossz hat\u00e1ssal volt a j\u00e1rv\u00e1ny a munkaer\u0151piacon l\u00e9v\u0151 fiatalokra. A KSH okt\u00f3ber v\u00e9gi adatai alapj\u00e1n b\u00e1r a teljes lakoss\u00e1g k\u00f6r\u00e9ben a tavalyi szinthez k\u00e9pest cs\u00f6kkent a munkan\u00e9lk\u00fclis\u00e9g, a fiatalok k\u00f6r\u00e9ben romlottak a mutat\u00f3k. A p\u00e1lyakezd\u0151k, friss v\u00e9gz\u0151s\u00f6k k\u00f6r\u00e9ben sokan nehezen tal\u00e1lj\u00e1k a hely\u00fcket a munkaer\u0151piacon, ezzel egyid\u0151ben viszont sz\u00e1mos ter\u00fclet k\u00fczd jelent\u0151s munkaer\u0151hi\u00e1nnyal. Ezt t\u00e1masztja","inLanguage":"hu-HU","isPartOf":{"@id":"https:\/\/allasorias.hu\/hirek\/#website"},"breadcrumb":{"@id":"https:\/\/allasorias.hu\/hirek\/a-pandemia-hatasa-a-fiatal-munkaerore\/#breadcrumblist"},"author":{"@id":"https:\/\/allasorias.hu\/hirek\/author\/admin-allasorias\/#author"},"creator":{"@id":"https:\/\/allasorias.hu\/hirek\/author\/admin-allasorias\/#author"},"image":{"@type":"ImageObject","url":"https:\/\/allasorias.hu\/hirek\/wp-content\/uploads\/2021\/02\/office-new-normal-men-wearing-medical-mask-covid-19.jpg","@id":"https:\/\/allasorias.hu\/hirek\/a-pandemia-hatasa-a-fiatal-munkaerore\/#mainImage","width":1920,"height":1281,"caption":"Office in new normal, men wearing medical mask covid 19"},"primaryImageOfPage":{"@id":"https:\/\/allasorias.hu\/hirek\/a-pandemia-hatasa-a-fiatal-munkaerore\/#mainImage"},"datePublished":"2021-12-10T08:23:49+02:00","dateModified":"2021-12-10T08:23:49+02:00"},{"@type":"WebSite","@id":"https:\/\/allasorias.hu\/hirek\/#website","url":"https:\/\/allasorias.hu\/hirek\/","name":"AllasOrias.hu | H\u00edrek-lapszemle","description":"\u00dczleti h\u00edrek az \u00e1ll\u00e1s \u00e9s a munka vil\u00e1g\u00e1b\u00f3l","inLanguage":"hu-HU","publisher":{"@id":"https:\/\/allasorias.hu\/hirek\/#organization"}}]},"og:locale":"hu_HU","og:site_name":"AllasOrias.hu | H\u00edrek-lapszemle | \u00dczleti h\u00edrek az \u00e1ll\u00e1s \u00e9s a munka vil\u00e1g\u00e1b\u00f3l","og:type":"article","og:title":"A pand\u00e9mia hat\u00e1sa a fiatal munkaer\u0151re | AllasOrias.hu | H\u00edrek-lapszemle","og:description":"Rossz hat\u00e1ssal volt a j\u00e1rv\u00e1ny a munkaer\u0151piacon l\u00e9v\u0151 fiatalokra. A KSH okt\u00f3ber v\u00e9gi adatai alapj\u00e1n b\u00e1r a teljes lakoss\u00e1g k\u00f6r\u00e9ben a tavalyi szinthez k\u00e9pest cs\u00f6kkent a munkan\u00e9lk\u00fclis\u00e9g, a fiatalok k\u00f6r\u00e9ben romlottak a mutat\u00f3k. A p\u00e1lyakezd\u0151k, friss v\u00e9gz\u0151s\u00f6k k\u00f6r\u00e9ben sokan nehezen tal\u00e1lj\u00e1k a hely\u00fcket a munkaer\u0151piacon, ezzel egyid\u0151ben viszont sz\u00e1mos ter\u00fclet k\u00fczd jelent\u0151s munkaer\u0151hi\u00e1nnyal. Ezt t\u00e1masztja","og:url":"https:\/\/allasorias.hu\/hirek\/a-pandemia-hatasa-a-fiatal-munkaerore\/","og:image":"https:\/\/allasorias.hu\/hirek\/wp-content\/uploads\/2021\/02\/office-new-normal-men-wearing-medical-mask-covid-19.jpg","og:image:secure_url":"https:\/\/allasorias.hu\/hirek\/wp-content\/uploads\/2021\/02\/office-new-normal-men-wearing-medical-mask-covid-19.jpg","og:image:width":1920,"og:image:height":1281,"article:published_time":"2021-12-10T08:23:49+00:00","article:modified_time":"2021-12-10T08:23:49+00:00","article:publisher":"https:\/\/www.facebook.com\/allasorias","twitter:card":"summary_large_image","twitter:title":"A pand\u00e9mia hat\u00e1sa a fiatal munkaer\u0151re | AllasOrias.hu | H\u00edrek-lapszemle","twitter:description":"Rossz hat\u00e1ssal volt a j\u00e1rv\u00e1ny a munkaer\u0151piacon l\u00e9v\u0151 fiatalokra. A KSH okt\u00f3ber v\u00e9gi adatai alapj\u00e1n b\u00e1r a teljes lakoss\u00e1g k\u00f6r\u00e9ben a tavalyi szinthez k\u00e9pest cs\u00f6kkent a munkan\u00e9lk\u00fclis\u00e9g, a fiatalok k\u00f6r\u00e9ben romlottak a mutat\u00f3k. A p\u00e1lyakezd\u0151k, friss v\u00e9gz\u0151s\u00f6k k\u00f6r\u00e9ben sokan nehezen tal\u00e1lj\u00e1k a hely\u00fcket a munkaer\u0151piacon, ezzel egyid\u0151ben viszont sz\u00e1mos ter\u00fclet k\u00fczd jelent\u0151s munkaer\u0151hi\u00e1nnyal. Ezt t\u00e1masztja","twitter:image":"https:\/\/allasorias.hu\/hirek\/wp-content\/uploads\/2021\/02\/office-new-normal-men-wearing-medical-mask-covid-19.jpg","twitter:label1":"Written by","twitter:data1":"Juh\u00e1sz P\u00e9ter","twitter:label2":"Est. reading time","twitter:data2":"4 minutes"},"aioseo_meta_data":{"post_id":"5248","title":null,"description":null,"keywords":[],"keyphrases":{"focus":[],"additional":[]},"primary_term":null,"canonical_url":null,"og_title":null,"og_description":null,"og_object_type":"default","og_image_type":"default","og_image_url":null,"og_image_width":null,"og_image_height":null,"og_image_custom_url":null,"og_image_custom_fields":null,"og_video":"","og_custom_url":null,"og_article_section":null,"og_article_tags":[],"twitter_use_og":false,"twitter_card":"default","twitter_image_type":"default","twitter_image_url":null,"twitter_image_custom_url":null,"twitter_image_custom_fields":null,"twitter_title":null,"twitter_description":null,"schema":{"blockGraphs":[],"customGraphs":[],"default":{"data":{"Article":[],"Course":[],"Dataset":[],"FAQPage":[],"Movie":[],"Person":[],"Product":[],"ProductReview":[],"Car":[],"Recipe":[],"Service":[],"SoftwareApplication":[],"WebPage":[]},"graphName":"","isEnabled":true},"graphs":[],"defaultGraph":"Article","defaultPostTypeGraph":""},"schema_type":"default","schema_type_options":"{\"article\":{\"articleType\":\"BlogPosting\"},\"course\":{\"name\":\"\",\"description\":\"\",\"provider\":\"\"},\"faq\":{\"pages\":[]},\"product\":{\"reviews\":[]},\"recipe\":{\"ingredients\":[],\"instructions\":[],\"keywords\":[]},\"software\":{\"reviews\":[],\"operatingSystems\":[]},\"webPage\":{\"webPageType\":\"WebPage\"}}","pillar_content":false,"robots_default":true,"robots_noindex":false,"robots_noarchive":false,"robots_nosnippet":false,"robots_nofollow":false,"robots_noimageindex":false,"robots_noodp":false,"robots_notranslate":false,"robots_max_snippet":"-1","robots_max_videopreview":"-1","robots_max_imagepreview":"large","priority":null,"frequency":"default","location":null,"local_seo":{"locations":{"business":{"name":"","businessType":"","image":"","areaServed":"","urls":{"website":"","aboutPage":"","contactPage":""},"address":{"streetLine1":"","streetLine2":"","zipCode":"","city":"","state":"","country":"","addressFormat":"#streetLineOne\n#streetLineTwo\n#city, #state #zipCode"},"contact":{"email":"","phone":"","phoneFormatted":"","fax":"","faxFormatted":""},"ids":{"vat":"","tax":"","chamberOfCommerce":""},"payment":{"priceRange":"","currenciesAccepted":"","methods":""}}},"openingHours":{"useDefaults":true,"show":true,"alwaysOpen":false,"use24hFormat":false,"timezone":"","labels":{"closed":"","alwaysOpen":""},"days":{"monday":{"open24h":false,"closed":false,"openTime":"09:00","closeTime":"17:00"},"tuesday":{"open24h":false,"closed":false,"openTime":"09:00","closeTime":"17:00"},"wednesday":{"open24h":false,"closed":false,"openTime":"09:00","closeTime":"17:00"},"thursday":{"open24h":false,"closed":false,"openTime":"09:00","closeTime":"17:00"},"friday":{"open24h":false,"closed":false,"openTime":"09:00","closeTime":"17:00"},"saturday":{"open24h":false,"closed":false,"openTime":"09:00","closeTime":"17:00"},"sunday":{"open24h":false,"closed":false,"openTime":"09:00","closeTime":"17:00"}}}},"breadcrumb_settings":null,"limit_modified_date":false,"ai":null,"created":"2021-12-10 08:20:51","updated":"2025-10-02 16:31:43","seo_analyzer_scan_date":null,"focus_keyword":null,"additional_keywords":null,"truseo_locale":null},"aioseo_breadcrumb":"<div class=\"aioseo-breadcrumbs\"><span class=\"aioseo-breadcrumb\">\n\t\t\t<a href=\"https:\/\/allasorias.hu\/hirek\" title=\"Home\">Home<\/a>\n\t\t<\/span><span class=\"aioseo-breadcrumb-separator\">&raquo;<\/span><span class=\"aioseo-breadcrumb\">\n\t\t\t<a href=\"https:\/\/allasorias.hu\/hirek\/temak\/munkaeropiac\/\" title=\"Munkaer\u0151piac\">Munkaer\u0151piac<\/a>\n\t\t<\/span><span class=\"aioseo-breadcrumb-separator\">&raquo;<\/span><span class=\"aioseo-breadcrumb\">\n\t\t\tA pand\u00e9mia hat\u00e1sa a fiatal munkaer\u0151re\n\t\t<\/span><\/div>","aioseo_breadcrumb_json":[{"label":"Home","link":"https:\/\/allasorias.hu\/hirek"},{"label":"Munkaer\u0151piac","link":"https:\/\/allasorias.hu\/hirek\/temak\/munkaeropiac\/"},{"label":"A pand\u00e9mia hat\u00e1sa a fiatal munkaer\u0151re","link":"https:\/\/allasorias.hu\/hirek\/a-pandemia-hatasa-a-fiatal-munkaerore\/"}],"_links":{"self":[{"href":"https:\/\/allasorias.hu\/hirek\/wp-json\/wp\/v2\/posts\/5248","targetHints":{"allow":["GET"]}}],"collection":[{"href":"https:\/\/allasorias.hu\/hirek\/wp-json\/wp\/v2\/posts"}],"about":[{"href":"https:\/\/allasorias.hu\/hirek\/wp-json\/wp\/v2\/types\/post"}],"author":[{"embeddable":true,"href":"https:\/\/allasorias.hu\/hirek\/wp-json\/wp\/v2\/users\/1"}],"replies":[{"embeddable":true,"href":"https:\/\/allasorias.hu\/hirek\/wp-json\/wp\/v2\/comments?post=5248"}],"version-history":[{"count":1,"href":"https:\/\/allasorias.hu\/hirek\/wp-json\/wp\/v2\/posts\/5248\/revisions"}],"predecessor-version":[{"id":5249,"href":"https:\/\/allasorias.hu\/hirek\/wp-json\/wp\/v2\/posts\/5248\/revisions\/5249"}],"wp:featuredmedia":[{"embeddable":true,"href":"https:\/\/allasorias.hu\/hirek\/wp-json\/wp\/v2\/media\/4607"}],"wp:attachment":[{"href":"https:\/\/allasorias.hu\/hirek\/wp-json\/wp\/v2\/media?parent=5248"}],"wp:term":[{"taxonomy":"category","embeddable":true,"href":"https:\/\/allasorias.hu\/hirek\/wp-json\/wp\/v2\/categories?post=5248"},{"taxonomy":"post_tag","embeddable":true,"href":"https:\/\/allasorias.hu\/hirek\/wp-json\/wp\/v2\/tags?post=5248"}],"curies":[{"name":"wp","href":"https:\/\/api.w.org\/{rel}","templated":true}]}}