{"id":5230,"date":"2021-12-02T07:20:10","date_gmt":"2021-12-02T07:20:10","guid":{"rendered":"https:\/\/allasorias.hu\/hirek\/?p=5230"},"modified":"2021-12-02T07:20:10","modified_gmt":"2021-12-02T07:20:10","slug":"hozzank-jonnek-dolgozni-a-szlovakok","status":"publish","type":"post","link":"https:\/\/allasorias.hu\/hirek\/hozzank-jonnek-dolgozni-a-szlovakok\/","title":{"rendered":"Hozz\u00e1nk j\u00f6nnek dolgozni a szlov\u00e1kok"},"content":{"rendered":"<p><strong>Az elm\u00falt egy-k\u00e9t \u00e9vben a j\u00e1rv\u00e1ny miatt sok munkahely ideiglenesen vagy v\u00e9glegesen megsz\u0171nt Szlov\u00e1ki\u00e1ban. A hazai ipari fellegv\u00e1rakban a b\u00e9rek Magyarorsz\u00e1gon m\u00e1r magasabbak, mint szomsz\u00e9dunkn\u00e1l. Nem meglep\u0151, hogy munkaer\u0151piaci szak\u00e9rt\u0151k szerint egyre t\u00f6bben j\u00f6hetnek \u00e1t a j\u00f6v\u0151ben Szlov\u00e1ki\u00e1b\u00f3l Magyarorsz\u00e1gra dolgozni &#8211; ismerteti cs\u00fct\u00f6rt\u00f6ki sz\u00e1m\u00e1ban a Vil\u00e1ggazdas\u00e1g. <\/strong><\/p>\n<p>A nagy aut\u00f3ipari szerepl\u0151k voltak k\u00e9nytelenek felf\u00fcggeszteni a gy\u00e1rt\u00e1st szomsz\u00e9dunkn\u00e1l, emiatt sokan ker\u00fcltek k\u00e9nyszerhelyzetbe, akik a bizonytalans\u00e1g helyett ink\u00e1bb v\u00e1lasztj\u00e1k az ing\u00e1z\u00e1st Magyarorsz\u00e1gra, \u00e9s itt v\u00e1llalnak munk\u00e1t &#8211; mondta a Vil\u00e1ggazdas\u00e1gnak Juh\u00e1sz Csongor, a Prohuman munkaer\u0151-k\u00f6lcs\u00f6nz\u0151 v\u00e1llalat \u00fcgyvezet\u0151je.Az MTI a lap cikk\u00e9t id\u00e9zve azt \u00edrja: a hat\u00e1r menti r\u00e9gi\u00f3ban sz\u00e1mos nagy m\u00falt\u00fa, prosper\u00e1l\u00f3 v\u00e1llalat tal\u00e1lhat\u00f3, \u00e9s sok esetben egy ilyen magyarorsz\u00e1gi lok\u00e1ci\u00f3 kevesebb utaz\u00e1ssal j\u00e1rhat a hat\u00e1r t\u00faloldal\u00e1n \u00e9l\u0151k sz\u00e1m\u00e1ra. Ezekben az \u00fczemekben t\u00f6bbnyire a szlov\u00e1kiai b\u00e9rekhez viszony\u00edtva is versenyk\u00e9pes j\u00f6vedelmet, korrekt munkak\u00f6r\u00fclm\u00e9nyeket k\u00edn\u00e1lnak, \u00e9s vonz\u00f3 b\u00f3nusz- \u00e9s jutal\u00e9krendszerekkel v\u00e1rj\u00e1k a dolgoz\u00f3kat. Matheika Zolt\u00e1n, a Kopint-T\u00e1rki vezet\u0151 kutat\u00f3ja elmondta, hogy a szlov\u00e1k \u00e9s a magyar statisztikai hivatal legut\u00f3bbi adatai is azt mutatj\u00e1k, hogy ezekben a t\u00e9rs\u00e9gekben a magyarorsz\u00e1gi \u00e1tlagfizet\u00e9sek el\u00e9rt\u00e9k a szlov\u00e1k b\u00e9rszintet: m\u00edg Nyitra megy\u00e9ben 2021 m\u00e1sodik negyed\u00e9v\u00e9ben brutt\u00f3 988 eur\u00f3 volt az \u00e1tlagkereset, azaz nagyj\u00e1b\u00f3l nett\u00f3 750 eur\u00f3 \u2013 mintegy 262 ezer forint \u2013, addig a szomsz\u00e9dos Kom\u00e1rom-Esztergom megy\u00e9ben 270 ezer forint. Nagyszombat megy\u00e9ben az 1128 eur\u00f3s brutt\u00f3 \u00e1tlagb\u00e9r nett\u00f3ja 846 eur\u00f3, mintegy 296 ezer forint, ami nagys\u00e1grendileg azonos szintet k\u00e9pviselt Gy\u0151r- Moson-Sopron megye 303 ezer forintos nett\u00f3 \u00e9rt\u00e9k\u00e9vel. Seres Tam\u00e1s, a Hays Hungary Engineering &amp; Manufacturing csapatvezet\u0151je re\u00e1lisnak tartotta, hogy a b\u00e9remelked\u00e9sek hat\u00e1s\u00e1ra a szomsz\u00e9dos r\u00e9gi\u00f3kb\u00f3l \u00e1tj\u00f6jjenek szakemberek Magyarorsz\u00e1gra, amire a munkaer\u0151 szabad \u00e1raml\u00e1s\u00e1nak uni\u00f3s k\u00f6vetelm\u00e9nye is lehet\u0151s\u00e9get ny\u00fajt. Versenyk\u00e9pes fizet\u00e9sekkel a nyugati orsz\u00e1gr\u00e9szben is egyre gyakrabban lehet tal\u00e1lkozni, Gy\u0151r k\u00f6rny\u00e9k\u00e9n a p\u00e1lyakezd\u0151 m\u00e9rn\u00f6k\u00f6k gyakornoki tapasztalatt\u00f3l \u00e9s nyelvtud\u00e1st\u00f3l f\u00fcgg\u0151en brutt\u00f3 450\u2013550 ezer forint k\u00f6r\u00fcl sz\u00e1m\u00edthatnak aj\u00e1nlatokra, h\u00e1rom-\u00f6t \u00e9ves tapasztalat mellett pedig m\u00e1r 650\u2013850 ezer forint k\u00f6z\u00f6tt mozoghatnak az \u00e1ltal\u00e1nos b\u00e9rig\u00e9nyek.<\/p>\n<p>Forr\u00e1s: napi.hu<\/p>\n","protected":false},"excerpt":{"rendered":"<p>Az elm\u00falt egy-k\u00e9t \u00e9vben a j\u00e1rv\u00e1ny miatt sok munkahely ideiglenesen vagy v\u00e9glegesen megsz\u0171nt Szlov\u00e1ki\u00e1ban. A hazai ipari fellegv\u00e1rakban a b\u00e9rek Magyarorsz\u00e1gon m\u00e1r magasabbak, mint szomsz\u00e9dunkn\u00e1l. Nem meglep\u0151, hogy munkaer\u0151piaci szak\u00e9rt\u0151k szerint egyre t\u00f6bben j\u00f6hetnek \u00e1t a j\u00f6v\u0151ben Szlov\u00e1ki\u00e1b\u00f3l Magyarorsz\u00e1gra dolgozni &#8211; ismerteti cs\u00fct\u00f6rt\u00f6ki sz\u00e1m\u00e1ban a Vil\u00e1ggazdas\u00e1g. A nagy aut\u00f3ipari szerepl\u0151k voltak k\u00e9nytelenek felf\u00fcggeszteni a gy\u00e1rt\u00e1st [&hellip;]<\/p>\n","protected":false},"author":1,"featured_media":5231,"comment_status":"open","ping_status":"open","sticky":false,"template":"","format":"standard","meta":{"_monsterinsights_skip_tracking":false,"footnotes":""},"categories":[200],"tags":[],"class_list":["post-5230","post","type-post","status-publish","format-standard","has-post-thumbnail","hentry","category-munkaeropiac"],"aioseo_notices":[],"aioseo_head":"\n\t\t<!-- All in One SEO 5.0.0.1 - aioseo.com -->\n\t<meta name=\"description\" content=\"Az elm\u00falt egy-k\u00e9t \u00e9vben a j\u00e1rv\u00e1ny miatt sok munkahely ideiglenesen vagy v\u00e9glegesen megsz\u0171nt Szlov\u00e1ki\u00e1ban. A hazai ipari fellegv\u00e1rakban a b\u00e9rek Magyarorsz\u00e1gon m\u00e1r magasabbak, mint szomsz\u00e9dunkn\u00e1l. Nem meglep\u0151, hogy munkaer\u0151piaci szak\u00e9rt\u0151k szerint egyre t\u00f6bben j\u00f6hetnek \u00e1t a j\u00f6v\u0151ben Szlov\u00e1ki\u00e1b\u00f3l Magyarorsz\u00e1gra dolgozni - ismerteti cs\u00fct\u00f6rt\u00f6ki sz\u00e1m\u00e1ban a Vil\u00e1ggazdas\u00e1g. A nagy aut\u00f3ipari szerepl\u0151k voltak k\u00e9nytelenek felf\u00fcggeszteni a gy\u00e1rt\u00e1st\" \/>\n\t<meta name=\"robots\" content=\"max-image-preview:large\" \/>\n\t<meta name=\"author\" content=\"Juh\u00e1sz P\u00e9ter\"\/>\n\t<link rel=\"canonical\" href=\"https:\/\/allasorias.hu\/hirek\/hozzank-jonnek-dolgozni-a-szlovakok\/\" \/>\n\t<meta name=\"generator\" content=\"All in One SEO (AIOSEO) 5.0.0.1\" \/>\n\t\t<meta property=\"og:locale\" content=\"hu_HU\" \/>\n\t\t<meta property=\"og:site_name\" content=\"AllasOrias.hu | H\u00edrek-lapszemle | \u00dczleti h\u00edrek az \u00e1ll\u00e1s \u00e9s a munka vil\u00e1g\u00e1b\u00f3l\" \/>\n\t\t<meta property=\"og:type\" content=\"article\" \/>\n\t\t<meta property=\"og:title\" content=\"Hozz\u00e1nk j\u00f6nnek dolgozni a szlov\u00e1kok | AllasOrias.hu | H\u00edrek-lapszemle\" \/>\n\t\t<meta property=\"og:description\" content=\"Az elm\u00falt egy-k\u00e9t \u00e9vben a j\u00e1rv\u00e1ny miatt sok munkahely ideiglenesen vagy v\u00e9glegesen megsz\u0171nt Szlov\u00e1ki\u00e1ban. A hazai ipari fellegv\u00e1rakban a b\u00e9rek Magyarorsz\u00e1gon m\u00e1r magasabbak, mint szomsz\u00e9dunkn\u00e1l. Nem meglep\u0151, hogy munkaer\u0151piaci szak\u00e9rt\u0151k szerint egyre t\u00f6bben j\u00f6hetnek \u00e1t a j\u00f6v\u0151ben Szlov\u00e1ki\u00e1b\u00f3l Magyarorsz\u00e1gra dolgozni - ismerteti cs\u00fct\u00f6rt\u00f6ki sz\u00e1m\u00e1ban a Vil\u00e1ggazdas\u00e1g. A nagy aut\u00f3ipari szerepl\u0151k voltak k\u00e9nytelenek felf\u00fcggeszteni a gy\u00e1rt\u00e1st\" \/>\n\t\t<meta property=\"og:url\" content=\"https:\/\/allasorias.hu\/hirek\/hozzank-jonnek-dolgozni-a-szlovakok\/\" \/>\n\t\t<meta property=\"og:image\" content=\"https:\/\/allasorias.hu\/hirek\/wp-content\/uploads\/2021\/12\/flags-slovakia.jpg\" \/>\n\t\t<meta property=\"og:image:secure_url\" content=\"https:\/\/allasorias.hu\/hirek\/wp-content\/uploads\/2021\/12\/flags-slovakia.jpg\" \/>\n\t\t<meta property=\"og:image:width\" content=\"1920\" \/>\n\t\t<meta property=\"og:image:height\" content=\"1280\" \/>\n\t\t<meta property=\"article:published_time\" content=\"2021-12-02T07:20:10+00:00\" \/>\n\t\t<meta property=\"article:modified_time\" content=\"2021-12-02T07:20:10+00:00\" \/>\n\t\t<meta property=\"article:publisher\" content=\"https:\/\/www.facebook.com\/allasorias\" \/>\n\t\t<meta name=\"twitter:card\" content=\"summary_large_image\" \/>\n\t\t<meta name=\"twitter:title\" content=\"Hozz\u00e1nk j\u00f6nnek dolgozni a szlov\u00e1kok | AllasOrias.hu | H\u00edrek-lapszemle\" \/>\n\t\t<meta name=\"twitter:description\" content=\"Az elm\u00falt egy-k\u00e9t \u00e9vben a j\u00e1rv\u00e1ny miatt sok munkahely ideiglenesen vagy v\u00e9glegesen megsz\u0171nt Szlov\u00e1ki\u00e1ban. A hazai ipari fellegv\u00e1rakban a b\u00e9rek Magyarorsz\u00e1gon m\u00e1r magasabbak, mint szomsz\u00e9dunkn\u00e1l. Nem meglep\u0151, hogy munkaer\u0151piaci szak\u00e9rt\u0151k szerint egyre t\u00f6bben j\u00f6hetnek \u00e1t a j\u00f6v\u0151ben Szlov\u00e1ki\u00e1b\u00f3l Magyarorsz\u00e1gra dolgozni - ismerteti cs\u00fct\u00f6rt\u00f6ki sz\u00e1m\u00e1ban a Vil\u00e1ggazdas\u00e1g. A nagy aut\u00f3ipari szerepl\u0151k voltak k\u00e9nytelenek felf\u00fcggeszteni a gy\u00e1rt\u00e1st\" \/>\n\t\t<meta name=\"twitter:image\" content=\"https:\/\/allasorias.hu\/hirek\/wp-content\/uploads\/2021\/12\/flags-slovakia.jpg\" \/>\n\t\t<meta name=\"twitter:label1\" content=\"Written by\" \/>\n\t\t<meta name=\"twitter:data1\" content=\"Juh\u00e1sz P\u00e9ter\" \/>\n\t\t<meta name=\"twitter:label2\" content=\"Est. reading time\" \/>\n\t\t<meta name=\"twitter:data2\" content=\"2 minutes\" \/>\n\t\t<script type=\"application\/ld+json\" class=\"aioseo-schema\">\n\t\t\t{\"@context\":\"https:\\\/\\\/schema.org\",\"@graph\":[{\"@type\":\"Article\",\"@id\":\"https:\\\/\\\/allasorias.hu\\\/hirek\\\/hozzank-jonnek-dolgozni-a-szlovakok\\\/#article\",\"name\":\"Hozz\\u00e1nk j\\u00f6nnek dolgozni a szlov\\u00e1kok | AllasOrias.hu | H\\u00edrek-lapszemle\",\"headline\":\"Hozz\\u00e1nk j\\u00f6nnek dolgozni a szlov\\u00e1kok\",\"author\":{\"@id\":\"https:\\\/\\\/allasorias.hu\\\/hirek\\\/author\\\/admin-allasorias\\\/#author\"},\"publisher\":{\"@id\":\"https:\\\/\\\/allasorias.hu\\\/hirek\\\/#organization\"},\"image\":{\"@type\":\"ImageObject\",\"url\":\"https:\\\/\\\/allasorias.hu\\\/hirek\\\/wp-content\\\/uploads\\\/2021\\\/12\\\/flags-slovakia.jpg\",\"width\":1920,\"height\":1280,\"caption\":\"Flags of  Slovakia\"},\"datePublished\":\"2021-12-02T07:20:10+02:00\",\"dateModified\":\"2021-12-02T07:20:10+02:00\",\"inLanguage\":\"hu-HU\",\"mainEntityOfPage\":{\"@id\":\"https:\\\/\\\/allasorias.hu\\\/hirek\\\/hozzank-jonnek-dolgozni-a-szlovakok\\\/#webpage\"},\"isPartOf\":{\"@id\":\"https:\\\/\\\/allasorias.hu\\\/hirek\\\/hozzank-jonnek-dolgozni-a-szlovakok\\\/#webpage\"},\"articleSection\":\"Munkaer\\u0151piac\"},{\"@type\":\"BreadcrumbList\",\"@id\":\"https:\\\/\\\/allasorias.hu\\\/hirek\\\/hozzank-jonnek-dolgozni-a-szlovakok\\\/#breadcrumblist\",\"itemListElement\":[{\"@type\":\"ListItem\",\"@id\":\"https:\\\/\\\/allasorias.hu\\\/hirek#listItem\",\"position\":1,\"name\":\"Home\",\"item\":\"https:\\\/\\\/allasorias.hu\\\/hirek\",\"nextItem\":{\"@type\":\"ListItem\",\"@id\":\"https:\\\/\\\/allasorias.hu\\\/hirek\\\/temak\\\/munkaeropiac\\\/#listItem\",\"name\":\"Munkaer\\u0151piac\"}},{\"@type\":\"ListItem\",\"@id\":\"https:\\\/\\\/allasorias.hu\\\/hirek\\\/temak\\\/munkaeropiac\\\/#listItem\",\"position\":2,\"name\":\"Munkaer\\u0151piac\",\"item\":\"https:\\\/\\\/allasorias.hu\\\/hirek\\\/temak\\\/munkaeropiac\\\/\",\"nextItem\":{\"@type\":\"ListItem\",\"@id\":\"https:\\\/\\\/allasorias.hu\\\/hirek\\\/hozzank-jonnek-dolgozni-a-szlovakok\\\/#listItem\",\"name\":\"Hozz\\u00e1nk j\\u00f6nnek dolgozni a szlov\\u00e1kok\"},\"previousItem\":{\"@type\":\"ListItem\",\"@id\":\"https:\\\/\\\/allasorias.hu\\\/hirek#listItem\",\"name\":\"Home\"}},{\"@type\":\"ListItem\",\"@id\":\"https:\\\/\\\/allasorias.hu\\\/hirek\\\/hozzank-jonnek-dolgozni-a-szlovakok\\\/#listItem\",\"position\":3,\"name\":\"Hozz\\u00e1nk j\\u00f6nnek dolgozni a szlov\\u00e1kok\",\"previousItem\":{\"@type\":\"ListItem\",\"@id\":\"https:\\\/\\\/allasorias.hu\\\/hirek\\\/temak\\\/munkaeropiac\\\/#listItem\",\"name\":\"Munkaer\\u0151piac\"}}]},{\"@type\":\"Organization\",\"@id\":\"https:\\\/\\\/allasorias.hu\\\/hirek\\\/#organization\",\"name\":\"AllasOrias.hu | H\\u00edrek-lapszemle\",\"description\":\"\\u00dczleti h\\u00edrek az \\u00e1ll\\u00e1s \\u00e9s a munka vil\\u00e1g\\u00e1b\\u00f3l\",\"url\":\"https:\\\/\\\/allasorias.hu\\\/hirek\\\/\",\"logo\":{\"@type\":\"ImageObject\",\"url\":\"https:\\\/\\\/allasorias.hu\\\/hirek\\\/wp-content\\\/uploads\\\/2022\\\/10\\\/allasorias_site_facebok_logo.png\",\"@id\":\"https:\\\/\\\/allasorias.hu\\\/hirek\\\/hozzank-jonnek-dolgozni-a-szlovakok\\\/#organizationLogo\"},\"image\":{\"@id\":\"https:\\\/\\\/allasorias.hu\\\/hirek\\\/hozzank-jonnek-dolgozni-a-szlovakok\\\/#organizationLogo\"},\"sameAs\":[\"https:\\\/\\\/www.facebook.com\\\/allasorias\",\"https:\\\/\\\/www.linkedin.com\\\/company\\\/allasorias\"]},{\"@type\":\"Person\",\"@id\":\"https:\\\/\\\/allasorias.hu\\\/hirek\\\/author\\\/admin-allasorias\\\/#author\",\"url\":\"https:\\\/\\\/allasorias.hu\\\/hirek\\\/author\\\/admin-allasorias\\\/\",\"name\":\"Juh\\u00e1sz P\\u00e9ter\",\"image\":{\"@type\":\"ImageObject\",\"@id\":\"https:\\\/\\\/allasorias.hu\\\/hirek\\\/hozzank-jonnek-dolgozni-a-szlovakok\\\/#authorImage\",\"url\":\"https:\\\/\\\/secure.gravatar.com\\\/avatar\\\/36e6bcb83148978b992977cb0f54d22feb0cce8a0a849a9410532bb2623ba4c6?s=96&d=mm&r=g\",\"width\":96,\"height\":96,\"caption\":\"Juh\\u00e1sz P\\u00e9ter\"}},{\"@type\":\"WebPage\",\"@id\":\"https:\\\/\\\/allasorias.hu\\\/hirek\\\/hozzank-jonnek-dolgozni-a-szlovakok\\\/#webpage\",\"url\":\"https:\\\/\\\/allasorias.hu\\\/hirek\\\/hozzank-jonnek-dolgozni-a-szlovakok\\\/\",\"name\":\"Hozz\\u00e1nk j\\u00f6nnek dolgozni a szlov\\u00e1kok | AllasOrias.hu | H\\u00edrek-lapszemle\",\"description\":\"Az elm\\u00falt egy-k\\u00e9t \\u00e9vben a j\\u00e1rv\\u00e1ny miatt sok munkahely ideiglenesen vagy v\\u00e9glegesen megsz\\u0171nt Szlov\\u00e1ki\\u00e1ban. A hazai ipari fellegv\\u00e1rakban a b\\u00e9rek Magyarorsz\\u00e1gon m\\u00e1r magasabbak, mint szomsz\\u00e9dunkn\\u00e1l. Nem meglep\\u0151, hogy munkaer\\u0151piaci szak\\u00e9rt\\u0151k szerint egyre t\\u00f6bben j\\u00f6hetnek \\u00e1t a j\\u00f6v\\u0151ben Szlov\\u00e1ki\\u00e1b\\u00f3l Magyarorsz\\u00e1gra dolgozni - ismerteti cs\\u00fct\\u00f6rt\\u00f6ki sz\\u00e1m\\u00e1ban a Vil\\u00e1ggazdas\\u00e1g. A nagy aut\\u00f3ipari szerepl\\u0151k voltak k\\u00e9nytelenek felf\\u00fcggeszteni a gy\\u00e1rt\\u00e1st\",\"inLanguage\":\"hu-HU\",\"isPartOf\":{\"@id\":\"https:\\\/\\\/allasorias.hu\\\/hirek\\\/#website\"},\"breadcrumb\":{\"@id\":\"https:\\\/\\\/allasorias.hu\\\/hirek\\\/hozzank-jonnek-dolgozni-a-szlovakok\\\/#breadcrumblist\"},\"author\":{\"@id\":\"https:\\\/\\\/allasorias.hu\\\/hirek\\\/author\\\/admin-allasorias\\\/#author\"},\"creator\":{\"@id\":\"https:\\\/\\\/allasorias.hu\\\/hirek\\\/author\\\/admin-allasorias\\\/#author\"},\"image\":{\"@type\":\"ImageObject\",\"url\":\"https:\\\/\\\/allasorias.hu\\\/hirek\\\/wp-content\\\/uploads\\\/2021\\\/12\\\/flags-slovakia.jpg\",\"@id\":\"https:\\\/\\\/allasorias.hu\\\/hirek\\\/hozzank-jonnek-dolgozni-a-szlovakok\\\/#mainImage\",\"width\":1920,\"height\":1280,\"caption\":\"Flags of  Slovakia\"},\"primaryImageOfPage\":{\"@id\":\"https:\\\/\\\/allasorias.hu\\\/hirek\\\/hozzank-jonnek-dolgozni-a-szlovakok\\\/#mainImage\"},\"datePublished\":\"2021-12-02T07:20:10+02:00\",\"dateModified\":\"2021-12-02T07:20:10+02:00\"},{\"@type\":\"WebSite\",\"@id\":\"https:\\\/\\\/allasorias.hu\\\/hirek\\\/#website\",\"url\":\"https:\\\/\\\/allasorias.hu\\\/hirek\\\/\",\"name\":\"AllasOrias.hu | H\\u00edrek-lapszemle\",\"description\":\"\\u00dczleti h\\u00edrek az \\u00e1ll\\u00e1s \\u00e9s a munka vil\\u00e1g\\u00e1b\\u00f3l\",\"inLanguage\":\"hu-HU\",\"publisher\":{\"@id\":\"https:\\\/\\\/allasorias.hu\\\/hirek\\\/#organization\"}}]}\n\t\t<\/script>\n\t\t<!-- All in One SEO -->\n\n","aioseo_head_json":{"title":"Hozz\u00e1nk j\u00f6nnek dolgozni a szlov\u00e1kok | AllasOrias.hu | H\u00edrek-lapszemle","description":"Az elm\u00falt egy-k\u00e9t \u00e9vben a j\u00e1rv\u00e1ny miatt sok munkahely ideiglenesen vagy v\u00e9glegesen megsz\u0171nt Szlov\u00e1ki\u00e1ban. A hazai ipari fellegv\u00e1rakban a b\u00e9rek Magyarorsz\u00e1gon m\u00e1r magasabbak, mint szomsz\u00e9dunkn\u00e1l. Nem meglep\u0151, hogy munkaer\u0151piaci szak\u00e9rt\u0151k szerint egyre t\u00f6bben j\u00f6hetnek \u00e1t a j\u00f6v\u0151ben Szlov\u00e1ki\u00e1b\u00f3l Magyarorsz\u00e1gra dolgozni - ismerteti cs\u00fct\u00f6rt\u00f6ki sz\u00e1m\u00e1ban a Vil\u00e1ggazdas\u00e1g. A nagy aut\u00f3ipari szerepl\u0151k voltak k\u00e9nytelenek felf\u00fcggeszteni a gy\u00e1rt\u00e1st","canonical_url":"https:\/\/allasorias.hu\/hirek\/hozzank-jonnek-dolgozni-a-szlovakok\/","robots":"max-image-preview:large","keywords":"","webmasterTools":{"miscellaneous":""},"schema":{"@context":"https:\/\/schema.org","@graph":[{"@type":"Article","@id":"https:\/\/allasorias.hu\/hirek\/hozzank-jonnek-dolgozni-a-szlovakok\/#article","name":"Hozz\u00e1nk j\u00f6nnek dolgozni a szlov\u00e1kok | AllasOrias.hu | H\u00edrek-lapszemle","headline":"Hozz\u00e1nk j\u00f6nnek dolgozni a szlov\u00e1kok","author":{"@id":"https:\/\/allasorias.hu\/hirek\/author\/admin-allasorias\/#author"},"publisher":{"@id":"https:\/\/allasorias.hu\/hirek\/#organization"},"image":{"@type":"ImageObject","url":"https:\/\/allasorias.hu\/hirek\/wp-content\/uploads\/2021\/12\/flags-slovakia.jpg","width":1920,"height":1280,"caption":"Flags of  Slovakia"},"datePublished":"2021-12-02T07:20:10+02:00","dateModified":"2021-12-02T07:20:10+02:00","inLanguage":"hu-HU","mainEntityOfPage":{"@id":"https:\/\/allasorias.hu\/hirek\/hozzank-jonnek-dolgozni-a-szlovakok\/#webpage"},"isPartOf":{"@id":"https:\/\/allasorias.hu\/hirek\/hozzank-jonnek-dolgozni-a-szlovakok\/#webpage"},"articleSection":"Munkaer\u0151piac"},{"@type":"BreadcrumbList","@id":"https:\/\/allasorias.hu\/hirek\/hozzank-jonnek-dolgozni-a-szlovakok\/#breadcrumblist","itemListElement":[{"@type":"ListItem","@id":"https:\/\/allasorias.hu\/hirek#listItem","position":1,"name":"Home","item":"https:\/\/allasorias.hu\/hirek","nextItem":{"@type":"ListItem","@id":"https:\/\/allasorias.hu\/hirek\/temak\/munkaeropiac\/#listItem","name":"Munkaer\u0151piac"}},{"@type":"ListItem","@id":"https:\/\/allasorias.hu\/hirek\/temak\/munkaeropiac\/#listItem","position":2,"name":"Munkaer\u0151piac","item":"https:\/\/allasorias.hu\/hirek\/temak\/munkaeropiac\/","nextItem":{"@type":"ListItem","@id":"https:\/\/allasorias.hu\/hirek\/hozzank-jonnek-dolgozni-a-szlovakok\/#listItem","name":"Hozz\u00e1nk j\u00f6nnek dolgozni a szlov\u00e1kok"},"previousItem":{"@type":"ListItem","@id":"https:\/\/allasorias.hu\/hirek#listItem","name":"Home"}},{"@type":"ListItem","@id":"https:\/\/allasorias.hu\/hirek\/hozzank-jonnek-dolgozni-a-szlovakok\/#listItem","position":3,"name":"Hozz\u00e1nk j\u00f6nnek dolgozni a szlov\u00e1kok","previousItem":{"@type":"ListItem","@id":"https:\/\/allasorias.hu\/hirek\/temak\/munkaeropiac\/#listItem","name":"Munkaer\u0151piac"}}]},{"@type":"Organization","@id":"https:\/\/allasorias.hu\/hirek\/#organization","name":"AllasOrias.hu | H\u00edrek-lapszemle","description":"\u00dczleti h\u00edrek az \u00e1ll\u00e1s \u00e9s a munka vil\u00e1g\u00e1b\u00f3l","url":"https:\/\/allasorias.hu\/hirek\/","logo":{"@type":"ImageObject","url":"https:\/\/allasorias.hu\/hirek\/wp-content\/uploads\/2022\/10\/allasorias_site_facebok_logo.png","@id":"https:\/\/allasorias.hu\/hirek\/hozzank-jonnek-dolgozni-a-szlovakok\/#organizationLogo"},"image":{"@id":"https:\/\/allasorias.hu\/hirek\/hozzank-jonnek-dolgozni-a-szlovakok\/#organizationLogo"},"sameAs":["https:\/\/www.facebook.com\/allasorias","https:\/\/www.linkedin.com\/company\/allasorias"]},{"@type":"Person","@id":"https:\/\/allasorias.hu\/hirek\/author\/admin-allasorias\/#author","url":"https:\/\/allasorias.hu\/hirek\/author\/admin-allasorias\/","name":"Juh\u00e1sz P\u00e9ter","image":{"@type":"ImageObject","@id":"https:\/\/allasorias.hu\/hirek\/hozzank-jonnek-dolgozni-a-szlovakok\/#authorImage","url":"https:\/\/secure.gravatar.com\/avatar\/36e6bcb83148978b992977cb0f54d22feb0cce8a0a849a9410532bb2623ba4c6?s=96&d=mm&r=g","width":96,"height":96,"caption":"Juh\u00e1sz P\u00e9ter"}},{"@type":"WebPage","@id":"https:\/\/allasorias.hu\/hirek\/hozzank-jonnek-dolgozni-a-szlovakok\/#webpage","url":"https:\/\/allasorias.hu\/hirek\/hozzank-jonnek-dolgozni-a-szlovakok\/","name":"Hozz\u00e1nk j\u00f6nnek dolgozni a szlov\u00e1kok | AllasOrias.hu | H\u00edrek-lapszemle","description":"Az elm\u00falt egy-k\u00e9t \u00e9vben a j\u00e1rv\u00e1ny miatt sok munkahely ideiglenesen vagy v\u00e9glegesen megsz\u0171nt Szlov\u00e1ki\u00e1ban. A hazai ipari fellegv\u00e1rakban a b\u00e9rek Magyarorsz\u00e1gon m\u00e1r magasabbak, mint szomsz\u00e9dunkn\u00e1l. Nem meglep\u0151, hogy munkaer\u0151piaci szak\u00e9rt\u0151k szerint egyre t\u00f6bben j\u00f6hetnek \u00e1t a j\u00f6v\u0151ben Szlov\u00e1ki\u00e1b\u00f3l Magyarorsz\u00e1gra dolgozni - ismerteti cs\u00fct\u00f6rt\u00f6ki sz\u00e1m\u00e1ban a Vil\u00e1ggazdas\u00e1g. A nagy aut\u00f3ipari szerepl\u0151k voltak k\u00e9nytelenek felf\u00fcggeszteni a gy\u00e1rt\u00e1st","inLanguage":"hu-HU","isPartOf":{"@id":"https:\/\/allasorias.hu\/hirek\/#website"},"breadcrumb":{"@id":"https:\/\/allasorias.hu\/hirek\/hozzank-jonnek-dolgozni-a-szlovakok\/#breadcrumblist"},"author":{"@id":"https:\/\/allasorias.hu\/hirek\/author\/admin-allasorias\/#author"},"creator":{"@id":"https:\/\/allasorias.hu\/hirek\/author\/admin-allasorias\/#author"},"image":{"@type":"ImageObject","url":"https:\/\/allasorias.hu\/hirek\/wp-content\/uploads\/2021\/12\/flags-slovakia.jpg","@id":"https:\/\/allasorias.hu\/hirek\/hozzank-jonnek-dolgozni-a-szlovakok\/#mainImage","width":1920,"height":1280,"caption":"Flags of  Slovakia"},"primaryImageOfPage":{"@id":"https:\/\/allasorias.hu\/hirek\/hozzank-jonnek-dolgozni-a-szlovakok\/#mainImage"},"datePublished":"2021-12-02T07:20:10+02:00","dateModified":"2021-12-02T07:20:10+02:00"},{"@type":"WebSite","@id":"https:\/\/allasorias.hu\/hirek\/#website","url":"https:\/\/allasorias.hu\/hirek\/","name":"AllasOrias.hu | H\u00edrek-lapszemle","description":"\u00dczleti h\u00edrek az \u00e1ll\u00e1s \u00e9s a munka vil\u00e1g\u00e1b\u00f3l","inLanguage":"hu-HU","publisher":{"@id":"https:\/\/allasorias.hu\/hirek\/#organization"}}]},"og:locale":"hu_HU","og:site_name":"AllasOrias.hu | H\u00edrek-lapszemle | \u00dczleti h\u00edrek az \u00e1ll\u00e1s \u00e9s a munka vil\u00e1g\u00e1b\u00f3l","og:type":"article","og:title":"Hozz\u00e1nk j\u00f6nnek dolgozni a szlov\u00e1kok | AllasOrias.hu | H\u00edrek-lapszemle","og:description":"Az elm\u00falt egy-k\u00e9t \u00e9vben a j\u00e1rv\u00e1ny miatt sok munkahely ideiglenesen vagy v\u00e9glegesen megsz\u0171nt Szlov\u00e1ki\u00e1ban. A hazai ipari fellegv\u00e1rakban a b\u00e9rek Magyarorsz\u00e1gon m\u00e1r magasabbak, mint szomsz\u00e9dunkn\u00e1l. Nem meglep\u0151, hogy munkaer\u0151piaci szak\u00e9rt\u0151k szerint egyre t\u00f6bben j\u00f6hetnek \u00e1t a j\u00f6v\u0151ben Szlov\u00e1ki\u00e1b\u00f3l Magyarorsz\u00e1gra dolgozni - ismerteti cs\u00fct\u00f6rt\u00f6ki sz\u00e1m\u00e1ban a Vil\u00e1ggazdas\u00e1g. A nagy aut\u00f3ipari szerepl\u0151k voltak k\u00e9nytelenek felf\u00fcggeszteni a gy\u00e1rt\u00e1st","og:url":"https:\/\/allasorias.hu\/hirek\/hozzank-jonnek-dolgozni-a-szlovakok\/","og:image":"https:\/\/allasorias.hu\/hirek\/wp-content\/uploads\/2021\/12\/flags-slovakia.jpg","og:image:secure_url":"https:\/\/allasorias.hu\/hirek\/wp-content\/uploads\/2021\/12\/flags-slovakia.jpg","og:image:width":1920,"og:image:height":1280,"article:published_time":"2021-12-02T07:20:10+00:00","article:modified_time":"2021-12-02T07:20:10+00:00","article:publisher":"https:\/\/www.facebook.com\/allasorias","twitter:card":"summary_large_image","twitter:title":"Hozz\u00e1nk j\u00f6nnek dolgozni a szlov\u00e1kok | AllasOrias.hu | H\u00edrek-lapszemle","twitter:description":"Az elm\u00falt egy-k\u00e9t \u00e9vben a j\u00e1rv\u00e1ny miatt sok munkahely ideiglenesen vagy v\u00e9glegesen megsz\u0171nt Szlov\u00e1ki\u00e1ban. A hazai ipari fellegv\u00e1rakban a b\u00e9rek Magyarorsz\u00e1gon m\u00e1r magasabbak, mint szomsz\u00e9dunkn\u00e1l. Nem meglep\u0151, hogy munkaer\u0151piaci szak\u00e9rt\u0151k szerint egyre t\u00f6bben j\u00f6hetnek \u00e1t a j\u00f6v\u0151ben Szlov\u00e1ki\u00e1b\u00f3l Magyarorsz\u00e1gra dolgozni - ismerteti cs\u00fct\u00f6rt\u00f6ki sz\u00e1m\u00e1ban a Vil\u00e1ggazdas\u00e1g. A nagy aut\u00f3ipari szerepl\u0151k voltak k\u00e9nytelenek felf\u00fcggeszteni a gy\u00e1rt\u00e1st","twitter:image":"https:\/\/allasorias.hu\/hirek\/wp-content\/uploads\/2021\/12\/flags-slovakia.jpg","twitter:label1":"Written by","twitter:data1":"Juh\u00e1sz P\u00e9ter","twitter:label2":"Est. reading time","twitter:data2":"2 minutes"},"aioseo_meta_data":{"post_id":"5230","title":null,"description":null,"keywords":[],"keyphrases":{"focus":[],"additional":[]},"primary_term":null,"canonical_url":null,"og_title":null,"og_description":null,"og_object_type":"default","og_image_type":"default","og_image_url":null,"og_image_width":null,"og_image_height":null,"og_image_custom_url":null,"og_image_custom_fields":null,"og_video":"","og_custom_url":null,"og_article_section":null,"og_article_tags":[],"twitter_use_og":false,"twitter_card":"default","twitter_image_type":"default","twitter_image_url":null,"twitter_image_custom_url":null,"twitter_image_custom_fields":null,"twitter_title":null,"twitter_description":null,"schema":{"blockGraphs":[],"customGraphs":[],"default":{"data":{"Article":[],"Course":[],"Dataset":[],"FAQPage":[],"Movie":[],"Person":[],"Product":[],"ProductReview":[],"Car":[],"Recipe":[],"Service":[],"SoftwareApplication":[],"WebPage":[]},"graphName":"","isEnabled":true},"graphs":[]},"schema_type":"default","schema_type_options":"{\"article\":{\"articleType\":\"BlogPosting\"},\"course\":{\"name\":\"\",\"description\":\"\",\"provider\":\"\"},\"faq\":{\"pages\":[]},\"product\":{\"reviews\":[]},\"recipe\":{\"ingredients\":[],\"instructions\":[],\"keywords\":[]},\"software\":{\"reviews\":[],\"operatingSystems\":[]},\"webPage\":{\"webPageType\":\"WebPage\"}}","pillar_content":false,"robots_default":true,"robots_noindex":false,"robots_noarchive":false,"robots_nosnippet":false,"robots_nofollow":false,"robots_noimageindex":false,"robots_noodp":false,"robots_notranslate":false,"robots_max_snippet":"-1","robots_max_videopreview":"-1","robots_max_imagepreview":"large","priority":null,"frequency":"default","location":null,"local_seo":{"locations":{"business":{"name":"","businessType":"","image":"","areaServed":"","urls":{"website":"","aboutPage":"","contactPage":""},"address":{"streetLine1":"","streetLine2":"","zipCode":"","city":"","state":"","country":"","addressFormat":"#streetLineOne\n#streetLineTwo\n#city, #state #zipCode"},"contact":{"email":"","phone":"","phoneFormatted":"","fax":"","faxFormatted":""},"ids":{"vat":"","tax":"","chamberOfCommerce":""},"payment":{"priceRange":"","currenciesAccepted":"","methods":""}}},"openingHours":{"useDefaults":true,"show":true,"alwaysOpen":false,"use24hFormat":false,"timezone":"","labels":{"closed":"","alwaysOpen":""},"days":{"monday":{"open24h":false,"closed":false,"openTime":"09:00","closeTime":"17:00"},"tuesday":{"open24h":false,"closed":false,"openTime":"09:00","closeTime":"17:00"},"wednesday":{"open24h":false,"closed":false,"openTime":"09:00","closeTime":"17:00"},"thursday":{"open24h":false,"closed":false,"openTime":"09:00","closeTime":"17:00"},"friday":{"open24h":false,"closed":false,"openTime":"09:00","closeTime":"17:00"},"saturday":{"open24h":false,"closed":false,"openTime":"09:00","closeTime":"17:00"},"sunday":{"open24h":false,"closed":false,"openTime":"09:00","closeTime":"17:00"}}}},"breadcrumb_settings":null,"limit_modified_date":false,"ai":null,"created":"2021-12-02 07:18:19","updated":"2025-10-02 16:28:18","seo_analyzer_scan_date":null,"focus_keyword":null,"additional_keywords":null,"truseo_locale":null},"aioseo_breadcrumb":"<div class=\"aioseo-breadcrumbs\"><span class=\"aioseo-breadcrumb\">\n\t\t\t<a href=\"https:\/\/allasorias.hu\/hirek\" title=\"Home\">Home<\/a>\n\t\t<\/span><span class=\"aioseo-breadcrumb-separator\">&raquo;<\/span><span class=\"aioseo-breadcrumb\">\n\t\t\t<a href=\"https:\/\/allasorias.hu\/hirek\/temak\/munkaeropiac\/\" title=\"Munkaer\u0151piac\">Munkaer\u0151piac<\/a>\n\t\t<\/span><span class=\"aioseo-breadcrumb-separator\">&raquo;<\/span><span class=\"aioseo-breadcrumb\">\n\t\t\tHozz\u00e1nk j\u00f6nnek dolgozni a szlov\u00e1kok\n\t\t<\/span><\/div>","aioseo_breadcrumb_json":[{"label":"Home","link":"https:\/\/allasorias.hu\/hirek"},{"label":"Munkaer\u0151piac","link":"https:\/\/allasorias.hu\/hirek\/temak\/munkaeropiac\/"},{"label":"Hozz\u00e1nk j\u00f6nnek dolgozni a szlov\u00e1kok","link":"https:\/\/allasorias.hu\/hirek\/hozzank-jonnek-dolgozni-a-szlovakok\/"}],"_links":{"self":[{"href":"https:\/\/allasorias.hu\/hirek\/wp-json\/wp\/v2\/posts\/5230","targetHints":{"allow":["GET"]}}],"collection":[{"href":"https:\/\/allasorias.hu\/hirek\/wp-json\/wp\/v2\/posts"}],"about":[{"href":"https:\/\/allasorias.hu\/hirek\/wp-json\/wp\/v2\/types\/post"}],"author":[{"embeddable":true,"href":"https:\/\/allasorias.hu\/hirek\/wp-json\/wp\/v2\/users\/1"}],"replies":[{"embeddable":true,"href":"https:\/\/allasorias.hu\/hirek\/wp-json\/wp\/v2\/comments?post=5230"}],"version-history":[{"count":1,"href":"https:\/\/allasorias.hu\/hirek\/wp-json\/wp\/v2\/posts\/5230\/revisions"}],"predecessor-version":[{"id":5232,"href":"https:\/\/allasorias.hu\/hirek\/wp-json\/wp\/v2\/posts\/5230\/revisions\/5232"}],"wp:featuredmedia":[{"embeddable":true,"href":"https:\/\/allasorias.hu\/hirek\/wp-json\/wp\/v2\/media\/5231"}],"wp:attachment":[{"href":"https:\/\/allasorias.hu\/hirek\/wp-json\/wp\/v2\/media?parent=5230"}],"wp:term":[{"taxonomy":"category","embeddable":true,"href":"https:\/\/allasorias.hu\/hirek\/wp-json\/wp\/v2\/categories?post=5230"},{"taxonomy":"post_tag","embeddable":true,"href":"https:\/\/allasorias.hu\/hirek\/wp-json\/wp\/v2\/tags?post=5230"}],"curies":[{"name":"wp","href":"https:\/\/api.w.org\/{rel}","templated":true}]}}