{"id":5227,"date":"2021-12-01T08:38:28","date_gmt":"2021-12-01T08:38:28","guid":{"rendered":"https:\/\/allasorias.hu\/hirek\/?p=5227"},"modified":"2021-12-01T08:38:28","modified_gmt":"2021-12-01T08:38:28","slug":"sok-pedagogust-kell-potolni-az-oltatlansaguk-miatt","status":"publish","type":"post","link":"https:\/\/allasorias.hu\/hirek\/sok-pedagogust-kell-potolni-az-oltatlansaguk-miatt\/","title":{"rendered":"Sok pedag\u00f3gust kell p\u00f3tolni az oltatlans\u00e1guk miatt"},"content":{"rendered":"<p><strong>T\u00f6bb ezer pedag\u00f3gus nem oltatta be mag\u00e1t Magyarorsz\u00e1gon. \u00dajabb orsz\u00e1gos felm\u00e9r\u00e9s k\u00e9sz\u00fclt a tan\u00e1rok \u00e9s az iskolai dolgoz\u00f3k \u00e1toltotts\u00e1g\u00e1ra vonatkoz\u00f3an. A helyzet a Nemzeti Pedag\u00f3gus Kar (NPK) eln\u00f6ke, Horv\u00e1th P\u00e9ter szerint aggaszt\u00f3: t\u00f6bb ezer pedag\u00f3gus nem vette fel eddig az olt\u00e1st. A felm\u00e9r\u00e9st az NPK ind\u00edtotta az\u00e9rt, hogy kider\u00edts\u00e9k, janu\u00e1rt\u00f3l h\u00e1ny pedag\u00f3gust \u00e9s m\u00e1s iskolai dolgoz\u00f3t kell majd p\u00f3tolni a k\u00f6telez\u0151 olt\u00e1st miatt.<\/strong><\/p>\n<p>Az Index cikke szerint a k\u00f6rk\u00e9rd\u00e9sre 1522 int\u00e9zm\u00e9ny jelzett vissza. A v\u00e1laszad\u00f3k egyharmada \u00f3voda, egyharmada \u00e1ltal\u00e1nos iskola, marad\u00e9k egyharmadban pedig k\u00f6z\u00e9piskol\u00e1k, koll\u00e9giumok, m\u0171v\u00e9szeti iskol\u00e1k, valamint a szakszolg\u00e1latok szerepeltek. Az eredm\u00e9nyek szerint az 1522 int\u00e9zm\u00e9nyben 5270 olyan pedag\u00f3gus van, aki nincs beoltva, k\u00f6z\u00fcl\u00fck 3338-an nem is tervezik felvenni egyik vakcin\u00e1t sem. Rajtuk k\u00edv\u00fcl 3289 olyan egy\u00e9b munkav\u00e1llal\u00f3 van, akik szint\u00e9n nem vett\u00e9k fel az olt\u00e1st, 2081 k\u00f6z\u00fcl\u00fck a j\u00f6v\u0151ben sem tervezi beoltatni mag\u00e1t. Horv\u00e1th P\u00e9ter szerint nagy k\u00fcl\u00f6nbs\u00e9g van a k\u00fcl\u00f6nb\u00f6z\u0151 iskol\u00e1k k\u00f6z\u00f6tt. Van, ahol 100 sz\u00e1zal\u00e9kos az \u00e1toltotts\u00e1g, m\u00e1shol csak 30-40 sz\u00e1zal\u00e9kos. Ha az oltatlanok 60 sz\u00e1zal\u00e9ka esetleg meg is gondolja mag\u00e1t, janu\u00e1rt\u00f3l \u00f6sszess\u00e9g\u00e9ben a munkav\u00e1llal\u00f3k 10-20 sz\u00e1zal\u00e9ka kieshet, ami egy\u00e9rtelm\u0171en vesz\u00e9lyezteti a feladatell\u00e1t\u00e1st. Emiatt a t\u00e9li sz\u00fcnet ut\u00e1n p\u00e1nikhelyzetek alakulhatnak ki \u2013 mondta az NPK eln\u00f6ke. A korm\u00e1ny d\u00f6nt\u00e9se \u00e9rtelm\u00e9ben a koronav\u00edrus elleni vakcina els\u0151 d\u00f3zis\u00e1t december 15-ig kell beadatniuk azoknak a tan\u00e1roknak, akik eddig nincsenek beoltva. A K\u00f6zponti Statisztikai Hivatal legfrissebb adatai szerint Magyarorsz\u00e1gon 146 730 pedag\u00f3gus dolgozik, az NPK felm\u00e9r\u00e9se \u00edgy nagyj\u00e1b\u00f3l egybeesik K\u00e1sler Mikl\u00f3s emberi er\u0151forr\u00e1s-miniszter adataival, aki \u00e1prilisban azt mondta, a tan\u00e1rok k\u00f6r\u00fclbel\u00fcl 89 sz\u00e1zal\u00e9ka regisztr\u00e1lt az olt\u00e1sra.<\/p>\n<p>Forr\u00e1s: 24.hu<\/p>\n","protected":false},"excerpt":{"rendered":"<p>T\u00f6bb ezer pedag\u00f3gus nem oltatta be mag\u00e1t Magyarorsz\u00e1gon. \u00dajabb orsz\u00e1gos felm\u00e9r\u00e9s k\u00e9sz\u00fclt a tan\u00e1rok \u00e9s az iskolai dolgoz\u00f3k \u00e1toltotts\u00e1g\u00e1ra vonatkoz\u00f3an. A helyzet a Nemzeti Pedag\u00f3gus Kar (NPK) eln\u00f6ke, Horv\u00e1th P\u00e9ter szerint aggaszt\u00f3: t\u00f6bb ezer pedag\u00f3gus nem vette fel eddig az olt\u00e1st. A felm\u00e9r\u00e9st az NPK ind\u00edtotta az\u00e9rt, hogy kider\u00edts\u00e9k, janu\u00e1rt\u00f3l h\u00e1ny pedag\u00f3gust \u00e9s m\u00e1s iskolai [&hellip;]<\/p>\n","protected":false},"author":1,"featured_media":5228,"comment_status":"open","ping_status":"open","sticky":false,"template":"","format":"standard","meta":{"_monsterinsights_skip_tracking":false,"footnotes":""},"categories":[200],"tags":[],"class_list":["post-5227","post","type-post","status-publish","format-standard","has-post-thumbnail","hentry","category-munkaeropiac"],"aioseo_notices":[],"aioseo_head":"\n\t\t<!-- All in One SEO 5.0.0.1 - aioseo.com -->\n\t<meta name=\"description\" content=\"T\u00f6bb ezer pedag\u00f3gus nem oltatta be mag\u00e1t Magyarorsz\u00e1gon. \u00dajabb orsz\u00e1gos felm\u00e9r\u00e9s k\u00e9sz\u00fclt a tan\u00e1rok \u00e9s az iskolai dolgoz\u00f3k \u00e1toltotts\u00e1g\u00e1ra vonatkoz\u00f3an. A helyzet a Nemzeti Pedag\u00f3gus Kar (NPK) eln\u00f6ke, Horv\u00e1th P\u00e9ter szerint aggaszt\u00f3: t\u00f6bb ezer pedag\u00f3gus nem vette fel eddig az olt\u00e1st. A felm\u00e9r\u00e9st az NPK ind\u00edtotta az\u00e9rt, hogy kider\u00edts\u00e9k, janu\u00e1rt\u00f3l h\u00e1ny pedag\u00f3gust \u00e9s m\u00e1s iskolai\" \/>\n\t<meta name=\"robots\" content=\"max-image-preview:large\" \/>\n\t<meta name=\"author\" content=\"Juh\u00e1sz P\u00e9ter\"\/>\n\t<link rel=\"canonical\" href=\"https:\/\/allasorias.hu\/hirek\/sok-pedagogust-kell-potolni-az-oltatlansaguk-miatt\/\" \/>\n\t<meta name=\"generator\" content=\"All in One SEO (AIOSEO) 5.0.0.1\" \/>\n\t\t<meta property=\"og:locale\" content=\"hu_HU\" \/>\n\t\t<meta property=\"og:site_name\" content=\"AllasOrias.hu | H\u00edrek-lapszemle | \u00dczleti h\u00edrek az \u00e1ll\u00e1s \u00e9s a munka vil\u00e1g\u00e1b\u00f3l\" \/>\n\t\t<meta property=\"og:type\" content=\"article\" \/>\n\t\t<meta property=\"og:title\" content=\"Sok pedag\u00f3gust kell p\u00f3tolni az oltatlans\u00e1guk miatt | AllasOrias.hu | H\u00edrek-lapszemle\" \/>\n\t\t<meta property=\"og:description\" content=\"T\u00f6bb ezer pedag\u00f3gus nem oltatta be mag\u00e1t Magyarorsz\u00e1gon. \u00dajabb orsz\u00e1gos felm\u00e9r\u00e9s k\u00e9sz\u00fclt a tan\u00e1rok \u00e9s az iskolai dolgoz\u00f3k \u00e1toltotts\u00e1g\u00e1ra vonatkoz\u00f3an. A helyzet a Nemzeti Pedag\u00f3gus Kar (NPK) eln\u00f6ke, Horv\u00e1th P\u00e9ter szerint aggaszt\u00f3: t\u00f6bb ezer pedag\u00f3gus nem vette fel eddig az olt\u00e1st. A felm\u00e9r\u00e9st az NPK ind\u00edtotta az\u00e9rt, hogy kider\u00edts\u00e9k, janu\u00e1rt\u00f3l h\u00e1ny pedag\u00f3gust \u00e9s m\u00e1s iskolai\" \/>\n\t\t<meta property=\"og:url\" content=\"https:\/\/allasorias.hu\/hirek\/sok-pedagogust-kell-potolni-az-oltatlansaguk-miatt\/\" \/>\n\t\t<meta property=\"og:image\" content=\"https:\/\/allasorias.hu\/hirek\/wp-content\/uploads\/2021\/12\/senior-male-professor-explaining-writing-green-chalkboard.jpg\" \/>\n\t\t<meta property=\"og:image:secure_url\" content=\"https:\/\/allasorias.hu\/hirek\/wp-content\/uploads\/2021\/12\/senior-male-professor-explaining-writing-green-chalkboard.jpg\" \/>\n\t\t<meta property=\"og:image:width\" content=\"1920\" \/>\n\t\t<meta property=\"og:image:height\" content=\"1282\" \/>\n\t\t<meta property=\"article:published_time\" content=\"2021-12-01T08:38:28+00:00\" \/>\n\t\t<meta property=\"article:modified_time\" content=\"2021-12-01T08:38:28+00:00\" \/>\n\t\t<meta property=\"article:publisher\" content=\"https:\/\/www.facebook.com\/allasorias\" \/>\n\t\t<meta name=\"twitter:card\" content=\"summary_large_image\" \/>\n\t\t<meta name=\"twitter:title\" content=\"Sok pedag\u00f3gust kell p\u00f3tolni az oltatlans\u00e1guk miatt | AllasOrias.hu | H\u00edrek-lapszemle\" \/>\n\t\t<meta name=\"twitter:description\" content=\"T\u00f6bb ezer pedag\u00f3gus nem oltatta be mag\u00e1t Magyarorsz\u00e1gon. \u00dajabb orsz\u00e1gos felm\u00e9r\u00e9s k\u00e9sz\u00fclt a tan\u00e1rok \u00e9s az iskolai dolgoz\u00f3k \u00e1toltotts\u00e1g\u00e1ra vonatkoz\u00f3an. A helyzet a Nemzeti Pedag\u00f3gus Kar (NPK) eln\u00f6ke, Horv\u00e1th P\u00e9ter szerint aggaszt\u00f3: t\u00f6bb ezer pedag\u00f3gus nem vette fel eddig az olt\u00e1st. A felm\u00e9r\u00e9st az NPK ind\u00edtotta az\u00e9rt, hogy kider\u00edts\u00e9k, janu\u00e1rt\u00f3l h\u00e1ny pedag\u00f3gust \u00e9s m\u00e1s iskolai\" \/>\n\t\t<meta name=\"twitter:image\" content=\"https:\/\/allasorias.hu\/hirek\/wp-content\/uploads\/2021\/12\/senior-male-professor-explaining-writing-green-chalkboard.jpg\" \/>\n\t\t<meta name=\"twitter:label1\" content=\"Written by\" \/>\n\t\t<meta name=\"twitter:data1\" content=\"Juh\u00e1sz P\u00e9ter\" \/>\n\t\t<meta name=\"twitter:label2\" content=\"Est. reading time\" \/>\n\t\t<meta name=\"twitter:data2\" content=\"2 minutes\" \/>\n\t\t<script type=\"application\/ld+json\" class=\"aioseo-schema\">\n\t\t\t{\"@context\":\"https:\\\/\\\/schema.org\",\"@graph\":[{\"@type\":\"Article\",\"@id\":\"https:\\\/\\\/allasorias.hu\\\/hirek\\\/sok-pedagogust-kell-potolni-az-oltatlansaguk-miatt\\\/#article\",\"name\":\"Sok pedag\\u00f3gust kell p\\u00f3tolni az oltatlans\\u00e1guk miatt | AllasOrias.hu | H\\u00edrek-lapszemle\",\"headline\":\"Sok pedag\\u00f3gust kell p\\u00f3tolni az oltatlans\\u00e1guk miatt\",\"author\":{\"@id\":\"https:\\\/\\\/allasorias.hu\\\/hirek\\\/author\\\/admin-allasorias\\\/#author\"},\"publisher\":{\"@id\":\"https:\\\/\\\/allasorias.hu\\\/hirek\\\/#organization\"},\"image\":{\"@type\":\"ImageObject\",\"url\":\"https:\\\/\\\/allasorias.hu\\\/hirek\\\/wp-content\\\/uploads\\\/2021\\\/12\\\/senior-male-professor-explaining-writing-green-chalkboard.jpg\",\"width\":1920,\"height\":1282},\"datePublished\":\"2021-12-01T08:38:28+02:00\",\"dateModified\":\"2021-12-01T08:38:28+02:00\",\"inLanguage\":\"hu-HU\",\"mainEntityOfPage\":{\"@id\":\"https:\\\/\\\/allasorias.hu\\\/hirek\\\/sok-pedagogust-kell-potolni-az-oltatlansaguk-miatt\\\/#webpage\"},\"isPartOf\":{\"@id\":\"https:\\\/\\\/allasorias.hu\\\/hirek\\\/sok-pedagogust-kell-potolni-az-oltatlansaguk-miatt\\\/#webpage\"},\"articleSection\":\"Munkaer\\u0151piac\"},{\"@type\":\"BreadcrumbList\",\"@id\":\"https:\\\/\\\/allasorias.hu\\\/hirek\\\/sok-pedagogust-kell-potolni-az-oltatlansaguk-miatt\\\/#breadcrumblist\",\"itemListElement\":[{\"@type\":\"ListItem\",\"@id\":\"https:\\\/\\\/allasorias.hu\\\/hirek#listItem\",\"position\":1,\"name\":\"Home\",\"item\":\"https:\\\/\\\/allasorias.hu\\\/hirek\",\"nextItem\":{\"@type\":\"ListItem\",\"@id\":\"https:\\\/\\\/allasorias.hu\\\/hirek\\\/temak\\\/munkaeropiac\\\/#listItem\",\"name\":\"Munkaer\\u0151piac\"}},{\"@type\":\"ListItem\",\"@id\":\"https:\\\/\\\/allasorias.hu\\\/hirek\\\/temak\\\/munkaeropiac\\\/#listItem\",\"position\":2,\"name\":\"Munkaer\\u0151piac\",\"item\":\"https:\\\/\\\/allasorias.hu\\\/hirek\\\/temak\\\/munkaeropiac\\\/\",\"nextItem\":{\"@type\":\"ListItem\",\"@id\":\"https:\\\/\\\/allasorias.hu\\\/hirek\\\/sok-pedagogust-kell-potolni-az-oltatlansaguk-miatt\\\/#listItem\",\"name\":\"Sok pedag\\u00f3gust kell p\\u00f3tolni az oltatlans\\u00e1guk miatt\"},\"previousItem\":{\"@type\":\"ListItem\",\"@id\":\"https:\\\/\\\/allasorias.hu\\\/hirek#listItem\",\"name\":\"Home\"}},{\"@type\":\"ListItem\",\"@id\":\"https:\\\/\\\/allasorias.hu\\\/hirek\\\/sok-pedagogust-kell-potolni-az-oltatlansaguk-miatt\\\/#listItem\",\"position\":3,\"name\":\"Sok pedag\\u00f3gust kell p\\u00f3tolni az oltatlans\\u00e1guk miatt\",\"previousItem\":{\"@type\":\"ListItem\",\"@id\":\"https:\\\/\\\/allasorias.hu\\\/hirek\\\/temak\\\/munkaeropiac\\\/#listItem\",\"name\":\"Munkaer\\u0151piac\"}}]},{\"@type\":\"Organization\",\"@id\":\"https:\\\/\\\/allasorias.hu\\\/hirek\\\/#organization\",\"name\":\"AllasOrias.hu | H\\u00edrek-lapszemle\",\"description\":\"\\u00dczleti h\\u00edrek az \\u00e1ll\\u00e1s \\u00e9s a munka vil\\u00e1g\\u00e1b\\u00f3l\",\"url\":\"https:\\\/\\\/allasorias.hu\\\/hirek\\\/\",\"logo\":{\"@type\":\"ImageObject\",\"url\":\"https:\\\/\\\/allasorias.hu\\\/hirek\\\/wp-content\\\/uploads\\\/2022\\\/10\\\/allasorias_site_facebok_logo.png\",\"@id\":\"https:\\\/\\\/allasorias.hu\\\/hirek\\\/sok-pedagogust-kell-potolni-az-oltatlansaguk-miatt\\\/#organizationLogo\"},\"image\":{\"@id\":\"https:\\\/\\\/allasorias.hu\\\/hirek\\\/sok-pedagogust-kell-potolni-az-oltatlansaguk-miatt\\\/#organizationLogo\"},\"sameAs\":[\"https:\\\/\\\/www.facebook.com\\\/allasorias\",\"https:\\\/\\\/www.linkedin.com\\\/company\\\/allasorias\"]},{\"@type\":\"Person\",\"@id\":\"https:\\\/\\\/allasorias.hu\\\/hirek\\\/author\\\/admin-allasorias\\\/#author\",\"url\":\"https:\\\/\\\/allasorias.hu\\\/hirek\\\/author\\\/admin-allasorias\\\/\",\"name\":\"Juh\\u00e1sz P\\u00e9ter\",\"image\":{\"@type\":\"ImageObject\",\"@id\":\"https:\\\/\\\/allasorias.hu\\\/hirek\\\/sok-pedagogust-kell-potolni-az-oltatlansaguk-miatt\\\/#authorImage\",\"url\":\"https:\\\/\\\/secure.gravatar.com\\\/avatar\\\/36e6bcb83148978b992977cb0f54d22feb0cce8a0a849a9410532bb2623ba4c6?s=96&d=mm&r=g\",\"width\":96,\"height\":96,\"caption\":\"Juh\\u00e1sz P\\u00e9ter\"}},{\"@type\":\"WebPage\",\"@id\":\"https:\\\/\\\/allasorias.hu\\\/hirek\\\/sok-pedagogust-kell-potolni-az-oltatlansaguk-miatt\\\/#webpage\",\"url\":\"https:\\\/\\\/allasorias.hu\\\/hirek\\\/sok-pedagogust-kell-potolni-az-oltatlansaguk-miatt\\\/\",\"name\":\"Sok pedag\\u00f3gust kell p\\u00f3tolni az oltatlans\\u00e1guk miatt | AllasOrias.hu | H\\u00edrek-lapszemle\",\"description\":\"T\\u00f6bb ezer pedag\\u00f3gus nem oltatta be mag\\u00e1t Magyarorsz\\u00e1gon. \\u00dajabb orsz\\u00e1gos felm\\u00e9r\\u00e9s k\\u00e9sz\\u00fclt a tan\\u00e1rok \\u00e9s az iskolai dolgoz\\u00f3k \\u00e1toltotts\\u00e1g\\u00e1ra vonatkoz\\u00f3an. A helyzet a Nemzeti Pedag\\u00f3gus Kar (NPK) eln\\u00f6ke, Horv\\u00e1th P\\u00e9ter szerint aggaszt\\u00f3: t\\u00f6bb ezer pedag\\u00f3gus nem vette fel eddig az olt\\u00e1st. A felm\\u00e9r\\u00e9st az NPK ind\\u00edtotta az\\u00e9rt, hogy kider\\u00edts\\u00e9k, janu\\u00e1rt\\u00f3l h\\u00e1ny pedag\\u00f3gust \\u00e9s m\\u00e1s iskolai\",\"inLanguage\":\"hu-HU\",\"isPartOf\":{\"@id\":\"https:\\\/\\\/allasorias.hu\\\/hirek\\\/#website\"},\"breadcrumb\":{\"@id\":\"https:\\\/\\\/allasorias.hu\\\/hirek\\\/sok-pedagogust-kell-potolni-az-oltatlansaguk-miatt\\\/#breadcrumblist\"},\"author\":{\"@id\":\"https:\\\/\\\/allasorias.hu\\\/hirek\\\/author\\\/admin-allasorias\\\/#author\"},\"creator\":{\"@id\":\"https:\\\/\\\/allasorias.hu\\\/hirek\\\/author\\\/admin-allasorias\\\/#author\"},\"image\":{\"@type\":\"ImageObject\",\"url\":\"https:\\\/\\\/allasorias.hu\\\/hirek\\\/wp-content\\\/uploads\\\/2021\\\/12\\\/senior-male-professor-explaining-writing-green-chalkboard.jpg\",\"@id\":\"https:\\\/\\\/allasorias.hu\\\/hirek\\\/sok-pedagogust-kell-potolni-az-oltatlansaguk-miatt\\\/#mainImage\",\"width\":1920,\"height\":1282},\"primaryImageOfPage\":{\"@id\":\"https:\\\/\\\/allasorias.hu\\\/hirek\\\/sok-pedagogust-kell-potolni-az-oltatlansaguk-miatt\\\/#mainImage\"},\"datePublished\":\"2021-12-01T08:38:28+02:00\",\"dateModified\":\"2021-12-01T08:38:28+02:00\"},{\"@type\":\"WebSite\",\"@id\":\"https:\\\/\\\/allasorias.hu\\\/hirek\\\/#website\",\"url\":\"https:\\\/\\\/allasorias.hu\\\/hirek\\\/\",\"name\":\"AllasOrias.hu | H\\u00edrek-lapszemle\",\"description\":\"\\u00dczleti h\\u00edrek az \\u00e1ll\\u00e1s \\u00e9s a munka vil\\u00e1g\\u00e1b\\u00f3l\",\"inLanguage\":\"hu-HU\",\"publisher\":{\"@id\":\"https:\\\/\\\/allasorias.hu\\\/hirek\\\/#organization\"}}]}\n\t\t<\/script>\n\t\t<!-- All in One SEO -->\n\n","aioseo_head_json":{"title":"Sok pedag\u00f3gust kell p\u00f3tolni az oltatlans\u00e1guk miatt | AllasOrias.hu | H\u00edrek-lapszemle","description":"T\u00f6bb ezer pedag\u00f3gus nem oltatta be mag\u00e1t Magyarorsz\u00e1gon. \u00dajabb orsz\u00e1gos felm\u00e9r\u00e9s k\u00e9sz\u00fclt a tan\u00e1rok \u00e9s az iskolai dolgoz\u00f3k \u00e1toltotts\u00e1g\u00e1ra vonatkoz\u00f3an. A helyzet a Nemzeti Pedag\u00f3gus Kar (NPK) eln\u00f6ke, Horv\u00e1th P\u00e9ter szerint aggaszt\u00f3: t\u00f6bb ezer pedag\u00f3gus nem vette fel eddig az olt\u00e1st. A felm\u00e9r\u00e9st az NPK ind\u00edtotta az\u00e9rt, hogy kider\u00edts\u00e9k, janu\u00e1rt\u00f3l h\u00e1ny pedag\u00f3gust \u00e9s m\u00e1s iskolai","canonical_url":"https:\/\/allasorias.hu\/hirek\/sok-pedagogust-kell-potolni-az-oltatlansaguk-miatt\/","robots":"max-image-preview:large","keywords":"","webmasterTools":{"miscellaneous":""},"schema":{"@context":"https:\/\/schema.org","@graph":[{"@type":"Article","@id":"https:\/\/allasorias.hu\/hirek\/sok-pedagogust-kell-potolni-az-oltatlansaguk-miatt\/#article","name":"Sok pedag\u00f3gust kell p\u00f3tolni az oltatlans\u00e1guk miatt | AllasOrias.hu | H\u00edrek-lapszemle","headline":"Sok pedag\u00f3gust kell p\u00f3tolni az oltatlans\u00e1guk miatt","author":{"@id":"https:\/\/allasorias.hu\/hirek\/author\/admin-allasorias\/#author"},"publisher":{"@id":"https:\/\/allasorias.hu\/hirek\/#organization"},"image":{"@type":"ImageObject","url":"https:\/\/allasorias.hu\/hirek\/wp-content\/uploads\/2021\/12\/senior-male-professor-explaining-writing-green-chalkboard.jpg","width":1920,"height":1282},"datePublished":"2021-12-01T08:38:28+02:00","dateModified":"2021-12-01T08:38:28+02:00","inLanguage":"hu-HU","mainEntityOfPage":{"@id":"https:\/\/allasorias.hu\/hirek\/sok-pedagogust-kell-potolni-az-oltatlansaguk-miatt\/#webpage"},"isPartOf":{"@id":"https:\/\/allasorias.hu\/hirek\/sok-pedagogust-kell-potolni-az-oltatlansaguk-miatt\/#webpage"},"articleSection":"Munkaer\u0151piac"},{"@type":"BreadcrumbList","@id":"https:\/\/allasorias.hu\/hirek\/sok-pedagogust-kell-potolni-az-oltatlansaguk-miatt\/#breadcrumblist","itemListElement":[{"@type":"ListItem","@id":"https:\/\/allasorias.hu\/hirek#listItem","position":1,"name":"Home","item":"https:\/\/allasorias.hu\/hirek","nextItem":{"@type":"ListItem","@id":"https:\/\/allasorias.hu\/hirek\/temak\/munkaeropiac\/#listItem","name":"Munkaer\u0151piac"}},{"@type":"ListItem","@id":"https:\/\/allasorias.hu\/hirek\/temak\/munkaeropiac\/#listItem","position":2,"name":"Munkaer\u0151piac","item":"https:\/\/allasorias.hu\/hirek\/temak\/munkaeropiac\/","nextItem":{"@type":"ListItem","@id":"https:\/\/allasorias.hu\/hirek\/sok-pedagogust-kell-potolni-az-oltatlansaguk-miatt\/#listItem","name":"Sok pedag\u00f3gust kell p\u00f3tolni az oltatlans\u00e1guk miatt"},"previousItem":{"@type":"ListItem","@id":"https:\/\/allasorias.hu\/hirek#listItem","name":"Home"}},{"@type":"ListItem","@id":"https:\/\/allasorias.hu\/hirek\/sok-pedagogust-kell-potolni-az-oltatlansaguk-miatt\/#listItem","position":3,"name":"Sok pedag\u00f3gust kell p\u00f3tolni az oltatlans\u00e1guk miatt","previousItem":{"@type":"ListItem","@id":"https:\/\/allasorias.hu\/hirek\/temak\/munkaeropiac\/#listItem","name":"Munkaer\u0151piac"}}]},{"@type":"Organization","@id":"https:\/\/allasorias.hu\/hirek\/#organization","name":"AllasOrias.hu | H\u00edrek-lapszemle","description":"\u00dczleti h\u00edrek az \u00e1ll\u00e1s \u00e9s a munka vil\u00e1g\u00e1b\u00f3l","url":"https:\/\/allasorias.hu\/hirek\/","logo":{"@type":"ImageObject","url":"https:\/\/allasorias.hu\/hirek\/wp-content\/uploads\/2022\/10\/allasorias_site_facebok_logo.png","@id":"https:\/\/allasorias.hu\/hirek\/sok-pedagogust-kell-potolni-az-oltatlansaguk-miatt\/#organizationLogo"},"image":{"@id":"https:\/\/allasorias.hu\/hirek\/sok-pedagogust-kell-potolni-az-oltatlansaguk-miatt\/#organizationLogo"},"sameAs":["https:\/\/www.facebook.com\/allasorias","https:\/\/www.linkedin.com\/company\/allasorias"]},{"@type":"Person","@id":"https:\/\/allasorias.hu\/hirek\/author\/admin-allasorias\/#author","url":"https:\/\/allasorias.hu\/hirek\/author\/admin-allasorias\/","name":"Juh\u00e1sz P\u00e9ter","image":{"@type":"ImageObject","@id":"https:\/\/allasorias.hu\/hirek\/sok-pedagogust-kell-potolni-az-oltatlansaguk-miatt\/#authorImage","url":"https:\/\/secure.gravatar.com\/avatar\/36e6bcb83148978b992977cb0f54d22feb0cce8a0a849a9410532bb2623ba4c6?s=96&d=mm&r=g","width":96,"height":96,"caption":"Juh\u00e1sz P\u00e9ter"}},{"@type":"WebPage","@id":"https:\/\/allasorias.hu\/hirek\/sok-pedagogust-kell-potolni-az-oltatlansaguk-miatt\/#webpage","url":"https:\/\/allasorias.hu\/hirek\/sok-pedagogust-kell-potolni-az-oltatlansaguk-miatt\/","name":"Sok pedag\u00f3gust kell p\u00f3tolni az oltatlans\u00e1guk miatt | AllasOrias.hu | H\u00edrek-lapszemle","description":"T\u00f6bb ezer pedag\u00f3gus nem oltatta be mag\u00e1t Magyarorsz\u00e1gon. \u00dajabb orsz\u00e1gos felm\u00e9r\u00e9s k\u00e9sz\u00fclt a tan\u00e1rok \u00e9s az iskolai dolgoz\u00f3k \u00e1toltotts\u00e1g\u00e1ra vonatkoz\u00f3an. A helyzet a Nemzeti Pedag\u00f3gus Kar (NPK) eln\u00f6ke, Horv\u00e1th P\u00e9ter szerint aggaszt\u00f3: t\u00f6bb ezer pedag\u00f3gus nem vette fel eddig az olt\u00e1st. A felm\u00e9r\u00e9st az NPK ind\u00edtotta az\u00e9rt, hogy kider\u00edts\u00e9k, janu\u00e1rt\u00f3l h\u00e1ny pedag\u00f3gust \u00e9s m\u00e1s iskolai","inLanguage":"hu-HU","isPartOf":{"@id":"https:\/\/allasorias.hu\/hirek\/#website"},"breadcrumb":{"@id":"https:\/\/allasorias.hu\/hirek\/sok-pedagogust-kell-potolni-az-oltatlansaguk-miatt\/#breadcrumblist"},"author":{"@id":"https:\/\/allasorias.hu\/hirek\/author\/admin-allasorias\/#author"},"creator":{"@id":"https:\/\/allasorias.hu\/hirek\/author\/admin-allasorias\/#author"},"image":{"@type":"ImageObject","url":"https:\/\/allasorias.hu\/hirek\/wp-content\/uploads\/2021\/12\/senior-male-professor-explaining-writing-green-chalkboard.jpg","@id":"https:\/\/allasorias.hu\/hirek\/sok-pedagogust-kell-potolni-az-oltatlansaguk-miatt\/#mainImage","width":1920,"height":1282},"primaryImageOfPage":{"@id":"https:\/\/allasorias.hu\/hirek\/sok-pedagogust-kell-potolni-az-oltatlansaguk-miatt\/#mainImage"},"datePublished":"2021-12-01T08:38:28+02:00","dateModified":"2021-12-01T08:38:28+02:00"},{"@type":"WebSite","@id":"https:\/\/allasorias.hu\/hirek\/#website","url":"https:\/\/allasorias.hu\/hirek\/","name":"AllasOrias.hu | H\u00edrek-lapszemle","description":"\u00dczleti h\u00edrek az \u00e1ll\u00e1s \u00e9s a munka vil\u00e1g\u00e1b\u00f3l","inLanguage":"hu-HU","publisher":{"@id":"https:\/\/allasorias.hu\/hirek\/#organization"}}]},"og:locale":"hu_HU","og:site_name":"AllasOrias.hu | H\u00edrek-lapszemle | \u00dczleti h\u00edrek az \u00e1ll\u00e1s \u00e9s a munka vil\u00e1g\u00e1b\u00f3l","og:type":"article","og:title":"Sok pedag\u00f3gust kell p\u00f3tolni az oltatlans\u00e1guk miatt | AllasOrias.hu | H\u00edrek-lapszemle","og:description":"T\u00f6bb ezer pedag\u00f3gus nem oltatta be mag\u00e1t Magyarorsz\u00e1gon. \u00dajabb orsz\u00e1gos felm\u00e9r\u00e9s k\u00e9sz\u00fclt a tan\u00e1rok \u00e9s az iskolai dolgoz\u00f3k \u00e1toltotts\u00e1g\u00e1ra vonatkoz\u00f3an. A helyzet a Nemzeti Pedag\u00f3gus Kar (NPK) eln\u00f6ke, Horv\u00e1th P\u00e9ter szerint aggaszt\u00f3: t\u00f6bb ezer pedag\u00f3gus nem vette fel eddig az olt\u00e1st. A felm\u00e9r\u00e9st az NPK ind\u00edtotta az\u00e9rt, hogy kider\u00edts\u00e9k, janu\u00e1rt\u00f3l h\u00e1ny pedag\u00f3gust \u00e9s m\u00e1s iskolai","og:url":"https:\/\/allasorias.hu\/hirek\/sok-pedagogust-kell-potolni-az-oltatlansaguk-miatt\/","og:image":"https:\/\/allasorias.hu\/hirek\/wp-content\/uploads\/2021\/12\/senior-male-professor-explaining-writing-green-chalkboard.jpg","og:image:secure_url":"https:\/\/allasorias.hu\/hirek\/wp-content\/uploads\/2021\/12\/senior-male-professor-explaining-writing-green-chalkboard.jpg","og:image:width":1920,"og:image:height":1282,"article:published_time":"2021-12-01T08:38:28+00:00","article:modified_time":"2021-12-01T08:38:28+00:00","article:publisher":"https:\/\/www.facebook.com\/allasorias","twitter:card":"summary_large_image","twitter:title":"Sok pedag\u00f3gust kell p\u00f3tolni az oltatlans\u00e1guk miatt | AllasOrias.hu | H\u00edrek-lapszemle","twitter:description":"T\u00f6bb ezer pedag\u00f3gus nem oltatta be mag\u00e1t Magyarorsz\u00e1gon. \u00dajabb orsz\u00e1gos felm\u00e9r\u00e9s k\u00e9sz\u00fclt a tan\u00e1rok \u00e9s az iskolai dolgoz\u00f3k \u00e1toltotts\u00e1g\u00e1ra vonatkoz\u00f3an. A helyzet a Nemzeti Pedag\u00f3gus Kar (NPK) eln\u00f6ke, Horv\u00e1th P\u00e9ter szerint aggaszt\u00f3: t\u00f6bb ezer pedag\u00f3gus nem vette fel eddig az olt\u00e1st. A felm\u00e9r\u00e9st az NPK ind\u00edtotta az\u00e9rt, hogy kider\u00edts\u00e9k, janu\u00e1rt\u00f3l h\u00e1ny pedag\u00f3gust \u00e9s m\u00e1s iskolai","twitter:image":"https:\/\/allasorias.hu\/hirek\/wp-content\/uploads\/2021\/12\/senior-male-professor-explaining-writing-green-chalkboard.jpg","twitter:label1":"Written by","twitter:data1":"Juh\u00e1sz P\u00e9ter","twitter:label2":"Est. reading time","twitter:data2":"2 minutes"},"aioseo_meta_data":{"post_id":"5227","title":null,"description":null,"keywords":[],"keyphrases":{"focus":[],"additional":[]},"primary_term":null,"canonical_url":null,"og_title":null,"og_description":null,"og_object_type":"default","og_image_type":"default","og_image_url":null,"og_image_width":null,"og_image_height":null,"og_image_custom_url":null,"og_image_custom_fields":null,"og_video":"","og_custom_url":null,"og_article_section":null,"og_article_tags":[],"twitter_use_og":false,"twitter_card":"default","twitter_image_type":"default","twitter_image_url":null,"twitter_image_custom_url":null,"twitter_image_custom_fields":null,"twitter_title":null,"twitter_description":null,"schema":{"blockGraphs":[],"customGraphs":[],"default":{"data":{"Article":[],"Course":[],"Dataset":[],"FAQPage":[],"Movie":[],"Person":[],"Product":[],"ProductReview":[],"Car":[],"Recipe":[],"Service":[],"SoftwareApplication":[],"WebPage":[]},"graphName":"","isEnabled":true},"graphs":[]},"schema_type":"default","schema_type_options":"{\"article\":{\"articleType\":\"BlogPosting\"},\"course\":{\"name\":\"\",\"description\":\"\",\"provider\":\"\"},\"faq\":{\"pages\":[]},\"product\":{\"reviews\":[]},\"recipe\":{\"ingredients\":[],\"instructions\":[],\"keywords\":[]},\"software\":{\"reviews\":[],\"operatingSystems\":[]},\"webPage\":{\"webPageType\":\"WebPage\"}}","pillar_content":false,"robots_default":true,"robots_noindex":false,"robots_noarchive":false,"robots_nosnippet":false,"robots_nofollow":false,"robots_noimageindex":false,"robots_noodp":false,"robots_notranslate":false,"robots_max_snippet":"-1","robots_max_videopreview":"-1","robots_max_imagepreview":"large","priority":null,"frequency":"default","location":null,"local_seo":{"locations":{"business":{"name":"","businessType":"","image":"","areaServed":"","urls":{"website":"","aboutPage":"","contactPage":""},"address":{"streetLine1":"","streetLine2":"","zipCode":"","city":"","state":"","country":"","addressFormat":"#streetLineOne\n#streetLineTwo\n#city, #state #zipCode"},"contact":{"email":"","phone":"","phoneFormatted":"","fax":"","faxFormatted":""},"ids":{"vat":"","tax":"","chamberOfCommerce":""},"payment":{"priceRange":"","currenciesAccepted":"","methods":""}}},"openingHours":{"useDefaults":true,"show":true,"alwaysOpen":false,"use24hFormat":false,"timezone":"","labels":{"closed":"","alwaysOpen":""},"days":{"monday":{"open24h":false,"closed":false,"openTime":"09:00","closeTime":"17:00"},"tuesday":{"open24h":false,"closed":false,"openTime":"09:00","closeTime":"17:00"},"wednesday":{"open24h":false,"closed":false,"openTime":"09:00","closeTime":"17:00"},"thursday":{"open24h":false,"closed":false,"openTime":"09:00","closeTime":"17:00"},"friday":{"open24h":false,"closed":false,"openTime":"09:00","closeTime":"17:00"},"saturday":{"open24h":false,"closed":false,"openTime":"09:00","closeTime":"17:00"},"sunday":{"open24h":false,"closed":false,"openTime":"09:00","closeTime":"17:00"}}}},"breadcrumb_settings":null,"limit_modified_date":false,"ai":null,"created":"2021-12-01 08:36:15","updated":"2025-10-02 16:28:18","seo_analyzer_scan_date":null,"focus_keyword":null,"additional_keywords":null,"truseo_locale":null},"aioseo_breadcrumb":"<div class=\"aioseo-breadcrumbs\"><span class=\"aioseo-breadcrumb\">\n\t\t\t<a href=\"https:\/\/allasorias.hu\/hirek\" title=\"Home\">Home<\/a>\n\t\t<\/span><span class=\"aioseo-breadcrumb-separator\">&raquo;<\/span><span class=\"aioseo-breadcrumb\">\n\t\t\t<a href=\"https:\/\/allasorias.hu\/hirek\/temak\/munkaeropiac\/\" title=\"Munkaer\u0151piac\">Munkaer\u0151piac<\/a>\n\t\t<\/span><span class=\"aioseo-breadcrumb-separator\">&raquo;<\/span><span class=\"aioseo-breadcrumb\">\n\t\t\tSok pedag\u00f3gust kell p\u00f3tolni az oltatlans\u00e1guk miatt\n\t\t<\/span><\/div>","aioseo_breadcrumb_json":[{"label":"Home","link":"https:\/\/allasorias.hu\/hirek"},{"label":"Munkaer\u0151piac","link":"https:\/\/allasorias.hu\/hirek\/temak\/munkaeropiac\/"},{"label":"Sok pedag\u00f3gust kell p\u00f3tolni az oltatlans\u00e1guk miatt","link":"https:\/\/allasorias.hu\/hirek\/sok-pedagogust-kell-potolni-az-oltatlansaguk-miatt\/"}],"_links":{"self":[{"href":"https:\/\/allasorias.hu\/hirek\/wp-json\/wp\/v2\/posts\/5227","targetHints":{"allow":["GET"]}}],"collection":[{"href":"https:\/\/allasorias.hu\/hirek\/wp-json\/wp\/v2\/posts"}],"about":[{"href":"https:\/\/allasorias.hu\/hirek\/wp-json\/wp\/v2\/types\/post"}],"author":[{"embeddable":true,"href":"https:\/\/allasorias.hu\/hirek\/wp-json\/wp\/v2\/users\/1"}],"replies":[{"embeddable":true,"href":"https:\/\/allasorias.hu\/hirek\/wp-json\/wp\/v2\/comments?post=5227"}],"version-history":[{"count":1,"href":"https:\/\/allasorias.hu\/hirek\/wp-json\/wp\/v2\/posts\/5227\/revisions"}],"predecessor-version":[{"id":5229,"href":"https:\/\/allasorias.hu\/hirek\/wp-json\/wp\/v2\/posts\/5227\/revisions\/5229"}],"wp:featuredmedia":[{"embeddable":true,"href":"https:\/\/allasorias.hu\/hirek\/wp-json\/wp\/v2\/media\/5228"}],"wp:attachment":[{"href":"https:\/\/allasorias.hu\/hirek\/wp-json\/wp\/v2\/media?parent=5227"}],"wp:term":[{"taxonomy":"category","embeddable":true,"href":"https:\/\/allasorias.hu\/hirek\/wp-json\/wp\/v2\/categories?post=5227"},{"taxonomy":"post_tag","embeddable":true,"href":"https:\/\/allasorias.hu\/hirek\/wp-json\/wp\/v2\/tags?post=5227"}],"curies":[{"name":"wp","href":"https:\/\/api.w.org\/{rel}","templated":true}]}}