{"id":5203,"date":"2021-11-19T08:27:42","date_gmt":"2021-11-19T08:27:42","guid":{"rendered":"https:\/\/allasorias.hu\/hirek\/?p=5203"},"modified":"2021-11-22T08:34:32","modified_gmt":"2021-11-22T08:34:32","slug":"segitik-a-dolgozni-akarokat","status":"publish","type":"post","link":"https:\/\/allasorias.hu\/hirek\/segitik-a-dolgozni-akarokat\/","title":{"rendered":"Seg\u00edtik a dolgozni akar\u00f3kat"},"content":{"rendered":"<p><strong>Mostan\u00e1ig t\u00f6bb mint 34 ezer regisztr\u00e1lt \u00e1ll\u00e1skeres\u0151 \u00faj munkaad\u00f3ja ny\u00fajtott be k\u00e9relmet, mintegy 28 ezer \u00faj alkalmazott ut\u00e1n pedig meg is \u00edt\u00e9lt\u00e9k a korm\u00e1nyzati t\u00e1mogat\u00e1st&#8221; &#8211; jelentette be Schanda Tam\u00e1s. &#8222;A V\u00e1llalkoz\u00e1sok munkaer\u0151 t\u00e1mogat\u00e1sa programban meg\u00edt\u00e9lt \u00f6sszes forr\u00e1s m\u00e1r meghaladta a 15 milli\u00e1rd forintot. <\/strong><\/p>\n<p>Az Innov\u00e1ci\u00f3s \u00e9s Technol\u00f3giai Miniszt\u00e9rium (ITM) parlamenti \u00e9s strat\u00e9giai \u00e1llamtitk\u00e1ra hozz\u00e1tette: a j\u00f3l c\u00e9lzott seg\u00edts\u00e9g els\u0151sorban a keleti orsz\u00e1gr\u00e9szben j\u00e1rul hozz\u00e1 a dolgozni akar\u00f3k elhelyezked\u00e9s\u00e9hez. Az ITM cs\u00fct\u00f6rt\u00f6ki k\u00f6zlem\u00e9nye eml\u00e9keztet: a V\u00e1llalkoz\u00e1sok munkaer\u0151 t\u00e1mogat\u00e1sa 2020 \u0151sz\u00e9t\u0151l eredetileg a 25 \u00e9v alattiak \u00e9s az alacsony iskolai v\u00e9gzetts\u00e9g\u0171ek alkalmaz\u00e1s\u00e1ra \u00f6szt\u00f6n\u00f6zte a foglalkoztat\u00f3kat. Ny\u00e1r eleje \u00f3ta m\u00e1r minden, legal\u00e1bb egy h\u00f3napja regisztr\u00e1lt \u00e1ll\u00e1skeres\u0151 felv\u00e9tel\u00e9hez ig\u00e9nyelhet\u0151 az \u00e1llami hozz\u00e1j\u00e1rul\u00e1s. A t\u00e1mogat\u00e1s m\u00e9rt\u00e9ke teljes munkaid\u0151s foglalkoztat\u00e1s eset\u00e9n havonta a b\u00e9rk\u00f6lts\u00e9g &#8211; vagyis a brutt\u00f3 munkab\u00e9r \u00e9s szoci\u00e1lis hozz\u00e1j\u00e1rul\u00e1si ad\u00f3 &#8211; fele, de legfeljebb 100 ezer forint lehet. A munkaad\u00f3k f\u00e9l \u00e9ven \u00e1t \u00edgy \u00f6sszesen ak\u00e1r 600 ezer forintot kaphatnak egy \u00faj koll\u00e9ga felv\u00e9tele ut\u00e1n. A program b\u0151v\u00edt\u00e9s\u00e9vel novembert\u0151l el\u00e9rhet\u0151 \u00faj b\u00e9rt\u00e1mogat\u00e1s kifejezetten a szakk\u00e9pzetts\u00e9ggel rendelkez\u0151, 30 \u00e9v alatti \u00e1ll\u00e1skeres\u0151ket c\u00e9lozza meg. Az els\u0151 kilencven napban a frissen felvettek munkatapasztalat-szerz\u00e9s\u00e9nek k\u00f6lts\u00e9geit t\u00e9r\u00edtik meg, a folytat\u00e1sban f\u00e9l \u00e9ven \u00e1t ig\u00e9nyelhet\u0151 a V\u00e1llalkoz\u00e1sok munkaer\u0151 t\u00e1mogat\u00e1sa is. Egy szakk\u00e9pzett fiatal munk\u00e1ba \u00e1ll\u00e1s\u00e1t \u00f6sszesen t\u00f6bb mint 1,9 milli\u00f3 forintnyi munk\u00e1ltat\u00f3i kiad\u00e1s \u00e1tv\u00e1llal\u00e1s\u00e1val k\u00f6nny\u00edtheti meg a korm\u00e1ny. Az els\u0151 n\u00e9h\u00e1ny h\u00e9ten 147 ember ut\u00e1n k\u00e9rtek \u00f6sszesen t\u00f6bb mint 124 milli\u00f3 forint t\u00e1mogat\u00e1st. A program r\u00e9szletes felt\u00e9telei a munka.hu oldalon olvashat\u00f3k. Schanda Tam\u00e1s kifejtette: &#8222;A magyar emberek nem seg\u00e9lyb\u0151l, hanem munk\u00e1b\u00f3l szeretn\u00e9nek meg\u00e9lni. A rendszerv\u00e1lt\u00e1s \u00f3ta nem tapasztalt szinten \u00e1ll a foglalkoztat\u00e1s, mintegy 4,7 milli\u00f3an dolgoznak Magyarorsz\u00e1gon. Az \u00e1ll\u00e1skeres\u0151k sz\u00e1ma m\u00e1r j\u00f3csk\u00e1n a tavaly janu\u00e1ri \u00e9rt\u00e9k al\u00e1 cs\u00f6kkent, \u00e9s v\u00e1rhat\u00f3an tov\u00e1bb m\u00e9rs\u00e9kl\u0151dik. A magyar csal\u00e1dok m\u00e9g nagyobb m\u00e9rt\u00e9kben r\u00e9szes\u00fclhetnek a gazdas\u00e1gi n\u00f6veked\u00e9s eredm\u00e9nyeib\u0151l a minim\u00e1lb\u00e9r \u00e9s a garant\u00e1lt b\u00e9rminimum k\u00f6zel h\u00fasz sz\u00e1zal\u00e9kos megemel\u00e9s\u00e9vel. A munkaalap\u00fa t\u00e1rsadalom \u00e9s gazdas\u00e1g ki\u00e9p\u00edt\u00e9s\u00e9ben el\u00e9rt eredm\u00e9nyeket teh\u00e1t megv\u00e9dt\u00fck, \u00fctemveszt\u00e9s n\u00e9lk\u00fcl haladunk tov\u00e1bb a teljes foglalkoztat\u00e1s fel\u00e9.&#8221; Az \u00e1llamtitk\u00e1r hozz\u00e1tette, hogy a V\u00e1llalkoz\u00e1sok munkaer\u0151 t\u00e1mogat\u00e1sa \u00fajabb k\u00e9zzelfoghat\u00f3 seg\u00edts\u00e9get jelent az \u00e1ll\u00e1skeres\u0151k sz\u00e1m\u00e1ra. A kezdem\u00e9nyez\u00e9s k\u00fcl\u00f6n\u00f6sen a keleti orsz\u00e1gr\u00e9szben sikeres, a t\u00e1mogatottak tizede Hajd\u00fa-Bihar megyei, 9-9 sz\u00e1zal\u00e9ka \u00e9l B\u00e1cs-Kiskun vagy Borsod-Aba\u00faj-Zempl\u00e9n megy\u00e9ben. A meg\u00edt\u00e9lt \u00f6sszegekben m\u00e1r \u00e1tl\u00e9pte az egymilli\u00e1rdos hat\u00e1rt Baranya, B\u00e9k\u00e9s \u00e9s Szabolcs-Szatm\u00e1r-Bereg megye is. Minden m\u00e1sodik munk\u00e1ba \u00e1ll\u00f3 e hat megy\u00e9ben lakik, az elnyert forr\u00e1sok fele itt hasznosul &#8211; olvashat\u00f3 az ITM k\u00f6zlem\u00e9ny\u00e9ben.<\/p>\n<p>Forr\u00e1s: profitline.hu<\/p>\n<p>&nbsp;<\/p>\n","protected":false},"excerpt":{"rendered":"<p>Mostan\u00e1ig t\u00f6bb mint 34 ezer regisztr\u00e1lt \u00e1ll\u00e1skeres\u0151 \u00faj munkaad\u00f3ja ny\u00fajtott be k\u00e9relmet, mintegy 28 ezer \u00faj alkalmazott ut\u00e1n pedig meg is \u00edt\u00e9lt\u00e9k a korm\u00e1nyzati t\u00e1mogat\u00e1st&#8221; &#8211; jelentette be Schanda Tam\u00e1s. &#8222;A V\u00e1llalkoz\u00e1sok munkaer\u0151 t\u00e1mogat\u00e1sa programban meg\u00edt\u00e9lt \u00f6sszes forr\u00e1s m\u00e1r meghaladta a 15 milli\u00e1rd forintot. Az Innov\u00e1ci\u00f3s \u00e9s Technol\u00f3giai Miniszt\u00e9rium (ITM) parlamenti \u00e9s strat\u00e9giai \u00e1llamtitk\u00e1ra hozz\u00e1tette: [&hellip;]<\/p>\n","protected":false},"author":1,"featured_media":4771,"comment_status":"open","ping_status":"open","sticky":false,"template":"","format":"standard","meta":{"_monsterinsights_skip_tracking":false,"footnotes":""},"categories":[200],"tags":[],"class_list":["post-5203","post","type-post","status-publish","format-standard","has-post-thumbnail","hentry","category-munkaeropiac"],"aioseo_notices":[],"aioseo_head":"\n\t\t<!-- All in One SEO 5.0.0.1 - aioseo.com -->\n\t<meta name=\"description\" content=\"Mostan\u00e1ig t\u00f6bb mint 34 ezer regisztr\u00e1lt \u00e1ll\u00e1skeres\u0151 \u00faj munkaad\u00f3ja ny\u00fajtott be k\u00e9relmet, mintegy 28 ezer \u00faj alkalmazott ut\u00e1n pedig meg is \u00edt\u00e9lt\u00e9k a korm\u00e1nyzati t\u00e1mogat\u00e1st&quot; - jelentette be Schanda Tam\u00e1s. &quot;A V\u00e1llalkoz\u00e1sok munkaer\u0151 t\u00e1mogat\u00e1sa programban meg\u00edt\u00e9lt \u00f6sszes forr\u00e1s m\u00e1r meghaladta a 15 milli\u00e1rd forintot. Az Innov\u00e1ci\u00f3s \u00e9s Technol\u00f3giai Miniszt\u00e9rium (ITM) parlamenti \u00e9s strat\u00e9giai \u00e1llamtitk\u00e1ra hozz\u00e1tette:\" \/>\n\t<meta name=\"robots\" content=\"max-image-preview:large\" \/>\n\t<meta name=\"author\" content=\"Juh\u00e1sz P\u00e9ter\"\/>\n\t<link rel=\"canonical\" href=\"https:\/\/allasorias.hu\/hirek\/segitik-a-dolgozni-akarokat\/\" \/>\n\t<meta name=\"generator\" content=\"All in One SEO (AIOSEO) 5.0.0.1\" \/>\n\t\t<meta property=\"og:locale\" content=\"hu_HU\" \/>\n\t\t<meta property=\"og:site_name\" content=\"AllasOrias.hu | H\u00edrek-lapszemle | \u00dczleti h\u00edrek az \u00e1ll\u00e1s \u00e9s a munka vil\u00e1g\u00e1b\u00f3l\" \/>\n\t\t<meta property=\"og:type\" content=\"article\" \/>\n\t\t<meta property=\"og:title\" content=\"Seg\u00edtik a dolgozni akar\u00f3kat | AllasOrias.hu | H\u00edrek-lapszemle\" \/>\n\t\t<meta property=\"og:description\" content=\"Mostan\u00e1ig t\u00f6bb mint 34 ezer regisztr\u00e1lt \u00e1ll\u00e1skeres\u0151 \u00faj munkaad\u00f3ja ny\u00fajtott be k\u00e9relmet, mintegy 28 ezer \u00faj alkalmazott ut\u00e1n pedig meg is \u00edt\u00e9lt\u00e9k a korm\u00e1nyzati t\u00e1mogat\u00e1st&quot; - jelentette be Schanda Tam\u00e1s. &quot;A V\u00e1llalkoz\u00e1sok munkaer\u0151 t\u00e1mogat\u00e1sa programban meg\u00edt\u00e9lt \u00f6sszes forr\u00e1s m\u00e1r meghaladta a 15 milli\u00e1rd forintot. Az Innov\u00e1ci\u00f3s \u00e9s Technol\u00f3giai Miniszt\u00e9rium (ITM) parlamenti \u00e9s strat\u00e9giai \u00e1llamtitk\u00e1ra hozz\u00e1tette:\" \/>\n\t\t<meta property=\"og:url\" content=\"https:\/\/allasorias.hu\/hirek\/segitik-a-dolgozni-akarokat\/\" \/>\n\t\t<meta property=\"og:image\" content=\"https:\/\/allasorias.hu\/hirek\/wp-content\/uploads\/2021\/05\/handshake.jpg\" \/>\n\t\t<meta property=\"og:image:secure_url\" content=\"https:\/\/allasorias.hu\/hirek\/wp-content\/uploads\/2021\/05\/handshake.jpg\" \/>\n\t\t<meta property=\"og:image:width\" content=\"1920\" \/>\n\t\t<meta property=\"og:image:height\" content=\"1280\" \/>\n\t\t<meta property=\"article:published_time\" content=\"2021-11-19T08:27:42+00:00\" \/>\n\t\t<meta property=\"article:modified_time\" content=\"2021-11-22T08:34:32+00:00\" \/>\n\t\t<meta property=\"article:publisher\" content=\"https:\/\/www.facebook.com\/allasorias\" \/>\n\t\t<meta name=\"twitter:card\" content=\"summary_large_image\" \/>\n\t\t<meta name=\"twitter:title\" content=\"Seg\u00edtik a dolgozni akar\u00f3kat | AllasOrias.hu | H\u00edrek-lapszemle\" \/>\n\t\t<meta name=\"twitter:description\" content=\"Mostan\u00e1ig t\u00f6bb mint 34 ezer regisztr\u00e1lt \u00e1ll\u00e1skeres\u0151 \u00faj munkaad\u00f3ja ny\u00fajtott be k\u00e9relmet, mintegy 28 ezer \u00faj alkalmazott ut\u00e1n pedig meg is \u00edt\u00e9lt\u00e9k a korm\u00e1nyzati t\u00e1mogat\u00e1st&quot; - jelentette be Schanda Tam\u00e1s. &quot;A V\u00e1llalkoz\u00e1sok munkaer\u0151 t\u00e1mogat\u00e1sa programban meg\u00edt\u00e9lt \u00f6sszes forr\u00e1s m\u00e1r meghaladta a 15 milli\u00e1rd forintot. Az Innov\u00e1ci\u00f3s \u00e9s Technol\u00f3giai Miniszt\u00e9rium (ITM) parlamenti \u00e9s strat\u00e9giai \u00e1llamtitk\u00e1ra hozz\u00e1tette:\" \/>\n\t\t<meta name=\"twitter:image\" content=\"https:\/\/allasorias.hu\/hirek\/wp-content\/uploads\/2021\/05\/handshake.jpg\" \/>\n\t\t<meta name=\"twitter:label1\" content=\"Written by\" \/>\n\t\t<meta name=\"twitter:data1\" content=\"Juh\u00e1sz P\u00e9ter\" \/>\n\t\t<meta name=\"twitter:label2\" content=\"Est. reading time\" \/>\n\t\t<meta name=\"twitter:data2\" content=\"3 minutes\" \/>\n\t\t<script type=\"application\/ld+json\" class=\"aioseo-schema\">\n\t\t\t{\"@context\":\"https:\\\/\\\/schema.org\",\"@graph\":[{\"@type\":\"Article\",\"@id\":\"https:\\\/\\\/allasorias.hu\\\/hirek\\\/segitik-a-dolgozni-akarokat\\\/#article\",\"name\":\"Seg\\u00edtik a dolgozni akar\\u00f3kat | AllasOrias.hu | H\\u00edrek-lapszemle\",\"headline\":\"Seg\\u00edtik a dolgozni akar\\u00f3kat\",\"author\":{\"@id\":\"https:\\\/\\\/allasorias.hu\\\/hirek\\\/author\\\/admin-allasorias\\\/#author\"},\"publisher\":{\"@id\":\"https:\\\/\\\/allasorias.hu\\\/hirek\\\/#organization\"},\"image\":{\"@type\":\"ImageObject\",\"url\":\"https:\\\/\\\/allasorias.hu\\\/hirek\\\/wp-content\\\/uploads\\\/2021\\\/05\\\/handshake.jpg\",\"width\":1920,\"height\":1280,\"caption\":\"Two confident business man shaking hands during a meeting in the office, success, dealing, greeting and partner concept\"},\"datePublished\":\"2021-11-19T08:27:42+02:00\",\"dateModified\":\"2021-11-22T08:34:32+02:00\",\"inLanguage\":\"hu-HU\",\"mainEntityOfPage\":{\"@id\":\"https:\\\/\\\/allasorias.hu\\\/hirek\\\/segitik-a-dolgozni-akarokat\\\/#webpage\"},\"isPartOf\":{\"@id\":\"https:\\\/\\\/allasorias.hu\\\/hirek\\\/segitik-a-dolgozni-akarokat\\\/#webpage\"},\"articleSection\":\"Munkaer\\u0151piac\"},{\"@type\":\"BreadcrumbList\",\"@id\":\"https:\\\/\\\/allasorias.hu\\\/hirek\\\/segitik-a-dolgozni-akarokat\\\/#breadcrumblist\",\"itemListElement\":[{\"@type\":\"ListItem\",\"@id\":\"https:\\\/\\\/allasorias.hu\\\/hirek#listItem\",\"position\":1,\"name\":\"Home\",\"item\":\"https:\\\/\\\/allasorias.hu\\\/hirek\",\"nextItem\":{\"@type\":\"ListItem\",\"@id\":\"https:\\\/\\\/allasorias.hu\\\/hirek\\\/temak\\\/munkaeropiac\\\/#listItem\",\"name\":\"Munkaer\\u0151piac\"}},{\"@type\":\"ListItem\",\"@id\":\"https:\\\/\\\/allasorias.hu\\\/hirek\\\/temak\\\/munkaeropiac\\\/#listItem\",\"position\":2,\"name\":\"Munkaer\\u0151piac\",\"item\":\"https:\\\/\\\/allasorias.hu\\\/hirek\\\/temak\\\/munkaeropiac\\\/\",\"nextItem\":{\"@type\":\"ListItem\",\"@id\":\"https:\\\/\\\/allasorias.hu\\\/hirek\\\/segitik-a-dolgozni-akarokat\\\/#listItem\",\"name\":\"Seg\\u00edtik a dolgozni akar\\u00f3kat\"},\"previousItem\":{\"@type\":\"ListItem\",\"@id\":\"https:\\\/\\\/allasorias.hu\\\/hirek#listItem\",\"name\":\"Home\"}},{\"@type\":\"ListItem\",\"@id\":\"https:\\\/\\\/allasorias.hu\\\/hirek\\\/segitik-a-dolgozni-akarokat\\\/#listItem\",\"position\":3,\"name\":\"Seg\\u00edtik a dolgozni akar\\u00f3kat\",\"previousItem\":{\"@type\":\"ListItem\",\"@id\":\"https:\\\/\\\/allasorias.hu\\\/hirek\\\/temak\\\/munkaeropiac\\\/#listItem\",\"name\":\"Munkaer\\u0151piac\"}}]},{\"@type\":\"Organization\",\"@id\":\"https:\\\/\\\/allasorias.hu\\\/hirek\\\/#organization\",\"name\":\"AllasOrias.hu | H\\u00edrek-lapszemle\",\"description\":\"\\u00dczleti h\\u00edrek az \\u00e1ll\\u00e1s \\u00e9s a munka vil\\u00e1g\\u00e1b\\u00f3l\",\"url\":\"https:\\\/\\\/allasorias.hu\\\/hirek\\\/\",\"logo\":{\"@type\":\"ImageObject\",\"url\":\"https:\\\/\\\/allasorias.hu\\\/hirek\\\/wp-content\\\/uploads\\\/2022\\\/10\\\/allasorias_site_facebok_logo.png\",\"@id\":\"https:\\\/\\\/allasorias.hu\\\/hirek\\\/segitik-a-dolgozni-akarokat\\\/#organizationLogo\"},\"image\":{\"@id\":\"https:\\\/\\\/allasorias.hu\\\/hirek\\\/segitik-a-dolgozni-akarokat\\\/#organizationLogo\"},\"sameAs\":[\"https:\\\/\\\/www.facebook.com\\\/allasorias\",\"https:\\\/\\\/www.linkedin.com\\\/company\\\/allasorias\"]},{\"@type\":\"Person\",\"@id\":\"https:\\\/\\\/allasorias.hu\\\/hirek\\\/author\\\/admin-allasorias\\\/#author\",\"url\":\"https:\\\/\\\/allasorias.hu\\\/hirek\\\/author\\\/admin-allasorias\\\/\",\"name\":\"Juh\\u00e1sz P\\u00e9ter\",\"image\":{\"@type\":\"ImageObject\",\"@id\":\"https:\\\/\\\/allasorias.hu\\\/hirek\\\/segitik-a-dolgozni-akarokat\\\/#authorImage\",\"url\":\"https:\\\/\\\/secure.gravatar.com\\\/avatar\\\/36e6bcb83148978b992977cb0f54d22feb0cce8a0a849a9410532bb2623ba4c6?s=96&d=mm&r=g\",\"width\":96,\"height\":96,\"caption\":\"Juh\\u00e1sz P\\u00e9ter\"}},{\"@type\":\"WebPage\",\"@id\":\"https:\\\/\\\/allasorias.hu\\\/hirek\\\/segitik-a-dolgozni-akarokat\\\/#webpage\",\"url\":\"https:\\\/\\\/allasorias.hu\\\/hirek\\\/segitik-a-dolgozni-akarokat\\\/\",\"name\":\"Seg\\u00edtik a dolgozni akar\\u00f3kat | AllasOrias.hu | H\\u00edrek-lapszemle\",\"description\":\"Mostan\\u00e1ig t\\u00f6bb mint 34 ezer regisztr\\u00e1lt \\u00e1ll\\u00e1skeres\\u0151 \\u00faj munkaad\\u00f3ja ny\\u00fajtott be k\\u00e9relmet, mintegy 28 ezer \\u00faj alkalmazott ut\\u00e1n pedig meg is \\u00edt\\u00e9lt\\u00e9k a korm\\u00e1nyzati t\\u00e1mogat\\u00e1st\\\" - jelentette be Schanda Tam\\u00e1s. \\\"A V\\u00e1llalkoz\\u00e1sok munkaer\\u0151 t\\u00e1mogat\\u00e1sa programban meg\\u00edt\\u00e9lt \\u00f6sszes forr\\u00e1s m\\u00e1r meghaladta a 15 milli\\u00e1rd forintot. Az Innov\\u00e1ci\\u00f3s \\u00e9s Technol\\u00f3giai Miniszt\\u00e9rium (ITM) parlamenti \\u00e9s strat\\u00e9giai \\u00e1llamtitk\\u00e1ra hozz\\u00e1tette:\",\"inLanguage\":\"hu-HU\",\"isPartOf\":{\"@id\":\"https:\\\/\\\/allasorias.hu\\\/hirek\\\/#website\"},\"breadcrumb\":{\"@id\":\"https:\\\/\\\/allasorias.hu\\\/hirek\\\/segitik-a-dolgozni-akarokat\\\/#breadcrumblist\"},\"author\":{\"@id\":\"https:\\\/\\\/allasorias.hu\\\/hirek\\\/author\\\/admin-allasorias\\\/#author\"},\"creator\":{\"@id\":\"https:\\\/\\\/allasorias.hu\\\/hirek\\\/author\\\/admin-allasorias\\\/#author\"},\"image\":{\"@type\":\"ImageObject\",\"url\":\"https:\\\/\\\/allasorias.hu\\\/hirek\\\/wp-content\\\/uploads\\\/2021\\\/05\\\/handshake.jpg\",\"@id\":\"https:\\\/\\\/allasorias.hu\\\/hirek\\\/segitik-a-dolgozni-akarokat\\\/#mainImage\",\"width\":1920,\"height\":1280,\"caption\":\"Two confident business man shaking hands during a meeting in the office, success, dealing, greeting and partner concept\"},\"primaryImageOfPage\":{\"@id\":\"https:\\\/\\\/allasorias.hu\\\/hirek\\\/segitik-a-dolgozni-akarokat\\\/#mainImage\"},\"datePublished\":\"2021-11-19T08:27:42+02:00\",\"dateModified\":\"2021-11-22T08:34:32+02:00\"},{\"@type\":\"WebSite\",\"@id\":\"https:\\\/\\\/allasorias.hu\\\/hirek\\\/#website\",\"url\":\"https:\\\/\\\/allasorias.hu\\\/hirek\\\/\",\"name\":\"AllasOrias.hu | H\\u00edrek-lapszemle\",\"description\":\"\\u00dczleti h\\u00edrek az \\u00e1ll\\u00e1s \\u00e9s a munka vil\\u00e1g\\u00e1b\\u00f3l\",\"inLanguage\":\"hu-HU\",\"publisher\":{\"@id\":\"https:\\\/\\\/allasorias.hu\\\/hirek\\\/#organization\"}}]}\n\t\t<\/script>\n\t\t<!-- All in One SEO -->\n\n","aioseo_head_json":{"title":"Seg\u00edtik a dolgozni akar\u00f3kat | AllasOrias.hu | H\u00edrek-lapszemle","description":"Mostan\u00e1ig t\u00f6bb mint 34 ezer regisztr\u00e1lt \u00e1ll\u00e1skeres\u0151 \u00faj munkaad\u00f3ja ny\u00fajtott be k\u00e9relmet, mintegy 28 ezer \u00faj alkalmazott ut\u00e1n pedig meg is \u00edt\u00e9lt\u00e9k a korm\u00e1nyzati t\u00e1mogat\u00e1st\" - jelentette be Schanda Tam\u00e1s. \"A V\u00e1llalkoz\u00e1sok munkaer\u0151 t\u00e1mogat\u00e1sa programban meg\u00edt\u00e9lt \u00f6sszes forr\u00e1s m\u00e1r meghaladta a 15 milli\u00e1rd forintot. Az Innov\u00e1ci\u00f3s \u00e9s Technol\u00f3giai Miniszt\u00e9rium (ITM) parlamenti \u00e9s strat\u00e9giai \u00e1llamtitk\u00e1ra hozz\u00e1tette:","canonical_url":"https:\/\/allasorias.hu\/hirek\/segitik-a-dolgozni-akarokat\/","robots":"max-image-preview:large","keywords":"","webmasterTools":{"miscellaneous":""},"schema":{"@context":"https:\/\/schema.org","@graph":[{"@type":"Article","@id":"https:\/\/allasorias.hu\/hirek\/segitik-a-dolgozni-akarokat\/#article","name":"Seg\u00edtik a dolgozni akar\u00f3kat | AllasOrias.hu | H\u00edrek-lapszemle","headline":"Seg\u00edtik a dolgozni akar\u00f3kat","author":{"@id":"https:\/\/allasorias.hu\/hirek\/author\/admin-allasorias\/#author"},"publisher":{"@id":"https:\/\/allasorias.hu\/hirek\/#organization"},"image":{"@type":"ImageObject","url":"https:\/\/allasorias.hu\/hirek\/wp-content\/uploads\/2021\/05\/handshake.jpg","width":1920,"height":1280,"caption":"Two confident business man shaking hands during a meeting in the office, success, dealing, greeting and partner concept"},"datePublished":"2021-11-19T08:27:42+02:00","dateModified":"2021-11-22T08:34:32+02:00","inLanguage":"hu-HU","mainEntityOfPage":{"@id":"https:\/\/allasorias.hu\/hirek\/segitik-a-dolgozni-akarokat\/#webpage"},"isPartOf":{"@id":"https:\/\/allasorias.hu\/hirek\/segitik-a-dolgozni-akarokat\/#webpage"},"articleSection":"Munkaer\u0151piac"},{"@type":"BreadcrumbList","@id":"https:\/\/allasorias.hu\/hirek\/segitik-a-dolgozni-akarokat\/#breadcrumblist","itemListElement":[{"@type":"ListItem","@id":"https:\/\/allasorias.hu\/hirek#listItem","position":1,"name":"Home","item":"https:\/\/allasorias.hu\/hirek","nextItem":{"@type":"ListItem","@id":"https:\/\/allasorias.hu\/hirek\/temak\/munkaeropiac\/#listItem","name":"Munkaer\u0151piac"}},{"@type":"ListItem","@id":"https:\/\/allasorias.hu\/hirek\/temak\/munkaeropiac\/#listItem","position":2,"name":"Munkaer\u0151piac","item":"https:\/\/allasorias.hu\/hirek\/temak\/munkaeropiac\/","nextItem":{"@type":"ListItem","@id":"https:\/\/allasorias.hu\/hirek\/segitik-a-dolgozni-akarokat\/#listItem","name":"Seg\u00edtik a dolgozni akar\u00f3kat"},"previousItem":{"@type":"ListItem","@id":"https:\/\/allasorias.hu\/hirek#listItem","name":"Home"}},{"@type":"ListItem","@id":"https:\/\/allasorias.hu\/hirek\/segitik-a-dolgozni-akarokat\/#listItem","position":3,"name":"Seg\u00edtik a dolgozni akar\u00f3kat","previousItem":{"@type":"ListItem","@id":"https:\/\/allasorias.hu\/hirek\/temak\/munkaeropiac\/#listItem","name":"Munkaer\u0151piac"}}]},{"@type":"Organization","@id":"https:\/\/allasorias.hu\/hirek\/#organization","name":"AllasOrias.hu | H\u00edrek-lapszemle","description":"\u00dczleti h\u00edrek az \u00e1ll\u00e1s \u00e9s a munka vil\u00e1g\u00e1b\u00f3l","url":"https:\/\/allasorias.hu\/hirek\/","logo":{"@type":"ImageObject","url":"https:\/\/allasorias.hu\/hirek\/wp-content\/uploads\/2022\/10\/allasorias_site_facebok_logo.png","@id":"https:\/\/allasorias.hu\/hirek\/segitik-a-dolgozni-akarokat\/#organizationLogo"},"image":{"@id":"https:\/\/allasorias.hu\/hirek\/segitik-a-dolgozni-akarokat\/#organizationLogo"},"sameAs":["https:\/\/www.facebook.com\/allasorias","https:\/\/www.linkedin.com\/company\/allasorias"]},{"@type":"Person","@id":"https:\/\/allasorias.hu\/hirek\/author\/admin-allasorias\/#author","url":"https:\/\/allasorias.hu\/hirek\/author\/admin-allasorias\/","name":"Juh\u00e1sz P\u00e9ter","image":{"@type":"ImageObject","@id":"https:\/\/allasorias.hu\/hirek\/segitik-a-dolgozni-akarokat\/#authorImage","url":"https:\/\/secure.gravatar.com\/avatar\/36e6bcb83148978b992977cb0f54d22feb0cce8a0a849a9410532bb2623ba4c6?s=96&d=mm&r=g","width":96,"height":96,"caption":"Juh\u00e1sz P\u00e9ter"}},{"@type":"WebPage","@id":"https:\/\/allasorias.hu\/hirek\/segitik-a-dolgozni-akarokat\/#webpage","url":"https:\/\/allasorias.hu\/hirek\/segitik-a-dolgozni-akarokat\/","name":"Seg\u00edtik a dolgozni akar\u00f3kat | AllasOrias.hu | H\u00edrek-lapszemle","description":"Mostan\u00e1ig t\u00f6bb mint 34 ezer regisztr\u00e1lt \u00e1ll\u00e1skeres\u0151 \u00faj munkaad\u00f3ja ny\u00fajtott be k\u00e9relmet, mintegy 28 ezer \u00faj alkalmazott ut\u00e1n pedig meg is \u00edt\u00e9lt\u00e9k a korm\u00e1nyzati t\u00e1mogat\u00e1st\" - jelentette be Schanda Tam\u00e1s. \"A V\u00e1llalkoz\u00e1sok munkaer\u0151 t\u00e1mogat\u00e1sa programban meg\u00edt\u00e9lt \u00f6sszes forr\u00e1s m\u00e1r meghaladta a 15 milli\u00e1rd forintot. Az Innov\u00e1ci\u00f3s \u00e9s Technol\u00f3giai Miniszt\u00e9rium (ITM) parlamenti \u00e9s strat\u00e9giai \u00e1llamtitk\u00e1ra hozz\u00e1tette:","inLanguage":"hu-HU","isPartOf":{"@id":"https:\/\/allasorias.hu\/hirek\/#website"},"breadcrumb":{"@id":"https:\/\/allasorias.hu\/hirek\/segitik-a-dolgozni-akarokat\/#breadcrumblist"},"author":{"@id":"https:\/\/allasorias.hu\/hirek\/author\/admin-allasorias\/#author"},"creator":{"@id":"https:\/\/allasorias.hu\/hirek\/author\/admin-allasorias\/#author"},"image":{"@type":"ImageObject","url":"https:\/\/allasorias.hu\/hirek\/wp-content\/uploads\/2021\/05\/handshake.jpg","@id":"https:\/\/allasorias.hu\/hirek\/segitik-a-dolgozni-akarokat\/#mainImage","width":1920,"height":1280,"caption":"Two confident business man shaking hands during a meeting in the office, success, dealing, greeting and partner concept"},"primaryImageOfPage":{"@id":"https:\/\/allasorias.hu\/hirek\/segitik-a-dolgozni-akarokat\/#mainImage"},"datePublished":"2021-11-19T08:27:42+02:00","dateModified":"2021-11-22T08:34:32+02:00"},{"@type":"WebSite","@id":"https:\/\/allasorias.hu\/hirek\/#website","url":"https:\/\/allasorias.hu\/hirek\/","name":"AllasOrias.hu | H\u00edrek-lapszemle","description":"\u00dczleti h\u00edrek az \u00e1ll\u00e1s \u00e9s a munka vil\u00e1g\u00e1b\u00f3l","inLanguage":"hu-HU","publisher":{"@id":"https:\/\/allasorias.hu\/hirek\/#organization"}}]},"og:locale":"hu_HU","og:site_name":"AllasOrias.hu | H\u00edrek-lapszemle | \u00dczleti h\u00edrek az \u00e1ll\u00e1s \u00e9s a munka vil\u00e1g\u00e1b\u00f3l","og:type":"article","og:title":"Seg\u00edtik a dolgozni akar\u00f3kat | AllasOrias.hu | H\u00edrek-lapszemle","og:description":"Mostan\u00e1ig t\u00f6bb mint 34 ezer regisztr\u00e1lt \u00e1ll\u00e1skeres\u0151 \u00faj munkaad\u00f3ja ny\u00fajtott be k\u00e9relmet, mintegy 28 ezer \u00faj alkalmazott ut\u00e1n pedig meg is \u00edt\u00e9lt\u00e9k a korm\u00e1nyzati t\u00e1mogat\u00e1st&quot; - jelentette be Schanda Tam\u00e1s. &quot;A V\u00e1llalkoz\u00e1sok munkaer\u0151 t\u00e1mogat\u00e1sa programban meg\u00edt\u00e9lt \u00f6sszes forr\u00e1s m\u00e1r meghaladta a 15 milli\u00e1rd forintot. Az Innov\u00e1ci\u00f3s \u00e9s Technol\u00f3giai Miniszt\u00e9rium (ITM) parlamenti \u00e9s strat\u00e9giai \u00e1llamtitk\u00e1ra hozz\u00e1tette:","og:url":"https:\/\/allasorias.hu\/hirek\/segitik-a-dolgozni-akarokat\/","og:image":"https:\/\/allasorias.hu\/hirek\/wp-content\/uploads\/2021\/05\/handshake.jpg","og:image:secure_url":"https:\/\/allasorias.hu\/hirek\/wp-content\/uploads\/2021\/05\/handshake.jpg","og:image:width":1920,"og:image:height":1280,"article:published_time":"2021-11-19T08:27:42+00:00","article:modified_time":"2021-11-22T08:34:32+00:00","article:publisher":"https:\/\/www.facebook.com\/allasorias","twitter:card":"summary_large_image","twitter:title":"Seg\u00edtik a dolgozni akar\u00f3kat | AllasOrias.hu | H\u00edrek-lapszemle","twitter:description":"Mostan\u00e1ig t\u00f6bb mint 34 ezer regisztr\u00e1lt \u00e1ll\u00e1skeres\u0151 \u00faj munkaad\u00f3ja ny\u00fajtott be k\u00e9relmet, mintegy 28 ezer \u00faj alkalmazott ut\u00e1n pedig meg is \u00edt\u00e9lt\u00e9k a korm\u00e1nyzati t\u00e1mogat\u00e1st&quot; - jelentette be Schanda Tam\u00e1s. &quot;A V\u00e1llalkoz\u00e1sok munkaer\u0151 t\u00e1mogat\u00e1sa programban meg\u00edt\u00e9lt \u00f6sszes forr\u00e1s m\u00e1r meghaladta a 15 milli\u00e1rd forintot. Az Innov\u00e1ci\u00f3s \u00e9s Technol\u00f3giai Miniszt\u00e9rium (ITM) parlamenti \u00e9s strat\u00e9giai \u00e1llamtitk\u00e1ra hozz\u00e1tette:","twitter:image":"https:\/\/allasorias.hu\/hirek\/wp-content\/uploads\/2021\/05\/handshake.jpg","twitter:label1":"Written by","twitter:data1":"Juh\u00e1sz P\u00e9ter","twitter:label2":"Est. reading time","twitter:data2":"3 minutes"},"aioseo_meta_data":{"post_id":"5203","title":null,"description":null,"keywords":[],"keyphrases":{"focus":[],"additional":[]},"primary_term":null,"canonical_url":null,"og_title":null,"og_description":null,"og_object_type":"default","og_image_type":"default","og_image_url":null,"og_image_width":null,"og_image_height":null,"og_image_custom_url":null,"og_image_custom_fields":null,"og_video":"","og_custom_url":null,"og_article_section":null,"og_article_tags":[],"twitter_use_og":false,"twitter_card":"default","twitter_image_type":"default","twitter_image_url":null,"twitter_image_custom_url":null,"twitter_image_custom_fields":null,"twitter_title":null,"twitter_description":null,"schema":{"blockGraphs":[],"customGraphs":[],"default":{"data":{"Article":[],"Course":[],"Dataset":[],"FAQPage":[],"Movie":[],"Person":[],"Product":[],"ProductReview":[],"Car":[],"Recipe":[],"Service":[],"SoftwareApplication":[],"WebPage":[]},"graphName":"","isEnabled":true},"graphs":[]},"schema_type":"default","schema_type_options":"{\"article\":{\"articleType\":\"BlogPosting\"},\"course\":{\"name\":\"\",\"description\":\"\",\"provider\":\"\"},\"faq\":{\"pages\":[]},\"product\":{\"reviews\":[]},\"recipe\":{\"ingredients\":[],\"instructions\":[],\"keywords\":[]},\"software\":{\"reviews\":[],\"operatingSystems\":[]},\"webPage\":{\"webPageType\":\"WebPage\"}}","pillar_content":false,"robots_default":true,"robots_noindex":false,"robots_noarchive":false,"robots_nosnippet":false,"robots_nofollow":false,"robots_noimageindex":false,"robots_noodp":false,"robots_notranslate":false,"robots_max_snippet":"-1","robots_max_videopreview":"-1","robots_max_imagepreview":"large","priority":null,"frequency":"default","location":null,"local_seo":{"locations":{"business":{"name":"","businessType":"","image":"","areaServed":"","urls":{"website":"","aboutPage":"","contactPage":""},"address":{"streetLine1":"","streetLine2":"","zipCode":"","city":"","state":"","country":"","addressFormat":"#streetLineOne\n#streetLineTwo\n#city, #state #zipCode"},"contact":{"email":"","phone":"","phoneFormatted":"","fax":"","faxFormatted":""},"ids":{"vat":"","tax":"","chamberOfCommerce":""},"payment":{"priceRange":"","currenciesAccepted":"","methods":""}}},"openingHours":{"useDefaults":true,"show":true,"alwaysOpen":false,"use24hFormat":false,"timezone":"","labels":{"closed":"","alwaysOpen":""},"days":{"monday":{"open24h":false,"closed":false,"openTime":"09:00","closeTime":"17:00"},"tuesday":{"open24h":false,"closed":false,"openTime":"09:00","closeTime":"17:00"},"wednesday":{"open24h":false,"closed":false,"openTime":"09:00","closeTime":"17:00"},"thursday":{"open24h":false,"closed":false,"openTime":"09:00","closeTime":"17:00"},"friday":{"open24h":false,"closed":false,"openTime":"09:00","closeTime":"17:00"},"saturday":{"open24h":false,"closed":false,"openTime":"09:00","closeTime":"17:00"},"sunday":{"open24h":false,"closed":false,"openTime":"09:00","closeTime":"17:00"}}}},"breadcrumb_settings":null,"limit_modified_date":false,"ai":null,"created":"2021-11-22 08:27:42","updated":"2025-10-02 16:26:46","seo_analyzer_scan_date":null,"focus_keyword":null,"additional_keywords":null,"truseo_locale":null},"aioseo_breadcrumb":"<div class=\"aioseo-breadcrumbs\"><span class=\"aioseo-breadcrumb\">\n\t\t\t<a href=\"https:\/\/allasorias.hu\/hirek\" title=\"Home\">Home<\/a>\n\t\t<\/span><span class=\"aioseo-breadcrumb-separator\">&raquo;<\/span><span class=\"aioseo-breadcrumb\">\n\t\t\t<a href=\"https:\/\/allasorias.hu\/hirek\/temak\/munkaeropiac\/\" title=\"Munkaer\u0151piac\">Munkaer\u0151piac<\/a>\n\t\t<\/span><span class=\"aioseo-breadcrumb-separator\">&raquo;<\/span><span class=\"aioseo-breadcrumb\">\n\t\t\tSeg\u00edtik a dolgozni akar\u00f3kat\n\t\t<\/span><\/div>","aioseo_breadcrumb_json":[{"label":"Home","link":"https:\/\/allasorias.hu\/hirek"},{"label":"Munkaer\u0151piac","link":"https:\/\/allasorias.hu\/hirek\/temak\/munkaeropiac\/"},{"label":"Seg\u00edtik a dolgozni akar\u00f3kat","link":"https:\/\/allasorias.hu\/hirek\/segitik-a-dolgozni-akarokat\/"}],"_links":{"self":[{"href":"https:\/\/allasorias.hu\/hirek\/wp-json\/wp\/v2\/posts\/5203","targetHints":{"allow":["GET"]}}],"collection":[{"href":"https:\/\/allasorias.hu\/hirek\/wp-json\/wp\/v2\/posts"}],"about":[{"href":"https:\/\/allasorias.hu\/hirek\/wp-json\/wp\/v2\/types\/post"}],"author":[{"embeddable":true,"href":"https:\/\/allasorias.hu\/hirek\/wp-json\/wp\/v2\/users\/1"}],"replies":[{"embeddable":true,"href":"https:\/\/allasorias.hu\/hirek\/wp-json\/wp\/v2\/comments?post=5203"}],"version-history":[{"count":1,"href":"https:\/\/allasorias.hu\/hirek\/wp-json\/wp\/v2\/posts\/5203\/revisions"}],"predecessor-version":[{"id":5204,"href":"https:\/\/allasorias.hu\/hirek\/wp-json\/wp\/v2\/posts\/5203\/revisions\/5204"}],"wp:featuredmedia":[{"embeddable":true,"href":"https:\/\/allasorias.hu\/hirek\/wp-json\/wp\/v2\/media\/4771"}],"wp:attachment":[{"href":"https:\/\/allasorias.hu\/hirek\/wp-json\/wp\/v2\/media?parent=5203"}],"wp:term":[{"taxonomy":"category","embeddable":true,"href":"https:\/\/allasorias.hu\/hirek\/wp-json\/wp\/v2\/categories?post=5203"},{"taxonomy":"post_tag","embeddable":true,"href":"https:\/\/allasorias.hu\/hirek\/wp-json\/wp\/v2\/tags?post=5203"}],"curies":[{"name":"wp","href":"https:\/\/api.w.org\/{rel}","templated":true}]}}