{"id":5201,"date":"2021-11-19T08:24:06","date_gmt":"2021-11-19T08:24:06","guid":{"rendered":"https:\/\/allasorias.hu\/hirek\/?p=5201"},"modified":"2021-11-22T08:27:24","modified_gmt":"2021-11-22T08:27:24","slug":"tobb-pozicio-a-megvaltozott-munkakepessegu-embereknek","status":"publish","type":"post","link":"https:\/\/allasorias.hu\/hirek\/tobb-pozicio-a-megvaltozott-munkakepessegu-embereknek\/","title":{"rendered":"T\u00f6bb poz\u00edci\u00f3 a megv\u00e1ltozott munkak\u00e9pess\u00e9g\u0171 embereknek"},"content":{"rendered":"<p><strong>A Prohuman szerint azonban m\u00e9g messze vagyunk az ide\u00e1lis \u00e1llapott\u00f3l. Az orsz\u00e1g vezet\u0151 HR szolg\u00e1ltat\u00f3jak\u00e9nt a Prohuman m\u00e1r sok \u00e9vvel a j\u00e1rv\u00e1ny el\u0151tt is azon dolgozott, hogy a lehet\u0151 legteljesebb k\u00f6rben vonhasson be megv\u00e1ltozott munkak\u00e9pess\u00e9g\u0171 embereket k\u00fcl\u00f6nb\u00f6z\u0151 munkak\u00f6r\u00f6kben.<\/strong><\/p>\n<p>A koronav\u00edrussal egy\u00fctt le\u00e1ll\u00f3 gazdas\u00e1gban hirtelen rengetegen maradtak munka n\u00e9lk\u00fcl. Azonban a vissza\u00e1ll\u00e1s gyorsan lezajlott, legal\u00e1bbis a munkaer\u0151piacokon, ahol m\u00e1ra \u00fajra \u00e1ltal\u00e1noss\u00e1gban besz\u00e9lhet\u00fcnk munkaer\u0151hi\u00e1nyr\u00f3l. Tal\u00e1n ennek is k\u00f6sz\u00f6nhet\u0151, hogy az elm\u00falt id\u0151szakban egyre nagyobb sz\u00e1mban alkalmaznak a v\u00e1llalatok megv\u00e1ltozott munkak\u00e9pess\u00e9g\u0171 embereket k\u00fcl\u00f6nb\u00f6z\u0151 poz\u00edci\u00f3kban. Nemcsak arr\u00f3l van sz\u00f3, hogy a v\u00e1llalat saj\u00e1t \u00e1llom\u00e1ny\u00e1ban is minden lehet\u0151s\u00e9get megragadott, hogy megv\u00e1ltozott munkak\u00e9pess\u00e9g\u0171 dolgoz\u00f3kat alkalmazzon, hanem arr\u00f3l is, hogy a v\u00e1llalat t\u00f6rekszik arra, hogy partnereivel k\u00f6z\u00f6sen alak\u00edtson ki olyan egy\u00fcttm\u0171k\u00f6d\u00e9seket, amelyek munkalehet\u0151s\u00e9get biztos\u00edtottak a speci\u00e1lisabb odafigyel\u00e9st ig\u00e9nyl\u0151 emberek sz\u00e1m\u00e1ra. \u201eAz elm\u00falt nagyj\u00e1b\u00f3l 10 \u00e9vben 18%-r\u00f3l 44%-ra n\u0151tt azon megv\u00e1ltozott munkak\u00e9pess\u00e9g\u0171 emberek ar\u00e1nya, akik dolgoznak, de m\u00e9g mindig kicsit az EU \u00e1tlag 50% alatt vagyunk. 2021-ben 155 ezer megv\u00e1ltozott munkak\u00e9pess\u00e9g\u0171 ember dolgozott, \u00e9n \u00fagy l\u00e1tom kicsit nagyobb rugalmass\u00e1ggal j\u00f3val t\u00f6bben is lehetn\u00e9nek\u201d \u2013 mondta el Ign\u00e1cz B\u00e9la a naponta 15 ezer embernek munk\u00e1t biztos\u00edt\u00f3 Prohuman \u00fcgyvezet\u0151je. A szakember hozz\u00e1tette, hogy sok ter\u00fcleten a munkaer\u0151hi\u00e1nnyal k\u00fczd\u0151 v\u00e1llalatok sz\u00e1m\u00e1ra is megold\u00e1st jelenthet, ha nagyobb ar\u00e1nyban alak\u00edtanak ki megv\u00e1ltozott munkak\u00e9pess\u00e9g\u0171 emberek sz\u00e1m\u00e1ra is poz\u00edci\u00f3kat. Szerinte mindez el\u0151ny\u00f6s az egy\u00e9nnek, sz\u00e1mos \u00e9rt\u00e9ket hoz a kollegi\u00e1lis k\u00f6z\u00f6ss\u00e9gnek \u00e9s t\u00e1rsadalmi hat\u00e1sa sem elhanyagolhat\u00f3. A Prohuman k\u00f6zvetve vagy k\u00f6zvetlen\u00fcl csaknem 400 \u2013 v\u00e1ltozatos munkak\u00f6rben tev\u00e9kenyked\u0151 &#8211; megv\u00e1ltozott munkak\u00e9pess\u00e9g\u0171 koll\u00e9g\u00e1val dolgozik egy\u00fctt jelenleg. Csaknem k\u00e9tsz\u00e1z dolgoz\u00f3 k\u00fcl\u00f6nb\u00f6z\u0151 partner v\u00e1llalatok sz\u00e1m\u00e1ra v\u00e9gez jellemz\u0151en k\u00f6nny\u0171 fizikai munk\u00e1kat, p\u00e9ld\u00e1ul k\u00fcl\u00f6nb\u00f6z\u0151 nyomdaipari tev\u00e9kenys\u00e9get, min\u0151s\u00e9g-ellen\u0151rz\u00e9st, v\u00e1logat\u00e1si, c\u00edmk\u00e9z\u00e9si, csomagol\u00e1si feladatokat, de sokan vannak, akik irodai, adminisztrat\u00edv munkak\u00f6rben dolgoznak. A Prohuman miskolci \u201ees\u00e9lyteremt\u0151\u201d call center\u00e9t kimondottan a megv\u00e1ltozott munkak\u00e9pess\u00e9g\u0171 koll\u00e9g\u00e1k foglalkoztat\u00e1s\u00e1t szem el\u0151tt tartva alak\u00edtotta ki. Ny\u00e1r \u00f3ta t\u00f6bb mint 30 munkat\u00e1rs l\u00e1tja el ebb\u0151l az irod\u00e1b\u00f3l a Prohuman t\u00f6bb ezres \u00fcgyf\u00e9lk\u00f6r\u00e9nek telefonos \u00fcgyf\u00e9lszolg\u00e1lati, toborz\u00e1st\u00e1mogat\u00f3i feladatait. A v\u00e1llalat tervei szerint a l\u00e9tsz\u00e1mot ak\u00e1r 50-re is n\u00f6velheti a k\u00f6vetkez\u0151 id\u0151szakban. A HR szolg\u00e1ltat\u00f3 tapasztalatai szerint a megv\u00e1ltozott munkak\u00e9pess\u00e9g\u0171 munkav\u00e1llal\u00f3k sz\u00e1m\u00e1ra az, hogy dolgozhatnak a meg\u00e9lhet\u00e9sen fel\u00fcl a k\u00f6z\u00f6ss\u00e9ghez tartoz\u00e1s \u00e9rz\u00e9s\u00e9t is adja, \u00e9s meger\u0151s\u00edti \u0151ket abban, hogy a t\u00e1rsadalom hasznos tagj\u00e1nak \u00e9rezz\u00e9k magukat, mik\u00f6zben jelenl\u00e9t\u00fck a nyitottabb, befogad\u00f3bb munkahelyi l\u00e9gk\u00f6r kialakul\u00e1s\u00e1hoz is hozz\u00e1j\u00e1rul.<\/p>\n<p>Forr\u00e1s:profitline.hu<\/p>\n","protected":false},"excerpt":{"rendered":"<p>A Prohuman szerint azonban m\u00e9g messze vagyunk az ide\u00e1lis \u00e1llapott\u00f3l. Az orsz\u00e1g vezet\u0151 HR szolg\u00e1ltat\u00f3jak\u00e9nt a Prohuman m\u00e1r sok \u00e9vvel a j\u00e1rv\u00e1ny el\u0151tt is azon dolgozott, hogy a lehet\u0151 legteljesebb k\u00f6rben vonhasson be megv\u00e1ltozott munkak\u00e9pess\u00e9g\u0171 embereket k\u00fcl\u00f6nb\u00f6z\u0151 munkak\u00f6r\u00f6kben. A koronav\u00edrussal egy\u00fctt le\u00e1ll\u00f3 gazdas\u00e1gban hirtelen rengetegen maradtak munka n\u00e9lk\u00fcl. Azonban a vissza\u00e1ll\u00e1s gyorsan lezajlott, legal\u00e1bbis a [&hellip;]<\/p>\n","protected":false},"author":1,"featured_media":2263,"comment_status":"open","ping_status":"open","sticky":false,"template":"","format":"standard","meta":{"_monsterinsights_skip_tracking":false,"footnotes":""},"categories":[200],"tags":[],"class_list":["post-5201","post","type-post","status-publish","format-standard","has-post-thumbnail","hentry","category-munkaeropiac"],"aioseo_notices":[],"aioseo_head":"\n\t\t<!-- All in One SEO 5.0.0.1 - aioseo.com -->\n\t<meta name=\"description\" content=\"A Prohuman szerint azonban m\u00e9g messze vagyunk az ide\u00e1lis \u00e1llapott\u00f3l. Az orsz\u00e1g vezet\u0151 HR szolg\u00e1ltat\u00f3jak\u00e9nt a Prohuman m\u00e1r sok \u00e9vvel a j\u00e1rv\u00e1ny el\u0151tt is azon dolgozott, hogy a lehet\u0151 legteljesebb k\u00f6rben vonhasson be megv\u00e1ltozott munkak\u00e9pess\u00e9g\u0171 embereket k\u00fcl\u00f6nb\u00f6z\u0151 munkak\u00f6r\u00f6kben. A koronav\u00edrussal egy\u00fctt le\u00e1ll\u00f3 gazdas\u00e1gban hirtelen rengetegen maradtak munka n\u00e9lk\u00fcl. Azonban a vissza\u00e1ll\u00e1s gyorsan lezajlott, legal\u00e1bbis a\" \/>\n\t<meta name=\"robots\" content=\"max-image-preview:large\" \/>\n\t<meta name=\"author\" content=\"Juh\u00e1sz P\u00e9ter\"\/>\n\t<link rel=\"canonical\" href=\"https:\/\/allasorias.hu\/hirek\/tobb-pozicio-a-megvaltozott-munkakepessegu-embereknek\/\" \/>\n\t<meta name=\"generator\" content=\"All in One SEO (AIOSEO) 5.0.0.1\" \/>\n\t\t<meta property=\"og:locale\" content=\"hu_HU\" \/>\n\t\t<meta property=\"og:site_name\" content=\"AllasOrias.hu | H\u00edrek-lapszemle | \u00dczleti h\u00edrek az \u00e1ll\u00e1s \u00e9s a munka vil\u00e1g\u00e1b\u00f3l\" \/>\n\t\t<meta property=\"og:type\" content=\"article\" \/>\n\t\t<meta property=\"og:title\" content=\"T\u00f6bb poz\u00edci\u00f3 a megv\u00e1ltozott munkak\u00e9pess\u00e9g\u0171 embereknek | AllasOrias.hu | H\u00edrek-lapszemle\" \/>\n\t\t<meta property=\"og:description\" content=\"A Prohuman szerint azonban m\u00e9g messze vagyunk az ide\u00e1lis \u00e1llapott\u00f3l. Az orsz\u00e1g vezet\u0151 HR szolg\u00e1ltat\u00f3jak\u00e9nt a Prohuman m\u00e1r sok \u00e9vvel a j\u00e1rv\u00e1ny el\u0151tt is azon dolgozott, hogy a lehet\u0151 legteljesebb k\u00f6rben vonhasson be megv\u00e1ltozott munkak\u00e9pess\u00e9g\u0171 embereket k\u00fcl\u00f6nb\u00f6z\u0151 munkak\u00f6r\u00f6kben. A koronav\u00edrussal egy\u00fctt le\u00e1ll\u00f3 gazdas\u00e1gban hirtelen rengetegen maradtak munka n\u00e9lk\u00fcl. Azonban a vissza\u00e1ll\u00e1s gyorsan lezajlott, legal\u00e1bbis a\" \/>\n\t\t<meta property=\"og:url\" content=\"https:\/\/allasorias.hu\/hirek\/tobb-pozicio-a-megvaltozott-munkakepessegu-embereknek\/\" \/>\n\t\t<meta property=\"og:image\" content=\"https:\/\/allasorias.hu\/hirek\/wp-content\/uploads\/2018\/12\/disabled-2199122_640.jpg\" \/>\n\t\t<meta property=\"og:image:secure_url\" content=\"https:\/\/allasorias.hu\/hirek\/wp-content\/uploads\/2018\/12\/disabled-2199122_640.jpg\" \/>\n\t\t<meta property=\"og:image:width\" content=\"640\" \/>\n\t\t<meta property=\"og:image:height\" content=\"425\" \/>\n\t\t<meta property=\"article:published_time\" content=\"2021-11-19T08:24:06+00:00\" \/>\n\t\t<meta property=\"article:modified_time\" content=\"2021-11-22T08:27:24+00:00\" \/>\n\t\t<meta property=\"article:publisher\" content=\"https:\/\/www.facebook.com\/allasorias\" \/>\n\t\t<meta name=\"twitter:card\" content=\"summary_large_image\" \/>\n\t\t<meta name=\"twitter:title\" content=\"T\u00f6bb poz\u00edci\u00f3 a megv\u00e1ltozott munkak\u00e9pess\u00e9g\u0171 embereknek | AllasOrias.hu | H\u00edrek-lapszemle\" \/>\n\t\t<meta name=\"twitter:description\" content=\"A Prohuman szerint azonban m\u00e9g messze vagyunk az ide\u00e1lis \u00e1llapott\u00f3l. Az orsz\u00e1g vezet\u0151 HR szolg\u00e1ltat\u00f3jak\u00e9nt a Prohuman m\u00e1r sok \u00e9vvel a j\u00e1rv\u00e1ny el\u0151tt is azon dolgozott, hogy a lehet\u0151 legteljesebb k\u00f6rben vonhasson be megv\u00e1ltozott munkak\u00e9pess\u00e9g\u0171 embereket k\u00fcl\u00f6nb\u00f6z\u0151 munkak\u00f6r\u00f6kben. A koronav\u00edrussal egy\u00fctt le\u00e1ll\u00f3 gazdas\u00e1gban hirtelen rengetegen maradtak munka n\u00e9lk\u00fcl. Azonban a vissza\u00e1ll\u00e1s gyorsan lezajlott, legal\u00e1bbis a\" \/>\n\t\t<meta name=\"twitter:image\" content=\"https:\/\/allasorias.hu\/hirek\/wp-content\/uploads\/2018\/12\/disabled-2199122_640.jpg\" \/>\n\t\t<meta name=\"twitter:label1\" content=\"Written by\" \/>\n\t\t<meta name=\"twitter:data1\" content=\"Juh\u00e1sz P\u00e9ter\" \/>\n\t\t<meta name=\"twitter:label2\" content=\"Est. reading time\" \/>\n\t\t<meta name=\"twitter:data2\" content=\"3 minutes\" \/>\n\t\t<script type=\"application\/ld+json\" class=\"aioseo-schema\">\n\t\t\t{\"@context\":\"https:\\\/\\\/schema.org\",\"@graph\":[{\"@type\":\"Article\",\"@id\":\"https:\\\/\\\/allasorias.hu\\\/hirek\\\/tobb-pozicio-a-megvaltozott-munkakepessegu-embereknek\\\/#article\",\"name\":\"T\\u00f6bb poz\\u00edci\\u00f3 a megv\\u00e1ltozott munkak\\u00e9pess\\u00e9g\\u0171 embereknek | AllasOrias.hu | H\\u00edrek-lapszemle\",\"headline\":\"T\\u00f6bb poz\\u00edci\\u00f3 a megv\\u00e1ltozott munkak\\u00e9pess\\u00e9g\\u0171 embereknek\",\"author\":{\"@id\":\"https:\\\/\\\/allasorias.hu\\\/hirek\\\/author\\\/admin-allasorias\\\/#author\"},\"publisher\":{\"@id\":\"https:\\\/\\\/allasorias.hu\\\/hirek\\\/#organization\"},\"image\":{\"@type\":\"ImageObject\",\"url\":\"https:\\\/\\\/allasorias.hu\\\/hirek\\\/wp-content\\\/uploads\\\/2018\\\/12\\\/disabled-2199122_640.jpg\",\"width\":640,\"height\":425},\"datePublished\":\"2021-11-19T08:24:06+02:00\",\"dateModified\":\"2021-11-22T08:27:24+02:00\",\"inLanguage\":\"hu-HU\",\"mainEntityOfPage\":{\"@id\":\"https:\\\/\\\/allasorias.hu\\\/hirek\\\/tobb-pozicio-a-megvaltozott-munkakepessegu-embereknek\\\/#webpage\"},\"isPartOf\":{\"@id\":\"https:\\\/\\\/allasorias.hu\\\/hirek\\\/tobb-pozicio-a-megvaltozott-munkakepessegu-embereknek\\\/#webpage\"},\"articleSection\":\"Munkaer\\u0151piac\"},{\"@type\":\"BreadcrumbList\",\"@id\":\"https:\\\/\\\/allasorias.hu\\\/hirek\\\/tobb-pozicio-a-megvaltozott-munkakepessegu-embereknek\\\/#breadcrumblist\",\"itemListElement\":[{\"@type\":\"ListItem\",\"@id\":\"https:\\\/\\\/allasorias.hu\\\/hirek#listItem\",\"position\":1,\"name\":\"Home\",\"item\":\"https:\\\/\\\/allasorias.hu\\\/hirek\",\"nextItem\":{\"@type\":\"ListItem\",\"@id\":\"https:\\\/\\\/allasorias.hu\\\/hirek\\\/temak\\\/munkaeropiac\\\/#listItem\",\"name\":\"Munkaer\\u0151piac\"}},{\"@type\":\"ListItem\",\"@id\":\"https:\\\/\\\/allasorias.hu\\\/hirek\\\/temak\\\/munkaeropiac\\\/#listItem\",\"position\":2,\"name\":\"Munkaer\\u0151piac\",\"item\":\"https:\\\/\\\/allasorias.hu\\\/hirek\\\/temak\\\/munkaeropiac\\\/\",\"nextItem\":{\"@type\":\"ListItem\",\"@id\":\"https:\\\/\\\/allasorias.hu\\\/hirek\\\/tobb-pozicio-a-megvaltozott-munkakepessegu-embereknek\\\/#listItem\",\"name\":\"T\\u00f6bb poz\\u00edci\\u00f3 a megv\\u00e1ltozott munkak\\u00e9pess\\u00e9g\\u0171 embereknek\"},\"previousItem\":{\"@type\":\"ListItem\",\"@id\":\"https:\\\/\\\/allasorias.hu\\\/hirek#listItem\",\"name\":\"Home\"}},{\"@type\":\"ListItem\",\"@id\":\"https:\\\/\\\/allasorias.hu\\\/hirek\\\/tobb-pozicio-a-megvaltozott-munkakepessegu-embereknek\\\/#listItem\",\"position\":3,\"name\":\"T\\u00f6bb poz\\u00edci\\u00f3 a megv\\u00e1ltozott munkak\\u00e9pess\\u00e9g\\u0171 embereknek\",\"previousItem\":{\"@type\":\"ListItem\",\"@id\":\"https:\\\/\\\/allasorias.hu\\\/hirek\\\/temak\\\/munkaeropiac\\\/#listItem\",\"name\":\"Munkaer\\u0151piac\"}}]},{\"@type\":\"Organization\",\"@id\":\"https:\\\/\\\/allasorias.hu\\\/hirek\\\/#organization\",\"name\":\"AllasOrias.hu | H\\u00edrek-lapszemle\",\"description\":\"\\u00dczleti h\\u00edrek az \\u00e1ll\\u00e1s \\u00e9s a munka vil\\u00e1g\\u00e1b\\u00f3l\",\"url\":\"https:\\\/\\\/allasorias.hu\\\/hirek\\\/\",\"logo\":{\"@type\":\"ImageObject\",\"url\":\"https:\\\/\\\/allasorias.hu\\\/hirek\\\/wp-content\\\/uploads\\\/2022\\\/10\\\/allasorias_site_facebok_logo.png\",\"@id\":\"https:\\\/\\\/allasorias.hu\\\/hirek\\\/tobb-pozicio-a-megvaltozott-munkakepessegu-embereknek\\\/#organizationLogo\"},\"image\":{\"@id\":\"https:\\\/\\\/allasorias.hu\\\/hirek\\\/tobb-pozicio-a-megvaltozott-munkakepessegu-embereknek\\\/#organizationLogo\"},\"sameAs\":[\"https:\\\/\\\/www.facebook.com\\\/allasorias\",\"https:\\\/\\\/www.linkedin.com\\\/company\\\/allasorias\"]},{\"@type\":\"Person\",\"@id\":\"https:\\\/\\\/allasorias.hu\\\/hirek\\\/author\\\/admin-allasorias\\\/#author\",\"url\":\"https:\\\/\\\/allasorias.hu\\\/hirek\\\/author\\\/admin-allasorias\\\/\",\"name\":\"Juh\\u00e1sz P\\u00e9ter\",\"image\":{\"@type\":\"ImageObject\",\"@id\":\"https:\\\/\\\/allasorias.hu\\\/hirek\\\/tobb-pozicio-a-megvaltozott-munkakepessegu-embereknek\\\/#authorImage\",\"url\":\"https:\\\/\\\/secure.gravatar.com\\\/avatar\\\/36e6bcb83148978b992977cb0f54d22feb0cce8a0a849a9410532bb2623ba4c6?s=96&d=mm&r=g\",\"width\":96,\"height\":96,\"caption\":\"Juh\\u00e1sz P\\u00e9ter\"}},{\"@type\":\"WebPage\",\"@id\":\"https:\\\/\\\/allasorias.hu\\\/hirek\\\/tobb-pozicio-a-megvaltozott-munkakepessegu-embereknek\\\/#webpage\",\"url\":\"https:\\\/\\\/allasorias.hu\\\/hirek\\\/tobb-pozicio-a-megvaltozott-munkakepessegu-embereknek\\\/\",\"name\":\"T\\u00f6bb poz\\u00edci\\u00f3 a megv\\u00e1ltozott munkak\\u00e9pess\\u00e9g\\u0171 embereknek | AllasOrias.hu | H\\u00edrek-lapszemle\",\"description\":\"A Prohuman szerint azonban m\\u00e9g messze vagyunk az ide\\u00e1lis \\u00e1llapott\\u00f3l. Az orsz\\u00e1g vezet\\u0151 HR szolg\\u00e1ltat\\u00f3jak\\u00e9nt a Prohuman m\\u00e1r sok \\u00e9vvel a j\\u00e1rv\\u00e1ny el\\u0151tt is azon dolgozott, hogy a lehet\\u0151 legteljesebb k\\u00f6rben vonhasson be megv\\u00e1ltozott munkak\\u00e9pess\\u00e9g\\u0171 embereket k\\u00fcl\\u00f6nb\\u00f6z\\u0151 munkak\\u00f6r\\u00f6kben. A koronav\\u00edrussal egy\\u00fctt le\\u00e1ll\\u00f3 gazdas\\u00e1gban hirtelen rengetegen maradtak munka n\\u00e9lk\\u00fcl. Azonban a vissza\\u00e1ll\\u00e1s gyorsan lezajlott, legal\\u00e1bbis a\",\"inLanguage\":\"hu-HU\",\"isPartOf\":{\"@id\":\"https:\\\/\\\/allasorias.hu\\\/hirek\\\/#website\"},\"breadcrumb\":{\"@id\":\"https:\\\/\\\/allasorias.hu\\\/hirek\\\/tobb-pozicio-a-megvaltozott-munkakepessegu-embereknek\\\/#breadcrumblist\"},\"author\":{\"@id\":\"https:\\\/\\\/allasorias.hu\\\/hirek\\\/author\\\/admin-allasorias\\\/#author\"},\"creator\":{\"@id\":\"https:\\\/\\\/allasorias.hu\\\/hirek\\\/author\\\/admin-allasorias\\\/#author\"},\"image\":{\"@type\":\"ImageObject\",\"url\":\"https:\\\/\\\/allasorias.hu\\\/hirek\\\/wp-content\\\/uploads\\\/2018\\\/12\\\/disabled-2199122_640.jpg\",\"@id\":\"https:\\\/\\\/allasorias.hu\\\/hirek\\\/tobb-pozicio-a-megvaltozott-munkakepessegu-embereknek\\\/#mainImage\",\"width\":640,\"height\":425},\"primaryImageOfPage\":{\"@id\":\"https:\\\/\\\/allasorias.hu\\\/hirek\\\/tobb-pozicio-a-megvaltozott-munkakepessegu-embereknek\\\/#mainImage\"},\"datePublished\":\"2021-11-19T08:24:06+02:00\",\"dateModified\":\"2021-11-22T08:27:24+02:00\"},{\"@type\":\"WebSite\",\"@id\":\"https:\\\/\\\/allasorias.hu\\\/hirek\\\/#website\",\"url\":\"https:\\\/\\\/allasorias.hu\\\/hirek\\\/\",\"name\":\"AllasOrias.hu | H\\u00edrek-lapszemle\",\"description\":\"\\u00dczleti h\\u00edrek az \\u00e1ll\\u00e1s \\u00e9s a munka vil\\u00e1g\\u00e1b\\u00f3l\",\"inLanguage\":\"hu-HU\",\"publisher\":{\"@id\":\"https:\\\/\\\/allasorias.hu\\\/hirek\\\/#organization\"}}]}\n\t\t<\/script>\n\t\t<!-- All in One SEO -->\n\n","aioseo_head_json":{"title":"T\u00f6bb poz\u00edci\u00f3 a megv\u00e1ltozott munkak\u00e9pess\u00e9g\u0171 embereknek | AllasOrias.hu | H\u00edrek-lapszemle","description":"A Prohuman szerint azonban m\u00e9g messze vagyunk az ide\u00e1lis \u00e1llapott\u00f3l. Az orsz\u00e1g vezet\u0151 HR szolg\u00e1ltat\u00f3jak\u00e9nt a Prohuman m\u00e1r sok \u00e9vvel a j\u00e1rv\u00e1ny el\u0151tt is azon dolgozott, hogy a lehet\u0151 legteljesebb k\u00f6rben vonhasson be megv\u00e1ltozott munkak\u00e9pess\u00e9g\u0171 embereket k\u00fcl\u00f6nb\u00f6z\u0151 munkak\u00f6r\u00f6kben. A koronav\u00edrussal egy\u00fctt le\u00e1ll\u00f3 gazdas\u00e1gban hirtelen rengetegen maradtak munka n\u00e9lk\u00fcl. Azonban a vissza\u00e1ll\u00e1s gyorsan lezajlott, legal\u00e1bbis a","canonical_url":"https:\/\/allasorias.hu\/hirek\/tobb-pozicio-a-megvaltozott-munkakepessegu-embereknek\/","robots":"max-image-preview:large","keywords":"","webmasterTools":{"miscellaneous":""},"schema":{"@context":"https:\/\/schema.org","@graph":[{"@type":"Article","@id":"https:\/\/allasorias.hu\/hirek\/tobb-pozicio-a-megvaltozott-munkakepessegu-embereknek\/#article","name":"T\u00f6bb poz\u00edci\u00f3 a megv\u00e1ltozott munkak\u00e9pess\u00e9g\u0171 embereknek | AllasOrias.hu | H\u00edrek-lapszemle","headline":"T\u00f6bb poz\u00edci\u00f3 a megv\u00e1ltozott munkak\u00e9pess\u00e9g\u0171 embereknek","author":{"@id":"https:\/\/allasorias.hu\/hirek\/author\/admin-allasorias\/#author"},"publisher":{"@id":"https:\/\/allasorias.hu\/hirek\/#organization"},"image":{"@type":"ImageObject","url":"https:\/\/allasorias.hu\/hirek\/wp-content\/uploads\/2018\/12\/disabled-2199122_640.jpg","width":640,"height":425},"datePublished":"2021-11-19T08:24:06+02:00","dateModified":"2021-11-22T08:27:24+02:00","inLanguage":"hu-HU","mainEntityOfPage":{"@id":"https:\/\/allasorias.hu\/hirek\/tobb-pozicio-a-megvaltozott-munkakepessegu-embereknek\/#webpage"},"isPartOf":{"@id":"https:\/\/allasorias.hu\/hirek\/tobb-pozicio-a-megvaltozott-munkakepessegu-embereknek\/#webpage"},"articleSection":"Munkaer\u0151piac"},{"@type":"BreadcrumbList","@id":"https:\/\/allasorias.hu\/hirek\/tobb-pozicio-a-megvaltozott-munkakepessegu-embereknek\/#breadcrumblist","itemListElement":[{"@type":"ListItem","@id":"https:\/\/allasorias.hu\/hirek#listItem","position":1,"name":"Home","item":"https:\/\/allasorias.hu\/hirek","nextItem":{"@type":"ListItem","@id":"https:\/\/allasorias.hu\/hirek\/temak\/munkaeropiac\/#listItem","name":"Munkaer\u0151piac"}},{"@type":"ListItem","@id":"https:\/\/allasorias.hu\/hirek\/temak\/munkaeropiac\/#listItem","position":2,"name":"Munkaer\u0151piac","item":"https:\/\/allasorias.hu\/hirek\/temak\/munkaeropiac\/","nextItem":{"@type":"ListItem","@id":"https:\/\/allasorias.hu\/hirek\/tobb-pozicio-a-megvaltozott-munkakepessegu-embereknek\/#listItem","name":"T\u00f6bb poz\u00edci\u00f3 a megv\u00e1ltozott munkak\u00e9pess\u00e9g\u0171 embereknek"},"previousItem":{"@type":"ListItem","@id":"https:\/\/allasorias.hu\/hirek#listItem","name":"Home"}},{"@type":"ListItem","@id":"https:\/\/allasorias.hu\/hirek\/tobb-pozicio-a-megvaltozott-munkakepessegu-embereknek\/#listItem","position":3,"name":"T\u00f6bb poz\u00edci\u00f3 a megv\u00e1ltozott munkak\u00e9pess\u00e9g\u0171 embereknek","previousItem":{"@type":"ListItem","@id":"https:\/\/allasorias.hu\/hirek\/temak\/munkaeropiac\/#listItem","name":"Munkaer\u0151piac"}}]},{"@type":"Organization","@id":"https:\/\/allasorias.hu\/hirek\/#organization","name":"AllasOrias.hu | H\u00edrek-lapszemle","description":"\u00dczleti h\u00edrek az \u00e1ll\u00e1s \u00e9s a munka vil\u00e1g\u00e1b\u00f3l","url":"https:\/\/allasorias.hu\/hirek\/","logo":{"@type":"ImageObject","url":"https:\/\/allasorias.hu\/hirek\/wp-content\/uploads\/2022\/10\/allasorias_site_facebok_logo.png","@id":"https:\/\/allasorias.hu\/hirek\/tobb-pozicio-a-megvaltozott-munkakepessegu-embereknek\/#organizationLogo"},"image":{"@id":"https:\/\/allasorias.hu\/hirek\/tobb-pozicio-a-megvaltozott-munkakepessegu-embereknek\/#organizationLogo"},"sameAs":["https:\/\/www.facebook.com\/allasorias","https:\/\/www.linkedin.com\/company\/allasorias"]},{"@type":"Person","@id":"https:\/\/allasorias.hu\/hirek\/author\/admin-allasorias\/#author","url":"https:\/\/allasorias.hu\/hirek\/author\/admin-allasorias\/","name":"Juh\u00e1sz P\u00e9ter","image":{"@type":"ImageObject","@id":"https:\/\/allasorias.hu\/hirek\/tobb-pozicio-a-megvaltozott-munkakepessegu-embereknek\/#authorImage","url":"https:\/\/secure.gravatar.com\/avatar\/36e6bcb83148978b992977cb0f54d22feb0cce8a0a849a9410532bb2623ba4c6?s=96&d=mm&r=g","width":96,"height":96,"caption":"Juh\u00e1sz P\u00e9ter"}},{"@type":"WebPage","@id":"https:\/\/allasorias.hu\/hirek\/tobb-pozicio-a-megvaltozott-munkakepessegu-embereknek\/#webpage","url":"https:\/\/allasorias.hu\/hirek\/tobb-pozicio-a-megvaltozott-munkakepessegu-embereknek\/","name":"T\u00f6bb poz\u00edci\u00f3 a megv\u00e1ltozott munkak\u00e9pess\u00e9g\u0171 embereknek | AllasOrias.hu | H\u00edrek-lapszemle","description":"A Prohuman szerint azonban m\u00e9g messze vagyunk az ide\u00e1lis \u00e1llapott\u00f3l. Az orsz\u00e1g vezet\u0151 HR szolg\u00e1ltat\u00f3jak\u00e9nt a Prohuman m\u00e1r sok \u00e9vvel a j\u00e1rv\u00e1ny el\u0151tt is azon dolgozott, hogy a lehet\u0151 legteljesebb k\u00f6rben vonhasson be megv\u00e1ltozott munkak\u00e9pess\u00e9g\u0171 embereket k\u00fcl\u00f6nb\u00f6z\u0151 munkak\u00f6r\u00f6kben. A koronav\u00edrussal egy\u00fctt le\u00e1ll\u00f3 gazdas\u00e1gban hirtelen rengetegen maradtak munka n\u00e9lk\u00fcl. Azonban a vissza\u00e1ll\u00e1s gyorsan lezajlott, legal\u00e1bbis a","inLanguage":"hu-HU","isPartOf":{"@id":"https:\/\/allasorias.hu\/hirek\/#website"},"breadcrumb":{"@id":"https:\/\/allasorias.hu\/hirek\/tobb-pozicio-a-megvaltozott-munkakepessegu-embereknek\/#breadcrumblist"},"author":{"@id":"https:\/\/allasorias.hu\/hirek\/author\/admin-allasorias\/#author"},"creator":{"@id":"https:\/\/allasorias.hu\/hirek\/author\/admin-allasorias\/#author"},"image":{"@type":"ImageObject","url":"https:\/\/allasorias.hu\/hirek\/wp-content\/uploads\/2018\/12\/disabled-2199122_640.jpg","@id":"https:\/\/allasorias.hu\/hirek\/tobb-pozicio-a-megvaltozott-munkakepessegu-embereknek\/#mainImage","width":640,"height":425},"primaryImageOfPage":{"@id":"https:\/\/allasorias.hu\/hirek\/tobb-pozicio-a-megvaltozott-munkakepessegu-embereknek\/#mainImage"},"datePublished":"2021-11-19T08:24:06+02:00","dateModified":"2021-11-22T08:27:24+02:00"},{"@type":"WebSite","@id":"https:\/\/allasorias.hu\/hirek\/#website","url":"https:\/\/allasorias.hu\/hirek\/","name":"AllasOrias.hu | H\u00edrek-lapszemle","description":"\u00dczleti h\u00edrek az \u00e1ll\u00e1s \u00e9s a munka vil\u00e1g\u00e1b\u00f3l","inLanguage":"hu-HU","publisher":{"@id":"https:\/\/allasorias.hu\/hirek\/#organization"}}]},"og:locale":"hu_HU","og:site_name":"AllasOrias.hu | H\u00edrek-lapszemle | \u00dczleti h\u00edrek az \u00e1ll\u00e1s \u00e9s a munka vil\u00e1g\u00e1b\u00f3l","og:type":"article","og:title":"T\u00f6bb poz\u00edci\u00f3 a megv\u00e1ltozott munkak\u00e9pess\u00e9g\u0171 embereknek | AllasOrias.hu | H\u00edrek-lapszemle","og:description":"A Prohuman szerint azonban m\u00e9g messze vagyunk az ide\u00e1lis \u00e1llapott\u00f3l. Az orsz\u00e1g vezet\u0151 HR szolg\u00e1ltat\u00f3jak\u00e9nt a Prohuman m\u00e1r sok \u00e9vvel a j\u00e1rv\u00e1ny el\u0151tt is azon dolgozott, hogy a lehet\u0151 legteljesebb k\u00f6rben vonhasson be megv\u00e1ltozott munkak\u00e9pess\u00e9g\u0171 embereket k\u00fcl\u00f6nb\u00f6z\u0151 munkak\u00f6r\u00f6kben. A koronav\u00edrussal egy\u00fctt le\u00e1ll\u00f3 gazdas\u00e1gban hirtelen rengetegen maradtak munka n\u00e9lk\u00fcl. Azonban a vissza\u00e1ll\u00e1s gyorsan lezajlott, legal\u00e1bbis a","og:url":"https:\/\/allasorias.hu\/hirek\/tobb-pozicio-a-megvaltozott-munkakepessegu-embereknek\/","og:image":"https:\/\/allasorias.hu\/hirek\/wp-content\/uploads\/2018\/12\/disabled-2199122_640.jpg","og:image:secure_url":"https:\/\/allasorias.hu\/hirek\/wp-content\/uploads\/2018\/12\/disabled-2199122_640.jpg","og:image:width":640,"og:image:height":425,"article:published_time":"2021-11-19T08:24:06+00:00","article:modified_time":"2021-11-22T08:27:24+00:00","article:publisher":"https:\/\/www.facebook.com\/allasorias","twitter:card":"summary_large_image","twitter:title":"T\u00f6bb poz\u00edci\u00f3 a megv\u00e1ltozott munkak\u00e9pess\u00e9g\u0171 embereknek | AllasOrias.hu | H\u00edrek-lapszemle","twitter:description":"A Prohuman szerint azonban m\u00e9g messze vagyunk az ide\u00e1lis \u00e1llapott\u00f3l. Az orsz\u00e1g vezet\u0151 HR szolg\u00e1ltat\u00f3jak\u00e9nt a Prohuman m\u00e1r sok \u00e9vvel a j\u00e1rv\u00e1ny el\u0151tt is azon dolgozott, hogy a lehet\u0151 legteljesebb k\u00f6rben vonhasson be megv\u00e1ltozott munkak\u00e9pess\u00e9g\u0171 embereket k\u00fcl\u00f6nb\u00f6z\u0151 munkak\u00f6r\u00f6kben. A koronav\u00edrussal egy\u00fctt le\u00e1ll\u00f3 gazdas\u00e1gban hirtelen rengetegen maradtak munka n\u00e9lk\u00fcl. Azonban a vissza\u00e1ll\u00e1s gyorsan lezajlott, legal\u00e1bbis a","twitter:image":"https:\/\/allasorias.hu\/hirek\/wp-content\/uploads\/2018\/12\/disabled-2199122_640.jpg","twitter:label1":"Written by","twitter:data1":"Juh\u00e1sz P\u00e9ter","twitter:label2":"Est. reading time","twitter:data2":"3 minutes"},"aioseo_meta_data":{"post_id":"5201","title":null,"description":null,"keywords":[],"keyphrases":{"focus":[],"additional":[]},"primary_term":null,"canonical_url":null,"og_title":null,"og_description":null,"og_object_type":"default","og_image_type":"default","og_image_url":null,"og_image_width":null,"og_image_height":null,"og_image_custom_url":null,"og_image_custom_fields":null,"og_video":"","og_custom_url":null,"og_article_section":null,"og_article_tags":[],"twitter_use_og":false,"twitter_card":"default","twitter_image_type":"default","twitter_image_url":null,"twitter_image_custom_url":null,"twitter_image_custom_fields":null,"twitter_title":null,"twitter_description":null,"schema":{"blockGraphs":[],"customGraphs":[],"default":{"data":{"Article":[],"Course":[],"Dataset":[],"FAQPage":[],"Movie":[],"Person":[],"Product":[],"ProductReview":[],"Car":[],"Recipe":[],"Service":[],"SoftwareApplication":[],"WebPage":[]},"graphName":"","isEnabled":true},"graphs":[],"defaultGraph":"Article","defaultPostTypeGraph":""},"schema_type":"default","schema_type_options":"{\"article\":{\"articleType\":\"BlogPosting\"},\"course\":{\"name\":\"\",\"description\":\"\",\"provider\":\"\"},\"faq\":{\"pages\":[]},\"product\":{\"reviews\":[]},\"recipe\":{\"ingredients\":[],\"instructions\":[],\"keywords\":[]},\"software\":{\"reviews\":[],\"operatingSystems\":[]},\"webPage\":{\"webPageType\":\"WebPage\"}}","pillar_content":false,"robots_default":true,"robots_noindex":false,"robots_noarchive":false,"robots_nosnippet":false,"robots_nofollow":false,"robots_noimageindex":false,"robots_noodp":false,"robots_notranslate":false,"robots_max_snippet":"-1","robots_max_videopreview":"-1","robots_max_imagepreview":"large","priority":null,"frequency":"default","location":null,"local_seo":{"locations":{"business":{"name":"","businessType":"","image":"","areaServed":"","urls":{"website":"","aboutPage":"","contactPage":""},"address":{"streetLine1":"","streetLine2":"","zipCode":"","city":"","state":"","country":"","addressFormat":"#streetLineOne\n#streetLineTwo\n#city, #state #zipCode"},"contact":{"email":"","phone":"","phoneFormatted":"","fax":"","faxFormatted":""},"ids":{"vat":"","tax":"","chamberOfCommerce":""},"payment":{"priceRange":"","currenciesAccepted":"","methods":""}}},"openingHours":{"useDefaults":true,"show":true,"alwaysOpen":false,"use24hFormat":false,"timezone":"","labels":{"closed":"","alwaysOpen":""},"days":{"monday":{"open24h":false,"closed":false,"openTime":"09:00","closeTime":"17:00"},"tuesday":{"open24h":false,"closed":false,"openTime":"09:00","closeTime":"17:00"},"wednesday":{"open24h":false,"closed":false,"openTime":"09:00","closeTime":"17:00"},"thursday":{"open24h":false,"closed":false,"openTime":"09:00","closeTime":"17:00"},"friday":{"open24h":false,"closed":false,"openTime":"09:00","closeTime":"17:00"},"saturday":{"open24h":false,"closed":false,"openTime":"09:00","closeTime":"17:00"},"sunday":{"open24h":false,"closed":false,"openTime":"09:00","closeTime":"17:00"}}}},"breadcrumb_settings":null,"limit_modified_date":false,"ai":null,"created":"2021-11-22 08:24:06","updated":"2025-10-02 16:26:46","seo_analyzer_scan_date":null,"focus_keyword":null,"additional_keywords":null,"truseo_locale":null},"aioseo_breadcrumb":"<div class=\"aioseo-breadcrumbs\"><span class=\"aioseo-breadcrumb\">\n\t\t\t<a href=\"https:\/\/allasorias.hu\/hirek\" title=\"Home\">Home<\/a>\n\t\t<\/span><span class=\"aioseo-breadcrumb-separator\">&raquo;<\/span><span class=\"aioseo-breadcrumb\">\n\t\t\t<a href=\"https:\/\/allasorias.hu\/hirek\/temak\/munkaeropiac\/\" title=\"Munkaer\u0151piac\">Munkaer\u0151piac<\/a>\n\t\t<\/span><span class=\"aioseo-breadcrumb-separator\">&raquo;<\/span><span class=\"aioseo-breadcrumb\">\n\t\t\tT\u00f6bb poz\u00edci\u00f3 a megv\u00e1ltozott munkak\u00e9pess\u00e9g\u0171 embereknek\n\t\t<\/span><\/div>","aioseo_breadcrumb_json":[{"label":"Home","link":"https:\/\/allasorias.hu\/hirek"},{"label":"Munkaer\u0151piac","link":"https:\/\/allasorias.hu\/hirek\/temak\/munkaeropiac\/"},{"label":"T\u00f6bb poz\u00edci\u00f3 a megv\u00e1ltozott munkak\u00e9pess\u00e9g\u0171 embereknek","link":"https:\/\/allasorias.hu\/hirek\/tobb-pozicio-a-megvaltozott-munkakepessegu-embereknek\/"}],"_links":{"self":[{"href":"https:\/\/allasorias.hu\/hirek\/wp-json\/wp\/v2\/posts\/5201","targetHints":{"allow":["GET"]}}],"collection":[{"href":"https:\/\/allasorias.hu\/hirek\/wp-json\/wp\/v2\/posts"}],"about":[{"href":"https:\/\/allasorias.hu\/hirek\/wp-json\/wp\/v2\/types\/post"}],"author":[{"embeddable":true,"href":"https:\/\/allasorias.hu\/hirek\/wp-json\/wp\/v2\/users\/1"}],"replies":[{"embeddable":true,"href":"https:\/\/allasorias.hu\/hirek\/wp-json\/wp\/v2\/comments?post=5201"}],"version-history":[{"count":1,"href":"https:\/\/allasorias.hu\/hirek\/wp-json\/wp\/v2\/posts\/5201\/revisions"}],"predecessor-version":[{"id":5202,"href":"https:\/\/allasorias.hu\/hirek\/wp-json\/wp\/v2\/posts\/5201\/revisions\/5202"}],"wp:featuredmedia":[{"embeddable":true,"href":"https:\/\/allasorias.hu\/hirek\/wp-json\/wp\/v2\/media\/2263"}],"wp:attachment":[{"href":"https:\/\/allasorias.hu\/hirek\/wp-json\/wp\/v2\/media?parent=5201"}],"wp:term":[{"taxonomy":"category","embeddable":true,"href":"https:\/\/allasorias.hu\/hirek\/wp-json\/wp\/v2\/categories?post=5201"},{"taxonomy":"post_tag","embeddable":true,"href":"https:\/\/allasorias.hu\/hirek\/wp-json\/wp\/v2\/tags?post=5201"}],"curies":[{"name":"wp","href":"https:\/\/api.w.org\/{rel}","templated":true}]}}