{"id":5195,"date":"2021-11-17T07:57:31","date_gmt":"2021-11-17T07:57:31","guid":{"rendered":"https:\/\/allasorias.hu\/hirek\/?p=5195"},"modified":"2021-11-22T08:12:50","modified_gmt":"2021-11-22T08:12:50","slug":"egyre-jobb-borben-a-munkaeropiac-robban-a-lakossagi-fogyasztas","status":"publish","type":"post","link":"https:\/\/allasorias.hu\/hirek\/egyre-jobb-borben-a-munkaeropiac-robban-a-lakossagi-fogyasztas\/","title":{"rendered":"Egyre jobb b\u0151rben a munkaer\u0151piac \u2013 robban a lakoss\u00e1gi fogyaszt\u00e1s?"},"content":{"rendered":"<p><strong>A keresetek v\u00e1ltozatlanul dinamikusan emelkednek, mik\u00f6zben uni\u00f3s szinten kifejezetten alacsony a hazai munkan\u00e9lk\u00fclis\u00e9g. A kedvez\u0151 folyamatok a lakoss\u00e1gi fogyaszt\u00e1s jelent\u0151s n\u00f6veked\u00e9s\u00e9hez vezetnek.Az idei els\u0151 f\u00e9l\u00e9v v\u00e9g\u00e9re a foglalkoztatottak ledolgozott heti \u00e1tlag\u00f3rasz\u00e1ma 35 \u00f3ra fel\u00e9 emelkedett, ami nagyj\u00e1b\u00f3l megegyezik a koronav\u00edrus-v\u00e1ls\u00e1g el\u0151tti \u00e9rt\u00e9kekkel \u2013 der\u00fcl ki a KSH kiadv\u00e1ny\u00e1b\u00f3l.<\/strong><\/p>\n<p>Az idei els\u0151 f\u00e9l\u00e9vben folytat\u00f3dott a munkaer\u0151piac min\u0151s\u00e9gi javul\u00e1sa. Az \u00e9v k\u00f6zep\u00e9re 4 sz\u00e1zal\u00e9kra m\u00e9rs\u00e9kl\u0151d\u00f6tt a munkan\u00e9lk\u00fclis\u00e9gi r\u00e1ta \u00e9s 4,7 milli\u00f3 f\u0151re emelkedett a foglalkoztatottak sz\u00e1ma. Ezzel p\u00e1rhuzamosan a 15-64 \u00e9vesek foglalkoztatotts\u00e1gi r\u00e1t\u00e1ja t\u00f6rt\u00e9nelmi cs\u00facsra, 73,6 sz\u00e1zal\u00e9kra ugrott. A fizet\u0151k\u00e9pes kereslet szempontj\u00e1b\u00f3l nagyon fontos a r\u00e9szmunkaid\u0151s \u00e9s teljes munkaid\u0151s \u00e1ll\u00e1sok ar\u00e1ny\u00e1nak alakul\u00e1sa \u00e9s a t\u00e9nylegesen elv\u00e9gzett munkamennyis\u00e9g. Ezt a ledolgozott munka\u00f3r\u00e1kkal j\u00f3l lehet m\u00e9rni.Rendk\u00edv\u00fcl kedvez\u0151, hogy az idei els\u0151 f\u00e9l\u00e9v v\u00e9g\u00e9re a foglalkoztatottak ledolgozott heti \u00e1tlag\u00f3rasz\u00e1ma 35 \u00f3ra fel\u00e9 emelkedett, ami nagyj\u00e1b\u00f3l megegyezik a koronav\u00edrus-v\u00e1ls\u00e1g el\u0151tti \u00e9rt\u00e9kekkel. Ez egy\u00e9rtelm\u0171en a munkaer\u0151piac min\u0151s\u00e9gi javul\u00e1s\u00e1t mutatja, hiszen ez\u00e1ltal t\u00f6bb p\u00e9nzt visznek haza az emberek \u00e9s \u00edgy m\u00e9g er\u0151teljesebben b\u0151v\u00fcl a lakoss\u00e1g fogyaszt\u00e1sa. Emellett pozit\u00edvum, hogy a gazdas\u00e1g p\u00f3tl\u00f3lagos munkaer\u0151-kereslete meghaladta az egy \u00e9vvel kor\u00e1bbit az els\u0151 f\u00e9l\u00e9vben. A gazdas\u00e1g \u00fajraindul\u00e1sa miatt n\u0151tt az \u00fcres vagy a k\u00f6zelj\u00f6v\u0151ben meg\u00fcresed\u0151 \u00e1ll\u00e1shelyek sz\u00e1ma, ami 2021 m\u00e1sodik negyed\u00e9v\u00e9nek v\u00e9g\u00e9n megk\u00f6zel\u00edtette a 75 ezret. Az el\u0151z\u0151 \u00e9v azonos id\u0151szak\u00e1hoz viszony\u00edtott 25 sz\u00e1zal\u00e9kos ig\u00e9nyn\u00f6veked\u00e9sben \u2013 amit d\u00f6nt\u0151 r\u00e9szben a versenyszf\u00e9r\u00e1ban lezajl\u00f3 v\u00e1ltoz\u00e1sok okoztak \u2013 meghat\u00e1roz\u00f3 szerepe volt az egy \u00e9vvel ezel\u0151tti alacsony b\u00e1zisnak &#8211; mutat r\u00e1 a KSH kiadv\u00e1nya .Augusztusban is folytat\u00f3dott a dinamikus b\u00e9remelked\u00e9s Magyarorsz\u00e1gon. Az \u00e1tlagb\u00e9rek augusztusban 8,9 sz\u00e1zal\u00e9kkal n\u0151ttek. A brutt\u00f3 keresetek a versenyszf\u00e9r\u00e1ban 7,2, a k\u00f6lts\u00e9gvet\u00e9sben 10,7 sz\u00e1zal\u00e9kkal voltak magasabbak. El\u0151bbi a v\u00e1llalkoz\u00e1sok n\u00f6vekv\u0151 munkaer\u0151 kereslet\u00e9re, ut\u00f3bbi az \u00e1llami szf\u00e9ra \u00fctemezett b\u00e9remel\u00e9seire vezethet\u0151 vissza. Az idei \u00e9v els\u0151 8 h\u00f3napj\u00e1ban pedig 3,9 sz\u00e1zal\u00e9kkal emelkedett a re\u00e1lkereset, a fogyaszt\u00f3i \u00e1rak el\u0151z\u0151 \u00e9v azonos id\u0151szak\u00e1hoz m\u00e9rt, 4,3 sz\u00e1zal\u00e9kos n\u00f6veked\u00e9se mellett. A teljes munkaid\u0151ben alkalmaz\u00e1sban \u00e1ll\u00f3k brutt\u00f3 \u00e1tlagkeresete 426 500 forintot tett ki augusztusban. A nett\u00f3 \u00e1tlagkereset pedig a kedvezm\u00e9nyeket is figyelembe v\u00e9ve 292 300 forintot \u00e9rt el. A helyre\u00e1ll\u00f3 munkaer\u0151piacnak k\u00f6sz\u00f6nhet\u0151en a lakoss\u00e1gi fogyaszt\u00e1s az id\u00e9n 5, j\u00f6v\u0151re pedig 6 sz\u00e1zal\u00e9kkal is n\u00f6vekedhet a Magyar Nemzeti Bank v\u00e1rakoz\u00e1sai alapj\u00e1n. Ebben szerepe van a hitelt\u00f6rleszt\u00e9si morat\u00f3riumnak, a kedvez\u0151 hitelez\u00e9si tendenci\u00e1knak \u00e9s sz\u00e1mos \u00e1llami t\u00e1mogat\u00f3 int\u00e9zked\u00e9snek is.A munkan\u00e9lk\u00fclis\u00e9gi sz\u00e1mok alapj\u00e1n kedvez\u0151 helyen \u00e1ll Magyarorsz\u00e1g uni\u00f3s \u00f6sszevet\u00e9sben. Az eur\u00f3z\u00f3na munkan\u00e9lk\u00fclis\u00e9gi r\u00e1t\u00e1ja k\u00f6zel k\u00e9tszer akkora, mint a magyar.Id\u0151k\u00f6zben kij\u00f6ttek a szeptemberi magyar munkan\u00e9lk\u00fclis\u00e9gi sz\u00e1mok is. A munkan\u00e9lk\u00fclis\u00e9gi r\u00e1ta azonban ebben a h\u00f3napban is 4 sz\u00e1zal\u00e9kot tett ki, illetve tov\u00e1bbra is 195 ezer munkan\u00e9lk\u00fclit regisztr\u00e1ltak haz\u00e1nkban. Az MNB el\u0151rejelz\u00e9sei alapj\u00e1n a j\u00f6v\u0151 \u00e9vben 3,5 sz\u00e1zal\u00e9k k\u00f6rnyezet\u00e9be m\u00e9rs\u00e9kl\u0151dhet a munkan\u00e9lk\u00fclis\u00e9gi r\u00e1ta Magyarorsz\u00e1gon. A fiatalok, azaz a 25 \u00e9v alattiak munkan\u00e9lk\u00fclis\u00e9ge eset\u00e9ben kev\u00e9sb\u00e9 kedvez\u0151 a poz\u00edci\u00f3nk az uni\u00f3n bel\u00fcl, de m\u00e9g \u00edgy is jobbak vagyunk az EU \u00e1tlagn\u00e1l. Emiatt is k\u00fcl\u00f6n \u00fcdv\u00f6zlend\u0151 l\u00e9p\u00e9s a 25 \u00e9v alattiak szem\u00e9lyi j\u00f6vedelemad\u00f3 mentess\u00e9ge, mely amellett, hogy t\u00f6bblet j\u00f6vedelemhez juttatja a fiatalokat, sokakat munkav\u00e1llal\u00e1sra \u00f6szt\u00f6n\u00f6z. A KSH kiadv\u00e1ny\u00e1b\u00f3l az is kider\u00fcl, hogy nagyobb s\u00fallyal vel\u00fcnk maradt a home-office, vagyis az otthonr\u00f3l t\u00f6rt\u00e9n\u0151 munkav\u00e9gz\u00e9s jelens\u00e9ge. A j\u00e1rv\u00e1ny el\u0151tt alkalmank\u00e9nt \u00e9s rendszeresen a munkav\u00e1llal\u00f3k 1-1 sz\u00e1zal\u00e9ka dolgozott otthonr\u00f3l. Ma ez az ar\u00e1ny t\u00f6bb n\u00e9gyszer ilyen magas.<\/p>\n<p>Forr\u00e1s: novekedes.hu<\/p>\n<p>&nbsp;<\/p>\n","protected":false},"excerpt":{"rendered":"<p>A keresetek v\u00e1ltozatlanul dinamikusan emelkednek, mik\u00f6zben uni\u00f3s szinten kifejezetten alacsony a hazai munkan\u00e9lk\u00fclis\u00e9g. A kedvez\u0151 folyamatok a lakoss\u00e1gi fogyaszt\u00e1s jelent\u0151s n\u00f6veked\u00e9s\u00e9hez vezetnek.Az idei els\u0151 f\u00e9l\u00e9v v\u00e9g\u00e9re a foglalkoztatottak ledolgozott heti \u00e1tlag\u00f3rasz\u00e1ma 35 \u00f3ra fel\u00e9 emelkedett, ami nagyj\u00e1b\u00f3l megegyezik a koronav\u00edrus-v\u00e1ls\u00e1g el\u0151tti \u00e9rt\u00e9kekkel \u2013 der\u00fcl ki a KSH kiadv\u00e1ny\u00e1b\u00f3l. Az idei els\u0151 f\u00e9l\u00e9vben folytat\u00f3dott a munkaer\u0151piac [&hellip;]<\/p>\n","protected":false},"author":1,"featured_media":5196,"comment_status":"open","ping_status":"open","sticky":false,"template":"","format":"standard","meta":{"_monsterinsights_skip_tracking":false,"footnotes":""},"categories":[198],"tags":[],"class_list":["post-5195","post","type-post","status-publish","format-standard","has-post-thumbnail","hentry","category-gazdasag"],"aioseo_notices":[],"aioseo_head":"\n\t\t<!-- All in One SEO 5.0.0.1 - aioseo.com -->\n\t<meta name=\"description\" content=\"A keresetek v\u00e1ltozatlanul dinamikusan emelkednek, mik\u00f6zben uni\u00f3s szinten kifejezetten alacsony a hazai munkan\u00e9lk\u00fclis\u00e9g. A kedvez\u0151 folyamatok a lakoss\u00e1gi fogyaszt\u00e1s jelent\u0151s n\u00f6veked\u00e9s\u00e9hez vezetnek.Az idei els\u0151 f\u00e9l\u00e9v v\u00e9g\u00e9re a foglalkoztatottak ledolgozott heti \u00e1tlag\u00f3rasz\u00e1ma 35 \u00f3ra fel\u00e9 emelkedett, ami nagyj\u00e1b\u00f3l megegyezik a koronav\u00edrus-v\u00e1ls\u00e1g el\u0151tti \u00e9rt\u00e9kekkel \u2013 der\u00fcl ki a KSH kiadv\u00e1ny\u00e1b\u00f3l. Az idei els\u0151 f\u00e9l\u00e9vben folytat\u00f3dott a munkaer\u0151piac\" \/>\n\t<meta name=\"robots\" content=\"max-image-preview:large\" \/>\n\t<meta name=\"author\" content=\"Juh\u00e1sz P\u00e9ter\"\/>\n\t<link rel=\"canonical\" href=\"https:\/\/allasorias.hu\/hirek\/egyre-jobb-borben-a-munkaeropiac-robban-a-lakossagi-fogyasztas\/\" \/>\n\t<meta name=\"generator\" content=\"All in One SEO (AIOSEO) 5.0.0.1\" \/>\n\t\t<meta property=\"og:locale\" content=\"hu_HU\" \/>\n\t\t<meta property=\"og:site_name\" content=\"AllasOrias.hu | H\u00edrek-lapszemle | \u00dczleti h\u00edrek az \u00e1ll\u00e1s \u00e9s a munka vil\u00e1g\u00e1b\u00f3l\" \/>\n\t\t<meta property=\"og:type\" content=\"article\" \/>\n\t\t<meta property=\"og:title\" content=\"Egyre jobb b\u0151rben a munkaer\u0151piac \u2013 robban a lakoss\u00e1gi fogyaszt\u00e1s? | AllasOrias.hu | H\u00edrek-lapszemle\" \/>\n\t\t<meta property=\"og:description\" content=\"A keresetek v\u00e1ltozatlanul dinamikusan emelkednek, mik\u00f6zben uni\u00f3s szinten kifejezetten alacsony a hazai munkan\u00e9lk\u00fclis\u00e9g. A kedvez\u0151 folyamatok a lakoss\u00e1gi fogyaszt\u00e1s jelent\u0151s n\u00f6veked\u00e9s\u00e9hez vezetnek.Az idei els\u0151 f\u00e9l\u00e9v v\u00e9g\u00e9re a foglalkoztatottak ledolgozott heti \u00e1tlag\u00f3rasz\u00e1ma 35 \u00f3ra fel\u00e9 emelkedett, ami nagyj\u00e1b\u00f3l megegyezik a koronav\u00edrus-v\u00e1ls\u00e1g el\u0151tti \u00e9rt\u00e9kekkel \u2013 der\u00fcl ki a KSH kiadv\u00e1ny\u00e1b\u00f3l. Az idei els\u0151 f\u00e9l\u00e9vben folytat\u00f3dott a munkaer\u0151piac\" \/>\n\t\t<meta property=\"og:url\" content=\"https:\/\/allasorias.hu\/hirek\/egyre-jobb-borben-a-munkaeropiac-robban-a-lakossagi-fogyasztas\/\" \/>\n\t\t<meta property=\"og:image\" content=\"https:\/\/allasorias.hu\/hirek\/wp-content\/uploads\/2021\/11\/businessman-hold-graph-arrow-positive-growth-icon-pointing-creative-business-chart-with-upward-arrows-financial-business-growth-concept-low-polygonal-increased-sales-increased-value.jpg\" \/>\n\t\t<meta property=\"og:image:secure_url\" content=\"https:\/\/allasorias.hu\/hirek\/wp-content\/uploads\/2021\/11\/businessman-hold-graph-arrow-positive-growth-icon-pointing-creative-business-chart-with-upward-arrows-financial-business-growth-concept-low-polygonal-increased-sales-increased-value.jpg\" \/>\n\t\t<meta property=\"og:image:width\" content=\"1920\" \/>\n\t\t<meta property=\"og:image:height\" content=\"1280\" \/>\n\t\t<meta property=\"article:published_time\" content=\"2021-11-17T07:57:31+00:00\" \/>\n\t\t<meta property=\"article:modified_time\" content=\"2021-11-22T08:12:50+00:00\" \/>\n\t\t<meta property=\"article:publisher\" content=\"https:\/\/www.facebook.com\/allasorias\" \/>\n\t\t<meta name=\"twitter:card\" content=\"summary_large_image\" \/>\n\t\t<meta name=\"twitter:title\" content=\"Egyre jobb b\u0151rben a munkaer\u0151piac \u2013 robban a lakoss\u00e1gi fogyaszt\u00e1s? | AllasOrias.hu | H\u00edrek-lapszemle\" \/>\n\t\t<meta name=\"twitter:description\" content=\"A keresetek v\u00e1ltozatlanul dinamikusan emelkednek, mik\u00f6zben uni\u00f3s szinten kifejezetten alacsony a hazai munkan\u00e9lk\u00fclis\u00e9g. A kedvez\u0151 folyamatok a lakoss\u00e1gi fogyaszt\u00e1s jelent\u0151s n\u00f6veked\u00e9s\u00e9hez vezetnek.Az idei els\u0151 f\u00e9l\u00e9v v\u00e9g\u00e9re a foglalkoztatottak ledolgozott heti \u00e1tlag\u00f3rasz\u00e1ma 35 \u00f3ra fel\u00e9 emelkedett, ami nagyj\u00e1b\u00f3l megegyezik a koronav\u00edrus-v\u00e1ls\u00e1g el\u0151tti \u00e9rt\u00e9kekkel \u2013 der\u00fcl ki a KSH kiadv\u00e1ny\u00e1b\u00f3l. Az idei els\u0151 f\u00e9l\u00e9vben folytat\u00f3dott a munkaer\u0151piac\" \/>\n\t\t<meta name=\"twitter:image\" content=\"https:\/\/allasorias.hu\/hirek\/wp-content\/uploads\/2021\/11\/businessman-hold-graph-arrow-positive-growth-icon-pointing-creative-business-chart-with-upward-arrows-financial-business-growth-concept-low-polygonal-increased-sales-increased-value.jpg\" \/>\n\t\t<meta name=\"twitter:label1\" content=\"Written by\" \/>\n\t\t<meta name=\"twitter:data1\" content=\"Juh\u00e1sz P\u00e9ter\" \/>\n\t\t<meta name=\"twitter:label2\" content=\"Est. reading time\" \/>\n\t\t<meta name=\"twitter:data2\" content=\"4 minutes\" \/>\n\t\t<script type=\"application\/ld+json\" class=\"aioseo-schema\">\n\t\t\t{\"@context\":\"https:\\\/\\\/schema.org\",\"@graph\":[{\"@type\":\"Article\",\"@id\":\"https:\\\/\\\/allasorias.hu\\\/hirek\\\/egyre-jobb-borben-a-munkaeropiac-robban-a-lakossagi-fogyasztas\\\/#article\",\"name\":\"Egyre jobb b\\u0151rben a munkaer\\u0151piac \\u2013 robban a lakoss\\u00e1gi fogyaszt\\u00e1s? | AllasOrias.hu | H\\u00edrek-lapszemle\",\"headline\":\"Egyre jobb b\\u0151rben a munkaer\\u0151piac \\u2013 robban a lakoss\\u00e1gi fogyaszt\\u00e1s?\",\"author\":{\"@id\":\"https:\\\/\\\/allasorias.hu\\\/hirek\\\/author\\\/admin-allasorias\\\/#author\"},\"publisher\":{\"@id\":\"https:\\\/\\\/allasorias.hu\\\/hirek\\\/#organization\"},\"image\":{\"@type\":\"ImageObject\",\"url\":\"https:\\\/\\\/allasorias.hu\\\/hirek\\\/wp-content\\\/uploads\\\/2021\\\/11\\\/businessman-hold-graph-arrow-positive-growth-icon-pointing-creative-business-chart-with-upward-arrows-financial-business-growth-concept-low-polygonal-increased-sales-increased-value.jpg\",\"width\":1920,\"height\":1280,\"caption\":\"Businessman hold graph, arrow of positive growth icon.pointing at creative business chart with upward arrows.Financial, business growth concept.Low polygonal.increased sales, or increased value.\"},\"datePublished\":\"2021-11-17T07:57:31+02:00\",\"dateModified\":\"2021-11-22T08:12:50+02:00\",\"inLanguage\":\"hu-HU\",\"mainEntityOfPage\":{\"@id\":\"https:\\\/\\\/allasorias.hu\\\/hirek\\\/egyre-jobb-borben-a-munkaeropiac-robban-a-lakossagi-fogyasztas\\\/#webpage\"},\"isPartOf\":{\"@id\":\"https:\\\/\\\/allasorias.hu\\\/hirek\\\/egyre-jobb-borben-a-munkaeropiac-robban-a-lakossagi-fogyasztas\\\/#webpage\"},\"articleSection\":\"Gazdas\\u00e1g\"},{\"@type\":\"BreadcrumbList\",\"@id\":\"https:\\\/\\\/allasorias.hu\\\/hirek\\\/egyre-jobb-borben-a-munkaeropiac-robban-a-lakossagi-fogyasztas\\\/#breadcrumblist\",\"itemListElement\":[{\"@type\":\"ListItem\",\"@id\":\"https:\\\/\\\/allasorias.hu\\\/hirek#listItem\",\"position\":1,\"name\":\"Home\",\"item\":\"https:\\\/\\\/allasorias.hu\\\/hirek\",\"nextItem\":{\"@type\":\"ListItem\",\"@id\":\"https:\\\/\\\/allasorias.hu\\\/hirek\\\/temak\\\/gazdasag\\\/#listItem\",\"name\":\"Gazdas\\u00e1g\"}},{\"@type\":\"ListItem\",\"@id\":\"https:\\\/\\\/allasorias.hu\\\/hirek\\\/temak\\\/gazdasag\\\/#listItem\",\"position\":2,\"name\":\"Gazdas\\u00e1g\",\"item\":\"https:\\\/\\\/allasorias.hu\\\/hirek\\\/temak\\\/gazdasag\\\/\",\"nextItem\":{\"@type\":\"ListItem\",\"@id\":\"https:\\\/\\\/allasorias.hu\\\/hirek\\\/egyre-jobb-borben-a-munkaeropiac-robban-a-lakossagi-fogyasztas\\\/#listItem\",\"name\":\"Egyre jobb b\\u0151rben a munkaer\\u0151piac \\u2013 robban a lakoss\\u00e1gi fogyaszt\\u00e1s?\"},\"previousItem\":{\"@type\":\"ListItem\",\"@id\":\"https:\\\/\\\/allasorias.hu\\\/hirek#listItem\",\"name\":\"Home\"}},{\"@type\":\"ListItem\",\"@id\":\"https:\\\/\\\/allasorias.hu\\\/hirek\\\/egyre-jobb-borben-a-munkaeropiac-robban-a-lakossagi-fogyasztas\\\/#listItem\",\"position\":3,\"name\":\"Egyre jobb b\\u0151rben a munkaer\\u0151piac \\u2013 robban a lakoss\\u00e1gi fogyaszt\\u00e1s?\",\"previousItem\":{\"@type\":\"ListItem\",\"@id\":\"https:\\\/\\\/allasorias.hu\\\/hirek\\\/temak\\\/gazdasag\\\/#listItem\",\"name\":\"Gazdas\\u00e1g\"}}]},{\"@type\":\"Organization\",\"@id\":\"https:\\\/\\\/allasorias.hu\\\/hirek\\\/#organization\",\"name\":\"AllasOrias.hu | H\\u00edrek-lapszemle\",\"description\":\"\\u00dczleti h\\u00edrek az \\u00e1ll\\u00e1s \\u00e9s a munka vil\\u00e1g\\u00e1b\\u00f3l\",\"url\":\"https:\\\/\\\/allasorias.hu\\\/hirek\\\/\",\"logo\":{\"@type\":\"ImageObject\",\"url\":\"https:\\\/\\\/allasorias.hu\\\/hirek\\\/wp-content\\\/uploads\\\/2022\\\/10\\\/allasorias_site_facebok_logo.png\",\"@id\":\"https:\\\/\\\/allasorias.hu\\\/hirek\\\/egyre-jobb-borben-a-munkaeropiac-robban-a-lakossagi-fogyasztas\\\/#organizationLogo\"},\"image\":{\"@id\":\"https:\\\/\\\/allasorias.hu\\\/hirek\\\/egyre-jobb-borben-a-munkaeropiac-robban-a-lakossagi-fogyasztas\\\/#organizationLogo\"},\"sameAs\":[\"https:\\\/\\\/www.facebook.com\\\/allasorias\",\"https:\\\/\\\/www.linkedin.com\\\/company\\\/allasorias\"]},{\"@type\":\"Person\",\"@id\":\"https:\\\/\\\/allasorias.hu\\\/hirek\\\/author\\\/admin-allasorias\\\/#author\",\"url\":\"https:\\\/\\\/allasorias.hu\\\/hirek\\\/author\\\/admin-allasorias\\\/\",\"name\":\"Juh\\u00e1sz P\\u00e9ter\",\"image\":{\"@type\":\"ImageObject\",\"@id\":\"https:\\\/\\\/allasorias.hu\\\/hirek\\\/egyre-jobb-borben-a-munkaeropiac-robban-a-lakossagi-fogyasztas\\\/#authorImage\",\"url\":\"https:\\\/\\\/secure.gravatar.com\\\/avatar\\\/36e6bcb83148978b992977cb0f54d22feb0cce8a0a849a9410532bb2623ba4c6?s=96&d=mm&r=g\",\"width\":96,\"height\":96,\"caption\":\"Juh\\u00e1sz P\\u00e9ter\"}},{\"@type\":\"WebPage\",\"@id\":\"https:\\\/\\\/allasorias.hu\\\/hirek\\\/egyre-jobb-borben-a-munkaeropiac-robban-a-lakossagi-fogyasztas\\\/#webpage\",\"url\":\"https:\\\/\\\/allasorias.hu\\\/hirek\\\/egyre-jobb-borben-a-munkaeropiac-robban-a-lakossagi-fogyasztas\\\/\",\"name\":\"Egyre jobb b\\u0151rben a munkaer\\u0151piac \\u2013 robban a lakoss\\u00e1gi fogyaszt\\u00e1s? | AllasOrias.hu | H\\u00edrek-lapszemle\",\"description\":\"A keresetek v\\u00e1ltozatlanul dinamikusan emelkednek, mik\\u00f6zben uni\\u00f3s szinten kifejezetten alacsony a hazai munkan\\u00e9lk\\u00fclis\\u00e9g. A kedvez\\u0151 folyamatok a lakoss\\u00e1gi fogyaszt\\u00e1s jelent\\u0151s n\\u00f6veked\\u00e9s\\u00e9hez vezetnek.Az idei els\\u0151 f\\u00e9l\\u00e9v v\\u00e9g\\u00e9re a foglalkoztatottak ledolgozott heti \\u00e1tlag\\u00f3rasz\\u00e1ma 35 \\u00f3ra fel\\u00e9 emelkedett, ami nagyj\\u00e1b\\u00f3l megegyezik a koronav\\u00edrus-v\\u00e1ls\\u00e1g el\\u0151tti \\u00e9rt\\u00e9kekkel \\u2013 der\\u00fcl ki a KSH kiadv\\u00e1ny\\u00e1b\\u00f3l. Az idei els\\u0151 f\\u00e9l\\u00e9vben folytat\\u00f3dott a munkaer\\u0151piac\",\"inLanguage\":\"hu-HU\",\"isPartOf\":{\"@id\":\"https:\\\/\\\/allasorias.hu\\\/hirek\\\/#website\"},\"breadcrumb\":{\"@id\":\"https:\\\/\\\/allasorias.hu\\\/hirek\\\/egyre-jobb-borben-a-munkaeropiac-robban-a-lakossagi-fogyasztas\\\/#breadcrumblist\"},\"author\":{\"@id\":\"https:\\\/\\\/allasorias.hu\\\/hirek\\\/author\\\/admin-allasorias\\\/#author\"},\"creator\":{\"@id\":\"https:\\\/\\\/allasorias.hu\\\/hirek\\\/author\\\/admin-allasorias\\\/#author\"},\"image\":{\"@type\":\"ImageObject\",\"url\":\"https:\\\/\\\/allasorias.hu\\\/hirek\\\/wp-content\\\/uploads\\\/2021\\\/11\\\/businessman-hold-graph-arrow-positive-growth-icon-pointing-creative-business-chart-with-upward-arrows-financial-business-growth-concept-low-polygonal-increased-sales-increased-value.jpg\",\"@id\":\"https:\\\/\\\/allasorias.hu\\\/hirek\\\/egyre-jobb-borben-a-munkaeropiac-robban-a-lakossagi-fogyasztas\\\/#mainImage\",\"width\":1920,\"height\":1280,\"caption\":\"Businessman hold graph, arrow of positive growth icon.pointing at creative business chart with upward arrows.Financial, business growth concept.Low polygonal.increased sales, or increased value.\"},\"primaryImageOfPage\":{\"@id\":\"https:\\\/\\\/allasorias.hu\\\/hirek\\\/egyre-jobb-borben-a-munkaeropiac-robban-a-lakossagi-fogyasztas\\\/#mainImage\"},\"datePublished\":\"2021-11-17T07:57:31+02:00\",\"dateModified\":\"2021-11-22T08:12:50+02:00\"},{\"@type\":\"WebSite\",\"@id\":\"https:\\\/\\\/allasorias.hu\\\/hirek\\\/#website\",\"url\":\"https:\\\/\\\/allasorias.hu\\\/hirek\\\/\",\"name\":\"AllasOrias.hu | H\\u00edrek-lapszemle\",\"description\":\"\\u00dczleti h\\u00edrek az \\u00e1ll\\u00e1s \\u00e9s a munka vil\\u00e1g\\u00e1b\\u00f3l\",\"inLanguage\":\"hu-HU\",\"publisher\":{\"@id\":\"https:\\\/\\\/allasorias.hu\\\/hirek\\\/#organization\"}}]}\n\t\t<\/script>\n\t\t<!-- All in One SEO -->\n\n","aioseo_head_json":{"title":"Egyre jobb b\u0151rben a munkaer\u0151piac \u2013 robban a lakoss\u00e1gi fogyaszt\u00e1s? | AllasOrias.hu | H\u00edrek-lapszemle","description":"A keresetek v\u00e1ltozatlanul dinamikusan emelkednek, mik\u00f6zben uni\u00f3s szinten kifejezetten alacsony a hazai munkan\u00e9lk\u00fclis\u00e9g. A kedvez\u0151 folyamatok a lakoss\u00e1gi fogyaszt\u00e1s jelent\u0151s n\u00f6veked\u00e9s\u00e9hez vezetnek.Az idei els\u0151 f\u00e9l\u00e9v v\u00e9g\u00e9re a foglalkoztatottak ledolgozott heti \u00e1tlag\u00f3rasz\u00e1ma 35 \u00f3ra fel\u00e9 emelkedett, ami nagyj\u00e1b\u00f3l megegyezik a koronav\u00edrus-v\u00e1ls\u00e1g el\u0151tti \u00e9rt\u00e9kekkel \u2013 der\u00fcl ki a KSH kiadv\u00e1ny\u00e1b\u00f3l. Az idei els\u0151 f\u00e9l\u00e9vben folytat\u00f3dott a munkaer\u0151piac","canonical_url":"https:\/\/allasorias.hu\/hirek\/egyre-jobb-borben-a-munkaeropiac-robban-a-lakossagi-fogyasztas\/","robots":"max-image-preview:large","keywords":"","webmasterTools":{"miscellaneous":""},"schema":{"@context":"https:\/\/schema.org","@graph":[{"@type":"Article","@id":"https:\/\/allasorias.hu\/hirek\/egyre-jobb-borben-a-munkaeropiac-robban-a-lakossagi-fogyasztas\/#article","name":"Egyre jobb b\u0151rben a munkaer\u0151piac \u2013 robban a lakoss\u00e1gi fogyaszt\u00e1s? | AllasOrias.hu | H\u00edrek-lapszemle","headline":"Egyre jobb b\u0151rben a munkaer\u0151piac \u2013 robban a lakoss\u00e1gi fogyaszt\u00e1s?","author":{"@id":"https:\/\/allasorias.hu\/hirek\/author\/admin-allasorias\/#author"},"publisher":{"@id":"https:\/\/allasorias.hu\/hirek\/#organization"},"image":{"@type":"ImageObject","url":"https:\/\/allasorias.hu\/hirek\/wp-content\/uploads\/2021\/11\/businessman-hold-graph-arrow-positive-growth-icon-pointing-creative-business-chart-with-upward-arrows-financial-business-growth-concept-low-polygonal-increased-sales-increased-value.jpg","width":1920,"height":1280,"caption":"Businessman hold graph, arrow of positive growth icon.pointing at creative business chart with upward arrows.Financial, business growth concept.Low polygonal.increased sales, or increased value."},"datePublished":"2021-11-17T07:57:31+02:00","dateModified":"2021-11-22T08:12:50+02:00","inLanguage":"hu-HU","mainEntityOfPage":{"@id":"https:\/\/allasorias.hu\/hirek\/egyre-jobb-borben-a-munkaeropiac-robban-a-lakossagi-fogyasztas\/#webpage"},"isPartOf":{"@id":"https:\/\/allasorias.hu\/hirek\/egyre-jobb-borben-a-munkaeropiac-robban-a-lakossagi-fogyasztas\/#webpage"},"articleSection":"Gazdas\u00e1g"},{"@type":"BreadcrumbList","@id":"https:\/\/allasorias.hu\/hirek\/egyre-jobb-borben-a-munkaeropiac-robban-a-lakossagi-fogyasztas\/#breadcrumblist","itemListElement":[{"@type":"ListItem","@id":"https:\/\/allasorias.hu\/hirek#listItem","position":1,"name":"Home","item":"https:\/\/allasorias.hu\/hirek","nextItem":{"@type":"ListItem","@id":"https:\/\/allasorias.hu\/hirek\/temak\/gazdasag\/#listItem","name":"Gazdas\u00e1g"}},{"@type":"ListItem","@id":"https:\/\/allasorias.hu\/hirek\/temak\/gazdasag\/#listItem","position":2,"name":"Gazdas\u00e1g","item":"https:\/\/allasorias.hu\/hirek\/temak\/gazdasag\/","nextItem":{"@type":"ListItem","@id":"https:\/\/allasorias.hu\/hirek\/egyre-jobb-borben-a-munkaeropiac-robban-a-lakossagi-fogyasztas\/#listItem","name":"Egyre jobb b\u0151rben a munkaer\u0151piac \u2013 robban a lakoss\u00e1gi fogyaszt\u00e1s?"},"previousItem":{"@type":"ListItem","@id":"https:\/\/allasorias.hu\/hirek#listItem","name":"Home"}},{"@type":"ListItem","@id":"https:\/\/allasorias.hu\/hirek\/egyre-jobb-borben-a-munkaeropiac-robban-a-lakossagi-fogyasztas\/#listItem","position":3,"name":"Egyre jobb b\u0151rben a munkaer\u0151piac \u2013 robban a lakoss\u00e1gi fogyaszt\u00e1s?","previousItem":{"@type":"ListItem","@id":"https:\/\/allasorias.hu\/hirek\/temak\/gazdasag\/#listItem","name":"Gazdas\u00e1g"}}]},{"@type":"Organization","@id":"https:\/\/allasorias.hu\/hirek\/#organization","name":"AllasOrias.hu | H\u00edrek-lapszemle","description":"\u00dczleti h\u00edrek az \u00e1ll\u00e1s \u00e9s a munka vil\u00e1g\u00e1b\u00f3l","url":"https:\/\/allasorias.hu\/hirek\/","logo":{"@type":"ImageObject","url":"https:\/\/allasorias.hu\/hirek\/wp-content\/uploads\/2022\/10\/allasorias_site_facebok_logo.png","@id":"https:\/\/allasorias.hu\/hirek\/egyre-jobb-borben-a-munkaeropiac-robban-a-lakossagi-fogyasztas\/#organizationLogo"},"image":{"@id":"https:\/\/allasorias.hu\/hirek\/egyre-jobb-borben-a-munkaeropiac-robban-a-lakossagi-fogyasztas\/#organizationLogo"},"sameAs":["https:\/\/www.facebook.com\/allasorias","https:\/\/www.linkedin.com\/company\/allasorias"]},{"@type":"Person","@id":"https:\/\/allasorias.hu\/hirek\/author\/admin-allasorias\/#author","url":"https:\/\/allasorias.hu\/hirek\/author\/admin-allasorias\/","name":"Juh\u00e1sz P\u00e9ter","image":{"@type":"ImageObject","@id":"https:\/\/allasorias.hu\/hirek\/egyre-jobb-borben-a-munkaeropiac-robban-a-lakossagi-fogyasztas\/#authorImage","url":"https:\/\/secure.gravatar.com\/avatar\/36e6bcb83148978b992977cb0f54d22feb0cce8a0a849a9410532bb2623ba4c6?s=96&d=mm&r=g","width":96,"height":96,"caption":"Juh\u00e1sz P\u00e9ter"}},{"@type":"WebPage","@id":"https:\/\/allasorias.hu\/hirek\/egyre-jobb-borben-a-munkaeropiac-robban-a-lakossagi-fogyasztas\/#webpage","url":"https:\/\/allasorias.hu\/hirek\/egyre-jobb-borben-a-munkaeropiac-robban-a-lakossagi-fogyasztas\/","name":"Egyre jobb b\u0151rben a munkaer\u0151piac \u2013 robban a lakoss\u00e1gi fogyaszt\u00e1s? | AllasOrias.hu | H\u00edrek-lapszemle","description":"A keresetek v\u00e1ltozatlanul dinamikusan emelkednek, mik\u00f6zben uni\u00f3s szinten kifejezetten alacsony a hazai munkan\u00e9lk\u00fclis\u00e9g. A kedvez\u0151 folyamatok a lakoss\u00e1gi fogyaszt\u00e1s jelent\u0151s n\u00f6veked\u00e9s\u00e9hez vezetnek.Az idei els\u0151 f\u00e9l\u00e9v v\u00e9g\u00e9re a foglalkoztatottak ledolgozott heti \u00e1tlag\u00f3rasz\u00e1ma 35 \u00f3ra fel\u00e9 emelkedett, ami nagyj\u00e1b\u00f3l megegyezik a koronav\u00edrus-v\u00e1ls\u00e1g el\u0151tti \u00e9rt\u00e9kekkel \u2013 der\u00fcl ki a KSH kiadv\u00e1ny\u00e1b\u00f3l. Az idei els\u0151 f\u00e9l\u00e9vben folytat\u00f3dott a munkaer\u0151piac","inLanguage":"hu-HU","isPartOf":{"@id":"https:\/\/allasorias.hu\/hirek\/#website"},"breadcrumb":{"@id":"https:\/\/allasorias.hu\/hirek\/egyre-jobb-borben-a-munkaeropiac-robban-a-lakossagi-fogyasztas\/#breadcrumblist"},"author":{"@id":"https:\/\/allasorias.hu\/hirek\/author\/admin-allasorias\/#author"},"creator":{"@id":"https:\/\/allasorias.hu\/hirek\/author\/admin-allasorias\/#author"},"image":{"@type":"ImageObject","url":"https:\/\/allasorias.hu\/hirek\/wp-content\/uploads\/2021\/11\/businessman-hold-graph-arrow-positive-growth-icon-pointing-creative-business-chart-with-upward-arrows-financial-business-growth-concept-low-polygonal-increased-sales-increased-value.jpg","@id":"https:\/\/allasorias.hu\/hirek\/egyre-jobb-borben-a-munkaeropiac-robban-a-lakossagi-fogyasztas\/#mainImage","width":1920,"height":1280,"caption":"Businessman hold graph, arrow of positive growth icon.pointing at creative business chart with upward arrows.Financial, business growth concept.Low polygonal.increased sales, or increased value."},"primaryImageOfPage":{"@id":"https:\/\/allasorias.hu\/hirek\/egyre-jobb-borben-a-munkaeropiac-robban-a-lakossagi-fogyasztas\/#mainImage"},"datePublished":"2021-11-17T07:57:31+02:00","dateModified":"2021-11-22T08:12:50+02:00"},{"@type":"WebSite","@id":"https:\/\/allasorias.hu\/hirek\/#website","url":"https:\/\/allasorias.hu\/hirek\/","name":"AllasOrias.hu | H\u00edrek-lapszemle","description":"\u00dczleti h\u00edrek az \u00e1ll\u00e1s \u00e9s a munka vil\u00e1g\u00e1b\u00f3l","inLanguage":"hu-HU","publisher":{"@id":"https:\/\/allasorias.hu\/hirek\/#organization"}}]},"og:locale":"hu_HU","og:site_name":"AllasOrias.hu | H\u00edrek-lapszemle | \u00dczleti h\u00edrek az \u00e1ll\u00e1s \u00e9s a munka vil\u00e1g\u00e1b\u00f3l","og:type":"article","og:title":"Egyre jobb b\u0151rben a munkaer\u0151piac \u2013 robban a lakoss\u00e1gi fogyaszt\u00e1s? | AllasOrias.hu | H\u00edrek-lapszemle","og:description":"A keresetek v\u00e1ltozatlanul dinamikusan emelkednek, mik\u00f6zben uni\u00f3s szinten kifejezetten alacsony a hazai munkan\u00e9lk\u00fclis\u00e9g. A kedvez\u0151 folyamatok a lakoss\u00e1gi fogyaszt\u00e1s jelent\u0151s n\u00f6veked\u00e9s\u00e9hez vezetnek.Az idei els\u0151 f\u00e9l\u00e9v v\u00e9g\u00e9re a foglalkoztatottak ledolgozott heti \u00e1tlag\u00f3rasz\u00e1ma 35 \u00f3ra fel\u00e9 emelkedett, ami nagyj\u00e1b\u00f3l megegyezik a koronav\u00edrus-v\u00e1ls\u00e1g el\u0151tti \u00e9rt\u00e9kekkel \u2013 der\u00fcl ki a KSH kiadv\u00e1ny\u00e1b\u00f3l. Az idei els\u0151 f\u00e9l\u00e9vben folytat\u00f3dott a munkaer\u0151piac","og:url":"https:\/\/allasorias.hu\/hirek\/egyre-jobb-borben-a-munkaeropiac-robban-a-lakossagi-fogyasztas\/","og:image":"https:\/\/allasorias.hu\/hirek\/wp-content\/uploads\/2021\/11\/businessman-hold-graph-arrow-positive-growth-icon-pointing-creative-business-chart-with-upward-arrows-financial-business-growth-concept-low-polygonal-increased-sales-increased-value.jpg","og:image:secure_url":"https:\/\/allasorias.hu\/hirek\/wp-content\/uploads\/2021\/11\/businessman-hold-graph-arrow-positive-growth-icon-pointing-creative-business-chart-with-upward-arrows-financial-business-growth-concept-low-polygonal-increased-sales-increased-value.jpg","og:image:width":1920,"og:image:height":1280,"article:published_time":"2021-11-17T07:57:31+00:00","article:modified_time":"2021-11-22T08:12:50+00:00","article:publisher":"https:\/\/www.facebook.com\/allasorias","twitter:card":"summary_large_image","twitter:title":"Egyre jobb b\u0151rben a munkaer\u0151piac \u2013 robban a lakoss\u00e1gi fogyaszt\u00e1s? | AllasOrias.hu | H\u00edrek-lapszemle","twitter:description":"A keresetek v\u00e1ltozatlanul dinamikusan emelkednek, mik\u00f6zben uni\u00f3s szinten kifejezetten alacsony a hazai munkan\u00e9lk\u00fclis\u00e9g. A kedvez\u0151 folyamatok a lakoss\u00e1gi fogyaszt\u00e1s jelent\u0151s n\u00f6veked\u00e9s\u00e9hez vezetnek.Az idei els\u0151 f\u00e9l\u00e9v v\u00e9g\u00e9re a foglalkoztatottak ledolgozott heti \u00e1tlag\u00f3rasz\u00e1ma 35 \u00f3ra fel\u00e9 emelkedett, ami nagyj\u00e1b\u00f3l megegyezik a koronav\u00edrus-v\u00e1ls\u00e1g el\u0151tti \u00e9rt\u00e9kekkel \u2013 der\u00fcl ki a KSH kiadv\u00e1ny\u00e1b\u00f3l. Az idei els\u0151 f\u00e9l\u00e9vben folytat\u00f3dott a munkaer\u0151piac","twitter:image":"https:\/\/allasorias.hu\/hirek\/wp-content\/uploads\/2021\/11\/businessman-hold-graph-arrow-positive-growth-icon-pointing-creative-business-chart-with-upward-arrows-financial-business-growth-concept-low-polygonal-increased-sales-increased-value.jpg","twitter:label1":"Written by","twitter:data1":"Juh\u00e1sz P\u00e9ter","twitter:label2":"Est. reading time","twitter:data2":"4 minutes"},"aioseo_meta_data":{"post_id":"5195","title":null,"description":null,"keywords":[],"keyphrases":{"focus":[],"additional":[]},"primary_term":null,"canonical_url":null,"og_title":null,"og_description":null,"og_object_type":"default","og_image_type":"default","og_image_url":null,"og_image_width":null,"og_image_height":null,"og_image_custom_url":null,"og_image_custom_fields":null,"og_video":"","og_custom_url":null,"og_article_section":null,"og_article_tags":[],"twitter_use_og":false,"twitter_card":"default","twitter_image_type":"default","twitter_image_url":null,"twitter_image_custom_url":null,"twitter_image_custom_fields":null,"twitter_title":null,"twitter_description":null,"schema":{"blockGraphs":[],"customGraphs":[],"default":{"data":{"Article":[],"Course":[],"Dataset":[],"FAQPage":[],"Movie":[],"Person":[],"Product":[],"ProductReview":[],"Car":[],"Recipe":[],"Service":[],"SoftwareApplication":[],"WebPage":[]},"graphName":"","isEnabled":true},"graphs":[],"defaultGraph":"Article","defaultPostTypeGraph":""},"schema_type":"default","schema_type_options":"{\"article\":{\"articleType\":\"BlogPosting\"},\"course\":{\"name\":\"\",\"description\":\"\",\"provider\":\"\"},\"faq\":{\"pages\":[]},\"product\":{\"reviews\":[]},\"recipe\":{\"ingredients\":[],\"instructions\":[],\"keywords\":[]},\"software\":{\"reviews\":[],\"operatingSystems\":[]},\"webPage\":{\"webPageType\":\"WebPage\"}}","pillar_content":false,"robots_default":true,"robots_noindex":false,"robots_noarchive":false,"robots_nosnippet":false,"robots_nofollow":false,"robots_noimageindex":false,"robots_noodp":false,"robots_notranslate":false,"robots_max_snippet":"-1","robots_max_videopreview":"-1","robots_max_imagepreview":"large","priority":null,"frequency":"default","location":null,"local_seo":{"locations":{"business":{"name":"","businessType":"","image":"","areaServed":"","urls":{"website":"","aboutPage":"","contactPage":""},"address":{"streetLine1":"","streetLine2":"","zipCode":"","city":"","state":"","country":"","addressFormat":"#streetLineOne\n#streetLineTwo\n#city, #state #zipCode"},"contact":{"email":"","phone":"","phoneFormatted":"","fax":"","faxFormatted":""},"ids":{"vat":"","tax":"","chamberOfCommerce":""},"payment":{"priceRange":"","currenciesAccepted":"","methods":""}}},"openingHours":{"useDefaults":true,"show":true,"alwaysOpen":false,"use24hFormat":false,"timezone":"","labels":{"closed":"","alwaysOpen":""},"days":{"monday":{"open24h":false,"closed":false,"openTime":"09:00","closeTime":"17:00"},"tuesday":{"open24h":false,"closed":false,"openTime":"09:00","closeTime":"17:00"},"wednesday":{"open24h":false,"closed":false,"openTime":"09:00","closeTime":"17:00"},"thursday":{"open24h":false,"closed":false,"openTime":"09:00","closeTime":"17:00"},"friday":{"open24h":false,"closed":false,"openTime":"09:00","closeTime":"17:00"},"saturday":{"open24h":false,"closed":false,"openTime":"09:00","closeTime":"17:00"},"sunday":{"open24h":false,"closed":false,"openTime":"09:00","closeTime":"17:00"}}}},"breadcrumb_settings":null,"limit_modified_date":false,"ai":null,"created":"2021-11-22 07:57:31","updated":"2025-10-02 16:25:18","seo_analyzer_scan_date":null,"focus_keyword":null,"additional_keywords":null,"truseo_locale":null},"aioseo_breadcrumb":"<div class=\"aioseo-breadcrumbs\"><span class=\"aioseo-breadcrumb\">\n\t\t\t<a href=\"https:\/\/allasorias.hu\/hirek\" title=\"Home\">Home<\/a>\n\t\t<\/span><span class=\"aioseo-breadcrumb-separator\">&raquo;<\/span><span class=\"aioseo-breadcrumb\">\n\t\t\t<a href=\"https:\/\/allasorias.hu\/hirek\/temak\/gazdasag\/\" title=\"Gazdas\u00e1g\">Gazdas\u00e1g<\/a>\n\t\t<\/span><span class=\"aioseo-breadcrumb-separator\">&raquo;<\/span><span class=\"aioseo-breadcrumb\">\n\t\t\tEgyre jobb b\u0151rben a munkaer\u0151piac \u2013 robban a lakoss\u00e1gi fogyaszt\u00e1s?\n\t\t<\/span><\/div>","aioseo_breadcrumb_json":[{"label":"Home","link":"https:\/\/allasorias.hu\/hirek"},{"label":"Gazdas\u00e1g","link":"https:\/\/allasorias.hu\/hirek\/temak\/gazdasag\/"},{"label":"Egyre jobb b\u0151rben a munkaer\u0151piac \u2013 robban a lakoss\u00e1gi fogyaszt\u00e1s?","link":"https:\/\/allasorias.hu\/hirek\/egyre-jobb-borben-a-munkaeropiac-robban-a-lakossagi-fogyasztas\/"}],"_links":{"self":[{"href":"https:\/\/allasorias.hu\/hirek\/wp-json\/wp\/v2\/posts\/5195","targetHints":{"allow":["GET"]}}],"collection":[{"href":"https:\/\/allasorias.hu\/hirek\/wp-json\/wp\/v2\/posts"}],"about":[{"href":"https:\/\/allasorias.hu\/hirek\/wp-json\/wp\/v2\/types\/post"}],"author":[{"embeddable":true,"href":"https:\/\/allasorias.hu\/hirek\/wp-json\/wp\/v2\/users\/1"}],"replies":[{"embeddable":true,"href":"https:\/\/allasorias.hu\/hirek\/wp-json\/wp\/v2\/comments?post=5195"}],"version-history":[{"count":1,"href":"https:\/\/allasorias.hu\/hirek\/wp-json\/wp\/v2\/posts\/5195\/revisions"}],"predecessor-version":[{"id":5197,"href":"https:\/\/allasorias.hu\/hirek\/wp-json\/wp\/v2\/posts\/5195\/revisions\/5197"}],"wp:featuredmedia":[{"embeddable":true,"href":"https:\/\/allasorias.hu\/hirek\/wp-json\/wp\/v2\/media\/5196"}],"wp:attachment":[{"href":"https:\/\/allasorias.hu\/hirek\/wp-json\/wp\/v2\/media?parent=5195"}],"wp:term":[{"taxonomy":"category","embeddable":true,"href":"https:\/\/allasorias.hu\/hirek\/wp-json\/wp\/v2\/categories?post=5195"},{"taxonomy":"post_tag","embeddable":true,"href":"https:\/\/allasorias.hu\/hirek\/wp-json\/wp\/v2\/tags?post=5195"}],"curies":[{"name":"wp","href":"https:\/\/api.w.org\/{rel}","templated":true}]}}