{"id":5184,"date":"2021-11-12T09:15:21","date_gmt":"2021-11-12T09:15:21","guid":{"rendered":"https:\/\/allasorias.hu\/hirek\/?p=5184"},"modified":"2021-11-12T09:15:21","modified_gmt":"2021-11-12T09:15:21","slug":"vezet-a-bosch-a-legvonzobb-gyarto-magyarorszagon","status":"publish","type":"post","link":"https:\/\/allasorias.hu\/hirek\/vezet-a-bosch-a-legvonzobb-gyarto-magyarorszagon\/","title":{"rendered":"Vezet a Bosch a legvonz\u00f3bb gy\u00e1rt\u00f3 Magyarorsz\u00e1gon"},"content":{"rendered":"<p><strong>Az eredm\u00e9nyek alapj\u00e1n \u00f6sszesen t\u00edz ipar\u00e1gi kateg\u00f3ri\u00e1ban \u00e9s egy \u00f6sszes\u00edtett kateg\u00f3ri\u00e1ban osztott\u00e1k ki 2021 Legvonz\u00f3bb Munkahelye D\u00edjakat. \u00d6t\u00f6dik alkalommal lett a legvonz\u00f3bb munkahely gy\u00e1rt\u00f3i kateg\u00f3ri\u00e1ban a magyarorsz\u00e1gi Bosch Csoport. \u00d6sszes\u00edtettben pedig dobog\u00f3s helyen szerepel a v\u00e1llalat.A PwC Magyarorsz\u00e1g online kutat\u00e1s\u00e1ban a 16-28 \u00e9v k\u00f6z\u00f6tti di\u00e1kok, hallgat\u00f3k \u00e9s fiatal munkav\u00e1llal\u00f3k munkaer\u0151piaci-preferenci\u00e1it, \u00e9s a sz\u00e1mukra legvonz\u00f3bb munk\u00e1ltat\u00f3i m\u00e1rk\u00e1kat m\u00e9rte fel Magyarorsz\u00e1gon.<\/strong><\/p>\n<p>Nagy \u00f6r\u00f6m \u00e9s megtiszteltet\u00e9s sz\u00e1munkra, hogy imm\u00e1ron \u00f6t\u00f6dik alkalommal v\u00e1lasztott\u00e1k a fiatalok a legvonz\u00f3bb munkahelyek k\u00f6z\u00e9 Magyarorsz\u00e1gon a Bosch csoportot. Fontos visszajelz\u00e9s, hogy azok a t\u00f6rekv\u00e9sek, amelyeket v\u00e9gz\u00fcnk val\u00f3ban fontosak a j\u00f6v\u0151 munkav\u00e1llal\u00f3i sz\u00e1m\u00e1ra is \u2013 mondta Somogyi Andr\u00e1s, a Bosch csoport hum\u00e1n er\u0151forr\u00e1s\u00e9rt felel\u0151s aleln\u00f6ke Magyarorsz\u00e1gon \u00e9s az Adria r\u00e9gi\u00f3ban. A PwC Magyarorsz\u00e1g az idei munkaer\u0151piaci-preferencia kutat\u00e1s\u00e1ban a 16 \u00e9vn\u00e9l id\u0151sebb di\u00e1kokat, hallgat\u00f3kat \u00e9s munkav\u00e1llal\u00f3kat k\u00e9rdezte meg online felm\u00e9r\u00e9se keret\u00e9ben, hogy milyen t\u00e9nyez\u0151k \u00e9s juttat\u00e1sok meghat\u00e1roz\u00f3ak sz\u00e1mukra, milyen elv\u00e1r\u00e1sokat fogalmaznak meg a munkaad\u00f3kkal szemben, valamint melyek azok a hazai munk\u00e1ltat\u00f3i m\u00e1rk\u00e1k, melyek a legink\u00e1bb vonz\u00f3ak sz\u00e1mukra. Az el\u0151z\u0151 \u00e9vekhez k\u00e9pest \u00fajdons\u00e1g, hogy a TOP10 preferencia k\u00f6z\u00e9 beker\u00fclt az otthoni munkav\u00e9gz\u00e9s lehet\u0151s\u00e9ge is, a 28 \u00e9v felettiek k\u00f6r\u00e9ben pedig a t\u00e1vmunka a negyedik legfontosabb munkav\u00e1laszt\u00e1si szempontt\u00e1 l\u00e9pett el\u0151. A kutat\u00e1s szerint emellett tov\u00e1bb n\u0151tt a v\u00e1llalati kult\u00fara szerepe, amely a munkav\u00e1llal\u00f3i \u00e9lm\u00e9ny mellett a sikeres \u00e9s vonz\u00f3 munk\u00e1ltat\u00f3i m\u00e1rka kulcsa is.- A Bosch glob\u00e1lis t\u00f6rekv\u00e9seinek helyi megtestes\u00fcl\u00e9sek\u00e9nt tavaly j\u00f6tt l\u00e9tre az a munkacsoport a v\u00e1llalat budapesti telephely\u00e9n, melynek feladata a j\u00e1rv\u00e1ny ut\u00e1ni \u00faj munkam\u00f3dszerek kialak\u00edt\u00e1sa volt. Ennek eredm\u00e9nye, hogy egy sokkal sz\u00e9lesebb spektrum\u00fa fejl\u0151d\u00e9sre koncentr\u00e1lunk, ahol a fizikai- \u00e9s az informatikai k\u00f6rnyezet, valamint a v\u00e1llalati kult\u00fara \u00e1talakul\u00e1sa \u00e1ll a k\u00f6z\u00e9ppontban \u2013 hangs\u00falyozta. A v\u00e1llalat az irodai munk\u00e1t v\u00e9gz\u0151k k\u00f6r\u00e9ben a tev\u00e9kenys\u00e9galap\u00fa munkak\u00f6r\u00fclm\u00e9nyekre f\u00f3kusz\u00e1l, de tov\u00e1bbra is el\u0151nyben r\u00e9szes\u00edtik p\u00e9ld\u00e1ul a k\u00fcl\u00f6nb\u00f6z\u0151 form\u00e1ban megval\u00f3sul\u00f3, nem fix helyhez k\u00f6t\u00f6tt munkav\u00e9gz\u00e9st, illetve a rugalmas munkaid\u0151beoszt\u00e1st. &#8211; A t\u00e1vmunka n\u00f6vekv\u0151 szerepe miatt m\u00e9g nagyobb hangs\u00falyt helyez\u00fcnk a kommunik\u00e1ci\u00f3ra, m\u00e1sok meg\u00e9rt\u00e9s\u00e9re \u00e9s meghallgat\u00e1s\u00e1ra. Hiszen a k\u00fcl\u00f6nb\u00f6z\u0151 v\u00e9lem\u00e9nyek meg\u00e9rt\u00e9se \u00e9s a kooper\u00e1ci\u00f3 hat\u00e9konyabb megold\u00e1sokhoz vezet. Emellett a Boschn\u00e1l k\u00fcl\u00f6nb\u00f6z\u0151 programokkal t\u00e1mogatjuk a koll\u00e9g\u00e1k szakmai fejl\u0151d\u00e9s\u00e9t mind a szakmai kompetenci\u00e1kat, mind a k\u00e9szs\u00e9gfejleszt\u00e9st illet\u0151en \u2013 tette hozz\u00e1 Somogyi Andr\u00e1s.A Bosch csoport nyolc \u00f6n\u00e1ll\u00f3 v\u00e1llalat szoros strat\u00e9giai egy\u00fcttm\u0171k\u00f6d\u00e9sek\u00e9nt Magyarorsz\u00e1g egyik legnagyobb k\u00fclf\u00f6ldi ipari munkaad\u00f3ja, t\u00f6bb mint 15 ezer munkav\u00e1llal\u00f3t foglalkoztat. A 2020-as p\u00e9nz\u00fcgyi \u00e9vben 1497 milli\u00e1rd forint teljes nett\u00f3 \u00e1rbev\u00e9telt \u00e9rt el, ebb\u0151l a magyar piacra val\u00f3 csoporton k\u00edv\u00fcli \u00e9rt\u00e9kes\u00edt\u00e9sb\u0151l sz\u00e1rmaz\u00f3 \u00e1rbev\u00e9tele 238 milli\u00e1rd forint volt. Gy\u00e1rt\u00e1si tev\u00e9kenys\u00e9ge mellett a Bosch jelent\u0151s kutat\u00e1s-fejleszt\u00e9si tev\u00e9kenys\u00e9get is v\u00e9gez Magyarorsz\u00e1gon. A v\u00e1llalat Budapesti Fejleszt\u00e9si K\u00f6zpontja 3000 m\u00e9rn\u00f6k\u00e9vel N\u00e9metorsz\u00e1g ut\u00e1n Eur\u00f3pa legnagyobb Bosch K+F k\u00f6zpontja, ahol a j\u00f6v\u0151 aut\u00f3ipari technol\u00f3gi\u00e1inak kifejleszt\u00e9s\u00e9n dolgoznak. A v\u00e1llalat jelenleg is akt\u00edvan b\u0151v\u00edti a fejleszt\u0151m\u00e9rn\u00f6keinek sz\u00e1m\u00e1t Magyarorsz\u00e1gon.<\/p>\n<p>Forr\u00e1s: autoszektor.hu<\/p>\n","protected":false},"excerpt":{"rendered":"<p>Az eredm\u00e9nyek alapj\u00e1n \u00f6sszesen t\u00edz ipar\u00e1gi kateg\u00f3ri\u00e1ban \u00e9s egy \u00f6sszes\u00edtett kateg\u00f3ri\u00e1ban osztott\u00e1k ki 2021 Legvonz\u00f3bb Munkahelye D\u00edjakat. \u00d6t\u00f6dik alkalommal lett a legvonz\u00f3bb munkahely gy\u00e1rt\u00f3i kateg\u00f3ri\u00e1ban a magyarorsz\u00e1gi Bosch Csoport. \u00d6sszes\u00edtettben pedig dobog\u00f3s helyen szerepel a v\u00e1llalat.A PwC Magyarorsz\u00e1g online kutat\u00e1s\u00e1ban a 16-28 \u00e9v k\u00f6z\u00f6tti di\u00e1kok, hallgat\u00f3k \u00e9s fiatal munkav\u00e1llal\u00f3k munkaer\u0151piaci-preferenci\u00e1it, \u00e9s a sz\u00e1mukra legvonz\u00f3bb munk\u00e1ltat\u00f3i [&hellip;]<\/p>\n","protected":false},"author":1,"featured_media":5186,"comment_status":"open","ping_status":"open","sticky":false,"template":"","format":"standard","meta":{"_monsterinsights_skip_tracking":false,"footnotes":""},"categories":[200],"tags":[],"class_list":["post-5184","post","type-post","status-publish","format-standard","has-post-thumbnail","hentry","category-munkaeropiac"],"aioseo_notices":[],"aioseo_head":"\n\t\t<!-- All in One SEO 5.0.0.1 - aioseo.com -->\n\t<meta name=\"description\" content=\"Az eredm\u00e9nyek alapj\u00e1n \u00f6sszesen t\u00edz ipar\u00e1gi kateg\u00f3ri\u00e1ban \u00e9s egy \u00f6sszes\u00edtett kateg\u00f3ri\u00e1ban osztott\u00e1k ki 2021 Legvonz\u00f3bb Munkahelye D\u00edjakat. \u00d6t\u00f6dik alkalommal lett a legvonz\u00f3bb munkahely gy\u00e1rt\u00f3i kateg\u00f3ri\u00e1ban a magyarorsz\u00e1gi Bosch Csoport. \u00d6sszes\u00edtettben pedig dobog\u00f3s helyen szerepel a v\u00e1llalat.A PwC Magyarorsz\u00e1g online kutat\u00e1s\u00e1ban a 16-28 \u00e9v k\u00f6z\u00f6tti di\u00e1kok, hallgat\u00f3k \u00e9s fiatal munkav\u00e1llal\u00f3k munkaer\u0151piaci-preferenci\u00e1it, \u00e9s a sz\u00e1mukra legvonz\u00f3bb munk\u00e1ltat\u00f3i\" \/>\n\t<meta name=\"robots\" content=\"max-image-preview:large\" \/>\n\t<meta name=\"author\" content=\"Juh\u00e1sz P\u00e9ter\"\/>\n\t<link rel=\"canonical\" href=\"https:\/\/allasorias.hu\/hirek\/vezet-a-bosch-a-legvonzobb-gyarto-magyarorszagon\/\" \/>\n\t<meta name=\"generator\" content=\"All in One SEO (AIOSEO) 5.0.0.1\" \/>\n\t\t<meta property=\"og:locale\" content=\"hu_HU\" \/>\n\t\t<meta property=\"og:site_name\" content=\"AllasOrias.hu | H\u00edrek-lapszemle | \u00dczleti h\u00edrek az \u00e1ll\u00e1s \u00e9s a munka vil\u00e1g\u00e1b\u00f3l\" \/>\n\t\t<meta property=\"og:type\" content=\"article\" \/>\n\t\t<meta property=\"og:title\" content=\"Vezet a Bosch a legvonz\u00f3bb gy\u00e1rt\u00f3 Magyarorsz\u00e1gon | AllasOrias.hu | H\u00edrek-lapszemle\" \/>\n\t\t<meta property=\"og:description\" content=\"Az eredm\u00e9nyek alapj\u00e1n \u00f6sszesen t\u00edz ipar\u00e1gi kateg\u00f3ri\u00e1ban \u00e9s egy \u00f6sszes\u00edtett kateg\u00f3ri\u00e1ban osztott\u00e1k ki 2021 Legvonz\u00f3bb Munkahelye D\u00edjakat. \u00d6t\u00f6dik alkalommal lett a legvonz\u00f3bb munkahely gy\u00e1rt\u00f3i kateg\u00f3ri\u00e1ban a magyarorsz\u00e1gi Bosch Csoport. \u00d6sszes\u00edtettben pedig dobog\u00f3s helyen szerepel a v\u00e1llalat.A PwC Magyarorsz\u00e1g online kutat\u00e1s\u00e1ban a 16-28 \u00e9v k\u00f6z\u00f6tti di\u00e1kok, hallgat\u00f3k \u00e9s fiatal munkav\u00e1llal\u00f3k munkaer\u0151piaci-preferenci\u00e1it, \u00e9s a sz\u00e1mukra legvonz\u00f3bb munk\u00e1ltat\u00f3i\" \/>\n\t\t<meta property=\"og:url\" content=\"https:\/\/allasorias.hu\/hirek\/vezet-a-bosch-a-legvonzobb-gyarto-magyarorszagon\/\" \/>\n\t\t<meta property=\"og:image\" content=\"https:\/\/allasorias.hu\/hirek\/wp-content\/uploads\/2021\/11\/bosch_logo.png\" \/>\n\t\t<meta property=\"og:image:secure_url\" content=\"https:\/\/allasorias.hu\/hirek\/wp-content\/uploads\/2021\/11\/bosch_logo.png\" \/>\n\t\t<meta property=\"og:image:width\" content=\"1200\" \/>\n\t\t<meta property=\"og:image:height\" content=\"507\" \/>\n\t\t<meta property=\"article:published_time\" content=\"2021-11-12T09:15:21+00:00\" \/>\n\t\t<meta property=\"article:modified_time\" content=\"2021-11-12T09:15:21+00:00\" \/>\n\t\t<meta property=\"article:publisher\" content=\"https:\/\/www.facebook.com\/allasorias\" \/>\n\t\t<meta name=\"twitter:card\" content=\"summary_large_image\" \/>\n\t\t<meta name=\"twitter:title\" content=\"Vezet a Bosch a legvonz\u00f3bb gy\u00e1rt\u00f3 Magyarorsz\u00e1gon | AllasOrias.hu | H\u00edrek-lapszemle\" \/>\n\t\t<meta name=\"twitter:description\" content=\"Az eredm\u00e9nyek alapj\u00e1n \u00f6sszesen t\u00edz ipar\u00e1gi kateg\u00f3ri\u00e1ban \u00e9s egy \u00f6sszes\u00edtett kateg\u00f3ri\u00e1ban osztott\u00e1k ki 2021 Legvonz\u00f3bb Munkahelye D\u00edjakat. \u00d6t\u00f6dik alkalommal lett a legvonz\u00f3bb munkahely gy\u00e1rt\u00f3i kateg\u00f3ri\u00e1ban a magyarorsz\u00e1gi Bosch Csoport. \u00d6sszes\u00edtettben pedig dobog\u00f3s helyen szerepel a v\u00e1llalat.A PwC Magyarorsz\u00e1g online kutat\u00e1s\u00e1ban a 16-28 \u00e9v k\u00f6z\u00f6tti di\u00e1kok, hallgat\u00f3k \u00e9s fiatal munkav\u00e1llal\u00f3k munkaer\u0151piaci-preferenci\u00e1it, \u00e9s a sz\u00e1mukra legvonz\u00f3bb munk\u00e1ltat\u00f3i\" \/>\n\t\t<meta name=\"twitter:image\" content=\"https:\/\/allasorias.hu\/hirek\/wp-content\/uploads\/2021\/11\/bosch_logo.png\" \/>\n\t\t<meta name=\"twitter:label1\" content=\"Written by\" \/>\n\t\t<meta name=\"twitter:data1\" content=\"Juh\u00e1sz P\u00e9ter\" \/>\n\t\t<meta name=\"twitter:label2\" content=\"Est. reading time\" \/>\n\t\t<meta name=\"twitter:data2\" content=\"4 minutes\" \/>\n\t\t<script type=\"application\/ld+json\" class=\"aioseo-schema\">\n\t\t\t{\"@context\":\"https:\\\/\\\/schema.org\",\"@graph\":[{\"@type\":\"Article\",\"@id\":\"https:\\\/\\\/allasorias.hu\\\/hirek\\\/vezet-a-bosch-a-legvonzobb-gyarto-magyarorszagon\\\/#article\",\"name\":\"Vezet a Bosch a legvonz\\u00f3bb gy\\u00e1rt\\u00f3 Magyarorsz\\u00e1gon | AllasOrias.hu | H\\u00edrek-lapszemle\",\"headline\":\"Vezet a Bosch a legvonz\\u00f3bb gy\\u00e1rt\\u00f3 Magyarorsz\\u00e1gon\",\"author\":{\"@id\":\"https:\\\/\\\/allasorias.hu\\\/hirek\\\/author\\\/admin-allasorias\\\/#author\"},\"publisher\":{\"@id\":\"https:\\\/\\\/allasorias.hu\\\/hirek\\\/#organization\"},\"image\":{\"@type\":\"ImageObject\",\"url\":\"https:\\\/\\\/allasorias.hu\\\/hirek\\\/wp-content\\\/uploads\\\/2021\\\/11\\\/bosch_logo.png\",\"width\":1200,\"height\":507},\"datePublished\":\"2021-11-12T09:15:21+02:00\",\"dateModified\":\"2021-11-12T09:15:21+02:00\",\"inLanguage\":\"hu-HU\",\"mainEntityOfPage\":{\"@id\":\"https:\\\/\\\/allasorias.hu\\\/hirek\\\/vezet-a-bosch-a-legvonzobb-gyarto-magyarorszagon\\\/#webpage\"},\"isPartOf\":{\"@id\":\"https:\\\/\\\/allasorias.hu\\\/hirek\\\/vezet-a-bosch-a-legvonzobb-gyarto-magyarorszagon\\\/#webpage\"},\"articleSection\":\"Munkaer\\u0151piac\"},{\"@type\":\"BreadcrumbList\",\"@id\":\"https:\\\/\\\/allasorias.hu\\\/hirek\\\/vezet-a-bosch-a-legvonzobb-gyarto-magyarorszagon\\\/#breadcrumblist\",\"itemListElement\":[{\"@type\":\"ListItem\",\"@id\":\"https:\\\/\\\/allasorias.hu\\\/hirek#listItem\",\"position\":1,\"name\":\"Home\",\"item\":\"https:\\\/\\\/allasorias.hu\\\/hirek\",\"nextItem\":{\"@type\":\"ListItem\",\"@id\":\"https:\\\/\\\/allasorias.hu\\\/hirek\\\/temak\\\/munkaeropiac\\\/#listItem\",\"name\":\"Munkaer\\u0151piac\"}},{\"@type\":\"ListItem\",\"@id\":\"https:\\\/\\\/allasorias.hu\\\/hirek\\\/temak\\\/munkaeropiac\\\/#listItem\",\"position\":2,\"name\":\"Munkaer\\u0151piac\",\"item\":\"https:\\\/\\\/allasorias.hu\\\/hirek\\\/temak\\\/munkaeropiac\\\/\",\"nextItem\":{\"@type\":\"ListItem\",\"@id\":\"https:\\\/\\\/allasorias.hu\\\/hirek\\\/vezet-a-bosch-a-legvonzobb-gyarto-magyarorszagon\\\/#listItem\",\"name\":\"Vezet a Bosch a legvonz\\u00f3bb gy\\u00e1rt\\u00f3 Magyarorsz\\u00e1gon\"},\"previousItem\":{\"@type\":\"ListItem\",\"@id\":\"https:\\\/\\\/allasorias.hu\\\/hirek#listItem\",\"name\":\"Home\"}},{\"@type\":\"ListItem\",\"@id\":\"https:\\\/\\\/allasorias.hu\\\/hirek\\\/vezet-a-bosch-a-legvonzobb-gyarto-magyarorszagon\\\/#listItem\",\"position\":3,\"name\":\"Vezet a Bosch a legvonz\\u00f3bb gy\\u00e1rt\\u00f3 Magyarorsz\\u00e1gon\",\"previousItem\":{\"@type\":\"ListItem\",\"@id\":\"https:\\\/\\\/allasorias.hu\\\/hirek\\\/temak\\\/munkaeropiac\\\/#listItem\",\"name\":\"Munkaer\\u0151piac\"}}]},{\"@type\":\"Organization\",\"@id\":\"https:\\\/\\\/allasorias.hu\\\/hirek\\\/#organization\",\"name\":\"AllasOrias.hu | H\\u00edrek-lapszemle\",\"description\":\"\\u00dczleti h\\u00edrek az \\u00e1ll\\u00e1s \\u00e9s a munka vil\\u00e1g\\u00e1b\\u00f3l\",\"url\":\"https:\\\/\\\/allasorias.hu\\\/hirek\\\/\",\"logo\":{\"@type\":\"ImageObject\",\"url\":\"https:\\\/\\\/allasorias.hu\\\/hirek\\\/wp-content\\\/uploads\\\/2022\\\/10\\\/allasorias_site_facebok_logo.png\",\"@id\":\"https:\\\/\\\/allasorias.hu\\\/hirek\\\/vezet-a-bosch-a-legvonzobb-gyarto-magyarorszagon\\\/#organizationLogo\"},\"image\":{\"@id\":\"https:\\\/\\\/allasorias.hu\\\/hirek\\\/vezet-a-bosch-a-legvonzobb-gyarto-magyarorszagon\\\/#organizationLogo\"},\"sameAs\":[\"https:\\\/\\\/www.facebook.com\\\/allasorias\",\"https:\\\/\\\/www.linkedin.com\\\/company\\\/allasorias\"]},{\"@type\":\"Person\",\"@id\":\"https:\\\/\\\/allasorias.hu\\\/hirek\\\/author\\\/admin-allasorias\\\/#author\",\"url\":\"https:\\\/\\\/allasorias.hu\\\/hirek\\\/author\\\/admin-allasorias\\\/\",\"name\":\"Juh\\u00e1sz P\\u00e9ter\",\"image\":{\"@type\":\"ImageObject\",\"@id\":\"https:\\\/\\\/allasorias.hu\\\/hirek\\\/vezet-a-bosch-a-legvonzobb-gyarto-magyarorszagon\\\/#authorImage\",\"url\":\"https:\\\/\\\/secure.gravatar.com\\\/avatar\\\/36e6bcb83148978b992977cb0f54d22feb0cce8a0a849a9410532bb2623ba4c6?s=96&d=mm&r=g\",\"width\":96,\"height\":96,\"caption\":\"Juh\\u00e1sz P\\u00e9ter\"}},{\"@type\":\"WebPage\",\"@id\":\"https:\\\/\\\/allasorias.hu\\\/hirek\\\/vezet-a-bosch-a-legvonzobb-gyarto-magyarorszagon\\\/#webpage\",\"url\":\"https:\\\/\\\/allasorias.hu\\\/hirek\\\/vezet-a-bosch-a-legvonzobb-gyarto-magyarorszagon\\\/\",\"name\":\"Vezet a Bosch a legvonz\\u00f3bb gy\\u00e1rt\\u00f3 Magyarorsz\\u00e1gon | AllasOrias.hu | H\\u00edrek-lapszemle\",\"description\":\"Az eredm\\u00e9nyek alapj\\u00e1n \\u00f6sszesen t\\u00edz ipar\\u00e1gi kateg\\u00f3ri\\u00e1ban \\u00e9s egy \\u00f6sszes\\u00edtett kateg\\u00f3ri\\u00e1ban osztott\\u00e1k ki 2021 Legvonz\\u00f3bb Munkahelye D\\u00edjakat. \\u00d6t\\u00f6dik alkalommal lett a legvonz\\u00f3bb munkahely gy\\u00e1rt\\u00f3i kateg\\u00f3ri\\u00e1ban a magyarorsz\\u00e1gi Bosch Csoport. \\u00d6sszes\\u00edtettben pedig dobog\\u00f3s helyen szerepel a v\\u00e1llalat.A PwC Magyarorsz\\u00e1g online kutat\\u00e1s\\u00e1ban a 16-28 \\u00e9v k\\u00f6z\\u00f6tti di\\u00e1kok, hallgat\\u00f3k \\u00e9s fiatal munkav\\u00e1llal\\u00f3k munkaer\\u0151piaci-preferenci\\u00e1it, \\u00e9s a sz\\u00e1mukra legvonz\\u00f3bb munk\\u00e1ltat\\u00f3i\",\"inLanguage\":\"hu-HU\",\"isPartOf\":{\"@id\":\"https:\\\/\\\/allasorias.hu\\\/hirek\\\/#website\"},\"breadcrumb\":{\"@id\":\"https:\\\/\\\/allasorias.hu\\\/hirek\\\/vezet-a-bosch-a-legvonzobb-gyarto-magyarorszagon\\\/#breadcrumblist\"},\"author\":{\"@id\":\"https:\\\/\\\/allasorias.hu\\\/hirek\\\/author\\\/admin-allasorias\\\/#author\"},\"creator\":{\"@id\":\"https:\\\/\\\/allasorias.hu\\\/hirek\\\/author\\\/admin-allasorias\\\/#author\"},\"image\":{\"@type\":\"ImageObject\",\"url\":\"https:\\\/\\\/allasorias.hu\\\/hirek\\\/wp-content\\\/uploads\\\/2021\\\/11\\\/bosch_logo.png\",\"@id\":\"https:\\\/\\\/allasorias.hu\\\/hirek\\\/vezet-a-bosch-a-legvonzobb-gyarto-magyarorszagon\\\/#mainImage\",\"width\":1200,\"height\":507},\"primaryImageOfPage\":{\"@id\":\"https:\\\/\\\/allasorias.hu\\\/hirek\\\/vezet-a-bosch-a-legvonzobb-gyarto-magyarorszagon\\\/#mainImage\"},\"datePublished\":\"2021-11-12T09:15:21+02:00\",\"dateModified\":\"2021-11-12T09:15:21+02:00\"},{\"@type\":\"WebSite\",\"@id\":\"https:\\\/\\\/allasorias.hu\\\/hirek\\\/#website\",\"url\":\"https:\\\/\\\/allasorias.hu\\\/hirek\\\/\",\"name\":\"AllasOrias.hu | H\\u00edrek-lapszemle\",\"description\":\"\\u00dczleti h\\u00edrek az \\u00e1ll\\u00e1s \\u00e9s a munka vil\\u00e1g\\u00e1b\\u00f3l\",\"inLanguage\":\"hu-HU\",\"publisher\":{\"@id\":\"https:\\\/\\\/allasorias.hu\\\/hirek\\\/#organization\"}}]}\n\t\t<\/script>\n\t\t<!-- All in One SEO -->\n\n","aioseo_head_json":{"title":"Vezet a Bosch a legvonz\u00f3bb gy\u00e1rt\u00f3 Magyarorsz\u00e1gon | AllasOrias.hu | H\u00edrek-lapszemle","description":"Az eredm\u00e9nyek alapj\u00e1n \u00f6sszesen t\u00edz ipar\u00e1gi kateg\u00f3ri\u00e1ban \u00e9s egy \u00f6sszes\u00edtett kateg\u00f3ri\u00e1ban osztott\u00e1k ki 2021 Legvonz\u00f3bb Munkahelye D\u00edjakat. \u00d6t\u00f6dik alkalommal lett a legvonz\u00f3bb munkahely gy\u00e1rt\u00f3i kateg\u00f3ri\u00e1ban a magyarorsz\u00e1gi Bosch Csoport. \u00d6sszes\u00edtettben pedig dobog\u00f3s helyen szerepel a v\u00e1llalat.A PwC Magyarorsz\u00e1g online kutat\u00e1s\u00e1ban a 16-28 \u00e9v k\u00f6z\u00f6tti di\u00e1kok, hallgat\u00f3k \u00e9s fiatal munkav\u00e1llal\u00f3k munkaer\u0151piaci-preferenci\u00e1it, \u00e9s a sz\u00e1mukra legvonz\u00f3bb munk\u00e1ltat\u00f3i","canonical_url":"https:\/\/allasorias.hu\/hirek\/vezet-a-bosch-a-legvonzobb-gyarto-magyarorszagon\/","robots":"max-image-preview:large","keywords":"","webmasterTools":{"miscellaneous":""},"schema":{"@context":"https:\/\/schema.org","@graph":[{"@type":"Article","@id":"https:\/\/allasorias.hu\/hirek\/vezet-a-bosch-a-legvonzobb-gyarto-magyarorszagon\/#article","name":"Vezet a Bosch a legvonz\u00f3bb gy\u00e1rt\u00f3 Magyarorsz\u00e1gon | AllasOrias.hu | H\u00edrek-lapszemle","headline":"Vezet a Bosch a legvonz\u00f3bb gy\u00e1rt\u00f3 Magyarorsz\u00e1gon","author":{"@id":"https:\/\/allasorias.hu\/hirek\/author\/admin-allasorias\/#author"},"publisher":{"@id":"https:\/\/allasorias.hu\/hirek\/#organization"},"image":{"@type":"ImageObject","url":"https:\/\/allasorias.hu\/hirek\/wp-content\/uploads\/2021\/11\/bosch_logo.png","width":1200,"height":507},"datePublished":"2021-11-12T09:15:21+02:00","dateModified":"2021-11-12T09:15:21+02:00","inLanguage":"hu-HU","mainEntityOfPage":{"@id":"https:\/\/allasorias.hu\/hirek\/vezet-a-bosch-a-legvonzobb-gyarto-magyarorszagon\/#webpage"},"isPartOf":{"@id":"https:\/\/allasorias.hu\/hirek\/vezet-a-bosch-a-legvonzobb-gyarto-magyarorszagon\/#webpage"},"articleSection":"Munkaer\u0151piac"},{"@type":"BreadcrumbList","@id":"https:\/\/allasorias.hu\/hirek\/vezet-a-bosch-a-legvonzobb-gyarto-magyarorszagon\/#breadcrumblist","itemListElement":[{"@type":"ListItem","@id":"https:\/\/allasorias.hu\/hirek#listItem","position":1,"name":"Home","item":"https:\/\/allasorias.hu\/hirek","nextItem":{"@type":"ListItem","@id":"https:\/\/allasorias.hu\/hirek\/temak\/munkaeropiac\/#listItem","name":"Munkaer\u0151piac"}},{"@type":"ListItem","@id":"https:\/\/allasorias.hu\/hirek\/temak\/munkaeropiac\/#listItem","position":2,"name":"Munkaer\u0151piac","item":"https:\/\/allasorias.hu\/hirek\/temak\/munkaeropiac\/","nextItem":{"@type":"ListItem","@id":"https:\/\/allasorias.hu\/hirek\/vezet-a-bosch-a-legvonzobb-gyarto-magyarorszagon\/#listItem","name":"Vezet a Bosch a legvonz\u00f3bb gy\u00e1rt\u00f3 Magyarorsz\u00e1gon"},"previousItem":{"@type":"ListItem","@id":"https:\/\/allasorias.hu\/hirek#listItem","name":"Home"}},{"@type":"ListItem","@id":"https:\/\/allasorias.hu\/hirek\/vezet-a-bosch-a-legvonzobb-gyarto-magyarorszagon\/#listItem","position":3,"name":"Vezet a Bosch a legvonz\u00f3bb gy\u00e1rt\u00f3 Magyarorsz\u00e1gon","previousItem":{"@type":"ListItem","@id":"https:\/\/allasorias.hu\/hirek\/temak\/munkaeropiac\/#listItem","name":"Munkaer\u0151piac"}}]},{"@type":"Organization","@id":"https:\/\/allasorias.hu\/hirek\/#organization","name":"AllasOrias.hu | H\u00edrek-lapszemle","description":"\u00dczleti h\u00edrek az \u00e1ll\u00e1s \u00e9s a munka vil\u00e1g\u00e1b\u00f3l","url":"https:\/\/allasorias.hu\/hirek\/","logo":{"@type":"ImageObject","url":"https:\/\/allasorias.hu\/hirek\/wp-content\/uploads\/2022\/10\/allasorias_site_facebok_logo.png","@id":"https:\/\/allasorias.hu\/hirek\/vezet-a-bosch-a-legvonzobb-gyarto-magyarorszagon\/#organizationLogo"},"image":{"@id":"https:\/\/allasorias.hu\/hirek\/vezet-a-bosch-a-legvonzobb-gyarto-magyarorszagon\/#organizationLogo"},"sameAs":["https:\/\/www.facebook.com\/allasorias","https:\/\/www.linkedin.com\/company\/allasorias"]},{"@type":"Person","@id":"https:\/\/allasorias.hu\/hirek\/author\/admin-allasorias\/#author","url":"https:\/\/allasorias.hu\/hirek\/author\/admin-allasorias\/","name":"Juh\u00e1sz P\u00e9ter","image":{"@type":"ImageObject","@id":"https:\/\/allasorias.hu\/hirek\/vezet-a-bosch-a-legvonzobb-gyarto-magyarorszagon\/#authorImage","url":"https:\/\/secure.gravatar.com\/avatar\/36e6bcb83148978b992977cb0f54d22feb0cce8a0a849a9410532bb2623ba4c6?s=96&d=mm&r=g","width":96,"height":96,"caption":"Juh\u00e1sz P\u00e9ter"}},{"@type":"WebPage","@id":"https:\/\/allasorias.hu\/hirek\/vezet-a-bosch-a-legvonzobb-gyarto-magyarorszagon\/#webpage","url":"https:\/\/allasorias.hu\/hirek\/vezet-a-bosch-a-legvonzobb-gyarto-magyarorszagon\/","name":"Vezet a Bosch a legvonz\u00f3bb gy\u00e1rt\u00f3 Magyarorsz\u00e1gon | AllasOrias.hu | H\u00edrek-lapszemle","description":"Az eredm\u00e9nyek alapj\u00e1n \u00f6sszesen t\u00edz ipar\u00e1gi kateg\u00f3ri\u00e1ban \u00e9s egy \u00f6sszes\u00edtett kateg\u00f3ri\u00e1ban osztott\u00e1k ki 2021 Legvonz\u00f3bb Munkahelye D\u00edjakat. \u00d6t\u00f6dik alkalommal lett a legvonz\u00f3bb munkahely gy\u00e1rt\u00f3i kateg\u00f3ri\u00e1ban a magyarorsz\u00e1gi Bosch Csoport. \u00d6sszes\u00edtettben pedig dobog\u00f3s helyen szerepel a v\u00e1llalat.A PwC Magyarorsz\u00e1g online kutat\u00e1s\u00e1ban a 16-28 \u00e9v k\u00f6z\u00f6tti di\u00e1kok, hallgat\u00f3k \u00e9s fiatal munkav\u00e1llal\u00f3k munkaer\u0151piaci-preferenci\u00e1it, \u00e9s a sz\u00e1mukra legvonz\u00f3bb munk\u00e1ltat\u00f3i","inLanguage":"hu-HU","isPartOf":{"@id":"https:\/\/allasorias.hu\/hirek\/#website"},"breadcrumb":{"@id":"https:\/\/allasorias.hu\/hirek\/vezet-a-bosch-a-legvonzobb-gyarto-magyarorszagon\/#breadcrumblist"},"author":{"@id":"https:\/\/allasorias.hu\/hirek\/author\/admin-allasorias\/#author"},"creator":{"@id":"https:\/\/allasorias.hu\/hirek\/author\/admin-allasorias\/#author"},"image":{"@type":"ImageObject","url":"https:\/\/allasorias.hu\/hirek\/wp-content\/uploads\/2021\/11\/bosch_logo.png","@id":"https:\/\/allasorias.hu\/hirek\/vezet-a-bosch-a-legvonzobb-gyarto-magyarorszagon\/#mainImage","width":1200,"height":507},"primaryImageOfPage":{"@id":"https:\/\/allasorias.hu\/hirek\/vezet-a-bosch-a-legvonzobb-gyarto-magyarorszagon\/#mainImage"},"datePublished":"2021-11-12T09:15:21+02:00","dateModified":"2021-11-12T09:15:21+02:00"},{"@type":"WebSite","@id":"https:\/\/allasorias.hu\/hirek\/#website","url":"https:\/\/allasorias.hu\/hirek\/","name":"AllasOrias.hu | H\u00edrek-lapszemle","description":"\u00dczleti h\u00edrek az \u00e1ll\u00e1s \u00e9s a munka vil\u00e1g\u00e1b\u00f3l","inLanguage":"hu-HU","publisher":{"@id":"https:\/\/allasorias.hu\/hirek\/#organization"}}]},"og:locale":"hu_HU","og:site_name":"AllasOrias.hu | H\u00edrek-lapszemle | \u00dczleti h\u00edrek az \u00e1ll\u00e1s \u00e9s a munka vil\u00e1g\u00e1b\u00f3l","og:type":"article","og:title":"Vezet a Bosch a legvonz\u00f3bb gy\u00e1rt\u00f3 Magyarorsz\u00e1gon | AllasOrias.hu | H\u00edrek-lapszemle","og:description":"Az eredm\u00e9nyek alapj\u00e1n \u00f6sszesen t\u00edz ipar\u00e1gi kateg\u00f3ri\u00e1ban \u00e9s egy \u00f6sszes\u00edtett kateg\u00f3ri\u00e1ban osztott\u00e1k ki 2021 Legvonz\u00f3bb Munkahelye D\u00edjakat. \u00d6t\u00f6dik alkalommal lett a legvonz\u00f3bb munkahely gy\u00e1rt\u00f3i kateg\u00f3ri\u00e1ban a magyarorsz\u00e1gi Bosch Csoport. \u00d6sszes\u00edtettben pedig dobog\u00f3s helyen szerepel a v\u00e1llalat.A PwC Magyarorsz\u00e1g online kutat\u00e1s\u00e1ban a 16-28 \u00e9v k\u00f6z\u00f6tti di\u00e1kok, hallgat\u00f3k \u00e9s fiatal munkav\u00e1llal\u00f3k munkaer\u0151piaci-preferenci\u00e1it, \u00e9s a sz\u00e1mukra legvonz\u00f3bb munk\u00e1ltat\u00f3i","og:url":"https:\/\/allasorias.hu\/hirek\/vezet-a-bosch-a-legvonzobb-gyarto-magyarorszagon\/","og:image":"https:\/\/allasorias.hu\/hirek\/wp-content\/uploads\/2021\/11\/bosch_logo.png","og:image:secure_url":"https:\/\/allasorias.hu\/hirek\/wp-content\/uploads\/2021\/11\/bosch_logo.png","og:image:width":1200,"og:image:height":507,"article:published_time":"2021-11-12T09:15:21+00:00","article:modified_time":"2021-11-12T09:15:21+00:00","article:publisher":"https:\/\/www.facebook.com\/allasorias","twitter:card":"summary_large_image","twitter:title":"Vezet a Bosch a legvonz\u00f3bb gy\u00e1rt\u00f3 Magyarorsz\u00e1gon | AllasOrias.hu | H\u00edrek-lapszemle","twitter:description":"Az eredm\u00e9nyek alapj\u00e1n \u00f6sszesen t\u00edz ipar\u00e1gi kateg\u00f3ri\u00e1ban \u00e9s egy \u00f6sszes\u00edtett kateg\u00f3ri\u00e1ban osztott\u00e1k ki 2021 Legvonz\u00f3bb Munkahelye D\u00edjakat. \u00d6t\u00f6dik alkalommal lett a legvonz\u00f3bb munkahely gy\u00e1rt\u00f3i kateg\u00f3ri\u00e1ban a magyarorsz\u00e1gi Bosch Csoport. \u00d6sszes\u00edtettben pedig dobog\u00f3s helyen szerepel a v\u00e1llalat.A PwC Magyarorsz\u00e1g online kutat\u00e1s\u00e1ban a 16-28 \u00e9v k\u00f6z\u00f6tti di\u00e1kok, hallgat\u00f3k \u00e9s fiatal munkav\u00e1llal\u00f3k munkaer\u0151piaci-preferenci\u00e1it, \u00e9s a sz\u00e1mukra legvonz\u00f3bb munk\u00e1ltat\u00f3i","twitter:image":"https:\/\/allasorias.hu\/hirek\/wp-content\/uploads\/2021\/11\/bosch_logo.png","twitter:label1":"Written by","twitter:data1":"Juh\u00e1sz P\u00e9ter","twitter:label2":"Est. reading time","twitter:data2":"4 minutes"},"aioseo_meta_data":{"post_id":"5184","title":null,"description":null,"keywords":[],"keyphrases":{"focus":[],"additional":[]},"primary_term":null,"canonical_url":null,"og_title":null,"og_description":null,"og_object_type":"default","og_image_type":"default","og_image_url":null,"og_image_width":null,"og_image_height":null,"og_image_custom_url":null,"og_image_custom_fields":null,"og_video":"","og_custom_url":null,"og_article_section":null,"og_article_tags":[],"twitter_use_og":false,"twitter_card":"default","twitter_image_type":"default","twitter_image_url":null,"twitter_image_custom_url":null,"twitter_image_custom_fields":null,"twitter_title":null,"twitter_description":null,"schema":{"blockGraphs":[],"customGraphs":[],"default":{"data":{"Article":[],"Course":[],"Dataset":[],"FAQPage":[],"Movie":[],"Person":[],"Product":[],"ProductReview":[],"Car":[],"Recipe":[],"Service":[],"SoftwareApplication":[],"WebPage":[]},"graphName":"","isEnabled":true},"graphs":[],"defaultGraph":"Article","defaultPostTypeGraph":""},"schema_type":"default","schema_type_options":"{\"article\":{\"articleType\":\"BlogPosting\"},\"course\":{\"name\":\"\",\"description\":\"\",\"provider\":\"\"},\"faq\":{\"pages\":[]},\"product\":{\"reviews\":[]},\"recipe\":{\"ingredients\":[],\"instructions\":[],\"keywords\":[]},\"software\":{\"reviews\":[],\"operatingSystems\":[]},\"webPage\":{\"webPageType\":\"WebPage\"}}","pillar_content":false,"robots_default":true,"robots_noindex":false,"robots_noarchive":false,"robots_nosnippet":false,"robots_nofollow":false,"robots_noimageindex":false,"robots_noodp":false,"robots_notranslate":false,"robots_max_snippet":"-1","robots_max_videopreview":"-1","robots_max_imagepreview":"large","priority":null,"frequency":"default","location":null,"local_seo":{"locations":{"business":{"name":"","businessType":"","image":"","areaServed":"","urls":{"website":"","aboutPage":"","contactPage":""},"address":{"streetLine1":"","streetLine2":"","zipCode":"","city":"","state":"","country":"","addressFormat":"#streetLineOne\n#streetLineTwo\n#city, #state #zipCode"},"contact":{"email":"","phone":"","phoneFormatted":"","fax":"","faxFormatted":""},"ids":{"vat":"","tax":"","chamberOfCommerce":""},"payment":{"priceRange":"","currenciesAccepted":"","methods":""}}},"openingHours":{"useDefaults":true,"show":true,"alwaysOpen":false,"use24hFormat":false,"timezone":"","labels":{"closed":"","alwaysOpen":""},"days":{"monday":{"open24h":false,"closed":false,"openTime":"09:00","closeTime":"17:00"},"tuesday":{"open24h":false,"closed":false,"openTime":"09:00","closeTime":"17:00"},"wednesday":{"open24h":false,"closed":false,"openTime":"09:00","closeTime":"17:00"},"thursday":{"open24h":false,"closed":false,"openTime":"09:00","closeTime":"17:00"},"friday":{"open24h":false,"closed":false,"openTime":"09:00","closeTime":"17:00"},"saturday":{"open24h":false,"closed":false,"openTime":"09:00","closeTime":"17:00"},"sunday":{"open24h":false,"closed":false,"openTime":"09:00","closeTime":"17:00"}}}},"breadcrumb_settings":null,"limit_modified_date":false,"ai":null,"created":"2021-11-12 09:13:13","updated":"2025-10-02 16:25:18","seo_analyzer_scan_date":null,"focus_keyword":null,"additional_keywords":null,"truseo_locale":null},"aioseo_breadcrumb":"<div class=\"aioseo-breadcrumbs\"><span class=\"aioseo-breadcrumb\">\n\t\t\t<a href=\"https:\/\/allasorias.hu\/hirek\" title=\"Home\">Home<\/a>\n\t\t<\/span><span class=\"aioseo-breadcrumb-separator\">&raquo;<\/span><span class=\"aioseo-breadcrumb\">\n\t\t\t<a href=\"https:\/\/allasorias.hu\/hirek\/temak\/munkaeropiac\/\" title=\"Munkaer\u0151piac\">Munkaer\u0151piac<\/a>\n\t\t<\/span><span class=\"aioseo-breadcrumb-separator\">&raquo;<\/span><span class=\"aioseo-breadcrumb\">\n\t\t\tVezet a Bosch a legvonz\u00f3bb gy\u00e1rt\u00f3 Magyarorsz\u00e1gon\n\t\t<\/span><\/div>","aioseo_breadcrumb_json":[{"label":"Home","link":"https:\/\/allasorias.hu\/hirek"},{"label":"Munkaer\u0151piac","link":"https:\/\/allasorias.hu\/hirek\/temak\/munkaeropiac\/"},{"label":"Vezet a Bosch a legvonz\u00f3bb gy\u00e1rt\u00f3 Magyarorsz\u00e1gon","link":"https:\/\/allasorias.hu\/hirek\/vezet-a-bosch-a-legvonzobb-gyarto-magyarorszagon\/"}],"_links":{"self":[{"href":"https:\/\/allasorias.hu\/hirek\/wp-json\/wp\/v2\/posts\/5184","targetHints":{"allow":["GET"]}}],"collection":[{"href":"https:\/\/allasorias.hu\/hirek\/wp-json\/wp\/v2\/posts"}],"about":[{"href":"https:\/\/allasorias.hu\/hirek\/wp-json\/wp\/v2\/types\/post"}],"author":[{"embeddable":true,"href":"https:\/\/allasorias.hu\/hirek\/wp-json\/wp\/v2\/users\/1"}],"replies":[{"embeddable":true,"href":"https:\/\/allasorias.hu\/hirek\/wp-json\/wp\/v2\/comments?post=5184"}],"version-history":[{"count":1,"href":"https:\/\/allasorias.hu\/hirek\/wp-json\/wp\/v2\/posts\/5184\/revisions"}],"predecessor-version":[{"id":5187,"href":"https:\/\/allasorias.hu\/hirek\/wp-json\/wp\/v2\/posts\/5184\/revisions\/5187"}],"wp:featuredmedia":[{"embeddable":true,"href":"https:\/\/allasorias.hu\/hirek\/wp-json\/wp\/v2\/media\/5186"}],"wp:attachment":[{"href":"https:\/\/allasorias.hu\/hirek\/wp-json\/wp\/v2\/media?parent=5184"}],"wp:term":[{"taxonomy":"category","embeddable":true,"href":"https:\/\/allasorias.hu\/hirek\/wp-json\/wp\/v2\/categories?post=5184"},{"taxonomy":"post_tag","embeddable":true,"href":"https:\/\/allasorias.hu\/hirek\/wp-json\/wp\/v2\/tags?post=5184"}],"curies":[{"name":"wp","href":"https:\/\/api.w.org\/{rel}","templated":true}]}}