{"id":5174,"date":"2021-11-08T10:41:00","date_gmt":"2021-11-08T10:41:00","guid":{"rendered":"https:\/\/allasorias.hu\/hirek\/?p=5174"},"modified":"2021-11-08T10:41:00","modified_gmt":"2021-11-08T10:41:00","slug":"munkaerohiany-es-munkanelkuliseg-egyutt-van-jelen","status":"publish","type":"post","link":"https:\/\/allasorias.hu\/hirek\/munkaerohiany-es-munkanelkuliseg-egyutt-van-jelen\/","title":{"rendered":"Munkaer\u0151hi\u00e1ny \u00e9s munkan\u00e9lk\u00fclis\u00e9g egy\u00fctt van jelen"},"content":{"rendered":"<p><strong>Az Egyens\u00faly Int\u00e9zet tapasztalata szerint a munkaer\u0151piacr\u00f3l tart\u00f3san kiszorultak eset\u00e9ben az is gyakorta gond, hogy nem megfelel\u0151 a munkakult\u00far\u00e1juk: nem \u00e9rkeznek meg id\u0151re, nem jelzik el\u0151re, ha ott k\u00edv\u00e1nj\u00e1k hagyni az \u00e1ll\u00e1sukat, \u00e9s \u00edgy tov\u00e1bb, ez\u00e9rt a munk\u00e1ltat\u00f3knak nagyobb k\u00f6lts\u00e9gek \u00e1r\u00e1n is jobban meg\u00e9ri olyan k\u00fclf\u00f6ldi munkav\u00e1llal\u00f3kat hozni, akikn\u00e9l ilyen bizonytalans\u00e1gokkal nem kell sz\u00e1molni. <\/strong><\/p>\n<p>A hazai munkaer\u0151piacra egyar\u00e1nt jellemz\u0151 a munkaer\u0151hi\u00e1ny \u00e9s a munkan\u00e9lk\u00fclis\u00e9g, aminek t\u00f6bb illeszked\u00e9si zavar az oka. Ezekb\u0151l a k\u00e9pzetts\u00e9gi sz\u00ednvonal alacsony szintje a legink\u00e1bb meghat\u00e1roz\u00f3 \u2013 mondta el az Egyens\u00faly Int\u00e9zet kutat\u00e1si igazgat\u00f3ja. T\u00f6bb magyar v\u00e1llalatn\u00e1l ink\u00e1bb k\u00fclf\u00f6ldr\u0151l hoznak munkaer\u0151t, minthogy a magyar kistelep\u00fcl\u00e9seken \u00e9l\u0151ket alkalmazn\u00e1k. Ennek h\u00e1rom nagyobb oka van \u2013 mondta Filippov G\u00e1bor. Az egyik a k\u00e9pzetts\u00e9gbeli elcs\u00fasz\u00e1s, miut\u00e1n sok esetben, akik munk\u00e1t keresnek, nem el\u00e9g k\u00e9pzettek ahhoz a munk\u00e1hoz, amikre munkav\u00e1llal\u00f3kat keresnek. Az Egyens\u00faly Int\u00e9zet tapasztalata szerint a munkaer\u0151piacr\u00f3l tart\u00f3san kiszorultak eset\u00e9ben az is gyakorta gond, hogy nem megfelel\u0151 a munkakult\u00far\u00e1juk: nem \u00e9rkeznek meg id\u0151re, nem jelzik el\u0151re, ha ott k\u00edv\u00e1nj\u00e1k hagyni az \u00e1ll\u00e1sukat, \u00e9s \u00edgy tov\u00e1bb, ez\u00e9rt a munk\u00e1ltat\u00f3knak nagyobb k\u00f6lts\u00e9gek \u00e1r\u00e1n is jobban meg\u00e9ri olyan k\u00fclf\u00f6ldi munkav\u00e1llal\u00f3kat hozni, akikn\u00e9l ilyen bizonytalans\u00e1gokkal nem kell sz\u00e1molni. A harmadik legfontosabb ok, hogy a hazai \u00e1ll\u00e1skeres\u00e9si t\u00e1mogat\u00e1si rendszer nem igaz\u00e1n m\u0171k\u00f6dik hat\u00e9konyan, leegyszer\u0171s\u00edtve: t\u00fal kev\u00e9s ideig, t\u00fal kev\u00e9s p\u00e9nzzel t\u00e1mogatjuk a munkakeres\u00e9st \u2013 fogalmazott Filippov G\u00e1bor hangs\u00falyozva: az \u00e1ll\u00e1skeres\u00e9si juttat\u00e1sok funkci\u00f3ja nemcsak az, hogy a szeg\u00e9nys\u00e9gt\u0151l megmentse azokat, akik elvesz\u00edtett\u00e9k az \u00e1ll\u00e1sukat, hanem hogy seg\u00edtse \u0151ket anyagilag abban, hogy \u00faj \u00e9s tart\u00f3s munkahelyet tal\u00e1ljanak maguknak. 2019-es adat szerint Magyarorsz\u00e1gon mintegy 80 ezer be nem t\u00f6lt\u00f6tt \u00e1ll\u00e1shelyre 200 ezer munkan\u00e9lk\u00fcli jutott \u2013 tette hozz\u00e1 az Egyens\u00faly Int\u00e9zet kutat\u00e1si igazgat\u00f3ja, aki hat\u00e9konyabb munkaer\u0151-piaci \u00f6szt\u00f6nz\u0151kr\u0151l is besz\u00e9lt. Szerinte a fentiekb\u0151l k\u00f6vetkez\u0151en az \u00e1ll\u00e1skeres\u00e9si juttattat\u00e1si rendszer\u00fcnket \u00e1t kellene alak\u00edtani alapvet\u0151en, nagyj\u00e1b\u00f3l skandin\u00e1v mint\u00e1ra, ami egy sokkal b\u0151kez\u0171bb rendszer, teh\u00e1t magasabb juttat\u00e1sokat \u00e9s tov\u00e1bb biztos\u00edt a munkav\u00e1llal\u00f3knak, viszont t\u00f6bb egy\u00fcttm\u0171k\u00f6d\u00e9st is k\u00f6vetel, amit szigor\u00fabban ellen\u0151riz is. \u201eFel kellene ismern\u00fcnk azt, ez az alrendszer arra val\u00f3, hogy seg\u00edtse a munkav\u00e1llal\u00f3t a munka megtal\u00e1l\u00e1s\u00e1ban\u201d \u2013 jegyezte meg Filippov G\u00e1bor. A szak\u00e9rt\u0151 emellett a legfontosabb struktur\u00e1lis probl\u00e9m\u00e1nak az alacsony k\u00e9pzetts\u00e9get nevezte. Megl\u00e1t\u00e1sa szerint a szakk\u00e9pz\u00e9si rendszert\u0151l eg\u00e9szen a k\u00f6zoktat\u00e1si rendszerig alapjaiban kellene \u00fajragondolni, hogy ezek mennyire szolg\u00e1lj\u00e1k a munkaer\u0151piac olajozott m\u0171k\u00f6d\u00e9s\u00e9t. Eur\u00f3pai \u00f6sszehasonl\u00edt\u00e1sban Magyarorsz\u00e1gon kiugr\u00f3an magas az iskol\u00e1b\u00f3l id\u0151 el\u0151tt lemorzsol\u00f3d\u00f3k ar\u00e1nya, ez \u00e9ves szinten 12 sz\u00e1zal\u00e9ka az \u00f6sszes gyereknek, \u00e9s a legfeljebb 8 oszt\u00e1lyt v\u00e9gzettek k\u00f6r\u00e9ben a legmagasabb a munkan\u00e9lk\u00fclis\u00e9g. Megl\u00e1t\u00e1suk szerint a tank\u00f6telezetts\u00e9get 18 \u00e9vre kellene n\u00f6velni, m\u00e1sr\u00e9szt pedig a szakmunk\u00e1s \u00e9s k\u00f6z\u00e9piskolai k\u00e9pz\u00e9sben is nagyobb hangs\u00falyt kellene fektetni a nyelvi \u00e9s digit\u00e1lis k\u00e9szs\u00e9gekre, mert ezek a munkaer\u0151piacokon elengedhetetlen k\u00e9szs\u00e9gekk\u00e9 v\u00e1ltak \u2013 z\u00e1rta szavait az Egyens\u00faly Int\u00e9zet kutat\u00e1si igazgat\u00f3ja.<\/p>\n<p>Forr\u00e1s: infostart.hu<\/p>\n","protected":false},"excerpt":{"rendered":"<p>Az Egyens\u00faly Int\u00e9zet tapasztalata szerint a munkaer\u0151piacr\u00f3l tart\u00f3san kiszorultak eset\u00e9ben az is gyakorta gond, hogy nem megfelel\u0151 a munkakult\u00far\u00e1juk: nem \u00e9rkeznek meg id\u0151re, nem jelzik el\u0151re, ha ott k\u00edv\u00e1nj\u00e1k hagyni az \u00e1ll\u00e1sukat, \u00e9s \u00edgy tov\u00e1bb, ez\u00e9rt a munk\u00e1ltat\u00f3knak nagyobb k\u00f6lts\u00e9gek \u00e1r\u00e1n is jobban meg\u00e9ri olyan k\u00fclf\u00f6ldi munkav\u00e1llal\u00f3kat hozni, akikn\u00e9l ilyen bizonytalans\u00e1gokkal nem kell sz\u00e1molni. A [&hellip;]<\/p>\n","protected":false},"author":1,"featured_media":4138,"comment_status":"open","ping_status":"open","sticky":false,"template":"","format":"standard","meta":{"_monsterinsights_skip_tracking":false,"_monsterinsights_sitenote_active":false,"_monsterinsights_sitenote_note":"","_monsterinsights_sitenote_category":0,"footnotes":""},"categories":[200],"tags":[],"class_list":["post-5174","post","type-post","status-publish","format-standard","has-post-thumbnail","hentry","category-munkaeropiac"],"aioseo_notices":[],"_links":{"self":[{"href":"https:\/\/allasorias.hu\/hirek\/wp-json\/wp\/v2\/posts\/5174","targetHints":{"allow":["GET"]}}],"collection":[{"href":"https:\/\/allasorias.hu\/hirek\/wp-json\/wp\/v2\/posts"}],"about":[{"href":"https:\/\/allasorias.hu\/hirek\/wp-json\/wp\/v2\/types\/post"}],"author":[{"embeddable":true,"href":"https:\/\/allasorias.hu\/hirek\/wp-json\/wp\/v2\/users\/1"}],"replies":[{"embeddable":true,"href":"https:\/\/allasorias.hu\/hirek\/wp-json\/wp\/v2\/comments?post=5174"}],"version-history":[{"count":1,"href":"https:\/\/allasorias.hu\/hirek\/wp-json\/wp\/v2\/posts\/5174\/revisions"}],"predecessor-version":[{"id":5175,"href":"https:\/\/allasorias.hu\/hirek\/wp-json\/wp\/v2\/posts\/5174\/revisions\/5175"}],"wp:featuredmedia":[{"embeddable":true,"href":"https:\/\/allasorias.hu\/hirek\/wp-json\/wp\/v2\/media\/4138"}],"wp:attachment":[{"href":"https:\/\/allasorias.hu\/hirek\/wp-json\/wp\/v2\/media?parent=5174"}],"wp:term":[{"taxonomy":"category","embeddable":true,"href":"https:\/\/allasorias.hu\/hirek\/wp-json\/wp\/v2\/categories?post=5174"},{"taxonomy":"post_tag","embeddable":true,"href":"https:\/\/allasorias.hu\/hirek\/wp-json\/wp\/v2\/tags?post=5174"}],"curies":[{"name":"wp","href":"https:\/\/api.w.org\/{rel}","templated":true}]}}