{"id":5171,"date":"2021-11-05T07:38:46","date_gmt":"2021-11-05T07:38:46","guid":{"rendered":"https:\/\/allasorias.hu\/hirek\/?p=5171"},"modified":"2021-11-05T07:38:46","modified_gmt":"2021-11-05T07:38:46","slug":"kik-kotelezik-az-oltast-a-munkahelyeken-a-mediaban","status":"publish","type":"post","link":"https:\/\/allasorias.hu\/hirek\/kik-kotelezik-az-oltast-a-munkahelyeken-a-mediaban\/","title":{"rendered":"Kik k\u00f6telezik az olt\u00e1st a munkahelyeken a m\u00e9di\u00e1ban?"},"content":{"rendered":"<p><strong>Van ahol m\u00e9g egyeztetnek, de t\u00f6bb v\u00e1llalat m\u00e1r k\u00f6telezi a dolgoz\u00f3it az olt\u00e1sra. A Media1.hu inform\u00e1ci\u00f3i szerint a M\u00e9diaszolg\u00e1ltat\u00e1s-t\u00e1mogat\u00f3 \u00e9s Vagyonkezel\u0151 Alap (MTVA) k\u00f6telez\u0151v\u00e9 teszi a COVID-19 elleni v\u00e9d\u0151vakcina beadat\u00e1s\u00e1t, \u00e9s aki nem hajland\u00f3 felvenni az olt\u00e1st az \u00e1llami m\u00e9diav\u00e1llalat munkav\u00e1llal\u00f3i k\u00f6z\u00fcl a kijel\u00f6lt hat\u00e1rid\u0151re, fizet\u00e9s n\u00e9lk\u00fcli szabads\u00e1gra k\u00e9nyszer\u00fclhet a k\u00f6vetkez\u0151 id\u0151szakban.<\/strong><\/p>\n<p>A k\u00f6zm\u00e9dia munkat\u00e1rsait \u00e1ll\u00edt\u00f3lag err\u0151l m\u00e1r egy k\u00f6rlev\u00e9lben \u00e9rtes\u00edtett\u00e9k is \u00e9s az int\u00e9zked\u00e9st az MTVA-ban foly\u00f3 munka saj\u00e1tos jelleg\u00e9vel magyar\u00e1zt\u00e1k az M1, az M2, a Pet\u0151fi R\u00e1di\u00f3, a Kossuth R\u00e1di\u00f3, a hirado.hu \u00e9s t\u00f6bb m\u00e1s \u00e1llami m\u00e9dium m\u0171k\u00f6dtet\u0151j\u00e9n\u00e9l. Telefonon az MTVA Sajt\u00f3- \u00e9s Marketingirod\u00e1j\u00e1nak telefonsz\u00e1m\u00e1n azt k\u00f6z\u00f6lt\u00e9k, jelenleg nem tudnak v\u00e1laszolni a port\u00e1l olt\u00e1sra vonatkoz\u00f3 k\u00e9rd\u00e9s\u00e9re, ugyanakkor a munkav\u00e1llal\u00f3knak kik\u00fcld\u00f6tt k\u00f6rlev\u00e9l l\u00e9tez\u00e9se en\u00e9lk\u00fcl is biztosnak t\u0171nik. A Media1.hu \u00e1ltal szeml\u00e9zett k\u00f6rk\u00e9pb\u0151l t\u00f6bbek k\u00f6z\u00f6tt az der\u00fcl ki, hogy a m\u00e9diav\u00e1llalatok k\u00f6z\u00fcl csak egyetlen helyr\u0151l, a Michaeli, Schwartz &amp; Brit Medi\u00e1t\u00f3l jeleztek olyat, hogy elrendelik a k\u00f6telez\u0151 oltakoz\u00e1st: vagyis a 168 \u00d3ra hetilapn\u00e1l \u00e9s a 168.hu-n\u00e1l, a Pesti H\u00edrlapn\u00e1l, az ELLE \u00e9s az Elle Decoration c\u00edm\u0171 lapokn\u00e1l, valamint a Neokohn.hu-n\u00e1l ezent\u00fal kiz\u00e1r\u00f3lag a COVID-olt\u00e1s bead\u00e1s\u00e1t k\u00f6vet\u0151en lehet dolgozni. Trencs\u00e9ni D\u00e1vid h\u00edrigazgat\u00f3 szerint a d\u00f6nt\u00e9s mindenkire \u00e9rv\u00e9nyes, f\u00fcggetlen att\u00f3l, milyen munkak\u00f6rt t\u00f6lt be. A Blikket, a Kiskegyedet, a Glamourt \u00e9s a Noizz.hu-t kiad\u00f3 Ringier m\u00e9g egyeztet\u00e9seket folytat a munkav\u00e1llal\u00f3kkal. Kiad\u00f3nk vezet\u0151s\u00e9ge ebben a k\u00e9rd\u00e9sben is a c\u00e9g\u00fcnkre jellemz\u0151 bevon\u00f3 v\u00e1llalati kult\u00fara szerint szeretne el\u0151rel\u00e9pni. Ennek megfelel\u0151en el\u0151sz\u00f6r egyeztet\u00fcnk a munkat\u00e1rsainkkal, megismerj\u00fck a hozz\u00e1\u00e1ll\u00e1sukat \u00e9s olyan d\u00f6nt\u00e9st igyeksz\u00fcnk hozni, ami nem csup\u00e1n a z\u00f6kken\u0151mentes \u00fczletmenet fenntart\u00e1s\u00e1t szolg\u00e1lja, de a dolgoz\u00f3ink n\u00e9z\u0151pontj\u00e1t is figyelembe veszi. Anonim v\u00e1laszad\u00e1st lehet\u0151v\u00e9 tev\u0151 k\u00e9rd\u0151\u00edvvel m\u00e1r felm\u00e9rt\u00fck a kiad\u00f3n bel\u00fcli \u00e1toltotts\u00e1got: a felm\u00e9r\u00e9s nagyon magas (90% k\u00f6r\u00fcli) \u00e1toltotts\u00e1got mutatott. Emellett a tavalyi tapasztalatok alapj\u00e1n tudjuk, hogy j\u00f3l m\u0171k\u00f6d\u00fcnk home office-ban \u00e9s p\u00e1r h\u00f3nappal ezel\u0151tt sikeresen vezett\u00fck be a hibrid m\u0171k\u00f6d\u00e9st is. Mindez lehet\u0151v\u00e9 teszi sz\u00e1munkra, hogy ne kapkodjuk el a d\u00f6nt\u00e9s\u00fcnket \u00e9s k\u00f6zponti szab\u00e1lyoz\u00e1s helyett ak\u00e1r munkak\u00f6r-specifikus d\u00f6nt\u00e9st hozhassunk a k\u00e9rd\u00e9sben, amennyiben \u00fagy \u00edt\u00e9lj\u00fck meg, hogy erre sz\u00fcks\u00e9g lesz. A Magyar Hangn\u00e1l nem teszik k\u00f6telez\u0151v\u00e9 olt\u00e1st, hiszen a munkav\u00e1llal\u00f3k saj\u00e1t d\u00f6nt\u00e9s\u00fck alapj\u00e1n m\u00e1r az \u00e9v els\u0151 fel\u00e9ben beoltott\u00e1k magukat \u00e9s hasonl\u00f3r\u00f3l besz\u00e9lt a Telex kiad\u00f3j\u00e1nak \u00fcgyvezet\u0151je, K\u00e1rp\u00e1ti M\u00e1rton is. A Klubr\u00e1di\u00f3n\u00e1l sem lesz k\u00f6telez\u0151 olt\u00e1s, ahogy a Jelen c\u00edm\u0171 hetilapn\u00e1l \u00e9s a Magyar Demokrat\u00e1n\u00e1l sem. Az \u00c1tl\u00e1tsz\u00f3 f\u0151szerkeszt\u0151je, Bodoky Tam\u00e1s pedig azt mondta, szerint\u00fck nem szerencs\u00e9s, ha egy munk\u00e1ltat\u00f3 beavatkozik a munkav\u00e1llal\u00f3k ilyen jelleg\u0171 d\u00f6nt\u00e9seibe, m\u00e1sr\u00e9szt ha k\u00f6z\u00e9rdekb\u0151l m\u00e9gis sz\u00fcks\u00e9ges lenne, akkor a korm\u00e1nynak kellene meghoznia ezt a d\u00f6nt\u00e9st, nem pedig \u00e1th\u00e1r\u00edtani a munk\u00e1ltat\u00f3kra. Bodoky hozz\u00e1tette: a dolgoz\u00f3k t\u00falnyom\u00f3 t\u00f6bbs\u00e9ge m\u00e1r am\u00fagy is be van oltva. A M\u00e9rce f\u0151szerkeszt\u0151je is arr\u00f3l besz\u00e9lt, nem \u00e9rtenek egyet azzal, hogy a munk\u00e1ltat\u00f3kra b\u00edzt\u00e1k a k\u00e9rd\u00e9st.<\/p>\n<p>Forr\u00e1s: blikk.hu<\/p>\n<p>&nbsp;<\/p>\n","protected":false},"excerpt":{"rendered":"<p>Van ahol m\u00e9g egyeztetnek, de t\u00f6bb v\u00e1llalat m\u00e1r k\u00f6telezi a dolgoz\u00f3it az olt\u00e1sra. A Media1.hu inform\u00e1ci\u00f3i szerint a M\u00e9diaszolg\u00e1ltat\u00e1s-t\u00e1mogat\u00f3 \u00e9s Vagyonkezel\u0151 Alap (MTVA) k\u00f6telez\u0151v\u00e9 teszi a COVID-19 elleni v\u00e9d\u0151vakcina beadat\u00e1s\u00e1t, \u00e9s aki nem hajland\u00f3 felvenni az olt\u00e1st az \u00e1llami m\u00e9diav\u00e1llalat munkav\u00e1llal\u00f3i k\u00f6z\u00fcl a kijel\u00f6lt hat\u00e1rid\u0151re, fizet\u00e9s n\u00e9lk\u00fcli szabads\u00e1gra k\u00e9nyszer\u00fclhet a k\u00f6vetkez\u0151 id\u0151szakban. A k\u00f6zm\u00e9dia munkat\u00e1rsait [&hellip;]<\/p>\n","protected":false},"author":1,"featured_media":5172,"comment_status":"open","ping_status":"open","sticky":false,"template":"","format":"standard","meta":{"_monsterinsights_skip_tracking":false,"_monsterinsights_sitenote_active":false,"_monsterinsights_sitenote_note":"","_monsterinsights_sitenote_category":0,"footnotes":""},"categories":[200],"tags":[],"class_list":["post-5171","post","type-post","status-publish","format-standard","has-post-thumbnail","hentry","category-munkaeropiac"],"aioseo_notices":[],"_links":{"self":[{"href":"https:\/\/allasorias.hu\/hirek\/wp-json\/wp\/v2\/posts\/5171","targetHints":{"allow":["GET"]}}],"collection":[{"href":"https:\/\/allasorias.hu\/hirek\/wp-json\/wp\/v2\/posts"}],"about":[{"href":"https:\/\/allasorias.hu\/hirek\/wp-json\/wp\/v2\/types\/post"}],"author":[{"embeddable":true,"href":"https:\/\/allasorias.hu\/hirek\/wp-json\/wp\/v2\/users\/1"}],"replies":[{"embeddable":true,"href":"https:\/\/allasorias.hu\/hirek\/wp-json\/wp\/v2\/comments?post=5171"}],"version-history":[{"count":1,"href":"https:\/\/allasorias.hu\/hirek\/wp-json\/wp\/v2\/posts\/5171\/revisions"}],"predecessor-version":[{"id":5173,"href":"https:\/\/allasorias.hu\/hirek\/wp-json\/wp\/v2\/posts\/5171\/revisions\/5173"}],"wp:featuredmedia":[{"embeddable":true,"href":"https:\/\/allasorias.hu\/hirek\/wp-json\/wp\/v2\/media\/5172"}],"wp:attachment":[{"href":"https:\/\/allasorias.hu\/hirek\/wp-json\/wp\/v2\/media?parent=5171"}],"wp:term":[{"taxonomy":"category","embeddable":true,"href":"https:\/\/allasorias.hu\/hirek\/wp-json\/wp\/v2\/categories?post=5171"},{"taxonomy":"post_tag","embeddable":true,"href":"https:\/\/allasorias.hu\/hirek\/wp-json\/wp\/v2\/tags?post=5171"}],"curies":[{"name":"wp","href":"https:\/\/api.w.org\/{rel}","templated":true}]}}