{"id":5166,"date":"2021-11-04T07:45:41","date_gmt":"2021-11-04T07:45:41","guid":{"rendered":"https:\/\/allasorias.hu\/hirek\/?p=5166"},"modified":"2021-11-04T07:45:41","modified_gmt":"2021-11-04T07:45:41","slug":"uj-gyar-epul-uj-allashelyek-lesznek","status":"publish","type":"post","link":"https:\/\/allasorias.hu\/hirek\/uj-gyar-epul-uj-allashelyek-lesznek\/","title":{"rendered":"\u00daj gy\u00e1r \u00e9p\u00fcl \u2013 \u00faj \u00e1ll\u00e1shelyek lesznek"},"content":{"rendered":"<p><strong>Egymilli\u00e1rd eur\u00f3t meghalad\u00f3 beruh\u00e1z\u00e1s val\u00f3sul meg Debrecenben,\u00a0 a magyar korm\u00e1ny 12,3 milli\u00e1rd forint t\u00e1mogat\u00e1s\u00e1val \u00e9p\u00fcl f\u00f6l 560 focip\u00e1ly\u00e1nak megfelel\u0151 ter\u00fcleten a BMW-gy\u00e1r, ahol \u00a0\u00e9vente 150 ezer g\u00e9pkocsit gy\u00e1rtanak majd, \u00e9s t\u00f6bb mint ezer \u00faj munkahelyet teremtenek.<\/strong><\/p>\n<p>A j\u00f6v\u0151 \u00e9v elej\u00e9n kezd\u0151dnek a BMW Group j\u00f6v\u0151beni debreceni gy\u00e1r\u00e1nak els\u0151 \u00e9p\u00fcletkivitelez\u00e9si munk\u00e1latai \u2013 \u00edgy a k\u00f6zponti iroda\u00e9p\u00fclet \u00e9s a k\u00e9pz\u00e9si k\u00f6zpont \u00e9p\u00edt\u00e9se \u2013, egyben \u00faj \u00e1ll\u00e1shelyeket hirdetnek meg \u2013 k\u00f6z\u00f6lte a n\u00e9met c\u00e9g szerd\u00e1n az MTI-vel. A gy\u00e1r helysz\u00edn\u00e9n jelenleg is zajlanak a csapad\u00e9kv\u00edz-elvezet\u0151 \u00e1rkok, a v\u00edzvezet\u00e9kek \u00e9s a k\u00fcl\u00f6nb\u00f6z\u0151 infrastrukt\u00fara-berendez\u00e9sek telep\u00edt\u00e9si munk\u00e1latai, valamint az energiaell\u00e1t\u00e1s, az utak \u00e9s a parkol\u00f3k ki\u00e9p\u00edt\u00e9se, hogy az \u00e9p\u00fcl\u0151 gy\u00e1rb\u00f3l m\u00e1r az \u00e9vtized k\u00f6zep\u00e9n tiszt\u00e1n elektromos meghajt\u00e1s\u00fa aut\u00f3k ker\u00fclhessenek ki \u2013 \u00edrt\u00e1k. A BMW Group \u00e9p\u00edt\u00e9si \u00e9s l\u00e9tes\u00edtm\u00e9ny-fejleszt\u00e9si csapata 2022-ben sz\u00e1mos nem technol\u00f3giai jelleg\u0171 \u00e9p\u00fclet fel\u00e9p\u00edt\u00e9s\u00e9t helyezi el\u0151t\u00e9rbe, \u00edgy t\u00f6bbek k\u00f6z\u00f6tt a tervez\u00e9si, min\u0151s\u00edt\u00e9si \u00e9s k\u00e9pz\u00e9si feladatoknak, valamint a hum\u00e1n er\u0151forr\u00e1s- \u00e9s menedzsment-funkci\u00f3knak otthont ad\u00f3 \u00e9p\u00fcletek is elk\u00e9sz\u00fclnek. Az olyan technol\u00f3giai \u00e9p\u00fcletek fel\u00e9p\u00edt\u00e9s\u00e9re vonatkoz\u00f3 p\u00e1ly\u00e1zati ki\u00edr\u00e1sokat, mint p\u00e9ld\u00e1ul a pr\u00e9s\u00fczem, a szerkezet\u00e9p\u00edt\u0151 r\u00e9szleg, a karossz\u00e9riaf\u00e9nyez\u0151 m\u0171hely \u00e9s az \u00f6sszeszerel\u0151 csarnok, az elk\u00f6vetkez\u0151 h\u00f3napokban nyitj\u00e1k meg \u2013 tett\u00e9k hozz\u00e1. Michele Melchiorre, a BMW Manufacturing Hungary Kft. \u00fcgyvezet\u0151 igazgat\u00f3ja a k\u00f6zlem\u00e9ny szerint kijelentette: \u201ea l\u00e9tes\u00edtm\u00e9ny\u00fcnket \u00e9p\u00edt\u0151 csapat \u00e9s Debrecen v\u00e1rosa kiv\u00e1l\u00f3 munk\u00e1t v\u00e9gez. Egy\u00fcttm\u0171k\u00f6d\u00e9s\u00fcnk a v\u00e1rosvezet\u00e9ssel \u00e9s Magyarorsz\u00e1g korm\u00e1ny\u00e1nak k\u00e9pvisel\u0151ivel rendk\u00edv\u00fcl professzion\u00e1lis, minden meg\u00e1llapod\u00e1sunk hat\u00e1rid\u0151re teljes\u00fclt. Nagyon el\u00e9gedett vagyok a telephely\u00fcnk\u00f6n zajl\u00f3 \u00e9p\u00edt\u00e9si munk\u00e1latok el\u0151rehalad\u00e1s\u00e1val is&#8221;. A BMW Group a Neue Klasse modellgener\u00e1ci\u00f3 sz\u00e1m\u00e1ra Debrecenben \u00e9p\u00edti fel els\u0151 gy\u00e1r\u00e1t, amelynek gy\u00e1rt\u00f3sor\u00e1r\u00f3l az \u00e9vtized k\u00f6zep\u00e9t\u0151l olyan elektromos j\u00e1rm\u0171vek gurulnak majd le, amelyeket a kezdetekt\u0151l a kompromisszumokt\u00f3l mentes, tiszt\u00e1n elektromos meghajt\u00e1s saj\u00e1toss\u00e1gai szerint terveznek a m\u00e9rn\u00f6k\u00f6k \u2013 \u00edrt\u00e1k. Besz\u00e1moltak arr\u00f3l is, hogy a hamarosan kezd\u0151d\u0151 \u00e9p\u00edt\u00e9si szakasz kapcs\u00e1n \u00fajabb karrierlehet\u0151s\u00e9gek ny\u00edlnak meg, els\u0151sorban olyan munkater\u00fcletekkel a k\u00f6z\u00e9ppontban, mint p\u00e9ld\u00e1ul a hum\u00e1n er\u0151forr\u00e1s, a l\u00e9tes\u00edtm\u00e9ny\u00fczemeltet\u00e9s, a p\u00e9nz\u00fcgy \u00e9s a beszerz\u00e9s. Az egymilli\u00e1rd eur\u00f3t meghalad\u00f3 beruh\u00e1z\u00e1sb\u00f3l, a magyar korm\u00e1ny 12,3 milli\u00e1rd forint t\u00e1mogat\u00e1s\u00e1val fel\u00e9p\u00fcl\u0151, 560 focip\u00e1ly\u00e1nak megfelel\u0151 ter\u00fcleten megval\u00f3sul\u00f3 leend\u0151 debreceni BMW-gy\u00e1rban \u00e9vente 150 ezer g\u00e9pkocsit gy\u00e1rtanak majd, \u00e9s t\u00f6bb mint ezer \u00faj munkahelyet teremtenek.<\/p>\n<p>Forr\u00e1s: MTI, hirklikk.hu<\/p>\n","protected":false},"excerpt":{"rendered":"<p>Egymilli\u00e1rd eur\u00f3t meghalad\u00f3 beruh\u00e1z\u00e1s val\u00f3sul meg Debrecenben,\u00a0 a magyar korm\u00e1ny 12,3 milli\u00e1rd forint t\u00e1mogat\u00e1s\u00e1val \u00e9p\u00fcl f\u00f6l 560 focip\u00e1ly\u00e1nak megfelel\u0151 ter\u00fcleten a BMW-gy\u00e1r, ahol \u00a0\u00e9vente 150 ezer g\u00e9pkocsit gy\u00e1rtanak majd, \u00e9s t\u00f6bb mint ezer \u00faj munkahelyet teremtenek. A j\u00f6v\u0151 \u00e9v elej\u00e9n kezd\u0151dnek a BMW Group j\u00f6v\u0151beni debreceni gy\u00e1r\u00e1nak els\u0151 \u00e9p\u00fcletkivitelez\u00e9si munk\u00e1latai \u2013 \u00edgy a k\u00f6zponti iroda\u00e9p\u00fclet [&hellip;]<\/p>\n","protected":false},"author":1,"featured_media":5167,"comment_status":"open","ping_status":"open","sticky":false,"template":"","format":"standard","meta":{"_monsterinsights_skip_tracking":false,"footnotes":""},"categories":[200],"tags":[],"class_list":["post-5166","post","type-post","status-publish","format-standard","has-post-thumbnail","hentry","category-munkaeropiac"],"aioseo_notices":[],"aioseo_head":"\n\t\t<!-- All in One SEO 5.0.0.1 - aioseo.com -->\n\t<meta name=\"description\" content=\"Egymilli\u00e1rd eur\u00f3t meghalad\u00f3 beruh\u00e1z\u00e1s val\u00f3sul meg Debrecenben, a magyar korm\u00e1ny 12,3 milli\u00e1rd forint t\u00e1mogat\u00e1s\u00e1val \u00e9p\u00fcl f\u00f6l 560 focip\u00e1ly\u00e1nak megfelel\u0151 ter\u00fcleten a BMW-gy\u00e1r, ahol \u00e9vente 150 ezer g\u00e9pkocsit gy\u00e1rtanak majd, \u00e9s t\u00f6bb mint ezer \u00faj munkahelyet teremtenek. A j\u00f6v\u0151 \u00e9v elej\u00e9n kezd\u0151dnek a BMW Group j\u00f6v\u0151beni debreceni gy\u00e1r\u00e1nak els\u0151 \u00e9p\u00fcletkivitelez\u00e9si munk\u00e1latai \u2013 \u00edgy a k\u00f6zponti iroda\u00e9p\u00fclet\" \/>\n\t<meta name=\"robots\" content=\"max-image-preview:large\" \/>\n\t<meta name=\"author\" content=\"Juh\u00e1sz P\u00e9ter\"\/>\n\t<link rel=\"canonical\" href=\"https:\/\/allasorias.hu\/hirek\/uj-gyar-epul-uj-allashelyek-lesznek\/\" \/>\n\t<meta name=\"generator\" content=\"All in One SEO (AIOSEO) 5.0.0.1\" \/>\n\t\t<meta property=\"og:locale\" content=\"hu_HU\" \/>\n\t\t<meta property=\"og:site_name\" content=\"AllasOrias.hu | H\u00edrek-lapszemle | \u00dczleti h\u00edrek az \u00e1ll\u00e1s \u00e9s a munka vil\u00e1g\u00e1b\u00f3l\" \/>\n\t\t<meta property=\"og:type\" content=\"article\" \/>\n\t\t<meta property=\"og:title\" content=\"\u00daj gy\u00e1r \u00e9p\u00fcl \u2013 \u00faj \u00e1ll\u00e1shelyek lesznek | AllasOrias.hu | H\u00edrek-lapszemle\" \/>\n\t\t<meta property=\"og:description\" content=\"Egymilli\u00e1rd eur\u00f3t meghalad\u00f3 beruh\u00e1z\u00e1s val\u00f3sul meg Debrecenben, a magyar korm\u00e1ny 12,3 milli\u00e1rd forint t\u00e1mogat\u00e1s\u00e1val \u00e9p\u00fcl f\u00f6l 560 focip\u00e1ly\u00e1nak megfelel\u0151 ter\u00fcleten a BMW-gy\u00e1r, ahol \u00e9vente 150 ezer g\u00e9pkocsit gy\u00e1rtanak majd, \u00e9s t\u00f6bb mint ezer \u00faj munkahelyet teremtenek. A j\u00f6v\u0151 \u00e9v elej\u00e9n kezd\u0151dnek a BMW Group j\u00f6v\u0151beni debreceni gy\u00e1r\u00e1nak els\u0151 \u00e9p\u00fcletkivitelez\u00e9si munk\u00e1latai \u2013 \u00edgy a k\u00f6zponti iroda\u00e9p\u00fclet\" \/>\n\t\t<meta property=\"og:url\" content=\"https:\/\/allasorias.hu\/hirek\/uj-gyar-epul-uj-allashelyek-lesznek\/\" \/>\n\t\t<meta property=\"og:image\" content=\"https:\/\/allasorias.hu\/hirek\/wp-content\/uploads\/2021\/11\/prepared-chassis-row-car-plant.jpg\" \/>\n\t\t<meta property=\"og:image:secure_url\" content=\"https:\/\/allasorias.hu\/hirek\/wp-content\/uploads\/2021\/11\/prepared-chassis-row-car-plant.jpg\" \/>\n\t\t<meta property=\"og:image:width\" content=\"1920\" \/>\n\t\t<meta property=\"og:image:height\" content=\"1280\" \/>\n\t\t<meta property=\"article:published_time\" content=\"2021-11-04T07:45:41+00:00\" \/>\n\t\t<meta property=\"article:modified_time\" content=\"2021-11-04T07:45:41+00:00\" \/>\n\t\t<meta property=\"article:publisher\" content=\"https:\/\/www.facebook.com\/allasorias\" \/>\n\t\t<meta name=\"twitter:card\" content=\"summary_large_image\" \/>\n\t\t<meta name=\"twitter:title\" content=\"\u00daj gy\u00e1r \u00e9p\u00fcl \u2013 \u00faj \u00e1ll\u00e1shelyek lesznek | AllasOrias.hu | H\u00edrek-lapszemle\" \/>\n\t\t<meta name=\"twitter:description\" content=\"Egymilli\u00e1rd eur\u00f3t meghalad\u00f3 beruh\u00e1z\u00e1s val\u00f3sul meg Debrecenben, a magyar korm\u00e1ny 12,3 milli\u00e1rd forint t\u00e1mogat\u00e1s\u00e1val \u00e9p\u00fcl f\u00f6l 560 focip\u00e1ly\u00e1nak megfelel\u0151 ter\u00fcleten a BMW-gy\u00e1r, ahol \u00e9vente 150 ezer g\u00e9pkocsit gy\u00e1rtanak majd, \u00e9s t\u00f6bb mint ezer \u00faj munkahelyet teremtenek. A j\u00f6v\u0151 \u00e9v elej\u00e9n kezd\u0151dnek a BMW Group j\u00f6v\u0151beni debreceni gy\u00e1r\u00e1nak els\u0151 \u00e9p\u00fcletkivitelez\u00e9si munk\u00e1latai \u2013 \u00edgy a k\u00f6zponti iroda\u00e9p\u00fclet\" \/>\n\t\t<meta name=\"twitter:image\" content=\"https:\/\/allasorias.hu\/hirek\/wp-content\/uploads\/2021\/11\/prepared-chassis-row-car-plant.jpg\" \/>\n\t\t<meta name=\"twitter:label1\" content=\"Written by\" \/>\n\t\t<meta name=\"twitter:data1\" content=\"Juh\u00e1sz P\u00e9ter\" \/>\n\t\t<meta name=\"twitter:label2\" content=\"Est. reading time\" \/>\n\t\t<meta name=\"twitter:data2\" content=\"3 minutes\" \/>\n\t\t<script type=\"application\/ld+json\" class=\"aioseo-schema\">\n\t\t\t{\"@context\":\"https:\\\/\\\/schema.org\",\"@graph\":[{\"@type\":\"Article\",\"@id\":\"https:\\\/\\\/allasorias.hu\\\/hirek\\\/uj-gyar-epul-uj-allashelyek-lesznek\\\/#article\",\"name\":\"\\u00daj gy\\u00e1r \\u00e9p\\u00fcl \\u2013 \\u00faj \\u00e1ll\\u00e1shelyek lesznek | AllasOrias.hu | H\\u00edrek-lapszemle\",\"headline\":\"\\u00daj gy\\u00e1r \\u00e9p\\u00fcl \\u2013 \\u00faj \\u00e1ll\\u00e1shelyek lesznek\",\"author\":{\"@id\":\"https:\\\/\\\/allasorias.hu\\\/hirek\\\/author\\\/admin-allasorias\\\/#author\"},\"publisher\":{\"@id\":\"https:\\\/\\\/allasorias.hu\\\/hirek\\\/#organization\"},\"image\":{\"@type\":\"ImageObject\",\"url\":\"https:\\\/\\\/allasorias.hu\\\/hirek\\\/wp-content\\\/uploads\\\/2021\\\/11\\\/prepared-chassis-row-car-plant.jpg\",\"width\":1920,\"height\":1280,\"caption\":\"prepared chassis in a row at car plant\"},\"datePublished\":\"2021-11-04T07:45:41+02:00\",\"dateModified\":\"2021-11-04T07:45:41+02:00\",\"inLanguage\":\"hu-HU\",\"mainEntityOfPage\":{\"@id\":\"https:\\\/\\\/allasorias.hu\\\/hirek\\\/uj-gyar-epul-uj-allashelyek-lesznek\\\/#webpage\"},\"isPartOf\":{\"@id\":\"https:\\\/\\\/allasorias.hu\\\/hirek\\\/uj-gyar-epul-uj-allashelyek-lesznek\\\/#webpage\"},\"articleSection\":\"Munkaer\\u0151piac\"},{\"@type\":\"BreadcrumbList\",\"@id\":\"https:\\\/\\\/allasorias.hu\\\/hirek\\\/uj-gyar-epul-uj-allashelyek-lesznek\\\/#breadcrumblist\",\"itemListElement\":[{\"@type\":\"ListItem\",\"@id\":\"https:\\\/\\\/allasorias.hu\\\/hirek#listItem\",\"position\":1,\"name\":\"Home\",\"item\":\"https:\\\/\\\/allasorias.hu\\\/hirek\",\"nextItem\":{\"@type\":\"ListItem\",\"@id\":\"https:\\\/\\\/allasorias.hu\\\/hirek\\\/temak\\\/munkaeropiac\\\/#listItem\",\"name\":\"Munkaer\\u0151piac\"}},{\"@type\":\"ListItem\",\"@id\":\"https:\\\/\\\/allasorias.hu\\\/hirek\\\/temak\\\/munkaeropiac\\\/#listItem\",\"position\":2,\"name\":\"Munkaer\\u0151piac\",\"item\":\"https:\\\/\\\/allasorias.hu\\\/hirek\\\/temak\\\/munkaeropiac\\\/\",\"nextItem\":{\"@type\":\"ListItem\",\"@id\":\"https:\\\/\\\/allasorias.hu\\\/hirek\\\/uj-gyar-epul-uj-allashelyek-lesznek\\\/#listItem\",\"name\":\"\\u00daj gy\\u00e1r \\u00e9p\\u00fcl \\u2013 \\u00faj \\u00e1ll\\u00e1shelyek lesznek\"},\"previousItem\":{\"@type\":\"ListItem\",\"@id\":\"https:\\\/\\\/allasorias.hu\\\/hirek#listItem\",\"name\":\"Home\"}},{\"@type\":\"ListItem\",\"@id\":\"https:\\\/\\\/allasorias.hu\\\/hirek\\\/uj-gyar-epul-uj-allashelyek-lesznek\\\/#listItem\",\"position\":3,\"name\":\"\\u00daj gy\\u00e1r \\u00e9p\\u00fcl \\u2013 \\u00faj \\u00e1ll\\u00e1shelyek lesznek\",\"previousItem\":{\"@type\":\"ListItem\",\"@id\":\"https:\\\/\\\/allasorias.hu\\\/hirek\\\/temak\\\/munkaeropiac\\\/#listItem\",\"name\":\"Munkaer\\u0151piac\"}}]},{\"@type\":\"Organization\",\"@id\":\"https:\\\/\\\/allasorias.hu\\\/hirek\\\/#organization\",\"name\":\"AllasOrias.hu | H\\u00edrek-lapszemle\",\"description\":\"\\u00dczleti h\\u00edrek az \\u00e1ll\\u00e1s \\u00e9s a munka vil\\u00e1g\\u00e1b\\u00f3l\",\"url\":\"https:\\\/\\\/allasorias.hu\\\/hirek\\\/\",\"logo\":{\"@type\":\"ImageObject\",\"url\":\"https:\\\/\\\/allasorias.hu\\\/hirek\\\/wp-content\\\/uploads\\\/2022\\\/10\\\/allasorias_site_facebok_logo.png\",\"@id\":\"https:\\\/\\\/allasorias.hu\\\/hirek\\\/uj-gyar-epul-uj-allashelyek-lesznek\\\/#organizationLogo\"},\"image\":{\"@id\":\"https:\\\/\\\/allasorias.hu\\\/hirek\\\/uj-gyar-epul-uj-allashelyek-lesznek\\\/#organizationLogo\"},\"sameAs\":[\"https:\\\/\\\/www.facebook.com\\\/allasorias\",\"https:\\\/\\\/www.linkedin.com\\\/company\\\/allasorias\"]},{\"@type\":\"Person\",\"@id\":\"https:\\\/\\\/allasorias.hu\\\/hirek\\\/author\\\/admin-allasorias\\\/#author\",\"url\":\"https:\\\/\\\/allasorias.hu\\\/hirek\\\/author\\\/admin-allasorias\\\/\",\"name\":\"Juh\\u00e1sz P\\u00e9ter\",\"image\":{\"@type\":\"ImageObject\",\"@id\":\"https:\\\/\\\/allasorias.hu\\\/hirek\\\/uj-gyar-epul-uj-allashelyek-lesznek\\\/#authorImage\",\"url\":\"https:\\\/\\\/secure.gravatar.com\\\/avatar\\\/36e6bcb83148978b992977cb0f54d22feb0cce8a0a849a9410532bb2623ba4c6?s=96&d=mm&r=g\",\"width\":96,\"height\":96,\"caption\":\"Juh\\u00e1sz P\\u00e9ter\"}},{\"@type\":\"WebPage\",\"@id\":\"https:\\\/\\\/allasorias.hu\\\/hirek\\\/uj-gyar-epul-uj-allashelyek-lesznek\\\/#webpage\",\"url\":\"https:\\\/\\\/allasorias.hu\\\/hirek\\\/uj-gyar-epul-uj-allashelyek-lesznek\\\/\",\"name\":\"\\u00daj gy\\u00e1r \\u00e9p\\u00fcl \\u2013 \\u00faj \\u00e1ll\\u00e1shelyek lesznek | AllasOrias.hu | H\\u00edrek-lapszemle\",\"description\":\"Egymilli\\u00e1rd eur\\u00f3t meghalad\\u00f3 beruh\\u00e1z\\u00e1s val\\u00f3sul meg Debrecenben, a magyar korm\\u00e1ny 12,3 milli\\u00e1rd forint t\\u00e1mogat\\u00e1s\\u00e1val \\u00e9p\\u00fcl f\\u00f6l 560 focip\\u00e1ly\\u00e1nak megfelel\\u0151 ter\\u00fcleten a BMW-gy\\u00e1r, ahol \\u00e9vente 150 ezer g\\u00e9pkocsit gy\\u00e1rtanak majd, \\u00e9s t\\u00f6bb mint ezer \\u00faj munkahelyet teremtenek. A j\\u00f6v\\u0151 \\u00e9v elej\\u00e9n kezd\\u0151dnek a BMW Group j\\u00f6v\\u0151beni debreceni gy\\u00e1r\\u00e1nak els\\u0151 \\u00e9p\\u00fcletkivitelez\\u00e9si munk\\u00e1latai \\u2013 \\u00edgy a k\\u00f6zponti iroda\\u00e9p\\u00fclet\",\"inLanguage\":\"hu-HU\",\"isPartOf\":{\"@id\":\"https:\\\/\\\/allasorias.hu\\\/hirek\\\/#website\"},\"breadcrumb\":{\"@id\":\"https:\\\/\\\/allasorias.hu\\\/hirek\\\/uj-gyar-epul-uj-allashelyek-lesznek\\\/#breadcrumblist\"},\"author\":{\"@id\":\"https:\\\/\\\/allasorias.hu\\\/hirek\\\/author\\\/admin-allasorias\\\/#author\"},\"creator\":{\"@id\":\"https:\\\/\\\/allasorias.hu\\\/hirek\\\/author\\\/admin-allasorias\\\/#author\"},\"image\":{\"@type\":\"ImageObject\",\"url\":\"https:\\\/\\\/allasorias.hu\\\/hirek\\\/wp-content\\\/uploads\\\/2021\\\/11\\\/prepared-chassis-row-car-plant.jpg\",\"@id\":\"https:\\\/\\\/allasorias.hu\\\/hirek\\\/uj-gyar-epul-uj-allashelyek-lesznek\\\/#mainImage\",\"width\":1920,\"height\":1280,\"caption\":\"prepared chassis in a row at car plant\"},\"primaryImageOfPage\":{\"@id\":\"https:\\\/\\\/allasorias.hu\\\/hirek\\\/uj-gyar-epul-uj-allashelyek-lesznek\\\/#mainImage\"},\"datePublished\":\"2021-11-04T07:45:41+02:00\",\"dateModified\":\"2021-11-04T07:45:41+02:00\"},{\"@type\":\"WebSite\",\"@id\":\"https:\\\/\\\/allasorias.hu\\\/hirek\\\/#website\",\"url\":\"https:\\\/\\\/allasorias.hu\\\/hirek\\\/\",\"name\":\"AllasOrias.hu | H\\u00edrek-lapszemle\",\"description\":\"\\u00dczleti h\\u00edrek az \\u00e1ll\\u00e1s \\u00e9s a munka vil\\u00e1g\\u00e1b\\u00f3l\",\"inLanguage\":\"hu-HU\",\"publisher\":{\"@id\":\"https:\\\/\\\/allasorias.hu\\\/hirek\\\/#organization\"}}]}\n\t\t<\/script>\n\t\t<!-- All in One SEO -->\n\n","aioseo_head_json":{"title":"\u00daj gy\u00e1r \u00e9p\u00fcl \u2013 \u00faj \u00e1ll\u00e1shelyek lesznek | AllasOrias.hu | H\u00edrek-lapszemle","description":"Egymilli\u00e1rd eur\u00f3t meghalad\u00f3 beruh\u00e1z\u00e1s val\u00f3sul meg Debrecenben, a magyar korm\u00e1ny 12,3 milli\u00e1rd forint t\u00e1mogat\u00e1s\u00e1val \u00e9p\u00fcl f\u00f6l 560 focip\u00e1ly\u00e1nak megfelel\u0151 ter\u00fcleten a BMW-gy\u00e1r, ahol \u00e9vente 150 ezer g\u00e9pkocsit gy\u00e1rtanak majd, \u00e9s t\u00f6bb mint ezer \u00faj munkahelyet teremtenek. A j\u00f6v\u0151 \u00e9v elej\u00e9n kezd\u0151dnek a BMW Group j\u00f6v\u0151beni debreceni gy\u00e1r\u00e1nak els\u0151 \u00e9p\u00fcletkivitelez\u00e9si munk\u00e1latai \u2013 \u00edgy a k\u00f6zponti iroda\u00e9p\u00fclet","canonical_url":"https:\/\/allasorias.hu\/hirek\/uj-gyar-epul-uj-allashelyek-lesznek\/","robots":"max-image-preview:large","keywords":"","webmasterTools":{"miscellaneous":""},"schema":{"@context":"https:\/\/schema.org","@graph":[{"@type":"Article","@id":"https:\/\/allasorias.hu\/hirek\/uj-gyar-epul-uj-allashelyek-lesznek\/#article","name":"\u00daj gy\u00e1r \u00e9p\u00fcl \u2013 \u00faj \u00e1ll\u00e1shelyek lesznek | AllasOrias.hu | H\u00edrek-lapszemle","headline":"\u00daj gy\u00e1r \u00e9p\u00fcl \u2013 \u00faj \u00e1ll\u00e1shelyek lesznek","author":{"@id":"https:\/\/allasorias.hu\/hirek\/author\/admin-allasorias\/#author"},"publisher":{"@id":"https:\/\/allasorias.hu\/hirek\/#organization"},"image":{"@type":"ImageObject","url":"https:\/\/allasorias.hu\/hirek\/wp-content\/uploads\/2021\/11\/prepared-chassis-row-car-plant.jpg","width":1920,"height":1280,"caption":"prepared chassis in a row at car plant"},"datePublished":"2021-11-04T07:45:41+02:00","dateModified":"2021-11-04T07:45:41+02:00","inLanguage":"hu-HU","mainEntityOfPage":{"@id":"https:\/\/allasorias.hu\/hirek\/uj-gyar-epul-uj-allashelyek-lesznek\/#webpage"},"isPartOf":{"@id":"https:\/\/allasorias.hu\/hirek\/uj-gyar-epul-uj-allashelyek-lesznek\/#webpage"},"articleSection":"Munkaer\u0151piac"},{"@type":"BreadcrumbList","@id":"https:\/\/allasorias.hu\/hirek\/uj-gyar-epul-uj-allashelyek-lesznek\/#breadcrumblist","itemListElement":[{"@type":"ListItem","@id":"https:\/\/allasorias.hu\/hirek#listItem","position":1,"name":"Home","item":"https:\/\/allasorias.hu\/hirek","nextItem":{"@type":"ListItem","@id":"https:\/\/allasorias.hu\/hirek\/temak\/munkaeropiac\/#listItem","name":"Munkaer\u0151piac"}},{"@type":"ListItem","@id":"https:\/\/allasorias.hu\/hirek\/temak\/munkaeropiac\/#listItem","position":2,"name":"Munkaer\u0151piac","item":"https:\/\/allasorias.hu\/hirek\/temak\/munkaeropiac\/","nextItem":{"@type":"ListItem","@id":"https:\/\/allasorias.hu\/hirek\/uj-gyar-epul-uj-allashelyek-lesznek\/#listItem","name":"\u00daj gy\u00e1r \u00e9p\u00fcl \u2013 \u00faj \u00e1ll\u00e1shelyek lesznek"},"previousItem":{"@type":"ListItem","@id":"https:\/\/allasorias.hu\/hirek#listItem","name":"Home"}},{"@type":"ListItem","@id":"https:\/\/allasorias.hu\/hirek\/uj-gyar-epul-uj-allashelyek-lesznek\/#listItem","position":3,"name":"\u00daj gy\u00e1r \u00e9p\u00fcl \u2013 \u00faj \u00e1ll\u00e1shelyek lesznek","previousItem":{"@type":"ListItem","@id":"https:\/\/allasorias.hu\/hirek\/temak\/munkaeropiac\/#listItem","name":"Munkaer\u0151piac"}}]},{"@type":"Organization","@id":"https:\/\/allasorias.hu\/hirek\/#organization","name":"AllasOrias.hu | H\u00edrek-lapszemle","description":"\u00dczleti h\u00edrek az \u00e1ll\u00e1s \u00e9s a munka vil\u00e1g\u00e1b\u00f3l","url":"https:\/\/allasorias.hu\/hirek\/","logo":{"@type":"ImageObject","url":"https:\/\/allasorias.hu\/hirek\/wp-content\/uploads\/2022\/10\/allasorias_site_facebok_logo.png","@id":"https:\/\/allasorias.hu\/hirek\/uj-gyar-epul-uj-allashelyek-lesznek\/#organizationLogo"},"image":{"@id":"https:\/\/allasorias.hu\/hirek\/uj-gyar-epul-uj-allashelyek-lesznek\/#organizationLogo"},"sameAs":["https:\/\/www.facebook.com\/allasorias","https:\/\/www.linkedin.com\/company\/allasorias"]},{"@type":"Person","@id":"https:\/\/allasorias.hu\/hirek\/author\/admin-allasorias\/#author","url":"https:\/\/allasorias.hu\/hirek\/author\/admin-allasorias\/","name":"Juh\u00e1sz P\u00e9ter","image":{"@type":"ImageObject","@id":"https:\/\/allasorias.hu\/hirek\/uj-gyar-epul-uj-allashelyek-lesznek\/#authorImage","url":"https:\/\/secure.gravatar.com\/avatar\/36e6bcb83148978b992977cb0f54d22feb0cce8a0a849a9410532bb2623ba4c6?s=96&d=mm&r=g","width":96,"height":96,"caption":"Juh\u00e1sz P\u00e9ter"}},{"@type":"WebPage","@id":"https:\/\/allasorias.hu\/hirek\/uj-gyar-epul-uj-allashelyek-lesznek\/#webpage","url":"https:\/\/allasorias.hu\/hirek\/uj-gyar-epul-uj-allashelyek-lesznek\/","name":"\u00daj gy\u00e1r \u00e9p\u00fcl \u2013 \u00faj \u00e1ll\u00e1shelyek lesznek | AllasOrias.hu | H\u00edrek-lapszemle","description":"Egymilli\u00e1rd eur\u00f3t meghalad\u00f3 beruh\u00e1z\u00e1s val\u00f3sul meg Debrecenben, a magyar korm\u00e1ny 12,3 milli\u00e1rd forint t\u00e1mogat\u00e1s\u00e1val \u00e9p\u00fcl f\u00f6l 560 focip\u00e1ly\u00e1nak megfelel\u0151 ter\u00fcleten a BMW-gy\u00e1r, ahol \u00e9vente 150 ezer g\u00e9pkocsit gy\u00e1rtanak majd, \u00e9s t\u00f6bb mint ezer \u00faj munkahelyet teremtenek. A j\u00f6v\u0151 \u00e9v elej\u00e9n kezd\u0151dnek a BMW Group j\u00f6v\u0151beni debreceni gy\u00e1r\u00e1nak els\u0151 \u00e9p\u00fcletkivitelez\u00e9si munk\u00e1latai \u2013 \u00edgy a k\u00f6zponti iroda\u00e9p\u00fclet","inLanguage":"hu-HU","isPartOf":{"@id":"https:\/\/allasorias.hu\/hirek\/#website"},"breadcrumb":{"@id":"https:\/\/allasorias.hu\/hirek\/uj-gyar-epul-uj-allashelyek-lesznek\/#breadcrumblist"},"author":{"@id":"https:\/\/allasorias.hu\/hirek\/author\/admin-allasorias\/#author"},"creator":{"@id":"https:\/\/allasorias.hu\/hirek\/author\/admin-allasorias\/#author"},"image":{"@type":"ImageObject","url":"https:\/\/allasorias.hu\/hirek\/wp-content\/uploads\/2021\/11\/prepared-chassis-row-car-plant.jpg","@id":"https:\/\/allasorias.hu\/hirek\/uj-gyar-epul-uj-allashelyek-lesznek\/#mainImage","width":1920,"height":1280,"caption":"prepared chassis in a row at car plant"},"primaryImageOfPage":{"@id":"https:\/\/allasorias.hu\/hirek\/uj-gyar-epul-uj-allashelyek-lesznek\/#mainImage"},"datePublished":"2021-11-04T07:45:41+02:00","dateModified":"2021-11-04T07:45:41+02:00"},{"@type":"WebSite","@id":"https:\/\/allasorias.hu\/hirek\/#website","url":"https:\/\/allasorias.hu\/hirek\/","name":"AllasOrias.hu | H\u00edrek-lapszemle","description":"\u00dczleti h\u00edrek az \u00e1ll\u00e1s \u00e9s a munka vil\u00e1g\u00e1b\u00f3l","inLanguage":"hu-HU","publisher":{"@id":"https:\/\/allasorias.hu\/hirek\/#organization"}}]},"og:locale":"hu_HU","og:site_name":"AllasOrias.hu | H\u00edrek-lapszemle | \u00dczleti h\u00edrek az \u00e1ll\u00e1s \u00e9s a munka vil\u00e1g\u00e1b\u00f3l","og:type":"article","og:title":"\u00daj gy\u00e1r \u00e9p\u00fcl \u2013 \u00faj \u00e1ll\u00e1shelyek lesznek | AllasOrias.hu | H\u00edrek-lapszemle","og:description":"Egymilli\u00e1rd eur\u00f3t meghalad\u00f3 beruh\u00e1z\u00e1s val\u00f3sul meg Debrecenben, a magyar korm\u00e1ny 12,3 milli\u00e1rd forint t\u00e1mogat\u00e1s\u00e1val \u00e9p\u00fcl f\u00f6l 560 focip\u00e1ly\u00e1nak megfelel\u0151 ter\u00fcleten a BMW-gy\u00e1r, ahol \u00e9vente 150 ezer g\u00e9pkocsit gy\u00e1rtanak majd, \u00e9s t\u00f6bb mint ezer \u00faj munkahelyet teremtenek. A j\u00f6v\u0151 \u00e9v elej\u00e9n kezd\u0151dnek a BMW Group j\u00f6v\u0151beni debreceni gy\u00e1r\u00e1nak els\u0151 \u00e9p\u00fcletkivitelez\u00e9si munk\u00e1latai \u2013 \u00edgy a k\u00f6zponti iroda\u00e9p\u00fclet","og:url":"https:\/\/allasorias.hu\/hirek\/uj-gyar-epul-uj-allashelyek-lesznek\/","og:image":"https:\/\/allasorias.hu\/hirek\/wp-content\/uploads\/2021\/11\/prepared-chassis-row-car-plant.jpg","og:image:secure_url":"https:\/\/allasorias.hu\/hirek\/wp-content\/uploads\/2021\/11\/prepared-chassis-row-car-plant.jpg","og:image:width":1920,"og:image:height":1280,"article:published_time":"2021-11-04T07:45:41+00:00","article:modified_time":"2021-11-04T07:45:41+00:00","article:publisher":"https:\/\/www.facebook.com\/allasorias","twitter:card":"summary_large_image","twitter:title":"\u00daj gy\u00e1r \u00e9p\u00fcl \u2013 \u00faj \u00e1ll\u00e1shelyek lesznek | AllasOrias.hu | H\u00edrek-lapszemle","twitter:description":"Egymilli\u00e1rd eur\u00f3t meghalad\u00f3 beruh\u00e1z\u00e1s val\u00f3sul meg Debrecenben, a magyar korm\u00e1ny 12,3 milli\u00e1rd forint t\u00e1mogat\u00e1s\u00e1val \u00e9p\u00fcl f\u00f6l 560 focip\u00e1ly\u00e1nak megfelel\u0151 ter\u00fcleten a BMW-gy\u00e1r, ahol \u00e9vente 150 ezer g\u00e9pkocsit gy\u00e1rtanak majd, \u00e9s t\u00f6bb mint ezer \u00faj munkahelyet teremtenek. A j\u00f6v\u0151 \u00e9v elej\u00e9n kezd\u0151dnek a BMW Group j\u00f6v\u0151beni debreceni gy\u00e1r\u00e1nak els\u0151 \u00e9p\u00fcletkivitelez\u00e9si munk\u00e1latai \u2013 \u00edgy a k\u00f6zponti iroda\u00e9p\u00fclet","twitter:image":"https:\/\/allasorias.hu\/hirek\/wp-content\/uploads\/2021\/11\/prepared-chassis-row-car-plant.jpg","twitter:label1":"Written by","twitter:data1":"Juh\u00e1sz P\u00e9ter","twitter:label2":"Est. reading time","twitter:data2":"3 minutes"},"aioseo_meta_data":{"post_id":"5166","title":null,"description":null,"keywords":[],"keyphrases":{"focus":[],"additional":[]},"primary_term":null,"canonical_url":null,"og_title":null,"og_description":null,"og_object_type":"default","og_image_type":"default","og_image_url":null,"og_image_width":null,"og_image_height":null,"og_image_custom_url":null,"og_image_custom_fields":null,"og_video":"","og_custom_url":null,"og_article_section":null,"og_article_tags":[],"twitter_use_og":false,"twitter_card":"default","twitter_image_type":"default","twitter_image_url":null,"twitter_image_custom_url":null,"twitter_image_custom_fields":null,"twitter_title":null,"twitter_description":null,"schema":{"blockGraphs":[],"customGraphs":[],"default":{"data":{"Article":[],"Course":[],"Dataset":[],"FAQPage":[],"Movie":[],"Person":[],"Product":[],"ProductReview":[],"Car":[],"Recipe":[],"Service":[],"SoftwareApplication":[],"WebPage":[]},"graphName":"","isEnabled":true},"graphs":[],"defaultGraph":"Article","defaultPostTypeGraph":""},"schema_type":"default","schema_type_options":"{\"article\":{\"articleType\":\"BlogPosting\"},\"course\":{\"name\":\"\",\"description\":\"\",\"provider\":\"\"},\"faq\":{\"pages\":[]},\"product\":{\"reviews\":[]},\"recipe\":{\"ingredients\":[],\"instructions\":[],\"keywords\":[]},\"software\":{\"reviews\":[],\"operatingSystems\":[]},\"webPage\":{\"webPageType\":\"WebPage\"}}","pillar_content":false,"robots_default":true,"robots_noindex":false,"robots_noarchive":false,"robots_nosnippet":false,"robots_nofollow":false,"robots_noimageindex":false,"robots_noodp":false,"robots_notranslate":false,"robots_max_snippet":"-1","robots_max_videopreview":"-1","robots_max_imagepreview":"large","priority":null,"frequency":"default","location":null,"local_seo":{"locations":{"business":{"name":"","businessType":"","image":"","areaServed":"","urls":{"website":"","aboutPage":"","contactPage":""},"address":{"streetLine1":"","streetLine2":"","zipCode":"","city":"","state":"","country":"","addressFormat":"#streetLineOne\n#streetLineTwo\n#city, #state #zipCode"},"contact":{"email":"","phone":"","phoneFormatted":"","fax":"","faxFormatted":""},"ids":{"vat":"","tax":"","chamberOfCommerce":""},"payment":{"priceRange":"","currenciesAccepted":"","methods":""}}},"openingHours":{"useDefaults":true,"show":true,"alwaysOpen":false,"use24hFormat":false,"timezone":"","labels":{"closed":"","alwaysOpen":""},"days":{"monday":{"open24h":false,"closed":false,"openTime":"09:00","closeTime":"17:00"},"tuesday":{"open24h":false,"closed":false,"openTime":"09:00","closeTime":"17:00"},"wednesday":{"open24h":false,"closed":false,"openTime":"09:00","closeTime":"17:00"},"thursday":{"open24h":false,"closed":false,"openTime":"09:00","closeTime":"17:00"},"friday":{"open24h":false,"closed":false,"openTime":"09:00","closeTime":"17:00"},"saturday":{"open24h":false,"closed":false,"openTime":"09:00","closeTime":"17:00"},"sunday":{"open24h":false,"closed":false,"openTime":"09:00","closeTime":"17:00"}}}},"breadcrumb_settings":null,"limit_modified_date":false,"ai":null,"created":"2021-11-04 07:40:19","updated":"2025-10-02 16:24:40","seo_analyzer_scan_date":null,"focus_keyword":null,"additional_keywords":null,"truseo_locale":null},"aioseo_breadcrumb":"<div class=\"aioseo-breadcrumbs\"><span class=\"aioseo-breadcrumb\">\n\t\t\t<a href=\"https:\/\/allasorias.hu\/hirek\" title=\"Home\">Home<\/a>\n\t\t<\/span><span class=\"aioseo-breadcrumb-separator\">&raquo;<\/span><span class=\"aioseo-breadcrumb\">\n\t\t\t<a href=\"https:\/\/allasorias.hu\/hirek\/temak\/munkaeropiac\/\" title=\"Munkaer\u0151piac\">Munkaer\u0151piac<\/a>\n\t\t<\/span><span class=\"aioseo-breadcrumb-separator\">&raquo;<\/span><span class=\"aioseo-breadcrumb\">\n\t\t\t\u00daj gy\u00e1r \u00e9p\u00fcl \u2013 \u00faj \u00e1ll\u00e1shelyek lesznek\n\t\t<\/span><\/div>","aioseo_breadcrumb_json":[{"label":"Home","link":"https:\/\/allasorias.hu\/hirek"},{"label":"Munkaer\u0151piac","link":"https:\/\/allasorias.hu\/hirek\/temak\/munkaeropiac\/"},{"label":"\u00daj gy\u00e1r \u00e9p\u00fcl \u2013 \u00faj \u00e1ll\u00e1shelyek lesznek","link":"https:\/\/allasorias.hu\/hirek\/uj-gyar-epul-uj-allashelyek-lesznek\/"}],"_links":{"self":[{"href":"https:\/\/allasorias.hu\/hirek\/wp-json\/wp\/v2\/posts\/5166","targetHints":{"allow":["GET"]}}],"collection":[{"href":"https:\/\/allasorias.hu\/hirek\/wp-json\/wp\/v2\/posts"}],"about":[{"href":"https:\/\/allasorias.hu\/hirek\/wp-json\/wp\/v2\/types\/post"}],"author":[{"embeddable":true,"href":"https:\/\/allasorias.hu\/hirek\/wp-json\/wp\/v2\/users\/1"}],"replies":[{"embeddable":true,"href":"https:\/\/allasorias.hu\/hirek\/wp-json\/wp\/v2\/comments?post=5166"}],"version-history":[{"count":1,"href":"https:\/\/allasorias.hu\/hirek\/wp-json\/wp\/v2\/posts\/5166\/revisions"}],"predecessor-version":[{"id":5168,"href":"https:\/\/allasorias.hu\/hirek\/wp-json\/wp\/v2\/posts\/5166\/revisions\/5168"}],"wp:featuredmedia":[{"embeddable":true,"href":"https:\/\/allasorias.hu\/hirek\/wp-json\/wp\/v2\/media\/5167"}],"wp:attachment":[{"href":"https:\/\/allasorias.hu\/hirek\/wp-json\/wp\/v2\/media?parent=5166"}],"wp:term":[{"taxonomy":"category","embeddable":true,"href":"https:\/\/allasorias.hu\/hirek\/wp-json\/wp\/v2\/categories?post=5166"},{"taxonomy":"post_tag","embeddable":true,"href":"https:\/\/allasorias.hu\/hirek\/wp-json\/wp\/v2\/tags?post=5166"}],"curies":[{"name":"wp","href":"https:\/\/api.w.org\/{rel}","templated":true}]}}