{"id":5163,"date":"2021-11-03T07:39:35","date_gmt":"2021-11-03T07:39:35","guid":{"rendered":"https:\/\/allasorias.hu\/hirek\/?p=5163"},"modified":"2021-11-04T07:39:53","modified_gmt":"2021-11-04T07:39:53","slug":"segitik-a-szakkepzett-fiatalokat","status":"publish","type":"post","link":"https:\/\/allasorias.hu\/hirek\/segitik-a-szakkepzett-fiatalokat\/","title":{"rendered":"Seg\u00edtik a szakk\u00e9pzett fiatalokat"},"content":{"rendered":"<p><strong>Egy szakk\u00e9pzett fiatal munk\u00e1ba \u00e1ll\u00e1s\u00e1t \u00f6sszesen t\u00f6bb mint 1,9 milli\u00f3 forintnyi munk\u00e1ltat\u00f3i kiad\u00e1s \u00e1tv\u00e1llal\u00e1s\u00e1val k\u00f6nny\u00edtheti meg a korm\u00e1ny \u2013 h\u00edvta fel a figyelmet Bod\u00f3 S\u00e1ndor, az Innov\u00e1ci\u00f3s \u00e9s Technol\u00f3giai Miniszt\u00e9rium foglalkoztat\u00e1spolitik\u00e1\u00e9rt felel\u0151s \u00e1llamtitk\u00e1ra a t\u00e1rca k\u00f6zlem\u00e9ny\u00e9ben.<\/strong><\/p>\n<p>A novembert\u0151l el\u00e9rhet\u0151 \u00faj b\u00e9rt\u00e1mogat\u00e1s a szakk\u00e9pzetts\u00e9ggel rendelkez\u0151, 30 \u00e9v alatti \u00e1ll\u00e1skeres\u0151k foglalkoztat\u00e1s\u00e1ra \u00f6szt\u00f6n\u00f6z. Az els\u0151 kilencven napban a frissen felvettek munkatapasztalat-szerz\u00e9s\u00e9nek k\u00f6lts\u00e9geit fedezi a program, ezut\u00e1n ig\u00e9nyelhet\u0151 f\u00e9l \u00e9ven \u00e1t a havi 100 ezer forintos V\u00e1llalkoz\u00e1sok munkaer\u0151 t\u00e1mogat\u00e1sa is. A c\u00e9geknek el\u0151sz\u00f6r azt kell v\u00e1llalniuk, hogy teljes, vagy legal\u00e1bb napi 4 \u00f3r\u00e1s r\u00e9szmunkaid\u0151ben foglalkoztatj\u00e1k a 2011 \u00f3ta iskolarendszerben vagy feln\u0151ttk\u00e9pz\u00e9sben szakk\u00e9pes\u00edt\u00e9st, vagy fels\u0151fok\u00fa v\u00e9gzetts\u00e9get szerzett fiatalokat. A teljes \u00e1llom\u00e1ny figyelembe v\u00e9tel\u00e9vel t\u00edz munkav\u00e1llal\u00f3ig egyszerre legfeljebb k\u00e9t \u00e1ll\u00e1skeres\u0151, t\u00edz f\u0151 felett az \u00f6sszes l\u00e9tsz\u00e1m maximum 30 sz\u00e1zal\u00e9ka ut\u00e1n fizethet\u0151 ki az \u00f6sszesen 90 napig foly\u00f3s\u00edthat\u00f3 munkatapasztalat-szerz\u00e9si t\u00e1mogat\u00e1s. M\u00e9rt\u00e9ke a foglalkoztat\u00f3t terhel\u0151 brutt\u00f3 b\u00e9r \u00e9s a szoci\u00e1lis hozz\u00e1j\u00e1rul\u00e1si ad\u00f3 100 sz\u00e1zal\u00e9ka, de teljes munkaid\u0151 eset\u00e9n havonta legfeljebb a garant\u00e1lt b\u00e9rminimum k\u00e9tszerese, azaz 438 ezer forint. A munk\u00e1ltat\u00f3 ezt k\u00f6vet\u0151en ig\u00e9nyelheti az \u00e1ll\u00e1skeres\u0151 ut\u00e1n 6 h\u00f3napon \u00e1t j\u00e1r\u00f3 V\u00e1llalkoz\u00e1sok munkaer\u0151 t\u00e1mogat\u00e1s\u00e1t azzal a felt\u00e9tellel, hogy a munkab\u00e9rt a kor\u00e1bbi id\u0151szakhoz k\u00e9pest nem cs\u00f6kkenti. A t\u00e1mogat\u00e1si k\u00e9relmeket november elsej\u00e9t\u0151l lehet beny\u00fajtani a foglalkoztatni k\u00edv\u00e1nt szem\u00e9ly lak\u00f3helye, tart\u00f3zkod\u00e1si helye szerint illet\u00e9kes, \u00e1llami foglalkoztat\u00e1si szervk\u00e9nt elj\u00e1r\u00f3 j\u00e1r\u00e1si (f\u0151v\u00e1rosi ker\u00fcleti) hivatalhoz. A r\u00e9szletes inform\u00e1ci\u00f3k a munka.hu foglalkoztat\u00e1si port\u00e1lon olvashat\u00f3k. Bod\u00f3 S\u00e1ndor a k\u00f6zlem\u00e9nyben k\u00f6z\u00f6lte: \u201eAz \u00faj programelem arra b\u00e1tor\u00edtja a munkaad\u00f3kat, hogy es\u00e9lyt adjanak a szakmai k\u00e9pzetts\u00e9ggel rendelkez\u0151 fiataloknak. Ha tehets\u00e9g\u00fcket, felk\u00e9sz\u00fclts\u00e9g\u00fcket, szorgalmukat meggy\u0151z\u0151en bizony\u00edtj\u00e1k, a t\u00e1mogatott id\u0151szakn\u00e1l tart\u00f3sabban is elnyerhetik a v\u00e1llalkoz\u00e1s bizalm\u00e1t. A regisztr\u00e1lt \u00e1ll\u00e1skeres\u0151k sz\u00e1ma 250 ezer al\u00e1 cs\u00f6kkent, a tavalyi janu\u00e1ri szintn\u00e9l is kedvez\u0151bben alakul. 2021 elej\u00e9hez viszony\u00edtva 50 ezerrel, a tavaly ny\u00e1ri foglalkoztat\u00e1si m\u00e9lyponthoz m\u00e9rve 130 ezerrel vannak kevesebben. A V\u00e1llalkoz\u00e1sok munkaer\u0151 t\u00e1mogat\u00e1s\u00e1val a befogadott k\u00e9relmek alapj\u00e1n t\u00f6bb mint 26 ezer \u00e1ll\u00e1skeres\u0151 elhelyezked\u00e9s\u00e9hez j\u00e1rul hozz\u00e1 a korm\u00e1ny 14 milli\u00e1rd forinttal, k\u00f6zel fel\u00fck 25 \u00e9v alatti.\u201d (MTI)<\/p>\n<p>Forr\u00e1s: uzletem.hu<\/p>\n","protected":false},"excerpt":{"rendered":"<p>Egy szakk\u00e9pzett fiatal munk\u00e1ba \u00e1ll\u00e1s\u00e1t \u00f6sszesen t\u00f6bb mint 1,9 milli\u00f3 forintnyi munk\u00e1ltat\u00f3i kiad\u00e1s \u00e1tv\u00e1llal\u00e1s\u00e1val k\u00f6nny\u00edtheti meg a korm\u00e1ny \u2013 h\u00edvta fel a figyelmet Bod\u00f3 S\u00e1ndor, az Innov\u00e1ci\u00f3s \u00e9s Technol\u00f3giai Miniszt\u00e9rium foglalkoztat\u00e1spolitik\u00e1\u00e9rt felel\u0151s \u00e1llamtitk\u00e1ra a t\u00e1rca k\u00f6zlem\u00e9ny\u00e9ben. A novembert\u0151l el\u00e9rhet\u0151 \u00faj b\u00e9rt\u00e1mogat\u00e1s a szakk\u00e9pzetts\u00e9ggel rendelkez\u0151, 30 \u00e9v alatti \u00e1ll\u00e1skeres\u0151k foglalkoztat\u00e1s\u00e1ra \u00f6szt\u00f6n\u00f6z. Az els\u0151 kilencven napban a [&hellip;]<\/p>\n","protected":false},"author":1,"featured_media":4904,"comment_status":"open","ping_status":"open","sticky":false,"template":"","format":"standard","meta":{"_monsterinsights_skip_tracking":false,"footnotes":""},"categories":[200],"tags":[],"class_list":["post-5163","post","type-post","status-publish","format-standard","has-post-thumbnail","hentry","category-munkaeropiac"],"aioseo_notices":[],"aioseo_head":"\n\t\t<!-- All in One SEO 5.0.0.1 - aioseo.com -->\n\t<meta name=\"description\" content=\"Egy szakk\u00e9pzett fiatal munk\u00e1ba \u00e1ll\u00e1s\u00e1t \u00f6sszesen t\u00f6bb mint 1,9 milli\u00f3 forintnyi munk\u00e1ltat\u00f3i kiad\u00e1s \u00e1tv\u00e1llal\u00e1s\u00e1val k\u00f6nny\u00edtheti meg a korm\u00e1ny \u2013 h\u00edvta fel a figyelmet Bod\u00f3 S\u00e1ndor, az Innov\u00e1ci\u00f3s \u00e9s Technol\u00f3giai Miniszt\u00e9rium foglalkoztat\u00e1spolitik\u00e1\u00e9rt felel\u0151s \u00e1llamtitk\u00e1ra a t\u00e1rca k\u00f6zlem\u00e9ny\u00e9ben. A novembert\u0151l el\u00e9rhet\u0151 \u00faj b\u00e9rt\u00e1mogat\u00e1s a szakk\u00e9pzetts\u00e9ggel rendelkez\u0151, 30 \u00e9v alatti \u00e1ll\u00e1skeres\u0151k foglalkoztat\u00e1s\u00e1ra \u00f6szt\u00f6n\u00f6z. Az els\u0151 kilencven napban a\" \/>\n\t<meta name=\"robots\" content=\"max-image-preview:large\" \/>\n\t<meta name=\"author\" content=\"Juh\u00e1sz P\u00e9ter\"\/>\n\t<link rel=\"canonical\" href=\"https:\/\/allasorias.hu\/hirek\/segitik-a-szakkepzett-fiatalokat\/\" \/>\n\t<meta name=\"generator\" content=\"All in One SEO (AIOSEO) 5.0.0.1\" \/>\n\t\t<meta property=\"og:locale\" content=\"hu_HU\" \/>\n\t\t<meta property=\"og:site_name\" content=\"AllasOrias.hu | H\u00edrek-lapszemle | \u00dczleti h\u00edrek az \u00e1ll\u00e1s \u00e9s a munka vil\u00e1g\u00e1b\u00f3l\" \/>\n\t\t<meta property=\"og:type\" content=\"article\" \/>\n\t\t<meta property=\"og:title\" content=\"Seg\u00edtik a szakk\u00e9pzett fiatalokat | AllasOrias.hu | H\u00edrek-lapszemle\" \/>\n\t\t<meta property=\"og:description\" content=\"Egy szakk\u00e9pzett fiatal munk\u00e1ba \u00e1ll\u00e1s\u00e1t \u00f6sszesen t\u00f6bb mint 1,9 milli\u00f3 forintnyi munk\u00e1ltat\u00f3i kiad\u00e1s \u00e1tv\u00e1llal\u00e1s\u00e1val k\u00f6nny\u00edtheti meg a korm\u00e1ny \u2013 h\u00edvta fel a figyelmet Bod\u00f3 S\u00e1ndor, az Innov\u00e1ci\u00f3s \u00e9s Technol\u00f3giai Miniszt\u00e9rium foglalkoztat\u00e1spolitik\u00e1\u00e9rt felel\u0151s \u00e1llamtitk\u00e1ra a t\u00e1rca k\u00f6zlem\u00e9ny\u00e9ben. A novembert\u0151l el\u00e9rhet\u0151 \u00faj b\u00e9rt\u00e1mogat\u00e1s a szakk\u00e9pzetts\u00e9ggel rendelkez\u0151, 30 \u00e9v alatti \u00e1ll\u00e1skeres\u0151k foglalkoztat\u00e1s\u00e1ra \u00f6szt\u00f6n\u00f6z. Az els\u0151 kilencven napban a\" \/>\n\t\t<meta property=\"og:url\" content=\"https:\/\/allasorias.hu\/hirek\/segitik-a-szakkepzett-fiatalokat\/\" \/>\n\t\t<meta property=\"og:image\" content=\"https:\/\/allasorias.hu\/hirek\/wp-content\/uploads\/2021\/07\/close-up-shoot-hands-shaking-front-car.jpg\" \/>\n\t\t<meta property=\"og:image:secure_url\" content=\"https:\/\/allasorias.hu\/hirek\/wp-content\/uploads\/2021\/07\/close-up-shoot-hands-shaking-front-car.jpg\" \/>\n\t\t<meta property=\"og:image:width\" content=\"1920\" \/>\n\t\t<meta property=\"og:image:height\" content=\"1282\" \/>\n\t\t<meta property=\"article:published_time\" content=\"2021-11-03T07:39:35+00:00\" \/>\n\t\t<meta property=\"article:modified_time\" content=\"2021-11-04T07:39:53+00:00\" \/>\n\t\t<meta property=\"article:publisher\" content=\"https:\/\/www.facebook.com\/allasorias\" \/>\n\t\t<meta name=\"twitter:card\" content=\"summary_large_image\" \/>\n\t\t<meta name=\"twitter:title\" content=\"Seg\u00edtik a szakk\u00e9pzett fiatalokat | AllasOrias.hu | H\u00edrek-lapszemle\" \/>\n\t\t<meta name=\"twitter:description\" content=\"Egy szakk\u00e9pzett fiatal munk\u00e1ba \u00e1ll\u00e1s\u00e1t \u00f6sszesen t\u00f6bb mint 1,9 milli\u00f3 forintnyi munk\u00e1ltat\u00f3i kiad\u00e1s \u00e1tv\u00e1llal\u00e1s\u00e1val k\u00f6nny\u00edtheti meg a korm\u00e1ny \u2013 h\u00edvta fel a figyelmet Bod\u00f3 S\u00e1ndor, az Innov\u00e1ci\u00f3s \u00e9s Technol\u00f3giai Miniszt\u00e9rium foglalkoztat\u00e1spolitik\u00e1\u00e9rt felel\u0151s \u00e1llamtitk\u00e1ra a t\u00e1rca k\u00f6zlem\u00e9ny\u00e9ben. A novembert\u0151l el\u00e9rhet\u0151 \u00faj b\u00e9rt\u00e1mogat\u00e1s a szakk\u00e9pzetts\u00e9ggel rendelkez\u0151, 30 \u00e9v alatti \u00e1ll\u00e1skeres\u0151k foglalkoztat\u00e1s\u00e1ra \u00f6szt\u00f6n\u00f6z. Az els\u0151 kilencven napban a\" \/>\n\t\t<meta name=\"twitter:image\" content=\"https:\/\/allasorias.hu\/hirek\/wp-content\/uploads\/2021\/07\/close-up-shoot-hands-shaking-front-car.jpg\" \/>\n\t\t<meta name=\"twitter:label1\" content=\"Written by\" \/>\n\t\t<meta name=\"twitter:data1\" content=\"Juh\u00e1sz P\u00e9ter\" \/>\n\t\t<meta name=\"twitter:label2\" content=\"Est. reading time\" \/>\n\t\t<meta name=\"twitter:data2\" content=\"3 minutes\" \/>\n\t\t<script type=\"application\/ld+json\" class=\"aioseo-schema\">\n\t\t\t{\"@context\":\"https:\\\/\\\/schema.org\",\"@graph\":[{\"@type\":\"Article\",\"@id\":\"https:\\\/\\\/allasorias.hu\\\/hirek\\\/segitik-a-szakkepzett-fiatalokat\\\/#article\",\"name\":\"Seg\\u00edtik a szakk\\u00e9pzett fiatalokat | AllasOrias.hu | H\\u00edrek-lapszemle\",\"headline\":\"Seg\\u00edtik a szakk\\u00e9pzett fiatalokat\",\"author\":{\"@id\":\"https:\\\/\\\/allasorias.hu\\\/hirek\\\/author\\\/admin-allasorias\\\/#author\"},\"publisher\":{\"@id\":\"https:\\\/\\\/allasorias.hu\\\/hirek\\\/#organization\"},\"image\":{\"@type\":\"ImageObject\",\"url\":\"https:\\\/\\\/allasorias.hu\\\/hirek\\\/wp-content\\\/uploads\\\/2021\\\/07\\\/close-up-shoot-hands-shaking-front-car.jpg\",\"width\":1920,\"height\":1282,\"caption\":\"Close-up shoot of the hands shaking in front of the car.\"},\"datePublished\":\"2021-11-03T07:39:35+02:00\",\"dateModified\":\"2021-11-04T07:39:53+02:00\",\"inLanguage\":\"hu-HU\",\"mainEntityOfPage\":{\"@id\":\"https:\\\/\\\/allasorias.hu\\\/hirek\\\/segitik-a-szakkepzett-fiatalokat\\\/#webpage\"},\"isPartOf\":{\"@id\":\"https:\\\/\\\/allasorias.hu\\\/hirek\\\/segitik-a-szakkepzett-fiatalokat\\\/#webpage\"},\"articleSection\":\"Munkaer\\u0151piac\"},{\"@type\":\"BreadcrumbList\",\"@id\":\"https:\\\/\\\/allasorias.hu\\\/hirek\\\/segitik-a-szakkepzett-fiatalokat\\\/#breadcrumblist\",\"itemListElement\":[{\"@type\":\"ListItem\",\"@id\":\"https:\\\/\\\/allasorias.hu\\\/hirek#listItem\",\"position\":1,\"name\":\"Home\",\"item\":\"https:\\\/\\\/allasorias.hu\\\/hirek\",\"nextItem\":{\"@type\":\"ListItem\",\"@id\":\"https:\\\/\\\/allasorias.hu\\\/hirek\\\/temak\\\/munkaeropiac\\\/#listItem\",\"name\":\"Munkaer\\u0151piac\"}},{\"@type\":\"ListItem\",\"@id\":\"https:\\\/\\\/allasorias.hu\\\/hirek\\\/temak\\\/munkaeropiac\\\/#listItem\",\"position\":2,\"name\":\"Munkaer\\u0151piac\",\"item\":\"https:\\\/\\\/allasorias.hu\\\/hirek\\\/temak\\\/munkaeropiac\\\/\",\"nextItem\":{\"@type\":\"ListItem\",\"@id\":\"https:\\\/\\\/allasorias.hu\\\/hirek\\\/segitik-a-szakkepzett-fiatalokat\\\/#listItem\",\"name\":\"Seg\\u00edtik a szakk\\u00e9pzett fiatalokat\"},\"previousItem\":{\"@type\":\"ListItem\",\"@id\":\"https:\\\/\\\/allasorias.hu\\\/hirek#listItem\",\"name\":\"Home\"}},{\"@type\":\"ListItem\",\"@id\":\"https:\\\/\\\/allasorias.hu\\\/hirek\\\/segitik-a-szakkepzett-fiatalokat\\\/#listItem\",\"position\":3,\"name\":\"Seg\\u00edtik a szakk\\u00e9pzett fiatalokat\",\"previousItem\":{\"@type\":\"ListItem\",\"@id\":\"https:\\\/\\\/allasorias.hu\\\/hirek\\\/temak\\\/munkaeropiac\\\/#listItem\",\"name\":\"Munkaer\\u0151piac\"}}]},{\"@type\":\"Organization\",\"@id\":\"https:\\\/\\\/allasorias.hu\\\/hirek\\\/#organization\",\"name\":\"AllasOrias.hu | H\\u00edrek-lapszemle\",\"description\":\"\\u00dczleti h\\u00edrek az \\u00e1ll\\u00e1s \\u00e9s a munka vil\\u00e1g\\u00e1b\\u00f3l\",\"url\":\"https:\\\/\\\/allasorias.hu\\\/hirek\\\/\",\"logo\":{\"@type\":\"ImageObject\",\"url\":\"https:\\\/\\\/allasorias.hu\\\/hirek\\\/wp-content\\\/uploads\\\/2022\\\/10\\\/allasorias_site_facebok_logo.png\",\"@id\":\"https:\\\/\\\/allasorias.hu\\\/hirek\\\/segitik-a-szakkepzett-fiatalokat\\\/#organizationLogo\"},\"image\":{\"@id\":\"https:\\\/\\\/allasorias.hu\\\/hirek\\\/segitik-a-szakkepzett-fiatalokat\\\/#organizationLogo\"},\"sameAs\":[\"https:\\\/\\\/www.facebook.com\\\/allasorias\",\"https:\\\/\\\/www.linkedin.com\\\/company\\\/allasorias\"]},{\"@type\":\"Person\",\"@id\":\"https:\\\/\\\/allasorias.hu\\\/hirek\\\/author\\\/admin-allasorias\\\/#author\",\"url\":\"https:\\\/\\\/allasorias.hu\\\/hirek\\\/author\\\/admin-allasorias\\\/\",\"name\":\"Juh\\u00e1sz P\\u00e9ter\",\"image\":{\"@type\":\"ImageObject\",\"@id\":\"https:\\\/\\\/allasorias.hu\\\/hirek\\\/segitik-a-szakkepzett-fiatalokat\\\/#authorImage\",\"url\":\"https:\\\/\\\/secure.gravatar.com\\\/avatar\\\/36e6bcb83148978b992977cb0f54d22feb0cce8a0a849a9410532bb2623ba4c6?s=96&d=mm&r=g\",\"width\":96,\"height\":96,\"caption\":\"Juh\\u00e1sz P\\u00e9ter\"}},{\"@type\":\"WebPage\",\"@id\":\"https:\\\/\\\/allasorias.hu\\\/hirek\\\/segitik-a-szakkepzett-fiatalokat\\\/#webpage\",\"url\":\"https:\\\/\\\/allasorias.hu\\\/hirek\\\/segitik-a-szakkepzett-fiatalokat\\\/\",\"name\":\"Seg\\u00edtik a szakk\\u00e9pzett fiatalokat | AllasOrias.hu | H\\u00edrek-lapszemle\",\"description\":\"Egy szakk\\u00e9pzett fiatal munk\\u00e1ba \\u00e1ll\\u00e1s\\u00e1t \\u00f6sszesen t\\u00f6bb mint 1,9 milli\\u00f3 forintnyi munk\\u00e1ltat\\u00f3i kiad\\u00e1s \\u00e1tv\\u00e1llal\\u00e1s\\u00e1val k\\u00f6nny\\u00edtheti meg a korm\\u00e1ny \\u2013 h\\u00edvta fel a figyelmet Bod\\u00f3 S\\u00e1ndor, az Innov\\u00e1ci\\u00f3s \\u00e9s Technol\\u00f3giai Miniszt\\u00e9rium foglalkoztat\\u00e1spolitik\\u00e1\\u00e9rt felel\\u0151s \\u00e1llamtitk\\u00e1ra a t\\u00e1rca k\\u00f6zlem\\u00e9ny\\u00e9ben. A novembert\\u0151l el\\u00e9rhet\\u0151 \\u00faj b\\u00e9rt\\u00e1mogat\\u00e1s a szakk\\u00e9pzetts\\u00e9ggel rendelkez\\u0151, 30 \\u00e9v alatti \\u00e1ll\\u00e1skeres\\u0151k foglalkoztat\\u00e1s\\u00e1ra \\u00f6szt\\u00f6n\\u00f6z. Az els\\u0151 kilencven napban a\",\"inLanguage\":\"hu-HU\",\"isPartOf\":{\"@id\":\"https:\\\/\\\/allasorias.hu\\\/hirek\\\/#website\"},\"breadcrumb\":{\"@id\":\"https:\\\/\\\/allasorias.hu\\\/hirek\\\/segitik-a-szakkepzett-fiatalokat\\\/#breadcrumblist\"},\"author\":{\"@id\":\"https:\\\/\\\/allasorias.hu\\\/hirek\\\/author\\\/admin-allasorias\\\/#author\"},\"creator\":{\"@id\":\"https:\\\/\\\/allasorias.hu\\\/hirek\\\/author\\\/admin-allasorias\\\/#author\"},\"image\":{\"@type\":\"ImageObject\",\"url\":\"https:\\\/\\\/allasorias.hu\\\/hirek\\\/wp-content\\\/uploads\\\/2021\\\/07\\\/close-up-shoot-hands-shaking-front-car.jpg\",\"@id\":\"https:\\\/\\\/allasorias.hu\\\/hirek\\\/segitik-a-szakkepzett-fiatalokat\\\/#mainImage\",\"width\":1920,\"height\":1282,\"caption\":\"Close-up shoot of the hands shaking in front of the car.\"},\"primaryImageOfPage\":{\"@id\":\"https:\\\/\\\/allasorias.hu\\\/hirek\\\/segitik-a-szakkepzett-fiatalokat\\\/#mainImage\"},\"datePublished\":\"2021-11-03T07:39:35+02:00\",\"dateModified\":\"2021-11-04T07:39:53+02:00\"},{\"@type\":\"WebSite\",\"@id\":\"https:\\\/\\\/allasorias.hu\\\/hirek\\\/#website\",\"url\":\"https:\\\/\\\/allasorias.hu\\\/hirek\\\/\",\"name\":\"AllasOrias.hu | H\\u00edrek-lapszemle\",\"description\":\"\\u00dczleti h\\u00edrek az \\u00e1ll\\u00e1s \\u00e9s a munka vil\\u00e1g\\u00e1b\\u00f3l\",\"inLanguage\":\"hu-HU\",\"publisher\":{\"@id\":\"https:\\\/\\\/allasorias.hu\\\/hirek\\\/#organization\"}}]}\n\t\t<\/script>\n\t\t<!-- All in One SEO -->\n\n","aioseo_head_json":{"title":"Seg\u00edtik a szakk\u00e9pzett fiatalokat | AllasOrias.hu | H\u00edrek-lapszemle","description":"Egy szakk\u00e9pzett fiatal munk\u00e1ba \u00e1ll\u00e1s\u00e1t \u00f6sszesen t\u00f6bb mint 1,9 milli\u00f3 forintnyi munk\u00e1ltat\u00f3i kiad\u00e1s \u00e1tv\u00e1llal\u00e1s\u00e1val k\u00f6nny\u00edtheti meg a korm\u00e1ny \u2013 h\u00edvta fel a figyelmet Bod\u00f3 S\u00e1ndor, az Innov\u00e1ci\u00f3s \u00e9s Technol\u00f3giai Miniszt\u00e9rium foglalkoztat\u00e1spolitik\u00e1\u00e9rt felel\u0151s \u00e1llamtitk\u00e1ra a t\u00e1rca k\u00f6zlem\u00e9ny\u00e9ben. A novembert\u0151l el\u00e9rhet\u0151 \u00faj b\u00e9rt\u00e1mogat\u00e1s a szakk\u00e9pzetts\u00e9ggel rendelkez\u0151, 30 \u00e9v alatti \u00e1ll\u00e1skeres\u0151k foglalkoztat\u00e1s\u00e1ra \u00f6szt\u00f6n\u00f6z. Az els\u0151 kilencven napban a","canonical_url":"https:\/\/allasorias.hu\/hirek\/segitik-a-szakkepzett-fiatalokat\/","robots":"max-image-preview:large","keywords":"","webmasterTools":{"miscellaneous":""},"schema":{"@context":"https:\/\/schema.org","@graph":[{"@type":"Article","@id":"https:\/\/allasorias.hu\/hirek\/segitik-a-szakkepzett-fiatalokat\/#article","name":"Seg\u00edtik a szakk\u00e9pzett fiatalokat | AllasOrias.hu | H\u00edrek-lapszemle","headline":"Seg\u00edtik a szakk\u00e9pzett fiatalokat","author":{"@id":"https:\/\/allasorias.hu\/hirek\/author\/admin-allasorias\/#author"},"publisher":{"@id":"https:\/\/allasorias.hu\/hirek\/#organization"},"image":{"@type":"ImageObject","url":"https:\/\/allasorias.hu\/hirek\/wp-content\/uploads\/2021\/07\/close-up-shoot-hands-shaking-front-car.jpg","width":1920,"height":1282,"caption":"Close-up shoot of the hands shaking in front of the car."},"datePublished":"2021-11-03T07:39:35+02:00","dateModified":"2021-11-04T07:39:53+02:00","inLanguage":"hu-HU","mainEntityOfPage":{"@id":"https:\/\/allasorias.hu\/hirek\/segitik-a-szakkepzett-fiatalokat\/#webpage"},"isPartOf":{"@id":"https:\/\/allasorias.hu\/hirek\/segitik-a-szakkepzett-fiatalokat\/#webpage"},"articleSection":"Munkaer\u0151piac"},{"@type":"BreadcrumbList","@id":"https:\/\/allasorias.hu\/hirek\/segitik-a-szakkepzett-fiatalokat\/#breadcrumblist","itemListElement":[{"@type":"ListItem","@id":"https:\/\/allasorias.hu\/hirek#listItem","position":1,"name":"Home","item":"https:\/\/allasorias.hu\/hirek","nextItem":{"@type":"ListItem","@id":"https:\/\/allasorias.hu\/hirek\/temak\/munkaeropiac\/#listItem","name":"Munkaer\u0151piac"}},{"@type":"ListItem","@id":"https:\/\/allasorias.hu\/hirek\/temak\/munkaeropiac\/#listItem","position":2,"name":"Munkaer\u0151piac","item":"https:\/\/allasorias.hu\/hirek\/temak\/munkaeropiac\/","nextItem":{"@type":"ListItem","@id":"https:\/\/allasorias.hu\/hirek\/segitik-a-szakkepzett-fiatalokat\/#listItem","name":"Seg\u00edtik a szakk\u00e9pzett fiatalokat"},"previousItem":{"@type":"ListItem","@id":"https:\/\/allasorias.hu\/hirek#listItem","name":"Home"}},{"@type":"ListItem","@id":"https:\/\/allasorias.hu\/hirek\/segitik-a-szakkepzett-fiatalokat\/#listItem","position":3,"name":"Seg\u00edtik a szakk\u00e9pzett fiatalokat","previousItem":{"@type":"ListItem","@id":"https:\/\/allasorias.hu\/hirek\/temak\/munkaeropiac\/#listItem","name":"Munkaer\u0151piac"}}]},{"@type":"Organization","@id":"https:\/\/allasorias.hu\/hirek\/#organization","name":"AllasOrias.hu | H\u00edrek-lapszemle","description":"\u00dczleti h\u00edrek az \u00e1ll\u00e1s \u00e9s a munka vil\u00e1g\u00e1b\u00f3l","url":"https:\/\/allasorias.hu\/hirek\/","logo":{"@type":"ImageObject","url":"https:\/\/allasorias.hu\/hirek\/wp-content\/uploads\/2022\/10\/allasorias_site_facebok_logo.png","@id":"https:\/\/allasorias.hu\/hirek\/segitik-a-szakkepzett-fiatalokat\/#organizationLogo"},"image":{"@id":"https:\/\/allasorias.hu\/hirek\/segitik-a-szakkepzett-fiatalokat\/#organizationLogo"},"sameAs":["https:\/\/www.facebook.com\/allasorias","https:\/\/www.linkedin.com\/company\/allasorias"]},{"@type":"Person","@id":"https:\/\/allasorias.hu\/hirek\/author\/admin-allasorias\/#author","url":"https:\/\/allasorias.hu\/hirek\/author\/admin-allasorias\/","name":"Juh\u00e1sz P\u00e9ter","image":{"@type":"ImageObject","@id":"https:\/\/allasorias.hu\/hirek\/segitik-a-szakkepzett-fiatalokat\/#authorImage","url":"https:\/\/secure.gravatar.com\/avatar\/36e6bcb83148978b992977cb0f54d22feb0cce8a0a849a9410532bb2623ba4c6?s=96&d=mm&r=g","width":96,"height":96,"caption":"Juh\u00e1sz P\u00e9ter"}},{"@type":"WebPage","@id":"https:\/\/allasorias.hu\/hirek\/segitik-a-szakkepzett-fiatalokat\/#webpage","url":"https:\/\/allasorias.hu\/hirek\/segitik-a-szakkepzett-fiatalokat\/","name":"Seg\u00edtik a szakk\u00e9pzett fiatalokat | AllasOrias.hu | H\u00edrek-lapszemle","description":"Egy szakk\u00e9pzett fiatal munk\u00e1ba \u00e1ll\u00e1s\u00e1t \u00f6sszesen t\u00f6bb mint 1,9 milli\u00f3 forintnyi munk\u00e1ltat\u00f3i kiad\u00e1s \u00e1tv\u00e1llal\u00e1s\u00e1val k\u00f6nny\u00edtheti meg a korm\u00e1ny \u2013 h\u00edvta fel a figyelmet Bod\u00f3 S\u00e1ndor, az Innov\u00e1ci\u00f3s \u00e9s Technol\u00f3giai Miniszt\u00e9rium foglalkoztat\u00e1spolitik\u00e1\u00e9rt felel\u0151s \u00e1llamtitk\u00e1ra a t\u00e1rca k\u00f6zlem\u00e9ny\u00e9ben. A novembert\u0151l el\u00e9rhet\u0151 \u00faj b\u00e9rt\u00e1mogat\u00e1s a szakk\u00e9pzetts\u00e9ggel rendelkez\u0151, 30 \u00e9v alatti \u00e1ll\u00e1skeres\u0151k foglalkoztat\u00e1s\u00e1ra \u00f6szt\u00f6n\u00f6z. Az els\u0151 kilencven napban a","inLanguage":"hu-HU","isPartOf":{"@id":"https:\/\/allasorias.hu\/hirek\/#website"},"breadcrumb":{"@id":"https:\/\/allasorias.hu\/hirek\/segitik-a-szakkepzett-fiatalokat\/#breadcrumblist"},"author":{"@id":"https:\/\/allasorias.hu\/hirek\/author\/admin-allasorias\/#author"},"creator":{"@id":"https:\/\/allasorias.hu\/hirek\/author\/admin-allasorias\/#author"},"image":{"@type":"ImageObject","url":"https:\/\/allasorias.hu\/hirek\/wp-content\/uploads\/2021\/07\/close-up-shoot-hands-shaking-front-car.jpg","@id":"https:\/\/allasorias.hu\/hirek\/segitik-a-szakkepzett-fiatalokat\/#mainImage","width":1920,"height":1282,"caption":"Close-up shoot of the hands shaking in front of the car."},"primaryImageOfPage":{"@id":"https:\/\/allasorias.hu\/hirek\/segitik-a-szakkepzett-fiatalokat\/#mainImage"},"datePublished":"2021-11-03T07:39:35+02:00","dateModified":"2021-11-04T07:39:53+02:00"},{"@type":"WebSite","@id":"https:\/\/allasorias.hu\/hirek\/#website","url":"https:\/\/allasorias.hu\/hirek\/","name":"AllasOrias.hu | H\u00edrek-lapszemle","description":"\u00dczleti h\u00edrek az \u00e1ll\u00e1s \u00e9s a munka vil\u00e1g\u00e1b\u00f3l","inLanguage":"hu-HU","publisher":{"@id":"https:\/\/allasorias.hu\/hirek\/#organization"}}]},"og:locale":"hu_HU","og:site_name":"AllasOrias.hu | H\u00edrek-lapszemle | \u00dczleti h\u00edrek az \u00e1ll\u00e1s \u00e9s a munka vil\u00e1g\u00e1b\u00f3l","og:type":"article","og:title":"Seg\u00edtik a szakk\u00e9pzett fiatalokat | AllasOrias.hu | H\u00edrek-lapszemle","og:description":"Egy szakk\u00e9pzett fiatal munk\u00e1ba \u00e1ll\u00e1s\u00e1t \u00f6sszesen t\u00f6bb mint 1,9 milli\u00f3 forintnyi munk\u00e1ltat\u00f3i kiad\u00e1s \u00e1tv\u00e1llal\u00e1s\u00e1val k\u00f6nny\u00edtheti meg a korm\u00e1ny \u2013 h\u00edvta fel a figyelmet Bod\u00f3 S\u00e1ndor, az Innov\u00e1ci\u00f3s \u00e9s Technol\u00f3giai Miniszt\u00e9rium foglalkoztat\u00e1spolitik\u00e1\u00e9rt felel\u0151s \u00e1llamtitk\u00e1ra a t\u00e1rca k\u00f6zlem\u00e9ny\u00e9ben. A novembert\u0151l el\u00e9rhet\u0151 \u00faj b\u00e9rt\u00e1mogat\u00e1s a szakk\u00e9pzetts\u00e9ggel rendelkez\u0151, 30 \u00e9v alatti \u00e1ll\u00e1skeres\u0151k foglalkoztat\u00e1s\u00e1ra \u00f6szt\u00f6n\u00f6z. Az els\u0151 kilencven napban a","og:url":"https:\/\/allasorias.hu\/hirek\/segitik-a-szakkepzett-fiatalokat\/","og:image":"https:\/\/allasorias.hu\/hirek\/wp-content\/uploads\/2021\/07\/close-up-shoot-hands-shaking-front-car.jpg","og:image:secure_url":"https:\/\/allasorias.hu\/hirek\/wp-content\/uploads\/2021\/07\/close-up-shoot-hands-shaking-front-car.jpg","og:image:width":1920,"og:image:height":1282,"article:published_time":"2021-11-03T07:39:35+00:00","article:modified_time":"2021-11-04T07:39:53+00:00","article:publisher":"https:\/\/www.facebook.com\/allasorias","twitter:card":"summary_large_image","twitter:title":"Seg\u00edtik a szakk\u00e9pzett fiatalokat | AllasOrias.hu | H\u00edrek-lapszemle","twitter:description":"Egy szakk\u00e9pzett fiatal munk\u00e1ba \u00e1ll\u00e1s\u00e1t \u00f6sszesen t\u00f6bb mint 1,9 milli\u00f3 forintnyi munk\u00e1ltat\u00f3i kiad\u00e1s \u00e1tv\u00e1llal\u00e1s\u00e1val k\u00f6nny\u00edtheti meg a korm\u00e1ny \u2013 h\u00edvta fel a figyelmet Bod\u00f3 S\u00e1ndor, az Innov\u00e1ci\u00f3s \u00e9s Technol\u00f3giai Miniszt\u00e9rium foglalkoztat\u00e1spolitik\u00e1\u00e9rt felel\u0151s \u00e1llamtitk\u00e1ra a t\u00e1rca k\u00f6zlem\u00e9ny\u00e9ben. A novembert\u0151l el\u00e9rhet\u0151 \u00faj b\u00e9rt\u00e1mogat\u00e1s a szakk\u00e9pzetts\u00e9ggel rendelkez\u0151, 30 \u00e9v alatti \u00e1ll\u00e1skeres\u0151k foglalkoztat\u00e1s\u00e1ra \u00f6szt\u00f6n\u00f6z. Az els\u0151 kilencven napban a","twitter:image":"https:\/\/allasorias.hu\/hirek\/wp-content\/uploads\/2021\/07\/close-up-shoot-hands-shaking-front-car.jpg","twitter:label1":"Written by","twitter:data1":"Juh\u00e1sz P\u00e9ter","twitter:label2":"Est. reading time","twitter:data2":"3 minutes"},"aioseo_meta_data":{"post_id":"5163","title":null,"description":null,"keywords":[],"keyphrases":{"focus":[],"additional":[]},"primary_term":null,"canonical_url":null,"og_title":null,"og_description":null,"og_object_type":"default","og_image_type":"default","og_image_url":null,"og_image_width":null,"og_image_height":null,"og_image_custom_url":null,"og_image_custom_fields":null,"og_video":"","og_custom_url":null,"og_article_section":null,"og_article_tags":[],"twitter_use_og":false,"twitter_card":"default","twitter_image_type":"default","twitter_image_url":null,"twitter_image_custom_url":null,"twitter_image_custom_fields":null,"twitter_title":null,"twitter_description":null,"schema":{"blockGraphs":[],"customGraphs":[],"default":{"data":{"Article":[],"Course":[],"Dataset":[],"FAQPage":[],"Movie":[],"Person":[],"Product":[],"ProductReview":[],"Car":[],"Recipe":[],"Service":[],"SoftwareApplication":[],"WebPage":[]},"graphName":"","isEnabled":true},"graphs":[],"defaultGraph":"Article","defaultPostTypeGraph":""},"schema_type":"default","schema_type_options":"{\"article\":{\"articleType\":\"BlogPosting\"},\"course\":{\"name\":\"\",\"description\":\"\",\"provider\":\"\"},\"faq\":{\"pages\":[]},\"product\":{\"reviews\":[]},\"recipe\":{\"ingredients\":[],\"instructions\":[],\"keywords\":[]},\"software\":{\"reviews\":[],\"operatingSystems\":[]},\"webPage\":{\"webPageType\":\"WebPage\"}}","pillar_content":false,"robots_default":true,"robots_noindex":false,"robots_noarchive":false,"robots_nosnippet":false,"robots_nofollow":false,"robots_noimageindex":false,"robots_noodp":false,"robots_notranslate":false,"robots_max_snippet":"-1","robots_max_videopreview":"-1","robots_max_imagepreview":"large","priority":null,"frequency":"default","location":null,"local_seo":{"locations":{"business":{"name":"","businessType":"","image":"","areaServed":"","urls":{"website":"","aboutPage":"","contactPage":""},"address":{"streetLine1":"","streetLine2":"","zipCode":"","city":"","state":"","country":"","addressFormat":"#streetLineOne\n#streetLineTwo\n#city, #state #zipCode"},"contact":{"email":"","phone":"","phoneFormatted":"","fax":"","faxFormatted":""},"ids":{"vat":"","tax":"","chamberOfCommerce":""},"payment":{"priceRange":"","currenciesAccepted":"","methods":""}}},"openingHours":{"useDefaults":true,"show":true,"alwaysOpen":false,"use24hFormat":false,"timezone":"","labels":{"closed":"","alwaysOpen":""},"days":{"monday":{"open24h":false,"closed":false,"openTime":"09:00","closeTime":"17:00"},"tuesday":{"open24h":false,"closed":false,"openTime":"09:00","closeTime":"17:00"},"wednesday":{"open24h":false,"closed":false,"openTime":"09:00","closeTime":"17:00"},"thursday":{"open24h":false,"closed":false,"openTime":"09:00","closeTime":"17:00"},"friday":{"open24h":false,"closed":false,"openTime":"09:00","closeTime":"17:00"},"saturday":{"open24h":false,"closed":false,"openTime":"09:00","closeTime":"17:00"},"sunday":{"open24h":false,"closed":false,"openTime":"09:00","closeTime":"17:00"}}}},"breadcrumb_settings":null,"limit_modified_date":false,"ai":null,"created":"2021-11-04 07:38:13","updated":"2025-10-02 16:24:40","seo_analyzer_scan_date":null,"focus_keyword":null,"additional_keywords":null,"truseo_locale":null},"aioseo_breadcrumb":"<div class=\"aioseo-breadcrumbs\"><span class=\"aioseo-breadcrumb\">\n\t\t\t<a href=\"https:\/\/allasorias.hu\/hirek\" title=\"Home\">Home<\/a>\n\t\t<\/span><span class=\"aioseo-breadcrumb-separator\">&raquo;<\/span><span class=\"aioseo-breadcrumb\">\n\t\t\t<a href=\"https:\/\/allasorias.hu\/hirek\/temak\/munkaeropiac\/\" title=\"Munkaer\u0151piac\">Munkaer\u0151piac<\/a>\n\t\t<\/span><span class=\"aioseo-breadcrumb-separator\">&raquo;<\/span><span class=\"aioseo-breadcrumb\">\n\t\t\tSeg\u00edtik a szakk\u00e9pzett fiatalokat\n\t\t<\/span><\/div>","aioseo_breadcrumb_json":[{"label":"Home","link":"https:\/\/allasorias.hu\/hirek"},{"label":"Munkaer\u0151piac","link":"https:\/\/allasorias.hu\/hirek\/temak\/munkaeropiac\/"},{"label":"Seg\u00edtik a szakk\u00e9pzett fiatalokat","link":"https:\/\/allasorias.hu\/hirek\/segitik-a-szakkepzett-fiatalokat\/"}],"_links":{"self":[{"href":"https:\/\/allasorias.hu\/hirek\/wp-json\/wp\/v2\/posts\/5163","targetHints":{"allow":["GET"]}}],"collection":[{"href":"https:\/\/allasorias.hu\/hirek\/wp-json\/wp\/v2\/posts"}],"about":[{"href":"https:\/\/allasorias.hu\/hirek\/wp-json\/wp\/v2\/types\/post"}],"author":[{"embeddable":true,"href":"https:\/\/allasorias.hu\/hirek\/wp-json\/wp\/v2\/users\/1"}],"replies":[{"embeddable":true,"href":"https:\/\/allasorias.hu\/hirek\/wp-json\/wp\/v2\/comments?post=5163"}],"version-history":[{"count":2,"href":"https:\/\/allasorias.hu\/hirek\/wp-json\/wp\/v2\/posts\/5163\/revisions"}],"predecessor-version":[{"id":5165,"href":"https:\/\/allasorias.hu\/hirek\/wp-json\/wp\/v2\/posts\/5163\/revisions\/5165"}],"wp:featuredmedia":[{"embeddable":true,"href":"https:\/\/allasorias.hu\/hirek\/wp-json\/wp\/v2\/media\/4904"}],"wp:attachment":[{"href":"https:\/\/allasorias.hu\/hirek\/wp-json\/wp\/v2\/media?parent=5163"}],"wp:term":[{"taxonomy":"category","embeddable":true,"href":"https:\/\/allasorias.hu\/hirek\/wp-json\/wp\/v2\/categories?post=5163"},{"taxonomy":"post_tag","embeddable":true,"href":"https:\/\/allasorias.hu\/hirek\/wp-json\/wp\/v2\/tags?post=5163"}],"curies":[{"name":"wp","href":"https:\/\/api.w.org\/{rel}","templated":true}]}}