{"id":5135,"date":"2021-10-20T06:56:06","date_gmt":"2021-10-20T06:56:06","guid":{"rendered":"https:\/\/allasorias.hu\/hirek\/?p=5135"},"modified":"2021-10-20T06:56:06","modified_gmt":"2021-10-20T06:56:06","slug":"valtoztak-a-munkavallalok-elvarasai","status":"publish","type":"post","link":"https:\/\/allasorias.hu\/hirek\/valtoztak-a-munkavallalok-elvarasai\/","title":{"rendered":"V\u00e1ltoztak a munkav\u00e1llal\u00f3k elv\u00e1r\u00e1sai"},"content":{"rendered":"<p><strong>A magyar v\u00e1llalatok negyede 20 sz\u00e1zal\u00e9kn\u00e1l is magasabb elv\u00e1ndorl\u00e1st tapasztalt \u00e9vente, ami a n\u00e9gy \u00e9vvel ezel\u0151tti magyar, valamint az idei glob\u00e1lis eredm\u00e9nyekhez k\u00e9pest is n\u00f6veked\u00e9st jelent. A magyar szolg\u00e1ltat\u00f3 k\u00f6zpontok (SSC) sz\u00e1m\u00e1ra a legnagyobb kih\u00edv\u00e1s a munkaer\u0151h\u00f6z kapcsol\u00f3dik: a magyarorsz\u00e1gi SSC-k vezet\u0151inek fele tart a bizonytalan munkaer\u0151piaci helyzett\u0151l \u00e9s a magas fluktu\u00e1ci\u00f3t\u00f3l, 42 sz\u00e1zal\u00e9kuk pedig az egyre n\u00f6vekv\u0151 munkav\u00e1llal\u00f3i elv\u00e1r\u00e1sokt\u00f3l &#8211; der\u00fcl ki a PwC tan\u00e1csad\u00f3 c\u00e9g kutat\u00e1s\u00e1b\u00f3l.<\/strong><\/p>\n<p>A PwC megvizsg\u00e1lta a magyar SSC-k m\u0171k\u00f6d\u00e9s\u00e9t, mivel Magyarorsz\u00e1g nagyon n\u00e9pszer\u0171 a szolg\u00e1ltat\u00f3 k\u00f6zpontok k\u00f6r\u00e9ben. Tavaly p\u00e9ld\u00e1ul m\u00e1r 64 ezer embert foglalkoztatott az \u00e1gazat mintegy 131 v\u00e1llalatn\u00e1l, amely jelent\u0151s n\u00f6veked\u00e9s a 2016-os sz\u00e1mokhoz k\u00e9pest. A felm\u00e9r\u00e9s eredm\u00e9nyei szerint a szolg\u00e1ltat\u00f3 k\u00f6zpontok sz\u00e1m\u00e1ra a legnagyobb kih\u00edv\u00e1s a munkaer\u0151h\u00f6z kapcsol\u00f3dik: A magyar eredm\u00e9nyek a fluktu\u00e1ci\u00f3 kapcs\u00e1n \u00e9rdekes dinamik\u00e1t mutattak: a megk\u00e9rdezett v\u00e1llalatok negyede 20 sz\u00e1zal\u00e9kn\u00e1l is magasabb elv\u00e1ndorl\u00e1st tapasztalt \u00e9vente, ami a n\u00e9gy \u00e9vvel ezel\u0151tti magyar, valamint az idei glob\u00e1lis eredm\u00e9nyekhez k\u00e9pest is n\u00f6veked\u00e9st jelent. A megk\u00e9rdezett v\u00e1llalatok csaknem fel\u00e9n\u00e9l jelent\u0151s v\u00e1ltoz\u00e1sok t\u00f6rt\u00e9ntek a munkav\u00e1llal\u00f3k elv\u00e1r\u00e1saiban \u00e9s munkahelyi preferenci\u00e1iban. Az alapb\u00e9r \u00e9s a rugalmass\u00e1g tov\u00e1bbra is fontos t\u00e9nyez\u0151k maradtak a munkahely kiv\u00e1laszt\u00e1sakor, azonban \u00faj t\u00e9nyez\u0151k is felker\u00fcltek a list\u00e1ra \u2013 p\u00e9ld\u00e1ul a biztons\u00e1g, val\u00f3sz\u00edn\u0171s\u00edthet\u0151en a vil\u00e1gj\u00e1rv\u00e1ny hat\u00e1s\u00e1ra \u2013 mondta Selmeci P\u00e9ter, a PwC Magyarorsz\u00e1g strat\u00e9giai \u00e9s m\u0171k\u00f6d\u00e9si tan\u00e1csad\u00e1si szolg\u00e1ltat\u00e1s\u00e1nak igazgat\u00f3ja. A munkaer\u0151vel kapcsolatos kih\u00edv\u00e1sokat azonban nem kiz\u00e1r\u00f3lag a munkav\u00e1llal\u00f3i el\u00e9gedetts\u00e9g n\u00f6vel\u00e9s\u00e9vel lehet megoldani. A PwC szak\u00e9rt\u0151je hozz\u00e1tette: \u201eFelm\u00e9r\u00e9s\u00fcnk alapj\u00e1n az SSC-k egyre ink\u00e1bb a folyamatok sztenderdiz\u00e1l\u00e1s\u00e1ra \u00e9s digitaliz\u00e1l\u00e1s\u00e1ra \u00f6sszpontos\u00edtanak. Ezek \u00f6nmagukban nem tudj\u00e1k megoldani a munkaer\u0151piaci kih\u00edv\u00e1sokat, de cs\u00f6kkenthetik az emberier\u0151forr\u00e1s-sz\u00fcks\u00e9gletet \u00e9s seg\u00edthetnek az izgalmasabb feladatokat el\u0151t\u00e9rbe helyezni &#8211; ez pedig hozz\u00e1j\u00e1rulhat a munkaer\u0151 megtart\u00e1s\u00e1hoz.\u201d A digitaliz\u00e1ci\u00f3s t\u00f6rekv\u00e9seket a home office t\u00e9rnyer\u00e9s\u00e9vel a j\u00e1rv\u00e1ny is feler\u0151s\u00edtette. A pand\u00e9mia hat\u00e1sa szoros kapcsolatban \u00e1llt a szolg\u00e1ltat\u00f3 k\u00f6zpontok ipar\u00e1g\u00e1val, \u00edgy jelent\u0151s elt\u00e9r\u00e9seket mutat: a v\u00e1laszad\u00f3k mintegy negyed\u00e9n\u00e9l nem okozott jelent\u0151s v\u00e1ltoz\u00e1st a v\u00edrushelyzet, 8 sz\u00e1zal\u00e9kuk pedig m\u00e9g a feladatk\u00f6r b\u0151v\u00edt\u00e9s\u00e9t is tervezte, \u00f6sszhangban a glob\u00e1lis szolg\u00e1ltat\u00e1sok ny\u00fajt\u00e1s\u00e1ra val\u00f3 t\u00f6rekv\u00e9ssel. \u201eA j\u00e1rv\u00e1nyhelyzet megmutatta, hogy a t\u00e1vmunka nem felt\u00e9tlen\u00fcl h\u00e1tr\u00e1ltatja vagy lass\u00edtja a m\u0171k\u00f6d\u00e9st, \u00edgy val\u00f3sz\u00edn\u0171, hogy a v\u00e1llalatok t\u00f6bb tev\u00e9kenys\u00e9get fognak \u00e1thelyezni megl\u00e9v\u0151 k\u00f6zpontjaikba a k\u00f6zelj\u00f6v\u0151ben. Erre Magyarorsz\u00e1gon minden lehet\u0151s\u00e9g adott, a toborz\u00e1s kiterjedhet a vid\u00e9ki v\u00e1rosokra is\u201d &#8211; tette hozz\u00e1 Selmeci.<\/p>\n<p>Forr\u00e1s: napi.hu<\/p>\n","protected":false},"excerpt":{"rendered":"<p>A magyar v\u00e1llalatok negyede 20 sz\u00e1zal\u00e9kn\u00e1l is magasabb elv\u00e1ndorl\u00e1st tapasztalt \u00e9vente, ami a n\u00e9gy \u00e9vvel ezel\u0151tti magyar, valamint az idei glob\u00e1lis eredm\u00e9nyekhez k\u00e9pest is n\u00f6veked\u00e9st jelent. A magyar szolg\u00e1ltat\u00f3 k\u00f6zpontok (SSC) sz\u00e1m\u00e1ra a legnagyobb kih\u00edv\u00e1s a munkaer\u0151h\u00f6z kapcsol\u00f3dik: a magyarorsz\u00e1gi SSC-k vezet\u0151inek fele tart a bizonytalan munkaer\u0151piaci helyzett\u0151l \u00e9s a magas fluktu\u00e1ci\u00f3t\u00f3l, 42 sz\u00e1zal\u00e9kuk pedig [&hellip;]<\/p>\n","protected":false},"author":1,"featured_media":2809,"comment_status":"open","ping_status":"open","sticky":false,"template":"","format":"standard","meta":{"_monsterinsights_skip_tracking":false,"footnotes":""},"categories":[200],"tags":[],"class_list":["post-5135","post","type-post","status-publish","format-standard","has-post-thumbnail","hentry","category-munkaeropiac"],"aioseo_notices":[],"aioseo_head":"\n\t\t<!-- All in One SEO 5.0.0.1 - aioseo.com -->\n\t<meta name=\"description\" content=\"A magyar v\u00e1llalatok negyede 20 sz\u00e1zal\u00e9kn\u00e1l is magasabb elv\u00e1ndorl\u00e1st tapasztalt \u00e9vente, ami a n\u00e9gy \u00e9vvel ezel\u0151tti magyar, valamint az idei glob\u00e1lis eredm\u00e9nyekhez k\u00e9pest is n\u00f6veked\u00e9st jelent. A magyar szolg\u00e1ltat\u00f3 k\u00f6zpontok (SSC) sz\u00e1m\u00e1ra a legnagyobb kih\u00edv\u00e1s a munkaer\u0151h\u00f6z kapcsol\u00f3dik: a magyarorsz\u00e1gi SSC-k vezet\u0151inek fele tart a bizonytalan munkaer\u0151piaci helyzett\u0151l \u00e9s a magas fluktu\u00e1ci\u00f3t\u00f3l, 42 sz\u00e1zal\u00e9kuk pedig\" \/>\n\t<meta name=\"robots\" content=\"max-image-preview:large\" \/>\n\t<meta name=\"author\" content=\"Juh\u00e1sz P\u00e9ter\"\/>\n\t<link rel=\"canonical\" href=\"https:\/\/allasorias.hu\/hirek\/valtoztak-a-munkavallalok-elvarasai\/\" \/>\n\t<meta name=\"generator\" content=\"All in One SEO (AIOSEO) 5.0.0.1\" \/>\n\t\t<meta property=\"og:locale\" content=\"hu_HU\" \/>\n\t\t<meta property=\"og:site_name\" content=\"AllasOrias.hu | H\u00edrek-lapszemle | \u00dczleti h\u00edrek az \u00e1ll\u00e1s \u00e9s a munka vil\u00e1g\u00e1b\u00f3l\" \/>\n\t\t<meta property=\"og:type\" content=\"article\" \/>\n\t\t<meta property=\"og:title\" content=\"V\u00e1ltoztak a munkav\u00e1llal\u00f3k elv\u00e1r\u00e1sai | AllasOrias.hu | H\u00edrek-lapszemle\" \/>\n\t\t<meta property=\"og:description\" content=\"A magyar v\u00e1llalatok negyede 20 sz\u00e1zal\u00e9kn\u00e1l is magasabb elv\u00e1ndorl\u00e1st tapasztalt \u00e9vente, ami a n\u00e9gy \u00e9vvel ezel\u0151tti magyar, valamint az idei glob\u00e1lis eredm\u00e9nyekhez k\u00e9pest is n\u00f6veked\u00e9st jelent. A magyar szolg\u00e1ltat\u00f3 k\u00f6zpontok (SSC) sz\u00e1m\u00e1ra a legnagyobb kih\u00edv\u00e1s a munkaer\u0151h\u00f6z kapcsol\u00f3dik: a magyarorsz\u00e1gi SSC-k vezet\u0151inek fele tart a bizonytalan munkaer\u0151piaci helyzett\u0151l \u00e9s a magas fluktu\u00e1ci\u00f3t\u00f3l, 42 sz\u00e1zal\u00e9kuk pedig\" \/>\n\t\t<meta property=\"og:url\" content=\"https:\/\/allasorias.hu\/hirek\/valtoztak-a-munkavallalok-elvarasai\/\" \/>\n\t\t<meta property=\"og:image\" content=\"https:\/\/allasorias.hu\/hirek\/wp-content\/uploads\/2019\/04\/laptop-2561221_640.jpg\" \/>\n\t\t<meta property=\"og:image:secure_url\" content=\"https:\/\/allasorias.hu\/hirek\/wp-content\/uploads\/2019\/04\/laptop-2561221_640.jpg\" \/>\n\t\t<meta property=\"og:image:width\" content=\"640\" \/>\n\t\t<meta property=\"og:image:height\" content=\"480\" \/>\n\t\t<meta property=\"article:published_time\" content=\"2021-10-20T06:56:06+00:00\" \/>\n\t\t<meta property=\"article:modified_time\" content=\"2021-10-20T06:56:06+00:00\" \/>\n\t\t<meta property=\"article:publisher\" content=\"https:\/\/www.facebook.com\/allasorias\" \/>\n\t\t<meta name=\"twitter:card\" content=\"summary_large_image\" \/>\n\t\t<meta name=\"twitter:title\" content=\"V\u00e1ltoztak a munkav\u00e1llal\u00f3k elv\u00e1r\u00e1sai | AllasOrias.hu | H\u00edrek-lapszemle\" \/>\n\t\t<meta name=\"twitter:description\" content=\"A magyar v\u00e1llalatok negyede 20 sz\u00e1zal\u00e9kn\u00e1l is magasabb elv\u00e1ndorl\u00e1st tapasztalt \u00e9vente, ami a n\u00e9gy \u00e9vvel ezel\u0151tti magyar, valamint az idei glob\u00e1lis eredm\u00e9nyekhez k\u00e9pest is n\u00f6veked\u00e9st jelent. A magyar szolg\u00e1ltat\u00f3 k\u00f6zpontok (SSC) sz\u00e1m\u00e1ra a legnagyobb kih\u00edv\u00e1s a munkaer\u0151h\u00f6z kapcsol\u00f3dik: a magyarorsz\u00e1gi SSC-k vezet\u0151inek fele tart a bizonytalan munkaer\u0151piaci helyzett\u0151l \u00e9s a magas fluktu\u00e1ci\u00f3t\u00f3l, 42 sz\u00e1zal\u00e9kuk pedig\" \/>\n\t\t<meta name=\"twitter:image\" content=\"https:\/\/allasorias.hu\/hirek\/wp-content\/uploads\/2019\/04\/laptop-2561221_640.jpg\" \/>\n\t\t<meta name=\"twitter:label1\" content=\"Written by\" \/>\n\t\t<meta name=\"twitter:data1\" content=\"Juh\u00e1sz P\u00e9ter\" \/>\n\t\t<meta name=\"twitter:label2\" content=\"Est. reading time\" \/>\n\t\t<meta name=\"twitter:data2\" content=\"3 minutes\" \/>\n\t\t<script type=\"application\/ld+json\" class=\"aioseo-schema\">\n\t\t\t{\"@context\":\"https:\\\/\\\/schema.org\",\"@graph\":[{\"@type\":\"Article\",\"@id\":\"https:\\\/\\\/allasorias.hu\\\/hirek\\\/valtoztak-a-munkavallalok-elvarasai\\\/#article\",\"name\":\"V\\u00e1ltoztak a munkav\\u00e1llal\\u00f3k elv\\u00e1r\\u00e1sai | AllasOrias.hu | H\\u00edrek-lapszemle\",\"headline\":\"V\\u00e1ltoztak a munkav\\u00e1llal\\u00f3k elv\\u00e1r\\u00e1sai\",\"author\":{\"@id\":\"https:\\\/\\\/allasorias.hu\\\/hirek\\\/author\\\/admin-allasorias\\\/#author\"},\"publisher\":{\"@id\":\"https:\\\/\\\/allasorias.hu\\\/hirek\\\/#organization\"},\"image\":{\"@type\":\"ImageObject\",\"url\":\"https:\\\/\\\/allasorias.hu\\\/hirek\\\/wp-content\\\/uploads\\\/2019\\\/04\\\/laptop-2561221_640.jpg\",\"width\":640,\"height\":480},\"datePublished\":\"2021-10-20T06:56:06+02:00\",\"dateModified\":\"2021-10-20T06:56:06+02:00\",\"inLanguage\":\"hu-HU\",\"mainEntityOfPage\":{\"@id\":\"https:\\\/\\\/allasorias.hu\\\/hirek\\\/valtoztak-a-munkavallalok-elvarasai\\\/#webpage\"},\"isPartOf\":{\"@id\":\"https:\\\/\\\/allasorias.hu\\\/hirek\\\/valtoztak-a-munkavallalok-elvarasai\\\/#webpage\"},\"articleSection\":\"Munkaer\\u0151piac\"},{\"@type\":\"BreadcrumbList\",\"@id\":\"https:\\\/\\\/allasorias.hu\\\/hirek\\\/valtoztak-a-munkavallalok-elvarasai\\\/#breadcrumblist\",\"itemListElement\":[{\"@type\":\"ListItem\",\"@id\":\"https:\\\/\\\/allasorias.hu\\\/hirek#listItem\",\"position\":1,\"name\":\"Home\",\"item\":\"https:\\\/\\\/allasorias.hu\\\/hirek\",\"nextItem\":{\"@type\":\"ListItem\",\"@id\":\"https:\\\/\\\/allasorias.hu\\\/hirek\\\/temak\\\/munkaeropiac\\\/#listItem\",\"name\":\"Munkaer\\u0151piac\"}},{\"@type\":\"ListItem\",\"@id\":\"https:\\\/\\\/allasorias.hu\\\/hirek\\\/temak\\\/munkaeropiac\\\/#listItem\",\"position\":2,\"name\":\"Munkaer\\u0151piac\",\"item\":\"https:\\\/\\\/allasorias.hu\\\/hirek\\\/temak\\\/munkaeropiac\\\/\",\"nextItem\":{\"@type\":\"ListItem\",\"@id\":\"https:\\\/\\\/allasorias.hu\\\/hirek\\\/valtoztak-a-munkavallalok-elvarasai\\\/#listItem\",\"name\":\"V\\u00e1ltoztak a munkav\\u00e1llal\\u00f3k elv\\u00e1r\\u00e1sai\"},\"previousItem\":{\"@type\":\"ListItem\",\"@id\":\"https:\\\/\\\/allasorias.hu\\\/hirek#listItem\",\"name\":\"Home\"}},{\"@type\":\"ListItem\",\"@id\":\"https:\\\/\\\/allasorias.hu\\\/hirek\\\/valtoztak-a-munkavallalok-elvarasai\\\/#listItem\",\"position\":3,\"name\":\"V\\u00e1ltoztak a munkav\\u00e1llal\\u00f3k elv\\u00e1r\\u00e1sai\",\"previousItem\":{\"@type\":\"ListItem\",\"@id\":\"https:\\\/\\\/allasorias.hu\\\/hirek\\\/temak\\\/munkaeropiac\\\/#listItem\",\"name\":\"Munkaer\\u0151piac\"}}]},{\"@type\":\"Organization\",\"@id\":\"https:\\\/\\\/allasorias.hu\\\/hirek\\\/#organization\",\"name\":\"AllasOrias.hu | H\\u00edrek-lapszemle\",\"description\":\"\\u00dczleti h\\u00edrek az \\u00e1ll\\u00e1s \\u00e9s a munka vil\\u00e1g\\u00e1b\\u00f3l\",\"url\":\"https:\\\/\\\/allasorias.hu\\\/hirek\\\/\",\"logo\":{\"@type\":\"ImageObject\",\"url\":\"https:\\\/\\\/allasorias.hu\\\/hirek\\\/wp-content\\\/uploads\\\/2022\\\/10\\\/allasorias_site_facebok_logo.png\",\"@id\":\"https:\\\/\\\/allasorias.hu\\\/hirek\\\/valtoztak-a-munkavallalok-elvarasai\\\/#organizationLogo\"},\"image\":{\"@id\":\"https:\\\/\\\/allasorias.hu\\\/hirek\\\/valtoztak-a-munkavallalok-elvarasai\\\/#organizationLogo\"},\"sameAs\":[\"https:\\\/\\\/www.facebook.com\\\/allasorias\",\"https:\\\/\\\/www.linkedin.com\\\/company\\\/allasorias\"]},{\"@type\":\"Person\",\"@id\":\"https:\\\/\\\/allasorias.hu\\\/hirek\\\/author\\\/admin-allasorias\\\/#author\",\"url\":\"https:\\\/\\\/allasorias.hu\\\/hirek\\\/author\\\/admin-allasorias\\\/\",\"name\":\"Juh\\u00e1sz P\\u00e9ter\",\"image\":{\"@type\":\"ImageObject\",\"@id\":\"https:\\\/\\\/allasorias.hu\\\/hirek\\\/valtoztak-a-munkavallalok-elvarasai\\\/#authorImage\",\"url\":\"https:\\\/\\\/secure.gravatar.com\\\/avatar\\\/36e6bcb83148978b992977cb0f54d22feb0cce8a0a849a9410532bb2623ba4c6?s=96&d=mm&r=g\",\"width\":96,\"height\":96,\"caption\":\"Juh\\u00e1sz P\\u00e9ter\"}},{\"@type\":\"WebPage\",\"@id\":\"https:\\\/\\\/allasorias.hu\\\/hirek\\\/valtoztak-a-munkavallalok-elvarasai\\\/#webpage\",\"url\":\"https:\\\/\\\/allasorias.hu\\\/hirek\\\/valtoztak-a-munkavallalok-elvarasai\\\/\",\"name\":\"V\\u00e1ltoztak a munkav\\u00e1llal\\u00f3k elv\\u00e1r\\u00e1sai | AllasOrias.hu | H\\u00edrek-lapszemle\",\"description\":\"A magyar v\\u00e1llalatok negyede 20 sz\\u00e1zal\\u00e9kn\\u00e1l is magasabb elv\\u00e1ndorl\\u00e1st tapasztalt \\u00e9vente, ami a n\\u00e9gy \\u00e9vvel ezel\\u0151tti magyar, valamint az idei glob\\u00e1lis eredm\\u00e9nyekhez k\\u00e9pest is n\\u00f6veked\\u00e9st jelent. A magyar szolg\\u00e1ltat\\u00f3 k\\u00f6zpontok (SSC) sz\\u00e1m\\u00e1ra a legnagyobb kih\\u00edv\\u00e1s a munkaer\\u0151h\\u00f6z kapcsol\\u00f3dik: a magyarorsz\\u00e1gi SSC-k vezet\\u0151inek fele tart a bizonytalan munkaer\\u0151piaci helyzett\\u0151l \\u00e9s a magas fluktu\\u00e1ci\\u00f3t\\u00f3l, 42 sz\\u00e1zal\\u00e9kuk pedig\",\"inLanguage\":\"hu-HU\",\"isPartOf\":{\"@id\":\"https:\\\/\\\/allasorias.hu\\\/hirek\\\/#website\"},\"breadcrumb\":{\"@id\":\"https:\\\/\\\/allasorias.hu\\\/hirek\\\/valtoztak-a-munkavallalok-elvarasai\\\/#breadcrumblist\"},\"author\":{\"@id\":\"https:\\\/\\\/allasorias.hu\\\/hirek\\\/author\\\/admin-allasorias\\\/#author\"},\"creator\":{\"@id\":\"https:\\\/\\\/allasorias.hu\\\/hirek\\\/author\\\/admin-allasorias\\\/#author\"},\"image\":{\"@type\":\"ImageObject\",\"url\":\"https:\\\/\\\/allasorias.hu\\\/hirek\\\/wp-content\\\/uploads\\\/2019\\\/04\\\/laptop-2561221_640.jpg\",\"@id\":\"https:\\\/\\\/allasorias.hu\\\/hirek\\\/valtoztak-a-munkavallalok-elvarasai\\\/#mainImage\",\"width\":640,\"height\":480},\"primaryImageOfPage\":{\"@id\":\"https:\\\/\\\/allasorias.hu\\\/hirek\\\/valtoztak-a-munkavallalok-elvarasai\\\/#mainImage\"},\"datePublished\":\"2021-10-20T06:56:06+02:00\",\"dateModified\":\"2021-10-20T06:56:06+02:00\"},{\"@type\":\"WebSite\",\"@id\":\"https:\\\/\\\/allasorias.hu\\\/hirek\\\/#website\",\"url\":\"https:\\\/\\\/allasorias.hu\\\/hirek\\\/\",\"name\":\"AllasOrias.hu | H\\u00edrek-lapszemle\",\"description\":\"\\u00dczleti h\\u00edrek az \\u00e1ll\\u00e1s \\u00e9s a munka vil\\u00e1g\\u00e1b\\u00f3l\",\"inLanguage\":\"hu-HU\",\"publisher\":{\"@id\":\"https:\\\/\\\/allasorias.hu\\\/hirek\\\/#organization\"}}]}\n\t\t<\/script>\n\t\t<!-- All in One SEO -->\n\n","aioseo_head_json":{"title":"V\u00e1ltoztak a munkav\u00e1llal\u00f3k elv\u00e1r\u00e1sai | AllasOrias.hu | H\u00edrek-lapszemle","description":"A magyar v\u00e1llalatok negyede 20 sz\u00e1zal\u00e9kn\u00e1l is magasabb elv\u00e1ndorl\u00e1st tapasztalt \u00e9vente, ami a n\u00e9gy \u00e9vvel ezel\u0151tti magyar, valamint az idei glob\u00e1lis eredm\u00e9nyekhez k\u00e9pest is n\u00f6veked\u00e9st jelent. A magyar szolg\u00e1ltat\u00f3 k\u00f6zpontok (SSC) sz\u00e1m\u00e1ra a legnagyobb kih\u00edv\u00e1s a munkaer\u0151h\u00f6z kapcsol\u00f3dik: a magyarorsz\u00e1gi SSC-k vezet\u0151inek fele tart a bizonytalan munkaer\u0151piaci helyzett\u0151l \u00e9s a magas fluktu\u00e1ci\u00f3t\u00f3l, 42 sz\u00e1zal\u00e9kuk pedig","canonical_url":"https:\/\/allasorias.hu\/hirek\/valtoztak-a-munkavallalok-elvarasai\/","robots":"max-image-preview:large","keywords":"","webmasterTools":{"miscellaneous":""},"schema":{"@context":"https:\/\/schema.org","@graph":[{"@type":"Article","@id":"https:\/\/allasorias.hu\/hirek\/valtoztak-a-munkavallalok-elvarasai\/#article","name":"V\u00e1ltoztak a munkav\u00e1llal\u00f3k elv\u00e1r\u00e1sai | AllasOrias.hu | H\u00edrek-lapszemle","headline":"V\u00e1ltoztak a munkav\u00e1llal\u00f3k elv\u00e1r\u00e1sai","author":{"@id":"https:\/\/allasorias.hu\/hirek\/author\/admin-allasorias\/#author"},"publisher":{"@id":"https:\/\/allasorias.hu\/hirek\/#organization"},"image":{"@type":"ImageObject","url":"https:\/\/allasorias.hu\/hirek\/wp-content\/uploads\/2019\/04\/laptop-2561221_640.jpg","width":640,"height":480},"datePublished":"2021-10-20T06:56:06+02:00","dateModified":"2021-10-20T06:56:06+02:00","inLanguage":"hu-HU","mainEntityOfPage":{"@id":"https:\/\/allasorias.hu\/hirek\/valtoztak-a-munkavallalok-elvarasai\/#webpage"},"isPartOf":{"@id":"https:\/\/allasorias.hu\/hirek\/valtoztak-a-munkavallalok-elvarasai\/#webpage"},"articleSection":"Munkaer\u0151piac"},{"@type":"BreadcrumbList","@id":"https:\/\/allasorias.hu\/hirek\/valtoztak-a-munkavallalok-elvarasai\/#breadcrumblist","itemListElement":[{"@type":"ListItem","@id":"https:\/\/allasorias.hu\/hirek#listItem","position":1,"name":"Home","item":"https:\/\/allasorias.hu\/hirek","nextItem":{"@type":"ListItem","@id":"https:\/\/allasorias.hu\/hirek\/temak\/munkaeropiac\/#listItem","name":"Munkaer\u0151piac"}},{"@type":"ListItem","@id":"https:\/\/allasorias.hu\/hirek\/temak\/munkaeropiac\/#listItem","position":2,"name":"Munkaer\u0151piac","item":"https:\/\/allasorias.hu\/hirek\/temak\/munkaeropiac\/","nextItem":{"@type":"ListItem","@id":"https:\/\/allasorias.hu\/hirek\/valtoztak-a-munkavallalok-elvarasai\/#listItem","name":"V\u00e1ltoztak a munkav\u00e1llal\u00f3k elv\u00e1r\u00e1sai"},"previousItem":{"@type":"ListItem","@id":"https:\/\/allasorias.hu\/hirek#listItem","name":"Home"}},{"@type":"ListItem","@id":"https:\/\/allasorias.hu\/hirek\/valtoztak-a-munkavallalok-elvarasai\/#listItem","position":3,"name":"V\u00e1ltoztak a munkav\u00e1llal\u00f3k elv\u00e1r\u00e1sai","previousItem":{"@type":"ListItem","@id":"https:\/\/allasorias.hu\/hirek\/temak\/munkaeropiac\/#listItem","name":"Munkaer\u0151piac"}}]},{"@type":"Organization","@id":"https:\/\/allasorias.hu\/hirek\/#organization","name":"AllasOrias.hu | H\u00edrek-lapszemle","description":"\u00dczleti h\u00edrek az \u00e1ll\u00e1s \u00e9s a munka vil\u00e1g\u00e1b\u00f3l","url":"https:\/\/allasorias.hu\/hirek\/","logo":{"@type":"ImageObject","url":"https:\/\/allasorias.hu\/hirek\/wp-content\/uploads\/2022\/10\/allasorias_site_facebok_logo.png","@id":"https:\/\/allasorias.hu\/hirek\/valtoztak-a-munkavallalok-elvarasai\/#organizationLogo"},"image":{"@id":"https:\/\/allasorias.hu\/hirek\/valtoztak-a-munkavallalok-elvarasai\/#organizationLogo"},"sameAs":["https:\/\/www.facebook.com\/allasorias","https:\/\/www.linkedin.com\/company\/allasorias"]},{"@type":"Person","@id":"https:\/\/allasorias.hu\/hirek\/author\/admin-allasorias\/#author","url":"https:\/\/allasorias.hu\/hirek\/author\/admin-allasorias\/","name":"Juh\u00e1sz P\u00e9ter","image":{"@type":"ImageObject","@id":"https:\/\/allasorias.hu\/hirek\/valtoztak-a-munkavallalok-elvarasai\/#authorImage","url":"https:\/\/secure.gravatar.com\/avatar\/36e6bcb83148978b992977cb0f54d22feb0cce8a0a849a9410532bb2623ba4c6?s=96&d=mm&r=g","width":96,"height":96,"caption":"Juh\u00e1sz P\u00e9ter"}},{"@type":"WebPage","@id":"https:\/\/allasorias.hu\/hirek\/valtoztak-a-munkavallalok-elvarasai\/#webpage","url":"https:\/\/allasorias.hu\/hirek\/valtoztak-a-munkavallalok-elvarasai\/","name":"V\u00e1ltoztak a munkav\u00e1llal\u00f3k elv\u00e1r\u00e1sai | AllasOrias.hu | H\u00edrek-lapszemle","description":"A magyar v\u00e1llalatok negyede 20 sz\u00e1zal\u00e9kn\u00e1l is magasabb elv\u00e1ndorl\u00e1st tapasztalt \u00e9vente, ami a n\u00e9gy \u00e9vvel ezel\u0151tti magyar, valamint az idei glob\u00e1lis eredm\u00e9nyekhez k\u00e9pest is n\u00f6veked\u00e9st jelent. A magyar szolg\u00e1ltat\u00f3 k\u00f6zpontok (SSC) sz\u00e1m\u00e1ra a legnagyobb kih\u00edv\u00e1s a munkaer\u0151h\u00f6z kapcsol\u00f3dik: a magyarorsz\u00e1gi SSC-k vezet\u0151inek fele tart a bizonytalan munkaer\u0151piaci helyzett\u0151l \u00e9s a magas fluktu\u00e1ci\u00f3t\u00f3l, 42 sz\u00e1zal\u00e9kuk pedig","inLanguage":"hu-HU","isPartOf":{"@id":"https:\/\/allasorias.hu\/hirek\/#website"},"breadcrumb":{"@id":"https:\/\/allasorias.hu\/hirek\/valtoztak-a-munkavallalok-elvarasai\/#breadcrumblist"},"author":{"@id":"https:\/\/allasorias.hu\/hirek\/author\/admin-allasorias\/#author"},"creator":{"@id":"https:\/\/allasorias.hu\/hirek\/author\/admin-allasorias\/#author"},"image":{"@type":"ImageObject","url":"https:\/\/allasorias.hu\/hirek\/wp-content\/uploads\/2019\/04\/laptop-2561221_640.jpg","@id":"https:\/\/allasorias.hu\/hirek\/valtoztak-a-munkavallalok-elvarasai\/#mainImage","width":640,"height":480},"primaryImageOfPage":{"@id":"https:\/\/allasorias.hu\/hirek\/valtoztak-a-munkavallalok-elvarasai\/#mainImage"},"datePublished":"2021-10-20T06:56:06+02:00","dateModified":"2021-10-20T06:56:06+02:00"},{"@type":"WebSite","@id":"https:\/\/allasorias.hu\/hirek\/#website","url":"https:\/\/allasorias.hu\/hirek\/","name":"AllasOrias.hu | H\u00edrek-lapszemle","description":"\u00dczleti h\u00edrek az \u00e1ll\u00e1s \u00e9s a munka vil\u00e1g\u00e1b\u00f3l","inLanguage":"hu-HU","publisher":{"@id":"https:\/\/allasorias.hu\/hirek\/#organization"}}]},"og:locale":"hu_HU","og:site_name":"AllasOrias.hu | H\u00edrek-lapszemle | \u00dczleti h\u00edrek az \u00e1ll\u00e1s \u00e9s a munka vil\u00e1g\u00e1b\u00f3l","og:type":"article","og:title":"V\u00e1ltoztak a munkav\u00e1llal\u00f3k elv\u00e1r\u00e1sai | AllasOrias.hu | H\u00edrek-lapszemle","og:description":"A magyar v\u00e1llalatok negyede 20 sz\u00e1zal\u00e9kn\u00e1l is magasabb elv\u00e1ndorl\u00e1st tapasztalt \u00e9vente, ami a n\u00e9gy \u00e9vvel ezel\u0151tti magyar, valamint az idei glob\u00e1lis eredm\u00e9nyekhez k\u00e9pest is n\u00f6veked\u00e9st jelent. A magyar szolg\u00e1ltat\u00f3 k\u00f6zpontok (SSC) sz\u00e1m\u00e1ra a legnagyobb kih\u00edv\u00e1s a munkaer\u0151h\u00f6z kapcsol\u00f3dik: a magyarorsz\u00e1gi SSC-k vezet\u0151inek fele tart a bizonytalan munkaer\u0151piaci helyzett\u0151l \u00e9s a magas fluktu\u00e1ci\u00f3t\u00f3l, 42 sz\u00e1zal\u00e9kuk pedig","og:url":"https:\/\/allasorias.hu\/hirek\/valtoztak-a-munkavallalok-elvarasai\/","og:image":"https:\/\/allasorias.hu\/hirek\/wp-content\/uploads\/2019\/04\/laptop-2561221_640.jpg","og:image:secure_url":"https:\/\/allasorias.hu\/hirek\/wp-content\/uploads\/2019\/04\/laptop-2561221_640.jpg","og:image:width":640,"og:image:height":480,"article:published_time":"2021-10-20T06:56:06+00:00","article:modified_time":"2021-10-20T06:56:06+00:00","article:publisher":"https:\/\/www.facebook.com\/allasorias","twitter:card":"summary_large_image","twitter:title":"V\u00e1ltoztak a munkav\u00e1llal\u00f3k elv\u00e1r\u00e1sai | AllasOrias.hu | H\u00edrek-lapszemle","twitter:description":"A magyar v\u00e1llalatok negyede 20 sz\u00e1zal\u00e9kn\u00e1l is magasabb elv\u00e1ndorl\u00e1st tapasztalt \u00e9vente, ami a n\u00e9gy \u00e9vvel ezel\u0151tti magyar, valamint az idei glob\u00e1lis eredm\u00e9nyekhez k\u00e9pest is n\u00f6veked\u00e9st jelent. A magyar szolg\u00e1ltat\u00f3 k\u00f6zpontok (SSC) sz\u00e1m\u00e1ra a legnagyobb kih\u00edv\u00e1s a munkaer\u0151h\u00f6z kapcsol\u00f3dik: a magyarorsz\u00e1gi SSC-k vezet\u0151inek fele tart a bizonytalan munkaer\u0151piaci helyzett\u0151l \u00e9s a magas fluktu\u00e1ci\u00f3t\u00f3l, 42 sz\u00e1zal\u00e9kuk pedig","twitter:image":"https:\/\/allasorias.hu\/hirek\/wp-content\/uploads\/2019\/04\/laptop-2561221_640.jpg","twitter:label1":"Written by","twitter:data1":"Juh\u00e1sz P\u00e9ter","twitter:label2":"Est. reading time","twitter:data2":"3 minutes"},"aioseo_meta_data":{"post_id":"5135","title":null,"description":null,"keywords":[],"keyphrases":{"focus":[],"additional":[]},"primary_term":null,"canonical_url":null,"og_title":null,"og_description":null,"og_object_type":"default","og_image_type":"default","og_image_url":null,"og_image_width":null,"og_image_height":null,"og_image_custom_url":null,"og_image_custom_fields":null,"og_video":"","og_custom_url":null,"og_article_section":null,"og_article_tags":[],"twitter_use_og":false,"twitter_card":"default","twitter_image_type":"default","twitter_image_url":null,"twitter_image_custom_url":null,"twitter_image_custom_fields":null,"twitter_title":null,"twitter_description":null,"schema":{"blockGraphs":[],"customGraphs":[],"default":{"data":{"Article":[],"Course":[],"Dataset":[],"FAQPage":[],"Movie":[],"Person":[],"Product":[],"ProductReview":[],"Car":[],"Recipe":[],"Service":[],"SoftwareApplication":[],"WebPage":[]},"graphName":"","isEnabled":true},"graphs":[],"defaultGraph":"Article","defaultPostTypeGraph":""},"schema_type":"default","schema_type_options":"{\"article\":{\"articleType\":\"BlogPosting\"},\"course\":{\"name\":\"\",\"description\":\"\",\"provider\":\"\"},\"faq\":{\"pages\":[]},\"product\":{\"reviews\":[]},\"recipe\":{\"ingredients\":[],\"instructions\":[],\"keywords\":[]},\"software\":{\"reviews\":[],\"operatingSystems\":[]},\"webPage\":{\"webPageType\":\"WebPage\"}}","pillar_content":false,"robots_default":true,"robots_noindex":false,"robots_noarchive":false,"robots_nosnippet":false,"robots_nofollow":false,"robots_noimageindex":false,"robots_noodp":false,"robots_notranslate":false,"robots_max_snippet":"-1","robots_max_videopreview":"-1","robots_max_imagepreview":"large","priority":null,"frequency":"default","location":null,"local_seo":{"locations":{"business":{"name":"","businessType":"","image":"","areaServed":"","urls":{"website":"","aboutPage":"","contactPage":""},"address":{"streetLine1":"","streetLine2":"","zipCode":"","city":"","state":"","country":"","addressFormat":"#streetLineOne\n#streetLineTwo\n#city, #state #zipCode"},"contact":{"email":"","phone":"","phoneFormatted":"","fax":"","faxFormatted":""},"ids":{"vat":"","tax":"","chamberOfCommerce":""},"payment":{"priceRange":"","currenciesAccepted":"","methods":""}}},"openingHours":{"useDefaults":true,"show":true,"alwaysOpen":false,"use24hFormat":false,"timezone":"","labels":{"closed":"","alwaysOpen":""},"days":{"monday":{"open24h":false,"closed":false,"openTime":"09:00","closeTime":"17:00"},"tuesday":{"open24h":false,"closed":false,"openTime":"09:00","closeTime":"17:00"},"wednesday":{"open24h":false,"closed":false,"openTime":"09:00","closeTime":"17:00"},"thursday":{"open24h":false,"closed":false,"openTime":"09:00","closeTime":"17:00"},"friday":{"open24h":false,"closed":false,"openTime":"09:00","closeTime":"17:00"},"saturday":{"open24h":false,"closed":false,"openTime":"09:00","closeTime":"17:00"},"sunday":{"open24h":false,"closed":false,"openTime":"09:00","closeTime":"17:00"}}}},"breadcrumb_settings":null,"limit_modified_date":false,"ai":null,"created":"2021-10-20 06:54:14","updated":"2025-10-02 16:18:41","seo_analyzer_scan_date":null,"focus_keyword":null,"additional_keywords":null,"truseo_locale":null},"aioseo_breadcrumb":"<div class=\"aioseo-breadcrumbs\"><span class=\"aioseo-breadcrumb\">\n\t\t\t<a href=\"https:\/\/allasorias.hu\/hirek\" title=\"Home\">Home<\/a>\n\t\t<\/span><span class=\"aioseo-breadcrumb-separator\">&raquo;<\/span><span class=\"aioseo-breadcrumb\">\n\t\t\t<a href=\"https:\/\/allasorias.hu\/hirek\/temak\/munkaeropiac\/\" title=\"Munkaer\u0151piac\">Munkaer\u0151piac<\/a>\n\t\t<\/span><span class=\"aioseo-breadcrumb-separator\">&raquo;<\/span><span class=\"aioseo-breadcrumb\">\n\t\t\tV\u00e1ltoztak a munkav\u00e1llal\u00f3k elv\u00e1r\u00e1sai\n\t\t<\/span><\/div>","aioseo_breadcrumb_json":[{"label":"Home","link":"https:\/\/allasorias.hu\/hirek"},{"label":"Munkaer\u0151piac","link":"https:\/\/allasorias.hu\/hirek\/temak\/munkaeropiac\/"},{"label":"V\u00e1ltoztak a munkav\u00e1llal\u00f3k elv\u00e1r\u00e1sai","link":"https:\/\/allasorias.hu\/hirek\/valtoztak-a-munkavallalok-elvarasai\/"}],"_links":{"self":[{"href":"https:\/\/allasorias.hu\/hirek\/wp-json\/wp\/v2\/posts\/5135","targetHints":{"allow":["GET"]}}],"collection":[{"href":"https:\/\/allasorias.hu\/hirek\/wp-json\/wp\/v2\/posts"}],"about":[{"href":"https:\/\/allasorias.hu\/hirek\/wp-json\/wp\/v2\/types\/post"}],"author":[{"embeddable":true,"href":"https:\/\/allasorias.hu\/hirek\/wp-json\/wp\/v2\/users\/1"}],"replies":[{"embeddable":true,"href":"https:\/\/allasorias.hu\/hirek\/wp-json\/wp\/v2\/comments?post=5135"}],"version-history":[{"count":1,"href":"https:\/\/allasorias.hu\/hirek\/wp-json\/wp\/v2\/posts\/5135\/revisions"}],"predecessor-version":[{"id":5136,"href":"https:\/\/allasorias.hu\/hirek\/wp-json\/wp\/v2\/posts\/5135\/revisions\/5136"}],"wp:featuredmedia":[{"embeddable":true,"href":"https:\/\/allasorias.hu\/hirek\/wp-json\/wp\/v2\/media\/2809"}],"wp:attachment":[{"href":"https:\/\/allasorias.hu\/hirek\/wp-json\/wp\/v2\/media?parent=5135"}],"wp:term":[{"taxonomy":"category","embeddable":true,"href":"https:\/\/allasorias.hu\/hirek\/wp-json\/wp\/v2\/categories?post=5135"},{"taxonomy":"post_tag","embeddable":true,"href":"https:\/\/allasorias.hu\/hirek\/wp-json\/wp\/v2\/tags?post=5135"}],"curies":[{"name":"wp","href":"https:\/\/api.w.org\/{rel}","templated":true}]}}