{"id":5129,"date":"2021-10-18T07:12:08","date_gmt":"2021-10-18T07:12:08","guid":{"rendered":"https:\/\/allasorias.hu\/hirek\/?p=5129"},"modified":"2021-10-18T07:12:08","modified_gmt":"2021-10-18T07:12:08","slug":"osszegyultek-a-ledolgozatlan-orak","status":"publish","type":"post","link":"https:\/\/allasorias.hu\/hirek\/osszegyultek-a-ledolgozatlan-orak\/","title":{"rendered":"\u00d6sszegy\u0171ltek a ledolgozatlan \u00f3r\u00e1k"},"content":{"rendered":"<p><strong>Miut\u00e1n a korm\u00e1nyzat nem engedi a b\u00e9rek visszav\u00e1g\u00e1s\u00e1t, a N\u00e9pszava cikke szerint a c\u00e9gek a hat\u00e1lyos szab\u00e1lyoz\u00e1s m\u00f3dos\u00edt\u00e1s\u00e1t szeretn\u00e9k el\u00e9rni, hogy a ledolgozatlan munka\u00f3r\u00e1kat \u2013 ak\u00e1r n\u00e9mi pluszd\u00edjaz\u00e1s fej\u00e9ben \u2013 tov\u00e1bb g\u00f6rgethess\u00e9k a k\u00f6vetkez\u0151\u00a0 munkaid\u0151keretre.<\/strong><\/p>\n<p>T\u00f6bb v\u00e1llalatn\u00e1l is levont\u00e1k a dolgoz\u00f3k b\u00e9r\u00e9b\u0151l a fel nem haszn\u00e1lt munkaid\u0151keretet, azonban a korm\u00e1ny k\u00f6zbel\u00e9pett. A rabszolgat\u00f6rv\u00e9ny lehet\u0151v\u00e9 tesz olyan munkaid\u0151kereteket, amelyek a c\u00e9geknek kedveznek, \u00e1m az ell\u00e1t\u00e1si l\u00e1ncok akadoz\u00e1sa \u00e9s az alkatr\u00e9szhi\u00e1ny miatt m\u00e9g ez sem biztos\u00edt el\u00e9g rugalmass\u00e1got sz\u00e1mukra. Miut\u00e1n a korm\u00e1nyzat nem engedi a b\u00e9rek visszav\u00e1g\u00e1s\u00e1t, a N\u00e9pszava cikke szerint a c\u00e9gek a hat\u00e1lyos szab\u00e1lyoz\u00e1s m\u00f3dos\u00edt\u00e1s\u00e1t szeretn\u00e9k el\u00e9rni, hogy a ledolgozatlan munka\u00f3r\u00e1kat \u2013 ak\u00e1r n\u00e9mi pluszd\u00edjaz\u00e1s fej\u00e9ben \u2013 tov\u00e1bb g\u00f6rgethess\u00e9k a k\u00f6vetkez\u0151\u00a0 munkaid\u0151keretre. T\u00f6bb c\u00e9g Szijj\u00e1rt\u00f3 P\u00e9ter k\u00fclgazdas\u00e1gi minisztert is megkereste az \u00fcgyben. A c\u00e9gek a hat\u00e1lyos szab\u00e1lyoz\u00e1s m\u00f3dos\u00edt\u00e1s\u00e1t szeretn\u00e9k el\u00e9rni, hogy a ledolgozatlan munka\u00f3r\u00e1kat \u2013 ak\u00e1r n\u00e9mi pluszd\u00edjaz\u00e1s fej\u00e9ben \u2013 tov\u00e1bb g\u00f6rgethess\u00e9k a k\u00f6vetkez\u0151 munkaid\u0151keretre, \u00edrja a N\u00e9pszava. Voltak olyan pr\u00f3b\u00e1lkoz\u00e1sok is, hogy a dolgoz\u00f3kkal fizettess\u00e9k ki a m\u00ednusz\u00f3r\u00e1kat. Egy f\u00e9mipari \u00e9s egy m\u0171anyagipari c\u00e9gn\u00e9l, ahol szeptemberben j\u00e1rt le a munkaid\u0151keret, m\u00e1r le is vontak emiatt a dolgoz\u00f3k b\u00e9r\u00e9b\u0151l egy r\u00e9szt. A k\u00f6vetkez\u0151 4-5 h\u00f3napban is \u00edgy tettek volna, de \u00e9ppen a m\u00e1t\u00f3l elindul\u00f3 rendk\u00edv\u00fcli foglalkoztat\u00e1s-fel\u00fcgyleti c\u00e9lvizsg\u00e1lat hat\u00e1s\u00e1ra ett\u0151l visszat\u00e1ncoltak. L\u00e1szl\u00f3 Zolt\u00e1n, a Vasas Szakszervezeti Sz\u00f6vets\u00e9g a m\u00falt h\u00e9ten kongatta meg a v\u00e9szharangot. Arr\u00f3l kaptak jelz\u00e9seket, hogy a dolgoz\u00f3knak rengeteg ledolgozatlan \u00f3r\u00e1ja gy\u0171lt \u00f6ssze: van, akinek 350 is, ami k\u00e9thavi munkaid\u0151nek felel meg. Ezeket a c\u00e9gek a munkav\u00e1llal\u00f3k tartoz\u00e1sak\u00e9nt tartj\u00e1k nyilv\u00e1n, ha pedig val\u00f3ban behajtan\u00e1k rajtuk, akkor 80-100 ezer forintot, de ak\u00e1r 600 ezer forintot kellene visszafizetni\u00fck. Mindez a rabszolgat\u00f6rv\u00e9nynek nevezett 2018-as jogszab\u00e1lym\u00f3dos\u00edt\u00e1s k\u00f6vetkezm\u00e9nye. Az ugyanis lehet\u0151v\u00e9 tette, hogy a c\u00e9gek t\u00f6bb\u00e9ves munkaid\u0151keretben igaz\u00edts\u00e1k a megrendel\u00e9sekhez a dolgoz\u00f3k munkaidej\u00e9t.<\/p>\n<p>Forr\u00e1s: portfolio.hu<\/p>\n","protected":false},"excerpt":{"rendered":"<p>Miut\u00e1n a korm\u00e1nyzat nem engedi a b\u00e9rek visszav\u00e1g\u00e1s\u00e1t, a N\u00e9pszava cikke szerint a c\u00e9gek a hat\u00e1lyos szab\u00e1lyoz\u00e1s m\u00f3dos\u00edt\u00e1s\u00e1t szeretn\u00e9k el\u00e9rni, hogy a ledolgozatlan munka\u00f3r\u00e1kat \u2013 ak\u00e1r n\u00e9mi pluszd\u00edjaz\u00e1s fej\u00e9ben \u2013 tov\u00e1bb g\u00f6rgethess\u00e9k a k\u00f6vetkez\u0151\u00a0 munkaid\u0151keretre. T\u00f6bb v\u00e1llalatn\u00e1l is levont\u00e1k a dolgoz\u00f3k b\u00e9r\u00e9b\u0151l a fel nem haszn\u00e1lt munkaid\u0151keretet, azonban a korm\u00e1ny k\u00f6zbel\u00e9pett. A rabszolgat\u00f6rv\u00e9ny lehet\u0151v\u00e9 tesz [&hellip;]<\/p>\n","protected":false},"author":1,"featured_media":5130,"comment_status":"open","ping_status":"open","sticky":false,"template":"","format":"standard","meta":{"_monsterinsights_skip_tracking":false,"footnotes":""},"categories":[200],"tags":[],"class_list":["post-5129","post","type-post","status-publish","format-standard","has-post-thumbnail","hentry","category-munkaeropiac"],"aioseo_notices":[],"aioseo_head":"\n\t\t<!-- All in One SEO 5.0.0.1 - aioseo.com -->\n\t<meta name=\"description\" content=\"Miut\u00e1n a korm\u00e1nyzat nem engedi a b\u00e9rek visszav\u00e1g\u00e1s\u00e1t, a N\u00e9pszava cikke szerint a c\u00e9gek a hat\u00e1lyos szab\u00e1lyoz\u00e1s m\u00f3dos\u00edt\u00e1s\u00e1t szeretn\u00e9k el\u00e9rni, hogy a ledolgozatlan munka\u00f3r\u00e1kat \u2013 ak\u00e1r n\u00e9mi pluszd\u00edjaz\u00e1s fej\u00e9ben \u2013 tov\u00e1bb g\u00f6rgethess\u00e9k a k\u00f6vetkez\u0151 munkaid\u0151keretre. T\u00f6bb v\u00e1llalatn\u00e1l is levont\u00e1k a dolgoz\u00f3k b\u00e9r\u00e9b\u0151l a fel nem haszn\u00e1lt munkaid\u0151keretet, azonban a korm\u00e1ny k\u00f6zbel\u00e9pett. A rabszolgat\u00f6rv\u00e9ny lehet\u0151v\u00e9 tesz\" \/>\n\t<meta name=\"robots\" content=\"max-image-preview:large\" \/>\n\t<meta name=\"author\" content=\"Juh\u00e1sz P\u00e9ter\"\/>\n\t<link rel=\"canonical\" href=\"https:\/\/allasorias.hu\/hirek\/osszegyultek-a-ledolgozatlan-orak\/\" \/>\n\t<meta name=\"generator\" content=\"All in One SEO (AIOSEO) 5.0.0.1\" \/>\n\t\t<meta property=\"og:locale\" content=\"hu_HU\" \/>\n\t\t<meta property=\"og:site_name\" content=\"AllasOrias.hu | H\u00edrek-lapszemle | \u00dczleti h\u00edrek az \u00e1ll\u00e1s \u00e9s a munka vil\u00e1g\u00e1b\u00f3l\" \/>\n\t\t<meta property=\"og:type\" content=\"article\" \/>\n\t\t<meta property=\"og:title\" content=\"\u00d6sszegy\u0171ltek a ledolgozatlan \u00f3r\u00e1k | AllasOrias.hu | H\u00edrek-lapszemle\" \/>\n\t\t<meta property=\"og:description\" content=\"Miut\u00e1n a korm\u00e1nyzat nem engedi a b\u00e9rek visszav\u00e1g\u00e1s\u00e1t, a N\u00e9pszava cikke szerint a c\u00e9gek a hat\u00e1lyos szab\u00e1lyoz\u00e1s m\u00f3dos\u00edt\u00e1s\u00e1t szeretn\u00e9k el\u00e9rni, hogy a ledolgozatlan munka\u00f3r\u00e1kat \u2013 ak\u00e1r n\u00e9mi pluszd\u00edjaz\u00e1s fej\u00e9ben \u2013 tov\u00e1bb g\u00f6rgethess\u00e9k a k\u00f6vetkez\u0151 munkaid\u0151keretre. T\u00f6bb v\u00e1llalatn\u00e1l is levont\u00e1k a dolgoz\u00f3k b\u00e9r\u00e9b\u0151l a fel nem haszn\u00e1lt munkaid\u0151keretet, azonban a korm\u00e1ny k\u00f6zbel\u00e9pett. A rabszolgat\u00f6rv\u00e9ny lehet\u0151v\u00e9 tesz\" \/>\n\t\t<meta property=\"og:url\" content=\"https:\/\/allasorias.hu\/hirek\/osszegyultek-a-ledolgozatlan-orak\/\" \/>\n\t\t<meta property=\"og:image\" content=\"https:\/\/allasorias.hu\/hirek\/wp-content\/uploads\/2021\/10\/businessman-hand-holds-icon-hours-clock-with-arrow-rapid-execution-work-business-time-management-business-time-is-money-concepts.jpg\" \/>\n\t\t<meta property=\"og:image:secure_url\" content=\"https:\/\/allasorias.hu\/hirek\/wp-content\/uploads\/2021\/10\/businessman-hand-holds-icon-hours-clock-with-arrow-rapid-execution-work-business-time-management-business-time-is-money-concepts.jpg\" \/>\n\t\t<meta property=\"og:image:width\" content=\"1920\" \/>\n\t\t<meta property=\"og:image:height\" content=\"1280\" \/>\n\t\t<meta property=\"article:published_time\" content=\"2021-10-18T07:12:08+00:00\" \/>\n\t\t<meta property=\"article:modified_time\" content=\"2021-10-18T07:12:08+00:00\" \/>\n\t\t<meta property=\"article:publisher\" content=\"https:\/\/www.facebook.com\/allasorias\" \/>\n\t\t<meta name=\"twitter:card\" content=\"summary_large_image\" \/>\n\t\t<meta name=\"twitter:title\" content=\"\u00d6sszegy\u0171ltek a ledolgozatlan \u00f3r\u00e1k | AllasOrias.hu | H\u00edrek-lapszemle\" \/>\n\t\t<meta name=\"twitter:description\" content=\"Miut\u00e1n a korm\u00e1nyzat nem engedi a b\u00e9rek visszav\u00e1g\u00e1s\u00e1t, a N\u00e9pszava cikke szerint a c\u00e9gek a hat\u00e1lyos szab\u00e1lyoz\u00e1s m\u00f3dos\u00edt\u00e1s\u00e1t szeretn\u00e9k el\u00e9rni, hogy a ledolgozatlan munka\u00f3r\u00e1kat \u2013 ak\u00e1r n\u00e9mi pluszd\u00edjaz\u00e1s fej\u00e9ben \u2013 tov\u00e1bb g\u00f6rgethess\u00e9k a k\u00f6vetkez\u0151 munkaid\u0151keretre. T\u00f6bb v\u00e1llalatn\u00e1l is levont\u00e1k a dolgoz\u00f3k b\u00e9r\u00e9b\u0151l a fel nem haszn\u00e1lt munkaid\u0151keretet, azonban a korm\u00e1ny k\u00f6zbel\u00e9pett. A rabszolgat\u00f6rv\u00e9ny lehet\u0151v\u00e9 tesz\" \/>\n\t\t<meta name=\"twitter:image\" content=\"https:\/\/allasorias.hu\/hirek\/wp-content\/uploads\/2021\/10\/businessman-hand-holds-icon-hours-clock-with-arrow-rapid-execution-work-business-time-management-business-time-is-money-concepts.jpg\" \/>\n\t\t<meta name=\"twitter:label1\" content=\"Written by\" \/>\n\t\t<meta name=\"twitter:data1\" content=\"Juh\u00e1sz P\u00e9ter\" \/>\n\t\t<meta name=\"twitter:label2\" content=\"Est. reading time\" \/>\n\t\t<meta name=\"twitter:data2\" content=\"2 minutes\" \/>\n\t\t<script type=\"application\/ld+json\" class=\"aioseo-schema\">\n\t\t\t{\"@context\":\"https:\\\/\\\/schema.org\",\"@graph\":[{\"@type\":\"Article\",\"@id\":\"https:\\\/\\\/allasorias.hu\\\/hirek\\\/osszegyultek-a-ledolgozatlan-orak\\\/#article\",\"name\":\"\\u00d6sszegy\\u0171ltek a ledolgozatlan \\u00f3r\\u00e1k | AllasOrias.hu | H\\u00edrek-lapszemle\",\"headline\":\"\\u00d6sszegy\\u0171ltek a ledolgozatlan \\u00f3r\\u00e1k\",\"author\":{\"@id\":\"https:\\\/\\\/allasorias.hu\\\/hirek\\\/author\\\/admin-allasorias\\\/#author\"},\"publisher\":{\"@id\":\"https:\\\/\\\/allasorias.hu\\\/hirek\\\/#organization\"},\"image\":{\"@type\":\"ImageObject\",\"url\":\"https:\\\/\\\/allasorias.hu\\\/hirek\\\/wp-content\\\/uploads\\\/2021\\\/10\\\/businessman-hand-holds-icon-hours-clock-with-arrow-rapid-execution-work-business-time-management-business-time-is-money-concepts.jpg\",\"width\":1920,\"height\":1280,\"caption\":\"Businessman hand holds the icon of hours clock with arrow. Rapid execution of the work.Business time management and business time is money concepts.\"},\"datePublished\":\"2021-10-18T07:12:08+02:00\",\"dateModified\":\"2021-10-18T07:12:08+02:00\",\"inLanguage\":\"hu-HU\",\"mainEntityOfPage\":{\"@id\":\"https:\\\/\\\/allasorias.hu\\\/hirek\\\/osszegyultek-a-ledolgozatlan-orak\\\/#webpage\"},\"isPartOf\":{\"@id\":\"https:\\\/\\\/allasorias.hu\\\/hirek\\\/osszegyultek-a-ledolgozatlan-orak\\\/#webpage\"},\"articleSection\":\"Munkaer\\u0151piac\"},{\"@type\":\"BreadcrumbList\",\"@id\":\"https:\\\/\\\/allasorias.hu\\\/hirek\\\/osszegyultek-a-ledolgozatlan-orak\\\/#breadcrumblist\",\"itemListElement\":[{\"@type\":\"ListItem\",\"@id\":\"https:\\\/\\\/allasorias.hu\\\/hirek#listItem\",\"position\":1,\"name\":\"Home\",\"item\":\"https:\\\/\\\/allasorias.hu\\\/hirek\",\"nextItem\":{\"@type\":\"ListItem\",\"@id\":\"https:\\\/\\\/allasorias.hu\\\/hirek\\\/temak\\\/munkaeropiac\\\/#listItem\",\"name\":\"Munkaer\\u0151piac\"}},{\"@type\":\"ListItem\",\"@id\":\"https:\\\/\\\/allasorias.hu\\\/hirek\\\/temak\\\/munkaeropiac\\\/#listItem\",\"position\":2,\"name\":\"Munkaer\\u0151piac\",\"item\":\"https:\\\/\\\/allasorias.hu\\\/hirek\\\/temak\\\/munkaeropiac\\\/\",\"nextItem\":{\"@type\":\"ListItem\",\"@id\":\"https:\\\/\\\/allasorias.hu\\\/hirek\\\/osszegyultek-a-ledolgozatlan-orak\\\/#listItem\",\"name\":\"\\u00d6sszegy\\u0171ltek a ledolgozatlan \\u00f3r\\u00e1k\"},\"previousItem\":{\"@type\":\"ListItem\",\"@id\":\"https:\\\/\\\/allasorias.hu\\\/hirek#listItem\",\"name\":\"Home\"}},{\"@type\":\"ListItem\",\"@id\":\"https:\\\/\\\/allasorias.hu\\\/hirek\\\/osszegyultek-a-ledolgozatlan-orak\\\/#listItem\",\"position\":3,\"name\":\"\\u00d6sszegy\\u0171ltek a ledolgozatlan \\u00f3r\\u00e1k\",\"previousItem\":{\"@type\":\"ListItem\",\"@id\":\"https:\\\/\\\/allasorias.hu\\\/hirek\\\/temak\\\/munkaeropiac\\\/#listItem\",\"name\":\"Munkaer\\u0151piac\"}}]},{\"@type\":\"Organization\",\"@id\":\"https:\\\/\\\/allasorias.hu\\\/hirek\\\/#organization\",\"name\":\"AllasOrias.hu | H\\u00edrek-lapszemle\",\"description\":\"\\u00dczleti h\\u00edrek az \\u00e1ll\\u00e1s \\u00e9s a munka vil\\u00e1g\\u00e1b\\u00f3l\",\"url\":\"https:\\\/\\\/allasorias.hu\\\/hirek\\\/\",\"logo\":{\"@type\":\"ImageObject\",\"url\":\"https:\\\/\\\/allasorias.hu\\\/hirek\\\/wp-content\\\/uploads\\\/2022\\\/10\\\/allasorias_site_facebok_logo.png\",\"@id\":\"https:\\\/\\\/allasorias.hu\\\/hirek\\\/osszegyultek-a-ledolgozatlan-orak\\\/#organizationLogo\"},\"image\":{\"@id\":\"https:\\\/\\\/allasorias.hu\\\/hirek\\\/osszegyultek-a-ledolgozatlan-orak\\\/#organizationLogo\"},\"sameAs\":[\"https:\\\/\\\/www.facebook.com\\\/allasorias\",\"https:\\\/\\\/www.linkedin.com\\\/company\\\/allasorias\"]},{\"@type\":\"Person\",\"@id\":\"https:\\\/\\\/allasorias.hu\\\/hirek\\\/author\\\/admin-allasorias\\\/#author\",\"url\":\"https:\\\/\\\/allasorias.hu\\\/hirek\\\/author\\\/admin-allasorias\\\/\",\"name\":\"Juh\\u00e1sz P\\u00e9ter\",\"image\":{\"@type\":\"ImageObject\",\"@id\":\"https:\\\/\\\/allasorias.hu\\\/hirek\\\/osszegyultek-a-ledolgozatlan-orak\\\/#authorImage\",\"url\":\"https:\\\/\\\/secure.gravatar.com\\\/avatar\\\/36e6bcb83148978b992977cb0f54d22feb0cce8a0a849a9410532bb2623ba4c6?s=96&d=mm&r=g\",\"width\":96,\"height\":96,\"caption\":\"Juh\\u00e1sz P\\u00e9ter\"}},{\"@type\":\"WebPage\",\"@id\":\"https:\\\/\\\/allasorias.hu\\\/hirek\\\/osszegyultek-a-ledolgozatlan-orak\\\/#webpage\",\"url\":\"https:\\\/\\\/allasorias.hu\\\/hirek\\\/osszegyultek-a-ledolgozatlan-orak\\\/\",\"name\":\"\\u00d6sszegy\\u0171ltek a ledolgozatlan \\u00f3r\\u00e1k | AllasOrias.hu | H\\u00edrek-lapszemle\",\"description\":\"Miut\\u00e1n a korm\\u00e1nyzat nem engedi a b\\u00e9rek visszav\\u00e1g\\u00e1s\\u00e1t, a N\\u00e9pszava cikke szerint a c\\u00e9gek a hat\\u00e1lyos szab\\u00e1lyoz\\u00e1s m\\u00f3dos\\u00edt\\u00e1s\\u00e1t szeretn\\u00e9k el\\u00e9rni, hogy a ledolgozatlan munka\\u00f3r\\u00e1kat \\u2013 ak\\u00e1r n\\u00e9mi pluszd\\u00edjaz\\u00e1s fej\\u00e9ben \\u2013 tov\\u00e1bb g\\u00f6rgethess\\u00e9k a k\\u00f6vetkez\\u0151 munkaid\\u0151keretre. T\\u00f6bb v\\u00e1llalatn\\u00e1l is levont\\u00e1k a dolgoz\\u00f3k b\\u00e9r\\u00e9b\\u0151l a fel nem haszn\\u00e1lt munkaid\\u0151keretet, azonban a korm\\u00e1ny k\\u00f6zbel\\u00e9pett. A rabszolgat\\u00f6rv\\u00e9ny lehet\\u0151v\\u00e9 tesz\",\"inLanguage\":\"hu-HU\",\"isPartOf\":{\"@id\":\"https:\\\/\\\/allasorias.hu\\\/hirek\\\/#website\"},\"breadcrumb\":{\"@id\":\"https:\\\/\\\/allasorias.hu\\\/hirek\\\/osszegyultek-a-ledolgozatlan-orak\\\/#breadcrumblist\"},\"author\":{\"@id\":\"https:\\\/\\\/allasorias.hu\\\/hirek\\\/author\\\/admin-allasorias\\\/#author\"},\"creator\":{\"@id\":\"https:\\\/\\\/allasorias.hu\\\/hirek\\\/author\\\/admin-allasorias\\\/#author\"},\"image\":{\"@type\":\"ImageObject\",\"url\":\"https:\\\/\\\/allasorias.hu\\\/hirek\\\/wp-content\\\/uploads\\\/2021\\\/10\\\/businessman-hand-holds-icon-hours-clock-with-arrow-rapid-execution-work-business-time-management-business-time-is-money-concepts.jpg\",\"@id\":\"https:\\\/\\\/allasorias.hu\\\/hirek\\\/osszegyultek-a-ledolgozatlan-orak\\\/#mainImage\",\"width\":1920,\"height\":1280,\"caption\":\"Businessman hand holds the icon of hours clock with arrow. Rapid execution of the work.Business time management and business time is money concepts.\"},\"primaryImageOfPage\":{\"@id\":\"https:\\\/\\\/allasorias.hu\\\/hirek\\\/osszegyultek-a-ledolgozatlan-orak\\\/#mainImage\"},\"datePublished\":\"2021-10-18T07:12:08+02:00\",\"dateModified\":\"2021-10-18T07:12:08+02:00\"},{\"@type\":\"WebSite\",\"@id\":\"https:\\\/\\\/allasorias.hu\\\/hirek\\\/#website\",\"url\":\"https:\\\/\\\/allasorias.hu\\\/hirek\\\/\",\"name\":\"AllasOrias.hu | H\\u00edrek-lapszemle\",\"description\":\"\\u00dczleti h\\u00edrek az \\u00e1ll\\u00e1s \\u00e9s a munka vil\\u00e1g\\u00e1b\\u00f3l\",\"inLanguage\":\"hu-HU\",\"publisher\":{\"@id\":\"https:\\\/\\\/allasorias.hu\\\/hirek\\\/#organization\"}}]}\n\t\t<\/script>\n\t\t<!-- All in One SEO -->\n\n","aioseo_head_json":{"title":"\u00d6sszegy\u0171ltek a ledolgozatlan \u00f3r\u00e1k | AllasOrias.hu | H\u00edrek-lapszemle","description":"Miut\u00e1n a korm\u00e1nyzat nem engedi a b\u00e9rek visszav\u00e1g\u00e1s\u00e1t, a N\u00e9pszava cikke szerint a c\u00e9gek a hat\u00e1lyos szab\u00e1lyoz\u00e1s m\u00f3dos\u00edt\u00e1s\u00e1t szeretn\u00e9k el\u00e9rni, hogy a ledolgozatlan munka\u00f3r\u00e1kat \u2013 ak\u00e1r n\u00e9mi pluszd\u00edjaz\u00e1s fej\u00e9ben \u2013 tov\u00e1bb g\u00f6rgethess\u00e9k a k\u00f6vetkez\u0151 munkaid\u0151keretre. T\u00f6bb v\u00e1llalatn\u00e1l is levont\u00e1k a dolgoz\u00f3k b\u00e9r\u00e9b\u0151l a fel nem haszn\u00e1lt munkaid\u0151keretet, azonban a korm\u00e1ny k\u00f6zbel\u00e9pett. A rabszolgat\u00f6rv\u00e9ny lehet\u0151v\u00e9 tesz","canonical_url":"https:\/\/allasorias.hu\/hirek\/osszegyultek-a-ledolgozatlan-orak\/","robots":"max-image-preview:large","keywords":"","webmasterTools":{"miscellaneous":""},"schema":{"@context":"https:\/\/schema.org","@graph":[{"@type":"Article","@id":"https:\/\/allasorias.hu\/hirek\/osszegyultek-a-ledolgozatlan-orak\/#article","name":"\u00d6sszegy\u0171ltek a ledolgozatlan \u00f3r\u00e1k | AllasOrias.hu | H\u00edrek-lapszemle","headline":"\u00d6sszegy\u0171ltek a ledolgozatlan \u00f3r\u00e1k","author":{"@id":"https:\/\/allasorias.hu\/hirek\/author\/admin-allasorias\/#author"},"publisher":{"@id":"https:\/\/allasorias.hu\/hirek\/#organization"},"image":{"@type":"ImageObject","url":"https:\/\/allasorias.hu\/hirek\/wp-content\/uploads\/2021\/10\/businessman-hand-holds-icon-hours-clock-with-arrow-rapid-execution-work-business-time-management-business-time-is-money-concepts.jpg","width":1920,"height":1280,"caption":"Businessman hand holds the icon of hours clock with arrow. Rapid execution of the work.Business time management and business time is money concepts."},"datePublished":"2021-10-18T07:12:08+02:00","dateModified":"2021-10-18T07:12:08+02:00","inLanguage":"hu-HU","mainEntityOfPage":{"@id":"https:\/\/allasorias.hu\/hirek\/osszegyultek-a-ledolgozatlan-orak\/#webpage"},"isPartOf":{"@id":"https:\/\/allasorias.hu\/hirek\/osszegyultek-a-ledolgozatlan-orak\/#webpage"},"articleSection":"Munkaer\u0151piac"},{"@type":"BreadcrumbList","@id":"https:\/\/allasorias.hu\/hirek\/osszegyultek-a-ledolgozatlan-orak\/#breadcrumblist","itemListElement":[{"@type":"ListItem","@id":"https:\/\/allasorias.hu\/hirek#listItem","position":1,"name":"Home","item":"https:\/\/allasorias.hu\/hirek","nextItem":{"@type":"ListItem","@id":"https:\/\/allasorias.hu\/hirek\/temak\/munkaeropiac\/#listItem","name":"Munkaer\u0151piac"}},{"@type":"ListItem","@id":"https:\/\/allasorias.hu\/hirek\/temak\/munkaeropiac\/#listItem","position":2,"name":"Munkaer\u0151piac","item":"https:\/\/allasorias.hu\/hirek\/temak\/munkaeropiac\/","nextItem":{"@type":"ListItem","@id":"https:\/\/allasorias.hu\/hirek\/osszegyultek-a-ledolgozatlan-orak\/#listItem","name":"\u00d6sszegy\u0171ltek a ledolgozatlan \u00f3r\u00e1k"},"previousItem":{"@type":"ListItem","@id":"https:\/\/allasorias.hu\/hirek#listItem","name":"Home"}},{"@type":"ListItem","@id":"https:\/\/allasorias.hu\/hirek\/osszegyultek-a-ledolgozatlan-orak\/#listItem","position":3,"name":"\u00d6sszegy\u0171ltek a ledolgozatlan \u00f3r\u00e1k","previousItem":{"@type":"ListItem","@id":"https:\/\/allasorias.hu\/hirek\/temak\/munkaeropiac\/#listItem","name":"Munkaer\u0151piac"}}]},{"@type":"Organization","@id":"https:\/\/allasorias.hu\/hirek\/#organization","name":"AllasOrias.hu | H\u00edrek-lapszemle","description":"\u00dczleti h\u00edrek az \u00e1ll\u00e1s \u00e9s a munka vil\u00e1g\u00e1b\u00f3l","url":"https:\/\/allasorias.hu\/hirek\/","logo":{"@type":"ImageObject","url":"https:\/\/allasorias.hu\/hirek\/wp-content\/uploads\/2022\/10\/allasorias_site_facebok_logo.png","@id":"https:\/\/allasorias.hu\/hirek\/osszegyultek-a-ledolgozatlan-orak\/#organizationLogo"},"image":{"@id":"https:\/\/allasorias.hu\/hirek\/osszegyultek-a-ledolgozatlan-orak\/#organizationLogo"},"sameAs":["https:\/\/www.facebook.com\/allasorias","https:\/\/www.linkedin.com\/company\/allasorias"]},{"@type":"Person","@id":"https:\/\/allasorias.hu\/hirek\/author\/admin-allasorias\/#author","url":"https:\/\/allasorias.hu\/hirek\/author\/admin-allasorias\/","name":"Juh\u00e1sz P\u00e9ter","image":{"@type":"ImageObject","@id":"https:\/\/allasorias.hu\/hirek\/osszegyultek-a-ledolgozatlan-orak\/#authorImage","url":"https:\/\/secure.gravatar.com\/avatar\/36e6bcb83148978b992977cb0f54d22feb0cce8a0a849a9410532bb2623ba4c6?s=96&d=mm&r=g","width":96,"height":96,"caption":"Juh\u00e1sz P\u00e9ter"}},{"@type":"WebPage","@id":"https:\/\/allasorias.hu\/hirek\/osszegyultek-a-ledolgozatlan-orak\/#webpage","url":"https:\/\/allasorias.hu\/hirek\/osszegyultek-a-ledolgozatlan-orak\/","name":"\u00d6sszegy\u0171ltek a ledolgozatlan \u00f3r\u00e1k | AllasOrias.hu | H\u00edrek-lapszemle","description":"Miut\u00e1n a korm\u00e1nyzat nem engedi a b\u00e9rek visszav\u00e1g\u00e1s\u00e1t, a N\u00e9pszava cikke szerint a c\u00e9gek a hat\u00e1lyos szab\u00e1lyoz\u00e1s m\u00f3dos\u00edt\u00e1s\u00e1t szeretn\u00e9k el\u00e9rni, hogy a ledolgozatlan munka\u00f3r\u00e1kat \u2013 ak\u00e1r n\u00e9mi pluszd\u00edjaz\u00e1s fej\u00e9ben \u2013 tov\u00e1bb g\u00f6rgethess\u00e9k a k\u00f6vetkez\u0151 munkaid\u0151keretre. T\u00f6bb v\u00e1llalatn\u00e1l is levont\u00e1k a dolgoz\u00f3k b\u00e9r\u00e9b\u0151l a fel nem haszn\u00e1lt munkaid\u0151keretet, azonban a korm\u00e1ny k\u00f6zbel\u00e9pett. A rabszolgat\u00f6rv\u00e9ny lehet\u0151v\u00e9 tesz","inLanguage":"hu-HU","isPartOf":{"@id":"https:\/\/allasorias.hu\/hirek\/#website"},"breadcrumb":{"@id":"https:\/\/allasorias.hu\/hirek\/osszegyultek-a-ledolgozatlan-orak\/#breadcrumblist"},"author":{"@id":"https:\/\/allasorias.hu\/hirek\/author\/admin-allasorias\/#author"},"creator":{"@id":"https:\/\/allasorias.hu\/hirek\/author\/admin-allasorias\/#author"},"image":{"@type":"ImageObject","url":"https:\/\/allasorias.hu\/hirek\/wp-content\/uploads\/2021\/10\/businessman-hand-holds-icon-hours-clock-with-arrow-rapid-execution-work-business-time-management-business-time-is-money-concepts.jpg","@id":"https:\/\/allasorias.hu\/hirek\/osszegyultek-a-ledolgozatlan-orak\/#mainImage","width":1920,"height":1280,"caption":"Businessman hand holds the icon of hours clock with arrow. Rapid execution of the work.Business time management and business time is money concepts."},"primaryImageOfPage":{"@id":"https:\/\/allasorias.hu\/hirek\/osszegyultek-a-ledolgozatlan-orak\/#mainImage"},"datePublished":"2021-10-18T07:12:08+02:00","dateModified":"2021-10-18T07:12:08+02:00"},{"@type":"WebSite","@id":"https:\/\/allasorias.hu\/hirek\/#website","url":"https:\/\/allasorias.hu\/hirek\/","name":"AllasOrias.hu | H\u00edrek-lapszemle","description":"\u00dczleti h\u00edrek az \u00e1ll\u00e1s \u00e9s a munka vil\u00e1g\u00e1b\u00f3l","inLanguage":"hu-HU","publisher":{"@id":"https:\/\/allasorias.hu\/hirek\/#organization"}}]},"og:locale":"hu_HU","og:site_name":"AllasOrias.hu | H\u00edrek-lapszemle | \u00dczleti h\u00edrek az \u00e1ll\u00e1s \u00e9s a munka vil\u00e1g\u00e1b\u00f3l","og:type":"article","og:title":"\u00d6sszegy\u0171ltek a ledolgozatlan \u00f3r\u00e1k | AllasOrias.hu | H\u00edrek-lapszemle","og:description":"Miut\u00e1n a korm\u00e1nyzat nem engedi a b\u00e9rek visszav\u00e1g\u00e1s\u00e1t, a N\u00e9pszava cikke szerint a c\u00e9gek a hat\u00e1lyos szab\u00e1lyoz\u00e1s m\u00f3dos\u00edt\u00e1s\u00e1t szeretn\u00e9k el\u00e9rni, hogy a ledolgozatlan munka\u00f3r\u00e1kat \u2013 ak\u00e1r n\u00e9mi pluszd\u00edjaz\u00e1s fej\u00e9ben \u2013 tov\u00e1bb g\u00f6rgethess\u00e9k a k\u00f6vetkez\u0151 munkaid\u0151keretre. T\u00f6bb v\u00e1llalatn\u00e1l is levont\u00e1k a dolgoz\u00f3k b\u00e9r\u00e9b\u0151l a fel nem haszn\u00e1lt munkaid\u0151keretet, azonban a korm\u00e1ny k\u00f6zbel\u00e9pett. A rabszolgat\u00f6rv\u00e9ny lehet\u0151v\u00e9 tesz","og:url":"https:\/\/allasorias.hu\/hirek\/osszegyultek-a-ledolgozatlan-orak\/","og:image":"https:\/\/allasorias.hu\/hirek\/wp-content\/uploads\/2021\/10\/businessman-hand-holds-icon-hours-clock-with-arrow-rapid-execution-work-business-time-management-business-time-is-money-concepts.jpg","og:image:secure_url":"https:\/\/allasorias.hu\/hirek\/wp-content\/uploads\/2021\/10\/businessman-hand-holds-icon-hours-clock-with-arrow-rapid-execution-work-business-time-management-business-time-is-money-concepts.jpg","og:image:width":1920,"og:image:height":1280,"article:published_time":"2021-10-18T07:12:08+00:00","article:modified_time":"2021-10-18T07:12:08+00:00","article:publisher":"https:\/\/www.facebook.com\/allasorias","twitter:card":"summary_large_image","twitter:title":"\u00d6sszegy\u0171ltek a ledolgozatlan \u00f3r\u00e1k | AllasOrias.hu | H\u00edrek-lapszemle","twitter:description":"Miut\u00e1n a korm\u00e1nyzat nem engedi a b\u00e9rek visszav\u00e1g\u00e1s\u00e1t, a N\u00e9pszava cikke szerint a c\u00e9gek a hat\u00e1lyos szab\u00e1lyoz\u00e1s m\u00f3dos\u00edt\u00e1s\u00e1t szeretn\u00e9k el\u00e9rni, hogy a ledolgozatlan munka\u00f3r\u00e1kat \u2013 ak\u00e1r n\u00e9mi pluszd\u00edjaz\u00e1s fej\u00e9ben \u2013 tov\u00e1bb g\u00f6rgethess\u00e9k a k\u00f6vetkez\u0151 munkaid\u0151keretre. T\u00f6bb v\u00e1llalatn\u00e1l is levont\u00e1k a dolgoz\u00f3k b\u00e9r\u00e9b\u0151l a fel nem haszn\u00e1lt munkaid\u0151keretet, azonban a korm\u00e1ny k\u00f6zbel\u00e9pett. A rabszolgat\u00f6rv\u00e9ny lehet\u0151v\u00e9 tesz","twitter:image":"https:\/\/allasorias.hu\/hirek\/wp-content\/uploads\/2021\/10\/businessman-hand-holds-icon-hours-clock-with-arrow-rapid-execution-work-business-time-management-business-time-is-money-concepts.jpg","twitter:label1":"Written by","twitter:data1":"Juh\u00e1sz P\u00e9ter","twitter:label2":"Est. reading time","twitter:data2":"2 minutes"},"aioseo_meta_data":{"post_id":"5129","title":null,"description":null,"keywords":[],"keyphrases":{"focus":[],"additional":[]},"primary_term":null,"canonical_url":null,"og_title":null,"og_description":null,"og_object_type":"default","og_image_type":"default","og_image_url":null,"og_image_width":null,"og_image_height":null,"og_image_custom_url":null,"og_image_custom_fields":null,"og_video":"","og_custom_url":null,"og_article_section":null,"og_article_tags":[],"twitter_use_og":false,"twitter_card":"default","twitter_image_type":"default","twitter_image_url":null,"twitter_image_custom_url":null,"twitter_image_custom_fields":null,"twitter_title":null,"twitter_description":null,"schema":{"blockGraphs":[],"customGraphs":[],"default":{"data":{"Article":[],"Course":[],"Dataset":[],"FAQPage":[],"Movie":[],"Person":[],"Product":[],"ProductReview":[],"Car":[],"Recipe":[],"Service":[],"SoftwareApplication":[],"WebPage":[]},"graphName":"","isEnabled":true},"graphs":[],"defaultGraph":"Article","defaultPostTypeGraph":""},"schema_type":"default","schema_type_options":"{\"article\":{\"articleType\":\"BlogPosting\"},\"course\":{\"name\":\"\",\"description\":\"\",\"provider\":\"\"},\"faq\":{\"pages\":[]},\"product\":{\"reviews\":[]},\"recipe\":{\"ingredients\":[],\"instructions\":[],\"keywords\":[]},\"software\":{\"reviews\":[],\"operatingSystems\":[]},\"webPage\":{\"webPageType\":\"WebPage\"}}","pillar_content":false,"robots_default":true,"robots_noindex":false,"robots_noarchive":false,"robots_nosnippet":false,"robots_nofollow":false,"robots_noimageindex":false,"robots_noodp":false,"robots_notranslate":false,"robots_max_snippet":"-1","robots_max_videopreview":"-1","robots_max_imagepreview":"large","priority":null,"frequency":"default","location":null,"local_seo":{"locations":{"business":{"name":"","businessType":"","image":"","areaServed":"","urls":{"website":"","aboutPage":"","contactPage":""},"address":{"streetLine1":"","streetLine2":"","zipCode":"","city":"","state":"","country":"","addressFormat":"#streetLineOne\n#streetLineTwo\n#city, #state #zipCode"},"contact":{"email":"","phone":"","phoneFormatted":"","fax":"","faxFormatted":""},"ids":{"vat":"","tax":"","chamberOfCommerce":""},"payment":{"priceRange":"","currenciesAccepted":"","methods":""}}},"openingHours":{"useDefaults":true,"show":true,"alwaysOpen":false,"use24hFormat":false,"timezone":"","labels":{"closed":"","alwaysOpen":""},"days":{"monday":{"open24h":false,"closed":false,"openTime":"09:00","closeTime":"17:00"},"tuesday":{"open24h":false,"closed":false,"openTime":"09:00","closeTime":"17:00"},"wednesday":{"open24h":false,"closed":false,"openTime":"09:00","closeTime":"17:00"},"thursday":{"open24h":false,"closed":false,"openTime":"09:00","closeTime":"17:00"},"friday":{"open24h":false,"closed":false,"openTime":"09:00","closeTime":"17:00"},"saturday":{"open24h":false,"closed":false,"openTime":"09:00","closeTime":"17:00"},"sunday":{"open24h":false,"closed":false,"openTime":"09:00","closeTime":"17:00"}}}},"breadcrumb_settings":null,"limit_modified_date":false,"ai":null,"created":"2021-10-18 07:05:34","updated":"2025-10-02 16:18:41","seo_analyzer_scan_date":null,"focus_keyword":null,"additional_keywords":null,"truseo_locale":null},"aioseo_breadcrumb":"<div class=\"aioseo-breadcrumbs\"><span class=\"aioseo-breadcrumb\">\n\t\t\t<a href=\"https:\/\/allasorias.hu\/hirek\" title=\"Home\">Home<\/a>\n\t\t<\/span><span class=\"aioseo-breadcrumb-separator\">&raquo;<\/span><span class=\"aioseo-breadcrumb\">\n\t\t\t<a href=\"https:\/\/allasorias.hu\/hirek\/temak\/munkaeropiac\/\" title=\"Munkaer\u0151piac\">Munkaer\u0151piac<\/a>\n\t\t<\/span><span class=\"aioseo-breadcrumb-separator\">&raquo;<\/span><span class=\"aioseo-breadcrumb\">\n\t\t\t\u00d6sszegy\u0171ltek a ledolgozatlan \u00f3r\u00e1k\n\t\t<\/span><\/div>","aioseo_breadcrumb_json":[{"label":"Home","link":"https:\/\/allasorias.hu\/hirek"},{"label":"Munkaer\u0151piac","link":"https:\/\/allasorias.hu\/hirek\/temak\/munkaeropiac\/"},{"label":"\u00d6sszegy\u0171ltek a ledolgozatlan \u00f3r\u00e1k","link":"https:\/\/allasorias.hu\/hirek\/osszegyultek-a-ledolgozatlan-orak\/"}],"_links":{"self":[{"href":"https:\/\/allasorias.hu\/hirek\/wp-json\/wp\/v2\/posts\/5129","targetHints":{"allow":["GET"]}}],"collection":[{"href":"https:\/\/allasorias.hu\/hirek\/wp-json\/wp\/v2\/posts"}],"about":[{"href":"https:\/\/allasorias.hu\/hirek\/wp-json\/wp\/v2\/types\/post"}],"author":[{"embeddable":true,"href":"https:\/\/allasorias.hu\/hirek\/wp-json\/wp\/v2\/users\/1"}],"replies":[{"embeddable":true,"href":"https:\/\/allasorias.hu\/hirek\/wp-json\/wp\/v2\/comments?post=5129"}],"version-history":[{"count":1,"href":"https:\/\/allasorias.hu\/hirek\/wp-json\/wp\/v2\/posts\/5129\/revisions"}],"predecessor-version":[{"id":5131,"href":"https:\/\/allasorias.hu\/hirek\/wp-json\/wp\/v2\/posts\/5129\/revisions\/5131"}],"wp:featuredmedia":[{"embeddable":true,"href":"https:\/\/allasorias.hu\/hirek\/wp-json\/wp\/v2\/media\/5130"}],"wp:attachment":[{"href":"https:\/\/allasorias.hu\/hirek\/wp-json\/wp\/v2\/media?parent=5129"}],"wp:term":[{"taxonomy":"category","embeddable":true,"href":"https:\/\/allasorias.hu\/hirek\/wp-json\/wp\/v2\/categories?post=5129"},{"taxonomy":"post_tag","embeddable":true,"href":"https:\/\/allasorias.hu\/hirek\/wp-json\/wp\/v2\/tags?post=5129"}],"curies":[{"name":"wp","href":"https:\/\/api.w.org\/{rel}","templated":true}]}}