{"id":5127,"date":"2021-10-15T06:32:17","date_gmt":"2021-10-15T06:32:17","guid":{"rendered":"https:\/\/allasorias.hu\/hirek\/?p=5127"},"modified":"2021-10-18T06:32:46","modified_gmt":"2021-10-18T06:32:46","slug":"vizsgaljak-a-cegeknel-a-munkaido-kereteket","status":"publish","type":"post","link":"https:\/\/allasorias.hu\/hirek\/vizsgaljak-a-cegeknel-a-munkaido-kereteket\/","title":{"rendered":"Vizsg\u00e1lj\u00e1k a c\u00e9gekn\u00e9l a munkaid\u0151 kereteket"},"content":{"rendered":"<p><strong>A szakszervezetek jelz\u00e9sei alapj\u00e1n t\u00f6bb c\u00e9gn\u00e9l m\u00e1r siker\u00fclt rendezni az elsz\u00e1mol\u00e1ssal kapcsolatos k\u00e9rd\u00e9seket, a munkaad\u00f3k a jogtalanul k\u00f6vetelt \u00f6sszegek visszafizet\u00e9s\u00e9r\u0151l is gondoskodtak. A razzia j\u00f6v\u0151 h\u00e9t h\u00e9tf\u0151n veszi kezdet\u00e9t. \u201eAz Innov\u00e1ci\u00f3s \u00e9s Technol\u00f3giai Miniszt\u00e9rium (ITM) jogi \u00e9rtelmez\u00e9si t\u00e1j\u00e9koztat\u00f3t tesz k\u00f6zz\u00e9 a munkaid\u0151keret jogszer\u0171 alkalmaz\u00e1sa, a munkab\u00e9r elsz\u00e1mol\u00e1sok t\u00f6rv\u00e9nyess\u00e9ge \u00e9rdek\u00e9ben\u201d \u2013 jelentette be Bod\u00f3 S\u00e1ndor.<\/strong><\/p>\n<p>Az ITM foglalkoztat\u00e1spolitik\u00e1\u00e9rt felel\u0151s \u00e1llamtitk\u00e1ra hozz\u00e1tette: a munkaid\u0151vel kapcsolatos vissza\u00e9l\u00e9sek elker\u00fcl\u00e9se \u00e9rdek\u00e9ben rendk\u00edv\u00fcli c\u00e9lvizsg\u00e1latot ind\u00edt okt\u00f3ber 18-t\u00f3l.A rugalmas magyar szab\u00e1lyoz\u00e1s lehet\u0151v\u00e9 teszi, hogy a munk\u00e1ltat\u00f3k a folyamatos munkamenet biztos\u00edt\u00e1sa \u00e9rdek\u00e9ben munkaid\u0151keretben foglalkoztass\u00e1k dolgoz\u00f3ikat. A foglalkoztat\u00e1si forma a pihen\u0151id\u0151 egyenl\u0151tlen kiad\u00e1s\u00e1val seg\u00edt megv\u00e9deni a munkahelyeket, biztos\u00edt rendszeres j\u00f6vedelmet a munkav\u00e1llal\u00f3knak \u2013 \u00edrja k\u00f6zlem\u00e9ny\u00e9ben a t\u00e1rca. Bod\u00f3 S\u00e1ndor kifejtette: \u201eA minim\u00e1lb\u00e9r-t\u00e1rgyal\u00e1sok legut\u00f3bbi fordul\u00f3ja alkalm\u00e1b\u00f3l a t\u00e9m\u00e1ban kik\u00e9rt\u00fck a szoci\u00e1lis partnerek v\u00e9lem\u00e9ny\u00e9t is. A munkav\u00e1llal\u00f3i \u00e9rdekk\u00e9pviseletek szerint nem jogalkot\u00e1sbeli probl\u00e9m\u00e1k vannak, hanem egyes v\u00e1llalatokn\u00e1l jog\u00e9rtelmez\u00e9si probl\u00e9m\u00e1k lehetnek a munkaid\u0151keret kapcs\u00e1n. A szakszervezetek jelz\u00e9sei alapj\u00e1n t\u00f6bb c\u00e9gn\u00e9l m\u00e1r siker\u00fclt rendezni az elsz\u00e1mol\u00e1ssal kapcsolatos k\u00e9rd\u00e9seket, a munkaad\u00f3k a jogtalanul k\u00f6vetelt \u00f6sszegek visszafizet\u00e9s\u00e9r\u0151l is gondoskodtak. A tov\u00e1bbi f\u00e9lre\u00e9rt\u00e9sek elker\u00fcl\u00e9s\u00e9t r\u00e9szletes jogi t\u00e1j\u00e9koztat\u00f3 k\u00f6zz\u00e9t\u00e9tel\u00e9vel, a tudatos t\u00f6rv\u00e9nytelens\u00e9gek kisz\u0171r\u00e9s\u00e9t a rendk\u00edv\u00fcli c\u00e9lvizsg\u00e1lattal seg\u00edti a korm\u00e1ny. Arra k\u00e9rj\u00fck a munkav\u00e1llal\u00f3kat, hogy ha m\u00e9gis jogs\u00e9rt\u00e9st tapasztaln\u00e1nak, ezt felt\u00e9tlen\u00fcl jelezz\u00e9k a foglalkoztat\u00e1s-fel\u00fcgyeleti hat\u00f3s\u00e1gn\u00e1l.\u201d<\/p>\n<p>&nbsp;<\/p>\n<p>Forr\u00e1s: piacesprofit.hu<\/p>\n","protected":false},"excerpt":{"rendered":"<p>A szakszervezetek jelz\u00e9sei alapj\u00e1n t\u00f6bb c\u00e9gn\u00e9l m\u00e1r siker\u00fclt rendezni az elsz\u00e1mol\u00e1ssal kapcsolatos k\u00e9rd\u00e9seket, a munkaad\u00f3k a jogtalanul k\u00f6vetelt \u00f6sszegek visszafizet\u00e9s\u00e9r\u0151l is gondoskodtak. A razzia j\u00f6v\u0151 h\u00e9t h\u00e9tf\u0151n veszi kezdet\u00e9t. \u201eAz Innov\u00e1ci\u00f3s \u00e9s Technol\u00f3giai Miniszt\u00e9rium (ITM) jogi \u00e9rtelmez\u00e9si t\u00e1j\u00e9koztat\u00f3t tesz k\u00f6zz\u00e9 a munkaid\u0151keret jogszer\u0171 alkalmaz\u00e1sa, a munkab\u00e9r elsz\u00e1mol\u00e1sok t\u00f6rv\u00e9nyess\u00e9ge \u00e9rdek\u00e9ben\u201d \u2013 jelentette be Bod\u00f3 S\u00e1ndor. Az [&hellip;]<\/p>\n","protected":false},"author":1,"featured_media":4785,"comment_status":"open","ping_status":"open","sticky":false,"template":"","format":"standard","meta":{"_monsterinsights_skip_tracking":false,"footnotes":""},"categories":[200],"tags":[],"class_list":["post-5127","post","type-post","status-publish","format-standard","has-post-thumbnail","hentry","category-munkaeropiac"],"aioseo_notices":[],"aioseo_head":"\n\t\t<!-- All in One SEO 5.0.0.1 - aioseo.com -->\n\t<meta name=\"description\" content=\"A szakszervezetek jelz\u00e9sei alapj\u00e1n t\u00f6bb c\u00e9gn\u00e9l m\u00e1r siker\u00fclt rendezni az elsz\u00e1mol\u00e1ssal kapcsolatos k\u00e9rd\u00e9seket, a munkaad\u00f3k a jogtalanul k\u00f6vetelt \u00f6sszegek visszafizet\u00e9s\u00e9r\u0151l is gondoskodtak. A razzia j\u00f6v\u0151 h\u00e9t h\u00e9tf\u0151n veszi kezdet\u00e9t. \u201eAz Innov\u00e1ci\u00f3s \u00e9s Technol\u00f3giai Miniszt\u00e9rium (ITM) jogi \u00e9rtelmez\u00e9si t\u00e1j\u00e9koztat\u00f3t tesz k\u00f6zz\u00e9 a munkaid\u0151keret jogszer\u0171 alkalmaz\u00e1sa, a munkab\u00e9r elsz\u00e1mol\u00e1sok t\u00f6rv\u00e9nyess\u00e9ge \u00e9rdek\u00e9ben\u201d \u2013 jelentette be Bod\u00f3 S\u00e1ndor. Az\" \/>\n\t<meta name=\"robots\" content=\"max-image-preview:large\" \/>\n\t<meta name=\"author\" content=\"Juh\u00e1sz P\u00e9ter\"\/>\n\t<link rel=\"canonical\" href=\"https:\/\/allasorias.hu\/hirek\/vizsgaljak-a-cegeknel-a-munkaido-kereteket\/\" \/>\n\t<meta name=\"generator\" content=\"All in One SEO (AIOSEO) 5.0.0.1\" \/>\n\t\t<meta property=\"og:locale\" content=\"hu_HU\" \/>\n\t\t<meta property=\"og:site_name\" content=\"AllasOrias.hu | H\u00edrek-lapszemle | \u00dczleti h\u00edrek az \u00e1ll\u00e1s \u00e9s a munka vil\u00e1g\u00e1b\u00f3l\" \/>\n\t\t<meta property=\"og:type\" content=\"article\" \/>\n\t\t<meta property=\"og:title\" content=\"Vizsg\u00e1lj\u00e1k a c\u00e9gekn\u00e9l a munkaid\u0151 kereteket | AllasOrias.hu | H\u00edrek-lapszemle\" \/>\n\t\t<meta property=\"og:description\" content=\"A szakszervezetek jelz\u00e9sei alapj\u00e1n t\u00f6bb c\u00e9gn\u00e9l m\u00e1r siker\u00fclt rendezni az elsz\u00e1mol\u00e1ssal kapcsolatos k\u00e9rd\u00e9seket, a munkaad\u00f3k a jogtalanul k\u00f6vetelt \u00f6sszegek visszafizet\u00e9s\u00e9r\u0151l is gondoskodtak. A razzia j\u00f6v\u0151 h\u00e9t h\u00e9tf\u0151n veszi kezdet\u00e9t. \u201eAz Innov\u00e1ci\u00f3s \u00e9s Technol\u00f3giai Miniszt\u00e9rium (ITM) jogi \u00e9rtelmez\u00e9si t\u00e1j\u00e9koztat\u00f3t tesz k\u00f6zz\u00e9 a munkaid\u0151keret jogszer\u0171 alkalmaz\u00e1sa, a munkab\u00e9r elsz\u00e1mol\u00e1sok t\u00f6rv\u00e9nyess\u00e9ge \u00e9rdek\u00e9ben\u201d \u2013 jelentette be Bod\u00f3 S\u00e1ndor. Az\" \/>\n\t\t<meta property=\"og:url\" content=\"https:\/\/allasorias.hu\/hirek\/vizsgaljak-a-cegeknel-a-munkaido-kereteket\/\" \/>\n\t\t<meta property=\"og:image\" content=\"https:\/\/allasorias.hu\/hirek\/wp-content\/uploads\/2021\/05\/close-up-businessman-pointing-finger-time-against-grey-wall.jpg\" \/>\n\t\t<meta property=\"og:image:secure_url\" content=\"https:\/\/allasorias.hu\/hirek\/wp-content\/uploads\/2021\/05\/close-up-businessman-pointing-finger-time-against-grey-wall.jpg\" \/>\n\t\t<meta property=\"og:image:width\" content=\"1920\" \/>\n\t\t<meta property=\"og:image:height\" content=\"1281\" \/>\n\t\t<meta property=\"article:published_time\" content=\"2021-10-15T06:32:17+00:00\" \/>\n\t\t<meta property=\"article:modified_time\" content=\"2021-10-18T06:32:46+00:00\" \/>\n\t\t<meta property=\"article:publisher\" content=\"https:\/\/www.facebook.com\/allasorias\" \/>\n\t\t<meta name=\"twitter:card\" content=\"summary_large_image\" \/>\n\t\t<meta name=\"twitter:title\" content=\"Vizsg\u00e1lj\u00e1k a c\u00e9gekn\u00e9l a munkaid\u0151 kereteket | AllasOrias.hu | H\u00edrek-lapszemle\" \/>\n\t\t<meta name=\"twitter:description\" content=\"A szakszervezetek jelz\u00e9sei alapj\u00e1n t\u00f6bb c\u00e9gn\u00e9l m\u00e1r siker\u00fclt rendezni az elsz\u00e1mol\u00e1ssal kapcsolatos k\u00e9rd\u00e9seket, a munkaad\u00f3k a jogtalanul k\u00f6vetelt \u00f6sszegek visszafizet\u00e9s\u00e9r\u0151l is gondoskodtak. A razzia j\u00f6v\u0151 h\u00e9t h\u00e9tf\u0151n veszi kezdet\u00e9t. \u201eAz Innov\u00e1ci\u00f3s \u00e9s Technol\u00f3giai Miniszt\u00e9rium (ITM) jogi \u00e9rtelmez\u00e9si t\u00e1j\u00e9koztat\u00f3t tesz k\u00f6zz\u00e9 a munkaid\u0151keret jogszer\u0171 alkalmaz\u00e1sa, a munkab\u00e9r elsz\u00e1mol\u00e1sok t\u00f6rv\u00e9nyess\u00e9ge \u00e9rdek\u00e9ben\u201d \u2013 jelentette be Bod\u00f3 S\u00e1ndor. Az\" \/>\n\t\t<meta name=\"twitter:image\" content=\"https:\/\/allasorias.hu\/hirek\/wp-content\/uploads\/2021\/05\/close-up-businessman-pointing-finger-time-against-grey-wall.jpg\" \/>\n\t\t<meta name=\"twitter:label1\" content=\"Written by\" \/>\n\t\t<meta name=\"twitter:data1\" content=\"Juh\u00e1sz P\u00e9ter\" \/>\n\t\t<meta name=\"twitter:label2\" content=\"Est. reading time\" \/>\n\t\t<meta name=\"twitter:data2\" content=\"2 minutes\" \/>\n\t\t<script type=\"application\/ld+json\" class=\"aioseo-schema\">\n\t\t\t{\"@context\":\"https:\\\/\\\/schema.org\",\"@graph\":[{\"@type\":\"Article\",\"@id\":\"https:\\\/\\\/allasorias.hu\\\/hirek\\\/vizsgaljak-a-cegeknel-a-munkaido-kereteket\\\/#article\",\"name\":\"Vizsg\\u00e1lj\\u00e1k a c\\u00e9gekn\\u00e9l a munkaid\\u0151 kereteket | AllasOrias.hu | H\\u00edrek-lapszemle\",\"headline\":\"Vizsg\\u00e1lj\\u00e1k a c\\u00e9gekn\\u00e9l a munkaid\\u0151 kereteket\",\"author\":{\"@id\":\"https:\\\/\\\/allasorias.hu\\\/hirek\\\/author\\\/admin-allasorias\\\/#author\"},\"publisher\":{\"@id\":\"https:\\\/\\\/allasorias.hu\\\/hirek\\\/#organization\"},\"image\":{\"@type\":\"ImageObject\",\"url\":\"https:\\\/\\\/allasorias.hu\\\/hirek\\\/wp-content\\\/uploads\\\/2021\\\/05\\\/close-up-businessman-pointing-finger-time-against-grey-wall.jpg\",\"width\":1920,\"height\":1281},\"datePublished\":\"2021-10-15T06:32:17+02:00\",\"dateModified\":\"2021-10-18T06:32:46+02:00\",\"inLanguage\":\"hu-HU\",\"mainEntityOfPage\":{\"@id\":\"https:\\\/\\\/allasorias.hu\\\/hirek\\\/vizsgaljak-a-cegeknel-a-munkaido-kereteket\\\/#webpage\"},\"isPartOf\":{\"@id\":\"https:\\\/\\\/allasorias.hu\\\/hirek\\\/vizsgaljak-a-cegeknel-a-munkaido-kereteket\\\/#webpage\"},\"articleSection\":\"Munkaer\\u0151piac\"},{\"@type\":\"BreadcrumbList\",\"@id\":\"https:\\\/\\\/allasorias.hu\\\/hirek\\\/vizsgaljak-a-cegeknel-a-munkaido-kereteket\\\/#breadcrumblist\",\"itemListElement\":[{\"@type\":\"ListItem\",\"@id\":\"https:\\\/\\\/allasorias.hu\\\/hirek#listItem\",\"position\":1,\"name\":\"Home\",\"item\":\"https:\\\/\\\/allasorias.hu\\\/hirek\",\"nextItem\":{\"@type\":\"ListItem\",\"@id\":\"https:\\\/\\\/allasorias.hu\\\/hirek\\\/temak\\\/munkaeropiac\\\/#listItem\",\"name\":\"Munkaer\\u0151piac\"}},{\"@type\":\"ListItem\",\"@id\":\"https:\\\/\\\/allasorias.hu\\\/hirek\\\/temak\\\/munkaeropiac\\\/#listItem\",\"position\":2,\"name\":\"Munkaer\\u0151piac\",\"item\":\"https:\\\/\\\/allasorias.hu\\\/hirek\\\/temak\\\/munkaeropiac\\\/\",\"nextItem\":{\"@type\":\"ListItem\",\"@id\":\"https:\\\/\\\/allasorias.hu\\\/hirek\\\/vizsgaljak-a-cegeknel-a-munkaido-kereteket\\\/#listItem\",\"name\":\"Vizsg\\u00e1lj\\u00e1k a c\\u00e9gekn\\u00e9l a munkaid\\u0151 kereteket\"},\"previousItem\":{\"@type\":\"ListItem\",\"@id\":\"https:\\\/\\\/allasorias.hu\\\/hirek#listItem\",\"name\":\"Home\"}},{\"@type\":\"ListItem\",\"@id\":\"https:\\\/\\\/allasorias.hu\\\/hirek\\\/vizsgaljak-a-cegeknel-a-munkaido-kereteket\\\/#listItem\",\"position\":3,\"name\":\"Vizsg\\u00e1lj\\u00e1k a c\\u00e9gekn\\u00e9l a munkaid\\u0151 kereteket\",\"previousItem\":{\"@type\":\"ListItem\",\"@id\":\"https:\\\/\\\/allasorias.hu\\\/hirek\\\/temak\\\/munkaeropiac\\\/#listItem\",\"name\":\"Munkaer\\u0151piac\"}}]},{\"@type\":\"Organization\",\"@id\":\"https:\\\/\\\/allasorias.hu\\\/hirek\\\/#organization\",\"name\":\"AllasOrias.hu | H\\u00edrek-lapszemle\",\"description\":\"\\u00dczleti h\\u00edrek az \\u00e1ll\\u00e1s \\u00e9s a munka vil\\u00e1g\\u00e1b\\u00f3l\",\"url\":\"https:\\\/\\\/allasorias.hu\\\/hirek\\\/\",\"logo\":{\"@type\":\"ImageObject\",\"url\":\"https:\\\/\\\/allasorias.hu\\\/hirek\\\/wp-content\\\/uploads\\\/2022\\\/10\\\/allasorias_site_facebok_logo.png\",\"@id\":\"https:\\\/\\\/allasorias.hu\\\/hirek\\\/vizsgaljak-a-cegeknel-a-munkaido-kereteket\\\/#organizationLogo\"},\"image\":{\"@id\":\"https:\\\/\\\/allasorias.hu\\\/hirek\\\/vizsgaljak-a-cegeknel-a-munkaido-kereteket\\\/#organizationLogo\"},\"sameAs\":[\"https:\\\/\\\/www.facebook.com\\\/allasorias\",\"https:\\\/\\\/www.linkedin.com\\\/company\\\/allasorias\"]},{\"@type\":\"Person\",\"@id\":\"https:\\\/\\\/allasorias.hu\\\/hirek\\\/author\\\/admin-allasorias\\\/#author\",\"url\":\"https:\\\/\\\/allasorias.hu\\\/hirek\\\/author\\\/admin-allasorias\\\/\",\"name\":\"Juh\\u00e1sz P\\u00e9ter\",\"image\":{\"@type\":\"ImageObject\",\"@id\":\"https:\\\/\\\/allasorias.hu\\\/hirek\\\/vizsgaljak-a-cegeknel-a-munkaido-kereteket\\\/#authorImage\",\"url\":\"https:\\\/\\\/secure.gravatar.com\\\/avatar\\\/36e6bcb83148978b992977cb0f54d22feb0cce8a0a849a9410532bb2623ba4c6?s=96&d=mm&r=g\",\"width\":96,\"height\":96,\"caption\":\"Juh\\u00e1sz P\\u00e9ter\"}},{\"@type\":\"WebPage\",\"@id\":\"https:\\\/\\\/allasorias.hu\\\/hirek\\\/vizsgaljak-a-cegeknel-a-munkaido-kereteket\\\/#webpage\",\"url\":\"https:\\\/\\\/allasorias.hu\\\/hirek\\\/vizsgaljak-a-cegeknel-a-munkaido-kereteket\\\/\",\"name\":\"Vizsg\\u00e1lj\\u00e1k a c\\u00e9gekn\\u00e9l a munkaid\\u0151 kereteket | AllasOrias.hu | H\\u00edrek-lapszemle\",\"description\":\"A szakszervezetek jelz\\u00e9sei alapj\\u00e1n t\\u00f6bb c\\u00e9gn\\u00e9l m\\u00e1r siker\\u00fclt rendezni az elsz\\u00e1mol\\u00e1ssal kapcsolatos k\\u00e9rd\\u00e9seket, a munkaad\\u00f3k a jogtalanul k\\u00f6vetelt \\u00f6sszegek visszafizet\\u00e9s\\u00e9r\\u0151l is gondoskodtak. A razzia j\\u00f6v\\u0151 h\\u00e9t h\\u00e9tf\\u0151n veszi kezdet\\u00e9t. \\u201eAz Innov\\u00e1ci\\u00f3s \\u00e9s Technol\\u00f3giai Miniszt\\u00e9rium (ITM) jogi \\u00e9rtelmez\\u00e9si t\\u00e1j\\u00e9koztat\\u00f3t tesz k\\u00f6zz\\u00e9 a munkaid\\u0151keret jogszer\\u0171 alkalmaz\\u00e1sa, a munkab\\u00e9r elsz\\u00e1mol\\u00e1sok t\\u00f6rv\\u00e9nyess\\u00e9ge \\u00e9rdek\\u00e9ben\\u201d \\u2013 jelentette be Bod\\u00f3 S\\u00e1ndor. Az\",\"inLanguage\":\"hu-HU\",\"isPartOf\":{\"@id\":\"https:\\\/\\\/allasorias.hu\\\/hirek\\\/#website\"},\"breadcrumb\":{\"@id\":\"https:\\\/\\\/allasorias.hu\\\/hirek\\\/vizsgaljak-a-cegeknel-a-munkaido-kereteket\\\/#breadcrumblist\"},\"author\":{\"@id\":\"https:\\\/\\\/allasorias.hu\\\/hirek\\\/author\\\/admin-allasorias\\\/#author\"},\"creator\":{\"@id\":\"https:\\\/\\\/allasorias.hu\\\/hirek\\\/author\\\/admin-allasorias\\\/#author\"},\"image\":{\"@type\":\"ImageObject\",\"url\":\"https:\\\/\\\/allasorias.hu\\\/hirek\\\/wp-content\\\/uploads\\\/2021\\\/05\\\/close-up-businessman-pointing-finger-time-against-grey-wall.jpg\",\"@id\":\"https:\\\/\\\/allasorias.hu\\\/hirek\\\/vizsgaljak-a-cegeknel-a-munkaido-kereteket\\\/#mainImage\",\"width\":1920,\"height\":1281},\"primaryImageOfPage\":{\"@id\":\"https:\\\/\\\/allasorias.hu\\\/hirek\\\/vizsgaljak-a-cegeknel-a-munkaido-kereteket\\\/#mainImage\"},\"datePublished\":\"2021-10-15T06:32:17+02:00\",\"dateModified\":\"2021-10-18T06:32:46+02:00\"},{\"@type\":\"WebSite\",\"@id\":\"https:\\\/\\\/allasorias.hu\\\/hirek\\\/#website\",\"url\":\"https:\\\/\\\/allasorias.hu\\\/hirek\\\/\",\"name\":\"AllasOrias.hu | H\\u00edrek-lapszemle\",\"description\":\"\\u00dczleti h\\u00edrek az \\u00e1ll\\u00e1s \\u00e9s a munka vil\\u00e1g\\u00e1b\\u00f3l\",\"inLanguage\":\"hu-HU\",\"publisher\":{\"@id\":\"https:\\\/\\\/allasorias.hu\\\/hirek\\\/#organization\"}}]}\n\t\t<\/script>\n\t\t<!-- All in One SEO -->\n\n","aioseo_head_json":{"title":"Vizsg\u00e1lj\u00e1k a c\u00e9gekn\u00e9l a munkaid\u0151 kereteket | AllasOrias.hu | H\u00edrek-lapszemle","description":"A szakszervezetek jelz\u00e9sei alapj\u00e1n t\u00f6bb c\u00e9gn\u00e9l m\u00e1r siker\u00fclt rendezni az elsz\u00e1mol\u00e1ssal kapcsolatos k\u00e9rd\u00e9seket, a munkaad\u00f3k a jogtalanul k\u00f6vetelt \u00f6sszegek visszafizet\u00e9s\u00e9r\u0151l is gondoskodtak. A razzia j\u00f6v\u0151 h\u00e9t h\u00e9tf\u0151n veszi kezdet\u00e9t. \u201eAz Innov\u00e1ci\u00f3s \u00e9s Technol\u00f3giai Miniszt\u00e9rium (ITM) jogi \u00e9rtelmez\u00e9si t\u00e1j\u00e9koztat\u00f3t tesz k\u00f6zz\u00e9 a munkaid\u0151keret jogszer\u0171 alkalmaz\u00e1sa, a munkab\u00e9r elsz\u00e1mol\u00e1sok t\u00f6rv\u00e9nyess\u00e9ge \u00e9rdek\u00e9ben\u201d \u2013 jelentette be Bod\u00f3 S\u00e1ndor. Az","canonical_url":"https:\/\/allasorias.hu\/hirek\/vizsgaljak-a-cegeknel-a-munkaido-kereteket\/","robots":"max-image-preview:large","keywords":"","webmasterTools":{"miscellaneous":""},"schema":{"@context":"https:\/\/schema.org","@graph":[{"@type":"Article","@id":"https:\/\/allasorias.hu\/hirek\/vizsgaljak-a-cegeknel-a-munkaido-kereteket\/#article","name":"Vizsg\u00e1lj\u00e1k a c\u00e9gekn\u00e9l a munkaid\u0151 kereteket | AllasOrias.hu | H\u00edrek-lapszemle","headline":"Vizsg\u00e1lj\u00e1k a c\u00e9gekn\u00e9l a munkaid\u0151 kereteket","author":{"@id":"https:\/\/allasorias.hu\/hirek\/author\/admin-allasorias\/#author"},"publisher":{"@id":"https:\/\/allasorias.hu\/hirek\/#organization"},"image":{"@type":"ImageObject","url":"https:\/\/allasorias.hu\/hirek\/wp-content\/uploads\/2021\/05\/close-up-businessman-pointing-finger-time-against-grey-wall.jpg","width":1920,"height":1281},"datePublished":"2021-10-15T06:32:17+02:00","dateModified":"2021-10-18T06:32:46+02:00","inLanguage":"hu-HU","mainEntityOfPage":{"@id":"https:\/\/allasorias.hu\/hirek\/vizsgaljak-a-cegeknel-a-munkaido-kereteket\/#webpage"},"isPartOf":{"@id":"https:\/\/allasorias.hu\/hirek\/vizsgaljak-a-cegeknel-a-munkaido-kereteket\/#webpage"},"articleSection":"Munkaer\u0151piac"},{"@type":"BreadcrumbList","@id":"https:\/\/allasorias.hu\/hirek\/vizsgaljak-a-cegeknel-a-munkaido-kereteket\/#breadcrumblist","itemListElement":[{"@type":"ListItem","@id":"https:\/\/allasorias.hu\/hirek#listItem","position":1,"name":"Home","item":"https:\/\/allasorias.hu\/hirek","nextItem":{"@type":"ListItem","@id":"https:\/\/allasorias.hu\/hirek\/temak\/munkaeropiac\/#listItem","name":"Munkaer\u0151piac"}},{"@type":"ListItem","@id":"https:\/\/allasorias.hu\/hirek\/temak\/munkaeropiac\/#listItem","position":2,"name":"Munkaer\u0151piac","item":"https:\/\/allasorias.hu\/hirek\/temak\/munkaeropiac\/","nextItem":{"@type":"ListItem","@id":"https:\/\/allasorias.hu\/hirek\/vizsgaljak-a-cegeknel-a-munkaido-kereteket\/#listItem","name":"Vizsg\u00e1lj\u00e1k a c\u00e9gekn\u00e9l a munkaid\u0151 kereteket"},"previousItem":{"@type":"ListItem","@id":"https:\/\/allasorias.hu\/hirek#listItem","name":"Home"}},{"@type":"ListItem","@id":"https:\/\/allasorias.hu\/hirek\/vizsgaljak-a-cegeknel-a-munkaido-kereteket\/#listItem","position":3,"name":"Vizsg\u00e1lj\u00e1k a c\u00e9gekn\u00e9l a munkaid\u0151 kereteket","previousItem":{"@type":"ListItem","@id":"https:\/\/allasorias.hu\/hirek\/temak\/munkaeropiac\/#listItem","name":"Munkaer\u0151piac"}}]},{"@type":"Organization","@id":"https:\/\/allasorias.hu\/hirek\/#organization","name":"AllasOrias.hu | H\u00edrek-lapszemle","description":"\u00dczleti h\u00edrek az \u00e1ll\u00e1s \u00e9s a munka vil\u00e1g\u00e1b\u00f3l","url":"https:\/\/allasorias.hu\/hirek\/","logo":{"@type":"ImageObject","url":"https:\/\/allasorias.hu\/hirek\/wp-content\/uploads\/2022\/10\/allasorias_site_facebok_logo.png","@id":"https:\/\/allasorias.hu\/hirek\/vizsgaljak-a-cegeknel-a-munkaido-kereteket\/#organizationLogo"},"image":{"@id":"https:\/\/allasorias.hu\/hirek\/vizsgaljak-a-cegeknel-a-munkaido-kereteket\/#organizationLogo"},"sameAs":["https:\/\/www.facebook.com\/allasorias","https:\/\/www.linkedin.com\/company\/allasorias"]},{"@type":"Person","@id":"https:\/\/allasorias.hu\/hirek\/author\/admin-allasorias\/#author","url":"https:\/\/allasorias.hu\/hirek\/author\/admin-allasorias\/","name":"Juh\u00e1sz P\u00e9ter","image":{"@type":"ImageObject","@id":"https:\/\/allasorias.hu\/hirek\/vizsgaljak-a-cegeknel-a-munkaido-kereteket\/#authorImage","url":"https:\/\/secure.gravatar.com\/avatar\/36e6bcb83148978b992977cb0f54d22feb0cce8a0a849a9410532bb2623ba4c6?s=96&d=mm&r=g","width":96,"height":96,"caption":"Juh\u00e1sz P\u00e9ter"}},{"@type":"WebPage","@id":"https:\/\/allasorias.hu\/hirek\/vizsgaljak-a-cegeknel-a-munkaido-kereteket\/#webpage","url":"https:\/\/allasorias.hu\/hirek\/vizsgaljak-a-cegeknel-a-munkaido-kereteket\/","name":"Vizsg\u00e1lj\u00e1k a c\u00e9gekn\u00e9l a munkaid\u0151 kereteket | AllasOrias.hu | H\u00edrek-lapszemle","description":"A szakszervezetek jelz\u00e9sei alapj\u00e1n t\u00f6bb c\u00e9gn\u00e9l m\u00e1r siker\u00fclt rendezni az elsz\u00e1mol\u00e1ssal kapcsolatos k\u00e9rd\u00e9seket, a munkaad\u00f3k a jogtalanul k\u00f6vetelt \u00f6sszegek visszafizet\u00e9s\u00e9r\u0151l is gondoskodtak. A razzia j\u00f6v\u0151 h\u00e9t h\u00e9tf\u0151n veszi kezdet\u00e9t. \u201eAz Innov\u00e1ci\u00f3s \u00e9s Technol\u00f3giai Miniszt\u00e9rium (ITM) jogi \u00e9rtelmez\u00e9si t\u00e1j\u00e9koztat\u00f3t tesz k\u00f6zz\u00e9 a munkaid\u0151keret jogszer\u0171 alkalmaz\u00e1sa, a munkab\u00e9r elsz\u00e1mol\u00e1sok t\u00f6rv\u00e9nyess\u00e9ge \u00e9rdek\u00e9ben\u201d \u2013 jelentette be Bod\u00f3 S\u00e1ndor. Az","inLanguage":"hu-HU","isPartOf":{"@id":"https:\/\/allasorias.hu\/hirek\/#website"},"breadcrumb":{"@id":"https:\/\/allasorias.hu\/hirek\/vizsgaljak-a-cegeknel-a-munkaido-kereteket\/#breadcrumblist"},"author":{"@id":"https:\/\/allasorias.hu\/hirek\/author\/admin-allasorias\/#author"},"creator":{"@id":"https:\/\/allasorias.hu\/hirek\/author\/admin-allasorias\/#author"},"image":{"@type":"ImageObject","url":"https:\/\/allasorias.hu\/hirek\/wp-content\/uploads\/2021\/05\/close-up-businessman-pointing-finger-time-against-grey-wall.jpg","@id":"https:\/\/allasorias.hu\/hirek\/vizsgaljak-a-cegeknel-a-munkaido-kereteket\/#mainImage","width":1920,"height":1281},"primaryImageOfPage":{"@id":"https:\/\/allasorias.hu\/hirek\/vizsgaljak-a-cegeknel-a-munkaido-kereteket\/#mainImage"},"datePublished":"2021-10-15T06:32:17+02:00","dateModified":"2021-10-18T06:32:46+02:00"},{"@type":"WebSite","@id":"https:\/\/allasorias.hu\/hirek\/#website","url":"https:\/\/allasorias.hu\/hirek\/","name":"AllasOrias.hu | H\u00edrek-lapszemle","description":"\u00dczleti h\u00edrek az \u00e1ll\u00e1s \u00e9s a munka vil\u00e1g\u00e1b\u00f3l","inLanguage":"hu-HU","publisher":{"@id":"https:\/\/allasorias.hu\/hirek\/#organization"}}]},"og:locale":"hu_HU","og:site_name":"AllasOrias.hu | H\u00edrek-lapszemle | \u00dczleti h\u00edrek az \u00e1ll\u00e1s \u00e9s a munka vil\u00e1g\u00e1b\u00f3l","og:type":"article","og:title":"Vizsg\u00e1lj\u00e1k a c\u00e9gekn\u00e9l a munkaid\u0151 kereteket | AllasOrias.hu | H\u00edrek-lapszemle","og:description":"A szakszervezetek jelz\u00e9sei alapj\u00e1n t\u00f6bb c\u00e9gn\u00e9l m\u00e1r siker\u00fclt rendezni az elsz\u00e1mol\u00e1ssal kapcsolatos k\u00e9rd\u00e9seket, a munkaad\u00f3k a jogtalanul k\u00f6vetelt \u00f6sszegek visszafizet\u00e9s\u00e9r\u0151l is gondoskodtak. A razzia j\u00f6v\u0151 h\u00e9t h\u00e9tf\u0151n veszi kezdet\u00e9t. \u201eAz Innov\u00e1ci\u00f3s \u00e9s Technol\u00f3giai Miniszt\u00e9rium (ITM) jogi \u00e9rtelmez\u00e9si t\u00e1j\u00e9koztat\u00f3t tesz k\u00f6zz\u00e9 a munkaid\u0151keret jogszer\u0171 alkalmaz\u00e1sa, a munkab\u00e9r elsz\u00e1mol\u00e1sok t\u00f6rv\u00e9nyess\u00e9ge \u00e9rdek\u00e9ben\u201d \u2013 jelentette be Bod\u00f3 S\u00e1ndor. Az","og:url":"https:\/\/allasorias.hu\/hirek\/vizsgaljak-a-cegeknel-a-munkaido-kereteket\/","og:image":"https:\/\/allasorias.hu\/hirek\/wp-content\/uploads\/2021\/05\/close-up-businessman-pointing-finger-time-against-grey-wall.jpg","og:image:secure_url":"https:\/\/allasorias.hu\/hirek\/wp-content\/uploads\/2021\/05\/close-up-businessman-pointing-finger-time-against-grey-wall.jpg","og:image:width":1920,"og:image:height":1281,"article:published_time":"2021-10-15T06:32:17+00:00","article:modified_time":"2021-10-18T06:32:46+00:00","article:publisher":"https:\/\/www.facebook.com\/allasorias","twitter:card":"summary_large_image","twitter:title":"Vizsg\u00e1lj\u00e1k a c\u00e9gekn\u00e9l a munkaid\u0151 kereteket | AllasOrias.hu | H\u00edrek-lapszemle","twitter:description":"A szakszervezetek jelz\u00e9sei alapj\u00e1n t\u00f6bb c\u00e9gn\u00e9l m\u00e1r siker\u00fclt rendezni az elsz\u00e1mol\u00e1ssal kapcsolatos k\u00e9rd\u00e9seket, a munkaad\u00f3k a jogtalanul k\u00f6vetelt \u00f6sszegek visszafizet\u00e9s\u00e9r\u0151l is gondoskodtak. A razzia j\u00f6v\u0151 h\u00e9t h\u00e9tf\u0151n veszi kezdet\u00e9t. \u201eAz Innov\u00e1ci\u00f3s \u00e9s Technol\u00f3giai Miniszt\u00e9rium (ITM) jogi \u00e9rtelmez\u00e9si t\u00e1j\u00e9koztat\u00f3t tesz k\u00f6zz\u00e9 a munkaid\u0151keret jogszer\u0171 alkalmaz\u00e1sa, a munkab\u00e9r elsz\u00e1mol\u00e1sok t\u00f6rv\u00e9nyess\u00e9ge \u00e9rdek\u00e9ben\u201d \u2013 jelentette be Bod\u00f3 S\u00e1ndor. Az","twitter:image":"https:\/\/allasorias.hu\/hirek\/wp-content\/uploads\/2021\/05\/close-up-businessman-pointing-finger-time-against-grey-wall.jpg","twitter:label1":"Written by","twitter:data1":"Juh\u00e1sz P\u00e9ter","twitter:label2":"Est. reading time","twitter:data2":"2 minutes"},"aioseo_meta_data":{"post_id":"5127","title":null,"description":null,"keywords":[],"keyphrases":{"focus":[],"additional":[]},"primary_term":null,"canonical_url":null,"og_title":null,"og_description":null,"og_object_type":"default","og_image_type":"default","og_image_url":null,"og_image_width":null,"og_image_height":null,"og_image_custom_url":null,"og_image_custom_fields":null,"og_video":"","og_custom_url":null,"og_article_section":null,"og_article_tags":[],"twitter_use_og":false,"twitter_card":"default","twitter_image_type":"default","twitter_image_url":null,"twitter_image_custom_url":null,"twitter_image_custom_fields":null,"twitter_title":null,"twitter_description":null,"schema":{"blockGraphs":[],"customGraphs":[],"default":{"data":{"Article":[],"Course":[],"Dataset":[],"FAQPage":[],"Movie":[],"Person":[],"Product":[],"ProductReview":[],"Car":[],"Recipe":[],"Service":[],"SoftwareApplication":[],"WebPage":[]},"graphName":"","isEnabled":true},"graphs":[],"defaultGraph":"Article","defaultPostTypeGraph":""},"schema_type":"default","schema_type_options":"{\"article\":{\"articleType\":\"BlogPosting\"},\"course\":{\"name\":\"\",\"description\":\"\",\"provider\":\"\"},\"faq\":{\"pages\":[]},\"product\":{\"reviews\":[]},\"recipe\":{\"ingredients\":[],\"instructions\":[],\"keywords\":[]},\"software\":{\"reviews\":[],\"operatingSystems\":[]},\"webPage\":{\"webPageType\":\"WebPage\"}}","pillar_content":false,"robots_default":true,"robots_noindex":false,"robots_noarchive":false,"robots_nosnippet":false,"robots_nofollow":false,"robots_noimageindex":false,"robots_noodp":false,"robots_notranslate":false,"robots_max_snippet":"-1","robots_max_videopreview":"-1","robots_max_imagepreview":"large","priority":null,"frequency":"default","location":null,"local_seo":{"locations":{"business":{"name":"","businessType":"","image":"","areaServed":"","urls":{"website":"","aboutPage":"","contactPage":""},"address":{"streetLine1":"","streetLine2":"","zipCode":"","city":"","state":"","country":"","addressFormat":"#streetLineOne\n#streetLineTwo\n#city, #state #zipCode"},"contact":{"email":"","phone":"","phoneFormatted":"","fax":"","faxFormatted":""},"ids":{"vat":"","tax":"","chamberOfCommerce":""},"payment":{"priceRange":"","currenciesAccepted":"","methods":""}}},"openingHours":{"useDefaults":true,"show":true,"alwaysOpen":false,"use24hFormat":false,"timezone":"","labels":{"closed":"","alwaysOpen":""},"days":{"monday":{"open24h":false,"closed":false,"openTime":"09:00","closeTime":"17:00"},"tuesday":{"open24h":false,"closed":false,"openTime":"09:00","closeTime":"17:00"},"wednesday":{"open24h":false,"closed":false,"openTime":"09:00","closeTime":"17:00"},"thursday":{"open24h":false,"closed":false,"openTime":"09:00","closeTime":"17:00"},"friday":{"open24h":false,"closed":false,"openTime":"09:00","closeTime":"17:00"},"saturday":{"open24h":false,"closed":false,"openTime":"09:00","closeTime":"17:00"},"sunday":{"open24h":false,"closed":false,"openTime":"09:00","closeTime":"17:00"}}}},"breadcrumb_settings":null,"limit_modified_date":false,"ai":null,"created":"2021-10-18 06:30:26","updated":"2025-10-02 16:18:41","seo_analyzer_scan_date":null,"focus_keyword":null,"additional_keywords":null,"truseo_locale":null},"aioseo_breadcrumb":"<div class=\"aioseo-breadcrumbs\"><span class=\"aioseo-breadcrumb\">\n\t\t\t<a href=\"https:\/\/allasorias.hu\/hirek\" title=\"Home\">Home<\/a>\n\t\t<\/span><span class=\"aioseo-breadcrumb-separator\">&raquo;<\/span><span class=\"aioseo-breadcrumb\">\n\t\t\t<a href=\"https:\/\/allasorias.hu\/hirek\/temak\/munkaeropiac\/\" title=\"Munkaer\u0151piac\">Munkaer\u0151piac<\/a>\n\t\t<\/span><span class=\"aioseo-breadcrumb-separator\">&raquo;<\/span><span class=\"aioseo-breadcrumb\">\n\t\t\tVizsg\u00e1lj\u00e1k a c\u00e9gekn\u00e9l a munkaid\u0151 kereteket\n\t\t<\/span><\/div>","aioseo_breadcrumb_json":[{"label":"Home","link":"https:\/\/allasorias.hu\/hirek"},{"label":"Munkaer\u0151piac","link":"https:\/\/allasorias.hu\/hirek\/temak\/munkaeropiac\/"},{"label":"Vizsg\u00e1lj\u00e1k a c\u00e9gekn\u00e9l a munkaid\u0151 kereteket","link":"https:\/\/allasorias.hu\/hirek\/vizsgaljak-a-cegeknel-a-munkaido-kereteket\/"}],"_links":{"self":[{"href":"https:\/\/allasorias.hu\/hirek\/wp-json\/wp\/v2\/posts\/5127","targetHints":{"allow":["GET"]}}],"collection":[{"href":"https:\/\/allasorias.hu\/hirek\/wp-json\/wp\/v2\/posts"}],"about":[{"href":"https:\/\/allasorias.hu\/hirek\/wp-json\/wp\/v2\/types\/post"}],"author":[{"embeddable":true,"href":"https:\/\/allasorias.hu\/hirek\/wp-json\/wp\/v2\/users\/1"}],"replies":[{"embeddable":true,"href":"https:\/\/allasorias.hu\/hirek\/wp-json\/wp\/v2\/comments?post=5127"}],"version-history":[{"count":1,"href":"https:\/\/allasorias.hu\/hirek\/wp-json\/wp\/v2\/posts\/5127\/revisions"}],"predecessor-version":[{"id":5128,"href":"https:\/\/allasorias.hu\/hirek\/wp-json\/wp\/v2\/posts\/5127\/revisions\/5128"}],"wp:featuredmedia":[{"embeddable":true,"href":"https:\/\/allasorias.hu\/hirek\/wp-json\/wp\/v2\/media\/4785"}],"wp:attachment":[{"href":"https:\/\/allasorias.hu\/hirek\/wp-json\/wp\/v2\/media?parent=5127"}],"wp:term":[{"taxonomy":"category","embeddable":true,"href":"https:\/\/allasorias.hu\/hirek\/wp-json\/wp\/v2\/categories?post=5127"},{"taxonomy":"post_tag","embeddable":true,"href":"https:\/\/allasorias.hu\/hirek\/wp-json\/wp\/v2\/tags?post=5127"}],"curies":[{"name":"wp","href":"https:\/\/api.w.org\/{rel}","templated":true}]}}