{"id":5118,"date":"2021-10-13T07:35:46","date_gmt":"2021-10-13T07:35:46","guid":{"rendered":"https:\/\/allasorias.hu\/hirek\/?p=5118"},"modified":"2021-10-13T07:35:46","modified_gmt":"2021-10-13T07:35:46","slug":"a-miskolci-szakkepzesi-centrum-minosegi-kepzest-indit","status":"publish","type":"post","link":"https:\/\/allasorias.hu\/hirek\/a-miskolci-szakkepzesi-centrum-minosegi-kepzest-indit\/","title":{"rendered":"A Miskolci Szakk\u00e9pz\u00e9si Centrum min\u0151s\u00e9gi k\u00e9pz\u00e9st ind\u00edt"},"content":{"rendered":"<p><strong>A feln\u0151ttek oktat\u00e1sa ter\u00fclet\u00e9n az iskolarendszerb\u0151l kies\u0151k sz\u00e1m\u00e1ra ind\u00edtottak\u00a0 M\u0171helyiskola programot Borsod megy\u00e9ben. Legt\u00f6bb esetben az iskola befejez\u00e9se el\u0151tt lecsapnak a c\u00e9gek a szakm\u00e1t tanul\u00f3kra, \u00e9s a frissen v\u00e9gzetteket teljes \u00e9rt\u00e9k\u0171 munkav\u00e1llal\u00f3jukk\u00e9nt foglalkoztatj\u00e1k tov\u00e1bb. <\/strong><\/p>\n<p>Miskolcon jelenleg t\u00f6bb mint h\u00e9tezren tanulnak a Miskolci Szakk\u00e9pz\u00e9si Centrum iskol\u00e1iban, mely l\u00e9tsz\u00e1m vonatkoz\u00e1s\u00e1ban tov\u00e1bbi n\u00f6veked\u00e9sre sz\u00e1m\u00edtanak az elk\u00f6vetkez\u0151 \u00e9vekben. Az el\u0151z\u0151 \u00e9vben 10 sz\u00e1zal\u00e9kkal, id\u00e9n szeptemberben pedig 26 sz\u00e1zal\u00e9kkal t\u00f6bb di\u00e1k kezdte meg tanulm\u00e1nyait tanul\u00f3i-, vagy feln\u0151ttk\u00e9pz\u00e9si jogviszonnyal, ami orsz\u00e1gos viszonylatban is kiemelked\u0151. A Miskolci Szakk\u00e9pz\u00e9si Centrum szakmai oktat\u00e1s\u00e1t, valamint a feln\u0151ttek k\u00e9pz\u00e9s\u00e9ben szerepet v\u00e1llal\u00f3 mag\u00e1nc\u00e9gek szolg\u00e1ltat\u00e1sait a szakk\u00e9pz\u00e9s folyamatosan javul\u00f3 felt\u00e9telei, a munkaer\u0151piac ig\u00e9nyeire reag\u00e1l\u00f3 k\u00e9pz\u00e9si strukt\u00fara, valamint a stabil karrierp\u00e1ly\u00e1t megalapoz\u00f3 min\u0151s\u00e9gi technikusk\u00e9pz\u00e9s teszi egyre n\u00e9pszer\u0171bb\u00e9 \u2013 hangzott el a Miskolci Foglalkoztat\u00e1si Paktum \u00e1ltal szervezett K\u00e9pz\u00e9si Munkacsoport szeptember 22-\u00e9n rendezett \u00fcl\u00e9s\u00e9n. Az egyeztet\u00e9sen r\u00e9szt vett a Miskolci Szakk\u00e9pz\u00e9si Centrum, a BOKIK, a Borsod-Aba\u00faj-Zempl\u00e9n Megyei Korm\u00e1nyhivatal, valamint a megyesz\u00e9khelyen m\u0171k\u00f6d\u0151 feln\u0151ttk\u00e9pz\u0151 c\u00e9gek mellett a helyi foglalkoztat\u00f3k sz\u00e1mos k\u00e9pvisel\u0151je is. A r\u00e9sztvev\u0151k tapasztalatai, \u00e9s az adatok is azt mutatj\u00e1k, hogy nemcsak a szakm\u00e1t tanul\u00f3k sz\u00e1ma n\u0151, de azok\u00e9 a nemzetk\u00f6zi \u00e9s hazai nagyv\u00e1llalatok\u00e9-, valamint kis-\u00e9s k\u00f6z\u00e9pv\u00e1llalkoz\u00e1sok\u00e9 is, amelyek strat\u00e9giai \u00e9s k\u00e9pz\u00e9si egy\u00fcttm\u0171k\u00f6d\u00e9seket k\u00f6tnek a k\u00e9pz\u0151int\u00e9zm\u00e9nyekkel. Teszik ezt \u00fcres \u00e1ll\u00e1shelyeik felt\u00f6lt\u00e9se \u00e9rdek\u00e9ben, f\u0151leg azokon a ter\u00fcleteken, ahol Miskolcon \u00e9s vonz\u00e1sk\u00f6rzet\u00e9ben hi\u00e1ny jelentkezik .Az elm\u00falt \u00e9vben pozit\u00edvan hatott a szakk\u00e9pz\u00e9s helyzet\u00e9re az \u00f6szt\u00f6nd\u00edj \u00e9s a szakk\u00e9pz\u00e9si munkaszerz\u0151d\u00e9s bevezet\u00e9se. Munk\u00e1ltat\u00f3i oldalr\u00f3l pedig fokozta az \u00e9rdekl\u0151d\u00e9st az a t\u00e1mogat\u00e1s, amelyet a munkaid\u0151ben v\u00e9gzett k\u00e9pz\u00e9sekre ig\u00e9nyelhetnek a c\u00e9gek az abban r\u00e9szt vev\u0151 alkalmazottak ut\u00e1n. Emellett \u00f6szt\u00f6nz\u0151, hogy k\u00e9t szakma \u00e9s egy szakk\u00e9pes\u00edt\u00e9s szerezhet\u0151 ingyenesen. \u00dajdons\u00e1gnak sz\u00e1m\u00edt a feln\u0151ttek oktat\u00e1sa ter\u00fclet\u00e9n az iskolarendszerb\u0151l kies\u0151k sz\u00e1m\u00e1ra ind\u00edtott M\u0171helyiskola program. Ebben a programban 6&#8211;24 h\u00f3nap alatt r\u00e9szszakma szerezhet\u0151. A r\u00e9szv\u00e9tel 16 \u00e9v felett lehets\u00e9ges, tov\u00e1bbi felt\u00e9tel az alapfok\u00fa v\u00e9gzetts\u00e9g vagy Dobbant\u00f3 program elv\u00e9gz\u00e9se. Olyan hi\u00e1nyszakm\u00e1kban ind\u00edtja m\u0171helyiskolai k\u00e9pz\u00e9seit a centrum, mint a szak\u00e1csseg\u00e9d, gipszkartonszerel\u0151, szobafest\u0151, cs\u0151h\u00e1l\u00f3zat-szerel\u0151, famegmunk\u00e1l\u00f3 \u00e9s bolti el\u0151k\u00e9sz\u00edt\u0151.A felv\u00e9teli el\u0151tt \u00e1ll\u00f3 nyolcadikosok, valamint sz\u00fcleik, illetve a tanulni v\u00e1gy\u00f3 feln\u0151ttek a szakk\u00e9pz\u00e9si centrum v\u00e1rhat\u00f3an okt\u00f3ber v\u00e9g\u00e9n ny\u00edl\u00f3 Inform\u00e1ci\u00f3s Pontj\u00e1n kaphatnak t\u00e1j\u00e9koztat\u00e1st a hozz\u00e1f\u00e9rhet\u0151 k\u00e9pz\u00e9sekr\u0151l, vagy seg\u00edts\u00e9get p\u00e1lyaorient\u00e1ci\u00f3jukban \u00e9s javaslatot a karrierterv\u00fckh\u00f6z. A jelenleg munk\u00e1t keres\u0151, de \u00e1tk\u00e9pz\u00e9st is v\u00e1llal\u00f3, vagy \u00faj szakm\u00e1t tanulni v\u00e1gy\u00f3 feln\u0151ttek sz\u00e1m\u00e1ra, a rendelkez\u00e9s\u00fckre \u00e1ll\u00f3 lehet\u0151s\u00e9gekr\u0151l a miskolci Paktumiroda (Sz\u00e9chenyi Istv\u00e1n utca 60. sz\u00e1m alatti) \u00fcgyf\u00e9lszolg\u00e1lata ny\u00fajt t\u00e1j\u00e9koztat\u00e1st.<\/p>\n<p>Forr\u00e1s: borsodihir.hu<\/p>\n","protected":false},"excerpt":{"rendered":"<p>A feln\u0151ttek oktat\u00e1sa ter\u00fclet\u00e9n az iskolarendszerb\u0151l kies\u0151k sz\u00e1m\u00e1ra ind\u00edtottak\u00a0 M\u0171helyiskola programot Borsod megy\u00e9ben. Legt\u00f6bb esetben az iskola befejez\u00e9se el\u0151tt lecsapnak a c\u00e9gek a szakm\u00e1t tanul\u00f3kra, \u00e9s a frissen v\u00e9gzetteket teljes \u00e9rt\u00e9k\u0171 munkav\u00e1llal\u00f3jukk\u00e9nt foglalkoztatj\u00e1k tov\u00e1bb. Miskolcon jelenleg t\u00f6bb mint h\u00e9tezren tanulnak a Miskolci Szakk\u00e9pz\u00e9si Centrum iskol\u00e1iban, mely l\u00e9tsz\u00e1m vonatkoz\u00e1s\u00e1ban tov\u00e1bbi n\u00f6veked\u00e9sre sz\u00e1m\u00edtanak az elk\u00f6vetkez\u0151 \u00e9vekben. Az [&hellip;]<\/p>\n","protected":false},"author":1,"featured_media":4341,"comment_status":"open","ping_status":"open","sticky":false,"template":"","format":"standard","meta":{"_monsterinsights_skip_tracking":false,"footnotes":""},"categories":[200],"tags":[],"class_list":["post-5118","post","type-post","status-publish","format-standard","has-post-thumbnail","hentry","category-munkaeropiac"],"aioseo_notices":[],"aioseo_head":"\n\t\t<!-- All in One SEO 5.0.0.1 - aioseo.com -->\n\t<meta name=\"description\" content=\"A feln\u0151ttek oktat\u00e1sa ter\u00fclet\u00e9n az iskolarendszerb\u0151l kies\u0151k sz\u00e1m\u00e1ra ind\u00edtottak M\u0171helyiskola programot Borsod megy\u00e9ben. Legt\u00f6bb esetben az iskola befejez\u00e9se el\u0151tt lecsapnak a c\u00e9gek a szakm\u00e1t tanul\u00f3kra, \u00e9s a frissen v\u00e9gzetteket teljes \u00e9rt\u00e9k\u0171 munkav\u00e1llal\u00f3jukk\u00e9nt foglalkoztatj\u00e1k tov\u00e1bb. Miskolcon jelenleg t\u00f6bb mint h\u00e9tezren tanulnak a Miskolci Szakk\u00e9pz\u00e9si Centrum iskol\u00e1iban, mely l\u00e9tsz\u00e1m vonatkoz\u00e1s\u00e1ban tov\u00e1bbi n\u00f6veked\u00e9sre sz\u00e1m\u00edtanak az elk\u00f6vetkez\u0151 \u00e9vekben. Az\" \/>\n\t<meta name=\"robots\" content=\"max-image-preview:large\" \/>\n\t<meta name=\"author\" content=\"Juh\u00e1sz P\u00e9ter\"\/>\n\t<link rel=\"canonical\" href=\"https:\/\/allasorias.hu\/hirek\/a-miskolci-szakkepzesi-centrum-minosegi-kepzest-indit\/\" \/>\n\t<meta name=\"generator\" content=\"All in One SEO (AIOSEO) 5.0.0.1\" \/>\n\t\t<meta property=\"og:locale\" content=\"hu_HU\" \/>\n\t\t<meta property=\"og:site_name\" content=\"AllasOrias.hu | H\u00edrek-lapszemle | \u00dczleti h\u00edrek az \u00e1ll\u00e1s \u00e9s a munka vil\u00e1g\u00e1b\u00f3l\" \/>\n\t\t<meta property=\"og:type\" content=\"article\" \/>\n\t\t<meta property=\"og:title\" content=\"A Miskolci Szakk\u00e9pz\u00e9si Centrum min\u0151s\u00e9gi k\u00e9pz\u00e9st ind\u00edt | AllasOrias.hu | H\u00edrek-lapszemle\" \/>\n\t\t<meta property=\"og:description\" content=\"A feln\u0151ttek oktat\u00e1sa ter\u00fclet\u00e9n az iskolarendszerb\u0151l kies\u0151k sz\u00e1m\u00e1ra ind\u00edtottak M\u0171helyiskola programot Borsod megy\u00e9ben. Legt\u00f6bb esetben az iskola befejez\u00e9se el\u0151tt lecsapnak a c\u00e9gek a szakm\u00e1t tanul\u00f3kra, \u00e9s a frissen v\u00e9gzetteket teljes \u00e9rt\u00e9k\u0171 munkav\u00e1llal\u00f3jukk\u00e9nt foglalkoztatj\u00e1k tov\u00e1bb. Miskolcon jelenleg t\u00f6bb mint h\u00e9tezren tanulnak a Miskolci Szakk\u00e9pz\u00e9si Centrum iskol\u00e1iban, mely l\u00e9tsz\u00e1m vonatkoz\u00e1s\u00e1ban tov\u00e1bbi n\u00f6veked\u00e9sre sz\u00e1m\u00edtanak az elk\u00f6vetkez\u0151 \u00e9vekben. Az\" \/>\n\t\t<meta property=\"og:url\" content=\"https:\/\/allasorias.hu\/hirek\/a-miskolci-szakkepzesi-centrum-minosegi-kepzest-indit\/\" \/>\n\t\t<meta property=\"og:image\" content=\"https:\/\/allasorias.hu\/hirek\/wp-content\/uploads\/2020\/10\/everyone-is-smiling-listens-group-people-business-conference-modern-classroom-daytime.jpg\" \/>\n\t\t<meta property=\"og:image:secure_url\" content=\"https:\/\/allasorias.hu\/hirek\/wp-content\/uploads\/2020\/10\/everyone-is-smiling-listens-group-people-business-conference-modern-classroom-daytime.jpg\" \/>\n\t\t<meta property=\"og:image:width\" content=\"1280\" \/>\n\t\t<meta property=\"og:image:height\" content=\"853\" \/>\n\t\t<meta property=\"article:published_time\" content=\"2021-10-13T07:35:46+00:00\" \/>\n\t\t<meta property=\"article:modified_time\" content=\"2021-10-13T07:35:46+00:00\" \/>\n\t\t<meta property=\"article:publisher\" content=\"https:\/\/www.facebook.com\/allasorias\" \/>\n\t\t<meta name=\"twitter:card\" content=\"summary_large_image\" \/>\n\t\t<meta name=\"twitter:title\" content=\"A Miskolci Szakk\u00e9pz\u00e9si Centrum min\u0151s\u00e9gi k\u00e9pz\u00e9st ind\u00edt | AllasOrias.hu | H\u00edrek-lapszemle\" \/>\n\t\t<meta name=\"twitter:description\" content=\"A feln\u0151ttek oktat\u00e1sa ter\u00fclet\u00e9n az iskolarendszerb\u0151l kies\u0151k sz\u00e1m\u00e1ra ind\u00edtottak M\u0171helyiskola programot Borsod megy\u00e9ben. Legt\u00f6bb esetben az iskola befejez\u00e9se el\u0151tt lecsapnak a c\u00e9gek a szakm\u00e1t tanul\u00f3kra, \u00e9s a frissen v\u00e9gzetteket teljes \u00e9rt\u00e9k\u0171 munkav\u00e1llal\u00f3jukk\u00e9nt foglalkoztatj\u00e1k tov\u00e1bb. Miskolcon jelenleg t\u00f6bb mint h\u00e9tezren tanulnak a Miskolci Szakk\u00e9pz\u00e9si Centrum iskol\u00e1iban, mely l\u00e9tsz\u00e1m vonatkoz\u00e1s\u00e1ban tov\u00e1bbi n\u00f6veked\u00e9sre sz\u00e1m\u00edtanak az elk\u00f6vetkez\u0151 \u00e9vekben. Az\" \/>\n\t\t<meta name=\"twitter:image\" content=\"https:\/\/allasorias.hu\/hirek\/wp-content\/uploads\/2020\/10\/everyone-is-smiling-listens-group-people-business-conference-modern-classroom-daytime.jpg\" \/>\n\t\t<meta name=\"twitter:label1\" content=\"Written by\" \/>\n\t\t<meta name=\"twitter:data1\" content=\"Juh\u00e1sz P\u00e9ter\" \/>\n\t\t<meta name=\"twitter:label2\" content=\"Est. reading time\" \/>\n\t\t<meta name=\"twitter:data2\" content=\"3 minutes\" \/>\n\t\t<script type=\"application\/ld+json\" class=\"aioseo-schema\">\n\t\t\t{\"@context\":\"https:\\\/\\\/schema.org\",\"@graph\":[{\"@type\":\"Article\",\"@id\":\"https:\\\/\\\/allasorias.hu\\\/hirek\\\/a-miskolci-szakkepzesi-centrum-minosegi-kepzest-indit\\\/#article\",\"name\":\"A Miskolci Szakk\\u00e9pz\\u00e9si Centrum min\\u0151s\\u00e9gi k\\u00e9pz\\u00e9st ind\\u00edt | AllasOrias.hu | H\\u00edrek-lapszemle\",\"headline\":\"A Miskolci Szakk\\u00e9pz\\u00e9si Centrum min\\u0151s\\u00e9gi k\\u00e9pz\\u00e9st ind\\u00edt\",\"author\":{\"@id\":\"https:\\\/\\\/allasorias.hu\\\/hirek\\\/author\\\/admin-allasorias\\\/#author\"},\"publisher\":{\"@id\":\"https:\\\/\\\/allasorias.hu\\\/hirek\\\/#organization\"},\"image\":{\"@type\":\"ImageObject\",\"url\":\"https:\\\/\\\/allasorias.hu\\\/hirek\\\/wp-content\\\/uploads\\\/2020\\\/10\\\/everyone-is-smiling-listens-group-people-business-conference-modern-classroom-daytime.jpg\",\"width\":1280,\"height\":853,\"caption\":\"Everyone is smiling and listens. Group of people at business conference in modern classroom at daytime.\"},\"datePublished\":\"2021-10-13T07:35:46+02:00\",\"dateModified\":\"2021-10-13T07:35:46+02:00\",\"inLanguage\":\"hu-HU\",\"mainEntityOfPage\":{\"@id\":\"https:\\\/\\\/allasorias.hu\\\/hirek\\\/a-miskolci-szakkepzesi-centrum-minosegi-kepzest-indit\\\/#webpage\"},\"isPartOf\":{\"@id\":\"https:\\\/\\\/allasorias.hu\\\/hirek\\\/a-miskolci-szakkepzesi-centrum-minosegi-kepzest-indit\\\/#webpage\"},\"articleSection\":\"Munkaer\\u0151piac\"},{\"@type\":\"BreadcrumbList\",\"@id\":\"https:\\\/\\\/allasorias.hu\\\/hirek\\\/a-miskolci-szakkepzesi-centrum-minosegi-kepzest-indit\\\/#breadcrumblist\",\"itemListElement\":[{\"@type\":\"ListItem\",\"@id\":\"https:\\\/\\\/allasorias.hu\\\/hirek#listItem\",\"position\":1,\"name\":\"Home\",\"item\":\"https:\\\/\\\/allasorias.hu\\\/hirek\",\"nextItem\":{\"@type\":\"ListItem\",\"@id\":\"https:\\\/\\\/allasorias.hu\\\/hirek\\\/temak\\\/munkaeropiac\\\/#listItem\",\"name\":\"Munkaer\\u0151piac\"}},{\"@type\":\"ListItem\",\"@id\":\"https:\\\/\\\/allasorias.hu\\\/hirek\\\/temak\\\/munkaeropiac\\\/#listItem\",\"position\":2,\"name\":\"Munkaer\\u0151piac\",\"item\":\"https:\\\/\\\/allasorias.hu\\\/hirek\\\/temak\\\/munkaeropiac\\\/\",\"nextItem\":{\"@type\":\"ListItem\",\"@id\":\"https:\\\/\\\/allasorias.hu\\\/hirek\\\/a-miskolci-szakkepzesi-centrum-minosegi-kepzest-indit\\\/#listItem\",\"name\":\"A Miskolci Szakk\\u00e9pz\\u00e9si Centrum min\\u0151s\\u00e9gi k\\u00e9pz\\u00e9st ind\\u00edt\"},\"previousItem\":{\"@type\":\"ListItem\",\"@id\":\"https:\\\/\\\/allasorias.hu\\\/hirek#listItem\",\"name\":\"Home\"}},{\"@type\":\"ListItem\",\"@id\":\"https:\\\/\\\/allasorias.hu\\\/hirek\\\/a-miskolci-szakkepzesi-centrum-minosegi-kepzest-indit\\\/#listItem\",\"position\":3,\"name\":\"A Miskolci Szakk\\u00e9pz\\u00e9si Centrum min\\u0151s\\u00e9gi k\\u00e9pz\\u00e9st ind\\u00edt\",\"previousItem\":{\"@type\":\"ListItem\",\"@id\":\"https:\\\/\\\/allasorias.hu\\\/hirek\\\/temak\\\/munkaeropiac\\\/#listItem\",\"name\":\"Munkaer\\u0151piac\"}}]},{\"@type\":\"Organization\",\"@id\":\"https:\\\/\\\/allasorias.hu\\\/hirek\\\/#organization\",\"name\":\"AllasOrias.hu | H\\u00edrek-lapszemle\",\"description\":\"\\u00dczleti h\\u00edrek az \\u00e1ll\\u00e1s \\u00e9s a munka vil\\u00e1g\\u00e1b\\u00f3l\",\"url\":\"https:\\\/\\\/allasorias.hu\\\/hirek\\\/\",\"logo\":{\"@type\":\"ImageObject\",\"url\":\"https:\\\/\\\/allasorias.hu\\\/hirek\\\/wp-content\\\/uploads\\\/2022\\\/10\\\/allasorias_site_facebok_logo.png\",\"@id\":\"https:\\\/\\\/allasorias.hu\\\/hirek\\\/a-miskolci-szakkepzesi-centrum-minosegi-kepzest-indit\\\/#organizationLogo\"},\"image\":{\"@id\":\"https:\\\/\\\/allasorias.hu\\\/hirek\\\/a-miskolci-szakkepzesi-centrum-minosegi-kepzest-indit\\\/#organizationLogo\"},\"sameAs\":[\"https:\\\/\\\/www.facebook.com\\\/allasorias\",\"https:\\\/\\\/www.linkedin.com\\\/company\\\/allasorias\"]},{\"@type\":\"Person\",\"@id\":\"https:\\\/\\\/allasorias.hu\\\/hirek\\\/author\\\/admin-allasorias\\\/#author\",\"url\":\"https:\\\/\\\/allasorias.hu\\\/hirek\\\/author\\\/admin-allasorias\\\/\",\"name\":\"Juh\\u00e1sz P\\u00e9ter\",\"image\":{\"@type\":\"ImageObject\",\"@id\":\"https:\\\/\\\/allasorias.hu\\\/hirek\\\/a-miskolci-szakkepzesi-centrum-minosegi-kepzest-indit\\\/#authorImage\",\"url\":\"https:\\\/\\\/secure.gravatar.com\\\/avatar\\\/36e6bcb83148978b992977cb0f54d22feb0cce8a0a849a9410532bb2623ba4c6?s=96&d=mm&r=g\",\"width\":96,\"height\":96,\"caption\":\"Juh\\u00e1sz P\\u00e9ter\"}},{\"@type\":\"WebPage\",\"@id\":\"https:\\\/\\\/allasorias.hu\\\/hirek\\\/a-miskolci-szakkepzesi-centrum-minosegi-kepzest-indit\\\/#webpage\",\"url\":\"https:\\\/\\\/allasorias.hu\\\/hirek\\\/a-miskolci-szakkepzesi-centrum-minosegi-kepzest-indit\\\/\",\"name\":\"A Miskolci Szakk\\u00e9pz\\u00e9si Centrum min\\u0151s\\u00e9gi k\\u00e9pz\\u00e9st ind\\u00edt | AllasOrias.hu | H\\u00edrek-lapszemle\",\"description\":\"A feln\\u0151ttek oktat\\u00e1sa ter\\u00fclet\\u00e9n az iskolarendszerb\\u0151l kies\\u0151k sz\\u00e1m\\u00e1ra ind\\u00edtottak M\\u0171helyiskola programot Borsod megy\\u00e9ben. Legt\\u00f6bb esetben az iskola befejez\\u00e9se el\\u0151tt lecsapnak a c\\u00e9gek a szakm\\u00e1t tanul\\u00f3kra, \\u00e9s a frissen v\\u00e9gzetteket teljes \\u00e9rt\\u00e9k\\u0171 munkav\\u00e1llal\\u00f3jukk\\u00e9nt foglalkoztatj\\u00e1k tov\\u00e1bb. Miskolcon jelenleg t\\u00f6bb mint h\\u00e9tezren tanulnak a Miskolci Szakk\\u00e9pz\\u00e9si Centrum iskol\\u00e1iban, mely l\\u00e9tsz\\u00e1m vonatkoz\\u00e1s\\u00e1ban tov\\u00e1bbi n\\u00f6veked\\u00e9sre sz\\u00e1m\\u00edtanak az elk\\u00f6vetkez\\u0151 \\u00e9vekben. Az\",\"inLanguage\":\"hu-HU\",\"isPartOf\":{\"@id\":\"https:\\\/\\\/allasorias.hu\\\/hirek\\\/#website\"},\"breadcrumb\":{\"@id\":\"https:\\\/\\\/allasorias.hu\\\/hirek\\\/a-miskolci-szakkepzesi-centrum-minosegi-kepzest-indit\\\/#breadcrumblist\"},\"author\":{\"@id\":\"https:\\\/\\\/allasorias.hu\\\/hirek\\\/author\\\/admin-allasorias\\\/#author\"},\"creator\":{\"@id\":\"https:\\\/\\\/allasorias.hu\\\/hirek\\\/author\\\/admin-allasorias\\\/#author\"},\"image\":{\"@type\":\"ImageObject\",\"url\":\"https:\\\/\\\/allasorias.hu\\\/hirek\\\/wp-content\\\/uploads\\\/2020\\\/10\\\/everyone-is-smiling-listens-group-people-business-conference-modern-classroom-daytime.jpg\",\"@id\":\"https:\\\/\\\/allasorias.hu\\\/hirek\\\/a-miskolci-szakkepzesi-centrum-minosegi-kepzest-indit\\\/#mainImage\",\"width\":1280,\"height\":853,\"caption\":\"Everyone is smiling and listens. Group of people at business conference in modern classroom at daytime.\"},\"primaryImageOfPage\":{\"@id\":\"https:\\\/\\\/allasorias.hu\\\/hirek\\\/a-miskolci-szakkepzesi-centrum-minosegi-kepzest-indit\\\/#mainImage\"},\"datePublished\":\"2021-10-13T07:35:46+02:00\",\"dateModified\":\"2021-10-13T07:35:46+02:00\"},{\"@type\":\"WebSite\",\"@id\":\"https:\\\/\\\/allasorias.hu\\\/hirek\\\/#website\",\"url\":\"https:\\\/\\\/allasorias.hu\\\/hirek\\\/\",\"name\":\"AllasOrias.hu | H\\u00edrek-lapszemle\",\"description\":\"\\u00dczleti h\\u00edrek az \\u00e1ll\\u00e1s \\u00e9s a munka vil\\u00e1g\\u00e1b\\u00f3l\",\"inLanguage\":\"hu-HU\",\"publisher\":{\"@id\":\"https:\\\/\\\/allasorias.hu\\\/hirek\\\/#organization\"}}]}\n\t\t<\/script>\n\t\t<!-- All in One SEO -->\n\n","aioseo_head_json":{"title":"A Miskolci Szakk\u00e9pz\u00e9si Centrum min\u0151s\u00e9gi k\u00e9pz\u00e9st ind\u00edt | AllasOrias.hu | H\u00edrek-lapszemle","description":"A feln\u0151ttek oktat\u00e1sa ter\u00fclet\u00e9n az iskolarendszerb\u0151l kies\u0151k sz\u00e1m\u00e1ra ind\u00edtottak M\u0171helyiskola programot Borsod megy\u00e9ben. Legt\u00f6bb esetben az iskola befejez\u00e9se el\u0151tt lecsapnak a c\u00e9gek a szakm\u00e1t tanul\u00f3kra, \u00e9s a frissen v\u00e9gzetteket teljes \u00e9rt\u00e9k\u0171 munkav\u00e1llal\u00f3jukk\u00e9nt foglalkoztatj\u00e1k tov\u00e1bb. Miskolcon jelenleg t\u00f6bb mint h\u00e9tezren tanulnak a Miskolci Szakk\u00e9pz\u00e9si Centrum iskol\u00e1iban, mely l\u00e9tsz\u00e1m vonatkoz\u00e1s\u00e1ban tov\u00e1bbi n\u00f6veked\u00e9sre sz\u00e1m\u00edtanak az elk\u00f6vetkez\u0151 \u00e9vekben. Az","canonical_url":"https:\/\/allasorias.hu\/hirek\/a-miskolci-szakkepzesi-centrum-minosegi-kepzest-indit\/","robots":"max-image-preview:large","keywords":"","webmasterTools":{"miscellaneous":""},"schema":{"@context":"https:\/\/schema.org","@graph":[{"@type":"Article","@id":"https:\/\/allasorias.hu\/hirek\/a-miskolci-szakkepzesi-centrum-minosegi-kepzest-indit\/#article","name":"A Miskolci Szakk\u00e9pz\u00e9si Centrum min\u0151s\u00e9gi k\u00e9pz\u00e9st ind\u00edt | AllasOrias.hu | H\u00edrek-lapszemle","headline":"A Miskolci Szakk\u00e9pz\u00e9si Centrum min\u0151s\u00e9gi k\u00e9pz\u00e9st ind\u00edt","author":{"@id":"https:\/\/allasorias.hu\/hirek\/author\/admin-allasorias\/#author"},"publisher":{"@id":"https:\/\/allasorias.hu\/hirek\/#organization"},"image":{"@type":"ImageObject","url":"https:\/\/allasorias.hu\/hirek\/wp-content\/uploads\/2020\/10\/everyone-is-smiling-listens-group-people-business-conference-modern-classroom-daytime.jpg","width":1280,"height":853,"caption":"Everyone is smiling and listens. Group of people at business conference in modern classroom at daytime."},"datePublished":"2021-10-13T07:35:46+02:00","dateModified":"2021-10-13T07:35:46+02:00","inLanguage":"hu-HU","mainEntityOfPage":{"@id":"https:\/\/allasorias.hu\/hirek\/a-miskolci-szakkepzesi-centrum-minosegi-kepzest-indit\/#webpage"},"isPartOf":{"@id":"https:\/\/allasorias.hu\/hirek\/a-miskolci-szakkepzesi-centrum-minosegi-kepzest-indit\/#webpage"},"articleSection":"Munkaer\u0151piac"},{"@type":"BreadcrumbList","@id":"https:\/\/allasorias.hu\/hirek\/a-miskolci-szakkepzesi-centrum-minosegi-kepzest-indit\/#breadcrumblist","itemListElement":[{"@type":"ListItem","@id":"https:\/\/allasorias.hu\/hirek#listItem","position":1,"name":"Home","item":"https:\/\/allasorias.hu\/hirek","nextItem":{"@type":"ListItem","@id":"https:\/\/allasorias.hu\/hirek\/temak\/munkaeropiac\/#listItem","name":"Munkaer\u0151piac"}},{"@type":"ListItem","@id":"https:\/\/allasorias.hu\/hirek\/temak\/munkaeropiac\/#listItem","position":2,"name":"Munkaer\u0151piac","item":"https:\/\/allasorias.hu\/hirek\/temak\/munkaeropiac\/","nextItem":{"@type":"ListItem","@id":"https:\/\/allasorias.hu\/hirek\/a-miskolci-szakkepzesi-centrum-minosegi-kepzest-indit\/#listItem","name":"A Miskolci Szakk\u00e9pz\u00e9si Centrum min\u0151s\u00e9gi k\u00e9pz\u00e9st ind\u00edt"},"previousItem":{"@type":"ListItem","@id":"https:\/\/allasorias.hu\/hirek#listItem","name":"Home"}},{"@type":"ListItem","@id":"https:\/\/allasorias.hu\/hirek\/a-miskolci-szakkepzesi-centrum-minosegi-kepzest-indit\/#listItem","position":3,"name":"A Miskolci Szakk\u00e9pz\u00e9si Centrum min\u0151s\u00e9gi k\u00e9pz\u00e9st ind\u00edt","previousItem":{"@type":"ListItem","@id":"https:\/\/allasorias.hu\/hirek\/temak\/munkaeropiac\/#listItem","name":"Munkaer\u0151piac"}}]},{"@type":"Organization","@id":"https:\/\/allasorias.hu\/hirek\/#organization","name":"AllasOrias.hu | H\u00edrek-lapszemle","description":"\u00dczleti h\u00edrek az \u00e1ll\u00e1s \u00e9s a munka vil\u00e1g\u00e1b\u00f3l","url":"https:\/\/allasorias.hu\/hirek\/","logo":{"@type":"ImageObject","url":"https:\/\/allasorias.hu\/hirek\/wp-content\/uploads\/2022\/10\/allasorias_site_facebok_logo.png","@id":"https:\/\/allasorias.hu\/hirek\/a-miskolci-szakkepzesi-centrum-minosegi-kepzest-indit\/#organizationLogo"},"image":{"@id":"https:\/\/allasorias.hu\/hirek\/a-miskolci-szakkepzesi-centrum-minosegi-kepzest-indit\/#organizationLogo"},"sameAs":["https:\/\/www.facebook.com\/allasorias","https:\/\/www.linkedin.com\/company\/allasorias"]},{"@type":"Person","@id":"https:\/\/allasorias.hu\/hirek\/author\/admin-allasorias\/#author","url":"https:\/\/allasorias.hu\/hirek\/author\/admin-allasorias\/","name":"Juh\u00e1sz P\u00e9ter","image":{"@type":"ImageObject","@id":"https:\/\/allasorias.hu\/hirek\/a-miskolci-szakkepzesi-centrum-minosegi-kepzest-indit\/#authorImage","url":"https:\/\/secure.gravatar.com\/avatar\/36e6bcb83148978b992977cb0f54d22feb0cce8a0a849a9410532bb2623ba4c6?s=96&d=mm&r=g","width":96,"height":96,"caption":"Juh\u00e1sz P\u00e9ter"}},{"@type":"WebPage","@id":"https:\/\/allasorias.hu\/hirek\/a-miskolci-szakkepzesi-centrum-minosegi-kepzest-indit\/#webpage","url":"https:\/\/allasorias.hu\/hirek\/a-miskolci-szakkepzesi-centrum-minosegi-kepzest-indit\/","name":"A Miskolci Szakk\u00e9pz\u00e9si Centrum min\u0151s\u00e9gi k\u00e9pz\u00e9st ind\u00edt | AllasOrias.hu | H\u00edrek-lapszemle","description":"A feln\u0151ttek oktat\u00e1sa ter\u00fclet\u00e9n az iskolarendszerb\u0151l kies\u0151k sz\u00e1m\u00e1ra ind\u00edtottak M\u0171helyiskola programot Borsod megy\u00e9ben. Legt\u00f6bb esetben az iskola befejez\u00e9se el\u0151tt lecsapnak a c\u00e9gek a szakm\u00e1t tanul\u00f3kra, \u00e9s a frissen v\u00e9gzetteket teljes \u00e9rt\u00e9k\u0171 munkav\u00e1llal\u00f3jukk\u00e9nt foglalkoztatj\u00e1k tov\u00e1bb. Miskolcon jelenleg t\u00f6bb mint h\u00e9tezren tanulnak a Miskolci Szakk\u00e9pz\u00e9si Centrum iskol\u00e1iban, mely l\u00e9tsz\u00e1m vonatkoz\u00e1s\u00e1ban tov\u00e1bbi n\u00f6veked\u00e9sre sz\u00e1m\u00edtanak az elk\u00f6vetkez\u0151 \u00e9vekben. Az","inLanguage":"hu-HU","isPartOf":{"@id":"https:\/\/allasorias.hu\/hirek\/#website"},"breadcrumb":{"@id":"https:\/\/allasorias.hu\/hirek\/a-miskolci-szakkepzesi-centrum-minosegi-kepzest-indit\/#breadcrumblist"},"author":{"@id":"https:\/\/allasorias.hu\/hirek\/author\/admin-allasorias\/#author"},"creator":{"@id":"https:\/\/allasorias.hu\/hirek\/author\/admin-allasorias\/#author"},"image":{"@type":"ImageObject","url":"https:\/\/allasorias.hu\/hirek\/wp-content\/uploads\/2020\/10\/everyone-is-smiling-listens-group-people-business-conference-modern-classroom-daytime.jpg","@id":"https:\/\/allasorias.hu\/hirek\/a-miskolci-szakkepzesi-centrum-minosegi-kepzest-indit\/#mainImage","width":1280,"height":853,"caption":"Everyone is smiling and listens. Group of people at business conference in modern classroom at daytime."},"primaryImageOfPage":{"@id":"https:\/\/allasorias.hu\/hirek\/a-miskolci-szakkepzesi-centrum-minosegi-kepzest-indit\/#mainImage"},"datePublished":"2021-10-13T07:35:46+02:00","dateModified":"2021-10-13T07:35:46+02:00"},{"@type":"WebSite","@id":"https:\/\/allasorias.hu\/hirek\/#website","url":"https:\/\/allasorias.hu\/hirek\/","name":"AllasOrias.hu | H\u00edrek-lapszemle","description":"\u00dczleti h\u00edrek az \u00e1ll\u00e1s \u00e9s a munka vil\u00e1g\u00e1b\u00f3l","inLanguage":"hu-HU","publisher":{"@id":"https:\/\/allasorias.hu\/hirek\/#organization"}}]},"og:locale":"hu_HU","og:site_name":"AllasOrias.hu | H\u00edrek-lapszemle | \u00dczleti h\u00edrek az \u00e1ll\u00e1s \u00e9s a munka vil\u00e1g\u00e1b\u00f3l","og:type":"article","og:title":"A Miskolci Szakk\u00e9pz\u00e9si Centrum min\u0151s\u00e9gi k\u00e9pz\u00e9st ind\u00edt | AllasOrias.hu | H\u00edrek-lapszemle","og:description":"A feln\u0151ttek oktat\u00e1sa ter\u00fclet\u00e9n az iskolarendszerb\u0151l kies\u0151k sz\u00e1m\u00e1ra ind\u00edtottak M\u0171helyiskola programot Borsod megy\u00e9ben. Legt\u00f6bb esetben az iskola befejez\u00e9se el\u0151tt lecsapnak a c\u00e9gek a szakm\u00e1t tanul\u00f3kra, \u00e9s a frissen v\u00e9gzetteket teljes \u00e9rt\u00e9k\u0171 munkav\u00e1llal\u00f3jukk\u00e9nt foglalkoztatj\u00e1k tov\u00e1bb. Miskolcon jelenleg t\u00f6bb mint h\u00e9tezren tanulnak a Miskolci Szakk\u00e9pz\u00e9si Centrum iskol\u00e1iban, mely l\u00e9tsz\u00e1m vonatkoz\u00e1s\u00e1ban tov\u00e1bbi n\u00f6veked\u00e9sre sz\u00e1m\u00edtanak az elk\u00f6vetkez\u0151 \u00e9vekben. Az","og:url":"https:\/\/allasorias.hu\/hirek\/a-miskolci-szakkepzesi-centrum-minosegi-kepzest-indit\/","og:image":"https:\/\/allasorias.hu\/hirek\/wp-content\/uploads\/2020\/10\/everyone-is-smiling-listens-group-people-business-conference-modern-classroom-daytime.jpg","og:image:secure_url":"https:\/\/allasorias.hu\/hirek\/wp-content\/uploads\/2020\/10\/everyone-is-smiling-listens-group-people-business-conference-modern-classroom-daytime.jpg","og:image:width":1280,"og:image:height":853,"article:published_time":"2021-10-13T07:35:46+00:00","article:modified_time":"2021-10-13T07:35:46+00:00","article:publisher":"https:\/\/www.facebook.com\/allasorias","twitter:card":"summary_large_image","twitter:title":"A Miskolci Szakk\u00e9pz\u00e9si Centrum min\u0151s\u00e9gi k\u00e9pz\u00e9st ind\u00edt | AllasOrias.hu | H\u00edrek-lapszemle","twitter:description":"A feln\u0151ttek oktat\u00e1sa ter\u00fclet\u00e9n az iskolarendszerb\u0151l kies\u0151k sz\u00e1m\u00e1ra ind\u00edtottak M\u0171helyiskola programot Borsod megy\u00e9ben. Legt\u00f6bb esetben az iskola befejez\u00e9se el\u0151tt lecsapnak a c\u00e9gek a szakm\u00e1t tanul\u00f3kra, \u00e9s a frissen v\u00e9gzetteket teljes \u00e9rt\u00e9k\u0171 munkav\u00e1llal\u00f3jukk\u00e9nt foglalkoztatj\u00e1k tov\u00e1bb. Miskolcon jelenleg t\u00f6bb mint h\u00e9tezren tanulnak a Miskolci Szakk\u00e9pz\u00e9si Centrum iskol\u00e1iban, mely l\u00e9tsz\u00e1m vonatkoz\u00e1s\u00e1ban tov\u00e1bbi n\u00f6veked\u00e9sre sz\u00e1m\u00edtanak az elk\u00f6vetkez\u0151 \u00e9vekben. Az","twitter:image":"https:\/\/allasorias.hu\/hirek\/wp-content\/uploads\/2020\/10\/everyone-is-smiling-listens-group-people-business-conference-modern-classroom-daytime.jpg","twitter:label1":"Written by","twitter:data1":"Juh\u00e1sz P\u00e9ter","twitter:label2":"Est. reading time","twitter:data2":"3 minutes"},"aioseo_meta_data":{"post_id":"5118","title":null,"description":null,"keywords":[],"keyphrases":{"focus":[],"additional":[]},"primary_term":null,"canonical_url":null,"og_title":null,"og_description":null,"og_object_type":"default","og_image_type":"default","og_image_url":null,"og_image_width":null,"og_image_height":null,"og_image_custom_url":null,"og_image_custom_fields":null,"og_video":"","og_custom_url":null,"og_article_section":null,"og_article_tags":[],"twitter_use_og":false,"twitter_card":"default","twitter_image_type":"default","twitter_image_url":null,"twitter_image_custom_url":null,"twitter_image_custom_fields":null,"twitter_title":null,"twitter_description":null,"schema":{"blockGraphs":[],"customGraphs":[],"default":{"data":{"Article":[],"Course":[],"Dataset":[],"FAQPage":[],"Movie":[],"Person":[],"Product":[],"ProductReview":[],"Car":[],"Recipe":[],"Service":[],"SoftwareApplication":[],"WebPage":[]},"graphName":"","isEnabled":true},"graphs":[],"defaultGraph":"Article","defaultPostTypeGraph":""},"schema_type":"default","schema_type_options":"{\"article\":{\"articleType\":\"BlogPosting\"},\"course\":{\"name\":\"\",\"description\":\"\",\"provider\":\"\"},\"faq\":{\"pages\":[]},\"product\":{\"reviews\":[]},\"recipe\":{\"ingredients\":[],\"instructions\":[],\"keywords\":[]},\"software\":{\"reviews\":[],\"operatingSystems\":[]},\"webPage\":{\"webPageType\":\"WebPage\"}}","pillar_content":false,"robots_default":true,"robots_noindex":false,"robots_noarchive":false,"robots_nosnippet":false,"robots_nofollow":false,"robots_noimageindex":false,"robots_noodp":false,"robots_notranslate":false,"robots_max_snippet":"-1","robots_max_videopreview":"-1","robots_max_imagepreview":"large","priority":null,"frequency":"default","location":null,"local_seo":{"locations":{"business":{"name":"","businessType":"","image":"","areaServed":"","urls":{"website":"","aboutPage":"","contactPage":""},"address":{"streetLine1":"","streetLine2":"","zipCode":"","city":"","state":"","country":"","addressFormat":"#streetLineOne\n#streetLineTwo\n#city, #state #zipCode"},"contact":{"email":"","phone":"","phoneFormatted":"","fax":"","faxFormatted":""},"ids":{"vat":"","tax":"","chamberOfCommerce":""},"payment":{"priceRange":"","currenciesAccepted":"","methods":""}}},"openingHours":{"useDefaults":true,"show":true,"alwaysOpen":false,"use24hFormat":false,"timezone":"","labels":{"closed":"","alwaysOpen":""},"days":{"monday":{"open24h":false,"closed":false,"openTime":"09:00","closeTime":"17:00"},"tuesday":{"open24h":false,"closed":false,"openTime":"09:00","closeTime":"17:00"},"wednesday":{"open24h":false,"closed":false,"openTime":"09:00","closeTime":"17:00"},"thursday":{"open24h":false,"closed":false,"openTime":"09:00","closeTime":"17:00"},"friday":{"open24h":false,"closed":false,"openTime":"09:00","closeTime":"17:00"},"saturday":{"open24h":false,"closed":false,"openTime":"09:00","closeTime":"17:00"},"sunday":{"open24h":false,"closed":false,"openTime":"09:00","closeTime":"17:00"}}}},"breadcrumb_settings":null,"limit_modified_date":false,"ai":null,"created":"2021-10-13 07:29:59","updated":"2025-10-02 16:17:28","seo_analyzer_scan_date":null,"focus_keyword":null,"additional_keywords":null,"truseo_locale":null},"aioseo_breadcrumb":"<div class=\"aioseo-breadcrumbs\"><span class=\"aioseo-breadcrumb\">\n\t\t\t<a href=\"https:\/\/allasorias.hu\/hirek\" title=\"Home\">Home<\/a>\n\t\t<\/span><span class=\"aioseo-breadcrumb-separator\">&raquo;<\/span><span class=\"aioseo-breadcrumb\">\n\t\t\t<a href=\"https:\/\/allasorias.hu\/hirek\/temak\/munkaeropiac\/\" title=\"Munkaer\u0151piac\">Munkaer\u0151piac<\/a>\n\t\t<\/span><span class=\"aioseo-breadcrumb-separator\">&raquo;<\/span><span class=\"aioseo-breadcrumb\">\n\t\t\tA Miskolci Szakk\u00e9pz\u00e9si Centrum min\u0151s\u00e9gi k\u00e9pz\u00e9st ind\u00edt\n\t\t<\/span><\/div>","aioseo_breadcrumb_json":[{"label":"Home","link":"https:\/\/allasorias.hu\/hirek"},{"label":"Munkaer\u0151piac","link":"https:\/\/allasorias.hu\/hirek\/temak\/munkaeropiac\/"},{"label":"A Miskolci Szakk\u00e9pz\u00e9si Centrum min\u0151s\u00e9gi k\u00e9pz\u00e9st ind\u00edt","link":"https:\/\/allasorias.hu\/hirek\/a-miskolci-szakkepzesi-centrum-minosegi-kepzest-indit\/"}],"_links":{"self":[{"href":"https:\/\/allasorias.hu\/hirek\/wp-json\/wp\/v2\/posts\/5118","targetHints":{"allow":["GET"]}}],"collection":[{"href":"https:\/\/allasorias.hu\/hirek\/wp-json\/wp\/v2\/posts"}],"about":[{"href":"https:\/\/allasorias.hu\/hirek\/wp-json\/wp\/v2\/types\/post"}],"author":[{"embeddable":true,"href":"https:\/\/allasorias.hu\/hirek\/wp-json\/wp\/v2\/users\/1"}],"replies":[{"embeddable":true,"href":"https:\/\/allasorias.hu\/hirek\/wp-json\/wp\/v2\/comments?post=5118"}],"version-history":[{"count":1,"href":"https:\/\/allasorias.hu\/hirek\/wp-json\/wp\/v2\/posts\/5118\/revisions"}],"predecessor-version":[{"id":5119,"href":"https:\/\/allasorias.hu\/hirek\/wp-json\/wp\/v2\/posts\/5118\/revisions\/5119"}],"wp:featuredmedia":[{"embeddable":true,"href":"https:\/\/allasorias.hu\/hirek\/wp-json\/wp\/v2\/media\/4341"}],"wp:attachment":[{"href":"https:\/\/allasorias.hu\/hirek\/wp-json\/wp\/v2\/media?parent=5118"}],"wp:term":[{"taxonomy":"category","embeddable":true,"href":"https:\/\/allasorias.hu\/hirek\/wp-json\/wp\/v2\/categories?post=5118"},{"taxonomy":"post_tag","embeddable":true,"href":"https:\/\/allasorias.hu\/hirek\/wp-json\/wp\/v2\/tags?post=5118"}],"curies":[{"name":"wp","href":"https:\/\/api.w.org\/{rel}","templated":true}]}}