{"id":5113,"date":"2021-10-11T07:55:16","date_gmt":"2021-10-11T07:55:16","guid":{"rendered":"https:\/\/allasorias.hu\/hirek\/?p=5113"},"modified":"2021-10-11T07:55:16","modified_gmt":"2021-10-11T07:55:16","slug":"a-pandemia-hatasa-a-cegekre","status":"publish","type":"post","link":"https:\/\/allasorias.hu\/hirek\/a-pandemia-hatasa-a-cegekre\/","title":{"rendered":"A pand\u00e9mia hat\u00e1sa a c\u00e9gekre"},"content":{"rendered":"<p><strong>Drasztikusan megv\u00e1ltozott k\u00f6rnyezetben, v\u00e1ls\u00e1ghelyzetben a munkat\u00e1rsak ment\u00e1lis probl\u00e9m\u00e1inak h\u00e1tter\u00e9ben a kontroll jelleg\u00e9nek, intenzit\u00e1s\u00e1nak megv\u00e1ltoz\u00e1sa \u00e1ll \u2013 der\u00fcl ki a Lounge Group Munkadinamika c\u00edm\u0171 kutat\u00e1s\u00e1nak els\u0151 f\u00e1zis\u00e1b\u00f3l.<\/strong><\/p>\n<p>A pand\u00e9mi\u00e1s id\u0151szakban is els\u0151sorban a kontroll v\u00e1ltozott meg az emberek \u00e9let\u00e9ben \u2013 ez a meg\u00e1llap\u00edt\u00e1s azonban a munkahelyi vet\u00fcleten t\u00fal a dolgoz\u00f3k minden \u00e9lethelyzet\u00e9ben, \u00edgy a mag\u00e1n\u00e9letben is igaznak bizonyul. A mag\u00e1n\u00e9leti hat\u00e1sok vizsg\u00e1lat\u00e1t indokolja, hogy ezek is direkt hat\u00e1ssal vannak a munkav\u00e9gz\u00e9sre. \u201eHa a munkaad\u00f3 ismeri a munkav\u00e1llal\u00f3 kontrollal val\u00f3 kapcsolat\u00e1t, kialak\u00edthat sz\u00e1m\u00e1ra egy olyan komfortos k\u00f6rnyezetet a munkahelyen, ahol felt\u00f6lt\u0151dhet, ahol h\u00faz mag\u00e1nak egy falat, frissen megy haza, \u00e9s \u00edgy tud szemben\u00e9zni az otthon kialakult helyzettel. Ez\u00e1ltal ott is eredm\u00e9nyesebb lehet, a folyamat eredm\u00e9nye pedig v\u00e9gs\u0151 soron egy stabil munkav\u00e1llal\u00f3\u201d \u2013 fogalmazott Hidv\u00e9gi Krisztina, a Lounge Group m\u00e9diaigazgat\u00f3ja. A kutat\u00e1s szerint p\u00e9ld\u00e1ul sokan az\u00e9rt v\u00e1ltak az elm\u00falt id\u0151szakban \u201emunkam\u00e1ni\u00e1ss\u00e1\u201d, mert a megv\u00e1ltozott helyzet el\u0151l menek\u00fcltek. A dolgoz\u00f3k \u00fagy \u00e9rezt\u00e9k, ha a f\u0151n\u00f6k\u00fck nem l\u00e1tta a munk\u00e1jukat, akkor ink\u00e1bb t\u00f6bbet dolgoznak, hogy biztosan ne legyen probl\u00e9m\u00e1juk. Ez v\u00e9gs\u0151 soron a kontrollveszt\u00e9st\u0151l \u00e9s annak k\u00f6vetkezm\u00e9ny\u00e9t\u0151l val\u00f3 f\u00e9lelmet jelenti, e mentalit\u00e1s pedig v\u00e9g\u00fcl minden esetben frusztr\u00e1ci\u00f3t sz\u00fcl. Voltak, akiknek a napi rutin kialak\u00edt\u00e1sa jelentett neh\u00e9zs\u00e9get a j\u00e1rv\u00e1nyid\u0151szakban, illetve k\u00fcls\u0151 forr\u00e1sb\u00f3l v\u00e1rt\u00e1k az \u00fatmutat\u00e1st \u2013 azaz pszichol\u00f3giai \u00e9rtelemben, ebb\u0151l a szempontb\u00f3l tin\u00e9dzserr\u00e9 v\u00e1ltak. \u201eA k\u00f6zel k\u00e9t\u00e9ve h\u00faz\u00f3d\u00f3 v\u00edrushelyzet az emberek ment\u00e1lis terhel\u00e9s\u00e9ben m\u00e1r-m\u00e1r tet\u0151zni l\u00e1tszik, emiatt pedig a t\u00e1rsadalmi fesz\u00fclts\u00e9g \u00e9s a szorong\u00e1s egyre t\u00f6bb platformon tetten \u00e9rhet\u0151. Ha pedig egy ember ment\u00e1lisan nincs rendben, akkor az egy v\u00e1llalat sz\u00e1m\u00e1ra, a v\u00e1llalat m\u0171k\u00f6d\u00e9s\u00e9t tekintve is probl\u00e9ma\u201d \u2013 tette hozz\u00e1 a szakember. A gazdas\u00e1g mozgat\u00f3rug\u00f3jak\u00e9nt is sz\u00e1montartott kkv-szektor els\u0151sorban a kieg\u00e9sz\u00edt\u0151 kommunik\u00e1ci\u00f3s megold\u00e1sokra, meetingekre \u00e9s st\u00e1tuszokra helyezte a hangs\u00falyt a pand\u00e9mia sor\u00e1n. T\u00f6bb c\u00e9gn\u00e9l munkacsoportok fel\u00e1ll\u00edt\u00e1s\u00e1val, \u00e9l\u00fckre pedig felel\u0151s\u00f6k kinevez\u00e9s\u00e9vel oldott\u00e1k fel a megn\u00f6vekedett t\u00e1vols\u00e1got, kommunik\u00e1ci\u00f3s neh\u00e9zs\u00e9geket. Ez egyfajta kieg\u00e9sz\u00edt\u0151 kontrollpontot jelentett, a felel\u0151ss\u00e9g pedig az als\u00f3bb szintekre is hat\u00e1ssal volt. A koronav\u00edrus okozta v\u00e1ls\u00e1ghelyzet egy \u00faj jelens\u00e9g, ez\u00e9rt nem \u00e1llnak rendelkez\u00e9sre kor\u00e1bbi kutat\u00e1sok vagy szakirodalom.<\/p>\n<p>Forr\u00e1s:digitalhungary.hu<\/p>\n<p>&nbsp;<\/p>\n","protected":false},"excerpt":{"rendered":"<p>Drasztikusan megv\u00e1ltozott k\u00f6rnyezetben, v\u00e1ls\u00e1ghelyzetben a munkat\u00e1rsak ment\u00e1lis probl\u00e9m\u00e1inak h\u00e1tter\u00e9ben a kontroll jelleg\u00e9nek, intenzit\u00e1s\u00e1nak megv\u00e1ltoz\u00e1sa \u00e1ll \u2013 der\u00fcl ki a Lounge Group Munkadinamika c\u00edm\u0171 kutat\u00e1s\u00e1nak els\u0151 f\u00e1zis\u00e1b\u00f3l. A pand\u00e9mi\u00e1s id\u0151szakban is els\u0151sorban a kontroll v\u00e1ltozott meg az emberek \u00e9let\u00e9ben \u2013 ez a meg\u00e1llap\u00edt\u00e1s azonban a munkahelyi vet\u00fcleten t\u00fal a dolgoz\u00f3k minden \u00e9lethelyzet\u00e9ben, \u00edgy a mag\u00e1n\u00e9letben is [&hellip;]<\/p>\n","protected":false},"author":1,"featured_media":4607,"comment_status":"open","ping_status":"open","sticky":false,"template":"","format":"standard","meta":{"_monsterinsights_skip_tracking":false,"footnotes":""},"categories":[200],"tags":[],"class_list":["post-5113","post","type-post","status-publish","format-standard","has-post-thumbnail","hentry","category-munkaeropiac"],"aioseo_notices":[],"aioseo_head":"\n\t\t<!-- All in One SEO 5.0.0.1 - aioseo.com -->\n\t<meta name=\"description\" content=\"Drasztikusan megv\u00e1ltozott k\u00f6rnyezetben, v\u00e1ls\u00e1ghelyzetben a munkat\u00e1rsak ment\u00e1lis probl\u00e9m\u00e1inak h\u00e1tter\u00e9ben a kontroll jelleg\u00e9nek, intenzit\u00e1s\u00e1nak megv\u00e1ltoz\u00e1sa \u00e1ll \u2013 der\u00fcl ki a Lounge Group Munkadinamika c\u00edm\u0171 kutat\u00e1s\u00e1nak els\u0151 f\u00e1zis\u00e1b\u00f3l. A pand\u00e9mi\u00e1s id\u0151szakban is els\u0151sorban a kontroll v\u00e1ltozott meg az emberek \u00e9let\u00e9ben \u2013 ez a meg\u00e1llap\u00edt\u00e1s azonban a munkahelyi vet\u00fcleten t\u00fal a dolgoz\u00f3k minden \u00e9lethelyzet\u00e9ben, \u00edgy a mag\u00e1n\u00e9letben is\" \/>\n\t<meta name=\"robots\" content=\"max-image-preview:large\" \/>\n\t<meta name=\"author\" content=\"Juh\u00e1sz P\u00e9ter\"\/>\n\t<link rel=\"canonical\" href=\"https:\/\/allasorias.hu\/hirek\/a-pandemia-hatasa-a-cegekre\/\" \/>\n\t<meta name=\"generator\" content=\"All in One SEO (AIOSEO) 5.0.0.1\" \/>\n\t\t<meta property=\"og:locale\" content=\"hu_HU\" \/>\n\t\t<meta property=\"og:site_name\" content=\"AllasOrias.hu | H\u00edrek-lapszemle | \u00dczleti h\u00edrek az \u00e1ll\u00e1s \u00e9s a munka vil\u00e1g\u00e1b\u00f3l\" \/>\n\t\t<meta property=\"og:type\" content=\"article\" \/>\n\t\t<meta property=\"og:title\" content=\"A pand\u00e9mia hat\u00e1sa a c\u00e9gekre | AllasOrias.hu | H\u00edrek-lapszemle\" \/>\n\t\t<meta property=\"og:description\" content=\"Drasztikusan megv\u00e1ltozott k\u00f6rnyezetben, v\u00e1ls\u00e1ghelyzetben a munkat\u00e1rsak ment\u00e1lis probl\u00e9m\u00e1inak h\u00e1tter\u00e9ben a kontroll jelleg\u00e9nek, intenzit\u00e1s\u00e1nak megv\u00e1ltoz\u00e1sa \u00e1ll \u2013 der\u00fcl ki a Lounge Group Munkadinamika c\u00edm\u0171 kutat\u00e1s\u00e1nak els\u0151 f\u00e1zis\u00e1b\u00f3l. A pand\u00e9mi\u00e1s id\u0151szakban is els\u0151sorban a kontroll v\u00e1ltozott meg az emberek \u00e9let\u00e9ben \u2013 ez a meg\u00e1llap\u00edt\u00e1s azonban a munkahelyi vet\u00fcleten t\u00fal a dolgoz\u00f3k minden \u00e9lethelyzet\u00e9ben, \u00edgy a mag\u00e1n\u00e9letben is\" \/>\n\t\t<meta property=\"og:url\" content=\"https:\/\/allasorias.hu\/hirek\/a-pandemia-hatasa-a-cegekre\/\" \/>\n\t\t<meta property=\"og:image\" content=\"https:\/\/allasorias.hu\/hirek\/wp-content\/uploads\/2021\/02\/office-new-normal-men-wearing-medical-mask-covid-19.jpg\" \/>\n\t\t<meta property=\"og:image:secure_url\" content=\"https:\/\/allasorias.hu\/hirek\/wp-content\/uploads\/2021\/02\/office-new-normal-men-wearing-medical-mask-covid-19.jpg\" \/>\n\t\t<meta property=\"og:image:width\" content=\"1920\" \/>\n\t\t<meta property=\"og:image:height\" content=\"1281\" \/>\n\t\t<meta property=\"article:published_time\" content=\"2021-10-11T07:55:16+00:00\" \/>\n\t\t<meta property=\"article:modified_time\" content=\"2021-10-11T07:55:16+00:00\" \/>\n\t\t<meta property=\"article:publisher\" content=\"https:\/\/www.facebook.com\/allasorias\" \/>\n\t\t<meta name=\"twitter:card\" content=\"summary_large_image\" \/>\n\t\t<meta name=\"twitter:title\" content=\"A pand\u00e9mia hat\u00e1sa a c\u00e9gekre | AllasOrias.hu | H\u00edrek-lapszemle\" \/>\n\t\t<meta name=\"twitter:description\" content=\"Drasztikusan megv\u00e1ltozott k\u00f6rnyezetben, v\u00e1ls\u00e1ghelyzetben a munkat\u00e1rsak ment\u00e1lis probl\u00e9m\u00e1inak h\u00e1tter\u00e9ben a kontroll jelleg\u00e9nek, intenzit\u00e1s\u00e1nak megv\u00e1ltoz\u00e1sa \u00e1ll \u2013 der\u00fcl ki a Lounge Group Munkadinamika c\u00edm\u0171 kutat\u00e1s\u00e1nak els\u0151 f\u00e1zis\u00e1b\u00f3l. A pand\u00e9mi\u00e1s id\u0151szakban is els\u0151sorban a kontroll v\u00e1ltozott meg az emberek \u00e9let\u00e9ben \u2013 ez a meg\u00e1llap\u00edt\u00e1s azonban a munkahelyi vet\u00fcleten t\u00fal a dolgoz\u00f3k minden \u00e9lethelyzet\u00e9ben, \u00edgy a mag\u00e1n\u00e9letben is\" \/>\n\t\t<meta name=\"twitter:image\" content=\"https:\/\/allasorias.hu\/hirek\/wp-content\/uploads\/2021\/02\/office-new-normal-men-wearing-medical-mask-covid-19.jpg\" \/>\n\t\t<meta name=\"twitter:label1\" content=\"Written by\" \/>\n\t\t<meta name=\"twitter:data1\" content=\"Juh\u00e1sz P\u00e9ter\" \/>\n\t\t<meta name=\"twitter:label2\" content=\"Est. reading time\" \/>\n\t\t<meta name=\"twitter:data2\" content=\"3 minutes\" \/>\n\t\t<script type=\"application\/ld+json\" class=\"aioseo-schema\">\n\t\t\t{\"@context\":\"https:\\\/\\\/schema.org\",\"@graph\":[{\"@type\":\"Article\",\"@id\":\"https:\\\/\\\/allasorias.hu\\\/hirek\\\/a-pandemia-hatasa-a-cegekre\\\/#article\",\"name\":\"A pand\\u00e9mia hat\\u00e1sa a c\\u00e9gekre | AllasOrias.hu | H\\u00edrek-lapszemle\",\"headline\":\"A pand\\u00e9mia hat\\u00e1sa a c\\u00e9gekre\",\"author\":{\"@id\":\"https:\\\/\\\/allasorias.hu\\\/hirek\\\/author\\\/admin-allasorias\\\/#author\"},\"publisher\":{\"@id\":\"https:\\\/\\\/allasorias.hu\\\/hirek\\\/#organization\"},\"image\":{\"@type\":\"ImageObject\",\"url\":\"https:\\\/\\\/allasorias.hu\\\/hirek\\\/wp-content\\\/uploads\\\/2021\\\/02\\\/office-new-normal-men-wearing-medical-mask-covid-19.jpg\",\"width\":1920,\"height\":1281,\"caption\":\"Office in new normal, men wearing medical mask covid 19\"},\"datePublished\":\"2021-10-11T07:55:16+02:00\",\"dateModified\":\"2021-10-11T07:55:16+02:00\",\"inLanguage\":\"hu-HU\",\"mainEntityOfPage\":{\"@id\":\"https:\\\/\\\/allasorias.hu\\\/hirek\\\/a-pandemia-hatasa-a-cegekre\\\/#webpage\"},\"isPartOf\":{\"@id\":\"https:\\\/\\\/allasorias.hu\\\/hirek\\\/a-pandemia-hatasa-a-cegekre\\\/#webpage\"},\"articleSection\":\"Munkaer\\u0151piac\"},{\"@type\":\"BreadcrumbList\",\"@id\":\"https:\\\/\\\/allasorias.hu\\\/hirek\\\/a-pandemia-hatasa-a-cegekre\\\/#breadcrumblist\",\"itemListElement\":[{\"@type\":\"ListItem\",\"@id\":\"https:\\\/\\\/allasorias.hu\\\/hirek#listItem\",\"position\":1,\"name\":\"Home\",\"item\":\"https:\\\/\\\/allasorias.hu\\\/hirek\",\"nextItem\":{\"@type\":\"ListItem\",\"@id\":\"https:\\\/\\\/allasorias.hu\\\/hirek\\\/temak\\\/munkaeropiac\\\/#listItem\",\"name\":\"Munkaer\\u0151piac\"}},{\"@type\":\"ListItem\",\"@id\":\"https:\\\/\\\/allasorias.hu\\\/hirek\\\/temak\\\/munkaeropiac\\\/#listItem\",\"position\":2,\"name\":\"Munkaer\\u0151piac\",\"item\":\"https:\\\/\\\/allasorias.hu\\\/hirek\\\/temak\\\/munkaeropiac\\\/\",\"nextItem\":{\"@type\":\"ListItem\",\"@id\":\"https:\\\/\\\/allasorias.hu\\\/hirek\\\/a-pandemia-hatasa-a-cegekre\\\/#listItem\",\"name\":\"A pand\\u00e9mia hat\\u00e1sa a c\\u00e9gekre\"},\"previousItem\":{\"@type\":\"ListItem\",\"@id\":\"https:\\\/\\\/allasorias.hu\\\/hirek#listItem\",\"name\":\"Home\"}},{\"@type\":\"ListItem\",\"@id\":\"https:\\\/\\\/allasorias.hu\\\/hirek\\\/a-pandemia-hatasa-a-cegekre\\\/#listItem\",\"position\":3,\"name\":\"A pand\\u00e9mia hat\\u00e1sa a c\\u00e9gekre\",\"previousItem\":{\"@type\":\"ListItem\",\"@id\":\"https:\\\/\\\/allasorias.hu\\\/hirek\\\/temak\\\/munkaeropiac\\\/#listItem\",\"name\":\"Munkaer\\u0151piac\"}}]},{\"@type\":\"Organization\",\"@id\":\"https:\\\/\\\/allasorias.hu\\\/hirek\\\/#organization\",\"name\":\"AllasOrias.hu | H\\u00edrek-lapszemle\",\"description\":\"\\u00dczleti h\\u00edrek az \\u00e1ll\\u00e1s \\u00e9s a munka vil\\u00e1g\\u00e1b\\u00f3l\",\"url\":\"https:\\\/\\\/allasorias.hu\\\/hirek\\\/\",\"logo\":{\"@type\":\"ImageObject\",\"url\":\"https:\\\/\\\/allasorias.hu\\\/hirek\\\/wp-content\\\/uploads\\\/2022\\\/10\\\/allasorias_site_facebok_logo.png\",\"@id\":\"https:\\\/\\\/allasorias.hu\\\/hirek\\\/a-pandemia-hatasa-a-cegekre\\\/#organizationLogo\"},\"image\":{\"@id\":\"https:\\\/\\\/allasorias.hu\\\/hirek\\\/a-pandemia-hatasa-a-cegekre\\\/#organizationLogo\"},\"sameAs\":[\"https:\\\/\\\/www.facebook.com\\\/allasorias\",\"https:\\\/\\\/www.linkedin.com\\\/company\\\/allasorias\"]},{\"@type\":\"Person\",\"@id\":\"https:\\\/\\\/allasorias.hu\\\/hirek\\\/author\\\/admin-allasorias\\\/#author\",\"url\":\"https:\\\/\\\/allasorias.hu\\\/hirek\\\/author\\\/admin-allasorias\\\/\",\"name\":\"Juh\\u00e1sz P\\u00e9ter\",\"image\":{\"@type\":\"ImageObject\",\"@id\":\"https:\\\/\\\/allasorias.hu\\\/hirek\\\/a-pandemia-hatasa-a-cegekre\\\/#authorImage\",\"url\":\"https:\\\/\\\/secure.gravatar.com\\\/avatar\\\/36e6bcb83148978b992977cb0f54d22feb0cce8a0a849a9410532bb2623ba4c6?s=96&d=mm&r=g\",\"width\":96,\"height\":96,\"caption\":\"Juh\\u00e1sz P\\u00e9ter\"}},{\"@type\":\"WebPage\",\"@id\":\"https:\\\/\\\/allasorias.hu\\\/hirek\\\/a-pandemia-hatasa-a-cegekre\\\/#webpage\",\"url\":\"https:\\\/\\\/allasorias.hu\\\/hirek\\\/a-pandemia-hatasa-a-cegekre\\\/\",\"name\":\"A pand\\u00e9mia hat\\u00e1sa a c\\u00e9gekre | AllasOrias.hu | H\\u00edrek-lapszemle\",\"description\":\"Drasztikusan megv\\u00e1ltozott k\\u00f6rnyezetben, v\\u00e1ls\\u00e1ghelyzetben a munkat\\u00e1rsak ment\\u00e1lis probl\\u00e9m\\u00e1inak h\\u00e1tter\\u00e9ben a kontroll jelleg\\u00e9nek, intenzit\\u00e1s\\u00e1nak megv\\u00e1ltoz\\u00e1sa \\u00e1ll \\u2013 der\\u00fcl ki a Lounge Group Munkadinamika c\\u00edm\\u0171 kutat\\u00e1s\\u00e1nak els\\u0151 f\\u00e1zis\\u00e1b\\u00f3l. A pand\\u00e9mi\\u00e1s id\\u0151szakban is els\\u0151sorban a kontroll v\\u00e1ltozott meg az emberek \\u00e9let\\u00e9ben \\u2013 ez a meg\\u00e1llap\\u00edt\\u00e1s azonban a munkahelyi vet\\u00fcleten t\\u00fal a dolgoz\\u00f3k minden \\u00e9lethelyzet\\u00e9ben, \\u00edgy a mag\\u00e1n\\u00e9letben is\",\"inLanguage\":\"hu-HU\",\"isPartOf\":{\"@id\":\"https:\\\/\\\/allasorias.hu\\\/hirek\\\/#website\"},\"breadcrumb\":{\"@id\":\"https:\\\/\\\/allasorias.hu\\\/hirek\\\/a-pandemia-hatasa-a-cegekre\\\/#breadcrumblist\"},\"author\":{\"@id\":\"https:\\\/\\\/allasorias.hu\\\/hirek\\\/author\\\/admin-allasorias\\\/#author\"},\"creator\":{\"@id\":\"https:\\\/\\\/allasorias.hu\\\/hirek\\\/author\\\/admin-allasorias\\\/#author\"},\"image\":{\"@type\":\"ImageObject\",\"url\":\"https:\\\/\\\/allasorias.hu\\\/hirek\\\/wp-content\\\/uploads\\\/2021\\\/02\\\/office-new-normal-men-wearing-medical-mask-covid-19.jpg\",\"@id\":\"https:\\\/\\\/allasorias.hu\\\/hirek\\\/a-pandemia-hatasa-a-cegekre\\\/#mainImage\",\"width\":1920,\"height\":1281,\"caption\":\"Office in new normal, men wearing medical mask covid 19\"},\"primaryImageOfPage\":{\"@id\":\"https:\\\/\\\/allasorias.hu\\\/hirek\\\/a-pandemia-hatasa-a-cegekre\\\/#mainImage\"},\"datePublished\":\"2021-10-11T07:55:16+02:00\",\"dateModified\":\"2021-10-11T07:55:16+02:00\"},{\"@type\":\"WebSite\",\"@id\":\"https:\\\/\\\/allasorias.hu\\\/hirek\\\/#website\",\"url\":\"https:\\\/\\\/allasorias.hu\\\/hirek\\\/\",\"name\":\"AllasOrias.hu | H\\u00edrek-lapszemle\",\"description\":\"\\u00dczleti h\\u00edrek az \\u00e1ll\\u00e1s \\u00e9s a munka vil\\u00e1g\\u00e1b\\u00f3l\",\"inLanguage\":\"hu-HU\",\"publisher\":{\"@id\":\"https:\\\/\\\/allasorias.hu\\\/hirek\\\/#organization\"}}]}\n\t\t<\/script>\n\t\t<!-- All in One SEO -->\n\n","aioseo_head_json":{"title":"A pand\u00e9mia hat\u00e1sa a c\u00e9gekre | AllasOrias.hu | H\u00edrek-lapszemle","description":"Drasztikusan megv\u00e1ltozott k\u00f6rnyezetben, v\u00e1ls\u00e1ghelyzetben a munkat\u00e1rsak ment\u00e1lis probl\u00e9m\u00e1inak h\u00e1tter\u00e9ben a kontroll jelleg\u00e9nek, intenzit\u00e1s\u00e1nak megv\u00e1ltoz\u00e1sa \u00e1ll \u2013 der\u00fcl ki a Lounge Group Munkadinamika c\u00edm\u0171 kutat\u00e1s\u00e1nak els\u0151 f\u00e1zis\u00e1b\u00f3l. A pand\u00e9mi\u00e1s id\u0151szakban is els\u0151sorban a kontroll v\u00e1ltozott meg az emberek \u00e9let\u00e9ben \u2013 ez a meg\u00e1llap\u00edt\u00e1s azonban a munkahelyi vet\u00fcleten t\u00fal a dolgoz\u00f3k minden \u00e9lethelyzet\u00e9ben, \u00edgy a mag\u00e1n\u00e9letben is","canonical_url":"https:\/\/allasorias.hu\/hirek\/a-pandemia-hatasa-a-cegekre\/","robots":"max-image-preview:large","keywords":"","webmasterTools":{"miscellaneous":""},"schema":{"@context":"https:\/\/schema.org","@graph":[{"@type":"Article","@id":"https:\/\/allasorias.hu\/hirek\/a-pandemia-hatasa-a-cegekre\/#article","name":"A pand\u00e9mia hat\u00e1sa a c\u00e9gekre | AllasOrias.hu | H\u00edrek-lapszemle","headline":"A pand\u00e9mia hat\u00e1sa a c\u00e9gekre","author":{"@id":"https:\/\/allasorias.hu\/hirek\/author\/admin-allasorias\/#author"},"publisher":{"@id":"https:\/\/allasorias.hu\/hirek\/#organization"},"image":{"@type":"ImageObject","url":"https:\/\/allasorias.hu\/hirek\/wp-content\/uploads\/2021\/02\/office-new-normal-men-wearing-medical-mask-covid-19.jpg","width":1920,"height":1281,"caption":"Office in new normal, men wearing medical mask covid 19"},"datePublished":"2021-10-11T07:55:16+02:00","dateModified":"2021-10-11T07:55:16+02:00","inLanguage":"hu-HU","mainEntityOfPage":{"@id":"https:\/\/allasorias.hu\/hirek\/a-pandemia-hatasa-a-cegekre\/#webpage"},"isPartOf":{"@id":"https:\/\/allasorias.hu\/hirek\/a-pandemia-hatasa-a-cegekre\/#webpage"},"articleSection":"Munkaer\u0151piac"},{"@type":"BreadcrumbList","@id":"https:\/\/allasorias.hu\/hirek\/a-pandemia-hatasa-a-cegekre\/#breadcrumblist","itemListElement":[{"@type":"ListItem","@id":"https:\/\/allasorias.hu\/hirek#listItem","position":1,"name":"Home","item":"https:\/\/allasorias.hu\/hirek","nextItem":{"@type":"ListItem","@id":"https:\/\/allasorias.hu\/hirek\/temak\/munkaeropiac\/#listItem","name":"Munkaer\u0151piac"}},{"@type":"ListItem","@id":"https:\/\/allasorias.hu\/hirek\/temak\/munkaeropiac\/#listItem","position":2,"name":"Munkaer\u0151piac","item":"https:\/\/allasorias.hu\/hirek\/temak\/munkaeropiac\/","nextItem":{"@type":"ListItem","@id":"https:\/\/allasorias.hu\/hirek\/a-pandemia-hatasa-a-cegekre\/#listItem","name":"A pand\u00e9mia hat\u00e1sa a c\u00e9gekre"},"previousItem":{"@type":"ListItem","@id":"https:\/\/allasorias.hu\/hirek#listItem","name":"Home"}},{"@type":"ListItem","@id":"https:\/\/allasorias.hu\/hirek\/a-pandemia-hatasa-a-cegekre\/#listItem","position":3,"name":"A pand\u00e9mia hat\u00e1sa a c\u00e9gekre","previousItem":{"@type":"ListItem","@id":"https:\/\/allasorias.hu\/hirek\/temak\/munkaeropiac\/#listItem","name":"Munkaer\u0151piac"}}]},{"@type":"Organization","@id":"https:\/\/allasorias.hu\/hirek\/#organization","name":"AllasOrias.hu | H\u00edrek-lapszemle","description":"\u00dczleti h\u00edrek az \u00e1ll\u00e1s \u00e9s a munka vil\u00e1g\u00e1b\u00f3l","url":"https:\/\/allasorias.hu\/hirek\/","logo":{"@type":"ImageObject","url":"https:\/\/allasorias.hu\/hirek\/wp-content\/uploads\/2022\/10\/allasorias_site_facebok_logo.png","@id":"https:\/\/allasorias.hu\/hirek\/a-pandemia-hatasa-a-cegekre\/#organizationLogo"},"image":{"@id":"https:\/\/allasorias.hu\/hirek\/a-pandemia-hatasa-a-cegekre\/#organizationLogo"},"sameAs":["https:\/\/www.facebook.com\/allasorias","https:\/\/www.linkedin.com\/company\/allasorias"]},{"@type":"Person","@id":"https:\/\/allasorias.hu\/hirek\/author\/admin-allasorias\/#author","url":"https:\/\/allasorias.hu\/hirek\/author\/admin-allasorias\/","name":"Juh\u00e1sz P\u00e9ter","image":{"@type":"ImageObject","@id":"https:\/\/allasorias.hu\/hirek\/a-pandemia-hatasa-a-cegekre\/#authorImage","url":"https:\/\/secure.gravatar.com\/avatar\/36e6bcb83148978b992977cb0f54d22feb0cce8a0a849a9410532bb2623ba4c6?s=96&d=mm&r=g","width":96,"height":96,"caption":"Juh\u00e1sz P\u00e9ter"}},{"@type":"WebPage","@id":"https:\/\/allasorias.hu\/hirek\/a-pandemia-hatasa-a-cegekre\/#webpage","url":"https:\/\/allasorias.hu\/hirek\/a-pandemia-hatasa-a-cegekre\/","name":"A pand\u00e9mia hat\u00e1sa a c\u00e9gekre | AllasOrias.hu | H\u00edrek-lapszemle","description":"Drasztikusan megv\u00e1ltozott k\u00f6rnyezetben, v\u00e1ls\u00e1ghelyzetben a munkat\u00e1rsak ment\u00e1lis probl\u00e9m\u00e1inak h\u00e1tter\u00e9ben a kontroll jelleg\u00e9nek, intenzit\u00e1s\u00e1nak megv\u00e1ltoz\u00e1sa \u00e1ll \u2013 der\u00fcl ki a Lounge Group Munkadinamika c\u00edm\u0171 kutat\u00e1s\u00e1nak els\u0151 f\u00e1zis\u00e1b\u00f3l. A pand\u00e9mi\u00e1s id\u0151szakban is els\u0151sorban a kontroll v\u00e1ltozott meg az emberek \u00e9let\u00e9ben \u2013 ez a meg\u00e1llap\u00edt\u00e1s azonban a munkahelyi vet\u00fcleten t\u00fal a dolgoz\u00f3k minden \u00e9lethelyzet\u00e9ben, \u00edgy a mag\u00e1n\u00e9letben is","inLanguage":"hu-HU","isPartOf":{"@id":"https:\/\/allasorias.hu\/hirek\/#website"},"breadcrumb":{"@id":"https:\/\/allasorias.hu\/hirek\/a-pandemia-hatasa-a-cegekre\/#breadcrumblist"},"author":{"@id":"https:\/\/allasorias.hu\/hirek\/author\/admin-allasorias\/#author"},"creator":{"@id":"https:\/\/allasorias.hu\/hirek\/author\/admin-allasorias\/#author"},"image":{"@type":"ImageObject","url":"https:\/\/allasorias.hu\/hirek\/wp-content\/uploads\/2021\/02\/office-new-normal-men-wearing-medical-mask-covid-19.jpg","@id":"https:\/\/allasorias.hu\/hirek\/a-pandemia-hatasa-a-cegekre\/#mainImage","width":1920,"height":1281,"caption":"Office in new normal, men wearing medical mask covid 19"},"primaryImageOfPage":{"@id":"https:\/\/allasorias.hu\/hirek\/a-pandemia-hatasa-a-cegekre\/#mainImage"},"datePublished":"2021-10-11T07:55:16+02:00","dateModified":"2021-10-11T07:55:16+02:00"},{"@type":"WebSite","@id":"https:\/\/allasorias.hu\/hirek\/#website","url":"https:\/\/allasorias.hu\/hirek\/","name":"AllasOrias.hu | H\u00edrek-lapszemle","description":"\u00dczleti h\u00edrek az \u00e1ll\u00e1s \u00e9s a munka vil\u00e1g\u00e1b\u00f3l","inLanguage":"hu-HU","publisher":{"@id":"https:\/\/allasorias.hu\/hirek\/#organization"}}]},"og:locale":"hu_HU","og:site_name":"AllasOrias.hu | H\u00edrek-lapszemle | \u00dczleti h\u00edrek az \u00e1ll\u00e1s \u00e9s a munka vil\u00e1g\u00e1b\u00f3l","og:type":"article","og:title":"A pand\u00e9mia hat\u00e1sa a c\u00e9gekre | AllasOrias.hu | H\u00edrek-lapszemle","og:description":"Drasztikusan megv\u00e1ltozott k\u00f6rnyezetben, v\u00e1ls\u00e1ghelyzetben a munkat\u00e1rsak ment\u00e1lis probl\u00e9m\u00e1inak h\u00e1tter\u00e9ben a kontroll jelleg\u00e9nek, intenzit\u00e1s\u00e1nak megv\u00e1ltoz\u00e1sa \u00e1ll \u2013 der\u00fcl ki a Lounge Group Munkadinamika c\u00edm\u0171 kutat\u00e1s\u00e1nak els\u0151 f\u00e1zis\u00e1b\u00f3l. A pand\u00e9mi\u00e1s id\u0151szakban is els\u0151sorban a kontroll v\u00e1ltozott meg az emberek \u00e9let\u00e9ben \u2013 ez a meg\u00e1llap\u00edt\u00e1s azonban a munkahelyi vet\u00fcleten t\u00fal a dolgoz\u00f3k minden \u00e9lethelyzet\u00e9ben, \u00edgy a mag\u00e1n\u00e9letben is","og:url":"https:\/\/allasorias.hu\/hirek\/a-pandemia-hatasa-a-cegekre\/","og:image":"https:\/\/allasorias.hu\/hirek\/wp-content\/uploads\/2021\/02\/office-new-normal-men-wearing-medical-mask-covid-19.jpg","og:image:secure_url":"https:\/\/allasorias.hu\/hirek\/wp-content\/uploads\/2021\/02\/office-new-normal-men-wearing-medical-mask-covid-19.jpg","og:image:width":1920,"og:image:height":1281,"article:published_time":"2021-10-11T07:55:16+00:00","article:modified_time":"2021-10-11T07:55:16+00:00","article:publisher":"https:\/\/www.facebook.com\/allasorias","twitter:card":"summary_large_image","twitter:title":"A pand\u00e9mia hat\u00e1sa a c\u00e9gekre | AllasOrias.hu | H\u00edrek-lapszemle","twitter:description":"Drasztikusan megv\u00e1ltozott k\u00f6rnyezetben, v\u00e1ls\u00e1ghelyzetben a munkat\u00e1rsak ment\u00e1lis probl\u00e9m\u00e1inak h\u00e1tter\u00e9ben a kontroll jelleg\u00e9nek, intenzit\u00e1s\u00e1nak megv\u00e1ltoz\u00e1sa \u00e1ll \u2013 der\u00fcl ki a Lounge Group Munkadinamika c\u00edm\u0171 kutat\u00e1s\u00e1nak els\u0151 f\u00e1zis\u00e1b\u00f3l. A pand\u00e9mi\u00e1s id\u0151szakban is els\u0151sorban a kontroll v\u00e1ltozott meg az emberek \u00e9let\u00e9ben \u2013 ez a meg\u00e1llap\u00edt\u00e1s azonban a munkahelyi vet\u00fcleten t\u00fal a dolgoz\u00f3k minden \u00e9lethelyzet\u00e9ben, \u00edgy a mag\u00e1n\u00e9letben is","twitter:image":"https:\/\/allasorias.hu\/hirek\/wp-content\/uploads\/2021\/02\/office-new-normal-men-wearing-medical-mask-covid-19.jpg","twitter:label1":"Written by","twitter:data1":"Juh\u00e1sz P\u00e9ter","twitter:label2":"Est. reading time","twitter:data2":"3 minutes"},"aioseo_meta_data":{"post_id":"5113","title":null,"description":null,"keywords":[],"keyphrases":{"focus":[],"additional":[]},"primary_term":null,"canonical_url":null,"og_title":null,"og_description":null,"og_object_type":"default","og_image_type":"default","og_image_url":null,"og_image_width":null,"og_image_height":null,"og_image_custom_url":null,"og_image_custom_fields":null,"og_video":"","og_custom_url":null,"og_article_section":null,"og_article_tags":[],"twitter_use_og":false,"twitter_card":"default","twitter_image_type":"default","twitter_image_url":null,"twitter_image_custom_url":null,"twitter_image_custom_fields":null,"twitter_title":null,"twitter_description":null,"schema":{"blockGraphs":[],"customGraphs":[],"default":{"data":{"Article":[],"Course":[],"Dataset":[],"FAQPage":[],"Movie":[],"Person":[],"Product":[],"ProductReview":[],"Car":[],"Recipe":[],"Service":[],"SoftwareApplication":[],"WebPage":[]},"graphName":"","isEnabled":true},"graphs":[],"defaultGraph":"Article","defaultPostTypeGraph":""},"schema_type":"default","schema_type_options":"{\"article\":{\"articleType\":\"BlogPosting\"},\"course\":{\"name\":\"\",\"description\":\"\",\"provider\":\"\"},\"faq\":{\"pages\":[]},\"product\":{\"reviews\":[]},\"recipe\":{\"ingredients\":[],\"instructions\":[],\"keywords\":[]},\"software\":{\"reviews\":[],\"operatingSystems\":[]},\"webPage\":{\"webPageType\":\"WebPage\"}}","pillar_content":false,"robots_default":true,"robots_noindex":false,"robots_noarchive":false,"robots_nosnippet":false,"robots_nofollow":false,"robots_noimageindex":false,"robots_noodp":false,"robots_notranslate":false,"robots_max_snippet":"-1","robots_max_videopreview":"-1","robots_max_imagepreview":"large","priority":null,"frequency":"default","location":null,"local_seo":{"locations":{"business":{"name":"","businessType":"","image":"","areaServed":"","urls":{"website":"","aboutPage":"","contactPage":""},"address":{"streetLine1":"","streetLine2":"","zipCode":"","city":"","state":"","country":"","addressFormat":"#streetLineOne\n#streetLineTwo\n#city, #state #zipCode"},"contact":{"email":"","phone":"","phoneFormatted":"","fax":"","faxFormatted":""},"ids":{"vat":"","tax":"","chamberOfCommerce":""},"payment":{"priceRange":"","currenciesAccepted":"","methods":""}}},"openingHours":{"useDefaults":true,"show":true,"alwaysOpen":false,"use24hFormat":false,"timezone":"","labels":{"closed":"","alwaysOpen":""},"days":{"monday":{"open24h":false,"closed":false,"openTime":"09:00","closeTime":"17:00"},"tuesday":{"open24h":false,"closed":false,"openTime":"09:00","closeTime":"17:00"},"wednesday":{"open24h":false,"closed":false,"openTime":"09:00","closeTime":"17:00"},"thursday":{"open24h":false,"closed":false,"openTime":"09:00","closeTime":"17:00"},"friday":{"open24h":false,"closed":false,"openTime":"09:00","closeTime":"17:00"},"saturday":{"open24h":false,"closed":false,"openTime":"09:00","closeTime":"17:00"},"sunday":{"open24h":false,"closed":false,"openTime":"09:00","closeTime":"17:00"}}}},"breadcrumb_settings":null,"limit_modified_date":false,"ai":null,"created":"2021-10-11 07:53:16","updated":"2025-10-02 16:17:28","seo_analyzer_scan_date":null,"focus_keyword":null,"additional_keywords":null,"truseo_locale":null},"aioseo_breadcrumb":"<div class=\"aioseo-breadcrumbs\"><span class=\"aioseo-breadcrumb\">\n\t\t\t<a href=\"https:\/\/allasorias.hu\/hirek\" title=\"Home\">Home<\/a>\n\t\t<\/span><span class=\"aioseo-breadcrumb-separator\">&raquo;<\/span><span class=\"aioseo-breadcrumb\">\n\t\t\t<a href=\"https:\/\/allasorias.hu\/hirek\/temak\/munkaeropiac\/\" title=\"Munkaer\u0151piac\">Munkaer\u0151piac<\/a>\n\t\t<\/span><span class=\"aioseo-breadcrumb-separator\">&raquo;<\/span><span class=\"aioseo-breadcrumb\">\n\t\t\tA pand\u00e9mia hat\u00e1sa a c\u00e9gekre\n\t\t<\/span><\/div>","aioseo_breadcrumb_json":[{"label":"Home","link":"https:\/\/allasorias.hu\/hirek"},{"label":"Munkaer\u0151piac","link":"https:\/\/allasorias.hu\/hirek\/temak\/munkaeropiac\/"},{"label":"A pand\u00e9mia hat\u00e1sa a c\u00e9gekre","link":"https:\/\/allasorias.hu\/hirek\/a-pandemia-hatasa-a-cegekre\/"}],"_links":{"self":[{"href":"https:\/\/allasorias.hu\/hirek\/wp-json\/wp\/v2\/posts\/5113","targetHints":{"allow":["GET"]}}],"collection":[{"href":"https:\/\/allasorias.hu\/hirek\/wp-json\/wp\/v2\/posts"}],"about":[{"href":"https:\/\/allasorias.hu\/hirek\/wp-json\/wp\/v2\/types\/post"}],"author":[{"embeddable":true,"href":"https:\/\/allasorias.hu\/hirek\/wp-json\/wp\/v2\/users\/1"}],"replies":[{"embeddable":true,"href":"https:\/\/allasorias.hu\/hirek\/wp-json\/wp\/v2\/comments?post=5113"}],"version-history":[{"count":1,"href":"https:\/\/allasorias.hu\/hirek\/wp-json\/wp\/v2\/posts\/5113\/revisions"}],"predecessor-version":[{"id":5114,"href":"https:\/\/allasorias.hu\/hirek\/wp-json\/wp\/v2\/posts\/5113\/revisions\/5114"}],"wp:featuredmedia":[{"embeddable":true,"href":"https:\/\/allasorias.hu\/hirek\/wp-json\/wp\/v2\/media\/4607"}],"wp:attachment":[{"href":"https:\/\/allasorias.hu\/hirek\/wp-json\/wp\/v2\/media?parent=5113"}],"wp:term":[{"taxonomy":"category","embeddable":true,"href":"https:\/\/allasorias.hu\/hirek\/wp-json\/wp\/v2\/categories?post=5113"},{"taxonomy":"post_tag","embeddable":true,"href":"https:\/\/allasorias.hu\/hirek\/wp-json\/wp\/v2\/tags?post=5113"}],"curies":[{"name":"wp","href":"https:\/\/api.w.org\/{rel}","templated":true}]}}