{"id":5111,"date":"2021-10-11T07:52:59","date_gmt":"2021-10-11T07:52:59","guid":{"rendered":"https:\/\/allasorias.hu\/hirek\/?p=5111"},"modified":"2021-10-11T07:52:59","modified_gmt":"2021-10-11T07:52:59","slug":"negyvenezer-ft-jar-a-kisgyerekeseknek","status":"publish","type":"post","link":"https:\/\/allasorias.hu\/hirek\/negyvenezer-ft-jar-a-kisgyerekeseknek\/","title":{"rendered":"Negyvenezer Ft j\u00e1r a kisgyerekeseknek"},"content":{"rendered":"<p><strong>Nov\u00e1k Katalin kifejtette, a t\u00e1mogat\u00e1st 2022. december 31-\u00e9ig azok a h\u00e1rom \u00e9v alatti gyermeket nevel\u0151 sz\u00fcl\u0151k ig\u00e9nyelhetik, akik a munk\u00e1ba visszat\u00e9rve gyermek\u00fcket nem \u00f6nkorm\u00e1nyzati fenntart\u00e1s\u00fa b\u00f6lcs\u0151dei ell\u00e1t\u00e1sban vagy napk\u00f6zbeni gyermekfel\u00fcgyeletet ny\u00fajt\u00f3 szolg\u00e1ltat\u00e1sban szeretn\u00e9k elhelyezni. <\/strong><\/p>\n<p>Havi ak\u00e1r 40 ezer forintos t\u00e1mogat\u00e1st is ig\u00e9nyelhetnek azok a kisgyerekes \u00e9desany\u00e1k, akik visszat\u00e9rn\u00e9nek a munkaer\u0151piacra \u00e9s ezalatt gyermek\u00fcket nem \u00f6nkorm\u00e1nyzati fenntart\u00e1s\u00fa int\u00e9zm\u00e9nyben helyezn\u00e9k el &#8211; k\u00f6z\u00f6lte a csal\u00e1dok\u00e9rt felel\u0151s t\u00e1rca n\u00e9lk\u00fcli miniszter a Facebookon k\u00f6zz\u00e9tett bejegyz\u00e9s\u00e9ben. Nov\u00e1k Katalin kifejtette, a t\u00e1mogat\u00e1st 2022. december 31-\u00e9ig azok a h\u00e1rom \u00e9v alatti gyermeket nevel\u0151 sz\u00fcl\u0151k ig\u00e9nyelhetik, akik a munk\u00e1ba visszat\u00e9rve gyermek\u00fcket nem \u00f6nkorm\u00e1nyzati fenntart\u00e1s\u00fa b\u00f6lcs\u0151dei ell\u00e1t\u00e1sban vagy napk\u00f6zbeni gyermekfel\u00fcgyeletet ny\u00fajt\u00f3 szolg\u00e1ltat\u00e1sban szeretn\u00e9k elhelyezni. A miniszter elmondta, a t\u00e1mogat\u00e1s ig\u00e9nyl\u00e9s\u00e9hez a Magyar \u00c1llamkincst\u00e1r honlapj\u00e1n kell beny\u00fajtani az ig\u00e9nyt azoknak, akik most menn\u00e9nek vissza dolgozni, de nem szeretn\u00e9nek sokat fizetni gyermek\u00fck elhelyez\u00e9s\u00e9\u00e9rt.<\/p>\n<p>Forr\u00e1s: profitline.hu<\/p>\n","protected":false},"excerpt":{"rendered":"<p>Nov\u00e1k Katalin kifejtette, a t\u00e1mogat\u00e1st 2022. december 31-\u00e9ig azok a h\u00e1rom \u00e9v alatti gyermeket nevel\u0151 sz\u00fcl\u0151k ig\u00e9nyelhetik, akik a munk\u00e1ba visszat\u00e9rve gyermek\u00fcket nem \u00f6nkorm\u00e1nyzati fenntart\u00e1s\u00fa b\u00f6lcs\u0151dei ell\u00e1t\u00e1sban vagy napk\u00f6zbeni gyermekfel\u00fcgyeletet ny\u00fajt\u00f3 szolg\u00e1ltat\u00e1sban szeretn\u00e9k elhelyezni. Havi ak\u00e1r 40 ezer forintos t\u00e1mogat\u00e1st is ig\u00e9nyelhetnek azok a kisgyerekes \u00e9desany\u00e1k, akik visszat\u00e9rn\u00e9nek a munkaer\u0151piacra \u00e9s ezalatt gyermek\u00fcket nem \u00f6nkorm\u00e1nyzati [&hellip;]<\/p>\n","protected":false},"author":1,"featured_media":4975,"comment_status":"open","ping_status":"open","sticky":false,"template":"","format":"standard","meta":{"_monsterinsights_skip_tracking":false,"footnotes":""},"categories":[198],"tags":[],"class_list":["post-5111","post","type-post","status-publish","format-standard","has-post-thumbnail","hentry","category-gazdasag"],"aioseo_notices":[],"aioseo_head":"\n\t\t<!-- All in One SEO 5.0.0.1 - aioseo.com -->\n\t<meta name=\"description\" content=\"Nov\u00e1k Katalin kifejtette, a t\u00e1mogat\u00e1st 2022. december 31-\u00e9ig azok a h\u00e1rom \u00e9v alatti gyermeket nevel\u0151 sz\u00fcl\u0151k ig\u00e9nyelhetik, akik a munk\u00e1ba visszat\u00e9rve gyermek\u00fcket nem \u00f6nkorm\u00e1nyzati fenntart\u00e1s\u00fa b\u00f6lcs\u0151dei ell\u00e1t\u00e1sban vagy napk\u00f6zbeni gyermekfel\u00fcgyeletet ny\u00fajt\u00f3 szolg\u00e1ltat\u00e1sban szeretn\u00e9k elhelyezni. Havi ak\u00e1r 40 ezer forintos t\u00e1mogat\u00e1st is ig\u00e9nyelhetnek azok a kisgyerekes \u00e9desany\u00e1k, akik visszat\u00e9rn\u00e9nek a munkaer\u0151piacra \u00e9s ezalatt gyermek\u00fcket nem \u00f6nkorm\u00e1nyzati\" \/>\n\t<meta name=\"robots\" content=\"max-image-preview:large\" \/>\n\t<meta name=\"author\" content=\"Juh\u00e1sz P\u00e9ter\"\/>\n\t<link rel=\"canonical\" href=\"https:\/\/allasorias.hu\/hirek\/negyvenezer-ft-jar-a-kisgyerekeseknek\/\" \/>\n\t<meta name=\"generator\" content=\"All in One SEO (AIOSEO) 5.0.0.1\" \/>\n\t\t<meta property=\"og:locale\" content=\"hu_HU\" \/>\n\t\t<meta property=\"og:site_name\" content=\"AllasOrias.hu | H\u00edrek-lapszemle | \u00dczleti h\u00edrek az \u00e1ll\u00e1s \u00e9s a munka vil\u00e1g\u00e1b\u00f3l\" \/>\n\t\t<meta property=\"og:type\" content=\"article\" \/>\n\t\t<meta property=\"og:title\" content=\"Negyvenezer Ft j\u00e1r a kisgyerekeseknek | AllasOrias.hu | H\u00edrek-lapszemle\" \/>\n\t\t<meta property=\"og:description\" content=\"Nov\u00e1k Katalin kifejtette, a t\u00e1mogat\u00e1st 2022. december 31-\u00e9ig azok a h\u00e1rom \u00e9v alatti gyermeket nevel\u0151 sz\u00fcl\u0151k ig\u00e9nyelhetik, akik a munk\u00e1ba visszat\u00e9rve gyermek\u00fcket nem \u00f6nkorm\u00e1nyzati fenntart\u00e1s\u00fa b\u00f6lcs\u0151dei ell\u00e1t\u00e1sban vagy napk\u00f6zbeni gyermekfel\u00fcgyeletet ny\u00fajt\u00f3 szolg\u00e1ltat\u00e1sban szeretn\u00e9k elhelyezni. Havi ak\u00e1r 40 ezer forintos t\u00e1mogat\u00e1st is ig\u00e9nyelhetnek azok a kisgyerekes \u00e9desany\u00e1k, akik visszat\u00e9rn\u00e9nek a munkaer\u0151piacra \u00e9s ezalatt gyermek\u00fcket nem \u00f6nkorm\u00e1nyzati\" \/>\n\t\t<meta property=\"og:url\" content=\"https:\/\/allasorias.hu\/hirek\/negyvenezer-ft-jar-a-kisgyerekeseknek\/\" \/>\n\t\t<meta property=\"og:image\" content=\"https:\/\/allasorias.hu\/hirek\/wp-content\/uploads\/2021\/08\/young-mother-playing-with-her-little-baby-bed.jpg\" \/>\n\t\t<meta property=\"og:image:secure_url\" content=\"https:\/\/allasorias.hu\/hirek\/wp-content\/uploads\/2021\/08\/young-mother-playing-with-her-little-baby-bed.jpg\" \/>\n\t\t<meta property=\"og:image:width\" content=\"1920\" \/>\n\t\t<meta property=\"og:image:height\" content=\"1280\" \/>\n\t\t<meta property=\"article:published_time\" content=\"2021-10-11T07:52:59+00:00\" \/>\n\t\t<meta property=\"article:modified_time\" content=\"2021-10-11T07:52:59+00:00\" \/>\n\t\t<meta property=\"article:publisher\" content=\"https:\/\/www.facebook.com\/allasorias\" \/>\n\t\t<meta name=\"twitter:card\" content=\"summary_large_image\" \/>\n\t\t<meta name=\"twitter:title\" content=\"Negyvenezer Ft j\u00e1r a kisgyerekeseknek | AllasOrias.hu | H\u00edrek-lapszemle\" \/>\n\t\t<meta name=\"twitter:description\" content=\"Nov\u00e1k Katalin kifejtette, a t\u00e1mogat\u00e1st 2022. december 31-\u00e9ig azok a h\u00e1rom \u00e9v alatti gyermeket nevel\u0151 sz\u00fcl\u0151k ig\u00e9nyelhetik, akik a munk\u00e1ba visszat\u00e9rve gyermek\u00fcket nem \u00f6nkorm\u00e1nyzati fenntart\u00e1s\u00fa b\u00f6lcs\u0151dei ell\u00e1t\u00e1sban vagy napk\u00f6zbeni gyermekfel\u00fcgyeletet ny\u00fajt\u00f3 szolg\u00e1ltat\u00e1sban szeretn\u00e9k elhelyezni. Havi ak\u00e1r 40 ezer forintos t\u00e1mogat\u00e1st is ig\u00e9nyelhetnek azok a kisgyerekes \u00e9desany\u00e1k, akik visszat\u00e9rn\u00e9nek a munkaer\u0151piacra \u00e9s ezalatt gyermek\u00fcket nem \u00f6nkorm\u00e1nyzati\" \/>\n\t\t<meta name=\"twitter:image\" content=\"https:\/\/allasorias.hu\/hirek\/wp-content\/uploads\/2021\/08\/young-mother-playing-with-her-little-baby-bed.jpg\" \/>\n\t\t<meta name=\"twitter:label1\" content=\"Written by\" \/>\n\t\t<meta name=\"twitter:data1\" content=\"Juh\u00e1sz P\u00e9ter\" \/>\n\t\t<meta name=\"twitter:label2\" content=\"Est. reading time\" \/>\n\t\t<meta name=\"twitter:data2\" content=\"1 minute\" \/>\n\t\t<script type=\"application\/ld+json\" class=\"aioseo-schema\">\n\t\t\t{\"@context\":\"https:\\\/\\\/schema.org\",\"@graph\":[{\"@type\":\"Article\",\"@id\":\"https:\\\/\\\/allasorias.hu\\\/hirek\\\/negyvenezer-ft-jar-a-kisgyerekeseknek\\\/#article\",\"name\":\"Negyvenezer Ft j\\u00e1r a kisgyerekeseknek | AllasOrias.hu | H\\u00edrek-lapszemle\",\"headline\":\"Negyvenezer Ft j\\u00e1r a kisgyerekeseknek\",\"author\":{\"@id\":\"https:\\\/\\\/allasorias.hu\\\/hirek\\\/author\\\/admin-allasorias\\\/#author\"},\"publisher\":{\"@id\":\"https:\\\/\\\/allasorias.hu\\\/hirek\\\/#organization\"},\"image\":{\"@type\":\"ImageObject\",\"url\":\"https:\\\/\\\/allasorias.hu\\\/hirek\\\/wp-content\\\/uploads\\\/2021\\\/08\\\/young-mother-playing-with-her-little-baby-bed.jpg\",\"width\":1920,\"height\":1280,\"caption\":\"Young mother playing with her little baby on the bed - indoors\"},\"datePublished\":\"2021-10-11T07:52:59+02:00\",\"dateModified\":\"2021-10-11T07:52:59+02:00\",\"inLanguage\":\"hu-HU\",\"mainEntityOfPage\":{\"@id\":\"https:\\\/\\\/allasorias.hu\\\/hirek\\\/negyvenezer-ft-jar-a-kisgyerekeseknek\\\/#webpage\"},\"isPartOf\":{\"@id\":\"https:\\\/\\\/allasorias.hu\\\/hirek\\\/negyvenezer-ft-jar-a-kisgyerekeseknek\\\/#webpage\"},\"articleSection\":\"Gazdas\\u00e1g\"},{\"@type\":\"BreadcrumbList\",\"@id\":\"https:\\\/\\\/allasorias.hu\\\/hirek\\\/negyvenezer-ft-jar-a-kisgyerekeseknek\\\/#breadcrumblist\",\"itemListElement\":[{\"@type\":\"ListItem\",\"@id\":\"https:\\\/\\\/allasorias.hu\\\/hirek#listItem\",\"position\":1,\"name\":\"Home\",\"item\":\"https:\\\/\\\/allasorias.hu\\\/hirek\",\"nextItem\":{\"@type\":\"ListItem\",\"@id\":\"https:\\\/\\\/allasorias.hu\\\/hirek\\\/temak\\\/gazdasag\\\/#listItem\",\"name\":\"Gazdas\\u00e1g\"}},{\"@type\":\"ListItem\",\"@id\":\"https:\\\/\\\/allasorias.hu\\\/hirek\\\/temak\\\/gazdasag\\\/#listItem\",\"position\":2,\"name\":\"Gazdas\\u00e1g\",\"item\":\"https:\\\/\\\/allasorias.hu\\\/hirek\\\/temak\\\/gazdasag\\\/\",\"nextItem\":{\"@type\":\"ListItem\",\"@id\":\"https:\\\/\\\/allasorias.hu\\\/hirek\\\/negyvenezer-ft-jar-a-kisgyerekeseknek\\\/#listItem\",\"name\":\"Negyvenezer Ft j\\u00e1r a kisgyerekeseknek\"},\"previousItem\":{\"@type\":\"ListItem\",\"@id\":\"https:\\\/\\\/allasorias.hu\\\/hirek#listItem\",\"name\":\"Home\"}},{\"@type\":\"ListItem\",\"@id\":\"https:\\\/\\\/allasorias.hu\\\/hirek\\\/negyvenezer-ft-jar-a-kisgyerekeseknek\\\/#listItem\",\"position\":3,\"name\":\"Negyvenezer Ft j\\u00e1r a kisgyerekeseknek\",\"previousItem\":{\"@type\":\"ListItem\",\"@id\":\"https:\\\/\\\/allasorias.hu\\\/hirek\\\/temak\\\/gazdasag\\\/#listItem\",\"name\":\"Gazdas\\u00e1g\"}}]},{\"@type\":\"Organization\",\"@id\":\"https:\\\/\\\/allasorias.hu\\\/hirek\\\/#organization\",\"name\":\"AllasOrias.hu | H\\u00edrek-lapszemle\",\"description\":\"\\u00dczleti h\\u00edrek az \\u00e1ll\\u00e1s \\u00e9s a munka vil\\u00e1g\\u00e1b\\u00f3l\",\"url\":\"https:\\\/\\\/allasorias.hu\\\/hirek\\\/\",\"logo\":{\"@type\":\"ImageObject\",\"url\":\"https:\\\/\\\/allasorias.hu\\\/hirek\\\/wp-content\\\/uploads\\\/2022\\\/10\\\/allasorias_site_facebok_logo.png\",\"@id\":\"https:\\\/\\\/allasorias.hu\\\/hirek\\\/negyvenezer-ft-jar-a-kisgyerekeseknek\\\/#organizationLogo\"},\"image\":{\"@id\":\"https:\\\/\\\/allasorias.hu\\\/hirek\\\/negyvenezer-ft-jar-a-kisgyerekeseknek\\\/#organizationLogo\"},\"sameAs\":[\"https:\\\/\\\/www.facebook.com\\\/allasorias\",\"https:\\\/\\\/www.linkedin.com\\\/company\\\/allasorias\"]},{\"@type\":\"Person\",\"@id\":\"https:\\\/\\\/allasorias.hu\\\/hirek\\\/author\\\/admin-allasorias\\\/#author\",\"url\":\"https:\\\/\\\/allasorias.hu\\\/hirek\\\/author\\\/admin-allasorias\\\/\",\"name\":\"Juh\\u00e1sz P\\u00e9ter\",\"image\":{\"@type\":\"ImageObject\",\"@id\":\"https:\\\/\\\/allasorias.hu\\\/hirek\\\/negyvenezer-ft-jar-a-kisgyerekeseknek\\\/#authorImage\",\"url\":\"https:\\\/\\\/secure.gravatar.com\\\/avatar\\\/36e6bcb83148978b992977cb0f54d22feb0cce8a0a849a9410532bb2623ba4c6?s=96&d=mm&r=g\",\"width\":96,\"height\":96,\"caption\":\"Juh\\u00e1sz P\\u00e9ter\"}},{\"@type\":\"WebPage\",\"@id\":\"https:\\\/\\\/allasorias.hu\\\/hirek\\\/negyvenezer-ft-jar-a-kisgyerekeseknek\\\/#webpage\",\"url\":\"https:\\\/\\\/allasorias.hu\\\/hirek\\\/negyvenezer-ft-jar-a-kisgyerekeseknek\\\/\",\"name\":\"Negyvenezer Ft j\\u00e1r a kisgyerekeseknek | AllasOrias.hu | H\\u00edrek-lapszemle\",\"description\":\"Nov\\u00e1k Katalin kifejtette, a t\\u00e1mogat\\u00e1st 2022. december 31-\\u00e9ig azok a h\\u00e1rom \\u00e9v alatti gyermeket nevel\\u0151 sz\\u00fcl\\u0151k ig\\u00e9nyelhetik, akik a munk\\u00e1ba visszat\\u00e9rve gyermek\\u00fcket nem \\u00f6nkorm\\u00e1nyzati fenntart\\u00e1s\\u00fa b\\u00f6lcs\\u0151dei ell\\u00e1t\\u00e1sban vagy napk\\u00f6zbeni gyermekfel\\u00fcgyeletet ny\\u00fajt\\u00f3 szolg\\u00e1ltat\\u00e1sban szeretn\\u00e9k elhelyezni. Havi ak\\u00e1r 40 ezer forintos t\\u00e1mogat\\u00e1st is ig\\u00e9nyelhetnek azok a kisgyerekes \\u00e9desany\\u00e1k, akik visszat\\u00e9rn\\u00e9nek a munkaer\\u0151piacra \\u00e9s ezalatt gyermek\\u00fcket nem \\u00f6nkorm\\u00e1nyzati\",\"inLanguage\":\"hu-HU\",\"isPartOf\":{\"@id\":\"https:\\\/\\\/allasorias.hu\\\/hirek\\\/#website\"},\"breadcrumb\":{\"@id\":\"https:\\\/\\\/allasorias.hu\\\/hirek\\\/negyvenezer-ft-jar-a-kisgyerekeseknek\\\/#breadcrumblist\"},\"author\":{\"@id\":\"https:\\\/\\\/allasorias.hu\\\/hirek\\\/author\\\/admin-allasorias\\\/#author\"},\"creator\":{\"@id\":\"https:\\\/\\\/allasorias.hu\\\/hirek\\\/author\\\/admin-allasorias\\\/#author\"},\"image\":{\"@type\":\"ImageObject\",\"url\":\"https:\\\/\\\/allasorias.hu\\\/hirek\\\/wp-content\\\/uploads\\\/2021\\\/08\\\/young-mother-playing-with-her-little-baby-bed.jpg\",\"@id\":\"https:\\\/\\\/allasorias.hu\\\/hirek\\\/negyvenezer-ft-jar-a-kisgyerekeseknek\\\/#mainImage\",\"width\":1920,\"height\":1280,\"caption\":\"Young mother playing with her little baby on the bed - indoors\"},\"primaryImageOfPage\":{\"@id\":\"https:\\\/\\\/allasorias.hu\\\/hirek\\\/negyvenezer-ft-jar-a-kisgyerekeseknek\\\/#mainImage\"},\"datePublished\":\"2021-10-11T07:52:59+02:00\",\"dateModified\":\"2021-10-11T07:52:59+02:00\"},{\"@type\":\"WebSite\",\"@id\":\"https:\\\/\\\/allasorias.hu\\\/hirek\\\/#website\",\"url\":\"https:\\\/\\\/allasorias.hu\\\/hirek\\\/\",\"name\":\"AllasOrias.hu | H\\u00edrek-lapszemle\",\"description\":\"\\u00dczleti h\\u00edrek az \\u00e1ll\\u00e1s \\u00e9s a munka vil\\u00e1g\\u00e1b\\u00f3l\",\"inLanguage\":\"hu-HU\",\"publisher\":{\"@id\":\"https:\\\/\\\/allasorias.hu\\\/hirek\\\/#organization\"}}]}\n\t\t<\/script>\n\t\t<!-- All in One SEO -->\n\n","aioseo_head_json":{"title":"Negyvenezer Ft j\u00e1r a kisgyerekeseknek | AllasOrias.hu | H\u00edrek-lapszemle","description":"Nov\u00e1k Katalin kifejtette, a t\u00e1mogat\u00e1st 2022. december 31-\u00e9ig azok a h\u00e1rom \u00e9v alatti gyermeket nevel\u0151 sz\u00fcl\u0151k ig\u00e9nyelhetik, akik a munk\u00e1ba visszat\u00e9rve gyermek\u00fcket nem \u00f6nkorm\u00e1nyzati fenntart\u00e1s\u00fa b\u00f6lcs\u0151dei ell\u00e1t\u00e1sban vagy napk\u00f6zbeni gyermekfel\u00fcgyeletet ny\u00fajt\u00f3 szolg\u00e1ltat\u00e1sban szeretn\u00e9k elhelyezni. Havi ak\u00e1r 40 ezer forintos t\u00e1mogat\u00e1st is ig\u00e9nyelhetnek azok a kisgyerekes \u00e9desany\u00e1k, akik visszat\u00e9rn\u00e9nek a munkaer\u0151piacra \u00e9s ezalatt gyermek\u00fcket nem \u00f6nkorm\u00e1nyzati","canonical_url":"https:\/\/allasorias.hu\/hirek\/negyvenezer-ft-jar-a-kisgyerekeseknek\/","robots":"max-image-preview:large","keywords":"","webmasterTools":{"miscellaneous":""},"schema":{"@context":"https:\/\/schema.org","@graph":[{"@type":"Article","@id":"https:\/\/allasorias.hu\/hirek\/negyvenezer-ft-jar-a-kisgyerekeseknek\/#article","name":"Negyvenezer Ft j\u00e1r a kisgyerekeseknek | AllasOrias.hu | H\u00edrek-lapszemle","headline":"Negyvenezer Ft j\u00e1r a kisgyerekeseknek","author":{"@id":"https:\/\/allasorias.hu\/hirek\/author\/admin-allasorias\/#author"},"publisher":{"@id":"https:\/\/allasorias.hu\/hirek\/#organization"},"image":{"@type":"ImageObject","url":"https:\/\/allasorias.hu\/hirek\/wp-content\/uploads\/2021\/08\/young-mother-playing-with-her-little-baby-bed.jpg","width":1920,"height":1280,"caption":"Young mother playing with her little baby on the bed - indoors"},"datePublished":"2021-10-11T07:52:59+02:00","dateModified":"2021-10-11T07:52:59+02:00","inLanguage":"hu-HU","mainEntityOfPage":{"@id":"https:\/\/allasorias.hu\/hirek\/negyvenezer-ft-jar-a-kisgyerekeseknek\/#webpage"},"isPartOf":{"@id":"https:\/\/allasorias.hu\/hirek\/negyvenezer-ft-jar-a-kisgyerekeseknek\/#webpage"},"articleSection":"Gazdas\u00e1g"},{"@type":"BreadcrumbList","@id":"https:\/\/allasorias.hu\/hirek\/negyvenezer-ft-jar-a-kisgyerekeseknek\/#breadcrumblist","itemListElement":[{"@type":"ListItem","@id":"https:\/\/allasorias.hu\/hirek#listItem","position":1,"name":"Home","item":"https:\/\/allasorias.hu\/hirek","nextItem":{"@type":"ListItem","@id":"https:\/\/allasorias.hu\/hirek\/temak\/gazdasag\/#listItem","name":"Gazdas\u00e1g"}},{"@type":"ListItem","@id":"https:\/\/allasorias.hu\/hirek\/temak\/gazdasag\/#listItem","position":2,"name":"Gazdas\u00e1g","item":"https:\/\/allasorias.hu\/hirek\/temak\/gazdasag\/","nextItem":{"@type":"ListItem","@id":"https:\/\/allasorias.hu\/hirek\/negyvenezer-ft-jar-a-kisgyerekeseknek\/#listItem","name":"Negyvenezer Ft j\u00e1r a kisgyerekeseknek"},"previousItem":{"@type":"ListItem","@id":"https:\/\/allasorias.hu\/hirek#listItem","name":"Home"}},{"@type":"ListItem","@id":"https:\/\/allasorias.hu\/hirek\/negyvenezer-ft-jar-a-kisgyerekeseknek\/#listItem","position":3,"name":"Negyvenezer Ft j\u00e1r a kisgyerekeseknek","previousItem":{"@type":"ListItem","@id":"https:\/\/allasorias.hu\/hirek\/temak\/gazdasag\/#listItem","name":"Gazdas\u00e1g"}}]},{"@type":"Organization","@id":"https:\/\/allasorias.hu\/hirek\/#organization","name":"AllasOrias.hu | H\u00edrek-lapszemle","description":"\u00dczleti h\u00edrek az \u00e1ll\u00e1s \u00e9s a munka vil\u00e1g\u00e1b\u00f3l","url":"https:\/\/allasorias.hu\/hirek\/","logo":{"@type":"ImageObject","url":"https:\/\/allasorias.hu\/hirek\/wp-content\/uploads\/2022\/10\/allasorias_site_facebok_logo.png","@id":"https:\/\/allasorias.hu\/hirek\/negyvenezer-ft-jar-a-kisgyerekeseknek\/#organizationLogo"},"image":{"@id":"https:\/\/allasorias.hu\/hirek\/negyvenezer-ft-jar-a-kisgyerekeseknek\/#organizationLogo"},"sameAs":["https:\/\/www.facebook.com\/allasorias","https:\/\/www.linkedin.com\/company\/allasorias"]},{"@type":"Person","@id":"https:\/\/allasorias.hu\/hirek\/author\/admin-allasorias\/#author","url":"https:\/\/allasorias.hu\/hirek\/author\/admin-allasorias\/","name":"Juh\u00e1sz P\u00e9ter","image":{"@type":"ImageObject","@id":"https:\/\/allasorias.hu\/hirek\/negyvenezer-ft-jar-a-kisgyerekeseknek\/#authorImage","url":"https:\/\/secure.gravatar.com\/avatar\/36e6bcb83148978b992977cb0f54d22feb0cce8a0a849a9410532bb2623ba4c6?s=96&d=mm&r=g","width":96,"height":96,"caption":"Juh\u00e1sz P\u00e9ter"}},{"@type":"WebPage","@id":"https:\/\/allasorias.hu\/hirek\/negyvenezer-ft-jar-a-kisgyerekeseknek\/#webpage","url":"https:\/\/allasorias.hu\/hirek\/negyvenezer-ft-jar-a-kisgyerekeseknek\/","name":"Negyvenezer Ft j\u00e1r a kisgyerekeseknek | AllasOrias.hu | H\u00edrek-lapszemle","description":"Nov\u00e1k Katalin kifejtette, a t\u00e1mogat\u00e1st 2022. december 31-\u00e9ig azok a h\u00e1rom \u00e9v alatti gyermeket nevel\u0151 sz\u00fcl\u0151k ig\u00e9nyelhetik, akik a munk\u00e1ba visszat\u00e9rve gyermek\u00fcket nem \u00f6nkorm\u00e1nyzati fenntart\u00e1s\u00fa b\u00f6lcs\u0151dei ell\u00e1t\u00e1sban vagy napk\u00f6zbeni gyermekfel\u00fcgyeletet ny\u00fajt\u00f3 szolg\u00e1ltat\u00e1sban szeretn\u00e9k elhelyezni. Havi ak\u00e1r 40 ezer forintos t\u00e1mogat\u00e1st is ig\u00e9nyelhetnek azok a kisgyerekes \u00e9desany\u00e1k, akik visszat\u00e9rn\u00e9nek a munkaer\u0151piacra \u00e9s ezalatt gyermek\u00fcket nem \u00f6nkorm\u00e1nyzati","inLanguage":"hu-HU","isPartOf":{"@id":"https:\/\/allasorias.hu\/hirek\/#website"},"breadcrumb":{"@id":"https:\/\/allasorias.hu\/hirek\/negyvenezer-ft-jar-a-kisgyerekeseknek\/#breadcrumblist"},"author":{"@id":"https:\/\/allasorias.hu\/hirek\/author\/admin-allasorias\/#author"},"creator":{"@id":"https:\/\/allasorias.hu\/hirek\/author\/admin-allasorias\/#author"},"image":{"@type":"ImageObject","url":"https:\/\/allasorias.hu\/hirek\/wp-content\/uploads\/2021\/08\/young-mother-playing-with-her-little-baby-bed.jpg","@id":"https:\/\/allasorias.hu\/hirek\/negyvenezer-ft-jar-a-kisgyerekeseknek\/#mainImage","width":1920,"height":1280,"caption":"Young mother playing with her little baby on the bed - indoors"},"primaryImageOfPage":{"@id":"https:\/\/allasorias.hu\/hirek\/negyvenezer-ft-jar-a-kisgyerekeseknek\/#mainImage"},"datePublished":"2021-10-11T07:52:59+02:00","dateModified":"2021-10-11T07:52:59+02:00"},{"@type":"WebSite","@id":"https:\/\/allasorias.hu\/hirek\/#website","url":"https:\/\/allasorias.hu\/hirek\/","name":"AllasOrias.hu | H\u00edrek-lapszemle","description":"\u00dczleti h\u00edrek az \u00e1ll\u00e1s \u00e9s a munka vil\u00e1g\u00e1b\u00f3l","inLanguage":"hu-HU","publisher":{"@id":"https:\/\/allasorias.hu\/hirek\/#organization"}}]},"og:locale":"hu_HU","og:site_name":"AllasOrias.hu | H\u00edrek-lapszemle | \u00dczleti h\u00edrek az \u00e1ll\u00e1s \u00e9s a munka vil\u00e1g\u00e1b\u00f3l","og:type":"article","og:title":"Negyvenezer Ft j\u00e1r a kisgyerekeseknek | AllasOrias.hu | H\u00edrek-lapszemle","og:description":"Nov\u00e1k Katalin kifejtette, a t\u00e1mogat\u00e1st 2022. december 31-\u00e9ig azok a h\u00e1rom \u00e9v alatti gyermeket nevel\u0151 sz\u00fcl\u0151k ig\u00e9nyelhetik, akik a munk\u00e1ba visszat\u00e9rve gyermek\u00fcket nem \u00f6nkorm\u00e1nyzati fenntart\u00e1s\u00fa b\u00f6lcs\u0151dei ell\u00e1t\u00e1sban vagy napk\u00f6zbeni gyermekfel\u00fcgyeletet ny\u00fajt\u00f3 szolg\u00e1ltat\u00e1sban szeretn\u00e9k elhelyezni. Havi ak\u00e1r 40 ezer forintos t\u00e1mogat\u00e1st is ig\u00e9nyelhetnek azok a kisgyerekes \u00e9desany\u00e1k, akik visszat\u00e9rn\u00e9nek a munkaer\u0151piacra \u00e9s ezalatt gyermek\u00fcket nem \u00f6nkorm\u00e1nyzati","og:url":"https:\/\/allasorias.hu\/hirek\/negyvenezer-ft-jar-a-kisgyerekeseknek\/","og:image":"https:\/\/allasorias.hu\/hirek\/wp-content\/uploads\/2021\/08\/young-mother-playing-with-her-little-baby-bed.jpg","og:image:secure_url":"https:\/\/allasorias.hu\/hirek\/wp-content\/uploads\/2021\/08\/young-mother-playing-with-her-little-baby-bed.jpg","og:image:width":1920,"og:image:height":1280,"article:published_time":"2021-10-11T07:52:59+00:00","article:modified_time":"2021-10-11T07:52:59+00:00","article:publisher":"https:\/\/www.facebook.com\/allasorias","twitter:card":"summary_large_image","twitter:title":"Negyvenezer Ft j\u00e1r a kisgyerekeseknek | AllasOrias.hu | H\u00edrek-lapszemle","twitter:description":"Nov\u00e1k Katalin kifejtette, a t\u00e1mogat\u00e1st 2022. december 31-\u00e9ig azok a h\u00e1rom \u00e9v alatti gyermeket nevel\u0151 sz\u00fcl\u0151k ig\u00e9nyelhetik, akik a munk\u00e1ba visszat\u00e9rve gyermek\u00fcket nem \u00f6nkorm\u00e1nyzati fenntart\u00e1s\u00fa b\u00f6lcs\u0151dei ell\u00e1t\u00e1sban vagy napk\u00f6zbeni gyermekfel\u00fcgyeletet ny\u00fajt\u00f3 szolg\u00e1ltat\u00e1sban szeretn\u00e9k elhelyezni. Havi ak\u00e1r 40 ezer forintos t\u00e1mogat\u00e1st is ig\u00e9nyelhetnek azok a kisgyerekes \u00e9desany\u00e1k, akik visszat\u00e9rn\u00e9nek a munkaer\u0151piacra \u00e9s ezalatt gyermek\u00fcket nem \u00f6nkorm\u00e1nyzati","twitter:image":"https:\/\/allasorias.hu\/hirek\/wp-content\/uploads\/2021\/08\/young-mother-playing-with-her-little-baby-bed.jpg","twitter:label1":"Written by","twitter:data1":"Juh\u00e1sz P\u00e9ter","twitter:label2":"Est. reading time","twitter:data2":"1 minute"},"aioseo_meta_data":{"post_id":"5111","title":null,"description":null,"keywords":[],"keyphrases":{"focus":[],"additional":[]},"primary_term":null,"canonical_url":null,"og_title":null,"og_description":null,"og_object_type":"default","og_image_type":"default","og_image_url":null,"og_image_width":null,"og_image_height":null,"og_image_custom_url":null,"og_image_custom_fields":null,"og_video":"","og_custom_url":null,"og_article_section":null,"og_article_tags":[],"twitter_use_og":false,"twitter_card":"default","twitter_image_type":"default","twitter_image_url":null,"twitter_image_custom_url":null,"twitter_image_custom_fields":null,"twitter_title":null,"twitter_description":null,"schema":{"blockGraphs":[],"customGraphs":[],"default":{"data":{"Article":[],"Course":[],"Dataset":[],"FAQPage":[],"Movie":[],"Person":[],"Product":[],"ProductReview":[],"Car":[],"Recipe":[],"Service":[],"SoftwareApplication":[],"WebPage":[]},"graphName":"","isEnabled":true},"graphs":[],"defaultGraph":"Article","defaultPostTypeGraph":""},"schema_type":"default","schema_type_options":"{\"article\":{\"articleType\":\"BlogPosting\"},\"course\":{\"name\":\"\",\"description\":\"\",\"provider\":\"\"},\"faq\":{\"pages\":[]},\"product\":{\"reviews\":[]},\"recipe\":{\"ingredients\":[],\"instructions\":[],\"keywords\":[]},\"software\":{\"reviews\":[],\"operatingSystems\":[]},\"webPage\":{\"webPageType\":\"WebPage\"}}","pillar_content":false,"robots_default":true,"robots_noindex":false,"robots_noarchive":false,"robots_nosnippet":false,"robots_nofollow":false,"robots_noimageindex":false,"robots_noodp":false,"robots_notranslate":false,"robots_max_snippet":"-1","robots_max_videopreview":"-1","robots_max_imagepreview":"large","priority":null,"frequency":"default","location":null,"local_seo":{"locations":{"business":{"name":"","businessType":"","image":"","areaServed":"","urls":{"website":"","aboutPage":"","contactPage":""},"address":{"streetLine1":"","streetLine2":"","zipCode":"","city":"","state":"","country":"","addressFormat":"#streetLineOne\n#streetLineTwo\n#city, #state #zipCode"},"contact":{"email":"","phone":"","phoneFormatted":"","fax":"","faxFormatted":""},"ids":{"vat":"","tax":"","chamberOfCommerce":""},"payment":{"priceRange":"","currenciesAccepted":"","methods":""}}},"openingHours":{"useDefaults":true,"show":true,"alwaysOpen":false,"use24hFormat":false,"timezone":"","labels":{"closed":"","alwaysOpen":""},"days":{"monday":{"open24h":false,"closed":false,"openTime":"09:00","closeTime":"17:00"},"tuesday":{"open24h":false,"closed":false,"openTime":"09:00","closeTime":"17:00"},"wednesday":{"open24h":false,"closed":false,"openTime":"09:00","closeTime":"17:00"},"thursday":{"open24h":false,"closed":false,"openTime":"09:00","closeTime":"17:00"},"friday":{"open24h":false,"closed":false,"openTime":"09:00","closeTime":"17:00"},"saturday":{"open24h":false,"closed":false,"openTime":"09:00","closeTime":"17:00"},"sunday":{"open24h":false,"closed":false,"openTime":"09:00","closeTime":"17:00"}}}},"breadcrumb_settings":null,"limit_modified_date":false,"ai":null,"created":"2021-10-11 07:52:21","updated":"2025-10-02 16:17:28","seo_analyzer_scan_date":null,"focus_keyword":null,"additional_keywords":null,"truseo_locale":null},"aioseo_breadcrumb":"<div class=\"aioseo-breadcrumbs\"><span class=\"aioseo-breadcrumb\">\n\t\t\t<a href=\"https:\/\/allasorias.hu\/hirek\" title=\"Home\">Home<\/a>\n\t\t<\/span><span class=\"aioseo-breadcrumb-separator\">&raquo;<\/span><span class=\"aioseo-breadcrumb\">\n\t\t\t<a href=\"https:\/\/allasorias.hu\/hirek\/temak\/gazdasag\/\" title=\"Gazdas\u00e1g\">Gazdas\u00e1g<\/a>\n\t\t<\/span><span class=\"aioseo-breadcrumb-separator\">&raquo;<\/span><span class=\"aioseo-breadcrumb\">\n\t\t\tNegyvenezer Ft j\u00e1r a kisgyerekeseknek\n\t\t<\/span><\/div>","aioseo_breadcrumb_json":[{"label":"Home","link":"https:\/\/allasorias.hu\/hirek"},{"label":"Gazdas\u00e1g","link":"https:\/\/allasorias.hu\/hirek\/temak\/gazdasag\/"},{"label":"Negyvenezer Ft j\u00e1r a kisgyerekeseknek","link":"https:\/\/allasorias.hu\/hirek\/negyvenezer-ft-jar-a-kisgyerekeseknek\/"}],"_links":{"self":[{"href":"https:\/\/allasorias.hu\/hirek\/wp-json\/wp\/v2\/posts\/5111","targetHints":{"allow":["GET"]}}],"collection":[{"href":"https:\/\/allasorias.hu\/hirek\/wp-json\/wp\/v2\/posts"}],"about":[{"href":"https:\/\/allasorias.hu\/hirek\/wp-json\/wp\/v2\/types\/post"}],"author":[{"embeddable":true,"href":"https:\/\/allasorias.hu\/hirek\/wp-json\/wp\/v2\/users\/1"}],"replies":[{"embeddable":true,"href":"https:\/\/allasorias.hu\/hirek\/wp-json\/wp\/v2\/comments?post=5111"}],"version-history":[{"count":1,"href":"https:\/\/allasorias.hu\/hirek\/wp-json\/wp\/v2\/posts\/5111\/revisions"}],"predecessor-version":[{"id":5112,"href":"https:\/\/allasorias.hu\/hirek\/wp-json\/wp\/v2\/posts\/5111\/revisions\/5112"}],"wp:featuredmedia":[{"embeddable":true,"href":"https:\/\/allasorias.hu\/hirek\/wp-json\/wp\/v2\/media\/4975"}],"wp:attachment":[{"href":"https:\/\/allasorias.hu\/hirek\/wp-json\/wp\/v2\/media?parent=5111"}],"wp:term":[{"taxonomy":"category","embeddable":true,"href":"https:\/\/allasorias.hu\/hirek\/wp-json\/wp\/v2\/categories?post=5111"},{"taxonomy":"post_tag","embeddable":true,"href":"https:\/\/allasorias.hu\/hirek\/wp-json\/wp\/v2\/tags?post=5111"}],"curies":[{"name":"wp","href":"https:\/\/api.w.org\/{rel}","templated":true}]}}