{"id":5104,"date":"2021-10-07T06:20:04","date_gmt":"2021-10-07T06:20:04","guid":{"rendered":"https:\/\/allasorias.hu\/hirek\/?p=5104"},"modified":"2021-10-07T06:20:04","modified_gmt":"2021-10-07T06:20:04","slug":"munkanelkuliseg-es-munkaerohiany-egyszerre","status":"publish","type":"post","link":"https:\/\/allasorias.hu\/hirek\/munkanelkuliseg-es-munkaerohiany-egyszerre\/","title":{"rendered":"Munkan\u00e9lk\u00fclis\u00e9g \u00e9s munkaer\u0151hi\u00e1ny egyszerre"},"content":{"rendered":"<p><strong>A diplom\u00e1sok gyakorlatilag azonnal tal\u00e1lnak munk\u00e1t az adatok szerint, diplom\u00e1s munkan\u00e9lk\u00fclis\u00e9g szabad szemmel l\u00e1that\u00f3an nem l\u00e9tezik Magyarorsz\u00e1gon. Az Egyens\u00faly Int\u00e9zet kutat\u00e1si igazgat\u00f3ja szerint az lenne a term\u00e9szetes egy munkaer\u0151piacon, hogy a kereslet \u00e9s a k\u00edn\u00e1lat egym\u00e1sra tal\u00e1l, Magyarorsz\u00e1gon azonban egyszerre van tart\u00f3s munkaer\u0151hi\u00e1ny \u00e9s sz\u00e1zezres nagys\u00e1grend\u0171 munkan\u00e9lk\u00fclis\u00e9g. \u00dagy l\u00e1tja, a szakiskolai k\u00e9pz\u00e9st alapjaiban kellene \u00e1tgondolni, az \u00e1ll\u00e1skeres\u00e9si j\u00e1rad\u00e9kot pedig hosszabb ideig kellene foly\u00f3s\u00edtani.<\/strong><\/p>\n<p>Az Egyens\u00faly Int\u00e9zet a munkaer\u0151piac illeszked\u00e9si zavarair\u00f3l k\u00e9sz\u00edtett kutat\u00e1st. Ebben megmutatj\u00e1k, jelenleg mi a probl\u00e9ma, \u00e9s hogy ezt megl\u00e1t\u00e1suk szerint hogyan lehetne orvosolni. A kutat\u00e1st itt lehet elolvasni. Filippov G\u00e1bor kutat\u00e1si igazgat\u00f3 az ATV Egyenes besz\u00e9d c\u00edm\u0171 m\u0171sor\u00e1ban arra a k\u00e9rd\u00e9sre, hogy aki akar, az val\u00f3ban tud-e dolgozni, azt mondta: az lenne a term\u00e9szetes egy munkaer\u0151piacon, hogy a kereslet \u00e9s a k\u00edn\u00e1lat egym\u00e1sra tal\u00e1l. Magyarorsz\u00e1gon saj\u00e1tos m\u00f3don az a helyzet, s\u0151t, m\u00e9g a j\u00e1rv\u00e1ny el\u0151tti id\u0151szakban is az volt, hogy k\u00f6zel 100 ezer munkahely volt tart\u00f3san \u00fcres, mik\u00f6zben t\u00f6bb mint 200 ezren kerestek munk\u00e1t, vagyis a kereslet \u00e9s a k\u00edn\u00e1lat nem tal\u00e1lt egym\u00e1sra. Szerinte az egyik ok a k\u00e9pzetts\u00e9gbeli elcs\u00fasz\u00e1s: az oktat\u00e1si \u00e9s szakk\u00e9pz\u00e9si rendszerrel probl\u00e9m\u00e1k vannak, ugyanis a munkaer\u0151piacon mindig egy kicsivel magasabban k\u00e9pzett embereket keresnek, mint amilyen munkaer\u0151 rendelkez\u00e9sre \u00e1ll. Ek\u00f6zben gyakran az emberek eggyel alacsonyabb k\u00e9pzetts\u00e9get ig\u00e9nyl\u0151 munk\u00e1t v\u00e9geznek, mint amilyen k\u00e9pzetts\u00e9g\u00fck val\u00f3j\u00e1ban van &#8211; tette hozz\u00e1. Az adatokb\u00f3l kider\u00fcl, hogy vel\u00fcnk \u00e9l egy t\u00f6bb \u00e9vtizedes m\u00edtosz, a diplom\u00e1s t\u00falk\u00e9pz\u00e9s m\u00edtosza, aminek semmi alapja nincs &#8211; jelentette ki Filippov G\u00e1bor, aki szerint ezzel szemben a diplom\u00e1sok gyakorlatilag azonnal tal\u00e1lnak munk\u00e1t az adatok szerint, diplom\u00e1s munkan\u00e9lk\u00fclis\u00e9g szabad szemmel l\u00e1that\u00f3an nem l\u00e9tezik Magyarorsz\u00e1gon. Lehet, hogy ezek az emberek nem a saj\u00e1t szakm\u00e1jukban dolgoznak, de olyan k\u00e9szs\u00e9gekre tesznek szert az oktat\u00e1suk sor\u00e1n, aminek k\u00f6sz\u00f6nhet\u0151en m\u00e1s munkak\u00f6rben gyorsan munk\u00e1t tudnak tal\u00e1lni. A kutat\u00e1si igazgat\u00f3 szerint akik nagy probl\u00e9m\u00e1val k\u00fcszk\u00f6dnek, \u00e9s sokan vannak, mintegy egymilli\u00f3an, azok a legfeljebb \u00e1ltal\u00e1nos iskolai v\u00e9gzetts\u00e9ggel rendelkez\u0151k, az \u0151 k\u00f6r\u00fckben tart ak\u00e1r \u00e9vekig is a munkakeres\u00e9si folyamat. A szakmunk\u00e1sk\u00e9pz\u00e9sben az a m\u00edtosz tartja mag\u00e1t, hogy a gyakorlati k\u00e9pz\u00e9sben a k\u00f6zvetlen piaci ig\u00e9nyekre kell helyezni a hangs\u00falyt, de k\u00f6zben a vil\u00e1g trendjei azt mutatj\u00e1k, ez nem igaz, az alapk\u00e9szs\u00e9gek fejleszt\u00e9se, az \u00edrni, olvasni, tanulni tud\u00e1s is legal\u00e1bb olyan fontos, mint a gimn\u00e1ziumi k\u00e9pz\u00e9sben, ugyanis a szakmunk\u00e1sok is egyre t\u00f6bb olyan feladattal szembes\u00fclnek, ahol ezekre is sz\u00fcks\u00e9g van &#8211; mutatott r\u00e1. Filippov G\u00e1bor szerint alapjaiban kellene \u00e1tgondolni a szakiskolai k\u00e9pz\u00e9st. Ugyanakkor nem csak az alacsonyabb k\u00e9pzetts\u00e9g a baj, hanem az is, hogy sokszor a munkav\u00e1llal\u00f3nak a 10-20 kilom\u00e9teres ing\u00e1z\u00e1s is gondot okoz, vagy \u00e9ppen a t\u00f6megk\u00f6zleked\u00e9s nem illeszkedik a munkaidej\u00e9hez. Ez egy &#8222;apr\u00f3 homokszem a g\u00e9pezetben&#8221;, de ha seg\u00edten\u00e9 az \u00e1llam p\u00e9ld\u00e1ul az ing\u00e1z\u00e1st, sok ember munk\u00e1hoz juthatna &#8211; mondta a kutat\u00e1si igazgat\u00f3. Arra a k\u00e9rd\u00e9sre, hogy a t\u00e1mogat\u00e1sok el\u00e9rik-e c\u00e9ljukat, Filippov G\u00e1bor azt v\u00e1laszolta: a jelenlegi \u00e1ll\u00e1skeres\u00e9si t\u00e1mogat\u00e1si rendszer sok szempontb\u00f3l nem l\u00e1tja el, s\u0151t, ak\u00e1r akad\u00e1lyozza is a c\u00e9lj\u00e1t. Az \u00e1ll\u00e1skeres\u00e9si j\u00e1rad\u00e9k jelenleg 3 h\u00f3napig j\u00e1r Magyarorsz\u00e1gon, de a kutat\u00e1si igazgat\u00f3 megjegyezte, hogy csup\u00e1n egyetlen olyan negyed\u00e9v volt az elm\u00falt 15 \u00e9vben a statisztik\u00e1k szerint, amikor 10 h\u00f3napn\u00e1l r\u00f6videbb id\u0151be telt munk\u00e1t tal\u00e1lni. Ez\u00e9rt sz\u00fcks\u00e9g lenne arra, hogy ezt a t\u00e1mogat\u00e1st hosszabb ideig foly\u00f3s\u00edts\u00e1k.<\/p>\n<p>forr\u00e1s: atv.hu<\/p>\n","protected":false},"excerpt":{"rendered":"<p>A diplom\u00e1sok gyakorlatilag azonnal tal\u00e1lnak munk\u00e1t az adatok szerint, diplom\u00e1s munkan\u00e9lk\u00fclis\u00e9g szabad szemmel l\u00e1that\u00f3an nem l\u00e9tezik Magyarorsz\u00e1gon. Az Egyens\u00faly Int\u00e9zet kutat\u00e1si igazgat\u00f3ja szerint az lenne a term\u00e9szetes egy munkaer\u0151piacon, hogy a kereslet \u00e9s a k\u00edn\u00e1lat egym\u00e1sra tal\u00e1l, Magyarorsz\u00e1gon azonban egyszerre van tart\u00f3s munkaer\u0151hi\u00e1ny \u00e9s sz\u00e1zezres nagys\u00e1grend\u0171 munkan\u00e9lk\u00fclis\u00e9g. \u00dagy l\u00e1tja, a szakiskolai k\u00e9pz\u00e9st alapjaiban kellene \u00e1tgondolni, [&hellip;]<\/p>\n","protected":false},"author":1,"featured_media":4637,"comment_status":"open","ping_status":"open","sticky":false,"template":"","format":"standard","meta":{"_monsterinsights_skip_tracking":false,"footnotes":""},"categories":[200],"tags":[],"class_list":["post-5104","post","type-post","status-publish","format-standard","has-post-thumbnail","hentry","category-munkaeropiac"],"aioseo_notices":[],"aioseo_head":"\n\t\t<!-- All in One SEO 5.0.0.1 - aioseo.com -->\n\t<meta name=\"description\" content=\"A diplom\u00e1sok gyakorlatilag azonnal tal\u00e1lnak munk\u00e1t az adatok szerint, diplom\u00e1s munkan\u00e9lk\u00fclis\u00e9g szabad szemmel l\u00e1that\u00f3an nem l\u00e9tezik Magyarorsz\u00e1gon. Az Egyens\u00faly Int\u00e9zet kutat\u00e1si igazgat\u00f3ja szerint az lenne a term\u00e9szetes egy munkaer\u0151piacon, hogy a kereslet \u00e9s a k\u00edn\u00e1lat egym\u00e1sra tal\u00e1l, Magyarorsz\u00e1gon azonban egyszerre van tart\u00f3s munkaer\u0151hi\u00e1ny \u00e9s sz\u00e1zezres nagys\u00e1grend\u0171 munkan\u00e9lk\u00fclis\u00e9g. \u00dagy l\u00e1tja, a szakiskolai k\u00e9pz\u00e9st alapjaiban kellene \u00e1tgondolni,\" \/>\n\t<meta name=\"robots\" content=\"max-image-preview:large\" \/>\n\t<meta name=\"author\" content=\"Juh\u00e1sz P\u00e9ter\"\/>\n\t<link rel=\"canonical\" href=\"https:\/\/allasorias.hu\/hirek\/munkanelkuliseg-es-munkaerohiany-egyszerre\/\" \/>\n\t<meta name=\"generator\" content=\"All in One SEO (AIOSEO) 5.0.0.1\" \/>\n\t\t<meta property=\"og:locale\" content=\"hu_HU\" \/>\n\t\t<meta property=\"og:site_name\" content=\"AllasOrias.hu | H\u00edrek-lapszemle | \u00dczleti h\u00edrek az \u00e1ll\u00e1s \u00e9s a munka vil\u00e1g\u00e1b\u00f3l\" \/>\n\t\t<meta property=\"og:type\" content=\"article\" \/>\n\t\t<meta property=\"og:title\" content=\"Munkan\u00e9lk\u00fclis\u00e9g \u00e9s munkaer\u0151hi\u00e1ny egyszerre | AllasOrias.hu | H\u00edrek-lapszemle\" \/>\n\t\t<meta property=\"og:description\" content=\"A diplom\u00e1sok gyakorlatilag azonnal tal\u00e1lnak munk\u00e1t az adatok szerint, diplom\u00e1s munkan\u00e9lk\u00fclis\u00e9g szabad szemmel l\u00e1that\u00f3an nem l\u00e9tezik Magyarorsz\u00e1gon. Az Egyens\u00faly Int\u00e9zet kutat\u00e1si igazgat\u00f3ja szerint az lenne a term\u00e9szetes egy munkaer\u0151piacon, hogy a kereslet \u00e9s a k\u00edn\u00e1lat egym\u00e1sra tal\u00e1l, Magyarorsz\u00e1gon azonban egyszerre van tart\u00f3s munkaer\u0151hi\u00e1ny \u00e9s sz\u00e1zezres nagys\u00e1grend\u0171 munkan\u00e9lk\u00fclis\u00e9g. \u00dagy l\u00e1tja, a szakiskolai k\u00e9pz\u00e9st alapjaiban kellene \u00e1tgondolni,\" \/>\n\t\t<meta property=\"og:url\" content=\"https:\/\/allasorias.hu\/hirek\/munkanelkuliseg-es-munkaerohiany-egyszerre\/\" \/>\n\t\t<meta property=\"og:image\" content=\"https:\/\/allasorias.hu\/hirek\/wp-content\/uploads\/2021\/03\/businessman-drawing-circle-select-group-people-standing-out-crowd.jpg\" \/>\n\t\t<meta property=\"og:image:secure_url\" content=\"https:\/\/allasorias.hu\/hirek\/wp-content\/uploads\/2021\/03\/businessman-drawing-circle-select-group-people-standing-out-crowd.jpg\" \/>\n\t\t<meta property=\"og:image:width\" content=\"1920\" \/>\n\t\t<meta property=\"og:image:height\" content=\"1001\" \/>\n\t\t<meta property=\"article:published_time\" content=\"2021-10-07T06:20:04+00:00\" \/>\n\t\t<meta property=\"article:modified_time\" content=\"2021-10-07T06:20:04+00:00\" \/>\n\t\t<meta property=\"article:publisher\" content=\"https:\/\/www.facebook.com\/allasorias\" \/>\n\t\t<meta name=\"twitter:card\" content=\"summary_large_image\" \/>\n\t\t<meta name=\"twitter:title\" content=\"Munkan\u00e9lk\u00fclis\u00e9g \u00e9s munkaer\u0151hi\u00e1ny egyszerre | AllasOrias.hu | H\u00edrek-lapszemle\" \/>\n\t\t<meta name=\"twitter:description\" content=\"A diplom\u00e1sok gyakorlatilag azonnal tal\u00e1lnak munk\u00e1t az adatok szerint, diplom\u00e1s munkan\u00e9lk\u00fclis\u00e9g szabad szemmel l\u00e1that\u00f3an nem l\u00e9tezik Magyarorsz\u00e1gon. Az Egyens\u00faly Int\u00e9zet kutat\u00e1si igazgat\u00f3ja szerint az lenne a term\u00e9szetes egy munkaer\u0151piacon, hogy a kereslet \u00e9s a k\u00edn\u00e1lat egym\u00e1sra tal\u00e1l, Magyarorsz\u00e1gon azonban egyszerre van tart\u00f3s munkaer\u0151hi\u00e1ny \u00e9s sz\u00e1zezres nagys\u00e1grend\u0171 munkan\u00e9lk\u00fclis\u00e9g. \u00dagy l\u00e1tja, a szakiskolai k\u00e9pz\u00e9st alapjaiban kellene \u00e1tgondolni,\" \/>\n\t\t<meta name=\"twitter:image\" content=\"https:\/\/allasorias.hu\/hirek\/wp-content\/uploads\/2021\/03\/businessman-drawing-circle-select-group-people-standing-out-crowd.jpg\" \/>\n\t\t<meta name=\"twitter:label1\" content=\"Written by\" \/>\n\t\t<meta name=\"twitter:data1\" content=\"Juh\u00e1sz P\u00e9ter\" \/>\n\t\t<meta name=\"twitter:label2\" content=\"Est. reading time\" \/>\n\t\t<meta name=\"twitter:data2\" content=\"4 minutes\" \/>\n\t\t<script type=\"application\/ld+json\" class=\"aioseo-schema\">\n\t\t\t{\"@context\":\"https:\\\/\\\/schema.org\",\"@graph\":[{\"@type\":\"Article\",\"@id\":\"https:\\\/\\\/allasorias.hu\\\/hirek\\\/munkanelkuliseg-es-munkaerohiany-egyszerre\\\/#article\",\"name\":\"Munkan\\u00e9lk\\u00fclis\\u00e9g \\u00e9s munkaer\\u0151hi\\u00e1ny egyszerre | AllasOrias.hu | H\\u00edrek-lapszemle\",\"headline\":\"Munkan\\u00e9lk\\u00fclis\\u00e9g \\u00e9s munkaer\\u0151hi\\u00e1ny egyszerre\",\"author\":{\"@id\":\"https:\\\/\\\/allasorias.hu\\\/hirek\\\/author\\\/admin-allasorias\\\/#author\"},\"publisher\":{\"@id\":\"https:\\\/\\\/allasorias.hu\\\/hirek\\\/#organization\"},\"image\":{\"@type\":\"ImageObject\",\"url\":\"https:\\\/\\\/allasorias.hu\\\/hirek\\\/wp-content\\\/uploads\\\/2021\\\/03\\\/businessman-drawing-circle-select-group-people-standing-out-crowd.jpg\",\"width\":1920,\"height\":1001,\"caption\":\"Human resource management and recruitment employment business concept. Businessman drawing circle select group people standing out of crowd\"},\"datePublished\":\"2021-10-07T06:20:04+02:00\",\"dateModified\":\"2021-10-07T06:20:04+02:00\",\"inLanguage\":\"hu-HU\",\"mainEntityOfPage\":{\"@id\":\"https:\\\/\\\/allasorias.hu\\\/hirek\\\/munkanelkuliseg-es-munkaerohiany-egyszerre\\\/#webpage\"},\"isPartOf\":{\"@id\":\"https:\\\/\\\/allasorias.hu\\\/hirek\\\/munkanelkuliseg-es-munkaerohiany-egyszerre\\\/#webpage\"},\"articleSection\":\"Munkaer\\u0151piac\"},{\"@type\":\"BreadcrumbList\",\"@id\":\"https:\\\/\\\/allasorias.hu\\\/hirek\\\/munkanelkuliseg-es-munkaerohiany-egyszerre\\\/#breadcrumblist\",\"itemListElement\":[{\"@type\":\"ListItem\",\"@id\":\"https:\\\/\\\/allasorias.hu\\\/hirek#listItem\",\"position\":1,\"name\":\"Home\",\"item\":\"https:\\\/\\\/allasorias.hu\\\/hirek\",\"nextItem\":{\"@type\":\"ListItem\",\"@id\":\"https:\\\/\\\/allasorias.hu\\\/hirek\\\/temak\\\/munkaeropiac\\\/#listItem\",\"name\":\"Munkaer\\u0151piac\"}},{\"@type\":\"ListItem\",\"@id\":\"https:\\\/\\\/allasorias.hu\\\/hirek\\\/temak\\\/munkaeropiac\\\/#listItem\",\"position\":2,\"name\":\"Munkaer\\u0151piac\",\"item\":\"https:\\\/\\\/allasorias.hu\\\/hirek\\\/temak\\\/munkaeropiac\\\/\",\"nextItem\":{\"@type\":\"ListItem\",\"@id\":\"https:\\\/\\\/allasorias.hu\\\/hirek\\\/munkanelkuliseg-es-munkaerohiany-egyszerre\\\/#listItem\",\"name\":\"Munkan\\u00e9lk\\u00fclis\\u00e9g \\u00e9s munkaer\\u0151hi\\u00e1ny egyszerre\"},\"previousItem\":{\"@type\":\"ListItem\",\"@id\":\"https:\\\/\\\/allasorias.hu\\\/hirek#listItem\",\"name\":\"Home\"}},{\"@type\":\"ListItem\",\"@id\":\"https:\\\/\\\/allasorias.hu\\\/hirek\\\/munkanelkuliseg-es-munkaerohiany-egyszerre\\\/#listItem\",\"position\":3,\"name\":\"Munkan\\u00e9lk\\u00fclis\\u00e9g \\u00e9s munkaer\\u0151hi\\u00e1ny egyszerre\",\"previousItem\":{\"@type\":\"ListItem\",\"@id\":\"https:\\\/\\\/allasorias.hu\\\/hirek\\\/temak\\\/munkaeropiac\\\/#listItem\",\"name\":\"Munkaer\\u0151piac\"}}]},{\"@type\":\"Organization\",\"@id\":\"https:\\\/\\\/allasorias.hu\\\/hirek\\\/#organization\",\"name\":\"AllasOrias.hu | H\\u00edrek-lapszemle\",\"description\":\"\\u00dczleti h\\u00edrek az \\u00e1ll\\u00e1s \\u00e9s a munka vil\\u00e1g\\u00e1b\\u00f3l\",\"url\":\"https:\\\/\\\/allasorias.hu\\\/hirek\\\/\",\"logo\":{\"@type\":\"ImageObject\",\"url\":\"https:\\\/\\\/allasorias.hu\\\/hirek\\\/wp-content\\\/uploads\\\/2022\\\/10\\\/allasorias_site_facebok_logo.png\",\"@id\":\"https:\\\/\\\/allasorias.hu\\\/hirek\\\/munkanelkuliseg-es-munkaerohiany-egyszerre\\\/#organizationLogo\"},\"image\":{\"@id\":\"https:\\\/\\\/allasorias.hu\\\/hirek\\\/munkanelkuliseg-es-munkaerohiany-egyszerre\\\/#organizationLogo\"},\"sameAs\":[\"https:\\\/\\\/www.facebook.com\\\/allasorias\",\"https:\\\/\\\/www.linkedin.com\\\/company\\\/allasorias\"]},{\"@type\":\"Person\",\"@id\":\"https:\\\/\\\/allasorias.hu\\\/hirek\\\/author\\\/admin-allasorias\\\/#author\",\"url\":\"https:\\\/\\\/allasorias.hu\\\/hirek\\\/author\\\/admin-allasorias\\\/\",\"name\":\"Juh\\u00e1sz P\\u00e9ter\",\"image\":{\"@type\":\"ImageObject\",\"@id\":\"https:\\\/\\\/allasorias.hu\\\/hirek\\\/munkanelkuliseg-es-munkaerohiany-egyszerre\\\/#authorImage\",\"url\":\"https:\\\/\\\/secure.gravatar.com\\\/avatar\\\/36e6bcb83148978b992977cb0f54d22feb0cce8a0a849a9410532bb2623ba4c6?s=96&d=mm&r=g\",\"width\":96,\"height\":96,\"caption\":\"Juh\\u00e1sz P\\u00e9ter\"}},{\"@type\":\"WebPage\",\"@id\":\"https:\\\/\\\/allasorias.hu\\\/hirek\\\/munkanelkuliseg-es-munkaerohiany-egyszerre\\\/#webpage\",\"url\":\"https:\\\/\\\/allasorias.hu\\\/hirek\\\/munkanelkuliseg-es-munkaerohiany-egyszerre\\\/\",\"name\":\"Munkan\\u00e9lk\\u00fclis\\u00e9g \\u00e9s munkaer\\u0151hi\\u00e1ny egyszerre | AllasOrias.hu | H\\u00edrek-lapszemle\",\"description\":\"A diplom\\u00e1sok gyakorlatilag azonnal tal\\u00e1lnak munk\\u00e1t az adatok szerint, diplom\\u00e1s munkan\\u00e9lk\\u00fclis\\u00e9g szabad szemmel l\\u00e1that\\u00f3an nem l\\u00e9tezik Magyarorsz\\u00e1gon. Az Egyens\\u00faly Int\\u00e9zet kutat\\u00e1si igazgat\\u00f3ja szerint az lenne a term\\u00e9szetes egy munkaer\\u0151piacon, hogy a kereslet \\u00e9s a k\\u00edn\\u00e1lat egym\\u00e1sra tal\\u00e1l, Magyarorsz\\u00e1gon azonban egyszerre van tart\\u00f3s munkaer\\u0151hi\\u00e1ny \\u00e9s sz\\u00e1zezres nagys\\u00e1grend\\u0171 munkan\\u00e9lk\\u00fclis\\u00e9g. \\u00dagy l\\u00e1tja, a szakiskolai k\\u00e9pz\\u00e9st alapjaiban kellene \\u00e1tgondolni,\",\"inLanguage\":\"hu-HU\",\"isPartOf\":{\"@id\":\"https:\\\/\\\/allasorias.hu\\\/hirek\\\/#website\"},\"breadcrumb\":{\"@id\":\"https:\\\/\\\/allasorias.hu\\\/hirek\\\/munkanelkuliseg-es-munkaerohiany-egyszerre\\\/#breadcrumblist\"},\"author\":{\"@id\":\"https:\\\/\\\/allasorias.hu\\\/hirek\\\/author\\\/admin-allasorias\\\/#author\"},\"creator\":{\"@id\":\"https:\\\/\\\/allasorias.hu\\\/hirek\\\/author\\\/admin-allasorias\\\/#author\"},\"image\":{\"@type\":\"ImageObject\",\"url\":\"https:\\\/\\\/allasorias.hu\\\/hirek\\\/wp-content\\\/uploads\\\/2021\\\/03\\\/businessman-drawing-circle-select-group-people-standing-out-crowd.jpg\",\"@id\":\"https:\\\/\\\/allasorias.hu\\\/hirek\\\/munkanelkuliseg-es-munkaerohiany-egyszerre\\\/#mainImage\",\"width\":1920,\"height\":1001,\"caption\":\"Human resource management and recruitment employment business concept. Businessman drawing circle select group people standing out of crowd\"},\"primaryImageOfPage\":{\"@id\":\"https:\\\/\\\/allasorias.hu\\\/hirek\\\/munkanelkuliseg-es-munkaerohiany-egyszerre\\\/#mainImage\"},\"datePublished\":\"2021-10-07T06:20:04+02:00\",\"dateModified\":\"2021-10-07T06:20:04+02:00\"},{\"@type\":\"WebSite\",\"@id\":\"https:\\\/\\\/allasorias.hu\\\/hirek\\\/#website\",\"url\":\"https:\\\/\\\/allasorias.hu\\\/hirek\\\/\",\"name\":\"AllasOrias.hu | H\\u00edrek-lapszemle\",\"description\":\"\\u00dczleti h\\u00edrek az \\u00e1ll\\u00e1s \\u00e9s a munka vil\\u00e1g\\u00e1b\\u00f3l\",\"inLanguage\":\"hu-HU\",\"publisher\":{\"@id\":\"https:\\\/\\\/allasorias.hu\\\/hirek\\\/#organization\"}}]}\n\t\t<\/script>\n\t\t<!-- All in One SEO -->\n\n","aioseo_head_json":{"title":"Munkan\u00e9lk\u00fclis\u00e9g \u00e9s munkaer\u0151hi\u00e1ny egyszerre | AllasOrias.hu | H\u00edrek-lapszemle","description":"A diplom\u00e1sok gyakorlatilag azonnal tal\u00e1lnak munk\u00e1t az adatok szerint, diplom\u00e1s munkan\u00e9lk\u00fclis\u00e9g szabad szemmel l\u00e1that\u00f3an nem l\u00e9tezik Magyarorsz\u00e1gon. Az Egyens\u00faly Int\u00e9zet kutat\u00e1si igazgat\u00f3ja szerint az lenne a term\u00e9szetes egy munkaer\u0151piacon, hogy a kereslet \u00e9s a k\u00edn\u00e1lat egym\u00e1sra tal\u00e1l, Magyarorsz\u00e1gon azonban egyszerre van tart\u00f3s munkaer\u0151hi\u00e1ny \u00e9s sz\u00e1zezres nagys\u00e1grend\u0171 munkan\u00e9lk\u00fclis\u00e9g. \u00dagy l\u00e1tja, a szakiskolai k\u00e9pz\u00e9st alapjaiban kellene \u00e1tgondolni,","canonical_url":"https:\/\/allasorias.hu\/hirek\/munkanelkuliseg-es-munkaerohiany-egyszerre\/","robots":"max-image-preview:large","keywords":"","webmasterTools":{"miscellaneous":""},"schema":{"@context":"https:\/\/schema.org","@graph":[{"@type":"Article","@id":"https:\/\/allasorias.hu\/hirek\/munkanelkuliseg-es-munkaerohiany-egyszerre\/#article","name":"Munkan\u00e9lk\u00fclis\u00e9g \u00e9s munkaer\u0151hi\u00e1ny egyszerre | AllasOrias.hu | H\u00edrek-lapszemle","headline":"Munkan\u00e9lk\u00fclis\u00e9g \u00e9s munkaer\u0151hi\u00e1ny egyszerre","author":{"@id":"https:\/\/allasorias.hu\/hirek\/author\/admin-allasorias\/#author"},"publisher":{"@id":"https:\/\/allasorias.hu\/hirek\/#organization"},"image":{"@type":"ImageObject","url":"https:\/\/allasorias.hu\/hirek\/wp-content\/uploads\/2021\/03\/businessman-drawing-circle-select-group-people-standing-out-crowd.jpg","width":1920,"height":1001,"caption":"Human resource management and recruitment employment business concept. Businessman drawing circle select group people standing out of crowd"},"datePublished":"2021-10-07T06:20:04+02:00","dateModified":"2021-10-07T06:20:04+02:00","inLanguage":"hu-HU","mainEntityOfPage":{"@id":"https:\/\/allasorias.hu\/hirek\/munkanelkuliseg-es-munkaerohiany-egyszerre\/#webpage"},"isPartOf":{"@id":"https:\/\/allasorias.hu\/hirek\/munkanelkuliseg-es-munkaerohiany-egyszerre\/#webpage"},"articleSection":"Munkaer\u0151piac"},{"@type":"BreadcrumbList","@id":"https:\/\/allasorias.hu\/hirek\/munkanelkuliseg-es-munkaerohiany-egyszerre\/#breadcrumblist","itemListElement":[{"@type":"ListItem","@id":"https:\/\/allasorias.hu\/hirek#listItem","position":1,"name":"Home","item":"https:\/\/allasorias.hu\/hirek","nextItem":{"@type":"ListItem","@id":"https:\/\/allasorias.hu\/hirek\/temak\/munkaeropiac\/#listItem","name":"Munkaer\u0151piac"}},{"@type":"ListItem","@id":"https:\/\/allasorias.hu\/hirek\/temak\/munkaeropiac\/#listItem","position":2,"name":"Munkaer\u0151piac","item":"https:\/\/allasorias.hu\/hirek\/temak\/munkaeropiac\/","nextItem":{"@type":"ListItem","@id":"https:\/\/allasorias.hu\/hirek\/munkanelkuliseg-es-munkaerohiany-egyszerre\/#listItem","name":"Munkan\u00e9lk\u00fclis\u00e9g \u00e9s munkaer\u0151hi\u00e1ny egyszerre"},"previousItem":{"@type":"ListItem","@id":"https:\/\/allasorias.hu\/hirek#listItem","name":"Home"}},{"@type":"ListItem","@id":"https:\/\/allasorias.hu\/hirek\/munkanelkuliseg-es-munkaerohiany-egyszerre\/#listItem","position":3,"name":"Munkan\u00e9lk\u00fclis\u00e9g \u00e9s munkaer\u0151hi\u00e1ny egyszerre","previousItem":{"@type":"ListItem","@id":"https:\/\/allasorias.hu\/hirek\/temak\/munkaeropiac\/#listItem","name":"Munkaer\u0151piac"}}]},{"@type":"Organization","@id":"https:\/\/allasorias.hu\/hirek\/#organization","name":"AllasOrias.hu | H\u00edrek-lapszemle","description":"\u00dczleti h\u00edrek az \u00e1ll\u00e1s \u00e9s a munka vil\u00e1g\u00e1b\u00f3l","url":"https:\/\/allasorias.hu\/hirek\/","logo":{"@type":"ImageObject","url":"https:\/\/allasorias.hu\/hirek\/wp-content\/uploads\/2022\/10\/allasorias_site_facebok_logo.png","@id":"https:\/\/allasorias.hu\/hirek\/munkanelkuliseg-es-munkaerohiany-egyszerre\/#organizationLogo"},"image":{"@id":"https:\/\/allasorias.hu\/hirek\/munkanelkuliseg-es-munkaerohiany-egyszerre\/#organizationLogo"},"sameAs":["https:\/\/www.facebook.com\/allasorias","https:\/\/www.linkedin.com\/company\/allasorias"]},{"@type":"Person","@id":"https:\/\/allasorias.hu\/hirek\/author\/admin-allasorias\/#author","url":"https:\/\/allasorias.hu\/hirek\/author\/admin-allasorias\/","name":"Juh\u00e1sz P\u00e9ter","image":{"@type":"ImageObject","@id":"https:\/\/allasorias.hu\/hirek\/munkanelkuliseg-es-munkaerohiany-egyszerre\/#authorImage","url":"https:\/\/secure.gravatar.com\/avatar\/36e6bcb83148978b992977cb0f54d22feb0cce8a0a849a9410532bb2623ba4c6?s=96&d=mm&r=g","width":96,"height":96,"caption":"Juh\u00e1sz P\u00e9ter"}},{"@type":"WebPage","@id":"https:\/\/allasorias.hu\/hirek\/munkanelkuliseg-es-munkaerohiany-egyszerre\/#webpage","url":"https:\/\/allasorias.hu\/hirek\/munkanelkuliseg-es-munkaerohiany-egyszerre\/","name":"Munkan\u00e9lk\u00fclis\u00e9g \u00e9s munkaer\u0151hi\u00e1ny egyszerre | AllasOrias.hu | H\u00edrek-lapszemle","description":"A diplom\u00e1sok gyakorlatilag azonnal tal\u00e1lnak munk\u00e1t az adatok szerint, diplom\u00e1s munkan\u00e9lk\u00fclis\u00e9g szabad szemmel l\u00e1that\u00f3an nem l\u00e9tezik Magyarorsz\u00e1gon. Az Egyens\u00faly Int\u00e9zet kutat\u00e1si igazgat\u00f3ja szerint az lenne a term\u00e9szetes egy munkaer\u0151piacon, hogy a kereslet \u00e9s a k\u00edn\u00e1lat egym\u00e1sra tal\u00e1l, Magyarorsz\u00e1gon azonban egyszerre van tart\u00f3s munkaer\u0151hi\u00e1ny \u00e9s sz\u00e1zezres nagys\u00e1grend\u0171 munkan\u00e9lk\u00fclis\u00e9g. \u00dagy l\u00e1tja, a szakiskolai k\u00e9pz\u00e9st alapjaiban kellene \u00e1tgondolni,","inLanguage":"hu-HU","isPartOf":{"@id":"https:\/\/allasorias.hu\/hirek\/#website"},"breadcrumb":{"@id":"https:\/\/allasorias.hu\/hirek\/munkanelkuliseg-es-munkaerohiany-egyszerre\/#breadcrumblist"},"author":{"@id":"https:\/\/allasorias.hu\/hirek\/author\/admin-allasorias\/#author"},"creator":{"@id":"https:\/\/allasorias.hu\/hirek\/author\/admin-allasorias\/#author"},"image":{"@type":"ImageObject","url":"https:\/\/allasorias.hu\/hirek\/wp-content\/uploads\/2021\/03\/businessman-drawing-circle-select-group-people-standing-out-crowd.jpg","@id":"https:\/\/allasorias.hu\/hirek\/munkanelkuliseg-es-munkaerohiany-egyszerre\/#mainImage","width":1920,"height":1001,"caption":"Human resource management and recruitment employment business concept. Businessman drawing circle select group people standing out of crowd"},"primaryImageOfPage":{"@id":"https:\/\/allasorias.hu\/hirek\/munkanelkuliseg-es-munkaerohiany-egyszerre\/#mainImage"},"datePublished":"2021-10-07T06:20:04+02:00","dateModified":"2021-10-07T06:20:04+02:00"},{"@type":"WebSite","@id":"https:\/\/allasorias.hu\/hirek\/#website","url":"https:\/\/allasorias.hu\/hirek\/","name":"AllasOrias.hu | H\u00edrek-lapszemle","description":"\u00dczleti h\u00edrek az \u00e1ll\u00e1s \u00e9s a munka vil\u00e1g\u00e1b\u00f3l","inLanguage":"hu-HU","publisher":{"@id":"https:\/\/allasorias.hu\/hirek\/#organization"}}]},"og:locale":"hu_HU","og:site_name":"AllasOrias.hu | H\u00edrek-lapszemle | \u00dczleti h\u00edrek az \u00e1ll\u00e1s \u00e9s a munka vil\u00e1g\u00e1b\u00f3l","og:type":"article","og:title":"Munkan\u00e9lk\u00fclis\u00e9g \u00e9s munkaer\u0151hi\u00e1ny egyszerre | AllasOrias.hu | H\u00edrek-lapszemle","og:description":"A diplom\u00e1sok gyakorlatilag azonnal tal\u00e1lnak munk\u00e1t az adatok szerint, diplom\u00e1s munkan\u00e9lk\u00fclis\u00e9g szabad szemmel l\u00e1that\u00f3an nem l\u00e9tezik Magyarorsz\u00e1gon. Az Egyens\u00faly Int\u00e9zet kutat\u00e1si igazgat\u00f3ja szerint az lenne a term\u00e9szetes egy munkaer\u0151piacon, hogy a kereslet \u00e9s a k\u00edn\u00e1lat egym\u00e1sra tal\u00e1l, Magyarorsz\u00e1gon azonban egyszerre van tart\u00f3s munkaer\u0151hi\u00e1ny \u00e9s sz\u00e1zezres nagys\u00e1grend\u0171 munkan\u00e9lk\u00fclis\u00e9g. \u00dagy l\u00e1tja, a szakiskolai k\u00e9pz\u00e9st alapjaiban kellene \u00e1tgondolni,","og:url":"https:\/\/allasorias.hu\/hirek\/munkanelkuliseg-es-munkaerohiany-egyszerre\/","og:image":"https:\/\/allasorias.hu\/hirek\/wp-content\/uploads\/2021\/03\/businessman-drawing-circle-select-group-people-standing-out-crowd.jpg","og:image:secure_url":"https:\/\/allasorias.hu\/hirek\/wp-content\/uploads\/2021\/03\/businessman-drawing-circle-select-group-people-standing-out-crowd.jpg","og:image:width":1920,"og:image:height":1001,"article:published_time":"2021-10-07T06:20:04+00:00","article:modified_time":"2021-10-07T06:20:04+00:00","article:publisher":"https:\/\/www.facebook.com\/allasorias","twitter:card":"summary_large_image","twitter:title":"Munkan\u00e9lk\u00fclis\u00e9g \u00e9s munkaer\u0151hi\u00e1ny egyszerre | AllasOrias.hu | H\u00edrek-lapszemle","twitter:description":"A diplom\u00e1sok gyakorlatilag azonnal tal\u00e1lnak munk\u00e1t az adatok szerint, diplom\u00e1s munkan\u00e9lk\u00fclis\u00e9g szabad szemmel l\u00e1that\u00f3an nem l\u00e9tezik Magyarorsz\u00e1gon. Az Egyens\u00faly Int\u00e9zet kutat\u00e1si igazgat\u00f3ja szerint az lenne a term\u00e9szetes egy munkaer\u0151piacon, hogy a kereslet \u00e9s a k\u00edn\u00e1lat egym\u00e1sra tal\u00e1l, Magyarorsz\u00e1gon azonban egyszerre van tart\u00f3s munkaer\u0151hi\u00e1ny \u00e9s sz\u00e1zezres nagys\u00e1grend\u0171 munkan\u00e9lk\u00fclis\u00e9g. \u00dagy l\u00e1tja, a szakiskolai k\u00e9pz\u00e9st alapjaiban kellene \u00e1tgondolni,","twitter:image":"https:\/\/allasorias.hu\/hirek\/wp-content\/uploads\/2021\/03\/businessman-drawing-circle-select-group-people-standing-out-crowd.jpg","twitter:label1":"Written by","twitter:data1":"Juh\u00e1sz P\u00e9ter","twitter:label2":"Est. reading time","twitter:data2":"4 minutes"},"aioseo_meta_data":{"post_id":"5104","title":null,"description":null,"keywords":[],"keyphrases":{"focus":[],"additional":[]},"primary_term":null,"canonical_url":null,"og_title":null,"og_description":null,"og_object_type":"default","og_image_type":"default","og_image_url":null,"og_image_width":null,"og_image_height":null,"og_image_custom_url":null,"og_image_custom_fields":null,"og_video":"","og_custom_url":null,"og_article_section":null,"og_article_tags":[],"twitter_use_og":false,"twitter_card":"default","twitter_image_type":"default","twitter_image_url":null,"twitter_image_custom_url":null,"twitter_image_custom_fields":null,"twitter_title":null,"twitter_description":null,"schema":{"blockGraphs":[],"customGraphs":[],"default":{"data":{"Article":[],"Course":[],"Dataset":[],"FAQPage":[],"Movie":[],"Person":[],"Product":[],"ProductReview":[],"Car":[],"Recipe":[],"Service":[],"SoftwareApplication":[],"WebPage":[]},"graphName":"","isEnabled":true},"graphs":[],"defaultGraph":"Article","defaultPostTypeGraph":""},"schema_type":"default","schema_type_options":"{\"article\":{\"articleType\":\"BlogPosting\"},\"course\":{\"name\":\"\",\"description\":\"\",\"provider\":\"\"},\"faq\":{\"pages\":[]},\"product\":{\"reviews\":[]},\"recipe\":{\"ingredients\":[],\"instructions\":[],\"keywords\":[]},\"software\":{\"reviews\":[],\"operatingSystems\":[]},\"webPage\":{\"webPageType\":\"WebPage\"}}","pillar_content":false,"robots_default":true,"robots_noindex":false,"robots_noarchive":false,"robots_nosnippet":false,"robots_nofollow":false,"robots_noimageindex":false,"robots_noodp":false,"robots_notranslate":false,"robots_max_snippet":"-1","robots_max_videopreview":"-1","robots_max_imagepreview":"large","priority":null,"frequency":"default","location":null,"local_seo":{"locations":{"business":{"name":"","businessType":"","image":"","areaServed":"","urls":{"website":"","aboutPage":"","contactPage":""},"address":{"streetLine1":"","streetLine2":"","zipCode":"","city":"","state":"","country":"","addressFormat":"#streetLineOne\n#streetLineTwo\n#city, #state #zipCode"},"contact":{"email":"","phone":"","phoneFormatted":"","fax":"","faxFormatted":""},"ids":{"vat":"","tax":"","chamberOfCommerce":""},"payment":{"priceRange":"","currenciesAccepted":"","methods":""}}},"openingHours":{"useDefaults":true,"show":true,"alwaysOpen":false,"use24hFormat":false,"timezone":"","labels":{"closed":"","alwaysOpen":""},"days":{"monday":{"open24h":false,"closed":false,"openTime":"09:00","closeTime":"17:00"},"tuesday":{"open24h":false,"closed":false,"openTime":"09:00","closeTime":"17:00"},"wednesday":{"open24h":false,"closed":false,"openTime":"09:00","closeTime":"17:00"},"thursday":{"open24h":false,"closed":false,"openTime":"09:00","closeTime":"17:00"},"friday":{"open24h":false,"closed":false,"openTime":"09:00","closeTime":"17:00"},"saturday":{"open24h":false,"closed":false,"openTime":"09:00","closeTime":"17:00"},"sunday":{"open24h":false,"closed":false,"openTime":"09:00","closeTime":"17:00"}}}},"breadcrumb_settings":null,"limit_modified_date":false,"ai":null,"created":"2021-10-07 06:16:40","updated":"2025-10-02 16:14:46","seo_analyzer_scan_date":null,"focus_keyword":null,"additional_keywords":null,"truseo_locale":null},"aioseo_breadcrumb":"<div class=\"aioseo-breadcrumbs\"><span class=\"aioseo-breadcrumb\">\n\t\t\t<a href=\"https:\/\/allasorias.hu\/hirek\" title=\"Home\">Home<\/a>\n\t\t<\/span><span class=\"aioseo-breadcrumb-separator\">&raquo;<\/span><span class=\"aioseo-breadcrumb\">\n\t\t\t<a href=\"https:\/\/allasorias.hu\/hirek\/temak\/munkaeropiac\/\" title=\"Munkaer\u0151piac\">Munkaer\u0151piac<\/a>\n\t\t<\/span><span class=\"aioseo-breadcrumb-separator\">&raquo;<\/span><span class=\"aioseo-breadcrumb\">\n\t\t\tMunkan\u00e9lk\u00fclis\u00e9g \u00e9s munkaer\u0151hi\u00e1ny egyszerre\n\t\t<\/span><\/div>","aioseo_breadcrumb_json":[{"label":"Home","link":"https:\/\/allasorias.hu\/hirek"},{"label":"Munkaer\u0151piac","link":"https:\/\/allasorias.hu\/hirek\/temak\/munkaeropiac\/"},{"label":"Munkan\u00e9lk\u00fclis\u00e9g \u00e9s munkaer\u0151hi\u00e1ny egyszerre","link":"https:\/\/allasorias.hu\/hirek\/munkanelkuliseg-es-munkaerohiany-egyszerre\/"}],"_links":{"self":[{"href":"https:\/\/allasorias.hu\/hirek\/wp-json\/wp\/v2\/posts\/5104","targetHints":{"allow":["GET"]}}],"collection":[{"href":"https:\/\/allasorias.hu\/hirek\/wp-json\/wp\/v2\/posts"}],"about":[{"href":"https:\/\/allasorias.hu\/hirek\/wp-json\/wp\/v2\/types\/post"}],"author":[{"embeddable":true,"href":"https:\/\/allasorias.hu\/hirek\/wp-json\/wp\/v2\/users\/1"}],"replies":[{"embeddable":true,"href":"https:\/\/allasorias.hu\/hirek\/wp-json\/wp\/v2\/comments?post=5104"}],"version-history":[{"count":1,"href":"https:\/\/allasorias.hu\/hirek\/wp-json\/wp\/v2\/posts\/5104\/revisions"}],"predecessor-version":[{"id":5105,"href":"https:\/\/allasorias.hu\/hirek\/wp-json\/wp\/v2\/posts\/5104\/revisions\/5105"}],"wp:featuredmedia":[{"embeddable":true,"href":"https:\/\/allasorias.hu\/hirek\/wp-json\/wp\/v2\/media\/4637"}],"wp:attachment":[{"href":"https:\/\/allasorias.hu\/hirek\/wp-json\/wp\/v2\/media?parent=5104"}],"wp:term":[{"taxonomy":"category","embeddable":true,"href":"https:\/\/allasorias.hu\/hirek\/wp-json\/wp\/v2\/categories?post=5104"},{"taxonomy":"post_tag","embeddable":true,"href":"https:\/\/allasorias.hu\/hirek\/wp-json\/wp\/v2\/tags?post=5104"}],"curies":[{"name":"wp","href":"https:\/\/api.w.org\/{rel}","templated":true}]}}