{"id":5094,"date":"2021-10-01T06:41:58","date_gmt":"2021-10-01T06:41:58","guid":{"rendered":"https:\/\/allasorias.hu\/hirek\/?p=5094"},"modified":"2021-10-01T06:41:58","modified_gmt":"2021-10-01T06:41:58","slug":"az-elektromobilitas-uj-munkahelyeket-is-teremt","status":"publish","type":"post","link":"https:\/\/allasorias.hu\/hirek\/az-elektromobilitas-uj-munkahelyeket-is-teremt\/","title":{"rendered":"Az elektromobilit\u00e1s \u00faj munkahelyeket is teremt"},"content":{"rendered":"<p><strong>Az m\u00e1r teljesen nyilv\u00e1nval\u00f3, hogy az elektromos j\u00e1rm\u0171vek fokozatos t\u00e9rnyer\u00e9se milyen szint\u0171 \u00e1talakul\u00e1sra k\u00e9nyszer\u00edti mag\u00e1t az aut\u00f3ipart, egy friss jelent\u00e9s szerint azonban a v\u00e1ltoz\u00e1sok nagys\u00e1grendj\u00e9re az is jellemz\u0151, hogy uni\u00f3s t\u00e1mogat\u00e1sra lesz sz\u00fcks\u00e9g a munkav\u00e1llal\u00f3k \u00e1tk\u00e9pz\u00e9s\u00e9ben a &#8222;z\u00e9r\u00f3 emisszi\u00f3s j\u00f6v\u0151re&#8221; val\u00f3 felk\u00e9sz\u00fcl\u00e9shez. <\/strong><\/p>\n<p>Az elektromobilit\u00e1s a megsz\u0171n\u0151 munkahelyekkel p\u00e1rhuzamosan rengeteg \u00faj \u00e1ll\u00e1st is teremt, de a sikeres \u00e1tmenethez sz\u00fcks\u00e9g lesz milli\u00f3nyi dolgoz\u00f3 \u00e1tk\u00e9pz\u00e9s\u00e9re \u00e9s a region\u00e1lis \u00e1tmenetek kezel\u00e9s\u00e9re is. A JATO aut\u00f3ipari piackutat\u00f3 \u00e9ppen k\u00f6zz\u00e9tette \u00a0legfrissebb statisztik\u00e1j\u00e1t azzal kapcsolatban, hogy 2021 augusztus\u00e1ban m\u00e1r a d\u00edzelesekn\u00e9l t\u00f6bb plugin hibrid vagy tiszt\u00e1n elektromos hajt\u00e1s\u00fa \u00faj aut\u00f3t \u00e9rt\u00e9kes\u00edtettek Eur\u00f3p\u00e1ban. A Platform for Electromobility ipar\u00e1gi csoport a Boston Consulting Group adataira hivatkozva sz\u00e1molt be r\u00f3la, hogy 2030-ra az eur\u00f3pai aut\u00f3gy\u00e1rt\u00e1s 5,7 milli\u00f3s foglalkoztatotts\u00e1ga alig 1 sz\u00e1zal\u00e9kkal cs\u00f6kkenhet az elektromobilit\u00e1s t\u00e9rnyer\u00e9s\u00e9vel, azonban a hagyom\u00e1nyos gy\u00e1rt\u00f3k \u00e9s besz\u00e1ll\u00edt\u00f3k eset\u00e9ben m\u00e1r a munkahelyek 20 \u00e9s 42 sz\u00e1zal\u00e9ka is megsz\u0171nhet matta. Ez nagys\u00e1grendj\u00e9t tekintve 500 ezer \u00e1ll\u00e1s felsz\u00e1mol\u00e1s\u00e1t jelenten\u00e9, mik\u00f6zben a nulla emisszi\u00f3s technol\u00f3gi\u00e1kra koncentr\u00e1l\u00f3 besz\u00e1ll\u00edt\u00f3k m\u00e1r ennyi id\u0151 alatt is 300 ezer \u00faj munkahelyet teremthetnek. Az Eur\u00f3pai Bizotts\u00e1g a ny\u00e1ron mutatott be javaslatcsomagot az \u00fcvegh\u00e1zhat\u00e1s\u00fa g\u00e1zok kibocs\u00e1t\u00e1s\u00e1nak cs\u00f6kkent\u00e9s\u00e9re, amelynek \u00e9rtelm\u00e9ben 2035-ig az alternat\u00edv t\u00f6lt\u0151kapacit\u00e1s b\u0151v\u00edt\u00e9s\u00e9vel p\u00e1rhuzamosan meg kellene sz\u00fcntetni a d\u00edzel- \u00e9s a benzin\u00fczem\u0171 aut\u00f3k \u00e9rt\u00e9kes\u00edt\u00e9s\u00e9t. Az aut\u00f3gy\u00e1rt\u00f3k ennek kapcs\u00e1n arra figyelmeztetnek, hogy a hagyom\u00e1nyos bels\u0151\u00e9g\u00e9s\u0171 motorokkal foglalkoz\u00f3 \u00fczemekben vesz\u00e9lybe ker\u00fclnek az \u00e1ll\u00e1sok, \u00e9s felsz\u00f3l\u00edtott\u00e1k az Eur\u00f3pai Uni\u00f3t, hogy seg\u00edtsen enyh\u00edteni az elektromos j\u00e1rm\u0171vekre val\u00f3 \u00e1tt\u00e9r\u00e9s ilyen ir\u00e1ny\u00fa hat\u00e1sait. A Platform for Electromobility \u00e1ltal id\u00e9zett tanulm\u00e1ny ugyanakkor nagy csom\u00f3 \u00faj munkahelyet j\u00f3sol az aut\u00f3iparhoz kapcsol\u00f3d\u00f3 energiatermel\u00e9sben \u00e9s valamint az elektromos j\u00e1rm\u0171vek t\u00f6lt\u00e9si infrastrukt\u00far\u00e1j\u00e1ban. A csoport szerint ez\u00e9rt az EU-nak, a korm\u00e1nyoknak \u00e9s a v\u00e1llalatoknak is az oktat\u00e1sra \u00e9s a tov\u00e1bbk\u00e9pz\u00e9sre kellene koncentr\u00e1lniuk, idej\u00e9ben alkalmass\u00e1 t\u00e9ve r\u00e1 a munkav\u00e1llal\u00f3kat, hogy ne maradjanak le, ahogy az ipar\u00e1g \u00e1t\u00e1ll az elektromos j\u00e1rm\u0171vekre. A Reuters tud\u00f3s\u00edt\u00e1sa a szervezet eln\u00f6k\u00e9t id\u00e9zi, aki \u00fagy l\u00e1tja, hogy d\u00f6nt\u0151 fontoss\u00e1g\u00fa lesz az \u00e1tk\u00e9pz\u00e9s, illetve annak strat\u00e9giaipriorit\u00e1sk\u00e9nt val\u00f3 meghat\u00e1roz\u00e1sa. Mivel a v\u00e1ltoz\u00e1sok Eur\u00f3p\u00e1ban mindenhol rettenetesen sok embert \u00e9rintenek, az Eur\u00f3pai Uni\u00f3nak a tag\u00e1llamokkal egy\u00fctt kell ki kell dolgoznia az \u00e1talakul\u00e1st k\u00eds\u00e9r\u0151 szab\u00e1lyoz\u00e1st is, tekintettel az egyes ipar\u00e1gi ter\u00fcletek k\u00f6z\u00f6tti sz\u00fcks\u00e9gszer\u0171 v\u00e1ndorl\u00e1sra. A Platform for Electromobility szerint \u00f6sszess\u00e9g\u00e9ben majdnem 2,5 milli\u00f3 dolgoz\u00f3t kell majd dedik\u00e1lt m\u00f3don tov\u00e1bbk\u00e9pezni, akik k\u00f6z\u00fcl 1,6 milli\u00f3an azt k\u00f6vet\u0151en is a kor\u00e1bbival megegyez\u0151 profil\u00fa tev\u00e9kenys\u00e9get v\u00e9geznek majd, m\u00edg 610 ezren hasonl\u00f3, 225 ezren pedig teljesen \u00faj feladatokat kapnak. (Egy \u00e9rdekes becsl\u00e9s: a mostani helyzetben \u00e9ves szinten 11 sz\u00e1zal\u00e9kosra teszik az \u00faj aut\u00f3kban megjelen\u0151 szoftverek \u00e9rt\u00e9k\u00e9nek n\u00f6veked\u00e9s\u00e9t.) Felh\u00edvj\u00e1k ugyanakkor a figyelmet a munkaer\u0151piaci v\u00e1ltoz\u00e1s regon\u00e1lis hat\u00e1saira is, mivel az ilyen t\u00edpus\u00fa \u00e1tmenetek szint\u00e9n kih\u00edv\u00e1sokat t\u00e1masztanak majd a szab\u00e1lyoz\u00f3i szinten, amelyeket az ipar\u00e1gi szerepl\u0151k \u00e9s a politikai d\u00f6nt\u00e9shoz\u00f3k k\u00f6z\u00f6s fell\u00e9p\u00e9s\u00e9vel lehet csak kezelni.<\/p>\n<p>Forr\u00e1s: bitport.hu<\/p>\n","protected":false},"excerpt":{"rendered":"<p>Az m\u00e1r teljesen nyilv\u00e1nval\u00f3, hogy az elektromos j\u00e1rm\u0171vek fokozatos t\u00e9rnyer\u00e9se milyen szint\u0171 \u00e1talakul\u00e1sra k\u00e9nyszer\u00edti mag\u00e1t az aut\u00f3ipart, egy friss jelent\u00e9s szerint azonban a v\u00e1ltoz\u00e1sok nagys\u00e1grendj\u00e9re az is jellemz\u0151, hogy uni\u00f3s t\u00e1mogat\u00e1sra lesz sz\u00fcks\u00e9g a munkav\u00e1llal\u00f3k \u00e1tk\u00e9pz\u00e9s\u00e9ben a &#8222;z\u00e9r\u00f3 emisszi\u00f3s j\u00f6v\u0151re&#8221; val\u00f3 felk\u00e9sz\u00fcl\u00e9shez. Az elektromobilit\u00e1s a megsz\u0171n\u0151 munkahelyekkel p\u00e1rhuzamosan rengeteg \u00faj \u00e1ll\u00e1st is teremt, de a [&hellip;]<\/p>\n","protected":false},"author":1,"featured_media":5095,"comment_status":"open","ping_status":"open","sticky":false,"template":"","format":"standard","meta":{"_monsterinsights_skip_tracking":false,"footnotes":""},"categories":[200],"tags":[],"class_list":["post-5094","post","type-post","status-publish","format-standard","has-post-thumbnail","hentry","category-munkaeropiac"],"aioseo_notices":[],"aioseo_head":"\n\t\t<!-- All in One SEO 5.0.0.1 - aioseo.com -->\n\t<meta name=\"description\" content=\"Az m\u00e1r teljesen nyilv\u00e1nval\u00f3, hogy az elektromos j\u00e1rm\u0171vek fokozatos t\u00e9rnyer\u00e9se milyen szint\u0171 \u00e1talakul\u00e1sra k\u00e9nyszer\u00edti mag\u00e1t az aut\u00f3ipart, egy friss jelent\u00e9s szerint azonban a v\u00e1ltoz\u00e1sok nagys\u00e1grendj\u00e9re az is jellemz\u0151, hogy uni\u00f3s t\u00e1mogat\u00e1sra lesz sz\u00fcks\u00e9g a munkav\u00e1llal\u00f3k \u00e1tk\u00e9pz\u00e9s\u00e9ben a &quot;z\u00e9r\u00f3 emisszi\u00f3s j\u00f6v\u0151re&quot; val\u00f3 felk\u00e9sz\u00fcl\u00e9shez. Az elektromobilit\u00e1s a megsz\u0171n\u0151 munkahelyekkel p\u00e1rhuzamosan rengeteg \u00faj \u00e1ll\u00e1st is teremt, de a\" \/>\n\t<meta name=\"robots\" content=\"max-image-preview:large\" \/>\n\t<meta name=\"author\" content=\"Juh\u00e1sz P\u00e9ter\"\/>\n\t<link rel=\"canonical\" href=\"https:\/\/allasorias.hu\/hirek\/az-elektromobilitas-uj-munkahelyeket-is-teremt\/\" \/>\n\t<meta name=\"generator\" content=\"All in One SEO (AIOSEO) 5.0.0.1\" \/>\n\t\t<meta property=\"og:locale\" content=\"hu_HU\" \/>\n\t\t<meta property=\"og:site_name\" content=\"AllasOrias.hu | H\u00edrek-lapszemle | \u00dczleti h\u00edrek az \u00e1ll\u00e1s \u00e9s a munka vil\u00e1g\u00e1b\u00f3l\" \/>\n\t\t<meta property=\"og:type\" content=\"article\" \/>\n\t\t<meta property=\"og:title\" content=\"Az elektromobilit\u00e1s \u00faj munkahelyeket is teremt | AllasOrias.hu | H\u00edrek-lapszemle\" \/>\n\t\t<meta property=\"og:description\" content=\"Az m\u00e1r teljesen nyilv\u00e1nval\u00f3, hogy az elektromos j\u00e1rm\u0171vek fokozatos t\u00e9rnyer\u00e9se milyen szint\u0171 \u00e1talakul\u00e1sra k\u00e9nyszer\u00edti mag\u00e1t az aut\u00f3ipart, egy friss jelent\u00e9s szerint azonban a v\u00e1ltoz\u00e1sok nagys\u00e1grendj\u00e9re az is jellemz\u0151, hogy uni\u00f3s t\u00e1mogat\u00e1sra lesz sz\u00fcks\u00e9g a munkav\u00e1llal\u00f3k \u00e1tk\u00e9pz\u00e9s\u00e9ben a &quot;z\u00e9r\u00f3 emisszi\u00f3s j\u00f6v\u0151re&quot; val\u00f3 felk\u00e9sz\u00fcl\u00e9shez. Az elektromobilit\u00e1s a megsz\u0171n\u0151 munkahelyekkel p\u00e1rhuzamosan rengeteg \u00faj \u00e1ll\u00e1st is teremt, de a\" \/>\n\t\t<meta property=\"og:url\" content=\"https:\/\/allasorias.hu\/hirek\/az-elektromobilitas-uj-munkahelyeket-is-teremt\/\" \/>\n\t\t<meta property=\"og:image\" content=\"https:\/\/allasorias.hu\/hirek\/wp-content\/uploads\/2021\/10\/plugged-charger-into-electric-car-charge-station.jpg\" \/>\n\t\t<meta property=\"og:image:secure_url\" content=\"https:\/\/allasorias.hu\/hirek\/wp-content\/uploads\/2021\/10\/plugged-charger-into-electric-car-charge-station.jpg\" \/>\n\t\t<meta property=\"og:image:width\" content=\"1920\" \/>\n\t\t<meta property=\"og:image:height\" content=\"1080\" \/>\n\t\t<meta property=\"article:published_time\" content=\"2021-10-01T06:41:58+00:00\" \/>\n\t\t<meta property=\"article:modified_time\" content=\"2021-10-01T06:41:58+00:00\" \/>\n\t\t<meta property=\"article:publisher\" content=\"https:\/\/www.facebook.com\/allasorias\" \/>\n\t\t<meta name=\"twitter:card\" content=\"summary_large_image\" \/>\n\t\t<meta name=\"twitter:title\" content=\"Az elektromobilit\u00e1s \u00faj munkahelyeket is teremt | AllasOrias.hu | H\u00edrek-lapszemle\" \/>\n\t\t<meta name=\"twitter:description\" content=\"Az m\u00e1r teljesen nyilv\u00e1nval\u00f3, hogy az elektromos j\u00e1rm\u0171vek fokozatos t\u00e9rnyer\u00e9se milyen szint\u0171 \u00e1talakul\u00e1sra k\u00e9nyszer\u00edti mag\u00e1t az aut\u00f3ipart, egy friss jelent\u00e9s szerint azonban a v\u00e1ltoz\u00e1sok nagys\u00e1grendj\u00e9re az is jellemz\u0151, hogy uni\u00f3s t\u00e1mogat\u00e1sra lesz sz\u00fcks\u00e9g a munkav\u00e1llal\u00f3k \u00e1tk\u00e9pz\u00e9s\u00e9ben a &quot;z\u00e9r\u00f3 emisszi\u00f3s j\u00f6v\u0151re&quot; val\u00f3 felk\u00e9sz\u00fcl\u00e9shez. Az elektromobilit\u00e1s a megsz\u0171n\u0151 munkahelyekkel p\u00e1rhuzamosan rengeteg \u00faj \u00e1ll\u00e1st is teremt, de a\" \/>\n\t\t<meta name=\"twitter:image\" content=\"https:\/\/allasorias.hu\/hirek\/wp-content\/uploads\/2021\/10\/plugged-charger-into-electric-car-charge-station.jpg\" \/>\n\t\t<meta name=\"twitter:label1\" content=\"Written by\" \/>\n\t\t<meta name=\"twitter:data1\" content=\"Juh\u00e1sz P\u00e9ter\" \/>\n\t\t<meta name=\"twitter:label2\" content=\"Est. reading time\" \/>\n\t\t<meta name=\"twitter:data2\" content=\"4 minutes\" \/>\n\t\t<script type=\"application\/ld+json\" class=\"aioseo-schema\">\n\t\t\t{\"@context\":\"https:\\\/\\\/schema.org\",\"@graph\":[{\"@type\":\"Article\",\"@id\":\"https:\\\/\\\/allasorias.hu\\\/hirek\\\/az-elektromobilitas-uj-munkahelyeket-is-teremt\\\/#article\",\"name\":\"Az elektromobilit\\u00e1s \\u00faj munkahelyeket is teremt | AllasOrias.hu | H\\u00edrek-lapszemle\",\"headline\":\"Az elektromobilit\\u00e1s \\u00faj munkahelyeket is teremt\",\"author\":{\"@id\":\"https:\\\/\\\/allasorias.hu\\\/hirek\\\/author\\\/admin-allasorias\\\/#author\"},\"publisher\":{\"@id\":\"https:\\\/\\\/allasorias.hu\\\/hirek\\\/#organization\"},\"image\":{\"@type\":\"ImageObject\",\"url\":\"https:\\\/\\\/allasorias.hu\\\/hirek\\\/wp-content\\\/uploads\\\/2021\\\/10\\\/plugged-charger-into-electric-car-charge-station.jpg\",\"width\":1920,\"height\":1080,\"caption\":\"Plugged in charger into an electric car at charge station\"},\"datePublished\":\"2021-10-01T06:41:58+02:00\",\"dateModified\":\"2021-10-01T06:41:58+02:00\",\"inLanguage\":\"hu-HU\",\"mainEntityOfPage\":{\"@id\":\"https:\\\/\\\/allasorias.hu\\\/hirek\\\/az-elektromobilitas-uj-munkahelyeket-is-teremt\\\/#webpage\"},\"isPartOf\":{\"@id\":\"https:\\\/\\\/allasorias.hu\\\/hirek\\\/az-elektromobilitas-uj-munkahelyeket-is-teremt\\\/#webpage\"},\"articleSection\":\"Munkaer\\u0151piac\"},{\"@type\":\"BreadcrumbList\",\"@id\":\"https:\\\/\\\/allasorias.hu\\\/hirek\\\/az-elektromobilitas-uj-munkahelyeket-is-teremt\\\/#breadcrumblist\",\"itemListElement\":[{\"@type\":\"ListItem\",\"@id\":\"https:\\\/\\\/allasorias.hu\\\/hirek#listItem\",\"position\":1,\"name\":\"Home\",\"item\":\"https:\\\/\\\/allasorias.hu\\\/hirek\",\"nextItem\":{\"@type\":\"ListItem\",\"@id\":\"https:\\\/\\\/allasorias.hu\\\/hirek\\\/temak\\\/munkaeropiac\\\/#listItem\",\"name\":\"Munkaer\\u0151piac\"}},{\"@type\":\"ListItem\",\"@id\":\"https:\\\/\\\/allasorias.hu\\\/hirek\\\/temak\\\/munkaeropiac\\\/#listItem\",\"position\":2,\"name\":\"Munkaer\\u0151piac\",\"item\":\"https:\\\/\\\/allasorias.hu\\\/hirek\\\/temak\\\/munkaeropiac\\\/\",\"nextItem\":{\"@type\":\"ListItem\",\"@id\":\"https:\\\/\\\/allasorias.hu\\\/hirek\\\/az-elektromobilitas-uj-munkahelyeket-is-teremt\\\/#listItem\",\"name\":\"Az elektromobilit\\u00e1s \\u00faj munkahelyeket is teremt\"},\"previousItem\":{\"@type\":\"ListItem\",\"@id\":\"https:\\\/\\\/allasorias.hu\\\/hirek#listItem\",\"name\":\"Home\"}},{\"@type\":\"ListItem\",\"@id\":\"https:\\\/\\\/allasorias.hu\\\/hirek\\\/az-elektromobilitas-uj-munkahelyeket-is-teremt\\\/#listItem\",\"position\":3,\"name\":\"Az elektromobilit\\u00e1s \\u00faj munkahelyeket is teremt\",\"previousItem\":{\"@type\":\"ListItem\",\"@id\":\"https:\\\/\\\/allasorias.hu\\\/hirek\\\/temak\\\/munkaeropiac\\\/#listItem\",\"name\":\"Munkaer\\u0151piac\"}}]},{\"@type\":\"Organization\",\"@id\":\"https:\\\/\\\/allasorias.hu\\\/hirek\\\/#organization\",\"name\":\"AllasOrias.hu | H\\u00edrek-lapszemle\",\"description\":\"\\u00dczleti h\\u00edrek az \\u00e1ll\\u00e1s \\u00e9s a munka vil\\u00e1g\\u00e1b\\u00f3l\",\"url\":\"https:\\\/\\\/allasorias.hu\\\/hirek\\\/\",\"logo\":{\"@type\":\"ImageObject\",\"url\":\"https:\\\/\\\/allasorias.hu\\\/hirek\\\/wp-content\\\/uploads\\\/2022\\\/10\\\/allasorias_site_facebok_logo.png\",\"@id\":\"https:\\\/\\\/allasorias.hu\\\/hirek\\\/az-elektromobilitas-uj-munkahelyeket-is-teremt\\\/#organizationLogo\"},\"image\":{\"@id\":\"https:\\\/\\\/allasorias.hu\\\/hirek\\\/az-elektromobilitas-uj-munkahelyeket-is-teremt\\\/#organizationLogo\"},\"sameAs\":[\"https:\\\/\\\/www.facebook.com\\\/allasorias\",\"https:\\\/\\\/www.linkedin.com\\\/company\\\/allasorias\"]},{\"@type\":\"Person\",\"@id\":\"https:\\\/\\\/allasorias.hu\\\/hirek\\\/author\\\/admin-allasorias\\\/#author\",\"url\":\"https:\\\/\\\/allasorias.hu\\\/hirek\\\/author\\\/admin-allasorias\\\/\",\"name\":\"Juh\\u00e1sz P\\u00e9ter\",\"image\":{\"@type\":\"ImageObject\",\"@id\":\"https:\\\/\\\/allasorias.hu\\\/hirek\\\/az-elektromobilitas-uj-munkahelyeket-is-teremt\\\/#authorImage\",\"url\":\"https:\\\/\\\/secure.gravatar.com\\\/avatar\\\/36e6bcb83148978b992977cb0f54d22feb0cce8a0a849a9410532bb2623ba4c6?s=96&d=mm&r=g\",\"width\":96,\"height\":96,\"caption\":\"Juh\\u00e1sz P\\u00e9ter\"}},{\"@type\":\"WebPage\",\"@id\":\"https:\\\/\\\/allasorias.hu\\\/hirek\\\/az-elektromobilitas-uj-munkahelyeket-is-teremt\\\/#webpage\",\"url\":\"https:\\\/\\\/allasorias.hu\\\/hirek\\\/az-elektromobilitas-uj-munkahelyeket-is-teremt\\\/\",\"name\":\"Az elektromobilit\\u00e1s \\u00faj munkahelyeket is teremt | AllasOrias.hu | H\\u00edrek-lapszemle\",\"description\":\"Az m\\u00e1r teljesen nyilv\\u00e1nval\\u00f3, hogy az elektromos j\\u00e1rm\\u0171vek fokozatos t\\u00e9rnyer\\u00e9se milyen szint\\u0171 \\u00e1talakul\\u00e1sra k\\u00e9nyszer\\u00edti mag\\u00e1t az aut\\u00f3ipart, egy friss jelent\\u00e9s szerint azonban a v\\u00e1ltoz\\u00e1sok nagys\\u00e1grendj\\u00e9re az is jellemz\\u0151, hogy uni\\u00f3s t\\u00e1mogat\\u00e1sra lesz sz\\u00fcks\\u00e9g a munkav\\u00e1llal\\u00f3k \\u00e1tk\\u00e9pz\\u00e9s\\u00e9ben a \\\"z\\u00e9r\\u00f3 emisszi\\u00f3s j\\u00f6v\\u0151re\\\" val\\u00f3 felk\\u00e9sz\\u00fcl\\u00e9shez. Az elektromobilit\\u00e1s a megsz\\u0171n\\u0151 munkahelyekkel p\\u00e1rhuzamosan rengeteg \\u00faj \\u00e1ll\\u00e1st is teremt, de a\",\"inLanguage\":\"hu-HU\",\"isPartOf\":{\"@id\":\"https:\\\/\\\/allasorias.hu\\\/hirek\\\/#website\"},\"breadcrumb\":{\"@id\":\"https:\\\/\\\/allasorias.hu\\\/hirek\\\/az-elektromobilitas-uj-munkahelyeket-is-teremt\\\/#breadcrumblist\"},\"author\":{\"@id\":\"https:\\\/\\\/allasorias.hu\\\/hirek\\\/author\\\/admin-allasorias\\\/#author\"},\"creator\":{\"@id\":\"https:\\\/\\\/allasorias.hu\\\/hirek\\\/author\\\/admin-allasorias\\\/#author\"},\"image\":{\"@type\":\"ImageObject\",\"url\":\"https:\\\/\\\/allasorias.hu\\\/hirek\\\/wp-content\\\/uploads\\\/2021\\\/10\\\/plugged-charger-into-electric-car-charge-station.jpg\",\"@id\":\"https:\\\/\\\/allasorias.hu\\\/hirek\\\/az-elektromobilitas-uj-munkahelyeket-is-teremt\\\/#mainImage\",\"width\":1920,\"height\":1080,\"caption\":\"Plugged in charger into an electric car at charge station\"},\"primaryImageOfPage\":{\"@id\":\"https:\\\/\\\/allasorias.hu\\\/hirek\\\/az-elektromobilitas-uj-munkahelyeket-is-teremt\\\/#mainImage\"},\"datePublished\":\"2021-10-01T06:41:58+02:00\",\"dateModified\":\"2021-10-01T06:41:58+02:00\"},{\"@type\":\"WebSite\",\"@id\":\"https:\\\/\\\/allasorias.hu\\\/hirek\\\/#website\",\"url\":\"https:\\\/\\\/allasorias.hu\\\/hirek\\\/\",\"name\":\"AllasOrias.hu | H\\u00edrek-lapszemle\",\"description\":\"\\u00dczleti h\\u00edrek az \\u00e1ll\\u00e1s \\u00e9s a munka vil\\u00e1g\\u00e1b\\u00f3l\",\"inLanguage\":\"hu-HU\",\"publisher\":{\"@id\":\"https:\\\/\\\/allasorias.hu\\\/hirek\\\/#organization\"}}]}\n\t\t<\/script>\n\t\t<!-- All in One SEO -->\n\n","aioseo_head_json":{"title":"Az elektromobilit\u00e1s \u00faj munkahelyeket is teremt | AllasOrias.hu | H\u00edrek-lapszemle","description":"Az m\u00e1r teljesen nyilv\u00e1nval\u00f3, hogy az elektromos j\u00e1rm\u0171vek fokozatos t\u00e9rnyer\u00e9se milyen szint\u0171 \u00e1talakul\u00e1sra k\u00e9nyszer\u00edti mag\u00e1t az aut\u00f3ipart, egy friss jelent\u00e9s szerint azonban a v\u00e1ltoz\u00e1sok nagys\u00e1grendj\u00e9re az is jellemz\u0151, hogy uni\u00f3s t\u00e1mogat\u00e1sra lesz sz\u00fcks\u00e9g a munkav\u00e1llal\u00f3k \u00e1tk\u00e9pz\u00e9s\u00e9ben a \"z\u00e9r\u00f3 emisszi\u00f3s j\u00f6v\u0151re\" val\u00f3 felk\u00e9sz\u00fcl\u00e9shez. Az elektromobilit\u00e1s a megsz\u0171n\u0151 munkahelyekkel p\u00e1rhuzamosan rengeteg \u00faj \u00e1ll\u00e1st is teremt, de a","canonical_url":"https:\/\/allasorias.hu\/hirek\/az-elektromobilitas-uj-munkahelyeket-is-teremt\/","robots":"max-image-preview:large","keywords":"","webmasterTools":{"miscellaneous":""},"schema":{"@context":"https:\/\/schema.org","@graph":[{"@type":"Article","@id":"https:\/\/allasorias.hu\/hirek\/az-elektromobilitas-uj-munkahelyeket-is-teremt\/#article","name":"Az elektromobilit\u00e1s \u00faj munkahelyeket is teremt | AllasOrias.hu | H\u00edrek-lapszemle","headline":"Az elektromobilit\u00e1s \u00faj munkahelyeket is teremt","author":{"@id":"https:\/\/allasorias.hu\/hirek\/author\/admin-allasorias\/#author"},"publisher":{"@id":"https:\/\/allasorias.hu\/hirek\/#organization"},"image":{"@type":"ImageObject","url":"https:\/\/allasorias.hu\/hirek\/wp-content\/uploads\/2021\/10\/plugged-charger-into-electric-car-charge-station.jpg","width":1920,"height":1080,"caption":"Plugged in charger into an electric car at charge station"},"datePublished":"2021-10-01T06:41:58+02:00","dateModified":"2021-10-01T06:41:58+02:00","inLanguage":"hu-HU","mainEntityOfPage":{"@id":"https:\/\/allasorias.hu\/hirek\/az-elektromobilitas-uj-munkahelyeket-is-teremt\/#webpage"},"isPartOf":{"@id":"https:\/\/allasorias.hu\/hirek\/az-elektromobilitas-uj-munkahelyeket-is-teremt\/#webpage"},"articleSection":"Munkaer\u0151piac"},{"@type":"BreadcrumbList","@id":"https:\/\/allasorias.hu\/hirek\/az-elektromobilitas-uj-munkahelyeket-is-teremt\/#breadcrumblist","itemListElement":[{"@type":"ListItem","@id":"https:\/\/allasorias.hu\/hirek#listItem","position":1,"name":"Home","item":"https:\/\/allasorias.hu\/hirek","nextItem":{"@type":"ListItem","@id":"https:\/\/allasorias.hu\/hirek\/temak\/munkaeropiac\/#listItem","name":"Munkaer\u0151piac"}},{"@type":"ListItem","@id":"https:\/\/allasorias.hu\/hirek\/temak\/munkaeropiac\/#listItem","position":2,"name":"Munkaer\u0151piac","item":"https:\/\/allasorias.hu\/hirek\/temak\/munkaeropiac\/","nextItem":{"@type":"ListItem","@id":"https:\/\/allasorias.hu\/hirek\/az-elektromobilitas-uj-munkahelyeket-is-teremt\/#listItem","name":"Az elektromobilit\u00e1s \u00faj munkahelyeket is teremt"},"previousItem":{"@type":"ListItem","@id":"https:\/\/allasorias.hu\/hirek#listItem","name":"Home"}},{"@type":"ListItem","@id":"https:\/\/allasorias.hu\/hirek\/az-elektromobilitas-uj-munkahelyeket-is-teremt\/#listItem","position":3,"name":"Az elektromobilit\u00e1s \u00faj munkahelyeket is teremt","previousItem":{"@type":"ListItem","@id":"https:\/\/allasorias.hu\/hirek\/temak\/munkaeropiac\/#listItem","name":"Munkaer\u0151piac"}}]},{"@type":"Organization","@id":"https:\/\/allasorias.hu\/hirek\/#organization","name":"AllasOrias.hu | H\u00edrek-lapszemle","description":"\u00dczleti h\u00edrek az \u00e1ll\u00e1s \u00e9s a munka vil\u00e1g\u00e1b\u00f3l","url":"https:\/\/allasorias.hu\/hirek\/","logo":{"@type":"ImageObject","url":"https:\/\/allasorias.hu\/hirek\/wp-content\/uploads\/2022\/10\/allasorias_site_facebok_logo.png","@id":"https:\/\/allasorias.hu\/hirek\/az-elektromobilitas-uj-munkahelyeket-is-teremt\/#organizationLogo"},"image":{"@id":"https:\/\/allasorias.hu\/hirek\/az-elektromobilitas-uj-munkahelyeket-is-teremt\/#organizationLogo"},"sameAs":["https:\/\/www.facebook.com\/allasorias","https:\/\/www.linkedin.com\/company\/allasorias"]},{"@type":"Person","@id":"https:\/\/allasorias.hu\/hirek\/author\/admin-allasorias\/#author","url":"https:\/\/allasorias.hu\/hirek\/author\/admin-allasorias\/","name":"Juh\u00e1sz P\u00e9ter","image":{"@type":"ImageObject","@id":"https:\/\/allasorias.hu\/hirek\/az-elektromobilitas-uj-munkahelyeket-is-teremt\/#authorImage","url":"https:\/\/secure.gravatar.com\/avatar\/36e6bcb83148978b992977cb0f54d22feb0cce8a0a849a9410532bb2623ba4c6?s=96&d=mm&r=g","width":96,"height":96,"caption":"Juh\u00e1sz P\u00e9ter"}},{"@type":"WebPage","@id":"https:\/\/allasorias.hu\/hirek\/az-elektromobilitas-uj-munkahelyeket-is-teremt\/#webpage","url":"https:\/\/allasorias.hu\/hirek\/az-elektromobilitas-uj-munkahelyeket-is-teremt\/","name":"Az elektromobilit\u00e1s \u00faj munkahelyeket is teremt | AllasOrias.hu | H\u00edrek-lapszemle","description":"Az m\u00e1r teljesen nyilv\u00e1nval\u00f3, hogy az elektromos j\u00e1rm\u0171vek fokozatos t\u00e9rnyer\u00e9se milyen szint\u0171 \u00e1talakul\u00e1sra k\u00e9nyszer\u00edti mag\u00e1t az aut\u00f3ipart, egy friss jelent\u00e9s szerint azonban a v\u00e1ltoz\u00e1sok nagys\u00e1grendj\u00e9re az is jellemz\u0151, hogy uni\u00f3s t\u00e1mogat\u00e1sra lesz sz\u00fcks\u00e9g a munkav\u00e1llal\u00f3k \u00e1tk\u00e9pz\u00e9s\u00e9ben a \"z\u00e9r\u00f3 emisszi\u00f3s j\u00f6v\u0151re\" val\u00f3 felk\u00e9sz\u00fcl\u00e9shez. Az elektromobilit\u00e1s a megsz\u0171n\u0151 munkahelyekkel p\u00e1rhuzamosan rengeteg \u00faj \u00e1ll\u00e1st is teremt, de a","inLanguage":"hu-HU","isPartOf":{"@id":"https:\/\/allasorias.hu\/hirek\/#website"},"breadcrumb":{"@id":"https:\/\/allasorias.hu\/hirek\/az-elektromobilitas-uj-munkahelyeket-is-teremt\/#breadcrumblist"},"author":{"@id":"https:\/\/allasorias.hu\/hirek\/author\/admin-allasorias\/#author"},"creator":{"@id":"https:\/\/allasorias.hu\/hirek\/author\/admin-allasorias\/#author"},"image":{"@type":"ImageObject","url":"https:\/\/allasorias.hu\/hirek\/wp-content\/uploads\/2021\/10\/plugged-charger-into-electric-car-charge-station.jpg","@id":"https:\/\/allasorias.hu\/hirek\/az-elektromobilitas-uj-munkahelyeket-is-teremt\/#mainImage","width":1920,"height":1080,"caption":"Plugged in charger into an electric car at charge station"},"primaryImageOfPage":{"@id":"https:\/\/allasorias.hu\/hirek\/az-elektromobilitas-uj-munkahelyeket-is-teremt\/#mainImage"},"datePublished":"2021-10-01T06:41:58+02:00","dateModified":"2021-10-01T06:41:58+02:00"},{"@type":"WebSite","@id":"https:\/\/allasorias.hu\/hirek\/#website","url":"https:\/\/allasorias.hu\/hirek\/","name":"AllasOrias.hu | H\u00edrek-lapszemle","description":"\u00dczleti h\u00edrek az \u00e1ll\u00e1s \u00e9s a munka vil\u00e1g\u00e1b\u00f3l","inLanguage":"hu-HU","publisher":{"@id":"https:\/\/allasorias.hu\/hirek\/#organization"}}]},"og:locale":"hu_HU","og:site_name":"AllasOrias.hu | H\u00edrek-lapszemle | \u00dczleti h\u00edrek az \u00e1ll\u00e1s \u00e9s a munka vil\u00e1g\u00e1b\u00f3l","og:type":"article","og:title":"Az elektromobilit\u00e1s \u00faj munkahelyeket is teremt | AllasOrias.hu | H\u00edrek-lapszemle","og:description":"Az m\u00e1r teljesen nyilv\u00e1nval\u00f3, hogy az elektromos j\u00e1rm\u0171vek fokozatos t\u00e9rnyer\u00e9se milyen szint\u0171 \u00e1talakul\u00e1sra k\u00e9nyszer\u00edti mag\u00e1t az aut\u00f3ipart, egy friss jelent\u00e9s szerint azonban a v\u00e1ltoz\u00e1sok nagys\u00e1grendj\u00e9re az is jellemz\u0151, hogy uni\u00f3s t\u00e1mogat\u00e1sra lesz sz\u00fcks\u00e9g a munkav\u00e1llal\u00f3k \u00e1tk\u00e9pz\u00e9s\u00e9ben a &quot;z\u00e9r\u00f3 emisszi\u00f3s j\u00f6v\u0151re&quot; val\u00f3 felk\u00e9sz\u00fcl\u00e9shez. Az elektromobilit\u00e1s a megsz\u0171n\u0151 munkahelyekkel p\u00e1rhuzamosan rengeteg \u00faj \u00e1ll\u00e1st is teremt, de a","og:url":"https:\/\/allasorias.hu\/hirek\/az-elektromobilitas-uj-munkahelyeket-is-teremt\/","og:image":"https:\/\/allasorias.hu\/hirek\/wp-content\/uploads\/2021\/10\/plugged-charger-into-electric-car-charge-station.jpg","og:image:secure_url":"https:\/\/allasorias.hu\/hirek\/wp-content\/uploads\/2021\/10\/plugged-charger-into-electric-car-charge-station.jpg","og:image:width":1920,"og:image:height":1080,"article:published_time":"2021-10-01T06:41:58+00:00","article:modified_time":"2021-10-01T06:41:58+00:00","article:publisher":"https:\/\/www.facebook.com\/allasorias","twitter:card":"summary_large_image","twitter:title":"Az elektromobilit\u00e1s \u00faj munkahelyeket is teremt | AllasOrias.hu | H\u00edrek-lapszemle","twitter:description":"Az m\u00e1r teljesen nyilv\u00e1nval\u00f3, hogy az elektromos j\u00e1rm\u0171vek fokozatos t\u00e9rnyer\u00e9se milyen szint\u0171 \u00e1talakul\u00e1sra k\u00e9nyszer\u00edti mag\u00e1t az aut\u00f3ipart, egy friss jelent\u00e9s szerint azonban a v\u00e1ltoz\u00e1sok nagys\u00e1grendj\u00e9re az is jellemz\u0151, hogy uni\u00f3s t\u00e1mogat\u00e1sra lesz sz\u00fcks\u00e9g a munkav\u00e1llal\u00f3k \u00e1tk\u00e9pz\u00e9s\u00e9ben a &quot;z\u00e9r\u00f3 emisszi\u00f3s j\u00f6v\u0151re&quot; val\u00f3 felk\u00e9sz\u00fcl\u00e9shez. Az elektromobilit\u00e1s a megsz\u0171n\u0151 munkahelyekkel p\u00e1rhuzamosan rengeteg \u00faj \u00e1ll\u00e1st is teremt, de a","twitter:image":"https:\/\/allasorias.hu\/hirek\/wp-content\/uploads\/2021\/10\/plugged-charger-into-electric-car-charge-station.jpg","twitter:label1":"Written by","twitter:data1":"Juh\u00e1sz P\u00e9ter","twitter:label2":"Est. reading time","twitter:data2":"4 minutes"},"aioseo_meta_data":{"post_id":"5094","title":null,"description":null,"keywords":[],"keyphrases":{"focus":[],"additional":[]},"primary_term":null,"canonical_url":null,"og_title":null,"og_description":null,"og_object_type":"default","og_image_type":"default","og_image_url":null,"og_image_width":null,"og_image_height":null,"og_image_custom_url":null,"og_image_custom_fields":null,"og_video":"","og_custom_url":null,"og_article_section":null,"og_article_tags":[],"twitter_use_og":false,"twitter_card":"default","twitter_image_type":"default","twitter_image_url":null,"twitter_image_custom_url":null,"twitter_image_custom_fields":null,"twitter_title":null,"twitter_description":null,"schema":{"blockGraphs":[],"customGraphs":[],"default":{"data":{"Article":[],"Course":[],"Dataset":[],"FAQPage":[],"Movie":[],"Person":[],"Product":[],"ProductReview":[],"Car":[],"Recipe":[],"Service":[],"SoftwareApplication":[],"WebPage":[]},"graphName":"","isEnabled":true},"graphs":[],"defaultGraph":"Article","defaultPostTypeGraph":""},"schema_type":"default","schema_type_options":"{\"article\":{\"articleType\":\"BlogPosting\"},\"course\":{\"name\":\"\",\"description\":\"\",\"provider\":\"\"},\"faq\":{\"pages\":[]},\"product\":{\"reviews\":[]},\"recipe\":{\"ingredients\":[],\"instructions\":[],\"keywords\":[]},\"software\":{\"reviews\":[],\"operatingSystems\":[]},\"webPage\":{\"webPageType\":\"WebPage\"}}","pillar_content":false,"robots_default":true,"robots_noindex":false,"robots_noarchive":false,"robots_nosnippet":false,"robots_nofollow":false,"robots_noimageindex":false,"robots_noodp":false,"robots_notranslate":false,"robots_max_snippet":"-1","robots_max_videopreview":"-1","robots_max_imagepreview":"large","priority":null,"frequency":"default","location":null,"local_seo":{"locations":{"business":{"name":"","businessType":"","image":"","areaServed":"","urls":{"website":"","aboutPage":"","contactPage":""},"address":{"streetLine1":"","streetLine2":"","zipCode":"","city":"","state":"","country":"","addressFormat":"#streetLineOne\n#streetLineTwo\n#city, #state #zipCode"},"contact":{"email":"","phone":"","phoneFormatted":"","fax":"","faxFormatted":""},"ids":{"vat":"","tax":"","chamberOfCommerce":""},"payment":{"priceRange":"","currenciesAccepted":"","methods":""}}},"openingHours":{"useDefaults":true,"show":true,"alwaysOpen":false,"use24hFormat":false,"timezone":"","labels":{"closed":"","alwaysOpen":""},"days":{"monday":{"open24h":false,"closed":false,"openTime":"09:00","closeTime":"17:00"},"tuesday":{"open24h":false,"closed":false,"openTime":"09:00","closeTime":"17:00"},"wednesday":{"open24h":false,"closed":false,"openTime":"09:00","closeTime":"17:00"},"thursday":{"open24h":false,"closed":false,"openTime":"09:00","closeTime":"17:00"},"friday":{"open24h":false,"closed":false,"openTime":"09:00","closeTime":"17:00"},"saturday":{"open24h":false,"closed":false,"openTime":"09:00","closeTime":"17:00"},"sunday":{"open24h":false,"closed":false,"openTime":"09:00","closeTime":"17:00"}}}},"breadcrumb_settings":null,"limit_modified_date":false,"ai":null,"created":"2021-10-01 06:35:44","updated":"2025-10-02 16:14:46","seo_analyzer_scan_date":null,"focus_keyword":null,"additional_keywords":null,"truseo_locale":null},"aioseo_breadcrumb":"<div class=\"aioseo-breadcrumbs\"><span class=\"aioseo-breadcrumb\">\n\t\t\t<a href=\"https:\/\/allasorias.hu\/hirek\" title=\"Home\">Home<\/a>\n\t\t<\/span><span class=\"aioseo-breadcrumb-separator\">&raquo;<\/span><span class=\"aioseo-breadcrumb\">\n\t\t\t<a href=\"https:\/\/allasorias.hu\/hirek\/temak\/munkaeropiac\/\" title=\"Munkaer\u0151piac\">Munkaer\u0151piac<\/a>\n\t\t<\/span><span class=\"aioseo-breadcrumb-separator\">&raquo;<\/span><span class=\"aioseo-breadcrumb\">\n\t\t\tAz elektromobilit\u00e1s \u00faj munkahelyeket is teremt\n\t\t<\/span><\/div>","aioseo_breadcrumb_json":[{"label":"Home","link":"https:\/\/allasorias.hu\/hirek"},{"label":"Munkaer\u0151piac","link":"https:\/\/allasorias.hu\/hirek\/temak\/munkaeropiac\/"},{"label":"Az elektromobilit\u00e1s \u00faj munkahelyeket is teremt","link":"https:\/\/allasorias.hu\/hirek\/az-elektromobilitas-uj-munkahelyeket-is-teremt\/"}],"_links":{"self":[{"href":"https:\/\/allasorias.hu\/hirek\/wp-json\/wp\/v2\/posts\/5094","targetHints":{"allow":["GET"]}}],"collection":[{"href":"https:\/\/allasorias.hu\/hirek\/wp-json\/wp\/v2\/posts"}],"about":[{"href":"https:\/\/allasorias.hu\/hirek\/wp-json\/wp\/v2\/types\/post"}],"author":[{"embeddable":true,"href":"https:\/\/allasorias.hu\/hirek\/wp-json\/wp\/v2\/users\/1"}],"replies":[{"embeddable":true,"href":"https:\/\/allasorias.hu\/hirek\/wp-json\/wp\/v2\/comments?post=5094"}],"version-history":[{"count":1,"href":"https:\/\/allasorias.hu\/hirek\/wp-json\/wp\/v2\/posts\/5094\/revisions"}],"predecessor-version":[{"id":5096,"href":"https:\/\/allasorias.hu\/hirek\/wp-json\/wp\/v2\/posts\/5094\/revisions\/5096"}],"wp:featuredmedia":[{"embeddable":true,"href":"https:\/\/allasorias.hu\/hirek\/wp-json\/wp\/v2\/media\/5095"}],"wp:attachment":[{"href":"https:\/\/allasorias.hu\/hirek\/wp-json\/wp\/v2\/media?parent=5094"}],"wp:term":[{"taxonomy":"category","embeddable":true,"href":"https:\/\/allasorias.hu\/hirek\/wp-json\/wp\/v2\/categories?post=5094"},{"taxonomy":"post_tag","embeddable":true,"href":"https:\/\/allasorias.hu\/hirek\/wp-json\/wp\/v2\/tags?post=5094"}],"curies":[{"name":"wp","href":"https:\/\/api.w.org\/{rel}","templated":true}]}}