{"id":5062,"date":"2021-09-17T09:34:31","date_gmt":"2021-09-17T09:34:31","guid":{"rendered":"https:\/\/allasorias.hu\/hirek\/?p=5062"},"modified":"2021-09-15T09:35:12","modified_gmt":"2021-09-15T09:35:12","slug":"palyazat-a-videkfejlesztesi-program-kereteben","status":"publish","type":"post","link":"https:\/\/allasorias.hu\/hirek\/palyazat-a-videkfejlesztesi-program-kereteben\/","title":{"rendered":"P\u00e1ly\u00e1zat a vid\u00e9kfejleszt\u00e9si program keret\u00e9ben"},"content":{"rendered":"<p><strong>T\u00f6bbek k\u00f6z\u00f6tt t\u00e1mogat\u00e1sban r\u00e9szes\u00fclhetnek a legmodernebb, \u00e1ruv\u00e1 k\u00e9sz\u00edt\u00e9st szolg\u00e1l\u00f3 eszk\u00f6z\u00f6k, g\u00e9pek beszerz\u00e9sei is. A \u00a0Vid\u00e9kfejleszt\u00e9si program keret\u00e9ben 20 milli\u00e1rd forint keret\u00f6sszeggel meghirdetett, gomba el\u0151\u00e1ll\u00edt\u00f3 \u00fczemek fejleszt\u00e9s\u00e9t t\u00e1mogat\u00f3 felh\u00edv\u00e1sra szeptember 13-t\u00f3l lehet a p\u00e1ly\u00e1zatokat beny\u00fajtani &#8211; jelentette ki Nagy Istv\u00e1n agr\u00e1rminiszter az agr\u00e1rt\u00e1rca keddi k\u00f6zlem\u00e9nye szerint. <\/strong><\/p>\n<p>A t\u00e1rcavezet\u0151 eml\u00e9keztetett arra, hogy a termesztett gomba ir\u00e1nti ig\u00e9ny folyamatosan n\u00f6vekszik, az \u00e1gazat pedig kiv\u00e1l\u00f3 exportlehet\u0151s\u00e9gekkel rendelkezik. A gomba t\u00e1panyagokban gazdag, rendk\u00edv\u00fcl eg\u00e9szs\u00e9ges, \u00fagynevezett \u201csuperfood\u201d kateg\u00f3ri\u00e1ba tartoz\u00f3 \u00e9lelmiszer. Termeszt\u00e9se a k\u00f6rnyezetet is kev\u00e9sb\u00e9 terheli, mivel a gomba v\u00edzl\u00e1bnyoma a legalacsonyabb az \u00f6sszes \u00e9lelmiszer k\u00f6z\u00f6tt; 1 kilogramm gomba el\u0151\u00e1ll\u00edt\u00e1s\u00e1hoz mind\u00f6ssze 5-8 liter v\u00edz sz\u00fcks\u00e9ges. Hozz\u00e1tette, a p\u00e1ly\u00e1zat lehet\u0151s\u00e9get biztos\u00edt \u00faj komposzt\u00fczem vagy gombatermeszt\u0151 l\u00e9tes\u00edtm\u00e9ny kialak\u00edt\u00e1s\u00e1ra, a megl\u00e9v\u0151 termeszt\u0151kapacit\u00e1sok b\u0151v\u00edt\u00e9s\u00e9re, illetve technol\u00f3giai korszer\u0171s\u00edt\u00e9s\u00e9re. Emellett t\u00e1mogat\u00e1sban r\u00e9szes\u00fclhetnek a legmodernebb, \u00e1ruv\u00e1 k\u00e9sz\u00edt\u00e9st szolg\u00e1l\u00f3 eszk\u00f6z\u00f6k, g\u00e9pek beszerz\u00e9sei is. A miniszter kifejtette, a felh\u00edv\u00e1s kiemelt figyelmet ford\u00edt a k\u00f6rnyezetterhel\u00e9s cs\u00f6kkent\u00e9s\u00e9re. A p\u00e1ly\u00e1zat ez\u00e9rt lehet\u0151s\u00e9get biztos\u00edt a z\u00e1rt rendszer\u0171, a k\u00f6rnyezetv\u00e9delmi k\u00f6vetelm\u00e9nyeknek megfelel\u0151, a leveg\u0151tisztas\u00e1gi el\u0151\u00edr\u00e1sokat kiel\u00e9g\u00edt\u0151 gombakomposzt \u00fczemek l\u00e9tes\u00edt\u00e9s\u00e9re. Emellett lehet\u0151s\u00e9g van az energiahat\u00e9konys\u00e1got n\u00f6vel\u0151 korszer\u0171s\u00edt\u00e9sekre \u00e9s a meg\u00fajul\u00f3 energiaforr\u00e1st hasznos\u00edt\u00f3 technol\u00f3gi\u00e1k telep\u00edt\u00e9s\u00e9re is. Nagy Istv\u00e1n hangs\u00falyozta, a beruh\u00e1z\u00e1sok k\u00f6lts\u00e9geinek fel\u00e9t fedez\u0151, vissza nem t\u00e9r\u00edtend\u0151 t\u00e1mogat\u00e1s maxim\u00e1lis m\u00e9rt\u00e9ke 2 milli\u00e1rd forint lehet. A p\u00e1ly\u00e1zati felh\u00edv\u00e1s r\u00e9szletei a www.palyazat.gov.hu oldalon megismerhet\u0151k \u2013 \u00e1ll a k\u00f6zlem\u00e9nyben.<\/p>\n<p>Forr\u00e1s: piacesprofit.hu<\/p>\n","protected":false},"excerpt":{"rendered":"<p>T\u00f6bbek k\u00f6z\u00f6tt t\u00e1mogat\u00e1sban r\u00e9szes\u00fclhetnek a legmodernebb, \u00e1ruv\u00e1 k\u00e9sz\u00edt\u00e9st szolg\u00e1l\u00f3 eszk\u00f6z\u00f6k, g\u00e9pek beszerz\u00e9sei is. A \u00a0Vid\u00e9kfejleszt\u00e9si program keret\u00e9ben 20 milli\u00e1rd forint keret\u00f6sszeggel meghirdetett, gomba el\u0151\u00e1ll\u00edt\u00f3 \u00fczemek fejleszt\u00e9s\u00e9t t\u00e1mogat\u00f3 felh\u00edv\u00e1sra szeptember 13-t\u00f3l lehet a p\u00e1ly\u00e1zatokat beny\u00fajtani &#8211; jelentette ki Nagy Istv\u00e1n agr\u00e1rminiszter az agr\u00e1rt\u00e1rca keddi k\u00f6zlem\u00e9nye szerint. A t\u00e1rcavezet\u0151 eml\u00e9keztetett arra, hogy a termesztett gomba ir\u00e1nti ig\u00e9ny [&hellip;]<\/p>\n","protected":false},"author":1,"featured_media":0,"comment_status":"open","ping_status":"open","sticky":false,"template":"","format":"standard","meta":{"_monsterinsights_skip_tracking":false,"footnotes":""},"categories":[198],"tags":[],"class_list":["post-5062","post","type-post","status-publish","format-standard","hentry","category-gazdasag"],"aioseo_notices":[],"aioseo_head":"\n\t\t<!-- All in One SEO 5.0.0.1 - aioseo.com -->\n\t<meta name=\"description\" content=\"T\u00f6bbek k\u00f6z\u00f6tt t\u00e1mogat\u00e1sban r\u00e9szes\u00fclhetnek a legmodernebb, \u00e1ruv\u00e1 k\u00e9sz\u00edt\u00e9st szolg\u00e1l\u00f3 eszk\u00f6z\u00f6k, g\u00e9pek beszerz\u00e9sei is. A Vid\u00e9kfejleszt\u00e9si program keret\u00e9ben 20 milli\u00e1rd forint keret\u00f6sszeggel meghirdetett, gomba el\u0151\u00e1ll\u00edt\u00f3 \u00fczemek fejleszt\u00e9s\u00e9t t\u00e1mogat\u00f3 felh\u00edv\u00e1sra szeptember 13-t\u00f3l lehet a p\u00e1ly\u00e1zatokat beny\u00fajtani - jelentette ki Nagy Istv\u00e1n agr\u00e1rminiszter az agr\u00e1rt\u00e1rca keddi k\u00f6zlem\u00e9nye szerint. A t\u00e1rcavezet\u0151 eml\u00e9keztetett arra, hogy a termesztett gomba ir\u00e1nti ig\u00e9ny\" \/>\n\t<meta name=\"robots\" content=\"max-image-preview:large\" \/>\n\t<meta name=\"author\" content=\"Juh\u00e1sz P\u00e9ter\"\/>\n\t<link rel=\"canonical\" href=\"https:\/\/allasorias.hu\/hirek\/palyazat-a-videkfejlesztesi-program-kereteben\/\" \/>\n\t<meta name=\"generator\" content=\"All in One SEO (AIOSEO) 5.0.0.1\" \/>\n\t\t<meta property=\"og:locale\" content=\"hu_HU\" \/>\n\t\t<meta property=\"og:site_name\" content=\"AllasOrias.hu | H\u00edrek-lapszemle | \u00dczleti h\u00edrek az \u00e1ll\u00e1s \u00e9s a munka vil\u00e1g\u00e1b\u00f3l\" \/>\n\t\t<meta property=\"og:type\" content=\"article\" \/>\n\t\t<meta property=\"og:title\" content=\"P\u00e1ly\u00e1zat a vid\u00e9kfejleszt\u00e9si program keret\u00e9ben | AllasOrias.hu | H\u00edrek-lapszemle\" \/>\n\t\t<meta property=\"og:description\" content=\"T\u00f6bbek k\u00f6z\u00f6tt t\u00e1mogat\u00e1sban r\u00e9szes\u00fclhetnek a legmodernebb, \u00e1ruv\u00e1 k\u00e9sz\u00edt\u00e9st szolg\u00e1l\u00f3 eszk\u00f6z\u00f6k, g\u00e9pek beszerz\u00e9sei is. A Vid\u00e9kfejleszt\u00e9si program keret\u00e9ben 20 milli\u00e1rd forint keret\u00f6sszeggel meghirdetett, gomba el\u0151\u00e1ll\u00edt\u00f3 \u00fczemek fejleszt\u00e9s\u00e9t t\u00e1mogat\u00f3 felh\u00edv\u00e1sra szeptember 13-t\u00f3l lehet a p\u00e1ly\u00e1zatokat beny\u00fajtani - jelentette ki Nagy Istv\u00e1n agr\u00e1rminiszter az agr\u00e1rt\u00e1rca keddi k\u00f6zlem\u00e9nye szerint. A t\u00e1rcavezet\u0151 eml\u00e9keztetett arra, hogy a termesztett gomba ir\u00e1nti ig\u00e9ny\" \/>\n\t\t<meta property=\"og:url\" content=\"https:\/\/allasorias.hu\/hirek\/palyazat-a-videkfejlesztesi-program-kereteben\/\" \/>\n\t\t<meta property=\"og:image\" content=\"https:\/\/allasorias.hu\/hirek\/wp-content\/uploads\/2022\/10\/allasorias-fb-logo.png\" \/>\n\t\t<meta property=\"og:image:secure_url\" content=\"https:\/\/allasorias.hu\/hirek\/wp-content\/uploads\/2022\/10\/allasorias-fb-logo.png\" \/>\n\t\t<meta property=\"og:image:width\" content=\"437\" \/>\n\t\t<meta property=\"og:image:height\" content=\"200\" \/>\n\t\t<meta property=\"article:published_time\" content=\"2021-09-17T09:34:31+00:00\" \/>\n\t\t<meta property=\"article:modified_time\" content=\"2021-09-15T09:35:12+00:00\" \/>\n\t\t<meta property=\"article:publisher\" content=\"https:\/\/www.facebook.com\/allasorias\" \/>\n\t\t<meta name=\"twitter:card\" content=\"summary_large_image\" \/>\n\t\t<meta name=\"twitter:title\" content=\"P\u00e1ly\u00e1zat a vid\u00e9kfejleszt\u00e9si program keret\u00e9ben | AllasOrias.hu | H\u00edrek-lapszemle\" \/>\n\t\t<meta name=\"twitter:description\" content=\"T\u00f6bbek k\u00f6z\u00f6tt t\u00e1mogat\u00e1sban r\u00e9szes\u00fclhetnek a legmodernebb, \u00e1ruv\u00e1 k\u00e9sz\u00edt\u00e9st szolg\u00e1l\u00f3 eszk\u00f6z\u00f6k, g\u00e9pek beszerz\u00e9sei is. A Vid\u00e9kfejleszt\u00e9si program keret\u00e9ben 20 milli\u00e1rd forint keret\u00f6sszeggel meghirdetett, gomba el\u0151\u00e1ll\u00edt\u00f3 \u00fczemek fejleszt\u00e9s\u00e9t t\u00e1mogat\u00f3 felh\u00edv\u00e1sra szeptember 13-t\u00f3l lehet a p\u00e1ly\u00e1zatokat beny\u00fajtani - jelentette ki Nagy Istv\u00e1n agr\u00e1rminiszter az agr\u00e1rt\u00e1rca keddi k\u00f6zlem\u00e9nye szerint. A t\u00e1rcavezet\u0151 eml\u00e9keztetett arra, hogy a termesztett gomba ir\u00e1nti ig\u00e9ny\" \/>\n\t\t<meta name=\"twitter:image\" content=\"https:\/\/allasorias.hu\/hirek\/wp-content\/uploads\/2022\/10\/allasorias-fb-logo.png\" \/>\n\t\t<meta name=\"twitter:label1\" content=\"Written by\" \/>\n\t\t<meta name=\"twitter:data1\" content=\"Juh\u00e1sz P\u00e9ter\" \/>\n\t\t<meta name=\"twitter:label2\" content=\"Est. reading time\" \/>\n\t\t<meta name=\"twitter:data2\" content=\"2 minutes\" \/>\n\t\t<script type=\"application\/ld+json\" class=\"aioseo-schema\">\n\t\t\t{\"@context\":\"https:\\\/\\\/schema.org\",\"@graph\":[{\"@type\":\"Article\",\"@id\":\"https:\\\/\\\/allasorias.hu\\\/hirek\\\/palyazat-a-videkfejlesztesi-program-kereteben\\\/#article\",\"name\":\"P\\u00e1ly\\u00e1zat a vid\\u00e9kfejleszt\\u00e9si program keret\\u00e9ben | AllasOrias.hu | H\\u00edrek-lapszemle\",\"headline\":\"P\\u00e1ly\\u00e1zat a vid\\u00e9kfejleszt\\u00e9si program keret\\u00e9ben\",\"author\":{\"@id\":\"https:\\\/\\\/allasorias.hu\\\/hirek\\\/author\\\/admin-allasorias\\\/#author\"},\"publisher\":{\"@id\":\"https:\\\/\\\/allasorias.hu\\\/hirek\\\/#organization\"},\"image\":{\"@type\":\"ImageObject\",\"url\":\"https:\\\/\\\/allasorias.hu\\\/hirek\\\/wp-content\\\/uploads\\\/2022\\\/10\\\/allasorias_site_facebok_logo.png\",\"@id\":\"https:\\\/\\\/allasorias.hu\\\/hirek\\\/#articleImage\"},\"datePublished\":\"2021-09-17T09:34:31+02:00\",\"dateModified\":\"2021-09-15T09:35:12+02:00\",\"inLanguage\":\"hu-HU\",\"mainEntityOfPage\":{\"@id\":\"https:\\\/\\\/allasorias.hu\\\/hirek\\\/palyazat-a-videkfejlesztesi-program-kereteben\\\/#webpage\"},\"isPartOf\":{\"@id\":\"https:\\\/\\\/allasorias.hu\\\/hirek\\\/palyazat-a-videkfejlesztesi-program-kereteben\\\/#webpage\"},\"articleSection\":\"Gazdas\\u00e1g\"},{\"@type\":\"BreadcrumbList\",\"@id\":\"https:\\\/\\\/allasorias.hu\\\/hirek\\\/palyazat-a-videkfejlesztesi-program-kereteben\\\/#breadcrumblist\",\"itemListElement\":[{\"@type\":\"ListItem\",\"@id\":\"https:\\\/\\\/allasorias.hu\\\/hirek#listItem\",\"position\":1,\"name\":\"Home\",\"item\":\"https:\\\/\\\/allasorias.hu\\\/hirek\",\"nextItem\":{\"@type\":\"ListItem\",\"@id\":\"https:\\\/\\\/allasorias.hu\\\/hirek\\\/temak\\\/gazdasag\\\/#listItem\",\"name\":\"Gazdas\\u00e1g\"}},{\"@type\":\"ListItem\",\"@id\":\"https:\\\/\\\/allasorias.hu\\\/hirek\\\/temak\\\/gazdasag\\\/#listItem\",\"position\":2,\"name\":\"Gazdas\\u00e1g\",\"item\":\"https:\\\/\\\/allasorias.hu\\\/hirek\\\/temak\\\/gazdasag\\\/\",\"nextItem\":{\"@type\":\"ListItem\",\"@id\":\"https:\\\/\\\/allasorias.hu\\\/hirek\\\/palyazat-a-videkfejlesztesi-program-kereteben\\\/#listItem\",\"name\":\"P\\u00e1ly\\u00e1zat a vid\\u00e9kfejleszt\\u00e9si program keret\\u00e9ben\"},\"previousItem\":{\"@type\":\"ListItem\",\"@id\":\"https:\\\/\\\/allasorias.hu\\\/hirek#listItem\",\"name\":\"Home\"}},{\"@type\":\"ListItem\",\"@id\":\"https:\\\/\\\/allasorias.hu\\\/hirek\\\/palyazat-a-videkfejlesztesi-program-kereteben\\\/#listItem\",\"position\":3,\"name\":\"P\\u00e1ly\\u00e1zat a vid\\u00e9kfejleszt\\u00e9si program keret\\u00e9ben\",\"previousItem\":{\"@type\":\"ListItem\",\"@id\":\"https:\\\/\\\/allasorias.hu\\\/hirek\\\/temak\\\/gazdasag\\\/#listItem\",\"name\":\"Gazdas\\u00e1g\"}}]},{\"@type\":\"Organization\",\"@id\":\"https:\\\/\\\/allasorias.hu\\\/hirek\\\/#organization\",\"name\":\"AllasOrias.hu | H\\u00edrek-lapszemle\",\"description\":\"\\u00dczleti h\\u00edrek az \\u00e1ll\\u00e1s \\u00e9s a munka vil\\u00e1g\\u00e1b\\u00f3l\",\"url\":\"https:\\\/\\\/allasorias.hu\\\/hirek\\\/\",\"logo\":{\"@type\":\"ImageObject\",\"url\":\"https:\\\/\\\/allasorias.hu\\\/hirek\\\/wp-content\\\/uploads\\\/2022\\\/10\\\/allasorias_site_facebok_logo.png\",\"@id\":\"https:\\\/\\\/allasorias.hu\\\/hirek\\\/palyazat-a-videkfejlesztesi-program-kereteben\\\/#organizationLogo\"},\"image\":{\"@id\":\"https:\\\/\\\/allasorias.hu\\\/hirek\\\/palyazat-a-videkfejlesztesi-program-kereteben\\\/#organizationLogo\"},\"sameAs\":[\"https:\\\/\\\/www.facebook.com\\\/allasorias\",\"https:\\\/\\\/www.linkedin.com\\\/company\\\/allasorias\"]},{\"@type\":\"Person\",\"@id\":\"https:\\\/\\\/allasorias.hu\\\/hirek\\\/author\\\/admin-allasorias\\\/#author\",\"url\":\"https:\\\/\\\/allasorias.hu\\\/hirek\\\/author\\\/admin-allasorias\\\/\",\"name\":\"Juh\\u00e1sz P\\u00e9ter\",\"image\":{\"@type\":\"ImageObject\",\"@id\":\"https:\\\/\\\/allasorias.hu\\\/hirek\\\/palyazat-a-videkfejlesztesi-program-kereteben\\\/#authorImage\",\"url\":\"https:\\\/\\\/secure.gravatar.com\\\/avatar\\\/36e6bcb83148978b992977cb0f54d22feb0cce8a0a849a9410532bb2623ba4c6?s=96&d=mm&r=g\",\"width\":96,\"height\":96,\"caption\":\"Juh\\u00e1sz P\\u00e9ter\"}},{\"@type\":\"WebPage\",\"@id\":\"https:\\\/\\\/allasorias.hu\\\/hirek\\\/palyazat-a-videkfejlesztesi-program-kereteben\\\/#webpage\",\"url\":\"https:\\\/\\\/allasorias.hu\\\/hirek\\\/palyazat-a-videkfejlesztesi-program-kereteben\\\/\",\"name\":\"P\\u00e1ly\\u00e1zat a vid\\u00e9kfejleszt\\u00e9si program keret\\u00e9ben | AllasOrias.hu | H\\u00edrek-lapszemle\",\"description\":\"T\\u00f6bbek k\\u00f6z\\u00f6tt t\\u00e1mogat\\u00e1sban r\\u00e9szes\\u00fclhetnek a legmodernebb, \\u00e1ruv\\u00e1 k\\u00e9sz\\u00edt\\u00e9st szolg\\u00e1l\\u00f3 eszk\\u00f6z\\u00f6k, g\\u00e9pek beszerz\\u00e9sei is. A Vid\\u00e9kfejleszt\\u00e9si program keret\\u00e9ben 20 milli\\u00e1rd forint keret\\u00f6sszeggel meghirdetett, gomba el\\u0151\\u00e1ll\\u00edt\\u00f3 \\u00fczemek fejleszt\\u00e9s\\u00e9t t\\u00e1mogat\\u00f3 felh\\u00edv\\u00e1sra szeptember 13-t\\u00f3l lehet a p\\u00e1ly\\u00e1zatokat beny\\u00fajtani - jelentette ki Nagy Istv\\u00e1n agr\\u00e1rminiszter az agr\\u00e1rt\\u00e1rca keddi k\\u00f6zlem\\u00e9nye szerint. A t\\u00e1rcavezet\\u0151 eml\\u00e9keztetett arra, hogy a termesztett gomba ir\\u00e1nti ig\\u00e9ny\",\"inLanguage\":\"hu-HU\",\"isPartOf\":{\"@id\":\"https:\\\/\\\/allasorias.hu\\\/hirek\\\/#website\"},\"breadcrumb\":{\"@id\":\"https:\\\/\\\/allasorias.hu\\\/hirek\\\/palyazat-a-videkfejlesztesi-program-kereteben\\\/#breadcrumblist\"},\"author\":{\"@id\":\"https:\\\/\\\/allasorias.hu\\\/hirek\\\/author\\\/admin-allasorias\\\/#author\"},\"creator\":{\"@id\":\"https:\\\/\\\/allasorias.hu\\\/hirek\\\/author\\\/admin-allasorias\\\/#author\"},\"datePublished\":\"2021-09-17T09:34:31+02:00\",\"dateModified\":\"2021-09-15T09:35:12+02:00\"},{\"@type\":\"WebSite\",\"@id\":\"https:\\\/\\\/allasorias.hu\\\/hirek\\\/#website\",\"url\":\"https:\\\/\\\/allasorias.hu\\\/hirek\\\/\",\"name\":\"AllasOrias.hu | H\\u00edrek-lapszemle\",\"description\":\"\\u00dczleti h\\u00edrek az \\u00e1ll\\u00e1s \\u00e9s a munka vil\\u00e1g\\u00e1b\\u00f3l\",\"inLanguage\":\"hu-HU\",\"publisher\":{\"@id\":\"https:\\\/\\\/allasorias.hu\\\/hirek\\\/#organization\"}}]}\n\t\t<\/script>\n\t\t<!-- All in One SEO -->\n\n","aioseo_head_json":{"title":"P\u00e1ly\u00e1zat a vid\u00e9kfejleszt\u00e9si program keret\u00e9ben | AllasOrias.hu | H\u00edrek-lapszemle","description":"T\u00f6bbek k\u00f6z\u00f6tt t\u00e1mogat\u00e1sban r\u00e9szes\u00fclhetnek a legmodernebb, \u00e1ruv\u00e1 k\u00e9sz\u00edt\u00e9st szolg\u00e1l\u00f3 eszk\u00f6z\u00f6k, g\u00e9pek beszerz\u00e9sei is. A Vid\u00e9kfejleszt\u00e9si program keret\u00e9ben 20 milli\u00e1rd forint keret\u00f6sszeggel meghirdetett, gomba el\u0151\u00e1ll\u00edt\u00f3 \u00fczemek fejleszt\u00e9s\u00e9t t\u00e1mogat\u00f3 felh\u00edv\u00e1sra szeptember 13-t\u00f3l lehet a p\u00e1ly\u00e1zatokat beny\u00fajtani - jelentette ki Nagy Istv\u00e1n agr\u00e1rminiszter az agr\u00e1rt\u00e1rca keddi k\u00f6zlem\u00e9nye szerint. A t\u00e1rcavezet\u0151 eml\u00e9keztetett arra, hogy a termesztett gomba ir\u00e1nti ig\u00e9ny","canonical_url":"https:\/\/allasorias.hu\/hirek\/palyazat-a-videkfejlesztesi-program-kereteben\/","robots":"max-image-preview:large","keywords":"","webmasterTools":{"miscellaneous":""},"schema":{"@context":"https:\/\/schema.org","@graph":[{"@type":"Article","@id":"https:\/\/allasorias.hu\/hirek\/palyazat-a-videkfejlesztesi-program-kereteben\/#article","name":"P\u00e1ly\u00e1zat a vid\u00e9kfejleszt\u00e9si program keret\u00e9ben | AllasOrias.hu | H\u00edrek-lapszemle","headline":"P\u00e1ly\u00e1zat a vid\u00e9kfejleszt\u00e9si program keret\u00e9ben","author":{"@id":"https:\/\/allasorias.hu\/hirek\/author\/admin-allasorias\/#author"},"publisher":{"@id":"https:\/\/allasorias.hu\/hirek\/#organization"},"image":{"@type":"ImageObject","url":"https:\/\/allasorias.hu\/hirek\/wp-content\/uploads\/2022\/10\/allasorias_site_facebok_logo.png","@id":"https:\/\/allasorias.hu\/hirek\/#articleImage"},"datePublished":"2021-09-17T09:34:31+02:00","dateModified":"2021-09-15T09:35:12+02:00","inLanguage":"hu-HU","mainEntityOfPage":{"@id":"https:\/\/allasorias.hu\/hirek\/palyazat-a-videkfejlesztesi-program-kereteben\/#webpage"},"isPartOf":{"@id":"https:\/\/allasorias.hu\/hirek\/palyazat-a-videkfejlesztesi-program-kereteben\/#webpage"},"articleSection":"Gazdas\u00e1g"},{"@type":"BreadcrumbList","@id":"https:\/\/allasorias.hu\/hirek\/palyazat-a-videkfejlesztesi-program-kereteben\/#breadcrumblist","itemListElement":[{"@type":"ListItem","@id":"https:\/\/allasorias.hu\/hirek#listItem","position":1,"name":"Home","item":"https:\/\/allasorias.hu\/hirek","nextItem":{"@type":"ListItem","@id":"https:\/\/allasorias.hu\/hirek\/temak\/gazdasag\/#listItem","name":"Gazdas\u00e1g"}},{"@type":"ListItem","@id":"https:\/\/allasorias.hu\/hirek\/temak\/gazdasag\/#listItem","position":2,"name":"Gazdas\u00e1g","item":"https:\/\/allasorias.hu\/hirek\/temak\/gazdasag\/","nextItem":{"@type":"ListItem","@id":"https:\/\/allasorias.hu\/hirek\/palyazat-a-videkfejlesztesi-program-kereteben\/#listItem","name":"P\u00e1ly\u00e1zat a vid\u00e9kfejleszt\u00e9si program keret\u00e9ben"},"previousItem":{"@type":"ListItem","@id":"https:\/\/allasorias.hu\/hirek#listItem","name":"Home"}},{"@type":"ListItem","@id":"https:\/\/allasorias.hu\/hirek\/palyazat-a-videkfejlesztesi-program-kereteben\/#listItem","position":3,"name":"P\u00e1ly\u00e1zat a vid\u00e9kfejleszt\u00e9si program keret\u00e9ben","previousItem":{"@type":"ListItem","@id":"https:\/\/allasorias.hu\/hirek\/temak\/gazdasag\/#listItem","name":"Gazdas\u00e1g"}}]},{"@type":"Organization","@id":"https:\/\/allasorias.hu\/hirek\/#organization","name":"AllasOrias.hu | H\u00edrek-lapszemle","description":"\u00dczleti h\u00edrek az \u00e1ll\u00e1s \u00e9s a munka vil\u00e1g\u00e1b\u00f3l","url":"https:\/\/allasorias.hu\/hirek\/","logo":{"@type":"ImageObject","url":"https:\/\/allasorias.hu\/hirek\/wp-content\/uploads\/2022\/10\/allasorias_site_facebok_logo.png","@id":"https:\/\/allasorias.hu\/hirek\/palyazat-a-videkfejlesztesi-program-kereteben\/#organizationLogo"},"image":{"@id":"https:\/\/allasorias.hu\/hirek\/palyazat-a-videkfejlesztesi-program-kereteben\/#organizationLogo"},"sameAs":["https:\/\/www.facebook.com\/allasorias","https:\/\/www.linkedin.com\/company\/allasorias"]},{"@type":"Person","@id":"https:\/\/allasorias.hu\/hirek\/author\/admin-allasorias\/#author","url":"https:\/\/allasorias.hu\/hirek\/author\/admin-allasorias\/","name":"Juh\u00e1sz P\u00e9ter","image":{"@type":"ImageObject","@id":"https:\/\/allasorias.hu\/hirek\/palyazat-a-videkfejlesztesi-program-kereteben\/#authorImage","url":"https:\/\/secure.gravatar.com\/avatar\/36e6bcb83148978b992977cb0f54d22feb0cce8a0a849a9410532bb2623ba4c6?s=96&d=mm&r=g","width":96,"height":96,"caption":"Juh\u00e1sz P\u00e9ter"}},{"@type":"WebPage","@id":"https:\/\/allasorias.hu\/hirek\/palyazat-a-videkfejlesztesi-program-kereteben\/#webpage","url":"https:\/\/allasorias.hu\/hirek\/palyazat-a-videkfejlesztesi-program-kereteben\/","name":"P\u00e1ly\u00e1zat a vid\u00e9kfejleszt\u00e9si program keret\u00e9ben | AllasOrias.hu | H\u00edrek-lapszemle","description":"T\u00f6bbek k\u00f6z\u00f6tt t\u00e1mogat\u00e1sban r\u00e9szes\u00fclhetnek a legmodernebb, \u00e1ruv\u00e1 k\u00e9sz\u00edt\u00e9st szolg\u00e1l\u00f3 eszk\u00f6z\u00f6k, g\u00e9pek beszerz\u00e9sei is. A Vid\u00e9kfejleszt\u00e9si program keret\u00e9ben 20 milli\u00e1rd forint keret\u00f6sszeggel meghirdetett, gomba el\u0151\u00e1ll\u00edt\u00f3 \u00fczemek fejleszt\u00e9s\u00e9t t\u00e1mogat\u00f3 felh\u00edv\u00e1sra szeptember 13-t\u00f3l lehet a p\u00e1ly\u00e1zatokat beny\u00fajtani - jelentette ki Nagy Istv\u00e1n agr\u00e1rminiszter az agr\u00e1rt\u00e1rca keddi k\u00f6zlem\u00e9nye szerint. A t\u00e1rcavezet\u0151 eml\u00e9keztetett arra, hogy a termesztett gomba ir\u00e1nti ig\u00e9ny","inLanguage":"hu-HU","isPartOf":{"@id":"https:\/\/allasorias.hu\/hirek\/#website"},"breadcrumb":{"@id":"https:\/\/allasorias.hu\/hirek\/palyazat-a-videkfejlesztesi-program-kereteben\/#breadcrumblist"},"author":{"@id":"https:\/\/allasorias.hu\/hirek\/author\/admin-allasorias\/#author"},"creator":{"@id":"https:\/\/allasorias.hu\/hirek\/author\/admin-allasorias\/#author"},"datePublished":"2021-09-17T09:34:31+02:00","dateModified":"2021-09-15T09:35:12+02:00"},{"@type":"WebSite","@id":"https:\/\/allasorias.hu\/hirek\/#website","url":"https:\/\/allasorias.hu\/hirek\/","name":"AllasOrias.hu | H\u00edrek-lapszemle","description":"\u00dczleti h\u00edrek az \u00e1ll\u00e1s \u00e9s a munka vil\u00e1g\u00e1b\u00f3l","inLanguage":"hu-HU","publisher":{"@id":"https:\/\/allasorias.hu\/hirek\/#organization"}}]},"og:locale":"hu_HU","og:site_name":"AllasOrias.hu | H\u00edrek-lapszemle | \u00dczleti h\u00edrek az \u00e1ll\u00e1s \u00e9s a munka vil\u00e1g\u00e1b\u00f3l","og:type":"article","og:title":"P\u00e1ly\u00e1zat a vid\u00e9kfejleszt\u00e9si program keret\u00e9ben | AllasOrias.hu | H\u00edrek-lapszemle","og:description":"T\u00f6bbek k\u00f6z\u00f6tt t\u00e1mogat\u00e1sban r\u00e9szes\u00fclhetnek a legmodernebb, \u00e1ruv\u00e1 k\u00e9sz\u00edt\u00e9st szolg\u00e1l\u00f3 eszk\u00f6z\u00f6k, g\u00e9pek beszerz\u00e9sei is. A Vid\u00e9kfejleszt\u00e9si program keret\u00e9ben 20 milli\u00e1rd forint keret\u00f6sszeggel meghirdetett, gomba el\u0151\u00e1ll\u00edt\u00f3 \u00fczemek fejleszt\u00e9s\u00e9t t\u00e1mogat\u00f3 felh\u00edv\u00e1sra szeptember 13-t\u00f3l lehet a p\u00e1ly\u00e1zatokat beny\u00fajtani - jelentette ki Nagy Istv\u00e1n agr\u00e1rminiszter az agr\u00e1rt\u00e1rca keddi k\u00f6zlem\u00e9nye szerint. A t\u00e1rcavezet\u0151 eml\u00e9keztetett arra, hogy a termesztett gomba ir\u00e1nti ig\u00e9ny","og:url":"https:\/\/allasorias.hu\/hirek\/palyazat-a-videkfejlesztesi-program-kereteben\/","og:image":"https:\/\/allasorias.hu\/hirek\/wp-content\/uploads\/2022\/10\/allasorias-fb-logo.png","og:image:secure_url":"https:\/\/allasorias.hu\/hirek\/wp-content\/uploads\/2022\/10\/allasorias-fb-logo.png","og:image:width":437,"og:image:height":200,"article:published_time":"2021-09-17T09:34:31+00:00","article:modified_time":"2021-09-15T09:35:12+00:00","article:publisher":"https:\/\/www.facebook.com\/allasorias","twitter:card":"summary_large_image","twitter:title":"P\u00e1ly\u00e1zat a vid\u00e9kfejleszt\u00e9si program keret\u00e9ben | AllasOrias.hu | H\u00edrek-lapszemle","twitter:description":"T\u00f6bbek k\u00f6z\u00f6tt t\u00e1mogat\u00e1sban r\u00e9szes\u00fclhetnek a legmodernebb, \u00e1ruv\u00e1 k\u00e9sz\u00edt\u00e9st szolg\u00e1l\u00f3 eszk\u00f6z\u00f6k, g\u00e9pek beszerz\u00e9sei is. A Vid\u00e9kfejleszt\u00e9si program keret\u00e9ben 20 milli\u00e1rd forint keret\u00f6sszeggel meghirdetett, gomba el\u0151\u00e1ll\u00edt\u00f3 \u00fczemek fejleszt\u00e9s\u00e9t t\u00e1mogat\u00f3 felh\u00edv\u00e1sra szeptember 13-t\u00f3l lehet a p\u00e1ly\u00e1zatokat beny\u00fajtani - jelentette ki Nagy Istv\u00e1n agr\u00e1rminiszter az agr\u00e1rt\u00e1rca keddi k\u00f6zlem\u00e9nye szerint. A t\u00e1rcavezet\u0151 eml\u00e9keztetett arra, hogy a termesztett gomba ir\u00e1nti ig\u00e9ny","twitter:image":"https:\/\/allasorias.hu\/hirek\/wp-content\/uploads\/2022\/10\/allasorias-fb-logo.png","twitter:label1":"Written by","twitter:data1":"Juh\u00e1sz P\u00e9ter","twitter:label2":"Est. reading time","twitter:data2":"2 minutes"},"aioseo_meta_data":{"post_id":"5062","title":null,"description":null,"keywords":[],"keyphrases":{"focus":[],"additional":[]},"primary_term":null,"canonical_url":null,"og_title":null,"og_description":null,"og_object_type":"default","og_image_type":"default","og_image_url":null,"og_image_width":null,"og_image_height":null,"og_image_custom_url":null,"og_image_custom_fields":null,"og_video":"","og_custom_url":null,"og_article_section":null,"og_article_tags":[],"twitter_use_og":false,"twitter_card":"default","twitter_image_type":"default","twitter_image_url":null,"twitter_image_custom_url":null,"twitter_image_custom_fields":null,"twitter_title":null,"twitter_description":null,"schema":{"blockGraphs":[],"customGraphs":[],"default":{"data":{"Article":[],"Course":[],"Dataset":[],"FAQPage":[],"Movie":[],"Person":[],"Product":[],"ProductReview":[],"Car":[],"Recipe":[],"Service":[],"SoftwareApplication":[],"WebPage":[]},"graphName":"","isEnabled":true},"graphs":[],"defaultGraph":"Article","defaultPostTypeGraph":""},"schema_type":"default","schema_type_options":"{\"article\":{\"articleType\":\"BlogPosting\"},\"course\":{\"name\":\"\",\"description\":\"\",\"provider\":\"\"},\"faq\":{\"pages\":[]},\"product\":{\"reviews\":[]},\"recipe\":{\"ingredients\":[],\"instructions\":[],\"keywords\":[]},\"software\":{\"reviews\":[],\"operatingSystems\":[]},\"webPage\":{\"webPageType\":\"WebPage\"}}","pillar_content":false,"robots_default":true,"robots_noindex":false,"robots_noarchive":false,"robots_nosnippet":false,"robots_nofollow":false,"robots_noimageindex":false,"robots_noodp":false,"robots_notranslate":false,"robots_max_snippet":"-1","robots_max_videopreview":"-1","robots_max_imagepreview":"large","priority":null,"frequency":"default","location":null,"local_seo":{"locations":{"business":{"name":"","businessType":"","image":"","areaServed":"","urls":{"website":"","aboutPage":"","contactPage":""},"address":{"streetLine1":"","streetLine2":"","zipCode":"","city":"","state":"","country":"","addressFormat":"#streetLineOne\n#streetLineTwo\n#city, #state #zipCode"},"contact":{"email":"","phone":"","phoneFormatted":"","fax":"","faxFormatted":""},"ids":{"vat":"","tax":"","chamberOfCommerce":""},"payment":{"priceRange":"","currenciesAccepted":"","methods":""}}},"openingHours":{"useDefaults":true,"show":true,"alwaysOpen":false,"use24hFormat":false,"timezone":"","labels":{"closed":"","alwaysOpen":""},"days":{"monday":{"open24h":false,"closed":false,"openTime":"09:00","closeTime":"17:00"},"tuesday":{"open24h":false,"closed":false,"openTime":"09:00","closeTime":"17:00"},"wednesday":{"open24h":false,"closed":false,"openTime":"09:00","closeTime":"17:00"},"thursday":{"open24h":false,"closed":false,"openTime":"09:00","closeTime":"17:00"},"friday":{"open24h":false,"closed":false,"openTime":"09:00","closeTime":"17:00"},"saturday":{"open24h":false,"closed":false,"openTime":"09:00","closeTime":"17:00"},"sunday":{"open24h":false,"closed":false,"openTime":"09:00","closeTime":"17:00"}}}},"breadcrumb_settings":null,"limit_modified_date":false,"ai":null,"created":"2021-09-15 08:58:33","updated":"2025-10-02 16:10:20","seo_analyzer_scan_date":null,"focus_keyword":null,"additional_keywords":null,"truseo_locale":null},"aioseo_breadcrumb":"<div class=\"aioseo-breadcrumbs\"><span class=\"aioseo-breadcrumb\">\n\t\t\t<a href=\"https:\/\/allasorias.hu\/hirek\" title=\"Home\">Home<\/a>\n\t\t<\/span><span class=\"aioseo-breadcrumb-separator\">&raquo;<\/span><span class=\"aioseo-breadcrumb\">\n\t\t\t<a href=\"https:\/\/allasorias.hu\/hirek\/temak\/gazdasag\/\" title=\"Gazdas\u00e1g\">Gazdas\u00e1g<\/a>\n\t\t<\/span><span class=\"aioseo-breadcrumb-separator\">&raquo;<\/span><span class=\"aioseo-breadcrumb\">\n\t\t\tP\u00e1ly\u00e1zat a vid\u00e9kfejleszt\u00e9si program keret\u00e9ben\n\t\t<\/span><\/div>","aioseo_breadcrumb_json":[{"label":"Home","link":"https:\/\/allasorias.hu\/hirek"},{"label":"Gazdas\u00e1g","link":"https:\/\/allasorias.hu\/hirek\/temak\/gazdasag\/"},{"label":"P\u00e1ly\u00e1zat a vid\u00e9kfejleszt\u00e9si program keret\u00e9ben","link":"https:\/\/allasorias.hu\/hirek\/palyazat-a-videkfejlesztesi-program-kereteben\/"}],"_links":{"self":[{"href":"https:\/\/allasorias.hu\/hirek\/wp-json\/wp\/v2\/posts\/5062","targetHints":{"allow":["GET"]}}],"collection":[{"href":"https:\/\/allasorias.hu\/hirek\/wp-json\/wp\/v2\/posts"}],"about":[{"href":"https:\/\/allasorias.hu\/hirek\/wp-json\/wp\/v2\/types\/post"}],"author":[{"embeddable":true,"href":"https:\/\/allasorias.hu\/hirek\/wp-json\/wp\/v2\/users\/1"}],"replies":[{"embeddable":true,"href":"https:\/\/allasorias.hu\/hirek\/wp-json\/wp\/v2\/comments?post=5062"}],"version-history":[{"count":1,"href":"https:\/\/allasorias.hu\/hirek\/wp-json\/wp\/v2\/posts\/5062\/revisions"}],"predecessor-version":[{"id":5063,"href":"https:\/\/allasorias.hu\/hirek\/wp-json\/wp\/v2\/posts\/5062\/revisions\/5063"}],"wp:attachment":[{"href":"https:\/\/allasorias.hu\/hirek\/wp-json\/wp\/v2\/media?parent=5062"}],"wp:term":[{"taxonomy":"category","embeddable":true,"href":"https:\/\/allasorias.hu\/hirek\/wp-json\/wp\/v2\/categories?post=5062"},{"taxonomy":"post_tag","embeddable":true,"href":"https:\/\/allasorias.hu\/hirek\/wp-json\/wp\/v2\/tags?post=5062"}],"curies":[{"name":"wp","href":"https:\/\/api.w.org\/{rel}","templated":true}]}}