{"id":5044,"date":"2021-09-10T06:31:58","date_gmt":"2021-09-10T06:31:58","guid":{"rendered":"https:\/\/allasorias.hu\/hirek\/?p=5044"},"modified":"2021-09-13T06:32:20","modified_gmt":"2021-09-13T06:32:20","slug":"nohet-a-fogyasztas-hazankban-es-a-szomszedos-orszagokban","status":"publish","type":"post","link":"https:\/\/allasorias.hu\/hirek\/nohet-a-fogyasztas-hazankban-es-a-szomszedos-orszagokban\/","title":{"rendered":"N\u0151het a fogyaszt\u00e1s haz\u00e1nkban \u00e9s a szomsz\u00e9dos orsz\u00e1gokban"},"content":{"rendered":"<p><strong>A 2008-as v\u00e1ls\u00e1g el\u0151tti \u00e9veket id\u00e9z\u0151en lokomot\u00edv m\u00f3dba kapcsolhat a lakoss\u00e1gi fogyaszt\u00e1s n\u00f6veked\u00e9se K\u00f6z\u00e9p-Eur\u00f3p\u00e1ban, mert a v\u00e1ls\u00e1got k\u00f6vet\u0151en gyorsan b\u0151v\u00fclnek a j\u00f6vedelmek a r\u00e9gi\u00f3ban, \u00e9s a lakoss\u00e1g m\u00e1r hatalmas tartal\u00e9kokat halmozott fel a j\u00e1rv\u00e1ny kit\u00f6r\u00e9se \u00f3ta &#8211; id\u00e9zi a szak\u00e9rt\u0151 jegyzet\u00e9t a Vil\u00e1ggazdas\u00e1g.<\/strong><\/p>\n<p>Nagyon feszes a munkaer\u0151piac a r\u00e9gi\u00f3ban, ami b\u00e9rn\u00f6veked\u00e9st hozott, mik\u00f6zben a h\u00e1ztart\u00e1sok megtakar\u00edt\u00e1sai is n\u0151ttek. A mostani t\u00f6bblet bev\u00e9teleket a lengyel, a magyar \u00e9s a cseh h\u00e1ztart\u00e1sok is elk\u00f6lthetik a k\u00f6zeli j\u00f6v\u0151ben &#8211; der\u00fcl ki Liam Peach, a Capital Economics felt\u00f6rekv\u0151 piaci k\u00f6zgazd\u00e1sz\u00e1nak elemz\u00e9s\u00e9b\u0151l.A2008-as v\u00e1ls\u00e1g el\u0151tti \u00e9veket id\u00e9z\u0151en lokomot\u00edv m\u00f3dba kapcsolhat a lakoss\u00e1gi fogyaszt\u00e1s n\u00f6veked\u00e9se K\u00f6z\u00e9p-Eur\u00f3p\u00e1ban, mert a v\u00e1ls\u00e1got k\u00f6vet\u0151en gyorsan b\u0151v\u00fclnek a j\u00f6vedelmek a r\u00e9gi\u00f3ban, \u00e9s a lakoss\u00e1g m\u00e1r hatalmas tartal\u00e9kokat halmozott fel a j\u00e1rv\u00e1ny kit\u00f6r\u00e9se \u00f3ta &#8211; id\u00e9zi a szak\u00e9rt\u0151 jegyzet\u00e9t a Vil\u00e1ggazdas\u00e1g. Az egyik legfontosabb t\u00e9nyez\u0151, hogy \u00e1tlagosan a cseh, magyar \u00e9s lengyel h\u00e1ztart\u00e1sok a j\u00e1rv\u00e1ny id\u0151szak\u00e1ban a GDP n\u00e9gy sz\u00e1zal\u00e9k\u00e1nak megfelel\u0151 t\u00f6bblet megtakar\u00edt\u00e1st halmozott fel. Viszont Peach szerint nem val\u00f3sz\u00edn\u0171, hogy ezt a k\u00f6zeli j\u00f6v\u0151ben elk\u00f6ltik, mik\u00f6zben a munkaer\u0151piac rendk\u00edv\u00fcl feszes a r\u00e9gi\u00f3ban, a dolgoz\u00f3k hi\u00e1nya \u00e9s a laza k\u00f6lts\u00e9gvet\u00e9si politika egyszerre hajtj\u00e1k felfel\u00e9 a b\u00e9reket. A lengyel ad\u00f3reform a kisp\u00e9nz\u0171eket torn\u00e1ssza feljebb, \u00e9s a j\u00f6v\u0151 \u00e1prilisi v\u00e1laszt\u00e1sok el\u0151tt a magyar korm\u00e1ny is a h\u00e1ztart\u00e1si j\u00f6vedelmeket n\u00f6vel\u0151 int\u00e9zked\u00e9seket jelentett be. Az elk\u00f6lthet\u0151 nomin\u00e1lis j\u00f6vedelem 2022-ben 5-6 sz\u00e1zal\u00e9kkal n\u00f6vekedhet a r\u00e9gi\u00f3ban, hasonl\u00f3an a 2016-2019-es id\u0151szakhoz, amikor K\u00f6z\u00e9p-Eur\u00f3pa a legut\u00f3bb \u00e1t\u00e9lt egy jelent\u0151s fogyaszt\u00e1si felfut\u00e1st. A megtakar\u00edt\u00e1sok legnagyobb r\u00e9sze eleve a tehet\u0151sebb r\u00e9tegekn\u00e9l maradt meg, a lengyel h\u00e1ztart\u00e1sok k\u00f6r\u00e9ben k\u00e9sz\u00fclt \u00e9ves felm\u00e9r\u00e9s p\u00e9ld\u00e1ul azt t\u00e1rta fel, hogy a legjobbm\u00f3d\u00fa h\u00fasz sz\u00e1zal\u00e9k gazdagodott legink\u00e1bb 2020-ban, mik\u00f6zben a n\u00e9pess\u00e9g legszeg\u00e9nyebb \u00f6t\u00f6de &#8211; amely jelent\u0151sen n\u00f6velni tudn\u00e1 a fogyaszt\u00e1s\u00e1t &#8211; ink\u00e1bb rosszabb helyzetbe ker\u00fclt. A megtakar\u00edt\u00e1sokat felhalmoz\u00f3 h\u00e1ztart\u00e1sok ugyanakkor val\u00f3sz\u00edn\u0171leg &#8222;a m\u00e9rleg\u00fck jav\u00edt\u00e1s\u00e1ra&#8221; t\u00f6rekszenek a r\u00e9gi\u00f3ban: hiteleket fizetnek vissza, vagy befektetnek. A megtakar\u00edt\u00e1si folyamat m\u00e9g az id\u00e9n is folytat\u00f3dott Csehorsz\u00e1gban \u00e9s Magyarorsz\u00e1gon, mik\u00f6zben a lengyelek m\u00e1r ink\u00e1bb fogyasztottak, mint sp\u00f3roltak. Magyarorsz\u00e1gon az \u00e1llampap\u00edrokn\u00e1l l\u00e1tszik a n\u00f6vekv\u0151 tartal\u00e9kk\u00e9pz\u00e9s a lakoss\u00e1gn\u00e1l.<\/p>\n<p>Forr\u00e1s: napi.hu<\/p>\n","protected":false},"excerpt":{"rendered":"<p>A 2008-as v\u00e1ls\u00e1g el\u0151tti \u00e9veket id\u00e9z\u0151en lokomot\u00edv m\u00f3dba kapcsolhat a lakoss\u00e1gi fogyaszt\u00e1s n\u00f6veked\u00e9se K\u00f6z\u00e9p-Eur\u00f3p\u00e1ban, mert a v\u00e1ls\u00e1got k\u00f6vet\u0151en gyorsan b\u0151v\u00fclnek a j\u00f6vedelmek a r\u00e9gi\u00f3ban, \u00e9s a lakoss\u00e1g m\u00e1r hatalmas tartal\u00e9kokat halmozott fel a j\u00e1rv\u00e1ny kit\u00f6r\u00e9se \u00f3ta &#8211; id\u00e9zi a szak\u00e9rt\u0151 jegyzet\u00e9t a Vil\u00e1ggazdas\u00e1g. Nagyon feszes a munkaer\u0151piac a r\u00e9gi\u00f3ban, ami b\u00e9rn\u00f6veked\u00e9st hozott, mik\u00f6zben a h\u00e1ztart\u00e1sok [&hellip;]<\/p>\n","protected":false},"author":1,"featured_media":5045,"comment_status":"open","ping_status":"open","sticky":false,"template":"","format":"standard","meta":{"_monsterinsights_skip_tracking":false,"footnotes":""},"categories":[198],"tags":[],"class_list":["post-5044","post","type-post","status-publish","format-standard","has-post-thumbnail","hentry","category-gazdasag"],"aioseo_notices":[],"aioseo_head":"\n\t\t<!-- All in One SEO 5.0.0.1 - aioseo.com -->\n\t<meta name=\"description\" content=\"A 2008-as v\u00e1ls\u00e1g el\u0151tti \u00e9veket id\u00e9z\u0151en lokomot\u00edv m\u00f3dba kapcsolhat a lakoss\u00e1gi fogyaszt\u00e1s n\u00f6veked\u00e9se K\u00f6z\u00e9p-Eur\u00f3p\u00e1ban, mert a v\u00e1ls\u00e1got k\u00f6vet\u0151en gyorsan b\u0151v\u00fclnek a j\u00f6vedelmek a r\u00e9gi\u00f3ban, \u00e9s a lakoss\u00e1g m\u00e1r hatalmas tartal\u00e9kokat halmozott fel a j\u00e1rv\u00e1ny kit\u00f6r\u00e9se \u00f3ta - id\u00e9zi a szak\u00e9rt\u0151 jegyzet\u00e9t a Vil\u00e1ggazdas\u00e1g. Nagyon feszes a munkaer\u0151piac a r\u00e9gi\u00f3ban, ami b\u00e9rn\u00f6veked\u00e9st hozott, mik\u00f6zben a h\u00e1ztart\u00e1sok\" \/>\n\t<meta name=\"robots\" content=\"max-image-preview:large\" \/>\n\t<meta name=\"author\" content=\"Juh\u00e1sz P\u00e9ter\"\/>\n\t<link rel=\"canonical\" href=\"https:\/\/allasorias.hu\/hirek\/nohet-a-fogyasztas-hazankban-es-a-szomszedos-orszagokban\/\" \/>\n\t<meta name=\"generator\" content=\"All in One SEO (AIOSEO) 5.0.0.1\" \/>\n\t\t<meta property=\"og:locale\" content=\"hu_HU\" \/>\n\t\t<meta property=\"og:site_name\" content=\"AllasOrias.hu | H\u00edrek-lapszemle | \u00dczleti h\u00edrek az \u00e1ll\u00e1s \u00e9s a munka vil\u00e1g\u00e1b\u00f3l\" \/>\n\t\t<meta property=\"og:type\" content=\"article\" \/>\n\t\t<meta property=\"og:title\" content=\"N\u0151het a fogyaszt\u00e1s haz\u00e1nkban \u00e9s a szomsz\u00e9dos orsz\u00e1gokban | AllasOrias.hu | H\u00edrek-lapszemle\" \/>\n\t\t<meta property=\"og:description\" content=\"A 2008-as v\u00e1ls\u00e1g el\u0151tti \u00e9veket id\u00e9z\u0151en lokomot\u00edv m\u00f3dba kapcsolhat a lakoss\u00e1gi fogyaszt\u00e1s n\u00f6veked\u00e9se K\u00f6z\u00e9p-Eur\u00f3p\u00e1ban, mert a v\u00e1ls\u00e1got k\u00f6vet\u0151en gyorsan b\u0151v\u00fclnek a j\u00f6vedelmek a r\u00e9gi\u00f3ban, \u00e9s a lakoss\u00e1g m\u00e1r hatalmas tartal\u00e9kokat halmozott fel a j\u00e1rv\u00e1ny kit\u00f6r\u00e9se \u00f3ta - id\u00e9zi a szak\u00e9rt\u0151 jegyzet\u00e9t a Vil\u00e1ggazdas\u00e1g. Nagyon feszes a munkaer\u0151piac a r\u00e9gi\u00f3ban, ami b\u00e9rn\u00f6veked\u00e9st hozott, mik\u00f6zben a h\u00e1ztart\u00e1sok\" \/>\n\t\t<meta property=\"og:url\" content=\"https:\/\/allasorias.hu\/hirek\/nohet-a-fogyasztas-hazankban-es-a-szomszedos-orszagokban\/\" \/>\n\t\t<meta property=\"og:image\" content=\"https:\/\/allasorias.hu\/hirek\/wp-content\/uploads\/2021\/09\/close-up-executive-holding-economic-report.jpg\" \/>\n\t\t<meta property=\"og:image:secure_url\" content=\"https:\/\/allasorias.hu\/hirek\/wp-content\/uploads\/2021\/09\/close-up-executive-holding-economic-report.jpg\" \/>\n\t\t<meta property=\"og:image:width\" content=\"1920\" \/>\n\t\t<meta property=\"og:image:height\" content=\"1280\" \/>\n\t\t<meta property=\"article:published_time\" content=\"2021-09-10T06:31:58+00:00\" \/>\n\t\t<meta property=\"article:modified_time\" content=\"2021-09-13T06:32:20+00:00\" \/>\n\t\t<meta property=\"article:publisher\" content=\"https:\/\/www.facebook.com\/allasorias\" \/>\n\t\t<meta name=\"twitter:card\" content=\"summary_large_image\" \/>\n\t\t<meta name=\"twitter:title\" content=\"N\u0151het a fogyaszt\u00e1s haz\u00e1nkban \u00e9s a szomsz\u00e9dos orsz\u00e1gokban | AllasOrias.hu | H\u00edrek-lapszemle\" \/>\n\t\t<meta name=\"twitter:description\" content=\"A 2008-as v\u00e1ls\u00e1g el\u0151tti \u00e9veket id\u00e9z\u0151en lokomot\u00edv m\u00f3dba kapcsolhat a lakoss\u00e1gi fogyaszt\u00e1s n\u00f6veked\u00e9se K\u00f6z\u00e9p-Eur\u00f3p\u00e1ban, mert a v\u00e1ls\u00e1got k\u00f6vet\u0151en gyorsan b\u0151v\u00fclnek a j\u00f6vedelmek a r\u00e9gi\u00f3ban, \u00e9s a lakoss\u00e1g m\u00e1r hatalmas tartal\u00e9kokat halmozott fel a j\u00e1rv\u00e1ny kit\u00f6r\u00e9se \u00f3ta - id\u00e9zi a szak\u00e9rt\u0151 jegyzet\u00e9t a Vil\u00e1ggazdas\u00e1g. Nagyon feszes a munkaer\u0151piac a r\u00e9gi\u00f3ban, ami b\u00e9rn\u00f6veked\u00e9st hozott, mik\u00f6zben a h\u00e1ztart\u00e1sok\" \/>\n\t\t<meta name=\"twitter:image\" content=\"https:\/\/allasorias.hu\/hirek\/wp-content\/uploads\/2021\/09\/close-up-executive-holding-economic-report.jpg\" \/>\n\t\t<meta name=\"twitter:label1\" content=\"Written by\" \/>\n\t\t<meta name=\"twitter:data1\" content=\"Juh\u00e1sz P\u00e9ter\" \/>\n\t\t<meta name=\"twitter:label2\" content=\"Est. reading time\" \/>\n\t\t<meta name=\"twitter:data2\" content=\"3 minutes\" \/>\n\t\t<script type=\"application\/ld+json\" class=\"aioseo-schema\">\n\t\t\t{\"@context\":\"https:\\\/\\\/schema.org\",\"@graph\":[{\"@type\":\"Article\",\"@id\":\"https:\\\/\\\/allasorias.hu\\\/hirek\\\/nohet-a-fogyasztas-hazankban-es-a-szomszedos-orszagokban\\\/#article\",\"name\":\"N\\u0151het a fogyaszt\\u00e1s haz\\u00e1nkban \\u00e9s a szomsz\\u00e9dos orsz\\u00e1gokban | AllasOrias.hu | H\\u00edrek-lapszemle\",\"headline\":\"N\\u0151het a fogyaszt\\u00e1s haz\\u00e1nkban \\u00e9s a szomsz\\u00e9dos orsz\\u00e1gokban\",\"author\":{\"@id\":\"https:\\\/\\\/allasorias.hu\\\/hirek\\\/author\\\/admin-allasorias\\\/#author\"},\"publisher\":{\"@id\":\"https:\\\/\\\/allasorias.hu\\\/hirek\\\/#organization\"},\"image\":{\"@type\":\"ImageObject\",\"url\":\"https:\\\/\\\/allasorias.hu\\\/hirek\\\/wp-content\\\/uploads\\\/2021\\\/09\\\/close-up-executive-holding-economic-report.jpg\",\"width\":1920,\"height\":1280,\"caption\":\"Image of business document held by human at meeting\"},\"datePublished\":\"2021-09-10T06:31:58+02:00\",\"dateModified\":\"2021-09-13T06:32:20+02:00\",\"inLanguage\":\"hu-HU\",\"mainEntityOfPage\":{\"@id\":\"https:\\\/\\\/allasorias.hu\\\/hirek\\\/nohet-a-fogyasztas-hazankban-es-a-szomszedos-orszagokban\\\/#webpage\"},\"isPartOf\":{\"@id\":\"https:\\\/\\\/allasorias.hu\\\/hirek\\\/nohet-a-fogyasztas-hazankban-es-a-szomszedos-orszagokban\\\/#webpage\"},\"articleSection\":\"Gazdas\\u00e1g\"},{\"@type\":\"BreadcrumbList\",\"@id\":\"https:\\\/\\\/allasorias.hu\\\/hirek\\\/nohet-a-fogyasztas-hazankban-es-a-szomszedos-orszagokban\\\/#breadcrumblist\",\"itemListElement\":[{\"@type\":\"ListItem\",\"@id\":\"https:\\\/\\\/allasorias.hu\\\/hirek#listItem\",\"position\":1,\"name\":\"Home\",\"item\":\"https:\\\/\\\/allasorias.hu\\\/hirek\",\"nextItem\":{\"@type\":\"ListItem\",\"@id\":\"https:\\\/\\\/allasorias.hu\\\/hirek\\\/temak\\\/gazdasag\\\/#listItem\",\"name\":\"Gazdas\\u00e1g\"}},{\"@type\":\"ListItem\",\"@id\":\"https:\\\/\\\/allasorias.hu\\\/hirek\\\/temak\\\/gazdasag\\\/#listItem\",\"position\":2,\"name\":\"Gazdas\\u00e1g\",\"item\":\"https:\\\/\\\/allasorias.hu\\\/hirek\\\/temak\\\/gazdasag\\\/\",\"nextItem\":{\"@type\":\"ListItem\",\"@id\":\"https:\\\/\\\/allasorias.hu\\\/hirek\\\/nohet-a-fogyasztas-hazankban-es-a-szomszedos-orszagokban\\\/#listItem\",\"name\":\"N\\u0151het a fogyaszt\\u00e1s haz\\u00e1nkban \\u00e9s a szomsz\\u00e9dos orsz\\u00e1gokban\"},\"previousItem\":{\"@type\":\"ListItem\",\"@id\":\"https:\\\/\\\/allasorias.hu\\\/hirek#listItem\",\"name\":\"Home\"}},{\"@type\":\"ListItem\",\"@id\":\"https:\\\/\\\/allasorias.hu\\\/hirek\\\/nohet-a-fogyasztas-hazankban-es-a-szomszedos-orszagokban\\\/#listItem\",\"position\":3,\"name\":\"N\\u0151het a fogyaszt\\u00e1s haz\\u00e1nkban \\u00e9s a szomsz\\u00e9dos orsz\\u00e1gokban\",\"previousItem\":{\"@type\":\"ListItem\",\"@id\":\"https:\\\/\\\/allasorias.hu\\\/hirek\\\/temak\\\/gazdasag\\\/#listItem\",\"name\":\"Gazdas\\u00e1g\"}}]},{\"@type\":\"Organization\",\"@id\":\"https:\\\/\\\/allasorias.hu\\\/hirek\\\/#organization\",\"name\":\"AllasOrias.hu | H\\u00edrek-lapszemle\",\"description\":\"\\u00dczleti h\\u00edrek az \\u00e1ll\\u00e1s \\u00e9s a munka vil\\u00e1g\\u00e1b\\u00f3l\",\"url\":\"https:\\\/\\\/allasorias.hu\\\/hirek\\\/\",\"logo\":{\"@type\":\"ImageObject\",\"url\":\"https:\\\/\\\/allasorias.hu\\\/hirek\\\/wp-content\\\/uploads\\\/2022\\\/10\\\/allasorias_site_facebok_logo.png\",\"@id\":\"https:\\\/\\\/allasorias.hu\\\/hirek\\\/nohet-a-fogyasztas-hazankban-es-a-szomszedos-orszagokban\\\/#organizationLogo\"},\"image\":{\"@id\":\"https:\\\/\\\/allasorias.hu\\\/hirek\\\/nohet-a-fogyasztas-hazankban-es-a-szomszedos-orszagokban\\\/#organizationLogo\"},\"sameAs\":[\"https:\\\/\\\/www.facebook.com\\\/allasorias\",\"https:\\\/\\\/www.linkedin.com\\\/company\\\/allasorias\"]},{\"@type\":\"Person\",\"@id\":\"https:\\\/\\\/allasorias.hu\\\/hirek\\\/author\\\/admin-allasorias\\\/#author\",\"url\":\"https:\\\/\\\/allasorias.hu\\\/hirek\\\/author\\\/admin-allasorias\\\/\",\"name\":\"Juh\\u00e1sz P\\u00e9ter\",\"image\":{\"@type\":\"ImageObject\",\"@id\":\"https:\\\/\\\/allasorias.hu\\\/hirek\\\/nohet-a-fogyasztas-hazankban-es-a-szomszedos-orszagokban\\\/#authorImage\",\"url\":\"https:\\\/\\\/secure.gravatar.com\\\/avatar\\\/36e6bcb83148978b992977cb0f54d22feb0cce8a0a849a9410532bb2623ba4c6?s=96&d=mm&r=g\",\"width\":96,\"height\":96,\"caption\":\"Juh\\u00e1sz P\\u00e9ter\"}},{\"@type\":\"WebPage\",\"@id\":\"https:\\\/\\\/allasorias.hu\\\/hirek\\\/nohet-a-fogyasztas-hazankban-es-a-szomszedos-orszagokban\\\/#webpage\",\"url\":\"https:\\\/\\\/allasorias.hu\\\/hirek\\\/nohet-a-fogyasztas-hazankban-es-a-szomszedos-orszagokban\\\/\",\"name\":\"N\\u0151het a fogyaszt\\u00e1s haz\\u00e1nkban \\u00e9s a szomsz\\u00e9dos orsz\\u00e1gokban | AllasOrias.hu | H\\u00edrek-lapszemle\",\"description\":\"A 2008-as v\\u00e1ls\\u00e1g el\\u0151tti \\u00e9veket id\\u00e9z\\u0151en lokomot\\u00edv m\\u00f3dba kapcsolhat a lakoss\\u00e1gi fogyaszt\\u00e1s n\\u00f6veked\\u00e9se K\\u00f6z\\u00e9p-Eur\\u00f3p\\u00e1ban, mert a v\\u00e1ls\\u00e1got k\\u00f6vet\\u0151en gyorsan b\\u0151v\\u00fclnek a j\\u00f6vedelmek a r\\u00e9gi\\u00f3ban, \\u00e9s a lakoss\\u00e1g m\\u00e1r hatalmas tartal\\u00e9kokat halmozott fel a j\\u00e1rv\\u00e1ny kit\\u00f6r\\u00e9se \\u00f3ta - id\\u00e9zi a szak\\u00e9rt\\u0151 jegyzet\\u00e9t a Vil\\u00e1ggazdas\\u00e1g. Nagyon feszes a munkaer\\u0151piac a r\\u00e9gi\\u00f3ban, ami b\\u00e9rn\\u00f6veked\\u00e9st hozott, mik\\u00f6zben a h\\u00e1ztart\\u00e1sok\",\"inLanguage\":\"hu-HU\",\"isPartOf\":{\"@id\":\"https:\\\/\\\/allasorias.hu\\\/hirek\\\/#website\"},\"breadcrumb\":{\"@id\":\"https:\\\/\\\/allasorias.hu\\\/hirek\\\/nohet-a-fogyasztas-hazankban-es-a-szomszedos-orszagokban\\\/#breadcrumblist\"},\"author\":{\"@id\":\"https:\\\/\\\/allasorias.hu\\\/hirek\\\/author\\\/admin-allasorias\\\/#author\"},\"creator\":{\"@id\":\"https:\\\/\\\/allasorias.hu\\\/hirek\\\/author\\\/admin-allasorias\\\/#author\"},\"image\":{\"@type\":\"ImageObject\",\"url\":\"https:\\\/\\\/allasorias.hu\\\/hirek\\\/wp-content\\\/uploads\\\/2021\\\/09\\\/close-up-executive-holding-economic-report.jpg\",\"@id\":\"https:\\\/\\\/allasorias.hu\\\/hirek\\\/nohet-a-fogyasztas-hazankban-es-a-szomszedos-orszagokban\\\/#mainImage\",\"width\":1920,\"height\":1280,\"caption\":\"Image of business document held by human at meeting\"},\"primaryImageOfPage\":{\"@id\":\"https:\\\/\\\/allasorias.hu\\\/hirek\\\/nohet-a-fogyasztas-hazankban-es-a-szomszedos-orszagokban\\\/#mainImage\"},\"datePublished\":\"2021-09-10T06:31:58+02:00\",\"dateModified\":\"2021-09-13T06:32:20+02:00\"},{\"@type\":\"WebSite\",\"@id\":\"https:\\\/\\\/allasorias.hu\\\/hirek\\\/#website\",\"url\":\"https:\\\/\\\/allasorias.hu\\\/hirek\\\/\",\"name\":\"AllasOrias.hu | H\\u00edrek-lapszemle\",\"description\":\"\\u00dczleti h\\u00edrek az \\u00e1ll\\u00e1s \\u00e9s a munka vil\\u00e1g\\u00e1b\\u00f3l\",\"inLanguage\":\"hu-HU\",\"publisher\":{\"@id\":\"https:\\\/\\\/allasorias.hu\\\/hirek\\\/#organization\"}}]}\n\t\t<\/script>\n\t\t<!-- All in One SEO -->\n\n","aioseo_head_json":{"title":"N\u0151het a fogyaszt\u00e1s haz\u00e1nkban \u00e9s a szomsz\u00e9dos orsz\u00e1gokban | AllasOrias.hu | H\u00edrek-lapszemle","description":"A 2008-as v\u00e1ls\u00e1g el\u0151tti \u00e9veket id\u00e9z\u0151en lokomot\u00edv m\u00f3dba kapcsolhat a lakoss\u00e1gi fogyaszt\u00e1s n\u00f6veked\u00e9se K\u00f6z\u00e9p-Eur\u00f3p\u00e1ban, mert a v\u00e1ls\u00e1got k\u00f6vet\u0151en gyorsan b\u0151v\u00fclnek a j\u00f6vedelmek a r\u00e9gi\u00f3ban, \u00e9s a lakoss\u00e1g m\u00e1r hatalmas tartal\u00e9kokat halmozott fel a j\u00e1rv\u00e1ny kit\u00f6r\u00e9se \u00f3ta - id\u00e9zi a szak\u00e9rt\u0151 jegyzet\u00e9t a Vil\u00e1ggazdas\u00e1g. Nagyon feszes a munkaer\u0151piac a r\u00e9gi\u00f3ban, ami b\u00e9rn\u00f6veked\u00e9st hozott, mik\u00f6zben a h\u00e1ztart\u00e1sok","canonical_url":"https:\/\/allasorias.hu\/hirek\/nohet-a-fogyasztas-hazankban-es-a-szomszedos-orszagokban\/","robots":"max-image-preview:large","keywords":"","webmasterTools":{"miscellaneous":""},"schema":{"@context":"https:\/\/schema.org","@graph":[{"@type":"Article","@id":"https:\/\/allasorias.hu\/hirek\/nohet-a-fogyasztas-hazankban-es-a-szomszedos-orszagokban\/#article","name":"N\u0151het a fogyaszt\u00e1s haz\u00e1nkban \u00e9s a szomsz\u00e9dos orsz\u00e1gokban | AllasOrias.hu | H\u00edrek-lapszemle","headline":"N\u0151het a fogyaszt\u00e1s haz\u00e1nkban \u00e9s a szomsz\u00e9dos orsz\u00e1gokban","author":{"@id":"https:\/\/allasorias.hu\/hirek\/author\/admin-allasorias\/#author"},"publisher":{"@id":"https:\/\/allasorias.hu\/hirek\/#organization"},"image":{"@type":"ImageObject","url":"https:\/\/allasorias.hu\/hirek\/wp-content\/uploads\/2021\/09\/close-up-executive-holding-economic-report.jpg","width":1920,"height":1280,"caption":"Image of business document held by human at meeting"},"datePublished":"2021-09-10T06:31:58+02:00","dateModified":"2021-09-13T06:32:20+02:00","inLanguage":"hu-HU","mainEntityOfPage":{"@id":"https:\/\/allasorias.hu\/hirek\/nohet-a-fogyasztas-hazankban-es-a-szomszedos-orszagokban\/#webpage"},"isPartOf":{"@id":"https:\/\/allasorias.hu\/hirek\/nohet-a-fogyasztas-hazankban-es-a-szomszedos-orszagokban\/#webpage"},"articleSection":"Gazdas\u00e1g"},{"@type":"BreadcrumbList","@id":"https:\/\/allasorias.hu\/hirek\/nohet-a-fogyasztas-hazankban-es-a-szomszedos-orszagokban\/#breadcrumblist","itemListElement":[{"@type":"ListItem","@id":"https:\/\/allasorias.hu\/hirek#listItem","position":1,"name":"Home","item":"https:\/\/allasorias.hu\/hirek","nextItem":{"@type":"ListItem","@id":"https:\/\/allasorias.hu\/hirek\/temak\/gazdasag\/#listItem","name":"Gazdas\u00e1g"}},{"@type":"ListItem","@id":"https:\/\/allasorias.hu\/hirek\/temak\/gazdasag\/#listItem","position":2,"name":"Gazdas\u00e1g","item":"https:\/\/allasorias.hu\/hirek\/temak\/gazdasag\/","nextItem":{"@type":"ListItem","@id":"https:\/\/allasorias.hu\/hirek\/nohet-a-fogyasztas-hazankban-es-a-szomszedos-orszagokban\/#listItem","name":"N\u0151het a fogyaszt\u00e1s haz\u00e1nkban \u00e9s a szomsz\u00e9dos orsz\u00e1gokban"},"previousItem":{"@type":"ListItem","@id":"https:\/\/allasorias.hu\/hirek#listItem","name":"Home"}},{"@type":"ListItem","@id":"https:\/\/allasorias.hu\/hirek\/nohet-a-fogyasztas-hazankban-es-a-szomszedos-orszagokban\/#listItem","position":3,"name":"N\u0151het a fogyaszt\u00e1s haz\u00e1nkban \u00e9s a szomsz\u00e9dos orsz\u00e1gokban","previousItem":{"@type":"ListItem","@id":"https:\/\/allasorias.hu\/hirek\/temak\/gazdasag\/#listItem","name":"Gazdas\u00e1g"}}]},{"@type":"Organization","@id":"https:\/\/allasorias.hu\/hirek\/#organization","name":"AllasOrias.hu | H\u00edrek-lapszemle","description":"\u00dczleti h\u00edrek az \u00e1ll\u00e1s \u00e9s a munka vil\u00e1g\u00e1b\u00f3l","url":"https:\/\/allasorias.hu\/hirek\/","logo":{"@type":"ImageObject","url":"https:\/\/allasorias.hu\/hirek\/wp-content\/uploads\/2022\/10\/allasorias_site_facebok_logo.png","@id":"https:\/\/allasorias.hu\/hirek\/nohet-a-fogyasztas-hazankban-es-a-szomszedos-orszagokban\/#organizationLogo"},"image":{"@id":"https:\/\/allasorias.hu\/hirek\/nohet-a-fogyasztas-hazankban-es-a-szomszedos-orszagokban\/#organizationLogo"},"sameAs":["https:\/\/www.facebook.com\/allasorias","https:\/\/www.linkedin.com\/company\/allasorias"]},{"@type":"Person","@id":"https:\/\/allasorias.hu\/hirek\/author\/admin-allasorias\/#author","url":"https:\/\/allasorias.hu\/hirek\/author\/admin-allasorias\/","name":"Juh\u00e1sz P\u00e9ter","image":{"@type":"ImageObject","@id":"https:\/\/allasorias.hu\/hirek\/nohet-a-fogyasztas-hazankban-es-a-szomszedos-orszagokban\/#authorImage","url":"https:\/\/secure.gravatar.com\/avatar\/36e6bcb83148978b992977cb0f54d22feb0cce8a0a849a9410532bb2623ba4c6?s=96&d=mm&r=g","width":96,"height":96,"caption":"Juh\u00e1sz P\u00e9ter"}},{"@type":"WebPage","@id":"https:\/\/allasorias.hu\/hirek\/nohet-a-fogyasztas-hazankban-es-a-szomszedos-orszagokban\/#webpage","url":"https:\/\/allasorias.hu\/hirek\/nohet-a-fogyasztas-hazankban-es-a-szomszedos-orszagokban\/","name":"N\u0151het a fogyaszt\u00e1s haz\u00e1nkban \u00e9s a szomsz\u00e9dos orsz\u00e1gokban | AllasOrias.hu | H\u00edrek-lapszemle","description":"A 2008-as v\u00e1ls\u00e1g el\u0151tti \u00e9veket id\u00e9z\u0151en lokomot\u00edv m\u00f3dba kapcsolhat a lakoss\u00e1gi fogyaszt\u00e1s n\u00f6veked\u00e9se K\u00f6z\u00e9p-Eur\u00f3p\u00e1ban, mert a v\u00e1ls\u00e1got k\u00f6vet\u0151en gyorsan b\u0151v\u00fclnek a j\u00f6vedelmek a r\u00e9gi\u00f3ban, \u00e9s a lakoss\u00e1g m\u00e1r hatalmas tartal\u00e9kokat halmozott fel a j\u00e1rv\u00e1ny kit\u00f6r\u00e9se \u00f3ta - id\u00e9zi a szak\u00e9rt\u0151 jegyzet\u00e9t a Vil\u00e1ggazdas\u00e1g. Nagyon feszes a munkaer\u0151piac a r\u00e9gi\u00f3ban, ami b\u00e9rn\u00f6veked\u00e9st hozott, mik\u00f6zben a h\u00e1ztart\u00e1sok","inLanguage":"hu-HU","isPartOf":{"@id":"https:\/\/allasorias.hu\/hirek\/#website"},"breadcrumb":{"@id":"https:\/\/allasorias.hu\/hirek\/nohet-a-fogyasztas-hazankban-es-a-szomszedos-orszagokban\/#breadcrumblist"},"author":{"@id":"https:\/\/allasorias.hu\/hirek\/author\/admin-allasorias\/#author"},"creator":{"@id":"https:\/\/allasorias.hu\/hirek\/author\/admin-allasorias\/#author"},"image":{"@type":"ImageObject","url":"https:\/\/allasorias.hu\/hirek\/wp-content\/uploads\/2021\/09\/close-up-executive-holding-economic-report.jpg","@id":"https:\/\/allasorias.hu\/hirek\/nohet-a-fogyasztas-hazankban-es-a-szomszedos-orszagokban\/#mainImage","width":1920,"height":1280,"caption":"Image of business document held by human at meeting"},"primaryImageOfPage":{"@id":"https:\/\/allasorias.hu\/hirek\/nohet-a-fogyasztas-hazankban-es-a-szomszedos-orszagokban\/#mainImage"},"datePublished":"2021-09-10T06:31:58+02:00","dateModified":"2021-09-13T06:32:20+02:00"},{"@type":"WebSite","@id":"https:\/\/allasorias.hu\/hirek\/#website","url":"https:\/\/allasorias.hu\/hirek\/","name":"AllasOrias.hu | H\u00edrek-lapszemle","description":"\u00dczleti h\u00edrek az \u00e1ll\u00e1s \u00e9s a munka vil\u00e1g\u00e1b\u00f3l","inLanguage":"hu-HU","publisher":{"@id":"https:\/\/allasorias.hu\/hirek\/#organization"}}]},"og:locale":"hu_HU","og:site_name":"AllasOrias.hu | H\u00edrek-lapszemle | \u00dczleti h\u00edrek az \u00e1ll\u00e1s \u00e9s a munka vil\u00e1g\u00e1b\u00f3l","og:type":"article","og:title":"N\u0151het a fogyaszt\u00e1s haz\u00e1nkban \u00e9s a szomsz\u00e9dos orsz\u00e1gokban | AllasOrias.hu | H\u00edrek-lapszemle","og:description":"A 2008-as v\u00e1ls\u00e1g el\u0151tti \u00e9veket id\u00e9z\u0151en lokomot\u00edv m\u00f3dba kapcsolhat a lakoss\u00e1gi fogyaszt\u00e1s n\u00f6veked\u00e9se K\u00f6z\u00e9p-Eur\u00f3p\u00e1ban, mert a v\u00e1ls\u00e1got k\u00f6vet\u0151en gyorsan b\u0151v\u00fclnek a j\u00f6vedelmek a r\u00e9gi\u00f3ban, \u00e9s a lakoss\u00e1g m\u00e1r hatalmas tartal\u00e9kokat halmozott fel a j\u00e1rv\u00e1ny kit\u00f6r\u00e9se \u00f3ta - id\u00e9zi a szak\u00e9rt\u0151 jegyzet\u00e9t a Vil\u00e1ggazdas\u00e1g. Nagyon feszes a munkaer\u0151piac a r\u00e9gi\u00f3ban, ami b\u00e9rn\u00f6veked\u00e9st hozott, mik\u00f6zben a h\u00e1ztart\u00e1sok","og:url":"https:\/\/allasorias.hu\/hirek\/nohet-a-fogyasztas-hazankban-es-a-szomszedos-orszagokban\/","og:image":"https:\/\/allasorias.hu\/hirek\/wp-content\/uploads\/2021\/09\/close-up-executive-holding-economic-report.jpg","og:image:secure_url":"https:\/\/allasorias.hu\/hirek\/wp-content\/uploads\/2021\/09\/close-up-executive-holding-economic-report.jpg","og:image:width":1920,"og:image:height":1280,"article:published_time":"2021-09-10T06:31:58+00:00","article:modified_time":"2021-09-13T06:32:20+00:00","article:publisher":"https:\/\/www.facebook.com\/allasorias","twitter:card":"summary_large_image","twitter:title":"N\u0151het a fogyaszt\u00e1s haz\u00e1nkban \u00e9s a szomsz\u00e9dos orsz\u00e1gokban | AllasOrias.hu | H\u00edrek-lapszemle","twitter:description":"A 2008-as v\u00e1ls\u00e1g el\u0151tti \u00e9veket id\u00e9z\u0151en lokomot\u00edv m\u00f3dba kapcsolhat a lakoss\u00e1gi fogyaszt\u00e1s n\u00f6veked\u00e9se K\u00f6z\u00e9p-Eur\u00f3p\u00e1ban, mert a v\u00e1ls\u00e1got k\u00f6vet\u0151en gyorsan b\u0151v\u00fclnek a j\u00f6vedelmek a r\u00e9gi\u00f3ban, \u00e9s a lakoss\u00e1g m\u00e1r hatalmas tartal\u00e9kokat halmozott fel a j\u00e1rv\u00e1ny kit\u00f6r\u00e9se \u00f3ta - id\u00e9zi a szak\u00e9rt\u0151 jegyzet\u00e9t a Vil\u00e1ggazdas\u00e1g. Nagyon feszes a munkaer\u0151piac a r\u00e9gi\u00f3ban, ami b\u00e9rn\u00f6veked\u00e9st hozott, mik\u00f6zben a h\u00e1ztart\u00e1sok","twitter:image":"https:\/\/allasorias.hu\/hirek\/wp-content\/uploads\/2021\/09\/close-up-executive-holding-economic-report.jpg","twitter:label1":"Written by","twitter:data1":"Juh\u00e1sz P\u00e9ter","twitter:label2":"Est. reading time","twitter:data2":"3 minutes"},"aioseo_meta_data":{"post_id":"5044","title":null,"description":null,"keywords":[],"keyphrases":{"focus":[],"additional":[]},"primary_term":null,"canonical_url":null,"og_title":null,"og_description":null,"og_object_type":"default","og_image_type":"default","og_image_url":null,"og_image_width":null,"og_image_height":null,"og_image_custom_url":null,"og_image_custom_fields":null,"og_video":"","og_custom_url":null,"og_article_section":null,"og_article_tags":[],"twitter_use_og":false,"twitter_card":"default","twitter_image_type":"default","twitter_image_url":null,"twitter_image_custom_url":null,"twitter_image_custom_fields":null,"twitter_title":null,"twitter_description":null,"schema":{"blockGraphs":[],"customGraphs":[],"default":{"data":{"Article":[],"Course":[],"Dataset":[],"FAQPage":[],"Movie":[],"Person":[],"Product":[],"ProductReview":[],"Car":[],"Recipe":[],"Service":[],"SoftwareApplication":[],"WebPage":[]},"graphName":"","isEnabled":true},"graphs":[],"defaultGraph":"Article","defaultPostTypeGraph":""},"schema_type":"default","schema_type_options":"{\"article\":{\"articleType\":\"BlogPosting\"},\"course\":{\"name\":\"\",\"description\":\"\",\"provider\":\"\"},\"faq\":{\"pages\":[]},\"product\":{\"reviews\":[]},\"recipe\":{\"ingredients\":[],\"instructions\":[],\"keywords\":[]},\"software\":{\"reviews\":[],\"operatingSystems\":[]},\"webPage\":{\"webPageType\":\"WebPage\"}}","pillar_content":false,"robots_default":true,"robots_noindex":false,"robots_noarchive":false,"robots_nosnippet":false,"robots_nofollow":false,"robots_noimageindex":false,"robots_noodp":false,"robots_notranslate":false,"robots_max_snippet":"-1","robots_max_videopreview":"-1","robots_max_imagepreview":"large","priority":null,"frequency":"default","location":null,"local_seo":{"locations":{"business":{"name":"","businessType":"","image":"","areaServed":"","urls":{"website":"","aboutPage":"","contactPage":""},"address":{"streetLine1":"","streetLine2":"","zipCode":"","city":"","state":"","country":"","addressFormat":"#streetLineOne\n#streetLineTwo\n#city, #state #zipCode"},"contact":{"email":"","phone":"","phoneFormatted":"","fax":"","faxFormatted":""},"ids":{"vat":"","tax":"","chamberOfCommerce":""},"payment":{"priceRange":"","currenciesAccepted":"","methods":""}}},"openingHours":{"useDefaults":true,"show":true,"alwaysOpen":false,"use24hFormat":false,"timezone":"","labels":{"closed":"","alwaysOpen":""},"days":{"monday":{"open24h":false,"closed":false,"openTime":"09:00","closeTime":"17:00"},"tuesday":{"open24h":false,"closed":false,"openTime":"09:00","closeTime":"17:00"},"wednesday":{"open24h":false,"closed":false,"openTime":"09:00","closeTime":"17:00"},"thursday":{"open24h":false,"closed":false,"openTime":"09:00","closeTime":"17:00"},"friday":{"open24h":false,"closed":false,"openTime":"09:00","closeTime":"17:00"},"saturday":{"open24h":false,"closed":false,"openTime":"09:00","closeTime":"17:00"},"sunday":{"open24h":false,"closed":false,"openTime":"09:00","closeTime":"17:00"}}}},"breadcrumb_settings":null,"limit_modified_date":false,"ai":null,"created":"2021-09-13 06:29:30","updated":"2025-10-02 16:09:20","seo_analyzer_scan_date":null,"focus_keyword":null,"additional_keywords":null,"truseo_locale":null},"aioseo_breadcrumb":"<div class=\"aioseo-breadcrumbs\"><span class=\"aioseo-breadcrumb\">\n\t\t\t<a href=\"https:\/\/allasorias.hu\/hirek\" title=\"Home\">Home<\/a>\n\t\t<\/span><span class=\"aioseo-breadcrumb-separator\">&raquo;<\/span><span class=\"aioseo-breadcrumb\">\n\t\t\t<a href=\"https:\/\/allasorias.hu\/hirek\/temak\/gazdasag\/\" title=\"Gazdas\u00e1g\">Gazdas\u00e1g<\/a>\n\t\t<\/span><span class=\"aioseo-breadcrumb-separator\">&raquo;<\/span><span class=\"aioseo-breadcrumb\">\n\t\t\tN\u0151het a fogyaszt\u00e1s haz\u00e1nkban \u00e9s a szomsz\u00e9dos orsz\u00e1gokban\n\t\t<\/span><\/div>","aioseo_breadcrumb_json":[{"label":"Home","link":"https:\/\/allasorias.hu\/hirek"},{"label":"Gazdas\u00e1g","link":"https:\/\/allasorias.hu\/hirek\/temak\/gazdasag\/"},{"label":"N\u0151het a fogyaszt\u00e1s haz\u00e1nkban \u00e9s a szomsz\u00e9dos orsz\u00e1gokban","link":"https:\/\/allasorias.hu\/hirek\/nohet-a-fogyasztas-hazankban-es-a-szomszedos-orszagokban\/"}],"_links":{"self":[{"href":"https:\/\/allasorias.hu\/hirek\/wp-json\/wp\/v2\/posts\/5044","targetHints":{"allow":["GET"]}}],"collection":[{"href":"https:\/\/allasorias.hu\/hirek\/wp-json\/wp\/v2\/posts"}],"about":[{"href":"https:\/\/allasorias.hu\/hirek\/wp-json\/wp\/v2\/types\/post"}],"author":[{"embeddable":true,"href":"https:\/\/allasorias.hu\/hirek\/wp-json\/wp\/v2\/users\/1"}],"replies":[{"embeddable":true,"href":"https:\/\/allasorias.hu\/hirek\/wp-json\/wp\/v2\/comments?post=5044"}],"version-history":[{"count":1,"href":"https:\/\/allasorias.hu\/hirek\/wp-json\/wp\/v2\/posts\/5044\/revisions"}],"predecessor-version":[{"id":5046,"href":"https:\/\/allasorias.hu\/hirek\/wp-json\/wp\/v2\/posts\/5044\/revisions\/5046"}],"wp:featuredmedia":[{"embeddable":true,"href":"https:\/\/allasorias.hu\/hirek\/wp-json\/wp\/v2\/media\/5045"}],"wp:attachment":[{"href":"https:\/\/allasorias.hu\/hirek\/wp-json\/wp\/v2\/media?parent=5044"}],"wp:term":[{"taxonomy":"category","embeddable":true,"href":"https:\/\/allasorias.hu\/hirek\/wp-json\/wp\/v2\/categories?post=5044"},{"taxonomy":"post_tag","embeddable":true,"href":"https:\/\/allasorias.hu\/hirek\/wp-json\/wp\/v2\/tags?post=5044"}],"curies":[{"name":"wp","href":"https:\/\/api.w.org\/{rel}","templated":true}]}}