{"id":5031,"date":"2021-09-07T07:27:59","date_gmt":"2021-09-07T07:27:59","guid":{"rendered":"https:\/\/allasorias.hu\/hirek\/?p=5031"},"modified":"2021-09-07T07:27:59","modified_gmt":"2021-09-07T07:27:59","slug":"tartalekot-kepezhetnek-a-diakok","status":"publish","type":"post","link":"https:\/\/allasorias.hu\/hirek\/tartalekot-kepezhetnek-a-diakok\/","title":{"rendered":"Tartal\u00e9kot k\u00e9pezhetnek a di\u00e1kok"},"content":{"rendered":"<p><strong>Nagyon alacsony a magyar tanul\u00f3k foglalkoztatotts\u00e1ga uni\u00f3s szinten \u2013 ez der\u00fcl ki az Eurostat legfrissebb felm\u00e9r\u00e9s\u00e9b\u0151l. Az uni\u00f3s statisztikai hivatal szerint 2020-ban az Eur\u00f3pai Uni\u00f3ban a 15 \u00e9s 24 \u00e9v k\u00f6z\u00f6tti korcsoport tanul\u00f3inak 18,4 sz\u00e1zal\u00e9ka dolgozott \u00e9s tanult egyidej\u0171leg, m\u00edg Magyarorsz\u00e1g 3,3 sz\u00e1zal\u00e9kos ar\u00e1nya a negyedik legalacsonyabb \u00e9rt\u00e9k volt a tag\u00e1llamok k\u00f6z\u00f6tt. <\/strong><\/p>\n<p>A legt\u00f6bb di\u00e1k Hollandi\u00e1ban dolgozott (57,8 sz\u00e1zal\u00e9k), D\u00e1ni\u00e1ban minden m\u00e1sodik, N\u00e9metorsz\u00e1gban \u00e9s Ausztri\u00e1ban minden harmadik tanul\u00f3 v\u00e1llalt munk\u00e1t iskola mellett. Magyarorsz\u00e1gon a K\u00f6zponti Statisztikai Hivatal legut\u00f3bbi adatai szerint m\u00e1jus\u2013j\u00falius h\u00f3napban 267 ezren dolgoztak ebb\u0151l a koroszt\u00e1lyb\u00f3l, d\u00f6nt\u0151en olyanok, akik m\u00e1r kiker\u00fcltek az iskolapadb\u00f3l. A 600 ezer k\u00f6z\u00e9piskol\u00e1ban vagy fels\u0151oktat\u00e1sban tanul\u00f3b\u00f3l csak p\u00e1r t\u00edzezer v\u00e9gez valamilyen munk\u00e1t tanulm\u00e1nyai mellett. Tov\u00e1bbra is nagy a munkaer\u0151piaci tartal\u00e9k a 15 \u00e9s 24 \u00e9v k\u00f6z\u00f6tti korcsoport tanul\u00f3i k\u00f6z\u00f6tt, \u0151k iskola mellett r\u00e9szmunkaid\u0151ben, a du\u00e1lis k\u00e9pz\u00e9s keretein bel\u00fcl, illetve egy\u00e9b atipikus foglalkoztat\u00e1si form\u00e1ban is dolgozhatnak \u2013 mondta a VG-nek Szalai Piroska, a Kopp M\u00e1ria Int\u00e9zet a N\u00e9pesed\u00e9s\u00e9rt \u00e9s a Csal\u00e1dok\u00e9rt (KINCS) Smart Family Centrum vezet\u0151je. A munkaer\u0151piaci szak\u00e9rt\u0151 hangs\u00falyozta, hogy a hum\u00e1n er\u0151forr\u00e1s ter\u00fclet\u00e9n innov\u00e1ci\u00f3ra lenne sz\u00fcks\u00e9g ahhoz, hogy p\u00e9ld\u00e1ul a fels\u0151oktat\u00e1sban tanul\u00f3 di\u00e1kokat foglalkoztatni tudj\u00e1k. Egy di\u00e1k az egyetem mellett nem tud n\u00e9gy\u00f3r\u00e1s m\u0171szakot v\u00e1llalni, mivel az \u00f3rarendje nem engedi meg. Emiatt m\u00e1s t\u00edpus\u00fa munkaszerz\u0151d\u00e9sekre is sz\u00fcks\u00e9g van, amivel az a probl\u00e9ma, hogy a kkv-k eset\u00e9ben sokszor nem biztos, hogy megfelel\u0151 m\u00f3don tudj\u00e1k kezelni ezeket a jogi form\u00e1kat. Meggy\u0151z\u0151d\u00e9sem, hogy akkor lehet a di\u00e1kokat nagyobb l\u00e9tsz\u00e1mban \u00e9s nagyobb ar\u00e1nyban bevonni a munkaer\u0151piacra, ha p\u00e9ld\u00e1ul olyan szerz\u0151d\u00e9ses mint\u00e1kat vagy j\u00f3 gyakorlatokat ismertet\u00fcnk meg a kkv-kkal, amelyeket k\u00f6nnyebben tudnak haszn\u00e1lni \u2013 h\u00edvta fel a figyelmet a munkaer\u0151piaci szak\u00e9rt\u0151, hozz\u00e1t\u00e9ve, hogy p\u00e9ld\u00e1ul be lehetne mutatni, szabads\u00e1gok eset\u00e9ben mik\u00e9pp lehet elj\u00e1rni. Szalai Piroska eml\u00e9keztetett arra is, hogy a 2013-ban elind\u00edtott munkahelyv\u00e9delmi akci\u00f3tervben a 25 \u00e9v alatti munkav\u00e1llal\u00f3k ut\u00e1n a szoci\u00e1lis hozz\u00e1j\u00e1rul\u00e1si ad\u00f3nak (szocho) csak a fel\u00e9t kellett megfizetni\u00fck a munk\u00e1ltat\u00f3knak \u2013 r\u00e1ad\u00e1sul akkor m\u00e9g 27 sz\u00e1zal\u00e9k volt a szocho m\u00e9rt\u00e9ke \u2013, ez pedig er\u0151sen megl\u00f3d\u00edtotta a fiatalok munkav\u00e1llal\u00e1s\u00e1t. El\u0151tte ugyanis 18 sz\u00e1zal\u00e9k volt a foglalkoztat\u00e1si r\u00e1ta, ami eg\u00e9szen 28 sz\u00e1zal\u00e9kig emelkedett. B\u00e1r igaz, hogy ha az ut\u00f3bbi adatot n\u00e9zz\u00fck, a 28-b\u00f3l 24 sz\u00e1zal\u00e9k csak dolgozott, \u00e9s m\u00e1r nem tanult. A szak\u00e9rt\u0151 kit\u00e9rt arra is, hogy a j\u00e1rv\u00e1ny hat\u00e1s\u00e1ra cs\u00f6kkent a fiatalok foglalkoztatotts\u00e1gi r\u00e1t\u00e1ja, amit azzal magyar\u00e1zott, hogy a karant\u00e9nid\u0151szak alatt a du\u00e1lis k\u00e9pz\u00e9sben r\u00e9szt vev\u0151 di\u00e1kok kiestek a munkav\u00e9gz\u00e9sb\u0151l. \u00d6szt\u00f6nz\u0151leg hathat a fiatalok foglalkoztatotts\u00e1g\u00e1ra a j\u00f6v\u0151 \u00e9vt\u0151l \u00e9rv\u00e9nyes ad\u00f3kedvezm\u00e9ny \u2013 mondta Szalai Piroska a 25 \u00e9v alattiak janu\u00e1r elsej\u00e9t\u0151l esed\u00e9kes szem\u00e9lyij\u00f6vedelemad\u00f3-kedvezm\u00e9ny\u00e9vel kapcsolatban. A korm\u00e1ny tervei szerint 270-280 ezer di\u00e1kot \u00e9rinthet k\u00f6zvetlen\u00fcl az ad\u00f3mentess\u00e9g, ami a nett\u00f3 b\u00e9rben 30-40 ezer forint pluszt hozhat havi szinten. A szak\u00e9rt\u0151 szerint ez az\u00e9rt is fontos, mert a di\u00e1kok, p\u00e1lyakezd\u0151k munkav\u00e1llal\u00e1s\u00e1n\u00e1l az egyik legfontosabb motiv\u00e1ci\u00f3 a magasabb b\u00e9r.<\/p>\n<p>Forr\u00e1s: vg.hu<\/p>\n","protected":false},"excerpt":{"rendered":"<p>Nagyon alacsony a magyar tanul\u00f3k foglalkoztatotts\u00e1ga uni\u00f3s szinten \u2013 ez der\u00fcl ki az Eurostat legfrissebb felm\u00e9r\u00e9s\u00e9b\u0151l. Az uni\u00f3s statisztikai hivatal szerint 2020-ban az Eur\u00f3pai Uni\u00f3ban a 15 \u00e9s 24 \u00e9v k\u00f6z\u00f6tti korcsoport tanul\u00f3inak 18,4 sz\u00e1zal\u00e9ka dolgozott \u00e9s tanult egyidej\u0171leg, m\u00edg Magyarorsz\u00e1g 3,3 sz\u00e1zal\u00e9kos ar\u00e1nya a negyedik legalacsonyabb \u00e9rt\u00e9k volt a tag\u00e1llamok k\u00f6z\u00f6tt. A legt\u00f6bb di\u00e1k [&hellip;]<\/p>\n","protected":false},"author":1,"featured_media":5032,"comment_status":"open","ping_status":"open","sticky":false,"template":"","format":"standard","meta":{"_monsterinsights_skip_tracking":false,"footnotes":""},"categories":[200],"tags":[],"class_list":["post-5031","post","type-post","status-publish","format-standard","has-post-thumbnail","hentry","category-munkaeropiac"],"aioseo_notices":[],"aioseo_head":"\n\t\t<!-- All in One SEO 5.0.0.1 - aioseo.com -->\n\t<meta name=\"description\" content=\"Nagyon alacsony a magyar tanul\u00f3k foglalkoztatotts\u00e1ga uni\u00f3s szinten \u2013 ez der\u00fcl ki az Eurostat legfrissebb felm\u00e9r\u00e9s\u00e9b\u0151l. Az uni\u00f3s statisztikai hivatal szerint 2020-ban az Eur\u00f3pai Uni\u00f3ban a 15 \u00e9s 24 \u00e9v k\u00f6z\u00f6tti korcsoport tanul\u00f3inak 18,4 sz\u00e1zal\u00e9ka dolgozott \u00e9s tanult egyidej\u0171leg, m\u00edg Magyarorsz\u00e1g 3,3 sz\u00e1zal\u00e9kos ar\u00e1nya a negyedik legalacsonyabb \u00e9rt\u00e9k volt a tag\u00e1llamok k\u00f6z\u00f6tt. A legt\u00f6bb di\u00e1k\" \/>\n\t<meta name=\"robots\" content=\"max-image-preview:large\" \/>\n\t<meta name=\"author\" content=\"Juh\u00e1sz P\u00e9ter\"\/>\n\t<link rel=\"canonical\" href=\"https:\/\/allasorias.hu\/hirek\/tartalekot-kepezhetnek-a-diakok\/\" \/>\n\t<meta name=\"generator\" content=\"All in One SEO (AIOSEO) 5.0.0.1\" \/>\n\t\t<meta property=\"og:locale\" content=\"hu_HU\" \/>\n\t\t<meta property=\"og:site_name\" content=\"AllasOrias.hu | H\u00edrek-lapszemle | \u00dczleti h\u00edrek az \u00e1ll\u00e1s \u00e9s a munka vil\u00e1g\u00e1b\u00f3l\" \/>\n\t\t<meta property=\"og:type\" content=\"article\" \/>\n\t\t<meta property=\"og:title\" content=\"Tartal\u00e9kot k\u00e9pezhetnek a di\u00e1kok | AllasOrias.hu | H\u00edrek-lapszemle\" \/>\n\t\t<meta property=\"og:description\" content=\"Nagyon alacsony a magyar tanul\u00f3k foglalkoztatotts\u00e1ga uni\u00f3s szinten \u2013 ez der\u00fcl ki az Eurostat legfrissebb felm\u00e9r\u00e9s\u00e9b\u0151l. Az uni\u00f3s statisztikai hivatal szerint 2020-ban az Eur\u00f3pai Uni\u00f3ban a 15 \u00e9s 24 \u00e9v k\u00f6z\u00f6tti korcsoport tanul\u00f3inak 18,4 sz\u00e1zal\u00e9ka dolgozott \u00e9s tanult egyidej\u0171leg, m\u00edg Magyarorsz\u00e1g 3,3 sz\u00e1zal\u00e9kos ar\u00e1nya a negyedik legalacsonyabb \u00e9rt\u00e9k volt a tag\u00e1llamok k\u00f6z\u00f6tt. A legt\u00f6bb di\u00e1k\" \/>\n\t\t<meta property=\"og:url\" content=\"https:\/\/allasorias.hu\/hirek\/tartalekot-kepezhetnek-a-diakok\/\" \/>\n\t\t<meta property=\"og:image\" content=\"https:\/\/allasorias.hu\/hirek\/wp-content\/uploads\/2021\/09\/tn4-diakmunka8.jpg\" \/>\n\t\t<meta property=\"og:image:secure_url\" content=\"https:\/\/allasorias.hu\/hirek\/wp-content\/uploads\/2021\/09\/tn4-diakmunka8.jpg\" \/>\n\t\t<meta property=\"og:image:width\" content=\"750\" \/>\n\t\t<meta property=\"og:image:height\" content=\"501\" \/>\n\t\t<meta property=\"article:published_time\" content=\"2021-09-07T07:27:59+00:00\" \/>\n\t\t<meta property=\"article:modified_time\" content=\"2021-09-07T07:27:59+00:00\" \/>\n\t\t<meta property=\"article:publisher\" content=\"https:\/\/www.facebook.com\/allasorias\" \/>\n\t\t<meta name=\"twitter:card\" content=\"summary_large_image\" \/>\n\t\t<meta name=\"twitter:title\" content=\"Tartal\u00e9kot k\u00e9pezhetnek a di\u00e1kok | AllasOrias.hu | H\u00edrek-lapszemle\" \/>\n\t\t<meta name=\"twitter:description\" content=\"Nagyon alacsony a magyar tanul\u00f3k foglalkoztatotts\u00e1ga uni\u00f3s szinten \u2013 ez der\u00fcl ki az Eurostat legfrissebb felm\u00e9r\u00e9s\u00e9b\u0151l. Az uni\u00f3s statisztikai hivatal szerint 2020-ban az Eur\u00f3pai Uni\u00f3ban a 15 \u00e9s 24 \u00e9v k\u00f6z\u00f6tti korcsoport tanul\u00f3inak 18,4 sz\u00e1zal\u00e9ka dolgozott \u00e9s tanult egyidej\u0171leg, m\u00edg Magyarorsz\u00e1g 3,3 sz\u00e1zal\u00e9kos ar\u00e1nya a negyedik legalacsonyabb \u00e9rt\u00e9k volt a tag\u00e1llamok k\u00f6z\u00f6tt. A legt\u00f6bb di\u00e1k\" \/>\n\t\t<meta name=\"twitter:image\" content=\"https:\/\/allasorias.hu\/hirek\/wp-content\/uploads\/2021\/09\/tn4-diakmunka8.jpg\" \/>\n\t\t<meta name=\"twitter:label1\" content=\"Written by\" \/>\n\t\t<meta name=\"twitter:data1\" content=\"Juh\u00e1sz P\u00e9ter\" \/>\n\t\t<meta name=\"twitter:label2\" content=\"Est. reading time\" \/>\n\t\t<meta name=\"twitter:data2\" content=\"3 minutes\" \/>\n\t\t<script type=\"application\/ld+json\" class=\"aioseo-schema\">\n\t\t\t{\"@context\":\"https:\\\/\\\/schema.org\",\"@graph\":[{\"@type\":\"Article\",\"@id\":\"https:\\\/\\\/allasorias.hu\\\/hirek\\\/tartalekot-kepezhetnek-a-diakok\\\/#article\",\"name\":\"Tartal\\u00e9kot k\\u00e9pezhetnek a di\\u00e1kok | AllasOrias.hu | H\\u00edrek-lapszemle\",\"headline\":\"Tartal\\u00e9kot k\\u00e9pezhetnek a di\\u00e1kok\",\"author\":{\"@id\":\"https:\\\/\\\/allasorias.hu\\\/hirek\\\/author\\\/admin-allasorias\\\/#author\"},\"publisher\":{\"@id\":\"https:\\\/\\\/allasorias.hu\\\/hirek\\\/#organization\"},\"image\":{\"@type\":\"ImageObject\",\"url\":\"https:\\\/\\\/allasorias.hu\\\/hirek\\\/wp-content\\\/uploads\\\/2021\\\/09\\\/tn4-diakmunka8.jpg\",\"width\":750,\"height\":501},\"datePublished\":\"2021-09-07T07:27:59+02:00\",\"dateModified\":\"2021-09-07T07:27:59+02:00\",\"inLanguage\":\"hu-HU\",\"mainEntityOfPage\":{\"@id\":\"https:\\\/\\\/allasorias.hu\\\/hirek\\\/tartalekot-kepezhetnek-a-diakok\\\/#webpage\"},\"isPartOf\":{\"@id\":\"https:\\\/\\\/allasorias.hu\\\/hirek\\\/tartalekot-kepezhetnek-a-diakok\\\/#webpage\"},\"articleSection\":\"Munkaer\\u0151piac\"},{\"@type\":\"BreadcrumbList\",\"@id\":\"https:\\\/\\\/allasorias.hu\\\/hirek\\\/tartalekot-kepezhetnek-a-diakok\\\/#breadcrumblist\",\"itemListElement\":[{\"@type\":\"ListItem\",\"@id\":\"https:\\\/\\\/allasorias.hu\\\/hirek#listItem\",\"position\":1,\"name\":\"Home\",\"item\":\"https:\\\/\\\/allasorias.hu\\\/hirek\",\"nextItem\":{\"@type\":\"ListItem\",\"@id\":\"https:\\\/\\\/allasorias.hu\\\/hirek\\\/temak\\\/munkaeropiac\\\/#listItem\",\"name\":\"Munkaer\\u0151piac\"}},{\"@type\":\"ListItem\",\"@id\":\"https:\\\/\\\/allasorias.hu\\\/hirek\\\/temak\\\/munkaeropiac\\\/#listItem\",\"position\":2,\"name\":\"Munkaer\\u0151piac\",\"item\":\"https:\\\/\\\/allasorias.hu\\\/hirek\\\/temak\\\/munkaeropiac\\\/\",\"nextItem\":{\"@type\":\"ListItem\",\"@id\":\"https:\\\/\\\/allasorias.hu\\\/hirek\\\/tartalekot-kepezhetnek-a-diakok\\\/#listItem\",\"name\":\"Tartal\\u00e9kot k\\u00e9pezhetnek a di\\u00e1kok\"},\"previousItem\":{\"@type\":\"ListItem\",\"@id\":\"https:\\\/\\\/allasorias.hu\\\/hirek#listItem\",\"name\":\"Home\"}},{\"@type\":\"ListItem\",\"@id\":\"https:\\\/\\\/allasorias.hu\\\/hirek\\\/tartalekot-kepezhetnek-a-diakok\\\/#listItem\",\"position\":3,\"name\":\"Tartal\\u00e9kot k\\u00e9pezhetnek a di\\u00e1kok\",\"previousItem\":{\"@type\":\"ListItem\",\"@id\":\"https:\\\/\\\/allasorias.hu\\\/hirek\\\/temak\\\/munkaeropiac\\\/#listItem\",\"name\":\"Munkaer\\u0151piac\"}}]},{\"@type\":\"Organization\",\"@id\":\"https:\\\/\\\/allasorias.hu\\\/hirek\\\/#organization\",\"name\":\"AllasOrias.hu | H\\u00edrek-lapszemle\",\"description\":\"\\u00dczleti h\\u00edrek az \\u00e1ll\\u00e1s \\u00e9s a munka vil\\u00e1g\\u00e1b\\u00f3l\",\"url\":\"https:\\\/\\\/allasorias.hu\\\/hirek\\\/\",\"logo\":{\"@type\":\"ImageObject\",\"url\":\"https:\\\/\\\/allasorias.hu\\\/hirek\\\/wp-content\\\/uploads\\\/2022\\\/10\\\/allasorias_site_facebok_logo.png\",\"@id\":\"https:\\\/\\\/allasorias.hu\\\/hirek\\\/tartalekot-kepezhetnek-a-diakok\\\/#organizationLogo\"},\"image\":{\"@id\":\"https:\\\/\\\/allasorias.hu\\\/hirek\\\/tartalekot-kepezhetnek-a-diakok\\\/#organizationLogo\"},\"sameAs\":[\"https:\\\/\\\/www.facebook.com\\\/allasorias\",\"https:\\\/\\\/www.linkedin.com\\\/company\\\/allasorias\"]},{\"@type\":\"Person\",\"@id\":\"https:\\\/\\\/allasorias.hu\\\/hirek\\\/author\\\/admin-allasorias\\\/#author\",\"url\":\"https:\\\/\\\/allasorias.hu\\\/hirek\\\/author\\\/admin-allasorias\\\/\",\"name\":\"Juh\\u00e1sz P\\u00e9ter\",\"image\":{\"@type\":\"ImageObject\",\"@id\":\"https:\\\/\\\/allasorias.hu\\\/hirek\\\/tartalekot-kepezhetnek-a-diakok\\\/#authorImage\",\"url\":\"https:\\\/\\\/secure.gravatar.com\\\/avatar\\\/36e6bcb83148978b992977cb0f54d22feb0cce8a0a849a9410532bb2623ba4c6?s=96&d=mm&r=g\",\"width\":96,\"height\":96,\"caption\":\"Juh\\u00e1sz P\\u00e9ter\"}},{\"@type\":\"WebPage\",\"@id\":\"https:\\\/\\\/allasorias.hu\\\/hirek\\\/tartalekot-kepezhetnek-a-diakok\\\/#webpage\",\"url\":\"https:\\\/\\\/allasorias.hu\\\/hirek\\\/tartalekot-kepezhetnek-a-diakok\\\/\",\"name\":\"Tartal\\u00e9kot k\\u00e9pezhetnek a di\\u00e1kok | AllasOrias.hu | H\\u00edrek-lapszemle\",\"description\":\"Nagyon alacsony a magyar tanul\\u00f3k foglalkoztatotts\\u00e1ga uni\\u00f3s szinten \\u2013 ez der\\u00fcl ki az Eurostat legfrissebb felm\\u00e9r\\u00e9s\\u00e9b\\u0151l. Az uni\\u00f3s statisztikai hivatal szerint 2020-ban az Eur\\u00f3pai Uni\\u00f3ban a 15 \\u00e9s 24 \\u00e9v k\\u00f6z\\u00f6tti korcsoport tanul\\u00f3inak 18,4 sz\\u00e1zal\\u00e9ka dolgozott \\u00e9s tanult egyidej\\u0171leg, m\\u00edg Magyarorsz\\u00e1g 3,3 sz\\u00e1zal\\u00e9kos ar\\u00e1nya a negyedik legalacsonyabb \\u00e9rt\\u00e9k volt a tag\\u00e1llamok k\\u00f6z\\u00f6tt. A legt\\u00f6bb di\\u00e1k\",\"inLanguage\":\"hu-HU\",\"isPartOf\":{\"@id\":\"https:\\\/\\\/allasorias.hu\\\/hirek\\\/#website\"},\"breadcrumb\":{\"@id\":\"https:\\\/\\\/allasorias.hu\\\/hirek\\\/tartalekot-kepezhetnek-a-diakok\\\/#breadcrumblist\"},\"author\":{\"@id\":\"https:\\\/\\\/allasorias.hu\\\/hirek\\\/author\\\/admin-allasorias\\\/#author\"},\"creator\":{\"@id\":\"https:\\\/\\\/allasorias.hu\\\/hirek\\\/author\\\/admin-allasorias\\\/#author\"},\"image\":{\"@type\":\"ImageObject\",\"url\":\"https:\\\/\\\/allasorias.hu\\\/hirek\\\/wp-content\\\/uploads\\\/2021\\\/09\\\/tn4-diakmunka8.jpg\",\"@id\":\"https:\\\/\\\/allasorias.hu\\\/hirek\\\/tartalekot-kepezhetnek-a-diakok\\\/#mainImage\",\"width\":750,\"height\":501},\"primaryImageOfPage\":{\"@id\":\"https:\\\/\\\/allasorias.hu\\\/hirek\\\/tartalekot-kepezhetnek-a-diakok\\\/#mainImage\"},\"datePublished\":\"2021-09-07T07:27:59+02:00\",\"dateModified\":\"2021-09-07T07:27:59+02:00\"},{\"@type\":\"WebSite\",\"@id\":\"https:\\\/\\\/allasorias.hu\\\/hirek\\\/#website\",\"url\":\"https:\\\/\\\/allasorias.hu\\\/hirek\\\/\",\"name\":\"AllasOrias.hu | H\\u00edrek-lapszemle\",\"description\":\"\\u00dczleti h\\u00edrek az \\u00e1ll\\u00e1s \\u00e9s a munka vil\\u00e1g\\u00e1b\\u00f3l\",\"inLanguage\":\"hu-HU\",\"publisher\":{\"@id\":\"https:\\\/\\\/allasorias.hu\\\/hirek\\\/#organization\"}}]}\n\t\t<\/script>\n\t\t<!-- All in One SEO -->\n\n","aioseo_head_json":{"title":"Tartal\u00e9kot k\u00e9pezhetnek a di\u00e1kok | AllasOrias.hu | H\u00edrek-lapszemle","description":"Nagyon alacsony a magyar tanul\u00f3k foglalkoztatotts\u00e1ga uni\u00f3s szinten \u2013 ez der\u00fcl ki az Eurostat legfrissebb felm\u00e9r\u00e9s\u00e9b\u0151l. Az uni\u00f3s statisztikai hivatal szerint 2020-ban az Eur\u00f3pai Uni\u00f3ban a 15 \u00e9s 24 \u00e9v k\u00f6z\u00f6tti korcsoport tanul\u00f3inak 18,4 sz\u00e1zal\u00e9ka dolgozott \u00e9s tanult egyidej\u0171leg, m\u00edg Magyarorsz\u00e1g 3,3 sz\u00e1zal\u00e9kos ar\u00e1nya a negyedik legalacsonyabb \u00e9rt\u00e9k volt a tag\u00e1llamok k\u00f6z\u00f6tt. A legt\u00f6bb di\u00e1k","canonical_url":"https:\/\/allasorias.hu\/hirek\/tartalekot-kepezhetnek-a-diakok\/","robots":"max-image-preview:large","keywords":"","webmasterTools":{"miscellaneous":""},"schema":{"@context":"https:\/\/schema.org","@graph":[{"@type":"Article","@id":"https:\/\/allasorias.hu\/hirek\/tartalekot-kepezhetnek-a-diakok\/#article","name":"Tartal\u00e9kot k\u00e9pezhetnek a di\u00e1kok | AllasOrias.hu | H\u00edrek-lapszemle","headline":"Tartal\u00e9kot k\u00e9pezhetnek a di\u00e1kok","author":{"@id":"https:\/\/allasorias.hu\/hirek\/author\/admin-allasorias\/#author"},"publisher":{"@id":"https:\/\/allasorias.hu\/hirek\/#organization"},"image":{"@type":"ImageObject","url":"https:\/\/allasorias.hu\/hirek\/wp-content\/uploads\/2021\/09\/tn4-diakmunka8.jpg","width":750,"height":501},"datePublished":"2021-09-07T07:27:59+02:00","dateModified":"2021-09-07T07:27:59+02:00","inLanguage":"hu-HU","mainEntityOfPage":{"@id":"https:\/\/allasorias.hu\/hirek\/tartalekot-kepezhetnek-a-diakok\/#webpage"},"isPartOf":{"@id":"https:\/\/allasorias.hu\/hirek\/tartalekot-kepezhetnek-a-diakok\/#webpage"},"articleSection":"Munkaer\u0151piac"},{"@type":"BreadcrumbList","@id":"https:\/\/allasorias.hu\/hirek\/tartalekot-kepezhetnek-a-diakok\/#breadcrumblist","itemListElement":[{"@type":"ListItem","@id":"https:\/\/allasorias.hu\/hirek#listItem","position":1,"name":"Home","item":"https:\/\/allasorias.hu\/hirek","nextItem":{"@type":"ListItem","@id":"https:\/\/allasorias.hu\/hirek\/temak\/munkaeropiac\/#listItem","name":"Munkaer\u0151piac"}},{"@type":"ListItem","@id":"https:\/\/allasorias.hu\/hirek\/temak\/munkaeropiac\/#listItem","position":2,"name":"Munkaer\u0151piac","item":"https:\/\/allasorias.hu\/hirek\/temak\/munkaeropiac\/","nextItem":{"@type":"ListItem","@id":"https:\/\/allasorias.hu\/hirek\/tartalekot-kepezhetnek-a-diakok\/#listItem","name":"Tartal\u00e9kot k\u00e9pezhetnek a di\u00e1kok"},"previousItem":{"@type":"ListItem","@id":"https:\/\/allasorias.hu\/hirek#listItem","name":"Home"}},{"@type":"ListItem","@id":"https:\/\/allasorias.hu\/hirek\/tartalekot-kepezhetnek-a-diakok\/#listItem","position":3,"name":"Tartal\u00e9kot k\u00e9pezhetnek a di\u00e1kok","previousItem":{"@type":"ListItem","@id":"https:\/\/allasorias.hu\/hirek\/temak\/munkaeropiac\/#listItem","name":"Munkaer\u0151piac"}}]},{"@type":"Organization","@id":"https:\/\/allasorias.hu\/hirek\/#organization","name":"AllasOrias.hu | H\u00edrek-lapszemle","description":"\u00dczleti h\u00edrek az \u00e1ll\u00e1s \u00e9s a munka vil\u00e1g\u00e1b\u00f3l","url":"https:\/\/allasorias.hu\/hirek\/","logo":{"@type":"ImageObject","url":"https:\/\/allasorias.hu\/hirek\/wp-content\/uploads\/2022\/10\/allasorias_site_facebok_logo.png","@id":"https:\/\/allasorias.hu\/hirek\/tartalekot-kepezhetnek-a-diakok\/#organizationLogo"},"image":{"@id":"https:\/\/allasorias.hu\/hirek\/tartalekot-kepezhetnek-a-diakok\/#organizationLogo"},"sameAs":["https:\/\/www.facebook.com\/allasorias","https:\/\/www.linkedin.com\/company\/allasorias"]},{"@type":"Person","@id":"https:\/\/allasorias.hu\/hirek\/author\/admin-allasorias\/#author","url":"https:\/\/allasorias.hu\/hirek\/author\/admin-allasorias\/","name":"Juh\u00e1sz P\u00e9ter","image":{"@type":"ImageObject","@id":"https:\/\/allasorias.hu\/hirek\/tartalekot-kepezhetnek-a-diakok\/#authorImage","url":"https:\/\/secure.gravatar.com\/avatar\/36e6bcb83148978b992977cb0f54d22feb0cce8a0a849a9410532bb2623ba4c6?s=96&d=mm&r=g","width":96,"height":96,"caption":"Juh\u00e1sz P\u00e9ter"}},{"@type":"WebPage","@id":"https:\/\/allasorias.hu\/hirek\/tartalekot-kepezhetnek-a-diakok\/#webpage","url":"https:\/\/allasorias.hu\/hirek\/tartalekot-kepezhetnek-a-diakok\/","name":"Tartal\u00e9kot k\u00e9pezhetnek a di\u00e1kok | AllasOrias.hu | H\u00edrek-lapszemle","description":"Nagyon alacsony a magyar tanul\u00f3k foglalkoztatotts\u00e1ga uni\u00f3s szinten \u2013 ez der\u00fcl ki az Eurostat legfrissebb felm\u00e9r\u00e9s\u00e9b\u0151l. Az uni\u00f3s statisztikai hivatal szerint 2020-ban az Eur\u00f3pai Uni\u00f3ban a 15 \u00e9s 24 \u00e9v k\u00f6z\u00f6tti korcsoport tanul\u00f3inak 18,4 sz\u00e1zal\u00e9ka dolgozott \u00e9s tanult egyidej\u0171leg, m\u00edg Magyarorsz\u00e1g 3,3 sz\u00e1zal\u00e9kos ar\u00e1nya a negyedik legalacsonyabb \u00e9rt\u00e9k volt a tag\u00e1llamok k\u00f6z\u00f6tt. A legt\u00f6bb di\u00e1k","inLanguage":"hu-HU","isPartOf":{"@id":"https:\/\/allasorias.hu\/hirek\/#website"},"breadcrumb":{"@id":"https:\/\/allasorias.hu\/hirek\/tartalekot-kepezhetnek-a-diakok\/#breadcrumblist"},"author":{"@id":"https:\/\/allasorias.hu\/hirek\/author\/admin-allasorias\/#author"},"creator":{"@id":"https:\/\/allasorias.hu\/hirek\/author\/admin-allasorias\/#author"},"image":{"@type":"ImageObject","url":"https:\/\/allasorias.hu\/hirek\/wp-content\/uploads\/2021\/09\/tn4-diakmunka8.jpg","@id":"https:\/\/allasorias.hu\/hirek\/tartalekot-kepezhetnek-a-diakok\/#mainImage","width":750,"height":501},"primaryImageOfPage":{"@id":"https:\/\/allasorias.hu\/hirek\/tartalekot-kepezhetnek-a-diakok\/#mainImage"},"datePublished":"2021-09-07T07:27:59+02:00","dateModified":"2021-09-07T07:27:59+02:00"},{"@type":"WebSite","@id":"https:\/\/allasorias.hu\/hirek\/#website","url":"https:\/\/allasorias.hu\/hirek\/","name":"AllasOrias.hu | H\u00edrek-lapszemle","description":"\u00dczleti h\u00edrek az \u00e1ll\u00e1s \u00e9s a munka vil\u00e1g\u00e1b\u00f3l","inLanguage":"hu-HU","publisher":{"@id":"https:\/\/allasorias.hu\/hirek\/#organization"}}]},"og:locale":"hu_HU","og:site_name":"AllasOrias.hu | H\u00edrek-lapszemle | \u00dczleti h\u00edrek az \u00e1ll\u00e1s \u00e9s a munka vil\u00e1g\u00e1b\u00f3l","og:type":"article","og:title":"Tartal\u00e9kot k\u00e9pezhetnek a di\u00e1kok | AllasOrias.hu | H\u00edrek-lapszemle","og:description":"Nagyon alacsony a magyar tanul\u00f3k foglalkoztatotts\u00e1ga uni\u00f3s szinten \u2013 ez der\u00fcl ki az Eurostat legfrissebb felm\u00e9r\u00e9s\u00e9b\u0151l. Az uni\u00f3s statisztikai hivatal szerint 2020-ban az Eur\u00f3pai Uni\u00f3ban a 15 \u00e9s 24 \u00e9v k\u00f6z\u00f6tti korcsoport tanul\u00f3inak 18,4 sz\u00e1zal\u00e9ka dolgozott \u00e9s tanult egyidej\u0171leg, m\u00edg Magyarorsz\u00e1g 3,3 sz\u00e1zal\u00e9kos ar\u00e1nya a negyedik legalacsonyabb \u00e9rt\u00e9k volt a tag\u00e1llamok k\u00f6z\u00f6tt. A legt\u00f6bb di\u00e1k","og:url":"https:\/\/allasorias.hu\/hirek\/tartalekot-kepezhetnek-a-diakok\/","og:image":"https:\/\/allasorias.hu\/hirek\/wp-content\/uploads\/2021\/09\/tn4-diakmunka8.jpg","og:image:secure_url":"https:\/\/allasorias.hu\/hirek\/wp-content\/uploads\/2021\/09\/tn4-diakmunka8.jpg","og:image:width":750,"og:image:height":501,"article:published_time":"2021-09-07T07:27:59+00:00","article:modified_time":"2021-09-07T07:27:59+00:00","article:publisher":"https:\/\/www.facebook.com\/allasorias","twitter:card":"summary_large_image","twitter:title":"Tartal\u00e9kot k\u00e9pezhetnek a di\u00e1kok | AllasOrias.hu | H\u00edrek-lapszemle","twitter:description":"Nagyon alacsony a magyar tanul\u00f3k foglalkoztatotts\u00e1ga uni\u00f3s szinten \u2013 ez der\u00fcl ki az Eurostat legfrissebb felm\u00e9r\u00e9s\u00e9b\u0151l. Az uni\u00f3s statisztikai hivatal szerint 2020-ban az Eur\u00f3pai Uni\u00f3ban a 15 \u00e9s 24 \u00e9v k\u00f6z\u00f6tti korcsoport tanul\u00f3inak 18,4 sz\u00e1zal\u00e9ka dolgozott \u00e9s tanult egyidej\u0171leg, m\u00edg Magyarorsz\u00e1g 3,3 sz\u00e1zal\u00e9kos ar\u00e1nya a negyedik legalacsonyabb \u00e9rt\u00e9k volt a tag\u00e1llamok k\u00f6z\u00f6tt. A legt\u00f6bb di\u00e1k","twitter:image":"https:\/\/allasorias.hu\/hirek\/wp-content\/uploads\/2021\/09\/tn4-diakmunka8.jpg","twitter:label1":"Written by","twitter:data1":"Juh\u00e1sz P\u00e9ter","twitter:label2":"Est. reading time","twitter:data2":"3 minutes"},"aioseo_meta_data":{"post_id":"5031","title":null,"description":null,"keywords":[],"keyphrases":{"focus":[],"additional":[]},"primary_term":null,"canonical_url":null,"og_title":null,"og_description":null,"og_object_type":"default","og_image_type":"default","og_image_url":null,"og_image_width":null,"og_image_height":null,"og_image_custom_url":null,"og_image_custom_fields":null,"og_video":"","og_custom_url":null,"og_article_section":null,"og_article_tags":[],"twitter_use_og":false,"twitter_card":"default","twitter_image_type":"default","twitter_image_url":null,"twitter_image_custom_url":null,"twitter_image_custom_fields":null,"twitter_title":null,"twitter_description":null,"schema":{"blockGraphs":[],"customGraphs":[],"default":{"data":{"Article":[],"Course":[],"Dataset":[],"FAQPage":[],"Movie":[],"Person":[],"Product":[],"ProductReview":[],"Car":[],"Recipe":[],"Service":[],"SoftwareApplication":[],"WebPage":[]},"graphName":"","isEnabled":true},"graphs":[],"defaultGraph":"Article","defaultPostTypeGraph":""},"schema_type":"default","schema_type_options":"{\"article\":{\"articleType\":\"BlogPosting\"},\"course\":{\"name\":\"\",\"description\":\"\",\"provider\":\"\"},\"faq\":{\"pages\":[]},\"product\":{\"reviews\":[]},\"recipe\":{\"ingredients\":[],\"instructions\":[],\"keywords\":[]},\"software\":{\"reviews\":[],\"operatingSystems\":[]},\"webPage\":{\"webPageType\":\"WebPage\"}}","pillar_content":false,"robots_default":true,"robots_noindex":false,"robots_noarchive":false,"robots_nosnippet":false,"robots_nofollow":false,"robots_noimageindex":false,"robots_noodp":false,"robots_notranslate":false,"robots_max_snippet":"-1","robots_max_videopreview":"-1","robots_max_imagepreview":"large","priority":null,"frequency":"default","location":null,"local_seo":{"locations":{"business":{"name":"","businessType":"","image":"","areaServed":"","urls":{"website":"","aboutPage":"","contactPage":""},"address":{"streetLine1":"","streetLine2":"","zipCode":"","city":"","state":"","country":"","addressFormat":"#streetLineOne\n#streetLineTwo\n#city, #state #zipCode"},"contact":{"email":"","phone":"","phoneFormatted":"","fax":"","faxFormatted":""},"ids":{"vat":"","tax":"","chamberOfCommerce":""},"payment":{"priceRange":"","currenciesAccepted":"","methods":""}}},"openingHours":{"useDefaults":true,"show":true,"alwaysOpen":false,"use24hFormat":false,"timezone":"","labels":{"closed":"","alwaysOpen":""},"days":{"monday":{"open24h":false,"closed":false,"openTime":"09:00","closeTime":"17:00"},"tuesday":{"open24h":false,"closed":false,"openTime":"09:00","closeTime":"17:00"},"wednesday":{"open24h":false,"closed":false,"openTime":"09:00","closeTime":"17:00"},"thursday":{"open24h":false,"closed":false,"openTime":"09:00","closeTime":"17:00"},"friday":{"open24h":false,"closed":false,"openTime":"09:00","closeTime":"17:00"},"saturday":{"open24h":false,"closed":false,"openTime":"09:00","closeTime":"17:00"},"sunday":{"open24h":false,"closed":false,"openTime":"09:00","closeTime":"17:00"}}}},"breadcrumb_settings":null,"limit_modified_date":false,"ai":null,"created":"2021-09-07 07:23:02","updated":"2025-10-02 16:06:28","seo_analyzer_scan_date":null,"focus_keyword":null,"additional_keywords":null,"truseo_locale":null},"aioseo_breadcrumb":"<div class=\"aioseo-breadcrumbs\"><span class=\"aioseo-breadcrumb\">\n\t\t\t<a href=\"https:\/\/allasorias.hu\/hirek\" title=\"Home\">Home<\/a>\n\t\t<\/span><span class=\"aioseo-breadcrumb-separator\">&raquo;<\/span><span class=\"aioseo-breadcrumb\">\n\t\t\t<a href=\"https:\/\/allasorias.hu\/hirek\/temak\/munkaeropiac\/\" title=\"Munkaer\u0151piac\">Munkaer\u0151piac<\/a>\n\t\t<\/span><span class=\"aioseo-breadcrumb-separator\">&raquo;<\/span><span class=\"aioseo-breadcrumb\">\n\t\t\tTartal\u00e9kot k\u00e9pezhetnek a di\u00e1kok\n\t\t<\/span><\/div>","aioseo_breadcrumb_json":[{"label":"Home","link":"https:\/\/allasorias.hu\/hirek"},{"label":"Munkaer\u0151piac","link":"https:\/\/allasorias.hu\/hirek\/temak\/munkaeropiac\/"},{"label":"Tartal\u00e9kot k\u00e9pezhetnek a di\u00e1kok","link":"https:\/\/allasorias.hu\/hirek\/tartalekot-kepezhetnek-a-diakok\/"}],"_links":{"self":[{"href":"https:\/\/allasorias.hu\/hirek\/wp-json\/wp\/v2\/posts\/5031","targetHints":{"allow":["GET"]}}],"collection":[{"href":"https:\/\/allasorias.hu\/hirek\/wp-json\/wp\/v2\/posts"}],"about":[{"href":"https:\/\/allasorias.hu\/hirek\/wp-json\/wp\/v2\/types\/post"}],"author":[{"embeddable":true,"href":"https:\/\/allasorias.hu\/hirek\/wp-json\/wp\/v2\/users\/1"}],"replies":[{"embeddable":true,"href":"https:\/\/allasorias.hu\/hirek\/wp-json\/wp\/v2\/comments?post=5031"}],"version-history":[{"count":1,"href":"https:\/\/allasorias.hu\/hirek\/wp-json\/wp\/v2\/posts\/5031\/revisions"}],"predecessor-version":[{"id":5033,"href":"https:\/\/allasorias.hu\/hirek\/wp-json\/wp\/v2\/posts\/5031\/revisions\/5033"}],"wp:featuredmedia":[{"embeddable":true,"href":"https:\/\/allasorias.hu\/hirek\/wp-json\/wp\/v2\/media\/5032"}],"wp:attachment":[{"href":"https:\/\/allasorias.hu\/hirek\/wp-json\/wp\/v2\/media?parent=5031"}],"wp:term":[{"taxonomy":"category","embeddable":true,"href":"https:\/\/allasorias.hu\/hirek\/wp-json\/wp\/v2\/categories?post=5031"},{"taxonomy":"post_tag","embeddable":true,"href":"https:\/\/allasorias.hu\/hirek\/wp-json\/wp\/v2\/tags?post=5031"}],"curies":[{"name":"wp","href":"https:\/\/api.w.org\/{rel}","templated":true}]}}