{"id":5025,"date":"2021-09-02T06:43:01","date_gmt":"2021-09-02T06:43:01","guid":{"rendered":"https:\/\/allasorias.hu\/hirek\/?p=5025"},"modified":"2021-09-02T06:43:01","modified_gmt":"2021-09-02T06:43:01","slug":"diszkriminalnak-a-spanyolok-az-allasinterjukon","status":"publish","type":"post","link":"https:\/\/allasorias.hu\/hirek\/diszkriminalnak-a-spanyolok-az-allasinterjukon\/","title":{"rendered":"Diszkrimin\u00e1lnak a spanyolok az \u00e1ll\u00e1sinterj\u00fakon"},"content":{"rendered":"<p><strong>A spanyol t\u00f6rv\u00e9nytervezet \u00e9rtelm\u00e9ben, amikor k\u00e9t, az egyetem \u00e1ltal alkalmasnak \u00edt\u00e9lt ember jelentkezik egy tudom\u00e1nyos munkak\u00f6r bet\u00f6lt\u00e9s\u00e9re, akkor a n\u0151i jelentkez\u0151t kell el\u0151nyben r\u00e9szes\u00edteni. A spanyol korm\u00e1ny fels\u0151oktat\u00e1si reformja a nemi egyenl\u0151s\u00e9g nev\u00e9ben t\u00f6rv\u00e9nybe iktatja a diszkrimin\u00e1ci\u00f3t.<\/strong><\/p>\n<p>Nagy port kavart Manuel Castells baloldali politikus t\u00f6rv\u00e9nytervezete Spanyolorsz\u00e1gban, amely lehet\u0151v\u00e9 tenn\u00e9, hogy a j\u00f6v\u0151ben a fels\u0151oktat\u00e1sban pozit\u00edv diszkrimin\u00e1ci\u00f3ban r\u00e9szes\u00edts\u00e9k a n\u0151ket az akad\u00e9miai \u00e9letben. A szociol\u00f3gusb\u00f3l lett miniszter a t\u00f6rv\u00e9nnyel el szeretn\u00e9 \u00e9rni, hogy egyre t\u00f6bb n\u0151 v\u00e1lassza a tudom\u00e1nyos p\u00e1ly\u00e1t, ez\u00e9rt az egyetemeket \u00e9s f\u0151iskol\u00e1kat arra k\u00f6telezn\u00e9, hogy a meg\u00fcresedett \u00e1ll\u00e1shelyeket n\u0151kkel t\u00f6lts\u00e9k fel. A t\u00f6rv\u00e9nytervezet \u00e9rtelm\u00e9ben, amikor k\u00e9t, az egyetem \u00e1ltal alkalmasnak \u00edt\u00e9lt ember jelentkezik egy tudom\u00e1nyos munkak\u00f6r bet\u00f6lt\u00e9s\u00e9re, akkor a n\u0151i jelentkez\u0151t kell el\u0151nyben r\u00e9szes\u00edteni. A spanyol fels\u0151oktat\u00e1si int\u00e9zm\u00e9nyek a t\u00f6rv\u00e9nytervezet kapcs\u00e1n az \u201eegyez\u0151 alkalmass\u00e1gi felt\u00e9tek\u201d sz\u00f3kapcsolatot tartj\u00e1k igaz\u00e1n agg\u00e1lyosnak. Ez ugyanis azt jelenti, hogy nem a felk\u00e9sz\u00fcltebb, tapasztaltabb jelentkez\u0151t kell felvenni, hanem a legalkalmasabbnak \u00edt\u00e9lt jel\u00f6ltet. Ezzel az objekt\u00edv, teljes\u00edtm\u00e9nyalap\u00fa elb\u00edr\u00e1l\u00e1s helyett egy olyan rendszer l\u00e9pne \u00e9letbe, ami az \u00e9rdemet \u00e9s munk\u00e1t fel\u00e1ldozza a pozit\u00edv diszkrimin\u00e1ci\u00f3 olt\u00e1r\u00e1n. Roberto Blanco, a Santiag\u00f3i Egyetem alkotm\u00e1nyjog\u00e1sza szerint a tervezet egy\u00e9rtelm\u0171en alkotm\u00e1nyellenes. Szembe megy az es\u00e9lyegyenl\u0151s\u00e9g elv\u00e9vel, hiszen amikor k\u00e9t ember egym\u00e1s vet\u00e9lyt\u00e1rsa, a jelentkez\u0151k nem\u00e9t nem szabad figyelembe venni. A nem semmilyen esetben sem lehet alapkrit\u00e9rium \u2013 hangs\u00falyozza az egyetemi oktat\u00f3. Ut\u00f3bbival \u00fagy t\u0171nik, sok m\u00e1sik fels\u0151oktat\u00e1si int\u00e9zm\u00e9ny \u00e9s oktat\u00f3 is egyet\u00e9rt. Arr\u00f3l nem is besz\u00e9lve, hogy a tervezetet nem el\u0151zte meg semmilyen felm\u00e9r\u00e9s vagy konzult\u00e1ci\u00f3, amely indokolta volna a n\u0151k ilyen szint\u0171 el\u0151nyben r\u00e9szes\u00edt\u00e9s\u00e9t \u2013 jegyezte meg Teresa Freixes, a Barcelonai Auton\u00f3m Egyetem alkotm\u00e1nyjogi tansz\u00e9k\u00e9nek oktat\u00f3ja. Ugyanakkor nemcsak alkotm\u00e1nyjogi agg\u00e1lyok mer\u00fcltek fel: a tervezet uni\u00f3s jogba is \u00fctk\u00f6zik. A n\u0151k abszol\u00fat el\u0151nyben r\u00e9szes\u00edt\u00e9s\u00e9t a f\u00e9rfiakkal szemben az uni\u00f3s joggal ellent\u00e9tesnek nyilv\u00e1n\u00edtotta az Eur\u00f3pai Uni\u00f3 B\u00edr\u00f3s\u00e1g. A Kalanke-\u00fcgyben \u00fagy rendelkezett a B\u00edr\u00f3s\u00e1g, hogy a diszkrimin\u00e1ci\u00f3 tilalm\u00e1ba \u00fctk\u00f6zik minden olyan int\u00e9zked\u00e9s, amely a magasabb poz\u00edci\u00f3k bet\u00f6lt\u00e9s\u00e9n\u00e9l, amennyiben a n\u0151i \u00e9s a f\u00e9rfi jel\u00f6lt k\u00f6z\u00f6tt nincs k\u00e9pzetts\u00e9gbeli elt\u00e9r\u00e9s, a n\u0151t r\u00e9szes\u00edten\u00e9 el\u0151nyben. 1998-ban a Marshall-\u00fcgyben pedig egy\u00e9rtelm\u0171v\u00e9 tett\u00e9k, hogy preferenciaszab\u00e1ly kidolgozhat\u00f3, a n\u0151i jel\u00f6lt el\u0151nyben r\u00e9szes\u00edt\u00e9se viszont csak objekt\u00edv krit\u00e9riumok alapj\u00e1n t\u00f6rt\u00e9nhet. Ezzel a d\u00f6nt\u00e9ssel menne most szembe a spanyol korm\u00e1ny. A t\u00f6rv\u00e9nytervezet tov\u00e1bb\u00e1 el\u0151\u00edrja a fels\u0151oktat\u00e1si int\u00e9zm\u00e9nyek sz\u00e1m\u00e1ra, hogy bels\u0151 szab\u00e1lyzatot hozzanak l\u00e9tre a szexu\u00e1lis zaklat\u00e1si \u00fcgyekkel szembeni fell\u00e9p\u00e9sre, valamint k\u00f6telez\u0151 lesz fizet\u00e9si nyilv\u00e1ntart\u00e1st vezeti, hogy \u201ea nemek k\u00f6zti b\u00e9rszakad\u00e9kot v\u00e9gleg felsz\u00e1molj\u00e1k\u201d. A teljes\u00edtm\u00e9nyalap\u00fa munkaer\u0151toborz\u00e1s \u00e9s b\u00e9rez\u00e9s kivezet\u00e9se a fels\u0151oktat\u00e1sb\u00f3l a kommunik\u00e1ci\u00f3 szintj\u00e9n a gender-ideol\u00f3gi\u00e1b\u00f3l ismert \u201eegyenl\u0151s\u00e9g \u00e9s soksz\u00edn\u0171s\u00e9g\u201d nev\u00e9ben t\u00f6rt\u00e9nik, mik\u00f6zben val\u00f3j\u00e1ban pont ennek ellenkez\u0151j\u00e9t val\u00f3s\u00edtja meg a S\u00e1nchez-korm\u00e1ny. Val\u00f3sz\u00edn\u0171leg a jobboldali N\u00e9pp\u00e1rt, illetve a VOX nem n\u00e9zik majd \u00f6lbe tett k\u00e9zzel az esem\u00e9nyeket, \u00edgy k\u00f6nnyen lehet, hogy a t\u00f6rv\u00e9nnyel kapcsolatban az alkotm\u00e1nyb\u00edr\u00f3s\u00e1g\u00e9 lesz az utols\u00f3 sz\u00f3.<\/p>\n<p>Forr\u00e1s: precedens.mandiner.hu<\/p>\n","protected":false},"excerpt":{"rendered":"<p>A spanyol t\u00f6rv\u00e9nytervezet \u00e9rtelm\u00e9ben, amikor k\u00e9t, az egyetem \u00e1ltal alkalmasnak \u00edt\u00e9lt ember jelentkezik egy tudom\u00e1nyos munkak\u00f6r bet\u00f6lt\u00e9s\u00e9re, akkor a n\u0151i jelentkez\u0151t kell el\u0151nyben r\u00e9szes\u00edteni. A spanyol korm\u00e1ny fels\u0151oktat\u00e1si reformja a nemi egyenl\u0151s\u00e9g nev\u00e9ben t\u00f6rv\u00e9nybe iktatja a diszkrimin\u00e1ci\u00f3t. Nagy port kavart Manuel Castells baloldali politikus t\u00f6rv\u00e9nytervezete Spanyolorsz\u00e1gban, amely lehet\u0151v\u00e9 tenn\u00e9, hogy a j\u00f6v\u0151ben a fels\u0151oktat\u00e1sban pozit\u00edv [&hellip;]<\/p>\n","protected":false},"author":1,"featured_media":5026,"comment_status":"open","ping_status":"open","sticky":false,"template":"","format":"standard","meta":{"_monsterinsights_skip_tracking":false,"footnotes":""},"categories":[201],"tags":[],"class_list":["post-5025","post","type-post","status-publish","format-standard","has-post-thumbnail","hentry","category-kulfold"],"aioseo_notices":[],"aioseo_head":"\n\t\t<!-- All in One SEO 5.0.0.1 - aioseo.com -->\n\t<meta name=\"description\" content=\"A spanyol t\u00f6rv\u00e9nytervezet \u00e9rtelm\u00e9ben, amikor k\u00e9t, az egyetem \u00e1ltal alkalmasnak \u00edt\u00e9lt ember jelentkezik egy tudom\u00e1nyos munkak\u00f6r bet\u00f6lt\u00e9s\u00e9re, akkor a n\u0151i jelentkez\u0151t kell el\u0151nyben r\u00e9szes\u00edteni. A spanyol korm\u00e1ny fels\u0151oktat\u00e1si reformja a nemi egyenl\u0151s\u00e9g nev\u00e9ben t\u00f6rv\u00e9nybe iktatja a diszkrimin\u00e1ci\u00f3t. Nagy port kavart Manuel Castells baloldali politikus t\u00f6rv\u00e9nytervezete Spanyolorsz\u00e1gban, amely lehet\u0151v\u00e9 tenn\u00e9, hogy a j\u00f6v\u0151ben a fels\u0151oktat\u00e1sban pozit\u00edv\" \/>\n\t<meta name=\"robots\" content=\"max-image-preview:large\" \/>\n\t<meta name=\"author\" content=\"Juh\u00e1sz P\u00e9ter\"\/>\n\t<link rel=\"canonical\" href=\"https:\/\/allasorias.hu\/hirek\/diszkriminalnak-a-spanyolok-az-allasinterjukon\/\" \/>\n\t<meta name=\"generator\" content=\"All in One SEO (AIOSEO) 5.0.0.1\" \/>\n\t\t<meta property=\"og:locale\" content=\"hu_HU\" \/>\n\t\t<meta property=\"og:site_name\" content=\"AllasOrias.hu | H\u00edrek-lapszemle | \u00dczleti h\u00edrek az \u00e1ll\u00e1s \u00e9s a munka vil\u00e1g\u00e1b\u00f3l\" \/>\n\t\t<meta property=\"og:type\" content=\"article\" \/>\n\t\t<meta property=\"og:title\" content=\"Diszkrimin\u00e1lnak a spanyolok az \u00e1ll\u00e1sinterj\u00fakon | AllasOrias.hu | H\u00edrek-lapszemle\" \/>\n\t\t<meta property=\"og:description\" content=\"A spanyol t\u00f6rv\u00e9nytervezet \u00e9rtelm\u00e9ben, amikor k\u00e9t, az egyetem \u00e1ltal alkalmasnak \u00edt\u00e9lt ember jelentkezik egy tudom\u00e1nyos munkak\u00f6r bet\u00f6lt\u00e9s\u00e9re, akkor a n\u0151i jelentkez\u0151t kell el\u0151nyben r\u00e9szes\u00edteni. A spanyol korm\u00e1ny fels\u0151oktat\u00e1si reformja a nemi egyenl\u0151s\u00e9g nev\u00e9ben t\u00f6rv\u00e9nybe iktatja a diszkrimin\u00e1ci\u00f3t. Nagy port kavart Manuel Castells baloldali politikus t\u00f6rv\u00e9nytervezete Spanyolorsz\u00e1gban, amely lehet\u0151v\u00e9 tenn\u00e9, hogy a j\u00f6v\u0151ben a fels\u0151oktat\u00e1sban pozit\u00edv\" \/>\n\t\t<meta property=\"og:url\" content=\"https:\/\/allasorias.hu\/hirek\/diszkriminalnak-a-spanyolok-az-allasinterjukon\/\" \/>\n\t\t<meta property=\"og:image\" content=\"https:\/\/allasorias.hu\/hirek\/wp-content\/uploads\/2021\/09\/meeting-group-businesspeople-office-standing-front-large-window.jpg\" \/>\n\t\t<meta property=\"og:image:secure_url\" content=\"https:\/\/allasorias.hu\/hirek\/wp-content\/uploads\/2021\/09\/meeting-group-businesspeople-office-standing-front-large-window.jpg\" \/>\n\t\t<meta property=\"og:image:width\" content=\"1920\" \/>\n\t\t<meta property=\"og:image:height\" content=\"1280\" \/>\n\t\t<meta property=\"article:published_time\" content=\"2021-09-02T06:43:01+00:00\" \/>\n\t\t<meta property=\"article:modified_time\" content=\"2021-09-02T06:43:01+00:00\" \/>\n\t\t<meta property=\"article:publisher\" content=\"https:\/\/www.facebook.com\/allasorias\" \/>\n\t\t<meta name=\"twitter:card\" content=\"summary_large_image\" \/>\n\t\t<meta name=\"twitter:title\" content=\"Diszkrimin\u00e1lnak a spanyolok az \u00e1ll\u00e1sinterj\u00fakon | AllasOrias.hu | H\u00edrek-lapszemle\" \/>\n\t\t<meta name=\"twitter:description\" content=\"A spanyol t\u00f6rv\u00e9nytervezet \u00e9rtelm\u00e9ben, amikor k\u00e9t, az egyetem \u00e1ltal alkalmasnak \u00edt\u00e9lt ember jelentkezik egy tudom\u00e1nyos munkak\u00f6r bet\u00f6lt\u00e9s\u00e9re, akkor a n\u0151i jelentkez\u0151t kell el\u0151nyben r\u00e9szes\u00edteni. A spanyol korm\u00e1ny fels\u0151oktat\u00e1si reformja a nemi egyenl\u0151s\u00e9g nev\u00e9ben t\u00f6rv\u00e9nybe iktatja a diszkrimin\u00e1ci\u00f3t. Nagy port kavart Manuel Castells baloldali politikus t\u00f6rv\u00e9nytervezete Spanyolorsz\u00e1gban, amely lehet\u0151v\u00e9 tenn\u00e9, hogy a j\u00f6v\u0151ben a fels\u0151oktat\u00e1sban pozit\u00edv\" \/>\n\t\t<meta name=\"twitter:image\" content=\"https:\/\/allasorias.hu\/hirek\/wp-content\/uploads\/2021\/09\/meeting-group-businesspeople-office-standing-front-large-window.jpg\" \/>\n\t\t<meta name=\"twitter:label1\" content=\"Written by\" \/>\n\t\t<meta name=\"twitter:data1\" content=\"Juh\u00e1sz P\u00e9ter\" \/>\n\t\t<meta name=\"twitter:label2\" content=\"Est. reading time\" \/>\n\t\t<meta name=\"twitter:data2\" content=\"4 minutes\" \/>\n\t\t<script type=\"application\/ld+json\" class=\"aioseo-schema\">\n\t\t\t{\"@context\":\"https:\\\/\\\/schema.org\",\"@graph\":[{\"@type\":\"Article\",\"@id\":\"https:\\\/\\\/allasorias.hu\\\/hirek\\\/diszkriminalnak-a-spanyolok-az-allasinterjukon\\\/#article\",\"name\":\"Diszkrimin\\u00e1lnak a spanyolok az \\u00e1ll\\u00e1sinterj\\u00fakon | AllasOrias.hu | H\\u00edrek-lapszemle\",\"headline\":\"Diszkrimin\\u00e1lnak a spanyolok az \\u00e1ll\\u00e1sinterj\\u00fakon\",\"author\":{\"@id\":\"https:\\\/\\\/allasorias.hu\\\/hirek\\\/author\\\/admin-allasorias\\\/#author\"},\"publisher\":{\"@id\":\"https:\\\/\\\/allasorias.hu\\\/hirek\\\/#organization\"},\"image\":{\"@type\":\"ImageObject\",\"url\":\"https:\\\/\\\/allasorias.hu\\\/hirek\\\/wp-content\\\/uploads\\\/2021\\\/09\\\/meeting-group-businesspeople-office-standing-front-large-window.jpg\",\"width\":1920,\"height\":1280,\"caption\":\"Meeting of group of businesspeople in the office standing in front of  large window in modern office\"},\"datePublished\":\"2021-09-02T06:43:01+02:00\",\"dateModified\":\"2021-09-02T06:43:01+02:00\",\"inLanguage\":\"hu-HU\",\"mainEntityOfPage\":{\"@id\":\"https:\\\/\\\/allasorias.hu\\\/hirek\\\/diszkriminalnak-a-spanyolok-az-allasinterjukon\\\/#webpage\"},\"isPartOf\":{\"@id\":\"https:\\\/\\\/allasorias.hu\\\/hirek\\\/diszkriminalnak-a-spanyolok-az-allasinterjukon\\\/#webpage\"},\"articleSection\":\"K\\u00fclf\\u00f6ld\"},{\"@type\":\"BreadcrumbList\",\"@id\":\"https:\\\/\\\/allasorias.hu\\\/hirek\\\/diszkriminalnak-a-spanyolok-az-allasinterjukon\\\/#breadcrumblist\",\"itemListElement\":[{\"@type\":\"ListItem\",\"@id\":\"https:\\\/\\\/allasorias.hu\\\/hirek#listItem\",\"position\":1,\"name\":\"Home\",\"item\":\"https:\\\/\\\/allasorias.hu\\\/hirek\",\"nextItem\":{\"@type\":\"ListItem\",\"@id\":\"https:\\\/\\\/allasorias.hu\\\/hirek\\\/temak\\\/kulfold\\\/#listItem\",\"name\":\"K\\u00fclf\\u00f6ld\"}},{\"@type\":\"ListItem\",\"@id\":\"https:\\\/\\\/allasorias.hu\\\/hirek\\\/temak\\\/kulfold\\\/#listItem\",\"position\":2,\"name\":\"K\\u00fclf\\u00f6ld\",\"item\":\"https:\\\/\\\/allasorias.hu\\\/hirek\\\/temak\\\/kulfold\\\/\",\"nextItem\":{\"@type\":\"ListItem\",\"@id\":\"https:\\\/\\\/allasorias.hu\\\/hirek\\\/diszkriminalnak-a-spanyolok-az-allasinterjukon\\\/#listItem\",\"name\":\"Diszkrimin\\u00e1lnak a spanyolok az \\u00e1ll\\u00e1sinterj\\u00fakon\"},\"previousItem\":{\"@type\":\"ListItem\",\"@id\":\"https:\\\/\\\/allasorias.hu\\\/hirek#listItem\",\"name\":\"Home\"}},{\"@type\":\"ListItem\",\"@id\":\"https:\\\/\\\/allasorias.hu\\\/hirek\\\/diszkriminalnak-a-spanyolok-az-allasinterjukon\\\/#listItem\",\"position\":3,\"name\":\"Diszkrimin\\u00e1lnak a spanyolok az \\u00e1ll\\u00e1sinterj\\u00fakon\",\"previousItem\":{\"@type\":\"ListItem\",\"@id\":\"https:\\\/\\\/allasorias.hu\\\/hirek\\\/temak\\\/kulfold\\\/#listItem\",\"name\":\"K\\u00fclf\\u00f6ld\"}}]},{\"@type\":\"Organization\",\"@id\":\"https:\\\/\\\/allasorias.hu\\\/hirek\\\/#organization\",\"name\":\"AllasOrias.hu | H\\u00edrek-lapszemle\",\"description\":\"\\u00dczleti h\\u00edrek az \\u00e1ll\\u00e1s \\u00e9s a munka vil\\u00e1g\\u00e1b\\u00f3l\",\"url\":\"https:\\\/\\\/allasorias.hu\\\/hirek\\\/\",\"logo\":{\"@type\":\"ImageObject\",\"url\":\"https:\\\/\\\/allasorias.hu\\\/hirek\\\/wp-content\\\/uploads\\\/2022\\\/10\\\/allasorias_site_facebok_logo.png\",\"@id\":\"https:\\\/\\\/allasorias.hu\\\/hirek\\\/diszkriminalnak-a-spanyolok-az-allasinterjukon\\\/#organizationLogo\"},\"image\":{\"@id\":\"https:\\\/\\\/allasorias.hu\\\/hirek\\\/diszkriminalnak-a-spanyolok-az-allasinterjukon\\\/#organizationLogo\"},\"sameAs\":[\"https:\\\/\\\/www.facebook.com\\\/allasorias\",\"https:\\\/\\\/www.linkedin.com\\\/company\\\/allasorias\"]},{\"@type\":\"Person\",\"@id\":\"https:\\\/\\\/allasorias.hu\\\/hirek\\\/author\\\/admin-allasorias\\\/#author\",\"url\":\"https:\\\/\\\/allasorias.hu\\\/hirek\\\/author\\\/admin-allasorias\\\/\",\"name\":\"Juh\\u00e1sz P\\u00e9ter\",\"image\":{\"@type\":\"ImageObject\",\"@id\":\"https:\\\/\\\/allasorias.hu\\\/hirek\\\/diszkriminalnak-a-spanyolok-az-allasinterjukon\\\/#authorImage\",\"url\":\"https:\\\/\\\/secure.gravatar.com\\\/avatar\\\/36e6bcb83148978b992977cb0f54d22feb0cce8a0a849a9410532bb2623ba4c6?s=96&d=mm&r=g\",\"width\":96,\"height\":96,\"caption\":\"Juh\\u00e1sz P\\u00e9ter\"}},{\"@type\":\"WebPage\",\"@id\":\"https:\\\/\\\/allasorias.hu\\\/hirek\\\/diszkriminalnak-a-spanyolok-az-allasinterjukon\\\/#webpage\",\"url\":\"https:\\\/\\\/allasorias.hu\\\/hirek\\\/diszkriminalnak-a-spanyolok-az-allasinterjukon\\\/\",\"name\":\"Diszkrimin\\u00e1lnak a spanyolok az \\u00e1ll\\u00e1sinterj\\u00fakon | AllasOrias.hu | H\\u00edrek-lapszemle\",\"description\":\"A spanyol t\\u00f6rv\\u00e9nytervezet \\u00e9rtelm\\u00e9ben, amikor k\\u00e9t, az egyetem \\u00e1ltal alkalmasnak \\u00edt\\u00e9lt ember jelentkezik egy tudom\\u00e1nyos munkak\\u00f6r bet\\u00f6lt\\u00e9s\\u00e9re, akkor a n\\u0151i jelentkez\\u0151t kell el\\u0151nyben r\\u00e9szes\\u00edteni. A spanyol korm\\u00e1ny fels\\u0151oktat\\u00e1si reformja a nemi egyenl\\u0151s\\u00e9g nev\\u00e9ben t\\u00f6rv\\u00e9nybe iktatja a diszkrimin\\u00e1ci\\u00f3t. Nagy port kavart Manuel Castells baloldali politikus t\\u00f6rv\\u00e9nytervezete Spanyolorsz\\u00e1gban, amely lehet\\u0151v\\u00e9 tenn\\u00e9, hogy a j\\u00f6v\\u0151ben a fels\\u0151oktat\\u00e1sban pozit\\u00edv\",\"inLanguage\":\"hu-HU\",\"isPartOf\":{\"@id\":\"https:\\\/\\\/allasorias.hu\\\/hirek\\\/#website\"},\"breadcrumb\":{\"@id\":\"https:\\\/\\\/allasorias.hu\\\/hirek\\\/diszkriminalnak-a-spanyolok-az-allasinterjukon\\\/#breadcrumblist\"},\"author\":{\"@id\":\"https:\\\/\\\/allasorias.hu\\\/hirek\\\/author\\\/admin-allasorias\\\/#author\"},\"creator\":{\"@id\":\"https:\\\/\\\/allasorias.hu\\\/hirek\\\/author\\\/admin-allasorias\\\/#author\"},\"image\":{\"@type\":\"ImageObject\",\"url\":\"https:\\\/\\\/allasorias.hu\\\/hirek\\\/wp-content\\\/uploads\\\/2021\\\/09\\\/meeting-group-businesspeople-office-standing-front-large-window.jpg\",\"@id\":\"https:\\\/\\\/allasorias.hu\\\/hirek\\\/diszkriminalnak-a-spanyolok-az-allasinterjukon\\\/#mainImage\",\"width\":1920,\"height\":1280,\"caption\":\"Meeting of group of businesspeople in the office standing in front of  large window in modern office\"},\"primaryImageOfPage\":{\"@id\":\"https:\\\/\\\/allasorias.hu\\\/hirek\\\/diszkriminalnak-a-spanyolok-az-allasinterjukon\\\/#mainImage\"},\"datePublished\":\"2021-09-02T06:43:01+02:00\",\"dateModified\":\"2021-09-02T06:43:01+02:00\"},{\"@type\":\"WebSite\",\"@id\":\"https:\\\/\\\/allasorias.hu\\\/hirek\\\/#website\",\"url\":\"https:\\\/\\\/allasorias.hu\\\/hirek\\\/\",\"name\":\"AllasOrias.hu | H\\u00edrek-lapszemle\",\"description\":\"\\u00dczleti h\\u00edrek az \\u00e1ll\\u00e1s \\u00e9s a munka vil\\u00e1g\\u00e1b\\u00f3l\",\"inLanguage\":\"hu-HU\",\"publisher\":{\"@id\":\"https:\\\/\\\/allasorias.hu\\\/hirek\\\/#organization\"}}]}\n\t\t<\/script>\n\t\t<!-- All in One SEO -->\n\n","aioseo_head_json":{"title":"Diszkrimin\u00e1lnak a spanyolok az \u00e1ll\u00e1sinterj\u00fakon | AllasOrias.hu | H\u00edrek-lapszemle","description":"A spanyol t\u00f6rv\u00e9nytervezet \u00e9rtelm\u00e9ben, amikor k\u00e9t, az egyetem \u00e1ltal alkalmasnak \u00edt\u00e9lt ember jelentkezik egy tudom\u00e1nyos munkak\u00f6r bet\u00f6lt\u00e9s\u00e9re, akkor a n\u0151i jelentkez\u0151t kell el\u0151nyben r\u00e9szes\u00edteni. A spanyol korm\u00e1ny fels\u0151oktat\u00e1si reformja a nemi egyenl\u0151s\u00e9g nev\u00e9ben t\u00f6rv\u00e9nybe iktatja a diszkrimin\u00e1ci\u00f3t. Nagy port kavart Manuel Castells baloldali politikus t\u00f6rv\u00e9nytervezete Spanyolorsz\u00e1gban, amely lehet\u0151v\u00e9 tenn\u00e9, hogy a j\u00f6v\u0151ben a fels\u0151oktat\u00e1sban pozit\u00edv","canonical_url":"https:\/\/allasorias.hu\/hirek\/diszkriminalnak-a-spanyolok-az-allasinterjukon\/","robots":"max-image-preview:large","keywords":"","webmasterTools":{"miscellaneous":""},"schema":{"@context":"https:\/\/schema.org","@graph":[{"@type":"Article","@id":"https:\/\/allasorias.hu\/hirek\/diszkriminalnak-a-spanyolok-az-allasinterjukon\/#article","name":"Diszkrimin\u00e1lnak a spanyolok az \u00e1ll\u00e1sinterj\u00fakon | AllasOrias.hu | H\u00edrek-lapszemle","headline":"Diszkrimin\u00e1lnak a spanyolok az \u00e1ll\u00e1sinterj\u00fakon","author":{"@id":"https:\/\/allasorias.hu\/hirek\/author\/admin-allasorias\/#author"},"publisher":{"@id":"https:\/\/allasorias.hu\/hirek\/#organization"},"image":{"@type":"ImageObject","url":"https:\/\/allasorias.hu\/hirek\/wp-content\/uploads\/2021\/09\/meeting-group-businesspeople-office-standing-front-large-window.jpg","width":1920,"height":1280,"caption":"Meeting of group of businesspeople in the office standing in front of  large window in modern office"},"datePublished":"2021-09-02T06:43:01+02:00","dateModified":"2021-09-02T06:43:01+02:00","inLanguage":"hu-HU","mainEntityOfPage":{"@id":"https:\/\/allasorias.hu\/hirek\/diszkriminalnak-a-spanyolok-az-allasinterjukon\/#webpage"},"isPartOf":{"@id":"https:\/\/allasorias.hu\/hirek\/diszkriminalnak-a-spanyolok-az-allasinterjukon\/#webpage"},"articleSection":"K\u00fclf\u00f6ld"},{"@type":"BreadcrumbList","@id":"https:\/\/allasorias.hu\/hirek\/diszkriminalnak-a-spanyolok-az-allasinterjukon\/#breadcrumblist","itemListElement":[{"@type":"ListItem","@id":"https:\/\/allasorias.hu\/hirek#listItem","position":1,"name":"Home","item":"https:\/\/allasorias.hu\/hirek","nextItem":{"@type":"ListItem","@id":"https:\/\/allasorias.hu\/hirek\/temak\/kulfold\/#listItem","name":"K\u00fclf\u00f6ld"}},{"@type":"ListItem","@id":"https:\/\/allasorias.hu\/hirek\/temak\/kulfold\/#listItem","position":2,"name":"K\u00fclf\u00f6ld","item":"https:\/\/allasorias.hu\/hirek\/temak\/kulfold\/","nextItem":{"@type":"ListItem","@id":"https:\/\/allasorias.hu\/hirek\/diszkriminalnak-a-spanyolok-az-allasinterjukon\/#listItem","name":"Diszkrimin\u00e1lnak a spanyolok az \u00e1ll\u00e1sinterj\u00fakon"},"previousItem":{"@type":"ListItem","@id":"https:\/\/allasorias.hu\/hirek#listItem","name":"Home"}},{"@type":"ListItem","@id":"https:\/\/allasorias.hu\/hirek\/diszkriminalnak-a-spanyolok-az-allasinterjukon\/#listItem","position":3,"name":"Diszkrimin\u00e1lnak a spanyolok az \u00e1ll\u00e1sinterj\u00fakon","previousItem":{"@type":"ListItem","@id":"https:\/\/allasorias.hu\/hirek\/temak\/kulfold\/#listItem","name":"K\u00fclf\u00f6ld"}}]},{"@type":"Organization","@id":"https:\/\/allasorias.hu\/hirek\/#organization","name":"AllasOrias.hu | H\u00edrek-lapszemle","description":"\u00dczleti h\u00edrek az \u00e1ll\u00e1s \u00e9s a munka vil\u00e1g\u00e1b\u00f3l","url":"https:\/\/allasorias.hu\/hirek\/","logo":{"@type":"ImageObject","url":"https:\/\/allasorias.hu\/hirek\/wp-content\/uploads\/2022\/10\/allasorias_site_facebok_logo.png","@id":"https:\/\/allasorias.hu\/hirek\/diszkriminalnak-a-spanyolok-az-allasinterjukon\/#organizationLogo"},"image":{"@id":"https:\/\/allasorias.hu\/hirek\/diszkriminalnak-a-spanyolok-az-allasinterjukon\/#organizationLogo"},"sameAs":["https:\/\/www.facebook.com\/allasorias","https:\/\/www.linkedin.com\/company\/allasorias"]},{"@type":"Person","@id":"https:\/\/allasorias.hu\/hirek\/author\/admin-allasorias\/#author","url":"https:\/\/allasorias.hu\/hirek\/author\/admin-allasorias\/","name":"Juh\u00e1sz P\u00e9ter","image":{"@type":"ImageObject","@id":"https:\/\/allasorias.hu\/hirek\/diszkriminalnak-a-spanyolok-az-allasinterjukon\/#authorImage","url":"https:\/\/secure.gravatar.com\/avatar\/36e6bcb83148978b992977cb0f54d22feb0cce8a0a849a9410532bb2623ba4c6?s=96&d=mm&r=g","width":96,"height":96,"caption":"Juh\u00e1sz P\u00e9ter"}},{"@type":"WebPage","@id":"https:\/\/allasorias.hu\/hirek\/diszkriminalnak-a-spanyolok-az-allasinterjukon\/#webpage","url":"https:\/\/allasorias.hu\/hirek\/diszkriminalnak-a-spanyolok-az-allasinterjukon\/","name":"Diszkrimin\u00e1lnak a spanyolok az \u00e1ll\u00e1sinterj\u00fakon | AllasOrias.hu | H\u00edrek-lapszemle","description":"A spanyol t\u00f6rv\u00e9nytervezet \u00e9rtelm\u00e9ben, amikor k\u00e9t, az egyetem \u00e1ltal alkalmasnak \u00edt\u00e9lt ember jelentkezik egy tudom\u00e1nyos munkak\u00f6r bet\u00f6lt\u00e9s\u00e9re, akkor a n\u0151i jelentkez\u0151t kell el\u0151nyben r\u00e9szes\u00edteni. A spanyol korm\u00e1ny fels\u0151oktat\u00e1si reformja a nemi egyenl\u0151s\u00e9g nev\u00e9ben t\u00f6rv\u00e9nybe iktatja a diszkrimin\u00e1ci\u00f3t. Nagy port kavart Manuel Castells baloldali politikus t\u00f6rv\u00e9nytervezete Spanyolorsz\u00e1gban, amely lehet\u0151v\u00e9 tenn\u00e9, hogy a j\u00f6v\u0151ben a fels\u0151oktat\u00e1sban pozit\u00edv","inLanguage":"hu-HU","isPartOf":{"@id":"https:\/\/allasorias.hu\/hirek\/#website"},"breadcrumb":{"@id":"https:\/\/allasorias.hu\/hirek\/diszkriminalnak-a-spanyolok-az-allasinterjukon\/#breadcrumblist"},"author":{"@id":"https:\/\/allasorias.hu\/hirek\/author\/admin-allasorias\/#author"},"creator":{"@id":"https:\/\/allasorias.hu\/hirek\/author\/admin-allasorias\/#author"},"image":{"@type":"ImageObject","url":"https:\/\/allasorias.hu\/hirek\/wp-content\/uploads\/2021\/09\/meeting-group-businesspeople-office-standing-front-large-window.jpg","@id":"https:\/\/allasorias.hu\/hirek\/diszkriminalnak-a-spanyolok-az-allasinterjukon\/#mainImage","width":1920,"height":1280,"caption":"Meeting of group of businesspeople in the office standing in front of  large window in modern office"},"primaryImageOfPage":{"@id":"https:\/\/allasorias.hu\/hirek\/diszkriminalnak-a-spanyolok-az-allasinterjukon\/#mainImage"},"datePublished":"2021-09-02T06:43:01+02:00","dateModified":"2021-09-02T06:43:01+02:00"},{"@type":"WebSite","@id":"https:\/\/allasorias.hu\/hirek\/#website","url":"https:\/\/allasorias.hu\/hirek\/","name":"AllasOrias.hu | H\u00edrek-lapszemle","description":"\u00dczleti h\u00edrek az \u00e1ll\u00e1s \u00e9s a munka vil\u00e1g\u00e1b\u00f3l","inLanguage":"hu-HU","publisher":{"@id":"https:\/\/allasorias.hu\/hirek\/#organization"}}]},"og:locale":"hu_HU","og:site_name":"AllasOrias.hu | H\u00edrek-lapszemle | \u00dczleti h\u00edrek az \u00e1ll\u00e1s \u00e9s a munka vil\u00e1g\u00e1b\u00f3l","og:type":"article","og:title":"Diszkrimin\u00e1lnak a spanyolok az \u00e1ll\u00e1sinterj\u00fakon | AllasOrias.hu | H\u00edrek-lapszemle","og:description":"A spanyol t\u00f6rv\u00e9nytervezet \u00e9rtelm\u00e9ben, amikor k\u00e9t, az egyetem \u00e1ltal alkalmasnak \u00edt\u00e9lt ember jelentkezik egy tudom\u00e1nyos munkak\u00f6r bet\u00f6lt\u00e9s\u00e9re, akkor a n\u0151i jelentkez\u0151t kell el\u0151nyben r\u00e9szes\u00edteni. A spanyol korm\u00e1ny fels\u0151oktat\u00e1si reformja a nemi egyenl\u0151s\u00e9g nev\u00e9ben t\u00f6rv\u00e9nybe iktatja a diszkrimin\u00e1ci\u00f3t. Nagy port kavart Manuel Castells baloldali politikus t\u00f6rv\u00e9nytervezete Spanyolorsz\u00e1gban, amely lehet\u0151v\u00e9 tenn\u00e9, hogy a j\u00f6v\u0151ben a fels\u0151oktat\u00e1sban pozit\u00edv","og:url":"https:\/\/allasorias.hu\/hirek\/diszkriminalnak-a-spanyolok-az-allasinterjukon\/","og:image":"https:\/\/allasorias.hu\/hirek\/wp-content\/uploads\/2021\/09\/meeting-group-businesspeople-office-standing-front-large-window.jpg","og:image:secure_url":"https:\/\/allasorias.hu\/hirek\/wp-content\/uploads\/2021\/09\/meeting-group-businesspeople-office-standing-front-large-window.jpg","og:image:width":1920,"og:image:height":1280,"article:published_time":"2021-09-02T06:43:01+00:00","article:modified_time":"2021-09-02T06:43:01+00:00","article:publisher":"https:\/\/www.facebook.com\/allasorias","twitter:card":"summary_large_image","twitter:title":"Diszkrimin\u00e1lnak a spanyolok az \u00e1ll\u00e1sinterj\u00fakon | AllasOrias.hu | H\u00edrek-lapszemle","twitter:description":"A spanyol t\u00f6rv\u00e9nytervezet \u00e9rtelm\u00e9ben, amikor k\u00e9t, az egyetem \u00e1ltal alkalmasnak \u00edt\u00e9lt ember jelentkezik egy tudom\u00e1nyos munkak\u00f6r bet\u00f6lt\u00e9s\u00e9re, akkor a n\u0151i jelentkez\u0151t kell el\u0151nyben r\u00e9szes\u00edteni. A spanyol korm\u00e1ny fels\u0151oktat\u00e1si reformja a nemi egyenl\u0151s\u00e9g nev\u00e9ben t\u00f6rv\u00e9nybe iktatja a diszkrimin\u00e1ci\u00f3t. Nagy port kavart Manuel Castells baloldali politikus t\u00f6rv\u00e9nytervezete Spanyolorsz\u00e1gban, amely lehet\u0151v\u00e9 tenn\u00e9, hogy a j\u00f6v\u0151ben a fels\u0151oktat\u00e1sban pozit\u00edv","twitter:image":"https:\/\/allasorias.hu\/hirek\/wp-content\/uploads\/2021\/09\/meeting-group-businesspeople-office-standing-front-large-window.jpg","twitter:label1":"Written by","twitter:data1":"Juh\u00e1sz P\u00e9ter","twitter:label2":"Est. reading time","twitter:data2":"4 minutes"},"aioseo_meta_data":{"post_id":"5025","title":null,"description":null,"keywords":[],"keyphrases":{"focus":[],"additional":[]},"primary_term":null,"canonical_url":null,"og_title":null,"og_description":null,"og_object_type":"default","og_image_type":"default","og_image_url":null,"og_image_width":null,"og_image_height":null,"og_image_custom_url":null,"og_image_custom_fields":null,"og_video":"","og_custom_url":null,"og_article_section":null,"og_article_tags":[],"twitter_use_og":false,"twitter_card":"default","twitter_image_type":"default","twitter_image_url":null,"twitter_image_custom_url":null,"twitter_image_custom_fields":null,"twitter_title":null,"twitter_description":null,"schema":{"blockGraphs":[],"customGraphs":[],"default":{"data":{"Article":[],"Course":[],"Dataset":[],"FAQPage":[],"Movie":[],"Person":[],"Product":[],"ProductReview":[],"Car":[],"Recipe":[],"Service":[],"SoftwareApplication":[],"WebPage":[]},"graphName":"","isEnabled":true},"graphs":[],"defaultGraph":"Article","defaultPostTypeGraph":""},"schema_type":"default","schema_type_options":"{\"article\":{\"articleType\":\"BlogPosting\"},\"course\":{\"name\":\"\",\"description\":\"\",\"provider\":\"\"},\"faq\":{\"pages\":[]},\"product\":{\"reviews\":[]},\"recipe\":{\"ingredients\":[],\"instructions\":[],\"keywords\":[]},\"software\":{\"reviews\":[],\"operatingSystems\":[]},\"webPage\":{\"webPageType\":\"WebPage\"}}","pillar_content":false,"robots_default":true,"robots_noindex":false,"robots_noarchive":false,"robots_nosnippet":false,"robots_nofollow":false,"robots_noimageindex":false,"robots_noodp":false,"robots_notranslate":false,"robots_max_snippet":"-1","robots_max_videopreview":"-1","robots_max_imagepreview":"large","priority":null,"frequency":"default","location":null,"local_seo":{"locations":{"business":{"name":"","businessType":"","image":"","areaServed":"","urls":{"website":"","aboutPage":"","contactPage":""},"address":{"streetLine1":"","streetLine2":"","zipCode":"","city":"","state":"","country":"","addressFormat":"#streetLineOne\n#streetLineTwo\n#city, #state #zipCode"},"contact":{"email":"","phone":"","phoneFormatted":"","fax":"","faxFormatted":""},"ids":{"vat":"","tax":"","chamberOfCommerce":""},"payment":{"priceRange":"","currenciesAccepted":"","methods":""}}},"openingHours":{"useDefaults":true,"show":true,"alwaysOpen":false,"use24hFormat":false,"timezone":"","labels":{"closed":"","alwaysOpen":""},"days":{"monday":{"open24h":false,"closed":false,"openTime":"09:00","closeTime":"17:00"},"tuesday":{"open24h":false,"closed":false,"openTime":"09:00","closeTime":"17:00"},"wednesday":{"open24h":false,"closed":false,"openTime":"09:00","closeTime":"17:00"},"thursday":{"open24h":false,"closed":false,"openTime":"09:00","closeTime":"17:00"},"friday":{"open24h":false,"closed":false,"openTime":"09:00","closeTime":"17:00"},"saturday":{"open24h":false,"closed":false,"openTime":"09:00","closeTime":"17:00"},"sunday":{"open24h":false,"closed":false,"openTime":"09:00","closeTime":"17:00"}}}},"breadcrumb_settings":null,"limit_modified_date":false,"ai":null,"created":"2021-09-02 06:38:27","updated":"2025-10-02 16:06:28","seo_analyzer_scan_date":null,"focus_keyword":null,"additional_keywords":null,"truseo_locale":null},"aioseo_breadcrumb":"<div class=\"aioseo-breadcrumbs\"><span class=\"aioseo-breadcrumb\">\n\t\t\t<a href=\"https:\/\/allasorias.hu\/hirek\" title=\"Home\">Home<\/a>\n\t\t<\/span><span class=\"aioseo-breadcrumb-separator\">&raquo;<\/span><span class=\"aioseo-breadcrumb\">\n\t\t\t<a href=\"https:\/\/allasorias.hu\/hirek\/temak\/kulfold\/\" title=\"K\u00fclf\u00f6ld\">K\u00fclf\u00f6ld<\/a>\n\t\t<\/span><span class=\"aioseo-breadcrumb-separator\">&raquo;<\/span><span class=\"aioseo-breadcrumb\">\n\t\t\tDiszkrimin\u00e1lnak a spanyolok az \u00e1ll\u00e1sinterj\u00fakon\n\t\t<\/span><\/div>","aioseo_breadcrumb_json":[{"label":"Home","link":"https:\/\/allasorias.hu\/hirek"},{"label":"K\u00fclf\u00f6ld","link":"https:\/\/allasorias.hu\/hirek\/temak\/kulfold\/"},{"label":"Diszkrimin\u00e1lnak a spanyolok az \u00e1ll\u00e1sinterj\u00fakon","link":"https:\/\/allasorias.hu\/hirek\/diszkriminalnak-a-spanyolok-az-allasinterjukon\/"}],"_links":{"self":[{"href":"https:\/\/allasorias.hu\/hirek\/wp-json\/wp\/v2\/posts\/5025","targetHints":{"allow":["GET"]}}],"collection":[{"href":"https:\/\/allasorias.hu\/hirek\/wp-json\/wp\/v2\/posts"}],"about":[{"href":"https:\/\/allasorias.hu\/hirek\/wp-json\/wp\/v2\/types\/post"}],"author":[{"embeddable":true,"href":"https:\/\/allasorias.hu\/hirek\/wp-json\/wp\/v2\/users\/1"}],"replies":[{"embeddable":true,"href":"https:\/\/allasorias.hu\/hirek\/wp-json\/wp\/v2\/comments?post=5025"}],"version-history":[{"count":1,"href":"https:\/\/allasorias.hu\/hirek\/wp-json\/wp\/v2\/posts\/5025\/revisions"}],"predecessor-version":[{"id":5027,"href":"https:\/\/allasorias.hu\/hirek\/wp-json\/wp\/v2\/posts\/5025\/revisions\/5027"}],"wp:featuredmedia":[{"embeddable":true,"href":"https:\/\/allasorias.hu\/hirek\/wp-json\/wp\/v2\/media\/5026"}],"wp:attachment":[{"href":"https:\/\/allasorias.hu\/hirek\/wp-json\/wp\/v2\/media?parent=5025"}],"wp:term":[{"taxonomy":"category","embeddable":true,"href":"https:\/\/allasorias.hu\/hirek\/wp-json\/wp\/v2\/categories?post=5025"},{"taxonomy":"post_tag","embeddable":true,"href":"https:\/\/allasorias.hu\/hirek\/wp-json\/wp\/v2\/tags?post=5025"}],"curies":[{"name":"wp","href":"https:\/\/api.w.org\/{rel}","templated":true}]}}