{"id":5023,"date":"2021-09-01T06:56:04","date_gmt":"2021-09-01T06:56:04","guid":{"rendered":"https:\/\/allasorias.hu\/hirek\/?p=5023"},"modified":"2021-09-01T06:56:04","modified_gmt":"2021-09-01T06:56:04","slug":"mar-munkaerohiany-is-tapasztalhato-a-gazdasagban","status":"publish","type":"post","link":"https:\/\/allasorias.hu\/hirek\/mar-munkaerohiany-is-tapasztalhato-a-gazdasagban\/","title":{"rendered":"M\u00e1r munkaer\u0151hi\u00e1ny is tapasztalhat\u00f3 a gazdas\u00e1gban"},"content":{"rendered":"<p><strong>A termel\u0151szektorban jelenleg is k\u00f6zel 1300 bet\u00f6ltetlen \u00e1ll\u00e1shelyre keres munkav\u00e1llal\u00f3t, de a folyamatos dinamikus b\u0151v\u00fcl\u00e9s miatt az \u00fczleti szolg\u00e1ltat\u00f3 k\u00f6zpontokban, IT ter\u00fcleten, illetve a sz\u00e1lloda- \u00e9s vend\u00e9gl\u00e1t\u00f3iparban is rengeteg jelenleg a nyitott poz\u00edci\u00f3. Visszarendez\u0151dik a gazdas\u00e1g a pand\u00e9mia ut\u00e1n, a KSH adatok szerint rekordszinten a foglalkoztatotts\u00e1g, a WHC Csoport saj\u00e1t tapasztalatai alapj\u00e1n pedig \u00fajra munkaer\u0151hi\u00e1ny s\u00fajt t\u00f6bb \u00e1gazatot is, mely ak\u00e1r a tov\u00e1bbi gazdas\u00e1gi n\u00f6veked\u00e9st is lass\u00edthatja. <\/strong><\/p>\n<p>A legfrissebb GDP adatok mellett, a foglalkoztatotts\u00e1gra vonatkoz\u00f3 statisztik\u00e1k is azt jelzik, hogy Magyarorsz\u00e1g gazdas\u00e1ga a tavalyi meredek visszaes\u00e9st k\u00f6vet\u0151en ism\u00e9t el\u00e9rte a 2019-es, pand\u00e9mia el\u0151tti teljes\u00edtm\u00e9nyt. Ez a munkaer\u0151piacon is \u00e9rz\u00e9kelhet\u0151, hiszen sz\u00e1mos szektorban visszat\u00e9rt a kor\u00e1bban jellemz\u0151 munkaer\u0151hi\u00e1ny.\u201eVannak olyan munkaer\u0151piaci ter\u00fcletek, amelyeket szinte \u00e9rintetlen\u00fcl hagyott a vil\u00e1gj\u00e1rv\u00e1ny, s\u0151t ink\u00e1bb m\u00e9g n\u00f6veked\u00e9st is hozott, ilyen p\u00e9ld\u00e1ul az IT, ahov\u00e1 jelenleg is, ahogyan a kor\u00e1bbi \u00e9vekben, t\u00f6bb t\u00edzezer szakembert keresnek a c\u00e9gek. De ilyen az \u00fczleti szolg\u00e1ltat\u00f3k\u00f6zpontok, SSC-k, BSC-k ter\u00fclete is, melyen meg\u00e1ll\u00edthatatlannak t\u0171nik a b\u0151v\u00fcl\u00e9s, hiszen 2020-ban is t\u00f6bb mint t\u00edzezer \u00faj munkahely keletkezett a szektorban. M\u00e1s ter\u00fcletek, mint amilyen a termel\u00e9s vagy a sz\u00e1lloda- \u00e9s vend\u00e9gl\u00e1t\u00f3ipar, jobban megszenvedt\u00e9k a v\u00e1ls\u00e1got, hiszen \u00e1tmenetileg rengeteg munkahely megsz\u0171nt, viszont mostanra ezekben az \u00e1gazatokban is \u00fajra munkaer\u0151hi\u00e1ny tapasztalhat\u00f3\u201d \u2013 h\u00edvta fel a figyelmet G\u00f6ltl Viktor, a WHC Csoport \u00fcgyvezet\u0151je. A magyar tulajdon\u00fa, munkaer\u0151-k\u00f6zvet\u00edt\u00e9ssel, munkaer\u0151-k\u00f6lcs\u00f6nz\u00e9ssel, di\u00e1k- \u00e9s nyugd\u00edjas sz\u00f6vetkezeti foglalkoztat\u00e1ssal, illetve b\u00e9rsz\u00e1mfejt\u00e9ssel foglalkoz\u00f3 WHC Csoport csak a termel\u0151szektorban m\u0171k\u00f6d\u0151 \u00fcgyfelei sz\u00e1m\u00e1ra jelenleg k\u00f6zel 1300 nyitott poz\u00edci\u00f3ra keres munkaer\u0151t, de sz\u00e1mos \u00e1ll\u00e1shelyre toboroznak szellemi foglalkoz\u00e1s\u00fa munkav\u00e1llal\u00f3t is, f\u0151k\u00e9nt az eml\u00edtett informatikai \u00e9s \u00fczleti szolg\u00e1ltat\u00f3k\u00f6zpont ter\u00fcletekre. A chiphi\u00e1ny bizonytalans\u00e1got okoz, de egyel\u0151re nincs le\u00e9p\u00edt\u00e9s az aut\u00f3iparban. A sajt\u00f3ban megjelen\u0151 h\u00edrekkel \u00f6sszhangban a WHC tapasztalata is az, hogy a Magyarorsz\u00e1gon m\u0171k\u00f6d\u0151 aut\u00f3ipari c\u00e9gek sz\u00e1m\u00e1ra is jelent\u0151s kih\u00edv\u00e1st jelent a f\u00e9lvezet\u0151 alkatr\u00e9szek glob\u00e1lis hi\u00e1nya. Azonban az aut\u00f3ipari gy\u00e1rt\u00f3k sem gondolkodnak egyel\u0151re l\u00e9tsz\u00e1mle\u00e9p\u00edt\u00e9sben, ink\u00e1bb a megl\u00e9v\u0151 munkaer\u0151 megtart\u00e1s\u00e1ra t\u00f6rekszenek, hiszen \u00e1ltal\u00e1noss\u00e1gban \u00fajra munkaer\u0151 vez\u00e9relt piac alakult ki, a munkav\u00e1llal\u00f3k ism\u00e9t v\u00e1logathatnak \u00e9s a stabilit\u00e1st, kisz\u00e1m\u00edthat\u00f3s\u00e1got biztos\u00edt\u00f3 munkaad\u00f3k el\u0151nyt \u00e9lveznek ebben a versenyben. Egyes hi\u00e1nyter\u00fcleteken a WHC Csoport szerint a k\u00fclf\u00f6ldi, nem Eur\u00f3pai Uni\u00f3s \u00e1llamokb\u00f3l \u00e9rkez\u0151 munkav\u00e1llal\u00f3k enyh\u00edt\u00e9st jelenthetnek. R\u00e1juk a gazdas\u00e1gi n\u00f6veked\u00e9s \u00fctem\u00e9nek fenntart\u00e1sa, \u00e9s a haz\u00e1nkba \u00e9rkez\u0151 rengeteg munkahelyteremt\u0151 beruh\u00e1z\u00e1s kiszolg\u00e1l\u00e1sa \u00e9rdek\u00e9ben is nagy sz\u00fcks\u00e9g van. A v\u00e1llalat szerint a szab\u00e1lyozott \u00e9s biztons\u00e1gos keretek k\u00f6z\u00f6tt megval\u00f3sul\u00f3 munkaer\u0151k\u00f6lcs\u00f6nz\u00e9s j\u00f3 megold\u00e1s, hiszen kell\u0151 rugalmass\u00e1got biztos\u00edt a munkaad\u00f3k sz\u00e1m\u00e1ra, \u00e9s rengeteg adminisztr\u00e1ci\u00f3s terhet vesz le v\u00e1llukr\u00f3l. A WHC \u00e9ppen ez\u00e9rt \u00fcdv\u00f6zli, hogy a korm\u00e1ny l\u00e9p\u00e9seket tett annak \u00e9rdek\u00e9ben, hogy a vesz\u00e9lyhelyzet ideje alatt szigor\u00faan szab\u00e1lyozott keretek k\u00f6z\u00f6tt el\u0151seg\u00edtse a k\u00fclf\u00f6ldi munkaer\u0151 szerepv\u00e1llal\u00e1s\u00e1t. Az err\u0151l sz\u00f3l\u00f3 407\/2021. (VII. 8.)\u00a0 rendelet szeptember 1-j\u00e9n l\u00e9p hat\u00e1lyba, mely t\u00f6bbek k\u00f6z\u00f6tt szigor\u00fa min\u0151s\u00edt\u00e9shez k\u00f6ti a harmadik orsz\u00e1gb\u00f3l \u00e9rkez\u0151 munkav\u00e1llal\u00f3k alkalmaz\u00e1s\u00e1t. \u201eA WHC Csoport c\u00e9lja, hogy \u00f6sszek\u00f6sse a munk\u00e1t keres\u0151ket a foglalkoztat\u00f3kkal, el\u0151seg\u00edtve \u00edgy azt is, hogy minden magyar ember boldogulhasson itthon. Az l\u00e1tszik jelenleg, hogy a foglalkoztatotts\u00e1g rekordszinten van, de m\u00e9g mindig rengeteg a bet\u00f6ltetlen \u00e1ll\u00e1s bizonyos szektorokban ez pedig m\u00e1r a gazdas\u00e1gi n\u00f6veked\u00e9s \u00fctem\u00e9nek fenntart\u00e1s\u00e1t is vesz\u00e9lyeztetheti. Ezen gazdas\u00e1gpolitikai c\u00e9lok \u00e9s a k\u00edv\u00e1nt GDP n\u00f6veked\u00e9s el\u00e9r\u00e9se \u00e9rdek\u00e9ben, amihez sz\u00e1mos j\u00f3l\u00e9ti int\u00e9zked\u00e9st is k\u00f6t\u00f6tt a korm\u00e1ny, j\u00f3 eszk\u00f6z bizonyos szektorokban a k\u00f6lcs\u00f6nz\u00f6tt k\u00fclf\u00f6ldi munkaer\u0151 c\u00e9lzott alkalmaz\u00e1sa. A korm\u00e1ny a most hat\u00e1lyba l\u00e9p\u0151 rendelettel \u00e9s az abban meghat\u00e1rozott szigor\u00fa krit\u00e9riumrendszerrel megfelel\u0151 kereteket teremt v\u00e9lem\u00e9ny\u00fcnk szerint ahhoz, hogy ez g\u00f6rd\u00fcl\u00e9kenyen, a magyar gazdas\u00e1g \u00e9rdekeit szem el\u0151tt tartva val\u00f3suljon meg\u201d \u2013 tette hozz\u00e1 G\u00f6ltl Viktor.\u00a0\u00a0\u00a0\u00a0 Forr\u00e1s: profitline.hu<\/p>\n","protected":false},"excerpt":{"rendered":"<p>A termel\u0151szektorban jelenleg is k\u00f6zel 1300 bet\u00f6ltetlen \u00e1ll\u00e1shelyre keres munkav\u00e1llal\u00f3t, de a folyamatos dinamikus b\u0151v\u00fcl\u00e9s miatt az \u00fczleti szolg\u00e1ltat\u00f3 k\u00f6zpontokban, IT ter\u00fcleten, illetve a sz\u00e1lloda- \u00e9s vend\u00e9gl\u00e1t\u00f3iparban is rengeteg jelenleg a nyitott poz\u00edci\u00f3. Visszarendez\u0151dik a gazdas\u00e1g a pand\u00e9mia ut\u00e1n, a KSH adatok szerint rekordszinten a foglalkoztatotts\u00e1g, a WHC Csoport saj\u00e1t tapasztalatai alapj\u00e1n pedig \u00fajra munkaer\u0151hi\u00e1ny [&hellip;]<\/p>\n","protected":false},"author":1,"featured_media":4337,"comment_status":"open","ping_status":"open","sticky":false,"template":"","format":"standard","meta":{"_monsterinsights_skip_tracking":false,"footnotes":""},"categories":[198,200],"tags":[],"class_list":["post-5023","post","type-post","status-publish","format-standard","has-post-thumbnail","hentry","category-gazdasag","category-munkaeropiac"],"aioseo_notices":[],"aioseo_head":"\n\t\t<!-- All in One SEO 5.0.0.1 - aioseo.com -->\n\t<meta name=\"description\" content=\"A termel\u0151szektorban jelenleg is k\u00f6zel 1300 bet\u00f6ltetlen \u00e1ll\u00e1shelyre keres munkav\u00e1llal\u00f3t, de a folyamatos dinamikus b\u0151v\u00fcl\u00e9s miatt az \u00fczleti szolg\u00e1ltat\u00f3 k\u00f6zpontokban, IT ter\u00fcleten, illetve a sz\u00e1lloda- \u00e9s vend\u00e9gl\u00e1t\u00f3iparban is rengeteg jelenleg a nyitott poz\u00edci\u00f3. Visszarendez\u0151dik a gazdas\u00e1g a pand\u00e9mia ut\u00e1n, a KSH adatok szerint rekordszinten a foglalkoztatotts\u00e1g, a WHC Csoport saj\u00e1t tapasztalatai alapj\u00e1n pedig \u00fajra munkaer\u0151hi\u00e1ny\" \/>\n\t<meta name=\"robots\" content=\"max-image-preview:large\" \/>\n\t<meta name=\"author\" content=\"Juh\u00e1sz P\u00e9ter\"\/>\n\t<link rel=\"canonical\" href=\"https:\/\/allasorias.hu\/hirek\/mar-munkaerohiany-is-tapasztalhato-a-gazdasagban\/\" \/>\n\t<meta name=\"generator\" content=\"All in One SEO (AIOSEO) 5.0.0.1\" \/>\n\t\t<meta property=\"og:locale\" content=\"hu_HU\" \/>\n\t\t<meta property=\"og:site_name\" content=\"AllasOrias.hu | H\u00edrek-lapszemle | \u00dczleti h\u00edrek az \u00e1ll\u00e1s \u00e9s a munka vil\u00e1g\u00e1b\u00f3l\" \/>\n\t\t<meta property=\"og:type\" content=\"article\" \/>\n\t\t<meta property=\"og:title\" content=\"M\u00e1r munkaer\u0151hi\u00e1ny is tapasztalhat\u00f3 a gazdas\u00e1gban | AllasOrias.hu | H\u00edrek-lapszemle\" \/>\n\t\t<meta property=\"og:description\" content=\"A termel\u0151szektorban jelenleg is k\u00f6zel 1300 bet\u00f6ltetlen \u00e1ll\u00e1shelyre keres munkav\u00e1llal\u00f3t, de a folyamatos dinamikus b\u0151v\u00fcl\u00e9s miatt az \u00fczleti szolg\u00e1ltat\u00f3 k\u00f6zpontokban, IT ter\u00fcleten, illetve a sz\u00e1lloda- \u00e9s vend\u00e9gl\u00e1t\u00f3iparban is rengeteg jelenleg a nyitott poz\u00edci\u00f3. Visszarendez\u0151dik a gazdas\u00e1g a pand\u00e9mia ut\u00e1n, a KSH adatok szerint rekordszinten a foglalkoztatotts\u00e1g, a WHC Csoport saj\u00e1t tapasztalatai alapj\u00e1n pedig \u00fajra munkaer\u0151hi\u00e1ny\" \/>\n\t\t<meta property=\"og:url\" content=\"https:\/\/allasorias.hu\/hirek\/mar-munkaerohiany-is-tapasztalhato-a-gazdasagban\/\" \/>\n\t\t<meta property=\"og:image\" content=\"https:\/\/allasorias.hu\/hirek\/wp-content\/uploads\/2020\/10\/office-desktop-with-laptop-analytics.jpg\" \/>\n\t\t<meta property=\"og:image:secure_url\" content=\"https:\/\/allasorias.hu\/hirek\/wp-content\/uploads\/2020\/10\/office-desktop-with-laptop-analytics.jpg\" \/>\n\t\t<meta property=\"og:image:width\" content=\"1280\" \/>\n\t\t<meta property=\"og:image:height\" content=\"854\" \/>\n\t\t<meta property=\"article:published_time\" content=\"2021-09-01T06:56:04+00:00\" \/>\n\t\t<meta property=\"article:modified_time\" content=\"2021-09-01T06:56:04+00:00\" \/>\n\t\t<meta property=\"article:publisher\" content=\"https:\/\/www.facebook.com\/allasorias\" \/>\n\t\t<meta name=\"twitter:card\" content=\"summary_large_image\" \/>\n\t\t<meta name=\"twitter:title\" content=\"M\u00e1r munkaer\u0151hi\u00e1ny is tapasztalhat\u00f3 a gazdas\u00e1gban | AllasOrias.hu | H\u00edrek-lapszemle\" \/>\n\t\t<meta name=\"twitter:description\" content=\"A termel\u0151szektorban jelenleg is k\u00f6zel 1300 bet\u00f6ltetlen \u00e1ll\u00e1shelyre keres munkav\u00e1llal\u00f3t, de a folyamatos dinamikus b\u0151v\u00fcl\u00e9s miatt az \u00fczleti szolg\u00e1ltat\u00f3 k\u00f6zpontokban, IT ter\u00fcleten, illetve a sz\u00e1lloda- \u00e9s vend\u00e9gl\u00e1t\u00f3iparban is rengeteg jelenleg a nyitott poz\u00edci\u00f3. Visszarendez\u0151dik a gazdas\u00e1g a pand\u00e9mia ut\u00e1n, a KSH adatok szerint rekordszinten a foglalkoztatotts\u00e1g, a WHC Csoport saj\u00e1t tapasztalatai alapj\u00e1n pedig \u00fajra munkaer\u0151hi\u00e1ny\" \/>\n\t\t<meta name=\"twitter:image\" content=\"https:\/\/allasorias.hu\/hirek\/wp-content\/uploads\/2020\/10\/office-desktop-with-laptop-analytics.jpg\" \/>\n\t\t<meta name=\"twitter:label1\" content=\"Written by\" \/>\n\t\t<meta name=\"twitter:data1\" content=\"Juh\u00e1sz P\u00e9ter\" \/>\n\t\t<meta name=\"twitter:label2\" content=\"Est. reading time\" \/>\n\t\t<meta name=\"twitter:data2\" content=\"4 minutes\" \/>\n\t\t<script type=\"application\/ld+json\" class=\"aioseo-schema\">\n\t\t\t{\"@context\":\"https:\\\/\\\/schema.org\",\"@graph\":[{\"@type\":\"Article\",\"@id\":\"https:\\\/\\\/allasorias.hu\\\/hirek\\\/mar-munkaerohiany-is-tapasztalhato-a-gazdasagban\\\/#article\",\"name\":\"M\\u00e1r munkaer\\u0151hi\\u00e1ny is tapasztalhat\\u00f3 a gazdas\\u00e1gban | AllasOrias.hu | H\\u00edrek-lapszemle\",\"headline\":\"M\\u00e1r munkaer\\u0151hi\\u00e1ny is tapasztalhat\\u00f3 a gazdas\\u00e1gban\",\"author\":{\"@id\":\"https:\\\/\\\/allasorias.hu\\\/hirek\\\/author\\\/admin-allasorias\\\/#author\"},\"publisher\":{\"@id\":\"https:\\\/\\\/allasorias.hu\\\/hirek\\\/#organization\"},\"image\":{\"@type\":\"ImageObject\",\"url\":\"https:\\\/\\\/allasorias.hu\\\/hirek\\\/wp-content\\\/uploads\\\/2020\\\/10\\\/office-desktop-with-laptop-analytics.jpg\",\"width\":1280,\"height\":854},\"datePublished\":\"2021-09-01T06:56:04+02:00\",\"dateModified\":\"2021-09-01T06:56:04+02:00\",\"inLanguage\":\"hu-HU\",\"mainEntityOfPage\":{\"@id\":\"https:\\\/\\\/allasorias.hu\\\/hirek\\\/mar-munkaerohiany-is-tapasztalhato-a-gazdasagban\\\/#webpage\"},\"isPartOf\":{\"@id\":\"https:\\\/\\\/allasorias.hu\\\/hirek\\\/mar-munkaerohiany-is-tapasztalhato-a-gazdasagban\\\/#webpage\"},\"articleSection\":\"Gazdas\\u00e1g, Munkaer\\u0151piac\"},{\"@type\":\"BreadcrumbList\",\"@id\":\"https:\\\/\\\/allasorias.hu\\\/hirek\\\/mar-munkaerohiany-is-tapasztalhato-a-gazdasagban\\\/#breadcrumblist\",\"itemListElement\":[{\"@type\":\"ListItem\",\"@id\":\"https:\\\/\\\/allasorias.hu\\\/hirek#listItem\",\"position\":1,\"name\":\"Home\",\"item\":\"https:\\\/\\\/allasorias.hu\\\/hirek\",\"nextItem\":{\"@type\":\"ListItem\",\"@id\":\"https:\\\/\\\/allasorias.hu\\\/hirek\\\/temak\\\/gazdasag\\\/#listItem\",\"name\":\"Gazdas\\u00e1g\"}},{\"@type\":\"ListItem\",\"@id\":\"https:\\\/\\\/allasorias.hu\\\/hirek\\\/temak\\\/gazdasag\\\/#listItem\",\"position\":2,\"name\":\"Gazdas\\u00e1g\",\"item\":\"https:\\\/\\\/allasorias.hu\\\/hirek\\\/temak\\\/gazdasag\\\/\",\"nextItem\":{\"@type\":\"ListItem\",\"@id\":\"https:\\\/\\\/allasorias.hu\\\/hirek\\\/mar-munkaerohiany-is-tapasztalhato-a-gazdasagban\\\/#listItem\",\"name\":\"M\\u00e1r munkaer\\u0151hi\\u00e1ny is tapasztalhat\\u00f3 a gazdas\\u00e1gban\"},\"previousItem\":{\"@type\":\"ListItem\",\"@id\":\"https:\\\/\\\/allasorias.hu\\\/hirek#listItem\",\"name\":\"Home\"}},{\"@type\":\"ListItem\",\"@id\":\"https:\\\/\\\/allasorias.hu\\\/hirek\\\/mar-munkaerohiany-is-tapasztalhato-a-gazdasagban\\\/#listItem\",\"position\":3,\"name\":\"M\\u00e1r munkaer\\u0151hi\\u00e1ny is tapasztalhat\\u00f3 a gazdas\\u00e1gban\",\"previousItem\":{\"@type\":\"ListItem\",\"@id\":\"https:\\\/\\\/allasorias.hu\\\/hirek\\\/temak\\\/gazdasag\\\/#listItem\",\"name\":\"Gazdas\\u00e1g\"}}]},{\"@type\":\"Organization\",\"@id\":\"https:\\\/\\\/allasorias.hu\\\/hirek\\\/#organization\",\"name\":\"AllasOrias.hu | H\\u00edrek-lapszemle\",\"description\":\"\\u00dczleti h\\u00edrek az \\u00e1ll\\u00e1s \\u00e9s a munka vil\\u00e1g\\u00e1b\\u00f3l\",\"url\":\"https:\\\/\\\/allasorias.hu\\\/hirek\\\/\",\"logo\":{\"@type\":\"ImageObject\",\"url\":\"https:\\\/\\\/allasorias.hu\\\/hirek\\\/wp-content\\\/uploads\\\/2022\\\/10\\\/allasorias_site_facebok_logo.png\",\"@id\":\"https:\\\/\\\/allasorias.hu\\\/hirek\\\/mar-munkaerohiany-is-tapasztalhato-a-gazdasagban\\\/#organizationLogo\"},\"image\":{\"@id\":\"https:\\\/\\\/allasorias.hu\\\/hirek\\\/mar-munkaerohiany-is-tapasztalhato-a-gazdasagban\\\/#organizationLogo\"},\"sameAs\":[\"https:\\\/\\\/www.facebook.com\\\/allasorias\",\"https:\\\/\\\/www.linkedin.com\\\/company\\\/allasorias\"]},{\"@type\":\"Person\",\"@id\":\"https:\\\/\\\/allasorias.hu\\\/hirek\\\/author\\\/admin-allasorias\\\/#author\",\"url\":\"https:\\\/\\\/allasorias.hu\\\/hirek\\\/author\\\/admin-allasorias\\\/\",\"name\":\"Juh\\u00e1sz P\\u00e9ter\",\"image\":{\"@type\":\"ImageObject\",\"@id\":\"https:\\\/\\\/allasorias.hu\\\/hirek\\\/mar-munkaerohiany-is-tapasztalhato-a-gazdasagban\\\/#authorImage\",\"url\":\"https:\\\/\\\/secure.gravatar.com\\\/avatar\\\/36e6bcb83148978b992977cb0f54d22feb0cce8a0a849a9410532bb2623ba4c6?s=96&d=mm&r=g\",\"width\":96,\"height\":96,\"caption\":\"Juh\\u00e1sz P\\u00e9ter\"}},{\"@type\":\"WebPage\",\"@id\":\"https:\\\/\\\/allasorias.hu\\\/hirek\\\/mar-munkaerohiany-is-tapasztalhato-a-gazdasagban\\\/#webpage\",\"url\":\"https:\\\/\\\/allasorias.hu\\\/hirek\\\/mar-munkaerohiany-is-tapasztalhato-a-gazdasagban\\\/\",\"name\":\"M\\u00e1r munkaer\\u0151hi\\u00e1ny is tapasztalhat\\u00f3 a gazdas\\u00e1gban | AllasOrias.hu | H\\u00edrek-lapszemle\",\"description\":\"A termel\\u0151szektorban jelenleg is k\\u00f6zel 1300 bet\\u00f6ltetlen \\u00e1ll\\u00e1shelyre keres munkav\\u00e1llal\\u00f3t, de a folyamatos dinamikus b\\u0151v\\u00fcl\\u00e9s miatt az \\u00fczleti szolg\\u00e1ltat\\u00f3 k\\u00f6zpontokban, IT ter\\u00fcleten, illetve a sz\\u00e1lloda- \\u00e9s vend\\u00e9gl\\u00e1t\\u00f3iparban is rengeteg jelenleg a nyitott poz\\u00edci\\u00f3. Visszarendez\\u0151dik a gazdas\\u00e1g a pand\\u00e9mia ut\\u00e1n, a KSH adatok szerint rekordszinten a foglalkoztatotts\\u00e1g, a WHC Csoport saj\\u00e1t tapasztalatai alapj\\u00e1n pedig \\u00fajra munkaer\\u0151hi\\u00e1ny\",\"inLanguage\":\"hu-HU\",\"isPartOf\":{\"@id\":\"https:\\\/\\\/allasorias.hu\\\/hirek\\\/#website\"},\"breadcrumb\":{\"@id\":\"https:\\\/\\\/allasorias.hu\\\/hirek\\\/mar-munkaerohiany-is-tapasztalhato-a-gazdasagban\\\/#breadcrumblist\"},\"author\":{\"@id\":\"https:\\\/\\\/allasorias.hu\\\/hirek\\\/author\\\/admin-allasorias\\\/#author\"},\"creator\":{\"@id\":\"https:\\\/\\\/allasorias.hu\\\/hirek\\\/author\\\/admin-allasorias\\\/#author\"},\"image\":{\"@type\":\"ImageObject\",\"url\":\"https:\\\/\\\/allasorias.hu\\\/hirek\\\/wp-content\\\/uploads\\\/2020\\\/10\\\/office-desktop-with-laptop-analytics.jpg\",\"@id\":\"https:\\\/\\\/allasorias.hu\\\/hirek\\\/mar-munkaerohiany-is-tapasztalhato-a-gazdasagban\\\/#mainImage\",\"width\":1280,\"height\":854},\"primaryImageOfPage\":{\"@id\":\"https:\\\/\\\/allasorias.hu\\\/hirek\\\/mar-munkaerohiany-is-tapasztalhato-a-gazdasagban\\\/#mainImage\"},\"datePublished\":\"2021-09-01T06:56:04+02:00\",\"dateModified\":\"2021-09-01T06:56:04+02:00\"},{\"@type\":\"WebSite\",\"@id\":\"https:\\\/\\\/allasorias.hu\\\/hirek\\\/#website\",\"url\":\"https:\\\/\\\/allasorias.hu\\\/hirek\\\/\",\"name\":\"AllasOrias.hu | H\\u00edrek-lapszemle\",\"description\":\"\\u00dczleti h\\u00edrek az \\u00e1ll\\u00e1s \\u00e9s a munka vil\\u00e1g\\u00e1b\\u00f3l\",\"inLanguage\":\"hu-HU\",\"publisher\":{\"@id\":\"https:\\\/\\\/allasorias.hu\\\/hirek\\\/#organization\"}}]}\n\t\t<\/script>\n\t\t<!-- All in One SEO -->\n\n","aioseo_head_json":{"title":"M\u00e1r munkaer\u0151hi\u00e1ny is tapasztalhat\u00f3 a gazdas\u00e1gban | AllasOrias.hu | H\u00edrek-lapszemle","description":"A termel\u0151szektorban jelenleg is k\u00f6zel 1300 bet\u00f6ltetlen \u00e1ll\u00e1shelyre keres munkav\u00e1llal\u00f3t, de a folyamatos dinamikus b\u0151v\u00fcl\u00e9s miatt az \u00fczleti szolg\u00e1ltat\u00f3 k\u00f6zpontokban, IT ter\u00fcleten, illetve a sz\u00e1lloda- \u00e9s vend\u00e9gl\u00e1t\u00f3iparban is rengeteg jelenleg a nyitott poz\u00edci\u00f3. Visszarendez\u0151dik a gazdas\u00e1g a pand\u00e9mia ut\u00e1n, a KSH adatok szerint rekordszinten a foglalkoztatotts\u00e1g, a WHC Csoport saj\u00e1t tapasztalatai alapj\u00e1n pedig \u00fajra munkaer\u0151hi\u00e1ny","canonical_url":"https:\/\/allasorias.hu\/hirek\/mar-munkaerohiany-is-tapasztalhato-a-gazdasagban\/","robots":"max-image-preview:large","keywords":"","webmasterTools":{"miscellaneous":""},"schema":{"@context":"https:\/\/schema.org","@graph":[{"@type":"Article","@id":"https:\/\/allasorias.hu\/hirek\/mar-munkaerohiany-is-tapasztalhato-a-gazdasagban\/#article","name":"M\u00e1r munkaer\u0151hi\u00e1ny is tapasztalhat\u00f3 a gazdas\u00e1gban | AllasOrias.hu | H\u00edrek-lapszemle","headline":"M\u00e1r munkaer\u0151hi\u00e1ny is tapasztalhat\u00f3 a gazdas\u00e1gban","author":{"@id":"https:\/\/allasorias.hu\/hirek\/author\/admin-allasorias\/#author"},"publisher":{"@id":"https:\/\/allasorias.hu\/hirek\/#organization"},"image":{"@type":"ImageObject","url":"https:\/\/allasorias.hu\/hirek\/wp-content\/uploads\/2020\/10\/office-desktop-with-laptop-analytics.jpg","width":1280,"height":854},"datePublished":"2021-09-01T06:56:04+02:00","dateModified":"2021-09-01T06:56:04+02:00","inLanguage":"hu-HU","mainEntityOfPage":{"@id":"https:\/\/allasorias.hu\/hirek\/mar-munkaerohiany-is-tapasztalhato-a-gazdasagban\/#webpage"},"isPartOf":{"@id":"https:\/\/allasorias.hu\/hirek\/mar-munkaerohiany-is-tapasztalhato-a-gazdasagban\/#webpage"},"articleSection":"Gazdas\u00e1g, Munkaer\u0151piac"},{"@type":"BreadcrumbList","@id":"https:\/\/allasorias.hu\/hirek\/mar-munkaerohiany-is-tapasztalhato-a-gazdasagban\/#breadcrumblist","itemListElement":[{"@type":"ListItem","@id":"https:\/\/allasorias.hu\/hirek#listItem","position":1,"name":"Home","item":"https:\/\/allasorias.hu\/hirek","nextItem":{"@type":"ListItem","@id":"https:\/\/allasorias.hu\/hirek\/temak\/gazdasag\/#listItem","name":"Gazdas\u00e1g"}},{"@type":"ListItem","@id":"https:\/\/allasorias.hu\/hirek\/temak\/gazdasag\/#listItem","position":2,"name":"Gazdas\u00e1g","item":"https:\/\/allasorias.hu\/hirek\/temak\/gazdasag\/","nextItem":{"@type":"ListItem","@id":"https:\/\/allasorias.hu\/hirek\/mar-munkaerohiany-is-tapasztalhato-a-gazdasagban\/#listItem","name":"M\u00e1r munkaer\u0151hi\u00e1ny is tapasztalhat\u00f3 a gazdas\u00e1gban"},"previousItem":{"@type":"ListItem","@id":"https:\/\/allasorias.hu\/hirek#listItem","name":"Home"}},{"@type":"ListItem","@id":"https:\/\/allasorias.hu\/hirek\/mar-munkaerohiany-is-tapasztalhato-a-gazdasagban\/#listItem","position":3,"name":"M\u00e1r munkaer\u0151hi\u00e1ny is tapasztalhat\u00f3 a gazdas\u00e1gban","previousItem":{"@type":"ListItem","@id":"https:\/\/allasorias.hu\/hirek\/temak\/gazdasag\/#listItem","name":"Gazdas\u00e1g"}}]},{"@type":"Organization","@id":"https:\/\/allasorias.hu\/hirek\/#organization","name":"AllasOrias.hu | H\u00edrek-lapszemle","description":"\u00dczleti h\u00edrek az \u00e1ll\u00e1s \u00e9s a munka vil\u00e1g\u00e1b\u00f3l","url":"https:\/\/allasorias.hu\/hirek\/","logo":{"@type":"ImageObject","url":"https:\/\/allasorias.hu\/hirek\/wp-content\/uploads\/2022\/10\/allasorias_site_facebok_logo.png","@id":"https:\/\/allasorias.hu\/hirek\/mar-munkaerohiany-is-tapasztalhato-a-gazdasagban\/#organizationLogo"},"image":{"@id":"https:\/\/allasorias.hu\/hirek\/mar-munkaerohiany-is-tapasztalhato-a-gazdasagban\/#organizationLogo"},"sameAs":["https:\/\/www.facebook.com\/allasorias","https:\/\/www.linkedin.com\/company\/allasorias"]},{"@type":"Person","@id":"https:\/\/allasorias.hu\/hirek\/author\/admin-allasorias\/#author","url":"https:\/\/allasorias.hu\/hirek\/author\/admin-allasorias\/","name":"Juh\u00e1sz P\u00e9ter","image":{"@type":"ImageObject","@id":"https:\/\/allasorias.hu\/hirek\/mar-munkaerohiany-is-tapasztalhato-a-gazdasagban\/#authorImage","url":"https:\/\/secure.gravatar.com\/avatar\/36e6bcb83148978b992977cb0f54d22feb0cce8a0a849a9410532bb2623ba4c6?s=96&d=mm&r=g","width":96,"height":96,"caption":"Juh\u00e1sz P\u00e9ter"}},{"@type":"WebPage","@id":"https:\/\/allasorias.hu\/hirek\/mar-munkaerohiany-is-tapasztalhato-a-gazdasagban\/#webpage","url":"https:\/\/allasorias.hu\/hirek\/mar-munkaerohiany-is-tapasztalhato-a-gazdasagban\/","name":"M\u00e1r munkaer\u0151hi\u00e1ny is tapasztalhat\u00f3 a gazdas\u00e1gban | AllasOrias.hu | H\u00edrek-lapszemle","description":"A termel\u0151szektorban jelenleg is k\u00f6zel 1300 bet\u00f6ltetlen \u00e1ll\u00e1shelyre keres munkav\u00e1llal\u00f3t, de a folyamatos dinamikus b\u0151v\u00fcl\u00e9s miatt az \u00fczleti szolg\u00e1ltat\u00f3 k\u00f6zpontokban, IT ter\u00fcleten, illetve a sz\u00e1lloda- \u00e9s vend\u00e9gl\u00e1t\u00f3iparban is rengeteg jelenleg a nyitott poz\u00edci\u00f3. Visszarendez\u0151dik a gazdas\u00e1g a pand\u00e9mia ut\u00e1n, a KSH adatok szerint rekordszinten a foglalkoztatotts\u00e1g, a WHC Csoport saj\u00e1t tapasztalatai alapj\u00e1n pedig \u00fajra munkaer\u0151hi\u00e1ny","inLanguage":"hu-HU","isPartOf":{"@id":"https:\/\/allasorias.hu\/hirek\/#website"},"breadcrumb":{"@id":"https:\/\/allasorias.hu\/hirek\/mar-munkaerohiany-is-tapasztalhato-a-gazdasagban\/#breadcrumblist"},"author":{"@id":"https:\/\/allasorias.hu\/hirek\/author\/admin-allasorias\/#author"},"creator":{"@id":"https:\/\/allasorias.hu\/hirek\/author\/admin-allasorias\/#author"},"image":{"@type":"ImageObject","url":"https:\/\/allasorias.hu\/hirek\/wp-content\/uploads\/2020\/10\/office-desktop-with-laptop-analytics.jpg","@id":"https:\/\/allasorias.hu\/hirek\/mar-munkaerohiany-is-tapasztalhato-a-gazdasagban\/#mainImage","width":1280,"height":854},"primaryImageOfPage":{"@id":"https:\/\/allasorias.hu\/hirek\/mar-munkaerohiany-is-tapasztalhato-a-gazdasagban\/#mainImage"},"datePublished":"2021-09-01T06:56:04+02:00","dateModified":"2021-09-01T06:56:04+02:00"},{"@type":"WebSite","@id":"https:\/\/allasorias.hu\/hirek\/#website","url":"https:\/\/allasorias.hu\/hirek\/","name":"AllasOrias.hu | H\u00edrek-lapszemle","description":"\u00dczleti h\u00edrek az \u00e1ll\u00e1s \u00e9s a munka vil\u00e1g\u00e1b\u00f3l","inLanguage":"hu-HU","publisher":{"@id":"https:\/\/allasorias.hu\/hirek\/#organization"}}]},"og:locale":"hu_HU","og:site_name":"AllasOrias.hu | H\u00edrek-lapszemle | \u00dczleti h\u00edrek az \u00e1ll\u00e1s \u00e9s a munka vil\u00e1g\u00e1b\u00f3l","og:type":"article","og:title":"M\u00e1r munkaer\u0151hi\u00e1ny is tapasztalhat\u00f3 a gazdas\u00e1gban | AllasOrias.hu | H\u00edrek-lapszemle","og:description":"A termel\u0151szektorban jelenleg is k\u00f6zel 1300 bet\u00f6ltetlen \u00e1ll\u00e1shelyre keres munkav\u00e1llal\u00f3t, de a folyamatos dinamikus b\u0151v\u00fcl\u00e9s miatt az \u00fczleti szolg\u00e1ltat\u00f3 k\u00f6zpontokban, IT ter\u00fcleten, illetve a sz\u00e1lloda- \u00e9s vend\u00e9gl\u00e1t\u00f3iparban is rengeteg jelenleg a nyitott poz\u00edci\u00f3. Visszarendez\u0151dik a gazdas\u00e1g a pand\u00e9mia ut\u00e1n, a KSH adatok szerint rekordszinten a foglalkoztatotts\u00e1g, a WHC Csoport saj\u00e1t tapasztalatai alapj\u00e1n pedig \u00fajra munkaer\u0151hi\u00e1ny","og:url":"https:\/\/allasorias.hu\/hirek\/mar-munkaerohiany-is-tapasztalhato-a-gazdasagban\/","og:image":"https:\/\/allasorias.hu\/hirek\/wp-content\/uploads\/2020\/10\/office-desktop-with-laptop-analytics.jpg","og:image:secure_url":"https:\/\/allasorias.hu\/hirek\/wp-content\/uploads\/2020\/10\/office-desktop-with-laptop-analytics.jpg","og:image:width":1280,"og:image:height":854,"article:published_time":"2021-09-01T06:56:04+00:00","article:modified_time":"2021-09-01T06:56:04+00:00","article:publisher":"https:\/\/www.facebook.com\/allasorias","twitter:card":"summary_large_image","twitter:title":"M\u00e1r munkaer\u0151hi\u00e1ny is tapasztalhat\u00f3 a gazdas\u00e1gban | AllasOrias.hu | H\u00edrek-lapszemle","twitter:description":"A termel\u0151szektorban jelenleg is k\u00f6zel 1300 bet\u00f6ltetlen \u00e1ll\u00e1shelyre keres munkav\u00e1llal\u00f3t, de a folyamatos dinamikus b\u0151v\u00fcl\u00e9s miatt az \u00fczleti szolg\u00e1ltat\u00f3 k\u00f6zpontokban, IT ter\u00fcleten, illetve a sz\u00e1lloda- \u00e9s vend\u00e9gl\u00e1t\u00f3iparban is rengeteg jelenleg a nyitott poz\u00edci\u00f3. Visszarendez\u0151dik a gazdas\u00e1g a pand\u00e9mia ut\u00e1n, a KSH adatok szerint rekordszinten a foglalkoztatotts\u00e1g, a WHC Csoport saj\u00e1t tapasztalatai alapj\u00e1n pedig \u00fajra munkaer\u0151hi\u00e1ny","twitter:image":"https:\/\/allasorias.hu\/hirek\/wp-content\/uploads\/2020\/10\/office-desktop-with-laptop-analytics.jpg","twitter:label1":"Written by","twitter:data1":"Juh\u00e1sz P\u00e9ter","twitter:label2":"Est. reading time","twitter:data2":"4 minutes"},"aioseo_meta_data":{"post_id":"5023","title":null,"description":null,"keywords":[],"keyphrases":{"focus":[],"additional":[]},"primary_term":null,"canonical_url":null,"og_title":null,"og_description":null,"og_object_type":"default","og_image_type":"default","og_image_url":null,"og_image_width":null,"og_image_height":null,"og_image_custom_url":null,"og_image_custom_fields":null,"og_video":"","og_custom_url":null,"og_article_section":null,"og_article_tags":[],"twitter_use_og":false,"twitter_card":"default","twitter_image_type":"default","twitter_image_url":null,"twitter_image_custom_url":null,"twitter_image_custom_fields":null,"twitter_title":null,"twitter_description":null,"schema":{"blockGraphs":[],"customGraphs":[],"default":{"data":{"Article":[],"Course":[],"Dataset":[],"FAQPage":[],"Movie":[],"Person":[],"Product":[],"ProductReview":[],"Car":[],"Recipe":[],"Service":[],"SoftwareApplication":[],"WebPage":[]},"graphName":"","isEnabled":true},"graphs":[],"defaultGraph":"Article","defaultPostTypeGraph":""},"schema_type":"default","schema_type_options":"{\"article\":{\"articleType\":\"BlogPosting\"},\"course\":{\"name\":\"\",\"description\":\"\",\"provider\":\"\"},\"faq\":{\"pages\":[]},\"product\":{\"reviews\":[]},\"recipe\":{\"ingredients\":[],\"instructions\":[],\"keywords\":[]},\"software\":{\"reviews\":[],\"operatingSystems\":[]},\"webPage\":{\"webPageType\":\"WebPage\"}}","pillar_content":false,"robots_default":true,"robots_noindex":false,"robots_noarchive":false,"robots_nosnippet":false,"robots_nofollow":false,"robots_noimageindex":false,"robots_noodp":false,"robots_notranslate":false,"robots_max_snippet":"-1","robots_max_videopreview":"-1","robots_max_imagepreview":"large","priority":null,"frequency":"default","location":null,"local_seo":{"locations":{"business":{"name":"","businessType":"","image":"","areaServed":"","urls":{"website":"","aboutPage":"","contactPage":""},"address":{"streetLine1":"","streetLine2":"","zipCode":"","city":"","state":"","country":"","addressFormat":"#streetLineOne\n#streetLineTwo\n#city, #state #zipCode"},"contact":{"email":"","phone":"","phoneFormatted":"","fax":"","faxFormatted":""},"ids":{"vat":"","tax":"","chamberOfCommerce":""},"payment":{"priceRange":"","currenciesAccepted":"","methods":""}}},"openingHours":{"useDefaults":true,"show":true,"alwaysOpen":false,"use24hFormat":false,"timezone":"","labels":{"closed":"","alwaysOpen":""},"days":{"monday":{"open24h":false,"closed":false,"openTime":"09:00","closeTime":"17:00"},"tuesday":{"open24h":false,"closed":false,"openTime":"09:00","closeTime":"17:00"},"wednesday":{"open24h":false,"closed":false,"openTime":"09:00","closeTime":"17:00"},"thursday":{"open24h":false,"closed":false,"openTime":"09:00","closeTime":"17:00"},"friday":{"open24h":false,"closed":false,"openTime":"09:00","closeTime":"17:00"},"saturday":{"open24h":false,"closed":false,"openTime":"09:00","closeTime":"17:00"},"sunday":{"open24h":false,"closed":false,"openTime":"09:00","closeTime":"17:00"}}}},"breadcrumb_settings":null,"limit_modified_date":false,"ai":null,"created":"2021-09-01 06:48:47","updated":"2025-10-02 16:06:28","seo_analyzer_scan_date":null,"focus_keyword":null,"additional_keywords":null,"truseo_locale":null},"aioseo_breadcrumb":"<div class=\"aioseo-breadcrumbs\"><span class=\"aioseo-breadcrumb\">\n\t\t\t<a href=\"https:\/\/allasorias.hu\/hirek\" title=\"Home\">Home<\/a>\n\t\t<\/span><span class=\"aioseo-breadcrumb-separator\">&raquo;<\/span><span class=\"aioseo-breadcrumb\">\n\t\t\t<a href=\"https:\/\/allasorias.hu\/hirek\/temak\/gazdasag\/\" title=\"Gazdas\u00e1g\">Gazdas\u00e1g<\/a>\n\t\t<\/span><span class=\"aioseo-breadcrumb-separator\">&raquo;<\/span><span class=\"aioseo-breadcrumb\">\n\t\t\tM\u00e1r munkaer\u0151hi\u00e1ny is tapasztalhat\u00f3 a gazdas\u00e1gban\n\t\t<\/span><\/div>","aioseo_breadcrumb_json":[{"label":"Home","link":"https:\/\/allasorias.hu\/hirek"},{"label":"Gazdas\u00e1g","link":"https:\/\/allasorias.hu\/hirek\/temak\/gazdasag\/"},{"label":"M\u00e1r munkaer\u0151hi\u00e1ny is tapasztalhat\u00f3 a gazdas\u00e1gban","link":"https:\/\/allasorias.hu\/hirek\/mar-munkaerohiany-is-tapasztalhato-a-gazdasagban\/"}],"_links":{"self":[{"href":"https:\/\/allasorias.hu\/hirek\/wp-json\/wp\/v2\/posts\/5023","targetHints":{"allow":["GET"]}}],"collection":[{"href":"https:\/\/allasorias.hu\/hirek\/wp-json\/wp\/v2\/posts"}],"about":[{"href":"https:\/\/allasorias.hu\/hirek\/wp-json\/wp\/v2\/types\/post"}],"author":[{"embeddable":true,"href":"https:\/\/allasorias.hu\/hirek\/wp-json\/wp\/v2\/users\/1"}],"replies":[{"embeddable":true,"href":"https:\/\/allasorias.hu\/hirek\/wp-json\/wp\/v2\/comments?post=5023"}],"version-history":[{"count":1,"href":"https:\/\/allasorias.hu\/hirek\/wp-json\/wp\/v2\/posts\/5023\/revisions"}],"predecessor-version":[{"id":5024,"href":"https:\/\/allasorias.hu\/hirek\/wp-json\/wp\/v2\/posts\/5023\/revisions\/5024"}],"wp:featuredmedia":[{"embeddable":true,"href":"https:\/\/allasorias.hu\/hirek\/wp-json\/wp\/v2\/media\/4337"}],"wp:attachment":[{"href":"https:\/\/allasorias.hu\/hirek\/wp-json\/wp\/v2\/media?parent=5023"}],"wp:term":[{"taxonomy":"category","embeddable":true,"href":"https:\/\/allasorias.hu\/hirek\/wp-json\/wp\/v2\/categories?post=5023"},{"taxonomy":"post_tag","embeddable":true,"href":"https:\/\/allasorias.hu\/hirek\/wp-json\/wp\/v2\/tags?post=5023"}],"curies":[{"name":"wp","href":"https:\/\/api.w.org\/{rel}","templated":true}]}}