{"id":4994,"date":"2021-08-18T10:28:43","date_gmt":"2021-08-18T10:28:43","guid":{"rendered":"https:\/\/allasorias.hu\/hirek\/?p=4994"},"modified":"2021-08-18T10:28:43","modified_gmt":"2021-08-18T10:28:43","slug":"sok-orvost-erint-az-adovaltozas","status":"publish","type":"post","link":"https:\/\/allasorias.hu\/hirek\/sok-orvost-erint-az-adovaltozas\/","title":{"rendered":"Sok orvost \u00e9rint az ad\u00f3v\u00e1ltoz\u00e1s"},"content":{"rendered":"<p><strong>Mint ismert, szigorodtak a kat\u00e1z\u00e1s szab\u00e1lyai: ha a megb\u00edz\u00f3 c\u00e9g a kat\u00e1s v\u00e1llalkoz\u00e1snak az ad\u00f3\u00e9vben 3 milli\u00f3 forintn\u00e1l t\u00f6bbet fizet ki, akkor az e feletti r\u00e9sz ut\u00e1n 40 sz\u00e1zal\u00e9kos ad\u00f3t kell fizetnie. A szakmai szervezetek szerint diszkriminat\u00edv a szab\u00e1lyoz\u00e1s, mely k\u00fcl\u00f6nbs\u00e9get tesz a mag\u00e1n- \u00e9s az \u00e1llami szf\u00e9ra k\u00f6z\u00f6tt. \u201eAz Eg\u00e9szs\u00e9gbiztos\u00edt\u00e1si Alapb\u00f3l k\u00f6zvetlen\u00fcl a kat\u00e1s (kisad\u00f3z\u00f3 v\u00e1llalkoz\u00e1sok t\u00e9teles ad\u00f3j\u00e1t ig\u00e9nybe vev\u0151) v\u00e1llalkoz\u00e1snak kifizetett \u00f6sszegek mentes\u00fclnek a 40 sz\u00e1zal\u00e9kos szab\u00e1ly al\u00f3l, csakhogy a vonatkoz\u00f3 jogszab\u00e1ly t\u00f6bb pontja is \u00e1tfed\u00e9sbe ker\u00fclhet, az egyik ki\u00fcres\u00edtheti a m\u00e1sikat\u201d \u2013 mondta el a Vil\u00e1ggazdas\u00e1gnak Bajusz D\u00e1niel, a V\u00e1mosi-Nagy Ernst and Young \u00dcgyv\u00e9di Iroda szak\u00e9rt\u0151je. <\/strong><\/p>\n<p>Mint ismert, szigorodtak a kat\u00e1z\u00e1s szab\u00e1lyai: ha a megb\u00edz\u00f3 c\u00e9g a kat\u00e1s v\u00e1llalkoz\u00e1snak az ad\u00f3\u00e9vben 3 milli\u00f3 forintn\u00e1l t\u00f6bbet fizet ki, akkor az e feletti r\u00e9sz ut\u00e1n 40 sz\u00e1zal\u00e9kos ad\u00f3t kell fizetnie. Mivel a d\u00f6nt\u00e9s t\u00f6bb ezer orvost \u00e9rintett, a korm\u00e1nyzat m\u00f3dos\u00edtotta a kat\u00e1r\u00f3l sz\u00f3l\u00f3 t\u00f6rv\u00e9nyt, ennek \u00e9rtelm\u00e9ben az ad\u00f3 alapj\u00e1nak meghat\u00e1roz\u00e1sakor nem kell sz\u00e1m\u00edt\u00e1sba venni azt az \u00f6sszeget, amelyet a kifizet\u0151 az Eg\u00e9szs\u00e9gbiztos\u00edt\u00e1si Alapb\u00f3l sz\u00e1rmaz\u00f3 finansz\u00edroz\u00e1sk\u00e9nt juttat az eg\u00e9szs\u00e9g\u00fcgyi szolg\u00e1ltat\u00f3 kisad\u00f3z\u00f3 v\u00e1llalkoz\u00e1snak, \u00e9s ugyanez vonatkozik a kifizet\u0151 k\u00f6lts\u00e9gvet\u00e9si szervekre is.Leitner Gy\u00f6rgy, a tizenk\u00e9t mag\u00e1neg\u00e9szs\u00e9g\u00fcgyi szolg\u00e1ltat\u00f3t t\u00f6m\u00f6r\u00edt\u0151 Primus Egyes\u00fclet eln\u00f6ke, az Affidea Magyarorsz\u00e1g vez\u00e9rigazgat\u00f3ja szerint a szab\u00e1lyoz\u00e1s diszkriminat\u00edv, \u00e9s feleslegesen tesz k\u00fcl\u00f6nbs\u00e9get a mag\u00e1n- \u00e9s az \u00e1llami szf\u00e9ra k\u00f6z\u00f6tt, amikor ut\u00f3bbi csoportot mentes\u00edti a 40 sz\u00e1zal\u00e9kos ad\u00f3 al\u00f3l.\u00a0 Ugyanis az orvosok emiatt k\u00e9nytelenek m\u00e1s v\u00e1llalkoz\u00e1si form\u00e1t l\u00e9trehozni, ami pluszmunk\u00e1t okoz sz\u00e1mukra. Leitner Gy\u00f6rgy szerint 5-8 ezer orvost \u00e9rinthet a szab\u00e1lyoz\u00e1s. Mint Bajusz D\u00e1niel elmondta, az eg\u00e9szs\u00e9g\u00fcgyben az az elj\u00e1r\u00e1s alakult ki, hogy a kat\u00e1s orvosok k\u00f6zvetlen\u00fcl sz\u00e1ml\u00e1znak a k\u00f3rh\u00e1zaknak, vagy pedig tev\u00e9kenys\u00e9g\u00fcket mag\u00e1nv\u00e1llalkoz\u00e1sok fogj\u00e1k \u00f6ssze, \u00e9s azok sz\u00e1ml\u00e1znak, majd a Nemzeti Eg\u00e9szs\u00e9gbiztos\u00edt\u00e1si Alapkezel\u0151 forr\u00e1saib\u00f3l (NEAK) finansz\u00edrozott bev\u00e9tel\u00fcket osztj\u00e1k tov\u00e1bb kifizet\u0151k\u00e9nt a kat\u00e1s orvosoknak. A k\u00f6zvetlen\u00fcl a k\u00f3rh\u00e1zaknak dolgoz\u00f3 kat\u00e1s v\u00e1llalkoz\u00f3k kapcs\u00e1n is kialakultak \u00e9rtelmez\u00e9si bizonytalans\u00e1gok. Hi\u00e1ba min\u0151s\u00fcl a k\u00f3rh\u00e1z k\u00f6lts\u00e9gvet\u00e9si szervnek, \u00e9s ezzel mentes\u00fclhet a 40 sz\u00e1zal\u00e9kos k\u00f6telezetts\u00e9g al\u00f3l, felmer\u00fclt, hogy a NEAK-t\u00f3l sz\u00e1rmaz\u00f3 \u00e9s az egy\u00e9b mag\u00e1nbev\u00e9teleit a k\u00f3rh\u00e1z nem tudja elk\u00fcl\u00f6n\u00edteni, \u00edgy al\u00e1t\u00e1masztani sem a kifizet\u00e9s NEAK-finansz\u00edroz\u00e1si forr\u00e1s\u00e1t. A NAV inform\u00e1ci\u00f3s f\u00fczete szerint a szab\u00e1ly nem alkalmazhat\u00f3, ha a kisad\u00f3z\u00f3 v\u00e1llalkoz\u00e1s \u00e1ltal ny\u00fajtott szolg\u00e1ltat\u00e1st ak\u00e1r t\u00f6bb k\u00f6zvet\u00edt\u0151n kereszt\u00fcl finansz\u00edrozz\u00e1k. Bajusz D\u00e1niel szerint nemegy\u00e9rtelm\u0171, hogy ez a 40 sz\u00e1zal\u00e9kos ad\u00f3 megfizet\u00e9s\u00e9re vagy a kiv\u00e9telekre vonatkozik.\u201eA sz\u00f6vegk\u00f6rnyezetb\u0151l arra lehet k\u00f6vetkeztetni, hogy ha a kat\u00e1s orvos k\u00f6zvetlen\u00fcl az \u00e1llamh\u00e1ztart\u00e1si t\u00f6rv\u00e9ny szerinti k\u00f6lts\u00e9gvet\u00e9si szervnek min\u0151s\u00fcl\u0151 k\u00f3rh\u00e1zt\u00f3l kap bev\u00e9telt, akkor a t\u00f6rv\u00e9ny d) pontja alapj\u00e1n, viszont ha k\u00f6zvet\u00edt\u0151n kereszt\u00fcl, de m\u00e9g mindig az NEAK-b\u00f3l sz\u00e1rmaz\u00f3 finansz\u00edroz\u00e1si forr\u00e1sb\u00f3l kapja a bev\u00e9telt, akkor pedig a b) pont alapj\u00e1n mentes\u00fcl, \u00edgy elker\u00fclhet\u0151 a k\u00e9tf\u00e9le m\u0171k\u00f6d\u00e9si forma k\u00f6z\u00f6tti megk\u00fcl\u00f6nb\u00f6ztet\u00e9s. V\u00e9lem\u00e9nyem szerint ez lehetett a jogalkot\u00f3 sz\u00e1nd\u00e9ka is\u201d \u2013 mondta, hozz\u00e1t\u00e9ve, hogy a t\u00f6rv\u00e9ny szerint azok, akik az \u00e9v elej\u00e9vel elvesztett\u00e9k kat\u00e1s st\u00e1tuszukat, egy \u00e9vig nem v\u00e1laszthatj\u00e1k \u00fajra azt.<\/p>\n<p>Forr\u00e1s: hrportal.hu<\/p>\n","protected":false},"excerpt":{"rendered":"<p>Mint ismert, szigorodtak a kat\u00e1z\u00e1s szab\u00e1lyai: ha a megb\u00edz\u00f3 c\u00e9g a kat\u00e1s v\u00e1llalkoz\u00e1snak az ad\u00f3\u00e9vben 3 milli\u00f3 forintn\u00e1l t\u00f6bbet fizet ki, akkor az e feletti r\u00e9sz ut\u00e1n 40 sz\u00e1zal\u00e9kos ad\u00f3t kell fizetnie. A szakmai szervezetek szerint diszkriminat\u00edv a szab\u00e1lyoz\u00e1s, mely k\u00fcl\u00f6nbs\u00e9get tesz a mag\u00e1n- \u00e9s az \u00e1llami szf\u00e9ra k\u00f6z\u00f6tt. \u201eAz Eg\u00e9szs\u00e9gbiztos\u00edt\u00e1si Alapb\u00f3l k\u00f6zvetlen\u00fcl a kat\u00e1s [&hellip;]<\/p>\n","protected":false},"author":1,"featured_media":4298,"comment_status":"open","ping_status":"open","sticky":false,"template":"","format":"standard","meta":{"_monsterinsights_skip_tracking":false,"footnotes":""},"categories":[198],"tags":[],"class_list":["post-4994","post","type-post","status-publish","format-standard","has-post-thumbnail","hentry","category-gazdasag"],"aioseo_notices":[],"aioseo_head":"\n\t\t<!-- All in One SEO 5.0.0.1 - aioseo.com -->\n\t<meta name=\"description\" content=\"Mint ismert, szigorodtak a kat\u00e1z\u00e1s szab\u00e1lyai: ha a megb\u00edz\u00f3 c\u00e9g a kat\u00e1s v\u00e1llalkoz\u00e1snak az ad\u00f3\u00e9vben 3 milli\u00f3 forintn\u00e1l t\u00f6bbet fizet ki, akkor az e feletti r\u00e9sz ut\u00e1n 40 sz\u00e1zal\u00e9kos ad\u00f3t kell fizetnie. A szakmai szervezetek szerint diszkriminat\u00edv a szab\u00e1lyoz\u00e1s, mely k\u00fcl\u00f6nbs\u00e9get tesz a mag\u00e1n- \u00e9s az \u00e1llami szf\u00e9ra k\u00f6z\u00f6tt. \u201eAz Eg\u00e9szs\u00e9gbiztos\u00edt\u00e1si Alapb\u00f3l k\u00f6zvetlen\u00fcl a kat\u00e1s\" \/>\n\t<meta name=\"robots\" content=\"max-image-preview:large\" \/>\n\t<meta name=\"author\" content=\"Juh\u00e1sz P\u00e9ter\"\/>\n\t<link rel=\"canonical\" href=\"https:\/\/allasorias.hu\/hirek\/sok-orvost-erint-az-adovaltozas\/\" \/>\n\t<meta name=\"generator\" content=\"All in One SEO (AIOSEO) 5.0.0.1\" \/>\n\t\t<meta property=\"og:locale\" content=\"hu_HU\" \/>\n\t\t<meta property=\"og:site_name\" content=\"AllasOrias.hu | H\u00edrek-lapszemle | \u00dczleti h\u00edrek az \u00e1ll\u00e1s \u00e9s a munka vil\u00e1g\u00e1b\u00f3l\" \/>\n\t\t<meta property=\"og:type\" content=\"article\" \/>\n\t\t<meta property=\"og:title\" content=\"Sok orvost \u00e9rint az ad\u00f3v\u00e1ltoz\u00e1s | AllasOrias.hu | H\u00edrek-lapszemle\" \/>\n\t\t<meta property=\"og:description\" content=\"Mint ismert, szigorodtak a kat\u00e1z\u00e1s szab\u00e1lyai: ha a megb\u00edz\u00f3 c\u00e9g a kat\u00e1s v\u00e1llalkoz\u00e1snak az ad\u00f3\u00e9vben 3 milli\u00f3 forintn\u00e1l t\u00f6bbet fizet ki, akkor az e feletti r\u00e9sz ut\u00e1n 40 sz\u00e1zal\u00e9kos ad\u00f3t kell fizetnie. A szakmai szervezetek szerint diszkriminat\u00edv a szab\u00e1lyoz\u00e1s, mely k\u00fcl\u00f6nbs\u00e9get tesz a mag\u00e1n- \u00e9s az \u00e1llami szf\u00e9ra k\u00f6z\u00f6tt. \u201eAz Eg\u00e9szs\u00e9gbiztos\u00edt\u00e1si Alapb\u00f3l k\u00f6zvetlen\u00fcl a kat\u00e1s\" \/>\n\t\t<meta property=\"og:url\" content=\"https:\/\/allasorias.hu\/hirek\/sok-orvost-erint-az-adovaltozas\/\" \/>\n\t\t<meta property=\"og:image\" content=\"https:\/\/allasorias.hu\/hirek\/wp-content\/uploads\/2020\/10\/315891-P8RUWI-712.jpg\" \/>\n\t\t<meta property=\"og:image:secure_url\" content=\"https:\/\/allasorias.hu\/hirek\/wp-content\/uploads\/2020\/10\/315891-P8RUWI-712.jpg\" \/>\n\t\t<meta property=\"og:image:width\" content=\"1200\" \/>\n\t\t<meta property=\"og:image:height\" content=\"800\" \/>\n\t\t<meta property=\"article:published_time\" content=\"2021-08-18T10:28:43+00:00\" \/>\n\t\t<meta property=\"article:modified_time\" content=\"2021-08-18T10:28:43+00:00\" \/>\n\t\t<meta property=\"article:publisher\" content=\"https:\/\/www.facebook.com\/allasorias\" \/>\n\t\t<meta name=\"twitter:card\" content=\"summary_large_image\" \/>\n\t\t<meta name=\"twitter:title\" content=\"Sok orvost \u00e9rint az ad\u00f3v\u00e1ltoz\u00e1s | AllasOrias.hu | H\u00edrek-lapszemle\" \/>\n\t\t<meta name=\"twitter:description\" content=\"Mint ismert, szigorodtak a kat\u00e1z\u00e1s szab\u00e1lyai: ha a megb\u00edz\u00f3 c\u00e9g a kat\u00e1s v\u00e1llalkoz\u00e1snak az ad\u00f3\u00e9vben 3 milli\u00f3 forintn\u00e1l t\u00f6bbet fizet ki, akkor az e feletti r\u00e9sz ut\u00e1n 40 sz\u00e1zal\u00e9kos ad\u00f3t kell fizetnie. A szakmai szervezetek szerint diszkriminat\u00edv a szab\u00e1lyoz\u00e1s, mely k\u00fcl\u00f6nbs\u00e9get tesz a mag\u00e1n- \u00e9s az \u00e1llami szf\u00e9ra k\u00f6z\u00f6tt. \u201eAz Eg\u00e9szs\u00e9gbiztos\u00edt\u00e1si Alapb\u00f3l k\u00f6zvetlen\u00fcl a kat\u00e1s\" \/>\n\t\t<meta name=\"twitter:image\" content=\"https:\/\/allasorias.hu\/hirek\/wp-content\/uploads\/2020\/10\/315891-P8RUWI-712.jpg\" \/>\n\t\t<meta name=\"twitter:label1\" content=\"Written by\" \/>\n\t\t<meta name=\"twitter:data1\" content=\"Juh\u00e1sz P\u00e9ter\" \/>\n\t\t<meta name=\"twitter:label2\" content=\"Est. reading time\" \/>\n\t\t<meta name=\"twitter:data2\" content=\"4 minutes\" \/>\n\t\t<script type=\"application\/ld+json\" class=\"aioseo-schema\">\n\t\t\t{\"@context\":\"https:\\\/\\\/schema.org\",\"@graph\":[{\"@type\":\"Article\",\"@id\":\"https:\\\/\\\/allasorias.hu\\\/hirek\\\/sok-orvost-erint-az-adovaltozas\\\/#article\",\"name\":\"Sok orvost \\u00e9rint az ad\\u00f3v\\u00e1ltoz\\u00e1s | AllasOrias.hu | H\\u00edrek-lapszemle\",\"headline\":\"Sok orvost \\u00e9rint az ad\\u00f3v\\u00e1ltoz\\u00e1s\",\"author\":{\"@id\":\"https:\\\/\\\/allasorias.hu\\\/hirek\\\/author\\\/admin-allasorias\\\/#author\"},\"publisher\":{\"@id\":\"https:\\\/\\\/allasorias.hu\\\/hirek\\\/#organization\"},\"image\":{\"@type\":\"ImageObject\",\"url\":\"https:\\\/\\\/allasorias.hu\\\/hirek\\\/wp-content\\\/uploads\\\/2020\\\/10\\\/315891-P8RUWI-712.jpg\",\"width\":1200,\"height\":800},\"datePublished\":\"2021-08-18T10:28:43+02:00\",\"dateModified\":\"2021-08-18T10:28:43+02:00\",\"inLanguage\":\"hu-HU\",\"mainEntityOfPage\":{\"@id\":\"https:\\\/\\\/allasorias.hu\\\/hirek\\\/sok-orvost-erint-az-adovaltozas\\\/#webpage\"},\"isPartOf\":{\"@id\":\"https:\\\/\\\/allasorias.hu\\\/hirek\\\/sok-orvost-erint-az-adovaltozas\\\/#webpage\"},\"articleSection\":\"Gazdas\\u00e1g\"},{\"@type\":\"BreadcrumbList\",\"@id\":\"https:\\\/\\\/allasorias.hu\\\/hirek\\\/sok-orvost-erint-az-adovaltozas\\\/#breadcrumblist\",\"itemListElement\":[{\"@type\":\"ListItem\",\"@id\":\"https:\\\/\\\/allasorias.hu\\\/hirek#listItem\",\"position\":1,\"name\":\"Home\",\"item\":\"https:\\\/\\\/allasorias.hu\\\/hirek\",\"nextItem\":{\"@type\":\"ListItem\",\"@id\":\"https:\\\/\\\/allasorias.hu\\\/hirek\\\/temak\\\/gazdasag\\\/#listItem\",\"name\":\"Gazdas\\u00e1g\"}},{\"@type\":\"ListItem\",\"@id\":\"https:\\\/\\\/allasorias.hu\\\/hirek\\\/temak\\\/gazdasag\\\/#listItem\",\"position\":2,\"name\":\"Gazdas\\u00e1g\",\"item\":\"https:\\\/\\\/allasorias.hu\\\/hirek\\\/temak\\\/gazdasag\\\/\",\"nextItem\":{\"@type\":\"ListItem\",\"@id\":\"https:\\\/\\\/allasorias.hu\\\/hirek\\\/sok-orvost-erint-az-adovaltozas\\\/#listItem\",\"name\":\"Sok orvost \\u00e9rint az ad\\u00f3v\\u00e1ltoz\\u00e1s\"},\"previousItem\":{\"@type\":\"ListItem\",\"@id\":\"https:\\\/\\\/allasorias.hu\\\/hirek#listItem\",\"name\":\"Home\"}},{\"@type\":\"ListItem\",\"@id\":\"https:\\\/\\\/allasorias.hu\\\/hirek\\\/sok-orvost-erint-az-adovaltozas\\\/#listItem\",\"position\":3,\"name\":\"Sok orvost \\u00e9rint az ad\\u00f3v\\u00e1ltoz\\u00e1s\",\"previousItem\":{\"@type\":\"ListItem\",\"@id\":\"https:\\\/\\\/allasorias.hu\\\/hirek\\\/temak\\\/gazdasag\\\/#listItem\",\"name\":\"Gazdas\\u00e1g\"}}]},{\"@type\":\"Organization\",\"@id\":\"https:\\\/\\\/allasorias.hu\\\/hirek\\\/#organization\",\"name\":\"AllasOrias.hu | H\\u00edrek-lapszemle\",\"description\":\"\\u00dczleti h\\u00edrek az \\u00e1ll\\u00e1s \\u00e9s a munka vil\\u00e1g\\u00e1b\\u00f3l\",\"url\":\"https:\\\/\\\/allasorias.hu\\\/hirek\\\/\",\"logo\":{\"@type\":\"ImageObject\",\"url\":\"https:\\\/\\\/allasorias.hu\\\/hirek\\\/wp-content\\\/uploads\\\/2022\\\/10\\\/allasorias_site_facebok_logo.png\",\"@id\":\"https:\\\/\\\/allasorias.hu\\\/hirek\\\/sok-orvost-erint-az-adovaltozas\\\/#organizationLogo\"},\"image\":{\"@id\":\"https:\\\/\\\/allasorias.hu\\\/hirek\\\/sok-orvost-erint-az-adovaltozas\\\/#organizationLogo\"},\"sameAs\":[\"https:\\\/\\\/www.facebook.com\\\/allasorias\",\"https:\\\/\\\/www.linkedin.com\\\/company\\\/allasorias\"]},{\"@type\":\"Person\",\"@id\":\"https:\\\/\\\/allasorias.hu\\\/hirek\\\/author\\\/admin-allasorias\\\/#author\",\"url\":\"https:\\\/\\\/allasorias.hu\\\/hirek\\\/author\\\/admin-allasorias\\\/\",\"name\":\"Juh\\u00e1sz P\\u00e9ter\",\"image\":{\"@type\":\"ImageObject\",\"@id\":\"https:\\\/\\\/allasorias.hu\\\/hirek\\\/sok-orvost-erint-az-adovaltozas\\\/#authorImage\",\"url\":\"https:\\\/\\\/secure.gravatar.com\\\/avatar\\\/36e6bcb83148978b992977cb0f54d22feb0cce8a0a849a9410532bb2623ba4c6?s=96&d=mm&r=g\",\"width\":96,\"height\":96,\"caption\":\"Juh\\u00e1sz P\\u00e9ter\"}},{\"@type\":\"WebPage\",\"@id\":\"https:\\\/\\\/allasorias.hu\\\/hirek\\\/sok-orvost-erint-az-adovaltozas\\\/#webpage\",\"url\":\"https:\\\/\\\/allasorias.hu\\\/hirek\\\/sok-orvost-erint-az-adovaltozas\\\/\",\"name\":\"Sok orvost \\u00e9rint az ad\\u00f3v\\u00e1ltoz\\u00e1s | AllasOrias.hu | H\\u00edrek-lapszemle\",\"description\":\"Mint ismert, szigorodtak a kat\\u00e1z\\u00e1s szab\\u00e1lyai: ha a megb\\u00edz\\u00f3 c\\u00e9g a kat\\u00e1s v\\u00e1llalkoz\\u00e1snak az ad\\u00f3\\u00e9vben 3 milli\\u00f3 forintn\\u00e1l t\\u00f6bbet fizet ki, akkor az e feletti r\\u00e9sz ut\\u00e1n 40 sz\\u00e1zal\\u00e9kos ad\\u00f3t kell fizetnie. A szakmai szervezetek szerint diszkriminat\\u00edv a szab\\u00e1lyoz\\u00e1s, mely k\\u00fcl\\u00f6nbs\\u00e9get tesz a mag\\u00e1n- \\u00e9s az \\u00e1llami szf\\u00e9ra k\\u00f6z\\u00f6tt. \\u201eAz Eg\\u00e9szs\\u00e9gbiztos\\u00edt\\u00e1si Alapb\\u00f3l k\\u00f6zvetlen\\u00fcl a kat\\u00e1s\",\"inLanguage\":\"hu-HU\",\"isPartOf\":{\"@id\":\"https:\\\/\\\/allasorias.hu\\\/hirek\\\/#website\"},\"breadcrumb\":{\"@id\":\"https:\\\/\\\/allasorias.hu\\\/hirek\\\/sok-orvost-erint-az-adovaltozas\\\/#breadcrumblist\"},\"author\":{\"@id\":\"https:\\\/\\\/allasorias.hu\\\/hirek\\\/author\\\/admin-allasorias\\\/#author\"},\"creator\":{\"@id\":\"https:\\\/\\\/allasorias.hu\\\/hirek\\\/author\\\/admin-allasorias\\\/#author\"},\"image\":{\"@type\":\"ImageObject\",\"url\":\"https:\\\/\\\/allasorias.hu\\\/hirek\\\/wp-content\\\/uploads\\\/2020\\\/10\\\/315891-P8RUWI-712.jpg\",\"@id\":\"https:\\\/\\\/allasorias.hu\\\/hirek\\\/sok-orvost-erint-az-adovaltozas\\\/#mainImage\",\"width\":1200,\"height\":800},\"primaryImageOfPage\":{\"@id\":\"https:\\\/\\\/allasorias.hu\\\/hirek\\\/sok-orvost-erint-az-adovaltozas\\\/#mainImage\"},\"datePublished\":\"2021-08-18T10:28:43+02:00\",\"dateModified\":\"2021-08-18T10:28:43+02:00\"},{\"@type\":\"WebSite\",\"@id\":\"https:\\\/\\\/allasorias.hu\\\/hirek\\\/#website\",\"url\":\"https:\\\/\\\/allasorias.hu\\\/hirek\\\/\",\"name\":\"AllasOrias.hu | H\\u00edrek-lapszemle\",\"description\":\"\\u00dczleti h\\u00edrek az \\u00e1ll\\u00e1s \\u00e9s a munka vil\\u00e1g\\u00e1b\\u00f3l\",\"inLanguage\":\"hu-HU\",\"publisher\":{\"@id\":\"https:\\\/\\\/allasorias.hu\\\/hirek\\\/#organization\"}}]}\n\t\t<\/script>\n\t\t<!-- All in One SEO -->\n\n","aioseo_head_json":{"title":"Sok orvost \u00e9rint az ad\u00f3v\u00e1ltoz\u00e1s | AllasOrias.hu | H\u00edrek-lapszemle","description":"Mint ismert, szigorodtak a kat\u00e1z\u00e1s szab\u00e1lyai: ha a megb\u00edz\u00f3 c\u00e9g a kat\u00e1s v\u00e1llalkoz\u00e1snak az ad\u00f3\u00e9vben 3 milli\u00f3 forintn\u00e1l t\u00f6bbet fizet ki, akkor az e feletti r\u00e9sz ut\u00e1n 40 sz\u00e1zal\u00e9kos ad\u00f3t kell fizetnie. A szakmai szervezetek szerint diszkriminat\u00edv a szab\u00e1lyoz\u00e1s, mely k\u00fcl\u00f6nbs\u00e9get tesz a mag\u00e1n- \u00e9s az \u00e1llami szf\u00e9ra k\u00f6z\u00f6tt. \u201eAz Eg\u00e9szs\u00e9gbiztos\u00edt\u00e1si Alapb\u00f3l k\u00f6zvetlen\u00fcl a kat\u00e1s","canonical_url":"https:\/\/allasorias.hu\/hirek\/sok-orvost-erint-az-adovaltozas\/","robots":"max-image-preview:large","keywords":"","webmasterTools":{"miscellaneous":""},"schema":{"@context":"https:\/\/schema.org","@graph":[{"@type":"Article","@id":"https:\/\/allasorias.hu\/hirek\/sok-orvost-erint-az-adovaltozas\/#article","name":"Sok orvost \u00e9rint az ad\u00f3v\u00e1ltoz\u00e1s | AllasOrias.hu | H\u00edrek-lapszemle","headline":"Sok orvost \u00e9rint az ad\u00f3v\u00e1ltoz\u00e1s","author":{"@id":"https:\/\/allasorias.hu\/hirek\/author\/admin-allasorias\/#author"},"publisher":{"@id":"https:\/\/allasorias.hu\/hirek\/#organization"},"image":{"@type":"ImageObject","url":"https:\/\/allasorias.hu\/hirek\/wp-content\/uploads\/2020\/10\/315891-P8RUWI-712.jpg","width":1200,"height":800},"datePublished":"2021-08-18T10:28:43+02:00","dateModified":"2021-08-18T10:28:43+02:00","inLanguage":"hu-HU","mainEntityOfPage":{"@id":"https:\/\/allasorias.hu\/hirek\/sok-orvost-erint-az-adovaltozas\/#webpage"},"isPartOf":{"@id":"https:\/\/allasorias.hu\/hirek\/sok-orvost-erint-az-adovaltozas\/#webpage"},"articleSection":"Gazdas\u00e1g"},{"@type":"BreadcrumbList","@id":"https:\/\/allasorias.hu\/hirek\/sok-orvost-erint-az-adovaltozas\/#breadcrumblist","itemListElement":[{"@type":"ListItem","@id":"https:\/\/allasorias.hu\/hirek#listItem","position":1,"name":"Home","item":"https:\/\/allasorias.hu\/hirek","nextItem":{"@type":"ListItem","@id":"https:\/\/allasorias.hu\/hirek\/temak\/gazdasag\/#listItem","name":"Gazdas\u00e1g"}},{"@type":"ListItem","@id":"https:\/\/allasorias.hu\/hirek\/temak\/gazdasag\/#listItem","position":2,"name":"Gazdas\u00e1g","item":"https:\/\/allasorias.hu\/hirek\/temak\/gazdasag\/","nextItem":{"@type":"ListItem","@id":"https:\/\/allasorias.hu\/hirek\/sok-orvost-erint-az-adovaltozas\/#listItem","name":"Sok orvost \u00e9rint az ad\u00f3v\u00e1ltoz\u00e1s"},"previousItem":{"@type":"ListItem","@id":"https:\/\/allasorias.hu\/hirek#listItem","name":"Home"}},{"@type":"ListItem","@id":"https:\/\/allasorias.hu\/hirek\/sok-orvost-erint-az-adovaltozas\/#listItem","position":3,"name":"Sok orvost \u00e9rint az ad\u00f3v\u00e1ltoz\u00e1s","previousItem":{"@type":"ListItem","@id":"https:\/\/allasorias.hu\/hirek\/temak\/gazdasag\/#listItem","name":"Gazdas\u00e1g"}}]},{"@type":"Organization","@id":"https:\/\/allasorias.hu\/hirek\/#organization","name":"AllasOrias.hu | H\u00edrek-lapszemle","description":"\u00dczleti h\u00edrek az \u00e1ll\u00e1s \u00e9s a munka vil\u00e1g\u00e1b\u00f3l","url":"https:\/\/allasorias.hu\/hirek\/","logo":{"@type":"ImageObject","url":"https:\/\/allasorias.hu\/hirek\/wp-content\/uploads\/2022\/10\/allasorias_site_facebok_logo.png","@id":"https:\/\/allasorias.hu\/hirek\/sok-orvost-erint-az-adovaltozas\/#organizationLogo"},"image":{"@id":"https:\/\/allasorias.hu\/hirek\/sok-orvost-erint-az-adovaltozas\/#organizationLogo"},"sameAs":["https:\/\/www.facebook.com\/allasorias","https:\/\/www.linkedin.com\/company\/allasorias"]},{"@type":"Person","@id":"https:\/\/allasorias.hu\/hirek\/author\/admin-allasorias\/#author","url":"https:\/\/allasorias.hu\/hirek\/author\/admin-allasorias\/","name":"Juh\u00e1sz P\u00e9ter","image":{"@type":"ImageObject","@id":"https:\/\/allasorias.hu\/hirek\/sok-orvost-erint-az-adovaltozas\/#authorImage","url":"https:\/\/secure.gravatar.com\/avatar\/36e6bcb83148978b992977cb0f54d22feb0cce8a0a849a9410532bb2623ba4c6?s=96&d=mm&r=g","width":96,"height":96,"caption":"Juh\u00e1sz P\u00e9ter"}},{"@type":"WebPage","@id":"https:\/\/allasorias.hu\/hirek\/sok-orvost-erint-az-adovaltozas\/#webpage","url":"https:\/\/allasorias.hu\/hirek\/sok-orvost-erint-az-adovaltozas\/","name":"Sok orvost \u00e9rint az ad\u00f3v\u00e1ltoz\u00e1s | AllasOrias.hu | H\u00edrek-lapszemle","description":"Mint ismert, szigorodtak a kat\u00e1z\u00e1s szab\u00e1lyai: ha a megb\u00edz\u00f3 c\u00e9g a kat\u00e1s v\u00e1llalkoz\u00e1snak az ad\u00f3\u00e9vben 3 milli\u00f3 forintn\u00e1l t\u00f6bbet fizet ki, akkor az e feletti r\u00e9sz ut\u00e1n 40 sz\u00e1zal\u00e9kos ad\u00f3t kell fizetnie. A szakmai szervezetek szerint diszkriminat\u00edv a szab\u00e1lyoz\u00e1s, mely k\u00fcl\u00f6nbs\u00e9get tesz a mag\u00e1n- \u00e9s az \u00e1llami szf\u00e9ra k\u00f6z\u00f6tt. \u201eAz Eg\u00e9szs\u00e9gbiztos\u00edt\u00e1si Alapb\u00f3l k\u00f6zvetlen\u00fcl a kat\u00e1s","inLanguage":"hu-HU","isPartOf":{"@id":"https:\/\/allasorias.hu\/hirek\/#website"},"breadcrumb":{"@id":"https:\/\/allasorias.hu\/hirek\/sok-orvost-erint-az-adovaltozas\/#breadcrumblist"},"author":{"@id":"https:\/\/allasorias.hu\/hirek\/author\/admin-allasorias\/#author"},"creator":{"@id":"https:\/\/allasorias.hu\/hirek\/author\/admin-allasorias\/#author"},"image":{"@type":"ImageObject","url":"https:\/\/allasorias.hu\/hirek\/wp-content\/uploads\/2020\/10\/315891-P8RUWI-712.jpg","@id":"https:\/\/allasorias.hu\/hirek\/sok-orvost-erint-az-adovaltozas\/#mainImage","width":1200,"height":800},"primaryImageOfPage":{"@id":"https:\/\/allasorias.hu\/hirek\/sok-orvost-erint-az-adovaltozas\/#mainImage"},"datePublished":"2021-08-18T10:28:43+02:00","dateModified":"2021-08-18T10:28:43+02:00"},{"@type":"WebSite","@id":"https:\/\/allasorias.hu\/hirek\/#website","url":"https:\/\/allasorias.hu\/hirek\/","name":"AllasOrias.hu | H\u00edrek-lapszemle","description":"\u00dczleti h\u00edrek az \u00e1ll\u00e1s \u00e9s a munka vil\u00e1g\u00e1b\u00f3l","inLanguage":"hu-HU","publisher":{"@id":"https:\/\/allasorias.hu\/hirek\/#organization"}}]},"og:locale":"hu_HU","og:site_name":"AllasOrias.hu | H\u00edrek-lapszemle | \u00dczleti h\u00edrek az \u00e1ll\u00e1s \u00e9s a munka vil\u00e1g\u00e1b\u00f3l","og:type":"article","og:title":"Sok orvost \u00e9rint az ad\u00f3v\u00e1ltoz\u00e1s | AllasOrias.hu | H\u00edrek-lapszemle","og:description":"Mint ismert, szigorodtak a kat\u00e1z\u00e1s szab\u00e1lyai: ha a megb\u00edz\u00f3 c\u00e9g a kat\u00e1s v\u00e1llalkoz\u00e1snak az ad\u00f3\u00e9vben 3 milli\u00f3 forintn\u00e1l t\u00f6bbet fizet ki, akkor az e feletti r\u00e9sz ut\u00e1n 40 sz\u00e1zal\u00e9kos ad\u00f3t kell fizetnie. A szakmai szervezetek szerint diszkriminat\u00edv a szab\u00e1lyoz\u00e1s, mely k\u00fcl\u00f6nbs\u00e9get tesz a mag\u00e1n- \u00e9s az \u00e1llami szf\u00e9ra k\u00f6z\u00f6tt. \u201eAz Eg\u00e9szs\u00e9gbiztos\u00edt\u00e1si Alapb\u00f3l k\u00f6zvetlen\u00fcl a kat\u00e1s","og:url":"https:\/\/allasorias.hu\/hirek\/sok-orvost-erint-az-adovaltozas\/","og:image":"https:\/\/allasorias.hu\/hirek\/wp-content\/uploads\/2020\/10\/315891-P8RUWI-712.jpg","og:image:secure_url":"https:\/\/allasorias.hu\/hirek\/wp-content\/uploads\/2020\/10\/315891-P8RUWI-712.jpg","og:image:width":1200,"og:image:height":800,"article:published_time":"2021-08-18T10:28:43+00:00","article:modified_time":"2021-08-18T10:28:43+00:00","article:publisher":"https:\/\/www.facebook.com\/allasorias","twitter:card":"summary_large_image","twitter:title":"Sok orvost \u00e9rint az ad\u00f3v\u00e1ltoz\u00e1s | AllasOrias.hu | H\u00edrek-lapszemle","twitter:description":"Mint ismert, szigorodtak a kat\u00e1z\u00e1s szab\u00e1lyai: ha a megb\u00edz\u00f3 c\u00e9g a kat\u00e1s v\u00e1llalkoz\u00e1snak az ad\u00f3\u00e9vben 3 milli\u00f3 forintn\u00e1l t\u00f6bbet fizet ki, akkor az e feletti r\u00e9sz ut\u00e1n 40 sz\u00e1zal\u00e9kos ad\u00f3t kell fizetnie. A szakmai szervezetek szerint diszkriminat\u00edv a szab\u00e1lyoz\u00e1s, mely k\u00fcl\u00f6nbs\u00e9get tesz a mag\u00e1n- \u00e9s az \u00e1llami szf\u00e9ra k\u00f6z\u00f6tt. \u201eAz Eg\u00e9szs\u00e9gbiztos\u00edt\u00e1si Alapb\u00f3l k\u00f6zvetlen\u00fcl a kat\u00e1s","twitter:image":"https:\/\/allasorias.hu\/hirek\/wp-content\/uploads\/2020\/10\/315891-P8RUWI-712.jpg","twitter:label1":"Written by","twitter:data1":"Juh\u00e1sz P\u00e9ter","twitter:label2":"Est. reading time","twitter:data2":"4 minutes"},"aioseo_meta_data":{"post_id":"4994","title":null,"description":null,"keywords":[],"keyphrases":{"focus":[],"additional":[]},"primary_term":null,"canonical_url":null,"og_title":null,"og_description":null,"og_object_type":"default","og_image_type":"default","og_image_url":null,"og_image_width":null,"og_image_height":null,"og_image_custom_url":null,"og_image_custom_fields":null,"og_video":"","og_custom_url":null,"og_article_section":null,"og_article_tags":[],"twitter_use_og":false,"twitter_card":"default","twitter_image_type":"default","twitter_image_url":null,"twitter_image_custom_url":null,"twitter_image_custom_fields":null,"twitter_title":null,"twitter_description":null,"schema":{"blockGraphs":[],"customGraphs":[],"default":{"data":{"Article":[],"Course":[],"Dataset":[],"FAQPage":[],"Movie":[],"Person":[],"Product":[],"ProductReview":[],"Car":[],"Recipe":[],"Service":[],"SoftwareApplication":[],"WebPage":[]},"graphName":"","isEnabled":true},"graphs":[],"defaultGraph":"Article","defaultPostTypeGraph":""},"schema_type":"default","schema_type_options":"{\"article\":{\"articleType\":\"BlogPosting\"},\"course\":{\"name\":\"\",\"description\":\"\",\"provider\":\"\"},\"faq\":{\"pages\":[]},\"product\":{\"reviews\":[]},\"recipe\":{\"ingredients\":[],\"instructions\":[],\"keywords\":[]},\"software\":{\"reviews\":[],\"operatingSystems\":[]},\"webPage\":{\"webPageType\":\"WebPage\"}}","pillar_content":false,"robots_default":true,"robots_noindex":false,"robots_noarchive":false,"robots_nosnippet":false,"robots_nofollow":false,"robots_noimageindex":false,"robots_noodp":false,"robots_notranslate":false,"robots_max_snippet":"-1","robots_max_videopreview":"-1","robots_max_imagepreview":"large","priority":null,"frequency":"default","location":null,"local_seo":{"locations":{"business":{"name":"","businessType":"","image":"","areaServed":"","urls":{"website":"","aboutPage":"","contactPage":""},"address":{"streetLine1":"","streetLine2":"","zipCode":"","city":"","state":"","country":"","addressFormat":"#streetLineOne\n#streetLineTwo\n#city, #state #zipCode"},"contact":{"phone":"","email":"","fax":""},"ids":{"vat":"","tax":"","chamberOfCommerce":""},"payment":{"priceRange":"","currenciesAccepted":"","methods":""}}},"openingHours":{"useDefaults":true,"show":true,"alwaysOpen":false,"use24hFormat":false,"timezone":"","labels":{"closed":"","alwaysOpen":""},"days":{"monday":{"open24h":false,"closed":false,"openTime":"09:00","closeTime":"17:00"},"tuesday":{"open24h":false,"closed":false,"openTime":"09:00","closeTime":"17:00"},"wednesday":{"open24h":false,"closed":false,"openTime":"09:00","closeTime":"17:00"},"thursday":{"open24h":false,"closed":false,"openTime":"09:00","closeTime":"17:00"},"friday":{"open24h":false,"closed":false,"openTime":"09:00","closeTime":"17:00"},"saturday":{"open24h":false,"closed":false,"openTime":"09:00","closeTime":"17:00"},"sunday":{"open24h":false,"closed":false,"openTime":"09:00","closeTime":"17:00"}}}},"breadcrumb_settings":null,"limit_modified_date":false,"ai":null,"created":"2021-08-18 10:25:42","updated":"2025-10-02 16:03:45","seo_analyzer_scan_date":null,"focus_keyword":null,"additional_keywords":null,"truseo_locale":null},"aioseo_breadcrumb":"<div class=\"aioseo-breadcrumbs\"><span class=\"aioseo-breadcrumb\">\n\t\t\t<a href=\"https:\/\/allasorias.hu\/hirek\" title=\"Home\">Home<\/a>\n\t\t<\/span><span class=\"aioseo-breadcrumb-separator\">&raquo;<\/span><span class=\"aioseo-breadcrumb\">\n\t\t\t<a href=\"https:\/\/allasorias.hu\/hirek\/temak\/gazdasag\/\" title=\"Gazdas\u00e1g\">Gazdas\u00e1g<\/a>\n\t\t<\/span><span class=\"aioseo-breadcrumb-separator\">&raquo;<\/span><span class=\"aioseo-breadcrumb\">\n\t\t\tSok orvost \u00e9rint az ad\u00f3v\u00e1ltoz\u00e1s\n\t\t<\/span><\/div>","aioseo_breadcrumb_json":[{"label":"Home","link":"https:\/\/allasorias.hu\/hirek"},{"label":"Gazdas\u00e1g","link":"https:\/\/allasorias.hu\/hirek\/temak\/gazdasag\/"},{"label":"Sok orvost \u00e9rint az ad\u00f3v\u00e1ltoz\u00e1s","link":"https:\/\/allasorias.hu\/hirek\/sok-orvost-erint-az-adovaltozas\/"}],"_links":{"self":[{"href":"https:\/\/allasorias.hu\/hirek\/wp-json\/wp\/v2\/posts\/4994","targetHints":{"allow":["GET"]}}],"collection":[{"href":"https:\/\/allasorias.hu\/hirek\/wp-json\/wp\/v2\/posts"}],"about":[{"href":"https:\/\/allasorias.hu\/hirek\/wp-json\/wp\/v2\/types\/post"}],"author":[{"embeddable":true,"href":"https:\/\/allasorias.hu\/hirek\/wp-json\/wp\/v2\/users\/1"}],"replies":[{"embeddable":true,"href":"https:\/\/allasorias.hu\/hirek\/wp-json\/wp\/v2\/comments?post=4994"}],"version-history":[{"count":1,"href":"https:\/\/allasorias.hu\/hirek\/wp-json\/wp\/v2\/posts\/4994\/revisions"}],"predecessor-version":[{"id":4995,"href":"https:\/\/allasorias.hu\/hirek\/wp-json\/wp\/v2\/posts\/4994\/revisions\/4995"}],"wp:featuredmedia":[{"embeddable":true,"href":"https:\/\/allasorias.hu\/hirek\/wp-json\/wp\/v2\/media\/4298"}],"wp:attachment":[{"href":"https:\/\/allasorias.hu\/hirek\/wp-json\/wp\/v2\/media?parent=4994"}],"wp:term":[{"taxonomy":"category","embeddable":true,"href":"https:\/\/allasorias.hu\/hirek\/wp-json\/wp\/v2\/categories?post=4994"},{"taxonomy":"post_tag","embeddable":true,"href":"https:\/\/allasorias.hu\/hirek\/wp-json\/wp\/v2\/tags?post=4994"}],"curies":[{"name":"wp","href":"https:\/\/api.w.org\/{rel}","templated":true}]}}