{"id":4992,"date":"2021-08-18T10:25:13","date_gmt":"2021-08-18T10:25:13","guid":{"rendered":"https:\/\/allasorias.hu\/hirek\/?p=4992"},"modified":"2021-08-18T10:25:13","modified_gmt":"2021-08-18T10:25:13","slug":"unios-bertamogatas","status":"publish","type":"post","link":"https:\/\/allasorias.hu\/hirek\/unios-bertamogatas\/","title":{"rendered":"Uni\u00f3s b\u00e9rt\u00e1mogat\u00e1s"},"content":{"rendered":"<p><strong>A GINOP 881 milli\u00f3 eur\u00f3nyi t\u00f6bblet forr\u00e1sban r\u00e9szes\u00fcl, amely p\u00e9nzt t\u00f6bb mint 8 000 kis- \u00e9s k\u00f6z\u00e9pv\u00e1llalkoz\u00e1s \u00e1ltal ig\u00e9nybe vehet\u0151 kamatmentes m\u0171k\u00f6d\u0151t\u0151ke-hiteleszk\u00f6zre, valamint a Covid19-j\u00e1rv\u00e1ny miatti korl\u00e1toz\u00f3 int\u00e9zked\u00e9sek \u00e1ltal \u00e9rintett v\u00e1llalkoz\u00e1sok munkav\u00e1llal\u00f3it seg\u00edt\u0151 b\u00e9rt\u00e1mogat\u00e1si rendszer t\u00e1mogat\u00e1s\u00e1ra ford\u00edtj\u00e1k. \u201e\u00c1gazati b\u00e9rt\u00e1mogat\u00e1s a COVID\u201319 j\u00e1rv\u00e1ny munkaer\u0151piaci hat\u00e1sainak kezel\u00e9s\u00e9re\u201d c\u00edmmel jelenik meg most augusztusban 84 milli\u00e1rd forintos keret\u00f6sszeggel egy kiemelt EU-p\u00e1ly\u00e1zat \u2013 der\u00fcl ki egy friss korm\u00e1nyhat\u00e1rozatb\u00f3l, ami egy minapi br\u00fcsszeli t\u00e1mogat\u00e1si d\u00f6nt\u00e9ssel f\u00fcgg \u00f6ssze. <\/strong><\/p>\n<p>B\u00e1r erre sok c\u00e9gvezet\u0151 szeme felcsillanhat, de fontos r\u00f6gt\u00f6n hozz\u00e1tenni, hogy ez v\u00e1rhat\u00f3an nem egy \u00faj, piaci alap\u00fa p\u00e1ly\u00e1zati lehet\u0151s\u00e9g a c\u00e9geknek, hanem a tavaly t\u00e9lt\u0151l id\u00e9n j\u00faniusig folyamatosan meghosszabb\u00edtott itthoni b\u00e9rt\u00e1mogat\u00e1si program ut\u00f3lagos elsz\u00e1mol\u00e1sa a korm\u00e1ny \u00e9s az Eur\u00f3pai Bizotts\u00e1g k\u00f6z\u00f6tt. A koronav\u00edrus-j\u00e1rv\u00e1ny tavaly tavaszi berobban\u00e1sa abb\u00f3l a szempontb\u00f3l is rosszkor j\u00f6tt, hogy a 2014-2020-as uni\u00f3s fejleszt\u00e9si ciklus felhaszn\u00e1l\u00e1s\u00e1val m\u00e1r a legt\u00f6bb tag\u00e1llam nagyon el\u0151rehaladt, \u00edgy nem volt sok plusz uni\u00f3s forr\u00e1s a j\u00e1rv\u00e1ny azonnali negat\u00edv hat\u00e1sainak a kezel\u00e9s\u00e9re. A helyzetet \u00fagy oldott\u00e1k meg a br\u00fcsszeli d\u00f6nt\u00e9shoz\u00f3k, hogy egyr\u00e9szt teljesen rugalmass\u00e1 tett\u00e9k a m\u00e9g fel nem haszn\u00e1lt tag\u00e1llami uni\u00f3s p\u00e9nzek szab\u00e1lyrendszer\u00e9t (ez volt az \u00fan. beruh\u00e1z\u00e1si kezdem\u00e9nyez\u00e9s, illetve megn\u00f6velt\u00e9k a tag\u00e1llamok fel\u00e9 az EU-p\u00e9nzekkel kapcsolatos likvidit\u00e1st), m\u00e1sr\u00e9szt egy \u00e1thidal\u00f3 p\u00e9nzt\u00f6meget is j\u00f3v\u00e1hagytak az \u00e1llam- \u00e9s korm\u00e1nyf\u0151k akkor, amikor a 2021-2027-es uni\u00f3s keretr\u0151l egy\u00e9bk\u00e9nt is d\u00f6nt\u00f6ttek tavaly j\u00faliusi maratoni EU-cs\u00facson. Ezt az \u00e1thidal\u00f3 keretet nevezik REACT-EU-nak, ami teh\u00e1t hivatalosan m\u00e1r az Eur\u00f3pai Uni\u00f3s Helyre\u00e1ll\u00edt\u00e1si Eszk\u00f6z (NextGenerationEU) r\u00e9sze, \u00e9s 2021 \u00e9s 2022 sor\u00e1n (foly\u00f3 \u00e1rakon) 50,6 milli\u00e1rd EUR \u00f6sszeg\u0171 kieg\u00e9sz\u00edt\u0151 finansz\u00edroz\u00e1st biztos\u00edt a m\u00e1r egy\u00e9bk\u00e9nt is fut\u00f3 2014-2020-as koh\u00e9zi\u00f3s politikai programokhoz. Ez teh\u00e1t azt jelenti, hogy a m\u00e9g zajl\u00f3 2014-2020-as EU-ciklus forr\u00e1skeret\u00e9t megtoldja a REACT-EU \u00e9s emiatt m\u00f3dos\u00edtani kell ezeket a fejleszt\u00e9si programokat. Ezeket a m\u00f3dos\u00edtott programokat az elm\u00falt id\u0151szakban beterjesztett\u00e9k az \u00e9rintett tag\u00e1llamok az Eur\u00f3pai Bizotts\u00e1gnak \u00e9s \u00e9ppen m\u00falt h\u00e9ten \u00e9rkezett Br\u00fcsszelb\u0151l a h\u00edr, hogy a test\u00fclet j\u00f3v\u00e1hagyta hat tag\u00e1llam fejleszt\u00e9si programj\u00e1nak m\u00f3dos\u00edt\u00e1s\u00e1t, k\u00f6zt\u00fck a magyar Gazdas\u00e1gfejleszt\u00e9si \u00e9s Innov\u00e1ci\u00f3s Operat\u00edv Program (GINOP) m\u00f3dos\u00edt\u00e1s\u00e1t is. A v\u00e1ltoztat\u00e1s \u00e9rtelm\u00e9ben a GINOP 881 milli\u00f3 eur\u00f3nyi t\u00f6bblet forr\u00e1sban r\u00e9szes\u00fcl, amely p\u00e9nzt t\u00f6bb mint 8 000 kis- \u00e9s k\u00f6z\u00e9pv\u00e1llalkoz\u00e1s \u00e1ltal ig\u00e9nybe vehet\u0151 kamatmentes m\u0171k\u00f6d\u0151t\u0151ke-hiteleszk\u00f6zre, valamint a Covid19-j\u00e1rv\u00e1ny miatti korl\u00e1toz\u00f3 int\u00e9zked\u00e9sek \u00e1ltal \u00e9rintett v\u00e1llalkoz\u00e1sok munkav\u00e1llal\u00f3it seg\u00edt\u0151 b\u00e9rt\u00e1mogat\u00e1si rendszer t\u00e1mogat\u00e1s\u00e1ra ford\u00edtj\u00e1k. \u00c9ppen ut\u00f3bbival f\u00fcgg \u00f6ssze egy szint\u00e9n minapi korm\u00e1nyhat\u00e1rozat (1585\/2021. (VIII. 11.)), amely m\u00f3dos\u00edtotta a GINOP p\u00e1ly\u00e1zatok meghirdet\u00e9si menetrendj\u00e9t, \u00e9s k\u00e9t \u00faj p\u00e1ly\u00e1zat meghirdet\u00e9se bukkant fel benne: Az egyik a bevezet\u0151ben is jelzett, GINOP-10.1.1-21 k\u00f3dsz\u00e1m\u00fa 84 milli\u00e1rd forintos keret\u00f6sszeg\u0171 felh\u00edv\u00e1s, amelyet most augusztusban tervez meghirdetni a korm\u00e1ny \u00e9s amelynek c\u00edme: \u201e\u00c1gazati b\u00e9rt\u00e1mogat\u00e1s a COVID\u201319 j\u00e1rv\u00e1ny munkaer\u0151piaci hat\u00e1sainak kezel\u00e9s\u00e9re\u201d. A r\u00f6vid le\u00edr\u00e1s szerint \u201eA program els\u0151dleges c\u00e9lja a munkahelyek meg\u0151rz\u00e9se azon v\u00e1llalkoz\u00e1sok eset\u00e9ben, amelyek tev\u00e9kenys\u00e9g\u00e9t a Covid\u201319 vil\u00e1gj\u00e1rv\u00e1ny k\u00f6zvetlen\u00fcl \u00e9rinti.\u201dA m\u00e1sik m\u00f3dos\u00edt\u00e1s nem felt\u00e9tlen\u00fcl van \u00f6sszef\u00fcgg\u00e9sben a fenti br\u00fcsszeli m\u00f3dos\u00edt\u00e1ssal, mindenesetre arra k\u00e9sz\u00fcl a korm\u00e1ny, hogy GINOP-7.1.10-21 k\u00f3dsz\u00e1mon meghirdessen szeptemberben egy 3 milli\u00e1rd forintos keret\u00f6sszeg\u0171 p\u00e1ly\u00e1zatot \u201eA term\u00e9szetes f\u00fcrd\u0151helyek komplex \u00e9s \u00e9lm\u00e9nyk\u00f6zpont\u00fa fejleszt\u00e9se\u201d c\u00edmmel. A r\u00f6vid le\u00edr\u00e1s szerint \u201eA fejleszt\u00e9sek c\u00e9lja a term\u00e9szetes f\u00fcrd\u0151helyek mint term\u00e9szeti \u00e9rt\u00e9kek n\u00e9gy \u00e9vszakos l\u00e1togathat\u00f3v\u00e1 t\u00e9tele a k\u00edn\u00e1lat komplex \u00e9s \u00e9lm\u00e9nyk\u00f6zpont\u00fa fejleszt\u00e9s\u00e9vel, h\u00e1l\u00f3zatba szervez\u00e9s\u00e9vel \u00e9s a k\u00f6rnyezeti fenntarthat\u00f3s\u00e1g meg\u0151rz\u00e9s\u00e9vel.\u201dA fenti korm\u00e1nyhat\u00e1rozat m\u00e9g sz\u00e1mos technikai jelleg\u0171 (keret\u00f6sszeg emel\u00e9si-cs\u00f6kkent\u00e9si) m\u00f3dos\u00edt\u00e1st tartalmaz a GINOP \u00e9ves p\u00e1ly\u00e1zati menetrendj\u00e9ben. A 84 milli\u00e1rd forintos \u00e1gazati b\u00e9rt\u00e1mogat\u00e1si program \u00e9rtelmez\u00e9s\u00fcnk szerint nem azt jelenti, hogy a korm\u00e1ny most augusztusban t\u00e9nyleg meghirdet a c\u00e9gek fel\u00e9 egy \u00faj b\u00e9rt\u00e1mogat\u00e1si lehet\u0151s\u00e9get. Egy id\u00e9n \u00e1prilisi p\u00e9nz\u00fcgyminiszt\u00e9riumi k\u00f6zlem\u00e9ny arra eml\u00e9keztetett, hogy ez a program az \u00e9rintett szektorban m\u0171k\u00f6d\u0151 c\u00e9gek megseg\u00edt\u00e9s\u00e9n kereszt\u00fcl k\u00f6zel 160 ezer munkahelyet v\u00e9dett meg addig.<\/p>\n<p>Forr\u00e1s: portfolio.hu<\/p>\n","protected":false},"excerpt":{"rendered":"<p>A GINOP 881 milli\u00f3 eur\u00f3nyi t\u00f6bblet forr\u00e1sban r\u00e9szes\u00fcl, amely p\u00e9nzt t\u00f6bb mint 8 000 kis- \u00e9s k\u00f6z\u00e9pv\u00e1llalkoz\u00e1s \u00e1ltal ig\u00e9nybe vehet\u0151 kamatmentes m\u0171k\u00f6d\u0151t\u0151ke-hiteleszk\u00f6zre, valamint a Covid19-j\u00e1rv\u00e1ny miatti korl\u00e1toz\u00f3 int\u00e9zked\u00e9sek \u00e1ltal \u00e9rintett v\u00e1llalkoz\u00e1sok munkav\u00e1llal\u00f3it seg\u00edt\u0151 b\u00e9rt\u00e1mogat\u00e1si rendszer t\u00e1mogat\u00e1s\u00e1ra ford\u00edtj\u00e1k. \u201e\u00c1gazati b\u00e9rt\u00e1mogat\u00e1s a COVID\u201319 j\u00e1rv\u00e1ny munkaer\u0151piaci hat\u00e1sainak kezel\u00e9s\u00e9re\u201d c\u00edmmel jelenik meg most augusztusban 84 milli\u00e1rd forintos keret\u00f6sszeggel egy [&hellip;]<\/p>\n","protected":false},"author":1,"featured_media":4320,"comment_status":"open","ping_status":"open","sticky":false,"template":"","format":"standard","meta":{"_monsterinsights_skip_tracking":false,"footnotes":""},"categories":[198],"tags":[],"class_list":["post-4992","post","type-post","status-publish","format-standard","has-post-thumbnail","hentry","category-gazdasag"],"aioseo_notices":[],"aioseo_head":"\n\t\t<!-- All in One SEO 5.0.0.1 - aioseo.com -->\n\t<meta name=\"description\" content=\"A GINOP 881 milli\u00f3 eur\u00f3nyi t\u00f6bblet forr\u00e1sban r\u00e9szes\u00fcl, amely p\u00e9nzt t\u00f6bb mint 8 000 kis- \u00e9s k\u00f6z\u00e9pv\u00e1llalkoz\u00e1s \u00e1ltal ig\u00e9nybe vehet\u0151 kamatmentes m\u0171k\u00f6d\u0151t\u0151ke-hiteleszk\u00f6zre, valamint a Covid19-j\u00e1rv\u00e1ny miatti korl\u00e1toz\u00f3 int\u00e9zked\u00e9sek \u00e1ltal \u00e9rintett v\u00e1llalkoz\u00e1sok munkav\u00e1llal\u00f3it seg\u00edt\u0151 b\u00e9rt\u00e1mogat\u00e1si rendszer t\u00e1mogat\u00e1s\u00e1ra ford\u00edtj\u00e1k. \u201e\u00c1gazati b\u00e9rt\u00e1mogat\u00e1s a COVID\u201319 j\u00e1rv\u00e1ny munkaer\u0151piaci hat\u00e1sainak kezel\u00e9s\u00e9re\u201d c\u00edmmel jelenik meg most augusztusban 84 milli\u00e1rd forintos keret\u00f6sszeggel egy\" \/>\n\t<meta name=\"robots\" content=\"max-image-preview:large\" \/>\n\t<meta name=\"author\" content=\"Juh\u00e1sz P\u00e9ter\"\/>\n\t<link rel=\"canonical\" href=\"https:\/\/allasorias.hu\/hirek\/unios-bertamogatas\/\" \/>\n\t<meta name=\"generator\" content=\"All in One SEO (AIOSEO) 5.0.0.1\" \/>\n\t\t<meta property=\"og:locale\" content=\"hu_HU\" \/>\n\t\t<meta property=\"og:site_name\" content=\"AllasOrias.hu | H\u00edrek-lapszemle | \u00dczleti h\u00edrek az \u00e1ll\u00e1s \u00e9s a munka vil\u00e1g\u00e1b\u00f3l\" \/>\n\t\t<meta property=\"og:type\" content=\"article\" \/>\n\t\t<meta property=\"og:title\" content=\"Uni\u00f3s b\u00e9rt\u00e1mogat\u00e1s | AllasOrias.hu | H\u00edrek-lapszemle\" \/>\n\t\t<meta property=\"og:description\" content=\"A GINOP 881 milli\u00f3 eur\u00f3nyi t\u00f6bblet forr\u00e1sban r\u00e9szes\u00fcl, amely p\u00e9nzt t\u00f6bb mint 8 000 kis- \u00e9s k\u00f6z\u00e9pv\u00e1llalkoz\u00e1s \u00e1ltal ig\u00e9nybe vehet\u0151 kamatmentes m\u0171k\u00f6d\u0151t\u0151ke-hiteleszk\u00f6zre, valamint a Covid19-j\u00e1rv\u00e1ny miatti korl\u00e1toz\u00f3 int\u00e9zked\u00e9sek \u00e1ltal \u00e9rintett v\u00e1llalkoz\u00e1sok munkav\u00e1llal\u00f3it seg\u00edt\u0151 b\u00e9rt\u00e1mogat\u00e1si rendszer t\u00e1mogat\u00e1s\u00e1ra ford\u00edtj\u00e1k. \u201e\u00c1gazati b\u00e9rt\u00e1mogat\u00e1s a COVID\u201319 j\u00e1rv\u00e1ny munkaer\u0151piaci hat\u00e1sainak kezel\u00e9s\u00e9re\u201d c\u00edmmel jelenik meg most augusztusban 84 milli\u00e1rd forintos keret\u00f6sszeggel egy\" \/>\n\t\t<meta property=\"og:url\" content=\"https:\/\/allasorias.hu\/hirek\/unios-bertamogatas\/\" \/>\n\t\t<meta property=\"og:image\" content=\"https:\/\/allasorias.hu\/hirek\/wp-content\/uploads\/2020\/10\/european-union-flag-with-euro-bills-coins.jpg\" \/>\n\t\t<meta property=\"og:image:secure_url\" content=\"https:\/\/allasorias.hu\/hirek\/wp-content\/uploads\/2020\/10\/european-union-flag-with-euro-bills-coins.jpg\" \/>\n\t\t<meta property=\"og:image:width\" content=\"1280\" \/>\n\t\t<meta property=\"og:image:height\" content=\"853\" \/>\n\t\t<meta property=\"article:published_time\" content=\"2021-08-18T10:25:13+00:00\" \/>\n\t\t<meta property=\"article:modified_time\" content=\"2021-08-18T10:25:13+00:00\" \/>\n\t\t<meta property=\"article:publisher\" content=\"https:\/\/www.facebook.com\/allasorias\" \/>\n\t\t<meta name=\"twitter:card\" content=\"summary_large_image\" \/>\n\t\t<meta name=\"twitter:title\" content=\"Uni\u00f3s b\u00e9rt\u00e1mogat\u00e1s | AllasOrias.hu | H\u00edrek-lapszemle\" \/>\n\t\t<meta name=\"twitter:description\" content=\"A GINOP 881 milli\u00f3 eur\u00f3nyi t\u00f6bblet forr\u00e1sban r\u00e9szes\u00fcl, amely p\u00e9nzt t\u00f6bb mint 8 000 kis- \u00e9s k\u00f6z\u00e9pv\u00e1llalkoz\u00e1s \u00e1ltal ig\u00e9nybe vehet\u0151 kamatmentes m\u0171k\u00f6d\u0151t\u0151ke-hiteleszk\u00f6zre, valamint a Covid19-j\u00e1rv\u00e1ny miatti korl\u00e1toz\u00f3 int\u00e9zked\u00e9sek \u00e1ltal \u00e9rintett v\u00e1llalkoz\u00e1sok munkav\u00e1llal\u00f3it seg\u00edt\u0151 b\u00e9rt\u00e1mogat\u00e1si rendszer t\u00e1mogat\u00e1s\u00e1ra ford\u00edtj\u00e1k. \u201e\u00c1gazati b\u00e9rt\u00e1mogat\u00e1s a COVID\u201319 j\u00e1rv\u00e1ny munkaer\u0151piaci hat\u00e1sainak kezel\u00e9s\u00e9re\u201d c\u00edmmel jelenik meg most augusztusban 84 milli\u00e1rd forintos keret\u00f6sszeggel egy\" \/>\n\t\t<meta name=\"twitter:image\" content=\"https:\/\/allasorias.hu\/hirek\/wp-content\/uploads\/2020\/10\/european-union-flag-with-euro-bills-coins.jpg\" \/>\n\t\t<meta name=\"twitter:label1\" content=\"Written by\" \/>\n\t\t<meta name=\"twitter:data1\" content=\"Juh\u00e1sz P\u00e9ter\" \/>\n\t\t<meta name=\"twitter:label2\" content=\"Est. reading time\" \/>\n\t\t<meta name=\"twitter:data2\" content=\"5 minutes\" \/>\n\t\t<script type=\"application\/ld+json\" class=\"aioseo-schema\">\n\t\t\t{\"@context\":\"https:\\\/\\\/schema.org\",\"@graph\":[{\"@type\":\"Article\",\"@id\":\"https:\\\/\\\/allasorias.hu\\\/hirek\\\/unios-bertamogatas\\\/#article\",\"name\":\"Uni\\u00f3s b\\u00e9rt\\u00e1mogat\\u00e1s | AllasOrias.hu | H\\u00edrek-lapszemle\",\"headline\":\"Uni\\u00f3s b\\u00e9rt\\u00e1mogat\\u00e1s\",\"author\":{\"@id\":\"https:\\\/\\\/allasorias.hu\\\/hirek\\\/author\\\/admin-allasorias\\\/#author\"},\"publisher\":{\"@id\":\"https:\\\/\\\/allasorias.hu\\\/hirek\\\/#organization\"},\"image\":{\"@type\":\"ImageObject\",\"url\":\"https:\\\/\\\/allasorias.hu\\\/hirek\\\/wp-content\\\/uploads\\\/2020\\\/10\\\/european-union-flag-with-euro-bills-coins.jpg\",\"width\":1280,\"height\":853,\"caption\":\"European Union financial stimulus on coronavirus Covid-19 pandemic concept. European Union flag with euro bills and coins\"},\"datePublished\":\"2021-08-18T10:25:13+02:00\",\"dateModified\":\"2021-08-18T10:25:13+02:00\",\"inLanguage\":\"hu-HU\",\"mainEntityOfPage\":{\"@id\":\"https:\\\/\\\/allasorias.hu\\\/hirek\\\/unios-bertamogatas\\\/#webpage\"},\"isPartOf\":{\"@id\":\"https:\\\/\\\/allasorias.hu\\\/hirek\\\/unios-bertamogatas\\\/#webpage\"},\"articleSection\":\"Gazdas\\u00e1g\"},{\"@type\":\"BreadcrumbList\",\"@id\":\"https:\\\/\\\/allasorias.hu\\\/hirek\\\/unios-bertamogatas\\\/#breadcrumblist\",\"itemListElement\":[{\"@type\":\"ListItem\",\"@id\":\"https:\\\/\\\/allasorias.hu\\\/hirek#listItem\",\"position\":1,\"name\":\"Home\",\"item\":\"https:\\\/\\\/allasorias.hu\\\/hirek\",\"nextItem\":{\"@type\":\"ListItem\",\"@id\":\"https:\\\/\\\/allasorias.hu\\\/hirek\\\/temak\\\/gazdasag\\\/#listItem\",\"name\":\"Gazdas\\u00e1g\"}},{\"@type\":\"ListItem\",\"@id\":\"https:\\\/\\\/allasorias.hu\\\/hirek\\\/temak\\\/gazdasag\\\/#listItem\",\"position\":2,\"name\":\"Gazdas\\u00e1g\",\"item\":\"https:\\\/\\\/allasorias.hu\\\/hirek\\\/temak\\\/gazdasag\\\/\",\"nextItem\":{\"@type\":\"ListItem\",\"@id\":\"https:\\\/\\\/allasorias.hu\\\/hirek\\\/unios-bertamogatas\\\/#listItem\",\"name\":\"Uni\\u00f3s b\\u00e9rt\\u00e1mogat\\u00e1s\"},\"previousItem\":{\"@type\":\"ListItem\",\"@id\":\"https:\\\/\\\/allasorias.hu\\\/hirek#listItem\",\"name\":\"Home\"}},{\"@type\":\"ListItem\",\"@id\":\"https:\\\/\\\/allasorias.hu\\\/hirek\\\/unios-bertamogatas\\\/#listItem\",\"position\":3,\"name\":\"Uni\\u00f3s b\\u00e9rt\\u00e1mogat\\u00e1s\",\"previousItem\":{\"@type\":\"ListItem\",\"@id\":\"https:\\\/\\\/allasorias.hu\\\/hirek\\\/temak\\\/gazdasag\\\/#listItem\",\"name\":\"Gazdas\\u00e1g\"}}]},{\"@type\":\"Organization\",\"@id\":\"https:\\\/\\\/allasorias.hu\\\/hirek\\\/#organization\",\"name\":\"AllasOrias.hu | H\\u00edrek-lapszemle\",\"description\":\"\\u00dczleti h\\u00edrek az \\u00e1ll\\u00e1s \\u00e9s a munka vil\\u00e1g\\u00e1b\\u00f3l\",\"url\":\"https:\\\/\\\/allasorias.hu\\\/hirek\\\/\",\"logo\":{\"@type\":\"ImageObject\",\"url\":\"https:\\\/\\\/allasorias.hu\\\/hirek\\\/wp-content\\\/uploads\\\/2022\\\/10\\\/allasorias_site_facebok_logo.png\",\"@id\":\"https:\\\/\\\/allasorias.hu\\\/hirek\\\/unios-bertamogatas\\\/#organizationLogo\"},\"image\":{\"@id\":\"https:\\\/\\\/allasorias.hu\\\/hirek\\\/unios-bertamogatas\\\/#organizationLogo\"},\"sameAs\":[\"https:\\\/\\\/www.facebook.com\\\/allasorias\",\"https:\\\/\\\/www.linkedin.com\\\/company\\\/allasorias\"]},{\"@type\":\"Person\",\"@id\":\"https:\\\/\\\/allasorias.hu\\\/hirek\\\/author\\\/admin-allasorias\\\/#author\",\"url\":\"https:\\\/\\\/allasorias.hu\\\/hirek\\\/author\\\/admin-allasorias\\\/\",\"name\":\"Juh\\u00e1sz P\\u00e9ter\",\"image\":{\"@type\":\"ImageObject\",\"@id\":\"https:\\\/\\\/allasorias.hu\\\/hirek\\\/unios-bertamogatas\\\/#authorImage\",\"url\":\"https:\\\/\\\/secure.gravatar.com\\\/avatar\\\/36e6bcb83148978b992977cb0f54d22feb0cce8a0a849a9410532bb2623ba4c6?s=96&d=mm&r=g\",\"width\":96,\"height\":96,\"caption\":\"Juh\\u00e1sz P\\u00e9ter\"}},{\"@type\":\"WebPage\",\"@id\":\"https:\\\/\\\/allasorias.hu\\\/hirek\\\/unios-bertamogatas\\\/#webpage\",\"url\":\"https:\\\/\\\/allasorias.hu\\\/hirek\\\/unios-bertamogatas\\\/\",\"name\":\"Uni\\u00f3s b\\u00e9rt\\u00e1mogat\\u00e1s | AllasOrias.hu | H\\u00edrek-lapszemle\",\"description\":\"A GINOP 881 milli\\u00f3 eur\\u00f3nyi t\\u00f6bblet forr\\u00e1sban r\\u00e9szes\\u00fcl, amely p\\u00e9nzt t\\u00f6bb mint 8 000 kis- \\u00e9s k\\u00f6z\\u00e9pv\\u00e1llalkoz\\u00e1s \\u00e1ltal ig\\u00e9nybe vehet\\u0151 kamatmentes m\\u0171k\\u00f6d\\u0151t\\u0151ke-hiteleszk\\u00f6zre, valamint a Covid19-j\\u00e1rv\\u00e1ny miatti korl\\u00e1toz\\u00f3 int\\u00e9zked\\u00e9sek \\u00e1ltal \\u00e9rintett v\\u00e1llalkoz\\u00e1sok munkav\\u00e1llal\\u00f3it seg\\u00edt\\u0151 b\\u00e9rt\\u00e1mogat\\u00e1si rendszer t\\u00e1mogat\\u00e1s\\u00e1ra ford\\u00edtj\\u00e1k. \\u201e\\u00c1gazati b\\u00e9rt\\u00e1mogat\\u00e1s a COVID\\u201319 j\\u00e1rv\\u00e1ny munkaer\\u0151piaci hat\\u00e1sainak kezel\\u00e9s\\u00e9re\\u201d c\\u00edmmel jelenik meg most augusztusban 84 milli\\u00e1rd forintos keret\\u00f6sszeggel egy\",\"inLanguage\":\"hu-HU\",\"isPartOf\":{\"@id\":\"https:\\\/\\\/allasorias.hu\\\/hirek\\\/#website\"},\"breadcrumb\":{\"@id\":\"https:\\\/\\\/allasorias.hu\\\/hirek\\\/unios-bertamogatas\\\/#breadcrumblist\"},\"author\":{\"@id\":\"https:\\\/\\\/allasorias.hu\\\/hirek\\\/author\\\/admin-allasorias\\\/#author\"},\"creator\":{\"@id\":\"https:\\\/\\\/allasorias.hu\\\/hirek\\\/author\\\/admin-allasorias\\\/#author\"},\"image\":{\"@type\":\"ImageObject\",\"url\":\"https:\\\/\\\/allasorias.hu\\\/hirek\\\/wp-content\\\/uploads\\\/2020\\\/10\\\/european-union-flag-with-euro-bills-coins.jpg\",\"@id\":\"https:\\\/\\\/allasorias.hu\\\/hirek\\\/unios-bertamogatas\\\/#mainImage\",\"width\":1280,\"height\":853,\"caption\":\"European Union financial stimulus on coronavirus Covid-19 pandemic concept. European Union flag with euro bills and coins\"},\"primaryImageOfPage\":{\"@id\":\"https:\\\/\\\/allasorias.hu\\\/hirek\\\/unios-bertamogatas\\\/#mainImage\"},\"datePublished\":\"2021-08-18T10:25:13+02:00\",\"dateModified\":\"2021-08-18T10:25:13+02:00\"},{\"@type\":\"WebSite\",\"@id\":\"https:\\\/\\\/allasorias.hu\\\/hirek\\\/#website\",\"url\":\"https:\\\/\\\/allasorias.hu\\\/hirek\\\/\",\"name\":\"AllasOrias.hu | H\\u00edrek-lapszemle\",\"description\":\"\\u00dczleti h\\u00edrek az \\u00e1ll\\u00e1s \\u00e9s a munka vil\\u00e1g\\u00e1b\\u00f3l\",\"inLanguage\":\"hu-HU\",\"publisher\":{\"@id\":\"https:\\\/\\\/allasorias.hu\\\/hirek\\\/#organization\"}}]}\n\t\t<\/script>\n\t\t<!-- All in One SEO -->\n\n","aioseo_head_json":{"title":"Uni\u00f3s b\u00e9rt\u00e1mogat\u00e1s | AllasOrias.hu | H\u00edrek-lapszemle","description":"A GINOP 881 milli\u00f3 eur\u00f3nyi t\u00f6bblet forr\u00e1sban r\u00e9szes\u00fcl, amely p\u00e9nzt t\u00f6bb mint 8 000 kis- \u00e9s k\u00f6z\u00e9pv\u00e1llalkoz\u00e1s \u00e1ltal ig\u00e9nybe vehet\u0151 kamatmentes m\u0171k\u00f6d\u0151t\u0151ke-hiteleszk\u00f6zre, valamint a Covid19-j\u00e1rv\u00e1ny miatti korl\u00e1toz\u00f3 int\u00e9zked\u00e9sek \u00e1ltal \u00e9rintett v\u00e1llalkoz\u00e1sok munkav\u00e1llal\u00f3it seg\u00edt\u0151 b\u00e9rt\u00e1mogat\u00e1si rendszer t\u00e1mogat\u00e1s\u00e1ra ford\u00edtj\u00e1k. \u201e\u00c1gazati b\u00e9rt\u00e1mogat\u00e1s a COVID\u201319 j\u00e1rv\u00e1ny munkaer\u0151piaci hat\u00e1sainak kezel\u00e9s\u00e9re\u201d c\u00edmmel jelenik meg most augusztusban 84 milli\u00e1rd forintos keret\u00f6sszeggel egy","canonical_url":"https:\/\/allasorias.hu\/hirek\/unios-bertamogatas\/","robots":"max-image-preview:large","keywords":"","webmasterTools":{"miscellaneous":""},"schema":{"@context":"https:\/\/schema.org","@graph":[{"@type":"Article","@id":"https:\/\/allasorias.hu\/hirek\/unios-bertamogatas\/#article","name":"Uni\u00f3s b\u00e9rt\u00e1mogat\u00e1s | AllasOrias.hu | H\u00edrek-lapszemle","headline":"Uni\u00f3s b\u00e9rt\u00e1mogat\u00e1s","author":{"@id":"https:\/\/allasorias.hu\/hirek\/author\/admin-allasorias\/#author"},"publisher":{"@id":"https:\/\/allasorias.hu\/hirek\/#organization"},"image":{"@type":"ImageObject","url":"https:\/\/allasorias.hu\/hirek\/wp-content\/uploads\/2020\/10\/european-union-flag-with-euro-bills-coins.jpg","width":1280,"height":853,"caption":"European Union financial stimulus on coronavirus Covid-19 pandemic concept. European Union flag with euro bills and coins"},"datePublished":"2021-08-18T10:25:13+02:00","dateModified":"2021-08-18T10:25:13+02:00","inLanguage":"hu-HU","mainEntityOfPage":{"@id":"https:\/\/allasorias.hu\/hirek\/unios-bertamogatas\/#webpage"},"isPartOf":{"@id":"https:\/\/allasorias.hu\/hirek\/unios-bertamogatas\/#webpage"},"articleSection":"Gazdas\u00e1g"},{"@type":"BreadcrumbList","@id":"https:\/\/allasorias.hu\/hirek\/unios-bertamogatas\/#breadcrumblist","itemListElement":[{"@type":"ListItem","@id":"https:\/\/allasorias.hu\/hirek#listItem","position":1,"name":"Home","item":"https:\/\/allasorias.hu\/hirek","nextItem":{"@type":"ListItem","@id":"https:\/\/allasorias.hu\/hirek\/temak\/gazdasag\/#listItem","name":"Gazdas\u00e1g"}},{"@type":"ListItem","@id":"https:\/\/allasorias.hu\/hirek\/temak\/gazdasag\/#listItem","position":2,"name":"Gazdas\u00e1g","item":"https:\/\/allasorias.hu\/hirek\/temak\/gazdasag\/","nextItem":{"@type":"ListItem","@id":"https:\/\/allasorias.hu\/hirek\/unios-bertamogatas\/#listItem","name":"Uni\u00f3s b\u00e9rt\u00e1mogat\u00e1s"},"previousItem":{"@type":"ListItem","@id":"https:\/\/allasorias.hu\/hirek#listItem","name":"Home"}},{"@type":"ListItem","@id":"https:\/\/allasorias.hu\/hirek\/unios-bertamogatas\/#listItem","position":3,"name":"Uni\u00f3s b\u00e9rt\u00e1mogat\u00e1s","previousItem":{"@type":"ListItem","@id":"https:\/\/allasorias.hu\/hirek\/temak\/gazdasag\/#listItem","name":"Gazdas\u00e1g"}}]},{"@type":"Organization","@id":"https:\/\/allasorias.hu\/hirek\/#organization","name":"AllasOrias.hu | H\u00edrek-lapszemle","description":"\u00dczleti h\u00edrek az \u00e1ll\u00e1s \u00e9s a munka vil\u00e1g\u00e1b\u00f3l","url":"https:\/\/allasorias.hu\/hirek\/","logo":{"@type":"ImageObject","url":"https:\/\/allasorias.hu\/hirek\/wp-content\/uploads\/2022\/10\/allasorias_site_facebok_logo.png","@id":"https:\/\/allasorias.hu\/hirek\/unios-bertamogatas\/#organizationLogo"},"image":{"@id":"https:\/\/allasorias.hu\/hirek\/unios-bertamogatas\/#organizationLogo"},"sameAs":["https:\/\/www.facebook.com\/allasorias","https:\/\/www.linkedin.com\/company\/allasorias"]},{"@type":"Person","@id":"https:\/\/allasorias.hu\/hirek\/author\/admin-allasorias\/#author","url":"https:\/\/allasorias.hu\/hirek\/author\/admin-allasorias\/","name":"Juh\u00e1sz P\u00e9ter","image":{"@type":"ImageObject","@id":"https:\/\/allasorias.hu\/hirek\/unios-bertamogatas\/#authorImage","url":"https:\/\/secure.gravatar.com\/avatar\/36e6bcb83148978b992977cb0f54d22feb0cce8a0a849a9410532bb2623ba4c6?s=96&d=mm&r=g","width":96,"height":96,"caption":"Juh\u00e1sz P\u00e9ter"}},{"@type":"WebPage","@id":"https:\/\/allasorias.hu\/hirek\/unios-bertamogatas\/#webpage","url":"https:\/\/allasorias.hu\/hirek\/unios-bertamogatas\/","name":"Uni\u00f3s b\u00e9rt\u00e1mogat\u00e1s | AllasOrias.hu | H\u00edrek-lapszemle","description":"A GINOP 881 milli\u00f3 eur\u00f3nyi t\u00f6bblet forr\u00e1sban r\u00e9szes\u00fcl, amely p\u00e9nzt t\u00f6bb mint 8 000 kis- \u00e9s k\u00f6z\u00e9pv\u00e1llalkoz\u00e1s \u00e1ltal ig\u00e9nybe vehet\u0151 kamatmentes m\u0171k\u00f6d\u0151t\u0151ke-hiteleszk\u00f6zre, valamint a Covid19-j\u00e1rv\u00e1ny miatti korl\u00e1toz\u00f3 int\u00e9zked\u00e9sek \u00e1ltal \u00e9rintett v\u00e1llalkoz\u00e1sok munkav\u00e1llal\u00f3it seg\u00edt\u0151 b\u00e9rt\u00e1mogat\u00e1si rendszer t\u00e1mogat\u00e1s\u00e1ra ford\u00edtj\u00e1k. \u201e\u00c1gazati b\u00e9rt\u00e1mogat\u00e1s a COVID\u201319 j\u00e1rv\u00e1ny munkaer\u0151piaci hat\u00e1sainak kezel\u00e9s\u00e9re\u201d c\u00edmmel jelenik meg most augusztusban 84 milli\u00e1rd forintos keret\u00f6sszeggel egy","inLanguage":"hu-HU","isPartOf":{"@id":"https:\/\/allasorias.hu\/hirek\/#website"},"breadcrumb":{"@id":"https:\/\/allasorias.hu\/hirek\/unios-bertamogatas\/#breadcrumblist"},"author":{"@id":"https:\/\/allasorias.hu\/hirek\/author\/admin-allasorias\/#author"},"creator":{"@id":"https:\/\/allasorias.hu\/hirek\/author\/admin-allasorias\/#author"},"image":{"@type":"ImageObject","url":"https:\/\/allasorias.hu\/hirek\/wp-content\/uploads\/2020\/10\/european-union-flag-with-euro-bills-coins.jpg","@id":"https:\/\/allasorias.hu\/hirek\/unios-bertamogatas\/#mainImage","width":1280,"height":853,"caption":"European Union financial stimulus on coronavirus Covid-19 pandemic concept. European Union flag with euro bills and coins"},"primaryImageOfPage":{"@id":"https:\/\/allasorias.hu\/hirek\/unios-bertamogatas\/#mainImage"},"datePublished":"2021-08-18T10:25:13+02:00","dateModified":"2021-08-18T10:25:13+02:00"},{"@type":"WebSite","@id":"https:\/\/allasorias.hu\/hirek\/#website","url":"https:\/\/allasorias.hu\/hirek\/","name":"AllasOrias.hu | H\u00edrek-lapszemle","description":"\u00dczleti h\u00edrek az \u00e1ll\u00e1s \u00e9s a munka vil\u00e1g\u00e1b\u00f3l","inLanguage":"hu-HU","publisher":{"@id":"https:\/\/allasorias.hu\/hirek\/#organization"}}]},"og:locale":"hu_HU","og:site_name":"AllasOrias.hu | H\u00edrek-lapszemle | \u00dczleti h\u00edrek az \u00e1ll\u00e1s \u00e9s a munka vil\u00e1g\u00e1b\u00f3l","og:type":"article","og:title":"Uni\u00f3s b\u00e9rt\u00e1mogat\u00e1s | AllasOrias.hu | H\u00edrek-lapszemle","og:description":"A GINOP 881 milli\u00f3 eur\u00f3nyi t\u00f6bblet forr\u00e1sban r\u00e9szes\u00fcl, amely p\u00e9nzt t\u00f6bb mint 8 000 kis- \u00e9s k\u00f6z\u00e9pv\u00e1llalkoz\u00e1s \u00e1ltal ig\u00e9nybe vehet\u0151 kamatmentes m\u0171k\u00f6d\u0151t\u0151ke-hiteleszk\u00f6zre, valamint a Covid19-j\u00e1rv\u00e1ny miatti korl\u00e1toz\u00f3 int\u00e9zked\u00e9sek \u00e1ltal \u00e9rintett v\u00e1llalkoz\u00e1sok munkav\u00e1llal\u00f3it seg\u00edt\u0151 b\u00e9rt\u00e1mogat\u00e1si rendszer t\u00e1mogat\u00e1s\u00e1ra ford\u00edtj\u00e1k. \u201e\u00c1gazati b\u00e9rt\u00e1mogat\u00e1s a COVID\u201319 j\u00e1rv\u00e1ny munkaer\u0151piaci hat\u00e1sainak kezel\u00e9s\u00e9re\u201d c\u00edmmel jelenik meg most augusztusban 84 milli\u00e1rd forintos keret\u00f6sszeggel egy","og:url":"https:\/\/allasorias.hu\/hirek\/unios-bertamogatas\/","og:image":"https:\/\/allasorias.hu\/hirek\/wp-content\/uploads\/2020\/10\/european-union-flag-with-euro-bills-coins.jpg","og:image:secure_url":"https:\/\/allasorias.hu\/hirek\/wp-content\/uploads\/2020\/10\/european-union-flag-with-euro-bills-coins.jpg","og:image:width":1280,"og:image:height":853,"article:published_time":"2021-08-18T10:25:13+00:00","article:modified_time":"2021-08-18T10:25:13+00:00","article:publisher":"https:\/\/www.facebook.com\/allasorias","twitter:card":"summary_large_image","twitter:title":"Uni\u00f3s b\u00e9rt\u00e1mogat\u00e1s | AllasOrias.hu | H\u00edrek-lapszemle","twitter:description":"A GINOP 881 milli\u00f3 eur\u00f3nyi t\u00f6bblet forr\u00e1sban r\u00e9szes\u00fcl, amely p\u00e9nzt t\u00f6bb mint 8 000 kis- \u00e9s k\u00f6z\u00e9pv\u00e1llalkoz\u00e1s \u00e1ltal ig\u00e9nybe vehet\u0151 kamatmentes m\u0171k\u00f6d\u0151t\u0151ke-hiteleszk\u00f6zre, valamint a Covid19-j\u00e1rv\u00e1ny miatti korl\u00e1toz\u00f3 int\u00e9zked\u00e9sek \u00e1ltal \u00e9rintett v\u00e1llalkoz\u00e1sok munkav\u00e1llal\u00f3it seg\u00edt\u0151 b\u00e9rt\u00e1mogat\u00e1si rendszer t\u00e1mogat\u00e1s\u00e1ra ford\u00edtj\u00e1k. \u201e\u00c1gazati b\u00e9rt\u00e1mogat\u00e1s a COVID\u201319 j\u00e1rv\u00e1ny munkaer\u0151piaci hat\u00e1sainak kezel\u00e9s\u00e9re\u201d c\u00edmmel jelenik meg most augusztusban 84 milli\u00e1rd forintos keret\u00f6sszeggel egy","twitter:image":"https:\/\/allasorias.hu\/hirek\/wp-content\/uploads\/2020\/10\/european-union-flag-with-euro-bills-coins.jpg","twitter:label1":"Written by","twitter:data1":"Juh\u00e1sz P\u00e9ter","twitter:label2":"Est. reading time","twitter:data2":"5 minutes"},"aioseo_meta_data":{"post_id":"4992","title":null,"description":null,"keywords":[],"keyphrases":{"focus":[],"additional":[]},"primary_term":null,"canonical_url":null,"og_title":null,"og_description":null,"og_object_type":"default","og_image_type":"default","og_image_url":null,"og_image_width":null,"og_image_height":null,"og_image_custom_url":null,"og_image_custom_fields":null,"og_video":"","og_custom_url":null,"og_article_section":null,"og_article_tags":[],"twitter_use_og":false,"twitter_card":"default","twitter_image_type":"default","twitter_image_url":null,"twitter_image_custom_url":null,"twitter_image_custom_fields":null,"twitter_title":null,"twitter_description":null,"schema":{"blockGraphs":[],"customGraphs":[],"default":{"data":{"Article":[],"Course":[],"Dataset":[],"FAQPage":[],"Movie":[],"Person":[],"Product":[],"ProductReview":[],"Car":[],"Recipe":[],"Service":[],"SoftwareApplication":[],"WebPage":[]},"graphName":"","isEnabled":true},"graphs":[],"defaultGraph":"Article","defaultPostTypeGraph":""},"schema_type":"default","schema_type_options":"{\"article\":{\"articleType\":\"BlogPosting\"},\"course\":{\"name\":\"\",\"description\":\"\",\"provider\":\"\"},\"faq\":{\"pages\":[]},\"product\":{\"reviews\":[]},\"recipe\":{\"ingredients\":[],\"instructions\":[],\"keywords\":[]},\"software\":{\"reviews\":[],\"operatingSystems\":[]},\"webPage\":{\"webPageType\":\"WebPage\"}}","pillar_content":false,"robots_default":true,"robots_noindex":false,"robots_noarchive":false,"robots_nosnippet":false,"robots_nofollow":false,"robots_noimageindex":false,"robots_noodp":false,"robots_notranslate":false,"robots_max_snippet":"-1","robots_max_videopreview":"-1","robots_max_imagepreview":"large","priority":null,"frequency":"default","location":null,"local_seo":{"locations":{"business":{"name":"","businessType":"","image":"","areaServed":"","urls":{"website":"","aboutPage":"","contactPage":""},"address":{"streetLine1":"","streetLine2":"","zipCode":"","city":"","state":"","country":"","addressFormat":"#streetLineOne\n#streetLineTwo\n#city, #state #zipCode"},"contact":{"phone":"","email":"","fax":""},"ids":{"vat":"","tax":"","chamberOfCommerce":""},"payment":{"priceRange":"","currenciesAccepted":"","methods":""}}},"openingHours":{"useDefaults":true,"show":true,"alwaysOpen":false,"use24hFormat":false,"timezone":"","labels":{"closed":"","alwaysOpen":""},"days":{"monday":{"open24h":false,"closed":false,"openTime":"09:00","closeTime":"17:00"},"tuesday":{"open24h":false,"closed":false,"openTime":"09:00","closeTime":"17:00"},"wednesday":{"open24h":false,"closed":false,"openTime":"09:00","closeTime":"17:00"},"thursday":{"open24h":false,"closed":false,"openTime":"09:00","closeTime":"17:00"},"friday":{"open24h":false,"closed":false,"openTime":"09:00","closeTime":"17:00"},"saturday":{"open24h":false,"closed":false,"openTime":"09:00","closeTime":"17:00"},"sunday":{"open24h":false,"closed":false,"openTime":"09:00","closeTime":"17:00"}}}},"breadcrumb_settings":null,"limit_modified_date":false,"ai":null,"created":"2021-08-18 10:23:43","updated":"2025-10-02 16:03:45","seo_analyzer_scan_date":null,"focus_keyword":null,"additional_keywords":null,"truseo_locale":null},"aioseo_breadcrumb":"<div class=\"aioseo-breadcrumbs\"><span class=\"aioseo-breadcrumb\">\n\t\t\t<a href=\"https:\/\/allasorias.hu\/hirek\" title=\"Home\">Home<\/a>\n\t\t<\/span><span class=\"aioseo-breadcrumb-separator\">&raquo;<\/span><span class=\"aioseo-breadcrumb\">\n\t\t\t<a href=\"https:\/\/allasorias.hu\/hirek\/temak\/gazdasag\/\" title=\"Gazdas\u00e1g\">Gazdas\u00e1g<\/a>\n\t\t<\/span><span class=\"aioseo-breadcrumb-separator\">&raquo;<\/span><span class=\"aioseo-breadcrumb\">\n\t\t\tUni\u00f3s b\u00e9rt\u00e1mogat\u00e1s\n\t\t<\/span><\/div>","aioseo_breadcrumb_json":[{"label":"Home","link":"https:\/\/allasorias.hu\/hirek"},{"label":"Gazdas\u00e1g","link":"https:\/\/allasorias.hu\/hirek\/temak\/gazdasag\/"},{"label":"Uni\u00f3s b\u00e9rt\u00e1mogat\u00e1s","link":"https:\/\/allasorias.hu\/hirek\/unios-bertamogatas\/"}],"_links":{"self":[{"href":"https:\/\/allasorias.hu\/hirek\/wp-json\/wp\/v2\/posts\/4992","targetHints":{"allow":["GET"]}}],"collection":[{"href":"https:\/\/allasorias.hu\/hirek\/wp-json\/wp\/v2\/posts"}],"about":[{"href":"https:\/\/allasorias.hu\/hirek\/wp-json\/wp\/v2\/types\/post"}],"author":[{"embeddable":true,"href":"https:\/\/allasorias.hu\/hirek\/wp-json\/wp\/v2\/users\/1"}],"replies":[{"embeddable":true,"href":"https:\/\/allasorias.hu\/hirek\/wp-json\/wp\/v2\/comments?post=4992"}],"version-history":[{"count":1,"href":"https:\/\/allasorias.hu\/hirek\/wp-json\/wp\/v2\/posts\/4992\/revisions"}],"predecessor-version":[{"id":4993,"href":"https:\/\/allasorias.hu\/hirek\/wp-json\/wp\/v2\/posts\/4992\/revisions\/4993"}],"wp:featuredmedia":[{"embeddable":true,"href":"https:\/\/allasorias.hu\/hirek\/wp-json\/wp\/v2\/media\/4320"}],"wp:attachment":[{"href":"https:\/\/allasorias.hu\/hirek\/wp-json\/wp\/v2\/media?parent=4992"}],"wp:term":[{"taxonomy":"category","embeddable":true,"href":"https:\/\/allasorias.hu\/hirek\/wp-json\/wp\/v2\/categories?post=4992"},{"taxonomy":"post_tag","embeddable":true,"href":"https:\/\/allasorias.hu\/hirek\/wp-json\/wp\/v2\/tags?post=4992"}],"curies":[{"name":"wp","href":"https:\/\/api.w.org\/{rel}","templated":true}]}}