{"id":4983,"date":"2021-08-13T08:43:15","date_gmt":"2021-08-13T08:43:15","guid":{"rendered":"https:\/\/allasorias.hu\/hirek\/?p=4983"},"modified":"2021-08-13T08:43:15","modified_gmt":"2021-08-13T08:43:15","slug":"egyre-tobb-no-jelenik-meg-a-munkaeropiacon","status":"publish","type":"post","link":"https:\/\/allasorias.hu\/hirek\/egyre-tobb-no-jelenik-meg-a-munkaeropiacon\/","title":{"rendered":"Egyre t\u00f6bb n\u0151 jelenik meg a munkaer\u0151piacon"},"content":{"rendered":"<p><strong>Azok a n\u0151k, akiknek a j\u00e1rv\u00e1ny kor\u00e1bbi id\u0151szak\u00e1ban otthon kellett maradniuk, j\u00faniusra m\u00e1r visszat\u00e9rhettek a munka vil\u00e1g\u00e1ba. A munkaer\u0151piac sikeresen kiheverte a koronav\u00edrust, a korl\u00e1toz\u00e1sok felold\u00e1sa ut\u00e1n kor\u00e1bban nem l\u00e1tott foglalkoztatotts\u00e1got siker\u00fclt el\u00e9rni. J\u00faniusban 70%-ra emelkedett a n\u0151k foglalkoztatotts\u00e1gi r\u00e1t\u00e1ja \u2013 der\u00fclt ki a KSH kiadv\u00e1ny\u00e1b\u00f3l. <\/strong><\/p>\n<p>A kiadv\u00e1nyb\u00f3l l\u00e1tszik, hogy ny\u00e1r elej\u00e9n a foglalkoztatottak sz\u00e1ma megk\u00f6zel\u00edtette a 4,7 milli\u00f3t, 90 ezerrel volt magasabb, mint a j\u00e1rv\u00e1ny el\u0151tt, 2019 azonos id\u0151szak\u00e1ban. Az \u00f6sszes\u00edtett foglalkoztatotts\u00e1gi r\u00e1ta t\u00f6rt\u00e9nelmi cs\u00facsot \u00e9rt el, 74,1 sz\u00e1zal\u00e9k lett. Azok a n\u0151k, akiknek a j\u00e1rv\u00e1ny kor\u00e1bbi id\u0151szak\u00e1ban otthon kellett maradniuk, j\u00faniusra m\u00e1r visszat\u00e9rhettek a munka vil\u00e1g\u00e1ba\u201d \u2013 mondta a VG-nek Szalai Piroska, a Kopp M\u00e1ria Int\u00e9zet Smart Family Centrum vezet\u0151je. A munkaer\u0151piaci szak\u00e9rt\u0151 eml\u00e9keztetett, hogy m\u00e1jusban az iskol\u00e1kban \u00fajraindulhatott az oktat\u00e1s, ezzel egy id\u0151ben pedig megny\u00edltak a vend\u00e9gl\u00e1t\u00f3helyek. \u201eEnnek is k\u00f6sz\u00f6nhet\u0151, hogy t\u00f6bb munkahely \u00e1llt rendelkez\u00e9sre azoknak a n\u0151knek, akik a j\u00e1rv\u00e1ny kezdet\u00e9n elvesztett\u00e9k a munk\u00e1jukat, vagy nem tudt\u00e1k folytatni, mert rugalmasabb form\u00e1t ig\u00e9nyeltek.\u201d<\/p>\n<p>Forr\u00e1s: mandiner.hu<\/p>\n","protected":false},"excerpt":{"rendered":"<p>Azok a n\u0151k, akiknek a j\u00e1rv\u00e1ny kor\u00e1bbi id\u0151szak\u00e1ban otthon kellett maradniuk, j\u00faniusra m\u00e1r visszat\u00e9rhettek a munka vil\u00e1g\u00e1ba. A munkaer\u0151piac sikeresen kiheverte a koronav\u00edrust, a korl\u00e1toz\u00e1sok felold\u00e1sa ut\u00e1n kor\u00e1bban nem l\u00e1tott foglalkoztatotts\u00e1got siker\u00fclt el\u00e9rni. J\u00faniusban 70%-ra emelkedett a n\u0151k foglalkoztatotts\u00e1gi r\u00e1t\u00e1ja \u2013 der\u00fclt ki a KSH kiadv\u00e1ny\u00e1b\u00f3l. A kiadv\u00e1nyb\u00f3l l\u00e1tszik, hogy ny\u00e1r elej\u00e9n a foglalkoztatottak sz\u00e1ma [&hellip;]<\/p>\n","protected":false},"author":1,"featured_media":4026,"comment_status":"open","ping_status":"open","sticky":false,"template":"","format":"standard","meta":{"_monsterinsights_skip_tracking":false,"footnotes":""},"categories":[200],"tags":[],"class_list":["post-4983","post","type-post","status-publish","format-standard","has-post-thumbnail","hentry","category-munkaeropiac"],"aioseo_notices":[],"aioseo_head":"\n\t\t<!-- All in One SEO 5.0.0.1 - aioseo.com -->\n\t<meta name=\"description\" content=\"Azok a n\u0151k, akiknek a j\u00e1rv\u00e1ny kor\u00e1bbi id\u0151szak\u00e1ban otthon kellett maradniuk, j\u00faniusra m\u00e1r visszat\u00e9rhettek a munka vil\u00e1g\u00e1ba. A munkaer\u0151piac sikeresen kiheverte a koronav\u00edrust, a korl\u00e1toz\u00e1sok felold\u00e1sa ut\u00e1n kor\u00e1bban nem l\u00e1tott foglalkoztatotts\u00e1got siker\u00fclt el\u00e9rni. J\u00faniusban 70%-ra emelkedett a n\u0151k foglalkoztatotts\u00e1gi r\u00e1t\u00e1ja \u2013 der\u00fclt ki a KSH kiadv\u00e1ny\u00e1b\u00f3l. A kiadv\u00e1nyb\u00f3l l\u00e1tszik, hogy ny\u00e1r elej\u00e9n a foglalkoztatottak sz\u00e1ma\" \/>\n\t<meta name=\"robots\" content=\"max-image-preview:large\" \/>\n\t<meta name=\"author\" content=\"Juh\u00e1sz P\u00e9ter\"\/>\n\t<link rel=\"canonical\" href=\"https:\/\/allasorias.hu\/hirek\/egyre-tobb-no-jelenik-meg-a-munkaeropiacon\/\" \/>\n\t<meta name=\"generator\" content=\"All in One SEO (AIOSEO) 5.0.0.1\" \/>\n\t\t<meta property=\"og:locale\" content=\"hu_HU\" \/>\n\t\t<meta property=\"og:site_name\" content=\"AllasOrias.hu | H\u00edrek-lapszemle | \u00dczleti h\u00edrek az \u00e1ll\u00e1s \u00e9s a munka vil\u00e1g\u00e1b\u00f3l\" \/>\n\t\t<meta property=\"og:type\" content=\"article\" \/>\n\t\t<meta property=\"og:title\" content=\"Egyre t\u00f6bb n\u0151 jelenik meg a munkaer\u0151piacon | AllasOrias.hu | H\u00edrek-lapszemle\" \/>\n\t\t<meta property=\"og:description\" content=\"Azok a n\u0151k, akiknek a j\u00e1rv\u00e1ny kor\u00e1bbi id\u0151szak\u00e1ban otthon kellett maradniuk, j\u00faniusra m\u00e1r visszat\u00e9rhettek a munka vil\u00e1g\u00e1ba. A munkaer\u0151piac sikeresen kiheverte a koronav\u00edrust, a korl\u00e1toz\u00e1sok felold\u00e1sa ut\u00e1n kor\u00e1bban nem l\u00e1tott foglalkoztatotts\u00e1got siker\u00fclt el\u00e9rni. J\u00faniusban 70%-ra emelkedett a n\u0151k foglalkoztatotts\u00e1gi r\u00e1t\u00e1ja \u2013 der\u00fclt ki a KSH kiadv\u00e1ny\u00e1b\u00f3l. A kiadv\u00e1nyb\u00f3l l\u00e1tszik, hogy ny\u00e1r elej\u00e9n a foglalkoztatottak sz\u00e1ma\" \/>\n\t\t<meta property=\"og:url\" content=\"https:\/\/allasorias.hu\/hirek\/egyre-tobb-no-jelenik-meg-a-munkaeropiacon\/\" \/>\n\t\t<meta property=\"og:image\" content=\"https:\/\/allasorias.hu\/hirek\/wp-content\/uploads\/2020\/06\/fiatal.jpg\" \/>\n\t\t<meta property=\"og:image:secure_url\" content=\"https:\/\/allasorias.hu\/hirek\/wp-content\/uploads\/2020\/06\/fiatal.jpg\" \/>\n\t\t<meta property=\"og:image:width\" content=\"720\" \/>\n\t\t<meta property=\"og:image:height\" content=\"480\" \/>\n\t\t<meta property=\"article:published_time\" content=\"2021-08-13T08:43:15+00:00\" \/>\n\t\t<meta property=\"article:modified_time\" content=\"2021-08-13T08:43:15+00:00\" \/>\n\t\t<meta property=\"article:publisher\" content=\"https:\/\/www.facebook.com\/allasorias\" \/>\n\t\t<meta name=\"twitter:card\" content=\"summary_large_image\" \/>\n\t\t<meta name=\"twitter:title\" content=\"Egyre t\u00f6bb n\u0151 jelenik meg a munkaer\u0151piacon | AllasOrias.hu | H\u00edrek-lapszemle\" \/>\n\t\t<meta name=\"twitter:description\" content=\"Azok a n\u0151k, akiknek a j\u00e1rv\u00e1ny kor\u00e1bbi id\u0151szak\u00e1ban otthon kellett maradniuk, j\u00faniusra m\u00e1r visszat\u00e9rhettek a munka vil\u00e1g\u00e1ba. A munkaer\u0151piac sikeresen kiheverte a koronav\u00edrust, a korl\u00e1toz\u00e1sok felold\u00e1sa ut\u00e1n kor\u00e1bban nem l\u00e1tott foglalkoztatotts\u00e1got siker\u00fclt el\u00e9rni. J\u00faniusban 70%-ra emelkedett a n\u0151k foglalkoztatotts\u00e1gi r\u00e1t\u00e1ja \u2013 der\u00fclt ki a KSH kiadv\u00e1ny\u00e1b\u00f3l. A kiadv\u00e1nyb\u00f3l l\u00e1tszik, hogy ny\u00e1r elej\u00e9n a foglalkoztatottak sz\u00e1ma\" \/>\n\t\t<meta name=\"twitter:image\" content=\"https:\/\/allasorias.hu\/hirek\/wp-content\/uploads\/2020\/06\/fiatal.jpg\" \/>\n\t\t<meta name=\"twitter:label1\" content=\"Written by\" \/>\n\t\t<meta name=\"twitter:data1\" content=\"Juh\u00e1sz P\u00e9ter\" \/>\n\t\t<meta name=\"twitter:label2\" content=\"Est. reading time\" \/>\n\t\t<meta name=\"twitter:data2\" content=\"1 minute\" \/>\n\t\t<script type=\"application\/ld+json\" class=\"aioseo-schema\">\n\t\t\t{\"@context\":\"https:\\\/\\\/schema.org\",\"@graph\":[{\"@type\":\"Article\",\"@id\":\"https:\\\/\\\/allasorias.hu\\\/hirek\\\/egyre-tobb-no-jelenik-meg-a-munkaeropiacon\\\/#article\",\"name\":\"Egyre t\\u00f6bb n\\u0151 jelenik meg a munkaer\\u0151piacon | AllasOrias.hu | H\\u00edrek-lapszemle\",\"headline\":\"Egyre t\\u00f6bb n\\u0151 jelenik meg a munkaer\\u0151piacon\",\"author\":{\"@id\":\"https:\\\/\\\/allasorias.hu\\\/hirek\\\/author\\\/admin-allasorias\\\/#author\"},\"publisher\":{\"@id\":\"https:\\\/\\\/allasorias.hu\\\/hirek\\\/#organization\"},\"image\":{\"@type\":\"ImageObject\",\"url\":\"https:\\\/\\\/allasorias.hu\\\/hirek\\\/wp-content\\\/uploads\\\/2020\\\/06\\\/fiatal.jpg\",\"width\":720,\"height\":480,\"caption\":\"Young pretty business woman with notebook in the office\"},\"datePublished\":\"2021-08-13T08:43:15+02:00\",\"dateModified\":\"2021-08-13T08:43:15+02:00\",\"inLanguage\":\"hu-HU\",\"mainEntityOfPage\":{\"@id\":\"https:\\\/\\\/allasorias.hu\\\/hirek\\\/egyre-tobb-no-jelenik-meg-a-munkaeropiacon\\\/#webpage\"},\"isPartOf\":{\"@id\":\"https:\\\/\\\/allasorias.hu\\\/hirek\\\/egyre-tobb-no-jelenik-meg-a-munkaeropiacon\\\/#webpage\"},\"articleSection\":\"Munkaer\\u0151piac\"},{\"@type\":\"BreadcrumbList\",\"@id\":\"https:\\\/\\\/allasorias.hu\\\/hirek\\\/egyre-tobb-no-jelenik-meg-a-munkaeropiacon\\\/#breadcrumblist\",\"itemListElement\":[{\"@type\":\"ListItem\",\"@id\":\"https:\\\/\\\/allasorias.hu\\\/hirek#listItem\",\"position\":1,\"name\":\"Home\",\"item\":\"https:\\\/\\\/allasorias.hu\\\/hirek\",\"nextItem\":{\"@type\":\"ListItem\",\"@id\":\"https:\\\/\\\/allasorias.hu\\\/hirek\\\/temak\\\/munkaeropiac\\\/#listItem\",\"name\":\"Munkaer\\u0151piac\"}},{\"@type\":\"ListItem\",\"@id\":\"https:\\\/\\\/allasorias.hu\\\/hirek\\\/temak\\\/munkaeropiac\\\/#listItem\",\"position\":2,\"name\":\"Munkaer\\u0151piac\",\"item\":\"https:\\\/\\\/allasorias.hu\\\/hirek\\\/temak\\\/munkaeropiac\\\/\",\"nextItem\":{\"@type\":\"ListItem\",\"@id\":\"https:\\\/\\\/allasorias.hu\\\/hirek\\\/egyre-tobb-no-jelenik-meg-a-munkaeropiacon\\\/#listItem\",\"name\":\"Egyre t\\u00f6bb n\\u0151 jelenik meg a munkaer\\u0151piacon\"},\"previousItem\":{\"@type\":\"ListItem\",\"@id\":\"https:\\\/\\\/allasorias.hu\\\/hirek#listItem\",\"name\":\"Home\"}},{\"@type\":\"ListItem\",\"@id\":\"https:\\\/\\\/allasorias.hu\\\/hirek\\\/egyre-tobb-no-jelenik-meg-a-munkaeropiacon\\\/#listItem\",\"position\":3,\"name\":\"Egyre t\\u00f6bb n\\u0151 jelenik meg a munkaer\\u0151piacon\",\"previousItem\":{\"@type\":\"ListItem\",\"@id\":\"https:\\\/\\\/allasorias.hu\\\/hirek\\\/temak\\\/munkaeropiac\\\/#listItem\",\"name\":\"Munkaer\\u0151piac\"}}]},{\"@type\":\"Organization\",\"@id\":\"https:\\\/\\\/allasorias.hu\\\/hirek\\\/#organization\",\"name\":\"AllasOrias.hu | H\\u00edrek-lapszemle\",\"description\":\"\\u00dczleti h\\u00edrek az \\u00e1ll\\u00e1s \\u00e9s a munka vil\\u00e1g\\u00e1b\\u00f3l\",\"url\":\"https:\\\/\\\/allasorias.hu\\\/hirek\\\/\",\"logo\":{\"@type\":\"ImageObject\",\"url\":\"https:\\\/\\\/allasorias.hu\\\/hirek\\\/wp-content\\\/uploads\\\/2022\\\/10\\\/allasorias_site_facebok_logo.png\",\"@id\":\"https:\\\/\\\/allasorias.hu\\\/hirek\\\/egyre-tobb-no-jelenik-meg-a-munkaeropiacon\\\/#organizationLogo\"},\"image\":{\"@id\":\"https:\\\/\\\/allasorias.hu\\\/hirek\\\/egyre-tobb-no-jelenik-meg-a-munkaeropiacon\\\/#organizationLogo\"},\"sameAs\":[\"https:\\\/\\\/www.facebook.com\\\/allasorias\",\"https:\\\/\\\/www.linkedin.com\\\/company\\\/allasorias\"]},{\"@type\":\"Person\",\"@id\":\"https:\\\/\\\/allasorias.hu\\\/hirek\\\/author\\\/admin-allasorias\\\/#author\",\"url\":\"https:\\\/\\\/allasorias.hu\\\/hirek\\\/author\\\/admin-allasorias\\\/\",\"name\":\"Juh\\u00e1sz P\\u00e9ter\",\"image\":{\"@type\":\"ImageObject\",\"@id\":\"https:\\\/\\\/allasorias.hu\\\/hirek\\\/egyre-tobb-no-jelenik-meg-a-munkaeropiacon\\\/#authorImage\",\"url\":\"https:\\\/\\\/secure.gravatar.com\\\/avatar\\\/36e6bcb83148978b992977cb0f54d22feb0cce8a0a849a9410532bb2623ba4c6?s=96&d=mm&r=g\",\"width\":96,\"height\":96,\"caption\":\"Juh\\u00e1sz P\\u00e9ter\"}},{\"@type\":\"WebPage\",\"@id\":\"https:\\\/\\\/allasorias.hu\\\/hirek\\\/egyre-tobb-no-jelenik-meg-a-munkaeropiacon\\\/#webpage\",\"url\":\"https:\\\/\\\/allasorias.hu\\\/hirek\\\/egyre-tobb-no-jelenik-meg-a-munkaeropiacon\\\/\",\"name\":\"Egyre t\\u00f6bb n\\u0151 jelenik meg a munkaer\\u0151piacon | AllasOrias.hu | H\\u00edrek-lapszemle\",\"description\":\"Azok a n\\u0151k, akiknek a j\\u00e1rv\\u00e1ny kor\\u00e1bbi id\\u0151szak\\u00e1ban otthon kellett maradniuk, j\\u00faniusra m\\u00e1r visszat\\u00e9rhettek a munka vil\\u00e1g\\u00e1ba. A munkaer\\u0151piac sikeresen kiheverte a koronav\\u00edrust, a korl\\u00e1toz\\u00e1sok felold\\u00e1sa ut\\u00e1n kor\\u00e1bban nem l\\u00e1tott foglalkoztatotts\\u00e1got siker\\u00fclt el\\u00e9rni. J\\u00faniusban 70%-ra emelkedett a n\\u0151k foglalkoztatotts\\u00e1gi r\\u00e1t\\u00e1ja \\u2013 der\\u00fclt ki a KSH kiadv\\u00e1ny\\u00e1b\\u00f3l. A kiadv\\u00e1nyb\\u00f3l l\\u00e1tszik, hogy ny\\u00e1r elej\\u00e9n a foglalkoztatottak sz\\u00e1ma\",\"inLanguage\":\"hu-HU\",\"isPartOf\":{\"@id\":\"https:\\\/\\\/allasorias.hu\\\/hirek\\\/#website\"},\"breadcrumb\":{\"@id\":\"https:\\\/\\\/allasorias.hu\\\/hirek\\\/egyre-tobb-no-jelenik-meg-a-munkaeropiacon\\\/#breadcrumblist\"},\"author\":{\"@id\":\"https:\\\/\\\/allasorias.hu\\\/hirek\\\/author\\\/admin-allasorias\\\/#author\"},\"creator\":{\"@id\":\"https:\\\/\\\/allasorias.hu\\\/hirek\\\/author\\\/admin-allasorias\\\/#author\"},\"image\":{\"@type\":\"ImageObject\",\"url\":\"https:\\\/\\\/allasorias.hu\\\/hirek\\\/wp-content\\\/uploads\\\/2020\\\/06\\\/fiatal.jpg\",\"@id\":\"https:\\\/\\\/allasorias.hu\\\/hirek\\\/egyre-tobb-no-jelenik-meg-a-munkaeropiacon\\\/#mainImage\",\"width\":720,\"height\":480,\"caption\":\"Young pretty business woman with notebook in the office\"},\"primaryImageOfPage\":{\"@id\":\"https:\\\/\\\/allasorias.hu\\\/hirek\\\/egyre-tobb-no-jelenik-meg-a-munkaeropiacon\\\/#mainImage\"},\"datePublished\":\"2021-08-13T08:43:15+02:00\",\"dateModified\":\"2021-08-13T08:43:15+02:00\"},{\"@type\":\"WebSite\",\"@id\":\"https:\\\/\\\/allasorias.hu\\\/hirek\\\/#website\",\"url\":\"https:\\\/\\\/allasorias.hu\\\/hirek\\\/\",\"name\":\"AllasOrias.hu | H\\u00edrek-lapszemle\",\"description\":\"\\u00dczleti h\\u00edrek az \\u00e1ll\\u00e1s \\u00e9s a munka vil\\u00e1g\\u00e1b\\u00f3l\",\"inLanguage\":\"hu-HU\",\"publisher\":{\"@id\":\"https:\\\/\\\/allasorias.hu\\\/hirek\\\/#organization\"}}]}\n\t\t<\/script>\n\t\t<!-- All in One SEO -->\n\n","aioseo_head_json":{"title":"Egyre t\u00f6bb n\u0151 jelenik meg a munkaer\u0151piacon | AllasOrias.hu | H\u00edrek-lapszemle","description":"Azok a n\u0151k, akiknek a j\u00e1rv\u00e1ny kor\u00e1bbi id\u0151szak\u00e1ban otthon kellett maradniuk, j\u00faniusra m\u00e1r visszat\u00e9rhettek a munka vil\u00e1g\u00e1ba. A munkaer\u0151piac sikeresen kiheverte a koronav\u00edrust, a korl\u00e1toz\u00e1sok felold\u00e1sa ut\u00e1n kor\u00e1bban nem l\u00e1tott foglalkoztatotts\u00e1got siker\u00fclt el\u00e9rni. J\u00faniusban 70%-ra emelkedett a n\u0151k foglalkoztatotts\u00e1gi r\u00e1t\u00e1ja \u2013 der\u00fclt ki a KSH kiadv\u00e1ny\u00e1b\u00f3l. A kiadv\u00e1nyb\u00f3l l\u00e1tszik, hogy ny\u00e1r elej\u00e9n a foglalkoztatottak sz\u00e1ma","canonical_url":"https:\/\/allasorias.hu\/hirek\/egyre-tobb-no-jelenik-meg-a-munkaeropiacon\/","robots":"max-image-preview:large","keywords":"","webmasterTools":{"miscellaneous":""},"schema":{"@context":"https:\/\/schema.org","@graph":[{"@type":"Article","@id":"https:\/\/allasorias.hu\/hirek\/egyre-tobb-no-jelenik-meg-a-munkaeropiacon\/#article","name":"Egyre t\u00f6bb n\u0151 jelenik meg a munkaer\u0151piacon | AllasOrias.hu | H\u00edrek-lapszemle","headline":"Egyre t\u00f6bb n\u0151 jelenik meg a munkaer\u0151piacon","author":{"@id":"https:\/\/allasorias.hu\/hirek\/author\/admin-allasorias\/#author"},"publisher":{"@id":"https:\/\/allasorias.hu\/hirek\/#organization"},"image":{"@type":"ImageObject","url":"https:\/\/allasorias.hu\/hirek\/wp-content\/uploads\/2020\/06\/fiatal.jpg","width":720,"height":480,"caption":"Young pretty business woman with notebook in the office"},"datePublished":"2021-08-13T08:43:15+02:00","dateModified":"2021-08-13T08:43:15+02:00","inLanguage":"hu-HU","mainEntityOfPage":{"@id":"https:\/\/allasorias.hu\/hirek\/egyre-tobb-no-jelenik-meg-a-munkaeropiacon\/#webpage"},"isPartOf":{"@id":"https:\/\/allasorias.hu\/hirek\/egyre-tobb-no-jelenik-meg-a-munkaeropiacon\/#webpage"},"articleSection":"Munkaer\u0151piac"},{"@type":"BreadcrumbList","@id":"https:\/\/allasorias.hu\/hirek\/egyre-tobb-no-jelenik-meg-a-munkaeropiacon\/#breadcrumblist","itemListElement":[{"@type":"ListItem","@id":"https:\/\/allasorias.hu\/hirek#listItem","position":1,"name":"Home","item":"https:\/\/allasorias.hu\/hirek","nextItem":{"@type":"ListItem","@id":"https:\/\/allasorias.hu\/hirek\/temak\/munkaeropiac\/#listItem","name":"Munkaer\u0151piac"}},{"@type":"ListItem","@id":"https:\/\/allasorias.hu\/hirek\/temak\/munkaeropiac\/#listItem","position":2,"name":"Munkaer\u0151piac","item":"https:\/\/allasorias.hu\/hirek\/temak\/munkaeropiac\/","nextItem":{"@type":"ListItem","@id":"https:\/\/allasorias.hu\/hirek\/egyre-tobb-no-jelenik-meg-a-munkaeropiacon\/#listItem","name":"Egyre t\u00f6bb n\u0151 jelenik meg a munkaer\u0151piacon"},"previousItem":{"@type":"ListItem","@id":"https:\/\/allasorias.hu\/hirek#listItem","name":"Home"}},{"@type":"ListItem","@id":"https:\/\/allasorias.hu\/hirek\/egyre-tobb-no-jelenik-meg-a-munkaeropiacon\/#listItem","position":3,"name":"Egyre t\u00f6bb n\u0151 jelenik meg a munkaer\u0151piacon","previousItem":{"@type":"ListItem","@id":"https:\/\/allasorias.hu\/hirek\/temak\/munkaeropiac\/#listItem","name":"Munkaer\u0151piac"}}]},{"@type":"Organization","@id":"https:\/\/allasorias.hu\/hirek\/#organization","name":"AllasOrias.hu | H\u00edrek-lapszemle","description":"\u00dczleti h\u00edrek az \u00e1ll\u00e1s \u00e9s a munka vil\u00e1g\u00e1b\u00f3l","url":"https:\/\/allasorias.hu\/hirek\/","logo":{"@type":"ImageObject","url":"https:\/\/allasorias.hu\/hirek\/wp-content\/uploads\/2022\/10\/allasorias_site_facebok_logo.png","@id":"https:\/\/allasorias.hu\/hirek\/egyre-tobb-no-jelenik-meg-a-munkaeropiacon\/#organizationLogo"},"image":{"@id":"https:\/\/allasorias.hu\/hirek\/egyre-tobb-no-jelenik-meg-a-munkaeropiacon\/#organizationLogo"},"sameAs":["https:\/\/www.facebook.com\/allasorias","https:\/\/www.linkedin.com\/company\/allasorias"]},{"@type":"Person","@id":"https:\/\/allasorias.hu\/hirek\/author\/admin-allasorias\/#author","url":"https:\/\/allasorias.hu\/hirek\/author\/admin-allasorias\/","name":"Juh\u00e1sz P\u00e9ter","image":{"@type":"ImageObject","@id":"https:\/\/allasorias.hu\/hirek\/egyre-tobb-no-jelenik-meg-a-munkaeropiacon\/#authorImage","url":"https:\/\/secure.gravatar.com\/avatar\/36e6bcb83148978b992977cb0f54d22feb0cce8a0a849a9410532bb2623ba4c6?s=96&d=mm&r=g","width":96,"height":96,"caption":"Juh\u00e1sz P\u00e9ter"}},{"@type":"WebPage","@id":"https:\/\/allasorias.hu\/hirek\/egyre-tobb-no-jelenik-meg-a-munkaeropiacon\/#webpage","url":"https:\/\/allasorias.hu\/hirek\/egyre-tobb-no-jelenik-meg-a-munkaeropiacon\/","name":"Egyre t\u00f6bb n\u0151 jelenik meg a munkaer\u0151piacon | AllasOrias.hu | H\u00edrek-lapszemle","description":"Azok a n\u0151k, akiknek a j\u00e1rv\u00e1ny kor\u00e1bbi id\u0151szak\u00e1ban otthon kellett maradniuk, j\u00faniusra m\u00e1r visszat\u00e9rhettek a munka vil\u00e1g\u00e1ba. A munkaer\u0151piac sikeresen kiheverte a koronav\u00edrust, a korl\u00e1toz\u00e1sok felold\u00e1sa ut\u00e1n kor\u00e1bban nem l\u00e1tott foglalkoztatotts\u00e1got siker\u00fclt el\u00e9rni. J\u00faniusban 70%-ra emelkedett a n\u0151k foglalkoztatotts\u00e1gi r\u00e1t\u00e1ja \u2013 der\u00fclt ki a KSH kiadv\u00e1ny\u00e1b\u00f3l. A kiadv\u00e1nyb\u00f3l l\u00e1tszik, hogy ny\u00e1r elej\u00e9n a foglalkoztatottak sz\u00e1ma","inLanguage":"hu-HU","isPartOf":{"@id":"https:\/\/allasorias.hu\/hirek\/#website"},"breadcrumb":{"@id":"https:\/\/allasorias.hu\/hirek\/egyre-tobb-no-jelenik-meg-a-munkaeropiacon\/#breadcrumblist"},"author":{"@id":"https:\/\/allasorias.hu\/hirek\/author\/admin-allasorias\/#author"},"creator":{"@id":"https:\/\/allasorias.hu\/hirek\/author\/admin-allasorias\/#author"},"image":{"@type":"ImageObject","url":"https:\/\/allasorias.hu\/hirek\/wp-content\/uploads\/2020\/06\/fiatal.jpg","@id":"https:\/\/allasorias.hu\/hirek\/egyre-tobb-no-jelenik-meg-a-munkaeropiacon\/#mainImage","width":720,"height":480,"caption":"Young pretty business woman with notebook in the office"},"primaryImageOfPage":{"@id":"https:\/\/allasorias.hu\/hirek\/egyre-tobb-no-jelenik-meg-a-munkaeropiacon\/#mainImage"},"datePublished":"2021-08-13T08:43:15+02:00","dateModified":"2021-08-13T08:43:15+02:00"},{"@type":"WebSite","@id":"https:\/\/allasorias.hu\/hirek\/#website","url":"https:\/\/allasorias.hu\/hirek\/","name":"AllasOrias.hu | H\u00edrek-lapszemle","description":"\u00dczleti h\u00edrek az \u00e1ll\u00e1s \u00e9s a munka vil\u00e1g\u00e1b\u00f3l","inLanguage":"hu-HU","publisher":{"@id":"https:\/\/allasorias.hu\/hirek\/#organization"}}]},"og:locale":"hu_HU","og:site_name":"AllasOrias.hu | H\u00edrek-lapszemle | \u00dczleti h\u00edrek az \u00e1ll\u00e1s \u00e9s a munka vil\u00e1g\u00e1b\u00f3l","og:type":"article","og:title":"Egyre t\u00f6bb n\u0151 jelenik meg a munkaer\u0151piacon | AllasOrias.hu | H\u00edrek-lapszemle","og:description":"Azok a n\u0151k, akiknek a j\u00e1rv\u00e1ny kor\u00e1bbi id\u0151szak\u00e1ban otthon kellett maradniuk, j\u00faniusra m\u00e1r visszat\u00e9rhettek a munka vil\u00e1g\u00e1ba. A munkaer\u0151piac sikeresen kiheverte a koronav\u00edrust, a korl\u00e1toz\u00e1sok felold\u00e1sa ut\u00e1n kor\u00e1bban nem l\u00e1tott foglalkoztatotts\u00e1got siker\u00fclt el\u00e9rni. J\u00faniusban 70%-ra emelkedett a n\u0151k foglalkoztatotts\u00e1gi r\u00e1t\u00e1ja \u2013 der\u00fclt ki a KSH kiadv\u00e1ny\u00e1b\u00f3l. A kiadv\u00e1nyb\u00f3l l\u00e1tszik, hogy ny\u00e1r elej\u00e9n a foglalkoztatottak sz\u00e1ma","og:url":"https:\/\/allasorias.hu\/hirek\/egyre-tobb-no-jelenik-meg-a-munkaeropiacon\/","og:image":"https:\/\/allasorias.hu\/hirek\/wp-content\/uploads\/2020\/06\/fiatal.jpg","og:image:secure_url":"https:\/\/allasorias.hu\/hirek\/wp-content\/uploads\/2020\/06\/fiatal.jpg","og:image:width":720,"og:image:height":480,"article:published_time":"2021-08-13T08:43:15+00:00","article:modified_time":"2021-08-13T08:43:15+00:00","article:publisher":"https:\/\/www.facebook.com\/allasorias","twitter:card":"summary_large_image","twitter:title":"Egyre t\u00f6bb n\u0151 jelenik meg a munkaer\u0151piacon | AllasOrias.hu | H\u00edrek-lapszemle","twitter:description":"Azok a n\u0151k, akiknek a j\u00e1rv\u00e1ny kor\u00e1bbi id\u0151szak\u00e1ban otthon kellett maradniuk, j\u00faniusra m\u00e1r visszat\u00e9rhettek a munka vil\u00e1g\u00e1ba. A munkaer\u0151piac sikeresen kiheverte a koronav\u00edrust, a korl\u00e1toz\u00e1sok felold\u00e1sa ut\u00e1n kor\u00e1bban nem l\u00e1tott foglalkoztatotts\u00e1got siker\u00fclt el\u00e9rni. J\u00faniusban 70%-ra emelkedett a n\u0151k foglalkoztatotts\u00e1gi r\u00e1t\u00e1ja \u2013 der\u00fclt ki a KSH kiadv\u00e1ny\u00e1b\u00f3l. A kiadv\u00e1nyb\u00f3l l\u00e1tszik, hogy ny\u00e1r elej\u00e9n a foglalkoztatottak sz\u00e1ma","twitter:image":"https:\/\/allasorias.hu\/hirek\/wp-content\/uploads\/2020\/06\/fiatal.jpg","twitter:label1":"Written by","twitter:data1":"Juh\u00e1sz P\u00e9ter","twitter:label2":"Est. reading time","twitter:data2":"1 minute"},"aioseo_meta_data":{"post_id":"4983","title":null,"description":null,"keywords":[],"keyphrases":{"focus":[],"additional":[]},"primary_term":null,"canonical_url":null,"og_title":null,"og_description":null,"og_object_type":"default","og_image_type":"default","og_image_url":null,"og_image_width":null,"og_image_height":null,"og_image_custom_url":null,"og_image_custom_fields":null,"og_video":"","og_custom_url":null,"og_article_section":null,"og_article_tags":[],"twitter_use_og":false,"twitter_card":"default","twitter_image_type":"default","twitter_image_url":null,"twitter_image_custom_url":null,"twitter_image_custom_fields":null,"twitter_title":null,"twitter_description":null,"schema":{"blockGraphs":[],"customGraphs":[],"default":{"data":{"Article":[],"Course":[],"Dataset":[],"FAQPage":[],"Movie":[],"Person":[],"Product":[],"ProductReview":[],"Car":[],"Recipe":[],"Service":[],"SoftwareApplication":[],"WebPage":[]},"graphName":"","isEnabled":true},"graphs":[],"defaultGraph":"Article","defaultPostTypeGraph":""},"schema_type":"default","schema_type_options":"{\"article\":{\"articleType\":\"BlogPosting\"},\"course\":{\"name\":\"\",\"description\":\"\",\"provider\":\"\"},\"faq\":{\"pages\":[]},\"product\":{\"reviews\":[]},\"recipe\":{\"ingredients\":[],\"instructions\":[],\"keywords\":[]},\"software\":{\"reviews\":[],\"operatingSystems\":[]},\"webPage\":{\"webPageType\":\"WebPage\"}}","pillar_content":false,"robots_default":true,"robots_noindex":false,"robots_noarchive":false,"robots_nosnippet":false,"robots_nofollow":false,"robots_noimageindex":false,"robots_noodp":false,"robots_notranslate":false,"robots_max_snippet":"-1","robots_max_videopreview":"-1","robots_max_imagepreview":"large","priority":null,"frequency":"default","location":null,"local_seo":{"locations":{"business":{"name":"","businessType":"","image":"","areaServed":"","urls":{"website":"","aboutPage":"","contactPage":""},"address":{"streetLine1":"","streetLine2":"","zipCode":"","city":"","state":"","country":"","addressFormat":"#streetLineOne\n#streetLineTwo\n#city, #state #zipCode"},"contact":{"phone":"","email":"","fax":""},"ids":{"vat":"","tax":"","chamberOfCommerce":""},"payment":{"priceRange":"","currenciesAccepted":"","methods":""}}},"openingHours":{"useDefaults":true,"show":true,"alwaysOpen":false,"use24hFormat":false,"timezone":"","labels":{"closed":"","alwaysOpen":""},"days":{"monday":{"open24h":false,"closed":false,"openTime":"09:00","closeTime":"17:00"},"tuesday":{"open24h":false,"closed":false,"openTime":"09:00","closeTime":"17:00"},"wednesday":{"open24h":false,"closed":false,"openTime":"09:00","closeTime":"17:00"},"thursday":{"open24h":false,"closed":false,"openTime":"09:00","closeTime":"17:00"},"friday":{"open24h":false,"closed":false,"openTime":"09:00","closeTime":"17:00"},"saturday":{"open24h":false,"closed":false,"openTime":"09:00","closeTime":"17:00"},"sunday":{"open24h":false,"closed":false,"openTime":"09:00","closeTime":"17:00"}}}},"breadcrumb_settings":null,"limit_modified_date":false,"ai":null,"created":"2021-08-13 08:41:44","updated":"2025-10-02 16:03:45","seo_analyzer_scan_date":null,"focus_keyword":null,"additional_keywords":null,"truseo_locale":null},"aioseo_breadcrumb":"<div class=\"aioseo-breadcrumbs\"><span class=\"aioseo-breadcrumb\">\n\t\t\t<a href=\"https:\/\/allasorias.hu\/hirek\" title=\"Home\">Home<\/a>\n\t\t<\/span><span class=\"aioseo-breadcrumb-separator\">&raquo;<\/span><span class=\"aioseo-breadcrumb\">\n\t\t\t<a href=\"https:\/\/allasorias.hu\/hirek\/temak\/munkaeropiac\/\" title=\"Munkaer\u0151piac\">Munkaer\u0151piac<\/a>\n\t\t<\/span><span class=\"aioseo-breadcrumb-separator\">&raquo;<\/span><span class=\"aioseo-breadcrumb\">\n\t\t\tEgyre t\u00f6bb n\u0151 jelenik meg a munkaer\u0151piacon\n\t\t<\/span><\/div>","aioseo_breadcrumb_json":[{"label":"Home","link":"https:\/\/allasorias.hu\/hirek"},{"label":"Munkaer\u0151piac","link":"https:\/\/allasorias.hu\/hirek\/temak\/munkaeropiac\/"},{"label":"Egyre t\u00f6bb n\u0151 jelenik meg a munkaer\u0151piacon","link":"https:\/\/allasorias.hu\/hirek\/egyre-tobb-no-jelenik-meg-a-munkaeropiacon\/"}],"_links":{"self":[{"href":"https:\/\/allasorias.hu\/hirek\/wp-json\/wp\/v2\/posts\/4983","targetHints":{"allow":["GET"]}}],"collection":[{"href":"https:\/\/allasorias.hu\/hirek\/wp-json\/wp\/v2\/posts"}],"about":[{"href":"https:\/\/allasorias.hu\/hirek\/wp-json\/wp\/v2\/types\/post"}],"author":[{"embeddable":true,"href":"https:\/\/allasorias.hu\/hirek\/wp-json\/wp\/v2\/users\/1"}],"replies":[{"embeddable":true,"href":"https:\/\/allasorias.hu\/hirek\/wp-json\/wp\/v2\/comments?post=4983"}],"version-history":[{"count":1,"href":"https:\/\/allasorias.hu\/hirek\/wp-json\/wp\/v2\/posts\/4983\/revisions"}],"predecessor-version":[{"id":4984,"href":"https:\/\/allasorias.hu\/hirek\/wp-json\/wp\/v2\/posts\/4983\/revisions\/4984"}],"wp:featuredmedia":[{"embeddable":true,"href":"https:\/\/allasorias.hu\/hirek\/wp-json\/wp\/v2\/media\/4026"}],"wp:attachment":[{"href":"https:\/\/allasorias.hu\/hirek\/wp-json\/wp\/v2\/media?parent=4983"}],"wp:term":[{"taxonomy":"category","embeddable":true,"href":"https:\/\/allasorias.hu\/hirek\/wp-json\/wp\/v2\/categories?post=4983"},{"taxonomy":"post_tag","embeddable":true,"href":"https:\/\/allasorias.hu\/hirek\/wp-json\/wp\/v2\/tags?post=4983"}],"curies":[{"name":"wp","href":"https:\/\/api.w.org\/{rel}","templated":true}]}}