{"id":4980,"date":"2021-08-12T06:54:08","date_gmt":"2021-08-12T06:54:08","guid":{"rendered":"https:\/\/allasorias.hu\/hirek\/?p=4980"},"modified":"2021-08-12T06:54:08","modified_gmt":"2021-08-12T06:54:08","slug":"sokan-dolgoznak-a-szabadsaguk-ideje-alatt","status":"publish","type":"post","link":"https:\/\/allasorias.hu\/hirek\/sokan-dolgoznak-a-szabadsaguk-ideje-alatt\/","title":{"rendered":"Sokan dolgoznak a szabads\u00e1guk ideje alatt"},"content":{"rendered":"<p><strong>Sokan dolgoznak a szabads\u00e1guk ideje alatt is. A magyar munkav\u00e1llal\u00f3k harmada alkalmank\u00e9nt, 9 sz\u00e1zal\u00e9ka pedig rendszeresen dolgozik szabads\u00e1ga alatt is &#8211; k\u00f6z\u00f6lte a Profession.hu Az \u00e1ll\u00e1sport\u00e1l id\u00e9n j\u00faniusban online k\u00e9rd\u0151\u00edven, reprezentat\u00edv mintav\u00e9tellel m\u00e9rte a ny\u00e1ri szabads\u00e1gok felhaszn\u00e1l\u00e1s\u00e1t. A v\u00e1laszad\u00f3k 7 sz\u00e1zal\u00e9k\u00e1nak a felettese, m\u00edg 5 sz\u00e1zal\u00e9k\u00e1nak koll\u00e9g\u00e1i nincsenek tekintettel a szabads\u00e1g\u00e1ra, a nyaral\u00e1s alatt a megk\u00e9rdezettek 32 sz\u00e1zal\u00e9ka alkalmank\u00e9nt, m\u00edg 9 sz\u00e1zal\u00e9ka rendszeresen dolgozik. <\/strong><\/p>\n<p>A v\u00e1laszad\u00f3k 60 sz\u00e1zal\u00e9ka k\u00f6veti a c\u00e9ges levelez\u00e9st ak\u00e1r a tengerpartr\u00f3l is, 30 sz\u00e1zal\u00e9kuk r\u00e1ad\u00e1sul minden nap, 8 sz\u00e1zal\u00e9k ugyanakkor teljesen t\u00e1vol tartja mag\u00e1t ett\u0151l. A hivatalos h\u00edv\u00e1sokat a v\u00e1laszad\u00f3k t\u00f6bb mint fele fogadja alkalmank\u00e9nt vagy minden alkalommal, \u00e9s csak 14 sz\u00e1zal\u00e9k mondta azt, hogy egy\u00e1ltal\u00e1n nem veszi fel a telefonj\u00e1t nyaral\u00e1s k\u00f6zben. A munkav\u00e1llal\u00f3k t\u00f6bbs\u00e9g\u00e9t teljes m\u00e9rt\u00e9kben tehermentes\u00edtik a szabads\u00e1g alatt, csup\u00e1n harmaduknak kell p\u00f3tolni a t\u00e1volt\u00f6lt\u00f6tt id\u0151 alatt felgy\u0171lt feladatokat az aktu\u00e1lis teend\u0151ik mellett. \u200bNem k\u00f6nny\u0171 szabira menni. A v\u00e1laszad\u00f3k &#8211; az \u00e1tlagos \u00e9vi 29 nap szabads\u00e1gukb\u00f3l &#8211; \u00f6sszesen 13 napot terveztek kivenni id\u00e9n ny\u00e1ron. M\u00edg 2014-ben a megk\u00e9rdezettek 37 sz\u00e1zal\u00e9ka utazott el, addig ez az ar\u00e1ny 2019-re 60 sz\u00e1zal\u00e9kra, az id\u00e9n pedig 65 sz\u00e1zal\u00e9kra n\u0151tt. A felm\u00e9r\u00e9s szerint t\u00edzb\u0151l hat munkav\u00e1llal\u00f3 egyszer\u0171en ki tudja venni szabads\u00e1g\u00e1t, minden tizedik v\u00e1laszad\u00f3 \u00e9rezte \u00fagy, hogy ebben k\u00fcl\u00f6nb\u00f6z\u0151 t\u00e9nyez\u0151k akad\u00e1lyozz\u00e1k. A rendelkez\u00e9sre \u00e1ll\u00f3 fizetett szabadnapokat t\u00edzb\u0151l n\u00e9gy munkav\u00e1llal\u00f3 hosszabb turnusokra osztva haszn\u00e1lja fel, jellemz\u0151en egy h\u00e9tn\u00e9l hosszabb id\u0151re elutazva, megk\u00f6zel\u00edt\u0151en ennyien t\u00f6rekszenek r\u00f6videbb programok tervez\u00e9s\u00e9re, 35 sz\u00e1zal\u00e9kuk pedig csak 1-2 szabadnapot vesz ki.<\/p>\n<p>Forr\u00e1s:haszon.hu<\/p>\n","protected":false},"excerpt":{"rendered":"<p>Sokan dolgoznak a szabads\u00e1guk ideje alatt is. A magyar munkav\u00e1llal\u00f3k harmada alkalmank\u00e9nt, 9 sz\u00e1zal\u00e9ka pedig rendszeresen dolgozik szabads\u00e1ga alatt is &#8211; k\u00f6z\u00f6lte a Profession.hu Az \u00e1ll\u00e1sport\u00e1l id\u00e9n j\u00faniusban online k\u00e9rd\u0151\u00edven, reprezentat\u00edv mintav\u00e9tellel m\u00e9rte a ny\u00e1ri szabads\u00e1gok felhaszn\u00e1l\u00e1s\u00e1t. A v\u00e1laszad\u00f3k 7 sz\u00e1zal\u00e9k\u00e1nak a felettese, m\u00edg 5 sz\u00e1zal\u00e9k\u00e1nak koll\u00e9g\u00e1i nincsenek tekintettel a szabads\u00e1g\u00e1ra, a nyaral\u00e1s alatt a [&hellip;]<\/p>\n","protected":false},"author":1,"featured_media":4981,"comment_status":"open","ping_status":"open","sticky":false,"template":"","format":"standard","meta":{"_monsterinsights_skip_tracking":false,"footnotes":""},"categories":[200],"tags":[],"class_list":["post-4980","post","type-post","status-publish","format-standard","has-post-thumbnail","hentry","category-munkaeropiac"],"aioseo_notices":[],"aioseo_head":"\n\t\t<!-- All in One SEO 5.0.0.1 - aioseo.com -->\n\t<meta name=\"description\" content=\"Sokan dolgoznak a szabads\u00e1guk ideje alatt is. A magyar munkav\u00e1llal\u00f3k harmada alkalmank\u00e9nt, 9 sz\u00e1zal\u00e9ka pedig rendszeresen dolgozik szabads\u00e1ga alatt is - k\u00f6z\u00f6lte a Profession.hu Az \u00e1ll\u00e1sport\u00e1l id\u00e9n j\u00faniusban online k\u00e9rd\u0151\u00edven, reprezentat\u00edv mintav\u00e9tellel m\u00e9rte a ny\u00e1ri szabads\u00e1gok felhaszn\u00e1l\u00e1s\u00e1t. A v\u00e1laszad\u00f3k 7 sz\u00e1zal\u00e9k\u00e1nak a felettese, m\u00edg 5 sz\u00e1zal\u00e9k\u00e1nak koll\u00e9g\u00e1i nincsenek tekintettel a szabads\u00e1g\u00e1ra, a nyaral\u00e1s alatt a\" \/>\n\t<meta name=\"robots\" content=\"max-image-preview:large\" \/>\n\t<meta name=\"author\" content=\"Juh\u00e1sz P\u00e9ter\"\/>\n\t<link rel=\"canonical\" href=\"https:\/\/allasorias.hu\/hirek\/sokan-dolgoznak-a-szabadsaguk-ideje-alatt\/\" \/>\n\t<meta name=\"generator\" content=\"All in One SEO (AIOSEO) 5.0.0.1\" \/>\n\t\t<meta property=\"og:locale\" content=\"hu_HU\" \/>\n\t\t<meta property=\"og:site_name\" content=\"AllasOrias.hu | H\u00edrek-lapszemle | \u00dczleti h\u00edrek az \u00e1ll\u00e1s \u00e9s a munka vil\u00e1g\u00e1b\u00f3l\" \/>\n\t\t<meta property=\"og:type\" content=\"article\" \/>\n\t\t<meta property=\"og:title\" content=\"Sokan dolgoznak a szabads\u00e1guk ideje alatt | AllasOrias.hu | H\u00edrek-lapszemle\" \/>\n\t\t<meta property=\"og:description\" content=\"Sokan dolgoznak a szabads\u00e1guk ideje alatt is. A magyar munkav\u00e1llal\u00f3k harmada alkalmank\u00e9nt, 9 sz\u00e1zal\u00e9ka pedig rendszeresen dolgozik szabads\u00e1ga alatt is - k\u00f6z\u00f6lte a Profession.hu Az \u00e1ll\u00e1sport\u00e1l id\u00e9n j\u00faniusban online k\u00e9rd\u0151\u00edven, reprezentat\u00edv mintav\u00e9tellel m\u00e9rte a ny\u00e1ri szabads\u00e1gok felhaszn\u00e1l\u00e1s\u00e1t. A v\u00e1laszad\u00f3k 7 sz\u00e1zal\u00e9k\u00e1nak a felettese, m\u00edg 5 sz\u00e1zal\u00e9k\u00e1nak koll\u00e9g\u00e1i nincsenek tekintettel a szabads\u00e1g\u00e1ra, a nyaral\u00e1s alatt a\" \/>\n\t\t<meta property=\"og:url\" content=\"https:\/\/allasorias.hu\/hirek\/sokan-dolgoznak-a-szabadsaguk-ideje-alatt\/\" \/>\n\t\t<meta property=\"og:image\" content=\"https:\/\/allasorias.hu\/hirek\/wp-content\/uploads\/2021\/08\/holiday.jpg\" \/>\n\t\t<meta property=\"og:image:secure_url\" content=\"https:\/\/allasorias.hu\/hirek\/wp-content\/uploads\/2021\/08\/holiday.jpg\" \/>\n\t\t<meta property=\"og:image:width\" content=\"1920\" \/>\n\t\t<meta property=\"og:image:height\" content=\"1280\" \/>\n\t\t<meta property=\"article:published_time\" content=\"2021-08-12T06:54:08+00:00\" \/>\n\t\t<meta property=\"article:modified_time\" content=\"2021-08-12T06:54:08+00:00\" \/>\n\t\t<meta property=\"article:publisher\" content=\"https:\/\/www.facebook.com\/allasorias\" \/>\n\t\t<meta name=\"twitter:card\" content=\"summary_large_image\" \/>\n\t\t<meta name=\"twitter:title\" content=\"Sokan dolgoznak a szabads\u00e1guk ideje alatt | AllasOrias.hu | H\u00edrek-lapszemle\" \/>\n\t\t<meta name=\"twitter:description\" content=\"Sokan dolgoznak a szabads\u00e1guk ideje alatt is. A magyar munkav\u00e1llal\u00f3k harmada alkalmank\u00e9nt, 9 sz\u00e1zal\u00e9ka pedig rendszeresen dolgozik szabads\u00e1ga alatt is - k\u00f6z\u00f6lte a Profession.hu Az \u00e1ll\u00e1sport\u00e1l id\u00e9n j\u00faniusban online k\u00e9rd\u0151\u00edven, reprezentat\u00edv mintav\u00e9tellel m\u00e9rte a ny\u00e1ri szabads\u00e1gok felhaszn\u00e1l\u00e1s\u00e1t. A v\u00e1laszad\u00f3k 7 sz\u00e1zal\u00e9k\u00e1nak a felettese, m\u00edg 5 sz\u00e1zal\u00e9k\u00e1nak koll\u00e9g\u00e1i nincsenek tekintettel a szabads\u00e1g\u00e1ra, a nyaral\u00e1s alatt a\" \/>\n\t\t<meta name=\"twitter:image\" content=\"https:\/\/allasorias.hu\/hirek\/wp-content\/uploads\/2021\/08\/holiday.jpg\" \/>\n\t\t<meta name=\"twitter:label1\" content=\"Written by\" \/>\n\t\t<meta name=\"twitter:data1\" content=\"Juh\u00e1sz P\u00e9ter\" \/>\n\t\t<meta name=\"twitter:label2\" content=\"Est. reading time\" \/>\n\t\t<meta name=\"twitter:data2\" content=\"2 minutes\" \/>\n\t\t<script type=\"application\/ld+json\" class=\"aioseo-schema\">\n\t\t\t{\"@context\":\"https:\\\/\\\/schema.org\",\"@graph\":[{\"@type\":\"Article\",\"@id\":\"https:\\\/\\\/allasorias.hu\\\/hirek\\\/sokan-dolgoznak-a-szabadsaguk-ideje-alatt\\\/#article\",\"name\":\"Sokan dolgoznak a szabads\\u00e1guk ideje alatt | AllasOrias.hu | H\\u00edrek-lapszemle\",\"headline\":\"Sokan dolgoznak a szabads\\u00e1guk ideje alatt\",\"author\":{\"@id\":\"https:\\\/\\\/allasorias.hu\\\/hirek\\\/author\\\/admin-allasorias\\\/#author\"},\"publisher\":{\"@id\":\"https:\\\/\\\/allasorias.hu\\\/hirek\\\/#organization\"},\"image\":{\"@type\":\"ImageObject\",\"url\":\"https:\\\/\\\/allasorias.hu\\\/hirek\\\/wp-content\\\/uploads\\\/2021\\\/08\\\/holiday.jpg\",\"width\":1920,\"height\":1280,\"caption\":\"Beautiful young woman working with laptop on the tropical beach. Happy traveling woman in straw hat using laptop on holidays.\"},\"datePublished\":\"2021-08-12T06:54:08+02:00\",\"dateModified\":\"2021-08-12T06:54:08+02:00\",\"inLanguage\":\"hu-HU\",\"mainEntityOfPage\":{\"@id\":\"https:\\\/\\\/allasorias.hu\\\/hirek\\\/sokan-dolgoznak-a-szabadsaguk-ideje-alatt\\\/#webpage\"},\"isPartOf\":{\"@id\":\"https:\\\/\\\/allasorias.hu\\\/hirek\\\/sokan-dolgoznak-a-szabadsaguk-ideje-alatt\\\/#webpage\"},\"articleSection\":\"Munkaer\\u0151piac\"},{\"@type\":\"BreadcrumbList\",\"@id\":\"https:\\\/\\\/allasorias.hu\\\/hirek\\\/sokan-dolgoznak-a-szabadsaguk-ideje-alatt\\\/#breadcrumblist\",\"itemListElement\":[{\"@type\":\"ListItem\",\"@id\":\"https:\\\/\\\/allasorias.hu\\\/hirek#listItem\",\"position\":1,\"name\":\"Home\",\"item\":\"https:\\\/\\\/allasorias.hu\\\/hirek\",\"nextItem\":{\"@type\":\"ListItem\",\"@id\":\"https:\\\/\\\/allasorias.hu\\\/hirek\\\/temak\\\/munkaeropiac\\\/#listItem\",\"name\":\"Munkaer\\u0151piac\"}},{\"@type\":\"ListItem\",\"@id\":\"https:\\\/\\\/allasorias.hu\\\/hirek\\\/temak\\\/munkaeropiac\\\/#listItem\",\"position\":2,\"name\":\"Munkaer\\u0151piac\",\"item\":\"https:\\\/\\\/allasorias.hu\\\/hirek\\\/temak\\\/munkaeropiac\\\/\",\"nextItem\":{\"@type\":\"ListItem\",\"@id\":\"https:\\\/\\\/allasorias.hu\\\/hirek\\\/sokan-dolgoznak-a-szabadsaguk-ideje-alatt\\\/#listItem\",\"name\":\"Sokan dolgoznak a szabads\\u00e1guk ideje alatt\"},\"previousItem\":{\"@type\":\"ListItem\",\"@id\":\"https:\\\/\\\/allasorias.hu\\\/hirek#listItem\",\"name\":\"Home\"}},{\"@type\":\"ListItem\",\"@id\":\"https:\\\/\\\/allasorias.hu\\\/hirek\\\/sokan-dolgoznak-a-szabadsaguk-ideje-alatt\\\/#listItem\",\"position\":3,\"name\":\"Sokan dolgoznak a szabads\\u00e1guk ideje alatt\",\"previousItem\":{\"@type\":\"ListItem\",\"@id\":\"https:\\\/\\\/allasorias.hu\\\/hirek\\\/temak\\\/munkaeropiac\\\/#listItem\",\"name\":\"Munkaer\\u0151piac\"}}]},{\"@type\":\"Organization\",\"@id\":\"https:\\\/\\\/allasorias.hu\\\/hirek\\\/#organization\",\"name\":\"AllasOrias.hu | H\\u00edrek-lapszemle\",\"description\":\"\\u00dczleti h\\u00edrek az \\u00e1ll\\u00e1s \\u00e9s a munka vil\\u00e1g\\u00e1b\\u00f3l\",\"url\":\"https:\\\/\\\/allasorias.hu\\\/hirek\\\/\",\"logo\":{\"@type\":\"ImageObject\",\"url\":\"https:\\\/\\\/allasorias.hu\\\/hirek\\\/wp-content\\\/uploads\\\/2022\\\/10\\\/allasorias_site_facebok_logo.png\",\"@id\":\"https:\\\/\\\/allasorias.hu\\\/hirek\\\/sokan-dolgoznak-a-szabadsaguk-ideje-alatt\\\/#organizationLogo\"},\"image\":{\"@id\":\"https:\\\/\\\/allasorias.hu\\\/hirek\\\/sokan-dolgoznak-a-szabadsaguk-ideje-alatt\\\/#organizationLogo\"},\"sameAs\":[\"https:\\\/\\\/www.facebook.com\\\/allasorias\",\"https:\\\/\\\/www.linkedin.com\\\/company\\\/allasorias\"]},{\"@type\":\"Person\",\"@id\":\"https:\\\/\\\/allasorias.hu\\\/hirek\\\/author\\\/admin-allasorias\\\/#author\",\"url\":\"https:\\\/\\\/allasorias.hu\\\/hirek\\\/author\\\/admin-allasorias\\\/\",\"name\":\"Juh\\u00e1sz P\\u00e9ter\",\"image\":{\"@type\":\"ImageObject\",\"@id\":\"https:\\\/\\\/allasorias.hu\\\/hirek\\\/sokan-dolgoznak-a-szabadsaguk-ideje-alatt\\\/#authorImage\",\"url\":\"https:\\\/\\\/secure.gravatar.com\\\/avatar\\\/36e6bcb83148978b992977cb0f54d22feb0cce8a0a849a9410532bb2623ba4c6?s=96&d=mm&r=g\",\"width\":96,\"height\":96,\"caption\":\"Juh\\u00e1sz P\\u00e9ter\"}},{\"@type\":\"WebPage\",\"@id\":\"https:\\\/\\\/allasorias.hu\\\/hirek\\\/sokan-dolgoznak-a-szabadsaguk-ideje-alatt\\\/#webpage\",\"url\":\"https:\\\/\\\/allasorias.hu\\\/hirek\\\/sokan-dolgoznak-a-szabadsaguk-ideje-alatt\\\/\",\"name\":\"Sokan dolgoznak a szabads\\u00e1guk ideje alatt | AllasOrias.hu | H\\u00edrek-lapszemle\",\"description\":\"Sokan dolgoznak a szabads\\u00e1guk ideje alatt is. A magyar munkav\\u00e1llal\\u00f3k harmada alkalmank\\u00e9nt, 9 sz\\u00e1zal\\u00e9ka pedig rendszeresen dolgozik szabads\\u00e1ga alatt is - k\\u00f6z\\u00f6lte a Profession.hu Az \\u00e1ll\\u00e1sport\\u00e1l id\\u00e9n j\\u00faniusban online k\\u00e9rd\\u0151\\u00edven, reprezentat\\u00edv mintav\\u00e9tellel m\\u00e9rte a ny\\u00e1ri szabads\\u00e1gok felhaszn\\u00e1l\\u00e1s\\u00e1t. A v\\u00e1laszad\\u00f3k 7 sz\\u00e1zal\\u00e9k\\u00e1nak a felettese, m\\u00edg 5 sz\\u00e1zal\\u00e9k\\u00e1nak koll\\u00e9g\\u00e1i nincsenek tekintettel a szabads\\u00e1g\\u00e1ra, a nyaral\\u00e1s alatt a\",\"inLanguage\":\"hu-HU\",\"isPartOf\":{\"@id\":\"https:\\\/\\\/allasorias.hu\\\/hirek\\\/#website\"},\"breadcrumb\":{\"@id\":\"https:\\\/\\\/allasorias.hu\\\/hirek\\\/sokan-dolgoznak-a-szabadsaguk-ideje-alatt\\\/#breadcrumblist\"},\"author\":{\"@id\":\"https:\\\/\\\/allasorias.hu\\\/hirek\\\/author\\\/admin-allasorias\\\/#author\"},\"creator\":{\"@id\":\"https:\\\/\\\/allasorias.hu\\\/hirek\\\/author\\\/admin-allasorias\\\/#author\"},\"image\":{\"@type\":\"ImageObject\",\"url\":\"https:\\\/\\\/allasorias.hu\\\/hirek\\\/wp-content\\\/uploads\\\/2021\\\/08\\\/holiday.jpg\",\"@id\":\"https:\\\/\\\/allasorias.hu\\\/hirek\\\/sokan-dolgoznak-a-szabadsaguk-ideje-alatt\\\/#mainImage\",\"width\":1920,\"height\":1280,\"caption\":\"Beautiful young woman working with laptop on the tropical beach. Happy traveling woman in straw hat using laptop on holidays.\"},\"primaryImageOfPage\":{\"@id\":\"https:\\\/\\\/allasorias.hu\\\/hirek\\\/sokan-dolgoznak-a-szabadsaguk-ideje-alatt\\\/#mainImage\"},\"datePublished\":\"2021-08-12T06:54:08+02:00\",\"dateModified\":\"2021-08-12T06:54:08+02:00\"},{\"@type\":\"WebSite\",\"@id\":\"https:\\\/\\\/allasorias.hu\\\/hirek\\\/#website\",\"url\":\"https:\\\/\\\/allasorias.hu\\\/hirek\\\/\",\"name\":\"AllasOrias.hu | H\\u00edrek-lapszemle\",\"description\":\"\\u00dczleti h\\u00edrek az \\u00e1ll\\u00e1s \\u00e9s a munka vil\\u00e1g\\u00e1b\\u00f3l\",\"inLanguage\":\"hu-HU\",\"publisher\":{\"@id\":\"https:\\\/\\\/allasorias.hu\\\/hirek\\\/#organization\"}}]}\n\t\t<\/script>\n\t\t<!-- All in One SEO -->\n\n","aioseo_head_json":{"title":"Sokan dolgoznak a szabads\u00e1guk ideje alatt | AllasOrias.hu | H\u00edrek-lapszemle","description":"Sokan dolgoznak a szabads\u00e1guk ideje alatt is. A magyar munkav\u00e1llal\u00f3k harmada alkalmank\u00e9nt, 9 sz\u00e1zal\u00e9ka pedig rendszeresen dolgozik szabads\u00e1ga alatt is - k\u00f6z\u00f6lte a Profession.hu Az \u00e1ll\u00e1sport\u00e1l id\u00e9n j\u00faniusban online k\u00e9rd\u0151\u00edven, reprezentat\u00edv mintav\u00e9tellel m\u00e9rte a ny\u00e1ri szabads\u00e1gok felhaszn\u00e1l\u00e1s\u00e1t. A v\u00e1laszad\u00f3k 7 sz\u00e1zal\u00e9k\u00e1nak a felettese, m\u00edg 5 sz\u00e1zal\u00e9k\u00e1nak koll\u00e9g\u00e1i nincsenek tekintettel a szabads\u00e1g\u00e1ra, a nyaral\u00e1s alatt a","canonical_url":"https:\/\/allasorias.hu\/hirek\/sokan-dolgoznak-a-szabadsaguk-ideje-alatt\/","robots":"max-image-preview:large","keywords":"","webmasterTools":{"miscellaneous":""},"schema":{"@context":"https:\/\/schema.org","@graph":[{"@type":"Article","@id":"https:\/\/allasorias.hu\/hirek\/sokan-dolgoznak-a-szabadsaguk-ideje-alatt\/#article","name":"Sokan dolgoznak a szabads\u00e1guk ideje alatt | AllasOrias.hu | H\u00edrek-lapszemle","headline":"Sokan dolgoznak a szabads\u00e1guk ideje alatt","author":{"@id":"https:\/\/allasorias.hu\/hirek\/author\/admin-allasorias\/#author"},"publisher":{"@id":"https:\/\/allasorias.hu\/hirek\/#organization"},"image":{"@type":"ImageObject","url":"https:\/\/allasorias.hu\/hirek\/wp-content\/uploads\/2021\/08\/holiday.jpg","width":1920,"height":1280,"caption":"Beautiful young woman working with laptop on the tropical beach. Happy traveling woman in straw hat using laptop on holidays."},"datePublished":"2021-08-12T06:54:08+02:00","dateModified":"2021-08-12T06:54:08+02:00","inLanguage":"hu-HU","mainEntityOfPage":{"@id":"https:\/\/allasorias.hu\/hirek\/sokan-dolgoznak-a-szabadsaguk-ideje-alatt\/#webpage"},"isPartOf":{"@id":"https:\/\/allasorias.hu\/hirek\/sokan-dolgoznak-a-szabadsaguk-ideje-alatt\/#webpage"},"articleSection":"Munkaer\u0151piac"},{"@type":"BreadcrumbList","@id":"https:\/\/allasorias.hu\/hirek\/sokan-dolgoznak-a-szabadsaguk-ideje-alatt\/#breadcrumblist","itemListElement":[{"@type":"ListItem","@id":"https:\/\/allasorias.hu\/hirek#listItem","position":1,"name":"Home","item":"https:\/\/allasorias.hu\/hirek","nextItem":{"@type":"ListItem","@id":"https:\/\/allasorias.hu\/hirek\/temak\/munkaeropiac\/#listItem","name":"Munkaer\u0151piac"}},{"@type":"ListItem","@id":"https:\/\/allasorias.hu\/hirek\/temak\/munkaeropiac\/#listItem","position":2,"name":"Munkaer\u0151piac","item":"https:\/\/allasorias.hu\/hirek\/temak\/munkaeropiac\/","nextItem":{"@type":"ListItem","@id":"https:\/\/allasorias.hu\/hirek\/sokan-dolgoznak-a-szabadsaguk-ideje-alatt\/#listItem","name":"Sokan dolgoznak a szabads\u00e1guk ideje alatt"},"previousItem":{"@type":"ListItem","@id":"https:\/\/allasorias.hu\/hirek#listItem","name":"Home"}},{"@type":"ListItem","@id":"https:\/\/allasorias.hu\/hirek\/sokan-dolgoznak-a-szabadsaguk-ideje-alatt\/#listItem","position":3,"name":"Sokan dolgoznak a szabads\u00e1guk ideje alatt","previousItem":{"@type":"ListItem","@id":"https:\/\/allasorias.hu\/hirek\/temak\/munkaeropiac\/#listItem","name":"Munkaer\u0151piac"}}]},{"@type":"Organization","@id":"https:\/\/allasorias.hu\/hirek\/#organization","name":"AllasOrias.hu | H\u00edrek-lapszemle","description":"\u00dczleti h\u00edrek az \u00e1ll\u00e1s \u00e9s a munka vil\u00e1g\u00e1b\u00f3l","url":"https:\/\/allasorias.hu\/hirek\/","logo":{"@type":"ImageObject","url":"https:\/\/allasorias.hu\/hirek\/wp-content\/uploads\/2022\/10\/allasorias_site_facebok_logo.png","@id":"https:\/\/allasorias.hu\/hirek\/sokan-dolgoznak-a-szabadsaguk-ideje-alatt\/#organizationLogo"},"image":{"@id":"https:\/\/allasorias.hu\/hirek\/sokan-dolgoznak-a-szabadsaguk-ideje-alatt\/#organizationLogo"},"sameAs":["https:\/\/www.facebook.com\/allasorias","https:\/\/www.linkedin.com\/company\/allasorias"]},{"@type":"Person","@id":"https:\/\/allasorias.hu\/hirek\/author\/admin-allasorias\/#author","url":"https:\/\/allasorias.hu\/hirek\/author\/admin-allasorias\/","name":"Juh\u00e1sz P\u00e9ter","image":{"@type":"ImageObject","@id":"https:\/\/allasorias.hu\/hirek\/sokan-dolgoznak-a-szabadsaguk-ideje-alatt\/#authorImage","url":"https:\/\/secure.gravatar.com\/avatar\/36e6bcb83148978b992977cb0f54d22feb0cce8a0a849a9410532bb2623ba4c6?s=96&d=mm&r=g","width":96,"height":96,"caption":"Juh\u00e1sz P\u00e9ter"}},{"@type":"WebPage","@id":"https:\/\/allasorias.hu\/hirek\/sokan-dolgoznak-a-szabadsaguk-ideje-alatt\/#webpage","url":"https:\/\/allasorias.hu\/hirek\/sokan-dolgoznak-a-szabadsaguk-ideje-alatt\/","name":"Sokan dolgoznak a szabads\u00e1guk ideje alatt | AllasOrias.hu | H\u00edrek-lapszemle","description":"Sokan dolgoznak a szabads\u00e1guk ideje alatt is. A magyar munkav\u00e1llal\u00f3k harmada alkalmank\u00e9nt, 9 sz\u00e1zal\u00e9ka pedig rendszeresen dolgozik szabads\u00e1ga alatt is - k\u00f6z\u00f6lte a Profession.hu Az \u00e1ll\u00e1sport\u00e1l id\u00e9n j\u00faniusban online k\u00e9rd\u0151\u00edven, reprezentat\u00edv mintav\u00e9tellel m\u00e9rte a ny\u00e1ri szabads\u00e1gok felhaszn\u00e1l\u00e1s\u00e1t. A v\u00e1laszad\u00f3k 7 sz\u00e1zal\u00e9k\u00e1nak a felettese, m\u00edg 5 sz\u00e1zal\u00e9k\u00e1nak koll\u00e9g\u00e1i nincsenek tekintettel a szabads\u00e1g\u00e1ra, a nyaral\u00e1s alatt a","inLanguage":"hu-HU","isPartOf":{"@id":"https:\/\/allasorias.hu\/hirek\/#website"},"breadcrumb":{"@id":"https:\/\/allasorias.hu\/hirek\/sokan-dolgoznak-a-szabadsaguk-ideje-alatt\/#breadcrumblist"},"author":{"@id":"https:\/\/allasorias.hu\/hirek\/author\/admin-allasorias\/#author"},"creator":{"@id":"https:\/\/allasorias.hu\/hirek\/author\/admin-allasorias\/#author"},"image":{"@type":"ImageObject","url":"https:\/\/allasorias.hu\/hirek\/wp-content\/uploads\/2021\/08\/holiday.jpg","@id":"https:\/\/allasorias.hu\/hirek\/sokan-dolgoznak-a-szabadsaguk-ideje-alatt\/#mainImage","width":1920,"height":1280,"caption":"Beautiful young woman working with laptop on the tropical beach. Happy traveling woman in straw hat using laptop on holidays."},"primaryImageOfPage":{"@id":"https:\/\/allasorias.hu\/hirek\/sokan-dolgoznak-a-szabadsaguk-ideje-alatt\/#mainImage"},"datePublished":"2021-08-12T06:54:08+02:00","dateModified":"2021-08-12T06:54:08+02:00"},{"@type":"WebSite","@id":"https:\/\/allasorias.hu\/hirek\/#website","url":"https:\/\/allasorias.hu\/hirek\/","name":"AllasOrias.hu | H\u00edrek-lapszemle","description":"\u00dczleti h\u00edrek az \u00e1ll\u00e1s \u00e9s a munka vil\u00e1g\u00e1b\u00f3l","inLanguage":"hu-HU","publisher":{"@id":"https:\/\/allasorias.hu\/hirek\/#organization"}}]},"og:locale":"hu_HU","og:site_name":"AllasOrias.hu | H\u00edrek-lapszemle | \u00dczleti h\u00edrek az \u00e1ll\u00e1s \u00e9s a munka vil\u00e1g\u00e1b\u00f3l","og:type":"article","og:title":"Sokan dolgoznak a szabads\u00e1guk ideje alatt | AllasOrias.hu | H\u00edrek-lapszemle","og:description":"Sokan dolgoznak a szabads\u00e1guk ideje alatt is. A magyar munkav\u00e1llal\u00f3k harmada alkalmank\u00e9nt, 9 sz\u00e1zal\u00e9ka pedig rendszeresen dolgozik szabads\u00e1ga alatt is - k\u00f6z\u00f6lte a Profession.hu Az \u00e1ll\u00e1sport\u00e1l id\u00e9n j\u00faniusban online k\u00e9rd\u0151\u00edven, reprezentat\u00edv mintav\u00e9tellel m\u00e9rte a ny\u00e1ri szabads\u00e1gok felhaszn\u00e1l\u00e1s\u00e1t. A v\u00e1laszad\u00f3k 7 sz\u00e1zal\u00e9k\u00e1nak a felettese, m\u00edg 5 sz\u00e1zal\u00e9k\u00e1nak koll\u00e9g\u00e1i nincsenek tekintettel a szabads\u00e1g\u00e1ra, a nyaral\u00e1s alatt a","og:url":"https:\/\/allasorias.hu\/hirek\/sokan-dolgoznak-a-szabadsaguk-ideje-alatt\/","og:image":"https:\/\/allasorias.hu\/hirek\/wp-content\/uploads\/2021\/08\/holiday.jpg","og:image:secure_url":"https:\/\/allasorias.hu\/hirek\/wp-content\/uploads\/2021\/08\/holiday.jpg","og:image:width":1920,"og:image:height":1280,"article:published_time":"2021-08-12T06:54:08+00:00","article:modified_time":"2021-08-12T06:54:08+00:00","article:publisher":"https:\/\/www.facebook.com\/allasorias","twitter:card":"summary_large_image","twitter:title":"Sokan dolgoznak a szabads\u00e1guk ideje alatt | AllasOrias.hu | H\u00edrek-lapszemle","twitter:description":"Sokan dolgoznak a szabads\u00e1guk ideje alatt is. A magyar munkav\u00e1llal\u00f3k harmada alkalmank\u00e9nt, 9 sz\u00e1zal\u00e9ka pedig rendszeresen dolgozik szabads\u00e1ga alatt is - k\u00f6z\u00f6lte a Profession.hu Az \u00e1ll\u00e1sport\u00e1l id\u00e9n j\u00faniusban online k\u00e9rd\u0151\u00edven, reprezentat\u00edv mintav\u00e9tellel m\u00e9rte a ny\u00e1ri szabads\u00e1gok felhaszn\u00e1l\u00e1s\u00e1t. A v\u00e1laszad\u00f3k 7 sz\u00e1zal\u00e9k\u00e1nak a felettese, m\u00edg 5 sz\u00e1zal\u00e9k\u00e1nak koll\u00e9g\u00e1i nincsenek tekintettel a szabads\u00e1g\u00e1ra, a nyaral\u00e1s alatt a","twitter:image":"https:\/\/allasorias.hu\/hirek\/wp-content\/uploads\/2021\/08\/holiday.jpg","twitter:label1":"Written by","twitter:data1":"Juh\u00e1sz P\u00e9ter","twitter:label2":"Est. reading time","twitter:data2":"2 minutes"},"aioseo_meta_data":{"post_id":"4980","title":null,"description":null,"keywords":[],"keyphrases":{"focus":[],"additional":[]},"primary_term":null,"canonical_url":null,"og_title":null,"og_description":null,"og_object_type":"default","og_image_type":"default","og_image_url":null,"og_image_width":null,"og_image_height":null,"og_image_custom_url":null,"og_image_custom_fields":null,"og_video":"","og_custom_url":null,"og_article_section":null,"og_article_tags":[],"twitter_use_og":false,"twitter_card":"default","twitter_image_type":"default","twitter_image_url":null,"twitter_image_custom_url":null,"twitter_image_custom_fields":null,"twitter_title":null,"twitter_description":null,"schema":{"blockGraphs":[],"customGraphs":[],"default":{"data":{"Article":[],"Course":[],"Dataset":[],"FAQPage":[],"Movie":[],"Person":[],"Product":[],"ProductReview":[],"Car":[],"Recipe":[],"Service":[],"SoftwareApplication":[],"WebPage":[]},"graphName":"","isEnabled":true},"graphs":[],"defaultGraph":"Article","defaultPostTypeGraph":""},"schema_type":"default","schema_type_options":"{\"article\":{\"articleType\":\"BlogPosting\"},\"course\":{\"name\":\"\",\"description\":\"\",\"provider\":\"\"},\"faq\":{\"pages\":[]},\"product\":{\"reviews\":[]},\"recipe\":{\"ingredients\":[],\"instructions\":[],\"keywords\":[]},\"software\":{\"reviews\":[],\"operatingSystems\":[]},\"webPage\":{\"webPageType\":\"WebPage\"}}","pillar_content":false,"robots_default":true,"robots_noindex":false,"robots_noarchive":false,"robots_nosnippet":false,"robots_nofollow":false,"robots_noimageindex":false,"robots_noodp":false,"robots_notranslate":false,"robots_max_snippet":"-1","robots_max_videopreview":"-1","robots_max_imagepreview":"large","priority":null,"frequency":"default","location":null,"local_seo":{"locations":{"business":{"name":"","businessType":"","image":"","areaServed":"","urls":{"website":"","aboutPage":"","contactPage":""},"address":{"streetLine1":"","streetLine2":"","zipCode":"","city":"","state":"","country":"","addressFormat":"#streetLineOne\n#streetLineTwo\n#city, #state #zipCode"},"contact":{"phone":"","email":"","fax":""},"ids":{"vat":"","tax":"","chamberOfCommerce":""},"payment":{"priceRange":"","currenciesAccepted":"","methods":""}}},"openingHours":{"useDefaults":true,"show":true,"alwaysOpen":false,"use24hFormat":false,"timezone":"","labels":{"closed":"","alwaysOpen":""},"days":{"monday":{"open24h":false,"closed":false,"openTime":"09:00","closeTime":"17:00"},"tuesday":{"open24h":false,"closed":false,"openTime":"09:00","closeTime":"17:00"},"wednesday":{"open24h":false,"closed":false,"openTime":"09:00","closeTime":"17:00"},"thursday":{"open24h":false,"closed":false,"openTime":"09:00","closeTime":"17:00"},"friday":{"open24h":false,"closed":false,"openTime":"09:00","closeTime":"17:00"},"saturday":{"open24h":false,"closed":false,"openTime":"09:00","closeTime":"17:00"},"sunday":{"open24h":false,"closed":false,"openTime":"09:00","closeTime":"17:00"}}}},"breadcrumb_settings":null,"limit_modified_date":false,"ai":null,"created":"2021-08-12 06:50:42","updated":"2025-10-02 16:02:18","seo_analyzer_scan_date":null,"focus_keyword":null,"additional_keywords":null,"truseo_locale":null},"aioseo_breadcrumb":"<div class=\"aioseo-breadcrumbs\"><span class=\"aioseo-breadcrumb\">\n\t\t\t<a href=\"https:\/\/allasorias.hu\/hirek\" title=\"Home\">Home<\/a>\n\t\t<\/span><span class=\"aioseo-breadcrumb-separator\">&raquo;<\/span><span class=\"aioseo-breadcrumb\">\n\t\t\t<a href=\"https:\/\/allasorias.hu\/hirek\/temak\/munkaeropiac\/\" title=\"Munkaer\u0151piac\">Munkaer\u0151piac<\/a>\n\t\t<\/span><span class=\"aioseo-breadcrumb-separator\">&raquo;<\/span><span class=\"aioseo-breadcrumb\">\n\t\t\tSokan dolgoznak a szabads\u00e1guk ideje alatt\n\t\t<\/span><\/div>","aioseo_breadcrumb_json":[{"label":"Home","link":"https:\/\/allasorias.hu\/hirek"},{"label":"Munkaer\u0151piac","link":"https:\/\/allasorias.hu\/hirek\/temak\/munkaeropiac\/"},{"label":"Sokan dolgoznak a szabads\u00e1guk ideje alatt","link":"https:\/\/allasorias.hu\/hirek\/sokan-dolgoznak-a-szabadsaguk-ideje-alatt\/"}],"_links":{"self":[{"href":"https:\/\/allasorias.hu\/hirek\/wp-json\/wp\/v2\/posts\/4980","targetHints":{"allow":["GET"]}}],"collection":[{"href":"https:\/\/allasorias.hu\/hirek\/wp-json\/wp\/v2\/posts"}],"about":[{"href":"https:\/\/allasorias.hu\/hirek\/wp-json\/wp\/v2\/types\/post"}],"author":[{"embeddable":true,"href":"https:\/\/allasorias.hu\/hirek\/wp-json\/wp\/v2\/users\/1"}],"replies":[{"embeddable":true,"href":"https:\/\/allasorias.hu\/hirek\/wp-json\/wp\/v2\/comments?post=4980"}],"version-history":[{"count":1,"href":"https:\/\/allasorias.hu\/hirek\/wp-json\/wp\/v2\/posts\/4980\/revisions"}],"predecessor-version":[{"id":4982,"href":"https:\/\/allasorias.hu\/hirek\/wp-json\/wp\/v2\/posts\/4980\/revisions\/4982"}],"wp:featuredmedia":[{"embeddable":true,"href":"https:\/\/allasorias.hu\/hirek\/wp-json\/wp\/v2\/media\/4981"}],"wp:attachment":[{"href":"https:\/\/allasorias.hu\/hirek\/wp-json\/wp\/v2\/media?parent=4980"}],"wp:term":[{"taxonomy":"category","embeddable":true,"href":"https:\/\/allasorias.hu\/hirek\/wp-json\/wp\/v2\/categories?post=4980"},{"taxonomy":"post_tag","embeddable":true,"href":"https:\/\/allasorias.hu\/hirek\/wp-json\/wp\/v2\/tags?post=4980"}],"curies":[{"name":"wp","href":"https:\/\/api.w.org\/{rel}","templated":true}]}}