{"id":4978,"date":"2021-08-11T07:05:07","date_gmt":"2021-08-11T07:05:07","guid":{"rendered":"https:\/\/allasorias.hu\/hirek\/?p=4978"},"modified":"2021-08-11T07:05:07","modified_gmt":"2021-08-11T07:05:07","slug":"erosodo-berdinamika","status":"publish","type":"post","link":"https:\/\/allasorias.hu\/hirek\/erosodo-berdinamika\/","title":{"rendered":"Er\u0151s\u00f6d\u0151 b\u00e9rdinamika"},"content":{"rendered":"<p><strong>A szak\u00e9rt\u0151 eml\u00e9keztetett a 2016 ut\u00e1ni b\u00e9rspir\u00e1lra, amikor a feszes munkaer\u0151piac nyom\u00e1n megjelen\u0151 munkaer\u0151hi\u00e1ny miatt sz\u00e1mottev\u0151en n\u0151ttek a keresetek bizonyos szakm\u00e1kban. Ennek k\u00f6sz\u00f6nhet\u0151en p\u00e9ld\u00e1ul az \u00e9p\u00edt\u0151iparban seg\u00e9dmunk\u00e1sk\u00e9nt 300 \u00e9s 400 ezer forint k\u00f6z\u00f6tti nett\u00f3t is meg lehetett keresni, ahogy a nemzetk\u00f6zi fuvaroz\u00f3k eset\u00e9ben ak\u00e1r a 700 ezres nett\u00f3 is el\u0151fordult.<\/strong><\/p>\n<p>A feszes munkaer\u0151piac \u00e9s az er\u0151s\u00f6d\u0151 b\u00e9rdinamika az infl\u00e1ci\u00f3t sem hagyja \u00e9rintetlen\u00fcl. A monet\u00e1ris intervenci\u00f3 elker\u00fclhetetlen volt. M\u00e1r eddig is kialakulhatott volna az \u00e1r-b\u00e9r spir\u00e1l, az, hogy m\u00e9g nem k\u00f6vetkezett be, annak is k\u00f6sz\u00f6nhet\u0151, hogy a termel\u0151i k\u00f6lts\u00e9gn\u00f6veked\u00e9s nem egyform\u00e1n \u00e9p\u00fcl be a fogyaszt\u00f3i \u00e1rindexbe \u2013 mondta a VG-nek Suppan Gergely, a Takar\u00e9kbank vezet\u0151 elemz\u0151je. Emiatt a kivitelez\u0151i k\u00f6lts\u00e9gek is megugrottak, de ez els\u0151sorban a beruh\u00e1z\u00e1si \u00e1rindexre volt hat\u00e1ssal, az ut\u00f3bbi pedig a termel\u0151i \u00e1rindexekben jelent meg. Az, hogy a fogyaszt\u00f3i \u00e1rakba nem gy\u0171r\u0171z\u00f6tt \u00e1t, annak is tulajdon\u00edthat\u00f3, hogy a kiskereskedelmi l\u00e1ncok alkupoz\u00edci\u00f3ja meglehet\u0151sen er\u0151s, \u00edgy le tudt\u00e1k t\u00f6rni az \u00e1rakat. R\u00e1ad\u00e1sul az internetes kiskereskedelmi forgalom robban\u00e1sszer\u0171 n\u00f6veked\u00e9se miatt az \u00e1rak \u00f6sszehasonl\u00edthat\u00f3v\u00e1 v\u00e1ltak, teh\u00e1t nagyban \u00e9lesedett a verseny, ami szint\u00e9n kedvez\u0151 helyzetet teremtett a fogyaszt\u00f3k sz\u00e1m\u00e1ra. Az \u00e1r-b\u00e9r spir\u00e1l kock\u00e1zata persze a j\u00e1rv\u00e1ny el\u0151tt is megvolt, a feszes munkaer\u0151piac \u00e9s az er\u0151teljes b\u00e9rdinamika miatt m\u00e1r kor\u00e1bban felp\u00f6rg\u00f6tt az infl\u00e1ci\u00f3 \u2013 h\u00edvta fel lapunk figyelm\u00e9t N\u00e9meth D\u00e1vid, a K&amp;H Bank vezet\u0151 elemz\u0151je. A szakember szerint, ha nincs a j\u00e1rv\u00e1ny, akkor a Magyar Nemzeti Bank m\u00e1r tavaly belekezdhetett volna a szigor\u00edt\u00e1sba. A jegybank nem v\u00e9letlen\u00fcl pr\u00f3b\u00e1lja lehorgonyozni az infl\u00e1ci\u00f3s v\u00e1rakoz\u00e1sokat 3 sz\u00e1zal\u00e9kn\u00e1l, a k\u00f6zelg\u0151 b\u00e9rt\u00e1rgyal\u00e1sok sor\u00e1n a szakszervezetek az \u00e1rnyom\u00e1s miatt eleve feljebb tolhatj\u00e1k a k\u00f6vetel\u00e9seiket, ak\u00e1r a mostani 5 sz\u00e1zal\u00e9kra, ami tovagy\u0171r\u0171z\u0151 hat\u00e1sk\u00e9nt az infl\u00e1ci\u00f3ban is megjelenhet. Suppan Gergely szerint a b\u00e9rrobban\u00e1s miatt v\u00e1rhat\u00f3 munkaer\u0151k\u00f6lts\u00e9g-n\u00f6veked\u00e9sre hat\u00e9kony megold\u00e1s lehet a szoci\u00e1lis hozz\u00e1j\u00e1rul\u00e1si ad\u00f3 j\u00f6v\u0151re tervezett cs\u00f6kkent\u00e9se, ami megakad\u00e1lyozza a c\u00e9geket abban, hogy a fogyaszt\u00f3kra h\u00e1r\u00edts\u00e1k a megugr\u00f3 b\u00e9rk\u00f6lts\u00e9geket. N\u00e9meth D\u00e1vid szerint is megvan ez lehet\u0151s\u00e9g, de hat\u00e9kony lehet az infl\u00e1ci\u00f3 elleni k\u00fczdelemben a hat\u00f3s\u00e1gi \u00e1rak befogyaszt\u00e1sa is. Eml\u00e9keztetett r\u00e1, hogy a k\u00f6z\u00fczemi d\u00edjak viszont \u00e9vek \u00f3ta nem emelkedtek, ami n\u00f6vekv\u0151 terhet okoz a k\u00f6lts\u00e9gvet\u00e9snek. A b\u00fcdzs\u00e9vel kapcsolatban megjegyezte, hogy ak\u00e1r a kiad\u00e1sok visszafog\u00e1sa is megold\u00e1s lehet, amit a K\u00f6lts\u00e9gvet\u00e9si Tan\u00e1cs is szorgalmaz. Ezzel egy\u00fctt alapvet\u0151en a monet\u00e1ris politika feladata az infl\u00e1ci\u00f3 elleni v\u00e9dekez\u00e9s. N\u00e9meth D\u00e1vid szerint j\u00f6v\u0151re 10 sz\u00e1zal\u00e9k k\u00f6r\u00fcli b\u00e9rki\u00e1raml\u00e1s v\u00e1rhat\u00f3, ennek a versenyk\u00e9pess\u00e9g\u00fcnk lehet a korl\u00e1tja. Suppan Gergely viszont jelezte, hogy addig nincs probl\u00e9ma, am\u00edg GDP-defl\u00e1tor is gyorsabban n\u0151, \u00edgy m\u00e9g ha a GDP az id\u00e9n nomin\u00e1lisan 11 sz\u00e1zal\u00e9kkal emelkedik is, a b\u00e9rk\u00f6lts\u00e9gek is ennyivel b\u0151v\u00fclhetnek.<\/p>\n<p>Forr\u00e1s:vg.hu<\/p>\n","protected":false},"excerpt":{"rendered":"<p>A szak\u00e9rt\u0151 eml\u00e9keztetett a 2016 ut\u00e1ni b\u00e9rspir\u00e1lra, amikor a feszes munkaer\u0151piac nyom\u00e1n megjelen\u0151 munkaer\u0151hi\u00e1ny miatt sz\u00e1mottev\u0151en n\u0151ttek a keresetek bizonyos szakm\u00e1kban. Ennek k\u00f6sz\u00f6nhet\u0151en p\u00e9ld\u00e1ul az \u00e9p\u00edt\u0151iparban seg\u00e9dmunk\u00e1sk\u00e9nt 300 \u00e9s 400 ezer forint k\u00f6z\u00f6tti nett\u00f3t is meg lehetett keresni, ahogy a nemzetk\u00f6zi fuvaroz\u00f3k eset\u00e9ben ak\u00e1r a 700 ezres nett\u00f3 is el\u0151fordult. A feszes munkaer\u0151piac \u00e9s az [&hellip;]<\/p>\n","protected":false},"author":1,"featured_media":4950,"comment_status":"open","ping_status":"open","sticky":false,"template":"","format":"standard","meta":{"_monsterinsights_skip_tracking":false,"footnotes":""},"categories":[198],"tags":[],"class_list":["post-4978","post","type-post","status-publish","format-standard","has-post-thumbnail","hentry","category-gazdasag"],"aioseo_notices":[],"aioseo_head":"\n\t\t<!-- All in One SEO 5.0.0.1 - aioseo.com -->\n\t<meta name=\"description\" content=\"A szak\u00e9rt\u0151 eml\u00e9keztetett a 2016 ut\u00e1ni b\u00e9rspir\u00e1lra, amikor a feszes munkaer\u0151piac nyom\u00e1n megjelen\u0151 munkaer\u0151hi\u00e1ny miatt sz\u00e1mottev\u0151en n\u0151ttek a keresetek bizonyos szakm\u00e1kban. Ennek k\u00f6sz\u00f6nhet\u0151en p\u00e9ld\u00e1ul az \u00e9p\u00edt\u0151iparban seg\u00e9dmunk\u00e1sk\u00e9nt 300 \u00e9s 400 ezer forint k\u00f6z\u00f6tti nett\u00f3t is meg lehetett keresni, ahogy a nemzetk\u00f6zi fuvaroz\u00f3k eset\u00e9ben ak\u00e1r a 700 ezres nett\u00f3 is el\u0151fordult. A feszes munkaer\u0151piac \u00e9s az\" \/>\n\t<meta name=\"robots\" content=\"max-image-preview:large\" \/>\n\t<meta name=\"author\" content=\"Juh\u00e1sz P\u00e9ter\"\/>\n\t<link rel=\"canonical\" href=\"https:\/\/allasorias.hu\/hirek\/erosodo-berdinamika\/\" \/>\n\t<meta name=\"generator\" content=\"All in One SEO (AIOSEO) 5.0.0.1\" \/>\n\t\t<meta property=\"og:locale\" content=\"hu_HU\" \/>\n\t\t<meta property=\"og:site_name\" content=\"AllasOrias.hu | H\u00edrek-lapszemle | \u00dczleti h\u00edrek az \u00e1ll\u00e1s \u00e9s a munka vil\u00e1g\u00e1b\u00f3l\" \/>\n\t\t<meta property=\"og:type\" content=\"article\" \/>\n\t\t<meta property=\"og:title\" content=\"Er\u0151s\u00f6d\u0151 b\u00e9rdinamika | AllasOrias.hu | H\u00edrek-lapszemle\" \/>\n\t\t<meta property=\"og:description\" content=\"A szak\u00e9rt\u0151 eml\u00e9keztetett a 2016 ut\u00e1ni b\u00e9rspir\u00e1lra, amikor a feszes munkaer\u0151piac nyom\u00e1n megjelen\u0151 munkaer\u0151hi\u00e1ny miatt sz\u00e1mottev\u0151en n\u0151ttek a keresetek bizonyos szakm\u00e1kban. Ennek k\u00f6sz\u00f6nhet\u0151en p\u00e9ld\u00e1ul az \u00e9p\u00edt\u0151iparban seg\u00e9dmunk\u00e1sk\u00e9nt 300 \u00e9s 400 ezer forint k\u00f6z\u00f6tti nett\u00f3t is meg lehetett keresni, ahogy a nemzetk\u00f6zi fuvaroz\u00f3k eset\u00e9ben ak\u00e1r a 700 ezres nett\u00f3 is el\u0151fordult. A feszes munkaer\u0151piac \u00e9s az\" \/>\n\t\t<meta property=\"og:url\" content=\"https:\/\/allasorias.hu\/hirek\/erosodo-berdinamika\/\" \/>\n\t\t<meta property=\"og:image\" content=\"https:\/\/allasorias.hu\/hirek\/wp-content\/uploads\/2021\/07\/graph.jpg\" \/>\n\t\t<meta property=\"og:image:secure_url\" content=\"https:\/\/allasorias.hu\/hirek\/wp-content\/uploads\/2021\/07\/graph.jpg\" \/>\n\t\t<meta property=\"og:image:width\" content=\"1920\" \/>\n\t\t<meta property=\"og:image:height\" content=\"1001\" \/>\n\t\t<meta property=\"article:published_time\" content=\"2021-08-11T07:05:07+00:00\" \/>\n\t\t<meta property=\"article:modified_time\" content=\"2021-08-11T07:05:07+00:00\" \/>\n\t\t<meta property=\"article:publisher\" content=\"https:\/\/www.facebook.com\/allasorias\" \/>\n\t\t<meta name=\"twitter:card\" content=\"summary_large_image\" \/>\n\t\t<meta name=\"twitter:title\" content=\"Er\u0151s\u00f6d\u0151 b\u00e9rdinamika | AllasOrias.hu | H\u00edrek-lapszemle\" \/>\n\t\t<meta name=\"twitter:description\" content=\"A szak\u00e9rt\u0151 eml\u00e9keztetett a 2016 ut\u00e1ni b\u00e9rspir\u00e1lra, amikor a feszes munkaer\u0151piac nyom\u00e1n megjelen\u0151 munkaer\u0151hi\u00e1ny miatt sz\u00e1mottev\u0151en n\u0151ttek a keresetek bizonyos szakm\u00e1kban. Ennek k\u00f6sz\u00f6nhet\u0151en p\u00e9ld\u00e1ul az \u00e9p\u00edt\u0151iparban seg\u00e9dmunk\u00e1sk\u00e9nt 300 \u00e9s 400 ezer forint k\u00f6z\u00f6tti nett\u00f3t is meg lehetett keresni, ahogy a nemzetk\u00f6zi fuvaroz\u00f3k eset\u00e9ben ak\u00e1r a 700 ezres nett\u00f3 is el\u0151fordult. A feszes munkaer\u0151piac \u00e9s az\" \/>\n\t\t<meta name=\"twitter:image\" content=\"https:\/\/allasorias.hu\/hirek\/wp-content\/uploads\/2021\/07\/graph.jpg\" \/>\n\t\t<meta name=\"twitter:label1\" content=\"Written by\" \/>\n\t\t<meta name=\"twitter:data1\" content=\"Juh\u00e1sz P\u00e9ter\" \/>\n\t\t<meta name=\"twitter:label2\" content=\"Est. reading time\" \/>\n\t\t<meta name=\"twitter:data2\" content=\"3 minutes\" \/>\n\t\t<script type=\"application\/ld+json\" class=\"aioseo-schema\">\n\t\t\t{\"@context\":\"https:\\\/\\\/schema.org\",\"@graph\":[{\"@type\":\"Article\",\"@id\":\"https:\\\/\\\/allasorias.hu\\\/hirek\\\/erosodo-berdinamika\\\/#article\",\"name\":\"Er\\u0151s\\u00f6d\\u0151 b\\u00e9rdinamika | AllasOrias.hu | H\\u00edrek-lapszemle\",\"headline\":\"Er\\u0151s\\u00f6d\\u0151 b\\u00e9rdinamika\",\"author\":{\"@id\":\"https:\\\/\\\/allasorias.hu\\\/hirek\\\/author\\\/admin-allasorias\\\/#author\"},\"publisher\":{\"@id\":\"https:\\\/\\\/allasorias.hu\\\/hirek\\\/#organization\"},\"image\":{\"@type\":\"ImageObject\",\"url\":\"https:\\\/\\\/allasorias.hu\\\/hirek\\\/wp-content\\\/uploads\\\/2021\\\/07\\\/graph.jpg\",\"width\":1920,\"height\":1001,\"caption\":\"Business development to success and growing growth concept. Businessman pointing arrow graph corporate future growth plan\"},\"datePublished\":\"2021-08-11T07:05:07+02:00\",\"dateModified\":\"2021-08-11T07:05:07+02:00\",\"inLanguage\":\"hu-HU\",\"mainEntityOfPage\":{\"@id\":\"https:\\\/\\\/allasorias.hu\\\/hirek\\\/erosodo-berdinamika\\\/#webpage\"},\"isPartOf\":{\"@id\":\"https:\\\/\\\/allasorias.hu\\\/hirek\\\/erosodo-berdinamika\\\/#webpage\"},\"articleSection\":\"Gazdas\\u00e1g\"},{\"@type\":\"BreadcrumbList\",\"@id\":\"https:\\\/\\\/allasorias.hu\\\/hirek\\\/erosodo-berdinamika\\\/#breadcrumblist\",\"itemListElement\":[{\"@type\":\"ListItem\",\"@id\":\"https:\\\/\\\/allasorias.hu\\\/hirek#listItem\",\"position\":1,\"name\":\"Home\",\"item\":\"https:\\\/\\\/allasorias.hu\\\/hirek\",\"nextItem\":{\"@type\":\"ListItem\",\"@id\":\"https:\\\/\\\/allasorias.hu\\\/hirek\\\/temak\\\/gazdasag\\\/#listItem\",\"name\":\"Gazdas\\u00e1g\"}},{\"@type\":\"ListItem\",\"@id\":\"https:\\\/\\\/allasorias.hu\\\/hirek\\\/temak\\\/gazdasag\\\/#listItem\",\"position\":2,\"name\":\"Gazdas\\u00e1g\",\"item\":\"https:\\\/\\\/allasorias.hu\\\/hirek\\\/temak\\\/gazdasag\\\/\",\"nextItem\":{\"@type\":\"ListItem\",\"@id\":\"https:\\\/\\\/allasorias.hu\\\/hirek\\\/erosodo-berdinamika\\\/#listItem\",\"name\":\"Er\\u0151s\\u00f6d\\u0151 b\\u00e9rdinamika\"},\"previousItem\":{\"@type\":\"ListItem\",\"@id\":\"https:\\\/\\\/allasorias.hu\\\/hirek#listItem\",\"name\":\"Home\"}},{\"@type\":\"ListItem\",\"@id\":\"https:\\\/\\\/allasorias.hu\\\/hirek\\\/erosodo-berdinamika\\\/#listItem\",\"position\":3,\"name\":\"Er\\u0151s\\u00f6d\\u0151 b\\u00e9rdinamika\",\"previousItem\":{\"@type\":\"ListItem\",\"@id\":\"https:\\\/\\\/allasorias.hu\\\/hirek\\\/temak\\\/gazdasag\\\/#listItem\",\"name\":\"Gazdas\\u00e1g\"}}]},{\"@type\":\"Organization\",\"@id\":\"https:\\\/\\\/allasorias.hu\\\/hirek\\\/#organization\",\"name\":\"AllasOrias.hu | H\\u00edrek-lapszemle\",\"description\":\"\\u00dczleti h\\u00edrek az \\u00e1ll\\u00e1s \\u00e9s a munka vil\\u00e1g\\u00e1b\\u00f3l\",\"url\":\"https:\\\/\\\/allasorias.hu\\\/hirek\\\/\",\"logo\":{\"@type\":\"ImageObject\",\"url\":\"https:\\\/\\\/allasorias.hu\\\/hirek\\\/wp-content\\\/uploads\\\/2022\\\/10\\\/allasorias_site_facebok_logo.png\",\"@id\":\"https:\\\/\\\/allasorias.hu\\\/hirek\\\/erosodo-berdinamika\\\/#organizationLogo\"},\"image\":{\"@id\":\"https:\\\/\\\/allasorias.hu\\\/hirek\\\/erosodo-berdinamika\\\/#organizationLogo\"},\"sameAs\":[\"https:\\\/\\\/www.facebook.com\\\/allasorias\",\"https:\\\/\\\/www.linkedin.com\\\/company\\\/allasorias\"]},{\"@type\":\"Person\",\"@id\":\"https:\\\/\\\/allasorias.hu\\\/hirek\\\/author\\\/admin-allasorias\\\/#author\",\"url\":\"https:\\\/\\\/allasorias.hu\\\/hirek\\\/author\\\/admin-allasorias\\\/\",\"name\":\"Juh\\u00e1sz P\\u00e9ter\",\"image\":{\"@type\":\"ImageObject\",\"@id\":\"https:\\\/\\\/allasorias.hu\\\/hirek\\\/erosodo-berdinamika\\\/#authorImage\",\"url\":\"https:\\\/\\\/secure.gravatar.com\\\/avatar\\\/36e6bcb83148978b992977cb0f54d22feb0cce8a0a849a9410532bb2623ba4c6?s=96&d=mm&r=g\",\"width\":96,\"height\":96,\"caption\":\"Juh\\u00e1sz P\\u00e9ter\"}},{\"@type\":\"WebPage\",\"@id\":\"https:\\\/\\\/allasorias.hu\\\/hirek\\\/erosodo-berdinamika\\\/#webpage\",\"url\":\"https:\\\/\\\/allasorias.hu\\\/hirek\\\/erosodo-berdinamika\\\/\",\"name\":\"Er\\u0151s\\u00f6d\\u0151 b\\u00e9rdinamika | AllasOrias.hu | H\\u00edrek-lapszemle\",\"description\":\"A szak\\u00e9rt\\u0151 eml\\u00e9keztetett a 2016 ut\\u00e1ni b\\u00e9rspir\\u00e1lra, amikor a feszes munkaer\\u0151piac nyom\\u00e1n megjelen\\u0151 munkaer\\u0151hi\\u00e1ny miatt sz\\u00e1mottev\\u0151en n\\u0151ttek a keresetek bizonyos szakm\\u00e1kban. Ennek k\\u00f6sz\\u00f6nhet\\u0151en p\\u00e9ld\\u00e1ul az \\u00e9p\\u00edt\\u0151iparban seg\\u00e9dmunk\\u00e1sk\\u00e9nt 300 \\u00e9s 400 ezer forint k\\u00f6z\\u00f6tti nett\\u00f3t is meg lehetett keresni, ahogy a nemzetk\\u00f6zi fuvaroz\\u00f3k eset\\u00e9ben ak\\u00e1r a 700 ezres nett\\u00f3 is el\\u0151fordult. A feszes munkaer\\u0151piac \\u00e9s az\",\"inLanguage\":\"hu-HU\",\"isPartOf\":{\"@id\":\"https:\\\/\\\/allasorias.hu\\\/hirek\\\/#website\"},\"breadcrumb\":{\"@id\":\"https:\\\/\\\/allasorias.hu\\\/hirek\\\/erosodo-berdinamika\\\/#breadcrumblist\"},\"author\":{\"@id\":\"https:\\\/\\\/allasorias.hu\\\/hirek\\\/author\\\/admin-allasorias\\\/#author\"},\"creator\":{\"@id\":\"https:\\\/\\\/allasorias.hu\\\/hirek\\\/author\\\/admin-allasorias\\\/#author\"},\"image\":{\"@type\":\"ImageObject\",\"url\":\"https:\\\/\\\/allasorias.hu\\\/hirek\\\/wp-content\\\/uploads\\\/2021\\\/07\\\/graph.jpg\",\"@id\":\"https:\\\/\\\/allasorias.hu\\\/hirek\\\/erosodo-berdinamika\\\/#mainImage\",\"width\":1920,\"height\":1001,\"caption\":\"Business development to success and growing growth concept. Businessman pointing arrow graph corporate future growth plan\"},\"primaryImageOfPage\":{\"@id\":\"https:\\\/\\\/allasorias.hu\\\/hirek\\\/erosodo-berdinamika\\\/#mainImage\"},\"datePublished\":\"2021-08-11T07:05:07+02:00\",\"dateModified\":\"2021-08-11T07:05:07+02:00\"},{\"@type\":\"WebSite\",\"@id\":\"https:\\\/\\\/allasorias.hu\\\/hirek\\\/#website\",\"url\":\"https:\\\/\\\/allasorias.hu\\\/hirek\\\/\",\"name\":\"AllasOrias.hu | H\\u00edrek-lapszemle\",\"description\":\"\\u00dczleti h\\u00edrek az \\u00e1ll\\u00e1s \\u00e9s a munka vil\\u00e1g\\u00e1b\\u00f3l\",\"inLanguage\":\"hu-HU\",\"publisher\":{\"@id\":\"https:\\\/\\\/allasorias.hu\\\/hirek\\\/#organization\"}}]}\n\t\t<\/script>\n\t\t<!-- All in One SEO -->\n\n","aioseo_head_json":{"title":"Er\u0151s\u00f6d\u0151 b\u00e9rdinamika | AllasOrias.hu | H\u00edrek-lapszemle","description":"A szak\u00e9rt\u0151 eml\u00e9keztetett a 2016 ut\u00e1ni b\u00e9rspir\u00e1lra, amikor a feszes munkaer\u0151piac nyom\u00e1n megjelen\u0151 munkaer\u0151hi\u00e1ny miatt sz\u00e1mottev\u0151en n\u0151ttek a keresetek bizonyos szakm\u00e1kban. Ennek k\u00f6sz\u00f6nhet\u0151en p\u00e9ld\u00e1ul az \u00e9p\u00edt\u0151iparban seg\u00e9dmunk\u00e1sk\u00e9nt 300 \u00e9s 400 ezer forint k\u00f6z\u00f6tti nett\u00f3t is meg lehetett keresni, ahogy a nemzetk\u00f6zi fuvaroz\u00f3k eset\u00e9ben ak\u00e1r a 700 ezres nett\u00f3 is el\u0151fordult. A feszes munkaer\u0151piac \u00e9s az","canonical_url":"https:\/\/allasorias.hu\/hirek\/erosodo-berdinamika\/","robots":"max-image-preview:large","keywords":"","webmasterTools":{"miscellaneous":""},"schema":{"@context":"https:\/\/schema.org","@graph":[{"@type":"Article","@id":"https:\/\/allasorias.hu\/hirek\/erosodo-berdinamika\/#article","name":"Er\u0151s\u00f6d\u0151 b\u00e9rdinamika | AllasOrias.hu | H\u00edrek-lapszemle","headline":"Er\u0151s\u00f6d\u0151 b\u00e9rdinamika","author":{"@id":"https:\/\/allasorias.hu\/hirek\/author\/admin-allasorias\/#author"},"publisher":{"@id":"https:\/\/allasorias.hu\/hirek\/#organization"},"image":{"@type":"ImageObject","url":"https:\/\/allasorias.hu\/hirek\/wp-content\/uploads\/2021\/07\/graph.jpg","width":1920,"height":1001,"caption":"Business development to success and growing growth concept. Businessman pointing arrow graph corporate future growth plan"},"datePublished":"2021-08-11T07:05:07+02:00","dateModified":"2021-08-11T07:05:07+02:00","inLanguage":"hu-HU","mainEntityOfPage":{"@id":"https:\/\/allasorias.hu\/hirek\/erosodo-berdinamika\/#webpage"},"isPartOf":{"@id":"https:\/\/allasorias.hu\/hirek\/erosodo-berdinamika\/#webpage"},"articleSection":"Gazdas\u00e1g"},{"@type":"BreadcrumbList","@id":"https:\/\/allasorias.hu\/hirek\/erosodo-berdinamika\/#breadcrumblist","itemListElement":[{"@type":"ListItem","@id":"https:\/\/allasorias.hu\/hirek#listItem","position":1,"name":"Home","item":"https:\/\/allasorias.hu\/hirek","nextItem":{"@type":"ListItem","@id":"https:\/\/allasorias.hu\/hirek\/temak\/gazdasag\/#listItem","name":"Gazdas\u00e1g"}},{"@type":"ListItem","@id":"https:\/\/allasorias.hu\/hirek\/temak\/gazdasag\/#listItem","position":2,"name":"Gazdas\u00e1g","item":"https:\/\/allasorias.hu\/hirek\/temak\/gazdasag\/","nextItem":{"@type":"ListItem","@id":"https:\/\/allasorias.hu\/hirek\/erosodo-berdinamika\/#listItem","name":"Er\u0151s\u00f6d\u0151 b\u00e9rdinamika"},"previousItem":{"@type":"ListItem","@id":"https:\/\/allasorias.hu\/hirek#listItem","name":"Home"}},{"@type":"ListItem","@id":"https:\/\/allasorias.hu\/hirek\/erosodo-berdinamika\/#listItem","position":3,"name":"Er\u0151s\u00f6d\u0151 b\u00e9rdinamika","previousItem":{"@type":"ListItem","@id":"https:\/\/allasorias.hu\/hirek\/temak\/gazdasag\/#listItem","name":"Gazdas\u00e1g"}}]},{"@type":"Organization","@id":"https:\/\/allasorias.hu\/hirek\/#organization","name":"AllasOrias.hu | H\u00edrek-lapszemle","description":"\u00dczleti h\u00edrek az \u00e1ll\u00e1s \u00e9s a munka vil\u00e1g\u00e1b\u00f3l","url":"https:\/\/allasorias.hu\/hirek\/","logo":{"@type":"ImageObject","url":"https:\/\/allasorias.hu\/hirek\/wp-content\/uploads\/2022\/10\/allasorias_site_facebok_logo.png","@id":"https:\/\/allasorias.hu\/hirek\/erosodo-berdinamika\/#organizationLogo"},"image":{"@id":"https:\/\/allasorias.hu\/hirek\/erosodo-berdinamika\/#organizationLogo"},"sameAs":["https:\/\/www.facebook.com\/allasorias","https:\/\/www.linkedin.com\/company\/allasorias"]},{"@type":"Person","@id":"https:\/\/allasorias.hu\/hirek\/author\/admin-allasorias\/#author","url":"https:\/\/allasorias.hu\/hirek\/author\/admin-allasorias\/","name":"Juh\u00e1sz P\u00e9ter","image":{"@type":"ImageObject","@id":"https:\/\/allasorias.hu\/hirek\/erosodo-berdinamika\/#authorImage","url":"https:\/\/secure.gravatar.com\/avatar\/36e6bcb83148978b992977cb0f54d22feb0cce8a0a849a9410532bb2623ba4c6?s=96&d=mm&r=g","width":96,"height":96,"caption":"Juh\u00e1sz P\u00e9ter"}},{"@type":"WebPage","@id":"https:\/\/allasorias.hu\/hirek\/erosodo-berdinamika\/#webpage","url":"https:\/\/allasorias.hu\/hirek\/erosodo-berdinamika\/","name":"Er\u0151s\u00f6d\u0151 b\u00e9rdinamika | AllasOrias.hu | H\u00edrek-lapszemle","description":"A szak\u00e9rt\u0151 eml\u00e9keztetett a 2016 ut\u00e1ni b\u00e9rspir\u00e1lra, amikor a feszes munkaer\u0151piac nyom\u00e1n megjelen\u0151 munkaer\u0151hi\u00e1ny miatt sz\u00e1mottev\u0151en n\u0151ttek a keresetek bizonyos szakm\u00e1kban. Ennek k\u00f6sz\u00f6nhet\u0151en p\u00e9ld\u00e1ul az \u00e9p\u00edt\u0151iparban seg\u00e9dmunk\u00e1sk\u00e9nt 300 \u00e9s 400 ezer forint k\u00f6z\u00f6tti nett\u00f3t is meg lehetett keresni, ahogy a nemzetk\u00f6zi fuvaroz\u00f3k eset\u00e9ben ak\u00e1r a 700 ezres nett\u00f3 is el\u0151fordult. A feszes munkaer\u0151piac \u00e9s az","inLanguage":"hu-HU","isPartOf":{"@id":"https:\/\/allasorias.hu\/hirek\/#website"},"breadcrumb":{"@id":"https:\/\/allasorias.hu\/hirek\/erosodo-berdinamika\/#breadcrumblist"},"author":{"@id":"https:\/\/allasorias.hu\/hirek\/author\/admin-allasorias\/#author"},"creator":{"@id":"https:\/\/allasorias.hu\/hirek\/author\/admin-allasorias\/#author"},"image":{"@type":"ImageObject","url":"https:\/\/allasorias.hu\/hirek\/wp-content\/uploads\/2021\/07\/graph.jpg","@id":"https:\/\/allasorias.hu\/hirek\/erosodo-berdinamika\/#mainImage","width":1920,"height":1001,"caption":"Business development to success and growing growth concept. Businessman pointing arrow graph corporate future growth plan"},"primaryImageOfPage":{"@id":"https:\/\/allasorias.hu\/hirek\/erosodo-berdinamika\/#mainImage"},"datePublished":"2021-08-11T07:05:07+02:00","dateModified":"2021-08-11T07:05:07+02:00"},{"@type":"WebSite","@id":"https:\/\/allasorias.hu\/hirek\/#website","url":"https:\/\/allasorias.hu\/hirek\/","name":"AllasOrias.hu | H\u00edrek-lapszemle","description":"\u00dczleti h\u00edrek az \u00e1ll\u00e1s \u00e9s a munka vil\u00e1g\u00e1b\u00f3l","inLanguage":"hu-HU","publisher":{"@id":"https:\/\/allasorias.hu\/hirek\/#organization"}}]},"og:locale":"hu_HU","og:site_name":"AllasOrias.hu | H\u00edrek-lapszemle | \u00dczleti h\u00edrek az \u00e1ll\u00e1s \u00e9s a munka vil\u00e1g\u00e1b\u00f3l","og:type":"article","og:title":"Er\u0151s\u00f6d\u0151 b\u00e9rdinamika | AllasOrias.hu | H\u00edrek-lapszemle","og:description":"A szak\u00e9rt\u0151 eml\u00e9keztetett a 2016 ut\u00e1ni b\u00e9rspir\u00e1lra, amikor a feszes munkaer\u0151piac nyom\u00e1n megjelen\u0151 munkaer\u0151hi\u00e1ny miatt sz\u00e1mottev\u0151en n\u0151ttek a keresetek bizonyos szakm\u00e1kban. Ennek k\u00f6sz\u00f6nhet\u0151en p\u00e9ld\u00e1ul az \u00e9p\u00edt\u0151iparban seg\u00e9dmunk\u00e1sk\u00e9nt 300 \u00e9s 400 ezer forint k\u00f6z\u00f6tti nett\u00f3t is meg lehetett keresni, ahogy a nemzetk\u00f6zi fuvaroz\u00f3k eset\u00e9ben ak\u00e1r a 700 ezres nett\u00f3 is el\u0151fordult. A feszes munkaer\u0151piac \u00e9s az","og:url":"https:\/\/allasorias.hu\/hirek\/erosodo-berdinamika\/","og:image":"https:\/\/allasorias.hu\/hirek\/wp-content\/uploads\/2021\/07\/graph.jpg","og:image:secure_url":"https:\/\/allasorias.hu\/hirek\/wp-content\/uploads\/2021\/07\/graph.jpg","og:image:width":1920,"og:image:height":1001,"article:published_time":"2021-08-11T07:05:07+00:00","article:modified_time":"2021-08-11T07:05:07+00:00","article:publisher":"https:\/\/www.facebook.com\/allasorias","twitter:card":"summary_large_image","twitter:title":"Er\u0151s\u00f6d\u0151 b\u00e9rdinamika | AllasOrias.hu | H\u00edrek-lapszemle","twitter:description":"A szak\u00e9rt\u0151 eml\u00e9keztetett a 2016 ut\u00e1ni b\u00e9rspir\u00e1lra, amikor a feszes munkaer\u0151piac nyom\u00e1n megjelen\u0151 munkaer\u0151hi\u00e1ny miatt sz\u00e1mottev\u0151en n\u0151ttek a keresetek bizonyos szakm\u00e1kban. Ennek k\u00f6sz\u00f6nhet\u0151en p\u00e9ld\u00e1ul az \u00e9p\u00edt\u0151iparban seg\u00e9dmunk\u00e1sk\u00e9nt 300 \u00e9s 400 ezer forint k\u00f6z\u00f6tti nett\u00f3t is meg lehetett keresni, ahogy a nemzetk\u00f6zi fuvaroz\u00f3k eset\u00e9ben ak\u00e1r a 700 ezres nett\u00f3 is el\u0151fordult. A feszes munkaer\u0151piac \u00e9s az","twitter:image":"https:\/\/allasorias.hu\/hirek\/wp-content\/uploads\/2021\/07\/graph.jpg","twitter:label1":"Written by","twitter:data1":"Juh\u00e1sz P\u00e9ter","twitter:label2":"Est. reading time","twitter:data2":"3 minutes"},"aioseo_meta_data":{"post_id":"4978","title":null,"description":null,"keywords":[],"keyphrases":{"focus":[],"additional":[]},"primary_term":null,"canonical_url":null,"og_title":null,"og_description":null,"og_object_type":"default","og_image_type":"default","og_image_url":null,"og_image_width":null,"og_image_height":null,"og_image_custom_url":null,"og_image_custom_fields":null,"og_video":"","og_custom_url":null,"og_article_section":null,"og_article_tags":[],"twitter_use_og":false,"twitter_card":"default","twitter_image_type":"default","twitter_image_url":null,"twitter_image_custom_url":null,"twitter_image_custom_fields":null,"twitter_title":null,"twitter_description":null,"schema":{"blockGraphs":[],"customGraphs":[],"default":{"data":{"Article":[],"Course":[],"Dataset":[],"FAQPage":[],"Movie":[],"Person":[],"Product":[],"ProductReview":[],"Car":[],"Recipe":[],"Service":[],"SoftwareApplication":[],"WebPage":[]},"graphName":"","isEnabled":true},"graphs":[],"defaultGraph":"Article","defaultPostTypeGraph":""},"schema_type":"default","schema_type_options":"{\"article\":{\"articleType\":\"BlogPosting\"},\"course\":{\"name\":\"\",\"description\":\"\",\"provider\":\"\"},\"faq\":{\"pages\":[]},\"product\":{\"reviews\":[]},\"recipe\":{\"ingredients\":[],\"instructions\":[],\"keywords\":[]},\"software\":{\"reviews\":[],\"operatingSystems\":[]},\"webPage\":{\"webPageType\":\"WebPage\"}}","pillar_content":false,"robots_default":true,"robots_noindex":false,"robots_noarchive":false,"robots_nosnippet":false,"robots_nofollow":false,"robots_noimageindex":false,"robots_noodp":false,"robots_notranslate":false,"robots_max_snippet":"-1","robots_max_videopreview":"-1","robots_max_imagepreview":"large","priority":null,"frequency":"default","location":null,"local_seo":{"locations":{"business":{"name":"","businessType":"","image":"","areaServed":"","urls":{"website":"","aboutPage":"","contactPage":""},"address":{"streetLine1":"","streetLine2":"","zipCode":"","city":"","state":"","country":"","addressFormat":"#streetLineOne\n#streetLineTwo\n#city, #state #zipCode"},"contact":{"phone":"","email":"","fax":""},"ids":{"vat":"","tax":"","chamberOfCommerce":""},"payment":{"priceRange":"","currenciesAccepted":"","methods":""}}},"openingHours":{"useDefaults":true,"show":true,"alwaysOpen":false,"use24hFormat":false,"timezone":"","labels":{"closed":"","alwaysOpen":""},"days":{"monday":{"open24h":false,"closed":false,"openTime":"09:00","closeTime":"17:00"},"tuesday":{"open24h":false,"closed":false,"openTime":"09:00","closeTime":"17:00"},"wednesday":{"open24h":false,"closed":false,"openTime":"09:00","closeTime":"17:00"},"thursday":{"open24h":false,"closed":false,"openTime":"09:00","closeTime":"17:00"},"friday":{"open24h":false,"closed":false,"openTime":"09:00","closeTime":"17:00"},"saturday":{"open24h":false,"closed":false,"openTime":"09:00","closeTime":"17:00"},"sunday":{"open24h":false,"closed":false,"openTime":"09:00","closeTime":"17:00"}}}},"breadcrumb_settings":null,"limit_modified_date":false,"ai":null,"created":"2021-08-11 06:53:59","updated":"2025-10-02 16:02:18","seo_analyzer_scan_date":null,"focus_keyword":null,"additional_keywords":null,"truseo_locale":null},"aioseo_breadcrumb":"<div class=\"aioseo-breadcrumbs\"><span class=\"aioseo-breadcrumb\">\n\t\t\t<a href=\"https:\/\/allasorias.hu\/hirek\" title=\"Home\">Home<\/a>\n\t\t<\/span><span class=\"aioseo-breadcrumb-separator\">&raquo;<\/span><span class=\"aioseo-breadcrumb\">\n\t\t\t<a href=\"https:\/\/allasorias.hu\/hirek\/temak\/gazdasag\/\" title=\"Gazdas\u00e1g\">Gazdas\u00e1g<\/a>\n\t\t<\/span><span class=\"aioseo-breadcrumb-separator\">&raquo;<\/span><span class=\"aioseo-breadcrumb\">\n\t\t\tEr\u0151s\u00f6d\u0151 b\u00e9rdinamika\n\t\t<\/span><\/div>","aioseo_breadcrumb_json":[{"label":"Home","link":"https:\/\/allasorias.hu\/hirek"},{"label":"Gazdas\u00e1g","link":"https:\/\/allasorias.hu\/hirek\/temak\/gazdasag\/"},{"label":"Er\u0151s\u00f6d\u0151 b\u00e9rdinamika","link":"https:\/\/allasorias.hu\/hirek\/erosodo-berdinamika\/"}],"_links":{"self":[{"href":"https:\/\/allasorias.hu\/hirek\/wp-json\/wp\/v2\/posts\/4978","targetHints":{"allow":["GET"]}}],"collection":[{"href":"https:\/\/allasorias.hu\/hirek\/wp-json\/wp\/v2\/posts"}],"about":[{"href":"https:\/\/allasorias.hu\/hirek\/wp-json\/wp\/v2\/types\/post"}],"author":[{"embeddable":true,"href":"https:\/\/allasorias.hu\/hirek\/wp-json\/wp\/v2\/users\/1"}],"replies":[{"embeddable":true,"href":"https:\/\/allasorias.hu\/hirek\/wp-json\/wp\/v2\/comments?post=4978"}],"version-history":[{"count":1,"href":"https:\/\/allasorias.hu\/hirek\/wp-json\/wp\/v2\/posts\/4978\/revisions"}],"predecessor-version":[{"id":4979,"href":"https:\/\/allasorias.hu\/hirek\/wp-json\/wp\/v2\/posts\/4978\/revisions\/4979"}],"wp:featuredmedia":[{"embeddable":true,"href":"https:\/\/allasorias.hu\/hirek\/wp-json\/wp\/v2\/media\/4950"}],"wp:attachment":[{"href":"https:\/\/allasorias.hu\/hirek\/wp-json\/wp\/v2\/media?parent=4978"}],"wp:term":[{"taxonomy":"category","embeddable":true,"href":"https:\/\/allasorias.hu\/hirek\/wp-json\/wp\/v2\/categories?post=4978"},{"taxonomy":"post_tag","embeddable":true,"href":"https:\/\/allasorias.hu\/hirek\/wp-json\/wp\/v2\/tags?post=4978"}],"curies":[{"name":"wp","href":"https:\/\/api.w.org\/{rel}","templated":true}]}}