{"id":4966,"date":"2021-08-06T06:37:41","date_gmt":"2021-08-06T06:37:41","guid":{"rendered":"https:\/\/allasorias.hu\/hirek\/?p=4966"},"modified":"2021-08-06T06:37:41","modified_gmt":"2021-08-06T06:37:41","slug":"jol-vizsgazott-a-kormany-a-gazdasagi-veszelyhelyzetben","status":"publish","type":"post","link":"https:\/\/allasorias.hu\/hirek\/jol-vizsgazott-a-kormany-a-gazdasagi-veszelyhelyzetben\/","title":{"rendered":"J\u00f3l vizsg\u00e1zott a korm\u00e1ny a gazdas\u00e1gi vesz\u00e9lyhelyzetben"},"content":{"rendered":"<p><strong>A foglalkoztatottak magas sz\u00e1ma mellett, a folyamatosan n\u00f6vekv\u0151 b\u00e9rek adnak stabilit\u00e1st a gazdas\u00e1gnak. A korm\u00e1ny sikeresen kezelte a gazdas\u00e1gi vesz\u00e9lyhelyzetet, hiszen m\u00edg a foglalkoztatottak sz\u00e1ma el\u00e9rte a 4,7 milli\u00f3t, akik k\u00f6z\u00fcl 4,5 milli\u00f3an az els\u0151dleges munkaer\u0151piacon helyezkedtek el, a regisztr\u00e1lt \u00e1ll\u00e1skeres\u0151k sz\u00e1ma rendk\u00edv\u00fcl alacsony szintre, 260 ezerre cs\u00f6kkent \u2013 mondta az Innov\u00e1ci\u00f3s \u00e9s Technol\u00f3giai Miniszt\u00e9rium (ITM) foglalkoztat\u00e1spolitik\u00e1\u00e9rt felel\u0151s \u00e1llamtitk\u00e1ra. <\/strong><\/p>\n<p>Bod\u00f3 S\u00e1ndor hozz\u00e1tette, Eur\u00f3p\u00e1ban a vesz\u00e9lyhelyzet okozta gazdas\u00e1gi kr\u00edzisben k\u00e9t \u00fat volt: az egyik, hogy \u201evalamif\u00e9le normat\u00edv alapon kapott minden munkav\u00e1llal\u00f3 egy bizonyos \u00f6sszeget, \u00e9s ezt nem k\u00f6t\u00f6tt\u00e9k semmilyen felt\u00e9telhez&#8221;. Kiemelte, Magyarorsz\u00e1g eredm\u00e9nyesen j\u00e1rt el, b\u00e1r nem ezt az utat v\u00e1lasztotta, ugyanis a korm\u00e1ny a munk\u00e1t \u00e1ll\u00edtotta a k\u00f6z\u00e9ppontba, ez\u00e9rt minden t\u00e1mogat\u00e1st a munkahelyek megv\u00e9d\u00e9s\u00e9hez, munkahelyek teremt\u00e9s\u00e9hez k\u00f6t\u00f6tt. Az \u00e1llamtitk\u00e1r szerint a foglalkoztatottak magas sz\u00e1ma mellett, a folyamatosan n\u00f6vekv\u0151 b\u00e9rek adnak stabilit\u00e1st a gazdas\u00e1gnak. Hozz\u00e1tette, hogy a legfrissebb negyed\u00e9ves adatok szerint 435 200 forint volt az \u00e1tlagb\u00e9r Magyarorsz\u00e1gon. Egy\u00fattal megjegyezte, 2010 \u00f3ta t\u00f6bb mint a dupl\u00e1j\u00e1ra n\u0151tt a minim\u00e1lb\u00e9r \u00e9s a garant\u00e1lt b\u00e9rminimum, \u00e9s ezek a t\u00f6bbi b\u00e9rt is felfel\u00e9 tolt\u00e1k. A regisztr\u00e1lt \u00e1ll\u00e1skeres\u0151k sz\u00e1ma eddig nem l\u00e1tott alacsony szintre, 260 ezer al\u00e1 cs\u00f6kkent, a munkan\u00e9lk\u00fclis\u00e9gi r\u00e1ta pedig n\u00e9gy sz\u00e1zal\u00e9k, m\u00edg 2010 el\u0151tt\u00a0 m\u00e9g 12 sz\u00e1zal\u00e9k volt \u2013 mondta. Az \u00e1llamtitk\u00e1r \u00fagy fogalmazott: \u201ekisz\u00e1m\u00edthat\u00f3, a v\u00e1ls\u00e1got, azt gondolom j\u00f3l kezel\u0151 munkaer\u0151piaci int\u00e9zked\u00e9sek sora ut\u00e1n vagyunk,&#8221; jelenleg pedig a \u201emunkahelyteremt\u00e9s id\u0151szak\u00e1t \u00e9lj\u00fck&#8221;. P\u00e9ldak\u00e9nt eml\u00edtette, hogy tov\u00e1bbra is n\u00e9pszer\u0171 a v\u00e1llalkoz\u00e1sok munkaer\u0151-t\u00e1mogat\u00e1sa program, amelyben havonta 100 ezer forint b\u00e9rt\u00e1mogat\u00e1st biztos\u00edtanak f\u00e9l \u00e9ven kereszt\u00fcl azoknak a c\u00e9geknek, amelyek legal\u00e1bb egy h\u00f3napja regisztr\u00e1lt \u00e1ll\u00e1skeres\u0151t foglalkoztatnak. M\u00e9g nyitva van a program, amelynek a seg\u00edts\u00e9g\u00e9vel m\u00e1r t\u00f6bb mint 20 ezer ember tudott elhelyezkedni a munkaer\u0151piacon \u2013 tette hozz\u00e1 Bod\u00f3 S\u00e1ndor.<\/p>\n<p>Forr\u00e1s: hirklikk.hu<\/p>\n","protected":false},"excerpt":{"rendered":"<p>A foglalkoztatottak magas sz\u00e1ma mellett, a folyamatosan n\u00f6vekv\u0151 b\u00e9rek adnak stabilit\u00e1st a gazdas\u00e1gnak. A korm\u00e1ny sikeresen kezelte a gazdas\u00e1gi vesz\u00e9lyhelyzetet, hiszen m\u00edg a foglalkoztatottak sz\u00e1ma el\u00e9rte a 4,7 milli\u00f3t, akik k\u00f6z\u00fcl 4,5 milli\u00f3an az els\u0151dleges munkaer\u0151piacon helyezkedtek el, a regisztr\u00e1lt \u00e1ll\u00e1skeres\u0151k sz\u00e1ma rendk\u00edv\u00fcl alacsony szintre, 260 ezerre cs\u00f6kkent \u2013 mondta az Innov\u00e1ci\u00f3s \u00e9s Technol\u00f3giai Miniszt\u00e9rium [&hellip;]<\/p>\n","protected":false},"author":1,"featured_media":4206,"comment_status":"open","ping_status":"open","sticky":false,"template":"","format":"standard","meta":{"_monsterinsights_skip_tracking":false,"footnotes":""},"categories":[198],"tags":[],"class_list":["post-4966","post","type-post","status-publish","format-standard","has-post-thumbnail","hentry","category-gazdasag"],"aioseo_notices":[],"aioseo_head":"\n\t\t<!-- All in One SEO 5.0.0.1 - aioseo.com -->\n\t<meta name=\"description\" content=\"A foglalkoztatottak magas sz\u00e1ma mellett, a folyamatosan n\u00f6vekv\u0151 b\u00e9rek adnak stabilit\u00e1st a gazdas\u00e1gnak. A korm\u00e1ny sikeresen kezelte a gazdas\u00e1gi vesz\u00e9lyhelyzetet, hiszen m\u00edg a foglalkoztatottak sz\u00e1ma el\u00e9rte a 4,7 milli\u00f3t, akik k\u00f6z\u00fcl 4,5 milli\u00f3an az els\u0151dleges munkaer\u0151piacon helyezkedtek el, a regisztr\u00e1lt \u00e1ll\u00e1skeres\u0151k sz\u00e1ma rendk\u00edv\u00fcl alacsony szintre, 260 ezerre cs\u00f6kkent \u2013 mondta az Innov\u00e1ci\u00f3s \u00e9s Technol\u00f3giai Miniszt\u00e9rium\" \/>\n\t<meta name=\"robots\" content=\"max-image-preview:large\" \/>\n\t<meta name=\"author\" content=\"Juh\u00e1sz P\u00e9ter\"\/>\n\t<link rel=\"canonical\" href=\"https:\/\/allasorias.hu\/hirek\/jol-vizsgazott-a-kormany-a-gazdasagi-veszelyhelyzetben\/\" \/>\n\t<meta name=\"generator\" content=\"All in One SEO (AIOSEO) 5.0.0.1\" \/>\n\t\t<meta property=\"og:locale\" content=\"hu_HU\" \/>\n\t\t<meta property=\"og:site_name\" content=\"AllasOrias.hu | H\u00edrek-lapszemle | \u00dczleti h\u00edrek az \u00e1ll\u00e1s \u00e9s a munka vil\u00e1g\u00e1b\u00f3l\" \/>\n\t\t<meta property=\"og:type\" content=\"article\" \/>\n\t\t<meta property=\"og:title\" content=\"J\u00f3l vizsg\u00e1zott a korm\u00e1ny a gazdas\u00e1gi vesz\u00e9lyhelyzetben | AllasOrias.hu | H\u00edrek-lapszemle\" \/>\n\t\t<meta property=\"og:description\" content=\"A foglalkoztatottak magas sz\u00e1ma mellett, a folyamatosan n\u00f6vekv\u0151 b\u00e9rek adnak stabilit\u00e1st a gazdas\u00e1gnak. A korm\u00e1ny sikeresen kezelte a gazdas\u00e1gi vesz\u00e9lyhelyzetet, hiszen m\u00edg a foglalkoztatottak sz\u00e1ma el\u00e9rte a 4,7 milli\u00f3t, akik k\u00f6z\u00fcl 4,5 milli\u00f3an az els\u0151dleges munkaer\u0151piacon helyezkedtek el, a regisztr\u00e1lt \u00e1ll\u00e1skeres\u0151k sz\u00e1ma rendk\u00edv\u00fcl alacsony szintre, 260 ezerre cs\u00f6kkent \u2013 mondta az Innov\u00e1ci\u00f3s \u00e9s Technol\u00f3giai Miniszt\u00e9rium\" \/>\n\t\t<meta property=\"og:url\" content=\"https:\/\/allasorias.hu\/hirek\/jol-vizsgazott-a-kormany-a-gazdasagi-veszelyhelyzetben\/\" \/>\n\t\t<meta property=\"og:image\" content=\"https:\/\/allasorias.hu\/hirek\/wp-content\/uploads\/2020\/08\/chart-3976152_960_720.jpg\" \/>\n\t\t<meta property=\"og:image:secure_url\" content=\"https:\/\/allasorias.hu\/hirek\/wp-content\/uploads\/2020\/08\/chart-3976152_960_720.jpg\" \/>\n\t\t<meta property=\"og:image:width\" content=\"960\" \/>\n\t\t<meta property=\"og:image:height\" content=\"639\" \/>\n\t\t<meta property=\"article:published_time\" content=\"2021-08-06T06:37:41+00:00\" \/>\n\t\t<meta property=\"article:modified_time\" content=\"2021-08-06T06:37:41+00:00\" \/>\n\t\t<meta property=\"article:publisher\" content=\"https:\/\/www.facebook.com\/allasorias\" \/>\n\t\t<meta name=\"twitter:card\" content=\"summary_large_image\" \/>\n\t\t<meta name=\"twitter:title\" content=\"J\u00f3l vizsg\u00e1zott a korm\u00e1ny a gazdas\u00e1gi vesz\u00e9lyhelyzetben | AllasOrias.hu | H\u00edrek-lapszemle\" \/>\n\t\t<meta name=\"twitter:description\" content=\"A foglalkoztatottak magas sz\u00e1ma mellett, a folyamatosan n\u00f6vekv\u0151 b\u00e9rek adnak stabilit\u00e1st a gazdas\u00e1gnak. A korm\u00e1ny sikeresen kezelte a gazdas\u00e1gi vesz\u00e9lyhelyzetet, hiszen m\u00edg a foglalkoztatottak sz\u00e1ma el\u00e9rte a 4,7 milli\u00f3t, akik k\u00f6z\u00fcl 4,5 milli\u00f3an az els\u0151dleges munkaer\u0151piacon helyezkedtek el, a regisztr\u00e1lt \u00e1ll\u00e1skeres\u0151k sz\u00e1ma rendk\u00edv\u00fcl alacsony szintre, 260 ezerre cs\u00f6kkent \u2013 mondta az Innov\u00e1ci\u00f3s \u00e9s Technol\u00f3giai Miniszt\u00e9rium\" \/>\n\t\t<meta name=\"twitter:image\" content=\"https:\/\/allasorias.hu\/hirek\/wp-content\/uploads\/2020\/08\/chart-3976152_960_720.jpg\" \/>\n\t\t<meta name=\"twitter:label1\" content=\"Written by\" \/>\n\t\t<meta name=\"twitter:data1\" content=\"Juh\u00e1sz P\u00e9ter\" \/>\n\t\t<meta name=\"twitter:label2\" content=\"Est. reading time\" \/>\n\t\t<meta name=\"twitter:data2\" content=\"2 minutes\" \/>\n\t\t<script type=\"application\/ld+json\" class=\"aioseo-schema\">\n\t\t\t{\"@context\":\"https:\\\/\\\/schema.org\",\"@graph\":[{\"@type\":\"Article\",\"@id\":\"https:\\\/\\\/allasorias.hu\\\/hirek\\\/jol-vizsgazott-a-kormany-a-gazdasagi-veszelyhelyzetben\\\/#article\",\"name\":\"J\\u00f3l vizsg\\u00e1zott a korm\\u00e1ny a gazdas\\u00e1gi vesz\\u00e9lyhelyzetben | AllasOrias.hu | H\\u00edrek-lapszemle\",\"headline\":\"J\\u00f3l vizsg\\u00e1zott a korm\\u00e1ny a gazdas\\u00e1gi vesz\\u00e9lyhelyzetben\",\"author\":{\"@id\":\"https:\\\/\\\/allasorias.hu\\\/hirek\\\/author\\\/admin-allasorias\\\/#author\"},\"publisher\":{\"@id\":\"https:\\\/\\\/allasorias.hu\\\/hirek\\\/#organization\"},\"image\":{\"@type\":\"ImageObject\",\"url\":\"https:\\\/\\\/allasorias.hu\\\/hirek\\\/wp-content\\\/uploads\\\/2020\\\/08\\\/chart-3976152_960_720.jpg\",\"width\":960,\"height\":639},\"datePublished\":\"2021-08-06T06:37:41+02:00\",\"dateModified\":\"2021-08-06T06:37:41+02:00\",\"inLanguage\":\"hu-HU\",\"mainEntityOfPage\":{\"@id\":\"https:\\\/\\\/allasorias.hu\\\/hirek\\\/jol-vizsgazott-a-kormany-a-gazdasagi-veszelyhelyzetben\\\/#webpage\"},\"isPartOf\":{\"@id\":\"https:\\\/\\\/allasorias.hu\\\/hirek\\\/jol-vizsgazott-a-kormany-a-gazdasagi-veszelyhelyzetben\\\/#webpage\"},\"articleSection\":\"Gazdas\\u00e1g\"},{\"@type\":\"BreadcrumbList\",\"@id\":\"https:\\\/\\\/allasorias.hu\\\/hirek\\\/jol-vizsgazott-a-kormany-a-gazdasagi-veszelyhelyzetben\\\/#breadcrumblist\",\"itemListElement\":[{\"@type\":\"ListItem\",\"@id\":\"https:\\\/\\\/allasorias.hu\\\/hirek#listItem\",\"position\":1,\"name\":\"Home\",\"item\":\"https:\\\/\\\/allasorias.hu\\\/hirek\",\"nextItem\":{\"@type\":\"ListItem\",\"@id\":\"https:\\\/\\\/allasorias.hu\\\/hirek\\\/temak\\\/gazdasag\\\/#listItem\",\"name\":\"Gazdas\\u00e1g\"}},{\"@type\":\"ListItem\",\"@id\":\"https:\\\/\\\/allasorias.hu\\\/hirek\\\/temak\\\/gazdasag\\\/#listItem\",\"position\":2,\"name\":\"Gazdas\\u00e1g\",\"item\":\"https:\\\/\\\/allasorias.hu\\\/hirek\\\/temak\\\/gazdasag\\\/\",\"nextItem\":{\"@type\":\"ListItem\",\"@id\":\"https:\\\/\\\/allasorias.hu\\\/hirek\\\/jol-vizsgazott-a-kormany-a-gazdasagi-veszelyhelyzetben\\\/#listItem\",\"name\":\"J\\u00f3l vizsg\\u00e1zott a korm\\u00e1ny a gazdas\\u00e1gi vesz\\u00e9lyhelyzetben\"},\"previousItem\":{\"@type\":\"ListItem\",\"@id\":\"https:\\\/\\\/allasorias.hu\\\/hirek#listItem\",\"name\":\"Home\"}},{\"@type\":\"ListItem\",\"@id\":\"https:\\\/\\\/allasorias.hu\\\/hirek\\\/jol-vizsgazott-a-kormany-a-gazdasagi-veszelyhelyzetben\\\/#listItem\",\"position\":3,\"name\":\"J\\u00f3l vizsg\\u00e1zott a korm\\u00e1ny a gazdas\\u00e1gi vesz\\u00e9lyhelyzetben\",\"previousItem\":{\"@type\":\"ListItem\",\"@id\":\"https:\\\/\\\/allasorias.hu\\\/hirek\\\/temak\\\/gazdasag\\\/#listItem\",\"name\":\"Gazdas\\u00e1g\"}}]},{\"@type\":\"Organization\",\"@id\":\"https:\\\/\\\/allasorias.hu\\\/hirek\\\/#organization\",\"name\":\"AllasOrias.hu | H\\u00edrek-lapszemle\",\"description\":\"\\u00dczleti h\\u00edrek az \\u00e1ll\\u00e1s \\u00e9s a munka vil\\u00e1g\\u00e1b\\u00f3l\",\"url\":\"https:\\\/\\\/allasorias.hu\\\/hirek\\\/\",\"logo\":{\"@type\":\"ImageObject\",\"url\":\"https:\\\/\\\/allasorias.hu\\\/hirek\\\/wp-content\\\/uploads\\\/2022\\\/10\\\/allasorias_site_facebok_logo.png\",\"@id\":\"https:\\\/\\\/allasorias.hu\\\/hirek\\\/jol-vizsgazott-a-kormany-a-gazdasagi-veszelyhelyzetben\\\/#organizationLogo\"},\"image\":{\"@id\":\"https:\\\/\\\/allasorias.hu\\\/hirek\\\/jol-vizsgazott-a-kormany-a-gazdasagi-veszelyhelyzetben\\\/#organizationLogo\"},\"sameAs\":[\"https:\\\/\\\/www.facebook.com\\\/allasorias\",\"https:\\\/\\\/www.linkedin.com\\\/company\\\/allasorias\"]},{\"@type\":\"Person\",\"@id\":\"https:\\\/\\\/allasorias.hu\\\/hirek\\\/author\\\/admin-allasorias\\\/#author\",\"url\":\"https:\\\/\\\/allasorias.hu\\\/hirek\\\/author\\\/admin-allasorias\\\/\",\"name\":\"Juh\\u00e1sz P\\u00e9ter\",\"image\":{\"@type\":\"ImageObject\",\"@id\":\"https:\\\/\\\/allasorias.hu\\\/hirek\\\/jol-vizsgazott-a-kormany-a-gazdasagi-veszelyhelyzetben\\\/#authorImage\",\"url\":\"https:\\\/\\\/secure.gravatar.com\\\/avatar\\\/36e6bcb83148978b992977cb0f54d22feb0cce8a0a849a9410532bb2623ba4c6?s=96&d=mm&r=g\",\"width\":96,\"height\":96,\"caption\":\"Juh\\u00e1sz P\\u00e9ter\"}},{\"@type\":\"WebPage\",\"@id\":\"https:\\\/\\\/allasorias.hu\\\/hirek\\\/jol-vizsgazott-a-kormany-a-gazdasagi-veszelyhelyzetben\\\/#webpage\",\"url\":\"https:\\\/\\\/allasorias.hu\\\/hirek\\\/jol-vizsgazott-a-kormany-a-gazdasagi-veszelyhelyzetben\\\/\",\"name\":\"J\\u00f3l vizsg\\u00e1zott a korm\\u00e1ny a gazdas\\u00e1gi vesz\\u00e9lyhelyzetben | AllasOrias.hu | H\\u00edrek-lapszemle\",\"description\":\"A foglalkoztatottak magas sz\\u00e1ma mellett, a folyamatosan n\\u00f6vekv\\u0151 b\\u00e9rek adnak stabilit\\u00e1st a gazdas\\u00e1gnak. A korm\\u00e1ny sikeresen kezelte a gazdas\\u00e1gi vesz\\u00e9lyhelyzetet, hiszen m\\u00edg a foglalkoztatottak sz\\u00e1ma el\\u00e9rte a 4,7 milli\\u00f3t, akik k\\u00f6z\\u00fcl 4,5 milli\\u00f3an az els\\u0151dleges munkaer\\u0151piacon helyezkedtek el, a regisztr\\u00e1lt \\u00e1ll\\u00e1skeres\\u0151k sz\\u00e1ma rendk\\u00edv\\u00fcl alacsony szintre, 260 ezerre cs\\u00f6kkent \\u2013 mondta az Innov\\u00e1ci\\u00f3s \\u00e9s Technol\\u00f3giai Miniszt\\u00e9rium\",\"inLanguage\":\"hu-HU\",\"isPartOf\":{\"@id\":\"https:\\\/\\\/allasorias.hu\\\/hirek\\\/#website\"},\"breadcrumb\":{\"@id\":\"https:\\\/\\\/allasorias.hu\\\/hirek\\\/jol-vizsgazott-a-kormany-a-gazdasagi-veszelyhelyzetben\\\/#breadcrumblist\"},\"author\":{\"@id\":\"https:\\\/\\\/allasorias.hu\\\/hirek\\\/author\\\/admin-allasorias\\\/#author\"},\"creator\":{\"@id\":\"https:\\\/\\\/allasorias.hu\\\/hirek\\\/author\\\/admin-allasorias\\\/#author\"},\"image\":{\"@type\":\"ImageObject\",\"url\":\"https:\\\/\\\/allasorias.hu\\\/hirek\\\/wp-content\\\/uploads\\\/2020\\\/08\\\/chart-3976152_960_720.jpg\",\"@id\":\"https:\\\/\\\/allasorias.hu\\\/hirek\\\/jol-vizsgazott-a-kormany-a-gazdasagi-veszelyhelyzetben\\\/#mainImage\",\"width\":960,\"height\":639},\"primaryImageOfPage\":{\"@id\":\"https:\\\/\\\/allasorias.hu\\\/hirek\\\/jol-vizsgazott-a-kormany-a-gazdasagi-veszelyhelyzetben\\\/#mainImage\"},\"datePublished\":\"2021-08-06T06:37:41+02:00\",\"dateModified\":\"2021-08-06T06:37:41+02:00\"},{\"@type\":\"WebSite\",\"@id\":\"https:\\\/\\\/allasorias.hu\\\/hirek\\\/#website\",\"url\":\"https:\\\/\\\/allasorias.hu\\\/hirek\\\/\",\"name\":\"AllasOrias.hu | H\\u00edrek-lapszemle\",\"description\":\"\\u00dczleti h\\u00edrek az \\u00e1ll\\u00e1s \\u00e9s a munka vil\\u00e1g\\u00e1b\\u00f3l\",\"inLanguage\":\"hu-HU\",\"publisher\":{\"@id\":\"https:\\\/\\\/allasorias.hu\\\/hirek\\\/#organization\"}}]}\n\t\t<\/script>\n\t\t<!-- All in One SEO -->\n\n","aioseo_head_json":{"title":"J\u00f3l vizsg\u00e1zott a korm\u00e1ny a gazdas\u00e1gi vesz\u00e9lyhelyzetben | AllasOrias.hu | H\u00edrek-lapszemle","description":"A foglalkoztatottak magas sz\u00e1ma mellett, a folyamatosan n\u00f6vekv\u0151 b\u00e9rek adnak stabilit\u00e1st a gazdas\u00e1gnak. A korm\u00e1ny sikeresen kezelte a gazdas\u00e1gi vesz\u00e9lyhelyzetet, hiszen m\u00edg a foglalkoztatottak sz\u00e1ma el\u00e9rte a 4,7 milli\u00f3t, akik k\u00f6z\u00fcl 4,5 milli\u00f3an az els\u0151dleges munkaer\u0151piacon helyezkedtek el, a regisztr\u00e1lt \u00e1ll\u00e1skeres\u0151k sz\u00e1ma rendk\u00edv\u00fcl alacsony szintre, 260 ezerre cs\u00f6kkent \u2013 mondta az Innov\u00e1ci\u00f3s \u00e9s Technol\u00f3giai Miniszt\u00e9rium","canonical_url":"https:\/\/allasorias.hu\/hirek\/jol-vizsgazott-a-kormany-a-gazdasagi-veszelyhelyzetben\/","robots":"max-image-preview:large","keywords":"","webmasterTools":{"miscellaneous":""},"schema":{"@context":"https:\/\/schema.org","@graph":[{"@type":"Article","@id":"https:\/\/allasorias.hu\/hirek\/jol-vizsgazott-a-kormany-a-gazdasagi-veszelyhelyzetben\/#article","name":"J\u00f3l vizsg\u00e1zott a korm\u00e1ny a gazdas\u00e1gi vesz\u00e9lyhelyzetben | AllasOrias.hu | H\u00edrek-lapszemle","headline":"J\u00f3l vizsg\u00e1zott a korm\u00e1ny a gazdas\u00e1gi vesz\u00e9lyhelyzetben","author":{"@id":"https:\/\/allasorias.hu\/hirek\/author\/admin-allasorias\/#author"},"publisher":{"@id":"https:\/\/allasorias.hu\/hirek\/#organization"},"image":{"@type":"ImageObject","url":"https:\/\/allasorias.hu\/hirek\/wp-content\/uploads\/2020\/08\/chart-3976152_960_720.jpg","width":960,"height":639},"datePublished":"2021-08-06T06:37:41+02:00","dateModified":"2021-08-06T06:37:41+02:00","inLanguage":"hu-HU","mainEntityOfPage":{"@id":"https:\/\/allasorias.hu\/hirek\/jol-vizsgazott-a-kormany-a-gazdasagi-veszelyhelyzetben\/#webpage"},"isPartOf":{"@id":"https:\/\/allasorias.hu\/hirek\/jol-vizsgazott-a-kormany-a-gazdasagi-veszelyhelyzetben\/#webpage"},"articleSection":"Gazdas\u00e1g"},{"@type":"BreadcrumbList","@id":"https:\/\/allasorias.hu\/hirek\/jol-vizsgazott-a-kormany-a-gazdasagi-veszelyhelyzetben\/#breadcrumblist","itemListElement":[{"@type":"ListItem","@id":"https:\/\/allasorias.hu\/hirek#listItem","position":1,"name":"Home","item":"https:\/\/allasorias.hu\/hirek","nextItem":{"@type":"ListItem","@id":"https:\/\/allasorias.hu\/hirek\/temak\/gazdasag\/#listItem","name":"Gazdas\u00e1g"}},{"@type":"ListItem","@id":"https:\/\/allasorias.hu\/hirek\/temak\/gazdasag\/#listItem","position":2,"name":"Gazdas\u00e1g","item":"https:\/\/allasorias.hu\/hirek\/temak\/gazdasag\/","nextItem":{"@type":"ListItem","@id":"https:\/\/allasorias.hu\/hirek\/jol-vizsgazott-a-kormany-a-gazdasagi-veszelyhelyzetben\/#listItem","name":"J\u00f3l vizsg\u00e1zott a korm\u00e1ny a gazdas\u00e1gi vesz\u00e9lyhelyzetben"},"previousItem":{"@type":"ListItem","@id":"https:\/\/allasorias.hu\/hirek#listItem","name":"Home"}},{"@type":"ListItem","@id":"https:\/\/allasorias.hu\/hirek\/jol-vizsgazott-a-kormany-a-gazdasagi-veszelyhelyzetben\/#listItem","position":3,"name":"J\u00f3l vizsg\u00e1zott a korm\u00e1ny a gazdas\u00e1gi vesz\u00e9lyhelyzetben","previousItem":{"@type":"ListItem","@id":"https:\/\/allasorias.hu\/hirek\/temak\/gazdasag\/#listItem","name":"Gazdas\u00e1g"}}]},{"@type":"Organization","@id":"https:\/\/allasorias.hu\/hirek\/#organization","name":"AllasOrias.hu | H\u00edrek-lapszemle","description":"\u00dczleti h\u00edrek az \u00e1ll\u00e1s \u00e9s a munka vil\u00e1g\u00e1b\u00f3l","url":"https:\/\/allasorias.hu\/hirek\/","logo":{"@type":"ImageObject","url":"https:\/\/allasorias.hu\/hirek\/wp-content\/uploads\/2022\/10\/allasorias_site_facebok_logo.png","@id":"https:\/\/allasorias.hu\/hirek\/jol-vizsgazott-a-kormany-a-gazdasagi-veszelyhelyzetben\/#organizationLogo"},"image":{"@id":"https:\/\/allasorias.hu\/hirek\/jol-vizsgazott-a-kormany-a-gazdasagi-veszelyhelyzetben\/#organizationLogo"},"sameAs":["https:\/\/www.facebook.com\/allasorias","https:\/\/www.linkedin.com\/company\/allasorias"]},{"@type":"Person","@id":"https:\/\/allasorias.hu\/hirek\/author\/admin-allasorias\/#author","url":"https:\/\/allasorias.hu\/hirek\/author\/admin-allasorias\/","name":"Juh\u00e1sz P\u00e9ter","image":{"@type":"ImageObject","@id":"https:\/\/allasorias.hu\/hirek\/jol-vizsgazott-a-kormany-a-gazdasagi-veszelyhelyzetben\/#authorImage","url":"https:\/\/secure.gravatar.com\/avatar\/36e6bcb83148978b992977cb0f54d22feb0cce8a0a849a9410532bb2623ba4c6?s=96&d=mm&r=g","width":96,"height":96,"caption":"Juh\u00e1sz P\u00e9ter"}},{"@type":"WebPage","@id":"https:\/\/allasorias.hu\/hirek\/jol-vizsgazott-a-kormany-a-gazdasagi-veszelyhelyzetben\/#webpage","url":"https:\/\/allasorias.hu\/hirek\/jol-vizsgazott-a-kormany-a-gazdasagi-veszelyhelyzetben\/","name":"J\u00f3l vizsg\u00e1zott a korm\u00e1ny a gazdas\u00e1gi vesz\u00e9lyhelyzetben | AllasOrias.hu | H\u00edrek-lapszemle","description":"A foglalkoztatottak magas sz\u00e1ma mellett, a folyamatosan n\u00f6vekv\u0151 b\u00e9rek adnak stabilit\u00e1st a gazdas\u00e1gnak. A korm\u00e1ny sikeresen kezelte a gazdas\u00e1gi vesz\u00e9lyhelyzetet, hiszen m\u00edg a foglalkoztatottak sz\u00e1ma el\u00e9rte a 4,7 milli\u00f3t, akik k\u00f6z\u00fcl 4,5 milli\u00f3an az els\u0151dleges munkaer\u0151piacon helyezkedtek el, a regisztr\u00e1lt \u00e1ll\u00e1skeres\u0151k sz\u00e1ma rendk\u00edv\u00fcl alacsony szintre, 260 ezerre cs\u00f6kkent \u2013 mondta az Innov\u00e1ci\u00f3s \u00e9s Technol\u00f3giai Miniszt\u00e9rium","inLanguage":"hu-HU","isPartOf":{"@id":"https:\/\/allasorias.hu\/hirek\/#website"},"breadcrumb":{"@id":"https:\/\/allasorias.hu\/hirek\/jol-vizsgazott-a-kormany-a-gazdasagi-veszelyhelyzetben\/#breadcrumblist"},"author":{"@id":"https:\/\/allasorias.hu\/hirek\/author\/admin-allasorias\/#author"},"creator":{"@id":"https:\/\/allasorias.hu\/hirek\/author\/admin-allasorias\/#author"},"image":{"@type":"ImageObject","url":"https:\/\/allasorias.hu\/hirek\/wp-content\/uploads\/2020\/08\/chart-3976152_960_720.jpg","@id":"https:\/\/allasorias.hu\/hirek\/jol-vizsgazott-a-kormany-a-gazdasagi-veszelyhelyzetben\/#mainImage","width":960,"height":639},"primaryImageOfPage":{"@id":"https:\/\/allasorias.hu\/hirek\/jol-vizsgazott-a-kormany-a-gazdasagi-veszelyhelyzetben\/#mainImage"},"datePublished":"2021-08-06T06:37:41+02:00","dateModified":"2021-08-06T06:37:41+02:00"},{"@type":"WebSite","@id":"https:\/\/allasorias.hu\/hirek\/#website","url":"https:\/\/allasorias.hu\/hirek\/","name":"AllasOrias.hu | H\u00edrek-lapszemle","description":"\u00dczleti h\u00edrek az \u00e1ll\u00e1s \u00e9s a munka vil\u00e1g\u00e1b\u00f3l","inLanguage":"hu-HU","publisher":{"@id":"https:\/\/allasorias.hu\/hirek\/#organization"}}]},"og:locale":"hu_HU","og:site_name":"AllasOrias.hu | H\u00edrek-lapszemle | \u00dczleti h\u00edrek az \u00e1ll\u00e1s \u00e9s a munka vil\u00e1g\u00e1b\u00f3l","og:type":"article","og:title":"J\u00f3l vizsg\u00e1zott a korm\u00e1ny a gazdas\u00e1gi vesz\u00e9lyhelyzetben | AllasOrias.hu | H\u00edrek-lapszemle","og:description":"A foglalkoztatottak magas sz\u00e1ma mellett, a folyamatosan n\u00f6vekv\u0151 b\u00e9rek adnak stabilit\u00e1st a gazdas\u00e1gnak. A korm\u00e1ny sikeresen kezelte a gazdas\u00e1gi vesz\u00e9lyhelyzetet, hiszen m\u00edg a foglalkoztatottak sz\u00e1ma el\u00e9rte a 4,7 milli\u00f3t, akik k\u00f6z\u00fcl 4,5 milli\u00f3an az els\u0151dleges munkaer\u0151piacon helyezkedtek el, a regisztr\u00e1lt \u00e1ll\u00e1skeres\u0151k sz\u00e1ma rendk\u00edv\u00fcl alacsony szintre, 260 ezerre cs\u00f6kkent \u2013 mondta az Innov\u00e1ci\u00f3s \u00e9s Technol\u00f3giai Miniszt\u00e9rium","og:url":"https:\/\/allasorias.hu\/hirek\/jol-vizsgazott-a-kormany-a-gazdasagi-veszelyhelyzetben\/","og:image":"https:\/\/allasorias.hu\/hirek\/wp-content\/uploads\/2020\/08\/chart-3976152_960_720.jpg","og:image:secure_url":"https:\/\/allasorias.hu\/hirek\/wp-content\/uploads\/2020\/08\/chart-3976152_960_720.jpg","og:image:width":960,"og:image:height":639,"article:published_time":"2021-08-06T06:37:41+00:00","article:modified_time":"2021-08-06T06:37:41+00:00","article:publisher":"https:\/\/www.facebook.com\/allasorias","twitter:card":"summary_large_image","twitter:title":"J\u00f3l vizsg\u00e1zott a korm\u00e1ny a gazdas\u00e1gi vesz\u00e9lyhelyzetben | AllasOrias.hu | H\u00edrek-lapszemle","twitter:description":"A foglalkoztatottak magas sz\u00e1ma mellett, a folyamatosan n\u00f6vekv\u0151 b\u00e9rek adnak stabilit\u00e1st a gazdas\u00e1gnak. A korm\u00e1ny sikeresen kezelte a gazdas\u00e1gi vesz\u00e9lyhelyzetet, hiszen m\u00edg a foglalkoztatottak sz\u00e1ma el\u00e9rte a 4,7 milli\u00f3t, akik k\u00f6z\u00fcl 4,5 milli\u00f3an az els\u0151dleges munkaer\u0151piacon helyezkedtek el, a regisztr\u00e1lt \u00e1ll\u00e1skeres\u0151k sz\u00e1ma rendk\u00edv\u00fcl alacsony szintre, 260 ezerre cs\u00f6kkent \u2013 mondta az Innov\u00e1ci\u00f3s \u00e9s Technol\u00f3giai Miniszt\u00e9rium","twitter:image":"https:\/\/allasorias.hu\/hirek\/wp-content\/uploads\/2020\/08\/chart-3976152_960_720.jpg","twitter:label1":"Written by","twitter:data1":"Juh\u00e1sz P\u00e9ter","twitter:label2":"Est. reading time","twitter:data2":"2 minutes"},"aioseo_meta_data":{"post_id":"4966","title":null,"description":null,"keywords":[],"keyphrases":{"focus":[],"additional":[]},"primary_term":null,"canonical_url":null,"og_title":null,"og_description":null,"og_object_type":"default","og_image_type":"default","og_image_url":null,"og_image_width":null,"og_image_height":null,"og_image_custom_url":null,"og_image_custom_fields":null,"og_video":"","og_custom_url":null,"og_article_section":null,"og_article_tags":[],"twitter_use_og":false,"twitter_card":"default","twitter_image_type":"default","twitter_image_url":null,"twitter_image_custom_url":null,"twitter_image_custom_fields":null,"twitter_title":null,"twitter_description":null,"schema":{"blockGraphs":[],"customGraphs":[],"default":{"data":{"Article":[],"Course":[],"Dataset":[],"FAQPage":[],"Movie":[],"Person":[],"Product":[],"ProductReview":[],"Car":[],"Recipe":[],"Service":[],"SoftwareApplication":[],"WebPage":[]},"graphName":"","isEnabled":true},"graphs":[],"defaultGraph":"Article","defaultPostTypeGraph":""},"schema_type":"default","schema_type_options":"{\"article\":{\"articleType\":\"BlogPosting\"},\"course\":{\"name\":\"\",\"description\":\"\",\"provider\":\"\"},\"faq\":{\"pages\":[]},\"product\":{\"reviews\":[]},\"recipe\":{\"ingredients\":[],\"instructions\":[],\"keywords\":[]},\"software\":{\"reviews\":[],\"operatingSystems\":[]},\"webPage\":{\"webPageType\":\"WebPage\"}}","pillar_content":false,"robots_default":true,"robots_noindex":false,"robots_noarchive":false,"robots_nosnippet":false,"robots_nofollow":false,"robots_noimageindex":false,"robots_noodp":false,"robots_notranslate":false,"robots_max_snippet":"-1","robots_max_videopreview":"-1","robots_max_imagepreview":"large","priority":null,"frequency":"default","location":null,"local_seo":{"locations":{"business":{"name":"","businessType":"","image":"","areaServed":"","urls":{"website":"","aboutPage":"","contactPage":""},"address":{"streetLine1":"","streetLine2":"","zipCode":"","city":"","state":"","country":"","addressFormat":"#streetLineOne\n#streetLineTwo\n#city, #state #zipCode"},"contact":{"phone":"","email":"","fax":""},"ids":{"vat":"","tax":"","chamberOfCommerce":""},"payment":{"priceRange":"","currenciesAccepted":"","methods":""}}},"openingHours":{"useDefaults":true,"show":true,"alwaysOpen":false,"use24hFormat":false,"timezone":"","labels":{"closed":"","alwaysOpen":""},"days":{"monday":{"open24h":false,"closed":false,"openTime":"09:00","closeTime":"17:00"},"tuesday":{"open24h":false,"closed":false,"openTime":"09:00","closeTime":"17:00"},"wednesday":{"open24h":false,"closed":false,"openTime":"09:00","closeTime":"17:00"},"thursday":{"open24h":false,"closed":false,"openTime":"09:00","closeTime":"17:00"},"friday":{"open24h":false,"closed":false,"openTime":"09:00","closeTime":"17:00"},"saturday":{"open24h":false,"closed":false,"openTime":"09:00","closeTime":"17:00"},"sunday":{"open24h":false,"closed":false,"openTime":"09:00","closeTime":"17:00"}}}},"breadcrumb_settings":null,"limit_modified_date":false,"ai":null,"created":"2021-08-06 06:34:54","updated":"2025-10-02 16:02:18","seo_analyzer_scan_date":null,"focus_keyword":null,"additional_keywords":null,"truseo_locale":null},"aioseo_breadcrumb":"<div class=\"aioseo-breadcrumbs\"><span class=\"aioseo-breadcrumb\">\n\t\t\t<a href=\"https:\/\/allasorias.hu\/hirek\" title=\"Home\">Home<\/a>\n\t\t<\/span><span class=\"aioseo-breadcrumb-separator\">&raquo;<\/span><span class=\"aioseo-breadcrumb\">\n\t\t\t<a href=\"https:\/\/allasorias.hu\/hirek\/temak\/gazdasag\/\" title=\"Gazdas\u00e1g\">Gazdas\u00e1g<\/a>\n\t\t<\/span><span class=\"aioseo-breadcrumb-separator\">&raquo;<\/span><span class=\"aioseo-breadcrumb\">\n\t\t\tJ\u00f3l vizsg\u00e1zott a korm\u00e1ny a gazdas\u00e1gi vesz\u00e9lyhelyzetben\n\t\t<\/span><\/div>","aioseo_breadcrumb_json":[{"label":"Home","link":"https:\/\/allasorias.hu\/hirek"},{"label":"Gazdas\u00e1g","link":"https:\/\/allasorias.hu\/hirek\/temak\/gazdasag\/"},{"label":"J\u00f3l vizsg\u00e1zott a korm\u00e1ny a gazdas\u00e1gi vesz\u00e9lyhelyzetben","link":"https:\/\/allasorias.hu\/hirek\/jol-vizsgazott-a-kormany-a-gazdasagi-veszelyhelyzetben\/"}],"_links":{"self":[{"href":"https:\/\/allasorias.hu\/hirek\/wp-json\/wp\/v2\/posts\/4966","targetHints":{"allow":["GET"]}}],"collection":[{"href":"https:\/\/allasorias.hu\/hirek\/wp-json\/wp\/v2\/posts"}],"about":[{"href":"https:\/\/allasorias.hu\/hirek\/wp-json\/wp\/v2\/types\/post"}],"author":[{"embeddable":true,"href":"https:\/\/allasorias.hu\/hirek\/wp-json\/wp\/v2\/users\/1"}],"replies":[{"embeddable":true,"href":"https:\/\/allasorias.hu\/hirek\/wp-json\/wp\/v2\/comments?post=4966"}],"version-history":[{"count":1,"href":"https:\/\/allasorias.hu\/hirek\/wp-json\/wp\/v2\/posts\/4966\/revisions"}],"predecessor-version":[{"id":4967,"href":"https:\/\/allasorias.hu\/hirek\/wp-json\/wp\/v2\/posts\/4966\/revisions\/4967"}],"wp:featuredmedia":[{"embeddable":true,"href":"https:\/\/allasorias.hu\/hirek\/wp-json\/wp\/v2\/media\/4206"}],"wp:attachment":[{"href":"https:\/\/allasorias.hu\/hirek\/wp-json\/wp\/v2\/media?parent=4966"}],"wp:term":[{"taxonomy":"category","embeddable":true,"href":"https:\/\/allasorias.hu\/hirek\/wp-json\/wp\/v2\/categories?post=4966"},{"taxonomy":"post_tag","embeddable":true,"href":"https:\/\/allasorias.hu\/hirek\/wp-json\/wp\/v2\/tags?post=4966"}],"curies":[{"name":"wp","href":"https:\/\/api.w.org\/{rel}","templated":true}]}}